{"id":28794,"date":"2018-09-12T09:00:20","date_gmt":"2018-09-12T07:00:20","guid":{"rendered":"http:\/\/visionarymarketing.fr\/blog\/?p=28794"},"modified":"2021-10-15T14:59:43","modified_gmt":"2021-10-15T12:59:43","slug":"fil-d-actualites-facebook","status":"publish","type":"post","link":"https:\/\/visionarymarketing.com\/fr\/2018\/09\/12\/fil-d-actualites-facebook\/","title":{"rendered":"Le fil d&rsquo;actualit\u00e9s Facebook appartient-il aux annonceurs ou aux utilisateurs ?"},"content":{"rendered":"<p><span class=\"notranslate\" style=\"font-style: italic;\">\u00c0 qui est destin\u00e9 le\u00a0<strong>fil d&rsquo;actualit\u00e9s Facebook<\/strong> ?<\/span> <span class=\"notranslate\" style=\"font-style: italic;\">Est-ce pour les utilisateurs ou les annonceurs?<\/span><i>\u00a0La question n&rsquo;est pas inutile, m\u00eame si la r\u00e9ponse peut varier grandement selon la personne \u00e0 qui on la pose<\/i><span class=\"notranslate\" style=\"font-style: italic;\">.<\/span> <span class=\"notranslate\" style=\"font-style: italic;\">Maintenant, ouvrez l&rsquo;application Facebook.<\/span> <span class=\"notranslate\" style=\"font-style: italic;\">Quels sont les cinq premiers messages que vous voyez ?<\/span> <span class=\"notranslate\"><i>Une photo du nouveau chien de votre ami, un article de Buzzfeed \u00ab\u00a0lik\u00e9\u00a0\u00bb par votre ami, une vid\u00e9o virale, un post sugg\u00e9r\u00e9 pour promouvoir une marque, une application \u00ab\u00a0mise en avant\u00a0\u00bb, selon l&rsquo;expression consacr\u00e9e. <\/i><\/span><\/p>\n<p><span class=\"notranslate\"><i>Alors que l<\/i><\/span><span class=\"notranslate\" style=\"font-style: italic;\">&lsquo;utilisation du fil d&rsquo;actualit\u00e9s Facebook comme plateforme publicitaire pour les sp\u00e9cialistes du marketing continue \u00e0 se d\u00e9velopper \u00e0 un rythme rapide, les utilisateurs ne peuvent \u00e9chapper aux annonces payantes qui les envahissent. Or, l<\/span><span class=\"notranslate\" style=\"font-style: italic;\">es utilisateurs de Facebook ont \u200b\u200btendance \u00e0 exprimer des r\u00e9ticences vis \u00e0 vis de la quantit\u00e9 de ces annonces et <\/span><strong><span class=\"notranslate\" style=\"font-style: italic;\">Facebook doit g\u00e9rer une contradiction, \u00e0 savoir offrir<\/span><span class=\"notranslate\" style=\"font-style: italic;\">\u00a0une exp\u00e9rience utilisateur agr\u00e9able tout en continuant de mon\u00e9tiser.<\/span><\/strong> <span class=\"notranslate\" style=\"font-style: italic;\">Facebook, comme la plupart des services gratuits, a besoin de ces publicit\u00e9s pour r\u00e9ussir et il <\/span><span class=\"notranslate\" style=\"font-style: italic;\">s&rsquo;agit de trouver le bon \u00e9quilibre entre les informations personnelles et promotionnelles.<\/span><\/p>\n<p>&nbsp;<\/p>\n<p><a href=\"Facebook \"><img decoding=\"async\" class=\"aligncenter wp-image-28941 size-full\" src=\"https:\/\/visionarymarketing.com\/wp-content\/uploads\/2018\/09\/new-piktochart_26667298-e1536083767394.png\" alt=\"Facebook\" width=\"650\" height=\"609\" srcset=\"https:\/\/visionarymarketing.com\/wp-content\/uploads\/2018\/09\/new-piktochart_26667298-e1536083767394.png 650w, https:\/\/visionarymarketing.com\/wp-content\/uploads\/2018\/09\/new-piktochart_26667298-e1536083767394-320x300.png 320w\" sizes=\"(max-width: 650px) 100vw, 650px\" \/><\/a><\/p>\n<p>&nbsp;<\/p>\n<h2><span class=\"notranslate\">Facebook News Feed Ads: Un grand succ\u00e8s?<\/span><\/h2>\n<p><span class=\"notranslate\">Il faut regarder les r\u00e9cents rapports pour comprendre l&rsquo;importance de Facebook en tant que plateforme publicitaire.<\/span> \u00a0 <span class=\"notranslate\"><a href=\"https:\/\/translate.google.com\/translate?hl=en&amp;prev=_t&amp;sl=auto&amp;tl=fr&amp;u=https:\/\/www.socialmediaexaminer.com\/report\/\">Aujourd&rsquo;hui, Facebook est le r\u00e9seau de m\u00e9dias sociaux pr\u00e9f\u00e9r\u00e9 pour 62% des commer\u00e7ants.<\/a><\/span> <span class=\"notranslate\"><a href=\"https:\/\/translate.google.com\/translate?hl=en&amp;prev=_t&amp;sl=auto&amp;tl=fr&amp;u=https:\/\/www.socialmediaexaminer.com\/report\/\">Cette statistique a augment\u00e9 de sept pour cent de 2016-2017<\/a> , ce qui signifie que plus d&rsquo;entreprises font de la publicit\u00e9 sur Facebook en 2017.<\/span><\/p>\n<p><span class=\"notranslate\">En fait,<\/span>\u00a0<span class=\"notranslate\"><a href=\"https:\/\/translate.google.com\/translate?hl=en&amp;prev=_t&amp;sl=auto&amp;tl=fr&amp;u=https:\/\/www.socialmediaexaminer.com\/report\/\">environ cinq millions d&rsquo;entreprises utilisent actuellement Facebook pour faire de la publicit\u00e9.<\/a><\/span> <span class=\"notranslate\">Sur la base de ces statistiques, il n&rsquo;est pas surprenant que<\/span> \u00a0<span class=\"notranslate\"><a href=\"https:\/\/translate.google.com\/translate?hl=en&amp;prev=_t&amp;sl=auto&amp;tl=fr&amp;u=https:\/\/www.cnbc.com\/2017\/05\/03\/facebook-earnings-q1-2017.html\">Les recettes publicitaires de Facebook aient \u200b\u200baugment\u00e9 de 51% entre 2016 et 2017 pour atteindre 7,86 milliards de dollars<\/a> .<\/span> <span class=\"notranslate\">Selon Forbes, une augmentation de l&rsquo;engagement des utilisateurs et des prix de la publicit\u00e9 est le moteur de cette croissance, et elle ne s&rsquo;effondrera pas de sit\u00f4t.<\/span> <span class=\"notranslate\">Le succ\u00e8s de l&rsquo;entreprise en mati\u00e8re de publicit\u00e9s inqui\u00e8te les utilisateurs qui sont d\u00e9j\u00e0 agac\u00e9s pas les annonces diffus\u00e9es sur leur fil d&rsquo;actualit\u00e9: <strong>un succ\u00e8s accru signifie-t-il une augmentation des publicit\u00e9s?<\/strong><\/span><\/p>\n<p><span class=\"notranslate\">Les captures d&rsquo;\u00e9cran ci-dessous sont quelques-unes des nombreuses plaintes provenant du centre d&rsquo;aide de Facebook concernant les publicit\u00e9s.<\/span> <span class=\"notranslate\">Facebook a \u00e9t\u00e9 cr\u00e9\u00e9 comme un moyen de rester connect\u00e9 avec les amis et la famille, mais les utilisateurs expriment que cette exp\u00e9rience est perturb\u00e9e par les publicit\u00e9s.<\/span> <span class=\"notranslate\">Certains pr\u00e9tendent m\u00eame qu&rsquo;ils pr\u00e9voient de limiter leur activit\u00e9 sur Facebook car les publicit\u00e9s sont si g\u00eanantes.<\/span><!--more--><\/p>\n<p><img decoding=\"async\" class=\"size-medium wp-image-28936 aligncenter\" src=\"https:\/\/visionarymarketing.com\/wp-content\/uploads\/2018\/09\/FB1-500x187.png\" alt=\"capture d'\u00e9cran facebook\" width=\"500\" height=\"187\" srcset=\"https:\/\/visionarymarketing.com\/wp-content\/uploads\/2018\/09\/FB1-500x187.png 500w, https:\/\/visionarymarketing.com\/wp-content\/uploads\/2018\/09\/FB1.png 670w\" sizes=\"(max-width: 500px) 100vw, 500px\" \/><\/p>\n<p><img decoding=\"async\" class=\"size-medium wp-image-28935 aligncenter\" src=\"https:\/\/visionarymarketing.com\/wp-content\/uploads\/2018\/09\/FB2-404x300.png\" alt=\"Facebook capture d'\u00e9cran\" width=\"404\" height=\"300\" srcset=\"https:\/\/visionarymarketing.com\/wp-content\/uploads\/2018\/09\/FB2-404x300.png 404w, https:\/\/visionarymarketing.com\/wp-content\/uploads\/2018\/09\/FB2.png 674w\" sizes=\"(max-width: 404px) 100vw, 404px\" \/><\/p>\n<p><img decoding=\"async\" class=\"size-medium wp-image-28934 aligncenter\" src=\"https:\/\/visionarymarketing.com\/wp-content\/uploads\/2018\/09\/FB3-500x106.png\" alt=\"Facebook capture d'\u00e9cran\" width=\"500\" height=\"106\" srcset=\"https:\/\/visionarymarketing.com\/wp-content\/uploads\/2018\/09\/FB3-500x106.png 500w, https:\/\/visionarymarketing.com\/wp-content\/uploads\/2018\/09\/FB3.png 747w\" sizes=\"(max-width: 500px) 100vw, 500px\" \/><\/p>\n<p><img decoding=\"async\" class=\"size-medium wp-image-28933 aligncenter\" src=\"https:\/\/visionarymarketing.com\/wp-content\/uploads\/2018\/09\/FB4-500x145.png\" alt=\"Facebook capture d'\u00e9cran\" width=\"500\" height=\"145\" srcset=\"https:\/\/visionarymarketing.com\/wp-content\/uploads\/2018\/09\/FB4-500x145.png 500w, https:\/\/visionarymarketing.com\/wp-content\/uploads\/2018\/09\/FB4-768x223.png 768w, https:\/\/visionarymarketing.com\/wp-content\/uploads\/2018\/09\/FB4.png 801w\" sizes=\"(max-width: 500px) 100vw, 500px\" \/><\/p>\n<h3><span class=\"notranslate\">Faire un changement au fil d&rsquo;actualit\u00e9s Facebook<\/span><\/h3>\n<p><span class=\"notranslate\">En 2016, Facebook a mis en place un nouveau plan dans le but de d\u00e9congestionner les fils d&rsquo;actualit\u00e9 des utilisateurs.<\/span> <span class=\"notranslate\">La soci\u00e9t\u00e9 a r\u00e9duit la port\u00e9e organique produite par les marques en utilisant les actions et les go\u00fbts des amis d&rsquo;un utilisateur pour d\u00e9terminer quelles publicit\u00e9s montrer.<\/span><\/p>\n<p><span class=\"notranslate\">Une entreprise peut payer pour promouvoir son message aupr\u00e8s des \u00abpersonnes qui aiment votre page et ses amis\u00bb ou \u00abdes personnes que vous choisissez en ciblant\u00bb.<\/span> <strong><span class=\"notranslate\">Cette derni\u00e8re option signifie qu&rsquo;une publicit\u00e9 peut appara\u00eetre sur votre flux si vous tombez sous l&#8217;emplacement, l&rsquo;\u00e2ge, la cible ou l&rsquo;int\u00e9r\u00eat cible.<\/span><\/strong> <span class=\"notranslate\">Cette fonctionnalit\u00e9 permet aux sp\u00e9cialistes du marketing de vous joindre plus facilement, ce qui peut contribuer aux annonces inutiles sur votre flux.<\/span> <span class=\"notranslate\">Le plan a aid\u00e9 \u00e0 rendre les publicit\u00e9s plus pertinentes pour l&rsquo;utilisateur, mais il n&rsquo;a pas encore r\u00e9solu les principales pr\u00e9occupations des utilisateurs.<\/span><\/p>\n<h3><span class=\"notranslate\">Pr\u00e9sentation du flux d&rsquo;actualit\u00e9s Explore<\/span><\/h3>\n<p><img decoding=\"async\" class=\"aligncenter wp-image-28942 size-full\" src=\"https:\/\/visionarymarketing.com\/wp-content\/uploads\/2018\/09\/mobilescsexplore-e1536083897799.png\" alt=\"Facebook a introduit le &quot;Explore Feed&quot;\" width=\"651\" height=\"488\" srcset=\"https:\/\/visionarymarketing.com\/wp-content\/uploads\/2018\/09\/mobilescsexplore-e1536083897799.png 651w, https:\/\/visionarymarketing.com\/wp-content\/uploads\/2018\/09\/mobilescsexplore-e1536083897799-400x300.png 400w\" sizes=\"(max-width: 651px) 100vw, 651px\" \/><\/p>\n<p><span class=\"notranslate\">En 2017, Facebook poursuit ses efforts pour plaire autant aux utilisateurs qu&rsquo;aux annonceurs en exp\u00e9rimentant la fonctionnalit\u00e9 \u00abexplorer\u00bb.<\/span> <span class=\"notranslate\"><span class=\"removed_link\" title=\"https:\/\/www.linkedin.com\/in\/mosseri\/\">Adam Mosseri<\/span>, responsable du fil d&rsquo;actualit\u00e9 Facebook annonc\u00e9,<\/span> \u00a0 <span class=\"notranslate\">\u00abNous sommes toujours \u00e0 l&rsquo;\u00e9coute de notre communaut\u00e9 pour savoir comment nous pourrions am\u00e9liorer le fil d&rsquo;actualit\u00e9: les gens nous disent qu&rsquo;ils veulent un moyen plus simple de voir les messages de leurs amis et de leur famille. un autre espace s\u00e9par\u00e9, appel\u00e9 Explore, avec des messages de pages. \u00ab\u00a0<\/span><\/p>\n<p><span class=\"notranslate\">Explore est un flux personnalis\u00e9, sans publicit\u00e9, con\u00e7u pour permettre aux utilisateurs d&rsquo;explorer du contenu nouveau et pertinent.<\/span> <span class=\"notranslate\">Mosseri a partag\u00e9 que le but de l&rsquo;exp\u00e9rience est de d\u00e9terminer si les gens pr\u00e9f\u00e8rent que le contenu public soit s\u00e9par\u00e9 du contenu personnel.<\/span><strong> <span class=\"notranslate\">La fonctionnalit\u00e9 d&rsquo;exploration pourrait \u00eatre b\u00e9n\u00e9fique pour Facebook car elle encouragera les utilisateurs int\u00e9ress\u00e9s \u00e0 faire d\u00e9filer certains contenus plus longtemps.<\/span><\/strong> <span class=\"notranslate\">Facebook gagnera plus de revenus gr\u00e2ce aux publicit\u00e9s en raison de cet engagement accru des utilisateurs.<\/span> <span class=\"notranslate\">Le succ\u00e8s de la page d&rsquo;exploration pourrait rapprocher Facebook d&rsquo;un compromis entre les utilisateurs et les sp\u00e9cialistes du marketing.<\/span><\/p>\n<p><span class=\"notranslate\">La soci\u00e9t\u00e9 a \u00e9galement exp\u00e9riment\u00e9 un fil d&rsquo;actualit\u00e9 qui ne comportait aucune promotion organique dans certains pays (Sri Lanka, Slovaquie, Serbie, Bolivie, Cambodge, Guatemala).<\/span> <span class=\"notranslate\">Le fil d&rsquo;actualit\u00e9s n&rsquo;affiche que les messages d&rsquo;amis et les posts sponsoris\u00e9s.\u00a0<\/span><span class=\"notranslate\">Bien que ce changement puisse sans aucun doute plaire \u00e0 un grand nombre d&rsquo;utilisateurs quotidiens, il a durement touch\u00e9 les \u00e9diteurs qui utilisent Facebook pour partager leur travail parce que leur \u00abport\u00e9e organique\u00bb a chut\u00e9.<\/span> <span class=\"notranslate\">La soci\u00e9t\u00e9 a publi\u00e9 un post affirmant que ce fil d&rsquo;actualit\u00e9 exp\u00e9rimental ne serait pas permanent.<\/span> <span class=\"notranslate\">Les tests r\u00e9cents de Facebook soul\u00e8vent des questions sur la direction qu&rsquo;ils prennent.<\/span> <span class=\"notranslate\">Son \u00e9quipe va-t-elle trouver un moyen de r\u00e9pondre aux besoins des utilisateurs de flux de nouvelles et des annonceurs ?<\/span><\/p>\n","protected":false},"excerpt":{"rendered":"<p>\u00c0 qui est destin\u00e9 le\u00a0fil d&rsquo;actualit\u00e9s Facebook ? Est-ce pour les utilisateurs ou les annonceurs?\u00a0La question n&rsquo;est pas inutile, m\u00eame si la r\u00e9ponse peut varier grandement selon la personne \u00e0 qui on la pose. Maintenant, ouvrez l&rsquo;application Facebook. Quels sont les cinq premiers messages que vous voyez ? Une photo du nouveau chien de votre &hellip;<\/p>\n","protected":false},"author":2,"featured_media":34070,"comment_status":"open","ping_status":"open","sticky":false,"template":"","format":"standard","meta":{"footnotes":""},"categories":[1613],"tags":[],"class_list":["post-28794","post","type-post","status-publish","format-standard","has-post-thumbnail","hentry","category-marketing-digital-marketing"],"yoast_head":"<!-- This site is optimized with the Yoast SEO plugin v27.5 - https:\/\/yoast.com\/product\/yoast-seo-wordpress\/ -->\n<title>Le fil d&#039;actualit\u00e9s Facebook appartient-il aux annonceurs ou aux utilisateurs ?<\/title>\n<meta name=\"description\" content=\"Pour qui est le fil d&#039;actualit\u00e9s Facebook ? Est-ce pour les utilisateurs ou les annonceurs? la question n&#039;est pas inutile\" \/>\n<meta name=\"robots\" content=\"index, follow, max-snippet:-1, max-image-preview:large, max-video-preview:-1\" \/>\n<link rel=\"canonical\" href=\"https:\/\/visionarymarketing.com\/fr\/2018\/09\/12\/fil-d-actualites-facebook\/\" \/>\n<meta property=\"og:locale\" content=\"fr_FR\" \/>\n<meta property=\"og:type\" content=\"article\" \/>\n<meta property=\"og:title\" content=\"Le fil d&#039;actualit\u00e9s Facebook appartient-il aux annonceurs ou aux utilisateurs ?\" \/>\n<meta property=\"og:description\" content=\"Pour qui est le fil d&#039;actualit\u00e9s Facebook ? Est-ce pour les utilisateurs ou les annonceurs? la question n&#039;est pas inutile\" \/>\n<meta property=\"og:url\" content=\"https:\/\/visionarymarketing.com\/fr\/2018\/09\/12\/fil-d-actualites-facebook\/\" \/>\n<meta property=\"og:site_name\" content=\"Marketing and Innovation\" \/>\n<meta property=\"article:publisher\" content=\"https:\/\/www.facebook.com\/vismktg\" \/>\n<meta property=\"article:author\" content=\"http:\/\/facebook.com\/ygourven\" \/>\n<meta property=\"article:published_time\" content=\"2018-09-12T07:00:20+00:00\" \/>\n<meta property=\"article:modified_time\" content=\"2021-10-15T12:59:43+00:00\" \/>\n<meta property=\"og:image\" content=\"https:\/\/visionarymarketing.com\/wp-content\/uploads\/2019\/11\/default-image-blog-Visionary-Marketing-e1600435653473.jpg\" \/>\n\t<meta property=\"og:image:width\" content=\"519\" \/>\n\t<meta property=\"og:image:height\" content=\"340\" \/>\n\t<meta property=\"og:image:type\" content=\"image\/jpeg\" \/>\n<meta name=\"author\" content=\"Yann Gourvennec\" \/>\n<meta name=\"twitter:card\" content=\"summary_large_image\" \/>\n<meta name=\"twitter:creator\" content=\"@ygourven\" \/>\n<meta name=\"twitter:site\" content=\"@ygourven\" \/>\n<meta name=\"twitter:label1\" content=\"\u00c9crit par\" \/>\n\t<meta name=\"twitter:data1\" content=\"Yann Gourvennec\" \/>\n\t<meta name=\"twitter:label2\" content=\"Dur\u00e9e de lecture estim\u00e9e\" \/>\n\t<meta name=\"twitter:data2\" content=\"5 minutes\" \/>\n<script type=\"application\/ld+json\" class=\"yoast-schema-graph\">{\"@context\":\"https:\\\/\\\/schema.org\",\"@graph\":[{\"@type\":\"NewsArticle\",\"@id\":\"https:\\\/\\\/visionarymarketing.com\\\/fr\\\/2018\\\/09\\\/12\\\/fil-d-actualites-facebook\\\/#article\",\"isPartOf\":{\"@id\":\"https:\\\/\\\/visionarymarketing.com\\\/fr\\\/2018\\\/09\\\/12\\\/fil-d-actualites-facebook\\\/\"},\"author\":{\"name\":\"Yann Gourvennec\",\"@id\":\"https:\\\/\\\/visionarymarketing.com\\\/fr\\\/#\\\/schema\\\/person\\\/3754fee1e558f47b8deb46f53c37423e\"},\"headline\":\"Le fil d&rsquo;actualit\u00e9s Facebook appartient-il aux annonceurs ou aux utilisateurs ?\",\"datePublished\":\"2018-09-12T07:00:20+00:00\",\"dateModified\":\"2021-10-15T12:59:43+00:00\",\"mainEntityOfPage\":{\"@id\":\"https:\\\/\\\/visionarymarketing.com\\\/fr\\\/2018\\\/09\\\/12\\\/fil-d-actualites-facebook\\\/\"},\"wordCount\":982,\"commentCount\":0,\"image\":{\"@id\":\"https:\\\/\\\/visionarymarketing.com\\\/fr\\\/2018\\\/09\\\/12\\\/fil-d-actualites-facebook\\\/#primaryimage\"},\"thumbnailUrl\":\"https:\\\/\\\/visionarymarketing.com\\\/wp-content\\\/uploads\\\/2019\\\/11\\\/default-image-blog-Visionary-Marketing-e1600435653473.jpg\",\"articleSection\":[\"marketing digital\"],\"inLanguage\":\"fr-FR\",\"potentialAction\":[{\"@type\":\"CommentAction\",\"name\":\"Comment\",\"target\":[\"https:\\\/\\\/visionarymarketing.com\\\/fr\\\/2018\\\/09\\\/12\\\/fil-d-actualites-facebook\\\/#respond\"]}]},{\"@type\":\"WebPage\",\"@id\":\"https:\\\/\\\/visionarymarketing.com\\\/fr\\\/2018\\\/09\\\/12\\\/fil-d-actualites-facebook\\\/\",\"url\":\"https:\\\/\\\/visionarymarketing.com\\\/fr\\\/2018\\\/09\\\/12\\\/fil-d-actualites-facebook\\\/\",\"name\":\"Le fil d'actualit\u00e9s Facebook appartient-il aux annonceurs ou aux utilisateurs ?\",\"isPartOf\":{\"@id\":\"https:\\\/\\\/visionarymarketing.com\\\/fr\\\/#website\"},\"primaryImageOfPage\":{\"@id\":\"https:\\\/\\\/visionarymarketing.com\\\/fr\\\/2018\\\/09\\\/12\\\/fil-d-actualites-facebook\\\/#primaryimage\"},\"image\":{\"@id\":\"https:\\\/\\\/visionarymarketing.com\\\/fr\\\/2018\\\/09\\\/12\\\/fil-d-actualites-facebook\\\/#primaryimage\"},\"thumbnailUrl\":\"https:\\\/\\\/visionarymarketing.com\\\/wp-content\\\/uploads\\\/2019\\\/11\\\/default-image-blog-Visionary-Marketing-e1600435653473.jpg\",\"datePublished\":\"2018-09-12T07:00:20+00:00\",\"dateModified\":\"2021-10-15T12:59:43+00:00\",\"author\":{\"@id\":\"https:\\\/\\\/visionarymarketing.com\\\/fr\\\/#\\\/schema\\\/person\\\/3754fee1e558f47b8deb46f53c37423e\"},\"description\":\"Pour qui est le fil d'actualit\u00e9s Facebook ? Est-ce pour les utilisateurs ou les annonceurs? la question n'est pas inutile\",\"breadcrumb\":{\"@id\":\"https:\\\/\\\/visionarymarketing.com\\\/fr\\\/2018\\\/09\\\/12\\\/fil-d-actualites-facebook\\\/#breadcrumb\"},\"inLanguage\":\"fr-FR\",\"potentialAction\":[{\"@type\":\"ReadAction\",\"target\":[\"https:\\\/\\\/visionarymarketing.com\\\/fr\\\/2018\\\/09\\\/12\\\/fil-d-actualites-facebook\\\/\"]}]},{\"@type\":\"ImageObject\",\"inLanguage\":\"fr-FR\",\"@id\":\"https:\\\/\\\/visionarymarketing.com\\\/fr\\\/2018\\\/09\\\/12\\\/fil-d-actualites-facebook\\\/#primaryimage\",\"url\":\"https:\\\/\\\/visionarymarketing.com\\\/wp-content\\\/uploads\\\/2019\\\/11\\\/default-image-blog-Visionary-Marketing-e1600435653473.jpg\",\"contentUrl\":\"https:\\\/\\\/visionarymarketing.com\\\/wp-content\\\/uploads\\\/2019\\\/11\\\/default-image-blog-Visionary-Marketing-e1600435653473.jpg\",\"width\":519,\"height\":340,\"caption\":\"Heliothrope - visionary marketing \u00a9 2015\"},{\"@type\":\"BreadcrumbList\",\"@id\":\"https:\\\/\\\/visionarymarketing.com\\\/fr\\\/2018\\\/09\\\/12\\\/fil-d-actualites-facebook\\\/#breadcrumb\",\"itemListElement\":[{\"@type\":\"ListItem\",\"position\":1,\"name\":\"Home\",\"item\":\"https:\\\/\\\/visionarymarketing.com\\\/fr\\\/\"},{\"@type\":\"ListItem\",\"position\":2,\"name\":\"Le fil d&rsquo;actualit\u00e9s Facebook appartient-il aux annonceurs ou aux utilisateurs ?\"}]},{\"@type\":\"WebSite\",\"@id\":\"https:\\\/\\\/visionarymarketing.com\\\/fr\\\/#website\",\"url\":\"https:\\\/\\\/visionarymarketing.com\\\/fr\\\/\",\"name\":\"Marketing and Innovation\",\"description\":\"Site d&#039;infos ind\u00e9pendant, depuis 1996\",\"potentialAction\":[{\"@type\":\"SearchAction\",\"target\":{\"@type\":\"EntryPoint\",\"urlTemplate\":\"https:\\\/\\\/visionarymarketing.com\\\/fr\\\/?s={search_term_string}\"},\"query-input\":{\"@type\":\"PropertyValueSpecification\",\"valueRequired\":true,\"valueName\":\"search_term_string\"}}],\"inLanguage\":\"fr-FR\"},{\"@type\":\"Person\",\"@id\":\"https:\\\/\\\/visionarymarketing.com\\\/fr\\\/#\\\/schema\\\/person\\\/3754fee1e558f47b8deb46f53c37423e\",\"name\":\"Yann Gourvennec\",\"image\":{\"@type\":\"ImageObject\",\"inLanguage\":\"fr-FR\",\"@id\":\"https:\\\/\\\/secure.gravatar.com\\\/avatar\\\/5972001801e8de5692a3e31224e85769f50a55fb8b679749f9c8d1868cceff14?s=96&d=initials&r=g&initials=yg\",\"url\":\"https:\\\/\\\/secure.gravatar.com\\\/avatar\\\/5972001801e8de5692a3e31224e85769f50a55fb8b679749f9c8d1868cceff14?s=96&d=initials&r=g&initials=yg\",\"contentUrl\":\"https:\\\/\\\/secure.gravatar.com\\\/avatar\\\/5972001801e8de5692a3e31224e85769f50a55fb8b679749f9c8d1868cceff14?s=96&d=initials&r=g&initials=yg\",\"caption\":\"Yann Gourvennec\"},\"description\":\"Yann Gourvennec created visionarymarketing.com in 1996. He is a speaker and author of many books. In 2014 he went from intrapreneur to entrepreneur, when he created his digital marketing agency. Yann Gourvennec a cr\u00e9\u00e9 visionarymarketing.com en 1996. Il est conf\u00e9rencier et auteur de plusieurs livres. En 2014, il est pass\u00e9 d'intrapreneur \u00e0 entrepreneur en cr\u00e9ant son agence de marketing num\u00e9rique.\",\"sameAs\":[\"https:\\\/\\\/visionarymarketing.com\",\"http:\\\/\\\/facebook.com\\\/ygourven\",\"http:\\\/\\\/linkedin.com\\\/in\\\/ygourven\",\"https:\\\/\\\/x.com\\\/ygourven\",\"https:\\\/\\\/www.youtube.com\\\/c\\\/visionarymarketingagency\"],\"url\":\"https:\\\/\\\/visionarymarketing.com\\\/fr\\\/author\\\/yann-gourvennec\\\/\"}]}<\/script>\n<!-- \/ Yoast SEO plugin. -->","yoast_head_json":{"title":"Le fil d'actualit\u00e9s Facebook appartient-il aux annonceurs ou aux utilisateurs ?","description":"Pour qui est le fil d'actualit\u00e9s Facebook ? Est-ce pour les utilisateurs ou les annonceurs? la question n'est pas inutile","robots":{"index":"index","follow":"follow","max-snippet":"max-snippet:-1","max-image-preview":"max-image-preview:large","max-video-preview":"max-video-preview:-1"},"canonical":"https:\/\/visionarymarketing.com\/fr\/2018\/09\/12\/fil-d-actualites-facebook\/","og_locale":"fr_FR","og_type":"article","og_title":"Le fil d'actualit\u00e9s Facebook appartient-il aux annonceurs ou aux utilisateurs ?","og_description":"Pour qui est le fil d'actualit\u00e9s Facebook ? Est-ce pour les utilisateurs ou les annonceurs? la question n'est pas inutile","og_url":"https:\/\/visionarymarketing.com\/fr\/2018\/09\/12\/fil-d-actualites-facebook\/","og_site_name":"Marketing and Innovation","article_publisher":"https:\/\/www.facebook.com\/vismktg","article_author":"http:\/\/facebook.com\/ygourven","article_published_time":"2018-09-12T07:00:20+00:00","article_modified_time":"2021-10-15T12:59:43+00:00","og_image":[{"width":519,"height":340,"url":"https:\/\/visionarymarketing.com\/wp-content\/uploads\/2019\/11\/default-image-blog-Visionary-Marketing-e1600435653473.jpg","type":"image\/jpeg"}],"author":"Yann Gourvennec","twitter_card":"summary_large_image","twitter_creator":"@ygourven","twitter_site":"@ygourven","twitter_misc":{"\u00c9crit par":"Yann Gourvennec","Dur\u00e9e de lecture estim\u00e9e":"5 minutes"},"schema":{"@context":"https:\/\/schema.org","@graph":[{"@type":"NewsArticle","@id":"https:\/\/visionarymarketing.com\/fr\/2018\/09\/12\/fil-d-actualites-facebook\/#article","isPartOf":{"@id":"https:\/\/visionarymarketing.com\/fr\/2018\/09\/12\/fil-d-actualites-facebook\/"},"author":{"name":"Yann Gourvennec","@id":"https:\/\/visionarymarketing.com\/fr\/#\/schema\/person\/3754fee1e558f47b8deb46f53c37423e"},"headline":"Le fil d&rsquo;actualit\u00e9s Facebook appartient-il aux annonceurs ou aux utilisateurs ?","datePublished":"2018-09-12T07:00:20+00:00","dateModified":"2021-10-15T12:59:43+00:00","mainEntityOfPage":{"@id":"https:\/\/visionarymarketing.com\/fr\/2018\/09\/12\/fil-d-actualites-facebook\/"},"wordCount":982,"commentCount":0,"image":{"@id":"https:\/\/visionarymarketing.com\/fr\/2018\/09\/12\/fil-d-actualites-facebook\/#primaryimage"},"thumbnailUrl":"https:\/\/visionarymarketing.com\/wp-content\/uploads\/2019\/11\/default-image-blog-Visionary-Marketing-e1600435653473.jpg","articleSection":["marketing digital"],"inLanguage":"fr-FR","potentialAction":[{"@type":"CommentAction","name":"Comment","target":["https:\/\/visionarymarketing.com\/fr\/2018\/09\/12\/fil-d-actualites-facebook\/#respond"]}]},{"@type":"WebPage","@id":"https:\/\/visionarymarketing.com\/fr\/2018\/09\/12\/fil-d-actualites-facebook\/","url":"https:\/\/visionarymarketing.com\/fr\/2018\/09\/12\/fil-d-actualites-facebook\/","name":"Le fil d'actualit\u00e9s Facebook appartient-il aux annonceurs ou aux utilisateurs ?","isPartOf":{"@id":"https:\/\/visionarymarketing.com\/fr\/#website"},"primaryImageOfPage":{"@id":"https:\/\/visionarymarketing.com\/fr\/2018\/09\/12\/fil-d-actualites-facebook\/#primaryimage"},"image":{"@id":"https:\/\/visionarymarketing.com\/fr\/2018\/09\/12\/fil-d-actualites-facebook\/#primaryimage"},"thumbnailUrl":"https:\/\/visionarymarketing.com\/wp-content\/uploads\/2019\/11\/default-image-blog-Visionary-Marketing-e1600435653473.jpg","datePublished":"2018-09-12T07:00:20+00:00","dateModified":"2021-10-15T12:59:43+00:00","author":{"@id":"https:\/\/visionarymarketing.com\/fr\/#\/schema\/person\/3754fee1e558f47b8deb46f53c37423e"},"description":"Pour qui est le fil d'actualit\u00e9s Facebook ? Est-ce pour les utilisateurs ou les annonceurs? la question n'est pas inutile","breadcrumb":{"@id":"https:\/\/visionarymarketing.com\/fr\/2018\/09\/12\/fil-d-actualites-facebook\/#breadcrumb"},"inLanguage":"fr-FR","potentialAction":[{"@type":"ReadAction","target":["https:\/\/visionarymarketing.com\/fr\/2018\/09\/12\/fil-d-actualites-facebook\/"]}]},{"@type":"ImageObject","inLanguage":"fr-FR","@id":"https:\/\/visionarymarketing.com\/fr\/2018\/09\/12\/fil-d-actualites-facebook\/#primaryimage","url":"https:\/\/visionarymarketing.com\/wp-content\/uploads\/2019\/11\/default-image-blog-Visionary-Marketing-e1600435653473.jpg","contentUrl":"https:\/\/visionarymarketing.com\/wp-content\/uploads\/2019\/11\/default-image-blog-Visionary-Marketing-e1600435653473.jpg","width":519,"height":340,"caption":"Heliothrope - visionary marketing \u00a9 2015"},{"@type":"BreadcrumbList","@id":"https:\/\/visionarymarketing.com\/fr\/2018\/09\/12\/fil-d-actualites-facebook\/#breadcrumb","itemListElement":[{"@type":"ListItem","position":1,"name":"Home","item":"https:\/\/visionarymarketing.com\/fr\/"},{"@type":"ListItem","position":2,"name":"Le fil d&rsquo;actualit\u00e9s Facebook appartient-il aux annonceurs ou aux utilisateurs ?"}]},{"@type":"WebSite","@id":"https:\/\/visionarymarketing.com\/fr\/#website","url":"https:\/\/visionarymarketing.com\/fr\/","name":"Marketing and Innovation","description":"Site d&#039;infos ind\u00e9pendant, depuis 1996","potentialAction":[{"@type":"SearchAction","target":{"@type":"EntryPoint","urlTemplate":"https:\/\/visionarymarketing.com\/fr\/?s={search_term_string}"},"query-input":{"@type":"PropertyValueSpecification","valueRequired":true,"valueName":"search_term_string"}}],"inLanguage":"fr-FR"},{"@type":"Person","@id":"https:\/\/visionarymarketing.com\/fr\/#\/schema\/person\/3754fee1e558f47b8deb46f53c37423e","name":"Yann Gourvennec","image":{"@type":"ImageObject","inLanguage":"fr-FR","@id":"https:\/\/secure.gravatar.com\/avatar\/5972001801e8de5692a3e31224e85769f50a55fb8b679749f9c8d1868cceff14?s=96&d=initials&r=g&initials=yg","url":"https:\/\/secure.gravatar.com\/avatar\/5972001801e8de5692a3e31224e85769f50a55fb8b679749f9c8d1868cceff14?s=96&d=initials&r=g&initials=yg","contentUrl":"https:\/\/secure.gravatar.com\/avatar\/5972001801e8de5692a3e31224e85769f50a55fb8b679749f9c8d1868cceff14?s=96&d=initials&r=g&initials=yg","caption":"Yann Gourvennec"},"description":"Yann Gourvennec created visionarymarketing.com in 1996. He is a speaker and author of many books. In 2014 he went from intrapreneur to entrepreneur, when he created his digital marketing agency. Yann Gourvennec a cr\u00e9\u00e9 visionarymarketing.com en 1996. Il est conf\u00e9rencier et auteur de plusieurs livres. En 2014, il est pass\u00e9 d'intrapreneur \u00e0 entrepreneur en cr\u00e9ant son agence de marketing num\u00e9rique.","sameAs":["https:\/\/visionarymarketing.com","http:\/\/facebook.com\/ygourven","http:\/\/linkedin.com\/in\/ygourven","https:\/\/x.com\/ygourven","https:\/\/www.youtube.com\/c\/visionarymarketingagency"],"url":"https:\/\/visionarymarketing.com\/fr\/author\/yann-gourvennec\/"}]}},"_links":{"self":[{"href":"https:\/\/visionarymarketing.com\/fr\/wp-json\/wp\/v2\/posts\/28794","targetHints":{"allow":["GET"]}}],"collection":[{"href":"https:\/\/visionarymarketing.com\/fr\/wp-json\/wp\/v2\/posts"}],"about":[{"href":"https:\/\/visionarymarketing.com\/fr\/wp-json\/wp\/v2\/types\/post"}],"author":[{"embeddable":true,"href":"https:\/\/visionarymarketing.com\/fr\/wp-json\/wp\/v2\/users\/2"}],"replies":[{"embeddable":true,"href":"https:\/\/visionarymarketing.com\/fr\/wp-json\/wp\/v2\/comments?post=28794"}],"version-history":[{"count":0,"href":"https:\/\/visionarymarketing.com\/fr\/wp-json\/wp\/v2\/posts\/28794\/revisions"}],"wp:featuredmedia":[{"embeddable":true,"href":"https:\/\/visionarymarketing.com\/fr\/wp-json\/wp\/v2\/media\/34070"}],"wp:attachment":[{"href":"https:\/\/visionarymarketing.com\/fr\/wp-json\/wp\/v2\/media?parent=28794"}],"wp:term":[{"taxonomy":"category","embeddable":true,"href":"https:\/\/visionarymarketing.com\/fr\/wp-json\/wp\/v2\/categories?post=28794"},{"taxonomy":"post_tag","embeddable":true,"href":"https:\/\/visionarymarketing.com\/fr\/wp-json\/wp\/v2\/tags?post=28794"}],"curies":[{"name":"wp","href":"https:\/\/api.w.org\/{rel}","templated":true}]}}