{"id":27381,"date":"2018-04-24T08:30:49","date_gmt":"2018-04-24T06:30:49","guid":{"rendered":"http:\/\/visionarymarketing.fr\/blog\/?p=27381"},"modified":"2024-06-25T06:31:01","modified_gmt":"2024-06-25T04:31:01","slug":"histoire-des-medias-sociaux","status":"publish","type":"post","link":"https:\/\/visionarymarketing.com\/fr\/2018\/04\/24\/histoire-des-medias-sociaux\/","title":{"rendered":"Vero et l\u2019histoire des m\u00e9dias sociaux"},"content":{"rendered":"<p><em>Il pourrait sembler bizarre de s&rsquo;int\u00e9resser \u00e0 l&rsquo;histoire des m\u00e9dias sociaux tant les deux termes paraissent contradictoires. Et pourtant, comme souvent en innovation, s&rsquo;int\u00e9resser \u00e0 l&rsquo;histoire de la technologie permet de mieux comprendre les erreurs qu&rsquo;on pourrait ou ne pas commettre. Alors, avant de vous exciter sur le dernier r\u00e9seau social \u00e0 la mode, revenons \u00e0 cette histoire des m\u00e9dias sociaux pour mieux comprendre ce qui est en train de se passer sous nos yeux.\u00a0<\/em><\/p>\n<h2>Vero et l\u2019histoire des m\u00e9dias sociaux<\/h2>\n<figure id=\"attachment_65447\" aria-describedby=\"caption-attachment-65447\" style=\"width: 520px\" class=\"wp-caption aligncenter\"><img decoding=\"async\" class=\"wp-image-65447 size-full\" src=\"https:\/\/visionarymarketing.com\/wp-content\/uploads\/2018\/04\/histoire-medias-sociaux.jpg\" alt=\"Vero et l\u2019histoire des m\u00e9dias sociaux\" width=\"520\" height=\"340\" srcset=\"https:\/\/visionarymarketing.com\/wp-content\/uploads\/2018\/04\/histoire-medias-sociaux.jpg 520w, https:\/\/visionarymarketing.com\/wp-content\/uploads\/2018\/04\/histoire-medias-sociaux-459x300.jpg 459w\" sizes=\"(max-width: 520px) 100vw, 520px\" \/><figcaption id=\"caption-attachment-65447\" class=\"wp-caption-text\">Avec cette petite histoire des m\u00e9dias sociaux vous allez mieux comprendre ce qui se passe avec Vero.<\/figcaption><\/figure>\n<p><strong>Non, VERO n&rsquo;est pas le petit nom de V\u00e9ronique !<\/strong><\/p>\n<p><img decoding=\"async\" class=\"alignleft wp-image-27383\" title=\"Vero\" src=\"https:\/\/visionarymarketing.com\/wp-content\/uploads\/2018\/03\/vero.png\" alt=\"Vero et l\u2019histoire des m\u00e9dias sociaux\" width=\"248\" height=\"131\" \/>Cela veut dire \u00ab VRAI \u00bb en italien. C&rsquo;est d\u2019ailleurs une proposition int\u00e9ressante et ils n\u2019h\u00e9sitent pas \u00e0 le mettre en avant en barrant \u00ab m\u00e9dias \u00bb et laissant \u00ab sociaux \u00bb.<\/p>\n<p>L&rsquo;engouement <a href=\"https:\/\/www.vero.co\/\">pour ce r\u00e9seau social<\/a> est intervenu dans les jours qui ont suivi l&rsquo;inscription du r\u00e9alisateur de blockbusters Zack Snyder.<!--more--><\/p>\n<h3>Petite histoire des m\u00e9dias sociaux<\/h3>\n<figure id=\"attachment_27547\" aria-describedby=\"caption-attachment-27547\" style=\"width: 249px\" class=\"wp-caption alignright\"><img decoding=\"async\" class=\"wp-image-27547\" title=\"Vero\" src=\"https:\/\/visionarymarketing.com\/wp-content\/uploads\/2018\/04\/Capture-decran-2018-04-24-a-12.03.27-328x300.png\" alt=\"Vero et l\u2019histoire des m\u00e9dias sociaux\" width=\"249\" height=\"220\" \/><figcaption id=\"caption-attachment-27547\" class=\"wp-caption-text\">Zack Snyder s&rsquo;est souvent vu reprocher une r\u00e9alisation insipide (\u00e0 l&rsquo;exception notable de Watchmen), malgr\u00e9 une photographie soign\u00e9e et novatrice. De jolis blockbusters un peu creux, comme le r\u00e9seau social Vero ?<\/figcaption><\/figure>\n<p>Il y a donc un \u00e9cho pour les m\u00e9dias qui sont <strong>vraiment sociaux<\/strong>. Car nos m\u00e9dias sociaux sont devenus asociaux. Ils ne le sont pas devenus parce que les plateformes seraient mal intentionn\u00e9es, mais je pense plut\u00f4t que les utilisateurs ne les utilisent pas comme ils le devraient.<\/p>\n<p>La question qui revient toujours sur ces nouveaux m\u00e9dias sociaux c&rsquo;est \u00ab\u00a0<strong>est-ce que cela va tuer Facebook\u00a0?<\/strong>\u00a0\u00bb. Spoiler\u00a0: non, \u00e7a ne va pas tuer Facebook, et on voit avec Vero qu\u2019au bout de quelques jours c&rsquo;est d\u00e9j\u00e0 quasiment fini, <strong>les premi\u00e8res personnes ont ouvert un compte, puis le buzz s&rsquo;est \u00e9teint<\/strong>.<\/p>\n<p>On pourrait se poser la question de savoir pourquoi cela ne marche pas. <a href=\"https:\/\/www.lci.fr\/high-tech\/l-inventeur-du-bouton-like-sur-facebook-part-en-croisade-contre-les-reseaux-sociaux-justin-rosenstein-mark-zuckerberg-2066941.html\">L&rsquo;inventeur du bouton \u00ab\u00a0like\u00a0\u00bb a lui-m\u00eame cr\u00e9\u00e9 une association destin\u00e9e \u00e0 provoquer la pause digital<\/a>e et a demand\u00e9 aux gens de d&rsquo;arr\u00eater d&rsquo;avoir la t\u00eate dans les m\u00e9dias sociaux. C\u2019est un comble quand c&rsquo;est <strong>des gens qui nous ont mis sur les m\u00e9dias sociaux et nous expliquent qu&rsquo;il ne faut plus y \u00eatre<\/strong>.<\/p>\n<h3>1994\u00a0: la naissance du premier r\u00e9seau social<\/h3>\n<p>Il est int\u00e9ressant de regarder l&rsquo;historique des m\u00e9dias sociaux. Tout le monde croit que cela date de 2004, d\u2019autres pensent qu&rsquo;ils sont encore plus r\u00e9cents. Souvent on me pose la question \u00ab\u00a0qu&rsquo;est-ce que vous faisiez en 2000 sur internet\u00a0?\u00a0\u00bb\u00a0: <strong>la m\u00eame chose qu&rsquo;aujourd&rsquo;hui avec d&rsquo;autres outils, parce qu\u2019il y a toujours eu des outils collaboratifs<\/strong> sur internet. Il y a eu une pr\u00e9histoire avant 1990 des m\u00e9dias sociaux hors internet. Les premiers sites Web sont arriv\u00e9s dans le grand public vers 1992. Mais avant cela il y avait le <a href=\"https:\/\/fr.wikipedia.org\/wiki\/Usenet\" target=\"_blank\" rel=\"noopener noreferrer\">Usenet<\/a> par exemple en 1970 \u2013 1980. \u00a0\u00c7a remonte\u00a0! Les services en ligne ne datent pas non plus de 2004\u00a0: le premier service en ligne date de 1994, AOL distribuait des CD aux am\u00e9ricains.<\/p>\n<p><img decoding=\"async\" class=\"aligncenter wp-image-27541 \" title=\"Vero\" src=\"https:\/\/visionarymarketing.com\/wp-content\/uploads\/2018\/04\/0-0.-ESG-PSB-introductory-slides-EN-500x281.gif\" alt=\"Vero\" width=\"596\" height=\"336\" \/><\/p>\n<p><!--more-->Il y a eu le fameux MSN en 1994 pour se connecter partout dans le monde. Citons \u00e9galement le fameux ICQ, moins utilis\u00e9 en France. Apr\u00e8s bien s\u00fbr il y a eu les premiers sites de rencontres, les forums que l&rsquo;on a trouv\u00e9 d\u00e8s le d\u00e9but d\u00e8s le d\u00e9but du web. Dans tous les m\u00e9dias sociaux, on retrouve le principe \u00ab\u00a0<strong>les amis de mes amis\u00a0sont mes amis<\/strong> \u00bb\u00a0: dans cette veine, on trouve le site <a href=\"https:\/\/web.archive.org\/web\/20191101094032\/http:\/\/sixdegrees.com:80\/\">sixdegrees.com<\/a> en 1997, mais \u00e9galement <a href=\"https:\/\/fr.wikipedia.org\/wiki\/Friendster\">Friendster<\/a> en 2002. Il y a \u00e9galement eu le fameux high five en 2003 plus centr\u00e9 sur les jeunes. LinkedIn est apparu en 2003, Myspace en 2003 (paix \u00e0 son \u00e2me), puis Facebook ouvert au public en 2006, Orkut s&rsquo;est d\u00e9velopp\u00e9 au Br\u00e9sil et en Inde (c&rsquo;\u00e9tait la premi\u00e8re tentative de Google, qui ne sera pas repris dans d&rsquo;autres pays) Youtube en 2005, Twitter en 2006, Flickr en 2009&#8230;<\/p>\n<h3>Depuis 2010\u00a0: qui aura la peau de Facebook\u00a0?<\/h3>\n<p>En 2010 on a commenc\u00e9 \u00e0 voir arriver des m\u00e9dias sociaux qui sont venu contrer les m\u00e9dias sociaux mainstream\u00a0: est arriv\u00e9 <a href=\"https:\/\/diaspora-fr.org\/\">diaspora<\/a> en 2010 sur lequel il y avait un fort espoir de le voir un jour remplacer Facebook, et qui a fait long feu avant de dispara\u00eetre. Le fameux Google+, qui est n\u00e9 en 2011 et dont personne n&rsquo;en voulait. Cela a mis six ans \u00e0 mourir et n\u2019est d\u2019ailleurs pas officiellement mort (et ne le sera jamais annonc\u00e9 officiellement). Google my business est cependant devenu un vrai succ\u00e8s. Il y a eu le r\u00e9seau social de Microsoft\u00a0: soc.cl. Les journaux ont dit au moment \u00e0 sa fermeture\u00a0:\u00a0\u00ab\u00a0So.cl \u00e9tait le r\u00e9seau qui a ferm\u00e9 alors que vous ne saviez m\u00eame pas qu&rsquo;il avait ouvert\u00a0\u00bb.<\/p>\n<p><iframe title=\"[Fr]\u00a0Vero et l&#039; &quot;histoire&quot; des m\u00e9dias sociaux\" width=\"500\" height=\"281\" src=\"https:\/\/www.youtube.com\/embed\/D8uxkbGuTc8?start=171&#038;feature=oembed\" frameborder=\"0\" allow=\"accelerometer; autoplay; clipboard-write; encrypted-media; gyroscope; picture-in-picture; web-share\" referrerpolicy=\"strict-origin-when-cross-origin\" allowfullscreen><\/iframe><\/p>\n<p>Il y a eu Snapchat en 2012, qui continue de bien marcher, puis App.net qui n\u2019a pas rencontr\u00e9 le succ\u00e8s escompt\u00e9, car le r\u00e9seau social s\u2019est rempli uniquement de techniciens. L&rsquo;objectif \u00e9tait de tuer Facebook en \u00e9vitant de traquer les utilisateurs et en \u00e9tant respectueux\u00a0: <strong>depuis 2010 on tourne autour de ce sujet-l\u00e0 et \u00e7a ne prend pas<\/strong>. D\u2019ailleurs pour se connecter App, on pouvait utiliser son compte Facebook.<\/p>\n<h3>Quand l&rsquo;histoire des m\u00e9dias sociaux \u00e9claire la sortie de Vero<\/h3>\n<blockquote class=\"quote-light\"><p><strong>On ne peut plus cr\u00e9er de m\u00e9dias sociaux g\u00e9n\u00e9riques<\/strong><\/p><\/blockquote>\n<p>Il y a eu une tentative en 2014 avec <a href=\"https:\/\/ello.co\/\">ello<\/a> qui s\u2019est resserr\u00e9 sur une communaut\u00e9 de designers. <strong>On commence ici \u00e0 \u00e0 comprendre comment fonctionnent les m\u00e9dias sociaux. Les m\u00e9dias sociaux horizontaux ont pris leur place<\/strong>\u00a0: Facebook pour les familles, Twitter pour les journalistes et les blogueurs (et la politique malheureusement) LinkedIn pour le B2B&#8230; Le fondateur de LinkedIn le disait d\u00e9j\u00e0 il y a au moins sept ou huit ans\u00a0: <strong>on ne peut plus cr\u00e9er de m\u00e9dias sociaux g\u00e9n\u00e9riques<\/strong>. Pourquoi\u00a0? Parce qu&rsquo;il n\u2019y a plus de place et les places sont ch\u00e8res.<\/p>\n<h3>Vero\u00a0: l\u2019exemple de ce qu\u2019il ne faut pas faire<\/h3>\n<p>On en a vu d&rsquo;autres tentatives\u00a0: Mastodon a essay\u00e9 de tuer twitter en 2016 (paix \u00e0 son \u00e2me) et on a Vero en 2018. Vero est un bon exemple de ce qu\u2019il ne faut pas faire. Voyons ici pourquoi.<\/p>\n<p>Pour ce faire, je vais vous d\u00e9crire <a href=\"https:\/\/visionarymarketing.com\/fr\/cas-usages\/cas-d-usage-medias-sociaux.html\">le cas d&rsquo;usage d&rsquo;une plateforme collaborative sur laquelle nous avons travaill\u00e9 en conseil et en accompagnement pour une jeune pousse\u00a0<\/a>qui est nomm\u00e9e\u00a0<a href=\"http:\/\/www.fluksaqua.com\/a\/\" target=\"_blank\" rel=\"noopener noreferrer\">FluksAqua<\/a> et qui est donc centr\u00e9e sur le B2B\u00a0: <strong>on peut cr\u00e9er des m\u00e9dias sociaux verticaux tr\u00e8s pr\u00e9cis sur des communaut\u00e9s<\/strong>, ici une une communaut\u00e9 d&rsquo;exploitants de l&rsquo;eau et de l&rsquo;assainissement. On est parti de z\u00e9ro, car les membres de cette communaut\u00e9 \u2014 des \u00e9lectrom\u00e9caniciens \u2014 ne sont pas sur LinkedIn ni sur Facebook ni sur Twitter, etc. Comment faire fonctionner ce r\u00e9seau\u00a0? On va utiliser ce que l\u2019on appelle la <strong>m\u00e9thode du jardinier<\/strong>\u00a0:<\/p>\n<ul>\n<li><strong><img decoding=\"async\" class=\"alignright wp-image-27386 size-full\" title=\"Vero\" src=\"https:\/\/visionarymarketing.com\/wp-content\/uploads\/2018\/03\/planter.png\" alt=\"Vero\" width=\"291\" height=\"183\" \/>Planter\u00a0<\/strong>: je vais amorcer ma communaut\u00e9 par cercles concentriques, c\u2019est-\u00e0-dire du plus simple au plus compliqu\u00e9. D&rsquo;abord je commence par les gens qui sont le plus proche de moi, ici les \u00e9lectrom\u00e9caniciens de Veolia puisqu\u2019on les a devant les yeux, on peut facilement y acc\u00e9der, donc c&rsquo;est <strong>relativement facile<\/strong>. Puis je vais aller chercher le <strong>deuxi\u00e8me cercle<\/strong>, les gens qui sont un petit peu plus loin, puis de plus en plus loin, etc. Mais pour d\u00e9marrer je vais utiliser les gens proches de moi et leur faire <strong>rentrer du contenu de fa\u00e7on \u00e0 remplir ma plateforme<\/strong>. C&rsquo;est exactement la m\u00eame chose qui se passe chez Vero, il y a une personne influente qui s&rsquo;appelle Zack Snyder, qui fait venir les autres.<\/li>\n<li><img decoding=\"async\" class=\"alignright wp-image-27384 size-full\" title=\"Vero\" src=\"https:\/\/visionarymarketing.com\/wp-content\/uploads\/2018\/03\/arroser.png\" alt=\"Vero\" width=\"314\" height=\"185\" \/>Arroser\u00a0: on va <strong>chercher davantage de contributeurs<\/strong> qui vont apporter du contenu au fur et \u00e0 mesure\u00a0: c&rsquo;est l\u00e0 que Vero s&rsquo;arr\u00eate.<\/li>\n<li><img decoding=\"async\" class=\"alignright wp-image-27385 size-full\" title=\"Vero\" src=\"https:\/\/visionarymarketing.com\/wp-content\/uploads\/2018\/03\/elaguer.png\" alt=\"Vero\" width=\"397\" height=\"224\" \/>\u00c9laguer\u00a0: on la rencontre sur Facebook en ce moment avec les Fake News car trop de gens sont l\u00e0 et font n&rsquo;importe quoi\u00a0: il faut faire la police. On l&rsquo;a v\u00e9cu avec Wikip\u00e9dia dans le pass\u00e9.<\/li>\n<\/ul>\n<p>Pour r\u00e9sumer, <strong>Vero n&rsquo;est m\u00eame pas \u00e0 l\u2019arrosage<\/strong>\u00a0: ils ont fait venir Zack Snyder (1ere \u00e9tape), puis tous les geeks sont rentr\u00e9s (premier cercle concentrique) et il faut ensuite que le grand public arrive, mais il n&rsquo;arrive pas. Parce que l\u2019on a oubli\u00e9 les fondamentaux du travail en communaut\u00e9. Et une communaut\u00e9, c\u2019est\u00a0:<\/p>\n<ul>\n<li><strong>Des int\u00e9r\u00eats communs <\/strong><\/li>\n<li><strong>De l\u2019entraide <\/strong><\/li>\n<li><strong>Des b\u00e9n\u00e9fices mutuels <\/strong><\/li>\n<\/ul>\n<h3>Sans promesse tenue, pas de confiance<\/h3>\n<p>Voil\u00e0 le premier probl\u00e8me quand on arrive sur Vero. Il y a une interface plut\u00f4t sympa, mais le probl\u00e8me est qu&rsquo;il faut un b\u00e9n\u00e9fice pour aller sur Vero\u00a0: <strong>qu&rsquo;est-ce que cela m\u2019apporte\u00a0?<\/strong> Qu&rsquo;on ne va pas me tracker? Oui mais <strong>cela ne suffit pas<\/strong>. Les gens sont sur Facebook et se font tracker, ils grincent des dents mais en m\u00eame temps \u00e7a leur apporte un peu de plaisir car ils peuvent regarder des lolcats et ont un b\u00e9n\u00e9fice car beaucoup de gens en postent. <strong>Sur Vero, personne ne poste de lolcats<\/strong> <strong>car ils ont rat\u00e9 la phase d&rsquo;amor\u00e7age<\/strong>, il n\u2019y a aucun b\u00e9n\u00e9fice \u00e0 \u00eatre dessus, il y a juste quelques geeks. M\u00eame si l\u2019on a barr\u00e9 m\u00e9dias parce qu\u2019il n&rsquo;y a pas de pub, on voit des publicit\u00e9s sur la page de la page d&rsquo;accueil de Vero&#8230; Et l\u00e0 <strong>on ne comprend plus parce qu&rsquo;il y a une diff\u00e9rence entre la promesse et la r\u00e9alit\u00e9<\/strong>.<\/p>\n<p>Il y a de la publicit\u00e9, donc il y a de la suspicion, et <strong>la promesse de d\u00e9part est morte<\/strong>. Je pense donc que Vero se refermera, comme App.net, sur une micro communaut\u00e9. Esp\u00e9rons que le prochain r\u00e9seau social qui voudra remplacer Facebook saura tirer parti de ces \u00e9checs et demi-succ\u00e8s pour proposer une exp\u00e9rience v\u00e9ritablement sociale.<\/p>\n","protected":false},"excerpt":{"rendered":"<p>Il pourrait sembler bizarre de s&rsquo;int\u00e9resser \u00e0 l&rsquo;histoire des m\u00e9dias sociaux tant les deux termes paraissent contradictoires. Et pourtant, comme souvent en innovation, s&rsquo;int\u00e9resser \u00e0 l&rsquo;histoire de la technologie permet de mieux comprendre les erreurs qu&rsquo;on pourrait ou ne pas commettre. Alors, avant de vous exciter sur le dernier r\u00e9seau social \u00e0 la mode, revenons &hellip;<\/p>\n","protected":false},"author":2,"featured_media":65447,"comment_status":"open","ping_status":"open","sticky":false,"template":"","format":"standard","meta":{"footnotes":""},"categories":[25],"tags":[],"class_list":["post-27381","post","type-post","status-publish","format-standard","has-post-thumbnail","hentry","category-medias-sociaux"],"yoast_head":"<!-- This site is optimized with the Yoast SEO plugin v27.4 - https:\/\/yoast.com\/product\/yoast-seo-wordpress\/ -->\n<title>Histoire des m\u00e9dias sociaux : ce que Vero enseigne sur les communaut\u00e9s<\/title>\n<meta name=\"description\" content=\"Regardons un peu l&#039;histoire des m\u00e9dias sociaux : Le r\u00e9seau social Vero va t-il tuer Facebook, ou est-il un blockbuster \u00e9vitable ?\" \/>\n<meta name=\"robots\" content=\"index, follow, max-snippet:-1, max-image-preview:large, max-video-preview:-1\" \/>\n<link rel=\"canonical\" href=\"https:\/\/visionarymarketing.com\/fr\/2018\/04\/24\/histoire-des-medias-sociaux\/\" \/>\n<meta property=\"og:locale\" content=\"fr_FR\" \/>\n<meta property=\"og:type\" content=\"article\" \/>\n<meta property=\"og:title\" content=\"Histoire des m\u00e9dias sociaux : ce que Vero enseigne sur les communaut\u00e9s\" \/>\n<meta property=\"og:description\" content=\"Regardons un peu l&#039;histoire des m\u00e9dias sociaux : Le r\u00e9seau social Vero va t-il tuer Facebook, ou est-il un blockbuster \u00e9vitable ?\" \/>\n<meta property=\"og:url\" content=\"https:\/\/visionarymarketing.com\/fr\/2018\/04\/24\/histoire-des-medias-sociaux\/\" \/>\n<meta property=\"og:site_name\" content=\"Marketing and Innovation\" \/>\n<meta property=\"article:publisher\" content=\"https:\/\/www.facebook.com\/vismktg\" \/>\n<meta property=\"article:author\" content=\"http:\/\/facebook.com\/ygourven\" \/>\n<meta property=\"article:published_time\" content=\"2018-04-24T06:30:49+00:00\" \/>\n<meta property=\"article:modified_time\" content=\"2024-06-25T04:31:01+00:00\" \/>\n<meta property=\"og:image\" content=\"https:\/\/visionarymarketing.com\/wp-content\/uploads\/2018\/04\/histoire-medias-sociaux.jpg\" \/>\n\t<meta property=\"og:image:width\" content=\"520\" \/>\n\t<meta property=\"og:image:height\" content=\"340\" \/>\n\t<meta property=\"og:image:type\" content=\"image\/jpeg\" \/>\n<meta name=\"author\" content=\"Yann Gourvennec\" \/>\n<meta name=\"twitter:card\" content=\"summary_large_image\" \/>\n<meta name=\"twitter:creator\" content=\"@ygourven\" \/>\n<meta name=\"twitter:site\" content=\"@ygourven\" \/>\n<meta name=\"twitter:label1\" content=\"\u00c9crit par\" \/>\n\t<meta name=\"twitter:data1\" content=\"Yann Gourvennec\" \/>\n\t<meta name=\"twitter:label2\" content=\"Dur\u00e9e de lecture estim\u00e9e\" \/>\n\t<meta name=\"twitter:data2\" content=\"9 minutes\" \/>\n<script type=\"application\/ld+json\" class=\"yoast-schema-graph\">{\"@context\":\"https:\\\/\\\/schema.org\",\"@graph\":[{\"@type\":\"NewsArticle\",\"@id\":\"https:\\\/\\\/visionarymarketing.com\\\/fr\\\/2018\\\/04\\\/24\\\/histoire-des-medias-sociaux\\\/#article\",\"isPartOf\":{\"@id\":\"https:\\\/\\\/visionarymarketing.com\\\/fr\\\/2018\\\/04\\\/24\\\/histoire-des-medias-sociaux\\\/\"},\"author\":{\"name\":\"Yann Gourvennec\",\"@id\":\"https:\\\/\\\/visionarymarketing.com\\\/fr\\\/#\\\/schema\\\/person\\\/3754fee1e558f47b8deb46f53c37423e\"},\"headline\":\"Vero et l\u2019histoire des m\u00e9dias sociaux\",\"datePublished\":\"2018-04-24T06:30:49+00:00\",\"dateModified\":\"2024-06-25T04:31:01+00:00\",\"mainEntityOfPage\":{\"@id\":\"https:\\\/\\\/visionarymarketing.com\\\/fr\\\/2018\\\/04\\\/24\\\/histoire-des-medias-sociaux\\\/\"},\"wordCount\":1758,\"commentCount\":2,\"image\":{\"@id\":\"https:\\\/\\\/visionarymarketing.com\\\/fr\\\/2018\\\/04\\\/24\\\/histoire-des-medias-sociaux\\\/#primaryimage\"},\"thumbnailUrl\":\"https:\\\/\\\/visionarymarketing.com\\\/wp-content\\\/uploads\\\/2018\\\/04\\\/histoire-medias-sociaux.jpg\",\"articleSection\":[\"m\u00e9dias \\\/ r\u00e9seaux sociaux\"],\"inLanguage\":\"fr-FR\",\"potentialAction\":[{\"@type\":\"CommentAction\",\"name\":\"Comment\",\"target\":[\"https:\\\/\\\/visionarymarketing.com\\\/fr\\\/2018\\\/04\\\/24\\\/histoire-des-medias-sociaux\\\/#respond\"]}]},{\"@type\":\"WebPage\",\"@id\":\"https:\\\/\\\/visionarymarketing.com\\\/fr\\\/2018\\\/04\\\/24\\\/histoire-des-medias-sociaux\\\/\",\"url\":\"https:\\\/\\\/visionarymarketing.com\\\/fr\\\/2018\\\/04\\\/24\\\/histoire-des-medias-sociaux\\\/\",\"name\":\"Histoire des m\u00e9dias sociaux : ce que Vero enseigne sur les communaut\u00e9s\",\"isPartOf\":{\"@id\":\"https:\\\/\\\/visionarymarketing.com\\\/fr\\\/#website\"},\"primaryImageOfPage\":{\"@id\":\"https:\\\/\\\/visionarymarketing.com\\\/fr\\\/2018\\\/04\\\/24\\\/histoire-des-medias-sociaux\\\/#primaryimage\"},\"image\":{\"@id\":\"https:\\\/\\\/visionarymarketing.com\\\/fr\\\/2018\\\/04\\\/24\\\/histoire-des-medias-sociaux\\\/#primaryimage\"},\"thumbnailUrl\":\"https:\\\/\\\/visionarymarketing.com\\\/wp-content\\\/uploads\\\/2018\\\/04\\\/histoire-medias-sociaux.jpg\",\"datePublished\":\"2018-04-24T06:30:49+00:00\",\"dateModified\":\"2024-06-25T04:31:01+00:00\",\"author\":{\"@id\":\"https:\\\/\\\/visionarymarketing.com\\\/fr\\\/#\\\/schema\\\/person\\\/3754fee1e558f47b8deb46f53c37423e\"},\"description\":\"Regardons un peu l'histoire des m\u00e9dias sociaux : Le r\u00e9seau social Vero va t-il tuer Facebook, ou est-il un blockbuster \u00e9vitable ?\",\"breadcrumb\":{\"@id\":\"https:\\\/\\\/visionarymarketing.com\\\/fr\\\/2018\\\/04\\\/24\\\/histoire-des-medias-sociaux\\\/#breadcrumb\"},\"inLanguage\":\"fr-FR\",\"potentialAction\":[{\"@type\":\"ReadAction\",\"target\":[\"https:\\\/\\\/visionarymarketing.com\\\/fr\\\/2018\\\/04\\\/24\\\/histoire-des-medias-sociaux\\\/\"]}]},{\"@type\":\"ImageObject\",\"inLanguage\":\"fr-FR\",\"@id\":\"https:\\\/\\\/visionarymarketing.com\\\/fr\\\/2018\\\/04\\\/24\\\/histoire-des-medias-sociaux\\\/#primaryimage\",\"url\":\"https:\\\/\\\/visionarymarketing.com\\\/wp-content\\\/uploads\\\/2018\\\/04\\\/histoire-medias-sociaux.jpg\",\"contentUrl\":\"https:\\\/\\\/visionarymarketing.com\\\/wp-content\\\/uploads\\\/2018\\\/04\\\/histoire-medias-sociaux.jpg\",\"width\":520,\"height\":340,\"caption\":\"Histoire m\u00e9dias sociaux\"},{\"@type\":\"BreadcrumbList\",\"@id\":\"https:\\\/\\\/visionarymarketing.com\\\/fr\\\/2018\\\/04\\\/24\\\/histoire-des-medias-sociaux\\\/#breadcrumb\",\"itemListElement\":[{\"@type\":\"ListItem\",\"position\":1,\"name\":\"Home\",\"item\":\"https:\\\/\\\/visionarymarketing.com\\\/fr\\\/\"},{\"@type\":\"ListItem\",\"position\":2,\"name\":\"Vero et l\u2019histoire des m\u00e9dias sociaux\"}]},{\"@type\":\"WebSite\",\"@id\":\"https:\\\/\\\/visionarymarketing.com\\\/fr\\\/#website\",\"url\":\"https:\\\/\\\/visionarymarketing.com\\\/fr\\\/\",\"name\":\"Marketing and Innovation\",\"description\":\"Site d&#039;infos ind\u00e9pendant, depuis 1996\",\"potentialAction\":[{\"@type\":\"SearchAction\",\"target\":{\"@type\":\"EntryPoint\",\"urlTemplate\":\"https:\\\/\\\/visionarymarketing.com\\\/fr\\\/?s={search_term_string}\"},\"query-input\":{\"@type\":\"PropertyValueSpecification\",\"valueRequired\":true,\"valueName\":\"search_term_string\"}}],\"inLanguage\":\"fr-FR\"},{\"@type\":\"Person\",\"@id\":\"https:\\\/\\\/visionarymarketing.com\\\/fr\\\/#\\\/schema\\\/person\\\/3754fee1e558f47b8deb46f53c37423e\",\"name\":\"Yann Gourvennec\",\"image\":{\"@type\":\"ImageObject\",\"inLanguage\":\"fr-FR\",\"@id\":\"https:\\\/\\\/secure.gravatar.com\\\/avatar\\\/5972001801e8de5692a3e31224e85769f50a55fb8b679749f9c8d1868cceff14?s=96&d=initials&r=g&initials=yg\",\"url\":\"https:\\\/\\\/secure.gravatar.com\\\/avatar\\\/5972001801e8de5692a3e31224e85769f50a55fb8b679749f9c8d1868cceff14?s=96&d=initials&r=g&initials=yg\",\"contentUrl\":\"https:\\\/\\\/secure.gravatar.com\\\/avatar\\\/5972001801e8de5692a3e31224e85769f50a55fb8b679749f9c8d1868cceff14?s=96&d=initials&r=g&initials=yg\",\"caption\":\"Yann Gourvennec\"},\"description\":\"Yann Gourvennec created visionarymarketing.com in 1996. He is a speaker and author of many books. In 2014 he went from intrapreneur to entrepreneur, when he created his digital marketing agency. Yann Gourvennec a cr\u00e9\u00e9 visionarymarketing.com en 1996. Il est conf\u00e9rencier et auteur de plusieurs livres. En 2014, il est pass\u00e9 d'intrapreneur \u00e0 entrepreneur en cr\u00e9ant son agence de marketing num\u00e9rique.\",\"sameAs\":[\"https:\\\/\\\/visionarymarketing.com\",\"http:\\\/\\\/facebook.com\\\/ygourven\",\"http:\\\/\\\/linkedin.com\\\/in\\\/ygourven\",\"https:\\\/\\\/x.com\\\/ygourven\",\"https:\\\/\\\/www.youtube.com\\\/c\\\/visionarymarketingagency\"],\"url\":\"https:\\\/\\\/visionarymarketing.com\\\/fr\\\/author\\\/yann-gourvennec\\\/\"}]}<\/script>\n<!-- \/ Yoast SEO plugin. -->","yoast_head_json":{"title":"Histoire des m\u00e9dias sociaux : ce que Vero enseigne sur les communaut\u00e9s","description":"Regardons un peu l'histoire des m\u00e9dias sociaux : Le r\u00e9seau social Vero va t-il tuer Facebook, ou est-il un blockbuster \u00e9vitable ?","robots":{"index":"index","follow":"follow","max-snippet":"max-snippet:-1","max-image-preview":"max-image-preview:large","max-video-preview":"max-video-preview:-1"},"canonical":"https:\/\/visionarymarketing.com\/fr\/2018\/04\/24\/histoire-des-medias-sociaux\/","og_locale":"fr_FR","og_type":"article","og_title":"Histoire des m\u00e9dias sociaux : ce que Vero enseigne sur les communaut\u00e9s","og_description":"Regardons un peu l'histoire des m\u00e9dias sociaux : Le r\u00e9seau social Vero va t-il tuer Facebook, ou est-il un blockbuster \u00e9vitable ?","og_url":"https:\/\/visionarymarketing.com\/fr\/2018\/04\/24\/histoire-des-medias-sociaux\/","og_site_name":"Marketing and Innovation","article_publisher":"https:\/\/www.facebook.com\/vismktg","article_author":"http:\/\/facebook.com\/ygourven","article_published_time":"2018-04-24T06:30:49+00:00","article_modified_time":"2024-06-25T04:31:01+00:00","og_image":[{"width":520,"height":340,"url":"https:\/\/visionarymarketing.com\/wp-content\/uploads\/2018\/04\/histoire-medias-sociaux.jpg","type":"image\/jpeg"}],"author":"Yann Gourvennec","twitter_card":"summary_large_image","twitter_creator":"@ygourven","twitter_site":"@ygourven","twitter_misc":{"\u00c9crit par":"Yann Gourvennec","Dur\u00e9e de lecture estim\u00e9e":"9 minutes"},"schema":{"@context":"https:\/\/schema.org","@graph":[{"@type":"NewsArticle","@id":"https:\/\/visionarymarketing.com\/fr\/2018\/04\/24\/histoire-des-medias-sociaux\/#article","isPartOf":{"@id":"https:\/\/visionarymarketing.com\/fr\/2018\/04\/24\/histoire-des-medias-sociaux\/"},"author":{"name":"Yann Gourvennec","@id":"https:\/\/visionarymarketing.com\/fr\/#\/schema\/person\/3754fee1e558f47b8deb46f53c37423e"},"headline":"Vero et l\u2019histoire des m\u00e9dias sociaux","datePublished":"2018-04-24T06:30:49+00:00","dateModified":"2024-06-25T04:31:01+00:00","mainEntityOfPage":{"@id":"https:\/\/visionarymarketing.com\/fr\/2018\/04\/24\/histoire-des-medias-sociaux\/"},"wordCount":1758,"commentCount":2,"image":{"@id":"https:\/\/visionarymarketing.com\/fr\/2018\/04\/24\/histoire-des-medias-sociaux\/#primaryimage"},"thumbnailUrl":"https:\/\/visionarymarketing.com\/wp-content\/uploads\/2018\/04\/histoire-medias-sociaux.jpg","articleSection":["m\u00e9dias \/ r\u00e9seaux sociaux"],"inLanguage":"fr-FR","potentialAction":[{"@type":"CommentAction","name":"Comment","target":["https:\/\/visionarymarketing.com\/fr\/2018\/04\/24\/histoire-des-medias-sociaux\/#respond"]}]},{"@type":"WebPage","@id":"https:\/\/visionarymarketing.com\/fr\/2018\/04\/24\/histoire-des-medias-sociaux\/","url":"https:\/\/visionarymarketing.com\/fr\/2018\/04\/24\/histoire-des-medias-sociaux\/","name":"Histoire des m\u00e9dias sociaux : ce que Vero enseigne sur les communaut\u00e9s","isPartOf":{"@id":"https:\/\/visionarymarketing.com\/fr\/#website"},"primaryImageOfPage":{"@id":"https:\/\/visionarymarketing.com\/fr\/2018\/04\/24\/histoire-des-medias-sociaux\/#primaryimage"},"image":{"@id":"https:\/\/visionarymarketing.com\/fr\/2018\/04\/24\/histoire-des-medias-sociaux\/#primaryimage"},"thumbnailUrl":"https:\/\/visionarymarketing.com\/wp-content\/uploads\/2018\/04\/histoire-medias-sociaux.jpg","datePublished":"2018-04-24T06:30:49+00:00","dateModified":"2024-06-25T04:31:01+00:00","author":{"@id":"https:\/\/visionarymarketing.com\/fr\/#\/schema\/person\/3754fee1e558f47b8deb46f53c37423e"},"description":"Regardons un peu l'histoire des m\u00e9dias sociaux : Le r\u00e9seau social Vero va t-il tuer Facebook, ou est-il un blockbuster \u00e9vitable ?","breadcrumb":{"@id":"https:\/\/visionarymarketing.com\/fr\/2018\/04\/24\/histoire-des-medias-sociaux\/#breadcrumb"},"inLanguage":"fr-FR","potentialAction":[{"@type":"ReadAction","target":["https:\/\/visionarymarketing.com\/fr\/2018\/04\/24\/histoire-des-medias-sociaux\/"]}]},{"@type":"ImageObject","inLanguage":"fr-FR","@id":"https:\/\/visionarymarketing.com\/fr\/2018\/04\/24\/histoire-des-medias-sociaux\/#primaryimage","url":"https:\/\/visionarymarketing.com\/wp-content\/uploads\/2018\/04\/histoire-medias-sociaux.jpg","contentUrl":"https:\/\/visionarymarketing.com\/wp-content\/uploads\/2018\/04\/histoire-medias-sociaux.jpg","width":520,"height":340,"caption":"Histoire m\u00e9dias sociaux"},{"@type":"BreadcrumbList","@id":"https:\/\/visionarymarketing.com\/fr\/2018\/04\/24\/histoire-des-medias-sociaux\/#breadcrumb","itemListElement":[{"@type":"ListItem","position":1,"name":"Home","item":"https:\/\/visionarymarketing.com\/fr\/"},{"@type":"ListItem","position":2,"name":"Vero et l\u2019histoire des m\u00e9dias sociaux"}]},{"@type":"WebSite","@id":"https:\/\/visionarymarketing.com\/fr\/#website","url":"https:\/\/visionarymarketing.com\/fr\/","name":"Marketing and Innovation","description":"Site d&#039;infos ind\u00e9pendant, depuis 1996","potentialAction":[{"@type":"SearchAction","target":{"@type":"EntryPoint","urlTemplate":"https:\/\/visionarymarketing.com\/fr\/?s={search_term_string}"},"query-input":{"@type":"PropertyValueSpecification","valueRequired":true,"valueName":"search_term_string"}}],"inLanguage":"fr-FR"},{"@type":"Person","@id":"https:\/\/visionarymarketing.com\/fr\/#\/schema\/person\/3754fee1e558f47b8deb46f53c37423e","name":"Yann Gourvennec","image":{"@type":"ImageObject","inLanguage":"fr-FR","@id":"https:\/\/secure.gravatar.com\/avatar\/5972001801e8de5692a3e31224e85769f50a55fb8b679749f9c8d1868cceff14?s=96&d=initials&r=g&initials=yg","url":"https:\/\/secure.gravatar.com\/avatar\/5972001801e8de5692a3e31224e85769f50a55fb8b679749f9c8d1868cceff14?s=96&d=initials&r=g&initials=yg","contentUrl":"https:\/\/secure.gravatar.com\/avatar\/5972001801e8de5692a3e31224e85769f50a55fb8b679749f9c8d1868cceff14?s=96&d=initials&r=g&initials=yg","caption":"Yann Gourvennec"},"description":"Yann Gourvennec created visionarymarketing.com in 1996. He is a speaker and author of many books. In 2014 he went from intrapreneur to entrepreneur, when he created his digital marketing agency. Yann Gourvennec a cr\u00e9\u00e9 visionarymarketing.com en 1996. Il est conf\u00e9rencier et auteur de plusieurs livres. En 2014, il est pass\u00e9 d'intrapreneur \u00e0 entrepreneur en cr\u00e9ant son agence de marketing num\u00e9rique.","sameAs":["https:\/\/visionarymarketing.com","http:\/\/facebook.com\/ygourven","http:\/\/linkedin.com\/in\/ygourven","https:\/\/x.com\/ygourven","https:\/\/www.youtube.com\/c\/visionarymarketingagency"],"url":"https:\/\/visionarymarketing.com\/fr\/author\/yann-gourvennec\/"}]}},"_links":{"self":[{"href":"https:\/\/visionarymarketing.com\/fr\/wp-json\/wp\/v2\/posts\/27381","targetHints":{"allow":["GET"]}}],"collection":[{"href":"https:\/\/visionarymarketing.com\/fr\/wp-json\/wp\/v2\/posts"}],"about":[{"href":"https:\/\/visionarymarketing.com\/fr\/wp-json\/wp\/v2\/types\/post"}],"author":[{"embeddable":true,"href":"https:\/\/visionarymarketing.com\/fr\/wp-json\/wp\/v2\/users\/2"}],"replies":[{"embeddable":true,"href":"https:\/\/visionarymarketing.com\/fr\/wp-json\/wp\/v2\/comments?post=27381"}],"version-history":[{"count":0,"href":"https:\/\/visionarymarketing.com\/fr\/wp-json\/wp\/v2\/posts\/27381\/revisions"}],"wp:featuredmedia":[{"embeddable":true,"href":"https:\/\/visionarymarketing.com\/fr\/wp-json\/wp\/v2\/media\/65447"}],"wp:attachment":[{"href":"https:\/\/visionarymarketing.com\/fr\/wp-json\/wp\/v2\/media?parent=27381"}],"wp:term":[{"taxonomy":"category","embeddable":true,"href":"https:\/\/visionarymarketing.com\/fr\/wp-json\/wp\/v2\/categories?post=27381"},{"taxonomy":"post_tag","embeddable":true,"href":"https:\/\/visionarymarketing.com\/fr\/wp-json\/wp\/v2\/tags?post=27381"}],"curies":[{"name":"wp","href":"https:\/\/api.w.org\/{rel}","templated":true}]}}