{"id":2720,"date":"2010-07-01T07:00:46","date_gmt":"2010-07-01T07:00:46","guid":{"rendered":"http:\/\/visionary.wordpress.com\/?p=2720"},"modified":"2024-03-01T13:36:49","modified_gmt":"2024-03-01T12:36:49","slug":"organisation-du-travail","status":"publish","type":"post","link":"https:\/\/visionarymarketing.com\/fr\/2010\/07\/01\/organisation-du-travail\/","title":{"rendered":"organisation du travail et d\u00e9veloppement durable : un rapport d&rsquo;\u00e9tonnement"},"content":{"rendered":"<p><em>Voici une vid\u00e9o de mon intervention sur travail collaboratif, organisation du travail et d\u00e9veloppement durable, dans le cadre de mon <a title=\"ACIDD - r\u00e9veils matins d\u00e9veloppement durable\" href=\"https:\/\/web.archive.org\/web\/20130124105845\/http:\/\/www.acidd.com\/UPLOAD\/article\/pages\/885_article.php\" target=\"_blank\" rel=\"noopener noreferrer\">intervention \u00e0 l&rsquo;<strong>Acidd <\/strong>du 15 avril 2010<\/a> (malgr\u00e9 les apparences c&rsquo;est bien moi, m\u00eame si je ne m&rsquo;appelle pas <\/em><em>Le Gourvennec !), dans les locaux de <span class=\"removed_link\" title=\"http:\/\/thinkdigital.capdigital.com\/\">Cap Digital<\/span>. J&rsquo;y suis intervenu \u00e0 la demande de <span class=\"removed_link\" title=\"http:\/\/www.gillesberhault.com\/\">Gilles B\u00e9rhault<\/span> et de <span class=\"removed_link\" title=\"http:\/\/www.nextmodernity.com\/category\/richard-collin\/\">Richard Collin<\/span>, organisateurs de ce petit d\u00e9jeuner. Outre la vid\u00e9o je vous livre ici en quelques points les passages marquants de cette vid\u00e9o\u00a0<\/em><\/p>\n<p><a href=\"https:\/\/visionarymarketing.com\/wp-content\/uploads\/2010\/07\/playtime1967.jpg\"><img decoding=\"async\" class=\"wp-image-2724 size-medium aligncenter\" style=\"margin-left: 10px; margin-right: 10px;\" title=\"playtime1967\" src=\"https:\/\/visionarymarketing.com\/wp-content\/uploads\/2010\/06\/playtime1967-e1598548508597-458x300.jpg\" alt=\"\" width=\"458\" height=\"300\" \/><\/a><\/p>\n<p style=\"padding-left: 60px;\">En guise d&rsquo;introduction, je conseille de lire voire de relire l&rsquo;ouvrage de Jo\u00ebl de Rosnay intitul\u00e9 <a title=\"Le MAcroscope\" href=\"http:\/\/www.amazon.fr\/macroscope-Vers-une-vision-globale\/dp\/2020045672\" target=\"_blank\" rel=\"noopener noreferrer\"><strong>Le Macroscope<\/strong><\/a>, un livre de 1976 qui d\u00e9crit merveilleusement bien la complexit\u00e9 des \u00e9conomies et de l&rsquo;\u00e9cologie, une excellente introduction \u00e0 la compr\u00e9hension de ce domaine. Mon intervention portera sur le domaine du service, cens\u00e9 repr\u00e9senter environ 70 % de la richesse de nos pays occidentaux.<!--more--><\/p>\n<p style=\"padding-left: 30px;\"><strong>\u00c9conomie symbolique<\/strong> (<a title=\"Charles Handy\" href=\"http:\/\/www.google.com\/search?q=charles+handy+trust+virtual+organisation\" target=\"_blank\" rel=\"noopener noreferrer\">cf. Charles Handy<\/a>) : notre \u00e9conomie est devenue essentiellement symbolique, comme cela \u00e9tait pr\u00e9dit d\u00e8s 1995 par le c\u00e9l\u00e8bre autreur irlandais <strong>Charles Handy<\/strong>, ce qui implique que &#8211; dans une \u00e9conomie o\u00f9 la production devient intangible &#8211; les acteurs \u00e9conomiques produisent des livrables, m\u00eame si vu de loin on ne comprend plus toujours la port\u00e9e exacte de ces livrables. Le travail devient immat\u00e9riel, et pourtant il a une valeur \u00e9conomique certaine.<\/p>\n<p style=\"padding-left: 30px;\"><strong>Internet <\/strong>se r\u00e9pand en 1995, et d\u00e9clenche un \u00e9norme espoir chez les travailleurs symboliques qui envisagent de pouvoir se lib\u00e9rer des contraintes du travail, notamment des contraintes de transport mais aussi d&rsquo;ouvrir le champ des possibles : dans le d\u00e9but des ann\u00e9es 1990: on ne pouvait \u00e0 peine g\u00e9rer un \u00e0 deux projets par an. Aujourd&rsquo;hui les outils de collaboration rendent possible la gestion de 10 \u00e0 15 projets par an. cet apport technologique permet de travailler diff\u00e9remment. En outre, apport d&rsquo;une ouverture possible sur le monde via ces outils qui sont, en th\u00e9orie du moins, internationaux.<\/p>\n<p style=\"padding-left: 30px;\"><strong>Trois exp\u00e9riences relat\u00e9es dans la vid\u00e9o:<\/strong><\/p>\n<ul style=\"padding-left: 30px;\">\n<li><a title=\"Unisys\" href=\"http:\/\/www.unisys.com\" target=\"_blank\" rel=\"noopener noreferrer\">UNISYS<\/a> en 1996 : suppression des bureaux fixes, et ma premi\u00e8re exp\u00e9rience du travail en tout lieu et en tout temps, dans des bureaux de passage (j&rsquo;avais d\u00e9j\u00e0 t\u00e2t\u00e9 du travail \u00e0 domicile d\u00e8s 1990 avec l&rsquo;achat de mon premier ordinateur portable.<\/li>\n<li>autre exemple externe et marquant, avec <span class=\"removed_link\" title=\"http:\/\/www.tntic.com\/le-t-l-travail-en-france.html\">les bureaux de proximit\u00e9<\/span> cr\u00e9\u00e9s par <a title=\"IBM\" href=\"http:\/\/www.ibm.com\" target=\"_blank\" rel=\"noopener noreferrer\">IBM<\/a> en 1995 (<span class=\"removed_link\" title=\"http:\/\/www.tntic.com\/le-t-l-travail-en-france.html\">voir le site de Jean-Michel Yolin<\/span>) : fait marquant, \u00e0 moiti\u00e9 du temps \u00e9conomis\u00e9 par les employ\u00e9s fut r\u00e9investi dans leur travail.<\/li>\n<li>dernier exemple marquant, celui d&rsquo;<a title=\"accenture\" href=\"http:\/\/accenture.com\" target=\"_blank\" rel=\"noopener noreferrer\">Accenture<\/a> : suppression des bureaux en 95 et installation sur les Champs-\u00c9lys\u00e9es en &lsquo;hoteling&rsquo; puis fermeture et cr\u00e9ation des bureaux \u00e0 la Grande biblioth\u00e8que \u00e0 la moiti\u00e9 des ann\u00e9es 2000.<\/li>\n<\/ul>\n<p style=\"padding-left: 30px;\"><strong>Quid 15 ans apr\u00e8s :<\/strong><\/p>\n<p style=\"padding-left: 30px;\">Retour sur le film de <strong>Jacques Tati<\/strong>, <a title=\"Playtime de Jacques Tati - 1967\" href=\"http:\/\/fr.wikipedia.org\/wiki\/Playtime_%28film%29\" target=\"_blank\" rel=\"noopener noreferrer\">PlayTime<\/a>, en 1967. Ce qui \u00e9tait visionnaire dans ce film, c&rsquo;est l&rsquo;arriv\u00e9e du mod\u00e8le anglo-saxon des ann\u00e9es 70, celui intitul\u00e9 des \u00ab cublicles\u00bb (<span class=\"removed_link\" title=\"https:\/\/visionarymarketing.com\/miconos\/biblio.html#dilbert\">cf. le principe de Dilbert<\/span>) qui sont en soi un \u00e9cosyst\u00e8me. Dans les grandes soci\u00e9t\u00e9s, que trouve-t-on encore aujourd&rsquo;hui ? toujours la m\u00eame chose ! Avec des variantes cependant. En France : 15 ans apr\u00e8s on n&rsquo;en est seulement en train de mettre cela en \u0153uvre ; m\u00eame si la tendance chez nous est de supprimer les cloisons d&rsquo;isolation phonique pour une raison que je m&rsquo;explique mal.<\/p>\n<p><iframe title=\"Yann Le Gourvennec Web 2.0 et d\u00e9veloppement durable\" width=\"500\" height=\"375\" src=\"https:\/\/www.youtube.com\/embed\/C49_RAZ9Yus?feature=oembed\" frameborder=\"0\" allow=\"accelerometer; autoplay; clipboard-write; encrypted-media; gyroscope; picture-in-picture; web-share\" referrerpolicy=\"strict-origin-when-cross-origin\" allowfullscreen><\/iframe><\/p>\n","protected":false},"excerpt":{"rendered":"<p>Voici une vid\u00e9o de mon intervention sur travail collaboratif, organisation du travail et d\u00e9veloppement durable, dans le cadre de mon intervention \u00e0 l&rsquo;Acidd du 15 avril 2010 (malgr\u00e9 les apparences c&rsquo;est bien moi, m\u00eame si je ne m&rsquo;appelle pas Le Gourvennec !), dans les locaux de Cap Digital. J&rsquo;y suis intervenu \u00e0 la demande de &hellip;<\/p>\n","protected":false},"author":2,"featured_media":2724,"comment_status":"open","ping_status":"open","sticky":false,"template":"","format":"standard","meta":{"footnotes":""},"categories":[2808],"tags":[],"class_list":["post-2720","post","type-post","status-publish","format-standard","has-post-thumbnail","hentry","category-transformation-digitale"],"yoast_head":"<!-- This site is optimized with the Yoast SEO plugin v27.5 - https:\/\/yoast.com\/product\/yoast-seo-wordpress\/ -->\n<title>organisation du travail et d\u00e9veloppement durable : un rapport d&#039;\u00e9tonnement<\/title>\n<meta name=\"description\" content=\"Voici une vid\u00e9o de mon intervention sur travail collaboratif, organisation du travail et d\u00e9veloppement durable, dans le cadre de mon intervention \u00e0\" \/>\n<meta name=\"robots\" content=\"index, follow, max-snippet:-1, max-image-preview:large, max-video-preview:-1\" \/>\n<link rel=\"canonical\" href=\"https:\/\/visionarymarketing.com\/fr\/2010\/07\/01\/organisation-du-travail\/\" \/>\n<meta property=\"og:locale\" content=\"fr_FR\" \/>\n<meta property=\"og:type\" content=\"article\" \/>\n<meta property=\"og:title\" content=\"organisation du travail et d\u00e9veloppement durable : un rapport d&#039;\u00e9tonnement\" \/>\n<meta property=\"og:description\" content=\"Voici une vid\u00e9o de mon intervention sur travail collaboratif, organisation du travail et d\u00e9veloppement durable, dans le cadre de mon intervention \u00e0\" \/>\n<meta property=\"og:url\" content=\"https:\/\/visionarymarketing.com\/fr\/2010\/07\/01\/organisation-du-travail\/\" \/>\n<meta property=\"og:site_name\" content=\"Marketing and Innovation\" \/>\n<meta property=\"article:publisher\" content=\"https:\/\/www.facebook.com\/vismktg\" \/>\n<meta property=\"article:author\" content=\"http:\/\/facebook.com\/ygourven\" \/>\n<meta property=\"article:published_time\" content=\"2010-07-01T07:00:46+00:00\" \/>\n<meta property=\"article:modified_time\" content=\"2024-03-01T12:36:49+00:00\" \/>\n<meta property=\"og:image\" content=\"https:\/\/visionarymarketing.com\/wp-content\/uploads\/2010\/06\/playtime1967-e1598548508597.jpg\" \/>\n\t<meta property=\"og:image:width\" content=\"519\" \/>\n\t<meta property=\"og:image:height\" content=\"340\" \/>\n\t<meta property=\"og:image:type\" content=\"image\/jpeg\" \/>\n<meta name=\"author\" content=\"Yann Gourvennec\" \/>\n<meta name=\"twitter:card\" content=\"summary_large_image\" \/>\n<meta name=\"twitter:creator\" content=\"@ygourven\" \/>\n<meta name=\"twitter:site\" content=\"@ygourven\" \/>\n<meta name=\"twitter:label1\" content=\"\u00c9crit par\" \/>\n\t<meta name=\"twitter:data1\" content=\"Yann Gourvennec\" \/>\n\t<meta name=\"twitter:label2\" content=\"Dur\u00e9e de lecture estim\u00e9e\" \/>\n\t<meta name=\"twitter:data2\" content=\"3 minutes\" \/>\n<script type=\"application\/ld+json\" class=\"yoast-schema-graph\">{\"@context\":\"https:\\\/\\\/schema.org\",\"@graph\":[{\"@type\":\"NewsArticle\",\"@id\":\"https:\\\/\\\/visionarymarketing.com\\\/fr\\\/2010\\\/07\\\/01\\\/organisation-du-travail\\\/#article\",\"isPartOf\":{\"@id\":\"https:\\\/\\\/visionarymarketing.com\\\/fr\\\/2010\\\/07\\\/01\\\/organisation-du-travail\\\/\"},\"author\":{\"name\":\"Yann Gourvennec\",\"@id\":\"https:\\\/\\\/visionarymarketing.com\\\/fr\\\/#\\\/schema\\\/person\\\/3754fee1e558f47b8deb46f53c37423e\"},\"headline\":\"organisation du travail et d\u00e9veloppement durable : un rapport d&rsquo;\u00e9tonnement\",\"datePublished\":\"2010-07-01T07:00:46+00:00\",\"dateModified\":\"2024-03-01T12:36:49+00:00\",\"mainEntityOfPage\":{\"@id\":\"https:\\\/\\\/visionarymarketing.com\\\/fr\\\/2010\\\/07\\\/01\\\/organisation-du-travail\\\/\"},\"wordCount\":585,\"commentCount\":0,\"image\":{\"@id\":\"https:\\\/\\\/visionarymarketing.com\\\/fr\\\/2010\\\/07\\\/01\\\/organisation-du-travail\\\/#primaryimage\"},\"thumbnailUrl\":\"https:\\\/\\\/visionarymarketing.com\\\/wp-content\\\/uploads\\\/2010\\\/06\\\/playtime1967-e1598548508597.jpg\",\"articleSection\":[\"Transformation\"],\"inLanguage\":\"fr-FR\",\"potentialAction\":[{\"@type\":\"CommentAction\",\"name\":\"Comment\",\"target\":[\"https:\\\/\\\/visionarymarketing.com\\\/fr\\\/2010\\\/07\\\/01\\\/organisation-du-travail\\\/#respond\"]}]},{\"@type\":\"WebPage\",\"@id\":\"https:\\\/\\\/visionarymarketing.com\\\/fr\\\/2010\\\/07\\\/01\\\/organisation-du-travail\\\/\",\"url\":\"https:\\\/\\\/visionarymarketing.com\\\/fr\\\/2010\\\/07\\\/01\\\/organisation-du-travail\\\/\",\"name\":\"organisation du travail et d\u00e9veloppement durable : un rapport d'\u00e9tonnement\",\"isPartOf\":{\"@id\":\"https:\\\/\\\/visionarymarketing.com\\\/fr\\\/#website\"},\"primaryImageOfPage\":{\"@id\":\"https:\\\/\\\/visionarymarketing.com\\\/fr\\\/2010\\\/07\\\/01\\\/organisation-du-travail\\\/#primaryimage\"},\"image\":{\"@id\":\"https:\\\/\\\/visionarymarketing.com\\\/fr\\\/2010\\\/07\\\/01\\\/organisation-du-travail\\\/#primaryimage\"},\"thumbnailUrl\":\"https:\\\/\\\/visionarymarketing.com\\\/wp-content\\\/uploads\\\/2010\\\/06\\\/playtime1967-e1598548508597.jpg\",\"datePublished\":\"2010-07-01T07:00:46+00:00\",\"dateModified\":\"2024-03-01T12:36:49+00:00\",\"author\":{\"@id\":\"https:\\\/\\\/visionarymarketing.com\\\/fr\\\/#\\\/schema\\\/person\\\/3754fee1e558f47b8deb46f53c37423e\"},\"description\":\"Voici une vid\u00e9o de mon intervention sur travail collaboratif, organisation du travail et d\u00e9veloppement durable, dans le cadre de mon intervention \u00e0\",\"breadcrumb\":{\"@id\":\"https:\\\/\\\/visionarymarketing.com\\\/fr\\\/2010\\\/07\\\/01\\\/organisation-du-travail\\\/#breadcrumb\"},\"inLanguage\":\"fr-FR\",\"potentialAction\":[{\"@type\":\"ReadAction\",\"target\":[\"https:\\\/\\\/visionarymarketing.com\\\/fr\\\/2010\\\/07\\\/01\\\/organisation-du-travail\\\/\"]}]},{\"@type\":\"ImageObject\",\"inLanguage\":\"fr-FR\",\"@id\":\"https:\\\/\\\/visionarymarketing.com\\\/fr\\\/2010\\\/07\\\/01\\\/organisation-du-travail\\\/#primaryimage\",\"url\":\"https:\\\/\\\/visionarymarketing.com\\\/wp-content\\\/uploads\\\/2010\\\/06\\\/playtime1967-e1598548508597.jpg\",\"contentUrl\":\"https:\\\/\\\/visionarymarketing.com\\\/wp-content\\\/uploads\\\/2010\\\/06\\\/playtime1967-e1598548508597.jpg\",\"width\":519,\"height\":340},{\"@type\":\"BreadcrumbList\",\"@id\":\"https:\\\/\\\/visionarymarketing.com\\\/fr\\\/2010\\\/07\\\/01\\\/organisation-du-travail\\\/#breadcrumb\",\"itemListElement\":[{\"@type\":\"ListItem\",\"position\":1,\"name\":\"Home\",\"item\":\"https:\\\/\\\/visionarymarketing.com\\\/fr\\\/\"},{\"@type\":\"ListItem\",\"position\":2,\"name\":\"organisation du travail et d\u00e9veloppement durable : un rapport d&rsquo;\u00e9tonnement\"}]},{\"@type\":\"WebSite\",\"@id\":\"https:\\\/\\\/visionarymarketing.com\\\/fr\\\/#website\",\"url\":\"https:\\\/\\\/visionarymarketing.com\\\/fr\\\/\",\"name\":\"Marketing and Innovation\",\"description\":\"Site d&#039;infos ind\u00e9pendant, depuis 1996\",\"potentialAction\":[{\"@type\":\"SearchAction\",\"target\":{\"@type\":\"EntryPoint\",\"urlTemplate\":\"https:\\\/\\\/visionarymarketing.com\\\/fr\\\/?s={search_term_string}\"},\"query-input\":{\"@type\":\"PropertyValueSpecification\",\"valueRequired\":true,\"valueName\":\"search_term_string\"}}],\"inLanguage\":\"fr-FR\"},{\"@type\":\"Person\",\"@id\":\"https:\\\/\\\/visionarymarketing.com\\\/fr\\\/#\\\/schema\\\/person\\\/3754fee1e558f47b8deb46f53c37423e\",\"name\":\"Yann Gourvennec\",\"image\":{\"@type\":\"ImageObject\",\"inLanguage\":\"fr-FR\",\"@id\":\"https:\\\/\\\/secure.gravatar.com\\\/avatar\\\/5972001801e8de5692a3e31224e85769f50a55fb8b679749f9c8d1868cceff14?s=96&d=initials&r=g&initials=yg\",\"url\":\"https:\\\/\\\/secure.gravatar.com\\\/avatar\\\/5972001801e8de5692a3e31224e85769f50a55fb8b679749f9c8d1868cceff14?s=96&d=initials&r=g&initials=yg\",\"contentUrl\":\"https:\\\/\\\/secure.gravatar.com\\\/avatar\\\/5972001801e8de5692a3e31224e85769f50a55fb8b679749f9c8d1868cceff14?s=96&d=initials&r=g&initials=yg\",\"caption\":\"Yann Gourvennec\"},\"description\":\"Yann Gourvennec created visionarymarketing.com in 1996. He is a speaker and author of many books. In 2014 he went from intrapreneur to entrepreneur, when he created his digital marketing agency. Yann Gourvennec a cr\u00e9\u00e9 visionarymarketing.com en 1996. Il est conf\u00e9rencier et auteur de plusieurs livres. En 2014, il est pass\u00e9 d'intrapreneur \u00e0 entrepreneur en cr\u00e9ant son agence de marketing num\u00e9rique.\",\"sameAs\":[\"https:\\\/\\\/visionarymarketing.com\",\"http:\\\/\\\/facebook.com\\\/ygourven\",\"http:\\\/\\\/linkedin.com\\\/in\\\/ygourven\",\"https:\\\/\\\/x.com\\\/ygourven\",\"https:\\\/\\\/www.youtube.com\\\/c\\\/visionarymarketingagency\"],\"url\":\"https:\\\/\\\/visionarymarketing.com\\\/fr\\\/author\\\/yann-gourvennec\\\/\"}]}<\/script>\n<!-- \/ Yoast SEO plugin. -->","yoast_head_json":{"title":"organisation du travail et d\u00e9veloppement durable : un rapport d'\u00e9tonnement","description":"Voici une vid\u00e9o de mon intervention sur travail collaboratif, organisation du travail et d\u00e9veloppement durable, dans le cadre de mon intervention \u00e0","robots":{"index":"index","follow":"follow","max-snippet":"max-snippet:-1","max-image-preview":"max-image-preview:large","max-video-preview":"max-video-preview:-1"},"canonical":"https:\/\/visionarymarketing.com\/fr\/2010\/07\/01\/organisation-du-travail\/","og_locale":"fr_FR","og_type":"article","og_title":"organisation du travail et d\u00e9veloppement durable : un rapport d'\u00e9tonnement","og_description":"Voici une vid\u00e9o de mon intervention sur travail collaboratif, organisation du travail et d\u00e9veloppement durable, dans le cadre de mon intervention \u00e0","og_url":"https:\/\/visionarymarketing.com\/fr\/2010\/07\/01\/organisation-du-travail\/","og_site_name":"Marketing and Innovation","article_publisher":"https:\/\/www.facebook.com\/vismktg","article_author":"http:\/\/facebook.com\/ygourven","article_published_time":"2010-07-01T07:00:46+00:00","article_modified_time":"2024-03-01T12:36:49+00:00","og_image":[{"width":519,"height":340,"url":"https:\/\/visionarymarketing.com\/wp-content\/uploads\/2010\/06\/playtime1967-e1598548508597.jpg","type":"image\/jpeg"}],"author":"Yann Gourvennec","twitter_card":"summary_large_image","twitter_creator":"@ygourven","twitter_site":"@ygourven","twitter_misc":{"\u00c9crit par":"Yann Gourvennec","Dur\u00e9e de lecture estim\u00e9e":"3 minutes"},"schema":{"@context":"https:\/\/schema.org","@graph":[{"@type":"NewsArticle","@id":"https:\/\/visionarymarketing.com\/fr\/2010\/07\/01\/organisation-du-travail\/#article","isPartOf":{"@id":"https:\/\/visionarymarketing.com\/fr\/2010\/07\/01\/organisation-du-travail\/"},"author":{"name":"Yann Gourvennec","@id":"https:\/\/visionarymarketing.com\/fr\/#\/schema\/person\/3754fee1e558f47b8deb46f53c37423e"},"headline":"organisation du travail et d\u00e9veloppement durable : un rapport d&rsquo;\u00e9tonnement","datePublished":"2010-07-01T07:00:46+00:00","dateModified":"2024-03-01T12:36:49+00:00","mainEntityOfPage":{"@id":"https:\/\/visionarymarketing.com\/fr\/2010\/07\/01\/organisation-du-travail\/"},"wordCount":585,"commentCount":0,"image":{"@id":"https:\/\/visionarymarketing.com\/fr\/2010\/07\/01\/organisation-du-travail\/#primaryimage"},"thumbnailUrl":"https:\/\/visionarymarketing.com\/wp-content\/uploads\/2010\/06\/playtime1967-e1598548508597.jpg","articleSection":["Transformation"],"inLanguage":"fr-FR","potentialAction":[{"@type":"CommentAction","name":"Comment","target":["https:\/\/visionarymarketing.com\/fr\/2010\/07\/01\/organisation-du-travail\/#respond"]}]},{"@type":"WebPage","@id":"https:\/\/visionarymarketing.com\/fr\/2010\/07\/01\/organisation-du-travail\/","url":"https:\/\/visionarymarketing.com\/fr\/2010\/07\/01\/organisation-du-travail\/","name":"organisation du travail et d\u00e9veloppement durable : un rapport d'\u00e9tonnement","isPartOf":{"@id":"https:\/\/visionarymarketing.com\/fr\/#website"},"primaryImageOfPage":{"@id":"https:\/\/visionarymarketing.com\/fr\/2010\/07\/01\/organisation-du-travail\/#primaryimage"},"image":{"@id":"https:\/\/visionarymarketing.com\/fr\/2010\/07\/01\/organisation-du-travail\/#primaryimage"},"thumbnailUrl":"https:\/\/visionarymarketing.com\/wp-content\/uploads\/2010\/06\/playtime1967-e1598548508597.jpg","datePublished":"2010-07-01T07:00:46+00:00","dateModified":"2024-03-01T12:36:49+00:00","author":{"@id":"https:\/\/visionarymarketing.com\/fr\/#\/schema\/person\/3754fee1e558f47b8deb46f53c37423e"},"description":"Voici une vid\u00e9o de mon intervention sur travail collaboratif, organisation du travail et d\u00e9veloppement durable, dans le cadre de mon intervention \u00e0","breadcrumb":{"@id":"https:\/\/visionarymarketing.com\/fr\/2010\/07\/01\/organisation-du-travail\/#breadcrumb"},"inLanguage":"fr-FR","potentialAction":[{"@type":"ReadAction","target":["https:\/\/visionarymarketing.com\/fr\/2010\/07\/01\/organisation-du-travail\/"]}]},{"@type":"ImageObject","inLanguage":"fr-FR","@id":"https:\/\/visionarymarketing.com\/fr\/2010\/07\/01\/organisation-du-travail\/#primaryimage","url":"https:\/\/visionarymarketing.com\/wp-content\/uploads\/2010\/06\/playtime1967-e1598548508597.jpg","contentUrl":"https:\/\/visionarymarketing.com\/wp-content\/uploads\/2010\/06\/playtime1967-e1598548508597.jpg","width":519,"height":340},{"@type":"BreadcrumbList","@id":"https:\/\/visionarymarketing.com\/fr\/2010\/07\/01\/organisation-du-travail\/#breadcrumb","itemListElement":[{"@type":"ListItem","position":1,"name":"Home","item":"https:\/\/visionarymarketing.com\/fr\/"},{"@type":"ListItem","position":2,"name":"organisation du travail et d\u00e9veloppement durable : un rapport d&rsquo;\u00e9tonnement"}]},{"@type":"WebSite","@id":"https:\/\/visionarymarketing.com\/fr\/#website","url":"https:\/\/visionarymarketing.com\/fr\/","name":"Marketing and Innovation","description":"Site d&#039;infos ind\u00e9pendant, depuis 1996","potentialAction":[{"@type":"SearchAction","target":{"@type":"EntryPoint","urlTemplate":"https:\/\/visionarymarketing.com\/fr\/?s={search_term_string}"},"query-input":{"@type":"PropertyValueSpecification","valueRequired":true,"valueName":"search_term_string"}}],"inLanguage":"fr-FR"},{"@type":"Person","@id":"https:\/\/visionarymarketing.com\/fr\/#\/schema\/person\/3754fee1e558f47b8deb46f53c37423e","name":"Yann Gourvennec","image":{"@type":"ImageObject","inLanguage":"fr-FR","@id":"https:\/\/secure.gravatar.com\/avatar\/5972001801e8de5692a3e31224e85769f50a55fb8b679749f9c8d1868cceff14?s=96&d=initials&r=g&initials=yg","url":"https:\/\/secure.gravatar.com\/avatar\/5972001801e8de5692a3e31224e85769f50a55fb8b679749f9c8d1868cceff14?s=96&d=initials&r=g&initials=yg","contentUrl":"https:\/\/secure.gravatar.com\/avatar\/5972001801e8de5692a3e31224e85769f50a55fb8b679749f9c8d1868cceff14?s=96&d=initials&r=g&initials=yg","caption":"Yann Gourvennec"},"description":"Yann Gourvennec created visionarymarketing.com in 1996. He is a speaker and author of many books. In 2014 he went from intrapreneur to entrepreneur, when he created his digital marketing agency. Yann Gourvennec a cr\u00e9\u00e9 visionarymarketing.com en 1996. Il est conf\u00e9rencier et auteur de plusieurs livres. En 2014, il est pass\u00e9 d'intrapreneur \u00e0 entrepreneur en cr\u00e9ant son agence de marketing num\u00e9rique.","sameAs":["https:\/\/visionarymarketing.com","http:\/\/facebook.com\/ygourven","http:\/\/linkedin.com\/in\/ygourven","https:\/\/x.com\/ygourven","https:\/\/www.youtube.com\/c\/visionarymarketingagency"],"url":"https:\/\/visionarymarketing.com\/fr\/author\/yann-gourvennec\/"}]}},"_links":{"self":[{"href":"https:\/\/visionarymarketing.com\/fr\/wp-json\/wp\/v2\/posts\/2720","targetHints":{"allow":["GET"]}}],"collection":[{"href":"https:\/\/visionarymarketing.com\/fr\/wp-json\/wp\/v2\/posts"}],"about":[{"href":"https:\/\/visionarymarketing.com\/fr\/wp-json\/wp\/v2\/types\/post"}],"author":[{"embeddable":true,"href":"https:\/\/visionarymarketing.com\/fr\/wp-json\/wp\/v2\/users\/2"}],"replies":[{"embeddable":true,"href":"https:\/\/visionarymarketing.com\/fr\/wp-json\/wp\/v2\/comments?post=2720"}],"version-history":[{"count":0,"href":"https:\/\/visionarymarketing.com\/fr\/wp-json\/wp\/v2\/posts\/2720\/revisions"}],"wp:featuredmedia":[{"embeddable":true,"href":"https:\/\/visionarymarketing.com\/fr\/wp-json\/wp\/v2\/media\/2724"}],"wp:attachment":[{"href":"https:\/\/visionarymarketing.com\/fr\/wp-json\/wp\/v2\/media?parent=2720"}],"wp:term":[{"taxonomy":"category","embeddable":true,"href":"https:\/\/visionarymarketing.com\/fr\/wp-json\/wp\/v2\/categories?post=2720"},{"taxonomy":"post_tag","embeddable":true,"href":"https:\/\/visionarymarketing.com\/fr\/wp-json\/wp\/v2\/tags?post=2720"}],"curies":[{"name":"wp","href":"https:\/\/api.w.org\/{rel}","templated":true}]}}