{"id":27029,"date":"2018-02-22T09:00:46","date_gmt":"2018-02-22T08:00:46","guid":{"rendered":"http:\/\/visionarymarketing.fr\/blog\/?p=27029"},"modified":"2023-12-11T08:24:57","modified_gmt":"2023-12-11T07:24:57","slug":"net-neutralite-la-fin-dinternet-pour-tous","status":"publish","type":"post","link":"https:\/\/visionarymarketing.com\/fr\/2018\/02\/22\/net-neutralite-la-fin-dinternet-pour-tous\/","title":{"rendered":"Net neutralit\u00e9 : la fin d&rsquo;Internet pour tous ?"},"content":{"rendered":"<p><em>NDLR : Benedetta est une \u00e9l\u00e8ve de 3\u00e8me qui a pass\u00e9 une semaine chez Visionary Marketing dans un stage de d\u00e9couverte du monde de l&rsquo;entreprise. Dans le cadre de ce stage, je lui ai demand\u00e9 d&rsquo;utiliser ses capacit\u00e9s linguistiques (elle est italienne et parle couramment 3 langues) afin de dresser un panorama de la net neutralit\u00e9 au travers de la presse italienne, anglaise et francophone d&rsquo;Europe. Malgr\u00e9 son jeune \u00e2ge, elle a 14 ans, Benedetta a fait montre d&rsquo;une grande maturit\u00e9 et son analyse d&rsquo;un sujet pourtant extr\u00eamement complexe, est pertinente et int\u00e9ressante. J&rsquo;ai donc d\u00e9cid\u00e9 de publier son article pour le b\u00e9n\u00e9fice de nos lecteurs.<\/em><\/p>\n<p>Les USA \u00e9tant un des pays les plus puissants au monde, la d\u00e9cision du gouvernement Trump au sujet d\u2019Internet va-t-elle influencer l\u2019Europe et le reste du monde\u00a0? Je me suis int\u00e9ress\u00e9e \u00e0 la mani\u00e8re dont la net neutralit\u00e9 est abord\u00e9e dans diff\u00e9rents pays\u00a0: France, Grande-Bretagne, Italie, Belgique et Suisse.<\/p>\n<h2>Qu\u2019est-ce que la net neutralit\u00e9\u00a0?<\/h2>\n<figure id=\"attachment_27050\" aria-describedby=\"caption-attachment-27050\" style=\"width: 493px\" class=\"wp-caption alignright\"><img decoding=\"async\" class=\"wp-image-27050 size-medium\" title=\"net neutralit\u00e9\" src=\"https:\/\/visionarymarketing.com\/wp-content\/uploads\/2018\/02\/new-piktochart_28203550-493x300.png\" alt=\"net neutralit\u00e9\" width=\"493\" height=\"300\" srcset=\"https:\/\/visionarymarketing.com\/wp-content\/uploads\/2018\/02\/new-piktochart_28203550-493x300.png 493w, https:\/\/visionarymarketing.com\/wp-content\/uploads\/2018\/02\/new-piktochart_28203550-1024x623.png 1024w, https:\/\/visionarymarketing.com\/wp-content\/uploads\/2018\/02\/new-piktochart_28203550-768x468.png 768w, https:\/\/visionarymarketing.com\/wp-content\/uploads\/2018\/02\/new-piktochart_28203550-1536x935.png 1536w, https:\/\/visionarymarketing.com\/wp-content\/uploads\/2018\/02\/new-piktochart_28203550.png 1920w\" sizes=\"(max-width: 493px) 100vw, 493px\" \/><figcaption id=\"caption-attachment-27050\" class=\"wp-caption-text\">Qu\u2019en sera-t-il demain de l\u2019Internet que nous connaissons aujourd\u2019hui\u00a0?<\/figcaption><\/figure>\n<p style=\"text-align: left;\">La <strong><em>net neutralit\u00e9<\/em><\/strong> permet d\u2019assurer que tout le trafic sur Internet soit trait\u00e9 de la m\u00eame mani\u00e8re et donc de faire en sorte que les fournisseurs d\u2019acc\u00e8s \u00e0 Internet ne fassent pas de favoritisme par rapport aux contenus qui passent dans leurs \u00ab\u00a0tuyaux\u00a0\u00bb. Les blogs et les journaux semblent se focaliser sur ce point apr\u00e8s l\u2019action de l\u2019administration Trump, qui a d\u00e9cid\u00e9 de <strong>supprimer cette neutralit\u00e9 aux \u00c9tats-Unis.<\/strong>\u00a0<a href=\"http:\/\/www.lefigaro.fr\/secteur\/high-tech\/2017\/12\/15\/32001-20171215ARTFIG00110-les-etats-unis-votent-la-fin-de-neutralite-du-net.php\">Le Figaro<\/a> a m\u00eame appel\u00e9 cela \u00ab\u00a0Cadeaux de No\u00ebl aux g\u00e9ants des t\u00e9l\u00e9coms\u00a0\u00bb. Mais pourquoi exactement\u00a0?<\/p>\n<p>Cette d\u00e9cision a en effet favoris\u00e9 les int\u00e9r\u00eats des FAI (Fournisseurs d\u2019Acc\u00e8s Internet) comme Verizon, AT&amp;T et Sprint, car depuis le 14 d\u00e9cembre 2017 les fournisseurs d\u2019acc\u00e8s Internet am\u00e9ricains ont le droit de <strong>favoriser le trafic d\u2019entreprises qui ont les moyens de payer<\/strong> et de <strong>laisser toutes les autres<\/strong> <strong>sur une voie lente<\/strong>, cr\u00e9ant ainsi un <strong>r\u00e9seau \u00e0 deux vitesses<\/strong>. Verizon a cependant d\u00e9clar\u00e9 qu\u2019il n\u2019utiliserait pas ce droit.<\/p>\n<p><!--more--><\/p>\n<p>Les <strong>petites entreprises<\/strong> et les <strong>startups<\/strong> qui n\u2019ont pas les moyens de payer risqueraient donc d\u2019\u00eatre un jour <strong>d\u00e9savantag\u00e9es<\/strong> et peut-\u00eatre m\u00eame d\u2019\u00eatre \u00e9cras\u00e9es par les puissantes industries multimilliardaires, car il n\u2019y aurait plus de <strong>libert\u00e9 de concourir<\/strong>. Pour nous citoyens, \u00e0 supposer qu\u2019une d\u00e9cision similaire puisse s\u2019appliquer \u00e0 l\u2019Europe, cela indiquerait une <strong>hausse des tarifs des abonnements<\/strong> comme par exemple celui de Netflix.<\/p>\n<p>Du fait de la suppression de la net neutralit\u00e9, les FAI seraient potentiellement en condition de <strong>pouvoir contr\u00f4ler ce que nous lisons en tant qu\u2019internautes<\/strong><u>,<\/u> puisqu\u2019ils pourraient choisir les contenus \u00e0 nous mettre \u00e0 disposition. Le journal suisse <a href=\"https:\/\/www.letemps.ch\/economie\/geants-web-defendent-neutralite-net\">Le Temps<\/a> a appel\u00e9 cela \u00ab\u00a0risque de censure\u00a0\u00bb. Mais la censure est directement reli\u00e9e \u00e0 la libert\u00e9 de parole et si Internet subit des censures, il n\u2019y aura plus de <strong>libert\u00e9 de parole<\/strong>. Qu\u2019en sera-t-il demain de l\u2019Internet que nous connaissons aujourd\u2019hui\u00a0?<\/p>\n<p>Nous sommes d\u00e9j\u00e0 chaque jour influenc\u00e9s par le pouvoir d\u2019Internet, les informations qu\u2019il nous fournit. Si quelqu\u2019un a le pouvoir de contr\u00f4ler les contenus que nous lisons, il a \u00e9galement le pouvoir de nous influencer.<\/p>\n<h2>Le niveau de conscience des Europ\u00e9ens<\/h2>\n<figure id=\"attachment_27044\" aria-describedby=\"caption-attachment-27044\" style=\"width: 300px\" class=\"wp-caption alignleft\"><img decoding=\"async\" class=\"wp-image-27044 size-medium\" title=\"net neutralit\u00e9\" src=\"https:\/\/visionarymarketing.com\/wp-content\/uploads\/2018\/02\/30416532440_2a29b8b978_z-300x300.jpg\" alt=\"net neutralit\u00e9\" width=\"300\" height=\"300\" srcset=\"https:\/\/visionarymarketing.com\/wp-content\/uploads\/2018\/02\/30416532440_2a29b8b978_z-300x300.jpg 300w, https:\/\/visionarymarketing.com\/wp-content\/uploads\/2018\/02\/30416532440_2a29b8b978_z-150x150.jpg 150w, https:\/\/visionarymarketing.com\/wp-content\/uploads\/2018\/02\/30416532440_2a29b8b978_z.jpg 640w\" sizes=\"(max-width: 300px) 100vw, 300px\" \/><figcaption id=\"caption-attachment-27044\" class=\"wp-caption-text\"><em>Du fait de la suppression de la net neutralit\u00e9, les FAI seraient potentiellement en condition de pouvoir contr\u00f4ler ce que nous lisons en tant qu\u2019internautes.<\/em><\/figcaption><\/figure>\n<p>Qu\u2019en est-il du niveau de conscience des Europ\u00e9ens vis-\u00e0-vis de ces \u00e9volutions de la net neutralit\u00e9\u00a0? Une <a href=\"https:\/\/web.archive.org\/web\/20220702171126\/https:\/\/berec.europa.eu\/eng\/document_register\/subject_matter\/berec\/reports\/5024-berec-report-on-how-consumers-value-net-neutrality-in-an-evolving-internet-marketplace-a-report-into-ecosystem-dynamics-and-demand-side-forces\">\u00e9tude du BEREC<\/a> (Body of Europeans Regulators for Electronic Communication), bas\u00e9e sur des statistiques issues de quatre pays Europ\u00e9ens (Su\u00e8de, Croatie, Gr\u00e8ce et R\u00e9publique Tch\u00e8que), a d\u00e9montr\u00e9 que <strong>les citoyens de notre continent ne connaissent pas assez cet argument pour en d\u00e9battre<\/strong>. Probablement parce qu\u2019il s\u2019agit d\u2019un argument qui est tr\u00e8s sous-estim\u00e9 par les utilisateurs et qui est donc ignor\u00e9.<\/p>\n<p>Les divers <strong>gouvernements prennent des pr\u00e9cautions<\/strong> au niveau des lois pour sauvegarder la neutralit\u00e9 du r\u00e9seau.<\/p>\n<p>En France la neutralit\u00e9 est prot\u00e9g\u00e9e par une loi europ\u00e9enne transpos\u00e9e dans la <a href=\"http:\/\/www.rtl.fr\/actu\/politique\/loi-sur-le-numerique-que-contient-le-texte-adopte-au-senat-7783088520\">loi pour une R\u00e9publique num\u00e9rique.<\/a> De plus l\u2019<a href=\"https:\/\/www.arcep.fr\/\">Arcep<\/a> (Autorit\u00e9 de R\u00e9gulation des Communications \u00c9lectroniques et des Postes) est charg\u00e9e d\u2019assurer son respect.<\/p>\n<p>En Italie, la pr\u00e9sidente de la Chambre, Laura Boldrini, a d\u00e9fini l\u2019abolition de la net neutralit\u00e9 aux \u00c9tats-Unis comme un fait \u00ab\u00a0grave\u00a0\u00bb. Dans ce pays il existe aussi une D\u00e9claration des Droits d\u2019Internet depuis 2015, qui comprend 14 articles. Le journal <a href=\"https:\/\/web.archive.org\/web\/20180507131413\/http:\/\/www.lastampa.it:80\/2017\/12\/15\/tecnologia\/news\/cos-la-net-neutrality-e-la-situazione-in-italia-7Uddc1s824PCw6LXMTHYcO\/pagina.html\">La Stampa<\/a> affirme que cette bataille sera longue, mais que ce seront les citoyens am\u00e9ricains qui en subiront les cons\u00e9quences imm\u00e9diates.<\/p>\n<p>En Belgique le contr\u00f4le de la conformit\u00e9 aux r\u00e8gles d\u2019Internet est assur\u00e9 par l\u2019IBPT (Institut Belge des services Postaux et des T\u00e9l\u00e9communications), qui a affirm\u00e9\u00a0:\u00ab\u00a0Il n\u2019y a pas de s\u00e9rieux motifs de pr\u00e9occupation en Belgique sur le plan d\u2019acc\u00e8s \u00e0 un Internet ouvert\u00a0\u00bb<\/p>\n<p>En 2013, en Suisse <a href=\"https:\/\/www.24heures.ch\/high-tech\/web\/suisse-protege-neutralite-net\/story\/26424468\">Balthasar Gl\u00e4ttli<\/a> avait exprim\u00e9 dans une interview au journal suisse 24 Heures son sentiment de devoir ancrer la net neutralit\u00e9 dans la loi, affirmant que d\u00e9j\u00e0 pour 20% des utilisateurs la neutralit\u00e9 \u00e9tait viol\u00e9e.<\/p>\n<p>La <a href=\"http:\/\/www.bbc.com\/news\/technology-42348041\">BBC<\/a> affirme que les changements aux \u00c9tats-Unis n\u2019affecteront pas directement les utilisateurs hors de ce pays, mais cela soulignera encore plus les diff\u00e9rences philosophiques entre la mani\u00e8re Am\u00e9ricaine et la mani\u00e8re Europ\u00e9enne de traiter les droits digitaux. La Grande-Bretagne ne craint pas ces changements gr\u00e2ce aux lois europ\u00e9ennes cr\u00e9\u00e9es en 2016. \u00ab\u00a0Nous devrons rester vigilants \u00e0 ce que les r\u00e8gles de la net neutralit\u00e9 ne soient alt\u00e9r\u00e9es apr\u00e8s le Brexit\u00a0\u00bb d\u00e9clare <a href=\"https:\/\/news.sky.com\/story\/net-neutrality-should-uk-citizens-be-worried-about-us-changes-10945518\">Johnson-Williams.<\/a><\/p>\n<h2>Un d\u00e9bat qui d\u00e9bute en Am\u00e9rique<\/h2>\n<figure id=\"attachment_27045\" aria-describedby=\"caption-attachment-27045\" style=\"width: 450px\" class=\"wp-caption alignright\"><img decoding=\"async\" class=\"wp-image-27045 size-medium\" title=\"net neutralit\u00e9\" src=\"https:\/\/visionarymarketing.com\/wp-content\/uploads\/2018\/02\/30028930843_b9aa0cc4df_z-450x300.jpg\" alt=\"net neutralit\u00e9\" width=\"450\" height=\"300\" srcset=\"https:\/\/visionarymarketing.com\/wp-content\/uploads\/2018\/02\/30028930843_b9aa0cc4df_z-450x300.jpg 450w, https:\/\/visionarymarketing.com\/wp-content\/uploads\/2018\/02\/30028930843_b9aa0cc4df_z.jpg 640w\" sizes=\"(max-width: 450px) 100vw, 450px\" \/><figcaption id=\"caption-attachment-27045\" class=\"wp-caption-text\"><em>Les fournisseurs d\u2019acc\u00e8s Internet am\u00e9ricains ont le droit de favoriser le trafic d\u2019entreprises qui ont les moyens de payer et de laisser toutes les autres sur une voie lente.<\/em><\/figcaption><\/figure>\n<p>La net neutralit\u00e9 est un principe fondateur d\u2019Internet, qui existe depuis les ann\u00e9es 90, mais qui n\u2019\u00e9tait pas encore r\u00e9dig\u00e9. L\u2019administration Obama en 2005 avait d\u00e9j\u00e0 commenc\u00e9 \u00e0 prendre des r\u00e9solutions pour concr\u00e9tiser le concept de neutralit\u00e9 du r\u00e9seau. Le successeur d\u2019Obama, Donald Trump a d\u00e9cid\u00e9 de rejeter le travail commenc\u00e9 par son pr\u00e9d\u00e9cesseur.<\/p>\n<p>C\u2019est pour cela qu\u2019Ajit Pai, directeur de la FCC et ancien chez Verizon, a pris la d\u00e9cision le 14 d\u00e9cembre 2017 de supprimer cette neutralit\u00e9 pour laquelle les gouvernements du monde entier s\u2019\u00e9taient tant battus auparavant, et qui lui co\u00fbte maintenant des lourdes menaces d\u2019apr\u00e8s <a href=\"https:\/\/www.lesechos.fr\/tech-medias\/hightech\/0301109041949-neutralite-du-net-menace-le-directeur-de-la-ffc-ne-se-rendra-pas-au-ces-2142697.php\">Les Echos<\/a>.<\/p>\n<p>En effet il ne faut pas oublier que le d\u00e9bat pour la neutralit\u00e9 du r\u00e9seau n\u2019est pas une chose r\u00e9cente. En 2008 un livre appel\u00e9 \u00ab\u00a0The future of Internet and how to stop it\u00a0\u00bb a \u00e9t\u00e9 \u00e9crit par Jonathan Zittrain par rapport \u00e0 cet argument. Il date maintenant de 10 ans, mais il parle d\u2019un sujet qui peut sembler tout \u00e0 fait d\u2019actualit\u00e9.<\/p>\n<p>&nbsp;<\/p>\n<p>En conclusion, devons-nous craindre de voir l\u2019Internet dispara\u00eetre\u00a0? Les gouvernements d\u2019Europe ont cherch\u00e9 \u00e0 se prot\u00e9ger des possibles influences provenant des \u00c9tats-Unis en se dotant, pour la plupart, des lois. Le niveau de conscience et de connaissance des europ\u00e9ens par rapport \u00e0 ce sujet est extr\u00eamement faible. La plupart du temps les journaux affirment que l\u2019action de Pai ne devrait pas avoir de cons\u00e9quences n\u00e9fastes pour l\u2019Europe, et on peut donc en d\u00e9duire que les europ\u00e9ens se consid\u00e8rent \u00e0 l\u2019abri, mais il ne s\u2019agit que d\u2019une supposition.<\/p>\n<p>WWW est l\u2019abr\u00e9g\u00e9 de ce qui en anglais donne \u00ab\u00a0World Wide Web\u00a0\u00bb, donc Internet est un r\u00e9seau qui relie le monde entier. A ce titre, il est le bien commun de l\u2019humanit\u00e9 toute enti\u00e8re. Combien de temps pourrons nous le pr\u00e9server, au vu d\u2019une si faible acculturation de nos peuples \u00e0 l\u2019importance de sa neutralit\u00e9\u00a0?<\/p>\n","protected":false},"excerpt":{"rendered":"<p>NDLR : Benedetta est une \u00e9l\u00e8ve de 3\u00e8me qui a pass\u00e9 une semaine chez Visionary Marketing dans un stage de d\u00e9couverte du monde de l&rsquo;entreprise. Dans le cadre de ce stage, je lui ai demand\u00e9 d&rsquo;utiliser ses capacit\u00e9s linguistiques (elle est italienne et parle couramment 3 langues) afin de dresser un panorama de la net &hellip;<\/p>\n","protected":false},"author":61,"featured_media":34067,"comment_status":"open","ping_status":"open","sticky":false,"template":"","format":"standard","meta":{"footnotes":""},"categories":[1613],"tags":[],"class_list":["post-27029","post","type-post","status-publish","format-standard","has-post-thumbnail","hentry","category-marketing-digital-marketing"],"yoast_head":"<!-- This site is optimized with the Yoast SEO plugin v27.4 - https:\/\/yoast.com\/product\/yoast-seo-wordpress\/ -->\n<title>Net neutralit\u00e9 : la fin d&#039;Internet pour tous ?<\/title>\n<meta name=\"description\" content=\"Les USA \u00e9tant un des pays les plus puissants au monde, la d\u00e9cision du gouvernement Trump au sujet de la net neutralit\u00e9 va-t-elle influencer l\u2019Europe et le reste du monde\u00a0?\" \/>\n<meta name=\"robots\" content=\"index, follow, max-snippet:-1, max-image-preview:large, max-video-preview:-1\" \/>\n<link rel=\"canonical\" href=\"https:\/\/visionarymarketing.com\/fr\/2018\/02\/22\/net-neutralite-la-fin-dinternet-pour-tous\/\" \/>\n<meta property=\"og:locale\" content=\"fr_FR\" \/>\n<meta property=\"og:type\" content=\"article\" \/>\n<meta property=\"og:title\" content=\"Net neutralit\u00e9 : la fin d&#039;Internet pour tous ?\" \/>\n<meta property=\"og:description\" content=\"Les USA \u00e9tant un des pays les plus puissants au monde, la d\u00e9cision du gouvernement Trump au sujet de la net neutralit\u00e9 va-t-elle influencer l\u2019Europe et le reste du monde\u00a0?\" \/>\n<meta property=\"og:url\" content=\"https:\/\/visionarymarketing.com\/fr\/2018\/02\/22\/net-neutralite-la-fin-dinternet-pour-tous\/\" \/>\n<meta property=\"og:site_name\" content=\"Marketing and Innovation\" \/>\n<meta property=\"article:publisher\" content=\"https:\/\/www.facebook.com\/vismktg\" \/>\n<meta property=\"article:published_time\" content=\"2018-02-22T08:00:46+00:00\" \/>\n<meta property=\"article:modified_time\" content=\"2023-12-11T07:24:57+00:00\" \/>\n<meta property=\"og:image\" content=\"https:\/\/visionarymarketing.com\/wp-content\/uploads\/2019\/11\/47977292358_bf3ee00e95_c.jpg\" \/>\n\t<meta property=\"og:image:width\" content=\"644\" \/>\n\t<meta property=\"og:image:height\" content=\"430\" \/>\n\t<meta property=\"og:image:type\" content=\"image\/jpeg\" \/>\n<meta name=\"author\" content=\"Benedetta Reschini\" \/>\n<meta name=\"twitter:card\" content=\"summary_large_image\" \/>\n<meta name=\"twitter:creator\" content=\"@ygourven\" \/>\n<meta name=\"twitter:site\" content=\"@ygourven\" \/>\n<meta name=\"twitter:label1\" content=\"\u00c9crit par\" \/>\n\t<meta name=\"twitter:data1\" content=\"Benedetta Reschini\" \/>\n\t<meta name=\"twitter:label2\" content=\"Dur\u00e9e de lecture estim\u00e9e\" \/>\n\t<meta name=\"twitter:data2\" content=\"7 minutes\" \/>\n<script type=\"application\/ld+json\" class=\"yoast-schema-graph\">{\"@context\":\"https:\\\/\\\/schema.org\",\"@graph\":[{\"@type\":\"NewsArticle\",\"@id\":\"https:\\\/\\\/visionarymarketing.com\\\/fr\\\/2018\\\/02\\\/22\\\/net-neutralite-la-fin-dinternet-pour-tous\\\/#article\",\"isPartOf\":{\"@id\":\"https:\\\/\\\/visionarymarketing.com\\\/fr\\\/2018\\\/02\\\/22\\\/net-neutralite-la-fin-dinternet-pour-tous\\\/\"},\"author\":{\"name\":\"Benedetta Reschini\",\"@id\":\"https:\\\/\\\/visionarymarketing.com\\\/fr\\\/#\\\/schema\\\/person\\\/0666e6c6ecc2071976c3050459113ed7\"},\"headline\":\"Net neutralit\u00e9 : la fin d&rsquo;Internet pour tous ?\",\"datePublished\":\"2018-02-22T08:00:46+00:00\",\"dateModified\":\"2023-12-11T07:24:57+00:00\",\"mainEntityOfPage\":{\"@id\":\"https:\\\/\\\/visionarymarketing.com\\\/fr\\\/2018\\\/02\\\/22\\\/net-neutralite-la-fin-dinternet-pour-tous\\\/\"},\"wordCount\":1422,\"commentCount\":1,\"image\":{\"@id\":\"https:\\\/\\\/visionarymarketing.com\\\/fr\\\/2018\\\/02\\\/22\\\/net-neutralite-la-fin-dinternet-pour-tous\\\/#primaryimage\"},\"thumbnailUrl\":\"https:\\\/\\\/visionarymarketing.com\\\/wp-content\\\/uploads\\\/2019\\\/11\\\/47977292358_bf3ee00e95_c.jpg\",\"articleSection\":[\"marketing digital\"],\"inLanguage\":\"fr-FR\",\"potentialAction\":[{\"@type\":\"CommentAction\",\"name\":\"Comment\",\"target\":[\"https:\\\/\\\/visionarymarketing.com\\\/fr\\\/2018\\\/02\\\/22\\\/net-neutralite-la-fin-dinternet-pour-tous\\\/#respond\"]}]},{\"@type\":\"WebPage\",\"@id\":\"https:\\\/\\\/visionarymarketing.com\\\/fr\\\/2018\\\/02\\\/22\\\/net-neutralite-la-fin-dinternet-pour-tous\\\/\",\"url\":\"https:\\\/\\\/visionarymarketing.com\\\/fr\\\/2018\\\/02\\\/22\\\/net-neutralite-la-fin-dinternet-pour-tous\\\/\",\"name\":\"Net neutralit\u00e9 : la fin d'Internet pour tous ?\",\"isPartOf\":{\"@id\":\"https:\\\/\\\/visionarymarketing.com\\\/fr\\\/#website\"},\"primaryImageOfPage\":{\"@id\":\"https:\\\/\\\/visionarymarketing.com\\\/fr\\\/2018\\\/02\\\/22\\\/net-neutralite-la-fin-dinternet-pour-tous\\\/#primaryimage\"},\"image\":{\"@id\":\"https:\\\/\\\/visionarymarketing.com\\\/fr\\\/2018\\\/02\\\/22\\\/net-neutralite-la-fin-dinternet-pour-tous\\\/#primaryimage\"},\"thumbnailUrl\":\"https:\\\/\\\/visionarymarketing.com\\\/wp-content\\\/uploads\\\/2019\\\/11\\\/47977292358_bf3ee00e95_c.jpg\",\"datePublished\":\"2018-02-22T08:00:46+00:00\",\"dateModified\":\"2023-12-11T07:24:57+00:00\",\"author\":{\"@id\":\"https:\\\/\\\/visionarymarketing.com\\\/fr\\\/#\\\/schema\\\/person\\\/0666e6c6ecc2071976c3050459113ed7\"},\"description\":\"Les USA \u00e9tant un des pays les plus puissants au monde, la d\u00e9cision du gouvernement Trump au sujet de la net neutralit\u00e9 va-t-elle influencer l\u2019Europe et le reste du monde\u00a0?\",\"breadcrumb\":{\"@id\":\"https:\\\/\\\/visionarymarketing.com\\\/fr\\\/2018\\\/02\\\/22\\\/net-neutralite-la-fin-dinternet-pour-tous\\\/#breadcrumb\"},\"inLanguage\":\"fr-FR\",\"potentialAction\":[{\"@type\":\"ReadAction\",\"target\":[\"https:\\\/\\\/visionarymarketing.com\\\/fr\\\/2018\\\/02\\\/22\\\/net-neutralite-la-fin-dinternet-pour-tous\\\/\"]}]},{\"@type\":\"ImageObject\",\"inLanguage\":\"fr-FR\",\"@id\":\"https:\\\/\\\/visionarymarketing.com\\\/fr\\\/2018\\\/02\\\/22\\\/net-neutralite-la-fin-dinternet-pour-tous\\\/#primaryimage\",\"url\":\"https:\\\/\\\/visionarymarketing.com\\\/wp-content\\\/uploads\\\/2019\\\/11\\\/47977292358_bf3ee00e95_c.jpg\",\"contentUrl\":\"https:\\\/\\\/visionarymarketing.com\\\/wp-content\\\/uploads\\\/2019\\\/11\\\/47977292358_bf3ee00e95_c.jpg\",\"width\":644,\"height\":430},{\"@type\":\"BreadcrumbList\",\"@id\":\"https:\\\/\\\/visionarymarketing.com\\\/fr\\\/2018\\\/02\\\/22\\\/net-neutralite-la-fin-dinternet-pour-tous\\\/#breadcrumb\",\"itemListElement\":[{\"@type\":\"ListItem\",\"position\":1,\"name\":\"Home\",\"item\":\"https:\\\/\\\/visionarymarketing.com\\\/fr\\\/\"},{\"@type\":\"ListItem\",\"position\":2,\"name\":\"Net neutralit\u00e9 : la fin d&rsquo;Internet pour tous ?\"}]},{\"@type\":\"WebSite\",\"@id\":\"https:\\\/\\\/visionarymarketing.com\\\/fr\\\/#website\",\"url\":\"https:\\\/\\\/visionarymarketing.com\\\/fr\\\/\",\"name\":\"Marketing and Innovation\",\"description\":\"Site d&#039;infos ind\u00e9pendant, depuis 1996\",\"potentialAction\":[{\"@type\":\"SearchAction\",\"target\":{\"@type\":\"EntryPoint\",\"urlTemplate\":\"https:\\\/\\\/visionarymarketing.com\\\/fr\\\/?s={search_term_string}\"},\"query-input\":{\"@type\":\"PropertyValueSpecification\",\"valueRequired\":true,\"valueName\":\"search_term_string\"}}],\"inLanguage\":\"fr-FR\"},{\"@type\":\"Person\",\"@id\":\"https:\\\/\\\/visionarymarketing.com\\\/fr\\\/#\\\/schema\\\/person\\\/0666e6c6ecc2071976c3050459113ed7\",\"name\":\"Benedetta Reschini\",\"image\":{\"@type\":\"ImageObject\",\"inLanguage\":\"fr-FR\",\"@id\":\"https:\\\/\\\/secure.gravatar.com\\\/avatar\\\/8dffc7b0509e6741be2a8f75929802b36bd2b5ce73d79b08db226f3271253b7a?s=96&d=initials&r=g&initials=be\",\"url\":\"https:\\\/\\\/secure.gravatar.com\\\/avatar\\\/8dffc7b0509e6741be2a8f75929802b36bd2b5ce73d79b08db226f3271253b7a?s=96&d=initials&r=g&initials=be\",\"contentUrl\":\"https:\\\/\\\/secure.gravatar.com\\\/avatar\\\/8dffc7b0509e6741be2a8f75929802b36bd2b5ce73d79b08db226f3271253b7a?s=96&d=initials&r=g&initials=be\",\"caption\":\"Benedetta Reschini\"},\"description\":\"Benedetta is originally from Bologna in Italy and spent her third-year internship at Visionary Marketing\",\"url\":\"https:\\\/\\\/visionarymarketing.com\\\/fr\\\/author\\\/benedetta-reschini\\\/\"}]}<\/script>\n<!-- \/ Yoast SEO plugin. -->","yoast_head_json":{"title":"Net neutralit\u00e9 : la fin d'Internet pour tous ?","description":"Les USA \u00e9tant un des pays les plus puissants au monde, la d\u00e9cision du gouvernement Trump au sujet de la net neutralit\u00e9 va-t-elle influencer l\u2019Europe et le reste du monde\u00a0?","robots":{"index":"index","follow":"follow","max-snippet":"max-snippet:-1","max-image-preview":"max-image-preview:large","max-video-preview":"max-video-preview:-1"},"canonical":"https:\/\/visionarymarketing.com\/fr\/2018\/02\/22\/net-neutralite-la-fin-dinternet-pour-tous\/","og_locale":"fr_FR","og_type":"article","og_title":"Net neutralit\u00e9 : la fin d'Internet pour tous ?","og_description":"Les USA \u00e9tant un des pays les plus puissants au monde, la d\u00e9cision du gouvernement Trump au sujet de la net neutralit\u00e9 va-t-elle influencer l\u2019Europe et le reste du monde\u00a0?","og_url":"https:\/\/visionarymarketing.com\/fr\/2018\/02\/22\/net-neutralite-la-fin-dinternet-pour-tous\/","og_site_name":"Marketing and Innovation","article_publisher":"https:\/\/www.facebook.com\/vismktg","article_published_time":"2018-02-22T08:00:46+00:00","article_modified_time":"2023-12-11T07:24:57+00:00","og_image":[{"width":644,"height":430,"url":"https:\/\/visionarymarketing.com\/wp-content\/uploads\/2019\/11\/47977292358_bf3ee00e95_c.jpg","type":"image\/jpeg"}],"author":"Benedetta Reschini","twitter_card":"summary_large_image","twitter_creator":"@ygourven","twitter_site":"@ygourven","twitter_misc":{"\u00c9crit par":"Benedetta Reschini","Dur\u00e9e de lecture estim\u00e9e":"7 minutes"},"schema":{"@context":"https:\/\/schema.org","@graph":[{"@type":"NewsArticle","@id":"https:\/\/visionarymarketing.com\/fr\/2018\/02\/22\/net-neutralite-la-fin-dinternet-pour-tous\/#article","isPartOf":{"@id":"https:\/\/visionarymarketing.com\/fr\/2018\/02\/22\/net-neutralite-la-fin-dinternet-pour-tous\/"},"author":{"name":"Benedetta Reschini","@id":"https:\/\/visionarymarketing.com\/fr\/#\/schema\/person\/0666e6c6ecc2071976c3050459113ed7"},"headline":"Net neutralit\u00e9 : la fin d&rsquo;Internet pour tous ?","datePublished":"2018-02-22T08:00:46+00:00","dateModified":"2023-12-11T07:24:57+00:00","mainEntityOfPage":{"@id":"https:\/\/visionarymarketing.com\/fr\/2018\/02\/22\/net-neutralite-la-fin-dinternet-pour-tous\/"},"wordCount":1422,"commentCount":1,"image":{"@id":"https:\/\/visionarymarketing.com\/fr\/2018\/02\/22\/net-neutralite-la-fin-dinternet-pour-tous\/#primaryimage"},"thumbnailUrl":"https:\/\/visionarymarketing.com\/wp-content\/uploads\/2019\/11\/47977292358_bf3ee00e95_c.jpg","articleSection":["marketing digital"],"inLanguage":"fr-FR","potentialAction":[{"@type":"CommentAction","name":"Comment","target":["https:\/\/visionarymarketing.com\/fr\/2018\/02\/22\/net-neutralite-la-fin-dinternet-pour-tous\/#respond"]}]},{"@type":"WebPage","@id":"https:\/\/visionarymarketing.com\/fr\/2018\/02\/22\/net-neutralite-la-fin-dinternet-pour-tous\/","url":"https:\/\/visionarymarketing.com\/fr\/2018\/02\/22\/net-neutralite-la-fin-dinternet-pour-tous\/","name":"Net neutralit\u00e9 : la fin d'Internet pour tous ?","isPartOf":{"@id":"https:\/\/visionarymarketing.com\/fr\/#website"},"primaryImageOfPage":{"@id":"https:\/\/visionarymarketing.com\/fr\/2018\/02\/22\/net-neutralite-la-fin-dinternet-pour-tous\/#primaryimage"},"image":{"@id":"https:\/\/visionarymarketing.com\/fr\/2018\/02\/22\/net-neutralite-la-fin-dinternet-pour-tous\/#primaryimage"},"thumbnailUrl":"https:\/\/visionarymarketing.com\/wp-content\/uploads\/2019\/11\/47977292358_bf3ee00e95_c.jpg","datePublished":"2018-02-22T08:00:46+00:00","dateModified":"2023-12-11T07:24:57+00:00","author":{"@id":"https:\/\/visionarymarketing.com\/fr\/#\/schema\/person\/0666e6c6ecc2071976c3050459113ed7"},"description":"Les USA \u00e9tant un des pays les plus puissants au monde, la d\u00e9cision du gouvernement Trump au sujet de la net neutralit\u00e9 va-t-elle influencer l\u2019Europe et le reste du monde\u00a0?","breadcrumb":{"@id":"https:\/\/visionarymarketing.com\/fr\/2018\/02\/22\/net-neutralite-la-fin-dinternet-pour-tous\/#breadcrumb"},"inLanguage":"fr-FR","potentialAction":[{"@type":"ReadAction","target":["https:\/\/visionarymarketing.com\/fr\/2018\/02\/22\/net-neutralite-la-fin-dinternet-pour-tous\/"]}]},{"@type":"ImageObject","inLanguage":"fr-FR","@id":"https:\/\/visionarymarketing.com\/fr\/2018\/02\/22\/net-neutralite-la-fin-dinternet-pour-tous\/#primaryimage","url":"https:\/\/visionarymarketing.com\/wp-content\/uploads\/2019\/11\/47977292358_bf3ee00e95_c.jpg","contentUrl":"https:\/\/visionarymarketing.com\/wp-content\/uploads\/2019\/11\/47977292358_bf3ee00e95_c.jpg","width":644,"height":430},{"@type":"BreadcrumbList","@id":"https:\/\/visionarymarketing.com\/fr\/2018\/02\/22\/net-neutralite-la-fin-dinternet-pour-tous\/#breadcrumb","itemListElement":[{"@type":"ListItem","position":1,"name":"Home","item":"https:\/\/visionarymarketing.com\/fr\/"},{"@type":"ListItem","position":2,"name":"Net neutralit\u00e9 : la fin d&rsquo;Internet pour tous ?"}]},{"@type":"WebSite","@id":"https:\/\/visionarymarketing.com\/fr\/#website","url":"https:\/\/visionarymarketing.com\/fr\/","name":"Marketing and Innovation","description":"Site d&#039;infos ind\u00e9pendant, depuis 1996","potentialAction":[{"@type":"SearchAction","target":{"@type":"EntryPoint","urlTemplate":"https:\/\/visionarymarketing.com\/fr\/?s={search_term_string}"},"query-input":{"@type":"PropertyValueSpecification","valueRequired":true,"valueName":"search_term_string"}}],"inLanguage":"fr-FR"},{"@type":"Person","@id":"https:\/\/visionarymarketing.com\/fr\/#\/schema\/person\/0666e6c6ecc2071976c3050459113ed7","name":"Benedetta Reschini","image":{"@type":"ImageObject","inLanguage":"fr-FR","@id":"https:\/\/secure.gravatar.com\/avatar\/8dffc7b0509e6741be2a8f75929802b36bd2b5ce73d79b08db226f3271253b7a?s=96&d=initials&r=g&initials=be","url":"https:\/\/secure.gravatar.com\/avatar\/8dffc7b0509e6741be2a8f75929802b36bd2b5ce73d79b08db226f3271253b7a?s=96&d=initials&r=g&initials=be","contentUrl":"https:\/\/secure.gravatar.com\/avatar\/8dffc7b0509e6741be2a8f75929802b36bd2b5ce73d79b08db226f3271253b7a?s=96&d=initials&r=g&initials=be","caption":"Benedetta Reschini"},"description":"Benedetta is originally from Bologna in Italy and spent her third-year internship at Visionary Marketing","url":"https:\/\/visionarymarketing.com\/fr\/author\/benedetta-reschini\/"}]}},"_links":{"self":[{"href":"https:\/\/visionarymarketing.com\/fr\/wp-json\/wp\/v2\/posts\/27029","targetHints":{"allow":["GET"]}}],"collection":[{"href":"https:\/\/visionarymarketing.com\/fr\/wp-json\/wp\/v2\/posts"}],"about":[{"href":"https:\/\/visionarymarketing.com\/fr\/wp-json\/wp\/v2\/types\/post"}],"author":[{"embeddable":true,"href":"https:\/\/visionarymarketing.com\/fr\/wp-json\/wp\/v2\/users\/61"}],"replies":[{"embeddable":true,"href":"https:\/\/visionarymarketing.com\/fr\/wp-json\/wp\/v2\/comments?post=27029"}],"version-history":[{"count":0,"href":"https:\/\/visionarymarketing.com\/fr\/wp-json\/wp\/v2\/posts\/27029\/revisions"}],"wp:featuredmedia":[{"embeddable":true,"href":"https:\/\/visionarymarketing.com\/fr\/wp-json\/wp\/v2\/media\/34067"}],"wp:attachment":[{"href":"https:\/\/visionarymarketing.com\/fr\/wp-json\/wp\/v2\/media?parent=27029"}],"wp:term":[{"taxonomy":"category","embeddable":true,"href":"https:\/\/visionarymarketing.com\/fr\/wp-json\/wp\/v2\/categories?post=27029"},{"taxonomy":"post_tag","embeddable":true,"href":"https:\/\/visionarymarketing.com\/fr\/wp-json\/wp\/v2\/tags?post=27029"}],"curies":[{"name":"wp","href":"https:\/\/api.w.org\/{rel}","templated":true}]}}