{"id":2661,"date":"2010-06-14T04:19:32","date_gmt":"2010-06-14T04:19:32","guid":{"rendered":"http:\/\/visionary.wordpress.com\/?p=2661"},"modified":"2022-03-12T11:50:08","modified_gmt":"2022-03-12T10:50:08","slug":"media-aces-3","status":"publish","type":"post","link":"https:\/\/visionarymarketing.com\/fr\/2010\/06\/14\/media-aces-3\/","title":{"rendered":"Media Aces Conference &#8211; m\u00e9dias sociaux, PME et grands groupes"},"content":{"rendered":"<p>Voici une nouvelle version de <strong><span class=\"removed_link\" title=\"m\u00e9dias sociaux, PME et grands groupes\">l&rsquo;invitation \u00e0 la conf\u00e9rence Media Aces qui aura lieu le 22 juin 2010<\/span><\/strong>. Vous verrez qu&rsquo;on a pens\u00e9 \u00e0 tout, y-compris le <em>grand \u00e9cran pour les fans de l&rsquo;\u00e9quipe de France de foot<\/em>. Chaque conf\u00e9rence y est d\u00e9crite avec son th\u00e8me pour chacune des marques qui y pr\u00e9senteront : CCIP, Generali, CEGOS, <a title=\"http:\/\/france.media-aces.org\/2010\/06\/13\/que-feriez-vous-si-votre-compte-twitter-comptait-presque-10000-followers\/\" href=\"https:\/\/web.archive.org\/web\/20121014122707\/http:\/\/france.media-aces.org\/2010\/06\/13\/que-feriez-vous-si-votre-compte-twitter-comptait-presque-10000-followers\/\" target=\"_blank\" rel=\"noopener noreferrer\"><strong>Orange Business Services<\/strong><\/a> (<a title=\"Twitter Gourvennec\" href=\"http:\/\/twitter.com\/ygourven\" target=\"_blank\" rel=\"noopener noreferrer\">c&rsquo;est moi qui pr\u00e9senterai<\/a>), Blendtec, Sophie Paris, une conf\u00e9rence qui promet et qu&rsquo;il ne faut pas rater.<\/p>\n<h2>Conference &#8211; juin 2010: m\u00e9dias sociaux, PME et grands groupes<\/h2>\n<figure id=\"attachment_2662\" aria-describedby=\"caption-attachment-2662\" style=\"width: 510px\" class=\"wp-caption aligncenter\"><a href=\"http:\/\/media-aces-conf-juin-2010.evenium.com\/site\/media-aces-conference-juin2010\/presentation;jsessionid=F47AC9C3108D271E15EB0B5E9B29A4CD.gl1?pg=presentation\" target=\"_blank\" rel=\"noopener noreferrer\"><img decoding=\"async\" class=\"wp-image-2662 size-full\" title=\"Invitation-2010-06-22-conference\" src=\"https:\/\/visionarymarketing.com\/wp-content\/uploads\/2010\/06\/invitation-2010-06-22-conference.jpg\" alt=\"Media Aces Conference - juin 2010: m\u00e9dias sociaux, PME et grands groupes\" width=\"510\" height=\"1404\" srcset=\"https:\/\/visionarymarketing.com\/wp-content\/uploads\/2010\/06\/invitation-2010-06-22-conference.jpg 656w, https:\/\/visionarymarketing.com\/wp-content\/uploads\/2010\/06\/invitation-2010-06-22-conference-109x300.jpg 109w, https:\/\/visionarymarketing.com\/wp-content\/uploads\/2010\/06\/invitation-2010-06-22-conference-372x1024.jpg 372w, https:\/\/visionarymarketing.com\/wp-content\/uploads\/2010\/06\/invitation-2010-06-22-conference-558x1536.jpg 558w\" sizes=\"(max-width: 510px) 100vw, 510px\" \/><\/a><figcaption id=\"caption-attachment-2662\" class=\"wp-caption-text\">Media Aces Conference &#8211; juin 2010: m\u00e9dias sociaux, PME et grands groupes<\/figcaption><\/figure>\n<div id=\"_mcePaste\" style=\"position: absolute; left: -10000px; top: 28px; width: 1px; height: 1px; overflow: hidden;\">\n<h2 id=\"entry-title-single\" class=\"entry-title\">Media Aces Conference &#8211; juin 2010: m\u00e9dias sociaux, PME et grands groupes<\/h2>\n<\/div>\n","protected":false},"excerpt":{"rendered":"<p>Voici une nouvelle version de l&rsquo;invitation \u00e0 la conf\u00e9rence Media Aces qui aura lieu le 22 juin 2010. Vous verrez qu&rsquo;on a pens\u00e9 \u00e0 tout, y-compris le grand \u00e9cran pour les fans de l&rsquo;\u00e9quipe de France de foot. Chaque conf\u00e9rence y est d\u00e9crite avec son th\u00e8me pour chacune des marques qui y pr\u00e9senteront : CCIP, &hellip;<\/p>\n","protected":false},"author":2,"featured_media":59188,"comment_status":"open","ping_status":"open","sticky":false,"template":"","format":"standard","meta":{"footnotes":""},"categories":[1613],"tags":[],"class_list":["post-2661","post","type-post","status-publish","format-standard","has-post-thumbnail","hentry","category-marketing-digital-marketing"],"yoast_head":"<!-- This site is optimized with the Yoast SEO plugin v27.5 - https:\/\/yoast.com\/product\/yoast-seo-wordpress\/ -->\n<title>Media Aces Conference - m\u00e9dias sociaux, PME et grands groupes<\/title>\n<meta name=\"description\" content=\"Voici une nouvelle version de l&#039;invitation \u00e0 la conf\u00e9rence Media Aces qui aura lieu le 22 juin 2010. Vous verrez qu&#039;on a pens\u00e9 au foot\" \/>\n<meta name=\"robots\" content=\"noindex, follow\" \/>\n<meta property=\"og:locale\" content=\"fr_FR\" \/>\n<meta property=\"og:type\" content=\"article\" \/>\n<meta property=\"og:title\" content=\"Media Aces Conference - m\u00e9dias sociaux, PME et grands groupes\" \/>\n<meta property=\"og:description\" content=\"Voici une nouvelle version de l&#039;invitation \u00e0 la conf\u00e9rence Media Aces qui aura lieu le 22 juin 2010. Vous verrez qu&#039;on a pens\u00e9 au foot\" \/>\n<meta property=\"og:url\" content=\"https:\/\/visionarymarketing.com\/fr\/2010\/06\/14\/media-aces-3\/\" \/>\n<meta property=\"og:site_name\" content=\"Marketing and Innovation\" \/>\n<meta property=\"article:publisher\" content=\"https:\/\/www.facebook.com\/vismktg\" \/>\n<meta property=\"article:author\" content=\"http:\/\/facebook.com\/ygourven\" \/>\n<meta property=\"article:published_time\" content=\"2010-06-14T04:19:32+00:00\" \/>\n<meta property=\"article:modified_time\" content=\"2022-03-12T10:50:08+00:00\" \/>\n<meta property=\"og:image\" content=\"https:\/\/visionarymarketing.com\/wp-content\/uploads\/2013\/11\/mediaaceslivre-29-10932323716-o-scaled-e1614976843403.jpg\" \/>\n\t<meta property=\"og:image:width\" content=\"519\" \/>\n\t<meta property=\"og:image:height\" content=\"339\" \/>\n\t<meta property=\"og:image:type\" content=\"image\/jpeg\" \/>\n<meta name=\"author\" content=\"Yann Gourvennec\" \/>\n<meta name=\"twitter:card\" content=\"summary_large_image\" \/>\n<meta name=\"twitter:creator\" content=\"@ygourven\" \/>\n<meta name=\"twitter:site\" content=\"@ygourven\" \/>\n<meta name=\"twitter:label1\" content=\"\u00c9crit par\" \/>\n\t<meta name=\"twitter:data1\" content=\"Yann Gourvennec\" \/>\n\t<meta name=\"twitter:label2\" content=\"Dur\u00e9e de lecture estim\u00e9e\" \/>\n\t<meta name=\"twitter:data2\" content=\"1 minute\" \/>\n<script type=\"application\/ld+json\" class=\"yoast-schema-graph\">{\"@context\":\"https:\\\/\\\/schema.org\",\"@graph\":[{\"@type\":\"NewsArticle\",\"@id\":\"https:\\\/\\\/visionarymarketing.com\\\/fr\\\/2010\\\/06\\\/14\\\/media-aces-3\\\/#article\",\"isPartOf\":{\"@id\":\"https:\\\/\\\/visionarymarketing.com\\\/fr\\\/2010\\\/06\\\/14\\\/media-aces-3\\\/\"},\"author\":{\"name\":\"Yann Gourvennec\",\"@id\":\"https:\\\/\\\/visionarymarketing.com\\\/fr\\\/#\\\/schema\\\/person\\\/3754fee1e558f47b8deb46f53c37423e\"},\"headline\":\"Media Aces Conference &#8211; m\u00e9dias sociaux, PME et grands groupes\",\"datePublished\":\"2010-06-14T04:19:32+00:00\",\"dateModified\":\"2022-03-12T10:50:08+00:00\",\"mainEntityOfPage\":{\"@id\":\"https:\\\/\\\/visionarymarketing.com\\\/fr\\\/2010\\\/06\\\/14\\\/media-aces-3\\\/\"},\"wordCount\":136,\"commentCount\":0,\"image\":{\"@id\":\"https:\\\/\\\/visionarymarketing.com\\\/fr\\\/2010\\\/06\\\/14\\\/media-aces-3\\\/#primaryimage\"},\"thumbnailUrl\":\"https:\\\/\\\/visionarymarketing.com\\\/wp-content\\\/uploads\\\/2013\\\/11\\\/mediaaceslivre-29-10932323716-o-scaled-e1614976843403.jpg\",\"articleSection\":[\"marketing digital\"],\"inLanguage\":\"fr-FR\",\"potentialAction\":[{\"@type\":\"CommentAction\",\"name\":\"Comment\",\"target\":[\"https:\\\/\\\/visionarymarketing.com\\\/fr\\\/2010\\\/06\\\/14\\\/media-aces-3\\\/#respond\"]}]},{\"@type\":\"WebPage\",\"@id\":\"https:\\\/\\\/visionarymarketing.com\\\/fr\\\/2010\\\/06\\\/14\\\/media-aces-3\\\/\",\"url\":\"https:\\\/\\\/visionarymarketing.com\\\/fr\\\/2010\\\/06\\\/14\\\/media-aces-3\\\/\",\"name\":\"Media Aces Conference - m\u00e9dias sociaux, PME et grands groupes\",\"isPartOf\":{\"@id\":\"https:\\\/\\\/visionarymarketing.com\\\/fr\\\/#website\"},\"primaryImageOfPage\":{\"@id\":\"https:\\\/\\\/visionarymarketing.com\\\/fr\\\/2010\\\/06\\\/14\\\/media-aces-3\\\/#primaryimage\"},\"image\":{\"@id\":\"https:\\\/\\\/visionarymarketing.com\\\/fr\\\/2010\\\/06\\\/14\\\/media-aces-3\\\/#primaryimage\"},\"thumbnailUrl\":\"https:\\\/\\\/visionarymarketing.com\\\/wp-content\\\/uploads\\\/2013\\\/11\\\/mediaaceslivre-29-10932323716-o-scaled-e1614976843403.jpg\",\"datePublished\":\"2010-06-14T04:19:32+00:00\",\"dateModified\":\"2022-03-12T10:50:08+00:00\",\"author\":{\"@id\":\"https:\\\/\\\/visionarymarketing.com\\\/fr\\\/#\\\/schema\\\/person\\\/3754fee1e558f47b8deb46f53c37423e\"},\"description\":\"Voici une nouvelle version de l'invitation \u00e0 la conf\u00e9rence Media Aces qui aura lieu le 22 juin 2010. Vous verrez qu'on a pens\u00e9 au foot\",\"breadcrumb\":{\"@id\":\"https:\\\/\\\/visionarymarketing.com\\\/fr\\\/2010\\\/06\\\/14\\\/media-aces-3\\\/#breadcrumb\"},\"inLanguage\":\"fr-FR\",\"potentialAction\":[{\"@type\":\"ReadAction\",\"target\":[\"https:\\\/\\\/visionarymarketing.com\\\/fr\\\/2010\\\/06\\\/14\\\/media-aces-3\\\/\"]}]},{\"@type\":\"ImageObject\",\"inLanguage\":\"fr-FR\",\"@id\":\"https:\\\/\\\/visionarymarketing.com\\\/fr\\\/2010\\\/06\\\/14\\\/media-aces-3\\\/#primaryimage\",\"url\":\"https:\\\/\\\/visionarymarketing.com\\\/wp-content\\\/uploads\\\/2013\\\/11\\\/mediaaceslivre-29-10932323716-o-scaled-e1614976843403.jpg\",\"contentUrl\":\"https:\\\/\\\/visionarymarketing.com\\\/wp-content\\\/uploads\\\/2013\\\/11\\\/mediaaceslivre-29-10932323716-o-scaled-e1614976843403.jpg\",\"width\":519,\"height\":339,\"caption\":\"communication digital exemple\"},{\"@type\":\"BreadcrumbList\",\"@id\":\"https:\\\/\\\/visionarymarketing.com\\\/fr\\\/2010\\\/06\\\/14\\\/media-aces-3\\\/#breadcrumb\",\"itemListElement\":[{\"@type\":\"ListItem\",\"position\":1,\"name\":\"Home\",\"item\":\"https:\\\/\\\/visionarymarketing.com\\\/fr\\\/\"},{\"@type\":\"ListItem\",\"position\":2,\"name\":\"Media Aces Conference &#8211; m\u00e9dias sociaux, PME et grands groupes\"}]},{\"@type\":\"WebSite\",\"@id\":\"https:\\\/\\\/visionarymarketing.com\\\/fr\\\/#website\",\"url\":\"https:\\\/\\\/visionarymarketing.com\\\/fr\\\/\",\"name\":\"Marketing and Innovation\",\"description\":\"Site d&#039;infos ind\u00e9pendant, depuis 1996\",\"potentialAction\":[{\"@type\":\"SearchAction\",\"target\":{\"@type\":\"EntryPoint\",\"urlTemplate\":\"https:\\\/\\\/visionarymarketing.com\\\/fr\\\/?s={search_term_string}\"},\"query-input\":{\"@type\":\"PropertyValueSpecification\",\"valueRequired\":true,\"valueName\":\"search_term_string\"}}],\"inLanguage\":\"fr-FR\"},{\"@type\":\"Person\",\"@id\":\"https:\\\/\\\/visionarymarketing.com\\\/fr\\\/#\\\/schema\\\/person\\\/3754fee1e558f47b8deb46f53c37423e\",\"name\":\"Yann Gourvennec\",\"image\":{\"@type\":\"ImageObject\",\"inLanguage\":\"fr-FR\",\"@id\":\"https:\\\/\\\/secure.gravatar.com\\\/avatar\\\/5972001801e8de5692a3e31224e85769f50a55fb8b679749f9c8d1868cceff14?s=96&d=initials&r=g&initials=yg\",\"url\":\"https:\\\/\\\/secure.gravatar.com\\\/avatar\\\/5972001801e8de5692a3e31224e85769f50a55fb8b679749f9c8d1868cceff14?s=96&d=initials&r=g&initials=yg\",\"contentUrl\":\"https:\\\/\\\/secure.gravatar.com\\\/avatar\\\/5972001801e8de5692a3e31224e85769f50a55fb8b679749f9c8d1868cceff14?s=96&d=initials&r=g&initials=yg\",\"caption\":\"Yann Gourvennec\"},\"description\":\"Yann Gourvennec created visionarymarketing.com in 1996. He is a speaker and author of many books. In 2014 he went from intrapreneur to entrepreneur, when he created his digital marketing agency. Yann Gourvennec a cr\u00e9\u00e9 visionarymarketing.com en 1996. Il est conf\u00e9rencier et auteur de plusieurs livres. En 2014, il est pass\u00e9 d'intrapreneur \u00e0 entrepreneur en cr\u00e9ant son agence de marketing num\u00e9rique.\",\"sameAs\":[\"https:\\\/\\\/visionarymarketing.com\",\"http:\\\/\\\/facebook.com\\\/ygourven\",\"http:\\\/\\\/linkedin.com\\\/in\\\/ygourven\",\"https:\\\/\\\/x.com\\\/ygourven\",\"https:\\\/\\\/www.youtube.com\\\/c\\\/visionarymarketingagency\"],\"url\":\"https:\\\/\\\/visionarymarketing.com\\\/fr\\\/author\\\/yann-gourvennec\\\/\"}]}<\/script>\n<!-- \/ Yoast SEO plugin. -->","yoast_head_json":{"title":"Media Aces Conference - m\u00e9dias sociaux, PME et grands groupes","description":"Voici une nouvelle version de l'invitation \u00e0 la conf\u00e9rence Media Aces qui aura lieu le 22 juin 2010. Vous verrez qu'on a pens\u00e9 au foot","robots":{"index":"noindex","follow":"follow"},"og_locale":"fr_FR","og_type":"article","og_title":"Media Aces Conference - m\u00e9dias sociaux, PME et grands groupes","og_description":"Voici une nouvelle version de l'invitation \u00e0 la conf\u00e9rence Media Aces qui aura lieu le 22 juin 2010. Vous verrez qu'on a pens\u00e9 au foot","og_url":"https:\/\/visionarymarketing.com\/fr\/2010\/06\/14\/media-aces-3\/","og_site_name":"Marketing and Innovation","article_publisher":"https:\/\/www.facebook.com\/vismktg","article_author":"http:\/\/facebook.com\/ygourven","article_published_time":"2010-06-14T04:19:32+00:00","article_modified_time":"2022-03-12T10:50:08+00:00","og_image":[{"width":519,"height":339,"url":"https:\/\/visionarymarketing.com\/wp-content\/uploads\/2013\/11\/mediaaceslivre-29-10932323716-o-scaled-e1614976843403.jpg","type":"image\/jpeg"}],"author":"Yann Gourvennec","twitter_card":"summary_large_image","twitter_creator":"@ygourven","twitter_site":"@ygourven","twitter_misc":{"\u00c9crit par":"Yann Gourvennec","Dur\u00e9e de lecture estim\u00e9e":"1 minute"},"schema":{"@context":"https:\/\/schema.org","@graph":[{"@type":"NewsArticle","@id":"https:\/\/visionarymarketing.com\/fr\/2010\/06\/14\/media-aces-3\/#article","isPartOf":{"@id":"https:\/\/visionarymarketing.com\/fr\/2010\/06\/14\/media-aces-3\/"},"author":{"name":"Yann Gourvennec","@id":"https:\/\/visionarymarketing.com\/fr\/#\/schema\/person\/3754fee1e558f47b8deb46f53c37423e"},"headline":"Media Aces Conference &#8211; m\u00e9dias sociaux, PME et grands groupes","datePublished":"2010-06-14T04:19:32+00:00","dateModified":"2022-03-12T10:50:08+00:00","mainEntityOfPage":{"@id":"https:\/\/visionarymarketing.com\/fr\/2010\/06\/14\/media-aces-3\/"},"wordCount":136,"commentCount":0,"image":{"@id":"https:\/\/visionarymarketing.com\/fr\/2010\/06\/14\/media-aces-3\/#primaryimage"},"thumbnailUrl":"https:\/\/visionarymarketing.com\/wp-content\/uploads\/2013\/11\/mediaaceslivre-29-10932323716-o-scaled-e1614976843403.jpg","articleSection":["marketing digital"],"inLanguage":"fr-FR","potentialAction":[{"@type":"CommentAction","name":"Comment","target":["https:\/\/visionarymarketing.com\/fr\/2010\/06\/14\/media-aces-3\/#respond"]}]},{"@type":"WebPage","@id":"https:\/\/visionarymarketing.com\/fr\/2010\/06\/14\/media-aces-3\/","url":"https:\/\/visionarymarketing.com\/fr\/2010\/06\/14\/media-aces-3\/","name":"Media Aces Conference - m\u00e9dias sociaux, PME et grands groupes","isPartOf":{"@id":"https:\/\/visionarymarketing.com\/fr\/#website"},"primaryImageOfPage":{"@id":"https:\/\/visionarymarketing.com\/fr\/2010\/06\/14\/media-aces-3\/#primaryimage"},"image":{"@id":"https:\/\/visionarymarketing.com\/fr\/2010\/06\/14\/media-aces-3\/#primaryimage"},"thumbnailUrl":"https:\/\/visionarymarketing.com\/wp-content\/uploads\/2013\/11\/mediaaceslivre-29-10932323716-o-scaled-e1614976843403.jpg","datePublished":"2010-06-14T04:19:32+00:00","dateModified":"2022-03-12T10:50:08+00:00","author":{"@id":"https:\/\/visionarymarketing.com\/fr\/#\/schema\/person\/3754fee1e558f47b8deb46f53c37423e"},"description":"Voici une nouvelle version de l'invitation \u00e0 la conf\u00e9rence Media Aces qui aura lieu le 22 juin 2010. Vous verrez qu'on a pens\u00e9 au foot","breadcrumb":{"@id":"https:\/\/visionarymarketing.com\/fr\/2010\/06\/14\/media-aces-3\/#breadcrumb"},"inLanguage":"fr-FR","potentialAction":[{"@type":"ReadAction","target":["https:\/\/visionarymarketing.com\/fr\/2010\/06\/14\/media-aces-3\/"]}]},{"@type":"ImageObject","inLanguage":"fr-FR","@id":"https:\/\/visionarymarketing.com\/fr\/2010\/06\/14\/media-aces-3\/#primaryimage","url":"https:\/\/visionarymarketing.com\/wp-content\/uploads\/2013\/11\/mediaaceslivre-29-10932323716-o-scaled-e1614976843403.jpg","contentUrl":"https:\/\/visionarymarketing.com\/wp-content\/uploads\/2013\/11\/mediaaceslivre-29-10932323716-o-scaled-e1614976843403.jpg","width":519,"height":339,"caption":"communication digital exemple"},{"@type":"BreadcrumbList","@id":"https:\/\/visionarymarketing.com\/fr\/2010\/06\/14\/media-aces-3\/#breadcrumb","itemListElement":[{"@type":"ListItem","position":1,"name":"Home","item":"https:\/\/visionarymarketing.com\/fr\/"},{"@type":"ListItem","position":2,"name":"Media Aces Conference &#8211; m\u00e9dias sociaux, PME et grands groupes"}]},{"@type":"WebSite","@id":"https:\/\/visionarymarketing.com\/fr\/#website","url":"https:\/\/visionarymarketing.com\/fr\/","name":"Marketing and Innovation","description":"Site d&#039;infos ind\u00e9pendant, depuis 1996","potentialAction":[{"@type":"SearchAction","target":{"@type":"EntryPoint","urlTemplate":"https:\/\/visionarymarketing.com\/fr\/?s={search_term_string}"},"query-input":{"@type":"PropertyValueSpecification","valueRequired":true,"valueName":"search_term_string"}}],"inLanguage":"fr-FR"},{"@type":"Person","@id":"https:\/\/visionarymarketing.com\/fr\/#\/schema\/person\/3754fee1e558f47b8deb46f53c37423e","name":"Yann Gourvennec","image":{"@type":"ImageObject","inLanguage":"fr-FR","@id":"https:\/\/secure.gravatar.com\/avatar\/5972001801e8de5692a3e31224e85769f50a55fb8b679749f9c8d1868cceff14?s=96&d=initials&r=g&initials=yg","url":"https:\/\/secure.gravatar.com\/avatar\/5972001801e8de5692a3e31224e85769f50a55fb8b679749f9c8d1868cceff14?s=96&d=initials&r=g&initials=yg","contentUrl":"https:\/\/secure.gravatar.com\/avatar\/5972001801e8de5692a3e31224e85769f50a55fb8b679749f9c8d1868cceff14?s=96&d=initials&r=g&initials=yg","caption":"Yann Gourvennec"},"description":"Yann Gourvennec created visionarymarketing.com in 1996. He is a speaker and author of many books. In 2014 he went from intrapreneur to entrepreneur, when he created his digital marketing agency. Yann Gourvennec a cr\u00e9\u00e9 visionarymarketing.com en 1996. Il est conf\u00e9rencier et auteur de plusieurs livres. En 2014, il est pass\u00e9 d'intrapreneur \u00e0 entrepreneur en cr\u00e9ant son agence de marketing num\u00e9rique.","sameAs":["https:\/\/visionarymarketing.com","http:\/\/facebook.com\/ygourven","http:\/\/linkedin.com\/in\/ygourven","https:\/\/x.com\/ygourven","https:\/\/www.youtube.com\/c\/visionarymarketingagency"],"url":"https:\/\/visionarymarketing.com\/fr\/author\/yann-gourvennec\/"}]}},"_links":{"self":[{"href":"https:\/\/visionarymarketing.com\/fr\/wp-json\/wp\/v2\/posts\/2661","targetHints":{"allow":["GET"]}}],"collection":[{"href":"https:\/\/visionarymarketing.com\/fr\/wp-json\/wp\/v2\/posts"}],"about":[{"href":"https:\/\/visionarymarketing.com\/fr\/wp-json\/wp\/v2\/types\/post"}],"author":[{"embeddable":true,"href":"https:\/\/visionarymarketing.com\/fr\/wp-json\/wp\/v2\/users\/2"}],"replies":[{"embeddable":true,"href":"https:\/\/visionarymarketing.com\/fr\/wp-json\/wp\/v2\/comments?post=2661"}],"version-history":[{"count":0,"href":"https:\/\/visionarymarketing.com\/fr\/wp-json\/wp\/v2\/posts\/2661\/revisions"}],"wp:featuredmedia":[{"embeddable":true,"href":"https:\/\/visionarymarketing.com\/fr\/wp-json\/wp\/v2\/media\/59188"}],"wp:attachment":[{"href":"https:\/\/visionarymarketing.com\/fr\/wp-json\/wp\/v2\/media?parent=2661"}],"wp:term":[{"taxonomy":"category","embeddable":true,"href":"https:\/\/visionarymarketing.com\/fr\/wp-json\/wp\/v2\/categories?post=2661"},{"taxonomy":"post_tag","embeddable":true,"href":"https:\/\/visionarymarketing.com\/fr\/wp-json\/wp\/v2\/tags?post=2661"}],"curies":[{"name":"wp","href":"https:\/\/api.w.org\/{rel}","templated":true}]}}