{"id":26445,"date":"2017-12-12T08:30:21","date_gmt":"2017-12-12T07:30:21","guid":{"rendered":"http:\/\/visionarymarketing.fr\/blog\/?p=26445"},"modified":"2024-04-30T06:32:40","modified_gmt":"2024-04-30T04:32:40","slug":"teletravail-et-visioconference-deux-tendances-complementaires","status":"publish","type":"post","link":"https:\/\/visionarymarketing.com\/fr\/2017\/12\/12\/teletravail-et-visioconference-deux-tendances-complementaires\/","title":{"rendered":"T\u00e9l\u00e9travail et visioconf\u00e9rence, deux tendances compl\u00e9mentaires"},"content":{"rendered":"<p><em>Le t\u00e9l\u00e9travail repr\u00e9sente aujourd&rsquo;hui un ph\u00e9nom\u00e8ne non n\u00e9gligeable. D&rsquo;ailleurs,\u00a0<a href=\"https:\/\/fr.wikipedia.org\/wiki\/R\u00e9forme_du_code_du_travail_en_2017\" target=\"_blank\" rel=\"noopener noreferrer\">selon la loi<\/a>, il fait d\u00e9sormais partie des droits du salari\u00e9.\u00a0<a href=\"https:\/\/web.archive.org\/web\/20191114070052\/https:\/\/www.cget.gouv.fr\/chiffres-teletravail-2016\" target=\"_blank\" rel=\"noopener noreferrer\">Le cabinet Kronos a men\u00e9 une \u00e9tude <\/a>sur ce sujet et d\u00e9clare que\u00a0<strong>16,7\u00a0% des Fran\u00e7ais t\u00e9l\u00e9travaillent plus d\u2019une journ\u00e9e par semaine<\/strong>. Cette nouvelle m\u00e9thode de travail permet aux salari\u00e9s de <strong>mieux g\u00e9rer l&rsquo;\u00e9quilibre<\/strong> entre leur vie personnelle et leur vie professionnelle. Le travail \u00e0 distance est au coeur de nombreux d\u00e9bats ; certains cadres sont d&rsquo;accord avec mon dernier propos, et d&rsquo;autres sont plus sceptiques. La confiance, la productivit\u00e9 et l&rsquo;efficacit\u00e9 sont des facteurs qui p\u00e8sent lourdement sur l&rsquo;avis des cadres. <a href=\"https:\/\/www.al-enterprise.com\/fr-fr\/rainbow\" target=\"_blank\" rel=\"noopener noreferrer\">Les outils de collaboration trouvent aussi leur place, qui est cruciale, dans ce d\u00e9bat<\/a>.\u00a0<\/em><\/p>\n<p>&nbsp;<\/p>\n<figure id=\"attachment_26447\" aria-describedby=\"caption-attachment-26447\" style=\"width: 589px\" class=\"wp-caption aligncenter\"><a href=\"https:\/\/visionarymarketing.com\/wp-content\/uploads\/2017\/11\/Kronos.jpg\"><img decoding=\"async\" class=\"wp-image-26447\" src=\"https:\/\/visionarymarketing.com\/wp-content\/uploads\/2017\/11\/Kronos.jpg\" alt=\"\" width=\"589\" height=\"262\" srcset=\"https:\/\/visionarymarketing.com\/wp-content\/uploads\/2017\/11\/Kronos-765x341.jpg 765w, https:\/\/visionarymarketing.com\/wp-content\/uploads\/2017\/11\/Kronos-768x341.jpg 768w\" sizes=\"(max-width: 589px) 100vw, 589px\" \/><\/a><figcaption id=\"caption-attachment-26447\" class=\"wp-caption-text\">Source : DR Kronos, http:\/\/www.cget.gouv.fr\/chiffres-teletravail-2016<\/figcaption><\/figure>\n<h2>Le t\u00e9l\u00e9travail, une tendance croissante<\/h2>\n<p><strong>Les d\u00e9buts du t\u00e9l\u00e9travail sont compliqu\u00e9s<\/strong> : les chefs d&rsquo;entreprises et les managers \u00e9taient plut\u00f4t frileux \u00e0 l&rsquo;id\u00e9e de ne pas avoir leurs salari\u00e9s \u00e0 proximit\u00e9. Heureusement, cette perception a rapidement chang\u00e9. D&rsquo;apr\u00e8s<a href=\"https:\/\/web.archive.org\/web\/20220628020527\/https:\/\/www.grouperandstad.fr\/etude-randstad-awards-2016-deux-salaries-francais-sur-trois-sont-favorables-au-teletravail\/\" target=\"_blank\" rel=\"noopener noreferrer\"> une \u00e9tude men\u00e9e par Randstad<\/a> en 2016, <strong>48% des entreprises du CAC 40 ont recours \u00e0 cette pratique<\/strong> de travail \u00e0 distance.<\/p>\n<p><a href=\"https:\/\/visionarymarketing.com\/wp-content\/uploads\/2017\/11\/5c-vm-5c-phrase_26355204.png\"><img decoding=\"async\" class=\"aligncenter size-large wp-image-26457\" src=\"https:\/\/visionarymarketing.com\/wp-content\/uploads\/2017\/11\/5c-vm-5c-phrase_26355204-1024x509.png\" alt=\"t\u00e9l\u00e9travail et collaboration\" width=\"768\" height=\"382\" srcset=\"https:\/\/visionarymarketing.com\/wp-content\/uploads\/2017\/11\/5c-vm-5c-phrase_26355204-1024x509.png 1024w, https:\/\/visionarymarketing.com\/wp-content\/uploads\/2017\/11\/5c-vm-5c-phrase_26355204-500x248.png 500w, https:\/\/visionarymarketing.com\/wp-content\/uploads\/2017\/11\/5c-vm-5c-phrase_26355204-768x381.png 768w, https:\/\/visionarymarketing.com\/wp-content\/uploads\/2017\/11\/5c-vm-5c-phrase_26355204.png 1200w\" sizes=\"(max-width: 768px) 100vw, 768px\" \/><\/a><\/p>\n<p>Aujourd&rsquo;hui, d&rsquo;autres tendances \u00e9mergent gr\u00e2ce au t\u00e9l\u00e9travail, comme les \u00ab\u00a0digital nomads\u00a0\u00bb ou les espaces de \u00ab\u00a0coworking\u00a0\u00bb qui se multiplie \u00e0 une vitesse incroyable. <a href=\"https:\/\/www.maddyness.com\/2017\/07\/17\/infographie-bond-de-900-cinq-ans-espaces-de-coworking-rien-paris\/\" target=\"_blank\" rel=\"noopener noreferrer\">En Ile-de-France, le nombre d&rsquo;espaces de coworking augmente de 785% en 5 ans<\/a>. Selon le cabinet d&rsquo;immobilier Arthur Lloyd, <a href=\"https:\/\/web.archive.org\/web\/20181224200119\/https:\/\/www.arthur-loyd.com\/publications,c643\/le-coworking-a-paris-et-idf-un-marche-en-plein-essor,livre2\/\" target=\"_blank\" rel=\"noopener noreferrer\">l&rsquo;\u00e9quivalent de 10 terrains de foot sera ouvert en 2017<\/a>.<\/p>\n<h2>Les outils de collaboration, cl\u00e9 de r\u00e9ussite du t\u00e9l\u00e9travail<\/h2>\n<p>D&rsquo;apr\u00e8s la d\u00e9finition de Boursorama, \u00ab\u00a0<a href=\"https:\/\/www.boursorama.com\/actualites\/teletravail-la-tendance-se-developpe-en-france-45a3771de6ee7eb8d5048c09a063d1c6\" target=\"_blank\" rel=\"noopener noreferrer\">le t\u00e9l\u00e9travail est\u00a0un mode de travail qui permet de r\u00e9aliser des t\u00e2ches pour un employeur ou un client sans se rendre dans ses locaux, gr\u00e2ce aux moyens de communication modernes.\u00a0\u00bb<\/a><\/p>\n<p><!--more--><\/p>\n<p>J\u00e9rome Delacroix appuie ce propos dans son article publi\u00e9 sur le blog de notre client Alcatel Lucent Entreprise : \u00ab\u00a0<a href=\"https:\/\/www.al-enterprise.com\/fr-fr\/rainbow\" target=\"_blank\" rel=\"noopener noreferrer\"> Visioconf\u00e9rence, Nathalie au paradis du travail collaboratif<\/a>\u00ab\u00a0. Il explique que les deux cl\u00e9s de r\u00e9ussite d&rsquo;un travail \u00e0 distance sont : <a href=\"https:\/\/www.al-enterprise.com\/fr-fr\/rainbow\" target=\"_blank\" rel=\"noopener noreferrer\">l&rsquo;utilisation des outils de collaboration<\/a>, et la mise en place d&rsquo;une dynamique et d&rsquo;une discipline d&rsquo;\u00e9quipe.<\/p>\n<p>&nbsp;<\/p>\n<blockquote class=\"quote-light\">\n<div class=\"fusion-text\">\n<h2 class=\"entry-title fusion-post-title\" data-fontsize=\"28\" data-lineheight=\"30\"><a href=\"https:\/\/www.al-enterprise.com\/fr-fr\/rainbow\" target=\"_blank\" rel=\"noopener noreferrer\">Visioconf\u00e9rence : Nathalie au paradis du travail collaboratif<\/a><\/h2>\n<p><em>La visioconf\u00e9rence s\u2019impose plus que jamais comme l\u2019outil indispensable pour nourrir le sentiment d\u2019appartenance d\u2019une \u00e9quipe travaillant \u00e0 distance. Alors que le t\u00e9l\u00e9travail se banalise, elle est devenue un facteur cl\u00e9 de succ\u00e8s de la r\u00e9ussite des projets.<\/em><\/p>\n<p><em>Nathalie*, jeune chef de projet dans l\u2019informatique, en sait quelque chose : la visioconf\u00e9rence a sauv\u00e9 sa folle journ\u00e9e et assur\u00e9 le succ\u00e8s d\u2019une r\u00e9union importante.<\/em><\/p>\n<p>Tout semble r\u00e9ussir \u00e0 Nathalie, la trentaine rayonnante. Du haut de son m\u00e8tre soixante-trois, elle a su s\u2019imposer dans l\u2019univers plut\u00f4t masculin du d\u00e9veloppement informatique. Son professionnalisme et son sens de l\u2019organisation lui ont valu de gravir rapidement les \u00e9chelons chez Virtuware, o\u00f9 elle occupe un poste de chef de projet senior. Malgr\u00e9 cette exp\u00e9rience, Nathalie ne peut s\u2019emp\u00eacher d\u2019appr\u00e9hender sa r\u00e9union de demain chez le principal client de Virtuware, Thoneum, pour la mise en production d\u2019une nouvelle solution. Aujourd\u2019hui, c\u2019est son jour de t\u00e9l\u00e9travail hebdomadaire, qu\u2019elle a n\u00e9goci\u00e9 avec son employeur apr\u00e8s la naissance de son premier enfant. Va-t-elle parvenir \u00e0 s\u00e9curiser tous les aspects du projet avant sa r\u00e9union ?<\/p>\n<\/div>\n<p><span class=\"fusion-imageframe imageframe-none imageframe-1 hover-type-none\"><\/span><\/p>\n<div class=\"fusion-text\">\n<p><strong>07 :00<\/strong>\u00a0Le r\u00e9veil sonne. Mais cela fait d\u00e9j\u00e0 une heure que Nathalie ne dort plus. Le souvenir soudain d\u2019un \u00e9cran \u00e0 corriger dans l\u2019application du client l\u2019a tir\u00e9e du sommeil. A moins que ce ne soit les cris de la petite Emma qui r\u00e9clame son premier biberon.<\/p>\n<p><strong>07 :30<\/strong>\u00a0Sous l\u2019effet du lait chaud, Emma s\u2019est rendormie. Pour Nathalie, la course folle habituelle commence. Apr\u00e8s une toilette rapide et un petit d\u00e9jeuner non moins rapide en compagnie de son ch\u00e9ri, Nathalie consulte fi\u00e9vreusement son smartphone. A Bucarest, les premiers ing\u00e9nieurs sont d\u00e9j\u00e0 \u00e0 leur poste, tr\u00e8s mobilis\u00e9s \u00e0 en juger par le chat collectif de l\u2019\u00e9quipe de d\u00e9veloppement. D\u00e9sormais parfaitement r\u00e9veill\u00e9e, Nathalie poste un message pour convier l\u2019\u00e9quipe \u00e0 une visioconf\u00e9rence \u00e0 9h30, heure de Paris.\u00a0<strong>En un clin d\u2019\u0153il, la r\u00e9union est mont\u00e9e.<\/strong><\/p>\n<p><a href=\"https:\/\/www.al-enterprise.com\/fr-fr\/rainbow\" target=\"_blank\" rel=\"noopener noreferrer\">Lire la suite de l&rsquo;article sur le blog d&rsquo;Alcatel Lucent Entreprise<\/a><\/p>\n<\/div>\n<\/blockquote>\n","protected":false},"excerpt":{"rendered":"<p>Le t\u00e9l\u00e9travail repr\u00e9sente aujourd&rsquo;hui un ph\u00e9nom\u00e8ne non n\u00e9gligeable. D&rsquo;ailleurs,\u00a0selon la loi, il fait d\u00e9sormais partie des droits du salari\u00e9.\u00a0Le cabinet Kronos a men\u00e9 une \u00e9tude sur ce sujet et d\u00e9clare que\u00a016,7\u00a0% des Fran\u00e7ais t\u00e9l\u00e9travaillent plus d\u2019une journ\u00e9e par semaine. Cette nouvelle m\u00e9thode de travail permet aux salari\u00e9s de mieux g\u00e9rer l&rsquo;\u00e9quilibre entre leur vie personnelle &hellip;<\/p>\n","protected":false},"author":37,"featured_media":34067,"comment_status":"open","ping_status":"open","sticky":false,"template":"","format":"standard","meta":{"footnotes":""},"categories":[1613],"tags":[],"class_list":["post-26445","post","type-post","status-publish","format-standard","has-post-thumbnail","hentry","category-marketing-digital-marketing"],"yoast_head":"<!-- This site is optimized with the Yoast SEO plugin v27.4 - https:\/\/yoast.com\/product\/yoast-seo-wordpress\/ -->\n<title>T\u00e9l\u00e9travail et visioconf\u00e9rence, deux tendances compl\u00e9mentaires<\/title>\n<meta name=\"description\" content=\"Le travail \u00e0 distance est au coeur de nombreux d\u00e9bats; certains sont d&#039;accord avec cette pratique, et d&#039;autres sont plus sceptiques.\" \/>\n<meta name=\"robots\" content=\"index, follow, max-snippet:-1, max-image-preview:large, max-video-preview:-1\" \/>\n<link rel=\"canonical\" href=\"https:\/\/visionarymarketing.com\/fr\/2017\/12\/12\/teletravail-et-visioconference-deux-tendances-complementaires\/\" \/>\n<meta property=\"og:locale\" content=\"fr_FR\" \/>\n<meta property=\"og:type\" content=\"article\" \/>\n<meta property=\"og:title\" content=\"T\u00e9l\u00e9travail et visioconf\u00e9rence, deux tendances compl\u00e9mentaires\" \/>\n<meta property=\"og:description\" content=\"Le travail \u00e0 distance est au coeur de nombreux d\u00e9bats; certains sont d&#039;accord avec cette pratique, et d&#039;autres sont plus sceptiques.\" \/>\n<meta property=\"og:url\" content=\"https:\/\/visionarymarketing.com\/fr\/2017\/12\/12\/teletravail-et-visioconference-deux-tendances-complementaires\/\" \/>\n<meta property=\"og:site_name\" content=\"Marketing and Innovation\" \/>\n<meta property=\"article:publisher\" content=\"https:\/\/www.facebook.com\/vismktg\" \/>\n<meta property=\"article:published_time\" content=\"2017-12-12T07:30:21+00:00\" \/>\n<meta property=\"article:modified_time\" content=\"2024-04-30T04:32:40+00:00\" \/>\n<meta property=\"og:image\" content=\"https:\/\/visionarymarketing.com\/wp-content\/uploads\/2019\/11\/47977292358_bf3ee00e95_c.jpg\" \/>\n\t<meta property=\"og:image:width\" content=\"644\" \/>\n\t<meta property=\"og:image:height\" content=\"430\" \/>\n\t<meta property=\"og:image:type\" content=\"image\/jpeg\" \/>\n<meta name=\"author\" content=\"Mia Tawile\" \/>\n<meta name=\"twitter:card\" content=\"summary_large_image\" \/>\n<meta name=\"twitter:creator\" content=\"@miatawile\" \/>\n<meta name=\"twitter:site\" content=\"@ygourven\" \/>\n<meta name=\"twitter:label1\" content=\"\u00c9crit par\" \/>\n\t<meta name=\"twitter:data1\" content=\"Mia Tawile\" \/>\n\t<meta name=\"twitter:label2\" content=\"Dur\u00e9e de lecture estim\u00e9e\" \/>\n\t<meta name=\"twitter:data2\" content=\"4 minutes\" \/>\n<script type=\"application\/ld+json\" class=\"yoast-schema-graph\">{\"@context\":\"https:\\\/\\\/schema.org\",\"@graph\":[{\"@type\":\"NewsArticle\",\"@id\":\"https:\\\/\\\/visionarymarketing.com\\\/fr\\\/2017\\\/12\\\/12\\\/teletravail-et-visioconference-deux-tendances-complementaires\\\/#article\",\"isPartOf\":{\"@id\":\"https:\\\/\\\/visionarymarketing.com\\\/fr\\\/2017\\\/12\\\/12\\\/teletravail-et-visioconference-deux-tendances-complementaires\\\/\"},\"author\":{\"name\":\"Mia Tawile\",\"@id\":\"https:\\\/\\\/visionarymarketing.com\\\/fr\\\/#\\\/schema\\\/person\\\/c22ca7cda49fc238083fd617e5b2734d\"},\"headline\":\"T\u00e9l\u00e9travail et visioconf\u00e9rence, deux tendances compl\u00e9mentaires\",\"datePublished\":\"2017-12-12T07:30:21+00:00\",\"dateModified\":\"2024-04-30T04:32:40+00:00\",\"mainEntityOfPage\":{\"@id\":\"https:\\\/\\\/visionarymarketing.com\\\/fr\\\/2017\\\/12\\\/12\\\/teletravail-et-visioconference-deux-tendances-complementaires\\\/\"},\"wordCount\":789,\"commentCount\":0,\"image\":{\"@id\":\"https:\\\/\\\/visionarymarketing.com\\\/fr\\\/2017\\\/12\\\/12\\\/teletravail-et-visioconference-deux-tendances-complementaires\\\/#primaryimage\"},\"thumbnailUrl\":\"https:\\\/\\\/visionarymarketing.com\\\/wp-content\\\/uploads\\\/2019\\\/11\\\/47977292358_bf3ee00e95_c.jpg\",\"articleSection\":[\"marketing digital\"],\"inLanguage\":\"fr-FR\",\"potentialAction\":[{\"@type\":\"CommentAction\",\"name\":\"Comment\",\"target\":[\"https:\\\/\\\/visionarymarketing.com\\\/fr\\\/2017\\\/12\\\/12\\\/teletravail-et-visioconference-deux-tendances-complementaires\\\/#respond\"]}]},{\"@type\":\"WebPage\",\"@id\":\"https:\\\/\\\/visionarymarketing.com\\\/fr\\\/2017\\\/12\\\/12\\\/teletravail-et-visioconference-deux-tendances-complementaires\\\/\",\"url\":\"https:\\\/\\\/visionarymarketing.com\\\/fr\\\/2017\\\/12\\\/12\\\/teletravail-et-visioconference-deux-tendances-complementaires\\\/\",\"name\":\"T\u00e9l\u00e9travail et visioconf\u00e9rence, deux tendances compl\u00e9mentaires\",\"isPartOf\":{\"@id\":\"https:\\\/\\\/visionarymarketing.com\\\/fr\\\/#website\"},\"primaryImageOfPage\":{\"@id\":\"https:\\\/\\\/visionarymarketing.com\\\/fr\\\/2017\\\/12\\\/12\\\/teletravail-et-visioconference-deux-tendances-complementaires\\\/#primaryimage\"},\"image\":{\"@id\":\"https:\\\/\\\/visionarymarketing.com\\\/fr\\\/2017\\\/12\\\/12\\\/teletravail-et-visioconference-deux-tendances-complementaires\\\/#primaryimage\"},\"thumbnailUrl\":\"https:\\\/\\\/visionarymarketing.com\\\/wp-content\\\/uploads\\\/2019\\\/11\\\/47977292358_bf3ee00e95_c.jpg\",\"datePublished\":\"2017-12-12T07:30:21+00:00\",\"dateModified\":\"2024-04-30T04:32:40+00:00\",\"author\":{\"@id\":\"https:\\\/\\\/visionarymarketing.com\\\/fr\\\/#\\\/schema\\\/person\\\/c22ca7cda49fc238083fd617e5b2734d\"},\"description\":\"Le travail \u00e0 distance est au coeur de nombreux d\u00e9bats; certains sont d'accord avec cette pratique, et d'autres sont plus sceptiques.\",\"breadcrumb\":{\"@id\":\"https:\\\/\\\/visionarymarketing.com\\\/fr\\\/2017\\\/12\\\/12\\\/teletravail-et-visioconference-deux-tendances-complementaires\\\/#breadcrumb\"},\"inLanguage\":\"fr-FR\",\"potentialAction\":[{\"@type\":\"ReadAction\",\"target\":[\"https:\\\/\\\/visionarymarketing.com\\\/fr\\\/2017\\\/12\\\/12\\\/teletravail-et-visioconference-deux-tendances-complementaires\\\/\"]}]},{\"@type\":\"ImageObject\",\"inLanguage\":\"fr-FR\",\"@id\":\"https:\\\/\\\/visionarymarketing.com\\\/fr\\\/2017\\\/12\\\/12\\\/teletravail-et-visioconference-deux-tendances-complementaires\\\/#primaryimage\",\"url\":\"https:\\\/\\\/visionarymarketing.com\\\/wp-content\\\/uploads\\\/2019\\\/11\\\/47977292358_bf3ee00e95_c.jpg\",\"contentUrl\":\"https:\\\/\\\/visionarymarketing.com\\\/wp-content\\\/uploads\\\/2019\\\/11\\\/47977292358_bf3ee00e95_c.jpg\",\"width\":644,\"height\":430},{\"@type\":\"BreadcrumbList\",\"@id\":\"https:\\\/\\\/visionarymarketing.com\\\/fr\\\/2017\\\/12\\\/12\\\/teletravail-et-visioconference-deux-tendances-complementaires\\\/#breadcrumb\",\"itemListElement\":[{\"@type\":\"ListItem\",\"position\":1,\"name\":\"Home\",\"item\":\"https:\\\/\\\/visionarymarketing.com\\\/fr\\\/\"},{\"@type\":\"ListItem\",\"position\":2,\"name\":\"T\u00e9l\u00e9travail et visioconf\u00e9rence, deux tendances compl\u00e9mentaires\"}]},{\"@type\":\"WebSite\",\"@id\":\"https:\\\/\\\/visionarymarketing.com\\\/fr\\\/#website\",\"url\":\"https:\\\/\\\/visionarymarketing.com\\\/fr\\\/\",\"name\":\"Marketing and Innovation\",\"description\":\"Site d&#039;infos ind\u00e9pendant, depuis 1996\",\"potentialAction\":[{\"@type\":\"SearchAction\",\"target\":{\"@type\":\"EntryPoint\",\"urlTemplate\":\"https:\\\/\\\/visionarymarketing.com\\\/fr\\\/?s={search_term_string}\"},\"query-input\":{\"@type\":\"PropertyValueSpecification\",\"valueRequired\":true,\"valueName\":\"search_term_string\"}}],\"inLanguage\":\"fr-FR\"},{\"@type\":\"Person\",\"@id\":\"https:\\\/\\\/visionarymarketing.com\\\/fr\\\/#\\\/schema\\\/person\\\/c22ca7cda49fc238083fd617e5b2734d\",\"name\":\"Mia Tawile\",\"image\":{\"@type\":\"ImageObject\",\"inLanguage\":\"fr-FR\",\"@id\":\"https:\\\/\\\/secure.gravatar.com\\\/avatar\\\/4ed7430e2b6a9d233600ecf1119e8654f8bcf064f0007e696a76a4ef839b0d55?s=96&d=initials&r=g&initials=mi\",\"url\":\"https:\\\/\\\/secure.gravatar.com\\\/avatar\\\/4ed7430e2b6a9d233600ecf1119e8654f8bcf064f0007e696a76a4ef839b0d55?s=96&d=initials&r=g&initials=mi\",\"contentUrl\":\"https:\\\/\\\/secure.gravatar.com\\\/avatar\\\/4ed7430e2b6a9d233600ecf1119e8654f8bcf064f0007e696a76a4ef839b0d55?s=96&d=initials&r=g&initials=mi\",\"caption\":\"Mia Tawile\"},\"description\":\"Mia is a Digital Marketing Consultant. She worked for Visionary Marketing from 2015 to 2018.\",\"sameAs\":[\"http:\\\/\\\/visionarymarketing.com\",\"https:\\\/\\\/x.com\\\/miatawile\"],\"url\":\"https:\\\/\\\/visionarymarketing.com\\\/fr\\\/author\\\/mia-tawile\\\/\"}]}<\/script>\n<!-- \/ Yoast SEO plugin. -->","yoast_head_json":{"title":"T\u00e9l\u00e9travail et visioconf\u00e9rence, deux tendances compl\u00e9mentaires","description":"Le travail \u00e0 distance est au coeur de nombreux d\u00e9bats; certains sont d'accord avec cette pratique, et d'autres sont plus sceptiques.","robots":{"index":"index","follow":"follow","max-snippet":"max-snippet:-1","max-image-preview":"max-image-preview:large","max-video-preview":"max-video-preview:-1"},"canonical":"https:\/\/visionarymarketing.com\/fr\/2017\/12\/12\/teletravail-et-visioconference-deux-tendances-complementaires\/","og_locale":"fr_FR","og_type":"article","og_title":"T\u00e9l\u00e9travail et visioconf\u00e9rence, deux tendances compl\u00e9mentaires","og_description":"Le travail \u00e0 distance est au coeur de nombreux d\u00e9bats; certains sont d'accord avec cette pratique, et d'autres sont plus sceptiques.","og_url":"https:\/\/visionarymarketing.com\/fr\/2017\/12\/12\/teletravail-et-visioconference-deux-tendances-complementaires\/","og_site_name":"Marketing and Innovation","article_publisher":"https:\/\/www.facebook.com\/vismktg","article_published_time":"2017-12-12T07:30:21+00:00","article_modified_time":"2024-04-30T04:32:40+00:00","og_image":[{"width":644,"height":430,"url":"https:\/\/visionarymarketing.com\/wp-content\/uploads\/2019\/11\/47977292358_bf3ee00e95_c.jpg","type":"image\/jpeg"}],"author":"Mia Tawile","twitter_card":"summary_large_image","twitter_creator":"@miatawile","twitter_site":"@ygourven","twitter_misc":{"\u00c9crit par":"Mia Tawile","Dur\u00e9e de lecture estim\u00e9e":"4 minutes"},"schema":{"@context":"https:\/\/schema.org","@graph":[{"@type":"NewsArticle","@id":"https:\/\/visionarymarketing.com\/fr\/2017\/12\/12\/teletravail-et-visioconference-deux-tendances-complementaires\/#article","isPartOf":{"@id":"https:\/\/visionarymarketing.com\/fr\/2017\/12\/12\/teletravail-et-visioconference-deux-tendances-complementaires\/"},"author":{"name":"Mia Tawile","@id":"https:\/\/visionarymarketing.com\/fr\/#\/schema\/person\/c22ca7cda49fc238083fd617e5b2734d"},"headline":"T\u00e9l\u00e9travail et visioconf\u00e9rence, deux tendances compl\u00e9mentaires","datePublished":"2017-12-12T07:30:21+00:00","dateModified":"2024-04-30T04:32:40+00:00","mainEntityOfPage":{"@id":"https:\/\/visionarymarketing.com\/fr\/2017\/12\/12\/teletravail-et-visioconference-deux-tendances-complementaires\/"},"wordCount":789,"commentCount":0,"image":{"@id":"https:\/\/visionarymarketing.com\/fr\/2017\/12\/12\/teletravail-et-visioconference-deux-tendances-complementaires\/#primaryimage"},"thumbnailUrl":"https:\/\/visionarymarketing.com\/wp-content\/uploads\/2019\/11\/47977292358_bf3ee00e95_c.jpg","articleSection":["marketing digital"],"inLanguage":"fr-FR","potentialAction":[{"@type":"CommentAction","name":"Comment","target":["https:\/\/visionarymarketing.com\/fr\/2017\/12\/12\/teletravail-et-visioconference-deux-tendances-complementaires\/#respond"]}]},{"@type":"WebPage","@id":"https:\/\/visionarymarketing.com\/fr\/2017\/12\/12\/teletravail-et-visioconference-deux-tendances-complementaires\/","url":"https:\/\/visionarymarketing.com\/fr\/2017\/12\/12\/teletravail-et-visioconference-deux-tendances-complementaires\/","name":"T\u00e9l\u00e9travail et visioconf\u00e9rence, deux tendances compl\u00e9mentaires","isPartOf":{"@id":"https:\/\/visionarymarketing.com\/fr\/#website"},"primaryImageOfPage":{"@id":"https:\/\/visionarymarketing.com\/fr\/2017\/12\/12\/teletravail-et-visioconference-deux-tendances-complementaires\/#primaryimage"},"image":{"@id":"https:\/\/visionarymarketing.com\/fr\/2017\/12\/12\/teletravail-et-visioconference-deux-tendances-complementaires\/#primaryimage"},"thumbnailUrl":"https:\/\/visionarymarketing.com\/wp-content\/uploads\/2019\/11\/47977292358_bf3ee00e95_c.jpg","datePublished":"2017-12-12T07:30:21+00:00","dateModified":"2024-04-30T04:32:40+00:00","author":{"@id":"https:\/\/visionarymarketing.com\/fr\/#\/schema\/person\/c22ca7cda49fc238083fd617e5b2734d"},"description":"Le travail \u00e0 distance est au coeur de nombreux d\u00e9bats; certains sont d'accord avec cette pratique, et d'autres sont plus sceptiques.","breadcrumb":{"@id":"https:\/\/visionarymarketing.com\/fr\/2017\/12\/12\/teletravail-et-visioconference-deux-tendances-complementaires\/#breadcrumb"},"inLanguage":"fr-FR","potentialAction":[{"@type":"ReadAction","target":["https:\/\/visionarymarketing.com\/fr\/2017\/12\/12\/teletravail-et-visioconference-deux-tendances-complementaires\/"]}]},{"@type":"ImageObject","inLanguage":"fr-FR","@id":"https:\/\/visionarymarketing.com\/fr\/2017\/12\/12\/teletravail-et-visioconference-deux-tendances-complementaires\/#primaryimage","url":"https:\/\/visionarymarketing.com\/wp-content\/uploads\/2019\/11\/47977292358_bf3ee00e95_c.jpg","contentUrl":"https:\/\/visionarymarketing.com\/wp-content\/uploads\/2019\/11\/47977292358_bf3ee00e95_c.jpg","width":644,"height":430},{"@type":"BreadcrumbList","@id":"https:\/\/visionarymarketing.com\/fr\/2017\/12\/12\/teletravail-et-visioconference-deux-tendances-complementaires\/#breadcrumb","itemListElement":[{"@type":"ListItem","position":1,"name":"Home","item":"https:\/\/visionarymarketing.com\/fr\/"},{"@type":"ListItem","position":2,"name":"T\u00e9l\u00e9travail et visioconf\u00e9rence, deux tendances compl\u00e9mentaires"}]},{"@type":"WebSite","@id":"https:\/\/visionarymarketing.com\/fr\/#website","url":"https:\/\/visionarymarketing.com\/fr\/","name":"Marketing and Innovation","description":"Site d&#039;infos ind\u00e9pendant, depuis 1996","potentialAction":[{"@type":"SearchAction","target":{"@type":"EntryPoint","urlTemplate":"https:\/\/visionarymarketing.com\/fr\/?s={search_term_string}"},"query-input":{"@type":"PropertyValueSpecification","valueRequired":true,"valueName":"search_term_string"}}],"inLanguage":"fr-FR"},{"@type":"Person","@id":"https:\/\/visionarymarketing.com\/fr\/#\/schema\/person\/c22ca7cda49fc238083fd617e5b2734d","name":"Mia Tawile","image":{"@type":"ImageObject","inLanguage":"fr-FR","@id":"https:\/\/secure.gravatar.com\/avatar\/4ed7430e2b6a9d233600ecf1119e8654f8bcf064f0007e696a76a4ef839b0d55?s=96&d=initials&r=g&initials=mi","url":"https:\/\/secure.gravatar.com\/avatar\/4ed7430e2b6a9d233600ecf1119e8654f8bcf064f0007e696a76a4ef839b0d55?s=96&d=initials&r=g&initials=mi","contentUrl":"https:\/\/secure.gravatar.com\/avatar\/4ed7430e2b6a9d233600ecf1119e8654f8bcf064f0007e696a76a4ef839b0d55?s=96&d=initials&r=g&initials=mi","caption":"Mia Tawile"},"description":"Mia is a Digital Marketing Consultant. She worked for Visionary Marketing from 2015 to 2018.","sameAs":["http:\/\/visionarymarketing.com","https:\/\/x.com\/miatawile"],"url":"https:\/\/visionarymarketing.com\/fr\/author\/mia-tawile\/"}]}},"_links":{"self":[{"href":"https:\/\/visionarymarketing.com\/fr\/wp-json\/wp\/v2\/posts\/26445","targetHints":{"allow":["GET"]}}],"collection":[{"href":"https:\/\/visionarymarketing.com\/fr\/wp-json\/wp\/v2\/posts"}],"about":[{"href":"https:\/\/visionarymarketing.com\/fr\/wp-json\/wp\/v2\/types\/post"}],"author":[{"embeddable":true,"href":"https:\/\/visionarymarketing.com\/fr\/wp-json\/wp\/v2\/users\/37"}],"replies":[{"embeddable":true,"href":"https:\/\/visionarymarketing.com\/fr\/wp-json\/wp\/v2\/comments?post=26445"}],"version-history":[{"count":0,"href":"https:\/\/visionarymarketing.com\/fr\/wp-json\/wp\/v2\/posts\/26445\/revisions"}],"wp:featuredmedia":[{"embeddable":true,"href":"https:\/\/visionarymarketing.com\/fr\/wp-json\/wp\/v2\/media\/34067"}],"wp:attachment":[{"href":"https:\/\/visionarymarketing.com\/fr\/wp-json\/wp\/v2\/media?parent=26445"}],"wp:term":[{"taxonomy":"category","embeddable":true,"href":"https:\/\/visionarymarketing.com\/fr\/wp-json\/wp\/v2\/categories?post=26445"},{"taxonomy":"post_tag","embeddable":true,"href":"https:\/\/visionarymarketing.com\/fr\/wp-json\/wp\/v2\/tags?post=26445"}],"curies":[{"name":"wp","href":"https:\/\/api.w.org\/{rel}","templated":true}]}}