{"id":26192,"date":"2017-10-31T08:30:38","date_gmt":"2017-10-31T07:30:38","guid":{"rendered":"http:\/\/visionarymarketing.fr\/blog?p=26192&#038;preview=true&#038;preview_id=26192"},"modified":"2024-05-15T10:28:57","modified_gmt":"2024-05-15T08:28:57","slug":"cosmetique-commerce-physique-vs-digital","status":"publish","type":"post","link":"https:\/\/visionarymarketing.com\/fr\/2017\/10\/31\/cosmetique-commerce-physique-vs-digital\/","title":{"rendered":"Commerce physique vs digital : le cas de la cosm\u00e9tique"},"content":{"rendered":"<p class=\"p2\" style=\"text-align: left;\"><span class=\"s1\"><em><a href=\"http:\/\/cew.asso.fr\" target=\"_blank\" rel=\"noopener noreferrer\"><img decoding=\"async\" class=\"alignright wp-image-26219 size-full\" title=\"cosm\u00e9tique\" src=\"https:\/\/visionarymarketing.com\/wp-content\/uploads\/2017\/10\/13-18-2017_10.18.11-CapturFiles.png\" alt=\"cosm\u00e9tique\" width=\"206\" height=\"127\" \/><\/a>L&rsquo;association <a href=\"http:\/\/cew.asso.fr\" target=\"_blank\" rel=\"noopener noreferrer\">CEW<\/a> (Cosmetics Executive Women) m\u2019a invit\u00e9 le 10 octobre dans les somptueux locaux de la banque franco-allemande Oddo \u00e0 la Madeleine pour parler de <\/em><strong><em>luxe, de cosm\u00e9tique et de digitalisation<\/em><\/strong><em>. Pour cela, qui de mieux indiqu\u00e9 que mon confr\u00e8re et ami <a href=\"https:\/\/visionarymarketing.com\/fr\/2016\/01\/le-marketing-de-la-grenouille\/\" target=\"_blank\" rel=\"noopener noreferrer\">Philippe Jourdan<\/a>, expert du domaine, pour \u00e9voquer ce sujet ? Voici ma retranscription de sa conf\u00e9rence et mes commentaires.<span class=\"Apple-converted-space\">\u00a0Enfin, pour ceux qui auront le courage d&rsquo;aller au bout de l&rsquo;article, les chiffres et l&rsquo;analyse de Promise Consulting en t\u00e9l\u00e9chargement.<\/span>\u00a0<\/em><\/span><\/p>\n<h2 class=\"p1\"><span class=\"s1\"><strong>Cosm\u00e9tique : \u00e9valuer la port\u00e9e du digital a sa juste valeur<\/strong><\/span><\/h2>\n<p class=\"p1\"><span class=\"s1\">\u00ab\u00a0<strong>Il ne faut pas minimiser la port\u00e9e des technologies<\/strong>\u00a0\u00bb a expliqu\u00e9 Philippe dans son introduction, et nous ne pourrons qu&rsquo;\u00eatre d&rsquo;accord. Elles ont transform\u00e9 les modes d\u2019achats en offrant aux marques des outils puissants pour am\u00e9liorer l\u2019exp\u00e9rience clients.<\/span><\/p>\n<figure id=\"attachment_54339\" aria-describedby=\"caption-attachment-54339\" style=\"width: 519px\" class=\"wp-caption aligncenter\"><img decoding=\"async\" class=\"wp-image-54339 size-full\" src=\"https:\/\/visionarymarketing.com\/wp-content\/uploads\/2017\/10\/jumpstory-download20200707-051817-e1594099158629.jpg\" alt=\"Cosm\u00e9tique - Cosm\u00e9tiques en ligne\" width=\"519\" height=\"340\" srcset=\"https:\/\/visionarymarketing.com\/wp-content\/uploads\/2017\/10\/jumpstory-download20200707-051817-e1594099158629.jpg 519w, https:\/\/visionarymarketing.com\/wp-content\/uploads\/2017\/10\/jumpstory-download20200707-051817-e1594099158629-458x300.jpg 458w\" sizes=\"(max-width: 519px) 100vw, 519px\" \/><figcaption id=\"caption-attachment-54339\" class=\"wp-caption-text\">Cosm\u00e9tique : \u00ab\u00a0on peut parler de s\u00e9isme\u00a0\u00bb pour les ventes en ligne selon Philippe Jourdan<\/figcaption><\/figure>\n<p class=\"p1\"><span class=\"s1\">\u201c<strong>On peut m\u00eame parler de &lsquo;s\u00e9isme&rsquo; a-t-il poursuivi<\/strong>\u201d. Mais il serait faux de croire que ce s\u00e9isme a tout d\u00e9truit sur son passage. Il est plut\u00f4t responsable de la reconfiguration du paysage mais en aucun cas les acteurs \u00e9tablis ne seraient-ils menac\u00e9s de disparition imm\u00e9diate par cette vague digitale, comme on peut l\u2019observer dans d\u2019autres secteurs.<\/span><\/p>\n<h3>8 \u00e0 12% des cosm\u00e9tiques vendus en ligne.<\/h3>\n<p class=\"p1\"><span class=\"s1\">C\u2019est cela que la derni\u00e8re version du barom\u00e8tre <span class=\"removed_link\" title=\"https:\/\/www.promiseconsultinginc.com\/en\/https:\/\/www.promiseconsultinginc.com\">Promise Consulting<\/span> a d\u00e9montr\u00e9 : \u00ab\u00a0<strong>Les magasins physiques maintiennent leur poids dans le cosm\u00e9tique<\/strong>\u00a0\u00bb.<span class=\"Apple-converted-space\">\u00a0<\/span>A expliqu\u00e9 Philippe. Le e-commerce a bien progress\u00e9 cependant, mais il ne se situe qu&rsquo;entre <a href=\"https:\/\/www.slideshare.net\/ygourven\/frcommerce-physique-vs-commerce-digital\" target=\"_blank\" rel=\"noopener noreferrer\">8 et 12% de l\u2019ensemble, et encore \u00ab\u00a0avec des nuances\u00a0\u00bb<\/a>.<\/span><\/p>\n<p><!--more-->Dans tous les cas, la donne e-commerce n\u2019est plus n\u00e9gligeable.\u00a0Mais il y a aussi des impacts sur la satisfaction client poursuit Philippe. \u00ab\u00a0<strong>En ligne, elle est aussi bonne que dans le monde r\u00e9el\u00a0<\/strong>\u00bb nous apprend-il. Voil\u00e0 qui est int\u00e9ressant. La p\u00e9riode o\u00f9 le e-commerce faisait figure de parent pauvre du commerce et ne servait qu&rsquo;aux rabais est r\u00e9volue. C&rsquo;est m\u00eame peut-\u00eatre devenu la r\u00e9f\u00e9rence en mati\u00e8re de service clients. <a href=\"http:\/\/amazon.com\" target=\"_blank\" rel=\"noopener noreferrer\">Amazon<\/a> l&rsquo;a d\u00e9montr\u00e9 assez souvent.<\/p>\n<h3 class=\"p1\"><span class=\"s1\"><strong>Le marketing du bouche \u00e0 oreille trust\u00e9 par Internet<\/strong><\/span><\/h3>\n<p class=\"p1\"><span class=\"s1\">Mais s\u2019il y a un domaine o\u00f9 le digital est roi me direz-vous, c\u2019est bien le bouche \u00e0 oreille. Les m\u00e9dias sociaux en effet sont imbattables en ce domaine, m\u00eame s\u2019ils ne sont, pour citer <span class=\"removed_link\" title=\"https:\/\/www.linkedin.com\/in\/sernovitz\">Andy Sernovitz<\/span> \u00ab\u00a0que la partie visible du bouche \u00e0 oreille\u00a0\u00bb.<\/span><\/p>\n<p class=\"p1\">Si l\u2019on omet le maquillage, l\u2019Internet r\u00e8gne sur ce point, mais comme on le voit dans le commentaire suivant (issu d\u2019un r\u00e9sum\u00e9 de l\u2019\u00e9tude fourni en fin d\u2019article), il ne faut pas n\u00e9gliger le bouche \u00e0 oreille physique pour tous les produits :<\/p>\n<p class=\"p1\"><span class=\"s1\">\u00ab\u00a0Internet creuse l\u2019\u00e9cart en intention de recommandation dans les deux autres univers de la beaut\u00e9, y compris avec les enseignes sp\u00e9cialis\u00e9es : +5 points en faveur d\u2019Internet en soin (50% vs 45%) et en shampoings &amp; soins pour le corps (51% vs 46%). En maquillage, Internet et les enseignes sp\u00e9cialis\u00e9es font jeu \u00e9gal en recommandation, comme cela est aussi vrai en termes de satisfaction\u00a0\u00bb.\u00a0<\/span><\/p>\n<p class=\"p1\"><span class=\"s1\">Particularit\u00e9 de ce march\u00e9 aussi, l\u2019essor d\u2019enseignes monomarque comme l\u2019italienne\u00a0<strong>Kiko<\/strong>\u00a0qui ont r\u00e9ussi la<strong>\u00a0synth\u00e8se entre Internet et monde physique<\/strong>.<\/span><\/p>\n<p class=\"p3\"><span class=\"s2\">Enjeux historiques et sociologiques du secteur de la cosm\u00e9tique : la\u00a0<strong>soci\u00e9t\u00e9<span class=\"s1\">\u00ab\u00a0liquido-narcissique\u00a0\u00bb.<\/span><\/strong><\/span><\/p>\n<p class=\"p1\"><span class=\"s1\">Mais arrivons \u00e0 la partie la plus int\u00e9ressante de la pr\u00e9sentation, une v\u00e9ritable fen\u00eatre sur la sociologie du consommateur. \u00c7a fait du bien de sortir des chiffres et de prendre un peu de recul sur la consommation.\u00a0<\/span><\/p>\n<p class=\"p1\"><span class=\"s1\"><strong><img decoding=\"async\" class=\"alignright wp-image-26200\" title=\"cosm\u00e9tique\" src=\"https:\/\/visionarymarketing.com\/wp-content\/uploads\/2017\/10\/3365440007017_1_touche-eclat_Alt1.jpg\" alt=\"cosm\u00e9tique\" width=\"64\" height=\"142\" \/>D\u2019abord un point de vue historique<\/strong>\u00a0nous a annonc\u00e9 Philippe. \u00ab\u00a0<strong>Le rapport au cosm\u00e9tique a toujours \u00e9t\u00e9 fa\u00e7onn\u00e9 par la vision de la beaut\u00e9\u00a0\u00bb<\/strong>. En fonction des cultures et des \u00e9poques, ces perceptions, et les canons de la beaut\u00e9, ont chang\u00e9. Le maquillage est issu du th\u00e9\u00e2tre et son but originel \u00e9tait de \u00ab\u00a0<strong>rendre les acteurs jeunes ou vieux<\/strong>\u00a0\u00bb. La cosm\u00e9tique a aussi \u00e9t\u00e9 l\u2019apanage de la Noblesse jusque la r\u00e9volution.\u00a0<\/span><\/p>\n<p>La\u00a0\u00ab\u00a0touche \u00e9clat n\u2019est ainsi que le successeur de la mouche destin\u00e9e \u00e0 cacher les t\u00e2ches de la variole\u00a0\u00bb a expliqu\u00e9 le dirigeant de Promise Consulting.<\/p>\n<p class=\"p1\"><span class=\"s1\"><strong>Ensuite un point de vue sociologique<\/strong>\u00a0: l\u2019acc\u00e9l\u00e9ration des technologies s\u2019explique aussi par des modifications sociologiques (en fait il s\u2019agit d\u2019une boucle r\u00e9troactive). Nous vivons dans des\u00a0<strong>soci\u00e9t\u00e9s liquides<\/strong>\u00a0(<a href=\"https:\/\/understandingsociety.blogspot.fr\/2014\/05\/liquid-modernity.html?m=1\"><span class=\"s3\">le sociologue Zygmunt Bauman est le th\u00e9oricien de la postmodernit\u00e9)<\/span><\/a>.\u00a0<strong>Nos soci\u00e9t\u00e9s\u00a0<span class=\"Apple-converted-space\">\u00a0<\/span>se modifient avant m\u00eame que les comportements se figent<\/strong>. L\u2019individu \u00ab\u00a0liquide\u00a0\u00bb \u00e9volue donc toujours vers plus d\u2019innovations et\u00a0<strong>les m\u00e9dias sociaux n\u2019en sont que les amplificateurs<\/strong>). \u00ab\u00a0La distribution cosm\u00e9tique a pris de l\u2019avance sur ces sujets\u00a0\u00bb a expliqu\u00e9 Philippe Jourdan.\u00a0\u00a0<\/span><\/p>\n<p class=\"p1\"><span class=\"s1\">D\u2019une part des soci\u00e9t\u00e9s liquides, et d\u2019autre part\u00a0<strong>des individus narcissique.\u00a0<\/strong>Et plus pr\u00e9cis\u00e9ment une configuration o\u00f9, selon Christopher Lasch, la \u00ab\u00a0personnalit\u00e9 des uns se fait dans le miroir des autres\u00a0\u00bb.\u00a0\u00a0<\/span><\/p>\n<p class=\"p1\"><span class=\"s1\"><strong>Le digital et les comportements qui lui sont propres seraient donc une cons\u00e9quence de ces bouleversements sociologiques. Selon Philippe c\u2019est bien cela qui a fait \u00ab\u00a0exploser les 4p\u00a0\u00bb et oblige les marques \u00e0 travailler des offres \u00ab\u00a0exp\u00e9rientielles\u00a0\u00bb.\u00a0\u00a0<\/strong><\/span><\/p>\n<p class=\"p1\"><span class=\"s1\"><strong>Le paradoxe d\u2019une soci\u00e9t\u00e9 narcissique o\u00f9 les communaut\u00e9s jouent un r\u00f4le si important\u00a0<\/strong><\/span><\/p>\n<p class=\"p1\"><span class=\"s1\">Il y a cependant un paradoxe. Paradoxe que chacun aura remarqu\u00e9 ais\u00e9ment autour de soi. Un paradoxe entre narcissisme et rattachement \u00e0 des communaut\u00e9s. Raman dit que les clients son conscients de leurs pouvoir et les marques de la beaut\u00e9 le savent mieux que d\u2019autre.\u00a0\u00a0<\/span><\/p>\n<p class=\"p2\"><span class=\"s1\">Dans une soci\u00e9t\u00e9 \u00ab\u00a0liquido-narcissique\u00a0\u00bb, la\u00a0<strong>marque n\u2019est plus le centre du monde\u00a0<span class=\"Apple-converted-space\">\u00a0<\/span><\/strong>explique Philippe<strong>.\u00a0<\/strong><\/span><\/p>\n<h3 class=\"p3\"><span class=\"s2\">Quelles cons\u00e9quences ? Quelques tendances\u00a0du marketing experiential<\/span><\/h3>\n<p class=\"p1\"><span class=\"s1\">D\u2019une part la g\u00e9n\u00e9ralisation du commerce exp\u00e9rientiel en se basant sur le storytelling. Les magasins de beaut\u00e9 deviennent des lieux d\u2019inspiration, d\u2019exp\u00e9rience immersive, de diagnostics et de soin. Le consommateur ne vient plus seulement acheter en magasin mais il vient chercher une interaction \u00ab\u00a0comme \u00e0 la maison o\u00f9 les interactions sont omnipr\u00e9sentes gr\u00e2ce \u00e0 Internet\u00a0\u00bb. Le client veut du sur \u00ab\u00a0mesure instantan\u00e9\u00a0\u00bb ce qui devient un \u00ab\u00a0nouveau business\u00a0\u00bb nous explique Philippe, m\u00eame si je me souviens que ces points \u00e9taient d\u00e9j\u00e0 soulev\u00e9s par <a href=\"https:\/\/www.hbrfrance.fr\/experts\/bernard-cova\/\" target=\"_blank\" rel=\"noopener noreferrer\">Bernard Cova<\/a> dans les ann\u00e9es 90 ce qui permet de relativiser cet aspect de nouveaut\u00e9. \u00a0\u00a0<\/span><\/p>\n<h3 class=\"p1\"><span class=\"s1\"><strong>Un exemple de magasin exp\u00e9rientiel : <a href=\"https:\/\/web.archive.org\/web\/20240501002352\/https:\/\/www.pirch.com\/\" target=\"_blank\" rel=\"noopener noreferrer\">Pirch<\/a>\u00a0<\/strong><\/span><\/h3>\n<p class=\"p2\"><span class=\"s1\">Pirch permet de tester les produits dans un magasin appartement. Le mot d\u2019ordre y est \u00ab\u00a0bienvenue \u00e0 la maison\u00a0\u00bb. Tout est fait pour favoriser l\u2019exp\u00e9rience et l\u2019interaction. La question de la rentabilit\u00e9 se pose cependant. La valeur du panier reste la base nous rappelle Philippe avec justesse, m\u00eame si les r\u00e9seaux sociaux ont chang\u00e9 la fa\u00e7on dont les consommateurs \u00e9changent avec les marques.\u00a0\u00a0<\/span><\/p>\n<p class=\"p3\"><span class=\"s2\">L\u2019automatisation est-elle compatible avec le haut de gamme ? et autres r\u00e9flexions sur le futur du luxe.<\/span><\/p>\n<p class=\"p1\"><span class=\"s1\">IA, robots, r\u00e9seaux sociaux et Internet &#8230; La tendance observ\u00e9e de transformer le client en acteur de sa consommation n\u2019est cependant pas forc\u00e9ment conciliable avec un service haut de gamme. On peut l\u00e9gitimement se poser la question.\u00a0<\/span><\/p>\n<p class=\"p1\"><span class=\"s1\">\u00ab\u00a0L\u2019automatisation de l\u2019achat est bienvenue\u00a0\u00bb nous dit Philippe. Mais le risque est de faire la part belles aux applications tierces pour renouveler son stock sans interm\u00e9diaire. Certaines marques pourraient \u00eatre exclues de ce nouveau commerce et d\u2019autres pourraient perdre de la valeur du fait de la d\u00e9shumanisation. Du moins la question se pose-t-elle.<\/span><\/p>\n<p class=\"p1\"><span class=\"s1\"><strong>R\u00e9sistance au digital : affaire d\u2019immunit\u00e9 ou question de maturit\u00e9 du secteur et de temps ? L\u2019avenir nous le dira<\/strong>. \u00a0\u00a0<\/span><\/p>\n<p class=\"p1\"><span class=\"s1\">Ici, comme sur d\u2019autres secteurs, il est difficile de faire des pr\u00e9dictions. Comment en effet ne pas se tromper (dans un sens ou dans un autre) quand le monde est devenu aussi bien narcissique que liquide (pour reprendre la m\u00e9taphore de Philippe Jourdan).\u00a0\u00a0<\/span><\/p>\n<p class=\"p1\"><span class=\"s1\">Les p\u00e9riodes sont courtes, les tendances s\u2019inversent en permanence alors comment en effet voir dans cette boule de cristal sans se tromper ?\u00a0<\/span><\/p>\n<p class=\"p1\"><span class=\"s1\">C\u2019est bien le dilemme. En surface, le digital ne repr\u00e9sente jamais plus que 10% en moyenne du commerce total. Sur certaines cat\u00e9gories le chiffre est bien plus \u00e9lev\u00e9 mais sur les domaines plus traditionnels il serait tentant de croire que la zone d\u2019\u00e9tiage est cal\u00e9e sur cette valeur et n\u2019en bougerait pas.\u00a0<\/span><\/p>\n<p class=\"p1\"><span class=\"s1\">Soyons franc, le digital ne repr\u00e9sente pas encore grand chose aujourd\u2019hui et si 6% de la population active en France y travaille (9% en \u00eele de France) ces chiffres englobent bien quelques informaticiens que l\u2019on aurait du mal \u00e0 consid\u00e9rer tous comme \u00ab\u00a0travailleurs du digital\u00a0\u00bb.\u00a0<\/span><\/p>\n<p class=\"p1\"><span class=\"s1\">Alors il y a deux fa\u00e7ons de voir les choses : le verre \u00e0 moiti\u00e9 plein ou le verre \u00e0 moiti\u00e9 vide : le digital n\u2019a pas encore pris sa place v\u00e9ritable et les mouvements d\u2019innovation sont lents mais inexorables. Combien de temps faudra-t-il encore attendre pour voir bouger les lignes ? Plus tr\u00e8s longtemps \u00e0 mon avis.\u00a0<\/span><\/p>\n<p class=\"p1\"><span class=\"s1\">J\u2019ai vu des experts de l\u2019alimentaire m\u2019annoncer il y a \u00e0 peine un an que le num\u00e9rique n\u2019aurait aucun impact sur la distribution de l\u2019alimentaire. Ils sont plus discrets aujourd\u2019hui.\u00a0<\/span><\/p>\n<p class=\"p1\"><span class=\"s1\">Sans doute, pour faire face \u00e0 cette situation liquide, faudra-t-il faire tourner les barom\u00e8tres de Promise plus fr\u00e9quemment car les tendances bougent vite et les signaux faibles sont nombreux, dont il faut se m\u00e9fier.\u00a0<\/span><\/p>\n<p class=\"p2\"><span class=\"s1\">Affaire \u00e0 suivre &#8230;<\/span><\/p>\n<h3>Principaux r\u00e9sultats du barom\u00e8tre Promise\u00a0 sur la cosm\u00e9tique<\/h3>\n<p class=\"p1\"><span class=\"s1\">On observe une constante p\u00e9n\u00e9tration de l\u2019Internet pour les produits de la cosm\u00e9tique.\u00a0En regardant la satisfaction sur le dernier achat on voit que\u00a0<strong>les perdants sont les distributeurs de masse<\/strong>. En revanche\u00a0<strong>les enseignes sp\u00e9cialis\u00e9es tirent leur \u00e9pingle du jeu et aussi les enseignes qui ont leurs propres marques (body shop, Kiko, etc.).<\/strong>\u00a0Et pour ces marques, la satisfaction est identique en ligne et en magasin. En termes de recommandation, de partage et de recommandations, les taux sont aussi \u00e9lev\u00e9s en magasin que sur le Net.\u00a0<strong>Ce sont surtout les supermarch\u00e9s et les hypermarch\u00e9s qui souffrent<\/strong>.\u00a0\u00a0<\/span><\/p>\n<p class=\"p1\"><span class=\"s1\"><strong>Il n\u2019y a pas de sch\u00e9ma sur la d\u00e9couverte qui se ferait plut\u00f4t en ligne qu\u2019en magasin<\/strong>. En ligne, c\u2019est plut\u00f4t pour des nouvelles marques ou des marques que l\u2019on ne conna\u00eet pas. Alors qu\u2019en magasin c\u2019est plut\u00f4t des marques que l\u2019on conna\u00eet.\u00a0<\/span><\/p>\n<p class=\"p1\"><span class=\"s1\"><strong>La part de l\u2019achat sur Instagram sur un access panel de 2500 personnes est marginale<\/strong>. Le social selling va sans doute augmenter mais c\u2019est marginal aujourd\u2019hui. On constate que l\u2019achat en magasin peut \u00eatre de type social quand le magasin incite a venir \u00e0 plusieurs.\u00a0<strong>Il est faux de vouloir reserver le c\u00f4t\u00e9 social au web<\/strong>. Kiko incite m\u00eame les clients a venir en groupes.\u00a0\u00a0<\/span><\/p>\n<p class=\"p1\"><span class=\"s1\">Autre pr\u00e9jug\u00e9 battu en br\u00e8che, les techniques (de maquillage) ne s\u2019apprennent pas non plus\u00a0<em>que<\/em>\u00a0sur les sites d\u00e9di\u00e9s blogueuses mais aussi sur les sites de marques car ils ont la l\u00e9gitimit\u00e9, surtout quand elles travaillent avec des leaders d\u2019opinion. Le chiffre \u00e0 retenir c\u2019est que 8 \u00e0 12% du CA est fait en ligne en moyenne. Certaines marques font moins et d\u2019autres font plus mais peu d\u00e9passent les 12%.\u00a0<\/span><\/p>\n<p><iframe style=\"border: 1px solid #CCC; border-width: 1px; margin-bottom: 5px; max-width: 100%;\" src=\"\/\/www.slideshare.net\/slideshow\/embed_code\/key\/MzmHpSRpLipaF\" width=\"668\" height=\"714\" frameborder=\"0\" marginwidth=\"0\" marginheight=\"0\" scrolling=\"no\" allowfullscreen=\"allowfullscreen\"> <\/iframe><\/p>\n<div style=\"margin-bottom: 5px; text-align: center;\"><strong><a title=\"[Fr]\u00a0Commerce Physique vs Commerce digital\" href=\"\/\/www.slideshare.net\/ygourven\/frcommerce-physique-vs-commerce-digital\" target=\"_blank\" rel=\"noopener noreferrer\">Commerce Physique vs Commerce digital<\/a><\/strong><\/div>\n","protected":false},"excerpt":{"rendered":"<p>L&rsquo;association CEW (Cosmetics Executive Women) m\u2019a invit\u00e9 le 10 octobre dans les somptueux locaux de la banque franco-allemande Oddo \u00e0 la Madeleine pour parler de luxe, de cosm\u00e9tique et de digitalisation. Pour cela, qui de mieux indiqu\u00e9 que mon confr\u00e8re et ami Philippe Jourdan, expert du domaine, pour \u00e9voquer ce sujet ? Voici ma retranscription &hellip;<\/p>\n","protected":false},"author":2,"featured_media":26219,"comment_status":"open","ping_status":"open","sticky":false,"template":"","format":"standard","meta":{"footnotes":""},"categories":[1613],"tags":[],"class_list":["post-26192","post","type-post","status-publish","format-standard","has-post-thumbnail","hentry","category-marketing-digital-marketing"],"yoast_head":"<!-- This site is optimized with the Yoast SEO plugin v27.5 - https:\/\/yoast.com\/product\/yoast-seo-wordpress\/ -->\n<title>Cosm\u00e9tique : Etude de cas commerce physique vs digital<\/title>\n<meta name=\"description\" content=\"L&#039;association CEW (Cosmetics Executive Women) m\u2019a invit\u00e9 dans de somptueux locaux pour parler de luxe, de cosm\u00e9tique et de digitalisation.\" \/>\n<meta name=\"robots\" content=\"index, follow, max-snippet:-1, max-image-preview:large, max-video-preview:-1\" \/>\n<link rel=\"canonical\" href=\"https:\/\/visionarymarketing.com\/fr\/2017\/10\/31\/cosmetique-commerce-physique-vs-digital\/\" \/>\n<meta property=\"og:locale\" content=\"fr_FR\" \/>\n<meta property=\"og:type\" content=\"article\" \/>\n<meta property=\"og:title\" content=\"Cosm\u00e9tique : Etude de cas commerce physique vs digital\" \/>\n<meta property=\"og:description\" content=\"L&#039;association CEW (Cosmetics Executive Women) m\u2019a invit\u00e9 dans de somptueux locaux pour parler de luxe, de cosm\u00e9tique et de digitalisation.\" \/>\n<meta property=\"og:url\" content=\"https:\/\/visionarymarketing.com\/fr\/2017\/10\/31\/cosmetique-commerce-physique-vs-digital\/\" \/>\n<meta property=\"og:site_name\" content=\"Marketing and Innovation\" \/>\n<meta property=\"article:publisher\" content=\"https:\/\/www.facebook.com\/vismktg\" \/>\n<meta property=\"article:author\" content=\"http:\/\/facebook.com\/ygourven\" \/>\n<meta property=\"article:published_time\" content=\"2017-10-31T07:30:38+00:00\" \/>\n<meta property=\"article:modified_time\" content=\"2024-05-15T08:28:57+00:00\" \/>\n<meta property=\"og:image\" content=\"https:\/\/visionarymarketing.com\/wp-content\/uploads\/2017\/10\/13-18-2017_10.18.11-CapturFiles.png\" \/>\n\t<meta property=\"og:image:width\" content=\"206\" \/>\n\t<meta property=\"og:image:height\" content=\"127\" \/>\n\t<meta property=\"og:image:type\" content=\"image\/png\" \/>\n<meta name=\"author\" content=\"Yann Gourvennec\" \/>\n<meta name=\"twitter:card\" content=\"summary_large_image\" \/>\n<meta name=\"twitter:creator\" content=\"@ygourven\" \/>\n<meta name=\"twitter:site\" content=\"@ygourven\" \/>\n<meta name=\"twitter:label1\" content=\"\u00c9crit par\" \/>\n\t<meta name=\"twitter:data1\" content=\"Yann Gourvennec\" \/>\n\t<meta name=\"twitter:label2\" content=\"Dur\u00e9e de lecture estim\u00e9e\" \/>\n\t<meta name=\"twitter:data2\" content=\"9 minutes\" \/>\n<script type=\"application\/ld+json\" class=\"yoast-schema-graph\">{\"@context\":\"https:\\\/\\\/schema.org\",\"@graph\":[{\"@type\":\"NewsArticle\",\"@id\":\"https:\\\/\\\/visionarymarketing.com\\\/fr\\\/2017\\\/10\\\/31\\\/cosmetique-commerce-physique-vs-digital\\\/#article\",\"isPartOf\":{\"@id\":\"https:\\\/\\\/visionarymarketing.com\\\/fr\\\/2017\\\/10\\\/31\\\/cosmetique-commerce-physique-vs-digital\\\/\"},\"author\":{\"name\":\"Yann Gourvennec\",\"@id\":\"https:\\\/\\\/visionarymarketing.com\\\/fr\\\/#\\\/schema\\\/person\\\/3754fee1e558f47b8deb46f53c37423e\"},\"headline\":\"Commerce physique vs digital : le cas de la cosm\u00e9tique\",\"datePublished\":\"2017-10-31T07:30:38+00:00\",\"dateModified\":\"2024-05-15T08:28:57+00:00\",\"mainEntityOfPage\":{\"@id\":\"https:\\\/\\\/visionarymarketing.com\\\/fr\\\/2017\\\/10\\\/31\\\/cosmetique-commerce-physique-vs-digital\\\/\"},\"wordCount\":1958,\"commentCount\":0,\"image\":{\"@id\":\"https:\\\/\\\/visionarymarketing.com\\\/fr\\\/2017\\\/10\\\/31\\\/cosmetique-commerce-physique-vs-digital\\\/#primaryimage\"},\"thumbnailUrl\":\"https:\\\/\\\/visionarymarketing.com\\\/wp-content\\\/uploads\\\/2017\\\/10\\\/13-18-2017_10.18.11-CapturFiles.png\",\"articleSection\":[\"marketing digital\"],\"inLanguage\":\"fr-FR\",\"potentialAction\":[{\"@type\":\"CommentAction\",\"name\":\"Comment\",\"target\":[\"https:\\\/\\\/visionarymarketing.com\\\/fr\\\/2017\\\/10\\\/31\\\/cosmetique-commerce-physique-vs-digital\\\/#respond\"]}]},{\"@type\":\"WebPage\",\"@id\":\"https:\\\/\\\/visionarymarketing.com\\\/fr\\\/2017\\\/10\\\/31\\\/cosmetique-commerce-physique-vs-digital\\\/\",\"url\":\"https:\\\/\\\/visionarymarketing.com\\\/fr\\\/2017\\\/10\\\/31\\\/cosmetique-commerce-physique-vs-digital\\\/\",\"name\":\"Cosm\u00e9tique : Etude de cas commerce physique vs digital\",\"isPartOf\":{\"@id\":\"https:\\\/\\\/visionarymarketing.com\\\/fr\\\/#website\"},\"primaryImageOfPage\":{\"@id\":\"https:\\\/\\\/visionarymarketing.com\\\/fr\\\/2017\\\/10\\\/31\\\/cosmetique-commerce-physique-vs-digital\\\/#primaryimage\"},\"image\":{\"@id\":\"https:\\\/\\\/visionarymarketing.com\\\/fr\\\/2017\\\/10\\\/31\\\/cosmetique-commerce-physique-vs-digital\\\/#primaryimage\"},\"thumbnailUrl\":\"https:\\\/\\\/visionarymarketing.com\\\/wp-content\\\/uploads\\\/2017\\\/10\\\/13-18-2017_10.18.11-CapturFiles.png\",\"datePublished\":\"2017-10-31T07:30:38+00:00\",\"dateModified\":\"2024-05-15T08:28:57+00:00\",\"author\":{\"@id\":\"https:\\\/\\\/visionarymarketing.com\\\/fr\\\/#\\\/schema\\\/person\\\/3754fee1e558f47b8deb46f53c37423e\"},\"description\":\"L'association CEW (Cosmetics Executive Women) m\u2019a invit\u00e9 dans de somptueux locaux pour parler de luxe, de cosm\u00e9tique et de digitalisation.\",\"breadcrumb\":{\"@id\":\"https:\\\/\\\/visionarymarketing.com\\\/fr\\\/2017\\\/10\\\/31\\\/cosmetique-commerce-physique-vs-digital\\\/#breadcrumb\"},\"inLanguage\":\"fr-FR\",\"potentialAction\":[{\"@type\":\"ReadAction\",\"target\":[\"https:\\\/\\\/visionarymarketing.com\\\/fr\\\/2017\\\/10\\\/31\\\/cosmetique-commerce-physique-vs-digital\\\/\"]}]},{\"@type\":\"ImageObject\",\"inLanguage\":\"fr-FR\",\"@id\":\"https:\\\/\\\/visionarymarketing.com\\\/fr\\\/2017\\\/10\\\/31\\\/cosmetique-commerce-physique-vs-digital\\\/#primaryimage\",\"url\":\"https:\\\/\\\/visionarymarketing.com\\\/wp-content\\\/uploads\\\/2017\\\/10\\\/13-18-2017_10.18.11-CapturFiles.png\",\"contentUrl\":\"https:\\\/\\\/visionarymarketing.com\\\/wp-content\\\/uploads\\\/2017\\\/10\\\/13-18-2017_10.18.11-CapturFiles.png\",\"width\":206,\"height\":127},{\"@type\":\"BreadcrumbList\",\"@id\":\"https:\\\/\\\/visionarymarketing.com\\\/fr\\\/2017\\\/10\\\/31\\\/cosmetique-commerce-physique-vs-digital\\\/#breadcrumb\",\"itemListElement\":[{\"@type\":\"ListItem\",\"position\":1,\"name\":\"Home\",\"item\":\"https:\\\/\\\/visionarymarketing.com\\\/fr\\\/\"},{\"@type\":\"ListItem\",\"position\":2,\"name\":\"Commerce physique vs digital : le cas de la cosm\u00e9tique\"}]},{\"@type\":\"WebSite\",\"@id\":\"https:\\\/\\\/visionarymarketing.com\\\/fr\\\/#website\",\"url\":\"https:\\\/\\\/visionarymarketing.com\\\/fr\\\/\",\"name\":\"Marketing and Innovation\",\"description\":\"Site d&#039;infos ind\u00e9pendant, depuis 1996\",\"potentialAction\":[{\"@type\":\"SearchAction\",\"target\":{\"@type\":\"EntryPoint\",\"urlTemplate\":\"https:\\\/\\\/visionarymarketing.com\\\/fr\\\/?s={search_term_string}\"},\"query-input\":{\"@type\":\"PropertyValueSpecification\",\"valueRequired\":true,\"valueName\":\"search_term_string\"}}],\"inLanguage\":\"fr-FR\"},{\"@type\":\"Person\",\"@id\":\"https:\\\/\\\/visionarymarketing.com\\\/fr\\\/#\\\/schema\\\/person\\\/3754fee1e558f47b8deb46f53c37423e\",\"name\":\"Yann Gourvennec\",\"image\":{\"@type\":\"ImageObject\",\"inLanguage\":\"fr-FR\",\"@id\":\"https:\\\/\\\/secure.gravatar.com\\\/avatar\\\/5972001801e8de5692a3e31224e85769f50a55fb8b679749f9c8d1868cceff14?s=96&d=initials&r=g&initials=yg\",\"url\":\"https:\\\/\\\/secure.gravatar.com\\\/avatar\\\/5972001801e8de5692a3e31224e85769f50a55fb8b679749f9c8d1868cceff14?s=96&d=initials&r=g&initials=yg\",\"contentUrl\":\"https:\\\/\\\/secure.gravatar.com\\\/avatar\\\/5972001801e8de5692a3e31224e85769f50a55fb8b679749f9c8d1868cceff14?s=96&d=initials&r=g&initials=yg\",\"caption\":\"Yann Gourvennec\"},\"description\":\"Yann Gourvennec created visionarymarketing.com in 1996. He is a speaker and author of many books. In 2014 he went from intrapreneur to entrepreneur, when he created his digital marketing agency. Yann Gourvennec a cr\u00e9\u00e9 visionarymarketing.com en 1996. Il est conf\u00e9rencier et auteur de plusieurs livres. En 2014, il est pass\u00e9 d'intrapreneur \u00e0 entrepreneur en cr\u00e9ant son agence de marketing num\u00e9rique.\",\"sameAs\":[\"https:\\\/\\\/visionarymarketing.com\",\"http:\\\/\\\/facebook.com\\\/ygourven\",\"http:\\\/\\\/linkedin.com\\\/in\\\/ygourven\",\"https:\\\/\\\/x.com\\\/ygourven\",\"https:\\\/\\\/www.youtube.com\\\/c\\\/visionarymarketingagency\"],\"url\":\"https:\\\/\\\/visionarymarketing.com\\\/fr\\\/author\\\/yann-gourvennec\\\/\"}]}<\/script>\n<!-- \/ Yoast SEO plugin. -->","yoast_head_json":{"title":"Cosm\u00e9tique : Etude de cas commerce physique vs digital","description":"L'association CEW (Cosmetics Executive Women) m\u2019a invit\u00e9 dans de somptueux locaux pour parler de luxe, de cosm\u00e9tique et de digitalisation.","robots":{"index":"index","follow":"follow","max-snippet":"max-snippet:-1","max-image-preview":"max-image-preview:large","max-video-preview":"max-video-preview:-1"},"canonical":"https:\/\/visionarymarketing.com\/fr\/2017\/10\/31\/cosmetique-commerce-physique-vs-digital\/","og_locale":"fr_FR","og_type":"article","og_title":"Cosm\u00e9tique : Etude de cas commerce physique vs digital","og_description":"L'association CEW (Cosmetics Executive Women) m\u2019a invit\u00e9 dans de somptueux locaux pour parler de luxe, de cosm\u00e9tique et de digitalisation.","og_url":"https:\/\/visionarymarketing.com\/fr\/2017\/10\/31\/cosmetique-commerce-physique-vs-digital\/","og_site_name":"Marketing and Innovation","article_publisher":"https:\/\/www.facebook.com\/vismktg","article_author":"http:\/\/facebook.com\/ygourven","article_published_time":"2017-10-31T07:30:38+00:00","article_modified_time":"2024-05-15T08:28:57+00:00","og_image":[{"width":206,"height":127,"url":"https:\/\/visionarymarketing.com\/wp-content\/uploads\/2017\/10\/13-18-2017_10.18.11-CapturFiles.png","type":"image\/png"}],"author":"Yann Gourvennec","twitter_card":"summary_large_image","twitter_creator":"@ygourven","twitter_site":"@ygourven","twitter_misc":{"\u00c9crit par":"Yann Gourvennec","Dur\u00e9e de lecture estim\u00e9e":"9 minutes"},"schema":{"@context":"https:\/\/schema.org","@graph":[{"@type":"NewsArticle","@id":"https:\/\/visionarymarketing.com\/fr\/2017\/10\/31\/cosmetique-commerce-physique-vs-digital\/#article","isPartOf":{"@id":"https:\/\/visionarymarketing.com\/fr\/2017\/10\/31\/cosmetique-commerce-physique-vs-digital\/"},"author":{"name":"Yann Gourvennec","@id":"https:\/\/visionarymarketing.com\/fr\/#\/schema\/person\/3754fee1e558f47b8deb46f53c37423e"},"headline":"Commerce physique vs digital : le cas de la cosm\u00e9tique","datePublished":"2017-10-31T07:30:38+00:00","dateModified":"2024-05-15T08:28:57+00:00","mainEntityOfPage":{"@id":"https:\/\/visionarymarketing.com\/fr\/2017\/10\/31\/cosmetique-commerce-physique-vs-digital\/"},"wordCount":1958,"commentCount":0,"image":{"@id":"https:\/\/visionarymarketing.com\/fr\/2017\/10\/31\/cosmetique-commerce-physique-vs-digital\/#primaryimage"},"thumbnailUrl":"https:\/\/visionarymarketing.com\/wp-content\/uploads\/2017\/10\/13-18-2017_10.18.11-CapturFiles.png","articleSection":["marketing digital"],"inLanguage":"fr-FR","potentialAction":[{"@type":"CommentAction","name":"Comment","target":["https:\/\/visionarymarketing.com\/fr\/2017\/10\/31\/cosmetique-commerce-physique-vs-digital\/#respond"]}]},{"@type":"WebPage","@id":"https:\/\/visionarymarketing.com\/fr\/2017\/10\/31\/cosmetique-commerce-physique-vs-digital\/","url":"https:\/\/visionarymarketing.com\/fr\/2017\/10\/31\/cosmetique-commerce-physique-vs-digital\/","name":"Cosm\u00e9tique : Etude de cas commerce physique vs digital","isPartOf":{"@id":"https:\/\/visionarymarketing.com\/fr\/#website"},"primaryImageOfPage":{"@id":"https:\/\/visionarymarketing.com\/fr\/2017\/10\/31\/cosmetique-commerce-physique-vs-digital\/#primaryimage"},"image":{"@id":"https:\/\/visionarymarketing.com\/fr\/2017\/10\/31\/cosmetique-commerce-physique-vs-digital\/#primaryimage"},"thumbnailUrl":"https:\/\/visionarymarketing.com\/wp-content\/uploads\/2017\/10\/13-18-2017_10.18.11-CapturFiles.png","datePublished":"2017-10-31T07:30:38+00:00","dateModified":"2024-05-15T08:28:57+00:00","author":{"@id":"https:\/\/visionarymarketing.com\/fr\/#\/schema\/person\/3754fee1e558f47b8deb46f53c37423e"},"description":"L'association CEW (Cosmetics Executive Women) m\u2019a invit\u00e9 dans de somptueux locaux pour parler de luxe, de cosm\u00e9tique et de digitalisation.","breadcrumb":{"@id":"https:\/\/visionarymarketing.com\/fr\/2017\/10\/31\/cosmetique-commerce-physique-vs-digital\/#breadcrumb"},"inLanguage":"fr-FR","potentialAction":[{"@type":"ReadAction","target":["https:\/\/visionarymarketing.com\/fr\/2017\/10\/31\/cosmetique-commerce-physique-vs-digital\/"]}]},{"@type":"ImageObject","inLanguage":"fr-FR","@id":"https:\/\/visionarymarketing.com\/fr\/2017\/10\/31\/cosmetique-commerce-physique-vs-digital\/#primaryimage","url":"https:\/\/visionarymarketing.com\/wp-content\/uploads\/2017\/10\/13-18-2017_10.18.11-CapturFiles.png","contentUrl":"https:\/\/visionarymarketing.com\/wp-content\/uploads\/2017\/10\/13-18-2017_10.18.11-CapturFiles.png","width":206,"height":127},{"@type":"BreadcrumbList","@id":"https:\/\/visionarymarketing.com\/fr\/2017\/10\/31\/cosmetique-commerce-physique-vs-digital\/#breadcrumb","itemListElement":[{"@type":"ListItem","position":1,"name":"Home","item":"https:\/\/visionarymarketing.com\/fr\/"},{"@type":"ListItem","position":2,"name":"Commerce physique vs digital : le cas de la cosm\u00e9tique"}]},{"@type":"WebSite","@id":"https:\/\/visionarymarketing.com\/fr\/#website","url":"https:\/\/visionarymarketing.com\/fr\/","name":"Marketing and Innovation","description":"Site d&#039;infos ind\u00e9pendant, depuis 1996","potentialAction":[{"@type":"SearchAction","target":{"@type":"EntryPoint","urlTemplate":"https:\/\/visionarymarketing.com\/fr\/?s={search_term_string}"},"query-input":{"@type":"PropertyValueSpecification","valueRequired":true,"valueName":"search_term_string"}}],"inLanguage":"fr-FR"},{"@type":"Person","@id":"https:\/\/visionarymarketing.com\/fr\/#\/schema\/person\/3754fee1e558f47b8deb46f53c37423e","name":"Yann Gourvennec","image":{"@type":"ImageObject","inLanguage":"fr-FR","@id":"https:\/\/secure.gravatar.com\/avatar\/5972001801e8de5692a3e31224e85769f50a55fb8b679749f9c8d1868cceff14?s=96&d=initials&r=g&initials=yg","url":"https:\/\/secure.gravatar.com\/avatar\/5972001801e8de5692a3e31224e85769f50a55fb8b679749f9c8d1868cceff14?s=96&d=initials&r=g&initials=yg","contentUrl":"https:\/\/secure.gravatar.com\/avatar\/5972001801e8de5692a3e31224e85769f50a55fb8b679749f9c8d1868cceff14?s=96&d=initials&r=g&initials=yg","caption":"Yann Gourvennec"},"description":"Yann Gourvennec created visionarymarketing.com in 1996. He is a speaker and author of many books. In 2014 he went from intrapreneur to entrepreneur, when he created his digital marketing agency. Yann Gourvennec a cr\u00e9\u00e9 visionarymarketing.com en 1996. Il est conf\u00e9rencier et auteur de plusieurs livres. En 2014, il est pass\u00e9 d'intrapreneur \u00e0 entrepreneur en cr\u00e9ant son agence de marketing num\u00e9rique.","sameAs":["https:\/\/visionarymarketing.com","http:\/\/facebook.com\/ygourven","http:\/\/linkedin.com\/in\/ygourven","https:\/\/x.com\/ygourven","https:\/\/www.youtube.com\/c\/visionarymarketingagency"],"url":"https:\/\/visionarymarketing.com\/fr\/author\/yann-gourvennec\/"}]}},"_links":{"self":[{"href":"https:\/\/visionarymarketing.com\/fr\/wp-json\/wp\/v2\/posts\/26192","targetHints":{"allow":["GET"]}}],"collection":[{"href":"https:\/\/visionarymarketing.com\/fr\/wp-json\/wp\/v2\/posts"}],"about":[{"href":"https:\/\/visionarymarketing.com\/fr\/wp-json\/wp\/v2\/types\/post"}],"author":[{"embeddable":true,"href":"https:\/\/visionarymarketing.com\/fr\/wp-json\/wp\/v2\/users\/2"}],"replies":[{"embeddable":true,"href":"https:\/\/visionarymarketing.com\/fr\/wp-json\/wp\/v2\/comments?post=26192"}],"version-history":[{"count":0,"href":"https:\/\/visionarymarketing.com\/fr\/wp-json\/wp\/v2\/posts\/26192\/revisions"}],"wp:featuredmedia":[{"embeddable":true,"href":"https:\/\/visionarymarketing.com\/fr\/wp-json\/wp\/v2\/media\/26219"}],"wp:attachment":[{"href":"https:\/\/visionarymarketing.com\/fr\/wp-json\/wp\/v2\/media?parent=26192"}],"wp:term":[{"taxonomy":"category","embeddable":true,"href":"https:\/\/visionarymarketing.com\/fr\/wp-json\/wp\/v2\/categories?post=26192"},{"taxonomy":"post_tag","embeddable":true,"href":"https:\/\/visionarymarketing.com\/fr\/wp-json\/wp\/v2\/tags?post=26192"}],"curies":[{"name":"wp","href":"https:\/\/api.w.org\/{rel}","templated":true}]}}