{"id":2619,"date":"2010-05-19T04:49:54","date_gmt":"2010-05-19T04:49:54","guid":{"rendered":"http:\/\/visionary.wordpress.com\/?p=2619"},"modified":"2022-03-12T11:49:10","modified_gmt":"2022-03-12T10:49:10","slug":"web-social-2","status":"publish","type":"post","link":"https:\/\/visionarymarketing.com\/fr\/2010\/05\/19\/web-social-2\/","title":{"rendered":"Web social : comment d\u00e9crire les m\u00e9dias sociaux en 5 tags"},"content":{"rendered":"<p>On m&rsquo;a demand\u00e9 r\u00e9cemment de d\u00e9crire le web social en 5 mots clefs. Le d\u00e9fi m&rsquo;a paru tr\u00e8s int\u00e9ressant.<\/p>\n<h2>Web social : comment d\u00e9crire les m\u00e9dias sociaux en 5 tags<\/h2>\n<figure id=\"attachment_17292\" aria-describedby=\"caption-attachment-17292\" style=\"width: 600px\" class=\"wp-caption aligncenter\"><a href=\"https:\/\/visionarymarketing.com\/wp-content\/uploads\/2015\/03\/usage-medias-sociaux.png\"><img decoding=\"async\" class=\"wp-image-17292 size-full\" src=\"https:\/\/visionarymarketing.com\/wp-content\/uploads\/2015\/03\/usage-medias-sociaux.png\" alt=\"Web social : comment d\u00e9crire les m\u00e9dias sociaux en 5 tags\" width=\"600\" height=\"418\" srcset=\"https:\/\/visionarymarketing.com\/wp-content\/uploads\/2015\/03\/usage-medias-sociaux.png 600w, https:\/\/visionarymarketing.com\/wp-content\/uploads\/2015\/03\/usage-medias-sociaux-431x300.png 431w, https:\/\/visionarymarketing.com\/wp-content\/uploads\/2015\/03\/usage-medias-sociaux-300x209.png 300w\" sizes=\"(max-width: 600px) 100vw, 600px\" \/><\/a><figcaption id=\"caption-attachment-17292\" class=\"wp-caption-text\">Web social : comment bien les utiliser<\/figcaption><\/figure>\n<p>voici donc en moins de 250 mots (un exercice de concision rare dans ces colonnes\u00a0!) les points qui me paraissent importants pour ma\u00eetriser le web social\u00a0:<\/p>\n<ul>\n<li>le contrat de transparence (dans l&rsquo;acception qui est celle des travaux r\u00e9alis\u00e9s avec le <a href=\"http:\/\/socialmedia.org\">SMBC<\/a> et sa traduction de <a href=\"https:\/\/web.archive.org\/web\/20120919101829\/http:\/\/france.media-aces.org\/\">Media Aces<\/a> pour le Fran\u00e7ais tout cela disponible sur <span title=\"http:\/\/socialmedia.org\/diclosure\">http:\/\/socialmedia.org\/diclosure<\/span>)<\/li>\n<li>l&rsquo;ouverture, une qualit\u00e9 essentielle pour les m\u00e9dias sociaux (si l&rsquo;on a peur de divulguer ses secrets, il est certain qu&rsquo;ils resteront chez vous et que vous n&rsquo;am\u00e9liorerez jamais votre r\u00e9putation de marque, cf. <a href=\"https:\/\/visionarymarketing.com\/_repository\/wanadoo\/ideavirus.pdf\">unleashing the ideavirus<\/a><br \/>\nde Seth Godin)<\/li>\n<li>la collaboration, au sens \u00e9tymologique du terme, c&rsquo;est \u00e0 dire travailler avec<br \/>\n(cela signifie que plusieurs personnes travaillent ensemble et n&rsquo;attendent pas tout d&rsquo;une \u00e9quipe Web qui donnerait la b\u00e9qu\u00e9e \u00e0 ses oisillons)<\/li>\n<li>l&rsquo;\u00e9change, et par \u00e9change j&rsquo;entends les \u00e9changes qui peuvent se produire en ligne et hors ligne (car les r\u00e9unions physiques sont tr\u00e8s importantes, comme c&rsquo;est le cas avec le <a href=\"https:\/\/visionarymarketing.com\/fr\/2010\/09\/label-b2b\/\">label b2b que j&rsquo;ai cr\u00e9\u00e9 pour Orange Business Services<\/a>)<\/li>\n<li>le b\u00e9n\u00e9fice mutuel, qui<br \/>\nest la base de la collaboration, car il faut que toutes les parties y trouvent un int\u00e9r\u00eat et un b\u00e9n\u00e9fice.<\/li>\n<\/ul>\n","protected":false},"excerpt":{"rendered":"<p>On m&rsquo;a demand\u00e9 r\u00e9cemment de d\u00e9crire le web social en 5 mots clefs. Le d\u00e9fi m&rsquo;a paru tr\u00e8s int\u00e9ressant. Web social : comment d\u00e9crire les m\u00e9dias sociaux en 5 tags voici donc en moins de 250 mots (un exercice de concision rare dans ces colonnes\u00a0!) les points qui me paraissent importants pour ma\u00eetriser le web &hellip;<\/p>\n","protected":false},"author":2,"featured_media":17292,"comment_status":"open","ping_status":"open","sticky":false,"template":"","format":"standard","meta":{"footnotes":""},"categories":[1613],"tags":[],"class_list":["post-2619","post","type-post","status-publish","format-standard","has-post-thumbnail","hentry","category-marketing-digital-marketing"],"yoast_head":"<!-- This site is optimized with the Yoast SEO plugin v27.4 - https:\/\/yoast.com\/product\/yoast-seo-wordpress\/ -->\n<title>Web social : comment d\u00e9crire les m\u00e9dias sociaux en 5 tags<\/title>\n<meta name=\"description\" content=\"On m&#039;a demand\u00e9 r\u00e9cemment de d\u00e9crire le web social en 5 mots clefs. Le d\u00e9fi m&#039;a paru tr\u00e8s int\u00e9ressant. Web social : comment d\u00e9crire les m\u00e9dias sociaux en 5\" \/>\n<meta name=\"robots\" content=\"index, follow, max-snippet:-1, max-image-preview:large, max-video-preview:-1\" \/>\n<link rel=\"canonical\" href=\"https:\/\/visionarymarketing.com\/fr\/2010\/05\/19\/web-social-2\/\" \/>\n<meta property=\"og:locale\" content=\"fr_FR\" \/>\n<meta property=\"og:type\" content=\"article\" \/>\n<meta property=\"og:title\" content=\"Web social : comment d\u00e9crire les m\u00e9dias sociaux en 5 tags\" \/>\n<meta property=\"og:description\" content=\"On m&#039;a demand\u00e9 r\u00e9cemment de d\u00e9crire le web social en 5 mots clefs. Le d\u00e9fi m&#039;a paru tr\u00e8s int\u00e9ressant. Web social : comment d\u00e9crire les m\u00e9dias sociaux en 5\" \/>\n<meta property=\"og:url\" content=\"https:\/\/visionarymarketing.com\/fr\/2010\/05\/19\/web-social-2\/\" \/>\n<meta property=\"og:site_name\" content=\"Marketing and Innovation\" \/>\n<meta property=\"article:publisher\" content=\"https:\/\/www.facebook.com\/vismktg\" \/>\n<meta property=\"article:author\" content=\"http:\/\/facebook.com\/ygourven\" \/>\n<meta property=\"article:published_time\" content=\"2010-05-19T04:49:54+00:00\" \/>\n<meta property=\"article:modified_time\" content=\"2022-03-12T10:49:10+00:00\" \/>\n<meta property=\"og:image\" content=\"https:\/\/visionarymarketing.com\/wp-content\/uploads\/2015\/03\/usage-medias-sociaux.png\" \/>\n\t<meta property=\"og:image:width\" content=\"600\" \/>\n\t<meta property=\"og:image:height\" content=\"418\" \/>\n\t<meta property=\"og:image:type\" content=\"image\/png\" \/>\n<meta name=\"author\" content=\"Yann Gourvennec\" \/>\n<meta name=\"twitter:card\" content=\"summary_large_image\" \/>\n<meta name=\"twitter:creator\" content=\"@ygourven\" \/>\n<meta name=\"twitter:site\" content=\"@ygourven\" \/>\n<meta name=\"twitter:label1\" content=\"\u00c9crit par\" \/>\n\t<meta name=\"twitter:data1\" content=\"Yann Gourvennec\" \/>\n\t<meta name=\"twitter:label2\" content=\"Dur\u00e9e de lecture estim\u00e9e\" \/>\n\t<meta name=\"twitter:data2\" content=\"1 minute\" \/>\n<script type=\"application\/ld+json\" class=\"yoast-schema-graph\">{\"@context\":\"https:\\\/\\\/schema.org\",\"@graph\":[{\"@type\":\"NewsArticle\",\"@id\":\"https:\\\/\\\/visionarymarketing.com\\\/fr\\\/2010\\\/05\\\/19\\\/web-social-2\\\/#article\",\"isPartOf\":{\"@id\":\"https:\\\/\\\/visionarymarketing.com\\\/fr\\\/2010\\\/05\\\/19\\\/web-social-2\\\/\"},\"author\":{\"name\":\"Yann Gourvennec\",\"@id\":\"https:\\\/\\\/visionarymarketing.com\\\/fr\\\/#\\\/schema\\\/person\\\/3754fee1e558f47b8deb46f53c37423e\"},\"headline\":\"Web social : comment d\u00e9crire les m\u00e9dias sociaux en 5 tags\",\"datePublished\":\"2010-05-19T04:49:54+00:00\",\"dateModified\":\"2022-03-12T10:49:10+00:00\",\"mainEntityOfPage\":{\"@id\":\"https:\\\/\\\/visionarymarketing.com\\\/fr\\\/2010\\\/05\\\/19\\\/web-social-2\\\/\"},\"wordCount\":279,\"commentCount\":0,\"image\":{\"@id\":\"https:\\\/\\\/visionarymarketing.com\\\/fr\\\/2010\\\/05\\\/19\\\/web-social-2\\\/#primaryimage\"},\"thumbnailUrl\":\"https:\\\/\\\/visionarymarketing.com\\\/wp-content\\\/uploads\\\/2015\\\/03\\\/usage-medias-sociaux.png\",\"articleSection\":[\"marketing digital\"],\"inLanguage\":\"fr-FR\",\"potentialAction\":[{\"@type\":\"CommentAction\",\"name\":\"Comment\",\"target\":[\"https:\\\/\\\/visionarymarketing.com\\\/fr\\\/2010\\\/05\\\/19\\\/web-social-2\\\/#respond\"]}]},{\"@type\":\"WebPage\",\"@id\":\"https:\\\/\\\/visionarymarketing.com\\\/fr\\\/2010\\\/05\\\/19\\\/web-social-2\\\/\",\"url\":\"https:\\\/\\\/visionarymarketing.com\\\/fr\\\/2010\\\/05\\\/19\\\/web-social-2\\\/\",\"name\":\"Web social : comment d\u00e9crire les m\u00e9dias sociaux en 5 tags\",\"isPartOf\":{\"@id\":\"https:\\\/\\\/visionarymarketing.com\\\/fr\\\/#website\"},\"primaryImageOfPage\":{\"@id\":\"https:\\\/\\\/visionarymarketing.com\\\/fr\\\/2010\\\/05\\\/19\\\/web-social-2\\\/#primaryimage\"},\"image\":{\"@id\":\"https:\\\/\\\/visionarymarketing.com\\\/fr\\\/2010\\\/05\\\/19\\\/web-social-2\\\/#primaryimage\"},\"thumbnailUrl\":\"https:\\\/\\\/visionarymarketing.com\\\/wp-content\\\/uploads\\\/2015\\\/03\\\/usage-medias-sociaux.png\",\"datePublished\":\"2010-05-19T04:49:54+00:00\",\"dateModified\":\"2022-03-12T10:49:10+00:00\",\"author\":{\"@id\":\"https:\\\/\\\/visionarymarketing.com\\\/fr\\\/#\\\/schema\\\/person\\\/3754fee1e558f47b8deb46f53c37423e\"},\"description\":\"On m'a demand\u00e9 r\u00e9cemment de d\u00e9crire le web social en 5 mots clefs. Le d\u00e9fi m'a paru tr\u00e8s int\u00e9ressant. Web social : comment d\u00e9crire les m\u00e9dias sociaux en 5\",\"breadcrumb\":{\"@id\":\"https:\\\/\\\/visionarymarketing.com\\\/fr\\\/2010\\\/05\\\/19\\\/web-social-2\\\/#breadcrumb\"},\"inLanguage\":\"fr-FR\",\"potentialAction\":[{\"@type\":\"ReadAction\",\"target\":[\"https:\\\/\\\/visionarymarketing.com\\\/fr\\\/2010\\\/05\\\/19\\\/web-social-2\\\/\"]}]},{\"@type\":\"ImageObject\",\"inLanguage\":\"fr-FR\",\"@id\":\"https:\\\/\\\/visionarymarketing.com\\\/fr\\\/2010\\\/05\\\/19\\\/web-social-2\\\/#primaryimage\",\"url\":\"https:\\\/\\\/visionarymarketing.com\\\/wp-content\\\/uploads\\\/2015\\\/03\\\/usage-medias-sociaux.png\",\"contentUrl\":\"https:\\\/\\\/visionarymarketing.com\\\/wp-content\\\/uploads\\\/2015\\\/03\\\/usage-medias-sociaux.png\",\"width\":600,\"height\":418},{\"@type\":\"BreadcrumbList\",\"@id\":\"https:\\\/\\\/visionarymarketing.com\\\/fr\\\/2010\\\/05\\\/19\\\/web-social-2\\\/#breadcrumb\",\"itemListElement\":[{\"@type\":\"ListItem\",\"position\":1,\"name\":\"Home\",\"item\":\"https:\\\/\\\/visionarymarketing.com\\\/fr\\\/\"},{\"@type\":\"ListItem\",\"position\":2,\"name\":\"Web social : comment d\u00e9crire les m\u00e9dias sociaux en 5 tags\"}]},{\"@type\":\"WebSite\",\"@id\":\"https:\\\/\\\/visionarymarketing.com\\\/fr\\\/#website\",\"url\":\"https:\\\/\\\/visionarymarketing.com\\\/fr\\\/\",\"name\":\"Marketing and Innovation\",\"description\":\"Site d&#039;infos ind\u00e9pendant, depuis 1996\",\"potentialAction\":[{\"@type\":\"SearchAction\",\"target\":{\"@type\":\"EntryPoint\",\"urlTemplate\":\"https:\\\/\\\/visionarymarketing.com\\\/fr\\\/?s={search_term_string}\"},\"query-input\":{\"@type\":\"PropertyValueSpecification\",\"valueRequired\":true,\"valueName\":\"search_term_string\"}}],\"inLanguage\":\"fr-FR\"},{\"@type\":\"Person\",\"@id\":\"https:\\\/\\\/visionarymarketing.com\\\/fr\\\/#\\\/schema\\\/person\\\/3754fee1e558f47b8deb46f53c37423e\",\"name\":\"Yann Gourvennec\",\"image\":{\"@type\":\"ImageObject\",\"inLanguage\":\"fr-FR\",\"@id\":\"https:\\\/\\\/secure.gravatar.com\\\/avatar\\\/5972001801e8de5692a3e31224e85769f50a55fb8b679749f9c8d1868cceff14?s=96&d=initials&r=g&initials=yg\",\"url\":\"https:\\\/\\\/secure.gravatar.com\\\/avatar\\\/5972001801e8de5692a3e31224e85769f50a55fb8b679749f9c8d1868cceff14?s=96&d=initials&r=g&initials=yg\",\"contentUrl\":\"https:\\\/\\\/secure.gravatar.com\\\/avatar\\\/5972001801e8de5692a3e31224e85769f50a55fb8b679749f9c8d1868cceff14?s=96&d=initials&r=g&initials=yg\",\"caption\":\"Yann Gourvennec\"},\"description\":\"Yann Gourvennec created visionarymarketing.com in 1996. He is a speaker and author of many books. In 2014 he went from intrapreneur to entrepreneur, when he created his digital marketing agency. Yann Gourvennec a cr\u00e9\u00e9 visionarymarketing.com en 1996. Il est conf\u00e9rencier et auteur de plusieurs livres. En 2014, il est pass\u00e9 d'intrapreneur \u00e0 entrepreneur en cr\u00e9ant son agence de marketing num\u00e9rique.\",\"sameAs\":[\"https:\\\/\\\/visionarymarketing.com\",\"http:\\\/\\\/facebook.com\\\/ygourven\",\"http:\\\/\\\/linkedin.com\\\/in\\\/ygourven\",\"https:\\\/\\\/x.com\\\/ygourven\",\"https:\\\/\\\/www.youtube.com\\\/c\\\/visionarymarketingagency\"],\"url\":\"https:\\\/\\\/visionarymarketing.com\\\/fr\\\/author\\\/yann-gourvennec\\\/\"}]}<\/script>\n<!-- \/ Yoast SEO plugin. -->","yoast_head_json":{"title":"Web social : comment d\u00e9crire les m\u00e9dias sociaux en 5 tags","description":"On m'a demand\u00e9 r\u00e9cemment de d\u00e9crire le web social en 5 mots clefs. Le d\u00e9fi m'a paru tr\u00e8s int\u00e9ressant. Web social : comment d\u00e9crire les m\u00e9dias sociaux en 5","robots":{"index":"index","follow":"follow","max-snippet":"max-snippet:-1","max-image-preview":"max-image-preview:large","max-video-preview":"max-video-preview:-1"},"canonical":"https:\/\/visionarymarketing.com\/fr\/2010\/05\/19\/web-social-2\/","og_locale":"fr_FR","og_type":"article","og_title":"Web social : comment d\u00e9crire les m\u00e9dias sociaux en 5 tags","og_description":"On m'a demand\u00e9 r\u00e9cemment de d\u00e9crire le web social en 5 mots clefs. Le d\u00e9fi m'a paru tr\u00e8s int\u00e9ressant. Web social : comment d\u00e9crire les m\u00e9dias sociaux en 5","og_url":"https:\/\/visionarymarketing.com\/fr\/2010\/05\/19\/web-social-2\/","og_site_name":"Marketing and Innovation","article_publisher":"https:\/\/www.facebook.com\/vismktg","article_author":"http:\/\/facebook.com\/ygourven","article_published_time":"2010-05-19T04:49:54+00:00","article_modified_time":"2022-03-12T10:49:10+00:00","og_image":[{"width":600,"height":418,"url":"https:\/\/visionarymarketing.com\/wp-content\/uploads\/2015\/03\/usage-medias-sociaux.png","type":"image\/png"}],"author":"Yann Gourvennec","twitter_card":"summary_large_image","twitter_creator":"@ygourven","twitter_site":"@ygourven","twitter_misc":{"\u00c9crit par":"Yann Gourvennec","Dur\u00e9e de lecture estim\u00e9e":"1 minute"},"schema":{"@context":"https:\/\/schema.org","@graph":[{"@type":"NewsArticle","@id":"https:\/\/visionarymarketing.com\/fr\/2010\/05\/19\/web-social-2\/#article","isPartOf":{"@id":"https:\/\/visionarymarketing.com\/fr\/2010\/05\/19\/web-social-2\/"},"author":{"name":"Yann Gourvennec","@id":"https:\/\/visionarymarketing.com\/fr\/#\/schema\/person\/3754fee1e558f47b8deb46f53c37423e"},"headline":"Web social : comment d\u00e9crire les m\u00e9dias sociaux en 5 tags","datePublished":"2010-05-19T04:49:54+00:00","dateModified":"2022-03-12T10:49:10+00:00","mainEntityOfPage":{"@id":"https:\/\/visionarymarketing.com\/fr\/2010\/05\/19\/web-social-2\/"},"wordCount":279,"commentCount":0,"image":{"@id":"https:\/\/visionarymarketing.com\/fr\/2010\/05\/19\/web-social-2\/#primaryimage"},"thumbnailUrl":"https:\/\/visionarymarketing.com\/wp-content\/uploads\/2015\/03\/usage-medias-sociaux.png","articleSection":["marketing digital"],"inLanguage":"fr-FR","potentialAction":[{"@type":"CommentAction","name":"Comment","target":["https:\/\/visionarymarketing.com\/fr\/2010\/05\/19\/web-social-2\/#respond"]}]},{"@type":"WebPage","@id":"https:\/\/visionarymarketing.com\/fr\/2010\/05\/19\/web-social-2\/","url":"https:\/\/visionarymarketing.com\/fr\/2010\/05\/19\/web-social-2\/","name":"Web social : comment d\u00e9crire les m\u00e9dias sociaux en 5 tags","isPartOf":{"@id":"https:\/\/visionarymarketing.com\/fr\/#website"},"primaryImageOfPage":{"@id":"https:\/\/visionarymarketing.com\/fr\/2010\/05\/19\/web-social-2\/#primaryimage"},"image":{"@id":"https:\/\/visionarymarketing.com\/fr\/2010\/05\/19\/web-social-2\/#primaryimage"},"thumbnailUrl":"https:\/\/visionarymarketing.com\/wp-content\/uploads\/2015\/03\/usage-medias-sociaux.png","datePublished":"2010-05-19T04:49:54+00:00","dateModified":"2022-03-12T10:49:10+00:00","author":{"@id":"https:\/\/visionarymarketing.com\/fr\/#\/schema\/person\/3754fee1e558f47b8deb46f53c37423e"},"description":"On m'a demand\u00e9 r\u00e9cemment de d\u00e9crire le web social en 5 mots clefs. Le d\u00e9fi m'a paru tr\u00e8s int\u00e9ressant. Web social : comment d\u00e9crire les m\u00e9dias sociaux en 5","breadcrumb":{"@id":"https:\/\/visionarymarketing.com\/fr\/2010\/05\/19\/web-social-2\/#breadcrumb"},"inLanguage":"fr-FR","potentialAction":[{"@type":"ReadAction","target":["https:\/\/visionarymarketing.com\/fr\/2010\/05\/19\/web-social-2\/"]}]},{"@type":"ImageObject","inLanguage":"fr-FR","@id":"https:\/\/visionarymarketing.com\/fr\/2010\/05\/19\/web-social-2\/#primaryimage","url":"https:\/\/visionarymarketing.com\/wp-content\/uploads\/2015\/03\/usage-medias-sociaux.png","contentUrl":"https:\/\/visionarymarketing.com\/wp-content\/uploads\/2015\/03\/usage-medias-sociaux.png","width":600,"height":418},{"@type":"BreadcrumbList","@id":"https:\/\/visionarymarketing.com\/fr\/2010\/05\/19\/web-social-2\/#breadcrumb","itemListElement":[{"@type":"ListItem","position":1,"name":"Home","item":"https:\/\/visionarymarketing.com\/fr\/"},{"@type":"ListItem","position":2,"name":"Web social : comment d\u00e9crire les m\u00e9dias sociaux en 5 tags"}]},{"@type":"WebSite","@id":"https:\/\/visionarymarketing.com\/fr\/#website","url":"https:\/\/visionarymarketing.com\/fr\/","name":"Marketing and Innovation","description":"Site d&#039;infos ind\u00e9pendant, depuis 1996","potentialAction":[{"@type":"SearchAction","target":{"@type":"EntryPoint","urlTemplate":"https:\/\/visionarymarketing.com\/fr\/?s={search_term_string}"},"query-input":{"@type":"PropertyValueSpecification","valueRequired":true,"valueName":"search_term_string"}}],"inLanguage":"fr-FR"},{"@type":"Person","@id":"https:\/\/visionarymarketing.com\/fr\/#\/schema\/person\/3754fee1e558f47b8deb46f53c37423e","name":"Yann Gourvennec","image":{"@type":"ImageObject","inLanguage":"fr-FR","@id":"https:\/\/secure.gravatar.com\/avatar\/5972001801e8de5692a3e31224e85769f50a55fb8b679749f9c8d1868cceff14?s=96&d=initials&r=g&initials=yg","url":"https:\/\/secure.gravatar.com\/avatar\/5972001801e8de5692a3e31224e85769f50a55fb8b679749f9c8d1868cceff14?s=96&d=initials&r=g&initials=yg","contentUrl":"https:\/\/secure.gravatar.com\/avatar\/5972001801e8de5692a3e31224e85769f50a55fb8b679749f9c8d1868cceff14?s=96&d=initials&r=g&initials=yg","caption":"Yann Gourvennec"},"description":"Yann Gourvennec created visionarymarketing.com in 1996. He is a speaker and author of many books. In 2014 he went from intrapreneur to entrepreneur, when he created his digital marketing agency. Yann Gourvennec a cr\u00e9\u00e9 visionarymarketing.com en 1996. Il est conf\u00e9rencier et auteur de plusieurs livres. En 2014, il est pass\u00e9 d'intrapreneur \u00e0 entrepreneur en cr\u00e9ant son agence de marketing num\u00e9rique.","sameAs":["https:\/\/visionarymarketing.com","http:\/\/facebook.com\/ygourven","http:\/\/linkedin.com\/in\/ygourven","https:\/\/x.com\/ygourven","https:\/\/www.youtube.com\/c\/visionarymarketingagency"],"url":"https:\/\/visionarymarketing.com\/fr\/author\/yann-gourvennec\/"}]}},"_links":{"self":[{"href":"https:\/\/visionarymarketing.com\/fr\/wp-json\/wp\/v2\/posts\/2619","targetHints":{"allow":["GET"]}}],"collection":[{"href":"https:\/\/visionarymarketing.com\/fr\/wp-json\/wp\/v2\/posts"}],"about":[{"href":"https:\/\/visionarymarketing.com\/fr\/wp-json\/wp\/v2\/types\/post"}],"author":[{"embeddable":true,"href":"https:\/\/visionarymarketing.com\/fr\/wp-json\/wp\/v2\/users\/2"}],"replies":[{"embeddable":true,"href":"https:\/\/visionarymarketing.com\/fr\/wp-json\/wp\/v2\/comments?post=2619"}],"version-history":[{"count":0,"href":"https:\/\/visionarymarketing.com\/fr\/wp-json\/wp\/v2\/posts\/2619\/revisions"}],"wp:featuredmedia":[{"embeddable":true,"href":"https:\/\/visionarymarketing.com\/fr\/wp-json\/wp\/v2\/media\/17292"}],"wp:attachment":[{"href":"https:\/\/visionarymarketing.com\/fr\/wp-json\/wp\/v2\/media?parent=2619"}],"wp:term":[{"taxonomy":"category","embeddable":true,"href":"https:\/\/visionarymarketing.com\/fr\/wp-json\/wp\/v2\/categories?post=2619"},{"taxonomy":"post_tag","embeddable":true,"href":"https:\/\/visionarymarketing.com\/fr\/wp-json\/wp\/v2\/tags?post=2619"}],"curies":[{"name":"wp","href":"https:\/\/api.w.org\/{rel}","templated":true}]}}