{"id":25943,"date":"2017-09-11T08:30:44","date_gmt":"2017-09-11T06:30:44","guid":{"rendered":"http:\/\/visionarymarketing.fr\/blog?p=25943&#038;preview=true&#038;preview_id=25943"},"modified":"2017-09-12T18:13:21","modified_gmt":"2017-09-12T16:13:21","slug":"teletravail-coupe-du-monde","status":"publish","type":"post","link":"https:\/\/visionarymarketing.com\/fr\/2017\/09\/11\/teletravail-coupe-du-monde\/","title":{"rendered":"Le t\u00e9l\u00e9travail et ses options quand on est coup\u00e9 du monde"},"content":{"rendered":"<p>Le t\u00e9l\u00e9travail <a href=\"https:\/\/visionarymarketing.com\/fr\/2017\/05\/teletravail-enfer-ou-paradis\/\" target=\"_blank\" rel=\"noopener\">est une de mes vieilles marottes.<\/a> Cet \u00e9t\u00e9 j\u2019ai m\u00eame pouss\u00e9 l\u2019exp\u00e9rience \u00e0 l\u2019extr\u00eame et je ne l\u2019ai pas regrett\u00e9 : avec les 15 jours de travail au vert que je me suis accord\u00e9, cela m\u2019a permis de bien me reposer, sans pour autant prendre de retard dans mon travail. Souvent j\u2019entends des entrepreneurs faire les malins en faisant croire qu\u2019il ne faut pas prendre de vacances, <a href=\"https:\/\/visionarymarketing.com\/fr\/2015\/01\/entrepreneurs\/\">mais c\u2019est une grosse b\u00eatise<\/a>. Il faut se mettre au vert et couper l\u2019Internet pendant au moins 1 semaine et si possible 2. C&rsquo;est ce qui permet de recharger les batteries et de pr\u00e9server son allant et sa productivit\u00e9. Cela \u00e9vite aussi de devenir polaris\u00e9 sur son activit\u00e9, une erreur n\u00e9faste pour la performance. Les 2 premi\u00e8res semaines d\u2019ao\u00fbt se pr\u00eatent particuli\u00e8rement \u00e0 ce type d\u2019exercice car il n\u2019y a vraiment pas grand monde au travail \u00e0 cette \u00e9poque-l\u00e0. Et on peut ainsi profiter \u00e0 plein de la nature.<\/p>\n<figure style=\"width: 599px\" class=\"wp-caption aligncenter\"><img decoding=\"async\" style=\"display: block; margin-left: auto; margin-right: auto;\" title=\"17-summer-2017-9620.jpg\" src=\"https:\/\/visionarymarketing.com\/wp-content\/uploads\/2017\/09\/17-summer-2017-9620.jpg\" alt=\"T\u00e9l\u00e9travail\" width=\"599\" height=\"400\" border=\"0\" \/><figcaption class=\"wp-caption-text\">Le site sublime des mines de Bentaillou dans la vall\u00e9e du Biros, pr\u00e8s de Sentein (et \u00e0 vol d\u2019oiseau, pas tr\u00e8s loin de chez nous pour peu qu\u2019on saute par dessus les montagnes qui culminent \u00e0 2 400 m \u00e0 cet endroit l\u00e0)<\/figcaption><\/figure>\n<h2>Le t\u00e9l\u00e9travail, coup\u00e9 du monde<\/h2>\n<p><strong>Mais voil\u00e0, une fois que l\u2019on a d\u00e9cid\u00e9 de se couper du monde, le probl\u00e8me est justement qu\u2019on est \u2026 coup\u00e9 du monde<\/strong>. Et il y a dans ce pays, un endroit que j\u2019adore particuli\u00e8rement, dans l\u2019extr\u00eame Sud Ouest de la France, \u00e0 800 km de Paris, en plein milieu des Pyr\u00e9n\u00e9es, un lieu magique et vraiment recul\u00e9 : il s\u2019agit de l\u2019Ari\u00e8ge (que les Fran\u00e7ais, assez mauvais en g\u00e9ographie, confondent quasi syst\u00e9matiquement avec l\u2019Ard\u00e8che), et m\u00eame plus particuli\u00e8rement du Couserans, un \u00e9tat dans l\u2019\u00e9tat, au beau milieu des montagnes.<!--more--><\/p>\n<p>Pour tout savoir de l\u2019Ari\u00e8ge, du t\u00e9l\u00e9travail et des tiers-lieux (dont Cap Couserans), je vous invite \u00e0 lire <a href=\"http:\/\/zevillage.net\/2017\/09\/heurs-et-malheurs-du-travailleur-nomade-en-ariege-et-ailleurs\/\">mon billet sur le blog de Zevillage<\/a>.<\/p>\n<blockquote class=\"quote-light\">\n<h2>\u00a0Heurs et malheurs du travailleur nomade en Ari\u00e8ge et ailleurs | Zevillage<\/h2>\n<p>Les vacances sont faites pour d\u00e9connecter, je m\u2019accorde tous les 2 ans, 15 jours sans Internet. C\u2019est vrai, c\u2019est difficile \u00e0 croire et pourtant j\u2019y arrive. Les meilleures choses ayant une fin, il \u00e9tait temps de reprendre le collier d\u00e8s la fin du weekend du 15 ao\u00fbt. Gr\u00e2ce \u00e0 Cap Couserans, j\u2019ai pu le faire depuis l\u2019Ari\u00e8ge*, une des r\u00e9gions pionni\u00e8res pour le t\u00e9l\u00e9travail et les tiers lieux. 27 ans apr\u00e8s mon premier laptop et subs\u00e9quemment, \u00e0 mes d\u00e9buts dans le t\u00e9l\u00e9travail, la vie du travailleur nomade s\u2019est un peu simplifi\u00e9e. Mais ne nous emballons pas, de grands progr\u00e8s restent \u00e0 faire.<\/p><\/blockquote>\n<figure id=\"attachment_25953\" aria-describedby=\"caption-attachment-25953\" style=\"width: 600px\" class=\"wp-caption aligncenter\"><img decoding=\"async\" class=\"wp-image-25953\" style=\"display: block; margin-left: auto; margin-right: auto;\" src=\"https:\/\/visionarymarketing.com\/wp-content\/uploads\/2017\/09\/IMG_1438-1-1024x768.jpg\" alt=\"Marre de la pollution ? Il est temps de changer d\u2019air et de venir respirer celui des Pyr\u00e9n\u00e9es ari\u00e9geoises.\" width=\"600\" height=\"450\" srcset=\"https:\/\/visionarymarketing.com\/wp-content\/uploads\/2017\/09\/IMG_1438-1-1024x768.jpg 1024w, https:\/\/visionarymarketing.com\/wp-content\/uploads\/2017\/09\/IMG_1438-1-400x300.jpg 400w, https:\/\/visionarymarketing.com\/wp-content\/uploads\/2017\/09\/IMG_1438-1-768x576.jpg 768w, https:\/\/visionarymarketing.com\/wp-content\/uploads\/2017\/09\/IMG_1438-1.jpg 1280w\" sizes=\"(max-width: 600px) 100vw, 600px\" \/><figcaption id=\"caption-attachment-25953\" class=\"wp-caption-text\">Marre de la pollution ? Il est temps de changer d\u2019air et de venir respirer celui des Pyr\u00e9n\u00e9es ari\u00e9geoises.<\/figcaption><\/figure>\n<blockquote class=\"quote-light\"><p>Pour nous, les vacances se passent souvent, dans notre maison des Pyr\u00e9n\u00e9es ari\u00e9geoises, un lieu inconnu du grand public, celui-ci pr\u00e9f\u00e9rant s\u2019empiler dans les hautes Pyr\u00e9n\u00e9es. \u00c0 croire que les embouteillages lui manquent, sans doute.Ici, dans notre vall\u00e9e, un lieu charg\u00e9 d\u2019histoire et d\u2019histoires, rien de tout cela. Si vous \u00eates pr\u00eats \u00e0 subir les sautes d\u2019humeur de la m\u00e9t\u00e9o qui fait le yo-yo entre pluie irlandaise et cagnard toulousain, alors c\u2019est le paradis. Notamment pour moi qui passe mon temps \u00e0 gravir en v\u00e9lo les montagnes alentour. Ici, c\u2019est aussi le paradis des ours, r\u00e9introduit r\u00e9cemment au grand dam des \u00e9leveurs \u2014 ici je resterai neutre \u2014 et aussi des promeneurs qu\u2019il n\u2019a pas encore d\u00e9vor\u00e9s (rassurez-vous, c\u2019est une plaisanterie, c\u2019est un animal peureux). Depuis 4 ans, pour ne pas p\u00e9naliser la famille, je prolonge mon s\u00e9jour hors de la capitale et je me lance \u00e0 fond dans le t\u00e9l\u00e9travail. Mais voil\u00e0, tout n\u2019est pas aussi simple que cela.<\/p><\/blockquote>\n<p>Lire la suite sur : <em><a href=\"http:\/\/zevillage.net\/2017\/09\/heurs-et-malheurs-du-travailleur-nomade-en-ariege-et-ailleurs\/\">Heurs et malheurs du travailleur nomade en Ari\u00e8ge et ailleurs | Zevillage<\/a><\/em><\/p>\n","protected":false},"excerpt":{"rendered":"<p>Le t\u00e9l\u00e9travail est une de mes vieilles marottes. Cet \u00e9t\u00e9 j\u2019ai m\u00eame pouss\u00e9 l\u2019exp\u00e9rience \u00e0 l\u2019extr\u00eame et je ne l\u2019ai pas regrett\u00e9 : avec les 15 jours de travail au vert que je me suis accord\u00e9, cela m\u2019a permis de bien me reposer, sans pour autant prendre de retard dans mon travail. Souvent j\u2019entends des &hellip;<\/p>\n","protected":false},"author":2,"featured_media":34061,"comment_status":"open","ping_status":"open","sticky":false,"template":"","format":"standard","meta":{"footnotes":""},"categories":[1613],"tags":[],"class_list":["post-25943","post","type-post","status-publish","format-standard","has-post-thumbnail","hentry","category-marketing-digital-marketing"],"yoast_head":"<!-- This site is optimized with the Yoast SEO plugin v27.4 - https:\/\/yoast.com\/product\/yoast-seo-wordpress\/ -->\n<title>Le t\u00e9l\u00e9travail et ses options quand on est coup\u00e9 du monde<\/title>\n<meta name=\"description\" content=\"Le t\u00e9l\u00e9travail est une de mes vieilles marottes. Cet \u00e9t\u00e9 j\u2019ai m\u00eame pouss\u00e9 l\u2019exp\u00e9rience avec 15 jours de travail au vert.\" \/>\n<meta name=\"robots\" content=\"index, follow, max-snippet:-1, max-image-preview:large, max-video-preview:-1\" \/>\n<link rel=\"canonical\" href=\"https:\/\/visionarymarketing.com\/fr\/2017\/09\/11\/teletravail-coupe-du-monde\/\" \/>\n<meta property=\"og:locale\" content=\"fr_FR\" \/>\n<meta property=\"og:type\" content=\"article\" \/>\n<meta property=\"og:title\" content=\"Le t\u00e9l\u00e9travail et ses options quand on est coup\u00e9 du monde\" \/>\n<meta property=\"og:description\" content=\"Le t\u00e9l\u00e9travail est une de mes vieilles marottes. Cet \u00e9t\u00e9 j\u2019ai m\u00eame pouss\u00e9 l\u2019exp\u00e9rience avec 15 jours de travail au vert.\" \/>\n<meta property=\"og:url\" content=\"https:\/\/visionarymarketing.com\/fr\/2017\/09\/11\/teletravail-coupe-du-monde\/\" \/>\n<meta property=\"og:site_name\" content=\"Marketing and Innovation\" \/>\n<meta property=\"article:publisher\" content=\"https:\/\/www.facebook.com\/vismktg\" \/>\n<meta property=\"article:author\" content=\"http:\/\/facebook.com\/ygourven\" \/>\n<meta property=\"article:published_time\" content=\"2017-09-11T06:30:44+00:00\" \/>\n<meta property=\"article:modified_time\" content=\"2017-09-12T16:13:21+00:00\" \/>\n<meta property=\"og:image\" content=\"https:\/\/visionarymarketing.com\/wp-content\/uploads\/2019\/11\/48112468851_8a0cd1d162_c.jpg\" \/>\n\t<meta property=\"og:image:width\" content=\"644\" \/>\n\t<meta property=\"og:image:height\" content=\"430\" \/>\n\t<meta property=\"og:image:type\" content=\"image\/jpeg\" \/>\n<meta name=\"author\" content=\"Yann Gourvennec\" \/>\n<meta name=\"twitter:card\" content=\"summary_large_image\" \/>\n<meta name=\"twitter:creator\" content=\"@ygourven\" \/>\n<meta name=\"twitter:site\" content=\"@ygourven\" \/>\n<meta name=\"twitter:label1\" content=\"\u00c9crit par\" \/>\n\t<meta name=\"twitter:data1\" content=\"Yann Gourvennec\" \/>\n\t<meta name=\"twitter:label2\" content=\"Dur\u00e9e de lecture estim\u00e9e\" \/>\n\t<meta name=\"twitter:data2\" content=\"4 minutes\" \/>\n<script type=\"application\/ld+json\" class=\"yoast-schema-graph\">{\"@context\":\"https:\\\/\\\/schema.org\",\"@graph\":[{\"@type\":\"NewsArticle\",\"@id\":\"https:\\\/\\\/visionarymarketing.com\\\/fr\\\/2017\\\/09\\\/11\\\/teletravail-coupe-du-monde\\\/#article\",\"isPartOf\":{\"@id\":\"https:\\\/\\\/visionarymarketing.com\\\/fr\\\/2017\\\/09\\\/11\\\/teletravail-coupe-du-monde\\\/\"},\"author\":{\"name\":\"Yann Gourvennec\",\"@id\":\"https:\\\/\\\/visionarymarketing.com\\\/fr\\\/#\\\/schema\\\/person\\\/3754fee1e558f47b8deb46f53c37423e\"},\"headline\":\"Le t\u00e9l\u00e9travail et ses options quand on est coup\u00e9 du monde\",\"datePublished\":\"2017-09-11T06:30:44+00:00\",\"dateModified\":\"2017-09-12T16:13:21+00:00\",\"mainEntityOfPage\":{\"@id\":\"https:\\\/\\\/visionarymarketing.com\\\/fr\\\/2017\\\/09\\\/11\\\/teletravail-coupe-du-monde\\\/\"},\"wordCount\":737,\"commentCount\":1,\"image\":{\"@id\":\"https:\\\/\\\/visionarymarketing.com\\\/fr\\\/2017\\\/09\\\/11\\\/teletravail-coupe-du-monde\\\/#primaryimage\"},\"thumbnailUrl\":\"https:\\\/\\\/visionarymarketing.com\\\/wp-content\\\/uploads\\\/2019\\\/11\\\/48112468851_8a0cd1d162_c.jpg\",\"articleSection\":[\"marketing digital\"],\"inLanguage\":\"fr-FR\",\"potentialAction\":[{\"@type\":\"CommentAction\",\"name\":\"Comment\",\"target\":[\"https:\\\/\\\/visionarymarketing.com\\\/fr\\\/2017\\\/09\\\/11\\\/teletravail-coupe-du-monde\\\/#respond\"]}]},{\"@type\":\"WebPage\",\"@id\":\"https:\\\/\\\/visionarymarketing.com\\\/fr\\\/2017\\\/09\\\/11\\\/teletravail-coupe-du-monde\\\/\",\"url\":\"https:\\\/\\\/visionarymarketing.com\\\/fr\\\/2017\\\/09\\\/11\\\/teletravail-coupe-du-monde\\\/\",\"name\":\"Le t\u00e9l\u00e9travail et ses options quand on est coup\u00e9 du monde\",\"isPartOf\":{\"@id\":\"https:\\\/\\\/visionarymarketing.com\\\/fr\\\/#website\"},\"primaryImageOfPage\":{\"@id\":\"https:\\\/\\\/visionarymarketing.com\\\/fr\\\/2017\\\/09\\\/11\\\/teletravail-coupe-du-monde\\\/#primaryimage\"},\"image\":{\"@id\":\"https:\\\/\\\/visionarymarketing.com\\\/fr\\\/2017\\\/09\\\/11\\\/teletravail-coupe-du-monde\\\/#primaryimage\"},\"thumbnailUrl\":\"https:\\\/\\\/visionarymarketing.com\\\/wp-content\\\/uploads\\\/2019\\\/11\\\/48112468851_8a0cd1d162_c.jpg\",\"datePublished\":\"2017-09-11T06:30:44+00:00\",\"dateModified\":\"2017-09-12T16:13:21+00:00\",\"author\":{\"@id\":\"https:\\\/\\\/visionarymarketing.com\\\/fr\\\/#\\\/schema\\\/person\\\/3754fee1e558f47b8deb46f53c37423e\"},\"description\":\"Le t\u00e9l\u00e9travail est une de mes vieilles marottes. Cet \u00e9t\u00e9 j\u2019ai m\u00eame pouss\u00e9 l\u2019exp\u00e9rience avec 15 jours de travail au vert.\",\"breadcrumb\":{\"@id\":\"https:\\\/\\\/visionarymarketing.com\\\/fr\\\/2017\\\/09\\\/11\\\/teletravail-coupe-du-monde\\\/#breadcrumb\"},\"inLanguage\":\"fr-FR\",\"potentialAction\":[{\"@type\":\"ReadAction\",\"target\":[\"https:\\\/\\\/visionarymarketing.com\\\/fr\\\/2017\\\/09\\\/11\\\/teletravail-coupe-du-monde\\\/\"]}]},{\"@type\":\"ImageObject\",\"inLanguage\":\"fr-FR\",\"@id\":\"https:\\\/\\\/visionarymarketing.com\\\/fr\\\/2017\\\/09\\\/11\\\/teletravail-coupe-du-monde\\\/#primaryimage\",\"url\":\"https:\\\/\\\/visionarymarketing.com\\\/wp-content\\\/uploads\\\/2019\\\/11\\\/48112468851_8a0cd1d162_c.jpg\",\"contentUrl\":\"https:\\\/\\\/visionarymarketing.com\\\/wp-content\\\/uploads\\\/2019\\\/11\\\/48112468851_8a0cd1d162_c.jpg\",\"width\":644,\"height\":430},{\"@type\":\"BreadcrumbList\",\"@id\":\"https:\\\/\\\/visionarymarketing.com\\\/fr\\\/2017\\\/09\\\/11\\\/teletravail-coupe-du-monde\\\/#breadcrumb\",\"itemListElement\":[{\"@type\":\"ListItem\",\"position\":1,\"name\":\"Home\",\"item\":\"https:\\\/\\\/visionarymarketing.com\\\/fr\\\/\"},{\"@type\":\"ListItem\",\"position\":2,\"name\":\"Le t\u00e9l\u00e9travail et ses options quand on est coup\u00e9 du monde\"}]},{\"@type\":\"WebSite\",\"@id\":\"https:\\\/\\\/visionarymarketing.com\\\/fr\\\/#website\",\"url\":\"https:\\\/\\\/visionarymarketing.com\\\/fr\\\/\",\"name\":\"Marketing and Innovation\",\"description\":\"Site d&#039;infos ind\u00e9pendant, depuis 1996\",\"potentialAction\":[{\"@type\":\"SearchAction\",\"target\":{\"@type\":\"EntryPoint\",\"urlTemplate\":\"https:\\\/\\\/visionarymarketing.com\\\/fr\\\/?s={search_term_string}\"},\"query-input\":{\"@type\":\"PropertyValueSpecification\",\"valueRequired\":true,\"valueName\":\"search_term_string\"}}],\"inLanguage\":\"fr-FR\"},{\"@type\":\"Person\",\"@id\":\"https:\\\/\\\/visionarymarketing.com\\\/fr\\\/#\\\/schema\\\/person\\\/3754fee1e558f47b8deb46f53c37423e\",\"name\":\"Yann Gourvennec\",\"image\":{\"@type\":\"ImageObject\",\"inLanguage\":\"fr-FR\",\"@id\":\"https:\\\/\\\/secure.gravatar.com\\\/avatar\\\/5972001801e8de5692a3e31224e85769f50a55fb8b679749f9c8d1868cceff14?s=96&d=initials&r=g&initials=yg\",\"url\":\"https:\\\/\\\/secure.gravatar.com\\\/avatar\\\/5972001801e8de5692a3e31224e85769f50a55fb8b679749f9c8d1868cceff14?s=96&d=initials&r=g&initials=yg\",\"contentUrl\":\"https:\\\/\\\/secure.gravatar.com\\\/avatar\\\/5972001801e8de5692a3e31224e85769f50a55fb8b679749f9c8d1868cceff14?s=96&d=initials&r=g&initials=yg\",\"caption\":\"Yann Gourvennec\"},\"description\":\"Yann Gourvennec created visionarymarketing.com in 1996. He is a speaker and author of many books. In 2014 he went from intrapreneur to entrepreneur, when he created his digital marketing agency. Yann Gourvennec a cr\u00e9\u00e9 visionarymarketing.com en 1996. Il est conf\u00e9rencier et auteur de plusieurs livres. En 2014, il est pass\u00e9 d'intrapreneur \u00e0 entrepreneur en cr\u00e9ant son agence de marketing num\u00e9rique.\",\"sameAs\":[\"https:\\\/\\\/visionarymarketing.com\",\"http:\\\/\\\/facebook.com\\\/ygourven\",\"http:\\\/\\\/linkedin.com\\\/in\\\/ygourven\",\"https:\\\/\\\/x.com\\\/ygourven\",\"https:\\\/\\\/www.youtube.com\\\/c\\\/visionarymarketingagency\"],\"url\":\"https:\\\/\\\/visionarymarketing.com\\\/fr\\\/author\\\/yann-gourvennec\\\/\"}]}<\/script>\n<!-- \/ Yoast SEO plugin. -->","yoast_head_json":{"title":"Le t\u00e9l\u00e9travail et ses options quand on est coup\u00e9 du monde","description":"Le t\u00e9l\u00e9travail est une de mes vieilles marottes. Cet \u00e9t\u00e9 j\u2019ai m\u00eame pouss\u00e9 l\u2019exp\u00e9rience avec 15 jours de travail au vert.","robots":{"index":"index","follow":"follow","max-snippet":"max-snippet:-1","max-image-preview":"max-image-preview:large","max-video-preview":"max-video-preview:-1"},"canonical":"https:\/\/visionarymarketing.com\/fr\/2017\/09\/11\/teletravail-coupe-du-monde\/","og_locale":"fr_FR","og_type":"article","og_title":"Le t\u00e9l\u00e9travail et ses options quand on est coup\u00e9 du monde","og_description":"Le t\u00e9l\u00e9travail est une de mes vieilles marottes. Cet \u00e9t\u00e9 j\u2019ai m\u00eame pouss\u00e9 l\u2019exp\u00e9rience avec 15 jours de travail au vert.","og_url":"https:\/\/visionarymarketing.com\/fr\/2017\/09\/11\/teletravail-coupe-du-monde\/","og_site_name":"Marketing and Innovation","article_publisher":"https:\/\/www.facebook.com\/vismktg","article_author":"http:\/\/facebook.com\/ygourven","article_published_time":"2017-09-11T06:30:44+00:00","article_modified_time":"2017-09-12T16:13:21+00:00","og_image":[{"width":644,"height":430,"url":"https:\/\/visionarymarketing.com\/wp-content\/uploads\/2019\/11\/48112468851_8a0cd1d162_c.jpg","type":"image\/jpeg"}],"author":"Yann Gourvennec","twitter_card":"summary_large_image","twitter_creator":"@ygourven","twitter_site":"@ygourven","twitter_misc":{"\u00c9crit par":"Yann Gourvennec","Dur\u00e9e de lecture estim\u00e9e":"4 minutes"},"schema":{"@context":"https:\/\/schema.org","@graph":[{"@type":"NewsArticle","@id":"https:\/\/visionarymarketing.com\/fr\/2017\/09\/11\/teletravail-coupe-du-monde\/#article","isPartOf":{"@id":"https:\/\/visionarymarketing.com\/fr\/2017\/09\/11\/teletravail-coupe-du-monde\/"},"author":{"name":"Yann Gourvennec","@id":"https:\/\/visionarymarketing.com\/fr\/#\/schema\/person\/3754fee1e558f47b8deb46f53c37423e"},"headline":"Le t\u00e9l\u00e9travail et ses options quand on est coup\u00e9 du monde","datePublished":"2017-09-11T06:30:44+00:00","dateModified":"2017-09-12T16:13:21+00:00","mainEntityOfPage":{"@id":"https:\/\/visionarymarketing.com\/fr\/2017\/09\/11\/teletravail-coupe-du-monde\/"},"wordCount":737,"commentCount":1,"image":{"@id":"https:\/\/visionarymarketing.com\/fr\/2017\/09\/11\/teletravail-coupe-du-monde\/#primaryimage"},"thumbnailUrl":"https:\/\/visionarymarketing.com\/wp-content\/uploads\/2019\/11\/48112468851_8a0cd1d162_c.jpg","articleSection":["marketing digital"],"inLanguage":"fr-FR","potentialAction":[{"@type":"CommentAction","name":"Comment","target":["https:\/\/visionarymarketing.com\/fr\/2017\/09\/11\/teletravail-coupe-du-monde\/#respond"]}]},{"@type":"WebPage","@id":"https:\/\/visionarymarketing.com\/fr\/2017\/09\/11\/teletravail-coupe-du-monde\/","url":"https:\/\/visionarymarketing.com\/fr\/2017\/09\/11\/teletravail-coupe-du-monde\/","name":"Le t\u00e9l\u00e9travail et ses options quand on est coup\u00e9 du monde","isPartOf":{"@id":"https:\/\/visionarymarketing.com\/fr\/#website"},"primaryImageOfPage":{"@id":"https:\/\/visionarymarketing.com\/fr\/2017\/09\/11\/teletravail-coupe-du-monde\/#primaryimage"},"image":{"@id":"https:\/\/visionarymarketing.com\/fr\/2017\/09\/11\/teletravail-coupe-du-monde\/#primaryimage"},"thumbnailUrl":"https:\/\/visionarymarketing.com\/wp-content\/uploads\/2019\/11\/48112468851_8a0cd1d162_c.jpg","datePublished":"2017-09-11T06:30:44+00:00","dateModified":"2017-09-12T16:13:21+00:00","author":{"@id":"https:\/\/visionarymarketing.com\/fr\/#\/schema\/person\/3754fee1e558f47b8deb46f53c37423e"},"description":"Le t\u00e9l\u00e9travail est une de mes vieilles marottes. Cet \u00e9t\u00e9 j\u2019ai m\u00eame pouss\u00e9 l\u2019exp\u00e9rience avec 15 jours de travail au vert.","breadcrumb":{"@id":"https:\/\/visionarymarketing.com\/fr\/2017\/09\/11\/teletravail-coupe-du-monde\/#breadcrumb"},"inLanguage":"fr-FR","potentialAction":[{"@type":"ReadAction","target":["https:\/\/visionarymarketing.com\/fr\/2017\/09\/11\/teletravail-coupe-du-monde\/"]}]},{"@type":"ImageObject","inLanguage":"fr-FR","@id":"https:\/\/visionarymarketing.com\/fr\/2017\/09\/11\/teletravail-coupe-du-monde\/#primaryimage","url":"https:\/\/visionarymarketing.com\/wp-content\/uploads\/2019\/11\/48112468851_8a0cd1d162_c.jpg","contentUrl":"https:\/\/visionarymarketing.com\/wp-content\/uploads\/2019\/11\/48112468851_8a0cd1d162_c.jpg","width":644,"height":430},{"@type":"BreadcrumbList","@id":"https:\/\/visionarymarketing.com\/fr\/2017\/09\/11\/teletravail-coupe-du-monde\/#breadcrumb","itemListElement":[{"@type":"ListItem","position":1,"name":"Home","item":"https:\/\/visionarymarketing.com\/fr\/"},{"@type":"ListItem","position":2,"name":"Le t\u00e9l\u00e9travail et ses options quand on est coup\u00e9 du monde"}]},{"@type":"WebSite","@id":"https:\/\/visionarymarketing.com\/fr\/#website","url":"https:\/\/visionarymarketing.com\/fr\/","name":"Marketing and Innovation","description":"Site d&#039;infos ind\u00e9pendant, depuis 1996","potentialAction":[{"@type":"SearchAction","target":{"@type":"EntryPoint","urlTemplate":"https:\/\/visionarymarketing.com\/fr\/?s={search_term_string}"},"query-input":{"@type":"PropertyValueSpecification","valueRequired":true,"valueName":"search_term_string"}}],"inLanguage":"fr-FR"},{"@type":"Person","@id":"https:\/\/visionarymarketing.com\/fr\/#\/schema\/person\/3754fee1e558f47b8deb46f53c37423e","name":"Yann Gourvennec","image":{"@type":"ImageObject","inLanguage":"fr-FR","@id":"https:\/\/secure.gravatar.com\/avatar\/5972001801e8de5692a3e31224e85769f50a55fb8b679749f9c8d1868cceff14?s=96&d=initials&r=g&initials=yg","url":"https:\/\/secure.gravatar.com\/avatar\/5972001801e8de5692a3e31224e85769f50a55fb8b679749f9c8d1868cceff14?s=96&d=initials&r=g&initials=yg","contentUrl":"https:\/\/secure.gravatar.com\/avatar\/5972001801e8de5692a3e31224e85769f50a55fb8b679749f9c8d1868cceff14?s=96&d=initials&r=g&initials=yg","caption":"Yann Gourvennec"},"description":"Yann Gourvennec created visionarymarketing.com in 1996. He is a speaker and author of many books. In 2014 he went from intrapreneur to entrepreneur, when he created his digital marketing agency. Yann Gourvennec a cr\u00e9\u00e9 visionarymarketing.com en 1996. Il est conf\u00e9rencier et auteur de plusieurs livres. En 2014, il est pass\u00e9 d'intrapreneur \u00e0 entrepreneur en cr\u00e9ant son agence de marketing num\u00e9rique.","sameAs":["https:\/\/visionarymarketing.com","http:\/\/facebook.com\/ygourven","http:\/\/linkedin.com\/in\/ygourven","https:\/\/x.com\/ygourven","https:\/\/www.youtube.com\/c\/visionarymarketingagency"],"url":"https:\/\/visionarymarketing.com\/fr\/author\/yann-gourvennec\/"}]}},"_links":{"self":[{"href":"https:\/\/visionarymarketing.com\/fr\/wp-json\/wp\/v2\/posts\/25943","targetHints":{"allow":["GET"]}}],"collection":[{"href":"https:\/\/visionarymarketing.com\/fr\/wp-json\/wp\/v2\/posts"}],"about":[{"href":"https:\/\/visionarymarketing.com\/fr\/wp-json\/wp\/v2\/types\/post"}],"author":[{"embeddable":true,"href":"https:\/\/visionarymarketing.com\/fr\/wp-json\/wp\/v2\/users\/2"}],"replies":[{"embeddable":true,"href":"https:\/\/visionarymarketing.com\/fr\/wp-json\/wp\/v2\/comments?post=25943"}],"version-history":[{"count":0,"href":"https:\/\/visionarymarketing.com\/fr\/wp-json\/wp\/v2\/posts\/25943\/revisions"}],"wp:featuredmedia":[{"embeddable":true,"href":"https:\/\/visionarymarketing.com\/fr\/wp-json\/wp\/v2\/media\/34061"}],"wp:attachment":[{"href":"https:\/\/visionarymarketing.com\/fr\/wp-json\/wp\/v2\/media?parent=25943"}],"wp:term":[{"taxonomy":"category","embeddable":true,"href":"https:\/\/visionarymarketing.com\/fr\/wp-json\/wp\/v2\/categories?post=25943"},{"taxonomy":"post_tag","embeddable":true,"href":"https:\/\/visionarymarketing.com\/fr\/wp-json\/wp\/v2\/tags?post=25943"}],"curies":[{"name":"wp","href":"https:\/\/api.w.org\/{rel}","templated":true}]}}