{"id":2462,"date":"2010-03-09T14:27:48","date_gmt":"2010-03-09T13:27:48","guid":{"rendered":"http:\/\/visionary.wordpress.com\/?p=2462"},"modified":"2021-03-05T21:35:40","modified_gmt":"2021-03-05T20:35:40","slug":"cegos-media-aces","status":"publish","type":"post","link":"https:\/\/visionarymarketing.com\/fr\/2010\/03\/09\/cegos-media-aces\/","title":{"rendered":"Blogs d&rsquo;Entreprise: Media Aces accueillera CEGOS"},"content":{"rendered":"<p>Comment Cegos a-t-il utilis\u00e9 les blogs d&rsquo;entreprise pour se positionner diff\u00e9remment ? Le <span class=\"removed_link\" title=\"http:\/\/bit.ly\/aces16032010\">16 mars 2010 aura lieu la 2\u00e8me AG de Media Aces<\/span> avec beaucoup de pr\u00e9sentations in\u00e9dites et passionnantes par les entreprises qui mettent en oeuvre les m\u00e9dias sociaux pour leurs clients et pour elles-m\u00eames. Dans cette vid\u00e9o j&rsquo;\u00e9voque la pr\u00e9sentation de M. Philippe G\u00e9rard, repr\u00e9sentant de la soci\u00e9t\u00e9 <a title=\"CEGOS\" href=\"http:\/\/www.cegos.fr\/Pages\/default.aspx\" target=\"_blank\" rel=\"noopener noreferrer\">CEGOS<\/a> qui a utilis\u00e9 les <a title=\"Les Blogs de CEGOS\" href=\"http:\/\/www.cegos.fr\/nous-connaitre\/Blog\/Pages\/blog.aspx\" target=\"_blank\" rel=\"noopener noreferrer\">blogs d&rsquo;entreprise<\/a> pour se positionner de fa\u00e7on originale sur son march\u00e9.<\/p>\n<p><iframe title=\"[Fr] Pr\u00e9sentation CEGOS \u00e0 Media Aces le 16\/03\/2010\" width=\"500\" height=\"281\" src=\"https:\/\/www.youtube.com\/embed\/216Wo7O_wmE?feature=oembed\" frameborder=\"0\" allow=\"accelerometer; autoplay; clipboard-write; encrypted-media; gyroscope; picture-in-picture; web-share\" referrerpolicy=\"strict-origin-when-cross-origin\" allowfullscreen><\/iframe><\/p>\n","protected":false},"excerpt":{"rendered":"<p>Comment Cegos a-t-il utilis\u00e9 les blogs d&rsquo;entreprise pour se positionner diff\u00e9remment ? Le 16 mars 2010 aura lieu la 2\u00e8me AG de Media Aces avec beaucoup de pr\u00e9sentations in\u00e9dites et passionnantes par les entreprises qui mettent en oeuvre les m\u00e9dias sociaux pour leurs clients et pour elles-m\u00eames. Dans cette vid\u00e9o j&rsquo;\u00e9voque la pr\u00e9sentation de M. &hellip;<\/p>\n","protected":false},"author":2,"featured_media":33742,"comment_status":"open","ping_status":"open","sticky":false,"template":"","format":"standard","meta":{"footnotes":""},"categories":[25],"tags":[],"class_list":["post-2462","post","type-post","status-publish","format-standard","has-post-thumbnail","hentry","category-medias-sociaux"],"yoast_head":"<!-- This site is optimized with the Yoast SEO plugin v27.5 - https:\/\/yoast.com\/product\/yoast-seo-wordpress\/ -->\n<title>Blogs d&#039;Entreprise: Media Aces accueillera CEGOS<\/title>\n<meta name=\"description\" content=\"Cegos et Media Aces avec l&#039;intervention de Philippe G\u00e9rard qui pr\u00e9sentera son projet de blog d&#039;entreprise pour positionner le cabinet\" \/>\n<meta name=\"robots\" content=\"noindex, follow\" \/>\n<meta property=\"og:locale\" content=\"fr_FR\" \/>\n<meta property=\"og:type\" content=\"article\" \/>\n<meta property=\"og:title\" content=\"Blogs d&#039;Entreprise: Media Aces accueillera CEGOS\" \/>\n<meta property=\"og:description\" content=\"Cegos et Media Aces avec l&#039;intervention de Philippe G\u00e9rard qui pr\u00e9sentera son projet de blog d&#039;entreprise pour positionner le cabinet\" \/>\n<meta property=\"og:url\" content=\"https:\/\/visionarymarketing.com\/fr\/2010\/03\/09\/cegos-media-aces\/\" \/>\n<meta property=\"og:site_name\" content=\"Marketing and Innovation\" \/>\n<meta property=\"article:publisher\" content=\"https:\/\/www.facebook.com\/vismktg\" \/>\n<meta property=\"article:author\" content=\"http:\/\/facebook.com\/ygourven\" \/>\n<meta property=\"article:published_time\" content=\"2010-03-09T13:27:48+00:00\" \/>\n<meta property=\"article:modified_time\" content=\"2021-03-05T20:35:40+00:00\" \/>\n<meta property=\"og:image\" content=\"https:\/\/visionarymarketing.com\/wp-content\/uploads\/2019\/10\/29059855197_4bd2c59b8a_c-e1570089150257.jpg\" \/>\n\t<meta property=\"og:image:width\" content=\"519\" \/>\n\t<meta property=\"og:image:height\" content=\"340\" \/>\n\t<meta property=\"og:image:type\" content=\"image\/jpeg\" \/>\n<meta name=\"author\" content=\"Yann Gourvennec\" \/>\n<meta name=\"twitter:card\" content=\"summary_large_image\" \/>\n<meta name=\"twitter:creator\" content=\"@ygourven\" \/>\n<meta name=\"twitter:site\" content=\"@ygourven\" \/>\n<meta name=\"twitter:label1\" content=\"\u00c9crit par\" \/>\n\t<meta name=\"twitter:data1\" content=\"Yann Gourvennec\" \/>\n<script type=\"application\/ld+json\" class=\"yoast-schema-graph\">{\"@context\":\"https:\\\/\\\/schema.org\",\"@graph\":[{\"@type\":\"NewsArticle\",\"@id\":\"https:\\\/\\\/visionarymarketing.com\\\/fr\\\/2010\\\/03\\\/09\\\/cegos-media-aces\\\/#article\",\"isPartOf\":{\"@id\":\"https:\\\/\\\/visionarymarketing.com\\\/fr\\\/2010\\\/03\\\/09\\\/cegos-media-aces\\\/\"},\"author\":{\"name\":\"Yann Gourvennec\",\"@id\":\"https:\\\/\\\/visionarymarketing.com\\\/fr\\\/#\\\/schema\\\/person\\\/3754fee1e558f47b8deb46f53c37423e\"},\"headline\":\"Blogs d&rsquo;Entreprise: Media Aces accueillera CEGOS\",\"datePublished\":\"2010-03-09T13:27:48+00:00\",\"dateModified\":\"2021-03-05T20:35:40+00:00\",\"mainEntityOfPage\":{\"@id\":\"https:\\\/\\\/visionarymarketing.com\\\/fr\\\/2010\\\/03\\\/09\\\/cegos-media-aces\\\/\"},\"wordCount\":104,\"commentCount\":0,\"image\":{\"@id\":\"https:\\\/\\\/visionarymarketing.com\\\/fr\\\/2010\\\/03\\\/09\\\/cegos-media-aces\\\/#primaryimage\"},\"thumbnailUrl\":\"https:\\\/\\\/visionarymarketing.com\\\/wp-content\\\/uploads\\\/2019\\\/10\\\/29059855197_4bd2c59b8a_c-e1570089150257.jpg\",\"articleSection\":[\"m\u00e9dias \\\/ r\u00e9seaux sociaux\"],\"inLanguage\":\"fr-FR\",\"potentialAction\":[{\"@type\":\"CommentAction\",\"name\":\"Comment\",\"target\":[\"https:\\\/\\\/visionarymarketing.com\\\/fr\\\/2010\\\/03\\\/09\\\/cegos-media-aces\\\/#respond\"]}]},{\"@type\":\"WebPage\",\"@id\":\"https:\\\/\\\/visionarymarketing.com\\\/fr\\\/2010\\\/03\\\/09\\\/cegos-media-aces\\\/\",\"url\":\"https:\\\/\\\/visionarymarketing.com\\\/fr\\\/2010\\\/03\\\/09\\\/cegos-media-aces\\\/\",\"name\":\"Blogs d'Entreprise: Media Aces accueillera CEGOS\",\"isPartOf\":{\"@id\":\"https:\\\/\\\/visionarymarketing.com\\\/fr\\\/#website\"},\"primaryImageOfPage\":{\"@id\":\"https:\\\/\\\/visionarymarketing.com\\\/fr\\\/2010\\\/03\\\/09\\\/cegos-media-aces\\\/#primaryimage\"},\"image\":{\"@id\":\"https:\\\/\\\/visionarymarketing.com\\\/fr\\\/2010\\\/03\\\/09\\\/cegos-media-aces\\\/#primaryimage\"},\"thumbnailUrl\":\"https:\\\/\\\/visionarymarketing.com\\\/wp-content\\\/uploads\\\/2019\\\/10\\\/29059855197_4bd2c59b8a_c-e1570089150257.jpg\",\"datePublished\":\"2010-03-09T13:27:48+00:00\",\"dateModified\":\"2021-03-05T20:35:40+00:00\",\"author\":{\"@id\":\"https:\\\/\\\/visionarymarketing.com\\\/fr\\\/#\\\/schema\\\/person\\\/3754fee1e558f47b8deb46f53c37423e\"},\"description\":\"Cegos et Media Aces avec l'intervention de Philippe G\u00e9rard qui pr\u00e9sentera son projet de blog d'entreprise pour positionner le cabinet\",\"breadcrumb\":{\"@id\":\"https:\\\/\\\/visionarymarketing.com\\\/fr\\\/2010\\\/03\\\/09\\\/cegos-media-aces\\\/#breadcrumb\"},\"inLanguage\":\"fr-FR\",\"potentialAction\":[{\"@type\":\"ReadAction\",\"target\":[\"https:\\\/\\\/visionarymarketing.com\\\/fr\\\/2010\\\/03\\\/09\\\/cegos-media-aces\\\/\"]}]},{\"@type\":\"ImageObject\",\"inLanguage\":\"fr-FR\",\"@id\":\"https:\\\/\\\/visionarymarketing.com\\\/fr\\\/2010\\\/03\\\/09\\\/cegos-media-aces\\\/#primaryimage\",\"url\":\"https:\\\/\\\/visionarymarketing.com\\\/wp-content\\\/uploads\\\/2019\\\/10\\\/29059855197_4bd2c59b8a_c-e1570089150257.jpg\",\"contentUrl\":\"https:\\\/\\\/visionarymarketing.com\\\/wp-content\\\/uploads\\\/2019\\\/10\\\/29059855197_4bd2c59b8a_c-e1570089150257.jpg\",\"width\":750,\"height\":476,\"caption\":\"Photos for blogs by Yann Gourvennec\"},{\"@type\":\"BreadcrumbList\",\"@id\":\"https:\\\/\\\/visionarymarketing.com\\\/fr\\\/2010\\\/03\\\/09\\\/cegos-media-aces\\\/#breadcrumb\",\"itemListElement\":[{\"@type\":\"ListItem\",\"position\":1,\"name\":\"Home\",\"item\":\"https:\\\/\\\/visionarymarketing.com\\\/fr\\\/\"},{\"@type\":\"ListItem\",\"position\":2,\"name\":\"Blogs d&rsquo;Entreprise: Media Aces accueillera CEGOS\"}]},{\"@type\":\"WebSite\",\"@id\":\"https:\\\/\\\/visionarymarketing.com\\\/fr\\\/#website\",\"url\":\"https:\\\/\\\/visionarymarketing.com\\\/fr\\\/\",\"name\":\"Marketing and Innovation\",\"description\":\"Site d&#039;infos ind\u00e9pendant, depuis 1996\",\"potentialAction\":[{\"@type\":\"SearchAction\",\"target\":{\"@type\":\"EntryPoint\",\"urlTemplate\":\"https:\\\/\\\/visionarymarketing.com\\\/fr\\\/?s={search_term_string}\"},\"query-input\":{\"@type\":\"PropertyValueSpecification\",\"valueRequired\":true,\"valueName\":\"search_term_string\"}}],\"inLanguage\":\"fr-FR\"},{\"@type\":\"Person\",\"@id\":\"https:\\\/\\\/visionarymarketing.com\\\/fr\\\/#\\\/schema\\\/person\\\/3754fee1e558f47b8deb46f53c37423e\",\"name\":\"Yann Gourvennec\",\"image\":{\"@type\":\"ImageObject\",\"inLanguage\":\"fr-FR\",\"@id\":\"https:\\\/\\\/secure.gravatar.com\\\/avatar\\\/5972001801e8de5692a3e31224e85769f50a55fb8b679749f9c8d1868cceff14?s=96&d=initials&r=g&initials=yg\",\"url\":\"https:\\\/\\\/secure.gravatar.com\\\/avatar\\\/5972001801e8de5692a3e31224e85769f50a55fb8b679749f9c8d1868cceff14?s=96&d=initials&r=g&initials=yg\",\"contentUrl\":\"https:\\\/\\\/secure.gravatar.com\\\/avatar\\\/5972001801e8de5692a3e31224e85769f50a55fb8b679749f9c8d1868cceff14?s=96&d=initials&r=g&initials=yg\",\"caption\":\"Yann Gourvennec\"},\"description\":\"Yann Gourvennec created visionarymarketing.com in 1996. He is a speaker and author of many books. In 2014 he went from intrapreneur to entrepreneur, when he created his digital marketing agency. Yann Gourvennec a cr\u00e9\u00e9 visionarymarketing.com en 1996. Il est conf\u00e9rencier et auteur de plusieurs livres. En 2014, il est pass\u00e9 d'intrapreneur \u00e0 entrepreneur en cr\u00e9ant son agence de marketing num\u00e9rique.\",\"sameAs\":[\"https:\\\/\\\/visionarymarketing.com\",\"http:\\\/\\\/facebook.com\\\/ygourven\",\"http:\\\/\\\/linkedin.com\\\/in\\\/ygourven\",\"https:\\\/\\\/x.com\\\/ygourven\",\"https:\\\/\\\/www.youtube.com\\\/c\\\/visionarymarketingagency\"],\"url\":\"https:\\\/\\\/visionarymarketing.com\\\/fr\\\/author\\\/yann-gourvennec\\\/\"}]}<\/script>\n<!-- \/ Yoast SEO plugin. -->","yoast_head_json":{"title":"Blogs d'Entreprise: Media Aces accueillera CEGOS","description":"Cegos et Media Aces avec l'intervention de Philippe G\u00e9rard qui pr\u00e9sentera son projet de blog d'entreprise pour positionner le cabinet","robots":{"index":"noindex","follow":"follow"},"og_locale":"fr_FR","og_type":"article","og_title":"Blogs d'Entreprise: Media Aces accueillera CEGOS","og_description":"Cegos et Media Aces avec l'intervention de Philippe G\u00e9rard qui pr\u00e9sentera son projet de blog d'entreprise pour positionner le cabinet","og_url":"https:\/\/visionarymarketing.com\/fr\/2010\/03\/09\/cegos-media-aces\/","og_site_name":"Marketing and Innovation","article_publisher":"https:\/\/www.facebook.com\/vismktg","article_author":"http:\/\/facebook.com\/ygourven","article_published_time":"2010-03-09T13:27:48+00:00","article_modified_time":"2021-03-05T20:35:40+00:00","og_image":[{"width":519,"height":340,"url":"https:\/\/visionarymarketing.com\/wp-content\/uploads\/2019\/10\/29059855197_4bd2c59b8a_c-e1570089150257.jpg","type":"image\/jpeg"}],"author":"Yann Gourvennec","twitter_card":"summary_large_image","twitter_creator":"@ygourven","twitter_site":"@ygourven","twitter_misc":{"\u00c9crit par":"Yann Gourvennec"},"schema":{"@context":"https:\/\/schema.org","@graph":[{"@type":"NewsArticle","@id":"https:\/\/visionarymarketing.com\/fr\/2010\/03\/09\/cegos-media-aces\/#article","isPartOf":{"@id":"https:\/\/visionarymarketing.com\/fr\/2010\/03\/09\/cegos-media-aces\/"},"author":{"name":"Yann Gourvennec","@id":"https:\/\/visionarymarketing.com\/fr\/#\/schema\/person\/3754fee1e558f47b8deb46f53c37423e"},"headline":"Blogs d&rsquo;Entreprise: Media Aces accueillera CEGOS","datePublished":"2010-03-09T13:27:48+00:00","dateModified":"2021-03-05T20:35:40+00:00","mainEntityOfPage":{"@id":"https:\/\/visionarymarketing.com\/fr\/2010\/03\/09\/cegos-media-aces\/"},"wordCount":104,"commentCount":0,"image":{"@id":"https:\/\/visionarymarketing.com\/fr\/2010\/03\/09\/cegos-media-aces\/#primaryimage"},"thumbnailUrl":"https:\/\/visionarymarketing.com\/wp-content\/uploads\/2019\/10\/29059855197_4bd2c59b8a_c-e1570089150257.jpg","articleSection":["m\u00e9dias \/ r\u00e9seaux sociaux"],"inLanguage":"fr-FR","potentialAction":[{"@type":"CommentAction","name":"Comment","target":["https:\/\/visionarymarketing.com\/fr\/2010\/03\/09\/cegos-media-aces\/#respond"]}]},{"@type":"WebPage","@id":"https:\/\/visionarymarketing.com\/fr\/2010\/03\/09\/cegos-media-aces\/","url":"https:\/\/visionarymarketing.com\/fr\/2010\/03\/09\/cegos-media-aces\/","name":"Blogs d'Entreprise: Media Aces accueillera CEGOS","isPartOf":{"@id":"https:\/\/visionarymarketing.com\/fr\/#website"},"primaryImageOfPage":{"@id":"https:\/\/visionarymarketing.com\/fr\/2010\/03\/09\/cegos-media-aces\/#primaryimage"},"image":{"@id":"https:\/\/visionarymarketing.com\/fr\/2010\/03\/09\/cegos-media-aces\/#primaryimage"},"thumbnailUrl":"https:\/\/visionarymarketing.com\/wp-content\/uploads\/2019\/10\/29059855197_4bd2c59b8a_c-e1570089150257.jpg","datePublished":"2010-03-09T13:27:48+00:00","dateModified":"2021-03-05T20:35:40+00:00","author":{"@id":"https:\/\/visionarymarketing.com\/fr\/#\/schema\/person\/3754fee1e558f47b8deb46f53c37423e"},"description":"Cegos et Media Aces avec l'intervention de Philippe G\u00e9rard qui pr\u00e9sentera son projet de blog d'entreprise pour positionner le cabinet","breadcrumb":{"@id":"https:\/\/visionarymarketing.com\/fr\/2010\/03\/09\/cegos-media-aces\/#breadcrumb"},"inLanguage":"fr-FR","potentialAction":[{"@type":"ReadAction","target":["https:\/\/visionarymarketing.com\/fr\/2010\/03\/09\/cegos-media-aces\/"]}]},{"@type":"ImageObject","inLanguage":"fr-FR","@id":"https:\/\/visionarymarketing.com\/fr\/2010\/03\/09\/cegos-media-aces\/#primaryimage","url":"https:\/\/visionarymarketing.com\/wp-content\/uploads\/2019\/10\/29059855197_4bd2c59b8a_c-e1570089150257.jpg","contentUrl":"https:\/\/visionarymarketing.com\/wp-content\/uploads\/2019\/10\/29059855197_4bd2c59b8a_c-e1570089150257.jpg","width":750,"height":476,"caption":"Photos for blogs by Yann Gourvennec"},{"@type":"BreadcrumbList","@id":"https:\/\/visionarymarketing.com\/fr\/2010\/03\/09\/cegos-media-aces\/#breadcrumb","itemListElement":[{"@type":"ListItem","position":1,"name":"Home","item":"https:\/\/visionarymarketing.com\/fr\/"},{"@type":"ListItem","position":2,"name":"Blogs d&rsquo;Entreprise: Media Aces accueillera CEGOS"}]},{"@type":"WebSite","@id":"https:\/\/visionarymarketing.com\/fr\/#website","url":"https:\/\/visionarymarketing.com\/fr\/","name":"Marketing and Innovation","description":"Site d&#039;infos ind\u00e9pendant, depuis 1996","potentialAction":[{"@type":"SearchAction","target":{"@type":"EntryPoint","urlTemplate":"https:\/\/visionarymarketing.com\/fr\/?s={search_term_string}"},"query-input":{"@type":"PropertyValueSpecification","valueRequired":true,"valueName":"search_term_string"}}],"inLanguage":"fr-FR"},{"@type":"Person","@id":"https:\/\/visionarymarketing.com\/fr\/#\/schema\/person\/3754fee1e558f47b8deb46f53c37423e","name":"Yann Gourvennec","image":{"@type":"ImageObject","inLanguage":"fr-FR","@id":"https:\/\/secure.gravatar.com\/avatar\/5972001801e8de5692a3e31224e85769f50a55fb8b679749f9c8d1868cceff14?s=96&d=initials&r=g&initials=yg","url":"https:\/\/secure.gravatar.com\/avatar\/5972001801e8de5692a3e31224e85769f50a55fb8b679749f9c8d1868cceff14?s=96&d=initials&r=g&initials=yg","contentUrl":"https:\/\/secure.gravatar.com\/avatar\/5972001801e8de5692a3e31224e85769f50a55fb8b679749f9c8d1868cceff14?s=96&d=initials&r=g&initials=yg","caption":"Yann Gourvennec"},"description":"Yann Gourvennec created visionarymarketing.com in 1996. He is a speaker and author of many books. In 2014 he went from intrapreneur to entrepreneur, when he created his digital marketing agency. Yann Gourvennec a cr\u00e9\u00e9 visionarymarketing.com en 1996. Il est conf\u00e9rencier et auteur de plusieurs livres. En 2014, il est pass\u00e9 d'intrapreneur \u00e0 entrepreneur en cr\u00e9ant son agence de marketing num\u00e9rique.","sameAs":["https:\/\/visionarymarketing.com","http:\/\/facebook.com\/ygourven","http:\/\/linkedin.com\/in\/ygourven","https:\/\/x.com\/ygourven","https:\/\/www.youtube.com\/c\/visionarymarketingagency"],"url":"https:\/\/visionarymarketing.com\/fr\/author\/yann-gourvennec\/"}]}},"_links":{"self":[{"href":"https:\/\/visionarymarketing.com\/fr\/wp-json\/wp\/v2\/posts\/2462","targetHints":{"allow":["GET"]}}],"collection":[{"href":"https:\/\/visionarymarketing.com\/fr\/wp-json\/wp\/v2\/posts"}],"about":[{"href":"https:\/\/visionarymarketing.com\/fr\/wp-json\/wp\/v2\/types\/post"}],"author":[{"embeddable":true,"href":"https:\/\/visionarymarketing.com\/fr\/wp-json\/wp\/v2\/users\/2"}],"replies":[{"embeddable":true,"href":"https:\/\/visionarymarketing.com\/fr\/wp-json\/wp\/v2\/comments?post=2462"}],"version-history":[{"count":0,"href":"https:\/\/visionarymarketing.com\/fr\/wp-json\/wp\/v2\/posts\/2462\/revisions"}],"wp:featuredmedia":[{"embeddable":true,"href":"https:\/\/visionarymarketing.com\/fr\/wp-json\/wp\/v2\/media\/33742"}],"wp:attachment":[{"href":"https:\/\/visionarymarketing.com\/fr\/wp-json\/wp\/v2\/media?parent=2462"}],"wp:term":[{"taxonomy":"category","embeddable":true,"href":"https:\/\/visionarymarketing.com\/fr\/wp-json\/wp\/v2\/categories?post=2462"},{"taxonomy":"post_tag","embeddable":true,"href":"https:\/\/visionarymarketing.com\/fr\/wp-json\/wp\/v2\/tags?post=2462"}],"curies":[{"name":"wp","href":"https:\/\/api.w.org\/{rel}","templated":true}]}}