{"id":2359,"date":"2010-02-15T14:51:18","date_gmt":"2010-02-15T14:51:18","guid":{"rendered":"http:\/\/visionary.wordpress.com\/?p=2359"},"modified":"2022-03-12T11:49:59","modified_gmt":"2022-03-12T10:49:59","slug":"media-aces-du-16032010-tout-ce-quil-faut-savoir-sur-les-entreprises-et-les-medias-sociaux","status":"publish","type":"post","link":"https:\/\/visionarymarketing.com\/fr\/2010\/02\/15\/media-aces-du-16032010-tout-ce-quil-faut-savoir-sur-les-entreprises-et-les-medias-sociaux\/","title":{"rendered":"Media Aces : tout ce qu&rsquo;il faut savoir sur les entreprises et les m\u00e9dias sociaux"},"content":{"rendered":"<p style=\"text-align: justify;\"><a href=\"https:\/\/visionarymarketing.com\/wp-content\/uploads\/2009\/07\/logo-media-aces1.jpg\"><img decoding=\"async\" class=\"alignleft size-thumbnail wp-image-1868\" title=\"logo-media-aces\" src=\"https:\/\/visionarymarketing.com\/wp-content\/uploads\/2009\/07\/logo-media-aces1.jpg?w=150\" alt=\"\" width=\"150\" height=\"37\" srcset=\"https:\/\/visionarymarketing.com\/wp-content\/uploads\/2009\/07\/logo-media-aces1.jpg 400w, https:\/\/visionarymarketing.com\/wp-content\/uploads\/2009\/07\/logo-media-aces1-300x75.jpg 300w\" sizes=\"(max-width: 150px) 100vw, 150px\" \/><\/a>je reprends le texte de mon ami Herv\u00e9 Kabla, co-fondateur avec moi de l&rsquo;association Media Aces, l&rsquo;association fran\u00e7aise des entreprises qui utilisent &#8211; avec d\u00e9ontologie s&rsquo;entend &#8211; les m\u00e9dias sociaux. Media Aces est l&rsquo;endroit privil\u00e9gi\u00e9 o\u00f9 on peut prendre le pouls des entreprises (beaucoup de grands comptes, quelques PME) qui utilisent les m\u00e9dias sociaux en interne et en externe. Lors de notre premi\u00e8re assembl\u00e9e g\u00e9n\u00e9rale publique, le 14 d\u00e9cembre, Soci\u00e9t\u00e9 G\u00e9n\u00e9rale, Ericsson France et le Mus\u00e9e de l&rsquo;informatique s&rsquo;\u00e9taient exprim\u00e9s dans des pr\u00e9sentations fort int\u00e9ressantes et salu\u00e9es unanimement par les participants comme \u00e9tant 100% sans langue de bois. Toutes les minutes mais aussi les vid\u00e9os des pr\u00e9sentations sont en ligne sur <a title=\"Media Aces - Association Fran\u00e7aise des entreprises utilisant les m\u00e9dias sociaux\" href=\"https:\/\/web.archive.org\/web\/20120919101829\/http:\/\/france.media-aces.org\/\" target=\"_blank\" rel=\"noopener noreferrer\">http:\/\/france.media-aces.org<\/a>.<\/p>\n<p><img decoding=\"async\" class=\"size-full wp-image-54962 aligncenter\" src=\"https:\/\/visionarymarketing.com\/wp-content\/uploads\/2010\/02\/4186204762_eddb8c46cf.jpg\" alt=\"Media Aces du 16\/03\/2010 : tout ce qu'il faut savoir sur les entreprises et les m\u00e9dias sociaux\" width=\"499\" height=\"334\" srcset=\"https:\/\/visionarymarketing.com\/wp-content\/uploads\/2010\/02\/4186204762_eddb8c46cf.jpg 499w, https:\/\/visionarymarketing.com\/wp-content\/uploads\/2010\/02\/4186204762_eddb8c46cf-448x300.jpg 448w\" sizes=\"(max-width: 499px) 100vw, 499px\" \/><\/p>\n<p style=\"text-align: justify;\"><!--more--><\/p>\n<figure style=\"width: 145px\" class=\"wp-caption alignleft\"><img decoding=\"async\" class=\"size-thumbnail wp-image-2329 \" title=\"rejoindre l'association\" src=\"https:\/\/visionarymarketing.com\/wp-content\/uploads\/2010\/02\/rejoindre-lassociation.gif?w=145\" alt=\"rejoindre l'association\" width=\"145\" height=\"150\" \/><figcaption class=\"wp-caption-text\">inscrivez vous<\/figcaption><\/figure>\n<p style=\"text-align: justify;\">Cette fois ci, le 16 mars 2010 (une petite coquetterie car les r\u00e9unions media-aces sont toujours organis\u00e9es le 3\u00e8me mardi du 3\u00e8me mois de chaque trimestre, pour faire 333, ce qui est toujours mieux que 666 !), nous passons \u00e0 la vitesse sup\u00e9rieure : pr\u00e9sentations en parall\u00e8le dans 2 salles diff\u00e9rentes, et des pr\u00e9sentateurs repr\u00e9sentant des entreprises prestigieuses : SNCF, Veolia, MMA, Generali, Cegos et le petit poucet de l&rsquo;\u00e9quipe : HighCo Data, le sp\u00e9cialiste du coupon \u00e9lectronique. Bref, un \u00e9v\u00e9nement \u00e0 ne pas rater. Inscrivez vous \u00e0 <span class=\"removed_link\" title=\"http:\/\/bit.ly\/aces160310\">http:\/\/bit.ly\/aces160310<\/span> faites passer l&rsquo;info !<\/p>\n<p>Apr\u00e8s le succ\u00e8s de la <strong><a href=\"https:\/\/web.archive.org\/web\/20121023135241\/http:\/\/france.media-aces.org\/2009\/11\/05\/media-aces-conference-2009-comment-les-entreprises-utilisent-elles-les-medias-sociaux\/\">premi\u00e8re conf\u00e9rence Media Aces organis\u00e9e en d\u00e9cembre 2009<\/a><\/strong>, Yann et moi sommes heureux de vous inviter \u00e0 <strong><span class=\"removed_link\" title=\"http:\/\/media-aces-conf-mars-2010.evenium.com\">la conf\u00e9rence Media Aces &#8211; mars 2010<\/span><\/strong>, qui se d\u00e9roulera le <strong><span class=\"removed_link\" title=\"http:\/\/media-aces-conf-mars-2010.evenium.com\">mardi 16 mars prochain<\/span><\/strong>, de 14h \u00e0 17h \u00e0 la <strong><a href=\"http:\/\/www.grandearche.com\/\" target=\"_blank\" rel=\"noopener noreferrer\">Grande Arche de la D\u00e9fense<\/a><\/strong> (acc\u00e8s RER, M\u00e9tro ligne 1, Parking central ou D\u00e9fense 7).<\/p>\n<p>Comme lors de la pr\u00e9c\u00e9dente \u00e9dition, vous aurez l&rsquo;occasion d&rsquo;y d\u00e9couvrir comment des entreprises, petites ou grandes, utilisent les m\u00e9dias sociaux dans le cadre leur activit\u00e9 professionnelle.<\/p>\n<p>Cette conf\u00e9rence aura lieu le 16 mars 2010, de 14h \u00e0 17h, sous le Toit de la Grande Arche. L&rsquo;inscription est <a href=\"https:\/\/web.archive.org\/web\/20121014083604\/http:\/\/france.media-aces.org\/2009\/10\/08\/entreprises-rejoignez-media-aces\/\" target=\"_blank\" rel=\"noopener noreferrer\">gratuite pour les membres de l&rsquo;association<\/a>, et d&rsquo;un co\u00fbt mod\u00e9r\u00e9 pour celles et ceux qui ne souhaitent pas encore rejoindre l&rsquo;association, mais souhaiteraient \u00e9couter les intervenants pr\u00e9vus.<\/p>\n<p>Petite innovation par rapport \u00e0 l&rsquo;\u00e9dition pr\u00e9c\u00e9dente, pour offrir un plus large \u00e9ventail de t\u00e9moignages, cet \u00e9v\u00e9nement se d\u00e9roulera sur deux salles en parall\u00e8le, et vous devrez indiquer, lors de votre inscription, dans quelle salle vous souhaitez \u00e9couter nos intervenants.<\/p>\n<p>Pour cette \u00e9dition, nous aurons le plaisir de vous pr\u00e9senter les t\u00e9moignages exclusifs de:<\/p>\n<p><strong>SALLE 1<\/strong><\/p>\n<ul>\n<li><strong>Paul SITBON<\/strong>, Convergence SI et Web, <strong>VEOLIA <\/strong><\/li>\n<li><strong>Carole BABIN-CHEVAYE<\/strong>, Responsable communication num\u00e9rique,\u00a0<strong>GENERALI <\/strong><\/li>\n<li><strong>Philippe GERARD<\/strong>, Consultant en communication, <strong>CEGOS <\/strong><\/li>\n<\/ul>\n<p><strong>SALLE 2<\/strong><\/p>\n<ul>\n<li><strong>Thierry CRAHES<\/strong>, Directeur de la distribution multicanal, <strong>MMA <\/strong><\/li>\n<li><strong>R\u00e9gine COMBREMONT<\/strong>, Directrice du d\u00e9partement strat\u00e9gie Digitale, <strong>SNCF <\/strong><\/li>\n<li><strong>Olivier HUBLAU<\/strong>, Directeur G\u00e9n\u00e9ral , <strong>HighCo DATA<\/strong><\/li>\n<\/ul>\n<p>Enfin, <strong>C\u00e9dric DENIAUD<\/strong>, conseiller en strat\u00e9gie internet et auteur de <a href=\"http:\/\/www.mediassociaux.com\" target=\"_blank\" rel=\"noopener noreferrer\">MediasSociaux.com<\/a> viendra pr\u00e9senter sa vision des m\u00e9dias sociaux pour l&rsquo;entreprise.<\/p>\n<p>Nous vous attendons nombreux, <span class=\"removed_link\" title=\"http:\/\/media-aces-conf-mars-2010.evenium.com\/\"><strong>inscrivez-vous d\u00e8s aujourd&rsquo;hui<\/strong><\/span>, vous b\u00e9n\u00e9ficierez de 60% de r\u00e9duction si vous vous inscrivez avant le 28 f\u00e9vrier! (Tarif: 5\u20ac pour les \u00e9tudiants, 10\u20ac jusqu&rsquo;au 28 f\u00e9vrier, 25\u20ac ensuite)<\/p>\n<p style=\"text-align: center;\">\n","protected":false},"excerpt":{"rendered":"<p>je reprends le texte de mon ami Herv\u00e9 Kabla, co-fondateur avec moi de l&rsquo;association Media Aces, l&rsquo;association fran\u00e7aise des entreprises qui utilisent &#8211; avec d\u00e9ontologie s&rsquo;entend &#8211; les m\u00e9dias sociaux. Media Aces est l&rsquo;endroit privil\u00e9gi\u00e9 o\u00f9 on peut prendre le pouls des entreprises (beaucoup de grands comptes, quelques PME) qui utilisent les m\u00e9dias sociaux en &hellip;<\/p>\n","protected":false},"author":2,"featured_media":54962,"comment_status":"open","ping_status":"open","sticky":false,"template":"","format":"standard","meta":{"footnotes":""},"categories":[25],"tags":[],"class_list":["post-2359","post","type-post","status-publish","format-standard","has-post-thumbnail","hentry","category-medias-sociaux"],"yoast_head":"<!-- This site is optimized with the Yoast SEO plugin v27.4 - https:\/\/yoast.com\/product\/yoast-seo-wordpress\/ -->\n<title>Media Aces : tout ce qu&#039;il faut savoir sur les entreprises et les m\u00e9dias sociaux<\/title>\n<meta name=\"description\" content=\"je reprends le texte de mon ami Herv\u00e9 Kabla, co-fondateur avec moi de l&#039;association Media Aces, l&#039;association fran\u00e7aise des entreprises qui utilisent -\" \/>\n<meta name=\"robots\" content=\"index, follow, max-snippet:-1, max-image-preview:large, max-video-preview:-1\" \/>\n<link rel=\"canonical\" href=\"https:\/\/visionarymarketing.com\/fr\/2010\/02\/15\/media-aces-du-16032010-tout-ce-quil-faut-savoir-sur-les-entreprises-et-les-medias-sociaux\/\" \/>\n<meta property=\"og:locale\" content=\"fr_FR\" \/>\n<meta property=\"og:type\" content=\"article\" \/>\n<meta property=\"og:title\" content=\"Media Aces : tout ce qu&#039;il faut savoir sur les entreprises et les m\u00e9dias sociaux\" \/>\n<meta property=\"og:description\" content=\"je reprends le texte de mon ami Herv\u00e9 Kabla, co-fondateur avec moi de l&#039;association Media Aces, l&#039;association fran\u00e7aise des entreprises qui utilisent -\" \/>\n<meta property=\"og:url\" content=\"https:\/\/visionarymarketing.com\/fr\/2010\/02\/15\/media-aces-du-16032010-tout-ce-quil-faut-savoir-sur-les-entreprises-et-les-medias-sociaux\/\" \/>\n<meta property=\"og:site_name\" content=\"Marketing and Innovation\" \/>\n<meta property=\"article:publisher\" content=\"https:\/\/www.facebook.com\/vismktg\" \/>\n<meta property=\"article:author\" content=\"http:\/\/facebook.com\/ygourven\" \/>\n<meta property=\"article:published_time\" content=\"2010-02-15T14:51:18+00:00\" \/>\n<meta property=\"article:modified_time\" content=\"2022-03-12T10:49:59+00:00\" \/>\n<meta property=\"og:image\" content=\"https:\/\/visionarymarketing.com\/wp-content\/uploads\/2010\/02\/4186204762_eddb8c46cf.jpg\" \/>\n\t<meta property=\"og:image:width\" content=\"499\" \/>\n\t<meta property=\"og:image:height\" content=\"334\" \/>\n\t<meta property=\"og:image:type\" content=\"image\/jpeg\" \/>\n<meta name=\"author\" content=\"Yann Gourvennec\" \/>\n<meta name=\"twitter:card\" content=\"summary_large_image\" \/>\n<meta name=\"twitter:creator\" content=\"@ygourven\" \/>\n<meta name=\"twitter:site\" content=\"@ygourven\" \/>\n<meta name=\"twitter:label1\" content=\"\u00c9crit par\" \/>\n\t<meta name=\"twitter:data1\" content=\"Yann Gourvennec\" \/>\n\t<meta name=\"twitter:label2\" content=\"Dur\u00e9e de lecture estim\u00e9e\" \/>\n\t<meta name=\"twitter:data2\" content=\"3 minutes\" \/>\n<script type=\"application\/ld+json\" class=\"yoast-schema-graph\">{\"@context\":\"https:\\\/\\\/schema.org\",\"@graph\":[{\"@type\":\"NewsArticle\",\"@id\":\"https:\\\/\\\/visionarymarketing.com\\\/fr\\\/2010\\\/02\\\/15\\\/media-aces-du-16032010-tout-ce-quil-faut-savoir-sur-les-entreprises-et-les-medias-sociaux\\\/#article\",\"isPartOf\":{\"@id\":\"https:\\\/\\\/visionarymarketing.com\\\/fr\\\/2010\\\/02\\\/15\\\/media-aces-du-16032010-tout-ce-quil-faut-savoir-sur-les-entreprises-et-les-medias-sociaux\\\/\"},\"author\":{\"name\":\"Yann Gourvennec\",\"@id\":\"https:\\\/\\\/visionarymarketing.com\\\/fr\\\/#\\\/schema\\\/person\\\/3754fee1e558f47b8deb46f53c37423e\"},\"headline\":\"Media Aces : tout ce qu&rsquo;il faut savoir sur les entreprises et les m\u00e9dias sociaux\",\"datePublished\":\"2010-02-15T14:51:18+00:00\",\"dateModified\":\"2022-03-12T10:49:59+00:00\",\"mainEntityOfPage\":{\"@id\":\"https:\\\/\\\/visionarymarketing.com\\\/fr\\\/2010\\\/02\\\/15\\\/media-aces-du-16032010-tout-ce-quil-faut-savoir-sur-les-entreprises-et-les-medias-sociaux\\\/\"},\"wordCount\":577,\"commentCount\":0,\"image\":{\"@id\":\"https:\\\/\\\/visionarymarketing.com\\\/fr\\\/2010\\\/02\\\/15\\\/media-aces-du-16032010-tout-ce-quil-faut-savoir-sur-les-entreprises-et-les-medias-sociaux\\\/#primaryimage\"},\"thumbnailUrl\":\"https:\\\/\\\/visionarymarketing.com\\\/wp-content\\\/uploads\\\/2010\\\/02\\\/4186204762_eddb8c46cf.jpg\",\"articleSection\":[\"m\u00e9dias \\\/ r\u00e9seaux sociaux\"],\"inLanguage\":\"fr-FR\",\"potentialAction\":[{\"@type\":\"CommentAction\",\"name\":\"Comment\",\"target\":[\"https:\\\/\\\/visionarymarketing.com\\\/fr\\\/2010\\\/02\\\/15\\\/media-aces-du-16032010-tout-ce-quil-faut-savoir-sur-les-entreprises-et-les-medias-sociaux\\\/#respond\"]}]},{\"@type\":\"WebPage\",\"@id\":\"https:\\\/\\\/visionarymarketing.com\\\/fr\\\/2010\\\/02\\\/15\\\/media-aces-du-16032010-tout-ce-quil-faut-savoir-sur-les-entreprises-et-les-medias-sociaux\\\/\",\"url\":\"https:\\\/\\\/visionarymarketing.com\\\/fr\\\/2010\\\/02\\\/15\\\/media-aces-du-16032010-tout-ce-quil-faut-savoir-sur-les-entreprises-et-les-medias-sociaux\\\/\",\"name\":\"Media Aces : tout ce qu'il faut savoir sur les entreprises et les m\u00e9dias sociaux\",\"isPartOf\":{\"@id\":\"https:\\\/\\\/visionarymarketing.com\\\/fr\\\/#website\"},\"primaryImageOfPage\":{\"@id\":\"https:\\\/\\\/visionarymarketing.com\\\/fr\\\/2010\\\/02\\\/15\\\/media-aces-du-16032010-tout-ce-quil-faut-savoir-sur-les-entreprises-et-les-medias-sociaux\\\/#primaryimage\"},\"image\":{\"@id\":\"https:\\\/\\\/visionarymarketing.com\\\/fr\\\/2010\\\/02\\\/15\\\/media-aces-du-16032010-tout-ce-quil-faut-savoir-sur-les-entreprises-et-les-medias-sociaux\\\/#primaryimage\"},\"thumbnailUrl\":\"https:\\\/\\\/visionarymarketing.com\\\/wp-content\\\/uploads\\\/2010\\\/02\\\/4186204762_eddb8c46cf.jpg\",\"datePublished\":\"2010-02-15T14:51:18+00:00\",\"dateModified\":\"2022-03-12T10:49:59+00:00\",\"author\":{\"@id\":\"https:\\\/\\\/visionarymarketing.com\\\/fr\\\/#\\\/schema\\\/person\\\/3754fee1e558f47b8deb46f53c37423e\"},\"description\":\"je reprends le texte de mon ami Herv\u00e9 Kabla, co-fondateur avec moi de l'association Media Aces, l'association fran\u00e7aise des entreprises qui utilisent -\",\"breadcrumb\":{\"@id\":\"https:\\\/\\\/visionarymarketing.com\\\/fr\\\/2010\\\/02\\\/15\\\/media-aces-du-16032010-tout-ce-quil-faut-savoir-sur-les-entreprises-et-les-medias-sociaux\\\/#breadcrumb\"},\"inLanguage\":\"fr-FR\",\"potentialAction\":[{\"@type\":\"ReadAction\",\"target\":[\"https:\\\/\\\/visionarymarketing.com\\\/fr\\\/2010\\\/02\\\/15\\\/media-aces-du-16032010-tout-ce-quil-faut-savoir-sur-les-entreprises-et-les-medias-sociaux\\\/\"]}]},{\"@type\":\"ImageObject\",\"inLanguage\":\"fr-FR\",\"@id\":\"https:\\\/\\\/visionarymarketing.com\\\/fr\\\/2010\\\/02\\\/15\\\/media-aces-du-16032010-tout-ce-quil-faut-savoir-sur-les-entreprises-et-les-medias-sociaux\\\/#primaryimage\",\"url\":\"https:\\\/\\\/visionarymarketing.com\\\/wp-content\\\/uploads\\\/2010\\\/02\\\/4186204762_eddb8c46cf.jpg\",\"contentUrl\":\"https:\\\/\\\/visionarymarketing.com\\\/wp-content\\\/uploads\\\/2010\\\/02\\\/4186204762_eddb8c46cf.jpg\",\"width\":499,\"height\":334,\"caption\":\"Media Aces du 16\\\/03\\\/2010 : tout ce qu'il faut savoir sur les entreprises et les m\u00e9dias sociaux\"},{\"@type\":\"BreadcrumbList\",\"@id\":\"https:\\\/\\\/visionarymarketing.com\\\/fr\\\/2010\\\/02\\\/15\\\/media-aces-du-16032010-tout-ce-quil-faut-savoir-sur-les-entreprises-et-les-medias-sociaux\\\/#breadcrumb\",\"itemListElement\":[{\"@type\":\"ListItem\",\"position\":1,\"name\":\"Home\",\"item\":\"https:\\\/\\\/visionarymarketing.com\\\/fr\\\/\"},{\"@type\":\"ListItem\",\"position\":2,\"name\":\"Media Aces : tout ce qu&rsquo;il faut savoir sur les entreprises et les m\u00e9dias sociaux\"}]},{\"@type\":\"WebSite\",\"@id\":\"https:\\\/\\\/visionarymarketing.com\\\/fr\\\/#website\",\"url\":\"https:\\\/\\\/visionarymarketing.com\\\/fr\\\/\",\"name\":\"Marketing and Innovation\",\"description\":\"Site d&#039;infos ind\u00e9pendant, depuis 1996\",\"potentialAction\":[{\"@type\":\"SearchAction\",\"target\":{\"@type\":\"EntryPoint\",\"urlTemplate\":\"https:\\\/\\\/visionarymarketing.com\\\/fr\\\/?s={search_term_string}\"},\"query-input\":{\"@type\":\"PropertyValueSpecification\",\"valueRequired\":true,\"valueName\":\"search_term_string\"}}],\"inLanguage\":\"fr-FR\"},{\"@type\":\"Person\",\"@id\":\"https:\\\/\\\/visionarymarketing.com\\\/fr\\\/#\\\/schema\\\/person\\\/3754fee1e558f47b8deb46f53c37423e\",\"name\":\"Yann Gourvennec\",\"image\":{\"@type\":\"ImageObject\",\"inLanguage\":\"fr-FR\",\"@id\":\"https:\\\/\\\/secure.gravatar.com\\\/avatar\\\/5972001801e8de5692a3e31224e85769f50a55fb8b679749f9c8d1868cceff14?s=96&d=initials&r=g&initials=yg\",\"url\":\"https:\\\/\\\/secure.gravatar.com\\\/avatar\\\/5972001801e8de5692a3e31224e85769f50a55fb8b679749f9c8d1868cceff14?s=96&d=initials&r=g&initials=yg\",\"contentUrl\":\"https:\\\/\\\/secure.gravatar.com\\\/avatar\\\/5972001801e8de5692a3e31224e85769f50a55fb8b679749f9c8d1868cceff14?s=96&d=initials&r=g&initials=yg\",\"caption\":\"Yann Gourvennec\"},\"description\":\"Yann Gourvennec created visionarymarketing.com in 1996. He is a speaker and author of many books. In 2014 he went from intrapreneur to entrepreneur, when he created his digital marketing agency. Yann Gourvennec a cr\u00e9\u00e9 visionarymarketing.com en 1996. Il est conf\u00e9rencier et auteur de plusieurs livres. En 2014, il est pass\u00e9 d'intrapreneur \u00e0 entrepreneur en cr\u00e9ant son agence de marketing num\u00e9rique.\",\"sameAs\":[\"https:\\\/\\\/visionarymarketing.com\",\"http:\\\/\\\/facebook.com\\\/ygourven\",\"http:\\\/\\\/linkedin.com\\\/in\\\/ygourven\",\"https:\\\/\\\/x.com\\\/ygourven\",\"https:\\\/\\\/www.youtube.com\\\/c\\\/visionarymarketingagency\"],\"url\":\"https:\\\/\\\/visionarymarketing.com\\\/fr\\\/author\\\/yann-gourvennec\\\/\"}]}<\/script>\n<!-- \/ Yoast SEO plugin. -->","yoast_head_json":{"title":"Media Aces : tout ce qu'il faut savoir sur les entreprises et les m\u00e9dias sociaux","description":"je reprends le texte de mon ami Herv\u00e9 Kabla, co-fondateur avec moi de l'association Media Aces, l'association fran\u00e7aise des entreprises qui utilisent -","robots":{"index":"index","follow":"follow","max-snippet":"max-snippet:-1","max-image-preview":"max-image-preview:large","max-video-preview":"max-video-preview:-1"},"canonical":"https:\/\/visionarymarketing.com\/fr\/2010\/02\/15\/media-aces-du-16032010-tout-ce-quil-faut-savoir-sur-les-entreprises-et-les-medias-sociaux\/","og_locale":"fr_FR","og_type":"article","og_title":"Media Aces : tout ce qu'il faut savoir sur les entreprises et les m\u00e9dias sociaux","og_description":"je reprends le texte de mon ami Herv\u00e9 Kabla, co-fondateur avec moi de l'association Media Aces, l'association fran\u00e7aise des entreprises qui utilisent -","og_url":"https:\/\/visionarymarketing.com\/fr\/2010\/02\/15\/media-aces-du-16032010-tout-ce-quil-faut-savoir-sur-les-entreprises-et-les-medias-sociaux\/","og_site_name":"Marketing and Innovation","article_publisher":"https:\/\/www.facebook.com\/vismktg","article_author":"http:\/\/facebook.com\/ygourven","article_published_time":"2010-02-15T14:51:18+00:00","article_modified_time":"2022-03-12T10:49:59+00:00","og_image":[{"width":499,"height":334,"url":"https:\/\/visionarymarketing.com\/wp-content\/uploads\/2010\/02\/4186204762_eddb8c46cf.jpg","type":"image\/jpeg"}],"author":"Yann Gourvennec","twitter_card":"summary_large_image","twitter_creator":"@ygourven","twitter_site":"@ygourven","twitter_misc":{"\u00c9crit par":"Yann Gourvennec","Dur\u00e9e de lecture estim\u00e9e":"3 minutes"},"schema":{"@context":"https:\/\/schema.org","@graph":[{"@type":"NewsArticle","@id":"https:\/\/visionarymarketing.com\/fr\/2010\/02\/15\/media-aces-du-16032010-tout-ce-quil-faut-savoir-sur-les-entreprises-et-les-medias-sociaux\/#article","isPartOf":{"@id":"https:\/\/visionarymarketing.com\/fr\/2010\/02\/15\/media-aces-du-16032010-tout-ce-quil-faut-savoir-sur-les-entreprises-et-les-medias-sociaux\/"},"author":{"name":"Yann Gourvennec","@id":"https:\/\/visionarymarketing.com\/fr\/#\/schema\/person\/3754fee1e558f47b8deb46f53c37423e"},"headline":"Media Aces : tout ce qu&rsquo;il faut savoir sur les entreprises et les m\u00e9dias sociaux","datePublished":"2010-02-15T14:51:18+00:00","dateModified":"2022-03-12T10:49:59+00:00","mainEntityOfPage":{"@id":"https:\/\/visionarymarketing.com\/fr\/2010\/02\/15\/media-aces-du-16032010-tout-ce-quil-faut-savoir-sur-les-entreprises-et-les-medias-sociaux\/"},"wordCount":577,"commentCount":0,"image":{"@id":"https:\/\/visionarymarketing.com\/fr\/2010\/02\/15\/media-aces-du-16032010-tout-ce-quil-faut-savoir-sur-les-entreprises-et-les-medias-sociaux\/#primaryimage"},"thumbnailUrl":"https:\/\/visionarymarketing.com\/wp-content\/uploads\/2010\/02\/4186204762_eddb8c46cf.jpg","articleSection":["m\u00e9dias \/ r\u00e9seaux sociaux"],"inLanguage":"fr-FR","potentialAction":[{"@type":"CommentAction","name":"Comment","target":["https:\/\/visionarymarketing.com\/fr\/2010\/02\/15\/media-aces-du-16032010-tout-ce-quil-faut-savoir-sur-les-entreprises-et-les-medias-sociaux\/#respond"]}]},{"@type":"WebPage","@id":"https:\/\/visionarymarketing.com\/fr\/2010\/02\/15\/media-aces-du-16032010-tout-ce-quil-faut-savoir-sur-les-entreprises-et-les-medias-sociaux\/","url":"https:\/\/visionarymarketing.com\/fr\/2010\/02\/15\/media-aces-du-16032010-tout-ce-quil-faut-savoir-sur-les-entreprises-et-les-medias-sociaux\/","name":"Media Aces : tout ce qu'il faut savoir sur les entreprises et les m\u00e9dias sociaux","isPartOf":{"@id":"https:\/\/visionarymarketing.com\/fr\/#website"},"primaryImageOfPage":{"@id":"https:\/\/visionarymarketing.com\/fr\/2010\/02\/15\/media-aces-du-16032010-tout-ce-quil-faut-savoir-sur-les-entreprises-et-les-medias-sociaux\/#primaryimage"},"image":{"@id":"https:\/\/visionarymarketing.com\/fr\/2010\/02\/15\/media-aces-du-16032010-tout-ce-quil-faut-savoir-sur-les-entreprises-et-les-medias-sociaux\/#primaryimage"},"thumbnailUrl":"https:\/\/visionarymarketing.com\/wp-content\/uploads\/2010\/02\/4186204762_eddb8c46cf.jpg","datePublished":"2010-02-15T14:51:18+00:00","dateModified":"2022-03-12T10:49:59+00:00","author":{"@id":"https:\/\/visionarymarketing.com\/fr\/#\/schema\/person\/3754fee1e558f47b8deb46f53c37423e"},"description":"je reprends le texte de mon ami Herv\u00e9 Kabla, co-fondateur avec moi de l'association Media Aces, l'association fran\u00e7aise des entreprises qui utilisent -","breadcrumb":{"@id":"https:\/\/visionarymarketing.com\/fr\/2010\/02\/15\/media-aces-du-16032010-tout-ce-quil-faut-savoir-sur-les-entreprises-et-les-medias-sociaux\/#breadcrumb"},"inLanguage":"fr-FR","potentialAction":[{"@type":"ReadAction","target":["https:\/\/visionarymarketing.com\/fr\/2010\/02\/15\/media-aces-du-16032010-tout-ce-quil-faut-savoir-sur-les-entreprises-et-les-medias-sociaux\/"]}]},{"@type":"ImageObject","inLanguage":"fr-FR","@id":"https:\/\/visionarymarketing.com\/fr\/2010\/02\/15\/media-aces-du-16032010-tout-ce-quil-faut-savoir-sur-les-entreprises-et-les-medias-sociaux\/#primaryimage","url":"https:\/\/visionarymarketing.com\/wp-content\/uploads\/2010\/02\/4186204762_eddb8c46cf.jpg","contentUrl":"https:\/\/visionarymarketing.com\/wp-content\/uploads\/2010\/02\/4186204762_eddb8c46cf.jpg","width":499,"height":334,"caption":"Media Aces du 16\/03\/2010 : tout ce qu'il faut savoir sur les entreprises et les m\u00e9dias sociaux"},{"@type":"BreadcrumbList","@id":"https:\/\/visionarymarketing.com\/fr\/2010\/02\/15\/media-aces-du-16032010-tout-ce-quil-faut-savoir-sur-les-entreprises-et-les-medias-sociaux\/#breadcrumb","itemListElement":[{"@type":"ListItem","position":1,"name":"Home","item":"https:\/\/visionarymarketing.com\/fr\/"},{"@type":"ListItem","position":2,"name":"Media Aces : tout ce qu&rsquo;il faut savoir sur les entreprises et les m\u00e9dias sociaux"}]},{"@type":"WebSite","@id":"https:\/\/visionarymarketing.com\/fr\/#website","url":"https:\/\/visionarymarketing.com\/fr\/","name":"Marketing and Innovation","description":"Site d&#039;infos ind\u00e9pendant, depuis 1996","potentialAction":[{"@type":"SearchAction","target":{"@type":"EntryPoint","urlTemplate":"https:\/\/visionarymarketing.com\/fr\/?s={search_term_string}"},"query-input":{"@type":"PropertyValueSpecification","valueRequired":true,"valueName":"search_term_string"}}],"inLanguage":"fr-FR"},{"@type":"Person","@id":"https:\/\/visionarymarketing.com\/fr\/#\/schema\/person\/3754fee1e558f47b8deb46f53c37423e","name":"Yann Gourvennec","image":{"@type":"ImageObject","inLanguage":"fr-FR","@id":"https:\/\/secure.gravatar.com\/avatar\/5972001801e8de5692a3e31224e85769f50a55fb8b679749f9c8d1868cceff14?s=96&d=initials&r=g&initials=yg","url":"https:\/\/secure.gravatar.com\/avatar\/5972001801e8de5692a3e31224e85769f50a55fb8b679749f9c8d1868cceff14?s=96&d=initials&r=g&initials=yg","contentUrl":"https:\/\/secure.gravatar.com\/avatar\/5972001801e8de5692a3e31224e85769f50a55fb8b679749f9c8d1868cceff14?s=96&d=initials&r=g&initials=yg","caption":"Yann Gourvennec"},"description":"Yann Gourvennec created visionarymarketing.com in 1996. He is a speaker and author of many books. In 2014 he went from intrapreneur to entrepreneur, when he created his digital marketing agency. Yann Gourvennec a cr\u00e9\u00e9 visionarymarketing.com en 1996. Il est conf\u00e9rencier et auteur de plusieurs livres. En 2014, il est pass\u00e9 d'intrapreneur \u00e0 entrepreneur en cr\u00e9ant son agence de marketing num\u00e9rique.","sameAs":["https:\/\/visionarymarketing.com","http:\/\/facebook.com\/ygourven","http:\/\/linkedin.com\/in\/ygourven","https:\/\/x.com\/ygourven","https:\/\/www.youtube.com\/c\/visionarymarketingagency"],"url":"https:\/\/visionarymarketing.com\/fr\/author\/yann-gourvennec\/"}]}},"_links":{"self":[{"href":"https:\/\/visionarymarketing.com\/fr\/wp-json\/wp\/v2\/posts\/2359","targetHints":{"allow":["GET"]}}],"collection":[{"href":"https:\/\/visionarymarketing.com\/fr\/wp-json\/wp\/v2\/posts"}],"about":[{"href":"https:\/\/visionarymarketing.com\/fr\/wp-json\/wp\/v2\/types\/post"}],"author":[{"embeddable":true,"href":"https:\/\/visionarymarketing.com\/fr\/wp-json\/wp\/v2\/users\/2"}],"replies":[{"embeddable":true,"href":"https:\/\/visionarymarketing.com\/fr\/wp-json\/wp\/v2\/comments?post=2359"}],"version-history":[{"count":0,"href":"https:\/\/visionarymarketing.com\/fr\/wp-json\/wp\/v2\/posts\/2359\/revisions"}],"wp:featuredmedia":[{"embeddable":true,"href":"https:\/\/visionarymarketing.com\/fr\/wp-json\/wp\/v2\/media\/54962"}],"wp:attachment":[{"href":"https:\/\/visionarymarketing.com\/fr\/wp-json\/wp\/v2\/media?parent=2359"}],"wp:term":[{"taxonomy":"category","embeddable":true,"href":"https:\/\/visionarymarketing.com\/fr\/wp-json\/wp\/v2\/categories?post=2359"},{"taxonomy":"post_tag","embeddable":true,"href":"https:\/\/visionarymarketing.com\/fr\/wp-json\/wp\/v2\/tags?post=2359"}],"curies":[{"name":"wp","href":"https:\/\/api.w.org\/{rel}","templated":true}]}}