{"id":23582,"date":"2017-02-27T08:45:25","date_gmt":"2017-02-27T07:45:25","guid":{"rendered":"http:\/\/visionarymarketing.fr\/blog?p=23582&#038;preview=true&#038;preview_id=23582"},"modified":"2023-06-28T07:41:22","modified_gmt":"2023-06-28T05:41:22","slug":"le-digital-explique-a-mon-boss","status":"publish","type":"post","link":"https:\/\/visionarymarketing.com\/fr\/2017\/02\/27\/le-digital-explique-a-mon-boss\/","title":{"rendered":"Le digital expliqu\u00e9 \u00e0 mon boss sortira le 16 mars 2017 [avec @editions_Kawa et @Frenchweb]"},"content":{"rendered":"<p><img decoding=\"async\" style=\"float: right;\" title=\"le boss-sans-chemise.png\" src=\"https:\/\/visionarymarketing.com\/wp-content\/uploads\/2017\/02\/le-boss-sans-chemise.png\" alt=\"Le digital expliqu\u00e9 \u00e0 mon boss\" width=\"200\" height=\"149\" border=\"0\" \/><\/p>\n<p><em><strong>Le digital expliqu\u00e9 \u00e0 mon boss<\/strong> est bien le nouveau livre de la collection \u00ab\u00a0<a href=\"http:\/\/amonboss.com\" target=\"_blank\" rel=\"noopener noreferrer\">\u00e0 mon boss<\/a>\u00ab\u00a0, \u00a0arriv\u00e9 au bout de 9 mois, une gestation (enfin 10 si on compte les relectures, et elles ont \u00e9t\u00e9 nombreuses). Herv\u00e9 et moi avons en effet donn\u00e9 le feu vert \u00e0 cette nouvelle saga du fameux boss au cigare en tout d\u00e9but du mois de mai 2016 (pour ceux qui me posent la question souvent : non ce n\u2019est pas moi et non je ne me suis pas remis \u00e0 fumer). Les premiers articles de cette nouvelle saga ont donc \u00e9t\u00e9 \u00e9crits sous le beau soleil de la c\u00f4te d\u2019Azur. On a vu pire comme d\u00e9cor.\u00a0<\/em><\/p>\n<p><a href=\"http:\/\/amonboss2017.eventbrite.com\" target=\"_blank\" rel=\"noopener noreferrer\"><img decoding=\"async\" style=\"float: left;\" title=\"Frenchweb_HD_noirblanc_octobre2014 (2).png\" src=\"https:\/\/visionarymarketing.com\/wp-content\/uploads\/2017\/02\/Frenchweb_HD_noirblanc_octobre2014-2.png\" alt=\"Frenchweb HD noirblanc octobre2014 2\" width=\"200\" height=\"39\" border=\"0\" \/><\/a><\/p>\n<p><em>Le livre a ensuite connu des p\u00e9riodes de d\u00e9veloppement rapides, puis plus lentes, et enfin un sprint final fulgurant. Nul doute que si nous avions \u00e9t\u00e9 moins occup\u00e9s (le dernier d\u00e9jeuner en commun a eu lieu en Octobre dernier (voir la vid\u00e9o ci-dessous) il aurait avanc\u00e9 encore plus vite. Voil\u00e0 donc la date de sortie connue, et c\u2019est avec joie que nous vous annon\u00e7ons\u00a0que la soir\u00e9e de lancement du livre <strong>le digital\u00a0expliqu\u00e9 \u00e0 mon boss\u00a0<\/strong><a href=\"http:\/\/amonboss2017.eventbrite.com\" target=\"_blank\" rel=\"noopener noreferrer\">aura lieu le 16 mars 2017 chez Frenchweb et sous leur patronage<\/a>.\u00a0<\/em><\/p>\n<p><a href=\"http:\/\/amonboss2017.eventbrite.com\"><img decoding=\"async\" style=\"display: block; margin-left: auto; margin-right: auto;\" title=\"Untitled-1.png\" src=\"https:\/\/visionarymarketing.com\/wp-content\/uploads\/2017\/02\/Untitled-1.png\" alt=\"Untitled 1\" width=\"428\" height=\"69\" border=\"0\" \/><\/a><\/p>\n<h2>Le digital expliqu\u00e9 \u00e0 mon boss : \u00e9pitom\u00e9 du travail collaboratif \u00e0 distance<\/h2>\n<p>Si vous aviez besoin d\u2019une d\u00e9monstration de l\u2019efficacit\u00e9 du travail \u00e0 distance, et que vous d\u00e9sirez savoir comment l\u2019organiser vous-m\u00eame dans vos entreprises, vous l\u2019aurez bient\u00f4t devant les yeux, le <a href=\"http:\/\/amonboss2017.eventbrite.com\" target=\"_blank\" rel=\"noopener noreferrer\"><strong>16 mars 2017 pr\u00e9cis\u00e9ment, chez Frenchweb<\/strong><\/a>, avec qui nous lan\u00e7ons l\u2019\u00e9v\u00e9nement. Voici 10 mois de travail discontinu avec Herv\u00e9 pour arriver au bout de ce nouvel ouvrage et sa confection-m\u00eame est un exemple de travail collaboratif \u00e0 distance : en tout et pour tout, nos activit\u00e9s de direction d\u2019agence ne nous ont pas permis de nous voir plus que 2 ou 3 fois pendant ces 10 mois, afin de d\u00e9jeuner ensemble et de nous mettre d\u2019accord sur les sujets \u00e0 traiter. Alors, comment avons-nous r\u00e9alis\u00e9 ce miracle ?<\/p>\n<ul>\n<li>D\u2019abord en choisissant un solide service de partage de fichiers (<a href=\"http:\/\/dropbox.com\">dropbox<\/a>) qui a recueilli tous nos fichiers et leurs mises \u00e0 jour<\/li>\n<li>Ensuite en assurant l\u2019archivage permanent et continu de nos fichiers pour les pr\u00e9server en cas de perte (ici, c\u2019est ceinture\/bretelles avec un m\u00e9lange de <a href=\"http:\/\/crashplan.com\">crashplan<\/a> et de <a href=\"http:\/\/www.apple.com\/fr\/airport-time-capsule\/\">Time capsules<\/a> [redond\u00e9] d\u2019Apple)<\/li>\n<li>Ensuite en partant d\u2019un fichier commun qui nous a donn\u00e9 la trame du document complet<\/li>\n<li>Puis en appliquant les r\u00e8gles qui font le succ\u00e8s de la s\u00e9rie depuis ses d\u00e9buts (pas de bullshit, des faits, des chiffres, des analyses, du contre courant et une bonne dose de pratique du terrain)<\/li>\n<li>Enfin en saupoudrant d\u2019interviews d\u2019experts du domaine qui ont ainsi apport\u00e9 leurs points de vue sur la strat\u00e9gie digitale.<\/li>\n<\/ul>\n<div>\n<p><!--more--><\/p>\n<figure style=\"width: 108px\" class=\"wp-caption alignright\"><img decoding=\"async\" class=\"\" title=\"NewImage.png\" src=\"https:\/\/visionarymarketing.com\/wp-content\/uploads\/2017\/02\/NewImage-4.png\" alt=\"Le digital expliqu\u00e9 \u00e0 mon boss\" width=\"108\" height=\"141\" border=\"0\" \/><figcaption class=\"wp-caption-text\">Erckmann et Chatrian, dont nous sommes les \u00e9mules<\/figcaption><\/figure>\n<p>Bien entendu, j\u2019ai oubli\u00e9 l\u2019essentiel : deux amis de longue date qui se respectent et s\u2019appr\u00e9cient, qui avancent dans la bonne humeur et avec enthousiasme car ils sont tous les deux passionn\u00e9s par ce qu\u2019ils font. Ceci ne veut pas dire que nous sommes toujours d\u2019accord sur tout, au contraire, c\u2019est m\u00eame cela qui fait notre force, nous nous compl\u00e9tons bien. Mais surtout, nous avons la m\u00eame vue sur notre m\u00e9tier, jamais une rature sur le fond, jamais un d\u00e9saccord. L\u2019un peut commencer une phrase et l\u2019autre la finir et dans n\u2019importe quel ordre. Le r\u00e9sultat sera toujours le m\u00eame. Bref, nous sommes au fil du temps devenus les <a href=\"https:\/\/commons.wikimedia.org\/wiki\/File:Erckmann-Chatrian02.jpg?uselang=fr\">Erckmann-Chatrian<\/a> du livre digital.<\/p>\n<\/div>\n<h2><span style=\"font-size: 1.17em;\"><span style=\"text-decoration: line-through;\">La communication<\/span>\u00a0Le digital expliqu\u00e9 \u00e0 mon boss<\/span><\/h2>\n<p><strong>Le nouveau livre de la collection \u00ab\u00a0expliqu\u00e9 \u00e0 mon boss\u00a0\u00bb n\u2019est pas la suite ni m\u00eame la mise \u00e0 jour du pr\u00e9c\u00e9dent livre qui \u00e9tait d\u00e9di\u00e9 \u00e0 la communication<\/strong>. il s\u2019agit au contraire d\u2019un ouvrage plus strat\u00e9gique, qui revient sur la place du digital dans les entreprises, dans l\u2019\u00e9conomie, dans nos vies, dans nos business, dans nos m\u00e9tiers et dans tous les secteurs (enfin tous ceux que nous avons pu analyser, mais cela fait un bon paquet). La fin du livre est d\u00e9di\u00e9e \u00e0 la mise en \u0153uvre du digital dans son entreprise. Ce livre est n\u00e9 bien-s\u00fbr de notre pratique et de nos retours du terrain mais aussi des frustrations des clients (et un peu les n\u00f4tres aussi avouons-le) qui semblaient avoir des soucis \u00e0 mettre en \u0153uvre leurs d\u00e9marches de digitalisation, voire m\u00eame de convaincre leurs patrons qu\u2019il fallait le faire. Frustration, et m\u00eame, nous pourrions parler de d\u00e9couragements dans certains cas. Le but \u00e9tait l\u00e0, comme \u00e0 chaque fois avec nos ouvrages, <strong>donner un mode d\u2019emploi simple mais aussi des arguments pour vendre sa d\u00e9marche de changement<\/strong>.<\/p>\n<p>Et tout cela avec le sourire et positivement et non en faisant fr\u00e9mir le monde avec des mots comme \u00ab\u00a0Ub\u00e9risation\u00a0\u00bb, plus propres \u00e0 t\u00e9taniser qu\u2019\u00e0 inciter. Avec cet ouvrage, vous avez le moyen de monter au 8\u00e8me \u00e9tage et de vendre vos projets. Surtout si ceux-ci ont \u00e9t\u00e9 enterr\u00e9s au nom de la pr\u00e9servation du statu quo et malgr\u00e9 moult incantations \u00e0 l\u2019innovation, ne vous d\u00e9couragez pas ! Ce livre est fait pour vous. Il y a en effet tendance \u00e0 broyer du noir sur la transformation digitale en ce moment, surtout \u00e0 un moment o\u00f9 certains candidats \u00e0 l\u2019\u00e9(l)ection pestilentielle (cette fois-ci le jeu de mot de Coluche est particuli\u00e8rement bien choisi) ont saisi le filon de la peur pour faire fr\u00e9mir le populo et d\u00e9tourner les votes. Le digital sert souvent donc d\u2019\u00e9pouvantail et pourtant, c\u2019est d\u00e9j\u00e0 pr\u00e8s de 10% des jobs en \u00eele de France (uniquement 3% dans le reste du pays mais \u00e7a progresse). <a href=\"https:\/\/web.archive.org\/web\/20230615163646\/https:\/\/www.institutparisregion.fr\/\" target=\"_blank\" rel=\"noopener noreferrer\">Nous reviendrons bient\u00f4t sur ces chiffres, issus d&rsquo;un rapport r\u00e9cent de l&rsquo;IAU<\/a>.<\/p>\n<p>Nous remontons donc tr\u00e8s nettement dans la strat\u00e9gie digitale, et nous ne pourrons dire que nous profitons d\u2019une vague pour surfer, puisque nous pratiquons cette discipline depuis les d\u00e9buts du Web. Nous avons n\u00e9anmoins d\u00e9cid\u00e9 de ne pas nommer ce livre \u00ab\u00a0la strat\u00e9gie digitale expliqu\u00e9e \u00e0 mon boss\u00a0\u00bb et de laisser tomber le \u00ab\u00a0strat\u00e9gie\u00a0\u00bb pour ne laisser que le digital, tout nu. Apr\u00e8s tout, pour ce qui me concerne, la communication est un monde relativement nouveau. Je n\u2019en avais jamais fait avant 2008 et m\u00eame\u2026 je pense que mon travail a toujours \u00e9t\u00e9 plus proche de la strat\u00e9gie digitale et de la strat\u00e9gie marketing que de la tactique marketing et communication, m\u00eame si cette derni\u00e8re est importante ; mais elle est quand-m\u00eame bien plus \u00e0 sa place quand elle fondue dans la strat\u00e9gie et qu\u2019elle la sert.<\/p>\n<h3>Voici le plan de ce nouveau livre : \u00a0\u00bb le digital expliqu\u00e9 \u00e0 mon boss \u00ab\u00a0<\/h3>\n<blockquote class=\"quote-light\"><p><em>Par ceux qui en font et pour ceux qui aimeraient (mieux) en faire<\/em><\/p>\n<ol>\n<li class=\"MsoNormal\"><span lang=\"FR\">Le digital est partout, tout est digital<\/span><\/li>\n<li class=\"MsoNormal\"><span lang=\"FR\">Le digital dans tous les secteurs<\/span><\/li>\n<li class=\"MsoNormal\"><span lang=\"FR\">Le digital dans tous les m\u00e9tiers<\/span><\/li>\n<li class=\"MsoNormal\"><span lang=\"FR\">Mythes et r\u00e9alit\u00e9s du digital<\/span><\/li>\n<li class=\"MsoNormal\"><span lang=\"FR\">Par o\u00f9 commencer dans votre d\u00e9marche digitale<\/span><\/li>\n<\/ol>\n<p class=\"MsoNormal\"><span lang=\"FR\">Avec une s\u00e9lection de 10 articles tir\u00e9s du blog <a href=\"https:\/\/web.archive.org\/web\/20200510222521\/https:\/\/digital-me-up.com\/\">digital-me-up.com<\/a> des \u00e9l\u00e8ves 2015-2016 <a href=\"http:\/\/grenoble-em.com\/digital\">du Mast\u00e8re Sp\u00e9cialis\u00e9 Digital Business Strategy de Grenoble Ecole de Management<\/a><\/span><\/p>\n<\/blockquote>\n<p class=\"MsoNormal\"><span lang=\"FR\">Un guide pratique de la mise en \u0153uvre de la strat\u00e9gie digitale en entreprise<\/span><\/p>\n<p align=\"center\"><em><strong><span lang=\"FR\">Avec des\u00a0sch\u00e9mas t\u00e9l\u00e9chargeables gratuitement pour expliquer<br \/>\nla communication digitale \u00e0 son boss<\/span><\/strong><\/em><\/p>\n<p>Le livre sera bien entendu publi\u00e9 aux <strong>\u00e9ditions Kawa<\/strong>, sous le <strong>patronage de Frenchweb<\/strong>, et il fera <strong>environ 300 pages<\/strong> (difficile de dire exactement car la relecture vient de s\u2019achever et nous ne pouvons encore dire combien de pages il fera tant que les images n\u2019ont pas \u00e9t\u00e9 int\u00e9gr\u00e9es).<\/p>\n<p><a href=\"http:\/\/amonboss2017.eventbrite.com\"><img decoding=\"async\" class=\"alignnone\" style=\"display: block; margin-left: auto; margin-right: auto;\" title=\"Untitled-1.png\" src=\"https:\/\/visionarymarketing.com\/wp-content\/uploads\/2017\/02\/Untitled-1.png\" alt=\"Le digital expliqu\u00e9 \u00e0 mon boss\" width=\"428\" height=\"69\" border=\"0\" \/><\/a><\/p>\n<p><a href=\"http:\/\/amonboss2017.eventbrite.com\"><\/a><\/p>\n<h3>LE DIGITAL EXPLIQUE A MON BOSS<\/h3>\n<p><em>Notre 4\u00e8me opus dans cette collection qui n\u2019en finit pas de grandir sortira le 16 mars 2017<\/em><\/p>\n<blockquote class=\"quote-light\"><p>C\u2019est dans le courant de l\u2019ann\u00e9e 2015 que nous est venue l\u2019id\u00e9e d\u2019un livre sur le digital. Apr\u00e8s avoir \u00e9crit sur les m\u00e9dias sociaux en 2011 et la communication digitale en 2013, il nous semblait en effet imp\u00e9ratif d\u2019\u00e9duquer les entreprises sur le digital, non plus en tant qu\u2019adjectif associ\u00e9 \u00e0 des termes classiques en entreprise comme \u00ab\u00a0communication\u00a0\u00bb, \u00ab\u00a0strat\u00e9gie\u00a0\u00bb ou \u00ab\u00a0transformation\u00a0\u00bb, mais en tant que substantif, porteur de valeurs \u00e0 part enti\u00e8re.Car en quelques ann\u00e9es, le digital s\u2019est empar\u00e9 de nos vies et de nos usages. Sous sa forme fran\u00e7aise (\u00ab\u00a0num\u00e9rique\u00a0\u00bb) tout autant que sous sa forme anglaise.<\/p><\/blockquote>\n<p style=\"text-align: center;\"><iframe src=\"https:\/\/www.youtube.com\/embed\/Xpl6YMUFX-8\" width=\"640\" height=\"360\" frameborder=\"0\" allowfullscreen=\"allowfullscreen\"><\/iframe><\/p>\n<blockquote class=\"quote-light\"><p>\u00a0Cet engouement se traduit par de profonds changements, qui touchent aussi bien le grand public, les entreprises que les politiques. Le gouvernement, par exemple, dispose depuis 2012 d\u2019une secr\u00e9taire d\u2019\u00e9tat \u00e0 l\u2019\u00e9conomie num\u00e9rique, dont les pr\u00e9rogatives vont de la d\u00e9fense des jeunes entreprises num\u00e9riques fran\u00e7aises, ce qu\u2019on appelle la \u00ab\u00a0FrenchTech\u00a0\u00bb, au droit \u00e0 l\u2019oubli en passant par la portabilit\u00e9 des donn\u00e9es ou la taxation des entreprises de l\u2019\u00e9conomie collaborative.Du c\u00f4t\u00e9 des entreprises, cet essor se traduit \u00e9galement par une prise en consid\u00e9ration accrue du digital comme facteur de comp\u00e9titivit\u00e9 des entreprises. Nombre d\u2019entre elles se dotent d\u2019un directeur du digital, voire d\u2019un \u00ab\u00a0chief digital officer\u00a0\u00bb, sorte de gourou du digital cens\u00e9 porter la transformation salvatrice. D\u2019autres se parent de \u00ab\u00a0shadow ComEx \u00bb, constitu\u00e9s de \u00ab\u00a0digital natives\u00a0\u00bb, pour parer aux objections de la g\u00e9n\u00e9ration Y aux mesures prises par le v\u00e9ritable ComEx, qui continue, lui, de ne comporter que des seniors.un livre<a href=\"http:\/\/amonboss2017.eventbrite.com\"><img decoding=\"async\" style=\"display: block; margin-left: auto; margin-right: auto;\" title=\"Untitled-1.png\" src=\"https:\/\/visionarymarketing.com\/wp-content\/uploads\/2017\/02\/Untitled-1.png\" alt=\"Untitled 1\" width=\"428\" height=\"69\" border=\"0\" \/><\/a><\/p><\/blockquote>\n<p>Source\u00a0: <em><a href=\"https:\/\/www.eventbrite.fr\/e\/billets-amonboss-lancement-du-livre-le-digital-explique-a-mon-boss-kawa-32323665955\">Amonboss Lancement du livre le <\/a>digital expliqu\u00e9 \u00e0 mon boss<a href=\"https:\/\/www.eventbrite.fr\/e\/billets-amonboss-lancement-du-livre-le-digital-explique-a-mon-boss-kawa-32323665955\"> [Kawa] Billets, jeu le 16 mars 2017, 19:00 | Eventbrite<\/a><\/em><\/p>\n","protected":false},"excerpt":{"rendered":"<p>Le digital expliqu\u00e9 \u00e0 mon boss est bien le nouveau livre de la collection \u00ab\u00a0\u00e0 mon boss\u00ab\u00a0, \u00a0arriv\u00e9 au bout de 9 mois, une gestation (enfin 10 si on compte les relectures, et elles ont \u00e9t\u00e9 nombreuses). Herv\u00e9 et moi avons en effet donn\u00e9 le feu vert \u00e0 cette nouvelle saga du fameux boss au &hellip;<\/p>\n","protected":false},"author":2,"featured_media":34067,"comment_status":"open","ping_status":"open","sticky":false,"template":"","format":"standard","meta":{"footnotes":""},"categories":[248,1613],"tags":[],"class_list":["post-23582","post","type-post","status-publish","format-standard","has-post-thumbnail","hentry","category-livres-marketing","category-marketing-digital-marketing"],"yoast_head":"<!-- This site is optimized with the Yoast SEO plugin v27.4 - https:\/\/yoast.com\/product\/yoast-seo-wordpress\/ -->\n<title>Le digital expliqu\u00e9 \u00e0 mon boss sortira le 16 mars 2017 [avec @editions_Kawa et @Frenchweb]<\/title>\n<meta name=\"description\" content=\"Le digital expliqu\u00e9 \u00e0 mon boss est le titre de notre tout nouvel ouvrage qui para\u00eetra chez Kawa le 16 mars 2017 avec Frenchweb\" \/>\n<meta name=\"robots\" content=\"index, follow, max-snippet:-1, max-image-preview:large, max-video-preview:-1\" \/>\n<link rel=\"canonical\" href=\"https:\/\/visionarymarketing.com\/fr\/2017\/02\/27\/le-digital-explique-a-mon-boss\/\" \/>\n<meta property=\"og:locale\" content=\"fr_FR\" \/>\n<meta property=\"og:type\" content=\"article\" \/>\n<meta property=\"og:title\" content=\"Le digital expliqu\u00e9 \u00e0 mon boss sortira le 16 mars 2017 [avec @editions_Kawa et @Frenchweb]\" \/>\n<meta property=\"og:description\" content=\"Le digital expliqu\u00e9 \u00e0 mon boss est le titre de notre tout nouvel ouvrage qui para\u00eetra chez Kawa le 16 mars 2017 avec Frenchweb\" \/>\n<meta property=\"og:url\" content=\"https:\/\/visionarymarketing.com\/fr\/2017\/02\/27\/le-digital-explique-a-mon-boss\/\" \/>\n<meta property=\"og:site_name\" content=\"Marketing and Innovation\" \/>\n<meta property=\"article:publisher\" content=\"https:\/\/www.facebook.com\/vismktg\" \/>\n<meta property=\"article:author\" content=\"http:\/\/facebook.com\/ygourven\" \/>\n<meta property=\"article:published_time\" content=\"2017-02-27T07:45:25+00:00\" \/>\n<meta property=\"article:modified_time\" content=\"2023-06-28T05:41:22+00:00\" \/>\n<meta property=\"og:image\" content=\"https:\/\/visionarymarketing.com\/wp-content\/uploads\/2019\/11\/47977292358_bf3ee00e95_c.jpg\" \/>\n\t<meta property=\"og:image:width\" content=\"644\" \/>\n\t<meta property=\"og:image:height\" content=\"430\" \/>\n\t<meta property=\"og:image:type\" content=\"image\/jpeg\" \/>\n<meta name=\"author\" content=\"Yann Gourvennec\" \/>\n<meta name=\"twitter:card\" content=\"summary_large_image\" \/>\n<meta name=\"twitter:creator\" content=\"@ygourven\" \/>\n<meta name=\"twitter:site\" content=\"@ygourven\" \/>\n<meta name=\"twitter:label1\" content=\"\u00c9crit par\" \/>\n\t<meta name=\"twitter:data1\" content=\"Yann Gourvennec\" \/>\n\t<meta name=\"twitter:label2\" content=\"Dur\u00e9e de lecture estim\u00e9e\" \/>\n\t<meta name=\"twitter:data2\" content=\"8 minutes\" \/>\n<script type=\"application\/ld+json\" class=\"yoast-schema-graph\">{\"@context\":\"https:\\\/\\\/schema.org\",\"@graph\":[{\"@type\":\"NewsArticle\",\"@id\":\"https:\\\/\\\/visionarymarketing.com\\\/fr\\\/2017\\\/02\\\/27\\\/le-digital-explique-a-mon-boss\\\/#article\",\"isPartOf\":{\"@id\":\"https:\\\/\\\/visionarymarketing.com\\\/fr\\\/2017\\\/02\\\/27\\\/le-digital-explique-a-mon-boss\\\/\"},\"author\":{\"name\":\"Yann Gourvennec\",\"@id\":\"https:\\\/\\\/visionarymarketing.com\\\/fr\\\/#\\\/schema\\\/person\\\/3754fee1e558f47b8deb46f53c37423e\"},\"headline\":\"Le digital expliqu\u00e9 \u00e0 mon boss sortira le 16 mars 2017 [avec @editions_Kawa et @Frenchweb]\",\"datePublished\":\"2017-02-27T07:45:25+00:00\",\"dateModified\":\"2023-06-28T05:41:22+00:00\",\"mainEntityOfPage\":{\"@id\":\"https:\\\/\\\/visionarymarketing.com\\\/fr\\\/2017\\\/02\\\/27\\\/le-digital-explique-a-mon-boss\\\/\"},\"wordCount\":1662,\"commentCount\":2,\"image\":{\"@id\":\"https:\\\/\\\/visionarymarketing.com\\\/fr\\\/2017\\\/02\\\/27\\\/le-digital-explique-a-mon-boss\\\/#primaryimage\"},\"thumbnailUrl\":\"https:\\\/\\\/visionarymarketing.com\\\/wp-content\\\/uploads\\\/2019\\\/11\\\/47977292358_bf3ee00e95_c.jpg\",\"articleSection\":[\"livres marketing\",\"marketing digital\"],\"inLanguage\":\"fr-FR\",\"potentialAction\":[{\"@type\":\"CommentAction\",\"name\":\"Comment\",\"target\":[\"https:\\\/\\\/visionarymarketing.com\\\/fr\\\/2017\\\/02\\\/27\\\/le-digital-explique-a-mon-boss\\\/#respond\"]}]},{\"@type\":\"WebPage\",\"@id\":\"https:\\\/\\\/visionarymarketing.com\\\/fr\\\/2017\\\/02\\\/27\\\/le-digital-explique-a-mon-boss\\\/\",\"url\":\"https:\\\/\\\/visionarymarketing.com\\\/fr\\\/2017\\\/02\\\/27\\\/le-digital-explique-a-mon-boss\\\/\",\"name\":\"Le digital expliqu\u00e9 \u00e0 mon boss sortira le 16 mars 2017 [avec @editions_Kawa et @Frenchweb]\",\"isPartOf\":{\"@id\":\"https:\\\/\\\/visionarymarketing.com\\\/fr\\\/#website\"},\"primaryImageOfPage\":{\"@id\":\"https:\\\/\\\/visionarymarketing.com\\\/fr\\\/2017\\\/02\\\/27\\\/le-digital-explique-a-mon-boss\\\/#primaryimage\"},\"image\":{\"@id\":\"https:\\\/\\\/visionarymarketing.com\\\/fr\\\/2017\\\/02\\\/27\\\/le-digital-explique-a-mon-boss\\\/#primaryimage\"},\"thumbnailUrl\":\"https:\\\/\\\/visionarymarketing.com\\\/wp-content\\\/uploads\\\/2019\\\/11\\\/47977292358_bf3ee00e95_c.jpg\",\"datePublished\":\"2017-02-27T07:45:25+00:00\",\"dateModified\":\"2023-06-28T05:41:22+00:00\",\"author\":{\"@id\":\"https:\\\/\\\/visionarymarketing.com\\\/fr\\\/#\\\/schema\\\/person\\\/3754fee1e558f47b8deb46f53c37423e\"},\"description\":\"Le digital expliqu\u00e9 \u00e0 mon boss est le titre de notre tout nouvel ouvrage qui para\u00eetra chez Kawa le 16 mars 2017 avec Frenchweb\",\"breadcrumb\":{\"@id\":\"https:\\\/\\\/visionarymarketing.com\\\/fr\\\/2017\\\/02\\\/27\\\/le-digital-explique-a-mon-boss\\\/#breadcrumb\"},\"inLanguage\":\"fr-FR\",\"potentialAction\":[{\"@type\":\"ReadAction\",\"target\":[\"https:\\\/\\\/visionarymarketing.com\\\/fr\\\/2017\\\/02\\\/27\\\/le-digital-explique-a-mon-boss\\\/\"]}]},{\"@type\":\"ImageObject\",\"inLanguage\":\"fr-FR\",\"@id\":\"https:\\\/\\\/visionarymarketing.com\\\/fr\\\/2017\\\/02\\\/27\\\/le-digital-explique-a-mon-boss\\\/#primaryimage\",\"url\":\"https:\\\/\\\/visionarymarketing.com\\\/wp-content\\\/uploads\\\/2019\\\/11\\\/47977292358_bf3ee00e95_c.jpg\",\"contentUrl\":\"https:\\\/\\\/visionarymarketing.com\\\/wp-content\\\/uploads\\\/2019\\\/11\\\/47977292358_bf3ee00e95_c.jpg\",\"width\":644,\"height\":430},{\"@type\":\"BreadcrumbList\",\"@id\":\"https:\\\/\\\/visionarymarketing.com\\\/fr\\\/2017\\\/02\\\/27\\\/le-digital-explique-a-mon-boss\\\/#breadcrumb\",\"itemListElement\":[{\"@type\":\"ListItem\",\"position\":1,\"name\":\"Home\",\"item\":\"https:\\\/\\\/visionarymarketing.com\\\/fr\\\/\"},{\"@type\":\"ListItem\",\"position\":2,\"name\":\"Le digital expliqu\u00e9 \u00e0 mon boss sortira le 16 mars 2017 [avec @editions_Kawa et @Frenchweb]\"}]},{\"@type\":\"WebSite\",\"@id\":\"https:\\\/\\\/visionarymarketing.com\\\/fr\\\/#website\",\"url\":\"https:\\\/\\\/visionarymarketing.com\\\/fr\\\/\",\"name\":\"Marketing and Innovation\",\"description\":\"Site d&#039;infos ind\u00e9pendant, depuis 1996\",\"potentialAction\":[{\"@type\":\"SearchAction\",\"target\":{\"@type\":\"EntryPoint\",\"urlTemplate\":\"https:\\\/\\\/visionarymarketing.com\\\/fr\\\/?s={search_term_string}\"},\"query-input\":{\"@type\":\"PropertyValueSpecification\",\"valueRequired\":true,\"valueName\":\"search_term_string\"}}],\"inLanguage\":\"fr-FR\"},{\"@type\":\"Person\",\"@id\":\"https:\\\/\\\/visionarymarketing.com\\\/fr\\\/#\\\/schema\\\/person\\\/3754fee1e558f47b8deb46f53c37423e\",\"name\":\"Yann Gourvennec\",\"image\":{\"@type\":\"ImageObject\",\"inLanguage\":\"fr-FR\",\"@id\":\"https:\\\/\\\/secure.gravatar.com\\\/avatar\\\/5972001801e8de5692a3e31224e85769f50a55fb8b679749f9c8d1868cceff14?s=96&d=initials&r=g&initials=yg\",\"url\":\"https:\\\/\\\/secure.gravatar.com\\\/avatar\\\/5972001801e8de5692a3e31224e85769f50a55fb8b679749f9c8d1868cceff14?s=96&d=initials&r=g&initials=yg\",\"contentUrl\":\"https:\\\/\\\/secure.gravatar.com\\\/avatar\\\/5972001801e8de5692a3e31224e85769f50a55fb8b679749f9c8d1868cceff14?s=96&d=initials&r=g&initials=yg\",\"caption\":\"Yann Gourvennec\"},\"description\":\"Yann Gourvennec created visionarymarketing.com in 1996. He is a speaker and author of many books. In 2014 he went from intrapreneur to entrepreneur, when he created his digital marketing agency. Yann Gourvennec a cr\u00e9\u00e9 visionarymarketing.com en 1996. Il est conf\u00e9rencier et auteur de plusieurs livres. En 2014, il est pass\u00e9 d'intrapreneur \u00e0 entrepreneur en cr\u00e9ant son agence de marketing num\u00e9rique.\",\"sameAs\":[\"https:\\\/\\\/visionarymarketing.com\",\"http:\\\/\\\/facebook.com\\\/ygourven\",\"http:\\\/\\\/linkedin.com\\\/in\\\/ygourven\",\"https:\\\/\\\/x.com\\\/ygourven\",\"https:\\\/\\\/www.youtube.com\\\/c\\\/visionarymarketingagency\"],\"url\":\"https:\\\/\\\/visionarymarketing.com\\\/fr\\\/author\\\/yann-gourvennec\\\/\"}]}<\/script>\n<!-- \/ Yoast SEO plugin. -->","yoast_head_json":{"title":"Le digital expliqu\u00e9 \u00e0 mon boss sortira le 16 mars 2017 [avec @editions_Kawa et @Frenchweb]","description":"Le digital expliqu\u00e9 \u00e0 mon boss est le titre de notre tout nouvel ouvrage qui para\u00eetra chez Kawa le 16 mars 2017 avec Frenchweb","robots":{"index":"index","follow":"follow","max-snippet":"max-snippet:-1","max-image-preview":"max-image-preview:large","max-video-preview":"max-video-preview:-1"},"canonical":"https:\/\/visionarymarketing.com\/fr\/2017\/02\/27\/le-digital-explique-a-mon-boss\/","og_locale":"fr_FR","og_type":"article","og_title":"Le digital expliqu\u00e9 \u00e0 mon boss sortira le 16 mars 2017 [avec @editions_Kawa et @Frenchweb]","og_description":"Le digital expliqu\u00e9 \u00e0 mon boss est le titre de notre tout nouvel ouvrage qui para\u00eetra chez Kawa le 16 mars 2017 avec Frenchweb","og_url":"https:\/\/visionarymarketing.com\/fr\/2017\/02\/27\/le-digital-explique-a-mon-boss\/","og_site_name":"Marketing and Innovation","article_publisher":"https:\/\/www.facebook.com\/vismktg","article_author":"http:\/\/facebook.com\/ygourven","article_published_time":"2017-02-27T07:45:25+00:00","article_modified_time":"2023-06-28T05:41:22+00:00","og_image":[{"width":644,"height":430,"url":"https:\/\/visionarymarketing.com\/wp-content\/uploads\/2019\/11\/47977292358_bf3ee00e95_c.jpg","type":"image\/jpeg"}],"author":"Yann Gourvennec","twitter_card":"summary_large_image","twitter_creator":"@ygourven","twitter_site":"@ygourven","twitter_misc":{"\u00c9crit par":"Yann Gourvennec","Dur\u00e9e de lecture estim\u00e9e":"8 minutes"},"schema":{"@context":"https:\/\/schema.org","@graph":[{"@type":"NewsArticle","@id":"https:\/\/visionarymarketing.com\/fr\/2017\/02\/27\/le-digital-explique-a-mon-boss\/#article","isPartOf":{"@id":"https:\/\/visionarymarketing.com\/fr\/2017\/02\/27\/le-digital-explique-a-mon-boss\/"},"author":{"name":"Yann Gourvennec","@id":"https:\/\/visionarymarketing.com\/fr\/#\/schema\/person\/3754fee1e558f47b8deb46f53c37423e"},"headline":"Le digital expliqu\u00e9 \u00e0 mon boss sortira le 16 mars 2017 [avec @editions_Kawa et @Frenchweb]","datePublished":"2017-02-27T07:45:25+00:00","dateModified":"2023-06-28T05:41:22+00:00","mainEntityOfPage":{"@id":"https:\/\/visionarymarketing.com\/fr\/2017\/02\/27\/le-digital-explique-a-mon-boss\/"},"wordCount":1662,"commentCount":2,"image":{"@id":"https:\/\/visionarymarketing.com\/fr\/2017\/02\/27\/le-digital-explique-a-mon-boss\/#primaryimage"},"thumbnailUrl":"https:\/\/visionarymarketing.com\/wp-content\/uploads\/2019\/11\/47977292358_bf3ee00e95_c.jpg","articleSection":["livres marketing","marketing digital"],"inLanguage":"fr-FR","potentialAction":[{"@type":"CommentAction","name":"Comment","target":["https:\/\/visionarymarketing.com\/fr\/2017\/02\/27\/le-digital-explique-a-mon-boss\/#respond"]}]},{"@type":"WebPage","@id":"https:\/\/visionarymarketing.com\/fr\/2017\/02\/27\/le-digital-explique-a-mon-boss\/","url":"https:\/\/visionarymarketing.com\/fr\/2017\/02\/27\/le-digital-explique-a-mon-boss\/","name":"Le digital expliqu\u00e9 \u00e0 mon boss sortira le 16 mars 2017 [avec @editions_Kawa et @Frenchweb]","isPartOf":{"@id":"https:\/\/visionarymarketing.com\/fr\/#website"},"primaryImageOfPage":{"@id":"https:\/\/visionarymarketing.com\/fr\/2017\/02\/27\/le-digital-explique-a-mon-boss\/#primaryimage"},"image":{"@id":"https:\/\/visionarymarketing.com\/fr\/2017\/02\/27\/le-digital-explique-a-mon-boss\/#primaryimage"},"thumbnailUrl":"https:\/\/visionarymarketing.com\/wp-content\/uploads\/2019\/11\/47977292358_bf3ee00e95_c.jpg","datePublished":"2017-02-27T07:45:25+00:00","dateModified":"2023-06-28T05:41:22+00:00","author":{"@id":"https:\/\/visionarymarketing.com\/fr\/#\/schema\/person\/3754fee1e558f47b8deb46f53c37423e"},"description":"Le digital expliqu\u00e9 \u00e0 mon boss est le titre de notre tout nouvel ouvrage qui para\u00eetra chez Kawa le 16 mars 2017 avec Frenchweb","breadcrumb":{"@id":"https:\/\/visionarymarketing.com\/fr\/2017\/02\/27\/le-digital-explique-a-mon-boss\/#breadcrumb"},"inLanguage":"fr-FR","potentialAction":[{"@type":"ReadAction","target":["https:\/\/visionarymarketing.com\/fr\/2017\/02\/27\/le-digital-explique-a-mon-boss\/"]}]},{"@type":"ImageObject","inLanguage":"fr-FR","@id":"https:\/\/visionarymarketing.com\/fr\/2017\/02\/27\/le-digital-explique-a-mon-boss\/#primaryimage","url":"https:\/\/visionarymarketing.com\/wp-content\/uploads\/2019\/11\/47977292358_bf3ee00e95_c.jpg","contentUrl":"https:\/\/visionarymarketing.com\/wp-content\/uploads\/2019\/11\/47977292358_bf3ee00e95_c.jpg","width":644,"height":430},{"@type":"BreadcrumbList","@id":"https:\/\/visionarymarketing.com\/fr\/2017\/02\/27\/le-digital-explique-a-mon-boss\/#breadcrumb","itemListElement":[{"@type":"ListItem","position":1,"name":"Home","item":"https:\/\/visionarymarketing.com\/fr\/"},{"@type":"ListItem","position":2,"name":"Le digital expliqu\u00e9 \u00e0 mon boss sortira le 16 mars 2017 [avec @editions_Kawa et @Frenchweb]"}]},{"@type":"WebSite","@id":"https:\/\/visionarymarketing.com\/fr\/#website","url":"https:\/\/visionarymarketing.com\/fr\/","name":"Marketing and Innovation","description":"Site d&#039;infos ind\u00e9pendant, depuis 1996","potentialAction":[{"@type":"SearchAction","target":{"@type":"EntryPoint","urlTemplate":"https:\/\/visionarymarketing.com\/fr\/?s={search_term_string}"},"query-input":{"@type":"PropertyValueSpecification","valueRequired":true,"valueName":"search_term_string"}}],"inLanguage":"fr-FR"},{"@type":"Person","@id":"https:\/\/visionarymarketing.com\/fr\/#\/schema\/person\/3754fee1e558f47b8deb46f53c37423e","name":"Yann Gourvennec","image":{"@type":"ImageObject","inLanguage":"fr-FR","@id":"https:\/\/secure.gravatar.com\/avatar\/5972001801e8de5692a3e31224e85769f50a55fb8b679749f9c8d1868cceff14?s=96&d=initials&r=g&initials=yg","url":"https:\/\/secure.gravatar.com\/avatar\/5972001801e8de5692a3e31224e85769f50a55fb8b679749f9c8d1868cceff14?s=96&d=initials&r=g&initials=yg","contentUrl":"https:\/\/secure.gravatar.com\/avatar\/5972001801e8de5692a3e31224e85769f50a55fb8b679749f9c8d1868cceff14?s=96&d=initials&r=g&initials=yg","caption":"Yann Gourvennec"},"description":"Yann Gourvennec created visionarymarketing.com in 1996. He is a speaker and author of many books. In 2014 he went from intrapreneur to entrepreneur, when he created his digital marketing agency. Yann Gourvennec a cr\u00e9\u00e9 visionarymarketing.com en 1996. Il est conf\u00e9rencier et auteur de plusieurs livres. En 2014, il est pass\u00e9 d'intrapreneur \u00e0 entrepreneur en cr\u00e9ant son agence de marketing num\u00e9rique.","sameAs":["https:\/\/visionarymarketing.com","http:\/\/facebook.com\/ygourven","http:\/\/linkedin.com\/in\/ygourven","https:\/\/x.com\/ygourven","https:\/\/www.youtube.com\/c\/visionarymarketingagency"],"url":"https:\/\/visionarymarketing.com\/fr\/author\/yann-gourvennec\/"}]}},"_links":{"self":[{"href":"https:\/\/visionarymarketing.com\/fr\/wp-json\/wp\/v2\/posts\/23582","targetHints":{"allow":["GET"]}}],"collection":[{"href":"https:\/\/visionarymarketing.com\/fr\/wp-json\/wp\/v2\/posts"}],"about":[{"href":"https:\/\/visionarymarketing.com\/fr\/wp-json\/wp\/v2\/types\/post"}],"author":[{"embeddable":true,"href":"https:\/\/visionarymarketing.com\/fr\/wp-json\/wp\/v2\/users\/2"}],"replies":[{"embeddable":true,"href":"https:\/\/visionarymarketing.com\/fr\/wp-json\/wp\/v2\/comments?post=23582"}],"version-history":[{"count":0,"href":"https:\/\/visionarymarketing.com\/fr\/wp-json\/wp\/v2\/posts\/23582\/revisions"}],"wp:featuredmedia":[{"embeddable":true,"href":"https:\/\/visionarymarketing.com\/fr\/wp-json\/wp\/v2\/media\/34067"}],"wp:attachment":[{"href":"https:\/\/visionarymarketing.com\/fr\/wp-json\/wp\/v2\/media?parent=23582"}],"wp:term":[{"taxonomy":"category","embeddable":true,"href":"https:\/\/visionarymarketing.com\/fr\/wp-json\/wp\/v2\/categories?post=23582"},{"taxonomy":"post_tag","embeddable":true,"href":"https:\/\/visionarymarketing.com\/fr\/wp-json\/wp\/v2\/tags?post=23582"}],"curies":[{"name":"wp","href":"https:\/\/api.w.org\/{rel}","templated":true}]}}