{"id":23444,"date":"2017-02-28T08:30:01","date_gmt":"2017-02-28T07:30:01","guid":{"rendered":"http:\/\/visionarymarketing.fr\/blog\/?p=23444"},"modified":"2023-03-02T18:09:21","modified_gmt":"2023-03-02T17:09:21","slug":"uberisation-et-intelligence-artificielle","status":"publish","type":"post","link":"https:\/\/visionarymarketing.com\/fr\/2017\/02\/28\/uberisation-et-intelligence-artificielle\/","title":{"rendered":"Uberisation et intelligence artificielle : donner du sens \u00e0 l&rsquo;IA"},"content":{"rendered":"<p><em>On<strong> entend souvent\u00a0associer le terme d&rsquo;uberisation <\/strong>(\u00e9galement \u00e9crite ub\u00e9risation)<strong> et l&rsquo;expression intelligence artificielle<\/strong>. Utilis\u00e9 \u00e0 la fois pour parler de d\u00e9rive et de progr\u00e8s, <strong>on ne sait pas vraiment si l&rsquo;on doit redouter l&rsquo;uberisation ou l&rsquo;attendre comme le messie<\/strong>. La v\u00e9rit\u00e9 est surtout que l&rsquo;on ne sait pas vraiment ce qui nous attend : nouvelle \u00e9conomie, nouvelle soci\u00e9t\u00e9, ou juste\u00a0une simple \u00e9volution sans r\u00e9elles cons\u00e9quences ? Et si la r\u00e9ponse \u00e0 cette question \u00e9tait une symbiose entre tous ces \u00e9l\u00e9ments ?\u00a0<\/em><\/p>\n<h2>Donner du sens \u00e0 l&rsquo;intelligence artificielle<\/h2>\n<figure id=\"attachment_68272\" aria-describedby=\"caption-attachment-68272\" style=\"width: 519px\" class=\"wp-caption aligncenter\"><img decoding=\"async\" class=\"wp-image-68272 size-full\" src=\"https:\/\/visionarymarketing.com\/wp-content\/uploads\/2017\/02\/51289vfgbwl-e1650874011784.jpg\" alt=\"sens intelligence artificielle\" width=\"519\" height=\"339\" srcset=\"https:\/\/visionarymarketing.com\/wp-content\/uploads\/2017\/02\/51289vfgbwl-e1650874011784.jpg 519w, https:\/\/visionarymarketing.com\/wp-content\/uploads\/2017\/02\/51289vfgbwl-e1650874011784-459x300.jpg 459w\" sizes=\"(max-width: 519px) 100vw, 519px\" \/><figcaption id=\"caption-attachment-68272\" class=\"wp-caption-text\">Ub\u00e9risation et intelligence artificielle : donner du sens avec David Radjou et Prasad Kaipa<\/figcaption><\/figure>\n<p><em>La seule chose que l&rsquo;on sait est que les changements en cours imposent de nouvelles qualit\u00e9s, et notamment la sagesse, comme le r\u00e9sument <a href=\"https:\/\/en.wikipedia.org\/wiki\/Navi_Radjou\" target=\"_blank\" rel=\"noopener noreferrer\">Navi Radjou<\/a> (<a href=\"https:\/\/visionarymarketing.com\/fr\/2015\/10\/linnovation-frugale-creer-plus-de-valeur-avec-moins-de-ressources\/\">la figure embl\u00e9matique de l&rsquo;innovation Jugaad (frugale) que nous avions interview\u00e9 il y a quelques mois<\/a>) et <span class=\"removed_link\" title=\"https:\/\/en.wikipedia.org\/wiki\/Prasad_Kaipa\">Prasad Kaipa<\/span>, auteurs du livre <\/em><a href=\"https:\/\/www.decitre.fr\/livres\/donner-du-sens-a-l-intelligence-9782354562212.html\" target=\"_blank\" rel=\"noopener noreferrer\">Donner du sens \u00e0 l\u2019intelligence\u00a0: comment les leaders \u00e9clair\u00e9s r\u00e9concilient sagesse et business<\/a><em>. <\/em><!--more--><\/p>\n<p><em>Selon eux, la sagesse est une qualit\u00e9 qui compl\u00e8te l\u2019intelligence, et qui s\u2019imposera in\u00e9vitablement dans les prochaines ann\u00e9es. <\/em><\/p>\n<p><em><strong>Plut\u00f4t que la vision de la jungle o\u00f9 les concurrents doivent attaquer pour ne pas perdre, l\u2019avenir nous r\u00e9serve, selon les deux auteurs indiens, un fonctionnement en symbiose<\/strong>, \u00e0 l\u2019image de l\u2019\u00e9cosyst\u00e8me d\u2019une for\u00eat.<\/em><\/p>\n<figure id=\"attachment_23541\" aria-describedby=\"caption-attachment-23541\" style=\"width: 768px\" class=\"wp-caption aligncenter\"><img decoding=\"async\" class=\"wp-image-23541 size-large\" src=\"https:\/\/visionarymarketing.com\/wp-content\/uploads\/2017\/02\/symbiose-entreprises-ecoysteme-936x1024.png\" width=\"768\" height=\"840\" srcset=\"https:\/\/visionarymarketing.com\/wp-content\/uploads\/2017\/02\/symbiose-entreprises-ecoysteme-936x1024.png 936w, https:\/\/visionarymarketing.com\/wp-content\/uploads\/2017\/02\/symbiose-entreprises-ecoysteme-274x300.png 274w, https:\/\/visionarymarketing.com\/wp-content\/uploads\/2017\/02\/symbiose-entreprises-ecoysteme-768x840.png 768w, https:\/\/visionarymarketing.com\/wp-content\/uploads\/2017\/02\/symbiose-entreprises-ecoysteme-1404x1536.png 1404w, https:\/\/visionarymarketing.com\/wp-content\/uploads\/2017\/02\/symbiose-entreprises-ecoysteme.png 1663w\" sizes=\"(max-width: 768px) 100vw, 768px\" \/><figcaption id=\"caption-attachment-23541\" class=\"wp-caption-text\">Ub\u00e9risation et intelligence artificielle : l&rsquo;uberisation va renforcer les interd\u00e9pendances entre partenaires de toutes tailles : grande entreprises, agences, start-ups, freelancers&#8230; Une symbiose va s&rsquo;op\u00e9rer, dans le cadre d&rsquo;un nouvel \u00e9cosyst\u00e8me. Du moins, en th\u00e9orie.<\/figcaption><\/figure>\n<h2>L\u2019intelligence rationnelle ne suffit plus<\/h2>\n<p>Ce livre repose sur une r\u00e9flexion qui remonte \u00e0 une trentaine d\u2019ann\u00e9e, lorsque Prasad Kaipa travaillait chez Apple.<\/p>\n<p>Prasad en garde un souvenir douloureux, ayant endur\u00e9 l\u2019autoritarisme extr\u00eame de Steve Jobs, mais a eu la chance d\u2019\u00eatre \u00e0 la t\u00eate du think tank d\u2019Apple (Apple Academy). Il \u00e9tait en charge d\u2019un projet consistant justement \u00e0 augmenter l\u2019intelligence humaine.<\/p>\n<p>Il a ainsi d\u00e9couvert qu\u2019il y avait des comp\u00e9tences allant au-del\u00e0 de l\u2019intelligence rationnelle, telle que la sagesse et l\u2019ing\u00e9niosit\u00e9. \u00ab\u00a0Certains pensent que l\u2019on a atteint le sommet du potentiel de l\u2019esp\u00e8ce humain. <strong>Prasad et moi sommes un peu critiques concernant\u00a0ce point vue pessimiste sur l\u2019avenir, et nous pensons que l\u2019on a sous-estim\u00e9 les qualit\u00e9s humaines telles que l\u2019ing\u00e9niosit\u00e9 et sagesse<\/strong>\u00a0\u00bb, explique Navi Radjou. D\u2019o\u00f9 ce livre qui essaie de \u00ab\u00a0montrer que nous avons tous au sein de nous, ces germes de sagesse, mais qui ne se sont malheureusement pas d\u00e9velopp\u00e9s proprement\u00a0\u00bb.<\/p>\n<h2>Dans un monde de machines, l\u2019humain a plus que jamais sa place<\/h2>\n<p>\u00ab\u00a0D\u00e9montrer la sagesse, c\u2019est avoir un comportement \u00e9thique et respecter des valeurs communes, et surtout pour un pays cart\u00e9sien comme la France, o\u00f9 l\u2019intelligence est au sommet de tout. Nous sommes capables de sublimer l\u2019intelligence pour s\u2019ouvrir \u00e0 d\u2019autres horizons\u00a0\u00bb explique Navi, \u00ab\u00a0<strong>Ce n\u2019est pas une question de dire \u00ab\u00a0nous allons essayer d\u2019\u00eatre plus intelligents\u00a0\u00bb, mais plut\u00f4t utiliser l\u2019intelligence au service du bien commun<\/strong>\u00a0\u00bb.<\/p>\n<p>L\u2019intelligence est un terme difficile \u00e0 d\u00e9finir. Elle peut prendre plusieurs formes <a href=\"https:\/\/fr.wikipedia.org\/wiki\/Th%C3%A9orie_des_intelligences_multiples\" target=\"_blank\" rel=\"noopener noreferrer\">comme l\u2019avance Howard Gardner <\/a>: selon lui,\u00a0les zones du cerveau ne sont pas toutes d\u00e9velopp\u00e9es de la m\u00eame fa\u00e7on,\u00a0<strong>l\u2018intelligence est multidimensionnelle.<\/strong>\u00a0Nous avons chacun des points forts\u00a0dans certains domaines et des carences dans d&rsquo;autres. \u00ab\u00a0Dans un monde complexe, on pense que l\u2019intelligence est une fondation pour pouvoir r\u00e9ussir, mais elle n\u2019est pas suffisante, d\u2019o\u00f9 l\u2019int\u00e9r\u00eat de montrer d\u2019autres qualit\u00e9s pour \u00eatre comp\u00e9titif sur le plan professionnel dans l\u2019\u00e9panouissement personnel\u00a0\u00bb.<\/p>\n<p><iframe title=\"[Fr] Donner du sens \u00e0 l&#039;intelligence - Navi Radjou &amp; Prasad Kaipa\" width=\"500\" height=\"281\" src=\"https:\/\/www.youtube.com\/embed\/tq0l6UKK7-g?start=419&#038;feature=oembed\" frameborder=\"0\" allow=\"accelerometer; autoplay; clipboard-write; encrypted-media; gyroscope; picture-in-picture; web-share\" referrerpolicy=\"strict-origin-when-cross-origin\" allowfullscreen><\/iframe><\/p>\n<h2>Uberisation et intelligence artificielle, une symbiose dans un \u00e9cosyst\u00e8me d\u2019entreprise<\/h2>\n<p>Dans ce monde complexe, le besoin de d\u00e9velopper des comp\u00e9tences de leadership se fait ressentir \u00ab\u00a0le leadership n\u2019est pas seulement la capacit\u00e9 \u00e0 motiver les masses comme pouvait le faire De Gaulle, <strong>c\u2019est aussi le d\u00e9veloppement de soi-m\u00eame, la capacit\u00e9 \u00e0 se manager soi-m\u00eame<\/strong>. Quand on parle d\u2019auto gestion, on parle de savoir aider les autres, mais aussi soi-m\u00eame. Il est n\u00e9cessaire d\u2019int\u00e9grer cette sagesse dans les d\u00e9cisions de tous les jours, que vous soyez un entrepreneur ou un patron d\u2019entreprise.<\/p>\n<p>Et cela nous am\u00e8ne sur la \u00ab\u00a0<a href=\"http:\/\/whatis.techtarget.com\/definition\/gig-economy\">Gig economy<\/a>\u00a0\u00bb dont on parle aux Etats-Unis, connue en France sous le nom d\u2019\u00a0\u00bbUb\u00e9risation\u00a0\u00bb. Sur ce sujet, Navi Radjou pense qu\u2019\u00ab\u00a0i<strong>l y aura une coexistence d\u2019entreprises et d\u2019entrepreneurs<\/strong>. C\u2019est l\u00e0 que le model de l\u2019\u00e9cosyst\u00e8me naturel peut \u00eatre tr\u00e8s r\u00e9v\u00e9lateur\u00a0: dans les for\u00eats, il y a des gros arbres, mais aussi plusieurs plantes, petites et grandes, qui profitent de ces arbres et lui rendent en retour des \u00ab\u00a0services\u00a0\u00bb. <strong>C\u2019est ce que l\u2019on appelle une symbiose, et il s\u2019agit de la m\u00eame chose en \u00e9conomie\u00a0: les entreprises autrefois repli\u00e9es sur elles-m\u00eames vont commencer \u00e0 vivre en symbiose avec le reste de l\u2019\u00e9cosyst\u00e8me<\/strong>. C\u2019est cela que je vois venir, une nouvelle forme de constellation o\u00f9 les grandes entreprises ne sont plus isol\u00e9es mais font partie d\u2019un grand ensemble.\u00a0\u00bb L\u2019\u00e9conomie devient ainsi plus interd\u00e9pendante et qui transforme l\u2019esprit comp\u00e9titif qui dominait jusqu\u2019ici. On parle d\u00e9sormais moins de concurrents, mais de coop\u00e9titeurs, \u00e0 la fois partenaires et concurrents.<\/p>\n<h2>La transformation des industriels en cr\u00e9ateurs de valeur<\/h2>\n<p>\u00a0\u00bb Chez Danone par exemple, l\u2019id\u00e9e est de transformer Danone, non pas en tant que vendeur de produits laitiers mais en fait comme une plateforme, \u00e0 l\u2019image des plateformes du monde de web (Fnac, Amazon, Ebay etc.) appliqu\u00e9e dans le monde industriel\u00a0\u00bb explique Navi Radjou. L\u2019objectif serait\u00a0de faire de Danone <strong>une plateforme sur laquelle pourrait\u00a0venir se greffer des d\u00e9veloppeurs d\u2019applications, des fournisseurs, des entrepreneurs digitaux, etc<\/strong>.\u00a0 A terme, Danone ne serait plus une entreprise qui vend des produits individuels, mais une plateforme qui aidant\u00a0\u00e0 d\u00e9velopper un \u00e9cosyst\u00e8me de partenaires, avec des comp\u00e9tences sp\u00e9cialis\u00e9es. \u00a0\u00bb C\u2019est ainsi qu\u2019une entreprise cr\u00e9\u00e9e de la valeur non seulement pour ses actionnaires, ses employ\u00e9s ou ses consommateurs, mais \u00e9galement pour les autres entreprises. <strong>C\u2019est ce que j\u2019appelle de l\u2019\u00e9tat cr\u00e9ateur<\/strong>\u00a0\u00bb ajoute Navi Radjou. La valeur est ainsi\u00a0cr\u00e9\u00e9e indirectement, avec le d\u00e9veloppement d\u2019autres entreprises.<\/p>\n<h3>Uberisation et intelligence artificielle : vers l&rsquo;\u00e8re de la convergence<\/h3>\n<p>\u00a0\u00bb Dans les dix prochaines ann\u00e9es, nous verrons arriver l\u2019\u00e8re de convergence : <strong>une convergence de probl\u00e8mes appelle une convergence de solutions<\/strong> \u00a0\u00bb pr\u00e9voit Navi Radjou. \u00a0\u00bb C\u2019est l\u00e0 que la sagesse devient tr\u00e8s importante, parce qu\u2019aujourd\u2019hui en politique ou en \u00e9conomie on est en train de diviser, on est en train de perdre toute l\u2019unit\u00e9 qui nous r\u00e9unissait en tant qu\u2019humanit\u00e9\u00a0\u00bb. <strong>Pendant cette p\u00e9riode de division, la sagesse restaure l\u2019unit\u00e9 essentielle pour pr\u00e9server l\u2019harmonie dans notre soci\u00e9t\u00e9<\/strong>.<\/p>\n<p>Un point de vue optimiste que l&rsquo;on aimerait voir se r\u00e9aliser. <strong>Est-ce r\u00e9ellement vers une symbiose et plus de sagesse que l&rsquo;on se dirige ?<\/strong> L&rsquo;avenir nous le dira.<\/p>\n","protected":false},"excerpt":{"rendered":"<p>On entend souvent\u00a0associer le terme d&rsquo;uberisation (\u00e9galement \u00e9crite ub\u00e9risation) et l&rsquo;expression intelligence artificielle. Utilis\u00e9 \u00e0 la fois pour parler de d\u00e9rive et de progr\u00e8s, on ne sait pas vraiment si l&rsquo;on doit redouter l&rsquo;uberisation ou l&rsquo;attendre comme le messie. La v\u00e9rit\u00e9 est surtout que l&rsquo;on ne sait pas vraiment ce qui nous attend : nouvelle &hellip;<\/p>\n","protected":false},"author":2,"featured_media":68272,"comment_status":"open","ping_status":"open","sticky":false,"template":"","format":"standard","meta":{"footnotes":""},"categories":[1613],"tags":[],"class_list":["post-23444","post","type-post","status-publish","format-standard","has-post-thumbnail","hentry","category-marketing-digital-marketing"],"yoast_head":"<!-- This site is optimized with the Yoast SEO plugin v27.5 - https:\/\/yoast.com\/product\/yoast-seo-wordpress\/ -->\n<title>Uberisation et intelligence artificielle : donner du sens \u00e0 l&#039;IA<\/title>\n<meta name=\"description\" content=\"On entend souvent\u00a0associer le terme d&#039;uberisation et l&#039;expression intelligence artificielle : s&#039;agit-il d&#039;une d\u00e9rive du progr\u00e8s ?\" \/>\n<meta name=\"robots\" content=\"index, follow, max-snippet:-1, max-image-preview:large, max-video-preview:-1\" \/>\n<link rel=\"canonical\" href=\"https:\/\/visionarymarketing.com\/fr\/2017\/02\/28\/uberisation-et-intelligence-artificielle\/\" \/>\n<meta property=\"og:locale\" content=\"fr_FR\" \/>\n<meta property=\"og:type\" content=\"article\" \/>\n<meta property=\"og:title\" content=\"Uberisation et intelligence artificielle : donner du sens \u00e0 l&#039;IA\" \/>\n<meta property=\"og:description\" content=\"On entend souvent\u00a0associer le terme d&#039;uberisation et l&#039;expression intelligence artificielle : s&#039;agit-il d&#039;une d\u00e9rive du progr\u00e8s ?\" \/>\n<meta property=\"og:url\" content=\"https:\/\/visionarymarketing.com\/fr\/2017\/02\/28\/uberisation-et-intelligence-artificielle\/\" \/>\n<meta property=\"og:site_name\" content=\"Marketing and Innovation\" \/>\n<meta property=\"article:publisher\" content=\"https:\/\/www.facebook.com\/vismktg\" \/>\n<meta property=\"article:author\" content=\"http:\/\/facebook.com\/ygourven\" \/>\n<meta property=\"article:published_time\" content=\"2017-02-28T07:30:01+00:00\" \/>\n<meta property=\"article:modified_time\" content=\"2023-03-02T17:09:21+00:00\" \/>\n<meta property=\"og:image\" content=\"https:\/\/visionarymarketing.com\/wp-content\/uploads\/2017\/02\/51289vfgbwl-e1650874011784.jpg\" \/>\n\t<meta property=\"og:image:width\" content=\"519\" \/>\n\t<meta property=\"og:image:height\" content=\"339\" \/>\n\t<meta property=\"og:image:type\" content=\"image\/jpeg\" \/>\n<meta name=\"author\" content=\"Yann Gourvennec\" \/>\n<meta name=\"twitter:card\" content=\"summary_large_image\" \/>\n<meta name=\"twitter:creator\" content=\"@ygourven\" \/>\n<meta name=\"twitter:site\" content=\"@ygourven\" \/>\n<meta name=\"twitter:label1\" content=\"\u00c9crit par\" \/>\n\t<meta name=\"twitter:data1\" content=\"Yann Gourvennec\" \/>\n\t<meta name=\"twitter:label2\" content=\"Dur\u00e9e de lecture estim\u00e9e\" \/>\n\t<meta name=\"twitter:data2\" content=\"6 minutes\" \/>\n<script type=\"application\/ld+json\" class=\"yoast-schema-graph\">{\"@context\":\"https:\\\/\\\/schema.org\",\"@graph\":[{\"@type\":\"NewsArticle\",\"@id\":\"https:\\\/\\\/visionarymarketing.com\\\/fr\\\/2017\\\/02\\\/28\\\/uberisation-et-intelligence-artificielle\\\/#article\",\"isPartOf\":{\"@id\":\"https:\\\/\\\/visionarymarketing.com\\\/fr\\\/2017\\\/02\\\/28\\\/uberisation-et-intelligence-artificielle\\\/\"},\"author\":{\"name\":\"Yann Gourvennec\",\"@id\":\"https:\\\/\\\/visionarymarketing.com\\\/fr\\\/#\\\/schema\\\/person\\\/3754fee1e558f47b8deb46f53c37423e\"},\"headline\":\"Uberisation et intelligence artificielle : donner du sens \u00e0 l&rsquo;IA\",\"datePublished\":\"2017-02-28T07:30:01+00:00\",\"dateModified\":\"2023-03-02T17:09:21+00:00\",\"mainEntityOfPage\":{\"@id\":\"https:\\\/\\\/visionarymarketing.com\\\/fr\\\/2017\\\/02\\\/28\\\/uberisation-et-intelligence-artificielle\\\/\"},\"wordCount\":1287,\"commentCount\":0,\"image\":{\"@id\":\"https:\\\/\\\/visionarymarketing.com\\\/fr\\\/2017\\\/02\\\/28\\\/uberisation-et-intelligence-artificielle\\\/#primaryimage\"},\"thumbnailUrl\":\"https:\\\/\\\/visionarymarketing.com\\\/wp-content\\\/uploads\\\/2017\\\/02\\\/51289vfgbwl-e1650874011784.jpg\",\"articleSection\":[\"marketing digital\"],\"inLanguage\":\"fr-FR\",\"potentialAction\":[{\"@type\":\"CommentAction\",\"name\":\"Comment\",\"target\":[\"https:\\\/\\\/visionarymarketing.com\\\/fr\\\/2017\\\/02\\\/28\\\/uberisation-et-intelligence-artificielle\\\/#respond\"]}]},{\"@type\":\"WebPage\",\"@id\":\"https:\\\/\\\/visionarymarketing.com\\\/fr\\\/2017\\\/02\\\/28\\\/uberisation-et-intelligence-artificielle\\\/\",\"url\":\"https:\\\/\\\/visionarymarketing.com\\\/fr\\\/2017\\\/02\\\/28\\\/uberisation-et-intelligence-artificielle\\\/\",\"name\":\"Uberisation et intelligence artificielle : donner du sens \u00e0 l'IA\",\"isPartOf\":{\"@id\":\"https:\\\/\\\/visionarymarketing.com\\\/fr\\\/#website\"},\"primaryImageOfPage\":{\"@id\":\"https:\\\/\\\/visionarymarketing.com\\\/fr\\\/2017\\\/02\\\/28\\\/uberisation-et-intelligence-artificielle\\\/#primaryimage\"},\"image\":{\"@id\":\"https:\\\/\\\/visionarymarketing.com\\\/fr\\\/2017\\\/02\\\/28\\\/uberisation-et-intelligence-artificielle\\\/#primaryimage\"},\"thumbnailUrl\":\"https:\\\/\\\/visionarymarketing.com\\\/wp-content\\\/uploads\\\/2017\\\/02\\\/51289vfgbwl-e1650874011784.jpg\",\"datePublished\":\"2017-02-28T07:30:01+00:00\",\"dateModified\":\"2023-03-02T17:09:21+00:00\",\"author\":{\"@id\":\"https:\\\/\\\/visionarymarketing.com\\\/fr\\\/#\\\/schema\\\/person\\\/3754fee1e558f47b8deb46f53c37423e\"},\"description\":\"On entend souvent\u00a0associer le terme d'uberisation et l'expression intelligence artificielle : s'agit-il d'une d\u00e9rive du progr\u00e8s ?\",\"breadcrumb\":{\"@id\":\"https:\\\/\\\/visionarymarketing.com\\\/fr\\\/2017\\\/02\\\/28\\\/uberisation-et-intelligence-artificielle\\\/#breadcrumb\"},\"inLanguage\":\"fr-FR\",\"potentialAction\":[{\"@type\":\"ReadAction\",\"target\":[\"https:\\\/\\\/visionarymarketing.com\\\/fr\\\/2017\\\/02\\\/28\\\/uberisation-et-intelligence-artificielle\\\/\"]}]},{\"@type\":\"ImageObject\",\"inLanguage\":\"fr-FR\",\"@id\":\"https:\\\/\\\/visionarymarketing.com\\\/fr\\\/2017\\\/02\\\/28\\\/uberisation-et-intelligence-artificielle\\\/#primaryimage\",\"url\":\"https:\\\/\\\/visionarymarketing.com\\\/wp-content\\\/uploads\\\/2017\\\/02\\\/51289vfgbwl-e1650874011784.jpg\",\"contentUrl\":\"https:\\\/\\\/visionarymarketing.com\\\/wp-content\\\/uploads\\\/2017\\\/02\\\/51289vfgbwl-e1650874011784.jpg\",\"width\":519,\"height\":339,\"caption\":\"sens intelligence artificielle\"},{\"@type\":\"BreadcrumbList\",\"@id\":\"https:\\\/\\\/visionarymarketing.com\\\/fr\\\/2017\\\/02\\\/28\\\/uberisation-et-intelligence-artificielle\\\/#breadcrumb\",\"itemListElement\":[{\"@type\":\"ListItem\",\"position\":1,\"name\":\"Home\",\"item\":\"https:\\\/\\\/visionarymarketing.com\\\/fr\\\/\"},{\"@type\":\"ListItem\",\"position\":2,\"name\":\"Uberisation et intelligence artificielle : donner du sens \u00e0 l&rsquo;IA\"}]},{\"@type\":\"WebSite\",\"@id\":\"https:\\\/\\\/visionarymarketing.com\\\/fr\\\/#website\",\"url\":\"https:\\\/\\\/visionarymarketing.com\\\/fr\\\/\",\"name\":\"Marketing and Innovation\",\"description\":\"Site d&#039;infos ind\u00e9pendant, depuis 1996\",\"potentialAction\":[{\"@type\":\"SearchAction\",\"target\":{\"@type\":\"EntryPoint\",\"urlTemplate\":\"https:\\\/\\\/visionarymarketing.com\\\/fr\\\/?s={search_term_string}\"},\"query-input\":{\"@type\":\"PropertyValueSpecification\",\"valueRequired\":true,\"valueName\":\"search_term_string\"}}],\"inLanguage\":\"fr-FR\"},{\"@type\":\"Person\",\"@id\":\"https:\\\/\\\/visionarymarketing.com\\\/fr\\\/#\\\/schema\\\/person\\\/3754fee1e558f47b8deb46f53c37423e\",\"name\":\"Yann Gourvennec\",\"image\":{\"@type\":\"ImageObject\",\"inLanguage\":\"fr-FR\",\"@id\":\"https:\\\/\\\/secure.gravatar.com\\\/avatar\\\/5972001801e8de5692a3e31224e85769f50a55fb8b679749f9c8d1868cceff14?s=96&d=initials&r=g&initials=yg\",\"url\":\"https:\\\/\\\/secure.gravatar.com\\\/avatar\\\/5972001801e8de5692a3e31224e85769f50a55fb8b679749f9c8d1868cceff14?s=96&d=initials&r=g&initials=yg\",\"contentUrl\":\"https:\\\/\\\/secure.gravatar.com\\\/avatar\\\/5972001801e8de5692a3e31224e85769f50a55fb8b679749f9c8d1868cceff14?s=96&d=initials&r=g&initials=yg\",\"caption\":\"Yann Gourvennec\"},\"description\":\"Yann Gourvennec created visionarymarketing.com in 1996. He is a speaker and author of many books. In 2014 he went from intrapreneur to entrepreneur, when he created his digital marketing agency. Yann Gourvennec a cr\u00e9\u00e9 visionarymarketing.com en 1996. Il est conf\u00e9rencier et auteur de plusieurs livres. En 2014, il est pass\u00e9 d'intrapreneur \u00e0 entrepreneur en cr\u00e9ant son agence de marketing num\u00e9rique.\",\"sameAs\":[\"https:\\\/\\\/visionarymarketing.com\",\"http:\\\/\\\/facebook.com\\\/ygourven\",\"http:\\\/\\\/linkedin.com\\\/in\\\/ygourven\",\"https:\\\/\\\/x.com\\\/ygourven\",\"https:\\\/\\\/www.youtube.com\\\/c\\\/visionarymarketingagency\"],\"url\":\"https:\\\/\\\/visionarymarketing.com\\\/fr\\\/author\\\/yann-gourvennec\\\/\"}]}<\/script>\n<!-- \/ Yoast SEO plugin. -->","yoast_head_json":{"title":"Uberisation et intelligence artificielle : donner du sens \u00e0 l'IA","description":"On entend souvent\u00a0associer le terme d'uberisation et l'expression intelligence artificielle : s'agit-il d'une d\u00e9rive du progr\u00e8s ?","robots":{"index":"index","follow":"follow","max-snippet":"max-snippet:-1","max-image-preview":"max-image-preview:large","max-video-preview":"max-video-preview:-1"},"canonical":"https:\/\/visionarymarketing.com\/fr\/2017\/02\/28\/uberisation-et-intelligence-artificielle\/","og_locale":"fr_FR","og_type":"article","og_title":"Uberisation et intelligence artificielle : donner du sens \u00e0 l'IA","og_description":"On entend souvent\u00a0associer le terme d'uberisation et l'expression intelligence artificielle : s'agit-il d'une d\u00e9rive du progr\u00e8s ?","og_url":"https:\/\/visionarymarketing.com\/fr\/2017\/02\/28\/uberisation-et-intelligence-artificielle\/","og_site_name":"Marketing and Innovation","article_publisher":"https:\/\/www.facebook.com\/vismktg","article_author":"http:\/\/facebook.com\/ygourven","article_published_time":"2017-02-28T07:30:01+00:00","article_modified_time":"2023-03-02T17:09:21+00:00","og_image":[{"width":519,"height":339,"url":"https:\/\/visionarymarketing.com\/wp-content\/uploads\/2017\/02\/51289vfgbwl-e1650874011784.jpg","type":"image\/jpeg"}],"author":"Yann Gourvennec","twitter_card":"summary_large_image","twitter_creator":"@ygourven","twitter_site":"@ygourven","twitter_misc":{"\u00c9crit par":"Yann Gourvennec","Dur\u00e9e de lecture estim\u00e9e":"6 minutes"},"schema":{"@context":"https:\/\/schema.org","@graph":[{"@type":"NewsArticle","@id":"https:\/\/visionarymarketing.com\/fr\/2017\/02\/28\/uberisation-et-intelligence-artificielle\/#article","isPartOf":{"@id":"https:\/\/visionarymarketing.com\/fr\/2017\/02\/28\/uberisation-et-intelligence-artificielle\/"},"author":{"name":"Yann Gourvennec","@id":"https:\/\/visionarymarketing.com\/fr\/#\/schema\/person\/3754fee1e558f47b8deb46f53c37423e"},"headline":"Uberisation et intelligence artificielle : donner du sens \u00e0 l&rsquo;IA","datePublished":"2017-02-28T07:30:01+00:00","dateModified":"2023-03-02T17:09:21+00:00","mainEntityOfPage":{"@id":"https:\/\/visionarymarketing.com\/fr\/2017\/02\/28\/uberisation-et-intelligence-artificielle\/"},"wordCount":1287,"commentCount":0,"image":{"@id":"https:\/\/visionarymarketing.com\/fr\/2017\/02\/28\/uberisation-et-intelligence-artificielle\/#primaryimage"},"thumbnailUrl":"https:\/\/visionarymarketing.com\/wp-content\/uploads\/2017\/02\/51289vfgbwl-e1650874011784.jpg","articleSection":["marketing digital"],"inLanguage":"fr-FR","potentialAction":[{"@type":"CommentAction","name":"Comment","target":["https:\/\/visionarymarketing.com\/fr\/2017\/02\/28\/uberisation-et-intelligence-artificielle\/#respond"]}]},{"@type":"WebPage","@id":"https:\/\/visionarymarketing.com\/fr\/2017\/02\/28\/uberisation-et-intelligence-artificielle\/","url":"https:\/\/visionarymarketing.com\/fr\/2017\/02\/28\/uberisation-et-intelligence-artificielle\/","name":"Uberisation et intelligence artificielle : donner du sens \u00e0 l'IA","isPartOf":{"@id":"https:\/\/visionarymarketing.com\/fr\/#website"},"primaryImageOfPage":{"@id":"https:\/\/visionarymarketing.com\/fr\/2017\/02\/28\/uberisation-et-intelligence-artificielle\/#primaryimage"},"image":{"@id":"https:\/\/visionarymarketing.com\/fr\/2017\/02\/28\/uberisation-et-intelligence-artificielle\/#primaryimage"},"thumbnailUrl":"https:\/\/visionarymarketing.com\/wp-content\/uploads\/2017\/02\/51289vfgbwl-e1650874011784.jpg","datePublished":"2017-02-28T07:30:01+00:00","dateModified":"2023-03-02T17:09:21+00:00","author":{"@id":"https:\/\/visionarymarketing.com\/fr\/#\/schema\/person\/3754fee1e558f47b8deb46f53c37423e"},"description":"On entend souvent\u00a0associer le terme d'uberisation et l'expression intelligence artificielle : s'agit-il d'une d\u00e9rive du progr\u00e8s ?","breadcrumb":{"@id":"https:\/\/visionarymarketing.com\/fr\/2017\/02\/28\/uberisation-et-intelligence-artificielle\/#breadcrumb"},"inLanguage":"fr-FR","potentialAction":[{"@type":"ReadAction","target":["https:\/\/visionarymarketing.com\/fr\/2017\/02\/28\/uberisation-et-intelligence-artificielle\/"]}]},{"@type":"ImageObject","inLanguage":"fr-FR","@id":"https:\/\/visionarymarketing.com\/fr\/2017\/02\/28\/uberisation-et-intelligence-artificielle\/#primaryimage","url":"https:\/\/visionarymarketing.com\/wp-content\/uploads\/2017\/02\/51289vfgbwl-e1650874011784.jpg","contentUrl":"https:\/\/visionarymarketing.com\/wp-content\/uploads\/2017\/02\/51289vfgbwl-e1650874011784.jpg","width":519,"height":339,"caption":"sens intelligence artificielle"},{"@type":"BreadcrumbList","@id":"https:\/\/visionarymarketing.com\/fr\/2017\/02\/28\/uberisation-et-intelligence-artificielle\/#breadcrumb","itemListElement":[{"@type":"ListItem","position":1,"name":"Home","item":"https:\/\/visionarymarketing.com\/fr\/"},{"@type":"ListItem","position":2,"name":"Uberisation et intelligence artificielle : donner du sens \u00e0 l&rsquo;IA"}]},{"@type":"WebSite","@id":"https:\/\/visionarymarketing.com\/fr\/#website","url":"https:\/\/visionarymarketing.com\/fr\/","name":"Marketing and Innovation","description":"Site d&#039;infos ind\u00e9pendant, depuis 1996","potentialAction":[{"@type":"SearchAction","target":{"@type":"EntryPoint","urlTemplate":"https:\/\/visionarymarketing.com\/fr\/?s={search_term_string}"},"query-input":{"@type":"PropertyValueSpecification","valueRequired":true,"valueName":"search_term_string"}}],"inLanguage":"fr-FR"},{"@type":"Person","@id":"https:\/\/visionarymarketing.com\/fr\/#\/schema\/person\/3754fee1e558f47b8deb46f53c37423e","name":"Yann Gourvennec","image":{"@type":"ImageObject","inLanguage":"fr-FR","@id":"https:\/\/secure.gravatar.com\/avatar\/5972001801e8de5692a3e31224e85769f50a55fb8b679749f9c8d1868cceff14?s=96&d=initials&r=g&initials=yg","url":"https:\/\/secure.gravatar.com\/avatar\/5972001801e8de5692a3e31224e85769f50a55fb8b679749f9c8d1868cceff14?s=96&d=initials&r=g&initials=yg","contentUrl":"https:\/\/secure.gravatar.com\/avatar\/5972001801e8de5692a3e31224e85769f50a55fb8b679749f9c8d1868cceff14?s=96&d=initials&r=g&initials=yg","caption":"Yann Gourvennec"},"description":"Yann Gourvennec created visionarymarketing.com in 1996. He is a speaker and author of many books. In 2014 he went from intrapreneur to entrepreneur, when he created his digital marketing agency. Yann Gourvennec a cr\u00e9\u00e9 visionarymarketing.com en 1996. Il est conf\u00e9rencier et auteur de plusieurs livres. En 2014, il est pass\u00e9 d'intrapreneur \u00e0 entrepreneur en cr\u00e9ant son agence de marketing num\u00e9rique.","sameAs":["https:\/\/visionarymarketing.com","http:\/\/facebook.com\/ygourven","http:\/\/linkedin.com\/in\/ygourven","https:\/\/x.com\/ygourven","https:\/\/www.youtube.com\/c\/visionarymarketingagency"],"url":"https:\/\/visionarymarketing.com\/fr\/author\/yann-gourvennec\/"}]}},"_links":{"self":[{"href":"https:\/\/visionarymarketing.com\/fr\/wp-json\/wp\/v2\/posts\/23444","targetHints":{"allow":["GET"]}}],"collection":[{"href":"https:\/\/visionarymarketing.com\/fr\/wp-json\/wp\/v2\/posts"}],"about":[{"href":"https:\/\/visionarymarketing.com\/fr\/wp-json\/wp\/v2\/types\/post"}],"author":[{"embeddable":true,"href":"https:\/\/visionarymarketing.com\/fr\/wp-json\/wp\/v2\/users\/2"}],"replies":[{"embeddable":true,"href":"https:\/\/visionarymarketing.com\/fr\/wp-json\/wp\/v2\/comments?post=23444"}],"version-history":[{"count":0,"href":"https:\/\/visionarymarketing.com\/fr\/wp-json\/wp\/v2\/posts\/23444\/revisions"}],"wp:featuredmedia":[{"embeddable":true,"href":"https:\/\/visionarymarketing.com\/fr\/wp-json\/wp\/v2\/media\/68272"}],"wp:attachment":[{"href":"https:\/\/visionarymarketing.com\/fr\/wp-json\/wp\/v2\/media?parent=23444"}],"wp:term":[{"taxonomy":"category","embeddable":true,"href":"https:\/\/visionarymarketing.com\/fr\/wp-json\/wp\/v2\/categories?post=23444"},{"taxonomy":"post_tag","embeddable":true,"href":"https:\/\/visionarymarketing.com\/fr\/wp-json\/wp\/v2\/tags?post=23444"}],"curies":[{"name":"wp","href":"https:\/\/api.w.org\/{rel}","templated":true}]}}