{"id":2332,"date":"2010-02-11T08:08:46","date_gmt":"2010-02-11T07:08:46","guid":{"rendered":"http:\/\/visionary.wordpress.com\/?p=2332"},"modified":"2021-05-27T15:53:52","modified_gmt":"2021-05-27T13:53:52","slug":"diversite-entreprise","status":"publish","type":"post","link":"https:\/\/visionarymarketing.com\/fr\/2010\/02\/11\/diversite-entreprise\/","title":{"rendered":"Nos quartiers ont des talents promeut la diversit\u00e9 dans l&rsquo;entreprise"},"content":{"rendered":"<p><span class=\"removed_link\" title=\"https:\/\/visionarymarketing.com\/nous-soutenons\/\"><img decoding=\"async\" class=\"alignleft size-medium wp-image-2281\" style=\"margin-left: 5px; margin-right: 5px;\" title=\"NQT_logo\" src=\"https:\/\/visionarymarketing.com\/wp-content\/uploads\/2010\/02\/nqt_logo.jpg?w=300\" alt=\"nos quartiers ont des talents\" width=\"300\" height=\"66\" srcset=\"https:\/\/visionarymarketing.com\/wp-content\/uploads\/2010\/02\/nqt_logo-300x66.jpg 300w, https:\/\/visionarymarketing.com\/wp-content\/uploads\/2010\/02\/nqt_logo-1024x226.jpg 1024w\" sizes=\"(max-width: 300px) 100vw, 300px\" \/><\/span>Ce n&rsquo;est pas mon habitude de faire de la pub. Les communiqu\u00e9s de presse \u00e0 la grand Papa n&rsquo;ont d&rsquo;ailleurs pas droit de cit\u00e9 sur ce blog, vous le savez et c&rsquo;est aussi pour cela que vous revenez nombreux tous les jours, je vous en remercie. Mais l&rsquo;\u00e9thique a aussi une place importante sur ce blog et sur le site <a title=\"Visionary Marketing\" href=\"https:\/\/agence.visionarymarketing.com\/fr\/\" target=\"_blank\" rel=\"noopener noreferrer\">Visionarymarketing.com<\/a> depuis sa cr\u00e9ation en 1996. Ces pr\u00e9liminaires pass\u00e9s, et m&rsquo;\u00e9tant justifi\u00e9, je m&rsquo;autorise donc \u00e0 faire de la pub aujourd&rsquo;hui, et ceci pour <strong>une bonne cause<\/strong> et je suis s\u00fbr que vous me comprendrez et que vous nous rejoindrez dans cette aventure.<\/p>\n<p>Nos quartiers ont des talents promeut la diversit\u00e9 dans l&rsquo;entreprise<\/p>\n<figure id=\"attachment_55890\" aria-describedby=\"caption-attachment-55890\" style=\"width: 567px\" class=\"wp-caption aligncenter\"><a href=\"https:\/\/visionarymarketing.com\/wp-content\/uploads\/2010\/07\/jumpstory-download20200827-162548-scaled-e1598545752138.jpg\"><img decoding=\"async\" class=\"wp-image-55890 size-full\" src=\"https:\/\/visionarymarketing.com\/wp-content\/uploads\/2010\/07\/jumpstory-download20200827-162548-scaled-e1598545752138.jpg\" alt=\"Nos quartiers ont des talents promeut la diversit\u00e9 dans l'entreprise\" width=\"567\" height=\"340\" \/><\/a><figcaption id=\"caption-attachment-55890\" class=\"wp-caption-text\">Montez dans le train de nos quartiers ont des talents !<\/figcaption><\/figure>\n<p>J\u2019ai le plaisir de soutenir l\u2019association <em><strong><a title=\"Nos quartiers ont des talents\" href=\"https:\/\/www.nqt.fr\" target=\"_blank\" rel=\"noopener noreferrer\">Nos Quartiers Ont Des Talents<\/a><\/strong> <\/em>dont la mission est de promouvoir et d\u2019aider les jeunes des quartiers ayant r\u00e9ussi leurs \u00e9tudes \u00e0 trouver une situation \u00e0 la hauteur de leur talent, \u00e0 \u00e9galit\u00e9 de chances, ceci malgr\u00e9 l\u2019absence de r\u00e9seau familial ou de relations.<!--more--><\/p>\n<p>Comme l\u2019explique Yazid Chir, co-fondateur de l\u2019association dans la vid\u00e9o ci-dessous, \u00ab\u00a0les projecteurs sont braqu\u00e9s \u00e0 tort sur les petits d\u00e9linquants\u00a0\u00bb alors que nous passons \u00e0 c\u00f4t\u00e9 d\u2019\u00e9normes talents et des chances incroyables de nous enrichir dans la diversit\u00e9 culturelle et des origines. Ceci est une chance pour les entreprises, mais aussi pour\u00a0 la soci\u00e9t\u00e9 en g\u00e9n\u00e9ral car <strong>la diversit\u00e9 est cr\u00e9atrice d\u2019innovation<\/strong> et c\u2019est aussi pour cela que ce soutien est pertinent, sur le blog du Marketing &amp; de l\u2019Innovation. Changeons les choses ensemble !<\/p>\n<p><img decoding=\"async\" class=\"size-thumbnail wp-image-2329 \" title=\"rejoindre l'association\" src=\"https:\/\/visionarymarketing.com\/wp-content\/uploads\/2010\/02\/rejoindre-lassociation.gif?w=145\" alt=\"rejoindre l'association\" width=\"145\" height=\"150\" \/><\/p>\n<p>Gr\u00e2ce \u00e0 l\u2019association, les <em><a title=\"devenir parrain de Nos Quartiers Ont des Talents\" href=\"https:\/\/web.archive.org\/web\/20111026045405\/http:\/\/www.nosquartiers-talents.com:80\/228\/pourquoi-devenir-parrain.html\" target=\"_blank\" rel=\"noopener noreferrer\"><strong>parrains<\/strong><\/a><\/em>mettent leur propre r\u00e9seau \u00e0 disposition des jeunes qui ont \u00e9t\u00e9 remarqu\u00e9s. Un processus d\u2019\u00e9valuation du jeune par le parrain permet de valider sa motivation afin de mieux comprendre ses comp\u00e9tences et de mieux l\u2019aider dans sa recherche. Amina Benjelloun (voir son contact ci-dessus) est votre contact privil\u00e9gi\u00e9 pour rejoindre l\u2019association.<\/p>\n<p>En conclusion, l\u2019association aide-t-elle les entreprises en favorisant le recrutement de jeunes motiv\u00e9s et comp\u00e9tents, et oeuvre-t-elle aussi \u00e0 la lutte contre les discriminations, sociales ou autres. C\u2019est une relation gagnant-gagnant.<\/p>\n<p><em>Lire la suite du dossier sur notre page d\u00e9di\u00e9e \u00e0 <span class=\"removed_link\" title=\"https:\/\/visionarymarketing.com\/nous-soutenons\/\"><strong>Nos Quartiers Ont Des Talents<\/strong><\/span><\/em><\/p>\n","protected":false},"excerpt":{"rendered":"<p>Ce n&rsquo;est pas mon habitude de faire de la pub. Les communiqu\u00e9s de presse \u00e0 la grand Papa n&rsquo;ont d&rsquo;ailleurs pas droit de cit\u00e9 sur ce blog, vous le savez et c&rsquo;est aussi pour cela que vous revenez nombreux tous les jours, je vous en remercie. Mais l&rsquo;\u00e9thique a aussi une place importante sur ce &hellip;<\/p>\n","protected":false},"author":2,"featured_media":55890,"comment_status":"open","ping_status":"open","sticky":false,"template":"","format":"standard","meta":{"footnotes":""},"categories":[134],"tags":[],"class_list":["post-2332","post","type-post","status-publish","format-standard","has-post-thumbnail","hentry","category-economie"],"yoast_head":"<!-- This site is optimized with the Yoast SEO plugin v27.5 - https:\/\/yoast.com\/product\/yoast-seo-wordpress\/ -->\n<title>Nos quartiers ont des talents promeut la diversit\u00e9 dans l&#039;entreprise<\/title>\n<meta name=\"description\" content=\"Nos quartiers ont des talents est une association qui promeut la diversit\u00e9 dans les entreprises. Elle recherche des parrains pour cela.\" \/>\n<meta name=\"robots\" content=\"index, follow, max-snippet:-1, max-image-preview:large, max-video-preview:-1\" \/>\n<link rel=\"canonical\" href=\"https:\/\/visionarymarketing.com\/fr\/2010\/02\/11\/diversite-entreprise\/\" \/>\n<meta property=\"og:locale\" content=\"fr_FR\" \/>\n<meta property=\"og:type\" content=\"article\" \/>\n<meta property=\"og:title\" content=\"Nos quartiers ont des talents promeut la diversit\u00e9 dans l&#039;entreprise\" \/>\n<meta property=\"og:description\" content=\"Nos quartiers ont des talents est une association qui promeut la diversit\u00e9 dans les entreprises. Elle recherche des parrains pour cela.\" \/>\n<meta property=\"og:url\" content=\"https:\/\/visionarymarketing.com\/fr\/2010\/02\/11\/diversite-entreprise\/\" \/>\n<meta property=\"og:site_name\" content=\"Marketing and Innovation\" \/>\n<meta property=\"article:publisher\" content=\"https:\/\/www.facebook.com\/vismktg\" \/>\n<meta property=\"article:author\" content=\"http:\/\/facebook.com\/ygourven\" \/>\n<meta property=\"article:published_time\" content=\"2010-02-11T07:08:46+00:00\" \/>\n<meta property=\"article:modified_time\" content=\"2021-05-27T13:53:52+00:00\" \/>\n<meta property=\"og:image\" content=\"https:\/\/visionarymarketing.com\/wp-content\/uploads\/2010\/07\/jumpstory-download20200827-162548-scaled-e1598545752138.jpg\" \/>\n\t<meta property=\"og:image:width\" content=\"567\" \/>\n\t<meta property=\"og:image:height\" content=\"340\" \/>\n\t<meta property=\"og:image:type\" content=\"image\/jpeg\" \/>\n<meta name=\"author\" content=\"Yann Gourvennec\" \/>\n<meta name=\"twitter:card\" content=\"summary_large_image\" \/>\n<meta name=\"twitter:creator\" content=\"@ygourven\" \/>\n<meta name=\"twitter:site\" content=\"@ygourven\" \/>\n<meta name=\"twitter:label1\" content=\"\u00c9crit par\" \/>\n\t<meta name=\"twitter:data1\" content=\"Yann Gourvennec\" \/>\n\t<meta name=\"twitter:label2\" content=\"Dur\u00e9e de lecture estim\u00e9e\" \/>\n\t<meta name=\"twitter:data2\" content=\"2 minutes\" \/>\n<script type=\"application\/ld+json\" class=\"yoast-schema-graph\">{\"@context\":\"https:\\\/\\\/schema.org\",\"@graph\":[{\"@type\":\"NewsArticle\",\"@id\":\"https:\\\/\\\/visionarymarketing.com\\\/fr\\\/2010\\\/02\\\/11\\\/diversite-entreprise\\\/#article\",\"isPartOf\":{\"@id\":\"https:\\\/\\\/visionarymarketing.com\\\/fr\\\/2010\\\/02\\\/11\\\/diversite-entreprise\\\/\"},\"author\":{\"name\":\"Yann Gourvennec\",\"@id\":\"https:\\\/\\\/visionarymarketing.com\\\/fr\\\/#\\\/schema\\\/person\\\/3754fee1e558f47b8deb46f53c37423e\"},\"headline\":\"Nos quartiers ont des talents promeut la diversit\u00e9 dans l&rsquo;entreprise\",\"datePublished\":\"2010-02-11T07:08:46+00:00\",\"dateModified\":\"2021-05-27T13:53:52+00:00\",\"mainEntityOfPage\":{\"@id\":\"https:\\\/\\\/visionarymarketing.com\\\/fr\\\/2010\\\/02\\\/11\\\/diversite-entreprise\\\/\"},\"wordCount\":416,\"commentCount\":0,\"image\":{\"@id\":\"https:\\\/\\\/visionarymarketing.com\\\/fr\\\/2010\\\/02\\\/11\\\/diversite-entreprise\\\/#primaryimage\"},\"thumbnailUrl\":\"https:\\\/\\\/visionarymarketing.com\\\/wp-content\\\/uploads\\\/2010\\\/07\\\/jumpstory-download20200827-162548-scaled-e1598545752138.jpg\",\"articleSection\":[\"\u00e9conomie et num\u00e9rique\"],\"inLanguage\":\"fr-FR\",\"potentialAction\":[{\"@type\":\"CommentAction\",\"name\":\"Comment\",\"target\":[\"https:\\\/\\\/visionarymarketing.com\\\/fr\\\/2010\\\/02\\\/11\\\/diversite-entreprise\\\/#respond\"]}]},{\"@type\":\"WebPage\",\"@id\":\"https:\\\/\\\/visionarymarketing.com\\\/fr\\\/2010\\\/02\\\/11\\\/diversite-entreprise\\\/\",\"url\":\"https:\\\/\\\/visionarymarketing.com\\\/fr\\\/2010\\\/02\\\/11\\\/diversite-entreprise\\\/\",\"name\":\"Nos quartiers ont des talents promeut la diversit\u00e9 dans l'entreprise\",\"isPartOf\":{\"@id\":\"https:\\\/\\\/visionarymarketing.com\\\/fr\\\/#website\"},\"primaryImageOfPage\":{\"@id\":\"https:\\\/\\\/visionarymarketing.com\\\/fr\\\/2010\\\/02\\\/11\\\/diversite-entreprise\\\/#primaryimage\"},\"image\":{\"@id\":\"https:\\\/\\\/visionarymarketing.com\\\/fr\\\/2010\\\/02\\\/11\\\/diversite-entreprise\\\/#primaryimage\"},\"thumbnailUrl\":\"https:\\\/\\\/visionarymarketing.com\\\/wp-content\\\/uploads\\\/2010\\\/07\\\/jumpstory-download20200827-162548-scaled-e1598545752138.jpg\",\"datePublished\":\"2010-02-11T07:08:46+00:00\",\"dateModified\":\"2021-05-27T13:53:52+00:00\",\"author\":{\"@id\":\"https:\\\/\\\/visionarymarketing.com\\\/fr\\\/#\\\/schema\\\/person\\\/3754fee1e558f47b8deb46f53c37423e\"},\"description\":\"Nos quartiers ont des talents est une association qui promeut la diversit\u00e9 dans les entreprises. Elle recherche des parrains pour cela.\",\"breadcrumb\":{\"@id\":\"https:\\\/\\\/visionarymarketing.com\\\/fr\\\/2010\\\/02\\\/11\\\/diversite-entreprise\\\/#breadcrumb\"},\"inLanguage\":\"fr-FR\",\"potentialAction\":[{\"@type\":\"ReadAction\",\"target\":[\"https:\\\/\\\/visionarymarketing.com\\\/fr\\\/2010\\\/02\\\/11\\\/diversite-entreprise\\\/\"]}]},{\"@type\":\"ImageObject\",\"inLanguage\":\"fr-FR\",\"@id\":\"https:\\\/\\\/visionarymarketing.com\\\/fr\\\/2010\\\/02\\\/11\\\/diversite-entreprise\\\/#primaryimage\",\"url\":\"https:\\\/\\\/visionarymarketing.com\\\/wp-content\\\/uploads\\\/2010\\\/07\\\/jumpstory-download20200827-162548-scaled-e1598545752138.jpg\",\"contentUrl\":\"https:\\\/\\\/visionarymarketing.com\\\/wp-content\\\/uploads\\\/2010\\\/07\\\/jumpstory-download20200827-162548-scaled-e1598545752138.jpg\",\"width\":567,\"height\":340},{\"@type\":\"BreadcrumbList\",\"@id\":\"https:\\\/\\\/visionarymarketing.com\\\/fr\\\/2010\\\/02\\\/11\\\/diversite-entreprise\\\/#breadcrumb\",\"itemListElement\":[{\"@type\":\"ListItem\",\"position\":1,\"name\":\"Home\",\"item\":\"https:\\\/\\\/visionarymarketing.com\\\/fr\\\/\"},{\"@type\":\"ListItem\",\"position\":2,\"name\":\"Nos quartiers ont des talents promeut la diversit\u00e9 dans l&rsquo;entreprise\"}]},{\"@type\":\"WebSite\",\"@id\":\"https:\\\/\\\/visionarymarketing.com\\\/fr\\\/#website\",\"url\":\"https:\\\/\\\/visionarymarketing.com\\\/fr\\\/\",\"name\":\"Marketing and Innovation\",\"description\":\"Site d&#039;infos ind\u00e9pendant, depuis 1996\",\"potentialAction\":[{\"@type\":\"SearchAction\",\"target\":{\"@type\":\"EntryPoint\",\"urlTemplate\":\"https:\\\/\\\/visionarymarketing.com\\\/fr\\\/?s={search_term_string}\"},\"query-input\":{\"@type\":\"PropertyValueSpecification\",\"valueRequired\":true,\"valueName\":\"search_term_string\"}}],\"inLanguage\":\"fr-FR\"},{\"@type\":\"Person\",\"@id\":\"https:\\\/\\\/visionarymarketing.com\\\/fr\\\/#\\\/schema\\\/person\\\/3754fee1e558f47b8deb46f53c37423e\",\"name\":\"Yann Gourvennec\",\"image\":{\"@type\":\"ImageObject\",\"inLanguage\":\"fr-FR\",\"@id\":\"https:\\\/\\\/secure.gravatar.com\\\/avatar\\\/5972001801e8de5692a3e31224e85769f50a55fb8b679749f9c8d1868cceff14?s=96&d=initials&r=g&initials=yg\",\"url\":\"https:\\\/\\\/secure.gravatar.com\\\/avatar\\\/5972001801e8de5692a3e31224e85769f50a55fb8b679749f9c8d1868cceff14?s=96&d=initials&r=g&initials=yg\",\"contentUrl\":\"https:\\\/\\\/secure.gravatar.com\\\/avatar\\\/5972001801e8de5692a3e31224e85769f50a55fb8b679749f9c8d1868cceff14?s=96&d=initials&r=g&initials=yg\",\"caption\":\"Yann Gourvennec\"},\"description\":\"Yann Gourvennec created visionarymarketing.com in 1996. He is a speaker and author of many books. In 2014 he went from intrapreneur to entrepreneur, when he created his digital marketing agency. Yann Gourvennec a cr\u00e9\u00e9 visionarymarketing.com en 1996. Il est conf\u00e9rencier et auteur de plusieurs livres. En 2014, il est pass\u00e9 d'intrapreneur \u00e0 entrepreneur en cr\u00e9ant son agence de marketing num\u00e9rique.\",\"sameAs\":[\"https:\\\/\\\/visionarymarketing.com\",\"http:\\\/\\\/facebook.com\\\/ygourven\",\"http:\\\/\\\/linkedin.com\\\/in\\\/ygourven\",\"https:\\\/\\\/x.com\\\/ygourven\",\"https:\\\/\\\/www.youtube.com\\\/c\\\/visionarymarketingagency\"],\"url\":\"https:\\\/\\\/visionarymarketing.com\\\/fr\\\/author\\\/yann-gourvennec\\\/\"}]}<\/script>\n<!-- \/ Yoast SEO plugin. -->","yoast_head_json":{"title":"Nos quartiers ont des talents promeut la diversit\u00e9 dans l'entreprise","description":"Nos quartiers ont des talents est une association qui promeut la diversit\u00e9 dans les entreprises. Elle recherche des parrains pour cela.","robots":{"index":"index","follow":"follow","max-snippet":"max-snippet:-1","max-image-preview":"max-image-preview:large","max-video-preview":"max-video-preview:-1"},"canonical":"https:\/\/visionarymarketing.com\/fr\/2010\/02\/11\/diversite-entreprise\/","og_locale":"fr_FR","og_type":"article","og_title":"Nos quartiers ont des talents promeut la diversit\u00e9 dans l'entreprise","og_description":"Nos quartiers ont des talents est une association qui promeut la diversit\u00e9 dans les entreprises. Elle recherche des parrains pour cela.","og_url":"https:\/\/visionarymarketing.com\/fr\/2010\/02\/11\/diversite-entreprise\/","og_site_name":"Marketing and Innovation","article_publisher":"https:\/\/www.facebook.com\/vismktg","article_author":"http:\/\/facebook.com\/ygourven","article_published_time":"2010-02-11T07:08:46+00:00","article_modified_time":"2021-05-27T13:53:52+00:00","og_image":[{"width":567,"height":340,"url":"https:\/\/visionarymarketing.com\/wp-content\/uploads\/2010\/07\/jumpstory-download20200827-162548-scaled-e1598545752138.jpg","type":"image\/jpeg"}],"author":"Yann Gourvennec","twitter_card":"summary_large_image","twitter_creator":"@ygourven","twitter_site":"@ygourven","twitter_misc":{"\u00c9crit par":"Yann Gourvennec","Dur\u00e9e de lecture estim\u00e9e":"2 minutes"},"schema":{"@context":"https:\/\/schema.org","@graph":[{"@type":"NewsArticle","@id":"https:\/\/visionarymarketing.com\/fr\/2010\/02\/11\/diversite-entreprise\/#article","isPartOf":{"@id":"https:\/\/visionarymarketing.com\/fr\/2010\/02\/11\/diversite-entreprise\/"},"author":{"name":"Yann Gourvennec","@id":"https:\/\/visionarymarketing.com\/fr\/#\/schema\/person\/3754fee1e558f47b8deb46f53c37423e"},"headline":"Nos quartiers ont des talents promeut la diversit\u00e9 dans l&rsquo;entreprise","datePublished":"2010-02-11T07:08:46+00:00","dateModified":"2021-05-27T13:53:52+00:00","mainEntityOfPage":{"@id":"https:\/\/visionarymarketing.com\/fr\/2010\/02\/11\/diversite-entreprise\/"},"wordCount":416,"commentCount":0,"image":{"@id":"https:\/\/visionarymarketing.com\/fr\/2010\/02\/11\/diversite-entreprise\/#primaryimage"},"thumbnailUrl":"https:\/\/visionarymarketing.com\/wp-content\/uploads\/2010\/07\/jumpstory-download20200827-162548-scaled-e1598545752138.jpg","articleSection":["\u00e9conomie et num\u00e9rique"],"inLanguage":"fr-FR","potentialAction":[{"@type":"CommentAction","name":"Comment","target":["https:\/\/visionarymarketing.com\/fr\/2010\/02\/11\/diversite-entreprise\/#respond"]}]},{"@type":"WebPage","@id":"https:\/\/visionarymarketing.com\/fr\/2010\/02\/11\/diversite-entreprise\/","url":"https:\/\/visionarymarketing.com\/fr\/2010\/02\/11\/diversite-entreprise\/","name":"Nos quartiers ont des talents promeut la diversit\u00e9 dans l'entreprise","isPartOf":{"@id":"https:\/\/visionarymarketing.com\/fr\/#website"},"primaryImageOfPage":{"@id":"https:\/\/visionarymarketing.com\/fr\/2010\/02\/11\/diversite-entreprise\/#primaryimage"},"image":{"@id":"https:\/\/visionarymarketing.com\/fr\/2010\/02\/11\/diversite-entreprise\/#primaryimage"},"thumbnailUrl":"https:\/\/visionarymarketing.com\/wp-content\/uploads\/2010\/07\/jumpstory-download20200827-162548-scaled-e1598545752138.jpg","datePublished":"2010-02-11T07:08:46+00:00","dateModified":"2021-05-27T13:53:52+00:00","author":{"@id":"https:\/\/visionarymarketing.com\/fr\/#\/schema\/person\/3754fee1e558f47b8deb46f53c37423e"},"description":"Nos quartiers ont des talents est une association qui promeut la diversit\u00e9 dans les entreprises. Elle recherche des parrains pour cela.","breadcrumb":{"@id":"https:\/\/visionarymarketing.com\/fr\/2010\/02\/11\/diversite-entreprise\/#breadcrumb"},"inLanguage":"fr-FR","potentialAction":[{"@type":"ReadAction","target":["https:\/\/visionarymarketing.com\/fr\/2010\/02\/11\/diversite-entreprise\/"]}]},{"@type":"ImageObject","inLanguage":"fr-FR","@id":"https:\/\/visionarymarketing.com\/fr\/2010\/02\/11\/diversite-entreprise\/#primaryimage","url":"https:\/\/visionarymarketing.com\/wp-content\/uploads\/2010\/07\/jumpstory-download20200827-162548-scaled-e1598545752138.jpg","contentUrl":"https:\/\/visionarymarketing.com\/wp-content\/uploads\/2010\/07\/jumpstory-download20200827-162548-scaled-e1598545752138.jpg","width":567,"height":340},{"@type":"BreadcrumbList","@id":"https:\/\/visionarymarketing.com\/fr\/2010\/02\/11\/diversite-entreprise\/#breadcrumb","itemListElement":[{"@type":"ListItem","position":1,"name":"Home","item":"https:\/\/visionarymarketing.com\/fr\/"},{"@type":"ListItem","position":2,"name":"Nos quartiers ont des talents promeut la diversit\u00e9 dans l&rsquo;entreprise"}]},{"@type":"WebSite","@id":"https:\/\/visionarymarketing.com\/fr\/#website","url":"https:\/\/visionarymarketing.com\/fr\/","name":"Marketing and Innovation","description":"Site d&#039;infos ind\u00e9pendant, depuis 1996","potentialAction":[{"@type":"SearchAction","target":{"@type":"EntryPoint","urlTemplate":"https:\/\/visionarymarketing.com\/fr\/?s={search_term_string}"},"query-input":{"@type":"PropertyValueSpecification","valueRequired":true,"valueName":"search_term_string"}}],"inLanguage":"fr-FR"},{"@type":"Person","@id":"https:\/\/visionarymarketing.com\/fr\/#\/schema\/person\/3754fee1e558f47b8deb46f53c37423e","name":"Yann Gourvennec","image":{"@type":"ImageObject","inLanguage":"fr-FR","@id":"https:\/\/secure.gravatar.com\/avatar\/5972001801e8de5692a3e31224e85769f50a55fb8b679749f9c8d1868cceff14?s=96&d=initials&r=g&initials=yg","url":"https:\/\/secure.gravatar.com\/avatar\/5972001801e8de5692a3e31224e85769f50a55fb8b679749f9c8d1868cceff14?s=96&d=initials&r=g&initials=yg","contentUrl":"https:\/\/secure.gravatar.com\/avatar\/5972001801e8de5692a3e31224e85769f50a55fb8b679749f9c8d1868cceff14?s=96&d=initials&r=g&initials=yg","caption":"Yann Gourvennec"},"description":"Yann Gourvennec created visionarymarketing.com in 1996. He is a speaker and author of many books. In 2014 he went from intrapreneur to entrepreneur, when he created his digital marketing agency. Yann Gourvennec a cr\u00e9\u00e9 visionarymarketing.com en 1996. Il est conf\u00e9rencier et auteur de plusieurs livres. En 2014, il est pass\u00e9 d'intrapreneur \u00e0 entrepreneur en cr\u00e9ant son agence de marketing num\u00e9rique.","sameAs":["https:\/\/visionarymarketing.com","http:\/\/facebook.com\/ygourven","http:\/\/linkedin.com\/in\/ygourven","https:\/\/x.com\/ygourven","https:\/\/www.youtube.com\/c\/visionarymarketingagency"],"url":"https:\/\/visionarymarketing.com\/fr\/author\/yann-gourvennec\/"}]}},"_links":{"self":[{"href":"https:\/\/visionarymarketing.com\/fr\/wp-json\/wp\/v2\/posts\/2332","targetHints":{"allow":["GET"]}}],"collection":[{"href":"https:\/\/visionarymarketing.com\/fr\/wp-json\/wp\/v2\/posts"}],"about":[{"href":"https:\/\/visionarymarketing.com\/fr\/wp-json\/wp\/v2\/types\/post"}],"author":[{"embeddable":true,"href":"https:\/\/visionarymarketing.com\/fr\/wp-json\/wp\/v2\/users\/2"}],"replies":[{"embeddable":true,"href":"https:\/\/visionarymarketing.com\/fr\/wp-json\/wp\/v2\/comments?post=2332"}],"version-history":[{"count":0,"href":"https:\/\/visionarymarketing.com\/fr\/wp-json\/wp\/v2\/posts\/2332\/revisions"}],"wp:featuredmedia":[{"embeddable":true,"href":"https:\/\/visionarymarketing.com\/fr\/wp-json\/wp\/v2\/media\/55890"}],"wp:attachment":[{"href":"https:\/\/visionarymarketing.com\/fr\/wp-json\/wp\/v2\/media?parent=2332"}],"wp:term":[{"taxonomy":"category","embeddable":true,"href":"https:\/\/visionarymarketing.com\/fr\/wp-json\/wp\/v2\/categories?post=2332"},{"taxonomy":"post_tag","embeddable":true,"href":"https:\/\/visionarymarketing.com\/fr\/wp-json\/wp\/v2\/tags?post=2332"}],"curies":[{"name":"wp","href":"https:\/\/api.w.org\/{rel}","templated":true}]}}