{"id":22665,"date":"2016-12-02T09:28:00","date_gmt":"2016-12-02T08:28:00","guid":{"rendered":"http:\/\/visionarymarketing.fr\/blog?p=22665&#038;preview=true&#038;preview_id=22665"},"modified":"2024-05-05T19:28:24","modified_gmt":"2024-05-05T17:28:24","slug":"sommets-du-digital","status":"publish","type":"post","link":"https:\/\/visionarymarketing.com\/fr\/2016\/12\/02\/sommets-du-digital\/","title":{"rendered":"Les Sommets du Digital au sommet de la montagne"},"content":{"rendered":"<p><em>Faut-il parler de digital ou de num\u00e9rique? Les amoureux de la langue fran\u00e7aise (dont je suis) ont un faible pour \u00ab\u00a0num\u00e9rique\u00a0\u00bb. Mais \u00ab\u00a0digital\u00a0\u00bb \u00e7a sonne bien aussi. Comme le sugg\u00e8re le titre du livre de Michel Serres\u00a0La Petite Poucette, \u00a0le \u00ab\u00a0digital\u00a0\u00bb , au final, ce sont des doigts qui courent sur un clavier ou sur un \u00e9cran. En fait, peu importe son nom, ce qui compte c&rsquo;est de d\u00e9battre de ce qu&rsquo;il nous apporte. C&rsquo;est justement ce que propose la deuxi\u00e8me \u00e9dition des\u00a0<a href=\"http:\/\/les-sommets-du-digital.com\/\">Sommets du Digital<\/a><\/em><\/p>\n<h2><strong>Le digital c&rsquo;est la libert\u00e9 et la fluidit\u00e9<\/strong><\/h2>\n<p>Selon Anne de Kerckhove, PDG de Iron Group et Iron Capital, \u00a0une des intervenantes, le digital c&rsquo;est la libert\u00e9 et la fluidit\u00e9. Ce sont les deux concepts\u00a0\u00a0qui fa\u00e7onnent sa vision du digital et qu&rsquo;elle pr\u00e9sentera aux Sommets. Avant-go\u00fbt dans son interview vid\u00e9o ici :<\/p>\n<p><iframe title=\"Anne de Kerckhove partagera les 2 concepts qui fa\u00e7onnent sa vision du digital aux Sommets du Digital\" width=\"500\" height=\"281\" src=\"https:\/\/www.youtube.com\/embed\/7aSOikXGxl8?feature=oembed\" frameborder=\"0\" allow=\"accelerometer; autoplay; clipboard-write; encrypted-media; gyroscope; picture-in-picture; web-share\" referrerpolicy=\"strict-origin-when-cross-origin\" allowfullscreen><\/iframe><\/p>\n<p><a href=\"http:\/\/les-sommets-du-digital.com\/actualites-2\/\">D&rsquo;autres\u00a0interviews d&rsquo;intervenants sont en ligne ici<\/a><br \/>\n<!--more--><strong>Les Sommets du Digital : Mix entre networking, fun et contenu.<\/strong><\/p>\n<figure id=\"attachment_22707\" aria-describedby=\"caption-attachment-22707\" style=\"width: 470px\" class=\"wp-caption aligncenter\"><img decoding=\"async\" class=\"size-full wp-image-22707\" src=\"https:\/\/visionarymarketing.com\/wp-content\/uploads\/2016\/11\/bandeau.jpg\" alt=\"Les Sommets du Digital\" width=\"470\" height=\"136\" \/><figcaption id=\"caption-attachment-22707\" class=\"wp-caption-text\">Les Sommets du Digital<\/figcaption><\/figure>\n<p>Marrain\u00e9e par Axelle Lemaire, \u00a0deuxi\u00e8me \u00e9dition de ce \u00e9v\u00e9nement unique r\u00e9unira 300 participants et 45 speakers autour d&rsquo;un programme tonique, ludique et interactif\u00a0 afin \u00ab\u00a0d&rsquo;imaginer demain pour r\u00e9ussir aujourd\u2019hui\u00a0\u00bb.\u00a0 Les Sommets du Digital sont\u00a0un mix entre partage de contenu et des soir\u00e9es hors normes au c\u0153ur de la montagne avec tipis, randonn\u00e9es aux flambeaux, sculptures sur glace&#8230;<\/p>\n<p>45 intervenants prendront la parole autour de 5 th\u00e8mes : <strong>&#8211; Le digital sera humain<\/strong><strong> &#8211; Le nouveau client digital<br \/>\n&#8211; La technologie au service de l\u2019innovation<br \/>\n&#8211; Changement de civilisation<br \/>\n&#8211; Votre business en 2017<\/strong> L\u2019animation des d\u00e9bats et des conf\u00e9rences sera assur\u00e9e par le duo de choc David Abiker, auteur et chroniqueur radio TV, et PPC, co-fondateur de WeScopeTV, sp\u00e9cialiste de l&rsquo;innovation, de la transformation digitale et animateur de conf\u00e9rences.<\/p>\n<p>Ce programme complet pour partager, \u00e9changer et networker aboutira \u00e0 un livre retra\u00e7ant les interventions et les moments forts de l\u2019\u00e9dition 2017. <a href=\"http:\/\/bit.ly\/2cD0eO4\">NB\u00a0: le livre sur l\u2019\u00e9dition 2016 est paru en Mars 2016 et est disponible ici.\u00a0<\/a> Rappelons que et \u00e9v\u00e9nement est organis\u00e9 par Les Editions Kawa dont Xavier Wargnier et Henri Kaufman sont les fondateurs et qu&rsquo;ils y mettent tout leur coeur et toute leur \u00e2me. Ce n&rsquo;est pas peu dire si vous avez la chance de les conna\u00eetre.<\/p>\n<p>Rejoignez-nous dans cettte aventure qui place le digital aux Sommets. Inscrivez-vous vite (le code promo\u00a0XAVIER-SOMDIG vous donne droit \u00e0 une r\u00e9duction:\u00a0<a href=\"http:\/\/les-sommets-du-digital.com\/les-offres\/\">http:\/\/les-sommets-du-digital.com\/les-offres\/<\/a><\/p>\n<h2><strong>Quelques-uns des 45 speakers :<\/strong><\/h2>\n<p>&#8211;\u00a0Gilles Babinet (Captain Dash) Digital champion<br \/>\n&#8211; Jean-Michel Billaut, pr\u00e9sident fondateur de L\u2019Atelier BNP Paribas, personnalit\u00e9 de l\u2019ann\u00e9e par l\u2019ACSEL<br \/>\n&#8211; Thu Trinh-Bouvier, Responsable Nouveaux M\u00e9dias \u00e0 la Direction de Communication &amp; New Business de Vivendi<br \/>\n&#8211; Laurence Bret, Sr Marketing Director de LinkedIn<br \/>\n&#8211; Rebecka Coutaz, Studio Manager chez Ubisoft<br \/>\n&#8211; Manuel Diaz, Pr\u00e9sident Emakina.FR<br \/>\n&#8211; Yann Gourvennec, fondateur de Visionary Marketing<br \/>\n&#8211; Edgar Grospiron, champion olympique et conf\u00e9rencier<br \/>\n&#8211; St\u00e9phanie Hospital fondatrice de One Ragtime<br \/>\n&#8211; Gr\u00e9goire Kaufman, directeur commercial et marketing de Carrefour Italie<br \/>\n&#8211; Anne de Kerckhove, DG Iron Group et Iron Capital<br \/>\n&#8211; Pascal Lannoo, Directeur Customer Experience Digitale de Voyages\u00a0SNCF&#8230;<br \/>\n&#8211; Xavier Perret, Chief Digital Officer B2B de Orange<br \/>\n&#8211; Matthieu Wargnier, DRH du groupe et du Comit\u00e9 Ex\u00e9cutif Nexity<\/p>\n<p>Et bien d\u2019autres encore\u2026<\/p>\n","protected":false},"excerpt":{"rendered":"<p>Faut-il parler de digital ou de num\u00e9rique? Les amoureux de la langue fran\u00e7aise (dont je suis) ont un faible pour \u00ab\u00a0num\u00e9rique\u00a0\u00bb. Mais \u00ab\u00a0digital\u00a0\u00bb \u00e7a sonne bien aussi. Comme le sugg\u00e8re le titre du livre de Michel Serres\u00a0La Petite Poucette, \u00a0le \u00ab\u00a0digital\u00a0\u00bb , au final, ce sont des doigts qui courent sur un clavier ou sur &hellip;<\/p>\n","protected":false},"author":20,"featured_media":80472,"comment_status":"open","ping_status":"open","sticky":false,"template":"","format":"standard","meta":{"footnotes":""},"categories":[1613],"tags":[],"class_list":["post-22665","post","type-post","status-publish","format-standard","has-post-thumbnail","hentry","category-marketing-digital-marketing"],"yoast_head":"<!-- This site is optimized with the Yoast SEO plugin v27.5 - https:\/\/yoast.com\/product\/yoast-seo-wordpress\/ -->\n<title>Sommets du Digital au sommet de la montagne<\/title>\n<meta name=\"description\" content=\"Faut-il parler de digital ou de num\u00e9rique? Les amoureux de la langue fran\u00e7aise (dont je suis) ont un faible pour &quot;num\u00e9rique&quot;. Mais &quot;digital&quot; \u00e7a sonne bien\" \/>\n<meta name=\"robots\" content=\"index, follow, max-snippet:-1, max-image-preview:large, max-video-preview:-1\" \/>\n<link rel=\"canonical\" href=\"https:\/\/visionarymarketing.com\/fr\/2016\/12\/02\/sommets-du-digital\/\" \/>\n<meta property=\"og:locale\" content=\"fr_FR\" \/>\n<meta property=\"og:type\" content=\"article\" \/>\n<meta property=\"og:title\" content=\"Sommets du Digital au sommet de la montagne\" \/>\n<meta property=\"og:description\" content=\"Faut-il parler de digital ou de num\u00e9rique? Les amoureux de la langue fran\u00e7aise (dont je suis) ont un faible pour &quot;num\u00e9rique&quot;. Mais &quot;digital&quot; \u00e7a sonne bien\" \/>\n<meta property=\"og:url\" content=\"https:\/\/visionarymarketing.com\/fr\/2016\/12\/02\/sommets-du-digital\/\" \/>\n<meta property=\"og:site_name\" content=\"Marketing and Innovation\" \/>\n<meta property=\"article:publisher\" content=\"https:\/\/www.facebook.com\/vismktg\" \/>\n<meta property=\"article:published_time\" content=\"2016-12-02T08:28:00+00:00\" \/>\n<meta property=\"article:modified_time\" content=\"2024-05-05T17:28:24+00:00\" \/>\n<meta property=\"og:image\" content=\"https:\/\/visionarymarketing.com\/wp-content\/uploads\/2024\/05\/2994375.jpg\" \/>\n\t<meta property=\"og:image:width\" content=\"1600\" \/>\n\t<meta property=\"og:image:height\" content=\"1063\" \/>\n\t<meta property=\"og:image:type\" content=\"image\/jpeg\" \/>\n<meta name=\"author\" content=\"Natacha Heurtault\" \/>\n<meta name=\"twitter:card\" content=\"summary_large_image\" \/>\n<meta name=\"twitter:creator\" content=\"@early_hour\" \/>\n<meta name=\"twitter:site\" content=\"@ygourven\" \/>\n<meta name=\"twitter:label1\" content=\"\u00c9crit par\" \/>\n\t<meta name=\"twitter:data1\" content=\"Natacha Heurtault\" \/>\n\t<meta name=\"twitter:label2\" content=\"Dur\u00e9e de lecture estim\u00e9e\" \/>\n\t<meta name=\"twitter:data2\" content=\"3 minutes\" \/>\n<script type=\"application\/ld+json\" class=\"yoast-schema-graph\">{\"@context\":\"https:\\\/\\\/schema.org\",\"@graph\":[{\"@type\":\"NewsArticle\",\"@id\":\"https:\\\/\\\/visionarymarketing.com\\\/fr\\\/2016\\\/12\\\/02\\\/sommets-du-digital\\\/#article\",\"isPartOf\":{\"@id\":\"https:\\\/\\\/visionarymarketing.com\\\/fr\\\/2016\\\/12\\\/02\\\/sommets-du-digital\\\/\"},\"author\":{\"name\":\"Natacha Heurtault\",\"@id\":\"https:\\\/\\\/visionarymarketing.com\\\/fr\\\/#\\\/schema\\\/person\\\/3ec6cf77270cf3df68e5f0ffbc1ba699\"},\"headline\":\"Les Sommets du Digital au sommet de la montagne\",\"datePublished\":\"2016-12-02T08:28:00+00:00\",\"dateModified\":\"2024-05-05T17:28:24+00:00\",\"mainEntityOfPage\":{\"@id\":\"https:\\\/\\\/visionarymarketing.com\\\/fr\\\/2016\\\/12\\\/02\\\/sommets-du-digital\\\/\"},\"wordCount\":601,\"commentCount\":0,\"image\":{\"@id\":\"https:\\\/\\\/visionarymarketing.com\\\/fr\\\/2016\\\/12\\\/02\\\/sommets-du-digital\\\/#primaryimage\"},\"thumbnailUrl\":\"https:\\\/\\\/visionarymarketing.com\\\/wp-content\\\/uploads\\\/2024\\\/05\\\/2994375.jpg\",\"articleSection\":[\"marketing digital\"],\"inLanguage\":\"fr-FR\",\"potentialAction\":[{\"@type\":\"CommentAction\",\"name\":\"Comment\",\"target\":[\"https:\\\/\\\/visionarymarketing.com\\\/fr\\\/2016\\\/12\\\/02\\\/sommets-du-digital\\\/#respond\"]}]},{\"@type\":\"WebPage\",\"@id\":\"https:\\\/\\\/visionarymarketing.com\\\/fr\\\/2016\\\/12\\\/02\\\/sommets-du-digital\\\/\",\"url\":\"https:\\\/\\\/visionarymarketing.com\\\/fr\\\/2016\\\/12\\\/02\\\/sommets-du-digital\\\/\",\"name\":\"Sommets du Digital au sommet de la montagne\",\"isPartOf\":{\"@id\":\"https:\\\/\\\/visionarymarketing.com\\\/fr\\\/#website\"},\"primaryImageOfPage\":{\"@id\":\"https:\\\/\\\/visionarymarketing.com\\\/fr\\\/2016\\\/12\\\/02\\\/sommets-du-digital\\\/#primaryimage\"},\"image\":{\"@id\":\"https:\\\/\\\/visionarymarketing.com\\\/fr\\\/2016\\\/12\\\/02\\\/sommets-du-digital\\\/#primaryimage\"},\"thumbnailUrl\":\"https:\\\/\\\/visionarymarketing.com\\\/wp-content\\\/uploads\\\/2024\\\/05\\\/2994375.jpg\",\"datePublished\":\"2016-12-02T08:28:00+00:00\",\"dateModified\":\"2024-05-05T17:28:24+00:00\",\"author\":{\"@id\":\"https:\\\/\\\/visionarymarketing.com\\\/fr\\\/#\\\/schema\\\/person\\\/3ec6cf77270cf3df68e5f0ffbc1ba699\"},\"description\":\"Faut-il parler de digital ou de num\u00e9rique? Les amoureux de la langue fran\u00e7aise (dont je suis) ont un faible pour \\\"num\u00e9rique\\\". Mais \\\"digital\\\" \u00e7a sonne bien\",\"breadcrumb\":{\"@id\":\"https:\\\/\\\/visionarymarketing.com\\\/fr\\\/2016\\\/12\\\/02\\\/sommets-du-digital\\\/#breadcrumb\"},\"inLanguage\":\"fr-FR\",\"potentialAction\":[{\"@type\":\"ReadAction\",\"target\":[\"https:\\\/\\\/visionarymarketing.com\\\/fr\\\/2016\\\/12\\\/02\\\/sommets-du-digital\\\/\"]}]},{\"@type\":\"ImageObject\",\"inLanguage\":\"fr-FR\",\"@id\":\"https:\\\/\\\/visionarymarketing.com\\\/fr\\\/2016\\\/12\\\/02\\\/sommets-du-digital\\\/#primaryimage\",\"url\":\"https:\\\/\\\/visionarymarketing.com\\\/wp-content\\\/uploads\\\/2024\\\/05\\\/2994375.jpg\",\"contentUrl\":\"https:\\\/\\\/visionarymarketing.com\\\/wp-content\\\/uploads\\\/2024\\\/05\\\/2994375.jpg\",\"width\":1600,\"height\":1063,\"caption\":\"Sommets du digital\"},{\"@type\":\"BreadcrumbList\",\"@id\":\"https:\\\/\\\/visionarymarketing.com\\\/fr\\\/2016\\\/12\\\/02\\\/sommets-du-digital\\\/#breadcrumb\",\"itemListElement\":[{\"@type\":\"ListItem\",\"position\":1,\"name\":\"Home\",\"item\":\"https:\\\/\\\/visionarymarketing.com\\\/fr\\\/\"},{\"@type\":\"ListItem\",\"position\":2,\"name\":\"Les Sommets du Digital au sommet de la montagne\"}]},{\"@type\":\"WebSite\",\"@id\":\"https:\\\/\\\/visionarymarketing.com\\\/fr\\\/#website\",\"url\":\"https:\\\/\\\/visionarymarketing.com\\\/fr\\\/\",\"name\":\"Marketing and Innovation\",\"description\":\"Site d&#039;infos ind\u00e9pendant, depuis 1996\",\"potentialAction\":[{\"@type\":\"SearchAction\",\"target\":{\"@type\":\"EntryPoint\",\"urlTemplate\":\"https:\\\/\\\/visionarymarketing.com\\\/fr\\\/?s={search_term_string}\"},\"query-input\":{\"@type\":\"PropertyValueSpecification\",\"valueRequired\":true,\"valueName\":\"search_term_string\"}}],\"inLanguage\":\"fr-FR\"},{\"@type\":\"Person\",\"@id\":\"https:\\\/\\\/visionarymarketing.com\\\/fr\\\/#\\\/schema\\\/person\\\/3ec6cf77270cf3df68e5f0ffbc1ba699\",\"name\":\"Natacha Heurtault\",\"image\":{\"@type\":\"ImageObject\",\"inLanguage\":\"fr-FR\",\"@id\":\"https:\\\/\\\/secure.gravatar.com\\\/avatar\\\/f56ebaf925c2580988eeda9ea718a9c05d1f453d75de8a0a86888d2ef65b5cd6?s=96&d=initials&r=g&initials=nh\",\"url\":\"https:\\\/\\\/secure.gravatar.com\\\/avatar\\\/f56ebaf925c2580988eeda9ea718a9c05d1f453d75de8a0a86888d2ef65b5cd6?s=96&d=initials&r=g&initials=nh\",\"contentUrl\":\"https:\\\/\\\/secure.gravatar.com\\\/avatar\\\/f56ebaf925c2580988eeda9ea718a9c05d1f453d75de8a0a86888d2ef65b5cd6?s=96&d=initials&r=g&initials=nh\",\"caption\":\"Natacha Heurtault\"},\"description\":\"Natacha has more than 20 years of experience in communication, press relations and influencer communication. She is a freelance communications manager for high-tech companies and start-ups.\",\"sameAs\":[\"https:\\\/\\\/x.com\\\/early_hour\"],\"url\":\"https:\\\/\\\/visionarymarketing.com\\\/fr\\\/author\\\/natachah\\\/\"}]}<\/script>\n<!-- \/ Yoast SEO plugin. -->","yoast_head_json":{"title":"Sommets du Digital au sommet de la montagne","description":"Faut-il parler de digital ou de num\u00e9rique? Les amoureux de la langue fran\u00e7aise (dont je suis) ont un faible pour \"num\u00e9rique\". Mais \"digital\" \u00e7a sonne bien","robots":{"index":"index","follow":"follow","max-snippet":"max-snippet:-1","max-image-preview":"max-image-preview:large","max-video-preview":"max-video-preview:-1"},"canonical":"https:\/\/visionarymarketing.com\/fr\/2016\/12\/02\/sommets-du-digital\/","og_locale":"fr_FR","og_type":"article","og_title":"Sommets du Digital au sommet de la montagne","og_description":"Faut-il parler de digital ou de num\u00e9rique? Les amoureux de la langue fran\u00e7aise (dont je suis) ont un faible pour \"num\u00e9rique\". Mais \"digital\" \u00e7a sonne bien","og_url":"https:\/\/visionarymarketing.com\/fr\/2016\/12\/02\/sommets-du-digital\/","og_site_name":"Marketing and Innovation","article_publisher":"https:\/\/www.facebook.com\/vismktg","article_published_time":"2016-12-02T08:28:00+00:00","article_modified_time":"2024-05-05T17:28:24+00:00","og_image":[{"width":1600,"height":1063,"url":"https:\/\/visionarymarketing.com\/wp-content\/uploads\/2024\/05\/2994375.jpg","type":"image\/jpeg"}],"author":"Natacha Heurtault","twitter_card":"summary_large_image","twitter_creator":"@early_hour","twitter_site":"@ygourven","twitter_misc":{"\u00c9crit par":"Natacha Heurtault","Dur\u00e9e de lecture estim\u00e9e":"3 minutes"},"schema":{"@context":"https:\/\/schema.org","@graph":[{"@type":"NewsArticle","@id":"https:\/\/visionarymarketing.com\/fr\/2016\/12\/02\/sommets-du-digital\/#article","isPartOf":{"@id":"https:\/\/visionarymarketing.com\/fr\/2016\/12\/02\/sommets-du-digital\/"},"author":{"name":"Natacha Heurtault","@id":"https:\/\/visionarymarketing.com\/fr\/#\/schema\/person\/3ec6cf77270cf3df68e5f0ffbc1ba699"},"headline":"Les Sommets du Digital au sommet de la montagne","datePublished":"2016-12-02T08:28:00+00:00","dateModified":"2024-05-05T17:28:24+00:00","mainEntityOfPage":{"@id":"https:\/\/visionarymarketing.com\/fr\/2016\/12\/02\/sommets-du-digital\/"},"wordCount":601,"commentCount":0,"image":{"@id":"https:\/\/visionarymarketing.com\/fr\/2016\/12\/02\/sommets-du-digital\/#primaryimage"},"thumbnailUrl":"https:\/\/visionarymarketing.com\/wp-content\/uploads\/2024\/05\/2994375.jpg","articleSection":["marketing digital"],"inLanguage":"fr-FR","potentialAction":[{"@type":"CommentAction","name":"Comment","target":["https:\/\/visionarymarketing.com\/fr\/2016\/12\/02\/sommets-du-digital\/#respond"]}]},{"@type":"WebPage","@id":"https:\/\/visionarymarketing.com\/fr\/2016\/12\/02\/sommets-du-digital\/","url":"https:\/\/visionarymarketing.com\/fr\/2016\/12\/02\/sommets-du-digital\/","name":"Sommets du Digital au sommet de la montagne","isPartOf":{"@id":"https:\/\/visionarymarketing.com\/fr\/#website"},"primaryImageOfPage":{"@id":"https:\/\/visionarymarketing.com\/fr\/2016\/12\/02\/sommets-du-digital\/#primaryimage"},"image":{"@id":"https:\/\/visionarymarketing.com\/fr\/2016\/12\/02\/sommets-du-digital\/#primaryimage"},"thumbnailUrl":"https:\/\/visionarymarketing.com\/wp-content\/uploads\/2024\/05\/2994375.jpg","datePublished":"2016-12-02T08:28:00+00:00","dateModified":"2024-05-05T17:28:24+00:00","author":{"@id":"https:\/\/visionarymarketing.com\/fr\/#\/schema\/person\/3ec6cf77270cf3df68e5f0ffbc1ba699"},"description":"Faut-il parler de digital ou de num\u00e9rique? Les amoureux de la langue fran\u00e7aise (dont je suis) ont un faible pour \"num\u00e9rique\". Mais \"digital\" \u00e7a sonne bien","breadcrumb":{"@id":"https:\/\/visionarymarketing.com\/fr\/2016\/12\/02\/sommets-du-digital\/#breadcrumb"},"inLanguage":"fr-FR","potentialAction":[{"@type":"ReadAction","target":["https:\/\/visionarymarketing.com\/fr\/2016\/12\/02\/sommets-du-digital\/"]}]},{"@type":"ImageObject","inLanguage":"fr-FR","@id":"https:\/\/visionarymarketing.com\/fr\/2016\/12\/02\/sommets-du-digital\/#primaryimage","url":"https:\/\/visionarymarketing.com\/wp-content\/uploads\/2024\/05\/2994375.jpg","contentUrl":"https:\/\/visionarymarketing.com\/wp-content\/uploads\/2024\/05\/2994375.jpg","width":1600,"height":1063,"caption":"Sommets du digital"},{"@type":"BreadcrumbList","@id":"https:\/\/visionarymarketing.com\/fr\/2016\/12\/02\/sommets-du-digital\/#breadcrumb","itemListElement":[{"@type":"ListItem","position":1,"name":"Home","item":"https:\/\/visionarymarketing.com\/fr\/"},{"@type":"ListItem","position":2,"name":"Les Sommets du Digital au sommet de la montagne"}]},{"@type":"WebSite","@id":"https:\/\/visionarymarketing.com\/fr\/#website","url":"https:\/\/visionarymarketing.com\/fr\/","name":"Marketing and Innovation","description":"Site d&#039;infos ind\u00e9pendant, depuis 1996","potentialAction":[{"@type":"SearchAction","target":{"@type":"EntryPoint","urlTemplate":"https:\/\/visionarymarketing.com\/fr\/?s={search_term_string}"},"query-input":{"@type":"PropertyValueSpecification","valueRequired":true,"valueName":"search_term_string"}}],"inLanguage":"fr-FR"},{"@type":"Person","@id":"https:\/\/visionarymarketing.com\/fr\/#\/schema\/person\/3ec6cf77270cf3df68e5f0ffbc1ba699","name":"Natacha Heurtault","image":{"@type":"ImageObject","inLanguage":"fr-FR","@id":"https:\/\/secure.gravatar.com\/avatar\/f56ebaf925c2580988eeda9ea718a9c05d1f453d75de8a0a86888d2ef65b5cd6?s=96&d=initials&r=g&initials=nh","url":"https:\/\/secure.gravatar.com\/avatar\/f56ebaf925c2580988eeda9ea718a9c05d1f453d75de8a0a86888d2ef65b5cd6?s=96&d=initials&r=g&initials=nh","contentUrl":"https:\/\/secure.gravatar.com\/avatar\/f56ebaf925c2580988eeda9ea718a9c05d1f453d75de8a0a86888d2ef65b5cd6?s=96&d=initials&r=g&initials=nh","caption":"Natacha Heurtault"},"description":"Natacha has more than 20 years of experience in communication, press relations and influencer communication. She is a freelance communications manager for high-tech companies and start-ups.","sameAs":["https:\/\/x.com\/early_hour"],"url":"https:\/\/visionarymarketing.com\/fr\/author\/natachah\/"}]}},"_links":{"self":[{"href":"https:\/\/visionarymarketing.com\/fr\/wp-json\/wp\/v2\/posts\/22665","targetHints":{"allow":["GET"]}}],"collection":[{"href":"https:\/\/visionarymarketing.com\/fr\/wp-json\/wp\/v2\/posts"}],"about":[{"href":"https:\/\/visionarymarketing.com\/fr\/wp-json\/wp\/v2\/types\/post"}],"author":[{"embeddable":true,"href":"https:\/\/visionarymarketing.com\/fr\/wp-json\/wp\/v2\/users\/20"}],"replies":[{"embeddable":true,"href":"https:\/\/visionarymarketing.com\/fr\/wp-json\/wp\/v2\/comments?post=22665"}],"version-history":[{"count":0,"href":"https:\/\/visionarymarketing.com\/fr\/wp-json\/wp\/v2\/posts\/22665\/revisions"}],"wp:featuredmedia":[{"embeddable":true,"href":"https:\/\/visionarymarketing.com\/fr\/wp-json\/wp\/v2\/media\/80472"}],"wp:attachment":[{"href":"https:\/\/visionarymarketing.com\/fr\/wp-json\/wp\/v2\/media?parent=22665"}],"wp:term":[{"taxonomy":"category","embeddable":true,"href":"https:\/\/visionarymarketing.com\/fr\/wp-json\/wp\/v2\/categories?post=22665"},{"taxonomy":"post_tag","embeddable":true,"href":"https:\/\/visionarymarketing.com\/fr\/wp-json\/wp\/v2\/tags?post=22665"}],"curies":[{"name":"wp","href":"https:\/\/api.w.org\/{rel}","templated":true}]}}