{"id":22364,"date":"2016-11-01T08:54:04","date_gmt":"2016-11-01T07:54:04","guid":{"rendered":"http:\/\/visionarymarketing.fr\/blog\/?p=22364"},"modified":"2022-03-28T15:52:38","modified_gmt":"2022-03-28T13:52:38","slug":"travail-flexible","status":"publish","type":"post","link":"https:\/\/visionarymarketing.com\/fr\/2016\/11\/01\/travail-flexible\/","title":{"rendered":"Travail flexible : un MOOC pour comprendre la transformation num\u00e9rique"},"content":{"rendered":"<p><strong>Travail flexible<\/strong> ne rime pas totalement\u00a0avec t\u00e9l\u00e9travail. Le t\u00e9l\u00e9travail est l\u2019arbre qui cache la for\u00eat de la transformation des organisations du travail. Derri\u00e8re la pol\u00e9mique des chiffres (dont <a href=\"https:\/\/visionarymarketing.com\/fr\/2016\/04\/teletravail-quoi-combien-polemique\/\">Visionary Marketing a d\u00e9j\u00e0 parl\u00e9 ici<\/a>) on risque d\u2019oublier les enjeux de cette <strong>flexibilit\u00e9 du lieu et de l\u2019organisation du travail<\/strong>.\u00a0Stricto sensu, le t\u00e9l\u00e9travail repr\u00e9senterait \u00e0 peine 3% de la population active. Cela concernerait les salari\u00e9s du secteur priv\u00e9 (encore peu du secteur public) qui travaillent \u00e0 distance sous la protection d\u2019un avenant \u00e0 leur contrat de travail ou d\u2019un accord d\u2019entreprise<\/p>\n<h2><strong><a href=\"https:\/\/web.archive.org\/web\/20141102030720\/http:\/\/www.commentcamarche.net:80\/news\/5857834-1-3-milliard-de-travailleurs-mobiles-dans-le-monde-en-2012-selon-idc\" target=\"_blank\" rel=\"noopener noreferrer\">1,3 milliard<\/a> de travailleurs flexibles, <a href=\"https:\/\/web.archive.org\/web\/20141102030720\/http:\/\/www.commentcamarche.net:80\/news\/5857834-1-3-milliard-de-travailleurs-mobiles-dans-le-monde-en-2012-selon-idc\" target=\"_blank\" rel=\"noopener noreferrer\">c\u2019est cela aussi la transition num\u00e9rique<\/a>\u00a0(source <a href=\"https:\/\/web.archive.org\/web\/20141102030720\/http:\/\/www.commentcamarche.net:80\/news\/5857834-1-3-milliard-de-travailleurs-mobiles-dans-le-monde-en-2012-selon-idc\">IDC<\/a>)<\/strong><\/h2>\n<figure id=\"attachment_22369\" aria-describedby=\"caption-attachment-22369\" style=\"width: 906px\" class=\"wp-caption aligncenter\"><img decoding=\"async\" class=\"wp-image-22369 size-full\" src=\"https:\/\/visionarymarketing.com\/wp-content\/uploads\/2016\/11\/teletravail-worklab-zevillage.jpg-e1477986315863.jpeg\" alt=\"le travail flexible\" width=\"906\" height=\"611\" srcset=\"https:\/\/visionarymarketing.com\/wp-content\/uploads\/2016\/11\/teletravail-worklab-zevillage.jpg-e1477986315863.jpeg 906w, https:\/\/visionarymarketing.com\/wp-content\/uploads\/2016\/11\/teletravail-worklab-zevillage.jpg-e1477986315863-445x300.jpeg 445w, https:\/\/visionarymarketing.com\/wp-content\/uploads\/2016\/11\/teletravail-worklab-zevillage.jpg-e1477986315863-768x518.jpeg 768w\" sizes=\"(max-width: 906px) 100vw, 906px\" \/><figcaption id=\"caption-attachment-22369\" class=\"wp-caption-text\">Zevillage lance un MOOC sur le travail flexible pour qu&rsquo;on sorte des st\u00e9r\u00e9otypes qui font rimer t\u00e9l\u00e9travail avec vacances (photo Xavier de Mazenod)<\/figcaption><\/figure>\n<p>Or, le <strong>t\u00e9l\u00e9travail s\u2019exerce majoritairement, \u00e0 80%, en mode clandestin<\/strong>, ou plut\u00f4t informel. Par inertie, par paresse ou par d\u00e9couragement face aux obligations l\u00e9gales des lois de 2012 inadapt\u00e9es aux \u00e9volutions du monde du travail.\u00a0Inadapt\u00e9es car elles pr\u00e9tendaient appliquer au t\u00e9l\u00e9travailleur tout le droit du travail. Alors qu\u2019il n\u2019est pas un salari\u00e9 \u00ab\u00a0normal\u00a0\u00bb mais avec toutes les contraintes pour l\u2019employeur. Certes, il \u00e9tait convenu que les partenaires sociaux ren\u00e9gocient les textes avant fin 2016 pour le faire \u00e9voluer mais <a href=\"http:\/\/www.lefigaro.fr\/vie-bureau\/2016\/10\/13\/09008-20161013ARTFIG00004-la-concertation-sur-le-teletravail-encore-repoussee.php\">ils ont un peu de mal \u00e0 s\u2019y mettre<\/a>.<!--more--><\/p>\n<h3><strong>Et derri\u00e8re le t\u00e9l\u00e9travail ?<\/strong><\/h3>\n<p>Or, pendant ce temps-l\u00e0, la r\u00e9alit\u00e9 de la vie des entreprises a rattrap\u00e9 les organisations. Comme l\u2019explique souvent Jean-Emmanuel Ray, professeur de droit social \u00e0 la Sorbonne, le droit du travail est fond\u00e9 par une triple unit\u00e9\u00a0: de lieu (l\u2019usine), de temps (la sir\u00e8ne) et d\u2019action (la cha\u00eene). Les besoins ont chang\u00e9, on sait aujourd\u2019hui s\u2019affranchir de ces obligations h\u00e9rit\u00e9es du XIXe si\u00e8cle.<\/p>\n<p>Tous les \u00ab\u00a0travailleurs du savoir\u00a0\u00bb peuvent d\u00e9j\u00e0 travailler en mobilit\u00e9, au bureau mais aussi chez eux, en d\u00e9placement, dans un espace de coworking, dans une biblioth\u00e8que ou chez MacDo. Comme <strong>1,3 milliard de personnes <\/strong>dans le monde.<\/p>\n<p>La possibilit\u00e9 technique rejoint les aspirations des salari\u00e9s. Et surtout les aspirations des g\u00e9n\u00e9rations Y et Z qui arrivent sur le march\u00e9 du travail. Environ 93% d\u2019entre eux ne \u00ab\u00a0<a href=\"http:\/\/zevillage.net\/2015\/04\/bureau-demain-essec\/\">veulent plus d\u2019un bureau classique\u00a0<\/a>\u00bb selon une \u00e9tude aupr\u00e8s de 2000 \u00e9tudiants de l\u2019Essec. Le bureau \u00ab\u00a0lifestyle\u00a0\u00bb serait m\u00eame <a href=\"http:\/\/zevillage.net\/2016\/09\/jll-generations-y-z-travail-lifestyle\/\">une cl\u00e9 de l\u2019engagement<\/a> de ces jeunes salari\u00e9s selon une \u00e9tude de JLL.<\/p>\n<p>On constate que le sujet du t\u00e9l\u00e9travail n\u2019est qu\u2019une infime partie du probl\u00e8me. L\u2019enjeu pour les organisations priv\u00e9es et publiques c\u2019est le <strong>travail <\/strong>flexible\u00a0: continuer \u00e0 travailler quelque soit le lieu et le besoin, travailler seul ou en \u00e9quipe, en mobilit\u00e9 ou au bureau.<\/p>\n<h3><strong>Pourquoi tant de bruit sur le travail flexible ?<\/strong><\/h3>\n<p>Ce sujet d\u00e9passe de loin le gadget RH pour am\u00e9liorer le bilan de la RSE. C\u2019est un sujet de fond. Comment pr\u00e9server ma marque employeur, comment am\u00e9liorer l\u2019engagement des salari\u00e9s de mon entreprise (<a href=\"http:\/\/zevillage.net\/2016\/02\/espace-travail-entreprise-favorise-engagement-salaries\/\">pas terrible en France<\/a>), comment am\u00e9liorer la productivit\u00e9 tout en am\u00e9liorant la qualit\u00e9 de vie de mes salari\u00e9s, comment passer d\u2019une culture du contr\u00f4le \u00e0 une culture de la confiance, comment redonner du sens au travail\u00a0?<\/p>\n<p>Ce levier de la transformation \u00e0 l\u2019aide du changement de l\u2019espace de travail et du t\u00e9l\u00e9travail, le minist\u00e8re belge de la S\u00e9curit\u00e9 sociale l\u2019a exp\u00e9riment\u00e9. Confront\u00e9 \u00e0 des difficult\u00e9s de recrutement et \u00e0 une vague de d\u00e9parts \u00e0 la retraite, \u00e0 l\u2019occasion d\u2019un d\u00e9m\u00e9nagement il a repens\u00e9 int\u00e9gralement son organisation de travail. Une combinaison de fleskoffice et de travail \u00e0 distance reposant sur un d\u00e9veloppement de la confiance et de l\u2019autonomie. Un chantier d\u00e9ploy\u00e9 en 3 ans seulement, de 2009 \u00e0 2012. R\u00e9sultat, le minist\u00e8re est devenu l\u2019un des 3 recruteurs pr\u00e9f\u00e9r\u00e9s en Belgique.<\/p>\n<p>Le <strong>travail flexible<\/strong> est un sujet malheureusement peu pr\u00e9sent dans la r\u00e9flexion de beaucoup de dirigeants. Un sujet jug\u00e9 mineur. Pour faciliter la prise de conscience des enjeu de cette mutation, Zevillage a cr\u00e9\u00e9, en partenariat avec Unow, un <strong><span class=\"removed_link\" title=\"https:\/\/www.travail-flexible.com\/\">MOOC sur le <\/span>travail flexible<\/strong>, accessible en ligne. Il vient de commencer, pr\u00e9cipitez-vous.<\/p>\n","protected":false},"excerpt":{"rendered":"<p>Travail flexible ne rime pas totalement\u00a0avec t\u00e9l\u00e9travail. Le t\u00e9l\u00e9travail est l\u2019arbre qui cache la for\u00eat de la transformation des organisations du travail. Derri\u00e8re la pol\u00e9mique des chiffres (dont Visionary Marketing a d\u00e9j\u00e0 parl\u00e9 ici) on risque d\u2019oublier les enjeux de cette flexibilit\u00e9 du lieu et de l\u2019organisation du travail.\u00a0Stricto sensu, le t\u00e9l\u00e9travail repr\u00e9senterait \u00e0 peine &hellip;<\/p>\n","protected":false},"author":47,"featured_media":34063,"comment_status":"open","ping_status":"open","sticky":false,"template":"","format":"standard","meta":{"footnotes":""},"categories":[10],"tags":[],"class_list":["post-22364","post","type-post","status-publish","format-standard","has-post-thumbnail","hentry","category-collaboration-et-teletravail"],"yoast_head":"<!-- This site is optimized with the Yoast SEO plugin v27.5 - https:\/\/yoast.com\/product\/yoast-seo-wordpress\/ -->\n<title>Travail flexible : un MOOC pour comprendre la transformation num\u00e9rique<\/title>\n<meta name=\"description\" content=\"Le travail flexible, souvent d\u00e9cri\u00e9, est au coeur de la transformation num\u00e9rique. Derri\u00e8re le t\u00e9l\u00e9travail, une autre r\u00e9alit\u00e9 se fait jour.\" \/>\n<meta name=\"robots\" content=\"index, follow, max-snippet:-1, max-image-preview:large, max-video-preview:-1\" \/>\n<link rel=\"canonical\" href=\"https:\/\/visionarymarketing.com\/fr\/2016\/11\/01\/travail-flexible\/\" \/>\n<meta property=\"og:locale\" content=\"fr_FR\" \/>\n<meta property=\"og:type\" content=\"article\" \/>\n<meta property=\"og:title\" content=\"Travail flexible : un MOOC pour comprendre la transformation num\u00e9rique\" \/>\n<meta property=\"og:description\" content=\"Le travail flexible, souvent d\u00e9cri\u00e9, est au coeur de la transformation num\u00e9rique. Derri\u00e8re le t\u00e9l\u00e9travail, une autre r\u00e9alit\u00e9 se fait jour.\" \/>\n<meta property=\"og:url\" content=\"https:\/\/visionarymarketing.com\/fr\/2016\/11\/01\/travail-flexible\/\" \/>\n<meta property=\"og:site_name\" content=\"Marketing and Innovation\" \/>\n<meta property=\"article:publisher\" content=\"https:\/\/www.facebook.com\/vismktg\" \/>\n<meta property=\"article:published_time\" content=\"2016-11-01T07:54:04+00:00\" \/>\n<meta property=\"article:modified_time\" content=\"2022-03-28T13:52:38+00:00\" \/>\n<meta property=\"og:image\" content=\"https:\/\/visionarymarketing.com\/wp-content\/uploads\/2019\/11\/48112460011_0d38a2b2a9_k.jpg\" \/>\n\t<meta property=\"og:image:width\" content=\"644\" \/>\n\t<meta property=\"og:image:height\" content=\"430\" \/>\n\t<meta property=\"og:image:type\" content=\"image\/jpeg\" \/>\n<meta name=\"author\" content=\"Xavier de Mazenod\" \/>\n<meta name=\"twitter:card\" content=\"summary_large_image\" \/>\n<meta name=\"twitter:creator\" content=\"@zevillage\" \/>\n<meta name=\"twitter:site\" content=\"@ygourven\" \/>\n<meta name=\"twitter:label1\" content=\"\u00c9crit par\" \/>\n\t<meta name=\"twitter:data1\" content=\"Xavier de Mazenod\" \/>\n\t<meta name=\"twitter:label2\" content=\"Dur\u00e9e de lecture estim\u00e9e\" \/>\n\t<meta name=\"twitter:data2\" content=\"4 minutes\" \/>\n<script type=\"application\/ld+json\" class=\"yoast-schema-graph\">{\"@context\":\"https:\\\/\\\/schema.org\",\"@graph\":[{\"@type\":\"NewsArticle\",\"@id\":\"https:\\\/\\\/visionarymarketing.com\\\/fr\\\/2016\\\/11\\\/01\\\/travail-flexible\\\/#article\",\"isPartOf\":{\"@id\":\"https:\\\/\\\/visionarymarketing.com\\\/fr\\\/2016\\\/11\\\/01\\\/travail-flexible\\\/\"},\"author\":{\"name\":\"Xavier de Mazenod\",\"@id\":\"https:\\\/\\\/visionarymarketing.com\\\/fr\\\/#\\\/schema\\\/person\\\/4d1e459312637551805982f8b67e85c7\"},\"headline\":\"Travail flexible : un MOOC pour comprendre la transformation num\u00e9rique\",\"datePublished\":\"2016-11-01T07:54:04+00:00\",\"dateModified\":\"2022-03-28T13:52:38+00:00\",\"mainEntityOfPage\":{\"@id\":\"https:\\\/\\\/visionarymarketing.com\\\/fr\\\/2016\\\/11\\\/01\\\/travail-flexible\\\/\"},\"wordCount\":754,\"commentCount\":4,\"image\":{\"@id\":\"https:\\\/\\\/visionarymarketing.com\\\/fr\\\/2016\\\/11\\\/01\\\/travail-flexible\\\/#primaryimage\"},\"thumbnailUrl\":\"https:\\\/\\\/visionarymarketing.com\\\/wp-content\\\/uploads\\\/2019\\\/11\\\/48112460011_0d38a2b2a9_k.jpg\",\"articleSection\":[\"collaboration \\\/ t\u00e9l\u00e9travail\"],\"inLanguage\":\"fr-FR\",\"potentialAction\":[{\"@type\":\"CommentAction\",\"name\":\"Comment\",\"target\":[\"https:\\\/\\\/visionarymarketing.com\\\/fr\\\/2016\\\/11\\\/01\\\/travail-flexible\\\/#respond\"]}]},{\"@type\":\"WebPage\",\"@id\":\"https:\\\/\\\/visionarymarketing.com\\\/fr\\\/2016\\\/11\\\/01\\\/travail-flexible\\\/\",\"url\":\"https:\\\/\\\/visionarymarketing.com\\\/fr\\\/2016\\\/11\\\/01\\\/travail-flexible\\\/\",\"name\":\"Travail flexible : un MOOC pour comprendre la transformation num\u00e9rique\",\"isPartOf\":{\"@id\":\"https:\\\/\\\/visionarymarketing.com\\\/fr\\\/#website\"},\"primaryImageOfPage\":{\"@id\":\"https:\\\/\\\/visionarymarketing.com\\\/fr\\\/2016\\\/11\\\/01\\\/travail-flexible\\\/#primaryimage\"},\"image\":{\"@id\":\"https:\\\/\\\/visionarymarketing.com\\\/fr\\\/2016\\\/11\\\/01\\\/travail-flexible\\\/#primaryimage\"},\"thumbnailUrl\":\"https:\\\/\\\/visionarymarketing.com\\\/wp-content\\\/uploads\\\/2019\\\/11\\\/48112460011_0d38a2b2a9_k.jpg\",\"datePublished\":\"2016-11-01T07:54:04+00:00\",\"dateModified\":\"2022-03-28T13:52:38+00:00\",\"author\":{\"@id\":\"https:\\\/\\\/visionarymarketing.com\\\/fr\\\/#\\\/schema\\\/person\\\/4d1e459312637551805982f8b67e85c7\"},\"description\":\"Le travail flexible, souvent d\u00e9cri\u00e9, est au coeur de la transformation num\u00e9rique. Derri\u00e8re le t\u00e9l\u00e9travail, une autre r\u00e9alit\u00e9 se fait jour.\",\"breadcrumb\":{\"@id\":\"https:\\\/\\\/visionarymarketing.com\\\/fr\\\/2016\\\/11\\\/01\\\/travail-flexible\\\/#breadcrumb\"},\"inLanguage\":\"fr-FR\",\"potentialAction\":[{\"@type\":\"ReadAction\",\"target\":[\"https:\\\/\\\/visionarymarketing.com\\\/fr\\\/2016\\\/11\\\/01\\\/travail-flexible\\\/\"]}]},{\"@type\":\"ImageObject\",\"inLanguage\":\"fr-FR\",\"@id\":\"https:\\\/\\\/visionarymarketing.com\\\/fr\\\/2016\\\/11\\\/01\\\/travail-flexible\\\/#primaryimage\",\"url\":\"https:\\\/\\\/visionarymarketing.com\\\/wp-content\\\/uploads\\\/2019\\\/11\\\/48112460011_0d38a2b2a9_k.jpg\",\"contentUrl\":\"https:\\\/\\\/visionarymarketing.com\\\/wp-content\\\/uploads\\\/2019\\\/11\\\/48112460011_0d38a2b2a9_k.jpg\",\"width\":644,\"height\":430},{\"@type\":\"BreadcrumbList\",\"@id\":\"https:\\\/\\\/visionarymarketing.com\\\/fr\\\/2016\\\/11\\\/01\\\/travail-flexible\\\/#breadcrumb\",\"itemListElement\":[{\"@type\":\"ListItem\",\"position\":1,\"name\":\"Home\",\"item\":\"https:\\\/\\\/visionarymarketing.com\\\/fr\\\/\"},{\"@type\":\"ListItem\",\"position\":2,\"name\":\"Travail flexible : un MOOC pour comprendre la transformation num\u00e9rique\"}]},{\"@type\":\"WebSite\",\"@id\":\"https:\\\/\\\/visionarymarketing.com\\\/fr\\\/#website\",\"url\":\"https:\\\/\\\/visionarymarketing.com\\\/fr\\\/\",\"name\":\"Marketing and Innovation\",\"description\":\"Site d&#039;infos ind\u00e9pendant, depuis 1996\",\"potentialAction\":[{\"@type\":\"SearchAction\",\"target\":{\"@type\":\"EntryPoint\",\"urlTemplate\":\"https:\\\/\\\/visionarymarketing.com\\\/fr\\\/?s={search_term_string}\"},\"query-input\":{\"@type\":\"PropertyValueSpecification\",\"valueRequired\":true,\"valueName\":\"search_term_string\"}}],\"inLanguage\":\"fr-FR\"},{\"@type\":\"Person\",\"@id\":\"https:\\\/\\\/visionarymarketing.com\\\/fr\\\/#\\\/schema\\\/person\\\/4d1e459312637551805982f8b67e85c7\",\"name\":\"Xavier de Mazenod\",\"image\":{\"@type\":\"ImageObject\",\"inLanguage\":\"fr-FR\",\"@id\":\"https:\\\/\\\/secure.gravatar.com\\\/avatar\\\/13b4df407bbaaf793a4944de6d30efed625a0c3fcfdab918f37128a5b86d96d0?s=96&d=initials&r=g&initials=xm\",\"url\":\"https:\\\/\\\/secure.gravatar.com\\\/avatar\\\/13b4df407bbaaf793a4944de6d30efed625a0c3fcfdab918f37128a5b86d96d0?s=96&d=initials&r=g&initials=xm\",\"contentUrl\":\"https:\\\/\\\/secure.gravatar.com\\\/avatar\\\/13b4df407bbaaf793a4944de6d30efed625a0c3fcfdab918f37128a5b86d96d0?s=96&d=initials&r=g&initials=xm\",\"caption\":\"Xavier de Mazenod\"},\"description\":\"Ancien journaliste, Xavier de Mazenod est co-auteur du livre Les blogs, nouveau media pour tous (M2 Editions, 2005) et du ebook Influence et r\u00e9putation sur l\u2019Internet (2010). Il a cr\u00e9\u00e9 en 2003 la soci\u00e9t\u00e9 Adverbe sp\u00e9cialis\u00e9e dans le conseil pour la gestion de la e-reputation des entreprises ainsi que le d\u00e9veloppement et l'animation de r\u00e9seaux sociaux professionnels.\",\"sameAs\":[\"http:\\\/\\\/zevillage.net\",\"https:\\\/\\\/x.com\\\/zevillage\"],\"url\":\"https:\\\/\\\/visionarymarketing.com\\\/fr\\\/author\\\/xavier-de-mazenod\\\/\"}]}<\/script>\n<!-- \/ Yoast SEO plugin. -->","yoast_head_json":{"title":"Travail flexible : un MOOC pour comprendre la transformation num\u00e9rique","description":"Le travail flexible, souvent d\u00e9cri\u00e9, est au coeur de la transformation num\u00e9rique. Derri\u00e8re le t\u00e9l\u00e9travail, une autre r\u00e9alit\u00e9 se fait jour.","robots":{"index":"index","follow":"follow","max-snippet":"max-snippet:-1","max-image-preview":"max-image-preview:large","max-video-preview":"max-video-preview:-1"},"canonical":"https:\/\/visionarymarketing.com\/fr\/2016\/11\/01\/travail-flexible\/","og_locale":"fr_FR","og_type":"article","og_title":"Travail flexible : un MOOC pour comprendre la transformation num\u00e9rique","og_description":"Le travail flexible, souvent d\u00e9cri\u00e9, est au coeur de la transformation num\u00e9rique. Derri\u00e8re le t\u00e9l\u00e9travail, une autre r\u00e9alit\u00e9 se fait jour.","og_url":"https:\/\/visionarymarketing.com\/fr\/2016\/11\/01\/travail-flexible\/","og_site_name":"Marketing and Innovation","article_publisher":"https:\/\/www.facebook.com\/vismktg","article_published_time":"2016-11-01T07:54:04+00:00","article_modified_time":"2022-03-28T13:52:38+00:00","og_image":[{"width":644,"height":430,"url":"https:\/\/visionarymarketing.com\/wp-content\/uploads\/2019\/11\/48112460011_0d38a2b2a9_k.jpg","type":"image\/jpeg"}],"author":"Xavier de Mazenod","twitter_card":"summary_large_image","twitter_creator":"@zevillage","twitter_site":"@ygourven","twitter_misc":{"\u00c9crit par":"Xavier de Mazenod","Dur\u00e9e de lecture estim\u00e9e":"4 minutes"},"schema":{"@context":"https:\/\/schema.org","@graph":[{"@type":"NewsArticle","@id":"https:\/\/visionarymarketing.com\/fr\/2016\/11\/01\/travail-flexible\/#article","isPartOf":{"@id":"https:\/\/visionarymarketing.com\/fr\/2016\/11\/01\/travail-flexible\/"},"author":{"name":"Xavier de Mazenod","@id":"https:\/\/visionarymarketing.com\/fr\/#\/schema\/person\/4d1e459312637551805982f8b67e85c7"},"headline":"Travail flexible : un MOOC pour comprendre la transformation num\u00e9rique","datePublished":"2016-11-01T07:54:04+00:00","dateModified":"2022-03-28T13:52:38+00:00","mainEntityOfPage":{"@id":"https:\/\/visionarymarketing.com\/fr\/2016\/11\/01\/travail-flexible\/"},"wordCount":754,"commentCount":4,"image":{"@id":"https:\/\/visionarymarketing.com\/fr\/2016\/11\/01\/travail-flexible\/#primaryimage"},"thumbnailUrl":"https:\/\/visionarymarketing.com\/wp-content\/uploads\/2019\/11\/48112460011_0d38a2b2a9_k.jpg","articleSection":["collaboration \/ t\u00e9l\u00e9travail"],"inLanguage":"fr-FR","potentialAction":[{"@type":"CommentAction","name":"Comment","target":["https:\/\/visionarymarketing.com\/fr\/2016\/11\/01\/travail-flexible\/#respond"]}]},{"@type":"WebPage","@id":"https:\/\/visionarymarketing.com\/fr\/2016\/11\/01\/travail-flexible\/","url":"https:\/\/visionarymarketing.com\/fr\/2016\/11\/01\/travail-flexible\/","name":"Travail flexible : un MOOC pour comprendre la transformation num\u00e9rique","isPartOf":{"@id":"https:\/\/visionarymarketing.com\/fr\/#website"},"primaryImageOfPage":{"@id":"https:\/\/visionarymarketing.com\/fr\/2016\/11\/01\/travail-flexible\/#primaryimage"},"image":{"@id":"https:\/\/visionarymarketing.com\/fr\/2016\/11\/01\/travail-flexible\/#primaryimage"},"thumbnailUrl":"https:\/\/visionarymarketing.com\/wp-content\/uploads\/2019\/11\/48112460011_0d38a2b2a9_k.jpg","datePublished":"2016-11-01T07:54:04+00:00","dateModified":"2022-03-28T13:52:38+00:00","author":{"@id":"https:\/\/visionarymarketing.com\/fr\/#\/schema\/person\/4d1e459312637551805982f8b67e85c7"},"description":"Le travail flexible, souvent d\u00e9cri\u00e9, est au coeur de la transformation num\u00e9rique. Derri\u00e8re le t\u00e9l\u00e9travail, une autre r\u00e9alit\u00e9 se fait jour.","breadcrumb":{"@id":"https:\/\/visionarymarketing.com\/fr\/2016\/11\/01\/travail-flexible\/#breadcrumb"},"inLanguage":"fr-FR","potentialAction":[{"@type":"ReadAction","target":["https:\/\/visionarymarketing.com\/fr\/2016\/11\/01\/travail-flexible\/"]}]},{"@type":"ImageObject","inLanguage":"fr-FR","@id":"https:\/\/visionarymarketing.com\/fr\/2016\/11\/01\/travail-flexible\/#primaryimage","url":"https:\/\/visionarymarketing.com\/wp-content\/uploads\/2019\/11\/48112460011_0d38a2b2a9_k.jpg","contentUrl":"https:\/\/visionarymarketing.com\/wp-content\/uploads\/2019\/11\/48112460011_0d38a2b2a9_k.jpg","width":644,"height":430},{"@type":"BreadcrumbList","@id":"https:\/\/visionarymarketing.com\/fr\/2016\/11\/01\/travail-flexible\/#breadcrumb","itemListElement":[{"@type":"ListItem","position":1,"name":"Home","item":"https:\/\/visionarymarketing.com\/fr\/"},{"@type":"ListItem","position":2,"name":"Travail flexible : un MOOC pour comprendre la transformation num\u00e9rique"}]},{"@type":"WebSite","@id":"https:\/\/visionarymarketing.com\/fr\/#website","url":"https:\/\/visionarymarketing.com\/fr\/","name":"Marketing and Innovation","description":"Site d&#039;infos ind\u00e9pendant, depuis 1996","potentialAction":[{"@type":"SearchAction","target":{"@type":"EntryPoint","urlTemplate":"https:\/\/visionarymarketing.com\/fr\/?s={search_term_string}"},"query-input":{"@type":"PropertyValueSpecification","valueRequired":true,"valueName":"search_term_string"}}],"inLanguage":"fr-FR"},{"@type":"Person","@id":"https:\/\/visionarymarketing.com\/fr\/#\/schema\/person\/4d1e459312637551805982f8b67e85c7","name":"Xavier de Mazenod","image":{"@type":"ImageObject","inLanguage":"fr-FR","@id":"https:\/\/secure.gravatar.com\/avatar\/13b4df407bbaaf793a4944de6d30efed625a0c3fcfdab918f37128a5b86d96d0?s=96&d=initials&r=g&initials=xm","url":"https:\/\/secure.gravatar.com\/avatar\/13b4df407bbaaf793a4944de6d30efed625a0c3fcfdab918f37128a5b86d96d0?s=96&d=initials&r=g&initials=xm","contentUrl":"https:\/\/secure.gravatar.com\/avatar\/13b4df407bbaaf793a4944de6d30efed625a0c3fcfdab918f37128a5b86d96d0?s=96&d=initials&r=g&initials=xm","caption":"Xavier de Mazenod"},"description":"Ancien journaliste, Xavier de Mazenod est co-auteur du livre Les blogs, nouveau media pour tous (M2 Editions, 2005) et du ebook Influence et r\u00e9putation sur l\u2019Internet (2010). Il a cr\u00e9\u00e9 en 2003 la soci\u00e9t\u00e9 Adverbe sp\u00e9cialis\u00e9e dans le conseil pour la gestion de la e-reputation des entreprises ainsi que le d\u00e9veloppement et l'animation de r\u00e9seaux sociaux professionnels.","sameAs":["http:\/\/zevillage.net","https:\/\/x.com\/zevillage"],"url":"https:\/\/visionarymarketing.com\/fr\/author\/xavier-de-mazenod\/"}]}},"_links":{"self":[{"href":"https:\/\/visionarymarketing.com\/fr\/wp-json\/wp\/v2\/posts\/22364","targetHints":{"allow":["GET"]}}],"collection":[{"href":"https:\/\/visionarymarketing.com\/fr\/wp-json\/wp\/v2\/posts"}],"about":[{"href":"https:\/\/visionarymarketing.com\/fr\/wp-json\/wp\/v2\/types\/post"}],"author":[{"embeddable":true,"href":"https:\/\/visionarymarketing.com\/fr\/wp-json\/wp\/v2\/users\/47"}],"replies":[{"embeddable":true,"href":"https:\/\/visionarymarketing.com\/fr\/wp-json\/wp\/v2\/comments?post=22364"}],"version-history":[{"count":0,"href":"https:\/\/visionarymarketing.com\/fr\/wp-json\/wp\/v2\/posts\/22364\/revisions"}],"wp:featuredmedia":[{"embeddable":true,"href":"https:\/\/visionarymarketing.com\/fr\/wp-json\/wp\/v2\/media\/34063"}],"wp:attachment":[{"href":"https:\/\/visionarymarketing.com\/fr\/wp-json\/wp\/v2\/media?parent=22364"}],"wp:term":[{"taxonomy":"category","embeddable":true,"href":"https:\/\/visionarymarketing.com\/fr\/wp-json\/wp\/v2\/categories?post=22364"},{"taxonomy":"post_tag","embeddable":true,"href":"https:\/\/visionarymarketing.com\/fr\/wp-json\/wp\/v2\/tags?post=22364"}],"curies":[{"name":"wp","href":"https:\/\/api.w.org\/{rel}","templated":true}]}}