{"id":222,"date":"2007-02-14T13:41:14","date_gmt":"2007-02-14T13:41:14","guid":{"rendered":"http:\/\/visionary.wordpress.com\/2007\/02\/14\/les-creatifs-culturels-en-france-realite-mesurable\/"},"modified":"2022-07-18T21:58:37","modified_gmt":"2022-07-18T19:58:37","slug":"creatifs-culturels-en-france","status":"publish","type":"post","link":"https:\/\/visionarymarketing.com\/fr\/2007\/02\/14\/creatifs-culturels-en-france\/","title":{"rendered":"Cr\u00e9atifs culturels en France: r\u00e9alit\u00e9 mesurable ?"},"content":{"rendered":"<p><em>Les cr\u00e9atifs culturels sont-ils bien r\u00e9els en France ? Ce matin, \u00e0 l&rsquo;invitation d&rsquo;\u00c9ric Seulliet, je me trouvais en compagnie de <a title=\"http:\/\/marketingisdead.blogspirit.com\/\" href=\"http:\/\/marketingisdead.blogspirit.com\/\" target=\"_blank\" rel=\"noopener noreferrer\">Fran\u00e7ois Laurent<\/a> et <a title=\"Denis Failly\" href=\"http:\/\/denisfailly.blogspirit.com\/\" target=\"_blank\" rel=\"noopener noreferrer\">Denis Failly<\/a> au <a title=\"http:\/\/www.fra.cityvox.fr\/bars-et-boites_paris\/sole-caffe-e-cucina_83306\/Coordonnees-Lieu\" href=\"https:\/\/web.archive.org\/web\/20080220223317\/http:\/\/www.fra.cityvox.fr:80\/bars-et-boites_paris\/sole-caffe-e-cucina_83306\/Coordonnees-Lieu\" target=\"_blank\" rel=\"noopener noreferrer\">caf\u00e9 Sole, 1 avenue Trudaine, Paris 9e<\/a> pour la pr\u00e9sentation des r\u00e9sultats de l&rsquo;enqu\u00eate fran\u00e7aise sur les cr\u00e9atifs culturels. Pour ceux qui auraient rat\u00e9 le premier \u00e9pisode, la piq\u00fbre de rappel est disponible ici. La r\u00e9union qui avait attir\u00e9 beaucoup de monde a montr\u00e9 l&rsquo;int\u00e9r\u00eat de la presse pour le sujet.<\/em><\/p>\n<h2>Les cr\u00e9atifs culturels en France: r\u00e9alit\u00e9 mesurable ?<\/h2>\n<figure id=\"attachment_57041\" aria-describedby=\"caption-attachment-57041\" style=\"width: 520px\" class=\"wp-caption aligncenter\"><a href=\"https:\/\/visionarymarketing.com\/wp-content\/uploads\/2006\/10\/jumpstory-download20200918-174959.jpg\"><img decoding=\"async\" class=\"size-full wp-image-57041\" src=\"https:\/\/visionarymarketing.com\/wp-content\/uploads\/2006\/10\/jumpstory-download20200918-174959.jpg\" alt=\"cr\u00e9atifs culturels\" width=\"520\" height=\"340\" srcset=\"https:\/\/visionarymarketing.com\/wp-content\/uploads\/2006\/10\/jumpstory-download20200918-174959.jpg 520w, https:\/\/visionarymarketing.com\/wp-content\/uploads\/2006\/10\/jumpstory-download20200918-174959-459x300.jpg 459w\" sizes=\"(max-width: 520px) 100vw, 520px\" \/><\/a><figcaption id=\"caption-attachment-57041\" class=\"wp-caption-text\">Les cr\u00e9atifs cultuels sont-ils une r\u00e9alit\u00e9 mesurable ?<\/figcaption><\/figure>\n<p>En sortant, je suis tomb\u00e9 sur une personne qui courait se rendre \u00e0 la conf\u00e9rence de presse suite \u00e0 une annonce \u00e0 Canal+ ce matin (trop tard pour elle h\u00e9las). Les premiers <a title=\"R\u00e9sultats de l\u2019enqu\u00eate sur les cr\u00e9atifs culturels en France\" href=\"https:\/\/visionarymarketing.com\/wp-content\/uploads\/2007\/02\/resultats-de-lenquete-creatifs-culturels-2007.pdf\">r\u00e9sultats de l\u2019enqu\u00eate sur les cr\u00e9atifs culturels en France<\/a> sont livr\u00e9s ici en vrac ainsi qu&rsquo;un questionnaire &#8211; ou plut\u00f4t un Quiz &#8211; donn\u00e9 par l&rsquo;\u00e9quipe du projet sous forme de clin d&rsquo;\u0153il et qui vous permettra de d\u00e9terminer si <a title=\"\u00eates vous un cr\u00e9atif culturel ?\" href=\"https:\/\/visionarymarketing.com\/wp-content\/uploads\/2007\/02\/quiz-creatifs-culturels.pdf\">vous \u00eates un cr\u00e9atif culturel.<\/a><\/p>\n<p><!--more-->Les notes de la r\u00e9union sont fournies ci-dessous en format brut.<\/p>\n<p>Les premi\u00e8res remarques notamment faisant suite \u00e0 deux pertinentes questions d&rsquo;une journaliste avis\u00e9e et de Fran\u00e7ois Laurent ont port\u00e9 sur la m\u00e9thodologie de l&rsquo;enqu\u00eate qui semble quelque peu discutable.<\/p>\n<p>Amalgame d&rsquo;\u00e9chantillons sur et hors Web, pond\u00e9ration non seulement des \u00e9chantillons &#8211; \u00e7a, c&rsquo;est normal si c&rsquo;est bien fait &#8211; mais aussi des r\u00e9ponses qui peuvent faire croire qu&rsquo;on a \u00e9vit\u00e9 des r\u00e9ponses non conformes \u00e0 un r\u00e9sultat.<\/p>\n<p>Biais dans les questions (est-ce que vous vous sentez proche de A et de B voire de C quand A, B et C ne sont pas mutuellement exclusifs), r\u00e9ponses essentiellement cibl\u00e9es sur les attitudes (intangibles) et non corr\u00e9l\u00e9es par les comportements (tangibles) &#8211; ce qui nous prive d&rsquo;ailleurs d&rsquo;une comparaison int\u00e9ressante sur les individus post\/hypermodernes qui se pensent \u00e9cologistes, mais qui roulent en 4&#215;4 diesel &#8211; etc. jettent h\u00e9las ! un trouble sur la m\u00e9thode de l&rsquo;\u00e9tude.<\/p>\n<p>Je pense que Fran\u00e7ois Laurent nous \u00e9crira bient\u00f4t un billet d&rsquo;humeur sur son blog <a title=\"http:\/\/marketingisdead.blogspirit.com\/\" href=\"http:\/\/marketingisdead.blogspirit.com\/\" target=\"_blank\" rel=\"noopener noreferrer\">Marketingisdead<\/a>, du moins c&rsquo;est ce qu&rsquo;il nous promettait ce matin.<\/p>\n<p>On peut donc regretter ces \u00e9l\u00e9ments m\u00e9thodologiques qui viennent brouiller notre capacit\u00e9 \u00e0 mesurer un ph\u00e9nom\u00e8ne qu&rsquo;on sent assez fondamental et dont &#8211; le sociologue de service \u00e9tait lui-m\u00eame d&rsquo;accord avec \u00e7a &#8211; les tendances de fond sont bien pr\u00e9sentes dans l&rsquo;ensemble de la population interrog\u00e9e, et non seulement chez les cr\u00e9atifs culturels (dont le choix du nom est d&rsquo;ailleurs critiqu\u00e9 par <a title=\"http:\/\/e-mergences.blogspirit.com\/\" href=\"http:\/\/e-mergences.blogspirit.com\/\" target=\"_blank\" rel=\"noopener noreferrer\">\u00c9ric Seulliet d&rsquo;\u00e9mergences<\/a> qui lui aurait pr\u00e9f\u00e9r\u00e9 cr\u00e9ateurs de culture).<\/p>\n<p>Par ailleurs, le Quiz est vraiment \u00e0 prendre au 1er degr\u00e9 et ne repr\u00e9sente pas une base m\u00e9thodologique s\u00e9rieuse (il a \u00e9t\u00e9 pr\u00e9sent\u00e9 comme un \u00ab\u00a0quiz de magazine de psychologie grand public\u00a0\u00bb [sic]).<\/p>\n<p>Enfin, comme le remarquait Denis Failly par une question tr\u00e8s pertinente, on regrettera l&rsquo;effleurement du sujet du Marketing 2.0 qui nous para\u00eet pourtant fondamental et connexe de ce sujet.<\/p>\n<p><em>Mes notes ci-apr\u00e8s en format brut de fonderie (pardons pour la forme et les fautes de frappe) sont issues de la retranscription intelligente de mon \u00e9criture (ICR) et Dieu sait qu&rsquo;il faut qu&rsquo;elle soit intelligente !<\/em><\/p>\n<p>Visionary Marketing Notes<br \/>\nObjet : Les cr\u00e9atifs culturels en France<br \/>\nDate: 14\/02\/07<\/p>\n<p><strong> Organisation:<\/strong><br \/>\n\u2022 Yves Michel<br \/>\n\u2022 Anne Devron<br \/>\n\u2022 \u00c9ric Seulliet<\/p>\n<p><strong>R\u00e9sultats de l&rsquo;enqu\u00eate nationale sur les cr\u00e9atifs culturels<\/strong><\/p>\n<p><strong>Intro<\/strong><br \/>\n\u2022 Historique: \u00e9tude par des sociologues US (Ray et Anderson) =&gt; d\u00e9couverte des cr\u00e9atifs culturels (CC)<br \/>\n\u2022 R\u00e9flexion en France pendant 5 ans<br \/>\n\u2022 Autres \u00e9tudes en Europe et japon (patronage du club de Budapest Europe)<br \/>\n\u2022 Fonds octroy\u00e9s par deux fondations<br \/>\n\u2022 Ces nouvelles repr\u00e9sentations apportent l&rsquo;affirmation de nouvelles valeurs<\/p>\n<p>R\u00e9sultats<br \/>\n\u2022 Pas un sondage, mais une recherche de groupes d&rsquo;individus<br \/>\n\u2022 Questionnaire utilis\u00e9 assez vaste =&gt; le plus proche possible dans tous les pays<br \/>\n\u2022 1115 personnes en face \u00e0 face, et aussi pour partie sur Internet (514)<br \/>\n\u2022 \u00c9tude men\u00e9e par <a title=\"http:\/\/www.b3tsi.com\/\" href=\"https:\/\/web.archive.org\/web\/20220220005701\/https:\/\/www.b3tsi.com\/\" target=\"_blank\" rel=\"noopener noreferrer\">B3TSI <\/a>et garant scientifique: Jean Pierre Worms qui a \u00e9crit la pr\u00e9face du bouquin<br \/>\n\u2022 Analyse typologique =&gt; cr\u00e9ations de groupes homog\u00e8nes et tr\u00e8s dissemblables<br \/>\n\u2022 6 facteurs d\u00e9terminants: \u00e9cologie, femmes, \u00eatre avoir para\u00eetre, connaissance de soi, enjeu soci\u00e9tal, ouverture culturelle<br \/>\n\u2022 CC =&gt; 17\u00a0% (intervalle de confiance ~ 2\u00a0%), mais diff\u00e9rence des US (4 crit\u00e8res seulement)<br \/>\n\u2022 Alter cr\u00e9atifs (21\u00a0%) =&gt; hors des CC, mais on ne sait pas bien pourquoi<br \/>\n\u2022 \u00e9thique &gt; spirituel<br \/>\n\u2022 64\u00a0% de femmes (d\u00e9tach\u00e9s sceptiques =&gt; proportion inverse)<\/p>\n<ol>\n<li>Remarques du Sociologue (J P Worm)<\/li>\n<li>Inversion des modes de raisonnement sur la soci\u00e9t\u00e9 par rapport aux modes dominants. =&gt; versus alliance technique + \u00e9conomique<\/li>\n<li>Il y a des mouvements de fond dans la soci\u00e9t\u00e9 et tr\u00e8s larges. \u00c7a va au-del\u00e0 des CC et les \u00e9volutions sont majoritaires dans l&rsquo;ensemble de la population. Mais ils auraient un. t\u00f4le d&rsquo;entra\u00eenement<\/li>\n<li>C&rsquo;est diff\u00e9rent de la logique d&rsquo;enfermement des ann\u00e9es 70 (Larzac) =&gt; ce sont des entrepreneurs<\/li>\n<li>Les d\u00e9tach\u00e9s sceptiques sont les r\u00e9sistants et sont largement minoritaires<\/li>\n<li>Les alter cr\u00e9atifs =&gt; presque comme les CC sauf sur le spirituel, mais c&rsquo;est une caract\u00e9ristique fran\u00e7aise due \u00e0 l&rsquo;opposition historique entre la\u00efcs et religieux.<\/li>\n<li>M\u00eame les conservateurs modernes sont proches des CC<\/li>\n<li>Les CC ne sont pas un Commando du changement c&rsquo;est juste un agglom\u00e9rat statistique<\/li>\n<li>Les CC sont sceptiques sur l&rsquo;\u00e9glise pour des raisons d&rsquo;\u00e9thique et idem svr les partis bien qu&rsquo;ils soient + concern\u00e9s que les autres par la politique<\/li>\n<li>Strat\u00e9gie moderne = utilisent la soci\u00e9t\u00e9 pour la changer<\/li>\n<\/ol>\n<p><strong>\u00c9ric Seulliet<\/strong><br \/>\n\u2022 Le vocable cr\u00e9atif culturel n&rsquo;est pas bien choisi =&gt; on aurait du traduire par \u00a0\u00bb cr\u00e9ateurs de culture\u00a0\u00bb<br \/>\n\u2022 Leurs valeurs sont diff\u00e9rentes, mais au-del\u00e0 c&rsquo;est le mode de Consommation<\/p>\n<p><strong>A Devron<\/strong><br \/>\n\u2022 Travail port\u00e9 par le groupe =&gt; 6 ans au total (AD y a pass\u00e9 3 ans)<br \/>\n\u2022 En entreprise: les gens \u00e9taient positifs de voir que leurs id\u00e9es litaient parti gi es malgr\u00e9 le conservatisme de l&rsquo;entreprise<\/p>\n<p><strong>Questions-r\u00e9ponses<\/strong><br \/>\n\u2022 CSP? =&gt; toutes les CSP sont repr\u00e9sent\u00e9es.<br \/>\n\u2022 Dimension europ\u00e9enne? Les \u00e9tudes commencent \u00e0 sortir en Italie et en Hongrie.<br \/>\n\u2022 Quelles questions ? 45 minutes de questionnaire. Le questionnaire fourni ici (voir plus loin)<br \/>\n\u2022 En quoi les CC sont ils diff\u00e8rent des babas cool \u00e0 part de ne pas \u00eatre dans le Larzac ?<br \/>\n\u2022 Pourquoi tant de femmes (beaucoup plus que dans l&rsquo;\u00e9tude US) ? Est-ce en r\u00e9action par rapport \u00e0 une soci\u00e9t\u00e9 fran\u00e7aise bas\u00e9e sur la raison, la technique et les \u00e9lites d&rsquo;\u00e9coles d&rsquo;ing\u00e9nieurs \u00e0 majorit\u00e9 masculine?<br \/>\n\u2022 \u00c9tapes suivantes: Cette \u00e9tude va \u00eatre vendue \u00e0 des entreprises 1) sans la galvauder 2) d\u00e9gager des fonds pour les actions futures<br \/>\n\u2022 F Laurent (Adetem) : les id\u00e9es ne sont elles pas g\u00ean\u00e9es par la m\u00e9thode? R\u00e9ponse: Repond\u00e9ration des \u00e9chantillons (!) =&gt; extr\u00eame r\u00e9serves scientifiques R\u00e9ponse: les deux sous \u00e9chantillons ont \u00e9t\u00e9 crois\u00e9s<br \/>\n\u2022 D Failly: Similitude avec les concepts de Bioneers, connecteurs, le cinqui\u00e8me pouvoir (Crozet)<br \/>\n\u2022 \u00ab\u00a0L&rsquo;apprenance\u00a0\u00bb =&gt; nouveau concept d&rsquo;apprentissage permanent.<\/p>\n","protected":false},"excerpt":{"rendered":"<p>Les cr\u00e9atifs culturels sont-ils bien r\u00e9els en France ? Ce matin, \u00e0 l&rsquo;invitation d&rsquo;\u00c9ric Seulliet, je me trouvais en compagnie de Fran\u00e7ois Laurent et Denis Failly au caf\u00e9 Sole, 1 avenue Trudaine, Paris 9e pour la pr\u00e9sentation des r\u00e9sultats de l&rsquo;enqu\u00eate fran\u00e7aise sur les cr\u00e9atifs culturels. Pour ceux qui auraient rat\u00e9 le premier \u00e9pisode, la &hellip;<\/p>\n","protected":false},"author":2,"featured_media":57041,"comment_status":"open","ping_status":"open","sticky":false,"template":"","format":"standard","meta":{"footnotes":""},"categories":[10],"tags":[],"class_list":["post-222","post","type-post","status-publish","format-standard","has-post-thumbnail","hentry","category-collaboration-et-teletravail"],"yoast_head":"<!-- This site is optimized with the Yoast SEO plugin v27.4 - https:\/\/yoast.com\/product\/yoast-seo-wordpress\/ -->\n<title>Cr\u00e9atifs culturels en France: r\u00e9alit\u00e9 mesurable ?<\/title>\n<meta name=\"description\" content=\"Les cr\u00e9atifs culturels sont ils bien r\u00e9els en France ? La r\u00e9union qui avait attir\u00e9 du monde a montr\u00e9 l&#039;int\u00e9r\u00eat de la presse pour le sujet.\" \/>\n<meta name=\"robots\" content=\"index, follow, max-snippet:-1, max-image-preview:large, max-video-preview:-1\" \/>\n<link rel=\"canonical\" href=\"https:\/\/visionarymarketing.com\/fr\/2007\/02\/14\/creatifs-culturels-en-france\/\" \/>\n<meta property=\"og:locale\" content=\"fr_FR\" \/>\n<meta property=\"og:type\" content=\"article\" \/>\n<meta property=\"og:title\" content=\"Cr\u00e9atifs culturels en France: r\u00e9alit\u00e9 mesurable ?\" \/>\n<meta property=\"og:description\" content=\"Les cr\u00e9atifs culturels sont ils bien r\u00e9els en France ? La r\u00e9union qui avait attir\u00e9 du monde a montr\u00e9 l&#039;int\u00e9r\u00eat de la presse pour le sujet.\" \/>\n<meta property=\"og:url\" content=\"https:\/\/visionarymarketing.com\/fr\/2007\/02\/14\/creatifs-culturels-en-france\/\" \/>\n<meta property=\"og:site_name\" content=\"Marketing and Innovation\" \/>\n<meta property=\"article:publisher\" content=\"https:\/\/www.facebook.com\/vismktg\" \/>\n<meta property=\"article:author\" content=\"http:\/\/facebook.com\/ygourven\" \/>\n<meta property=\"article:published_time\" content=\"2007-02-14T13:41:14+00:00\" \/>\n<meta property=\"article:modified_time\" content=\"2022-07-18T19:58:37+00:00\" \/>\n<meta property=\"og:image\" content=\"https:\/\/visionarymarketing.com\/wp-content\/uploads\/2006\/10\/jumpstory-download20200918-174959.jpg\" \/>\n\t<meta property=\"og:image:width\" content=\"520\" \/>\n\t<meta property=\"og:image:height\" content=\"340\" \/>\n\t<meta property=\"og:image:type\" content=\"image\/jpeg\" \/>\n<meta name=\"author\" content=\"Yann Gourvennec\" \/>\n<meta name=\"twitter:card\" content=\"summary_large_image\" \/>\n<meta name=\"twitter:creator\" content=\"@ygourven\" \/>\n<meta name=\"twitter:site\" content=\"@ygourven\" \/>\n<meta name=\"twitter:label1\" content=\"\u00c9crit par\" \/>\n\t<meta name=\"twitter:data1\" content=\"Yann Gourvennec\" \/>\n\t<meta name=\"twitter:label2\" content=\"Dur\u00e9e de lecture estim\u00e9e\" \/>\n\t<meta name=\"twitter:data2\" content=\"6 minutes\" \/>\n<script type=\"application\/ld+json\" class=\"yoast-schema-graph\">{\"@context\":\"https:\\\/\\\/schema.org\",\"@graph\":[{\"@type\":\"NewsArticle\",\"@id\":\"https:\\\/\\\/visionarymarketing.com\\\/fr\\\/2007\\\/02\\\/14\\\/creatifs-culturels-en-france\\\/#article\",\"isPartOf\":{\"@id\":\"https:\\\/\\\/visionarymarketing.com\\\/fr\\\/2007\\\/02\\\/14\\\/creatifs-culturels-en-france\\\/\"},\"author\":{\"name\":\"Yann Gourvennec\",\"@id\":\"https:\\\/\\\/visionarymarketing.com\\\/fr\\\/#\\\/schema\\\/person\\\/3754fee1e558f47b8deb46f53c37423e\"},\"headline\":\"Cr\u00e9atifs culturels en France: r\u00e9alit\u00e9 mesurable ?\",\"datePublished\":\"2007-02-14T13:41:14+00:00\",\"dateModified\":\"2022-07-18T19:58:37+00:00\",\"mainEntityOfPage\":{\"@id\":\"https:\\\/\\\/visionarymarketing.com\\\/fr\\\/2007\\\/02\\\/14\\\/creatifs-culturels-en-france\\\/\"},\"wordCount\":1254,\"commentCount\":0,\"image\":{\"@id\":\"https:\\\/\\\/visionarymarketing.com\\\/fr\\\/2007\\\/02\\\/14\\\/creatifs-culturels-en-france\\\/#primaryimage\"},\"thumbnailUrl\":\"https:\\\/\\\/visionarymarketing.com\\\/wp-content\\\/uploads\\\/2006\\\/10\\\/jumpstory-download20200918-174959.jpg\",\"articleSection\":[\"collaboration \\\/ t\u00e9l\u00e9travail\"],\"inLanguage\":\"fr-FR\",\"potentialAction\":[{\"@type\":\"CommentAction\",\"name\":\"Comment\",\"target\":[\"https:\\\/\\\/visionarymarketing.com\\\/fr\\\/2007\\\/02\\\/14\\\/creatifs-culturels-en-france\\\/#respond\"]}]},{\"@type\":\"WebPage\",\"@id\":\"https:\\\/\\\/visionarymarketing.com\\\/fr\\\/2007\\\/02\\\/14\\\/creatifs-culturels-en-france\\\/\",\"url\":\"https:\\\/\\\/visionarymarketing.com\\\/fr\\\/2007\\\/02\\\/14\\\/creatifs-culturels-en-france\\\/\",\"name\":\"Cr\u00e9atifs culturels en France: r\u00e9alit\u00e9 mesurable ?\",\"isPartOf\":{\"@id\":\"https:\\\/\\\/visionarymarketing.com\\\/fr\\\/#website\"},\"primaryImageOfPage\":{\"@id\":\"https:\\\/\\\/visionarymarketing.com\\\/fr\\\/2007\\\/02\\\/14\\\/creatifs-culturels-en-france\\\/#primaryimage\"},\"image\":{\"@id\":\"https:\\\/\\\/visionarymarketing.com\\\/fr\\\/2007\\\/02\\\/14\\\/creatifs-culturels-en-france\\\/#primaryimage\"},\"thumbnailUrl\":\"https:\\\/\\\/visionarymarketing.com\\\/wp-content\\\/uploads\\\/2006\\\/10\\\/jumpstory-download20200918-174959.jpg\",\"datePublished\":\"2007-02-14T13:41:14+00:00\",\"dateModified\":\"2022-07-18T19:58:37+00:00\",\"author\":{\"@id\":\"https:\\\/\\\/visionarymarketing.com\\\/fr\\\/#\\\/schema\\\/person\\\/3754fee1e558f47b8deb46f53c37423e\"},\"description\":\"Les cr\u00e9atifs culturels sont ils bien r\u00e9els en France ? La r\u00e9union qui avait attir\u00e9 du monde a montr\u00e9 l'int\u00e9r\u00eat de la presse pour le sujet.\",\"breadcrumb\":{\"@id\":\"https:\\\/\\\/visionarymarketing.com\\\/fr\\\/2007\\\/02\\\/14\\\/creatifs-culturels-en-france\\\/#breadcrumb\"},\"inLanguage\":\"fr-FR\",\"potentialAction\":[{\"@type\":\"ReadAction\",\"target\":[\"https:\\\/\\\/visionarymarketing.com\\\/fr\\\/2007\\\/02\\\/14\\\/creatifs-culturels-en-france\\\/\"]}]},{\"@type\":\"ImageObject\",\"inLanguage\":\"fr-FR\",\"@id\":\"https:\\\/\\\/visionarymarketing.com\\\/fr\\\/2007\\\/02\\\/14\\\/creatifs-culturels-en-france\\\/#primaryimage\",\"url\":\"https:\\\/\\\/visionarymarketing.com\\\/wp-content\\\/uploads\\\/2006\\\/10\\\/jumpstory-download20200918-174959.jpg\",\"contentUrl\":\"https:\\\/\\\/visionarymarketing.com\\\/wp-content\\\/uploads\\\/2006\\\/10\\\/jumpstory-download20200918-174959.jpg\",\"width\":520,\"height\":340,\"caption\":\"emotions innover\"},{\"@type\":\"BreadcrumbList\",\"@id\":\"https:\\\/\\\/visionarymarketing.com\\\/fr\\\/2007\\\/02\\\/14\\\/creatifs-culturels-en-france\\\/#breadcrumb\",\"itemListElement\":[{\"@type\":\"ListItem\",\"position\":1,\"name\":\"Home\",\"item\":\"https:\\\/\\\/visionarymarketing.com\\\/fr\\\/\"},{\"@type\":\"ListItem\",\"position\":2,\"name\":\"Cr\u00e9atifs culturels en France: r\u00e9alit\u00e9 mesurable ?\"}]},{\"@type\":\"WebSite\",\"@id\":\"https:\\\/\\\/visionarymarketing.com\\\/fr\\\/#website\",\"url\":\"https:\\\/\\\/visionarymarketing.com\\\/fr\\\/\",\"name\":\"Marketing and Innovation\",\"description\":\"Site d&#039;infos ind\u00e9pendant, depuis 1996\",\"potentialAction\":[{\"@type\":\"SearchAction\",\"target\":{\"@type\":\"EntryPoint\",\"urlTemplate\":\"https:\\\/\\\/visionarymarketing.com\\\/fr\\\/?s={search_term_string}\"},\"query-input\":{\"@type\":\"PropertyValueSpecification\",\"valueRequired\":true,\"valueName\":\"search_term_string\"}}],\"inLanguage\":\"fr-FR\"},{\"@type\":\"Person\",\"@id\":\"https:\\\/\\\/visionarymarketing.com\\\/fr\\\/#\\\/schema\\\/person\\\/3754fee1e558f47b8deb46f53c37423e\",\"name\":\"Yann Gourvennec\",\"image\":{\"@type\":\"ImageObject\",\"inLanguage\":\"fr-FR\",\"@id\":\"https:\\\/\\\/secure.gravatar.com\\\/avatar\\\/5972001801e8de5692a3e31224e85769f50a55fb8b679749f9c8d1868cceff14?s=96&d=initials&r=g&initials=yg\",\"url\":\"https:\\\/\\\/secure.gravatar.com\\\/avatar\\\/5972001801e8de5692a3e31224e85769f50a55fb8b679749f9c8d1868cceff14?s=96&d=initials&r=g&initials=yg\",\"contentUrl\":\"https:\\\/\\\/secure.gravatar.com\\\/avatar\\\/5972001801e8de5692a3e31224e85769f50a55fb8b679749f9c8d1868cceff14?s=96&d=initials&r=g&initials=yg\",\"caption\":\"Yann Gourvennec\"},\"description\":\"Yann Gourvennec created visionarymarketing.com in 1996. He is a speaker and author of many books. In 2014 he went from intrapreneur to entrepreneur, when he created his digital marketing agency. Yann Gourvennec a cr\u00e9\u00e9 visionarymarketing.com en 1996. Il est conf\u00e9rencier et auteur de plusieurs livres. En 2014, il est pass\u00e9 d'intrapreneur \u00e0 entrepreneur en cr\u00e9ant son agence de marketing num\u00e9rique.\",\"sameAs\":[\"https:\\\/\\\/visionarymarketing.com\",\"http:\\\/\\\/facebook.com\\\/ygourven\",\"http:\\\/\\\/linkedin.com\\\/in\\\/ygourven\",\"https:\\\/\\\/x.com\\\/ygourven\",\"https:\\\/\\\/www.youtube.com\\\/c\\\/visionarymarketingagency\"],\"url\":\"https:\\\/\\\/visionarymarketing.com\\\/fr\\\/author\\\/yann-gourvennec\\\/\"}]}<\/script>\n<!-- \/ Yoast SEO plugin. -->","yoast_head_json":{"title":"Cr\u00e9atifs culturels en France: r\u00e9alit\u00e9 mesurable ?","description":"Les cr\u00e9atifs culturels sont ils bien r\u00e9els en France ? La r\u00e9union qui avait attir\u00e9 du monde a montr\u00e9 l'int\u00e9r\u00eat de la presse pour le sujet.","robots":{"index":"index","follow":"follow","max-snippet":"max-snippet:-1","max-image-preview":"max-image-preview:large","max-video-preview":"max-video-preview:-1"},"canonical":"https:\/\/visionarymarketing.com\/fr\/2007\/02\/14\/creatifs-culturels-en-france\/","og_locale":"fr_FR","og_type":"article","og_title":"Cr\u00e9atifs culturels en France: r\u00e9alit\u00e9 mesurable ?","og_description":"Les cr\u00e9atifs culturels sont ils bien r\u00e9els en France ? La r\u00e9union qui avait attir\u00e9 du monde a montr\u00e9 l'int\u00e9r\u00eat de la presse pour le sujet.","og_url":"https:\/\/visionarymarketing.com\/fr\/2007\/02\/14\/creatifs-culturels-en-france\/","og_site_name":"Marketing and Innovation","article_publisher":"https:\/\/www.facebook.com\/vismktg","article_author":"http:\/\/facebook.com\/ygourven","article_published_time":"2007-02-14T13:41:14+00:00","article_modified_time":"2022-07-18T19:58:37+00:00","og_image":[{"width":520,"height":340,"url":"https:\/\/visionarymarketing.com\/wp-content\/uploads\/2006\/10\/jumpstory-download20200918-174959.jpg","type":"image\/jpeg"}],"author":"Yann Gourvennec","twitter_card":"summary_large_image","twitter_creator":"@ygourven","twitter_site":"@ygourven","twitter_misc":{"\u00c9crit par":"Yann Gourvennec","Dur\u00e9e de lecture estim\u00e9e":"6 minutes"},"schema":{"@context":"https:\/\/schema.org","@graph":[{"@type":"NewsArticle","@id":"https:\/\/visionarymarketing.com\/fr\/2007\/02\/14\/creatifs-culturels-en-france\/#article","isPartOf":{"@id":"https:\/\/visionarymarketing.com\/fr\/2007\/02\/14\/creatifs-culturels-en-france\/"},"author":{"name":"Yann Gourvennec","@id":"https:\/\/visionarymarketing.com\/fr\/#\/schema\/person\/3754fee1e558f47b8deb46f53c37423e"},"headline":"Cr\u00e9atifs culturels en France: r\u00e9alit\u00e9 mesurable ?","datePublished":"2007-02-14T13:41:14+00:00","dateModified":"2022-07-18T19:58:37+00:00","mainEntityOfPage":{"@id":"https:\/\/visionarymarketing.com\/fr\/2007\/02\/14\/creatifs-culturels-en-france\/"},"wordCount":1254,"commentCount":0,"image":{"@id":"https:\/\/visionarymarketing.com\/fr\/2007\/02\/14\/creatifs-culturels-en-france\/#primaryimage"},"thumbnailUrl":"https:\/\/visionarymarketing.com\/wp-content\/uploads\/2006\/10\/jumpstory-download20200918-174959.jpg","articleSection":["collaboration \/ t\u00e9l\u00e9travail"],"inLanguage":"fr-FR","potentialAction":[{"@type":"CommentAction","name":"Comment","target":["https:\/\/visionarymarketing.com\/fr\/2007\/02\/14\/creatifs-culturels-en-france\/#respond"]}]},{"@type":"WebPage","@id":"https:\/\/visionarymarketing.com\/fr\/2007\/02\/14\/creatifs-culturels-en-france\/","url":"https:\/\/visionarymarketing.com\/fr\/2007\/02\/14\/creatifs-culturels-en-france\/","name":"Cr\u00e9atifs culturels en France: r\u00e9alit\u00e9 mesurable ?","isPartOf":{"@id":"https:\/\/visionarymarketing.com\/fr\/#website"},"primaryImageOfPage":{"@id":"https:\/\/visionarymarketing.com\/fr\/2007\/02\/14\/creatifs-culturels-en-france\/#primaryimage"},"image":{"@id":"https:\/\/visionarymarketing.com\/fr\/2007\/02\/14\/creatifs-culturels-en-france\/#primaryimage"},"thumbnailUrl":"https:\/\/visionarymarketing.com\/wp-content\/uploads\/2006\/10\/jumpstory-download20200918-174959.jpg","datePublished":"2007-02-14T13:41:14+00:00","dateModified":"2022-07-18T19:58:37+00:00","author":{"@id":"https:\/\/visionarymarketing.com\/fr\/#\/schema\/person\/3754fee1e558f47b8deb46f53c37423e"},"description":"Les cr\u00e9atifs culturels sont ils bien r\u00e9els en France ? La r\u00e9union qui avait attir\u00e9 du monde a montr\u00e9 l'int\u00e9r\u00eat de la presse pour le sujet.","breadcrumb":{"@id":"https:\/\/visionarymarketing.com\/fr\/2007\/02\/14\/creatifs-culturels-en-france\/#breadcrumb"},"inLanguage":"fr-FR","potentialAction":[{"@type":"ReadAction","target":["https:\/\/visionarymarketing.com\/fr\/2007\/02\/14\/creatifs-culturels-en-france\/"]}]},{"@type":"ImageObject","inLanguage":"fr-FR","@id":"https:\/\/visionarymarketing.com\/fr\/2007\/02\/14\/creatifs-culturels-en-france\/#primaryimage","url":"https:\/\/visionarymarketing.com\/wp-content\/uploads\/2006\/10\/jumpstory-download20200918-174959.jpg","contentUrl":"https:\/\/visionarymarketing.com\/wp-content\/uploads\/2006\/10\/jumpstory-download20200918-174959.jpg","width":520,"height":340,"caption":"emotions innover"},{"@type":"BreadcrumbList","@id":"https:\/\/visionarymarketing.com\/fr\/2007\/02\/14\/creatifs-culturels-en-france\/#breadcrumb","itemListElement":[{"@type":"ListItem","position":1,"name":"Home","item":"https:\/\/visionarymarketing.com\/fr\/"},{"@type":"ListItem","position":2,"name":"Cr\u00e9atifs culturels en France: r\u00e9alit\u00e9 mesurable ?"}]},{"@type":"WebSite","@id":"https:\/\/visionarymarketing.com\/fr\/#website","url":"https:\/\/visionarymarketing.com\/fr\/","name":"Marketing and Innovation","description":"Site d&#039;infos ind\u00e9pendant, depuis 1996","potentialAction":[{"@type":"SearchAction","target":{"@type":"EntryPoint","urlTemplate":"https:\/\/visionarymarketing.com\/fr\/?s={search_term_string}"},"query-input":{"@type":"PropertyValueSpecification","valueRequired":true,"valueName":"search_term_string"}}],"inLanguage":"fr-FR"},{"@type":"Person","@id":"https:\/\/visionarymarketing.com\/fr\/#\/schema\/person\/3754fee1e558f47b8deb46f53c37423e","name":"Yann Gourvennec","image":{"@type":"ImageObject","inLanguage":"fr-FR","@id":"https:\/\/secure.gravatar.com\/avatar\/5972001801e8de5692a3e31224e85769f50a55fb8b679749f9c8d1868cceff14?s=96&d=initials&r=g&initials=yg","url":"https:\/\/secure.gravatar.com\/avatar\/5972001801e8de5692a3e31224e85769f50a55fb8b679749f9c8d1868cceff14?s=96&d=initials&r=g&initials=yg","contentUrl":"https:\/\/secure.gravatar.com\/avatar\/5972001801e8de5692a3e31224e85769f50a55fb8b679749f9c8d1868cceff14?s=96&d=initials&r=g&initials=yg","caption":"Yann Gourvennec"},"description":"Yann Gourvennec created visionarymarketing.com in 1996. He is a speaker and author of many books. In 2014 he went from intrapreneur to entrepreneur, when he created his digital marketing agency. Yann Gourvennec a cr\u00e9\u00e9 visionarymarketing.com en 1996. Il est conf\u00e9rencier et auteur de plusieurs livres. En 2014, il est pass\u00e9 d'intrapreneur \u00e0 entrepreneur en cr\u00e9ant son agence de marketing num\u00e9rique.","sameAs":["https:\/\/visionarymarketing.com","http:\/\/facebook.com\/ygourven","http:\/\/linkedin.com\/in\/ygourven","https:\/\/x.com\/ygourven","https:\/\/www.youtube.com\/c\/visionarymarketingagency"],"url":"https:\/\/visionarymarketing.com\/fr\/author\/yann-gourvennec\/"}]}},"_links":{"self":[{"href":"https:\/\/visionarymarketing.com\/fr\/wp-json\/wp\/v2\/posts\/222","targetHints":{"allow":["GET"]}}],"collection":[{"href":"https:\/\/visionarymarketing.com\/fr\/wp-json\/wp\/v2\/posts"}],"about":[{"href":"https:\/\/visionarymarketing.com\/fr\/wp-json\/wp\/v2\/types\/post"}],"author":[{"embeddable":true,"href":"https:\/\/visionarymarketing.com\/fr\/wp-json\/wp\/v2\/users\/2"}],"replies":[{"embeddable":true,"href":"https:\/\/visionarymarketing.com\/fr\/wp-json\/wp\/v2\/comments?post=222"}],"version-history":[{"count":0,"href":"https:\/\/visionarymarketing.com\/fr\/wp-json\/wp\/v2\/posts\/222\/revisions"}],"wp:featuredmedia":[{"embeddable":true,"href":"https:\/\/visionarymarketing.com\/fr\/wp-json\/wp\/v2\/media\/57041"}],"wp:attachment":[{"href":"https:\/\/visionarymarketing.com\/fr\/wp-json\/wp\/v2\/media?parent=222"}],"wp:term":[{"taxonomy":"category","embeddable":true,"href":"https:\/\/visionarymarketing.com\/fr\/wp-json\/wp\/v2\/categories?post=222"},{"taxonomy":"post_tag","embeddable":true,"href":"https:\/\/visionarymarketing.com\/fr\/wp-json\/wp\/v2\/tags?post=222"}],"curies":[{"name":"wp","href":"https:\/\/api.w.org\/{rel}","templated":true}]}}