{"id":22198,"date":"2016-10-06T10:00:51","date_gmt":"2016-10-06T08:00:51","guid":{"rendered":"http:\/\/visionarymarketing.fr\/blog\/?p=22198"},"modified":"2023-09-20T09:44:44","modified_gmt":"2023-09-20T07:44:44","slug":"etude-management-intermediaire","status":"publish","type":"post","link":"https:\/\/visionarymarketing.com\/fr\/2016\/10\/06\/etude-management-intermediaire\/","title":{"rendered":"Management interm\u00e9diaire vs transformation digitale"},"content":{"rendered":"<p><em><span class=\"removed_link\" title=\"https:\/\/www.linkedin.com\/in\/ceciledemailly\">C\u00e9cile Demailly<\/span>, consultante en changement organisationnel au sein de grandes entreprises chez\u00a0<\/em><a href=\"https:\/\/web.archive.org\/web\/20210307060846\/http:\/\/www.earlystrategies.com\/fr\/\"><em>Early Strategies<\/em><\/a><em>\u00a0a r\u00e9alis\u00e9 une \u00e9tude pour mieux comprendre comment le management interm\u00e9diaire r\u00e9agit face \u00e0 la transformation digitale. Ce ph\u00e9nom\u00e8ne touche toutes les industries et cause de nombreux changements. Voil\u00e0 pourquoi la \u00ab\u00a0<a href=\"https:\/\/visionarymarketing.com\/fr\/2021\/03\/webinaire-innovation-disruption\/\">disruption<\/a>\u00a0\u00bb est un mot cl\u00e9, autant qu&rsquo;un buzzword, lorsque l&rsquo;on parle de transformation digitale. Dans cette recherche d&rsquo;informations, C\u00e9cile Demailly apporte sa connaissance pouss\u00e9e de l\u2019univers corporate et son expertise dans les \u00e9tudes de recherche.\u00a0<\/em><\/p>\n<h2>Management interm\u00e9diaire vs transformation digitale<\/h2>\n<figure id=\"attachment_22208\" aria-describedby=\"caption-attachment-22208\" style=\"width: 520px\" class=\"wp-caption aligncenter\"><img decoding=\"async\" class=\"wp-image-22208 size-full\" title=\"transformation digitale\" src=\"https:\/\/visionarymarketing.com\/wp-content\/uploads\/2016\/10\/^E4BA00EABB91F9E810577BD00003CD12F86FFE25350B78BF8F^pimgpsh_fullsize_distr-e1620369119246.jpg\" alt=\"Management interm\u00e9diaire vs transformation digitale\" width=\"520\" height=\"347\" \/><figcaption id=\"caption-attachment-22208\" class=\"wp-caption-text\">La transformation digitale n&rsquo;est pas seulement technique, le fameux facteur humain, pour paraphraser Graham Greene, y joue un r\u00f4le des plus cruciaux.<\/figcaption><\/figure>\n<p><em> Le questionnaire a \u00e9t\u00e9 fond\u00e9 sur 7 domaines afin d&rsquo;obtenir une \u00e9tude compl\u00e8te et globale sur la perception de la transformation digitale par le management interm\u00e9diaire, avec des questions simples afin que les managers donnent des r\u00e9ponses spontan\u00e9es. Les diff\u00e9rents domaines sont\u00a0: l&rsquo;adoption de la transformation digitale, l&rsquo;\u00e9tat d&rsquo;esprit des managers interm\u00e9diaires, le statut, le sens relationnel, l&rsquo;environnement organisationnel, le changement et enfin d&rsquo;adaptabilit\u00e9. Les r\u00e9ponses collect\u00e9es et analys\u00e9es sont tr\u00e8s int\u00e9ressantes, nous allons donc vous les pr\u00e9senter bri\u00e8vement. Pour approfondir nos propos, parcourez la synth\u00e8se ou\u00a0<\/em><em><a href=\"https:\/\/web.archive.org\/web\/20160930065500\/http:\/\/www.earlystrategies.com:80\/midmgt-transfdigitale\/\">rendez-vous sur la page de l&rsquo;\u00e9tude<\/a>.<\/em><\/p>\n<h3>Fracture num\u00e9rique et management interm\u00e9diaire<\/h3>\n<p>La fracture num\u00e9rique (\u00e9galement appel\u00e9e \u00ab\u00a0digital divide\u00a0\u00bb) est par d\u00e9finition une in\u00e9galit\u00e9 \u00e9conomique et sociale li\u00e9e au num\u00e9rique et \u00e0 la technologie. Il existe aussi la fracture num\u00e9rique globale qui est simplement l&rsquo;\u00e9cart digital entre un pays \u00e9mergeant et un pays d\u00e9velopp\u00e9.<img decoding=\"async\" class=\"alignleft wp-image-22218 size-full\" title=\"transformation digitale\" src=\"https:\/\/visionarymarketing.com\/wp-content\/uploads\/2016\/11\/i7^pimgpsh_fullsize_distr-copie.png\" alt=\"Management interm\u00e9diaire vs transformation digitale\" width=\"371\" height=\"256\" \/><\/p>\n<p>&nbsp;<\/p>\n<p>Mais dans le contexte de l&rsquo;\u00e9tude de C\u00e9cile Demailly, on parle de fracture num\u00e9rique avec le management ex\u00e9cutif. Le management interm\u00e9diaire a un retour positif sur la mise en oeuvre des pratiques digitales. Mais avec ces pratiques, de nouveaux d\u00e9fis sont apparus ainsi qu\u2019une certaine ambigu\u00eft\u00e9 dans les t\u00e2ches des managers interm\u00e9diaires. Gr\u00e2ce \u00e0 la transformation digitale, on s&rsquo;attend \u00e0 ce que les managers interm\u00e9diaires deviennent leaders, prennent des initiatives, mais le manque de reconnaissance auquel ils font face, peut \u00e9ventuellement \u00eatre un frein.<\/p>\n<p><!--more--><\/p>\n<h2>Une transition vers le leadership<\/h2>\n<p>A<img decoding=\"async\" class=\"alignright wp-image-22217 size-full\" title=\"transformation digitale\" src=\"https:\/\/visionarymarketing.com\/wp-content\/uploads\/2016\/11\/i6^pimgpsh_fullsize_distr-copie.png\" alt=\"Management interm\u00e9diaire vs transformation digitale\" width=\"367\" height=\"257\" \/>ujourd&rsquo;hui, dans une entreprise transform\u00e9e digitalement, les managers interm\u00e9diaires passent par un changement de leur identit\u00e9 et de leur activit\u00e9 au travail. Leurs t\u00e2ches sont aujourd&rsquo;hui diff\u00e9rentes. Au lieu de diriger et contr\u00f4ler les processus, ils doivent aujourd&rsquo;hui guider, influencer et faciliter l&rsquo;organisation. Cela leur demande aujourd&rsquo;hui d\u2019\u00eatre plus ouverts, de travailler pour le d\u00e9veloppement de leur \u00e9quipe, et de cr\u00e9er de nouvelles proc\u00e9dures. Mais des difficult\u00e9s existent, telles que le volume d\u2019information et l\u2019abondance d\u2019outils disponibles qui submergent beaucoup de managers interm\u00e9diaires. De plus, la transformation digitale ajoute une couche de complexit\u00e9 et d\u2019incertitude.<\/p>\n<h2>Un paradoxe digital<\/h2>\n<p>L&rsquo;analyse des donn\u00e9es collect\u00e9es r\u00e9v\u00e8lent que les opinions et les perceptions des managers interm\u00e9diaires face \u00e0 la transformation digitale sont tr\u00e8s diff\u00e9rentes. En effet, 50% des personnes interrog\u00e9es pensent que le digital les aident \u00e0 saisir plus facilement les situations et \u00e0 penser de mani\u00e8re cr\u00e9ative, contre 40% qui pensent le contraire.<\/p>\n<p>Les managers interm\u00e9diaires adeptes du digital consid\u00e8rent que les valeurs \u00e9voluent positivement, notamment en mati\u00e8re de savoir-\u00eatre et de transparence. Cela facilite les relations humaines.<\/p>\n<p><img decoding=\"async\" class=\"aligncenter wp-image-22219 size-medium\" title=\"transformation digitale\" src=\"https:\/\/visionarymarketing.com\/wp-content\/uploads\/2016\/11\/i8^pimgpsh_fullsize_distr-500x239.png\" alt=\"Management interm\u00e9diaire vs transformation digitale\" width=\"500\" height=\"239\" srcset=\"https:\/\/visionarymarketing.com\/wp-content\/uploads\/2016\/11\/i8^pimgpsh_fullsize_distr-500x239.png 500w, https:\/\/visionarymarketing.com\/wp-content\/uploads\/2016\/11\/i8^pimgpsh_fullsize_distr.png 587w\" sizes=\"(max-width: 500px) 100vw, 500px\" \/><\/p>\n<p>A l&rsquo;inverse, les m\u00e9contents de la digitalisation dans leur activit\u00e9, consid\u00e8rent ce ph\u00e9nom\u00e8ne comme une contribution \u00e0 la bureaucratie et \u00e0 la complexit\u00e9. Pour eux, les processus sont rendus plus difficiles \u00a0\u00e0 cause de cette couche de complexit\u00e9 et d&rsquo;incertitude que nous avons \u00e9voqu\u00e9 pr\u00e9c\u00e9demment. Ces managers interm\u00e9diaires croient \u00e9galement que la digitalisation impacte n\u00e9gativement les interactions humaines.<\/p>\n<p>La transformation digitale est un ph\u00e9nom\u00e8ne d&rsquo;actualit\u00e9. Toutes les entreprises sont concern\u00e9es par celle-ci. Il est donc important pour les entreprises de prendre en compte le digital dans leur fonctionnement et leur prise de d\u00e9cision. Ne pas le faire serait une erreur strat\u00e9gique de leur part. Par cons\u00e9quent, tous managers interm\u00e9diaires (comme les autres managers) doivent int\u00e9grer le digital dans leur mani\u00e8re de travailler afin d&rsquo;en tirer des avantages.<\/p>\n","protected":false},"excerpt":{"rendered":"<p>C\u00e9cile Demailly, consultante en changement organisationnel au sein de grandes entreprises chez\u00a0Early Strategies\u00a0a r\u00e9alis\u00e9 une \u00e9tude pour mieux comprendre comment le management interm\u00e9diaire r\u00e9agit face \u00e0 la transformation digitale. Ce ph\u00e9nom\u00e8ne touche toutes les industries et cause de nombreux changements. Voil\u00e0 pourquoi la \u00ab\u00a0disruption\u00a0\u00bb est un mot cl\u00e9, autant qu&rsquo;un buzzword, lorsque l&rsquo;on parle de &hellip;<\/p>\n","protected":false},"author":45,"featured_media":22208,"comment_status":"open","ping_status":"open","sticky":false,"template":"","format":"standard","meta":{"footnotes":""},"categories":[2808],"tags":[],"class_list":["post-22198","post","type-post","status-publish","format-standard","has-post-thumbnail","hentry","category-transformation-digitale"],"yoast_head":"<!-- This site is optimized with the Yoast SEO plugin v27.5 - https:\/\/yoast.com\/product\/yoast-seo-wordpress\/ -->\n<title>\u00c9tude Management interm\u00e9diaire vs transformation digitale<\/title>\n<meta name=\"description\" content=\"C\u00e9cile Demailly a r\u00e9dig\u00e9 une \u00e9tude sur les ressentis du management interm\u00e9diaire vis-\u00e0-vis de la transformation digitale.\" \/>\n<meta name=\"robots\" content=\"index, follow, max-snippet:-1, max-image-preview:large, max-video-preview:-1\" \/>\n<link rel=\"canonical\" href=\"https:\/\/visionarymarketing.com\/fr\/2016\/10\/06\/etude-management-intermediaire\/\" \/>\n<meta property=\"og:locale\" content=\"fr_FR\" \/>\n<meta property=\"og:type\" content=\"article\" \/>\n<meta property=\"og:title\" content=\"\u00c9tude Management interm\u00e9diaire vs transformation digitale\" \/>\n<meta property=\"og:description\" content=\"C\u00e9cile Demailly a r\u00e9dig\u00e9 une \u00e9tude sur les ressentis du management interm\u00e9diaire vis-\u00e0-vis de la transformation digitale.\" \/>\n<meta property=\"og:url\" content=\"https:\/\/visionarymarketing.com\/fr\/2016\/10\/06\/etude-management-intermediaire\/\" \/>\n<meta property=\"og:site_name\" content=\"Marketing and Innovation\" \/>\n<meta property=\"article:publisher\" content=\"https:\/\/www.facebook.com\/vismktg\" \/>\n<meta property=\"article:published_time\" content=\"2016-10-06T08:00:51+00:00\" \/>\n<meta property=\"article:modified_time\" content=\"2023-09-20T07:44:44+00:00\" \/>\n<meta property=\"og:image\" content=\"https:\/\/visionarymarketing.com\/wp-content\/uploads\/2016\/10\/E4BA00EABB91F9E810577BD00003CD12F86FFE25350B78BF8Fpimgpsh_fullsize_distr-e1620369119246.jpg\" \/>\n\t<meta property=\"og:image:width\" content=\"520\" \/>\n\t<meta property=\"og:image:height\" content=\"347\" \/>\n\t<meta property=\"og:image:type\" content=\"image\/jpeg\" \/>\n<meta name=\"author\" content=\"Claire Sorel\" \/>\n<meta name=\"twitter:card\" content=\"summary_large_image\" \/>\n<meta name=\"twitter:creator\" content=\"@ygourven\" \/>\n<meta name=\"twitter:site\" content=\"@ygourven\" \/>\n<meta name=\"twitter:label1\" content=\"\u00c9crit par\" \/>\n\t<meta name=\"twitter:data1\" content=\"Claire Sorel\" \/>\n\t<meta name=\"twitter:label2\" content=\"Dur\u00e9e de lecture estim\u00e9e\" \/>\n\t<meta name=\"twitter:data2\" content=\"4 minutes\" \/>\n<script type=\"application\/ld+json\" class=\"yoast-schema-graph\">{\"@context\":\"https:\\\/\\\/schema.org\",\"@graph\":[{\"@type\":\"NewsArticle\",\"@id\":\"https:\\\/\\\/visionarymarketing.com\\\/fr\\\/2016\\\/10\\\/06\\\/etude-management-intermediaire\\\/#article\",\"isPartOf\":{\"@id\":\"https:\\\/\\\/visionarymarketing.com\\\/fr\\\/2016\\\/10\\\/06\\\/etude-management-intermediaire\\\/\"},\"author\":{\"name\":\"Claire Sorel\",\"@id\":\"https:\\\/\\\/visionarymarketing.com\\\/fr\\\/#\\\/schema\\\/person\\\/1534409d22850fe4849a2480e916b122\"},\"headline\":\"Management interm\u00e9diaire vs transformation digitale\",\"datePublished\":\"2016-10-06T08:00:51+00:00\",\"dateModified\":\"2023-09-20T07:44:44+00:00\",\"mainEntityOfPage\":{\"@id\":\"https:\\\/\\\/visionarymarketing.com\\\/fr\\\/2016\\\/10\\\/06\\\/etude-management-intermediaire\\\/\"},\"wordCount\":755,\"commentCount\":2,\"image\":{\"@id\":\"https:\\\/\\\/visionarymarketing.com\\\/fr\\\/2016\\\/10\\\/06\\\/etude-management-intermediaire\\\/#primaryimage\"},\"thumbnailUrl\":\"https:\\\/\\\/visionarymarketing.com\\\/wp-content\\\/uploads\\\/2016\\\/10\\\/^E4BA00EABB91F9E810577BD00003CD12F86FFE25350B78BF8F^pimgpsh_fullsize_distr-e1620369119246.jpg\",\"articleSection\":[\"Transformation\"],\"inLanguage\":\"fr-FR\",\"potentialAction\":[{\"@type\":\"CommentAction\",\"name\":\"Comment\",\"target\":[\"https:\\\/\\\/visionarymarketing.com\\\/fr\\\/2016\\\/10\\\/06\\\/etude-management-intermediaire\\\/#respond\"]}]},{\"@type\":\"WebPage\",\"@id\":\"https:\\\/\\\/visionarymarketing.com\\\/fr\\\/2016\\\/10\\\/06\\\/etude-management-intermediaire\\\/\",\"url\":\"https:\\\/\\\/visionarymarketing.com\\\/fr\\\/2016\\\/10\\\/06\\\/etude-management-intermediaire\\\/\",\"name\":\"\u00c9tude Management interm\u00e9diaire vs transformation digitale\",\"isPartOf\":{\"@id\":\"https:\\\/\\\/visionarymarketing.com\\\/fr\\\/#website\"},\"primaryImageOfPage\":{\"@id\":\"https:\\\/\\\/visionarymarketing.com\\\/fr\\\/2016\\\/10\\\/06\\\/etude-management-intermediaire\\\/#primaryimage\"},\"image\":{\"@id\":\"https:\\\/\\\/visionarymarketing.com\\\/fr\\\/2016\\\/10\\\/06\\\/etude-management-intermediaire\\\/#primaryimage\"},\"thumbnailUrl\":\"https:\\\/\\\/visionarymarketing.com\\\/wp-content\\\/uploads\\\/2016\\\/10\\\/^E4BA00EABB91F9E810577BD00003CD12F86FFE25350B78BF8F^pimgpsh_fullsize_distr-e1620369119246.jpg\",\"datePublished\":\"2016-10-06T08:00:51+00:00\",\"dateModified\":\"2023-09-20T07:44:44+00:00\",\"author\":{\"@id\":\"https:\\\/\\\/visionarymarketing.com\\\/fr\\\/#\\\/schema\\\/person\\\/1534409d22850fe4849a2480e916b122\"},\"description\":\"C\u00e9cile Demailly a r\u00e9dig\u00e9 une \u00e9tude sur les ressentis du management interm\u00e9diaire vis-\u00e0-vis de la transformation digitale.\",\"breadcrumb\":{\"@id\":\"https:\\\/\\\/visionarymarketing.com\\\/fr\\\/2016\\\/10\\\/06\\\/etude-management-intermediaire\\\/#breadcrumb\"},\"inLanguage\":\"fr-FR\",\"potentialAction\":[{\"@type\":\"ReadAction\",\"target\":[\"https:\\\/\\\/visionarymarketing.com\\\/fr\\\/2016\\\/10\\\/06\\\/etude-management-intermediaire\\\/\"]}]},{\"@type\":\"ImageObject\",\"inLanguage\":\"fr-FR\",\"@id\":\"https:\\\/\\\/visionarymarketing.com\\\/fr\\\/2016\\\/10\\\/06\\\/etude-management-intermediaire\\\/#primaryimage\",\"url\":\"https:\\\/\\\/visionarymarketing.com\\\/wp-content\\\/uploads\\\/2016\\\/10\\\/^E4BA00EABB91F9E810577BD00003CD12F86FFE25350B78BF8F^pimgpsh_fullsize_distr-e1620369119246.jpg\",\"contentUrl\":\"https:\\\/\\\/visionarymarketing.com\\\/wp-content\\\/uploads\\\/2016\\\/10\\\/^E4BA00EABB91F9E810577BD00003CD12F86FFE25350B78BF8F^pimgpsh_fullsize_distr-e1620369119246.jpg\",\"width\":520,\"height\":347},{\"@type\":\"BreadcrumbList\",\"@id\":\"https:\\\/\\\/visionarymarketing.com\\\/fr\\\/2016\\\/10\\\/06\\\/etude-management-intermediaire\\\/#breadcrumb\",\"itemListElement\":[{\"@type\":\"ListItem\",\"position\":1,\"name\":\"Home\",\"item\":\"https:\\\/\\\/visionarymarketing.com\\\/fr\\\/\"},{\"@type\":\"ListItem\",\"position\":2,\"name\":\"Management interm\u00e9diaire vs transformation digitale\"}]},{\"@type\":\"WebSite\",\"@id\":\"https:\\\/\\\/visionarymarketing.com\\\/fr\\\/#website\",\"url\":\"https:\\\/\\\/visionarymarketing.com\\\/fr\\\/\",\"name\":\"Marketing and Innovation\",\"description\":\"Site d&#039;infos ind\u00e9pendant, depuis 1996\",\"potentialAction\":[{\"@type\":\"SearchAction\",\"target\":{\"@type\":\"EntryPoint\",\"urlTemplate\":\"https:\\\/\\\/visionarymarketing.com\\\/fr\\\/?s={search_term_string}\"},\"query-input\":{\"@type\":\"PropertyValueSpecification\",\"valueRequired\":true,\"valueName\":\"search_term_string\"}}],\"inLanguage\":\"fr-FR\"},{\"@type\":\"Person\",\"@id\":\"https:\\\/\\\/visionarymarketing.com\\\/fr\\\/#\\\/schema\\\/person\\\/1534409d22850fe4849a2480e916b122\",\"name\":\"Claire Sorel\",\"image\":{\"@type\":\"ImageObject\",\"inLanguage\":\"fr-FR\",\"@id\":\"https:\\\/\\\/secure.gravatar.com\\\/avatar\\\/09afec25f4f6ae22ea8f68c71c25f06b6ac30566120db40ca47c3d0c1ee3945f?s=96&d=initials&r=g&initials=cl\",\"url\":\"https:\\\/\\\/secure.gravatar.com\\\/avatar\\\/09afec25f4f6ae22ea8f68c71c25f06b6ac30566120db40ca47c3d0c1ee3945f?s=96&d=initials&r=g&initials=cl\",\"contentUrl\":\"https:\\\/\\\/secure.gravatar.com\\\/avatar\\\/09afec25f4f6ae22ea8f68c71c25f06b6ac30566120db40ca47c3d0c1ee3945f?s=96&d=initials&r=g&initials=cl\",\"caption\":\"Claire Sorel\"},\"description\":\"Claire was a Junior Web Marketing Consultant at Visionary Marketing from 2016-2018 _________________ Claire a \u00e9t\u00e9 consultante junior en marketing Web chez Visionary Marketing de 2016 \u00e0 2018\",\"sameAs\":[\"http:\\\/\\\/visionarymarketing.com\\\/fr\"],\"url\":\"https:\\\/\\\/visionarymarketing.com\\\/fr\\\/author\\\/claire-sorel\\\/\"}]}<\/script>\n<!-- \/ Yoast SEO plugin. -->","yoast_head_json":{"title":"\u00c9tude Management interm\u00e9diaire vs transformation digitale","description":"C\u00e9cile Demailly a r\u00e9dig\u00e9 une \u00e9tude sur les ressentis du management interm\u00e9diaire vis-\u00e0-vis de la transformation digitale.","robots":{"index":"index","follow":"follow","max-snippet":"max-snippet:-1","max-image-preview":"max-image-preview:large","max-video-preview":"max-video-preview:-1"},"canonical":"https:\/\/visionarymarketing.com\/fr\/2016\/10\/06\/etude-management-intermediaire\/","og_locale":"fr_FR","og_type":"article","og_title":"\u00c9tude Management interm\u00e9diaire vs transformation digitale","og_description":"C\u00e9cile Demailly a r\u00e9dig\u00e9 une \u00e9tude sur les ressentis du management interm\u00e9diaire vis-\u00e0-vis de la transformation digitale.","og_url":"https:\/\/visionarymarketing.com\/fr\/2016\/10\/06\/etude-management-intermediaire\/","og_site_name":"Marketing and Innovation","article_publisher":"https:\/\/www.facebook.com\/vismktg","article_published_time":"2016-10-06T08:00:51+00:00","article_modified_time":"2023-09-20T07:44:44+00:00","og_image":[{"width":520,"height":347,"url":"https:\/\/visionarymarketing.com\/wp-content\/uploads\/2016\/10\/^E4BA00EABB91F9E810577BD00003CD12F86FFE25350B78BF8F^pimgpsh_fullsize_distr-e1620369119246.jpg","type":"image\/jpeg"}],"author":"Claire Sorel","twitter_card":"summary_large_image","twitter_creator":"@ygourven","twitter_site":"@ygourven","twitter_misc":{"\u00c9crit par":"Claire Sorel","Dur\u00e9e de lecture estim\u00e9e":"4 minutes"},"schema":{"@context":"https:\/\/schema.org","@graph":[{"@type":"NewsArticle","@id":"https:\/\/visionarymarketing.com\/fr\/2016\/10\/06\/etude-management-intermediaire\/#article","isPartOf":{"@id":"https:\/\/visionarymarketing.com\/fr\/2016\/10\/06\/etude-management-intermediaire\/"},"author":{"name":"Claire Sorel","@id":"https:\/\/visionarymarketing.com\/fr\/#\/schema\/person\/1534409d22850fe4849a2480e916b122"},"headline":"Management interm\u00e9diaire vs transformation digitale","datePublished":"2016-10-06T08:00:51+00:00","dateModified":"2023-09-20T07:44:44+00:00","mainEntityOfPage":{"@id":"https:\/\/visionarymarketing.com\/fr\/2016\/10\/06\/etude-management-intermediaire\/"},"wordCount":755,"commentCount":2,"image":{"@id":"https:\/\/visionarymarketing.com\/fr\/2016\/10\/06\/etude-management-intermediaire\/#primaryimage"},"thumbnailUrl":"https:\/\/visionarymarketing.com\/wp-content\/uploads\/2016\/10\/^E4BA00EABB91F9E810577BD00003CD12F86FFE25350B78BF8F^pimgpsh_fullsize_distr-e1620369119246.jpg","articleSection":["Transformation"],"inLanguage":"fr-FR","potentialAction":[{"@type":"CommentAction","name":"Comment","target":["https:\/\/visionarymarketing.com\/fr\/2016\/10\/06\/etude-management-intermediaire\/#respond"]}]},{"@type":"WebPage","@id":"https:\/\/visionarymarketing.com\/fr\/2016\/10\/06\/etude-management-intermediaire\/","url":"https:\/\/visionarymarketing.com\/fr\/2016\/10\/06\/etude-management-intermediaire\/","name":"\u00c9tude Management interm\u00e9diaire vs transformation digitale","isPartOf":{"@id":"https:\/\/visionarymarketing.com\/fr\/#website"},"primaryImageOfPage":{"@id":"https:\/\/visionarymarketing.com\/fr\/2016\/10\/06\/etude-management-intermediaire\/#primaryimage"},"image":{"@id":"https:\/\/visionarymarketing.com\/fr\/2016\/10\/06\/etude-management-intermediaire\/#primaryimage"},"thumbnailUrl":"https:\/\/visionarymarketing.com\/wp-content\/uploads\/2016\/10\/^E4BA00EABB91F9E810577BD00003CD12F86FFE25350B78BF8F^pimgpsh_fullsize_distr-e1620369119246.jpg","datePublished":"2016-10-06T08:00:51+00:00","dateModified":"2023-09-20T07:44:44+00:00","author":{"@id":"https:\/\/visionarymarketing.com\/fr\/#\/schema\/person\/1534409d22850fe4849a2480e916b122"},"description":"C\u00e9cile Demailly a r\u00e9dig\u00e9 une \u00e9tude sur les ressentis du management interm\u00e9diaire vis-\u00e0-vis de la transformation digitale.","breadcrumb":{"@id":"https:\/\/visionarymarketing.com\/fr\/2016\/10\/06\/etude-management-intermediaire\/#breadcrumb"},"inLanguage":"fr-FR","potentialAction":[{"@type":"ReadAction","target":["https:\/\/visionarymarketing.com\/fr\/2016\/10\/06\/etude-management-intermediaire\/"]}]},{"@type":"ImageObject","inLanguage":"fr-FR","@id":"https:\/\/visionarymarketing.com\/fr\/2016\/10\/06\/etude-management-intermediaire\/#primaryimage","url":"https:\/\/visionarymarketing.com\/wp-content\/uploads\/2016\/10\/^E4BA00EABB91F9E810577BD00003CD12F86FFE25350B78BF8F^pimgpsh_fullsize_distr-e1620369119246.jpg","contentUrl":"https:\/\/visionarymarketing.com\/wp-content\/uploads\/2016\/10\/^E4BA00EABB91F9E810577BD00003CD12F86FFE25350B78BF8F^pimgpsh_fullsize_distr-e1620369119246.jpg","width":520,"height":347},{"@type":"BreadcrumbList","@id":"https:\/\/visionarymarketing.com\/fr\/2016\/10\/06\/etude-management-intermediaire\/#breadcrumb","itemListElement":[{"@type":"ListItem","position":1,"name":"Home","item":"https:\/\/visionarymarketing.com\/fr\/"},{"@type":"ListItem","position":2,"name":"Management interm\u00e9diaire vs transformation digitale"}]},{"@type":"WebSite","@id":"https:\/\/visionarymarketing.com\/fr\/#website","url":"https:\/\/visionarymarketing.com\/fr\/","name":"Marketing and Innovation","description":"Site d&#039;infos ind\u00e9pendant, depuis 1996","potentialAction":[{"@type":"SearchAction","target":{"@type":"EntryPoint","urlTemplate":"https:\/\/visionarymarketing.com\/fr\/?s={search_term_string}"},"query-input":{"@type":"PropertyValueSpecification","valueRequired":true,"valueName":"search_term_string"}}],"inLanguage":"fr-FR"},{"@type":"Person","@id":"https:\/\/visionarymarketing.com\/fr\/#\/schema\/person\/1534409d22850fe4849a2480e916b122","name":"Claire Sorel","image":{"@type":"ImageObject","inLanguage":"fr-FR","@id":"https:\/\/secure.gravatar.com\/avatar\/09afec25f4f6ae22ea8f68c71c25f06b6ac30566120db40ca47c3d0c1ee3945f?s=96&d=initials&r=g&initials=cl","url":"https:\/\/secure.gravatar.com\/avatar\/09afec25f4f6ae22ea8f68c71c25f06b6ac30566120db40ca47c3d0c1ee3945f?s=96&d=initials&r=g&initials=cl","contentUrl":"https:\/\/secure.gravatar.com\/avatar\/09afec25f4f6ae22ea8f68c71c25f06b6ac30566120db40ca47c3d0c1ee3945f?s=96&d=initials&r=g&initials=cl","caption":"Claire Sorel"},"description":"Claire was a Junior Web Marketing Consultant at Visionary Marketing from 2016-2018 _________________ Claire a \u00e9t\u00e9 consultante junior en marketing Web chez Visionary Marketing de 2016 \u00e0 2018","sameAs":["http:\/\/visionarymarketing.com\/fr"],"url":"https:\/\/visionarymarketing.com\/fr\/author\/claire-sorel\/"}]}},"_links":{"self":[{"href":"https:\/\/visionarymarketing.com\/fr\/wp-json\/wp\/v2\/posts\/22198","targetHints":{"allow":["GET"]}}],"collection":[{"href":"https:\/\/visionarymarketing.com\/fr\/wp-json\/wp\/v2\/posts"}],"about":[{"href":"https:\/\/visionarymarketing.com\/fr\/wp-json\/wp\/v2\/types\/post"}],"author":[{"embeddable":true,"href":"https:\/\/visionarymarketing.com\/fr\/wp-json\/wp\/v2\/users\/45"}],"replies":[{"embeddable":true,"href":"https:\/\/visionarymarketing.com\/fr\/wp-json\/wp\/v2\/comments?post=22198"}],"version-history":[{"count":0,"href":"https:\/\/visionarymarketing.com\/fr\/wp-json\/wp\/v2\/posts\/22198\/revisions"}],"wp:featuredmedia":[{"embeddable":true,"href":"https:\/\/visionarymarketing.com\/fr\/wp-json\/wp\/v2\/media\/22208"}],"wp:attachment":[{"href":"https:\/\/visionarymarketing.com\/fr\/wp-json\/wp\/v2\/media?parent=22198"}],"wp:term":[{"taxonomy":"category","embeddable":true,"href":"https:\/\/visionarymarketing.com\/fr\/wp-json\/wp\/v2\/categories?post=22198"},{"taxonomy":"post_tag","embeddable":true,"href":"https:\/\/visionarymarketing.com\/fr\/wp-json\/wp\/v2\/tags?post=22198"}],"curies":[{"name":"wp","href":"https:\/\/api.w.org\/{rel}","templated":true}]}}