{"id":22074,"date":"2016-10-04T14:00:25","date_gmt":"2016-10-04T12:00:25","guid":{"rendered":"http:\/\/visionarymarketing.fr\/blog\/?p=22074"},"modified":"2022-03-10T08:45:08","modified_gmt":"2022-03-10T07:45:08","slug":"proces-de-la-communication","status":"publish","type":"post","link":"https:\/\/visionarymarketing.com\/fr\/2016\/10\/04\/proces-de-la-communication\/","title":{"rendered":"La communication mise en examen par Thierry Wellhoff"},"content":{"rendered":"<p><i>Et si nous intentions un proc\u00e8s \u00e0 la communication ? Le 12\/09\/2016, j&rsquo;ai d\u00e9couvert en avant premi\u00e8re le livre <\/i><a style=\"font-style: italic;\" href=\"https:\/\/www.amazon.fr\/proc\u00e8s-communication-Thierry-Wellhoff\/dp\/2376150108\">\u00ab\u00a0Le proc\u00e8s de la <\/a><i>communication<\/i><a style=\"font-style: italic;\" href=\"https:\/\/www.amazon.fr\/proc\u00e8s-communication-Thierry-Wellhoff\/dp\/2376150108\"> : accus\u00e9e levez-vous !\u00a0\u00bb<\/a><i> \u00e9crit par <\/i><a style=\"font-style: italic;\" href=\"https:\/\/visionarymarketing.com\/fr\/2018\/10\/les-francais-en-quete-de-sens-linterview-de-thierry-welhoff\/\"><span class=\"removed_link\" title=\"https:\/\/www.linkedin.com\/in\/thierry-wellhoff-1817b\">Thierry Wellhoff<\/span><\/a><i> publi\u00e9 aux<\/i><a style=\"font-style: italic;\" href=\"http:\/\/www.lesbelleslettres.com\/\"> Belles Lettres<\/a><i>. Thierry est un expert en communication et en\u00a0relations publiques, ainsi que CEO de <\/i><a style=\"font-style: italic;\" href=\"http:\/\/www.wellcom.fr\/\">Wellcom<\/a><i>. C&rsquo;est pourquoi, fort de\u00a0son exp\u00e9rience dans la communication, il a d\u00e9cid\u00e9 d&rsquo;\u00e9crire un livre dans le but de\u00a0r\u00e9pondre aux accusations\u00a0auxquelles celle-ci est victime. En effet, la communication est g\u00e9n\u00e9ralement\u00a0consid\u00e9r\u00e9e (\u00e0 tord ?) comme \u00ab\u00a0polluante, superficielle et manipulatrice\u00a0\u00bb. Pourtant, la communication est essentielle tant dans le monde professionnel que personnel : c&rsquo;est ce que nous allons voir dans cet article.\u00a0<\/i><\/p>\n<h2>Le proc\u00e8s de la communication<\/h2>\n<p>Mais au fait, qu&rsquo;est-ce que la communication ? La communication est essentielle dans notre vie personnelle comme professionnelle. Celle-ci est constamment dans notre quotidien sous diff\u00e9rentes formes. D\u00e8s que nous parlons de communication, divers sens nous viennent \u00e0 l&rsquo;id\u00e9e. C&rsquo;est pourquoi je vous propose de revoir diff\u00e9rentes d\u00e9finitions de la communication :<\/p>\n<ul>\n<li>La communication peut \u00eatre <strong>verbale<\/strong>, elle repr\u00e9sente le fait de communiquer avec autrui en ayant un \u00e9change verbal avec cette personne.<\/li>\n<li>Elle est \u00e9galement <strong>non-verbale<\/strong>, elle a alors lieu gr\u00e2ce \u00e0 notre gestuelle, notre attitude.<\/li>\n<li>La communication peut \u00eatre<strong> interne<\/strong>, celle-ci se produit au sein d&rsquo;une entreprise. Les salari\u00e9s sont au coeur de cette communication. Elle permet de mobiliser les \u00e9quipes en assurant une qualit\u00e9 et une coh\u00e9rence des \u00e9changes au coeur des soci\u00e9t\u00e9s.<\/li>\n<\/ul>\n<figure id=\"attachment_22182\" aria-describedby=\"caption-attachment-22182\" style=\"width: 953px\" class=\"wp-caption aligncenter\"><img decoding=\"async\" class=\"wp-image-22182 size-large\" src=\"https:\/\/visionarymarketing.com\/wp-content\/uploads\/2016\/10\/info-communicat_14447480_75f615b26a9bc53bc0a67c73d7502a9dc2a010d9-953x1024.png\" alt=\"proc\u00e8s de la communication\" width=\"953\" height=\"1024\" srcset=\"https:\/\/visionarymarketing.com\/wp-content\/uploads\/2016\/10\/info-communicat_14447480_75f615b26a9bc53bc0a67c73d7502a9dc2a010d9-953x1024.png 953w, https:\/\/visionarymarketing.com\/wp-content\/uploads\/2016\/10\/info-communicat_14447480_75f615b26a9bc53bc0a67c73d7502a9dc2a010d9-279x300.png 279w, https:\/\/visionarymarketing.com\/wp-content\/uploads\/2016\/10\/info-communicat_14447480_75f615b26a9bc53bc0a67c73d7502a9dc2a010d9-768x826.png 768w, https:\/\/visionarymarketing.com\/wp-content\/uploads\/2016\/10\/info-communicat_14447480_75f615b26a9bc53bc0a67c73d7502a9dc2a010d9-1429x1536.png 1429w, https:\/\/visionarymarketing.com\/wp-content\/uploads\/2016\/10\/info-communicat_14447480_75f615b26a9bc53bc0a67c73d7502a9dc2a010d9.png 1600w\" sizes=\"(max-width: 953px) 100vw, 953px\" \/><figcaption id=\"caption-attachment-22182\" class=\"wp-caption-text\">La com&rsquo; ne se r\u00e9sume pas \u00e0 un seul type de communication : il difficile de critiquer un sujet aussi prot\u00e9iforme sans avoir de bon arguments&#8230;<\/figcaption><\/figure>\n<ul>\n<li>A l&rsquo;inverse, elle est peut \u00eatre aussi <strong>externe<\/strong>. Cette variante est l&rsquo;ensemble des formes de communication produites par une organisation et destin\u00e9es \u00e0 une cible externe. La communication externe d&rsquo;une entreprise est fondamentale pour son image.<\/li>\n<li>La communication se fait \u00e9galement sous la forme <strong>virtuelle<\/strong> par le biais des textos, des mails, des r\u00e9seaux sociaux et d&rsquo;internet.<\/li>\n<li>La communication <strong>publique<\/strong> est aussi une autre forme de communication. Celle-ci a lieu pour servir l&rsquo;int\u00e9r\u00eat g\u00e9n\u00e9ral. Ainsi, les pouvoirs et services publics communiquent afin d&rsquo;am\u00e9liorer la connaissance civique tout en garantissant un d\u00e9bat politique. Attention, cette forme ne doit pas \u00eatre confondue avec la communication politique.<\/li>\n<li>La communication<strong> politique<\/strong> est comme le nom l&rsquo;indique sp\u00e9cifique aux affairespolitiques. Celle-ci a souvent lieu lors des campagnes \u00e9lectorales afin d&rsquo;engendrer le soutien de l&rsquo;opinion publique.<\/li>\n<li>Il existe \u00e9galement. la communication <strong>institutionnelle<\/strong>. Cette forme vise \u00e0 promouvoir l&rsquo;image d&rsquo;une institution pour ses administr\u00e9s, partenaires ou encore clients.<\/li>\n<\/ul>\n<h3><!--more-->Un ouvrage pour r\u00e9pondre aux a priori de la communication<\/h3>\n<figure id=\"attachment_22160\" aria-describedby=\"caption-attachment-22160\" style=\"width: 294px\" class=\"wp-caption alignright\"><img decoding=\"async\" class=\"wp-image-22160\" title=\"communication\" src=\"https:\/\/visionarymarketing.com\/wp-content\/uploads\/2016\/09\/Capture-decran-2016-09-30-a-16.53.03-302x300.png\" alt=\"Un proc\u00e8s de la communication\" width=\"294\" height=\"292\" srcset=\"https:\/\/visionarymarketing.com\/wp-content\/uploads\/2016\/09\/Capture-decran-2016-09-30-a-16.53.03-302x300.png 302w, https:\/\/visionarymarketing.com\/wp-content\/uploads\/2016\/09\/Capture-decran-2016-09-30-a-16.53.03-150x150.png 150w, https:\/\/visionarymarketing.com\/wp-content\/uploads\/2016\/09\/Capture-decran-2016-09-30-a-16.53.03.png 493w\" sizes=\"(max-width: 294px) 100vw, 294px\" \/><figcaption id=\"caption-attachment-22160\" class=\"wp-caption-text\">Le proc\u00e8s de la communication : accus\u00e9e, levez-vous !<\/figcaption><\/figure>\n<p>Lorsque Thierry annonce qu&rsquo;il travaille dans la communication, certaines personnes lui font remarquer que \u00ab\u00a0c&rsquo;est que de la com\u00a0\u00bb. Par cette expression, nous pouvons comprendre que celles-ci pensent que la communication n&rsquo;est pas un domaine s\u00e9rieux.<\/p>\n<h4>Un proc\u00e8s de la communication<\/h4>\n<p>Un grand nombre de personnes ne connaissent pas la communication, ils parlent de com&rsquo; et de ses exc\u00e8s. Les reproches faits \u00e0 la communication sont repris dans le livre comme des chefs d&rsquo;accusations. Parmi ceux-ci, on entend que la communication est superficielle, manipulatrice et polluante. Ces 3 reproches ne sont pas enti\u00e8rement faux, mais ils sont des exc\u00e8s. C&rsquo;est pourquoi il ne faut pas condamner la communication.\u00a0Le but de cet ouvrage est donc de faire changer l&rsquo;opinion des personnes sur la communication, car comme le dit Thierry \u00ab\u00a0rien ne se fait dans le monde sans communication\u00a0\u00bb.<\/p>\n<h3>Une r\u00e9daction originale, tourn\u00e9e vers l&rsquo;interaction<\/h3>\n<p>Pour que son livre ait\u00a0un impact bien plus int\u00e9ressant, Thierry a d\u00e9cid\u00e9 d&rsquo;\u00e9crire son livre sur le mod\u00e8le des hommes politiques, en mettant la communication en proc\u00e8s avec les 3 chefs d&rsquo;accusations \u00e9voqu\u00e9s, des t\u00e9moins diverses appel\u00e9s \u00e0 la barre afin qu&rsquo;ils donnent leur point de vue sur la communication. Thierry ne cherche pas \u00e0 influencer le jugement du lecteur, et\u00a0ne donne pas de solution finale :\u00a0c&rsquo;est le lecteur qui se fera son avis sur ce sujet. Les lecteurs pourront ainsi <span class=\"removed_link\" title=\"http:\/\/www.leprocesdelacommunication.com\/\">donner leur opinion sur Internet<\/span>, en condamnant ou acquittant la communication.<\/p>\n<p><iframe src=\"https:\/\/www.youtube.com\/embed\/iyCn2LLuwNU\" width=\"560\" height=\"315\" frameborder=\"0\" allowfullscreen=\"allowfullscreen\"><\/iframe><\/p>\n<h3>L&rsquo;avenir de la communication<\/h3>\n<p>Suite \u00e0 la lecture de cette ouvrage, je trouve que les reproches fait \u00e0 la communication qui sont repris en chefs d&rsquo;accusations sont infond\u00e9s. Je ne per\u00e7ois pas la communication comme \u00ab\u00a0polluante, superficielle et manipulatrice\u00a0\u00bb.<em>\u00a0<\/em>\u00a0<strong>Je d\u00e9cide donc d&rsquo;acquitter la communication<\/strong>. Je pense que\u00a0la communication utilis\u00e9e \u00e0 bon escient a encore de beaux jours devant elle, pour plusieurs raisons :<\/p>\n<p>Face \u00e0 la r\u00e9volution technologique du monde actuel, la communication gagnera en\u00a0instantan\u00e9it\u00e9. Les porteurs de messages devront encore plus r\u00e9fl\u00e9chir avant de le communiquer. C&rsquo;est pourquoi la communication devra \u00eatre\u00a0\u00ab\u00a0utiliser de mani\u00e8re responsable, sinc\u00e8re et autoritaire\u00a0\u00bb comme le dit Thierry.<\/p>\n<p>L&rsquo;instantan\u00e9it\u00e9 est accompagn\u00e9e d&rsquo;un accroissement du volume d&rsquo;informations. Ce ph\u00e9nom\u00e8ne n\u00e9cessite donc un esprit critique de la part des r\u00e9cepteurs du message. Il faudra prendre le temps de comprendre et d&rsquo;analyser les informations que l&rsquo;ont nous transmet. Suite \u00e0 cet effort personnel, la communication restante sera per\u00e7ue comme le moyen d&rsquo;apporter des informations utiles aux personnes.<\/p>\n","protected":false},"excerpt":{"rendered":"<p>Et si nous intentions un proc\u00e8s \u00e0 la communication ? Le 12\/09\/2016, j&rsquo;ai d\u00e9couvert en avant premi\u00e8re le livre \u00ab\u00a0Le proc\u00e8s de la communication : accus\u00e9e levez-vous !\u00a0\u00bb \u00e9crit par Thierry Wellhoff publi\u00e9 aux Belles Lettres. Thierry est un expert en communication et en\u00a0relations publiques, ainsi que CEO de Wellcom. C&rsquo;est pourquoi, fort de\u00a0son exp\u00e9rience &hellip;<\/p>\n","protected":false},"author":45,"featured_media":22182,"comment_status":"open","ping_status":"open","sticky":false,"template":"","format":"standard","meta":{"footnotes":""},"categories":[248],"tags":[],"class_list":["post-22074","post","type-post","status-publish","format-standard","has-post-thumbnail","hentry","category-livres-marketing"],"yoast_head":"<!-- This site is optimized with the Yoast SEO plugin v27.5 - https:\/\/yoast.com\/product\/yoast-seo-wordpress\/ -->\n<title>Le proc\u00e8s de la communication : un examen de Thierry Welhoff<\/title>\n<meta name=\"description\" content=\"La communication est accus\u00e9e d&#039;\u00eatre superficielle ou encore manipulatrice. Un proc\u00e8s de la communication permettra de r\u00e9tablir la v\u00e9rit\u00e9\" \/>\n<meta name=\"robots\" content=\"index, follow, max-snippet:-1, max-image-preview:large, max-video-preview:-1\" \/>\n<link rel=\"canonical\" href=\"https:\/\/visionarymarketing.com\/fr\/2016\/10\/04\/proces-de-la-communication\/\" \/>\n<meta property=\"og:locale\" content=\"fr_FR\" \/>\n<meta property=\"og:type\" content=\"article\" \/>\n<meta property=\"og:title\" content=\"Le proc\u00e8s de la communication : un examen de Thierry Welhoff\" \/>\n<meta property=\"og:description\" content=\"La communication est accus\u00e9e d&#039;\u00eatre superficielle ou encore manipulatrice. Un proc\u00e8s de la communication permettra de r\u00e9tablir la v\u00e9rit\u00e9\" \/>\n<meta property=\"og:url\" content=\"https:\/\/visionarymarketing.com\/fr\/2016\/10\/04\/proces-de-la-communication\/\" \/>\n<meta property=\"og:site_name\" content=\"Marketing and Innovation\" \/>\n<meta property=\"article:publisher\" content=\"https:\/\/www.facebook.com\/vismktg\" \/>\n<meta property=\"article:published_time\" content=\"2016-10-04T12:00:25+00:00\" \/>\n<meta property=\"article:modified_time\" content=\"2022-03-10T07:45:08+00:00\" \/>\n<meta property=\"og:image\" content=\"https:\/\/visionarymarketing.com\/wp-content\/uploads\/2016\/10\/info-communicat_14447480_75f615b26a9bc53bc0a67c73d7502a9dc2a010d9.png\" \/>\n\t<meta property=\"og:image:width\" content=\"1600\" \/>\n\t<meta property=\"og:image:height\" content=\"1720\" \/>\n\t<meta property=\"og:image:type\" content=\"image\/png\" \/>\n<meta name=\"author\" content=\"Claire Sorel\" \/>\n<meta name=\"twitter:card\" content=\"summary_large_image\" \/>\n<meta name=\"twitter:creator\" content=\"@ygourven\" \/>\n<meta name=\"twitter:site\" content=\"@ygourven\" \/>\n<meta name=\"twitter:label1\" content=\"\u00c9crit par\" \/>\n\t<meta name=\"twitter:data1\" content=\"Claire Sorel\" \/>\n\t<meta name=\"twitter:label2\" content=\"Dur\u00e9e de lecture estim\u00e9e\" \/>\n\t<meta name=\"twitter:data2\" content=\"4 minutes\" \/>\n<script type=\"application\/ld+json\" class=\"yoast-schema-graph\">{\"@context\":\"https:\\\/\\\/schema.org\",\"@graph\":[{\"@type\":\"NewsArticle\",\"@id\":\"https:\\\/\\\/visionarymarketing.com\\\/fr\\\/2016\\\/10\\\/04\\\/proces-de-la-communication\\\/#article\",\"isPartOf\":{\"@id\":\"https:\\\/\\\/visionarymarketing.com\\\/fr\\\/2016\\\/10\\\/04\\\/proces-de-la-communication\\\/\"},\"author\":{\"name\":\"Claire Sorel\",\"@id\":\"https:\\\/\\\/visionarymarketing.com\\\/fr\\\/#\\\/schema\\\/person\\\/1534409d22850fe4849a2480e916b122\"},\"headline\":\"La communication mise en examen par Thierry Wellhoff\",\"datePublished\":\"2016-10-04T12:00:25+00:00\",\"dateModified\":\"2022-03-10T07:45:08+00:00\",\"mainEntityOfPage\":{\"@id\":\"https:\\\/\\\/visionarymarketing.com\\\/fr\\\/2016\\\/10\\\/04\\\/proces-de-la-communication\\\/\"},\"wordCount\":945,\"commentCount\":0,\"image\":{\"@id\":\"https:\\\/\\\/visionarymarketing.com\\\/fr\\\/2016\\\/10\\\/04\\\/proces-de-la-communication\\\/#primaryimage\"},\"thumbnailUrl\":\"https:\\\/\\\/visionarymarketing.com\\\/wp-content\\\/uploads\\\/2016\\\/10\\\/info-communicat_14447480_75f615b26a9bc53bc0a67c73d7502a9dc2a010d9.png\",\"articleSection\":[\"livres marketing\"],\"inLanguage\":\"fr-FR\",\"potentialAction\":[{\"@type\":\"CommentAction\",\"name\":\"Comment\",\"target\":[\"https:\\\/\\\/visionarymarketing.com\\\/fr\\\/2016\\\/10\\\/04\\\/proces-de-la-communication\\\/#respond\"]}]},{\"@type\":\"WebPage\",\"@id\":\"https:\\\/\\\/visionarymarketing.com\\\/fr\\\/2016\\\/10\\\/04\\\/proces-de-la-communication\\\/\",\"url\":\"https:\\\/\\\/visionarymarketing.com\\\/fr\\\/2016\\\/10\\\/04\\\/proces-de-la-communication\\\/\",\"name\":\"Le proc\u00e8s de la communication : un examen de Thierry Welhoff\",\"isPartOf\":{\"@id\":\"https:\\\/\\\/visionarymarketing.com\\\/fr\\\/#website\"},\"primaryImageOfPage\":{\"@id\":\"https:\\\/\\\/visionarymarketing.com\\\/fr\\\/2016\\\/10\\\/04\\\/proces-de-la-communication\\\/#primaryimage\"},\"image\":{\"@id\":\"https:\\\/\\\/visionarymarketing.com\\\/fr\\\/2016\\\/10\\\/04\\\/proces-de-la-communication\\\/#primaryimage\"},\"thumbnailUrl\":\"https:\\\/\\\/visionarymarketing.com\\\/wp-content\\\/uploads\\\/2016\\\/10\\\/info-communicat_14447480_75f615b26a9bc53bc0a67c73d7502a9dc2a010d9.png\",\"datePublished\":\"2016-10-04T12:00:25+00:00\",\"dateModified\":\"2022-03-10T07:45:08+00:00\",\"author\":{\"@id\":\"https:\\\/\\\/visionarymarketing.com\\\/fr\\\/#\\\/schema\\\/person\\\/1534409d22850fe4849a2480e916b122\"},\"description\":\"La communication est accus\u00e9e d'\u00eatre superficielle ou encore manipulatrice. Un proc\u00e8s de la communication permettra de r\u00e9tablir la v\u00e9rit\u00e9\",\"breadcrumb\":{\"@id\":\"https:\\\/\\\/visionarymarketing.com\\\/fr\\\/2016\\\/10\\\/04\\\/proces-de-la-communication\\\/#breadcrumb\"},\"inLanguage\":\"fr-FR\",\"potentialAction\":[{\"@type\":\"ReadAction\",\"target\":[\"https:\\\/\\\/visionarymarketing.com\\\/fr\\\/2016\\\/10\\\/04\\\/proces-de-la-communication\\\/\"]}]},{\"@type\":\"ImageObject\",\"inLanguage\":\"fr-FR\",\"@id\":\"https:\\\/\\\/visionarymarketing.com\\\/fr\\\/2016\\\/10\\\/04\\\/proces-de-la-communication\\\/#primaryimage\",\"url\":\"https:\\\/\\\/visionarymarketing.com\\\/wp-content\\\/uploads\\\/2016\\\/10\\\/info-communicat_14447480_75f615b26a9bc53bc0a67c73d7502a9dc2a010d9.png\",\"contentUrl\":\"https:\\\/\\\/visionarymarketing.com\\\/wp-content\\\/uploads\\\/2016\\\/10\\\/info-communicat_14447480_75f615b26a9bc53bc0a67c73d7502a9dc2a010d9.png\",\"width\":1600,\"height\":1720,\"caption\":\"La com' ne se r\u00e9sume pas \u00e0 un seul type de communication : il difficile de critiquer un sujet aussi prot\u00e9iforme sans avoir de bon arguments...\"},{\"@type\":\"BreadcrumbList\",\"@id\":\"https:\\\/\\\/visionarymarketing.com\\\/fr\\\/2016\\\/10\\\/04\\\/proces-de-la-communication\\\/#breadcrumb\",\"itemListElement\":[{\"@type\":\"ListItem\",\"position\":1,\"name\":\"Home\",\"item\":\"https:\\\/\\\/visionarymarketing.com\\\/fr\\\/\"},{\"@type\":\"ListItem\",\"position\":2,\"name\":\"La communication mise en examen par Thierry Wellhoff\"}]},{\"@type\":\"WebSite\",\"@id\":\"https:\\\/\\\/visionarymarketing.com\\\/fr\\\/#website\",\"url\":\"https:\\\/\\\/visionarymarketing.com\\\/fr\\\/\",\"name\":\"Marketing and Innovation\",\"description\":\"Site d&#039;infos ind\u00e9pendant, depuis 1996\",\"potentialAction\":[{\"@type\":\"SearchAction\",\"target\":{\"@type\":\"EntryPoint\",\"urlTemplate\":\"https:\\\/\\\/visionarymarketing.com\\\/fr\\\/?s={search_term_string}\"},\"query-input\":{\"@type\":\"PropertyValueSpecification\",\"valueRequired\":true,\"valueName\":\"search_term_string\"}}],\"inLanguage\":\"fr-FR\"},{\"@type\":\"Person\",\"@id\":\"https:\\\/\\\/visionarymarketing.com\\\/fr\\\/#\\\/schema\\\/person\\\/1534409d22850fe4849a2480e916b122\",\"name\":\"Claire Sorel\",\"image\":{\"@type\":\"ImageObject\",\"inLanguage\":\"fr-FR\",\"@id\":\"https:\\\/\\\/secure.gravatar.com\\\/avatar\\\/09afec25f4f6ae22ea8f68c71c25f06b6ac30566120db40ca47c3d0c1ee3945f?s=96&d=initials&r=g&initials=cl\",\"url\":\"https:\\\/\\\/secure.gravatar.com\\\/avatar\\\/09afec25f4f6ae22ea8f68c71c25f06b6ac30566120db40ca47c3d0c1ee3945f?s=96&d=initials&r=g&initials=cl\",\"contentUrl\":\"https:\\\/\\\/secure.gravatar.com\\\/avatar\\\/09afec25f4f6ae22ea8f68c71c25f06b6ac30566120db40ca47c3d0c1ee3945f?s=96&d=initials&r=g&initials=cl\",\"caption\":\"Claire Sorel\"},\"description\":\"Claire was a Junior Web Marketing Consultant at Visionary Marketing from 2016-2018 _________________ Claire a \u00e9t\u00e9 consultante junior en marketing Web chez Visionary Marketing de 2016 \u00e0 2018\",\"sameAs\":[\"http:\\\/\\\/visionarymarketing.com\\\/fr\"],\"url\":\"https:\\\/\\\/visionarymarketing.com\\\/fr\\\/author\\\/claire-sorel\\\/\"}]}<\/script>\n<!-- \/ Yoast SEO plugin. -->","yoast_head_json":{"title":"Le proc\u00e8s de la communication : un examen de Thierry Welhoff","description":"La communication est accus\u00e9e d'\u00eatre superficielle ou encore manipulatrice. Un proc\u00e8s de la communication permettra de r\u00e9tablir la v\u00e9rit\u00e9","robots":{"index":"index","follow":"follow","max-snippet":"max-snippet:-1","max-image-preview":"max-image-preview:large","max-video-preview":"max-video-preview:-1"},"canonical":"https:\/\/visionarymarketing.com\/fr\/2016\/10\/04\/proces-de-la-communication\/","og_locale":"fr_FR","og_type":"article","og_title":"Le proc\u00e8s de la communication : un examen de Thierry Welhoff","og_description":"La communication est accus\u00e9e d'\u00eatre superficielle ou encore manipulatrice. Un proc\u00e8s de la communication permettra de r\u00e9tablir la v\u00e9rit\u00e9","og_url":"https:\/\/visionarymarketing.com\/fr\/2016\/10\/04\/proces-de-la-communication\/","og_site_name":"Marketing and Innovation","article_publisher":"https:\/\/www.facebook.com\/vismktg","article_published_time":"2016-10-04T12:00:25+00:00","article_modified_time":"2022-03-10T07:45:08+00:00","og_image":[{"width":1600,"height":1720,"url":"https:\/\/visionarymarketing.com\/wp-content\/uploads\/2016\/10\/info-communicat_14447480_75f615b26a9bc53bc0a67c73d7502a9dc2a010d9.png","type":"image\/png"}],"author":"Claire Sorel","twitter_card":"summary_large_image","twitter_creator":"@ygourven","twitter_site":"@ygourven","twitter_misc":{"\u00c9crit par":"Claire Sorel","Dur\u00e9e de lecture estim\u00e9e":"4 minutes"},"schema":{"@context":"https:\/\/schema.org","@graph":[{"@type":"NewsArticle","@id":"https:\/\/visionarymarketing.com\/fr\/2016\/10\/04\/proces-de-la-communication\/#article","isPartOf":{"@id":"https:\/\/visionarymarketing.com\/fr\/2016\/10\/04\/proces-de-la-communication\/"},"author":{"name":"Claire Sorel","@id":"https:\/\/visionarymarketing.com\/fr\/#\/schema\/person\/1534409d22850fe4849a2480e916b122"},"headline":"La communication mise en examen par Thierry Wellhoff","datePublished":"2016-10-04T12:00:25+00:00","dateModified":"2022-03-10T07:45:08+00:00","mainEntityOfPage":{"@id":"https:\/\/visionarymarketing.com\/fr\/2016\/10\/04\/proces-de-la-communication\/"},"wordCount":945,"commentCount":0,"image":{"@id":"https:\/\/visionarymarketing.com\/fr\/2016\/10\/04\/proces-de-la-communication\/#primaryimage"},"thumbnailUrl":"https:\/\/visionarymarketing.com\/wp-content\/uploads\/2016\/10\/info-communicat_14447480_75f615b26a9bc53bc0a67c73d7502a9dc2a010d9.png","articleSection":["livres marketing"],"inLanguage":"fr-FR","potentialAction":[{"@type":"CommentAction","name":"Comment","target":["https:\/\/visionarymarketing.com\/fr\/2016\/10\/04\/proces-de-la-communication\/#respond"]}]},{"@type":"WebPage","@id":"https:\/\/visionarymarketing.com\/fr\/2016\/10\/04\/proces-de-la-communication\/","url":"https:\/\/visionarymarketing.com\/fr\/2016\/10\/04\/proces-de-la-communication\/","name":"Le proc\u00e8s de la communication : un examen de Thierry Welhoff","isPartOf":{"@id":"https:\/\/visionarymarketing.com\/fr\/#website"},"primaryImageOfPage":{"@id":"https:\/\/visionarymarketing.com\/fr\/2016\/10\/04\/proces-de-la-communication\/#primaryimage"},"image":{"@id":"https:\/\/visionarymarketing.com\/fr\/2016\/10\/04\/proces-de-la-communication\/#primaryimage"},"thumbnailUrl":"https:\/\/visionarymarketing.com\/wp-content\/uploads\/2016\/10\/info-communicat_14447480_75f615b26a9bc53bc0a67c73d7502a9dc2a010d9.png","datePublished":"2016-10-04T12:00:25+00:00","dateModified":"2022-03-10T07:45:08+00:00","author":{"@id":"https:\/\/visionarymarketing.com\/fr\/#\/schema\/person\/1534409d22850fe4849a2480e916b122"},"description":"La communication est accus\u00e9e d'\u00eatre superficielle ou encore manipulatrice. Un proc\u00e8s de la communication permettra de r\u00e9tablir la v\u00e9rit\u00e9","breadcrumb":{"@id":"https:\/\/visionarymarketing.com\/fr\/2016\/10\/04\/proces-de-la-communication\/#breadcrumb"},"inLanguage":"fr-FR","potentialAction":[{"@type":"ReadAction","target":["https:\/\/visionarymarketing.com\/fr\/2016\/10\/04\/proces-de-la-communication\/"]}]},{"@type":"ImageObject","inLanguage":"fr-FR","@id":"https:\/\/visionarymarketing.com\/fr\/2016\/10\/04\/proces-de-la-communication\/#primaryimage","url":"https:\/\/visionarymarketing.com\/wp-content\/uploads\/2016\/10\/info-communicat_14447480_75f615b26a9bc53bc0a67c73d7502a9dc2a010d9.png","contentUrl":"https:\/\/visionarymarketing.com\/wp-content\/uploads\/2016\/10\/info-communicat_14447480_75f615b26a9bc53bc0a67c73d7502a9dc2a010d9.png","width":1600,"height":1720,"caption":"La com' ne se r\u00e9sume pas \u00e0 un seul type de communication : il difficile de critiquer un sujet aussi prot\u00e9iforme sans avoir de bon arguments..."},{"@type":"BreadcrumbList","@id":"https:\/\/visionarymarketing.com\/fr\/2016\/10\/04\/proces-de-la-communication\/#breadcrumb","itemListElement":[{"@type":"ListItem","position":1,"name":"Home","item":"https:\/\/visionarymarketing.com\/fr\/"},{"@type":"ListItem","position":2,"name":"La communication mise en examen par Thierry Wellhoff"}]},{"@type":"WebSite","@id":"https:\/\/visionarymarketing.com\/fr\/#website","url":"https:\/\/visionarymarketing.com\/fr\/","name":"Marketing and Innovation","description":"Site d&#039;infos ind\u00e9pendant, depuis 1996","potentialAction":[{"@type":"SearchAction","target":{"@type":"EntryPoint","urlTemplate":"https:\/\/visionarymarketing.com\/fr\/?s={search_term_string}"},"query-input":{"@type":"PropertyValueSpecification","valueRequired":true,"valueName":"search_term_string"}}],"inLanguage":"fr-FR"},{"@type":"Person","@id":"https:\/\/visionarymarketing.com\/fr\/#\/schema\/person\/1534409d22850fe4849a2480e916b122","name":"Claire Sorel","image":{"@type":"ImageObject","inLanguage":"fr-FR","@id":"https:\/\/secure.gravatar.com\/avatar\/09afec25f4f6ae22ea8f68c71c25f06b6ac30566120db40ca47c3d0c1ee3945f?s=96&d=initials&r=g&initials=cl","url":"https:\/\/secure.gravatar.com\/avatar\/09afec25f4f6ae22ea8f68c71c25f06b6ac30566120db40ca47c3d0c1ee3945f?s=96&d=initials&r=g&initials=cl","contentUrl":"https:\/\/secure.gravatar.com\/avatar\/09afec25f4f6ae22ea8f68c71c25f06b6ac30566120db40ca47c3d0c1ee3945f?s=96&d=initials&r=g&initials=cl","caption":"Claire Sorel"},"description":"Claire was a Junior Web Marketing Consultant at Visionary Marketing from 2016-2018 _________________ Claire a \u00e9t\u00e9 consultante junior en marketing Web chez Visionary Marketing de 2016 \u00e0 2018","sameAs":["http:\/\/visionarymarketing.com\/fr"],"url":"https:\/\/visionarymarketing.com\/fr\/author\/claire-sorel\/"}]}},"_links":{"self":[{"href":"https:\/\/visionarymarketing.com\/fr\/wp-json\/wp\/v2\/posts\/22074","targetHints":{"allow":["GET"]}}],"collection":[{"href":"https:\/\/visionarymarketing.com\/fr\/wp-json\/wp\/v2\/posts"}],"about":[{"href":"https:\/\/visionarymarketing.com\/fr\/wp-json\/wp\/v2\/types\/post"}],"author":[{"embeddable":true,"href":"https:\/\/visionarymarketing.com\/fr\/wp-json\/wp\/v2\/users\/45"}],"replies":[{"embeddable":true,"href":"https:\/\/visionarymarketing.com\/fr\/wp-json\/wp\/v2\/comments?post=22074"}],"version-history":[{"count":0,"href":"https:\/\/visionarymarketing.com\/fr\/wp-json\/wp\/v2\/posts\/22074\/revisions"}],"wp:featuredmedia":[{"embeddable":true,"href":"https:\/\/visionarymarketing.com\/fr\/wp-json\/wp\/v2\/media\/22182"}],"wp:attachment":[{"href":"https:\/\/visionarymarketing.com\/fr\/wp-json\/wp\/v2\/media?parent=22074"}],"wp:term":[{"taxonomy":"category","embeddable":true,"href":"https:\/\/visionarymarketing.com\/fr\/wp-json\/wp\/v2\/categories?post=22074"},{"taxonomy":"post_tag","embeddable":true,"href":"https:\/\/visionarymarketing.com\/fr\/wp-json\/wp\/v2\/tags?post=22074"}],"curies":[{"name":"wp","href":"https:\/\/api.w.org\/{rel}","templated":true}]}}