{"id":216,"date":"2007-02-12T09:20:54","date_gmt":"2007-02-12T08:20:54","guid":{"rendered":"http:\/\/visionary.wordpress.com\/2007\/02\/12\/bretons\/"},"modified":"2025-04-28T14:38:51","modified_gmt":"2025-04-28T12:38:51","slug":"blogueurs-bretons","status":"publish","type":"post","link":"https:\/\/visionarymarketing.com\/fr\/2007\/02\/12\/blogueurs-bretons\/","title":{"rendered":"Blogueurs bretons \u00e0 l&rsquo;honneur dans le T\u00e9l\u00e9gramme et Bretons"},"content":{"rendered":"<p><a title=\"Les blogueurs Bretons\" href=\"https:\/\/visionarymarketing.com\/wp-content\/uploads\/2007\/02\/lesblogsdesbretons.pdf\">Les blogueurs bretons<\/a> dont Isabelle de Penfentenyo, Lo\u00efc le meur et Yann Gourvennec (cr\u00e9ateur de ce blog et de <a title=\"visionarymarketing.com\" href=\"https:\/\/agence.visionarymarketing.com\/fr\/\" target=\"_blank\" rel=\"noopener noreferrer\">visionarymarketing.com<\/a>) sont \u00e0 l&rsquo;honneur dans un article de Thierry Dussard paru dans le T\u00e9l\u00e9gramme de Brest ce Dimanche 10 f\u00e9vrier 2007.<\/p>\n<h2>Blogueurs bretons \u00e0 l&rsquo;honneur dans le T\u00e9l\u00e9gramme et Bretons<\/h2>\n<p><img decoding=\"async\" src=\"https:\/\/visionarymarketing.com\/wp-content\/uploads\/2007\/02\/produit-en-bretagne.gif\" alt=\"Produit en Bretagne\" align=\"right\" \/><\/p>\n<p>Voici les acc\u00e8s aux diff\u00e9rents blogs et articles :<\/p>\n<ul>\n<li>acc\u00e8s au blog d&rsquo;Isabelle de Penfentenyo, <a title=\"http:\/\/blogosapiens.typepad.com\/\" href=\"https:\/\/blogosapiens.typepad.com\/\" target=\"_blank\" rel=\"noopener noreferrer\">Blogosapiens<\/a><\/li>\n<li>acc\u00e8s au <a title=\"http:\/\/loiclemeur.typepad.com\/\" href=\"https:\/\/loiclemeur.typepad.com\/\" target=\"_blank\" rel=\"noopener noreferrer\">blog de Lo\u00efc le Meur<\/a><\/li>\n<\/ul>\n<h3>Bretons met les blogueurs bretons \u00e0 l&rsquo;honneur<\/h3>\n<p align=\"justify\"><img decoding=\"async\" class=\"alignright\" src=\"https:\/\/visionarymarketing.com\/wp-content\/uploads\/2008\/04\/magazine-bretons.jpg\" alt=\"Blog bretons : Breizh blogs: me zo ganet e kreiz Internet\" width=\"150\" height=\"212\" align=\"left\" border=\"0\" hspace=\"5\" \/>Et revoil\u00e0 les blogs bretons.<\/p>\n<p align=\"justify\">Apr\u00e8s le T\u00e9l\u00e9gramme de Brest en 2007, <a title=\"les bloggueurs bretons\" href=\"https:\/\/visionarymarketing.com\/wp-content\/uploads\/2008\/04\/10bretons_du_blog.pdf\" target=\"_blank\" rel=\"noopener noreferrer\">voici un nouvel article d&rsquo; Alexandre le Drollec paru en Avril dans la revue &lsquo;Bretons&rsquo; \u00e9dit\u00e9e par Ouest France<\/a>, sur la blogosph\u00e8re bretonne o\u00f9 Visionary Marketing figure en bonne place aux c\u00f4t\u00e9s de Lo\u00efc le Meur et Michel Edouard Leclerc.<!--more--><\/p>\n<h2 align=\"justify\">Blogueurs bretons : Breizh blogs: me zo ganet e kreiz Internet<\/h2>\n<p>&nbsp;<\/p>\n<figure id=\"attachment_83449\" aria-describedby=\"caption-attachment-83449\" style=\"width: 1920px\" class=\"wp-caption aligncenter\"><img decoding=\"async\" class=\"wp-image-83449 size-full\" src=\"https:\/\/visionarymarketing.com\/wp-content\/uploads\/2007\/02\/paul-gaugun-haystack-1890-large-cropped.jpg\" alt=\"Blog bretons : Breizh blogs: me zo ganet e kreiz Internet\" width=\"1920\" height=\"1080\" srcset=\"https:\/\/visionarymarketing.com\/wp-content\/uploads\/2007\/02\/paul-gaugun-haystack-1890-large-cropped.jpg 1920w, https:\/\/visionarymarketing.com\/wp-content\/uploads\/2007\/02\/paul-gaugun-haystack-1890-large-cropped-500x281.jpg 500w, https:\/\/visionarymarketing.com\/wp-content\/uploads\/2007\/02\/paul-gaugun-haystack-1890-large-cropped-1024x576.jpg 1024w, https:\/\/visionarymarketing.com\/wp-content\/uploads\/2007\/02\/paul-gaugun-haystack-1890-large-cropped-768x432.jpg 768w, https:\/\/visionarymarketing.com\/wp-content\/uploads\/2007\/02\/paul-gaugun-haystack-1890-large-cropped-1536x864.jpg 1536w, https:\/\/visionarymarketing.com\/wp-content\/uploads\/2007\/02\/paul-gaugun-haystack-1890-large-cropped-390x220.jpg 390w\" sizes=\"(max-width: 1920px) 100vw, 1920px\" \/><figcaption id=\"caption-attachment-83449\" class=\"wp-caption-text\">Blog bretons (Breizh blogs) me zo ganet e kreiz Internet (Et je suis n\u00e9 au c\u0153ur de l&rsquo;Internet)<\/figcaption><\/figure>\n<p>&nbsp;<\/p>\n<p style=\"text-align: left;\" align=\"justify\"><a title=\"Les blogueurs Bretons\" href=\"https:\/\/visionarymarketing.com\/wp-content\/uploads\/2007\/02\/lesblogsdesbretons.pdf\"><img decoding=\"async\" class=\"size-full wp-image-218 alignright\" src=\"https:\/\/visionarymarketing.com\/wp-content\/uploads\/2007\/02\/gwenn-ha-du.gif\" alt=\"\" width=\"260\" height=\"186\" \/><\/a>Mes meilleurs remerciements \u00e0 tous nos contributeurs et surtout \u00e0 nos lecteurs, dont certains fid\u00e8les \u00e0 nos pages depuis 13 ans. A bient\u00f4t sur les blogs visionary marketing &#8230; Et notamment sur la <a title=\"Le Blog Anglais de Visionarymarketing\" href=\"https:\/\/visionarymarketing.com\" target=\"_blank\" rel=\"noopener noreferrer\">partie anglaise<\/a> qui est tr\u00e8s active en ce moment.<\/p>\n<p style=\"text-align: left;\" align=\"justify\">PS : Pour ceux d&rsquo;entre vous qui se demanderaient quelle est la signification du titre, je renvoie ici au po\u00e8me c\u00e9l\u00e8bre du plus grand po\u00e8te breton et <a href=\"http:\/\/nichee.celtique.free.fr\/istor\/ganet.htm\" target=\"_blank\" rel=\"noopener noreferrer\">h\u00e9ros de la grande guerre Yann Per Calloc&rsquo;h<\/a>, alias Bleimor, mort sur le front en 1917.<\/p>\n<p style=\"text-align: left;\" align=\"justify\">Une c\u00e9l\u00e8bre chanson a \u00e9t\u00e9 tir\u00e9e de ce po\u00e8me. Parmi ses interpr\u00e8tes contemporains citons Gilles Servat et Yann Fanc&rsquo;h Kemener et bien entendu Alan Stivell.<\/p>\n\n\t\t<div class=\"wppdfemb-frame-container-1\" style=\"-webkit-overflow-scrolling:auto;\">\n\t\t\t<iframe class=\"pdfembed-iframe nonfullscreen wppdf-emb-iframe-1\"\n\t\t\t\tsrc=\"https:\/\/visionarymarketing.com\/fr\/?pdfemb-data=eyJ1cmwiOiJodHRwczpcL1wvdmlzaW9uYXJ5bWFya2V0aW5nLmNvbVwvd3AtY29udGVudFwvdXBsb2Fkc1wvMjAwOFwvMDRcLzEwYnJldG9uc19kdV9ibG9nLnBkZiIsInRpdGxlIjoiMTAgYnJldG9ucyBkdSBibG9nIFx1MjAxMyBtYWdhemluZSBicmV0b25zIGRlIE91ZXN0IEZyYW5jZSIsImluZGV4IjoxLCJwZGZJRCI6MH0\"\n\t\t\t\ttitle=\"10 bretons du blog \u2013 magazine bretons de Ouest France\"\t\t\t\tdata-pdf-id=\"0\"\n\t\t\t\tdata-pdf-index=\"1\"\n\t\t\t\tstyle=\"border:none;width:100%;max-width:100%;height:100vh;\"\n\t\t\t\tscrolling=\"yes\">\n\t\t\t<\/iframe>\n\t\t<\/div>\n\n\t\t\n<h3>Yann Gourvennec la b\u00eate d&rsquo;organisation<\/h3>\n<p><em>\u00ab\u00a0Quand il a appris par t\u00e9l\u00e9phone en d\u00e9cembre 2007 que le T\u00e9l\u00e9gramme lui avait d\u00e9cerner le prix du blog de l&rsquo;ann\u00e9e il a d&rsquo;abord \u00e9t\u00e9 surpris. Puis il s&rsquo;est remis \u00e0 travailler. Yann Gourvennec, 46 ans, responsable de l&rsquo;innovation au sein de la soci\u00e9t\u00e9 Orange \u00e0 Paris est un homme qui n&rsquo;a pas le temps \u00e0 perdre. Il parle vite, travaille vite et c&rsquo;est pareil quand il surfe sur Internet. <\/em><\/p>\n<p><em>\u00c0 tel point qu&rsquo;il s&rsquo;est autoproclam\u00e9 le \u00ab flash Gordon du Web \u00bb. \u00ab Visionary marketing \u00bb, blog qu&rsquo;il tient depuis trois ans, est la parfaite illustration du bonhomme. P\u00eale-m\u00eale, on y trouve des conseils sur les pratiques du marketing, des cours de merchandising ou des posts plus all\u00e9chants du type : \u00ab <a href=\"https:\/\/visionarymarketing.com\/fr\/2008\/01\/dragon-organisation-personnelle\/\">comment devenir une b\u00eate d&rsquo;organisation en un clic<\/a> \u00bb. <\/em><\/p>\n<p><em>Avec 2000 pages consult\u00e9es par jour et des \u00e9lecteurs venus du monde entier (Br\u00e9sil, Alg\u00e9rie Maroc, Inde), le r\u00e9sultat \u00e0 son petit succ\u00e8s. Profs, consultants ou \u00e9tudiants en \u00e9cole de commerce\u2026 Sa cible reste tout de m\u00eame assez professionnelle. <\/em><\/p>\n<p><em>Yann Gourvennec est aussi un homme dot\u00e9 d&rsquo;un grand sens de l&rsquo;organisation. Une vraie religion chez lui. Sa fa\u00e7on d&rsquo;actualiser son blog est symptomatique. Il n&rsquo;\u00e9crit pas ses posts, mais il les dicte sur son dictaphone. <\/em><\/p>\n<p><em>Tout arrive ensuite directement sur son blog via un logiciel de reconnaissance vocale. Pour m\u00e9moire, si n\u00e9cessaire, ne jamais perdre de temps, c&rsquo;est son credo\u00a0\u00bb.<\/em><\/p>\n","protected":false},"excerpt":{"rendered":"<p>Les blogueurs bretons dont Isabelle de Penfentenyo, Lo\u00efc le meur et Yann Gourvennec (cr\u00e9ateur de ce blog et de visionarymarketing.com) sont \u00e0 l&rsquo;honneur dans un article de Thierry Dussard paru dans le T\u00e9l\u00e9gramme de Brest ce Dimanche 10 f\u00e9vrier 2007. Blogueurs bretons \u00e0 l&rsquo;honneur dans le T\u00e9l\u00e9gramme et Bretons Voici les acc\u00e8s aux diff\u00e9rents blogs &hellip;<\/p>\n","protected":false},"author":2,"featured_media":83449,"comment_status":"open","ping_status":"open","sticky":false,"template":"","format":"standard","meta":{"footnotes":""},"categories":[25],"tags":[],"class_list":["post-216","post","type-post","status-publish","format-standard","has-post-thumbnail","hentry","category-medias-sociaux"],"yoast_head":"<!-- This site is optimized with the Yoast SEO plugin v27.5 - https:\/\/yoast.com\/product\/yoast-seo-wordpress\/ -->\n<title>Blogueurs bretons \u00e0 l&#039;honneur dans le T\u00e9l\u00e9gramme et Bretons<\/title>\n<meta name=\"description\" content=\"Les blogueurs bretons sont \u00e0 l&#039;honneur dans le t\u00e9l\u00e9gramme de Brest avec cet article de Thierry Dussart de f\u00e9vrier 2007 et de Bretons en 2008\" \/>\n<meta name=\"robots\" content=\"noindex, follow\" \/>\n<meta property=\"og:locale\" content=\"fr_FR\" \/>\n<meta property=\"og:type\" content=\"article\" \/>\n<meta property=\"og:title\" content=\"Blogueurs bretons \u00e0 l&#039;honneur dans le T\u00e9l\u00e9gramme et Bretons\" \/>\n<meta property=\"og:description\" content=\"Les blogueurs bretons sont \u00e0 l&#039;honneur dans le t\u00e9l\u00e9gramme de Brest avec cet article de Thierry Dussart de f\u00e9vrier 2007 et de Bretons en 2008\" \/>\n<meta property=\"og:url\" content=\"https:\/\/visionarymarketing.com\/fr\/2007\/02\/12\/blogueurs-bretons\/\" \/>\n<meta property=\"og:site_name\" content=\"Marketing and Innovation\" \/>\n<meta property=\"article:publisher\" content=\"https:\/\/www.facebook.com\/vismktg\" \/>\n<meta property=\"article:author\" content=\"http:\/\/facebook.com\/ygourven\" \/>\n<meta property=\"article:published_time\" content=\"2007-02-12T08:20:54+00:00\" \/>\n<meta property=\"article:modified_time\" content=\"2025-04-28T12:38:51+00:00\" \/>\n<meta property=\"og:image\" content=\"https:\/\/visionarymarketing.com\/wp-content\/uploads\/2007\/02\/paul-gaugun-haystack-1890-large-cropped.jpg\" \/>\n\t<meta property=\"og:image:width\" content=\"1920\" \/>\n\t<meta property=\"og:image:height\" content=\"1080\" \/>\n\t<meta property=\"og:image:type\" content=\"image\/jpeg\" \/>\n<meta name=\"author\" content=\"Yann Gourvennec\" \/>\n<meta name=\"twitter:card\" content=\"summary_large_image\" \/>\n<meta name=\"twitter:creator\" content=\"@ygourven\" \/>\n<meta name=\"twitter:site\" content=\"@ygourven\" \/>\n<meta name=\"twitter:label1\" content=\"\u00c9crit par\" \/>\n\t<meta name=\"twitter:data1\" content=\"Yann Gourvennec\" \/>\n\t<meta name=\"twitter:label2\" content=\"Dur\u00e9e de lecture estim\u00e9e\" \/>\n\t<meta name=\"twitter:data2\" content=\"4 minutes\" \/>\n<script type=\"application\/ld+json\" class=\"yoast-schema-graph\">{\"@context\":\"https:\\\/\\\/schema.org\",\"@graph\":[{\"@type\":\"NewsArticle\",\"@id\":\"https:\\\/\\\/visionarymarketing.com\\\/fr\\\/2007\\\/02\\\/12\\\/blogueurs-bretons\\\/#article\",\"isPartOf\":{\"@id\":\"https:\\\/\\\/visionarymarketing.com\\\/fr\\\/2007\\\/02\\\/12\\\/blogueurs-bretons\\\/\"},\"author\":{\"name\":\"Yann Gourvennec\",\"@id\":\"https:\\\/\\\/visionarymarketing.com\\\/fr\\\/#\\\/schema\\\/person\\\/3754fee1e558f47b8deb46f53c37423e\"},\"headline\":\"Blogueurs bretons \u00e0 l&rsquo;honneur dans le T\u00e9l\u00e9gramme et Bretons\",\"datePublished\":\"2007-02-12T08:20:54+00:00\",\"dateModified\":\"2025-04-28T12:38:51+00:00\",\"mainEntityOfPage\":{\"@id\":\"https:\\\/\\\/visionarymarketing.com\\\/fr\\\/2007\\\/02\\\/12\\\/blogueurs-bretons\\\/\"},\"wordCount\":598,\"commentCount\":0,\"image\":{\"@id\":\"https:\\\/\\\/visionarymarketing.com\\\/fr\\\/2007\\\/02\\\/12\\\/blogueurs-bretons\\\/#primaryimage\"},\"thumbnailUrl\":\"https:\\\/\\\/visionarymarketing.com\\\/wp-content\\\/uploads\\\/2007\\\/02\\\/paul-gaugun-haystack-1890-large-cropped.jpg\",\"articleSection\":[\"m\u00e9dias \\\/ r\u00e9seaux sociaux\"],\"inLanguage\":\"fr-FR\",\"potentialAction\":[{\"@type\":\"CommentAction\",\"name\":\"Comment\",\"target\":[\"https:\\\/\\\/visionarymarketing.com\\\/fr\\\/2007\\\/02\\\/12\\\/blogueurs-bretons\\\/#respond\"]}]},{\"@type\":\"WebPage\",\"@id\":\"https:\\\/\\\/visionarymarketing.com\\\/fr\\\/2007\\\/02\\\/12\\\/blogueurs-bretons\\\/\",\"url\":\"https:\\\/\\\/visionarymarketing.com\\\/fr\\\/2007\\\/02\\\/12\\\/blogueurs-bretons\\\/\",\"name\":\"Blogueurs bretons \u00e0 l'honneur dans le T\u00e9l\u00e9gramme et Bretons\",\"isPartOf\":{\"@id\":\"https:\\\/\\\/visionarymarketing.com\\\/fr\\\/#website\"},\"primaryImageOfPage\":{\"@id\":\"https:\\\/\\\/visionarymarketing.com\\\/fr\\\/2007\\\/02\\\/12\\\/blogueurs-bretons\\\/#primaryimage\"},\"image\":{\"@id\":\"https:\\\/\\\/visionarymarketing.com\\\/fr\\\/2007\\\/02\\\/12\\\/blogueurs-bretons\\\/#primaryimage\"},\"thumbnailUrl\":\"https:\\\/\\\/visionarymarketing.com\\\/wp-content\\\/uploads\\\/2007\\\/02\\\/paul-gaugun-haystack-1890-large-cropped.jpg\",\"datePublished\":\"2007-02-12T08:20:54+00:00\",\"dateModified\":\"2025-04-28T12:38:51+00:00\",\"author\":{\"@id\":\"https:\\\/\\\/visionarymarketing.com\\\/fr\\\/#\\\/schema\\\/person\\\/3754fee1e558f47b8deb46f53c37423e\"},\"description\":\"Les blogueurs bretons sont \u00e0 l'honneur dans le t\u00e9l\u00e9gramme de Brest avec cet article de Thierry Dussart de f\u00e9vrier 2007 et de Bretons en 2008\",\"breadcrumb\":{\"@id\":\"https:\\\/\\\/visionarymarketing.com\\\/fr\\\/2007\\\/02\\\/12\\\/blogueurs-bretons\\\/#breadcrumb\"},\"inLanguage\":\"fr-FR\",\"potentialAction\":[{\"@type\":\"ReadAction\",\"target\":[\"https:\\\/\\\/visionarymarketing.com\\\/fr\\\/2007\\\/02\\\/12\\\/blogueurs-bretons\\\/\"]}]},{\"@type\":\"ImageObject\",\"inLanguage\":\"fr-FR\",\"@id\":\"https:\\\/\\\/visionarymarketing.com\\\/fr\\\/2007\\\/02\\\/12\\\/blogueurs-bretons\\\/#primaryimage\",\"url\":\"https:\\\/\\\/visionarymarketing.com\\\/wp-content\\\/uploads\\\/2007\\\/02\\\/paul-gaugun-haystack-1890-large-cropped.jpg\",\"contentUrl\":\"https:\\\/\\\/visionarymarketing.com\\\/wp-content\\\/uploads\\\/2007\\\/02\\\/paul-gaugun-haystack-1890-large-cropped.jpg\",\"width\":1920,\"height\":1080},{\"@type\":\"BreadcrumbList\",\"@id\":\"https:\\\/\\\/visionarymarketing.com\\\/fr\\\/2007\\\/02\\\/12\\\/blogueurs-bretons\\\/#breadcrumb\",\"itemListElement\":[{\"@type\":\"ListItem\",\"position\":1,\"name\":\"Home\",\"item\":\"https:\\\/\\\/visionarymarketing.com\\\/fr\\\/\"},{\"@type\":\"ListItem\",\"position\":2,\"name\":\"Blogueurs bretons \u00e0 l&#8217;honneur dans le T\u00e9l\u00e9gramme et Bretons\"}]},{\"@type\":\"WebSite\",\"@id\":\"https:\\\/\\\/visionarymarketing.com\\\/fr\\\/#website\",\"url\":\"https:\\\/\\\/visionarymarketing.com\\\/fr\\\/\",\"name\":\"Marketing and Innovation\",\"description\":\"Site d&#039;infos ind\u00e9pendant, depuis 1996\",\"potentialAction\":[{\"@type\":\"SearchAction\",\"target\":{\"@type\":\"EntryPoint\",\"urlTemplate\":\"https:\\\/\\\/visionarymarketing.com\\\/fr\\\/?s={search_term_string}\"},\"query-input\":{\"@type\":\"PropertyValueSpecification\",\"valueRequired\":true,\"valueName\":\"search_term_string\"}}],\"inLanguage\":\"fr-FR\"},{\"@type\":\"Person\",\"@id\":\"https:\\\/\\\/visionarymarketing.com\\\/fr\\\/#\\\/schema\\\/person\\\/3754fee1e558f47b8deb46f53c37423e\",\"name\":\"Yann Gourvennec\",\"image\":{\"@type\":\"ImageObject\",\"inLanguage\":\"fr-FR\",\"@id\":\"https:\\\/\\\/secure.gravatar.com\\\/avatar\\\/5972001801e8de5692a3e31224e85769f50a55fb8b679749f9c8d1868cceff14?s=96&d=initials&r=g&initials=yg\",\"url\":\"https:\\\/\\\/secure.gravatar.com\\\/avatar\\\/5972001801e8de5692a3e31224e85769f50a55fb8b679749f9c8d1868cceff14?s=96&d=initials&r=g&initials=yg\",\"contentUrl\":\"https:\\\/\\\/secure.gravatar.com\\\/avatar\\\/5972001801e8de5692a3e31224e85769f50a55fb8b679749f9c8d1868cceff14?s=96&d=initials&r=g&initials=yg\",\"caption\":\"Yann Gourvennec\"},\"description\":\"Yann Gourvennec created visionarymarketing.com in 1996. He is a speaker and author of many books. In 2014 he went from intrapreneur to entrepreneur, when he created his digital marketing agency. Yann Gourvennec a cr\u00e9\u00e9 visionarymarketing.com en 1996. Il est conf\u00e9rencier et auteur de plusieurs livres. En 2014, il est pass\u00e9 d'intrapreneur \u00e0 entrepreneur en cr\u00e9ant son agence de marketing num\u00e9rique.\",\"sameAs\":[\"https:\\\/\\\/visionarymarketing.com\",\"http:\\\/\\\/facebook.com\\\/ygourven\",\"http:\\\/\\\/linkedin.com\\\/in\\\/ygourven\",\"https:\\\/\\\/x.com\\\/ygourven\",\"https:\\\/\\\/www.youtube.com\\\/c\\\/visionarymarketingagency\"],\"url\":\"https:\\\/\\\/visionarymarketing.com\\\/fr\\\/author\\\/yann-gourvennec\\\/\"}]}<\/script>\n<!-- \/ Yoast SEO plugin. -->","yoast_head_json":{"title":"Blogueurs bretons \u00e0 l'honneur dans le T\u00e9l\u00e9gramme et Bretons","description":"Les blogueurs bretons sont \u00e0 l'honneur dans le t\u00e9l\u00e9gramme de Brest avec cet article de Thierry Dussart de f\u00e9vrier 2007 et de Bretons en 2008","robots":{"index":"noindex","follow":"follow"},"og_locale":"fr_FR","og_type":"article","og_title":"Blogueurs bretons \u00e0 l'honneur dans le T\u00e9l\u00e9gramme et Bretons","og_description":"Les blogueurs bretons sont \u00e0 l'honneur dans le t\u00e9l\u00e9gramme de Brest avec cet article de Thierry Dussart de f\u00e9vrier 2007 et de Bretons en 2008","og_url":"https:\/\/visionarymarketing.com\/fr\/2007\/02\/12\/blogueurs-bretons\/","og_site_name":"Marketing and Innovation","article_publisher":"https:\/\/www.facebook.com\/vismktg","article_author":"http:\/\/facebook.com\/ygourven","article_published_time":"2007-02-12T08:20:54+00:00","article_modified_time":"2025-04-28T12:38:51+00:00","og_image":[{"width":1920,"height":1080,"url":"https:\/\/visionarymarketing.com\/wp-content\/uploads\/2007\/02\/paul-gaugun-haystack-1890-large-cropped.jpg","type":"image\/jpeg"}],"author":"Yann Gourvennec","twitter_card":"summary_large_image","twitter_creator":"@ygourven","twitter_site":"@ygourven","twitter_misc":{"\u00c9crit par":"Yann Gourvennec","Dur\u00e9e de lecture estim\u00e9e":"4 minutes"},"schema":{"@context":"https:\/\/schema.org","@graph":[{"@type":"NewsArticle","@id":"https:\/\/visionarymarketing.com\/fr\/2007\/02\/12\/blogueurs-bretons\/#article","isPartOf":{"@id":"https:\/\/visionarymarketing.com\/fr\/2007\/02\/12\/blogueurs-bretons\/"},"author":{"name":"Yann Gourvennec","@id":"https:\/\/visionarymarketing.com\/fr\/#\/schema\/person\/3754fee1e558f47b8deb46f53c37423e"},"headline":"Blogueurs bretons \u00e0 l&rsquo;honneur dans le T\u00e9l\u00e9gramme et Bretons","datePublished":"2007-02-12T08:20:54+00:00","dateModified":"2025-04-28T12:38:51+00:00","mainEntityOfPage":{"@id":"https:\/\/visionarymarketing.com\/fr\/2007\/02\/12\/blogueurs-bretons\/"},"wordCount":598,"commentCount":0,"image":{"@id":"https:\/\/visionarymarketing.com\/fr\/2007\/02\/12\/blogueurs-bretons\/#primaryimage"},"thumbnailUrl":"https:\/\/visionarymarketing.com\/wp-content\/uploads\/2007\/02\/paul-gaugun-haystack-1890-large-cropped.jpg","articleSection":["m\u00e9dias \/ r\u00e9seaux sociaux"],"inLanguage":"fr-FR","potentialAction":[{"@type":"CommentAction","name":"Comment","target":["https:\/\/visionarymarketing.com\/fr\/2007\/02\/12\/blogueurs-bretons\/#respond"]}]},{"@type":"WebPage","@id":"https:\/\/visionarymarketing.com\/fr\/2007\/02\/12\/blogueurs-bretons\/","url":"https:\/\/visionarymarketing.com\/fr\/2007\/02\/12\/blogueurs-bretons\/","name":"Blogueurs bretons \u00e0 l'honneur dans le T\u00e9l\u00e9gramme et Bretons","isPartOf":{"@id":"https:\/\/visionarymarketing.com\/fr\/#website"},"primaryImageOfPage":{"@id":"https:\/\/visionarymarketing.com\/fr\/2007\/02\/12\/blogueurs-bretons\/#primaryimage"},"image":{"@id":"https:\/\/visionarymarketing.com\/fr\/2007\/02\/12\/blogueurs-bretons\/#primaryimage"},"thumbnailUrl":"https:\/\/visionarymarketing.com\/wp-content\/uploads\/2007\/02\/paul-gaugun-haystack-1890-large-cropped.jpg","datePublished":"2007-02-12T08:20:54+00:00","dateModified":"2025-04-28T12:38:51+00:00","author":{"@id":"https:\/\/visionarymarketing.com\/fr\/#\/schema\/person\/3754fee1e558f47b8deb46f53c37423e"},"description":"Les blogueurs bretons sont \u00e0 l'honneur dans le t\u00e9l\u00e9gramme de Brest avec cet article de Thierry Dussart de f\u00e9vrier 2007 et de Bretons en 2008","breadcrumb":{"@id":"https:\/\/visionarymarketing.com\/fr\/2007\/02\/12\/blogueurs-bretons\/#breadcrumb"},"inLanguage":"fr-FR","potentialAction":[{"@type":"ReadAction","target":["https:\/\/visionarymarketing.com\/fr\/2007\/02\/12\/blogueurs-bretons\/"]}]},{"@type":"ImageObject","inLanguage":"fr-FR","@id":"https:\/\/visionarymarketing.com\/fr\/2007\/02\/12\/blogueurs-bretons\/#primaryimage","url":"https:\/\/visionarymarketing.com\/wp-content\/uploads\/2007\/02\/paul-gaugun-haystack-1890-large-cropped.jpg","contentUrl":"https:\/\/visionarymarketing.com\/wp-content\/uploads\/2007\/02\/paul-gaugun-haystack-1890-large-cropped.jpg","width":1920,"height":1080},{"@type":"BreadcrumbList","@id":"https:\/\/visionarymarketing.com\/fr\/2007\/02\/12\/blogueurs-bretons\/#breadcrumb","itemListElement":[{"@type":"ListItem","position":1,"name":"Home","item":"https:\/\/visionarymarketing.com\/fr\/"},{"@type":"ListItem","position":2,"name":"Blogueurs bretons \u00e0 l&#8217;honneur dans le T\u00e9l\u00e9gramme et Bretons"}]},{"@type":"WebSite","@id":"https:\/\/visionarymarketing.com\/fr\/#website","url":"https:\/\/visionarymarketing.com\/fr\/","name":"Marketing and Innovation","description":"Site d&#039;infos ind\u00e9pendant, depuis 1996","potentialAction":[{"@type":"SearchAction","target":{"@type":"EntryPoint","urlTemplate":"https:\/\/visionarymarketing.com\/fr\/?s={search_term_string}"},"query-input":{"@type":"PropertyValueSpecification","valueRequired":true,"valueName":"search_term_string"}}],"inLanguage":"fr-FR"},{"@type":"Person","@id":"https:\/\/visionarymarketing.com\/fr\/#\/schema\/person\/3754fee1e558f47b8deb46f53c37423e","name":"Yann Gourvennec","image":{"@type":"ImageObject","inLanguage":"fr-FR","@id":"https:\/\/secure.gravatar.com\/avatar\/5972001801e8de5692a3e31224e85769f50a55fb8b679749f9c8d1868cceff14?s=96&d=initials&r=g&initials=yg","url":"https:\/\/secure.gravatar.com\/avatar\/5972001801e8de5692a3e31224e85769f50a55fb8b679749f9c8d1868cceff14?s=96&d=initials&r=g&initials=yg","contentUrl":"https:\/\/secure.gravatar.com\/avatar\/5972001801e8de5692a3e31224e85769f50a55fb8b679749f9c8d1868cceff14?s=96&d=initials&r=g&initials=yg","caption":"Yann Gourvennec"},"description":"Yann Gourvennec created visionarymarketing.com in 1996. He is a speaker and author of many books. In 2014 he went from intrapreneur to entrepreneur, when he created his digital marketing agency. Yann Gourvennec a cr\u00e9\u00e9 visionarymarketing.com en 1996. Il est conf\u00e9rencier et auteur de plusieurs livres. En 2014, il est pass\u00e9 d'intrapreneur \u00e0 entrepreneur en cr\u00e9ant son agence de marketing num\u00e9rique.","sameAs":["https:\/\/visionarymarketing.com","http:\/\/facebook.com\/ygourven","http:\/\/linkedin.com\/in\/ygourven","https:\/\/x.com\/ygourven","https:\/\/www.youtube.com\/c\/visionarymarketingagency"],"url":"https:\/\/visionarymarketing.com\/fr\/author\/yann-gourvennec\/"}]}},"_links":{"self":[{"href":"https:\/\/visionarymarketing.com\/fr\/wp-json\/wp\/v2\/posts\/216","targetHints":{"allow":["GET"]}}],"collection":[{"href":"https:\/\/visionarymarketing.com\/fr\/wp-json\/wp\/v2\/posts"}],"about":[{"href":"https:\/\/visionarymarketing.com\/fr\/wp-json\/wp\/v2\/types\/post"}],"author":[{"embeddable":true,"href":"https:\/\/visionarymarketing.com\/fr\/wp-json\/wp\/v2\/users\/2"}],"replies":[{"embeddable":true,"href":"https:\/\/visionarymarketing.com\/fr\/wp-json\/wp\/v2\/comments?post=216"}],"version-history":[{"count":0,"href":"https:\/\/visionarymarketing.com\/fr\/wp-json\/wp\/v2\/posts\/216\/revisions"}],"wp:featuredmedia":[{"embeddable":true,"href":"https:\/\/visionarymarketing.com\/fr\/wp-json\/wp\/v2\/media\/83449"}],"wp:attachment":[{"href":"https:\/\/visionarymarketing.com\/fr\/wp-json\/wp\/v2\/media?parent=216"}],"wp:term":[{"taxonomy":"category","embeddable":true,"href":"https:\/\/visionarymarketing.com\/fr\/wp-json\/wp\/v2\/categories?post=216"},{"taxonomy":"post_tag","embeddable":true,"href":"https:\/\/visionarymarketing.com\/fr\/wp-json\/wp\/v2\/tags?post=216"}],"curies":[{"name":"wp","href":"https:\/\/api.w.org\/{rel}","templated":true}]}}