{"id":21107,"date":"2016-05-17T08:45:48","date_gmt":"2016-05-17T06:45:48","guid":{"rendered":"http:\/\/visionarymarketing.fr\/blog\/?p=21107"},"modified":"2020-11-25T08:31:15","modified_gmt":"2020-11-25T07:31:15","slug":"uberisation-economie","status":"publish","type":"post","link":"https:\/\/visionarymarketing.com\/fr\/2016\/05\/17\/uberisation-economie\/","title":{"rendered":"Uberisation de l&rsquo;\u00e9conomie : les Fran\u00e7ais approuvent \u00e0 70%"},"content":{"rendered":"<div><em>Vers une Uberisation de l&rsquo;\u00e9conomie ? Tel aurait pu \u00eatre le sous-titre de la <strong>conf\u00e9rence organis\u00e9e par Capgemini sur le sujet de l&rsquo;\u00e9conomie collaborative\u00a0et de son impact sur nos entreprises<\/strong>. Malgr\u00e9 la date tomb\u00e9e en plein milieu des vacances de P\u00e2ques, une salle comble et la pr\u00e9sence de nombreux responsables d&rsquo;entreprises ont d\u00e9montr\u00e9 la pertinence du d\u00e9bat et la n\u00e9cessit\u00e9 de trouver la r\u00e9ponse \u00e0 cette question : \u00e0 quelle sauce allons-nous \u00eatre mang\u00e9s ?\u00a0D\u00e8s qu&rsquo;on \u00e9voque la transformation digitale, on sent en effet les m\u00e2choires se crisper, tant les messages pass\u00e9s via les m\u00e9dias sont anxiog\u00e8nes.<\/em><\/div>\n<div><\/div>\n<h2>Uberisation : 70% des Fran\u00e7ais ont une vue positive de\u00a0l&rsquo;\u00e9conomie collaborative<\/h2>\n<figure id=\"attachment_59632\" aria-describedby=\"caption-attachment-59632\" style=\"width: 520px\" class=\"wp-caption aligncenter\"><a href=\"https:\/\/visionarymarketing.com\/wp-content\/uploads\/2020\/11\/8643936323-530e054df5-c.jpg\"><img decoding=\"async\" class=\"wp-image-59632 size-full\" src=\"https:\/\/visionarymarketing.com\/wp-content\/uploads\/2020\/11\/8643936323-530e054df5-c.jpg\" alt=\"Uberisation : 70% des Fran\u00e7ais ont une vue positive de\u00a0l'\u00e9conomie collaborative\" width=\"520\" height=\"340\" srcset=\"https:\/\/visionarymarketing.com\/wp-content\/uploads\/2020\/11\/8643936323-530e054df5-c.jpg 520w, https:\/\/visionarymarketing.com\/wp-content\/uploads\/2020\/11\/8643936323-530e054df5-c-459x300.jpg 459w\" sizes=\"(max-width: 520px) 100vw, 520px\" \/><\/a><figcaption id=\"caption-attachment-59632\" class=\"wp-caption-text\">Uberisation : la majorit\u00e9 des fran\u00e7ais ont vu la petite lumi\u00e8re au fond du couloir de l&rsquo;\u00e9conomie collaborative<\/figcaption><\/figure>\n<div><em>Les secteurs traditionnels, souvent menac\u00e9s dans les discours de \u00ab dinosaurisation \u00bb (passez-moi ce n\u00e9ologisme) se sentent mis sur le grill. Il est vrai, <a href=\"https:\/\/visionarymarketing.com\/fr\/2015\/10\/transformation-digitale-des-banques-les-anciens-et-les-modernes\/\">nous traitons souvent de ce sujet dans le domaine bancaire sur ce blog<\/a>, que la n\u00e9cessit\u00e9 de faire bouger les lignes est souvent criante dans certains secteurs. Rien cependant, n&rsquo;oblige \u00e0 croire que l&rsquo;\u00e9conomie est un jeu \u00e0 somme nulle et que des gagnants d&rsquo;un nouvel ordre mettent syst\u00e9matiquement toutes les entreprises plus traditionnelles au tapis. <\/em><\/div>\n<div><\/div>\n<div><em>Certes, il y a eu Kodak, et il y en aura encore beaucoup, ce qui dans un sens est normal. Les entreprises naissent et meurent, et cela est arriv\u00e9 \u00e0 tout \u00e2ge. Aussi et surtout, ces changements parfois douloureux ne sont pas toujours \u00e0 voir de fa\u00e7on n\u00e9gative, mais comme les aiguillons n\u00e9cessaires d\u2019une \u00e9volution salutaire de l&rsquo;entreprise. <\/em><\/div>\n<div><\/div>\n<div><em>Le digital agit comme cet aiguillon, et non seulement comme un \u00e9pouvantail, c&rsquo;est aussi surtout comme un moyen positif de se renouveler. Et fort heureusement, c&rsquo;est \u00e9galement ce que per\u00e7oit la population fran\u00e7aise interview\u00e9e par <a href=\"http:\/\/www.opinion-way.com\/\">Opinionway<\/a> sur un \u00e9chantillon repr\u00e9sentatif d&rsquo;environ 1000 personnes, dans une enqu\u00eate sur l&rsquo;<strong>\u00e9conomie collaborative<\/strong> qui a \u00e9t\u00e9 pr\u00e9sent\u00e9e par\u00a0<span class=\"removed_link\" title=\"https:\/\/www.linkedin.com\/in\/bjeanbart\">Bruno Jeanbart<\/span>, directeur g\u00e9n\u00e9ral adjoint de la soci\u00e9t\u00e9 d\u2019\u00e9tudes, lors d&rsquo;un d&rsquo;une conf\u00e9rence Capgemini organis\u00e9e \u00e0 l\u2019Openmindkf\u00e9 de Paris.<\/em><\/div>\n<div><\/div>\n<h3>Uberisation de l&rsquo;\u00e9conomie : une injonction paradoxale ?<\/h3>\n<div>Ub\u00e9risez votre business nous conseille Capgemini, un conseil favorablement\u00a0accueilli par les Fran\u00e7ais qui pl\u00e9biscitent\u00a0l\u2019\u00e9conomie\u00a0collaborative<\/div>\n<div style=\"text-align: center;\"><\/div>\n<div>Le Web a apport\u00e9, faussement parfois cette image d&rsquo;un commerce \u00e0 prix bas, surtout en France. Or, les Fran\u00e7ais interrog\u00e9s par Opinionway n\u2019ont pas une vue orient\u00e9 prix de ce monde digital : \u00ab avant tout, c&rsquo;est l\u2019ad\u00e9quation au besoin, la meilleure relation client \u00bb qui va compter nous indique Bruno Jeanbart. Ces \u00ab\u00a0engagements vis-\u00e0-vis du client au travers d&rsquo;une relation forte\u00a0\u00bb qui vont avant tout importer aux clients finals.<\/div>\n<div><\/div>\n<div>La soci\u00e9t\u00e9 d&rsquo;\u00e9tudes fran\u00e7aises a donc test\u00e9 3 secteurs afin de savoir si les Fran\u00e7ais \u00e9taient int\u00e9ress\u00e9s par des offres alternatives digitales :<\/div>\n<ul>\n<li>le <strong>secteur automobile<\/strong> (avec les services embarqu\u00e9s) : 40 % des interview\u00e9s on d\u00e9clar\u00e9 \u00eatre int\u00e9ress\u00e9s ;<\/li>\n<li>l&rsquo;<strong>\u00e9quipement de la maison<\/strong> avec la SmartTV : 33 % des personnes interrog\u00e9es d\u00e9claraient \u00eatre int\u00e9ress\u00e9es ;<\/li>\n<li>l&rsquo;<strong>habillement<\/strong> (Le relooking) : 29 % ont d\u00e9clar\u00e9 \u00eatre int\u00e9ress\u00e9s.<\/li>\n<\/ul>\n<div>Ce qu&rsquo;en conclut Bruno Jeanbart, c&rsquo;est que chaque fois une cat\u00e9gorie importante se d\u00e9clare int\u00e9ress\u00e9e mais elle reste minoritaire (m\u00eame si on conna\u00eet la limite des \u00e9tudes d\u00e9claratives sur l&rsquo;importance et l&rsquo;impact des technologies). \u00c0 l&rsquo;oppos\u00e9, Opinionway remarque que <strong>les jeunes \u00e0 l&rsquo;int\u00e9rieur de ces r\u00e9pondants sont toujours plus int\u00e9ress\u00e9s que la moyenne avec un taux d&rsquo;int\u00e9r\u00eat toujours sup\u00e9rieur \u00e0 50 %<\/strong>. En conclusion, l&rsquo;int\u00e9r\u00eat est loin d&rsquo;\u00eatre mineur, mais jamais majoritaire et cela ne concerne pas \u00ab l&rsquo;ensemble de la population \u00bb.<\/div>\n<div><\/div>\n<h3>Les Fran\u00e7ais l&rsquo;uberisation et\u00a0l&rsquo;\u00e9conomie collaborative<\/h3>\n<div>Opinionway a aussi d\u00e9cid\u00e9 de faire r\u00e9agir les Fran\u00e7ais par rapport \u00e0 l&rsquo;\u00e9conomie collaborative. Tout d&rsquo;abord, un constat positif : les Fran\u00e7ais sont plus positifs que ce que l&rsquo;on entend ressasser dans les m\u00e9dias r\u00e9guli\u00e8rement. <strong>70 % pensent en effet que cela va obliger les entreprises \u00e0 s&rsquo;adapter<\/strong> et que cette uberisation change l&rsquo;\u00e9conomie mais qu&rsquo;elle ne va pas la raser. Cela est rassurant pour les entreprises et devrait \u00e9galement agir comme un aiguillon pour les obliger \u00e0 se transformer.<\/div>\n<p><!--more--><\/p>\n<div>La num\u00e9risation, on en parle dans les m\u00e9dias, mais quelle r\u00e9alit\u00e9 chiffr\u00e9e ?\u00a0C&rsquo;est la question que se sont pos\u00e9e Bruno Jeanbart et ses \u00e9quipes et \u00e0 laquelle ils ont tent\u00e9 de r\u00e9pondre en trois points : d&rsquo;une part les pratiques, deuxi\u00e8mement la perception des nombreux acteurs et enfin l&rsquo;anticipation de l&rsquo;impact \u00e9conomique. Le r\u00e9sultat sur l&rsquo;usage, c&rsquo;est que <strong>20 % en moyenne des utilisateurs d\u00e9clarent avoir d\u00e9j\u00e0 eu recours aux entreprises de l&rsquo;\u00e9conomie participative<\/strong>. \u00ab C&rsquo;est d\u00e9j\u00e0 beaucoup et en m\u00eame temps ce n&rsquo;est pas beaucoup \u00bb nous dit Bruno Jeanbart. Pourtant, cela traduit aussi un d\u00e9veloppement tr\u00e8s rapide car cela ne fait que environ trois ans que l&rsquo;on parle r\u00e9guli\u00e8rement d&rsquo;Uber et de l&rsquo;\u00e9conomie collaborative (qui est arriv\u00e9 officiellement en France en 2012).<\/div>\n<div><\/div>\n<div>Ces usages, au-del\u00e0 de cette moyenne, cachent une r\u00e9alit\u00e9 tr\u00e8s clivante. D&rsquo;une part, les usages sont bien plus importants parmi les moins de 25 ans (1\/3 contre 15 % parmi les 50 ans et plus) et socialement aussi avec des fluctuation de 15 \u00e0 28 % selon les CSP. D\u2019un point de vue g\u00e9ographique, les \u00e9carts sont \u00e9galement importants mais l\u00e0 le biais est plus significatif du fait de la localisation tr\u00e8s parisienne de ce type de service.<\/div>\n<div><\/div>\n<h3>Conclusion, l&rsquo;uberisation \u00ab n&rsquo;est pas qu\u2019une ambiance, c&rsquo;est une r\u00e9alit\u00e9 du terrain \u00bb<\/h3>\n<div>Les m\u00eame utilisateurs se d\u00e9clarent int\u00e9ress\u00e9s \u00e0 sauter le pas avec 20 % qui ont l\u2019intention de le faire dans la p\u00e9riode qui vient. Ceci laisse \u00e0 penser que nous arriverons rapidement \u00e0 la proportion de 30 % en moyenne. Le d\u00e9veloppement se fera par capillarit\u00e9 \u00e0 la mani\u00e8re de l&rsquo;usage Internet \u201cqui est pass\u00e9 rapidement de 4 % en 98 \u00e0 50 % en 2007&Prime;. Le d\u00e9veloppement dans ce domaine sera peut-\u00eatre m\u00eame encore plus rapide.<\/div>\n<div><\/div>\n<div>Bruno Jeanbart note \u00e9galement l\u2019importance de la confiance, et comment les nouveaux services ont pris une avance certaine dans ce domaine :<\/div>\n<div>\u00ab\u00a0Les places de march\u00e9 se d\u00e9veloppent autour de la confiance, cette confiance s\u00e9curise le consommateur\u201d nous a-t-il dit. L&rsquo;engagement, l&rsquo;attachement \u00e0 l&rsquo;entreprise par le consommateur est ainsi tr\u00e8s important. Nous envoyons dans ces colonnes de r\u00e9guli\u00e8res injonctions \u00e0 s&rsquo;int\u00e9resser au service client et \u00e0 l\u2019am\u00e9liorer et nous esp\u00e9rons qu\u2019elles finiront par \u00eatre entendues par les soci\u00e9t\u00e9s qui ont un fort besoin d&rsquo;am\u00e9liorer cette empathie avec leur client\u00e8le. Qu&rsquo;elles le veuillent ou non les leaders de l&rsquo;Internet ont r\u00e9ussi \u00e0 la d\u00e9velopper \u00e0 leur place.<\/div>\n<div><\/div>\n<h3>Le fantasme de la protection des donn\u00e9es personnelles mis en pi\u00e8ces par les usages du public<\/h3>\n<div>Sur le sujet des donn\u00e9es personnelles, on observe l\u00e0 une grande ambigu\u00eft\u00e9 en France. On a du mal en fait \u00e0 faire le lien entre le discours tr\u00e8s alarmiste autour de l&rsquo;utilisation des donn\u00e9es et l&rsquo;attitude r\u00e9els des consommateurs. \u00ab\u00a0Il s&rsquo;agit d&rsquo;une attitude de fa\u00e7ade\u00a0\u00bb nous dit Bruno Jeanbart o\u00f9 les consommateurs d\u00e9clarent \u00ab avoir peur qu&rsquo;on les vole \u00bb mais o\u00f9 leurs pratiques sont contradictoires avec leurs dires. Les Fran\u00e7ais sont en effet pr\u00eats \u00e0 donner beaucoup de donn\u00e9es surtout s&rsquo;ils ont confiance quant \u00e0 la transparence sur l&rsquo;utilisation de ces donn\u00e9es.<\/div>\n<div><\/div>\n<div><strong>En fait ils sont plus \u00e0 la recherche d&rsquo;un \u00e9change gagnant-gagnant (70 % des interrog\u00e9s) si l&rsquo;avantage est en leur faveur<\/strong>. Les consommateurs sont aussi pr\u00eats \u00e0 donner du temps : la moiti\u00e9 des consommateurs interrog\u00e9s sont pr\u00eats \u00e0 participer \u00e0 la cr\u00e9ation de nouveaux produits. Et il y a une id\u00e9e qui s&rsquo;installe : une des raisons succ\u00e8s de ces entreprises de l&rsquo;\u00e9conomie collaborative\u00a0c&rsquo;est cette nouvelle relation client qui permet de participer \u00e0 l&rsquo;aventure d&rsquo;inventer de nouvelles offres. Les consommateurs sont tr\u00e8s attach\u00e9s \u00e0 cela car ils sont tr\u00e8s valoris\u00e9s : ils aiment \u00eatre consid\u00e9r\u00e9s comme un acheteur et non comme un num\u00e9ro.<\/div>\n<div><\/div>\n<div>\u00c0 la suite de Bruno Jeanbart, nous avons eu droit au t\u00e9moignage de Geoffray Mangin d\u2019Accor, \u00ab\u00a0VP produit et guest experience\u00a0\u00bb<\/div>\n<div><\/div>\n<div>Celui-ci nous a confirm\u00e9 que \u00ab ce n&rsquo;est pas le marasme mais qu&rsquo;il y a un aiguillon \u00bb car accord se sent attaqu\u00e9 de toute part. Sur la r\u00e9servation notamment de Booking.com qui le challenge le plus. La r\u00e9ponse de l&rsquo;op\u00e9rateur fran\u00e7ais et de se \u00ab battre mais aussi de plus en plus de collaborer\u00a0\u00bb et cela se traduit par :<\/div>\n<div><\/div>\n<ol>\n<li><strong>La construction d&rsquo;un syst\u00e8me hybride<\/strong> : \u00ab\u00a0on met l&rsquo;argent sur la table pour avancer vite\u00a0\u00bb. Il y a un an, en avril 2015, se cr\u00e9ait la marque accorhotels.com qui vend d&rsquo;autres h\u00f4tels que ceux d&rsquo;Accor. \u00ab\u00a0Le but est d&rsquo;obtenir une masse critique pour mieux lutter\u201d explique Geoffray Mangin ;<\/li>\n<li><strong>Le regroupement de toutes les applications pour am\u00e9liorer l&rsquo;exp\u00e9rience client<\/strong> : passage de 18 applications \u00e0 1 application. \u00ab\u00a0Il faut augmenter les chances d&rsquo;\u00eatre vu ne pas se disperser\u201d ;<\/li>\n<li><strong>Le focus mis sur l&rsquo;offre et l\u2019offre de valeur ajout\u00e9e pour le client :<\/strong>\u00a0\u00ab\u00a0Accor presse\u00a0\u00bb par exemple dans l&rsquo;application Accor, avec 3000 titres internationaux \u00e0 l\u2019int\u00e9rieur de l&rsquo;application.<\/li>\n<\/ol>\n<div>Accor a d\u00e9cid\u00e9 de mettre le paquet : 200 millions d&rsquo;euros sur cinq ans. Selon Geoffray Mangin c\u2019est l\u2019\u00e9quivalent du budget de Manchester City. Et ils travaillent aussi avec des start-ups. Ils ont notamment rachat\u00e9 Wipolo qui est d\u00e9sormais embarqu\u00e9 dans l&rsquo;application. D&rsquo;autres participations sont en cours. \u00ab\u00a0On part sur le haut de gamme pour aller capter la valeur\u201d explique M. Mangin. Accor a pris \u00a030 % de oasis connexion et 25 % de Square break.<\/div>\n<div><\/div>\n<div>Les deux axes d\u2019Accor sont 1) investir et 2) apprendre tous les jours. La diff\u00e9rence principale d&rsquo;Accor est notamment d&rsquo;\u00eatre moins franchis\u00e9 que ses confr\u00e8res am\u00e9ricains. Le personnel des Am\u00e9ricains n&rsquo;est donc pas sur leur \u00ab\u00a0payroll\u00a0\u00bb. Or ce qui est important c&rsquo;est la transformation de tous les collaborateurs ce qu\u2019Accor traduit par son principe \u00ab Let it go \u00bb qui laisse les employ\u00e9s sur le terrain agir au plus pr\u00e8s du client. Or, faire bouger les 180 000 personnes du groupe ce n\u2019est pas simple. Ce qu\u2019il y a de plus difficile \u00e0 faire comprendre c\u2019est surtout \u00ab\u00a0l\u2019instruction qu&rsquo;il n&rsquo;y a plus d\u2019instruction\u201d a confi\u00e9 \u00e0 l\u2019auditoire G Mangin.<\/div>\n<div><\/div>\n<div>En conclusion, <strong>l&rsquo;\u00e9conomie collaborative, et l&rsquo;uberisation, n\u2019est pas un jeu \u00e0 somme nulle<\/strong>. Il est possible de r\u00e9agir et de se transformer. Vu sous cet angle, la r\u00e9volution num\u00e9rique peut (doit ?) \u00eatre consid\u00e9r\u00e9e comme une occasion unique de transformer son exp\u00e9rience client, ce qui passe n\u00e9cessairement par la refonte de l\u2019exp\u00e9rience interne et des modifications profondes des m\u00e9thodes de travail, comme l\u2019a expliqu\u00e9 Geoffray Mangin d\u2019Accor.<\/div>\n<div><\/div>\n<p><iframe style=\"border: 1px solid #CCC; border-width: 1px; margin-bottom: 5px; max-width: 100%;\" src=\"\/\/www.slideshare.net\/slideshow\/embed_code\/key\/1asIRfoFztT5HK\" width=\"668\" height=\"714\" frameborder=\"0\" marginwidth=\"0\" marginheight=\"0\" scrolling=\"no\" allowfullscreen=\"allowfullscreen\"> <\/iframe><\/p>\n<div style=\"margin-bottom: 5px; text-align: center;\"><strong><a title=\"[Fr] up\u00e9risez votre business - journal de Capgemini consulting\" href=\"\/\/www.slideshare.net\/ygourven\/fr-uprisez-votre-business-journal-de-capgemini-consulting\" target=\"_blank\" rel=\"noopener noreferrer\">[Fr] ub\u00e9risez votre business &#8211; journal de Capgemini consulting<\/a>\u00a0par\u00a0<\/strong><strong><span style=\"color: #0000ee;\"><u>Capgemini<\/u><\/span><a href=\"\/\/www.slideshare.net\/ygourven\" target=\"_blank\" rel=\"noopener noreferrer\">\u00a0Consulting<\/a><\/strong><\/div>\n","protected":false},"excerpt":{"rendered":"<p>\u00ab Uberisation or not uberisation \u00bb tel aurait pu \u00eatre le sous-titre de la conf\u00e9rence organis\u00e9e par Capgemini sur le sujet de la transformation num\u00e9rique et de son impact sur nos entreprises.<\/p>\n","protected":false},"author":2,"featured_media":59632,"comment_status":"open","ping_status":"open","sticky":false,"template":"","format":"standard","meta":{"footnotes":""},"categories":[10,134],"tags":[],"class_list":["post-21107","post","type-post","status-publish","format-standard","has-post-thumbnail","hentry","category-collaboration-et-teletravail","category-economie"],"yoast_head":"<!-- This site is optimized with the Yoast SEO plugin v27.5 - https:\/\/yoast.com\/product\/yoast-seo-wordpress\/ -->\n<title>Uberisation de l&#039;\u00e9conomie : les Fran\u00e7ais approuvent \u00e0 70%<\/title>\n<meta name=\"description\" content=\"\u00ab Uberisation or not uberisation \u00bb tel aurait pu \u00eatre le sous-titre de la conf\u00e9rence organis\u00e9e par Capgemini sur l&#039;\u00e9conomie collaborative\" \/>\n<meta name=\"robots\" content=\"index, follow, max-snippet:-1, max-image-preview:large, max-video-preview:-1\" \/>\n<link rel=\"canonical\" href=\"https:\/\/visionarymarketing.com\/fr\/2016\/05\/17\/uberisation-economie\/\" \/>\n<meta property=\"og:locale\" content=\"fr_FR\" \/>\n<meta property=\"og:type\" content=\"article\" \/>\n<meta property=\"og:title\" content=\"Uberisation de l&#039;\u00e9conomie : les Fran\u00e7ais approuvent \u00e0 70%\" \/>\n<meta property=\"og:description\" content=\"\u00ab Uberisation or not uberisation \u00bb tel aurait pu \u00eatre le sous-titre de la conf\u00e9rence organis\u00e9e par Capgemini sur l&#039;\u00e9conomie collaborative\" \/>\n<meta property=\"og:url\" content=\"https:\/\/visionarymarketing.com\/fr\/2016\/05\/17\/uberisation-economie\/\" \/>\n<meta property=\"og:site_name\" content=\"Marketing and Innovation\" \/>\n<meta property=\"article:publisher\" content=\"https:\/\/www.facebook.com\/vismktg\" \/>\n<meta property=\"article:author\" content=\"http:\/\/facebook.com\/ygourven\" \/>\n<meta property=\"article:published_time\" content=\"2016-05-17T06:45:48+00:00\" \/>\n<meta property=\"article:modified_time\" content=\"2020-11-25T07:31:15+00:00\" \/>\n<meta property=\"og:image\" content=\"https:\/\/visionarymarketing.com\/wp-content\/uploads\/2020\/11\/8643936323-530e054df5-c.jpg\" \/>\n\t<meta property=\"og:image:width\" content=\"520\" \/>\n\t<meta property=\"og:image:height\" content=\"340\" \/>\n\t<meta property=\"og:image:type\" content=\"image\/jpeg\" \/>\n<meta name=\"author\" content=\"Yann Gourvennec\" \/>\n<meta name=\"twitter:card\" content=\"summary_large_image\" \/>\n<meta name=\"twitter:creator\" content=\"@ygourven\" \/>\n<meta name=\"twitter:site\" content=\"@ygourven\" \/>\n<meta name=\"twitter:label1\" content=\"\u00c9crit par\" \/>\n\t<meta name=\"twitter:data1\" content=\"Yann Gourvennec\" \/>\n\t<meta name=\"twitter:label2\" content=\"Dur\u00e9e de lecture estim\u00e9e\" \/>\n\t<meta name=\"twitter:data2\" content=\"9 minutes\" \/>\n<script type=\"application\/ld+json\" class=\"yoast-schema-graph\">{\"@context\":\"https:\\\/\\\/schema.org\",\"@graph\":[{\"@type\":\"NewsArticle\",\"@id\":\"https:\\\/\\\/visionarymarketing.com\\\/fr\\\/2016\\\/05\\\/17\\\/uberisation-economie\\\/#article\",\"isPartOf\":{\"@id\":\"https:\\\/\\\/visionarymarketing.com\\\/fr\\\/2016\\\/05\\\/17\\\/uberisation-economie\\\/\"},\"author\":{\"name\":\"Yann Gourvennec\",\"@id\":\"https:\\\/\\\/visionarymarketing.com\\\/fr\\\/#\\\/schema\\\/person\\\/3754fee1e558f47b8deb46f53c37423e\"},\"headline\":\"Uberisation de l&rsquo;\u00e9conomie : les Fran\u00e7ais approuvent \u00e0 70%\",\"datePublished\":\"2016-05-17T06:45:48+00:00\",\"dateModified\":\"2020-11-25T07:31:15+00:00\",\"mainEntityOfPage\":{\"@id\":\"https:\\\/\\\/visionarymarketing.com\\\/fr\\\/2016\\\/05\\\/17\\\/uberisation-economie\\\/\"},\"wordCount\":1938,\"commentCount\":4,\"image\":{\"@id\":\"https:\\\/\\\/visionarymarketing.com\\\/fr\\\/2016\\\/05\\\/17\\\/uberisation-economie\\\/#primaryimage\"},\"thumbnailUrl\":\"https:\\\/\\\/visionarymarketing.com\\\/wp-content\\\/uploads\\\/2020\\\/11\\\/8643936323-530e054df5-c.jpg\",\"articleSection\":[\"collaboration \\\/ t\u00e9l\u00e9travail\",\"\u00e9conomie et num\u00e9rique\"],\"inLanguage\":\"fr-FR\",\"potentialAction\":[{\"@type\":\"CommentAction\",\"name\":\"Comment\",\"target\":[\"https:\\\/\\\/visionarymarketing.com\\\/fr\\\/2016\\\/05\\\/17\\\/uberisation-economie\\\/#respond\"]}]},{\"@type\":\"WebPage\",\"@id\":\"https:\\\/\\\/visionarymarketing.com\\\/fr\\\/2016\\\/05\\\/17\\\/uberisation-economie\\\/\",\"url\":\"https:\\\/\\\/visionarymarketing.com\\\/fr\\\/2016\\\/05\\\/17\\\/uberisation-economie\\\/\",\"name\":\"Uberisation de l'\u00e9conomie : les Fran\u00e7ais approuvent \u00e0 70%\",\"isPartOf\":{\"@id\":\"https:\\\/\\\/visionarymarketing.com\\\/fr\\\/#website\"},\"primaryImageOfPage\":{\"@id\":\"https:\\\/\\\/visionarymarketing.com\\\/fr\\\/2016\\\/05\\\/17\\\/uberisation-economie\\\/#primaryimage\"},\"image\":{\"@id\":\"https:\\\/\\\/visionarymarketing.com\\\/fr\\\/2016\\\/05\\\/17\\\/uberisation-economie\\\/#primaryimage\"},\"thumbnailUrl\":\"https:\\\/\\\/visionarymarketing.com\\\/wp-content\\\/uploads\\\/2020\\\/11\\\/8643936323-530e054df5-c.jpg\",\"datePublished\":\"2016-05-17T06:45:48+00:00\",\"dateModified\":\"2020-11-25T07:31:15+00:00\",\"author\":{\"@id\":\"https:\\\/\\\/visionarymarketing.com\\\/fr\\\/#\\\/schema\\\/person\\\/3754fee1e558f47b8deb46f53c37423e\"},\"description\":\"\u00ab Uberisation or not uberisation \u00bb tel aurait pu \u00eatre le sous-titre de la conf\u00e9rence organis\u00e9e par Capgemini sur l'\u00e9conomie collaborative\",\"breadcrumb\":{\"@id\":\"https:\\\/\\\/visionarymarketing.com\\\/fr\\\/2016\\\/05\\\/17\\\/uberisation-economie\\\/#breadcrumb\"},\"inLanguage\":\"fr-FR\",\"potentialAction\":[{\"@type\":\"ReadAction\",\"target\":[\"https:\\\/\\\/visionarymarketing.com\\\/fr\\\/2016\\\/05\\\/17\\\/uberisation-economie\\\/\"]}]},{\"@type\":\"ImageObject\",\"inLanguage\":\"fr-FR\",\"@id\":\"https:\\\/\\\/visionarymarketing.com\\\/fr\\\/2016\\\/05\\\/17\\\/uberisation-economie\\\/#primaryimage\",\"url\":\"https:\\\/\\\/visionarymarketing.com\\\/wp-content\\\/uploads\\\/2020\\\/11\\\/8643936323-530e054df5-c.jpg\",\"contentUrl\":\"https:\\\/\\\/visionarymarketing.com\\\/wp-content\\\/uploads\\\/2020\\\/11\\\/8643936323-530e054df5-c.jpg\",\"width\":520,\"height\":340,\"caption\":\"PME budgets digitaux\"},{\"@type\":\"BreadcrumbList\",\"@id\":\"https:\\\/\\\/visionarymarketing.com\\\/fr\\\/2016\\\/05\\\/17\\\/uberisation-economie\\\/#breadcrumb\",\"itemListElement\":[{\"@type\":\"ListItem\",\"position\":1,\"name\":\"Home\",\"item\":\"https:\\\/\\\/visionarymarketing.com\\\/fr\\\/\"},{\"@type\":\"ListItem\",\"position\":2,\"name\":\"Uberisation de l&rsquo;\u00e9conomie : les Fran\u00e7ais approuvent \u00e0 70%\"}]},{\"@type\":\"WebSite\",\"@id\":\"https:\\\/\\\/visionarymarketing.com\\\/fr\\\/#website\",\"url\":\"https:\\\/\\\/visionarymarketing.com\\\/fr\\\/\",\"name\":\"Marketing and Innovation\",\"description\":\"Site d&#039;infos ind\u00e9pendant, depuis 1996\",\"potentialAction\":[{\"@type\":\"SearchAction\",\"target\":{\"@type\":\"EntryPoint\",\"urlTemplate\":\"https:\\\/\\\/visionarymarketing.com\\\/fr\\\/?s={search_term_string}\"},\"query-input\":{\"@type\":\"PropertyValueSpecification\",\"valueRequired\":true,\"valueName\":\"search_term_string\"}}],\"inLanguage\":\"fr-FR\"},{\"@type\":\"Person\",\"@id\":\"https:\\\/\\\/visionarymarketing.com\\\/fr\\\/#\\\/schema\\\/person\\\/3754fee1e558f47b8deb46f53c37423e\",\"name\":\"Yann Gourvennec\",\"image\":{\"@type\":\"ImageObject\",\"inLanguage\":\"fr-FR\",\"@id\":\"https:\\\/\\\/secure.gravatar.com\\\/avatar\\\/5972001801e8de5692a3e31224e85769f50a55fb8b679749f9c8d1868cceff14?s=96&d=initials&r=g&initials=yg\",\"url\":\"https:\\\/\\\/secure.gravatar.com\\\/avatar\\\/5972001801e8de5692a3e31224e85769f50a55fb8b679749f9c8d1868cceff14?s=96&d=initials&r=g&initials=yg\",\"contentUrl\":\"https:\\\/\\\/secure.gravatar.com\\\/avatar\\\/5972001801e8de5692a3e31224e85769f50a55fb8b679749f9c8d1868cceff14?s=96&d=initials&r=g&initials=yg\",\"caption\":\"Yann Gourvennec\"},\"description\":\"Yann Gourvennec created visionarymarketing.com in 1996. He is a speaker and author of many books. In 2014 he went from intrapreneur to entrepreneur, when he created his digital marketing agency. Yann Gourvennec a cr\u00e9\u00e9 visionarymarketing.com en 1996. Il est conf\u00e9rencier et auteur de plusieurs livres. En 2014, il est pass\u00e9 d'intrapreneur \u00e0 entrepreneur en cr\u00e9ant son agence de marketing num\u00e9rique.\",\"sameAs\":[\"https:\\\/\\\/visionarymarketing.com\",\"http:\\\/\\\/facebook.com\\\/ygourven\",\"http:\\\/\\\/linkedin.com\\\/in\\\/ygourven\",\"https:\\\/\\\/x.com\\\/ygourven\",\"https:\\\/\\\/www.youtube.com\\\/c\\\/visionarymarketingagency\"],\"url\":\"https:\\\/\\\/visionarymarketing.com\\\/fr\\\/author\\\/yann-gourvennec\\\/\"}]}<\/script>\n<!-- \/ Yoast SEO plugin. -->","yoast_head_json":{"title":"Uberisation de l'\u00e9conomie : les Fran\u00e7ais approuvent \u00e0 70%","description":"\u00ab Uberisation or not uberisation \u00bb tel aurait pu \u00eatre le sous-titre de la conf\u00e9rence organis\u00e9e par Capgemini sur l'\u00e9conomie collaborative","robots":{"index":"index","follow":"follow","max-snippet":"max-snippet:-1","max-image-preview":"max-image-preview:large","max-video-preview":"max-video-preview:-1"},"canonical":"https:\/\/visionarymarketing.com\/fr\/2016\/05\/17\/uberisation-economie\/","og_locale":"fr_FR","og_type":"article","og_title":"Uberisation de l'\u00e9conomie : les Fran\u00e7ais approuvent \u00e0 70%","og_description":"\u00ab Uberisation or not uberisation \u00bb tel aurait pu \u00eatre le sous-titre de la conf\u00e9rence organis\u00e9e par Capgemini sur l'\u00e9conomie collaborative","og_url":"https:\/\/visionarymarketing.com\/fr\/2016\/05\/17\/uberisation-economie\/","og_site_name":"Marketing and Innovation","article_publisher":"https:\/\/www.facebook.com\/vismktg","article_author":"http:\/\/facebook.com\/ygourven","article_published_time":"2016-05-17T06:45:48+00:00","article_modified_time":"2020-11-25T07:31:15+00:00","og_image":[{"width":520,"height":340,"url":"https:\/\/visionarymarketing.com\/wp-content\/uploads\/2020\/11\/8643936323-530e054df5-c.jpg","type":"image\/jpeg"}],"author":"Yann Gourvennec","twitter_card":"summary_large_image","twitter_creator":"@ygourven","twitter_site":"@ygourven","twitter_misc":{"\u00c9crit par":"Yann Gourvennec","Dur\u00e9e de lecture estim\u00e9e":"9 minutes"},"schema":{"@context":"https:\/\/schema.org","@graph":[{"@type":"NewsArticle","@id":"https:\/\/visionarymarketing.com\/fr\/2016\/05\/17\/uberisation-economie\/#article","isPartOf":{"@id":"https:\/\/visionarymarketing.com\/fr\/2016\/05\/17\/uberisation-economie\/"},"author":{"name":"Yann Gourvennec","@id":"https:\/\/visionarymarketing.com\/fr\/#\/schema\/person\/3754fee1e558f47b8deb46f53c37423e"},"headline":"Uberisation de l&rsquo;\u00e9conomie : les Fran\u00e7ais approuvent \u00e0 70%","datePublished":"2016-05-17T06:45:48+00:00","dateModified":"2020-11-25T07:31:15+00:00","mainEntityOfPage":{"@id":"https:\/\/visionarymarketing.com\/fr\/2016\/05\/17\/uberisation-economie\/"},"wordCount":1938,"commentCount":4,"image":{"@id":"https:\/\/visionarymarketing.com\/fr\/2016\/05\/17\/uberisation-economie\/#primaryimage"},"thumbnailUrl":"https:\/\/visionarymarketing.com\/wp-content\/uploads\/2020\/11\/8643936323-530e054df5-c.jpg","articleSection":["collaboration \/ t\u00e9l\u00e9travail","\u00e9conomie et num\u00e9rique"],"inLanguage":"fr-FR","potentialAction":[{"@type":"CommentAction","name":"Comment","target":["https:\/\/visionarymarketing.com\/fr\/2016\/05\/17\/uberisation-economie\/#respond"]}]},{"@type":"WebPage","@id":"https:\/\/visionarymarketing.com\/fr\/2016\/05\/17\/uberisation-economie\/","url":"https:\/\/visionarymarketing.com\/fr\/2016\/05\/17\/uberisation-economie\/","name":"Uberisation de l'\u00e9conomie : les Fran\u00e7ais approuvent \u00e0 70%","isPartOf":{"@id":"https:\/\/visionarymarketing.com\/fr\/#website"},"primaryImageOfPage":{"@id":"https:\/\/visionarymarketing.com\/fr\/2016\/05\/17\/uberisation-economie\/#primaryimage"},"image":{"@id":"https:\/\/visionarymarketing.com\/fr\/2016\/05\/17\/uberisation-economie\/#primaryimage"},"thumbnailUrl":"https:\/\/visionarymarketing.com\/wp-content\/uploads\/2020\/11\/8643936323-530e054df5-c.jpg","datePublished":"2016-05-17T06:45:48+00:00","dateModified":"2020-11-25T07:31:15+00:00","author":{"@id":"https:\/\/visionarymarketing.com\/fr\/#\/schema\/person\/3754fee1e558f47b8deb46f53c37423e"},"description":"\u00ab Uberisation or not uberisation \u00bb tel aurait pu \u00eatre le sous-titre de la conf\u00e9rence organis\u00e9e par Capgemini sur l'\u00e9conomie collaborative","breadcrumb":{"@id":"https:\/\/visionarymarketing.com\/fr\/2016\/05\/17\/uberisation-economie\/#breadcrumb"},"inLanguage":"fr-FR","potentialAction":[{"@type":"ReadAction","target":["https:\/\/visionarymarketing.com\/fr\/2016\/05\/17\/uberisation-economie\/"]}]},{"@type":"ImageObject","inLanguage":"fr-FR","@id":"https:\/\/visionarymarketing.com\/fr\/2016\/05\/17\/uberisation-economie\/#primaryimage","url":"https:\/\/visionarymarketing.com\/wp-content\/uploads\/2020\/11\/8643936323-530e054df5-c.jpg","contentUrl":"https:\/\/visionarymarketing.com\/wp-content\/uploads\/2020\/11\/8643936323-530e054df5-c.jpg","width":520,"height":340,"caption":"PME budgets digitaux"},{"@type":"BreadcrumbList","@id":"https:\/\/visionarymarketing.com\/fr\/2016\/05\/17\/uberisation-economie\/#breadcrumb","itemListElement":[{"@type":"ListItem","position":1,"name":"Home","item":"https:\/\/visionarymarketing.com\/fr\/"},{"@type":"ListItem","position":2,"name":"Uberisation de l&rsquo;\u00e9conomie : les Fran\u00e7ais approuvent \u00e0 70%"}]},{"@type":"WebSite","@id":"https:\/\/visionarymarketing.com\/fr\/#website","url":"https:\/\/visionarymarketing.com\/fr\/","name":"Marketing and Innovation","description":"Site d&#039;infos ind\u00e9pendant, depuis 1996","potentialAction":[{"@type":"SearchAction","target":{"@type":"EntryPoint","urlTemplate":"https:\/\/visionarymarketing.com\/fr\/?s={search_term_string}"},"query-input":{"@type":"PropertyValueSpecification","valueRequired":true,"valueName":"search_term_string"}}],"inLanguage":"fr-FR"},{"@type":"Person","@id":"https:\/\/visionarymarketing.com\/fr\/#\/schema\/person\/3754fee1e558f47b8deb46f53c37423e","name":"Yann Gourvennec","image":{"@type":"ImageObject","inLanguage":"fr-FR","@id":"https:\/\/secure.gravatar.com\/avatar\/5972001801e8de5692a3e31224e85769f50a55fb8b679749f9c8d1868cceff14?s=96&d=initials&r=g&initials=yg","url":"https:\/\/secure.gravatar.com\/avatar\/5972001801e8de5692a3e31224e85769f50a55fb8b679749f9c8d1868cceff14?s=96&d=initials&r=g&initials=yg","contentUrl":"https:\/\/secure.gravatar.com\/avatar\/5972001801e8de5692a3e31224e85769f50a55fb8b679749f9c8d1868cceff14?s=96&d=initials&r=g&initials=yg","caption":"Yann Gourvennec"},"description":"Yann Gourvennec created visionarymarketing.com in 1996. He is a speaker and author of many books. In 2014 he went from intrapreneur to entrepreneur, when he created his digital marketing agency. Yann Gourvennec a cr\u00e9\u00e9 visionarymarketing.com en 1996. Il est conf\u00e9rencier et auteur de plusieurs livres. En 2014, il est pass\u00e9 d'intrapreneur \u00e0 entrepreneur en cr\u00e9ant son agence de marketing num\u00e9rique.","sameAs":["https:\/\/visionarymarketing.com","http:\/\/facebook.com\/ygourven","http:\/\/linkedin.com\/in\/ygourven","https:\/\/x.com\/ygourven","https:\/\/www.youtube.com\/c\/visionarymarketingagency"],"url":"https:\/\/visionarymarketing.com\/fr\/author\/yann-gourvennec\/"}]}},"_links":{"self":[{"href":"https:\/\/visionarymarketing.com\/fr\/wp-json\/wp\/v2\/posts\/21107","targetHints":{"allow":["GET"]}}],"collection":[{"href":"https:\/\/visionarymarketing.com\/fr\/wp-json\/wp\/v2\/posts"}],"about":[{"href":"https:\/\/visionarymarketing.com\/fr\/wp-json\/wp\/v2\/types\/post"}],"author":[{"embeddable":true,"href":"https:\/\/visionarymarketing.com\/fr\/wp-json\/wp\/v2\/users\/2"}],"replies":[{"embeddable":true,"href":"https:\/\/visionarymarketing.com\/fr\/wp-json\/wp\/v2\/comments?post=21107"}],"version-history":[{"count":0,"href":"https:\/\/visionarymarketing.com\/fr\/wp-json\/wp\/v2\/posts\/21107\/revisions"}],"wp:featuredmedia":[{"embeddable":true,"href":"https:\/\/visionarymarketing.com\/fr\/wp-json\/wp\/v2\/media\/59632"}],"wp:attachment":[{"href":"https:\/\/visionarymarketing.com\/fr\/wp-json\/wp\/v2\/media?parent=21107"}],"wp:term":[{"taxonomy":"category","embeddable":true,"href":"https:\/\/visionarymarketing.com\/fr\/wp-json\/wp\/v2\/categories?post=21107"},{"taxonomy":"post_tag","embeddable":true,"href":"https:\/\/visionarymarketing.com\/fr\/wp-json\/wp\/v2\/tags?post=21107"}],"curies":[{"name":"wp","href":"https:\/\/api.w.org\/{rel}","templated":true}]}}