{"id":20842,"date":"2016-04-04T09:00:31","date_gmt":"2016-04-04T07:00:31","guid":{"rendered":"http:\/\/visionarymarketing.fr\/blog\/?p=20842"},"modified":"2023-11-15T10:46:35","modified_gmt":"2023-11-15T09:46:35","slug":"changer-de-vie-professionnelle","status":"publish","type":"post","link":"https:\/\/visionarymarketing.com\/fr\/2016\/04\/04\/changer-de-vie-professionnelle\/","title":{"rendered":"Changer de vie professionnelle : pourquoi pas vous ?"},"content":{"rendered":"<p><em><a href=\"http:\/\/www.editions-eyrolles.com\/Livre\/9782212561739\/changer-de-vie-professionnelle\" target=\"_blank\" rel=\"noopener noreferrer\"><img decoding=\"async\" class=\"alignnone\" style=\"float: right;\" title=\"vie professionnelle\" src=\"https:\/\/visionarymarketing.com\/wp-content\/uploads\/2016\/04\/Manuel-Diaz-transformation-digitaleNewImage.png\" alt=\"vie professionnelle\" width=\"157\" height=\"222\" border=\"0\" \/><\/a><a href=\"http:\/\/www.editions-eyrolles.com\/Livre\/9782212561739\/changer-de-vie-professionnelle\">Changer de vie <\/a>professionnelle, et de vie personnelle aussi comme on le verra plus tard, est un sujet dont je suis plus que largement autoris\u00e9 \u00e0 parler. Je l\u2019ai fait moi aussi. A un moment o\u00f9 beaucoup de coll\u00e8gues autour de moi songeaient au &#8211; ou partaient en &#8211; <a href=\"http:\/\/www.cfecgc-orange.org\/fin-de-carriere-retraite\/\">TPS<\/a> (alias \u00ab\u00a0Temps Partiel Senior\u00a0\u00bb) j\u2019ai \u00e9chapp\u00e9 \u00e0 cette petite mort <a href=\"https:\/\/visionarymarketing.com\/fr\/2015\/01\/entrepreneurs\/\">en cr\u00e9ant mon entreprise<\/a>.\u00a0<\/em><em>Oui, vous avez bien lu, je pouvais attendre peinard pendant \u00e0 peine 2 ou 3 ans et partir en retraite. J\u2019ai rejet\u00e9 tout cela et me suis lanc\u00e9 dans <a href=\"https:\/\/visionarymarketing.com\/fr\/2015\/01\/entrepreneurs\/\">l\u2019entrepreneuriat<\/a>, j\u2019ai repris mon sac \u00e0 dos et je suis parti sur les routes (les lignes de m\u00e9tro dans mon cas) pour rendre visite \u00e0 des clients et monter le r\u00eave de ma vie, apr\u00e8s plus de 20 ans d\u2019atermoiement.<\/em><\/p>\n<figure id=\"attachment_20846\" aria-describedby=\"caption-attachment-20846\" style=\"width: 1024px\" class=\"wp-caption aligncenter\"><img decoding=\"async\" class=\"wp-image-20846 size-large\" src=\"https:\/\/visionarymarketing.com\/wp-content\/uploads\/2016\/04\/Sans-titre-1-1024x421.jpg\" alt=\"Vie professionnelle\" width=\"1024\" height=\"421\" srcset=\"https:\/\/visionarymarketing.com\/wp-content\/uploads\/2016\/04\/Sans-titre-1-1024x421.jpg 1024w, https:\/\/visionarymarketing.com\/wp-content\/uploads\/2016\/04\/Sans-titre-1-500x206.jpg 500w, https:\/\/visionarymarketing.com\/wp-content\/uploads\/2016\/04\/Sans-titre-1-768x316.jpg 768w, https:\/\/visionarymarketing.com\/wp-content\/uploads\/2016\/04\/Sans-titre-1.jpg 1225w\" sizes=\"(max-width: 1024px) 100vw, 1024px\" \/><figcaption id=\"caption-attachment-20846\" class=\"wp-caption-text\">Parfois, l&rsquo;herbe est plus verte dans le pr\u00e9 d&rsquo;\u00e0 c\u00f4t\u00e9 et il n&rsquo;est jamais trop tard pour franchir la cl\u00f4ture&#8230;<\/figcaption><\/figure>\n<h2>Et si vous changiez de vie professionnelle ?<\/h2>\n<p><em>Ce\u00a0r\u00eave, beaucoup le font, \u00e9puis\u00e9s par la politique interne, ou motiv\u00e9s par le d\u00e9sir d\u2019autonomie et de cr\u00e9er ou m\u00eame les deux. Beaucoup le font\u00a0mais tous ne passent pas le pas car le chemin n\u2019est pas\u00a0aussi simple qu\u2019il para\u00eet. Pour ma part, c<\/em><em>e changement je le dois \u00e0 deux personnes en particulier : un confr\u00e8re de <a href=\"https:\/\/www.sita.aero\/\">SITA<\/a> (les t\u00e9l\u00e9coms pour le secteur a\u00e9rien, pas le SITA des poubelles &#8211; qui au passage auraient bien besoin de conseil sur la gestion des noms de domaines et des redirections http) et <span class=\"removed_link\" title=\"https:\/\/www.linkedin.com\/in\/mireillegarolla\">Mireille Garolla<\/span>. En fait c&rsquo;est ce coll\u00e8gue qui m&rsquo;a conseill\u00e9 d&rsquo;aller voir <span class=\"removed_link\" title=\"https:\/\/www.linkedin.com\/in\/mireillegarolla\">Mireille<\/span>. A un moment o\u00f9 tout le monde veut vous faire croire que parce que vous \u00eates vieux vous \u00eates foutu, j&rsquo;ai pris conscience au contraire du fait que c&rsquo;\u00e9tait la bonne p\u00e9riode pour lancer mon entreprise : \u00e0 50 ans pass\u00e9s, on est encore jeune, 30 ans au moins, de vie s&rsquo;offrent \u00e0 vous. Et les 30 ans d&rsquo;exp\u00e9rience accumul\u00e9es et la largeur du r\u00e9seau construit au cours de ces ann\u00e9es est un atout incroyable.<\/em><!--more--><\/p>\n<p><em><a href=\"https:\/\/visionarymarketing.com\/fr\/2015\/01\/entrepreneurs\/\">Il ne faut cependant pas surestimer ses forces, se croire\u00a0invincible<\/a>. Entreprendre (ou changer de vie ou devenir free-lance car tout le monde n&rsquo;a pas envie ni les capacit\u00e9s d&rsquo;\u00eatre entrepreneur) est un boulot \u00e0 plein temps. D&rsquo;abord il faut prendre conscience de ses forces (et de ses faiblesses), ne pas surestimer son r\u00e9seau (c&rsquo;est un atout mais un r\u00e9seau doit vivre car sinon il vieillira avec vous) et surtout travailler sans rel\u00e2che : pour cela partez de z\u00e9ro comme au premi\u00e8re jour et consid\u00e9rez que rien &#8211; absolument rien &#8211; n&rsquo;est acquis. Par un effet\u00a0miroir vous vous rendrez ainsi compte que si rien n\u2019est acquis, rien n\u2019est non plus jamais perdu, qu\u2019il faut garder la t\u00eate froide et croire en sa bonne\u00a0\u00e9toile.\u00a0Oui, changer de vie possible et ne vous m\u00e9prenez pas, changer de vie professionnelle est un changement de vie personnelle \u00e9galement. Mes deux premi\u00e8res ann\u00e9es se sont pass\u00e9es sans week-end mais c&rsquo;est un prix qu&rsquo;il fallait payer pour b\u00e2tir une entreprise et une client\u00e8le. Pour le reste je vous laisse voir avec Mireille.\u00a0<\/em><span class=\"removed_link\" title=\"https:\/\/www.linkedin.com\/in\/mireillegarolla\">Mireille Garolla<\/span> est la directrice du<a href=\"https:\/\/www.group3c.net\/\" target=\"_blank\" rel=\"noopener noreferrer\"> Groupe 3C<\/a>, cabinet de gestion du capital humain, et auteure du livre \u00ab\u00a0Changer de vie professionnelle<a href=\"http:\/\/www.editions-eyrolles.com\/Livre\/9782212561739\/changer-de-vie-professionnelle\" target=\"_blank\" rel=\"noopener noreferrer\"> : c&rsquo;est possible en milieu de carri\u00e8re<\/a>\u00ab\u00a0.<\/p>\n<h3>Changer de vie professionnelle, revient-il \u00e0 changer de vie tout court ?<\/h3>\n<p>Effectivement, il s&rsquo;agit de changer de vie professionnelle, mais il s&rsquo;agit \u00e9galement de se poser la question de<strong> savoir qui l&rsquo;on est et o\u00f9 l&rsquo;on souhaite aller<\/strong>. Cela aide \u00e0 acc\u00e9l\u00e9rer drastiquement sa transition professionnelle.<\/p>\n<h4>Y a t-il une recette pour changer de vie professionnelle ?<\/h4>\n<blockquote class=\"quote-light\"><p>Il n&rsquo;y a surtout pas de recette ! Il ne faut pas appliquer des principes pr\u00e9con\u00e7us que l&rsquo;on trouve un peu partout, notamment sur internet.<\/p>\n<h4>Dans ce panel de solutions, il y a les m\u00e9dias sociaux. Peuvent-ils nous aider \u00e0 changer de vie ?<\/h4>\n<p>Les m\u00e9dias sociaux sont une formidable opportunit\u00e9 pour nous aider \u00e0 changer de vie. Dans ce changement, <strong>on passe d&rsquo;un \u00e9cosyst\u00e8me que l&rsquo;on conna\u00eet \u00e0 un autre que l&rsquo;on ne conna\u00eet pas<\/strong>. Et pour cela, les m\u00e9dias sociaux ont un double r\u00f4le :<\/p>\n<ul>\n<li>\u00catre un observateur silencieux dans un milieu que l&rsquo;on ne conna\u00eet pas. Des communaut\u00e9s issues de ces \u00e9cosyst\u00e8mes actifs sur LinkedIn, Twitter ou Facebook nous donnent des cl\u00e9s et l&rsquo;on peut se rendre compte des r\u00e8gles de fonctionnement d&rsquo;un \u00e9cosyst\u00e8me, des personnes qui interviennent et de l&rsquo;int\u00e9r\u00eat que cela g\u00e9n\u00e8re pour soi-m\u00eame ;<\/li>\n<li>D\u00e9velopper son r\u00e9seau : avant 2007, on disait qu&rsquo;il \u00e9tait possible de contacter n&rsquo;importe qui dans le monde en 7 contacts. Les m\u00e9dias sociaux ont permis une diminution de ce nombre :<strong> on peut aujourd&rsquo;hui rencontrer la personne que l&rsquo;on souhaite en un ou deux contacts<\/strong>. C&rsquo;est une question de ciblage, mais aussi de capacit\u00e9 \u00e0 se pr\u00e9senter aux autres.<\/li>\n<\/ul>\n<p><center><iframe src=\"https:\/\/www.youtube.com\/embed\/_3dosMUOQHw\" width=\"640\" height=\"360\" frameborder=\"0\" allowfullscreen=\"allowfullscreen\"><\/iframe><\/center><\/p>\n<h2><\/h2>\n<\/blockquote>\n<p><!--more--><\/p>\n<h3>Une success story gr\u00e2ce aux m\u00e9dias sociaux<\/h3>\n<p>Pour clore cet interview, Mireille Garola nous raconte le changement de vie professionnelle d&rsquo;un client. Celui-ci \u00e9tait dans un \u00e9cosyst\u00e8me qu&rsquo;il connaissait et dans lequel il n&rsquo;avait pas envie de rester parce que sa soci\u00e9t\u00e9 ne lui proposait pas d&rsquo;opportunit\u00e9 de carri\u00e8re \u00e0 la hauteur de ses attentes. Il souhaitait ainsi se repositionner sur un domaine qu&rsquo;il ne connaissait pas encore et avait pour cela suivi une formation.<\/p>\n<p>\u00ab\u00a0Nous avons donc travaill\u00e9 sur sa \u00ab\u00a0signature professionnelle\u00a0\u00bb et la transf\u00e9rabilit\u00e9 de ses comp\u00e9tences. Au bout de 4 \u00e0 5 mois de travail, il a post\u00e9 son profil d\u00e9finitif sur LinkedIn un vendredi soir, et le lundi matin, il a \u00e9t\u00e9 appel\u00e9 par l&#8217;employeur pour lequel il travaille d\u00e9sormais.<\/p>\n<p>Ce client avait 50 ans, \u00e9tait parfaitement connu dans son \u00e9cosyst\u00e8me et a d\u00fb se forger une l\u00e9gitimit\u00e9 qu&rsquo;il a d\u00e9sormais avec son travail. Trouver un travail en soignant son profil LinkedIn avec des mots cl\u00e9s bien choisis est quelque chose de possible\u00a0\u00bb.<\/p>\n","protected":false},"excerpt":{"rendered":"<p>Changer de vie professionnelle, et de vie personnelle aussi comme on le verra plus tard, est un sujet dont je suis plus que largement autoris\u00e9 \u00e0 parler. Je l\u2019ai fait moi aussi. A un moment o\u00f9 beaucoup de coll\u00e8gues autour de moi songeaient au &#8211; ou partaient en &#8211; TPS (alias \u00ab\u00a0Temps Partiel Senior\u00a0\u00bb) j\u2019ai &hellip;<\/p>\n","protected":false},"author":2,"featured_media":20846,"comment_status":"open","ping_status":"open","sticky":false,"template":"","format":"standard","meta":{"footnotes":""},"categories":[248],"tags":[],"class_list":["post-20842","post","type-post","status-publish","format-standard","has-post-thumbnail","hentry","category-livres-marketing"],"yoast_head":"<!-- This site is optimized with the Yoast SEO plugin v27.4 - https:\/\/yoast.com\/product\/yoast-seo-wordpress\/ -->\n<title>Changer de vie professionnelle : pourquoi pas vous ?<\/title>\n<meta name=\"description\" content=\"Changer de vie professionnelle, je suis plus que largement autoris\u00e9 \u00e0 parler. Je l\u2019ai fait moi aussi, en cr\u00e9ant mon entreprise.\" \/>\n<meta name=\"robots\" content=\"index, follow, max-snippet:-1, max-image-preview:large, max-video-preview:-1\" \/>\n<link rel=\"canonical\" href=\"https:\/\/visionarymarketing.com\/fr\/2016\/04\/04\/changer-de-vie-professionnelle\/\" \/>\n<meta property=\"og:locale\" content=\"fr_FR\" \/>\n<meta property=\"og:type\" content=\"article\" \/>\n<meta property=\"og:title\" content=\"Changer de vie professionnelle : pourquoi pas vous ?\" \/>\n<meta property=\"og:description\" content=\"Changer de vie professionnelle, je suis plus que largement autoris\u00e9 \u00e0 parler. Je l\u2019ai fait moi aussi, en cr\u00e9ant mon entreprise.\" \/>\n<meta property=\"og:url\" content=\"https:\/\/visionarymarketing.com\/fr\/2016\/04\/04\/changer-de-vie-professionnelle\/\" \/>\n<meta property=\"og:site_name\" content=\"Marketing and Innovation\" \/>\n<meta property=\"article:publisher\" content=\"https:\/\/www.facebook.com\/vismktg\" \/>\n<meta property=\"article:author\" content=\"http:\/\/facebook.com\/ygourven\" \/>\n<meta property=\"article:published_time\" content=\"2016-04-04T07:00:31+00:00\" \/>\n<meta property=\"article:modified_time\" content=\"2023-11-15T09:46:35+00:00\" \/>\n<meta property=\"og:image\" content=\"https:\/\/visionarymarketing.com\/wp-content\/uploads\/2016\/04\/Sans-titre-1.jpg\" \/>\n\t<meta property=\"og:image:width\" content=\"1225\" \/>\n\t<meta property=\"og:image:height\" content=\"504\" \/>\n\t<meta property=\"og:image:type\" content=\"image\/jpeg\" \/>\n<meta name=\"author\" content=\"Yann Gourvennec\" \/>\n<meta name=\"twitter:card\" content=\"summary_large_image\" \/>\n<meta name=\"twitter:creator\" content=\"@ygourven\" \/>\n<meta name=\"twitter:site\" content=\"@ygourven\" \/>\n<meta name=\"twitter:label1\" content=\"\u00c9crit par\" \/>\n\t<meta name=\"twitter:data1\" content=\"Yann Gourvennec\" \/>\n\t<meta name=\"twitter:label2\" content=\"Dur\u00e9e de lecture estim\u00e9e\" \/>\n\t<meta name=\"twitter:data2\" content=\"4 minutes\" \/>\n<script type=\"application\/ld+json\" class=\"yoast-schema-graph\">{\"@context\":\"https:\\\/\\\/schema.org\",\"@graph\":[{\"@type\":\"NewsArticle\",\"@id\":\"https:\\\/\\\/visionarymarketing.com\\\/fr\\\/2016\\\/04\\\/04\\\/changer-de-vie-professionnelle\\\/#article\",\"isPartOf\":{\"@id\":\"https:\\\/\\\/visionarymarketing.com\\\/fr\\\/2016\\\/04\\\/04\\\/changer-de-vie-professionnelle\\\/\"},\"author\":{\"name\":\"Yann Gourvennec\",\"@id\":\"https:\\\/\\\/visionarymarketing.com\\\/fr\\\/#\\\/schema\\\/person\\\/3754fee1e558f47b8deb46f53c37423e\"},\"headline\":\"Changer de vie professionnelle : pourquoi pas vous ?\",\"datePublished\":\"2016-04-04T07:00:31+00:00\",\"dateModified\":\"2023-11-15T09:46:35+00:00\",\"mainEntityOfPage\":{\"@id\":\"https:\\\/\\\/visionarymarketing.com\\\/fr\\\/2016\\\/04\\\/04\\\/changer-de-vie-professionnelle\\\/\"},\"wordCount\":1080,\"commentCount\":3,\"image\":{\"@id\":\"https:\\\/\\\/visionarymarketing.com\\\/fr\\\/2016\\\/04\\\/04\\\/changer-de-vie-professionnelle\\\/#primaryimage\"},\"thumbnailUrl\":\"https:\\\/\\\/visionarymarketing.com\\\/wp-content\\\/uploads\\\/2016\\\/04\\\/Sans-titre-1.jpg\",\"articleSection\":[\"livres marketing\"],\"inLanguage\":\"fr-FR\",\"potentialAction\":[{\"@type\":\"CommentAction\",\"name\":\"Comment\",\"target\":[\"https:\\\/\\\/visionarymarketing.com\\\/fr\\\/2016\\\/04\\\/04\\\/changer-de-vie-professionnelle\\\/#respond\"]}]},{\"@type\":\"WebPage\",\"@id\":\"https:\\\/\\\/visionarymarketing.com\\\/fr\\\/2016\\\/04\\\/04\\\/changer-de-vie-professionnelle\\\/\",\"url\":\"https:\\\/\\\/visionarymarketing.com\\\/fr\\\/2016\\\/04\\\/04\\\/changer-de-vie-professionnelle\\\/\",\"name\":\"Changer de vie professionnelle : pourquoi pas vous ?\",\"isPartOf\":{\"@id\":\"https:\\\/\\\/visionarymarketing.com\\\/fr\\\/#website\"},\"primaryImageOfPage\":{\"@id\":\"https:\\\/\\\/visionarymarketing.com\\\/fr\\\/2016\\\/04\\\/04\\\/changer-de-vie-professionnelle\\\/#primaryimage\"},\"image\":{\"@id\":\"https:\\\/\\\/visionarymarketing.com\\\/fr\\\/2016\\\/04\\\/04\\\/changer-de-vie-professionnelle\\\/#primaryimage\"},\"thumbnailUrl\":\"https:\\\/\\\/visionarymarketing.com\\\/wp-content\\\/uploads\\\/2016\\\/04\\\/Sans-titre-1.jpg\",\"datePublished\":\"2016-04-04T07:00:31+00:00\",\"dateModified\":\"2023-11-15T09:46:35+00:00\",\"author\":{\"@id\":\"https:\\\/\\\/visionarymarketing.com\\\/fr\\\/#\\\/schema\\\/person\\\/3754fee1e558f47b8deb46f53c37423e\"},\"description\":\"Changer de vie professionnelle, je suis plus que largement autoris\u00e9 \u00e0 parler. Je l\u2019ai fait moi aussi, en cr\u00e9ant mon entreprise.\",\"breadcrumb\":{\"@id\":\"https:\\\/\\\/visionarymarketing.com\\\/fr\\\/2016\\\/04\\\/04\\\/changer-de-vie-professionnelle\\\/#breadcrumb\"},\"inLanguage\":\"fr-FR\",\"potentialAction\":[{\"@type\":\"ReadAction\",\"target\":[\"https:\\\/\\\/visionarymarketing.com\\\/fr\\\/2016\\\/04\\\/04\\\/changer-de-vie-professionnelle\\\/\"]}]},{\"@type\":\"ImageObject\",\"inLanguage\":\"fr-FR\",\"@id\":\"https:\\\/\\\/visionarymarketing.com\\\/fr\\\/2016\\\/04\\\/04\\\/changer-de-vie-professionnelle\\\/#primaryimage\",\"url\":\"https:\\\/\\\/visionarymarketing.com\\\/wp-content\\\/uploads\\\/2016\\\/04\\\/Sans-titre-1.jpg\",\"contentUrl\":\"https:\\\/\\\/visionarymarketing.com\\\/wp-content\\\/uploads\\\/2016\\\/04\\\/Sans-titre-1.jpg\",\"width\":1225,\"height\":504,\"caption\":\"Parfois, l'herbe est plus verte dans le pr\u00e9 d'\u00e0 c\u00f4t\u00e9 et il n'est jamais trop tard pour franchir la cl\u00f4ture...\"},{\"@type\":\"BreadcrumbList\",\"@id\":\"https:\\\/\\\/visionarymarketing.com\\\/fr\\\/2016\\\/04\\\/04\\\/changer-de-vie-professionnelle\\\/#breadcrumb\",\"itemListElement\":[{\"@type\":\"ListItem\",\"position\":1,\"name\":\"Home\",\"item\":\"https:\\\/\\\/visionarymarketing.com\\\/fr\\\/\"},{\"@type\":\"ListItem\",\"position\":2,\"name\":\"Changer de vie professionnelle : pourquoi pas vous ?\"}]},{\"@type\":\"WebSite\",\"@id\":\"https:\\\/\\\/visionarymarketing.com\\\/fr\\\/#website\",\"url\":\"https:\\\/\\\/visionarymarketing.com\\\/fr\\\/\",\"name\":\"Marketing and Innovation\",\"description\":\"Site d&#039;infos ind\u00e9pendant, depuis 1996\",\"potentialAction\":[{\"@type\":\"SearchAction\",\"target\":{\"@type\":\"EntryPoint\",\"urlTemplate\":\"https:\\\/\\\/visionarymarketing.com\\\/fr\\\/?s={search_term_string}\"},\"query-input\":{\"@type\":\"PropertyValueSpecification\",\"valueRequired\":true,\"valueName\":\"search_term_string\"}}],\"inLanguage\":\"fr-FR\"},{\"@type\":\"Person\",\"@id\":\"https:\\\/\\\/visionarymarketing.com\\\/fr\\\/#\\\/schema\\\/person\\\/3754fee1e558f47b8deb46f53c37423e\",\"name\":\"Yann Gourvennec\",\"image\":{\"@type\":\"ImageObject\",\"inLanguage\":\"fr-FR\",\"@id\":\"https:\\\/\\\/secure.gravatar.com\\\/avatar\\\/5972001801e8de5692a3e31224e85769f50a55fb8b679749f9c8d1868cceff14?s=96&d=initials&r=g&initials=yg\",\"url\":\"https:\\\/\\\/secure.gravatar.com\\\/avatar\\\/5972001801e8de5692a3e31224e85769f50a55fb8b679749f9c8d1868cceff14?s=96&d=initials&r=g&initials=yg\",\"contentUrl\":\"https:\\\/\\\/secure.gravatar.com\\\/avatar\\\/5972001801e8de5692a3e31224e85769f50a55fb8b679749f9c8d1868cceff14?s=96&d=initials&r=g&initials=yg\",\"caption\":\"Yann Gourvennec\"},\"description\":\"Yann Gourvennec created visionarymarketing.com in 1996. He is a speaker and author of many books. In 2014 he went from intrapreneur to entrepreneur, when he created his digital marketing agency. Yann Gourvennec a cr\u00e9\u00e9 visionarymarketing.com en 1996. Il est conf\u00e9rencier et auteur de plusieurs livres. En 2014, il est pass\u00e9 d'intrapreneur \u00e0 entrepreneur en cr\u00e9ant son agence de marketing num\u00e9rique.\",\"sameAs\":[\"https:\\\/\\\/visionarymarketing.com\",\"http:\\\/\\\/facebook.com\\\/ygourven\",\"http:\\\/\\\/linkedin.com\\\/in\\\/ygourven\",\"https:\\\/\\\/x.com\\\/ygourven\",\"https:\\\/\\\/www.youtube.com\\\/c\\\/visionarymarketingagency\"],\"url\":\"https:\\\/\\\/visionarymarketing.com\\\/fr\\\/author\\\/yann-gourvennec\\\/\"}]}<\/script>\n<!-- \/ Yoast SEO plugin. -->","yoast_head_json":{"title":"Changer de vie professionnelle : pourquoi pas vous ?","description":"Changer de vie professionnelle, je suis plus que largement autoris\u00e9 \u00e0 parler. Je l\u2019ai fait moi aussi, en cr\u00e9ant mon entreprise.","robots":{"index":"index","follow":"follow","max-snippet":"max-snippet:-1","max-image-preview":"max-image-preview:large","max-video-preview":"max-video-preview:-1"},"canonical":"https:\/\/visionarymarketing.com\/fr\/2016\/04\/04\/changer-de-vie-professionnelle\/","og_locale":"fr_FR","og_type":"article","og_title":"Changer de vie professionnelle : pourquoi pas vous ?","og_description":"Changer de vie professionnelle, je suis plus que largement autoris\u00e9 \u00e0 parler. Je l\u2019ai fait moi aussi, en cr\u00e9ant mon entreprise.","og_url":"https:\/\/visionarymarketing.com\/fr\/2016\/04\/04\/changer-de-vie-professionnelle\/","og_site_name":"Marketing and Innovation","article_publisher":"https:\/\/www.facebook.com\/vismktg","article_author":"http:\/\/facebook.com\/ygourven","article_published_time":"2016-04-04T07:00:31+00:00","article_modified_time":"2023-11-15T09:46:35+00:00","og_image":[{"width":1225,"height":504,"url":"https:\/\/visionarymarketing.com\/wp-content\/uploads\/2016\/04\/Sans-titre-1.jpg","type":"image\/jpeg"}],"author":"Yann Gourvennec","twitter_card":"summary_large_image","twitter_creator":"@ygourven","twitter_site":"@ygourven","twitter_misc":{"\u00c9crit par":"Yann Gourvennec","Dur\u00e9e de lecture estim\u00e9e":"4 minutes"},"schema":{"@context":"https:\/\/schema.org","@graph":[{"@type":"NewsArticle","@id":"https:\/\/visionarymarketing.com\/fr\/2016\/04\/04\/changer-de-vie-professionnelle\/#article","isPartOf":{"@id":"https:\/\/visionarymarketing.com\/fr\/2016\/04\/04\/changer-de-vie-professionnelle\/"},"author":{"name":"Yann Gourvennec","@id":"https:\/\/visionarymarketing.com\/fr\/#\/schema\/person\/3754fee1e558f47b8deb46f53c37423e"},"headline":"Changer de vie professionnelle : pourquoi pas vous ?","datePublished":"2016-04-04T07:00:31+00:00","dateModified":"2023-11-15T09:46:35+00:00","mainEntityOfPage":{"@id":"https:\/\/visionarymarketing.com\/fr\/2016\/04\/04\/changer-de-vie-professionnelle\/"},"wordCount":1080,"commentCount":3,"image":{"@id":"https:\/\/visionarymarketing.com\/fr\/2016\/04\/04\/changer-de-vie-professionnelle\/#primaryimage"},"thumbnailUrl":"https:\/\/visionarymarketing.com\/wp-content\/uploads\/2016\/04\/Sans-titre-1.jpg","articleSection":["livres marketing"],"inLanguage":"fr-FR","potentialAction":[{"@type":"CommentAction","name":"Comment","target":["https:\/\/visionarymarketing.com\/fr\/2016\/04\/04\/changer-de-vie-professionnelle\/#respond"]}]},{"@type":"WebPage","@id":"https:\/\/visionarymarketing.com\/fr\/2016\/04\/04\/changer-de-vie-professionnelle\/","url":"https:\/\/visionarymarketing.com\/fr\/2016\/04\/04\/changer-de-vie-professionnelle\/","name":"Changer de vie professionnelle : pourquoi pas vous ?","isPartOf":{"@id":"https:\/\/visionarymarketing.com\/fr\/#website"},"primaryImageOfPage":{"@id":"https:\/\/visionarymarketing.com\/fr\/2016\/04\/04\/changer-de-vie-professionnelle\/#primaryimage"},"image":{"@id":"https:\/\/visionarymarketing.com\/fr\/2016\/04\/04\/changer-de-vie-professionnelle\/#primaryimage"},"thumbnailUrl":"https:\/\/visionarymarketing.com\/wp-content\/uploads\/2016\/04\/Sans-titre-1.jpg","datePublished":"2016-04-04T07:00:31+00:00","dateModified":"2023-11-15T09:46:35+00:00","author":{"@id":"https:\/\/visionarymarketing.com\/fr\/#\/schema\/person\/3754fee1e558f47b8deb46f53c37423e"},"description":"Changer de vie professionnelle, je suis plus que largement autoris\u00e9 \u00e0 parler. Je l\u2019ai fait moi aussi, en cr\u00e9ant mon entreprise.","breadcrumb":{"@id":"https:\/\/visionarymarketing.com\/fr\/2016\/04\/04\/changer-de-vie-professionnelle\/#breadcrumb"},"inLanguage":"fr-FR","potentialAction":[{"@type":"ReadAction","target":["https:\/\/visionarymarketing.com\/fr\/2016\/04\/04\/changer-de-vie-professionnelle\/"]}]},{"@type":"ImageObject","inLanguage":"fr-FR","@id":"https:\/\/visionarymarketing.com\/fr\/2016\/04\/04\/changer-de-vie-professionnelle\/#primaryimage","url":"https:\/\/visionarymarketing.com\/wp-content\/uploads\/2016\/04\/Sans-titre-1.jpg","contentUrl":"https:\/\/visionarymarketing.com\/wp-content\/uploads\/2016\/04\/Sans-titre-1.jpg","width":1225,"height":504,"caption":"Parfois, l'herbe est plus verte dans le pr\u00e9 d'\u00e0 c\u00f4t\u00e9 et il n'est jamais trop tard pour franchir la cl\u00f4ture..."},{"@type":"BreadcrumbList","@id":"https:\/\/visionarymarketing.com\/fr\/2016\/04\/04\/changer-de-vie-professionnelle\/#breadcrumb","itemListElement":[{"@type":"ListItem","position":1,"name":"Home","item":"https:\/\/visionarymarketing.com\/fr\/"},{"@type":"ListItem","position":2,"name":"Changer de vie professionnelle : pourquoi pas vous ?"}]},{"@type":"WebSite","@id":"https:\/\/visionarymarketing.com\/fr\/#website","url":"https:\/\/visionarymarketing.com\/fr\/","name":"Marketing and Innovation","description":"Site d&#039;infos ind\u00e9pendant, depuis 1996","potentialAction":[{"@type":"SearchAction","target":{"@type":"EntryPoint","urlTemplate":"https:\/\/visionarymarketing.com\/fr\/?s={search_term_string}"},"query-input":{"@type":"PropertyValueSpecification","valueRequired":true,"valueName":"search_term_string"}}],"inLanguage":"fr-FR"},{"@type":"Person","@id":"https:\/\/visionarymarketing.com\/fr\/#\/schema\/person\/3754fee1e558f47b8deb46f53c37423e","name":"Yann Gourvennec","image":{"@type":"ImageObject","inLanguage":"fr-FR","@id":"https:\/\/secure.gravatar.com\/avatar\/5972001801e8de5692a3e31224e85769f50a55fb8b679749f9c8d1868cceff14?s=96&d=initials&r=g&initials=yg","url":"https:\/\/secure.gravatar.com\/avatar\/5972001801e8de5692a3e31224e85769f50a55fb8b679749f9c8d1868cceff14?s=96&d=initials&r=g&initials=yg","contentUrl":"https:\/\/secure.gravatar.com\/avatar\/5972001801e8de5692a3e31224e85769f50a55fb8b679749f9c8d1868cceff14?s=96&d=initials&r=g&initials=yg","caption":"Yann Gourvennec"},"description":"Yann Gourvennec created visionarymarketing.com in 1996. He is a speaker and author of many books. In 2014 he went from intrapreneur to entrepreneur, when he created his digital marketing agency. Yann Gourvennec a cr\u00e9\u00e9 visionarymarketing.com en 1996. Il est conf\u00e9rencier et auteur de plusieurs livres. En 2014, il est pass\u00e9 d'intrapreneur \u00e0 entrepreneur en cr\u00e9ant son agence de marketing num\u00e9rique.","sameAs":["https:\/\/visionarymarketing.com","http:\/\/facebook.com\/ygourven","http:\/\/linkedin.com\/in\/ygourven","https:\/\/x.com\/ygourven","https:\/\/www.youtube.com\/c\/visionarymarketingagency"],"url":"https:\/\/visionarymarketing.com\/fr\/author\/yann-gourvennec\/"}]}},"_links":{"self":[{"href":"https:\/\/visionarymarketing.com\/fr\/wp-json\/wp\/v2\/posts\/20842","targetHints":{"allow":["GET"]}}],"collection":[{"href":"https:\/\/visionarymarketing.com\/fr\/wp-json\/wp\/v2\/posts"}],"about":[{"href":"https:\/\/visionarymarketing.com\/fr\/wp-json\/wp\/v2\/types\/post"}],"author":[{"embeddable":true,"href":"https:\/\/visionarymarketing.com\/fr\/wp-json\/wp\/v2\/users\/2"}],"replies":[{"embeddable":true,"href":"https:\/\/visionarymarketing.com\/fr\/wp-json\/wp\/v2\/comments?post=20842"}],"version-history":[{"count":0,"href":"https:\/\/visionarymarketing.com\/fr\/wp-json\/wp\/v2\/posts\/20842\/revisions"}],"wp:featuredmedia":[{"embeddable":true,"href":"https:\/\/visionarymarketing.com\/fr\/wp-json\/wp\/v2\/media\/20846"}],"wp:attachment":[{"href":"https:\/\/visionarymarketing.com\/fr\/wp-json\/wp\/v2\/media?parent=20842"}],"wp:term":[{"taxonomy":"category","embeddable":true,"href":"https:\/\/visionarymarketing.com\/fr\/wp-json\/wp\/v2\/categories?post=20842"},{"taxonomy":"post_tag","embeddable":true,"href":"https:\/\/visionarymarketing.com\/fr\/wp-json\/wp\/v2\/tags?post=20842"}],"curies":[{"name":"wp","href":"https:\/\/api.w.org\/{rel}","templated":true}]}}