{"id":20795,"date":"2016-03-29T09:00:35","date_gmt":"2016-03-29T07:00:35","guid":{"rendered":"http:\/\/visionarymarketing.fr\/blog?p=20795&#038;preview_id=20795"},"modified":"2022-06-20T10:21:22","modified_gmt":"2022-06-20T08:21:22","slug":"facebook-plateforme-ecommerce1to1","status":"publish","type":"post","link":"https:\/\/visionarymarketing.com\/fr\/2016\/03\/29\/facebook-plateforme-ecommerce1to1\/","title":{"rendered":"Facebook n&rsquo;est plus un r\u00e9seau social c&rsquo;est une plateforme"},"content":{"rendered":"<h2>Fort de son milliard et demi d\u2019utilisateurs, Facebook se lance dans le Web to Store<\/h2>\n<p><a href=\"http:\/\/www.ecommerce1to1.com\/\"><img decoding=\"async\" style=\"float: right;\" title=\"ecommerce1to1-facebook.png\" src=\"https:\/\/visionarymarketing.com\/wp-content\/uploads\/2016\/03\/ecommerce1to1-facebook.png\" alt=\"NewImage\" width=\"364\" height=\"105\" border=\"0\" \/><\/a><\/p>\n<div>Fra\u00eechement d\u00e9barqu\u00e9 de l&rsquo;a\u00e9roport je suis arriv\u00e9 \u00e0 Monaco vendredi dernier\u00a0<a>\u00e0 11:00<\/a> pr\u00e9cises, <a href=\"http:\/\/www.comexposium.com\/\" target=\"_blank\" rel=\"noopener noreferrer\">\u00e0 l&rsquo;invitation des organisateurs<\/a>,\u00a0<span class=\"removed_link\" title=\"http:\/\/www.ecommerce1to1.com\/Programme\/Ateliers-Experts\">pour assister \u00e0 la conf\u00e9rence sur le marketing \u00e0 la performance sur <\/span>Facebook<span class=\"removed_link\" title=\"http:\/\/www.ecommerce1to1.com\/Programme\/Ateliers-Experts\"> qui s&rsquo;est tenue le dernier jour de la conf\u00e9rence ecommerce 1 to 1<\/span>. Le titre exact de cet atelier \u00e9tait \u00b4Facebook : du multi-device \u00e0 l&rsquo;omnicanal, comprendre et mettre en place le \u00ab\u00a0people-based marketing\u00a0\u00bb &lsquo;. Mais le titre relevait de l&rsquo;euph\u00e9misme, car\u00a0cette\u00a0conf\u00e9rence\u00a0\u00e9tait cruciale\u00a0et signalait, me semble-t-il, un <strong>passage en force de Facebook dans le B2B et dans le Web to Store<\/strong>. Nul doute qu\u2019avec une base d\u2019utilisateurs aussi \u00e9norme, un big data comportemental \u00e0 la pointe et un savoir faire sur la personnalisation, Facebook est en train d\u2019innover de fa\u00e7on majeure dans ce domaine. Retour sur une conf\u00e9rence qu\u2019il ne fallait pas rater.<\/div>\n<div><\/div>\n<div><img decoding=\"async\" style=\"display: block; margin-left: auto; margin-right: auto;\" title=\"Facebook.jpg\" src=\"https:\/\/visionarymarketing.com\/wp-content\/uploads\/2016\/03\/Facebook.jpg\" alt=\"Facebook\" width=\"598\" height=\"449\" border=\"0\" \/><\/div>\n<div><\/div>\n<p style=\"font-family: 'Helvetica Neue'; font-size: 14px; text-align: center;\"><em style=\"font-family: 'Helvetica Neue'; font-size: 14px;\">Alexandre Vatus de Facebook nous a pr\u00e9sent\u00e9 la vision de Facebook pour le futur de la data et de la personnalisation<\/em><span style=\"font-family: 'Helvetica Neue';\"><span style=\"font-size: 14px;\"><em>\u00a0<\/em><\/span><\/span><\/p>\n<p>\u00ab\u00a0Chez Facebook, tout part du partage, et tout y restera\u00a0\u00bb ont pr\u00e9venu les pr\u00e9sentateurs, Alexandre Vatus et Brice Chalopet. Une logique virale qui est \u00e0 la base du succ\u00e8s du c\u00e9l\u00e8bre r\u00e9seau social. Mais le savoir faire de Facebook ne s\u2019arr\u00eate bien entendu pas l\u00e0. <a href=\"http:\/\/www.statista.com\/statistics\/273563\/number-of-facebook-employees\/\">Les 12 000 employ\u00e9s<\/a> de Marc Zuckerberg se pensent encore comme une \u00ab\u00a0petite entreprise\u00a0\u00bb selon les mots m\u00eames de son fondateur. Leur savoir-faire est n\u00e9anmoins immense en mati\u00e8re de ciblage comportemental, et cela va au-del\u00e0 de la simple promotion de billets et englobe la ma\u00eetrise des ad servers au point d\u2019en avoir <span class=\"removed_link\" title=\"http:\/\/atlassolutions.com\/product-tour\/ad-server\/\">fait un produit maison \u00ab\u00a0Atlas\u00a0\u00bb<\/span>, sur la base <a href=\"https:\/\/en.wikipedia.org\/wiki\/Atlas_Solutions\">d\u2019un produit Microsoft qu\u2019ils ont acquis en 2013 \u00a0puis modifi\u00e9<\/a>.<\/p>\n<div style=\"font-family: 'Helvetica Neue'; font-size: 14px;\"><\/div>\n<div style=\"font-family: 'Helvetica Neue'; font-size: 14px;\"><img decoding=\"async\" style=\"display: block; margin-left: auto; margin-right: auto;\" title=\"Facebook Atlas.jpg\" src=\"https:\/\/visionarymarketing.com\/wp-content\/uploads\/2016\/03\/Facebook-Atlas.jpg\" alt=\"Facebook Atlas\" width=\"600\" height=\"450\" border=\"0\" \/><\/div>\n<div style=\"font-family: 'Helvetica Neue'; font-size: 14px;\"><\/div>\n<div style=\"font-family: 'Helvetica Neue'; font-size: 14px; text-align: center;\"><em>Francois Xavier Pierrel responsable de la plateforme Atlas de Fcebook<br \/>\n<\/em><\/div>\n<div style=\"font-family: 'Helvetica Neue'; font-size: 14px;\"><\/div>\n<div>Facebook est-il en train de devenir un nouveau Google ? J\u2019en ai bien l\u2019impression. De g\u00e9ant du partage, ils sont devenus g\u00e9ants du mobile puis g\u00e9ants de la publicit\u00e9 et maintenant des Big Data et du Web to Store avec un ad server qui permet de faire le lien entre tous les devices, tous les points d\u2019acc\u00e8s. Et justement, ils sont aussi des g\u00e9ants du mobile et n\u2019h\u00e9sitent pas \u00e0 pr\u00e9ciser que \u00ab\u00a0les utilisateurs ne cherchent pas sur le mobile ils recherchent une exp\u00e9rience\u00a0\u00bb. Voil\u00e0 pour la petite pique.<\/div>\n<h3>Il faut cesser de regarder Facebook comme un r\u00e9seau social, c\u2019est une plateforme<\/h3>\n<p><img decoding=\"async\" style=\"float: left;\" title=\"Facebook.png\" src=\"https:\/\/visionarymarketing.com\/wp-content\/uploads\/2016\/03\/Facebook-1.png\" alt=\"Facebook\" width=\"250\" height=\"233\" border=\"0\" \/><\/p>\n<p>Au-del\u00e0 du partage, Facebook est tr\u00e8s pr\u00e9sent et dans tous les domaines : <a href=\"http:\/\/internet.org\">Internet.org<\/a>, dont l&rsquo;objet est de donner acc\u00e8s \u00e0 internet aux 2\/3 de la population mondiale qui n\u2019y a pas encore acc\u00e8s se pr\u00e9sente comme un futur g\u00e9ant des t\u00e9l\u00e9coms. Encore une corde \u00e0 leur arc. Il serait d\u00e9j\u00e0 disponible dans 29 pays. L\u2019h\u00e9g\u00e9monie de Facebook se construit peu \u00e0 peu autour d\u2019une plateforme universelle qui se compl\u00e8te par deux outils de messagerie, un outil de partage d\u2019images et bien d\u2019autres encore. Il faut donc arr\u00eater de regarder Facebook comme un r\u00e9seau social c\u2019est une plateforme \u00e0 part enti\u00e8re, un <a href=\"https:\/\/fr.wikipedia.org\/wiki\/Dorsale_Internet\" target=\"_blank\" rel=\"noopener noreferrer\">backbone<\/a> sur lequel un nouvel acteur g\u00e9n\u00e9raliste du Web s\u2019est construit. En 12 ans \u00e0 peine.<!--more--><\/p>\n<div><a href=\"https:\/\/www.facebook.com\/notes\/mark-zuckerberg\/a-letter-to-our-daughter\/10153375081581634\/\">Les valeurs de Facebook<\/a> \u00ab\u00a0move fast\u00a0\u00bb, \u00ab\u00a0think wrong\u00a0\u00bb sont aussi de redoutables moyens de faire bouger une grosse organisation \u00e0 marche forc\u00e9e vers ce qui est devenu \u00ab\u00a0la plus grosse plateforme mobile au monde\u00a0\u00bb : 1.59 milliards d&rsquo;utilisateurs (mais ce chiffre officiel est d\u00e9j\u00e0 d\u00e9pass\u00e9 nous dit-on) auquel il faut ajouter WhatsApp avec d\u00e9j\u00e0 1 milliard d\u2019utilisateurs, Groups avec son 1 milliard (celui est peut-\u00eatre en double), Messenger avec ses 800 millions (encore un d\u00e9compte en double) et enfin Instagram, rachet\u00e9 \u00e0 prix d\u2019or, la petite vedette qui monte, avec ses 400 millions d&rsquo;utilisateurs. Facebook n&rsquo;est plus le r\u00e9seau social que nous connaissions, c&rsquo;est devenu une plateforme. Il est donc inutile de m\u2019appeler pour demander s\u2019ils vont \u00eatre remplac\u00e9s par Ello ou Woo Woo, cela n\u2019arrivera pas. Si les utilisateurs se lassent de Facebook &#8211; nous l\u2019avons d\u00e9montr\u00e9 dans une pr\u00e9sentation r\u00e9cente &#8211; et que les jeunes s\u2019en d\u00e9tournent, la croissance actuelle compense les pertes. Et la rel\u00e8ve est pr\u00eate avec cet \u00e9cosyst\u00e8me complet. On est certes un peu loin du monde des bisounours du Web 2.0, bienvenue dans le Web marketing \u00e0 la performance.<\/div>\n<h3>31 millions de connect\u00e9s en France tous les mois, et moi et moi et moi<\/h3>\n<div>Car la force de Facebook, c\u2019est bien cette base de 31 millions de connect\u00e9s tous les mois (en France uniquement) dont 25 millions via le mobile. Cela fait bien 81% des utilisateurs. Google n\u2019a pas cette force sur le mobile car les publicit\u00e9s en search ne marchent pas sur cet petites formats. Dans Facebook, oui, car l\u2019approche est orient\u00e9e contenu et publicit\u00e9 \u00ab\u00a0native\u00a0\u00bb. Facebook accompagne les utilisateurs dans la r\u00e9volution mobile mais pas seulement. Ils accompagnent les entreprises \u00e9galement, et notamment les entreprises du secteur de la distribution. C\u2019\u00e9tait le sujet de la conf\u00e9rence.<\/div>\n<h3>Le mobile formate les habitudes d&rsquo;usage<\/h3>\n<p>Souvent on raisonne en disant que le e-commerce c&rsquo;est 10% des ventes totales. Mais <a href=\"http:\/\/www.itespresso.fr\/avec-son-etude-ebayomnichannel-deloitte-chiffre-limpact-de-lomnicanal-sur-le-canal-physique-72845.html\" target=\"_blank\" rel=\"noopener noreferrer\">Deloitte s&rsquo;est pos\u00e9 la question de l&rsquo;impact du digital sur les ventes et l&rsquo;omnicanal<\/a> repr\u00e9sentait selon leurs calculs d\u00e9j\u00e0 14% en 2012, 36% en 2013, 49% en 2014 et 64% en 2015. Dans cet univers il faut donc segmenter la client\u00e8le et ne plus faire comme avant. C\u2019est ce que propose Facebook avec une flop\u00e9e de solutions. Et l\u00e0 o\u00f9 la plateforme est puissante, c\u2019est qu\u2019elle permet de pousser les prospects qui ne sont pas mes clients mais des profils similaires \u00e0 ceux que j&rsquo;ai d\u00e9j\u00e0 en base.<\/p>\n<p>Une autre r\u00e9volution c&rsquo;est l&rsquo;explosion de la vid\u00e9o (100 millions d&rsquo;heures de vid\u00e9o consomm\u00e9es sur Facebook chaque jour). Mais le futur est d\u00e9j\u00e0 l\u00e0 avec la r\u00e9alit\u00e9 virtuelle (<a href=\"http:\/\/www.leparisien.fr\/high-tech\/realite-augmentee-facebook-rachete-oculus-pour-2-milliards-de-dollars-26-03-2014-3710615.php\" target=\"_blank\" rel=\"noopener noreferrer\">apr\u00e8s le rachat d&rsquo;oculus qui est d\u00e9j\u00e0 disponible en magasin<\/a>). \u00ab\u00a0Demain c&rsquo;est d\u00e9j\u00e0 aujourd\u2019hui\u00a0\u00bb nous garantissent les repr\u00e9sentants de Facebook \u00ab\u00a0et tous les formats publicitaires s&rsquo;inscrivent dans cette logique d\u2019immersion\u00a0\u00bb.<\/p>\n<p>Autre offre propos\u00e9e : Canvas lanc\u00e9e avec Menlook. Il s\u2019agit d\u2019une exp\u00e9rience tr\u00e8s riche soit dans le branding ou m\u00eame dans le transactionnel. Il n\u2019y a pas encore d&rsquo;\u00e9tude de cas. Mais on nous garantit que le temps pass\u00e9 sur ces contenus immersifs est \u00ab\u00a0de l\u2019ordre de plusieurs secondes\u00a0\u00bb.\u00a0La plateforme, en liant les diff\u00e9rents services de Facebook, permet de raconter des histoires. Il est possible de lier Instagram avec le carrousel produits sur Facebook par exemple pour emmener le client potentiel sur le produit. On peut ins\u00e9rer des liens profonds (vers des sites des applis mobiles etc.), et rediriger aussi via des beacons en magasin.<\/p>\n<h3>Un changement de doctrine<\/h3>\n<p>C\u2019est aussi \u00e0 un changement de doctrine que l\u2019on assiste chez Facebook. Alors qu\u2019il n\u2019\u00e9tait pas question \u00e0 ses d\u00e9buts d\u2019emmener les utilisateurs vers l\u2019ext\u00e9rieur, la nouvelle doctrine veut au contraire faire la part belle aux apports de visites, de clics et m\u00eame \u00e0 la transformation. Pour conclure il faut comprendre l&rsquo;\u00e9cosyst\u00e8me Facebook dans son ensemble et ses capacit\u00e9s de ciblage online et offline. C&rsquo;est de l\u00e0 que vient la force de la plateforme.<\/p>\n<p><img decoding=\"async\" style=\"display: block; margin-left: auto; margin-right: auto;\" title=\"Facebook cookies.jpg\" src=\"https:\/\/visionarymarketing.com\/wp-content\/uploads\/2016\/03\/Facebook-cookies.jpg\" alt=\"Facebook cookies\" width=\"600\" height=\"424\" border=\"0\" \/><\/p>\n<p>Pour cela il faut sortir du bon vieux cookie et confier ses donn\u00e9es \u2026 \u00e0 Facebook bien entendu. <a href=\"https:\/\/incyber.org\/safe-harbor-que-chacun-prenne-ses-responsabilites-par-maitre-olivier-iteanu-cloud-confidence\/\" target=\"_blank\" rel=\"noopener noreferrer\">Voil\u00e0 qui plaira \u00e0 Ma\u00eetre Iteanu<\/a>. Le dispositif est diabolique et tourne tout entier sur la connaissance des utilisateurs de la plateforme (donc des diff\u00e9rents r\u00e9seaux sociaux). Diabolique et efficace aussi, tant que les utilisateurs restent accros \u00e0 ces plateformes de partage et que l\u2019effet de lassitude \u00e9voqu\u00e9 plus haut ne refait pas surface. Il est fort \u00e0 parier que d\u2019ici l\u00e0 Facebook aura \u00e9toff\u00e9 ses diff\u00e9rents services regroup\u00e9s sur sa plateforme, voire achet\u00e9 ou &#8211; c\u2019est moins cr\u00e9dible &#8211; cr\u00e9\u00e9 de nouveaux services. Voil\u00e0 qui va mettre la pression sur les acteurs de ce march\u00e9, d\u2019autant plus que certaines de leurs r\u00e9f\u00e9rences affichent d\u00e9j\u00e0 des chiffres int\u00e9ressants sur de jolis logos.<\/p>\n<p><img decoding=\"async\" style=\"display: block; margin-left: auto; margin-right: auto;\" title=\"GEM-profile-29.jpg\" src=\"https:\/\/visionarymarketing.com\/wp-content\/uploads\/2016\/03\/GEM-profile-29.jpg\" alt=\"Facebook KLM\" width=\"600\" height=\"424\" border=\"0\" \/><\/p>\n<p>Il reste bien des trous dans la raquette, reconnus par les conf\u00e9renciers, notamment dans la capacit\u00e9 \u00e0 \u00ab\u00a0cibler des professionnels correctement\u00a0\u00bb. Facebook envisage de combler ce manque en utilisant son r\u00e9seau d&rsquo;entreprise naissant <span class=\"removed_link\" title=\"https:\/\/work.fb.com\/\">Facebook at Work<\/span>, dont <a href=\"http:\/\/www.rbs.com\/news\/2015\/october\/rbs-becomes-first-bank-in-the-world-to-launch-facebook-at-work.html\" target=\"_blank\" rel=\"noopener noreferrer\">RBS vient de devenir le premier cobaye<\/a>. A noter que pour essayer Facebook at Work il faut en faire la demande mais le service n&rsquo;est pas encore disponible de mani\u00e8re ouverte.<\/p>\n<p>Affaire \u00e0 suivre donc, mais il \u00e9tait important pour nos lecteurs de ne pas rater ce coup d\u2019acc\u00e9l\u00e9rateur de la multinationale de Zuckerberg. Que de chemin parcouru depuis la chambre d\u2019\u00e9tudiant de Harvard.<\/p>\n","protected":false},"excerpt":{"rendered":"<p>Passage en force de Facebook dans le B2B et dans le Web to Store. Facebook est en train d\u2019innover de fa\u00e7on majeure dans ce domaine.<\/p>\n","protected":false},"author":2,"featured_media":34179,"comment_status":"open","ping_status":"open","sticky":false,"template":"","format":"standard","meta":{"footnotes":""},"categories":[1613],"tags":[],"class_list":["post-20795","post","type-post","status-publish","format-standard","has-post-thumbnail","hentry","category-marketing-digital-marketing"],"yoast_head":"<!-- This site is optimized with the Yoast SEO plugin v27.4 - https:\/\/yoast.com\/product\/yoast-seo-wordpress\/ -->\n<title>Facebook n&#039;est plus un r\u00e9seau social c&#039;est une plateforme<\/title>\n<meta name=\"description\" content=\"Passage en force de Facebook dans le B2B et dans le Web to Store. Facebook est en train d\u2019innover de fa\u00e7on majeure dans ce domaine.\" \/>\n<meta name=\"robots\" content=\"index, follow, max-snippet:-1, max-image-preview:large, max-video-preview:-1\" \/>\n<link rel=\"canonical\" href=\"https:\/\/visionarymarketing.com\/fr\/2016\/03\/29\/facebook-plateforme-ecommerce1to1\/\" \/>\n<meta property=\"og:locale\" content=\"fr_FR\" \/>\n<meta property=\"og:type\" content=\"article\" \/>\n<meta property=\"og:title\" content=\"Facebook n&#039;est plus un r\u00e9seau social c&#039;est une plateforme\" \/>\n<meta property=\"og:description\" content=\"Passage en force de Facebook dans le B2B et dans le Web to Store. Facebook est en train d\u2019innover de fa\u00e7on majeure dans ce domaine.\" \/>\n<meta property=\"og:url\" content=\"https:\/\/visionarymarketing.com\/fr\/2016\/03\/29\/facebook-plateforme-ecommerce1to1\/\" \/>\n<meta property=\"og:site_name\" content=\"Marketing and Innovation\" \/>\n<meta property=\"article:publisher\" content=\"https:\/\/www.facebook.com\/vismktg\" \/>\n<meta property=\"article:author\" content=\"http:\/\/facebook.com\/ygourven\" \/>\n<meta property=\"article:published_time\" content=\"2016-03-29T07:00:35+00:00\" \/>\n<meta property=\"article:modified_time\" content=\"2022-06-20T08:21:22+00:00\" \/>\n<meta property=\"og:image\" content=\"https:\/\/visionarymarketing.com\/wp-content\/uploads\/2016\/03\/Facebook-1-e1574149376385.jpg\" \/>\n\t<meta property=\"og:image:width\" content=\"598\" \/>\n\t<meta property=\"og:image:height\" content=\"396\" \/>\n\t<meta property=\"og:image:type\" content=\"image\/jpeg\" \/>\n<meta name=\"author\" content=\"Yann Gourvennec\" \/>\n<meta name=\"twitter:card\" content=\"summary_large_image\" \/>\n<meta name=\"twitter:creator\" content=\"@ygourven\" \/>\n<meta name=\"twitter:site\" content=\"@ygourven\" \/>\n<meta name=\"twitter:label1\" content=\"\u00c9crit par\" \/>\n\t<meta name=\"twitter:data1\" content=\"Yann Gourvennec\" \/>\n\t<meta name=\"twitter:label2\" content=\"Dur\u00e9e de lecture estim\u00e9e\" \/>\n\t<meta name=\"twitter:data2\" content=\"8 minutes\" \/>\n<script type=\"application\/ld+json\" class=\"yoast-schema-graph\">{\"@context\":\"https:\\\/\\\/schema.org\",\"@graph\":[{\"@type\":\"NewsArticle\",\"@id\":\"https:\\\/\\\/visionarymarketing.com\\\/fr\\\/2016\\\/03\\\/29\\\/facebook-plateforme-ecommerce1to1\\\/#article\",\"isPartOf\":{\"@id\":\"https:\\\/\\\/visionarymarketing.com\\\/fr\\\/2016\\\/03\\\/29\\\/facebook-plateforme-ecommerce1to1\\\/\"},\"author\":{\"name\":\"Yann Gourvennec\",\"@id\":\"https:\\\/\\\/visionarymarketing.com\\\/fr\\\/#\\\/schema\\\/person\\\/3754fee1e558f47b8deb46f53c37423e\"},\"headline\":\"Facebook n&rsquo;est plus un r\u00e9seau social c&rsquo;est une plateforme\",\"datePublished\":\"2016-03-29T07:00:35+00:00\",\"dateModified\":\"2022-06-20T08:21:22+00:00\",\"mainEntityOfPage\":{\"@id\":\"https:\\\/\\\/visionarymarketing.com\\\/fr\\\/2016\\\/03\\\/29\\\/facebook-plateforme-ecommerce1to1\\\/\"},\"wordCount\":1538,\"commentCount\":4,\"image\":{\"@id\":\"https:\\\/\\\/visionarymarketing.com\\\/fr\\\/2016\\\/03\\\/29\\\/facebook-plateforme-ecommerce1to1\\\/#primaryimage\"},\"thumbnailUrl\":\"https:\\\/\\\/visionarymarketing.com\\\/wp-content\\\/uploads\\\/2016\\\/03\\\/Facebook-1-e1574149376385.jpg\",\"articleSection\":[\"marketing digital\"],\"inLanguage\":\"fr-FR\",\"potentialAction\":[{\"@type\":\"CommentAction\",\"name\":\"Comment\",\"target\":[\"https:\\\/\\\/visionarymarketing.com\\\/fr\\\/2016\\\/03\\\/29\\\/facebook-plateforme-ecommerce1to1\\\/#respond\"]}]},{\"@type\":\"WebPage\",\"@id\":\"https:\\\/\\\/visionarymarketing.com\\\/fr\\\/2016\\\/03\\\/29\\\/facebook-plateforme-ecommerce1to1\\\/\",\"url\":\"https:\\\/\\\/visionarymarketing.com\\\/fr\\\/2016\\\/03\\\/29\\\/facebook-plateforme-ecommerce1to1\\\/\",\"name\":\"Facebook n'est plus un r\u00e9seau social c'est une plateforme\",\"isPartOf\":{\"@id\":\"https:\\\/\\\/visionarymarketing.com\\\/fr\\\/#website\"},\"primaryImageOfPage\":{\"@id\":\"https:\\\/\\\/visionarymarketing.com\\\/fr\\\/2016\\\/03\\\/29\\\/facebook-plateforme-ecommerce1to1\\\/#primaryimage\"},\"image\":{\"@id\":\"https:\\\/\\\/visionarymarketing.com\\\/fr\\\/2016\\\/03\\\/29\\\/facebook-plateforme-ecommerce1to1\\\/#primaryimage\"},\"thumbnailUrl\":\"https:\\\/\\\/visionarymarketing.com\\\/wp-content\\\/uploads\\\/2016\\\/03\\\/Facebook-1-e1574149376385.jpg\",\"datePublished\":\"2016-03-29T07:00:35+00:00\",\"dateModified\":\"2022-06-20T08:21:22+00:00\",\"author\":{\"@id\":\"https:\\\/\\\/visionarymarketing.com\\\/fr\\\/#\\\/schema\\\/person\\\/3754fee1e558f47b8deb46f53c37423e\"},\"description\":\"Passage en force de Facebook dans le B2B et dans le Web to Store. Facebook est en train d\u2019innover de fa\u00e7on majeure dans ce domaine.\",\"breadcrumb\":{\"@id\":\"https:\\\/\\\/visionarymarketing.com\\\/fr\\\/2016\\\/03\\\/29\\\/facebook-plateforme-ecommerce1to1\\\/#breadcrumb\"},\"inLanguage\":\"fr-FR\",\"potentialAction\":[{\"@type\":\"ReadAction\",\"target\":[\"https:\\\/\\\/visionarymarketing.com\\\/fr\\\/2016\\\/03\\\/29\\\/facebook-plateforme-ecommerce1to1\\\/\"]}]},{\"@type\":\"ImageObject\",\"inLanguage\":\"fr-FR\",\"@id\":\"https:\\\/\\\/visionarymarketing.com\\\/fr\\\/2016\\\/03\\\/29\\\/facebook-plateforme-ecommerce1to1\\\/#primaryimage\",\"url\":\"https:\\\/\\\/visionarymarketing.com\\\/wp-content\\\/uploads\\\/2016\\\/03\\\/Facebook-1-e1574149376385.jpg\",\"contentUrl\":\"https:\\\/\\\/visionarymarketing.com\\\/wp-content\\\/uploads\\\/2016\\\/03\\\/Facebook-1-e1574149376385.jpg\",\"width\":598,\"height\":396},{\"@type\":\"BreadcrumbList\",\"@id\":\"https:\\\/\\\/visionarymarketing.com\\\/fr\\\/2016\\\/03\\\/29\\\/facebook-plateforme-ecommerce1to1\\\/#breadcrumb\",\"itemListElement\":[{\"@type\":\"ListItem\",\"position\":1,\"name\":\"Home\",\"item\":\"https:\\\/\\\/visionarymarketing.com\\\/fr\\\/\"},{\"@type\":\"ListItem\",\"position\":2,\"name\":\"Facebook n&rsquo;est plus un r\u00e9seau social c&rsquo;est une plateforme\"}]},{\"@type\":\"WebSite\",\"@id\":\"https:\\\/\\\/visionarymarketing.com\\\/fr\\\/#website\",\"url\":\"https:\\\/\\\/visionarymarketing.com\\\/fr\\\/\",\"name\":\"Marketing and Innovation\",\"description\":\"Site d&#039;infos ind\u00e9pendant, depuis 1996\",\"potentialAction\":[{\"@type\":\"SearchAction\",\"target\":{\"@type\":\"EntryPoint\",\"urlTemplate\":\"https:\\\/\\\/visionarymarketing.com\\\/fr\\\/?s={search_term_string}\"},\"query-input\":{\"@type\":\"PropertyValueSpecification\",\"valueRequired\":true,\"valueName\":\"search_term_string\"}}],\"inLanguage\":\"fr-FR\"},{\"@type\":\"Person\",\"@id\":\"https:\\\/\\\/visionarymarketing.com\\\/fr\\\/#\\\/schema\\\/person\\\/3754fee1e558f47b8deb46f53c37423e\",\"name\":\"Yann Gourvennec\",\"image\":{\"@type\":\"ImageObject\",\"inLanguage\":\"fr-FR\",\"@id\":\"https:\\\/\\\/secure.gravatar.com\\\/avatar\\\/5972001801e8de5692a3e31224e85769f50a55fb8b679749f9c8d1868cceff14?s=96&d=initials&r=g&initials=yg\",\"url\":\"https:\\\/\\\/secure.gravatar.com\\\/avatar\\\/5972001801e8de5692a3e31224e85769f50a55fb8b679749f9c8d1868cceff14?s=96&d=initials&r=g&initials=yg\",\"contentUrl\":\"https:\\\/\\\/secure.gravatar.com\\\/avatar\\\/5972001801e8de5692a3e31224e85769f50a55fb8b679749f9c8d1868cceff14?s=96&d=initials&r=g&initials=yg\",\"caption\":\"Yann Gourvennec\"},\"description\":\"Yann Gourvennec created visionarymarketing.com in 1996. He is a speaker and author of many books. In 2014 he went from intrapreneur to entrepreneur, when he created his digital marketing agency. Yann Gourvennec a cr\u00e9\u00e9 visionarymarketing.com en 1996. Il est conf\u00e9rencier et auteur de plusieurs livres. En 2014, il est pass\u00e9 d'intrapreneur \u00e0 entrepreneur en cr\u00e9ant son agence de marketing num\u00e9rique.\",\"sameAs\":[\"https:\\\/\\\/visionarymarketing.com\",\"http:\\\/\\\/facebook.com\\\/ygourven\",\"http:\\\/\\\/linkedin.com\\\/in\\\/ygourven\",\"https:\\\/\\\/x.com\\\/ygourven\",\"https:\\\/\\\/www.youtube.com\\\/c\\\/visionarymarketingagency\"],\"url\":\"https:\\\/\\\/visionarymarketing.com\\\/fr\\\/author\\\/yann-gourvennec\\\/\"}]}<\/script>\n<!-- \/ Yoast SEO plugin. -->","yoast_head_json":{"title":"Facebook n'est plus un r\u00e9seau social c'est une plateforme","description":"Passage en force de Facebook dans le B2B et dans le Web to Store. Facebook est en train d\u2019innover de fa\u00e7on majeure dans ce domaine.","robots":{"index":"index","follow":"follow","max-snippet":"max-snippet:-1","max-image-preview":"max-image-preview:large","max-video-preview":"max-video-preview:-1"},"canonical":"https:\/\/visionarymarketing.com\/fr\/2016\/03\/29\/facebook-plateforme-ecommerce1to1\/","og_locale":"fr_FR","og_type":"article","og_title":"Facebook n'est plus un r\u00e9seau social c'est une plateforme","og_description":"Passage en force de Facebook dans le B2B et dans le Web to Store. Facebook est en train d\u2019innover de fa\u00e7on majeure dans ce domaine.","og_url":"https:\/\/visionarymarketing.com\/fr\/2016\/03\/29\/facebook-plateforme-ecommerce1to1\/","og_site_name":"Marketing and Innovation","article_publisher":"https:\/\/www.facebook.com\/vismktg","article_author":"http:\/\/facebook.com\/ygourven","article_published_time":"2016-03-29T07:00:35+00:00","article_modified_time":"2022-06-20T08:21:22+00:00","og_image":[{"width":598,"height":396,"url":"https:\/\/visionarymarketing.com\/wp-content\/uploads\/2016\/03\/Facebook-1-e1574149376385.jpg","type":"image\/jpeg"}],"author":"Yann Gourvennec","twitter_card":"summary_large_image","twitter_creator":"@ygourven","twitter_site":"@ygourven","twitter_misc":{"\u00c9crit par":"Yann Gourvennec","Dur\u00e9e de lecture estim\u00e9e":"8 minutes"},"schema":{"@context":"https:\/\/schema.org","@graph":[{"@type":"NewsArticle","@id":"https:\/\/visionarymarketing.com\/fr\/2016\/03\/29\/facebook-plateforme-ecommerce1to1\/#article","isPartOf":{"@id":"https:\/\/visionarymarketing.com\/fr\/2016\/03\/29\/facebook-plateforme-ecommerce1to1\/"},"author":{"name":"Yann Gourvennec","@id":"https:\/\/visionarymarketing.com\/fr\/#\/schema\/person\/3754fee1e558f47b8deb46f53c37423e"},"headline":"Facebook n&rsquo;est plus un r\u00e9seau social c&rsquo;est une plateforme","datePublished":"2016-03-29T07:00:35+00:00","dateModified":"2022-06-20T08:21:22+00:00","mainEntityOfPage":{"@id":"https:\/\/visionarymarketing.com\/fr\/2016\/03\/29\/facebook-plateforme-ecommerce1to1\/"},"wordCount":1538,"commentCount":4,"image":{"@id":"https:\/\/visionarymarketing.com\/fr\/2016\/03\/29\/facebook-plateforme-ecommerce1to1\/#primaryimage"},"thumbnailUrl":"https:\/\/visionarymarketing.com\/wp-content\/uploads\/2016\/03\/Facebook-1-e1574149376385.jpg","articleSection":["marketing digital"],"inLanguage":"fr-FR","potentialAction":[{"@type":"CommentAction","name":"Comment","target":["https:\/\/visionarymarketing.com\/fr\/2016\/03\/29\/facebook-plateforme-ecommerce1to1\/#respond"]}]},{"@type":"WebPage","@id":"https:\/\/visionarymarketing.com\/fr\/2016\/03\/29\/facebook-plateforme-ecommerce1to1\/","url":"https:\/\/visionarymarketing.com\/fr\/2016\/03\/29\/facebook-plateforme-ecommerce1to1\/","name":"Facebook n'est plus un r\u00e9seau social c'est une plateforme","isPartOf":{"@id":"https:\/\/visionarymarketing.com\/fr\/#website"},"primaryImageOfPage":{"@id":"https:\/\/visionarymarketing.com\/fr\/2016\/03\/29\/facebook-plateforme-ecommerce1to1\/#primaryimage"},"image":{"@id":"https:\/\/visionarymarketing.com\/fr\/2016\/03\/29\/facebook-plateforme-ecommerce1to1\/#primaryimage"},"thumbnailUrl":"https:\/\/visionarymarketing.com\/wp-content\/uploads\/2016\/03\/Facebook-1-e1574149376385.jpg","datePublished":"2016-03-29T07:00:35+00:00","dateModified":"2022-06-20T08:21:22+00:00","author":{"@id":"https:\/\/visionarymarketing.com\/fr\/#\/schema\/person\/3754fee1e558f47b8deb46f53c37423e"},"description":"Passage en force de Facebook dans le B2B et dans le Web to Store. Facebook est en train d\u2019innover de fa\u00e7on majeure dans ce domaine.","breadcrumb":{"@id":"https:\/\/visionarymarketing.com\/fr\/2016\/03\/29\/facebook-plateforme-ecommerce1to1\/#breadcrumb"},"inLanguage":"fr-FR","potentialAction":[{"@type":"ReadAction","target":["https:\/\/visionarymarketing.com\/fr\/2016\/03\/29\/facebook-plateforme-ecommerce1to1\/"]}]},{"@type":"ImageObject","inLanguage":"fr-FR","@id":"https:\/\/visionarymarketing.com\/fr\/2016\/03\/29\/facebook-plateforme-ecommerce1to1\/#primaryimage","url":"https:\/\/visionarymarketing.com\/wp-content\/uploads\/2016\/03\/Facebook-1-e1574149376385.jpg","contentUrl":"https:\/\/visionarymarketing.com\/wp-content\/uploads\/2016\/03\/Facebook-1-e1574149376385.jpg","width":598,"height":396},{"@type":"BreadcrumbList","@id":"https:\/\/visionarymarketing.com\/fr\/2016\/03\/29\/facebook-plateforme-ecommerce1to1\/#breadcrumb","itemListElement":[{"@type":"ListItem","position":1,"name":"Home","item":"https:\/\/visionarymarketing.com\/fr\/"},{"@type":"ListItem","position":2,"name":"Facebook n&rsquo;est plus un r\u00e9seau social c&rsquo;est une plateforme"}]},{"@type":"WebSite","@id":"https:\/\/visionarymarketing.com\/fr\/#website","url":"https:\/\/visionarymarketing.com\/fr\/","name":"Marketing and Innovation","description":"Site d&#039;infos ind\u00e9pendant, depuis 1996","potentialAction":[{"@type":"SearchAction","target":{"@type":"EntryPoint","urlTemplate":"https:\/\/visionarymarketing.com\/fr\/?s={search_term_string}"},"query-input":{"@type":"PropertyValueSpecification","valueRequired":true,"valueName":"search_term_string"}}],"inLanguage":"fr-FR"},{"@type":"Person","@id":"https:\/\/visionarymarketing.com\/fr\/#\/schema\/person\/3754fee1e558f47b8deb46f53c37423e","name":"Yann Gourvennec","image":{"@type":"ImageObject","inLanguage":"fr-FR","@id":"https:\/\/secure.gravatar.com\/avatar\/5972001801e8de5692a3e31224e85769f50a55fb8b679749f9c8d1868cceff14?s=96&d=initials&r=g&initials=yg","url":"https:\/\/secure.gravatar.com\/avatar\/5972001801e8de5692a3e31224e85769f50a55fb8b679749f9c8d1868cceff14?s=96&d=initials&r=g&initials=yg","contentUrl":"https:\/\/secure.gravatar.com\/avatar\/5972001801e8de5692a3e31224e85769f50a55fb8b679749f9c8d1868cceff14?s=96&d=initials&r=g&initials=yg","caption":"Yann Gourvennec"},"description":"Yann Gourvennec created visionarymarketing.com in 1996. He is a speaker and author of many books. In 2014 he went from intrapreneur to entrepreneur, when he created his digital marketing agency. Yann Gourvennec a cr\u00e9\u00e9 visionarymarketing.com en 1996. Il est conf\u00e9rencier et auteur de plusieurs livres. En 2014, il est pass\u00e9 d'intrapreneur \u00e0 entrepreneur en cr\u00e9ant son agence de marketing num\u00e9rique.","sameAs":["https:\/\/visionarymarketing.com","http:\/\/facebook.com\/ygourven","http:\/\/linkedin.com\/in\/ygourven","https:\/\/x.com\/ygourven","https:\/\/www.youtube.com\/c\/visionarymarketingagency"],"url":"https:\/\/visionarymarketing.com\/fr\/author\/yann-gourvennec\/"}]}},"_links":{"self":[{"href":"https:\/\/visionarymarketing.com\/fr\/wp-json\/wp\/v2\/posts\/20795","targetHints":{"allow":["GET"]}}],"collection":[{"href":"https:\/\/visionarymarketing.com\/fr\/wp-json\/wp\/v2\/posts"}],"about":[{"href":"https:\/\/visionarymarketing.com\/fr\/wp-json\/wp\/v2\/types\/post"}],"author":[{"embeddable":true,"href":"https:\/\/visionarymarketing.com\/fr\/wp-json\/wp\/v2\/users\/2"}],"replies":[{"embeddable":true,"href":"https:\/\/visionarymarketing.com\/fr\/wp-json\/wp\/v2\/comments?post=20795"}],"version-history":[{"count":0,"href":"https:\/\/visionarymarketing.com\/fr\/wp-json\/wp\/v2\/posts\/20795\/revisions"}],"wp:featuredmedia":[{"embeddable":true,"href":"https:\/\/visionarymarketing.com\/fr\/wp-json\/wp\/v2\/media\/34179"}],"wp:attachment":[{"href":"https:\/\/visionarymarketing.com\/fr\/wp-json\/wp\/v2\/media?parent=20795"}],"wp:term":[{"taxonomy":"category","embeddable":true,"href":"https:\/\/visionarymarketing.com\/fr\/wp-json\/wp\/v2\/categories?post=20795"},{"taxonomy":"post_tag","embeddable":true,"href":"https:\/\/visionarymarketing.com\/fr\/wp-json\/wp\/v2\/tags?post=20795"}],"curies":[{"name":"wp","href":"https:\/\/api.w.org\/{rel}","templated":true}]}}