{"id":20357,"date":"2016-02-01T08:55:18","date_gmt":"2016-02-01T07:55:18","guid":{"rendered":"http:\/\/visionarymarketing.fr\/blog\/?p=20357"},"modified":"2024-03-06T08:42:26","modified_gmt":"2024-03-06T07:42:26","slug":"ville-numerique","status":"publish","type":"post","link":"https:\/\/visionarymarketing.com\/fr\/2016\/02\/01\/ville-numerique\/","title":{"rendered":"Ville num\u00e9rique : Caen la mer, l&rsquo;agglo en mode digital"},"content":{"rendered":"<p><em>Berceau de la technologie <a href=\"https:\/\/fr.wikipedia.org\/wiki\/Communication_en_champ_proche\" target=\"_blank\" rel=\"noopener noreferrer\">NFC<\/a>, labellis\u00e9e \u00ab\u00a0Ville num\u00e9rique\u00a0\u00bb en 2012, cr\u00e9atrice du <span title=\"http:\/\/www.caenlamer.fr\/cartes\/incity\/\">label Incity<\/span> pour toutes les innovations num\u00e9riques se d\u00e9ployant localement, la communaut\u00e9 d&rsquo;agglom\u00e9ration <a href=\"http:\/\/caenlamer.fr\" target=\"_blank\" rel=\"noopener noreferrer\">Caen la mer<\/a> a fait du num\u00e9rique l&rsquo;un de ses atouts majeurs aussi bien pour les habitants que pour les entreprises. Int\u00e9gr\u00e9s dans sa <a href=\"https:\/\/visionarymarketing.com\/fr\/2021\/06\/omnivisibilite\/\">strat\u00e9gie globale de communication<\/a>, les outils digitaux, et notamment les r\u00e9seaux sociaux, ont vocation \u00e0 cr\u00e9er du lien, am\u00e9liorer la e-d\u00e9mocratie (ou participation citoyenne), \u00e9tablir un v\u00e9ritable dialogue entre la collectivit\u00e9 et ses administr\u00e9s et finalement\u00a0am\u00e9liorer la e-r\u00e9putation du territoire, comme l&rsquo;explique Franck Gu\u00e9gu\u00e9niat, Vice-Pr\u00e9sident de la Communaut\u00e9 d\u2019agglom\u00e9ration Caen la mer, d\u00e9l\u00e9gu\u00e9 \u00e0 la Communication, au marketing territorial et \u00e0 l\u2019innovation num\u00e9rique.<\/em><\/p>\n<h2>Ville num\u00e9rique : Caen la mer, l&rsquo;agglo en mode digital<\/h2>\n<figure id=\"attachment_20373\" aria-describedby=\"caption-attachment-20373\" style=\"width: 1024px\" class=\"wp-caption aligncenter\"><img decoding=\"async\" class=\"wp-image-20373 size-large\" src=\"https:\/\/visionarymarketing.com\/wp-content\/uploads\/2016\/02\/capture-d-ecran-29-59-2016_05.59.05-1024x618.png\" alt=\"Ville num\u00e9rique\" width=\"1024\" height=\"618\" \/><figcaption id=\"caption-attachment-20373\" class=\"wp-caption-text\">Berceau de la technologie NFC, la communaut\u00e9 d&rsquo;agglom\u00e9ration Caen la mer montre l&rsquo;exemple en mati\u00e8re de ville num\u00e9rique\u00a0intelligente<\/figcaption><\/figure>\n<p><!--more--><\/p>\n<h3>Comment les outils digitaux se sont-ils int\u00e9gr\u00e9s dans votre projet global de communication ?<\/h3>\n<p>A Caen la mer, nous consid\u00e9rons qu\u2019une strat\u00e9gie globale de communication est avant tout un processus. Alors que trop souvent, on ne consid\u00e8re la communication que par le prisme de sa fonction de valorisation \u2013 il est vrai la plus visible car elle d\u00e9bouche sur des actions de communications mat\u00e9rielles\u00a0: publicit\u00e9s, affichages, relations presse, etc. \u2013 on oublie que toute communication est surtout un cheminement dans les rapports humains.<\/p>\n<p>Ainsi, en tout premier lieu, il est question de cr\u00e9er, puis de maintenir, des liens avec les cibles\u00a0vis\u00e9es ; puis de leur d\u00e9livrer les informations indispensables \u00e0 l\u2019organisation de la vie collective ou \u00e0 leur compr\u00e9hension des enjeux locaux (parfois nationaux)\u00a0; ensuite d\u2019entamer une phase de dialogue, de concertation, o\u00f9 la participation citoyenne sera le ma\u00eetre-mot\u00a0; apr\u00e8s, et seulement apr\u00e8s, on pourra assurer la promotion du r\u00e9sultat de ces trois premi\u00e8res \u00e9tapes\u00a0; puis on tentera d\u2019atteindre le but final\u00a0: l\u2019influence, tant sur des comportement collectifs ou individuels que sur des perceptions de l\u2019action publique, de celles et ceux qui la mettent en \u0153uvre ou du territoire lui-m\u00eame.<\/p>\n<figure id=\"attachment_20359\" aria-describedby=\"caption-attachment-20359\" style=\"width: 135px\" class=\"wp-caption alignright\"><img decoding=\"async\" class=\"wp-image-20359\" src=\"https:\/\/visionarymarketing.com\/wp-content\/uploads\/2016\/01\/Franck-Guguniat-OK-200x300.jpg\" alt=\"Ville num\u00e9rique\" width=\"135\" height=\"203\" srcset=\"https:\/\/visionarymarketing.com\/wp-content\/uploads\/2016\/01\/Franck-Guguniat-OK-200x300.jpg 200w, https:\/\/visionarymarketing.com\/wp-content\/uploads\/2016\/01\/Franck-Guguniat-OK-768x1150.jpg 768w, https:\/\/visionarymarketing.com\/wp-content\/uploads\/2016\/01\/Franck-Guguniat-OK-684x1024.jpg 684w, https:\/\/visionarymarketing.com\/wp-content\/uploads\/2016\/01\/Franck-Guguniat-OK.jpg 1880w\" sizes=\"(max-width: 135px) 100vw, 135px\" \/><figcaption id=\"caption-attachment-20359\" class=\"wp-caption-text\">Franck Gu\u00e9gu\u00e9niat, pilote de la ville num\u00e9rique<\/figcaption><\/figure>\n<p>En somme, le grand enjeu de la communication publique, c\u2019est bien la premi\u00e8re phase\u00a0: cr\u00e9er du lien.<\/p>\n<p>Et c\u2019est l\u00e0 que les r\u00e9seaux sociaux prennent toute leur place\u00a0et am\u00e8nent leur plus-value : ils sont devenus le meilleur moyen, \u00e0 la date d\u2019aujourd\u2019hui, d\u2019entrer en contact simplement avec nos habitants, sans formalisme surann\u00e9, et rapidement, puis de maintenir ce lien par de nombreuses interactions.<\/p>\n<p>Le tout avec des publics qu\u2019en plus nous avions le plus grand mal \u00e0 toucher par nos outils classiques. Et, petit avantage suppl\u00e9mentaire, \u00e7a ne co\u00fbte presque rien, en dehors du temps \u00e0 y consacrer.<\/p>\n<h3><span style=\"color: #222222; font-family: Lato, serif; font-size: 24px;\">Ville num\u00e9rique : comment faire adh\u00e9rer le public sur les r\u00e9seaux sociaux ?<\/span><\/h3>\n<p>Il n&rsquo;y a pas de recette miracle ! La seule chose importante, c\u2019est de ne pas se laisser enfermer dans un sch\u00e9ma 100 % num\u00e9rique qui laissera \u00e0 supposer que seuls les geeks peuvent manier savamment ces outils, pour n\u2019avoir en t\u00eate que l\u2019essentiel\u00a0: nous sommes dans le champ de la communication humaine. M\u00eame si le truchement est un \u00e9cran, c\u2019est bien de relations interpersonnelles qu\u2019il s\u2019agit.<\/p>\n<p>Pour le dire autrement, il n\u2019y a pas de communication interpersonnelle efficace s\u2019il n\u2019y a pas un minimum de consid\u00e9ration de l\u2019Autre et un minimum d\u2019empathie.<\/p>\n<p>C\u2019est peut-\u00eatre \u00e7a la recette miracle\u00a0: savoir d\u2019abord se mettre \u00e0 la place de l\u2019Autre pour calibrer notre communication sur ses canaux, anticiper ses attentes \u2013 passer du \u00ab<em>\u00a0je vous parle de moi\u00a0<\/em>\u00bb \u00e0 \u00ab\u00a0<em>ensemble on va parler de vous<\/em>\u00a0\u00bb &#8211; et ne jamais tomber ni dans une communication \u00e9gocentr\u00e9e o\u00f9 seul le fait d\u2019\u00e9mettre compte, ni dans une communication de masse qui, en voulant toucher tout le monde, en r\u00e9alit\u00e9 ne touche plus personne.<!--more--><\/p>\n<h3>Est-il l\u00e9gitime pour une collectivit\u00e9 d&rsquo;avoir peur de s&rsquo;exposer sur les r\u00e9seaux sociaux, de craindre pour sa e-r\u00e9putation ?<\/h3>\n<p>Pourquoi serait-ce ill\u00e9gitime ? Ou alors \u00e0 consid\u00e9rer que les r\u00e9seaux sociaux seraient \u00ab infr\u00e9quentables \u00bb pour le secteur public ? Au nom de quoi ? Aujourd\u2019hui, les r\u00e9seaux sociaux sont une tendance irr\u00e9versible. Celles et ceux qui pensent qu\u2019ils sont une mode \u00e9ph\u00e9m\u00e8re courent au-devant de grandes d\u00e9sillusions.<\/p>\n<p>Si nous voulons que nos collectivit\u00e9s restent en contact avec \u00ab la vraie vie \u00bb, si nous voulons toucher plus de public pour d\u00e9livrer, le plus souvent, des messages d\u2019int\u00e9r\u00eat g\u00e9n\u00e9ral importants, si nous voulons \u00eates dans la plus grande proximit\u00e9 possible pour r\u00e9pondre \u2013 parfois en temps r\u00e9el \u2013 aux questions que nous posent les habitants et envisager une \u00ab gestion de la relation citoyen \u00bb digne du XXI\u00e8 si\u00e8cle, il n\u2019y a qu\u2019un seul vecteur : le r\u00e9seau social.<\/p>\n<p>La seule condition : accepter de ne pas tout ma\u00eetriser ! Donc accepter de prendre le risque de recevoir, assez vite et parfois sans m\u00e9nagement, le feedback de nos cibles ! Avant, nous pensions en \u00eatre exempt\u00e9s avec nos supports de communication traditionnels : journaux, magazine, sites web sans interactions, etc\u2026<\/p>\n<p>Sauf que l\u2019on y \u00e9chappait pas. Nous \u00e9tions juste sourds et aveugles. Maintenant nous voyons et nous entendons les r\u00e9actions. Ce n\u2019est pas toujours confortable. Mais, au moins, nous savons \u00e0 quoi nous en tenir (du moins quant \u00e0 notre e-r\u00e9putation).<\/p>\n<h3>Comment rendre compatible la communication digitale avec le \u00ab\u00a0temps de l&rsquo;administration\u00a0\u00bb et les pesanteurs administratives ?<\/h3>\n<p>L\u00e0 encore, une petite r\u00e9volution culturelle est \u00e0 pr\u00e9voir : on ne peut plus \u00eatre dans une logique de faire suivre un circuit de validation complexe, donc long, \u00e0 chaque <a href=\"http:\/\/www.twitter.com\" target=\"_blank\" rel=\"noopener noreferrer\">tweet<\/a> ou \u00e0 chaque post <a href=\"http:\/\/www.facebook.fr\" target=\"_blank\" rel=\"noopener noreferrer\">Facebook<\/a> ; il convient d\u00e9sormais, et je le vois comme un progr\u00e8s, de caler tr\u00e8s en amont les lignes \u00e9ditoriales \u00e0 suivre, puis de laisser les communicants les appliquer. J\u2019\u00e9voquais un peu plus haut la n\u00e9cessit\u00e9 de l\u00e2cher prise, de renoncer \u00e0 avoir une ma\u00eetrise absolue, cela s\u2019applique \u00e9galement ici.<\/p>\n<h3>Ville num\u00e9rique : est-ce indispensable d&rsquo;avoir une application mobile ?<\/h3>\n<p>Indispensable je ne sais pas. \u00c0 envisager s\u00e9rieusement oui. Sous r\u00e9serve toutefois qu\u2019elle soit largement r\u00e9fl\u00e9chie en amont afin qu\u2019elle corresponde bien aux attentes r\u00e9elles des futurs utilisateurs. Concevoir un tel service en n\u2019y voyant qu\u2019une performance technologique conduirait immanquablement dans le mur.<\/p>\n<p>Et puis, nous sommes dans l\u2019\u00e8re de la cons\u00e9cration de l\u2019intelligence collective et de la coproduction de contenus. Il est donc impensable d\u2019envisager de tels d\u00e9veloppements sans associer les futurs utilisateurs. Donc avoir une appli pour faire \u00ab bien \u00bb, pour faire \u00ab comme les autres \u00bb ou pour faire \u00ab moderne \u00bb, c\u2019est l\u2019\u00e9chec garanti.<\/p>\n<h3>Pour vous, le community manager est-il devenu r\u00e9ellement un m\u00e9tier \u00e0 part enti\u00e8re dans les collectivit\u00e9s et comment cela se passe-t-il \u00e0 Caen la mer ?<\/h3>\n<p>Oui et non. Oui, car c\u2019est une fonction indispensable aujourd\u2019hui dans des directions de communication publique. Non, si cela doit r\u00e9server cette fonction aux mains d\u2019un seul agent. Dans l\u2019agglom\u00e9ration Caen la mer, s\u2019il existe bien un poste de community manager, tous les membres de la direction veillent sur les r\u00e9seaux (nous sommes sur <a href=\"http:\/\/www.facebook.fr\" target=\"_blank\" rel=\"noopener noreferrer\">Facebook<\/a>, <a href=\"http:\/\/www.twitter.com\" target=\"_blank\" rel=\"noopener noreferrer\">Twitter<\/a>, <a href=\"https:\/\/www.instagram.com\" target=\"_blank\" rel=\"noopener noreferrer\">Instagram<\/a>, <a href=\"https:\/\/viadeo.journaldunet.com\/\" target=\"_blank\" rel=\"noopener noreferrer\">Viad\u00e9o<\/a>, <a href=\"http:\/\/www.linkedin.com\" target=\"_blank\" rel=\"noopener noreferrer\">LinkedIn<\/a>) et tout le monde peut publier.<\/p>\n<p>Cela permet \u00e0 la fois de couvrir un champ horaire vaste : n\u2019h\u00e9sitez pas \u00e0 nous poser une question tard le soir ou le week-end. Et cela permet de se r\u00e9partir les r\u00e9seaux. Mais, surtout, cela permet de partager collectivement les objectifs, les enjeux, donc l\u2019\u00e9tat d\u2019esprit.<\/p>\n<p>Les r\u00e9seaux sociaux doivent \u00eatre \u00ab naturels \u00bb pour tous les communicants professionnels, pas seulement pour ceux de la g\u00e9n\u00e9ration Y. R\u00e9ciproquement, cela permet au community management d\u2019\u00eatre un maillon de plus \u2013 au m\u00eame titre que les autres. Cela est parfaitement en coh\u00e9rence avec la strat\u00e9gie globale de communication.<\/p>\n<p>Ce maillon est indispensable, mais ce n\u2019est pas lui qui forge la strat\u00e9gie. Il n\u2019en n\u2019est que sa repr\u00e9sentation ponctuelle.<\/p>\n","protected":false},"excerpt":{"rendered":"<p>Berceau de la technologie NFC, labellis\u00e9e \u00ab\u00a0Ville num\u00e9rique\u00a0\u00bb en 2012, cr\u00e9atrice du label Incity pour toutes les innovations num\u00e9riques se d\u00e9ployant localement, la communaut\u00e9 d&rsquo;agglom\u00e9ration Caen la mer a fait du num\u00e9rique l&rsquo;un de ses atouts majeurs aussi bien pour les habitants que pour les entreprises. Int\u00e9gr\u00e9s dans sa strat\u00e9gie globale de communication, les outils &hellip;<\/p>\n","protected":false},"author":42,"featured_media":20373,"comment_status":"open","ping_status":"open","sticky":false,"template":"","format":"standard","meta":{"footnotes":""},"categories":[134],"tags":[],"class_list":["post-20357","post","type-post","status-publish","format-standard","has-post-thumbnail","hentry","category-economie"],"yoast_head":"<!-- This site is optimized with the Yoast SEO plugin v27.5 - https:\/\/yoast.com\/product\/yoast-seo-wordpress\/ -->\n<title>Ville num\u00e9rique : Caen la mer, l&#039;agglo en mode digital<\/title>\n<meta name=\"description\" content=\"Caen la mer, ville num\u00e9rique : Int\u00e9gr\u00e9 \u00e0 la strat\u00e9gie globale de communication, le num\u00e9rique am\u00e9liore la participation citoyenne ...\" \/>\n<meta name=\"robots\" content=\"index, follow, max-snippet:-1, max-image-preview:large, max-video-preview:-1\" \/>\n<link rel=\"canonical\" href=\"https:\/\/visionarymarketing.com\/fr\/2016\/02\/01\/ville-numerique\/\" \/>\n<meta property=\"og:locale\" content=\"fr_FR\" \/>\n<meta property=\"og:type\" content=\"article\" \/>\n<meta property=\"og:title\" content=\"Ville num\u00e9rique : Caen la mer, l&#039;agglo en mode digital\" \/>\n<meta property=\"og:description\" content=\"Caen la mer, ville num\u00e9rique : Int\u00e9gr\u00e9 \u00e0 la strat\u00e9gie globale de communication, le num\u00e9rique am\u00e9liore la participation citoyenne ...\" \/>\n<meta property=\"og:url\" content=\"https:\/\/visionarymarketing.com\/fr\/2016\/02\/01\/ville-numerique\/\" \/>\n<meta property=\"og:site_name\" content=\"Marketing and Innovation\" \/>\n<meta property=\"article:publisher\" content=\"https:\/\/www.facebook.com\/vismktg\" \/>\n<meta property=\"article:published_time\" content=\"2016-02-01T07:55:18+00:00\" \/>\n<meta property=\"article:modified_time\" content=\"2024-03-06T07:42:26+00:00\" \/>\n<meta property=\"og:image\" content=\"https:\/\/visionarymarketing.com\/wp-content\/uploads\/2016\/02\/capture-d-ecran-29-59-2016_05.59.05-e1663327065784.jpg\" \/>\n\t<meta property=\"og:image:width\" content=\"1363\" \/>\n\t<meta property=\"og:image:height\" content=\"823\" \/>\n\t<meta property=\"og:image:type\" content=\"image\/jpeg\" \/>\n<meta name=\"author\" content=\"Pascale Decressac\" \/>\n<meta name=\"twitter:card\" content=\"summary_large_image\" \/>\n<meta name=\"twitter:creator\" content=\"@PDecressac\" \/>\n<meta name=\"twitter:site\" content=\"@ygourven\" \/>\n<meta name=\"twitter:label1\" content=\"\u00c9crit par\" \/>\n\t<meta name=\"twitter:data1\" content=\"Pascale Decressac\" \/>\n\t<meta name=\"twitter:label2\" content=\"Dur\u00e9e de lecture estim\u00e9e\" \/>\n\t<meta name=\"twitter:data2\" content=\"6 minutes\" \/>\n<script type=\"application\/ld+json\" class=\"yoast-schema-graph\">{\"@context\":\"https:\\\/\\\/schema.org\",\"@graph\":[{\"@type\":\"NewsArticle\",\"@id\":\"https:\\\/\\\/visionarymarketing.com\\\/fr\\\/2016\\\/02\\\/01\\\/ville-numerique\\\/#article\",\"isPartOf\":{\"@id\":\"https:\\\/\\\/visionarymarketing.com\\\/fr\\\/2016\\\/02\\\/01\\\/ville-numerique\\\/\"},\"author\":{\"name\":\"Pascale Decressac\",\"@id\":\"https:\\\/\\\/visionarymarketing.com\\\/fr\\\/#\\\/schema\\\/person\\\/ea6bc264ff230ddd88976cf6a2cdc91f\"},\"headline\":\"Ville num\u00e9rique : Caen la mer, l&rsquo;agglo en mode digital\",\"datePublished\":\"2016-02-01T07:55:18+00:00\",\"dateModified\":\"2024-03-06T07:42:26+00:00\",\"mainEntityOfPage\":{\"@id\":\"https:\\\/\\\/visionarymarketing.com\\\/fr\\\/2016\\\/02\\\/01\\\/ville-numerique\\\/\"},\"wordCount\":1434,\"commentCount\":2,\"image\":{\"@id\":\"https:\\\/\\\/visionarymarketing.com\\\/fr\\\/2016\\\/02\\\/01\\\/ville-numerique\\\/#primaryimage\"},\"thumbnailUrl\":\"https:\\\/\\\/visionarymarketing.com\\\/wp-content\\\/uploads\\\/2016\\\/02\\\/capture-d-ecran-29-59-2016_05.59.05-e1663327065784.jpg\",\"articleSection\":[\"\u00e9conomie et num\u00e9rique\"],\"inLanguage\":\"fr-FR\",\"potentialAction\":[{\"@type\":\"CommentAction\",\"name\":\"Comment\",\"target\":[\"https:\\\/\\\/visionarymarketing.com\\\/fr\\\/2016\\\/02\\\/01\\\/ville-numerique\\\/#respond\"]}]},{\"@type\":\"WebPage\",\"@id\":\"https:\\\/\\\/visionarymarketing.com\\\/fr\\\/2016\\\/02\\\/01\\\/ville-numerique\\\/\",\"url\":\"https:\\\/\\\/visionarymarketing.com\\\/fr\\\/2016\\\/02\\\/01\\\/ville-numerique\\\/\",\"name\":\"Ville num\u00e9rique : Caen la mer, l'agglo en mode digital\",\"isPartOf\":{\"@id\":\"https:\\\/\\\/visionarymarketing.com\\\/fr\\\/#website\"},\"primaryImageOfPage\":{\"@id\":\"https:\\\/\\\/visionarymarketing.com\\\/fr\\\/2016\\\/02\\\/01\\\/ville-numerique\\\/#primaryimage\"},\"image\":{\"@id\":\"https:\\\/\\\/visionarymarketing.com\\\/fr\\\/2016\\\/02\\\/01\\\/ville-numerique\\\/#primaryimage\"},\"thumbnailUrl\":\"https:\\\/\\\/visionarymarketing.com\\\/wp-content\\\/uploads\\\/2016\\\/02\\\/capture-d-ecran-29-59-2016_05.59.05-e1663327065784.jpg\",\"datePublished\":\"2016-02-01T07:55:18+00:00\",\"dateModified\":\"2024-03-06T07:42:26+00:00\",\"author\":{\"@id\":\"https:\\\/\\\/visionarymarketing.com\\\/fr\\\/#\\\/schema\\\/person\\\/ea6bc264ff230ddd88976cf6a2cdc91f\"},\"description\":\"Caen la mer, ville num\u00e9rique : Int\u00e9gr\u00e9 \u00e0 la strat\u00e9gie globale de communication, le num\u00e9rique am\u00e9liore la participation citoyenne ...\",\"breadcrumb\":{\"@id\":\"https:\\\/\\\/visionarymarketing.com\\\/fr\\\/2016\\\/02\\\/01\\\/ville-numerique\\\/#breadcrumb\"},\"inLanguage\":\"fr-FR\",\"potentialAction\":[{\"@type\":\"ReadAction\",\"target\":[\"https:\\\/\\\/visionarymarketing.com\\\/fr\\\/2016\\\/02\\\/01\\\/ville-numerique\\\/\"]}]},{\"@type\":\"ImageObject\",\"inLanguage\":\"fr-FR\",\"@id\":\"https:\\\/\\\/visionarymarketing.com\\\/fr\\\/2016\\\/02\\\/01\\\/ville-numerique\\\/#primaryimage\",\"url\":\"https:\\\/\\\/visionarymarketing.com\\\/wp-content\\\/uploads\\\/2016\\\/02\\\/capture-d-ecran-29-59-2016_05.59.05-e1663327065784.jpg\",\"contentUrl\":\"https:\\\/\\\/visionarymarketing.com\\\/wp-content\\\/uploads\\\/2016\\\/02\\\/capture-d-ecran-29-59-2016_05.59.05-e1663327065784.jpg\",\"width\":1363,\"height\":823,\"caption\":\"Berceau de la technologie NFC, l'agglom\u00e9ration de Caen-la-mer montre l'exemple en mati\u00e8re de ville intelligente.\"},{\"@type\":\"BreadcrumbList\",\"@id\":\"https:\\\/\\\/visionarymarketing.com\\\/fr\\\/2016\\\/02\\\/01\\\/ville-numerique\\\/#breadcrumb\",\"itemListElement\":[{\"@type\":\"ListItem\",\"position\":1,\"name\":\"Home\",\"item\":\"https:\\\/\\\/visionarymarketing.com\\\/fr\\\/\"},{\"@type\":\"ListItem\",\"position\":2,\"name\":\"Ville num\u00e9rique : Caen la mer, l&rsquo;agglo en mode digital\"}]},{\"@type\":\"WebSite\",\"@id\":\"https:\\\/\\\/visionarymarketing.com\\\/fr\\\/#website\",\"url\":\"https:\\\/\\\/visionarymarketing.com\\\/fr\\\/\",\"name\":\"Marketing and Innovation\",\"description\":\"Site d&#039;infos ind\u00e9pendant, depuis 1996\",\"potentialAction\":[{\"@type\":\"SearchAction\",\"target\":{\"@type\":\"EntryPoint\",\"urlTemplate\":\"https:\\\/\\\/visionarymarketing.com\\\/fr\\\/?s={search_term_string}\"},\"query-input\":{\"@type\":\"PropertyValueSpecification\",\"valueRequired\":true,\"valueName\":\"search_term_string\"}}],\"inLanguage\":\"fr-FR\"},{\"@type\":\"Person\",\"@id\":\"https:\\\/\\\/visionarymarketing.com\\\/fr\\\/#\\\/schema\\\/person\\\/ea6bc264ff230ddd88976cf6a2cdc91f\",\"name\":\"Pascale Decressac\",\"image\":{\"@type\":\"ImageObject\",\"inLanguage\":\"fr-FR\",\"@id\":\"https:\\\/\\\/secure.gravatar.com\\\/avatar\\\/40fc7f409b3b792b858b13933ec5f79b865b6c8b3beb4c9f7158acc4a5ea01e3?s=96&d=initials&r=g&initials=pd\",\"url\":\"https:\\\/\\\/secure.gravatar.com\\\/avatar\\\/40fc7f409b3b792b858b13933ec5f79b865b6c8b3beb4c9f7158acc4a5ea01e3?s=96&d=initials&r=g&initials=pd\",\"contentUrl\":\"https:\\\/\\\/secure.gravatar.com\\\/avatar\\\/40fc7f409b3b792b858b13933ec5f79b865b6c8b3beb4c9f7158acc4a5ea01e3?s=96&d=initials&r=g&initials=pd\",\"caption\":\"Pascale Decressac\"},\"description\":\"Consultante R\u00e9dactrice pour Visionary Marketing, Pascale Decressac est une touche-\u00e0-tout qui s'int\u00e9resse \u00e0 des sujets tr\u00e8s vari\u00e9s allant de l'urbanisme aux collectivit\u00e9s territoriales en passant par la relation client et la restauration. Des domaines apparemment tr\u00e8s diff\u00e9rents o\u00f9 les fronti\u00e8res ne sont pourtant pas si \u00e9tanches et o\u00f9 le digital est souvent sinon toujours pr\u00e9sent.\",\"sameAs\":[\"https:\\\/\\\/x.com\\\/@PDecressac\"],\"url\":\"https:\\\/\\\/visionarymarketing.com\\\/fr\\\/author\\\/pascale-decressac\\\/\"}]}<\/script>\n<!-- \/ Yoast SEO plugin. -->","yoast_head_json":{"title":"Ville num\u00e9rique : Caen la mer, l'agglo en mode digital","description":"Caen la mer, ville num\u00e9rique : Int\u00e9gr\u00e9 \u00e0 la strat\u00e9gie globale de communication, le num\u00e9rique am\u00e9liore la participation citoyenne ...","robots":{"index":"index","follow":"follow","max-snippet":"max-snippet:-1","max-image-preview":"max-image-preview:large","max-video-preview":"max-video-preview:-1"},"canonical":"https:\/\/visionarymarketing.com\/fr\/2016\/02\/01\/ville-numerique\/","og_locale":"fr_FR","og_type":"article","og_title":"Ville num\u00e9rique : Caen la mer, l'agglo en mode digital","og_description":"Caen la mer, ville num\u00e9rique : Int\u00e9gr\u00e9 \u00e0 la strat\u00e9gie globale de communication, le num\u00e9rique am\u00e9liore la participation citoyenne ...","og_url":"https:\/\/visionarymarketing.com\/fr\/2016\/02\/01\/ville-numerique\/","og_site_name":"Marketing and Innovation","article_publisher":"https:\/\/www.facebook.com\/vismktg","article_published_time":"2016-02-01T07:55:18+00:00","article_modified_time":"2024-03-06T07:42:26+00:00","og_image":[{"width":1363,"height":823,"url":"https:\/\/visionarymarketing.com\/wp-content\/uploads\/2016\/02\/capture-d-ecran-29-59-2016_05.59.05-e1663327065784.jpg","type":"image\/jpeg"}],"author":"Pascale Decressac","twitter_card":"summary_large_image","twitter_creator":"@PDecressac","twitter_site":"@ygourven","twitter_misc":{"\u00c9crit par":"Pascale Decressac","Dur\u00e9e de lecture estim\u00e9e":"6 minutes"},"schema":{"@context":"https:\/\/schema.org","@graph":[{"@type":"NewsArticle","@id":"https:\/\/visionarymarketing.com\/fr\/2016\/02\/01\/ville-numerique\/#article","isPartOf":{"@id":"https:\/\/visionarymarketing.com\/fr\/2016\/02\/01\/ville-numerique\/"},"author":{"name":"Pascale Decressac","@id":"https:\/\/visionarymarketing.com\/fr\/#\/schema\/person\/ea6bc264ff230ddd88976cf6a2cdc91f"},"headline":"Ville num\u00e9rique : Caen la mer, l&rsquo;agglo en mode digital","datePublished":"2016-02-01T07:55:18+00:00","dateModified":"2024-03-06T07:42:26+00:00","mainEntityOfPage":{"@id":"https:\/\/visionarymarketing.com\/fr\/2016\/02\/01\/ville-numerique\/"},"wordCount":1434,"commentCount":2,"image":{"@id":"https:\/\/visionarymarketing.com\/fr\/2016\/02\/01\/ville-numerique\/#primaryimage"},"thumbnailUrl":"https:\/\/visionarymarketing.com\/wp-content\/uploads\/2016\/02\/capture-d-ecran-29-59-2016_05.59.05-e1663327065784.jpg","articleSection":["\u00e9conomie et num\u00e9rique"],"inLanguage":"fr-FR","potentialAction":[{"@type":"CommentAction","name":"Comment","target":["https:\/\/visionarymarketing.com\/fr\/2016\/02\/01\/ville-numerique\/#respond"]}]},{"@type":"WebPage","@id":"https:\/\/visionarymarketing.com\/fr\/2016\/02\/01\/ville-numerique\/","url":"https:\/\/visionarymarketing.com\/fr\/2016\/02\/01\/ville-numerique\/","name":"Ville num\u00e9rique : Caen la mer, l'agglo en mode digital","isPartOf":{"@id":"https:\/\/visionarymarketing.com\/fr\/#website"},"primaryImageOfPage":{"@id":"https:\/\/visionarymarketing.com\/fr\/2016\/02\/01\/ville-numerique\/#primaryimage"},"image":{"@id":"https:\/\/visionarymarketing.com\/fr\/2016\/02\/01\/ville-numerique\/#primaryimage"},"thumbnailUrl":"https:\/\/visionarymarketing.com\/wp-content\/uploads\/2016\/02\/capture-d-ecran-29-59-2016_05.59.05-e1663327065784.jpg","datePublished":"2016-02-01T07:55:18+00:00","dateModified":"2024-03-06T07:42:26+00:00","author":{"@id":"https:\/\/visionarymarketing.com\/fr\/#\/schema\/person\/ea6bc264ff230ddd88976cf6a2cdc91f"},"description":"Caen la mer, ville num\u00e9rique : Int\u00e9gr\u00e9 \u00e0 la strat\u00e9gie globale de communication, le num\u00e9rique am\u00e9liore la participation citoyenne ...","breadcrumb":{"@id":"https:\/\/visionarymarketing.com\/fr\/2016\/02\/01\/ville-numerique\/#breadcrumb"},"inLanguage":"fr-FR","potentialAction":[{"@type":"ReadAction","target":["https:\/\/visionarymarketing.com\/fr\/2016\/02\/01\/ville-numerique\/"]}]},{"@type":"ImageObject","inLanguage":"fr-FR","@id":"https:\/\/visionarymarketing.com\/fr\/2016\/02\/01\/ville-numerique\/#primaryimage","url":"https:\/\/visionarymarketing.com\/wp-content\/uploads\/2016\/02\/capture-d-ecran-29-59-2016_05.59.05-e1663327065784.jpg","contentUrl":"https:\/\/visionarymarketing.com\/wp-content\/uploads\/2016\/02\/capture-d-ecran-29-59-2016_05.59.05-e1663327065784.jpg","width":1363,"height":823,"caption":"Berceau de la technologie NFC, l'agglom\u00e9ration de Caen-la-mer montre l'exemple en mati\u00e8re de ville intelligente."},{"@type":"BreadcrumbList","@id":"https:\/\/visionarymarketing.com\/fr\/2016\/02\/01\/ville-numerique\/#breadcrumb","itemListElement":[{"@type":"ListItem","position":1,"name":"Home","item":"https:\/\/visionarymarketing.com\/fr\/"},{"@type":"ListItem","position":2,"name":"Ville num\u00e9rique : Caen la mer, l&rsquo;agglo en mode digital"}]},{"@type":"WebSite","@id":"https:\/\/visionarymarketing.com\/fr\/#website","url":"https:\/\/visionarymarketing.com\/fr\/","name":"Marketing and Innovation","description":"Site d&#039;infos ind\u00e9pendant, depuis 1996","potentialAction":[{"@type":"SearchAction","target":{"@type":"EntryPoint","urlTemplate":"https:\/\/visionarymarketing.com\/fr\/?s={search_term_string}"},"query-input":{"@type":"PropertyValueSpecification","valueRequired":true,"valueName":"search_term_string"}}],"inLanguage":"fr-FR"},{"@type":"Person","@id":"https:\/\/visionarymarketing.com\/fr\/#\/schema\/person\/ea6bc264ff230ddd88976cf6a2cdc91f","name":"Pascale Decressac","image":{"@type":"ImageObject","inLanguage":"fr-FR","@id":"https:\/\/secure.gravatar.com\/avatar\/40fc7f409b3b792b858b13933ec5f79b865b6c8b3beb4c9f7158acc4a5ea01e3?s=96&d=initials&r=g&initials=pd","url":"https:\/\/secure.gravatar.com\/avatar\/40fc7f409b3b792b858b13933ec5f79b865b6c8b3beb4c9f7158acc4a5ea01e3?s=96&d=initials&r=g&initials=pd","contentUrl":"https:\/\/secure.gravatar.com\/avatar\/40fc7f409b3b792b858b13933ec5f79b865b6c8b3beb4c9f7158acc4a5ea01e3?s=96&d=initials&r=g&initials=pd","caption":"Pascale Decressac"},"description":"Consultante R\u00e9dactrice pour Visionary Marketing, Pascale Decressac est une touche-\u00e0-tout qui s'int\u00e9resse \u00e0 des sujets tr\u00e8s vari\u00e9s allant de l'urbanisme aux collectivit\u00e9s territoriales en passant par la relation client et la restauration. Des domaines apparemment tr\u00e8s diff\u00e9rents o\u00f9 les fronti\u00e8res ne sont pourtant pas si \u00e9tanches et o\u00f9 le digital est souvent sinon toujours pr\u00e9sent.","sameAs":["https:\/\/x.com\/@PDecressac"],"url":"https:\/\/visionarymarketing.com\/fr\/author\/pascale-decressac\/"}]}},"_links":{"self":[{"href":"https:\/\/visionarymarketing.com\/fr\/wp-json\/wp\/v2\/posts\/20357","targetHints":{"allow":["GET"]}}],"collection":[{"href":"https:\/\/visionarymarketing.com\/fr\/wp-json\/wp\/v2\/posts"}],"about":[{"href":"https:\/\/visionarymarketing.com\/fr\/wp-json\/wp\/v2\/types\/post"}],"author":[{"embeddable":true,"href":"https:\/\/visionarymarketing.com\/fr\/wp-json\/wp\/v2\/users\/42"}],"replies":[{"embeddable":true,"href":"https:\/\/visionarymarketing.com\/fr\/wp-json\/wp\/v2\/comments?post=20357"}],"version-history":[{"count":0,"href":"https:\/\/visionarymarketing.com\/fr\/wp-json\/wp\/v2\/posts\/20357\/revisions"}],"wp:featuredmedia":[{"embeddable":true,"href":"https:\/\/visionarymarketing.com\/fr\/wp-json\/wp\/v2\/media\/20373"}],"wp:attachment":[{"href":"https:\/\/visionarymarketing.com\/fr\/wp-json\/wp\/v2\/media?parent=20357"}],"wp:term":[{"taxonomy":"category","embeddable":true,"href":"https:\/\/visionarymarketing.com\/fr\/wp-json\/wp\/v2\/categories?post=20357"},{"taxonomy":"post_tag","embeddable":true,"href":"https:\/\/visionarymarketing.com\/fr\/wp-json\/wp\/v2\/tags?post=20357"}],"curies":[{"name":"wp","href":"https:\/\/api.w.org\/{rel}","templated":true}]}}