{"id":20101,"date":"2016-01-05T08:51:50","date_gmt":"2016-01-05T07:51:50","guid":{"rendered":"http:\/\/visionarymarketing.fr\/blog\/?p=20101"},"modified":"2023-07-11T09:34:49","modified_gmt":"2023-07-11T07:34:49","slug":"marketing-territorial-digital","status":"publish","type":"post","link":"https:\/\/visionarymarketing.com\/fr\/2016\/01\/05\/marketing-territorial-digital\/","title":{"rendered":"Le digital au service du marketing territorial"},"content":{"rendered":"<p><span style=\"color: #333399;\"><em>Les territoires se con\u00e7oivent de plus en plus comme des marques qui doivent \u00ab\u00a0se vendre\u00a0\u00bb pour attirer de nouveaux habitants, des entreprises, des investisseurs\u2026 en affirmant leurs atouts vis-\u00e0-vis de leurs cong\u00e9n\u00e8res et concurrentes. Le <strong>marketing territorial<\/strong>, comme il convient d&rsquo;appeler ce ph\u00e9nom\u00e8ne, s&rsquo;inspire des m\u00e9thodes traditionnellement utilis\u00e9es par le marketing. Les technologies digitales, en fort d\u00e9veloppement, occupent une place pr\u00e9pond\u00e9rante dans cette strat\u00e9gie. De plus en plus pr\u00e9sentes sur les m\u00e9dias num\u00e9riques, et notamment sur les r\u00e9seaux sociaux, les collectivit\u00e9s professionnalisent leur approche du marketing digital. <a href=\"http:\/\/www.ladepeche.fr\/article\/2014\/09\/30\/1962366-budget-2015-austerite-accrue-pour-les-collectivites-locales.html\" target=\"_blank\" rel=\"noopener noreferrer\">En p\u00e9riode de restriction budg\u00e9taire<\/a>, elles doivent aussi prendre des virages strat\u00e9giques en se donnant les moyens d&rsquo;agir efficacement pour obtenir des r\u00e9sultats \u00e0 la hauteur de leurs attentes.<\/em><\/span><\/p>\n<h2><strong>Les techniques du marketing au service du public<\/strong><\/h2>\n<p>Tr\u00e8s logiquement, les destinations touristiques \u2013 en particulier au travers des offices de tourisme \u2013 ont \u00e9t\u00e9 les premiers acteurs territoriaux \u00e0 adopter des m\u00e9thodes issues du marketing. Logos, goodies, slogans publicitaires destin\u00e9s \u00e0 promouvoir des villes ou des territoires plus larges sont apparus avec pour objectif d&rsquo;attirer des touristes et de d\u00e9velopper la notori\u00e9t\u00e9 de la destination. Un objectif tr\u00e8s proche du marketing dans le secteur priv\u00e9 en somme. Mais peu \u00e0 peu, des villes ou des territoires plus larges (r\u00e9gions, communaut\u00e9s d&rsquo;agglom\u00e9ration\u2026) ont d\u00e9velopp\u00e9 \u00e0 leur tour une approche marketing de leur territoire en vue d&rsquo;accro\u00eetre leur notori\u00e9t\u00e9 mais aussi d&rsquo;attirer des habitants et des entreprises. Le marketing territorial \u00e9tait n\u00e9. <a href=\"https:\/\/web.archive.org\/web\/20210414143009\/https:\/\/www.lemansdeveloppement.fr\/actualites\/vincent-gollain-directeur-du-departement-economie-et-developpement-local-de-liau-institut-damenagement-et-durbanisme-ile-de-france-co-auteur-du-livre-attractivite-et-competitivite-des-ter\/\" target=\"_blank\" rel=\"noopener noreferrer\">Vincent Gollain, Directeur Economie et D\u00e9veloppement Local \u00e0 l&rsquo;IAU Ile-de-France<\/a> (<a href=\"https:\/\/www.institutparisregion.fr\" target=\"_blank\" rel=\"noopener noreferrer\">Institut d&rsquo;Am\u00e9nagement et d&rsquo;Urbanisme d&rsquo;Ile-de-France<\/a>), sp\u00e9cialiste du marketing territorial pr\u00e9cise que <em>\u00ab\u00a0le marketing territorial vise \u00e0 agir sur la valeur per\u00e7ue d&rsquo;un territoire\u00a0\u00bb<\/em>. Si, comme l&rsquo;indique <a href=\"http:\/\/www.auvergnepro.com\/agent\/gerard_lombardi\" target=\"_blank\" rel=\"noopener noreferrer\">G\u00e9rard Lombardi<\/a>, Responsable Marketing Territorial \u2013 Emploi au sein de l&rsquo;Agence des Territoires d\u2019Auvergne, \u00ab\u00a0<em>le marketing territorial n&rsquo;\u00e9chappe pas aux r\u00e8gles du marketing classique\u00a0\u00bb,<\/em> contrairement \u00e0 une marque ayant une identit\u00e9 unique, <em>\u00ab\u00a0le marketing territorial est un processus collectif puisqu&rsquo;un territoire est compos\u00e9 de plusieurs acteurs\u00a0\u00bb,<\/em> souligne Vincent Gollain.<\/p>\n<figure id=\"attachment_20105\" aria-describedby=\"caption-attachment-20105\" style=\"width: 740px\" class=\"wp-caption aligncenter\"><img decoding=\"async\" class=\"wp-image-20105 size-large\" src=\"https:\/\/visionarymarketing.com\/wp-content\/uploads\/2016\/01\/capture-d-ecran-04-45-2016_10.45.34-1024x664.png\" alt=\"marketing territorial\" width=\"740\" height=\"480\" srcset=\"https:\/\/visionarymarketing.com\/wp-content\/uploads\/2016\/01\/capture-d-ecran-04-45-2016_10.45.34-1024x664.png 1024w, https:\/\/visionarymarketing.com\/wp-content\/uploads\/2016\/01\/capture-d-ecran-04-45-2016_10.45.34-463x300.png 463w, https:\/\/visionarymarketing.com\/wp-content\/uploads\/2016\/01\/capture-d-ecran-04-45-2016_10.45.34-768x498.png 768w, https:\/\/visionarymarketing.com\/wp-content\/uploads\/2016\/01\/capture-d-ecran-04-45-2016_10.45.34-1000x650.png 1000w, https:\/\/visionarymarketing.com\/wp-content\/uploads\/2016\/01\/capture-d-ecran-04-45-2016_10.45.34.png 1533w\" sizes=\"(max-width: 740px) 100vw, 740px\" \/><figcaption id=\"caption-attachment-20105\" class=\"wp-caption-text\">Beaucoup de r\u00e9gions utilisent le digital pour se mettre en valeur, \u00e0 la fa\u00e7on d&rsquo;une marque.<\/figcaption><\/figure>\n<h2><strong>Marketing territorial : une d\u00e9marche d&rsquo;attractivit\u00e9 globale<\/strong><\/h2>\n<p><em>\u00a0\u00bb Le marketing territorial doit \u00eatre une d\u00e9marche d&rsquo;attractivit\u00e9 globale\u00a0\u00bb<\/em>, explique <span class=\"removed_link\" title=\"https:\/\/fr.linkedin.com\/in\/christophe-alaux-749a9151\">Christophe Alaux<\/span>, Ma\u00eetre de\u00a0conf\u00e9rences en\u00a0 Sciences de Gestion, Directeur de la Chaire \u00ab\u00a0Attractivit\u00e9 et Nouveau Marketing Territorial\u00a0\u00bb et Directeur-adjoint de l\u2019IMPGT (Institut de management public et gouvernance territoriale) qui remet chaque ann\u00e9e les \u00ab\u00a0<span class=\"removed_link\" title=\"http:\/\/placemarketingforum.com\/wp-content\/uploads\/2015\/09\/PMF-2014-Dossier-de-Presse.pdf\">Place marketing Awards<\/span>\u00a0\u00bb aux territoires champions du marketing territorial. La r\u00e9ussite d&rsquo;une d\u00e9marche de management territorial repose selon lui sur plusieurs <!--more-->ingr\u00e9dients : la mobilisation des acteurs du territoire, une r\u00e9flexion sur les modes de gouvernance \u00e0 adopter, l&rsquo;implication des acteurs du secteur priv\u00e9 et de la soci\u00e9t\u00e9 civile\u00a0 et le d\u00e9ploiement de strat\u00e9gies de marque. <em>\u00ab\u00a0Le marketing de type silo (marketing touristique, \u00e9conomique culturel etc) o\u00f9 chacun communique sur son domaine n\u2019est plus de mise\u00a0\u00bb<\/em>, remarque de son c\u00f4t\u00e9 <span class=\"removed_link\" title=\"https:\/\/fr.linkedin.com\/in\/albine-villeger-5b87513a\">Albine Villeger<\/span>, Charg\u00e9e de communication en marketing territorial et d\u00e9veloppement \u00e9conomique\u00a0\u00e0 la Communaut\u00e9 d&rsquo;agglom\u00e9ration Evry Centre Essonne. <em>\u00ab\u00a0Il convient de mettre en synergie et en coh\u00e9rence tous les atouts d\u2019un territoire, et tous les acteurs \u00e9galement, priv\u00e9s ou publics, et ce pour une raison simple\u00a0:\u00a0le marketing territorial marche sur deux pieds\u00a0: l\u2019offre et l\u2019image\u00a0\u00bb<\/em>, explique-t-elle, affirmant que la qualit\u00e9 territoriale constitue un ensemble d\u2019atouts qu\u2019il faut agr\u00e9ger.<\/p>\n<p>La r\u00e9ussite d&rsquo;une approche de marketing territorial r\u00e9side donc dans la capacit\u00e9 des acteurs du territoire \u00e0 travailler ensemble et \u00e0 s&rsquo;adresser \u00e0 des publics h\u00e9t\u00e9rog\u00e8nes, ce qui implique de construire des strat\u00e9gies marketing diff\u00e9renci\u00e9es en fonction des publics cibl\u00e9s. Et c&rsquo;est l\u00e0 que les technologies de marketing digital interviennent et se d\u00e9veloppent de plus en plus.<\/p>\n<h2><strong>Les technologies digitales gagnent du terrain<\/strong><\/h2>\n<p>L&rsquo;av\u00e8nement des communaut\u00e9s digitales ne laisse pas les collectivit\u00e9s territoriales en reste. Le <a href=\"https:\/\/web.archive.org\/web\/20210413161650\/http:\/\/www.ideose.com\/barometre-collectivites-territoriales-reseaux-sociaux\/\" target=\"_blank\" rel=\"noopener noreferrer\">barom\u00e8tre Ideose<\/a><a href=\"https:\/\/web.archive.org\/web\/20210413161650\/http:\/\/www.ideose.com\/barometre-collectivites-territoriales-reseaux-sociaux\/\" target=\"_blank\" rel=\"noopener noreferrer\"> (r\u00e9pertoriant la pr\u00e9sence des collectivit\u00e9s territoriales sur les r\u00e9seaux sociaux)<\/a> le montre : 54% des villes pr\u00e9fecture ont aujourd&rsquo;hui un compte Facebook et elles sont 49% \u00e0 \u00eatre pr\u00e9sentes sur Twitter. Des chiffres qui grimpent lorsque l&rsquo;on parle des d\u00e9partements (66% sont pr\u00e9sents sur Facebook et 49% sur Twitter) et explosent quand il s&rsquo;agit des r\u00e9gions (96% des conseils r\u00e9gionaux ont un compte Facebook et 85% un compte Twitter). <em>\u00ab\u00a0Les collectivit\u00e9s sont d\u00e9j\u00e0 toutes pr\u00e9sentes sur Facebook qui a absorb\u00e9 les pages communautaires de Wikip\u00e9dia ; elles ont donc int\u00e9r\u00eat \u00e0 ma\u00eetriser leur pr\u00e9sence en ayant leur propre page et en l&rsquo;animant\u00a0\u00bb<\/em>, remarque <span class=\"removed_link\" title=\"https:\/\/www.linkedin.com\/in\/franckconfino\">Franck Confino<\/span>, directeur de l&rsquo;agence Adverbia, consultant en strat\u00e9gie digitale. Et cette pr\u00e9sence est loin d&rsquo;\u00eatre une coquille vide puisque les villes pr\u00e9fecture ont plus de 22 000 fans en moyenne. Et les statistiques peuvent s&rsquo;envoler, \u00e0 l&rsquo;instar de ce que l&rsquo;on constate sur la page Facebook de Paris qui affiche plus de 2,7 millions de fans\u2026 soit plus que la population de la capitale ! En moyenne, les villes pr\u00e9fecture publient 1,63 posts par jour, avec des champions comme Angers (3,58). De plus, \u00e0 l&rsquo;instar des marques, les collectivit\u00e9s ont bien compris l&rsquo;impact des images, si bien que les posts de texte pur sur Facebook ne repr\u00e9sentent plus que 11% des posts publi\u00e9s par les villes pr\u00e9fecture, l&rsquo;image (dessin, photo) gagnant du terrain (89% des posts) tandis que la vid\u00e9o, toujours marginale (4%), progresse.<\/p>\n<h2><strong>Des outils au service d&rsquo;une strat\u00e9gie<\/strong><\/h2>\n<p>Il est une chose de gagner des fans pour renforcer les liens d&rsquo;une ville ou d&rsquo;une collectivit\u00e9 territoriale avec ses habitants, il en est une autre de transformer des cibles en client\u00e8le. <em>\u00ab\u00a0Il ne faut pas aller sur les r\u00e9seaux sociaux \u00ab\u00a0parce que tout le monde le fait\u00a0\u00bb, mais avec une vraie strat\u00e9gie\u00a0\u00bb<\/em>, r\u00e9sume Franck Confino. Ainsi, ouvrir une page Facebook pour \u00ab\u00a0faire comme tout le monde\u00a0\u00bb mais s&rsquo;en servir uniquement comme d&rsquo;un agenda culturel et politique en restant \u00ab\u00a0enferm\u00e9 dans sa citadelle\u00a0\u00bb est totalement contre-productif. <em>\u00ab\u00a0<strong>La pire r\u00e9action \u00e0 avoir est de censurer les critiques ou de ne pas r\u00e9pondre<\/strong>\u00ab\u00a0<\/em>, remarque Franck Confino. Au contraire, il faut passer d&rsquo;une logique\u00a0 communicationnelle \u00e0 une logique conversationnelle. Autre r\u00e8gle d&rsquo;or pour les collectivit\u00e9s d\u00e9cidant de s&rsquo;engager sur les r\u00e9seaux sociaux : se fixer des objectifs pr\u00e9cis et les mesurer clairement. Comme dans le marketing \u00ab\u00a0classique\u00a0\u00bb, les kpi (<a href=\"https:\/\/fr.wikipedia.org\/wiki\/Indicateur_cl%C3%A9_de_performance\" target=\"_blank\" rel=\"noopener noreferrer\">key performance indicators<\/a>) ont donc toute leur place ! <em>\u00ab\u00a0Les outils digitaux doivent \u00eatre mis au service d&rsquo;une strat\u00e9gie globale\u00a0\u00bb<\/em>, r\u00e9sume Vincent Gollain. \u00ab\u00a0<em>Les outils digitaux sont rarement les moyens exclusifs d\u2019une r\u00e9ussite de marketing territorial mais sont d\u00e9sormais incontournables<\/em>\u00ab\u00a0, pr\u00e9cise Albine Villeger, estimant qu&rsquo;un territoire qui ne serait pas pr\u00e9sent sur le Web et les r\u00e9seaux sociaux deviendrait pour ainsi dire invisible dans l\u2019environnement 2.0 et 3.0 qui constitue dor\u00e9navant un univers \u00e0 part enti\u00e8re des habitants, acteurs locaux, entreprises\u2026 \u00ab\u00a0<em>Les r\u00e9seaux sociaux constituent une caisse de r\u00e9sonance et si tous les acteurs se rassemblent dans le cadre d\u2019une d\u00e9marche d\u2019attractivit\u00e9 commune, ils partagent aussi leur vision du territoire et donc la mani\u00e8re de communiquer sur les atouts du territoire<\/em>\u00ab\u00a0, remarque Albine Villeger.<\/p>\n<h2><strong>Community manager, un poste strat\u00e9gique <\/strong><\/h2>\n<p><em>\u00ab\u00a0Le community manager, c\u2019est le manager de la communaut\u00e9 de demain!\u00a0\u00bb<\/em>, affirme Albine Villeger. Fini donc le recrutement avec pour principal crit\u00e8re l&rsquo;appartenance \u00e0 la g\u00e9n\u00e9ration Y ? Si l&rsquo;importance du community management reste encore difficile \u00e0 appr\u00e9hender dans beaucoup de communes, habitu\u00e9es \u00e0 la \u00ab\u00a0confortable\u00a0\u00bb communication uniquement descendante vers les \u00ab\u00a0administr\u00e9s-\u00e9lecteurs\u00a0\u00bb, les territoires qui s&rsquo;engagent dans une d\u00e9marche de marketing territorial prennent clairement de plus en plus conscience du r\u00f4le cl\u00e9 que joue le community manager dont le r\u00f4le est loin de se r\u00e9sumer \u00e0 quelques tweets et posts par jour. <em>\u00ab\u00a0Ce m\u00e9tier n\u00e9cessite un <\/em><em>regard critique et une capacit\u00e9 \u00e0 trouver rapidement des informations et \u00e0 r\u00e9pondre de mani\u00e8re satisfaisante en s&rsquo;adaptant \u00e0 chaque public<\/em>\u00ab\u00a0, remarque Christophe Alaux qui juge l\u00e9gitime d&rsquo;exiger un master pour ces postes r\u00e9ellement strat\u00e9giques. Des comp\u00e9tences qui, contrairement aux outils qu&rsquo;elles utilisent, ont un co\u00fbt lors du recrutement ou pour la formation car ces \u00ab\u00a0strat\u00e8ges\u00a0\u00bb sont de plus en plus amen\u00e9s \u00e0 suivre des formations afin de ma\u00eetriser les outils digitaux qui peuvent s&rsquo;av\u00e9rer de formidables vecteurs de notori\u00e9t\u00e9 mais aussi de puissants destructeurs d&rsquo;image s&rsquo;ils sont mal ma\u00eetris\u00e9s.<\/p>\n<h2><strong>Moins chers que le papier<\/strong><\/h2>\n<p><em>\u00ab\u00a0Aujourd&rsquo;hui, le marketing, quel qu&rsquo;il soit, ne peut pas se passer des outils digitaux\u00a0\u00bb,<\/em> remarque G\u00e9rard Lombardi qui voit dans ces outils un atout ind\u00e9niable : leur co\u00fbt encore raisonnable par rapport aux autres m\u00e9dias et la capacit\u00e9 de ciblage exceptionnelle des m\u00e9dias digitaux. <em>\u00a0\u00bb Il n&rsquo;y a plus forc\u00e9ment de lien direct entre visibilit\u00e9 et efficacit\u00e9<\/em>\u00ab\u00a0, note G\u00e9rard Lombardi. Si la r\u00e9gion Auvergne a \u00e9t\u00e9 visionnaire en mati\u00e8re de marketing territorial digital et s&rsquo;est engag\u00e9e, d\u00e8s 2007 sur les m\u00e9dias digitaux, ce n&rsquo;est pas par hasard ou par simple envie de se d\u00e9marquer (\u00e0 l&rsquo;\u00e9poque), mais pour des raisons financi\u00e8res. Face \u00e0 la d\u00e9sertification de ses campagnes, la r\u00e9gion a cherch\u00e9 \u00e0 renforcer son attractivit\u00e9 afin d&rsquo;attirer de nouveaux habitants. A objectif diff\u00e9rent (puisque les agences de marketing territorial cherchent g\u00e9n\u00e9ralement \u00e0 attirer des entreprises) moyens diff\u00e9rents\u2026 et budget sans commune mesure ! Le choix du digital, s&rsquo;il s&rsquo;est av\u00e9r\u00e9 judicieux, n&rsquo;en \u00e9tait donc \u00e0 l&rsquo;origine pas vraiment un. Aujourd&rsquo;hui encore, 95% du budget publicitaire de la r\u00e9gion Auvergne est d\u00e9ploy\u00e9 sur les outils digitaux, notamment sur les r\u00e9gies affinitaires (Outbrain\u2026) qui s&rsquo;av\u00e8rent extr\u00eamement efficaces pour cibler pr\u00e9cis\u00e9ment des aspirants au \u00ab\u00a0changement de vie\u00a0\u00bb, promesse affich\u00e9e par la r\u00e9gion qui ne l\u00e9sine pas sur les moyens pour attirer et garder ses nouveaux venus.<\/p>\n<h2><strong>Se donner les moyens de ses ambitions <\/strong><\/h2>\n<p>Outre le co\u00fbt humain que n\u00e9cessite l&rsquo;usage des outils digitaux, le co\u00fbt technologique doit \u00e9galement \u00eatre pris en compte. Or<em> \u00ab\u00a0il<\/em> <em>est encore difficile de positionner des budgets pour la communication num\u00e9rique<\/em>\u00ab\u00a0, remarque Albine Villeger. Pourtant, mettre en place un outil digital au service du marketing d&rsquo;un territoire est parfois on\u00e9reux, \u00e0 l&rsquo;instar du projet SmartCity+. Laur\u00e9at du Grand emprunt \/ Investissement d&rsquo;avenir \u00ab\u00a0Ville num\u00e9rique\u00a0\u00bb en 2012, le projet, <a href=\"http:\/\/www.navidis.com\/\" target=\"_blank\" rel=\"noopener noreferrer\">port\u00e9 par la soci\u00e9t\u00e9 Navidis<\/a>, a \u00e9t\u00e9 lanc\u00e9 le 1er octobre 2015 sur la communaut\u00e9 d&rsquo;agglom\u00e9ration Grand Paris Seine Ouest (8 communes, 314 621 habitants, \u00a0166 000 salari\u00e9s, 22 000 entreprises et commerces). Son co\u00fbt pour la collectivit\u00e9 s&rsquo;\u00e9tablit \u00e0 55 000 \u20ac (20 000 euros pour la mise en place initiale du service, 15 000 \u20ac de licence annuelle et 20 000 \u20ac optionnel pour le service de community management). Montant auquel il faut ajouter toutes les actions de communication men\u00e9es dans les huit communes de la communaut\u00e9 d&rsquo;agglom\u00e9ration (publicit\u00e9 sur les supports num\u00e9riques et papier, conf\u00e9rence de presse avec des invit\u00e9s prestigieux\u2026). Un budget toutefois \u00e0 la hauteur de ce projet extr\u00eamement ambitieux. <em>\u00ab\u00a0SmartCity+ mise sur le d\u00e9veloppement \u00e9conomique, social et solidaire\u00a0\u00bb<\/em>, explique <span class=\"removed_link\" title=\"https:\/\/www.linkedin.com\/in\/philippe-perennez-1060225a\">Philippe Perennez<\/span>, Directeur R&amp;D de Navidis. SmartCity+, qui a vocation \u00e0 s&rsquo;exporter sur d&rsquo;autres territoires, est bel et bien un outil de marketing territorial. En effet, <a href=\"https:\/\/web.archive.org\/web\/20160331102528\/http:\/\/seineouestdigital.fr\/smart-city-vos-services-locaux-partout-tout-le-temps-sur-tous-supports\/\" target=\"_blank\" rel=\"noopener noreferrer\">cette plateforme, qui a n\u00e9cessit\u00e9 deux ans de d\u00e9veloppement et 5 millions d&rsquo;euros de budget<\/a>, permet de valoriser sur un m\u00eame support &#8211; surtout utilis\u00e9 en mobilit\u00e9 &#8211; les atouts du territoire, qu&rsquo;ils \u00e9manent du secteur public ou priv\u00e9. Et pour les citoyens (habitants, associations, commerces\u2026), il s&rsquo;agit d&rsquo;une v\u00e9ritable plateforme de services permettant aux utilisateurs d&rsquo;interagir librement. <em>\u00ab\u00a0Les territoires se prennent en main pour leur avenir et rassemblent ainsi des \u00e9nergies pour communiquer sur leurs projets. Cela correspond aussi \u00e0 la tendance du \u00ab\u00a0<a href=\"https:\/\/en.wikipedia.org\/wiki\/Placemaking\" target=\"_blank\" rel=\"noopener noreferrer\">place-making<\/a>\u00a0\u00bb les citoyens s\u2019organisent pour construire leur attractivit\u00e9<\/em>\u00ab\u00a0, r\u00e9sume Albine Villeger.<\/p>\n<p>Si le marketing territorial a su puiser dans les techniques et outils propres au marketing issu du secteur marchand, le processus pourrait-il s&rsquo;inverser ? L&rsquo;avenir nous le dira.<\/p>\n<p>&nbsp;<\/p>\n","protected":false},"excerpt":{"rendered":"<p>Les territoires se con\u00e7oivent de plus en plus comme des marques qui doivent \u00ab\u00a0se vendre\u00a0\u00bb pour attirer de nouveaux habitants, des entreprises, des investisseurs\u2026 en affirmant leurs atouts vis-\u00e0-vis de leurs cong\u00e9n\u00e8res et concurrentes. Le marketing territorial, comme il convient d&rsquo;appeler ce ph\u00e9nom\u00e8ne, s&rsquo;inspire des m\u00e9thodes traditionnellement utilis\u00e9es par le marketing. Les technologies digitales, en &hellip;<\/p>\n","protected":false},"author":42,"featured_media":34063,"comment_status":"open","ping_status":"open","sticky":false,"template":"","format":"standard","meta":{"footnotes":""},"categories":[134],"tags":[],"class_list":["post-20101","post","type-post","status-publish","format-standard","has-post-thumbnail","hentry","category-economie"],"yoast_head":"<!-- This site is optimized with the Yoast SEO plugin v27.5 - https:\/\/yoast.com\/product\/yoast-seo-wordpress\/ -->\n<title>Le digital au service du marketing territorial<\/title>\n<meta name=\"description\" content=\"Les territoires se con\u00e7oivent de plus en plus comme des marques qui doivent &quot;se vendre&quot; pour attirer de nouveaux habitants, des entreprises, des\" \/>\n<meta name=\"robots\" content=\"index, follow, max-snippet:-1, max-image-preview:large, max-video-preview:-1\" \/>\n<link rel=\"canonical\" href=\"https:\/\/visionarymarketing.com\/fr\/2016\/01\/05\/marketing-territorial-digital\/\" \/>\n<meta property=\"og:locale\" content=\"fr_FR\" \/>\n<meta property=\"og:type\" content=\"article\" \/>\n<meta property=\"og:title\" content=\"Le digital au service du marketing territorial\" \/>\n<meta property=\"og:description\" content=\"Les territoires se con\u00e7oivent de plus en plus comme des marques qui doivent &quot;se vendre&quot; pour attirer de nouveaux habitants, des entreprises, des\" \/>\n<meta property=\"og:url\" content=\"https:\/\/visionarymarketing.com\/fr\/2016\/01\/05\/marketing-territorial-digital\/\" \/>\n<meta property=\"og:site_name\" content=\"Marketing and Innovation\" \/>\n<meta property=\"article:publisher\" content=\"https:\/\/www.facebook.com\/vismktg\" \/>\n<meta property=\"article:published_time\" content=\"2016-01-05T07:51:50+00:00\" \/>\n<meta property=\"article:modified_time\" content=\"2023-07-11T07:34:49+00:00\" \/>\n<meta property=\"og:image\" content=\"https:\/\/visionarymarketing.com\/wp-content\/uploads\/2019\/11\/48112460011_0d38a2b2a9_k.jpg\" \/>\n\t<meta property=\"og:image:width\" content=\"644\" \/>\n\t<meta property=\"og:image:height\" content=\"430\" \/>\n\t<meta property=\"og:image:type\" content=\"image\/jpeg\" \/>\n<meta name=\"author\" content=\"Pascale Decressac\" \/>\n<meta name=\"twitter:card\" content=\"summary_large_image\" \/>\n<meta name=\"twitter:creator\" content=\"@PDecressac\" \/>\n<meta name=\"twitter:site\" content=\"@ygourven\" \/>\n<meta name=\"twitter:label1\" content=\"\u00c9crit par\" \/>\n\t<meta name=\"twitter:data1\" content=\"Pascale Decressac\" \/>\n\t<meta name=\"twitter:label2\" content=\"Dur\u00e9e de lecture estim\u00e9e\" \/>\n\t<meta name=\"twitter:data2\" content=\"10 minutes\" \/>\n<script type=\"application\/ld+json\" class=\"yoast-schema-graph\">{\"@context\":\"https:\\\/\\\/schema.org\",\"@graph\":[{\"@type\":\"NewsArticle\",\"@id\":\"https:\\\/\\\/visionarymarketing.com\\\/fr\\\/2016\\\/01\\\/05\\\/marketing-territorial-digital\\\/#article\",\"isPartOf\":{\"@id\":\"https:\\\/\\\/visionarymarketing.com\\\/fr\\\/2016\\\/01\\\/05\\\/marketing-territorial-digital\\\/\"},\"author\":{\"name\":\"Pascale Decressac\",\"@id\":\"https:\\\/\\\/visionarymarketing.com\\\/fr\\\/#\\\/schema\\\/person\\\/ea6bc264ff230ddd88976cf6a2cdc91f\"},\"headline\":\"Le digital au service du marketing territorial\",\"datePublished\":\"2016-01-05T07:51:50+00:00\",\"dateModified\":\"2023-07-11T07:34:49+00:00\",\"mainEntityOfPage\":{\"@id\":\"https:\\\/\\\/visionarymarketing.com\\\/fr\\\/2016\\\/01\\\/05\\\/marketing-territorial-digital\\\/\"},\"wordCount\":2122,\"commentCount\":23,\"image\":{\"@id\":\"https:\\\/\\\/visionarymarketing.com\\\/fr\\\/2016\\\/01\\\/05\\\/marketing-territorial-digital\\\/#primaryimage\"},\"thumbnailUrl\":\"https:\\\/\\\/visionarymarketing.com\\\/wp-content\\\/uploads\\\/2019\\\/11\\\/48112460011_0d38a2b2a9_k.jpg\",\"articleSection\":[\"\u00e9conomie et num\u00e9rique\"],\"inLanguage\":\"fr-FR\",\"potentialAction\":[{\"@type\":\"CommentAction\",\"name\":\"Comment\",\"target\":[\"https:\\\/\\\/visionarymarketing.com\\\/fr\\\/2016\\\/01\\\/05\\\/marketing-territorial-digital\\\/#respond\"]}]},{\"@type\":\"WebPage\",\"@id\":\"https:\\\/\\\/visionarymarketing.com\\\/fr\\\/2016\\\/01\\\/05\\\/marketing-territorial-digital\\\/\",\"url\":\"https:\\\/\\\/visionarymarketing.com\\\/fr\\\/2016\\\/01\\\/05\\\/marketing-territorial-digital\\\/\",\"name\":\"Le digital au service du marketing territorial\",\"isPartOf\":{\"@id\":\"https:\\\/\\\/visionarymarketing.com\\\/fr\\\/#website\"},\"primaryImageOfPage\":{\"@id\":\"https:\\\/\\\/visionarymarketing.com\\\/fr\\\/2016\\\/01\\\/05\\\/marketing-territorial-digital\\\/#primaryimage\"},\"image\":{\"@id\":\"https:\\\/\\\/visionarymarketing.com\\\/fr\\\/2016\\\/01\\\/05\\\/marketing-territorial-digital\\\/#primaryimage\"},\"thumbnailUrl\":\"https:\\\/\\\/visionarymarketing.com\\\/wp-content\\\/uploads\\\/2019\\\/11\\\/48112460011_0d38a2b2a9_k.jpg\",\"datePublished\":\"2016-01-05T07:51:50+00:00\",\"dateModified\":\"2023-07-11T07:34:49+00:00\",\"author\":{\"@id\":\"https:\\\/\\\/visionarymarketing.com\\\/fr\\\/#\\\/schema\\\/person\\\/ea6bc264ff230ddd88976cf6a2cdc91f\"},\"description\":\"Les territoires se con\u00e7oivent de plus en plus comme des marques qui doivent \\\"se vendre\\\" pour attirer de nouveaux habitants, des entreprises, des\",\"breadcrumb\":{\"@id\":\"https:\\\/\\\/visionarymarketing.com\\\/fr\\\/2016\\\/01\\\/05\\\/marketing-territorial-digital\\\/#breadcrumb\"},\"inLanguage\":\"fr-FR\",\"potentialAction\":[{\"@type\":\"ReadAction\",\"target\":[\"https:\\\/\\\/visionarymarketing.com\\\/fr\\\/2016\\\/01\\\/05\\\/marketing-territorial-digital\\\/\"]}]},{\"@type\":\"ImageObject\",\"inLanguage\":\"fr-FR\",\"@id\":\"https:\\\/\\\/visionarymarketing.com\\\/fr\\\/2016\\\/01\\\/05\\\/marketing-territorial-digital\\\/#primaryimage\",\"url\":\"https:\\\/\\\/visionarymarketing.com\\\/wp-content\\\/uploads\\\/2019\\\/11\\\/48112460011_0d38a2b2a9_k.jpg\",\"contentUrl\":\"https:\\\/\\\/visionarymarketing.com\\\/wp-content\\\/uploads\\\/2019\\\/11\\\/48112460011_0d38a2b2a9_k.jpg\",\"width\":644,\"height\":430},{\"@type\":\"BreadcrumbList\",\"@id\":\"https:\\\/\\\/visionarymarketing.com\\\/fr\\\/2016\\\/01\\\/05\\\/marketing-territorial-digital\\\/#breadcrumb\",\"itemListElement\":[{\"@type\":\"ListItem\",\"position\":1,\"name\":\"Home\",\"item\":\"https:\\\/\\\/visionarymarketing.com\\\/fr\\\/\"},{\"@type\":\"ListItem\",\"position\":2,\"name\":\"Le digital au service du marketing territorial\"}]},{\"@type\":\"WebSite\",\"@id\":\"https:\\\/\\\/visionarymarketing.com\\\/fr\\\/#website\",\"url\":\"https:\\\/\\\/visionarymarketing.com\\\/fr\\\/\",\"name\":\"Marketing and Innovation\",\"description\":\"Site d&#039;infos ind\u00e9pendant, depuis 1996\",\"potentialAction\":[{\"@type\":\"SearchAction\",\"target\":{\"@type\":\"EntryPoint\",\"urlTemplate\":\"https:\\\/\\\/visionarymarketing.com\\\/fr\\\/?s={search_term_string}\"},\"query-input\":{\"@type\":\"PropertyValueSpecification\",\"valueRequired\":true,\"valueName\":\"search_term_string\"}}],\"inLanguage\":\"fr-FR\"},{\"@type\":\"Person\",\"@id\":\"https:\\\/\\\/visionarymarketing.com\\\/fr\\\/#\\\/schema\\\/person\\\/ea6bc264ff230ddd88976cf6a2cdc91f\",\"name\":\"Pascale Decressac\",\"image\":{\"@type\":\"ImageObject\",\"inLanguage\":\"fr-FR\",\"@id\":\"https:\\\/\\\/secure.gravatar.com\\\/avatar\\\/40fc7f409b3b792b858b13933ec5f79b865b6c8b3beb4c9f7158acc4a5ea01e3?s=96&d=initials&r=g&initials=pd\",\"url\":\"https:\\\/\\\/secure.gravatar.com\\\/avatar\\\/40fc7f409b3b792b858b13933ec5f79b865b6c8b3beb4c9f7158acc4a5ea01e3?s=96&d=initials&r=g&initials=pd\",\"contentUrl\":\"https:\\\/\\\/secure.gravatar.com\\\/avatar\\\/40fc7f409b3b792b858b13933ec5f79b865b6c8b3beb4c9f7158acc4a5ea01e3?s=96&d=initials&r=g&initials=pd\",\"caption\":\"Pascale Decressac\"},\"description\":\"Consultante R\u00e9dactrice pour Visionary Marketing, Pascale Decressac est une touche-\u00e0-tout qui s'int\u00e9resse \u00e0 des sujets tr\u00e8s vari\u00e9s allant de l'urbanisme aux collectivit\u00e9s territoriales en passant par la relation client et la restauration. Des domaines apparemment tr\u00e8s diff\u00e9rents o\u00f9 les fronti\u00e8res ne sont pourtant pas si \u00e9tanches et o\u00f9 le digital est souvent sinon toujours pr\u00e9sent.\",\"sameAs\":[\"https:\\\/\\\/x.com\\\/@PDecressac\"],\"url\":\"https:\\\/\\\/visionarymarketing.com\\\/fr\\\/author\\\/pascale-decressac\\\/\"}]}<\/script>\n<!-- \/ Yoast SEO plugin. -->","yoast_head_json":{"title":"Le digital au service du marketing territorial","description":"Les territoires se con\u00e7oivent de plus en plus comme des marques qui doivent \"se vendre\" pour attirer de nouveaux habitants, des entreprises, des","robots":{"index":"index","follow":"follow","max-snippet":"max-snippet:-1","max-image-preview":"max-image-preview:large","max-video-preview":"max-video-preview:-1"},"canonical":"https:\/\/visionarymarketing.com\/fr\/2016\/01\/05\/marketing-territorial-digital\/","og_locale":"fr_FR","og_type":"article","og_title":"Le digital au service du marketing territorial","og_description":"Les territoires se con\u00e7oivent de plus en plus comme des marques qui doivent \"se vendre\" pour attirer de nouveaux habitants, des entreprises, des","og_url":"https:\/\/visionarymarketing.com\/fr\/2016\/01\/05\/marketing-territorial-digital\/","og_site_name":"Marketing and Innovation","article_publisher":"https:\/\/www.facebook.com\/vismktg","article_published_time":"2016-01-05T07:51:50+00:00","article_modified_time":"2023-07-11T07:34:49+00:00","og_image":[{"width":644,"height":430,"url":"https:\/\/visionarymarketing.com\/wp-content\/uploads\/2019\/11\/48112460011_0d38a2b2a9_k.jpg","type":"image\/jpeg"}],"author":"Pascale Decressac","twitter_card":"summary_large_image","twitter_creator":"@PDecressac","twitter_site":"@ygourven","twitter_misc":{"\u00c9crit par":"Pascale Decressac","Dur\u00e9e de lecture estim\u00e9e":"10 minutes"},"schema":{"@context":"https:\/\/schema.org","@graph":[{"@type":"NewsArticle","@id":"https:\/\/visionarymarketing.com\/fr\/2016\/01\/05\/marketing-territorial-digital\/#article","isPartOf":{"@id":"https:\/\/visionarymarketing.com\/fr\/2016\/01\/05\/marketing-territorial-digital\/"},"author":{"name":"Pascale Decressac","@id":"https:\/\/visionarymarketing.com\/fr\/#\/schema\/person\/ea6bc264ff230ddd88976cf6a2cdc91f"},"headline":"Le digital au service du marketing territorial","datePublished":"2016-01-05T07:51:50+00:00","dateModified":"2023-07-11T07:34:49+00:00","mainEntityOfPage":{"@id":"https:\/\/visionarymarketing.com\/fr\/2016\/01\/05\/marketing-territorial-digital\/"},"wordCount":2122,"commentCount":23,"image":{"@id":"https:\/\/visionarymarketing.com\/fr\/2016\/01\/05\/marketing-territorial-digital\/#primaryimage"},"thumbnailUrl":"https:\/\/visionarymarketing.com\/wp-content\/uploads\/2019\/11\/48112460011_0d38a2b2a9_k.jpg","articleSection":["\u00e9conomie et num\u00e9rique"],"inLanguage":"fr-FR","potentialAction":[{"@type":"CommentAction","name":"Comment","target":["https:\/\/visionarymarketing.com\/fr\/2016\/01\/05\/marketing-territorial-digital\/#respond"]}]},{"@type":"WebPage","@id":"https:\/\/visionarymarketing.com\/fr\/2016\/01\/05\/marketing-territorial-digital\/","url":"https:\/\/visionarymarketing.com\/fr\/2016\/01\/05\/marketing-territorial-digital\/","name":"Le digital au service du marketing territorial","isPartOf":{"@id":"https:\/\/visionarymarketing.com\/fr\/#website"},"primaryImageOfPage":{"@id":"https:\/\/visionarymarketing.com\/fr\/2016\/01\/05\/marketing-territorial-digital\/#primaryimage"},"image":{"@id":"https:\/\/visionarymarketing.com\/fr\/2016\/01\/05\/marketing-territorial-digital\/#primaryimage"},"thumbnailUrl":"https:\/\/visionarymarketing.com\/wp-content\/uploads\/2019\/11\/48112460011_0d38a2b2a9_k.jpg","datePublished":"2016-01-05T07:51:50+00:00","dateModified":"2023-07-11T07:34:49+00:00","author":{"@id":"https:\/\/visionarymarketing.com\/fr\/#\/schema\/person\/ea6bc264ff230ddd88976cf6a2cdc91f"},"description":"Les territoires se con\u00e7oivent de plus en plus comme des marques qui doivent \"se vendre\" pour attirer de nouveaux habitants, des entreprises, des","breadcrumb":{"@id":"https:\/\/visionarymarketing.com\/fr\/2016\/01\/05\/marketing-territorial-digital\/#breadcrumb"},"inLanguage":"fr-FR","potentialAction":[{"@type":"ReadAction","target":["https:\/\/visionarymarketing.com\/fr\/2016\/01\/05\/marketing-territorial-digital\/"]}]},{"@type":"ImageObject","inLanguage":"fr-FR","@id":"https:\/\/visionarymarketing.com\/fr\/2016\/01\/05\/marketing-territorial-digital\/#primaryimage","url":"https:\/\/visionarymarketing.com\/wp-content\/uploads\/2019\/11\/48112460011_0d38a2b2a9_k.jpg","contentUrl":"https:\/\/visionarymarketing.com\/wp-content\/uploads\/2019\/11\/48112460011_0d38a2b2a9_k.jpg","width":644,"height":430},{"@type":"BreadcrumbList","@id":"https:\/\/visionarymarketing.com\/fr\/2016\/01\/05\/marketing-territorial-digital\/#breadcrumb","itemListElement":[{"@type":"ListItem","position":1,"name":"Home","item":"https:\/\/visionarymarketing.com\/fr\/"},{"@type":"ListItem","position":2,"name":"Le digital au service du marketing territorial"}]},{"@type":"WebSite","@id":"https:\/\/visionarymarketing.com\/fr\/#website","url":"https:\/\/visionarymarketing.com\/fr\/","name":"Marketing and Innovation","description":"Site d&#039;infos ind\u00e9pendant, depuis 1996","potentialAction":[{"@type":"SearchAction","target":{"@type":"EntryPoint","urlTemplate":"https:\/\/visionarymarketing.com\/fr\/?s={search_term_string}"},"query-input":{"@type":"PropertyValueSpecification","valueRequired":true,"valueName":"search_term_string"}}],"inLanguage":"fr-FR"},{"@type":"Person","@id":"https:\/\/visionarymarketing.com\/fr\/#\/schema\/person\/ea6bc264ff230ddd88976cf6a2cdc91f","name":"Pascale Decressac","image":{"@type":"ImageObject","inLanguage":"fr-FR","@id":"https:\/\/secure.gravatar.com\/avatar\/40fc7f409b3b792b858b13933ec5f79b865b6c8b3beb4c9f7158acc4a5ea01e3?s=96&d=initials&r=g&initials=pd","url":"https:\/\/secure.gravatar.com\/avatar\/40fc7f409b3b792b858b13933ec5f79b865b6c8b3beb4c9f7158acc4a5ea01e3?s=96&d=initials&r=g&initials=pd","contentUrl":"https:\/\/secure.gravatar.com\/avatar\/40fc7f409b3b792b858b13933ec5f79b865b6c8b3beb4c9f7158acc4a5ea01e3?s=96&d=initials&r=g&initials=pd","caption":"Pascale Decressac"},"description":"Consultante R\u00e9dactrice pour Visionary Marketing, Pascale Decressac est une touche-\u00e0-tout qui s'int\u00e9resse \u00e0 des sujets tr\u00e8s vari\u00e9s allant de l'urbanisme aux collectivit\u00e9s territoriales en passant par la relation client et la restauration. Des domaines apparemment tr\u00e8s diff\u00e9rents o\u00f9 les fronti\u00e8res ne sont pourtant pas si \u00e9tanches et o\u00f9 le digital est souvent sinon toujours pr\u00e9sent.","sameAs":["https:\/\/x.com\/@PDecressac"],"url":"https:\/\/visionarymarketing.com\/fr\/author\/pascale-decressac\/"}]}},"_links":{"self":[{"href":"https:\/\/visionarymarketing.com\/fr\/wp-json\/wp\/v2\/posts\/20101","targetHints":{"allow":["GET"]}}],"collection":[{"href":"https:\/\/visionarymarketing.com\/fr\/wp-json\/wp\/v2\/posts"}],"about":[{"href":"https:\/\/visionarymarketing.com\/fr\/wp-json\/wp\/v2\/types\/post"}],"author":[{"embeddable":true,"href":"https:\/\/visionarymarketing.com\/fr\/wp-json\/wp\/v2\/users\/42"}],"replies":[{"embeddable":true,"href":"https:\/\/visionarymarketing.com\/fr\/wp-json\/wp\/v2\/comments?post=20101"}],"version-history":[{"count":0,"href":"https:\/\/visionarymarketing.com\/fr\/wp-json\/wp\/v2\/posts\/20101\/revisions"}],"wp:featuredmedia":[{"embeddable":true,"href":"https:\/\/visionarymarketing.com\/fr\/wp-json\/wp\/v2\/media\/34063"}],"wp:attachment":[{"href":"https:\/\/visionarymarketing.com\/fr\/wp-json\/wp\/v2\/media?parent=20101"}],"wp:term":[{"taxonomy":"category","embeddable":true,"href":"https:\/\/visionarymarketing.com\/fr\/wp-json\/wp\/v2\/categories?post=20101"},{"taxonomy":"post_tag","embeddable":true,"href":"https:\/\/visionarymarketing.com\/fr\/wp-json\/wp\/v2\/tags?post=20101"}],"curies":[{"name":"wp","href":"https:\/\/api.w.org\/{rel}","templated":true}]}}