{"id":20051,"date":"2015-12-21T09:28:19","date_gmt":"2015-12-21T08:28:19","guid":{"rendered":"http:\/\/visionarymarketing.fr\/blog\/?p=20051"},"modified":"2024-08-24T13:43:45","modified_gmt":"2024-08-24T11:43:45","slug":"mastere-specialise-digital-business-strategy-de-gem-a-lhonneur","status":"publish","type":"post","link":"https:\/\/visionarymarketing.com\/fr\/2015\/12\/21\/mastere-specialise-digital-business-strategy-de-gem-a-lhonneur\/","title":{"rendered":"Mast\u00e8re sp\u00e9cialis\u00e9 : le Digital Business Strategy de GEM \u00e0 l&rsquo;honneur"},"content":{"rendered":"<p class=\"p1\"><em><span class=\"s1\"><a href=\"https:\/\/www.slideshare.net\/ygourven\/frles-mastres-spcialiss-une-touche-de-glamour\" rel=\"attachment wp-att-20058\"><img decoding=\"async\" class=\"alignright wp-image-20058 size-full\" src=\"https:\/\/visionarymarketing.com\/wp-content\/uploads\/2015\/12\/mastere-specialise.jpg\" alt=\"mast\u00e8re spcialis\u00e9 ms Digital Business Strategy\" width=\"120\" height=\"158\" \/><\/a>J&rsquo;ai d\u00e9couvert le mast\u00e8re sp\u00e9cialis\u00e9 il y a un\u00a0an. Il s&rsquo;agit d&rsquo;un <a href=\"https:\/\/web.archive.org\/web\/20240518010632\/https:\/\/www.cge.asso.fr\/labels-accreditations\/\" target=\"_blank\" rel=\"noopener noreferrer\">format de formation r\u00e9cente (86) valid\u00e9 par la conf\u00e9rence des grandes \u00e9coles (CGE)<\/a> dont le but est de fournir, souvent, une double comp\u00e9tence, avec un haut niveau de qualification (Bac+6). J&rsquo;ai ainsi pris les r\u00eanes du Mast\u00e8re MS digital business strat\u00e9gies de Grenoble Ecole de Management en juillet dernier, formation prometteuse, que je veux positionner comme un leader europ\u00e9en, et qui vient d&rsquo;\u00eatre<a href=\"https:\/\/www.slideshare.net\/ygourven\/frles-mastres-spcialiss-une-touche-de-glamour\" target=\"_blank\" rel=\"noopener noreferrer\"> mise \u00e0 l&rsquo;honneur par le Nouvel\u00a0OBS*<\/a> dans son dernier dossier d\u00e9di\u00e9 \u00e0 ce type de formation. J&rsquo;en profite \u00e9galement pour relayer <a href=\"http:\/\/www.campus-channel.com\/grenoble-ecole-de-management-mastere-specialise-strategie-digitale.html\" target=\"_blank\" rel=\"noopener noreferrer\">la vid\u00e9o enregistr\u00e9e il y a une semaine pour campus Chanel, une cha\u00eene d\u00e9di\u00e9 aux formations, appartenant au groupe le Figaro<\/a>.<\/span><\/em><\/p>\n<p class=\"p1\"><span class=\"s1\" style=\"font-size: 14px; font-family: Helvetica;\"><em><span style=\"color: #781976;\">*Note : ils ont utilis\u00e9 l&rsquo;ancien nom du Master dans l&rsquo;article (Strat\u00e9gie Internet et Management du Web). Il\u00a0faudra donc transposer car nous avons voulu accro\u00eetre l\u2019attractivit\u00e9 de ce\u00a0mast\u00e8re en\u00a0incluant le terme\u00a0\u2018digital\u2019 qui est plus large que le simple Web et\u00a0r\u00e9solument le positionner autour de la strat\u00e9gie digitale et de la\u00a0transformation digitale).<\/span><\/em><\/span><\/p>\n<h2 class=\"p1\"><span class=\"s1\">Le mast\u00e8re sp\u00e9cialis\u00e9, <a href=\"https:\/\/www.slideshare.net\/ygourven\/frles-mastres-spcialiss-une-touche-de-glamour\" target=\"_blank\" rel=\"noopener noreferrer\">une formation tr\u00e8s haut de gamme<\/a>\u00a0<\/span><\/h2>\n<p class=\"p1\"><span class=\"s1\">C&rsquo;est une formation tr\u00e8s haut de gamme, la haute couture du Mast\u00e8re, avec une qualification en Bac+6, et de fortes exigences \u00e0 l&rsquo;entr\u00e9e. Dans le cas du mast\u00e8re MS Digital Business Strategy, il s&rsquo;agit m\u00eame d&rsquo;une formation internationale, en anglais, avec des professeurs internationaux, issus \u00e0 80 % du monde de l&rsquo;entreprise. Beaucoup de ces professeurs poss\u00e8dent une double comp\u00e9tence de formateurs et de professionnels du terrain. Les nationalit\u00e9s de ces enseignants sont vari\u00e9es : nous y avons des Anglais, des Am\u00e9ricains, des Chinois, des Grecs, et aussi quelques Fran\u00e7ais, tous recrut\u00e9s pour leurs comp\u00e9tences p\u00e9dagogiques et surtout leur connaissance du m\u00e9tier.<\/span><\/p>\n<p class=\"p1\" style=\"text-align: center;\"><span class=\"s1\"><iframe style=\"border: 1px solid #CCC; border-width: 1px; margin-bottom: 5px; max-width: 100%;\" src=\"\/\/www.slideshare.net\/slideshow\/embed_code\/key\/E8lJbwfz3ZFumh\" width=\"668\" height=\"714\" frameborder=\"0\" marginwidth=\"0\" marginheight=\"0\" scrolling=\"no\"> <\/iframe><\/span><\/p>\n<div style=\"margin-bottom: 5px; text-align: center;\"><strong> [Fr]\u00a0Les mast\u00e8res sp\u00e9cialis\u00e9s &#8211; <a href=\"https:\/\/www.slideshare.net\/ygourven\/frles-mastres-spcialiss-une-touche-de-glamour\" target=\"_blank\" rel=\"noopener noreferrer\">une touche de glamour\u00a0le\u00a0dossier du\u00a0<\/a><\/strong><strong><span style=\"color: #0000ee;\"><span style=\"text-decoration: underline;\"><a href=\"https:\/\/www.slideshare.net\/ygourven\/frles-mastres-spcialiss-une-touche-de-glamour\">Nouvel Observateur de fin 2015<\/a><\/span><\/span><\/strong><\/div>\n<h3 class=\"p1\"><span class=\"s1\">Transformation digitale : un mast\u00e8re 100% digital, dedans, dehors et partout\u00a0<\/span><\/h3>\n<p class=\"p1\"><span class=\"s1\">Le recrutement des \u00e9l\u00e8ves, qui vient de commencer, s&rsquo;effectue sur 9 mois. Le bouclage intervenant en septembre (2016 pour la promotion 2016-17). Nous commen\u00e7ons par les recrutements \u00e9tudiants, mais une particularit\u00e9 de ce Master est de m\u00e9langer les \u00e9tudiants et des\u00a0professionnels en reconversion. Les execs peuvent aussi postuler d\u00e8s maintenant. Nous avons d\u00e9j\u00e0 5 \u00e9tudiants execs sur les listes, et comme les places sont limit\u00e9es, il ne faut pas tra\u00eener pour postuler.\u00a0<\/span>Loin d&rsquo;\u00eatre un handicap, ce m\u00e9lange des g\u00e9n\u00e9rations est tr\u00e8s b\u00e9n\u00e9fique et enrichissant pour les deux parties. Les crit\u00e8res de recrutement pour l&rsquo;entr\u00e9e de ce Mast\u00e8re sont de plus en plus strictes, afin de garantir son niveau, en constante \u00e9volution.<\/p>\n<h3 class=\"p1\">Les crit\u00e8res de s\u00e9lection pour le Mast\u00e8re Sp\u00e9cialis\u00e9 Digital Business Strategy<\/h3>\n<p class=\"p1\">Je les d\u00e9crirai ici bri\u00e8vement :<\/p>\n<p class=\"p1\"><span class=\"s1\"><strong>1. 100% Digital <\/strong>: \u00e0 d\u00e9faut de poss\u00e9der des comp\u00e9tences dans ce domaine, une forte motivation est demand\u00e9e. Touristes s\u2019abstenir. Beaucoup de postulants n&rsquo;h\u00e9sitent en effet pas \u00e0 mettre les mains sous le capot et \u00e0 apprendre eux-m\u00eames le HTML, le content marketing, les m\u00e9dias sociaux\u2026 Sans demander une compl\u00e8te ma\u00eetrise de ces domaines, une forte app\u00e9tence est requise. Inutile de postuler par exemple si vous d\u00e9testez les m\u00e9dias sociaux ou si vous avez une r\u00e9pugnance vis-\u00e0-vis des sujets techniques. Car m\u00eame si la formation n&rsquo;a rien \u00e0 voir avec la technique pure, il est fortement recommand\u00e9 d&rsquo;avoir un go\u00fbt prononc\u00e9 pour elle. En r\u00e9sum\u00e9, pas besoin d&rsquo;\u00eatre ing\u00e9nieur, m\u00eame si ceux-ci sont \u00e9galement les bienvenus, mais un fort go\u00fbt pour la technologie est appr\u00e9ci\u00e9 (par exemple dans mon cas personnel, bien qu\u2019ayant un\u00a0<\/span>dipl\u00f4me de commerce \u00e0 la base, pendant mes ann\u00e9es de ma\u00eetrise d\u2019ouvrage, au d\u00e9but de ma carri\u00e8re, je n&rsquo;ai pas h\u00e9sit\u00e9 \u00e0 apprendre \u00e0 coder, avec l&rsquo;aide d\u2019un ami et confr\u00e8re informaticien. cela m&rsquo;a dot\u00e9 d\u2019une vision du m\u00e9tier et d\u2019un avantage concurrentiel tout au long de ma carri\u00e8re de manager, puis de cadre dirigeant et enfin de chef d&rsquo;entreprise.<!--more--><\/p>\n<p class=\"p1\"><span class=\"s1\"><strong>2. 100% anglais :<\/strong>\u00a0il s&rsquo;agit d&rsquo;un point sur lequel je suis inflexible. L&rsquo;anglais n\u2019est plus obligatoire en 2016, il est devenu indispensable. En v\u00e9rit\u00e9, dans mes recrutements, je valorise les candidats qui font montre de comp\u00e9tences dans une autre langue \u00e9galement. L\u2019expression orale y est particuli\u00e8rement importante et requiert toute mon attention. Bien entendu, la compr\u00e9hension est indispensable, sinon il y aura incapacit\u00e9 \u00e0 suivre les cours, qui sont tous d\u00e9livr\u00e9s en anglais. La capacit\u00e9 de s&rsquo;exprimer est un point crucial \u00e9galement, car les \u00e9l\u00e8ves sont tr\u00e8s nettement sollicit\u00e9s dans les classes invers\u00e9es o\u00f9 ils sont largement mis \u00e0 contribution. L&rsquo;\u00e9crit est \u00e9galement important car l\u00e0 encore ils seront tenus de participer \u00e0 un exercice tr\u00e8s important de classe invers\u00e9e &#8211; le Digital Department Assessment &#8211; qui est personnalis\u00e9 par le <a href=\"https:\/\/web.archive.org\/web\/20200510222521\/https:\/\/digital-me-up.com\/\" target=\"_blank\" rel=\"noopener noreferrer\">blog Digital Me Up<\/a> que je vous conseille d\u2019aller voir pour vous rendre compte du niveau de nos \u00e9tudiants et de la qualit\u00e9 du travail qu\u2019ils produisent.<\/span><\/p>\n<p class=\"p1\"><span class=\"s1\"><strong>3. La motivation :<\/strong> c&rsquo;est l\u00e0 qu&rsquo;on fait la diff\u00e9rence. En dehors des comp\u00e9tences, et des capacit\u00e9s, il faut l&rsquo;envie de se lancer dans une aventure aussi riche que complexe, mais qui en vaut la peine car les opportunit\u00e9s de jobs sont nombreuses et riches dans ce domaine. Ceci demande qu&rsquo;on soit tr\u00e8s motiv\u00e9 par les sujets du digital, et pas seulement qu\u2019on s&rsquo;y int\u00e9resse vaguement. Certains candidats (\u00e9tudiants ou execs) n&rsquo;h\u00e9sitent pas \u00e0 me contacter par les m\u00e9dias sociaux tr\u00e8s longtemps en avance pour montrer leur motivation et l&rsquo;envie de rejoindre ce Mast\u00e8re Sp\u00e9cialis\u00e9 Digital Business Strategy. Il arrive \u00e9galement tr\u00e8s souvent que les \u00e9tudiants se positionnent sur une seule formation, celle-ci, ce qui renforce encore leur indice de motivation.\u00a0<\/span><\/p>\n<p class=\"p1\"><span class=\"s1\">Pour bien comprendre le Mast\u00e8re et ses principes d\u2019innovation en p\u00e9dagogie ainsi que les fortes ambitions que nous avons plac\u00e9es sur lui, <a href=\"http:\/\/www.campus-channel.com\/grenoble-ecole-de-management-mastere-specialise-strategie-digitale.html\" target=\"_blank\" rel=\"noopener noreferrer\">je vous recommande d\u2019\u00e9couter attentivement cette vid\u00e9o r\u00e9alis\u00e9e par Campus Channel<\/a>.\u00a0<\/span><\/p>\n<p class=\"p1\" style=\"text-align: center;\"><span class=\"s1\"><iframe src=\"https:\/\/www.youtube.com\/embed\/yrYesvmgQzM?rel=0\" width=\"640\" height=\"360\" frameborder=\"0\"><\/iframe><\/span><\/p>\n<p class=\"p1\" style=\"text-align: center;\"><span class=\"s1\"><em>L\u2019interview sur le Mast\u00e8re Sp\u00e9cialis\u00e9 Digital Business Strategy r\u00e9alis\u00e9e <a href=\"https:\/\/www.youtube.com\/watch?v=yrYesvmgQzM\" target=\"_blank\" rel=\"noopener noreferrer\">par Campus Channel avec la participation de Carlos Manjon, \u00e9l\u00e8ve dans ma classe et directeur Web de la filiale d\u2019une tr\u00e8s grande banque fran\u00e7aise<\/a>.<\/em><br \/>\n<\/span><\/p>\n<blockquote class=\"quote-light\">\n<h4 class=\"p1\"><span class=\"s1\">Mast\u00e8re sp\u00e9cialis\u00e9<br \/>\n<\/span><span style=\"font-size: 0.83em;\"><em>touche de glamour<\/em><\/span><\/h4>\n<p class=\"p1\"><span class=\"s1\"><em>A l&rsquo;heure o\u00f9 les employeurs peuvent faire la fine bouche, cette ann\u00e9e compl\u00e9mentaire r\u00e9serv\u00e9e aux bac+5 se r\u00e9v\u00e8le pr\u00e9cieuse.<\/em><\/span><\/p>\n<p class=\"p1\"><span class=\"s1\">Alors que la concurrence pour l&#8217;emploi s&rsquo;accro\u00eet et que les entreprises recherchent des profits directement op\u00e9rationnels, dot\u00e9s de comp\u00e9tences pointues, le succ\u00e8s du mast\u00e8re sp\u00e9cialis\u00e9 ne se d\u00e9ment pas. Ces cursus bac+6 made in grandes \u00e9coles permettent chaque ann\u00e9e \u00e0 7000 jeunes dipl\u00f4m\u00e9s et aux cadres de donner de l&rsquo;\u00e9lan \u00e0 leur carri\u00e8re et de pousser les portes de secteurs ultra pris\u00e9s.<\/span><\/p>\n<div style=\"margin-bottom: 5px; text-align: left;\"><strong>[Fr]\u00a0Les mast\u00e8res sp\u00e9cialis\u00e9s &#8211;\u00a0<a href=\"https:\/\/www.slideshare.net\/ygourven\/frles-mastres-spcialiss-une-touche-de-glamour\" target=\"_blank\" rel=\"noopener noreferrer\">une touche de glamour\u00a0le\u00a0dossier du\u00a0<\/a><\/strong><strong><span style=\"color: #0000ee;\"><span style=\"text-decoration: underline;\"><a href=\"https:\/\/www.slideshare.net\/ygourven\/frles-mastres-spcialiss-une-touche-de-glamour\">Nouvel Observateur de fin 2015<\/a><\/span><\/span><\/strong><\/div>\n<\/blockquote>\n","protected":false},"excerpt":{"rendered":"<p>J&rsquo;ai d\u00e9couvert le mast\u00e8re sp\u00e9cialis\u00e9 il y a un\u00a0an. Il s&rsquo;agit d&rsquo;un format de formation r\u00e9cente (86) valid\u00e9 par la conf\u00e9rence des grandes \u00e9coles (CGE) dont le but est de fournir, souvent, une double comp\u00e9tence, avec un haut niveau de qualification (Bac+6). J&rsquo;ai ainsi pris les r\u00eanes du Mast\u00e8re MS digital business strat\u00e9gies de Grenoble &hellip;<\/p>\n","protected":false},"author":2,"featured_media":34063,"comment_status":"open","ping_status":"open","sticky":false,"template":"","format":"standard","meta":{"footnotes":""},"categories":[4059,2808],"tags":[],"class_list":["post-20051","post","type-post","status-publish","format-standard","has-post-thumbnail","hentry","category-formation-et-elearning","category-transformation-digitale"],"yoast_head":"<!-- This site is optimized with the Yoast SEO plugin v27.4 - https:\/\/yoast.com\/product\/yoast-seo-wordpress\/ -->\n<title>Mast\u00e8re sp\u00e9cialis\u00e9 : le Digital Business Strategy de GEM \u00e0 l&#039;honneur<\/title>\n<meta name=\"description\" content=\"J&#039;ai d\u00e9couvert le mast\u00e8re sp\u00e9cialis\u00e9 il y a 1 an. Il s&#039;agit d&#039;un format de formation r\u00e9cente (86) valid\u00e9 par la conf\u00e9rence des grandes \u00e9coles (CGE)\" \/>\n<meta name=\"robots\" content=\"index, follow, max-snippet:-1, max-image-preview:large, max-video-preview:-1\" \/>\n<link rel=\"canonical\" href=\"https:\/\/visionarymarketing.com\/fr\/2015\/12\/21\/mastere-specialise-digital-business-strategy-de-gem-a-lhonneur\/\" \/>\n<meta property=\"og:locale\" content=\"fr_FR\" \/>\n<meta property=\"og:type\" content=\"article\" \/>\n<meta property=\"og:title\" content=\"Mast\u00e8re sp\u00e9cialis\u00e9 : le Digital Business Strategy de GEM \u00e0 l&#039;honneur\" \/>\n<meta property=\"og:description\" content=\"J&#039;ai d\u00e9couvert le mast\u00e8re sp\u00e9cialis\u00e9 il y a 1 an. Il s&#039;agit d&#039;un format de formation r\u00e9cente (86) valid\u00e9 par la conf\u00e9rence des grandes \u00e9coles (CGE)\" \/>\n<meta property=\"og:url\" content=\"https:\/\/visionarymarketing.com\/fr\/2015\/12\/21\/mastere-specialise-digital-business-strategy-de-gem-a-lhonneur\/\" \/>\n<meta property=\"og:site_name\" content=\"Marketing and Innovation\" \/>\n<meta property=\"article:publisher\" content=\"https:\/\/www.facebook.com\/vismktg\" \/>\n<meta property=\"article:author\" content=\"http:\/\/facebook.com\/ygourven\" \/>\n<meta property=\"article:published_time\" content=\"2015-12-21T08:28:19+00:00\" \/>\n<meta property=\"article:modified_time\" content=\"2024-08-24T11:43:45+00:00\" \/>\n<meta property=\"og:image\" content=\"https:\/\/visionarymarketing.com\/wp-content\/uploads\/2019\/11\/48112460011_0d38a2b2a9_k.jpg\" \/>\n\t<meta property=\"og:image:width\" content=\"644\" \/>\n\t<meta property=\"og:image:height\" content=\"430\" \/>\n\t<meta property=\"og:image:type\" content=\"image\/jpeg\" \/>\n<meta name=\"author\" content=\"Yann Gourvennec\" \/>\n<meta name=\"twitter:card\" content=\"summary_large_image\" \/>\n<meta name=\"twitter:creator\" content=\"@ygourven\" \/>\n<meta name=\"twitter:site\" content=\"@ygourven\" \/>\n<meta name=\"twitter:label1\" content=\"\u00c9crit par\" \/>\n\t<meta name=\"twitter:data1\" content=\"Yann Gourvennec\" \/>\n\t<meta name=\"twitter:label2\" content=\"Dur\u00e9e de lecture estim\u00e9e\" \/>\n\t<meta name=\"twitter:data2\" content=\"6 minutes\" \/>\n<script type=\"application\/ld+json\" class=\"yoast-schema-graph\">{\"@context\":\"https:\\\/\\\/schema.org\",\"@graph\":[{\"@type\":\"NewsArticle\",\"@id\":\"https:\\\/\\\/visionarymarketing.com\\\/fr\\\/2015\\\/12\\\/21\\\/mastere-specialise-digital-business-strategy-de-gem-a-lhonneur\\\/#article\",\"isPartOf\":{\"@id\":\"https:\\\/\\\/visionarymarketing.com\\\/fr\\\/2015\\\/12\\\/21\\\/mastere-specialise-digital-business-strategy-de-gem-a-lhonneur\\\/\"},\"author\":{\"name\":\"Yann Gourvennec\",\"@id\":\"https:\\\/\\\/visionarymarketing.com\\\/fr\\\/#\\\/schema\\\/person\\\/3754fee1e558f47b8deb46f53c37423e\"},\"headline\":\"Mast\u00e8re sp\u00e9cialis\u00e9 : le Digital Business Strategy de GEM \u00e0 l&rsquo;honneur\",\"datePublished\":\"2015-12-21T08:28:19+00:00\",\"dateModified\":\"2024-08-24T11:43:45+00:00\",\"mainEntityOfPage\":{\"@id\":\"https:\\\/\\\/visionarymarketing.com\\\/fr\\\/2015\\\/12\\\/21\\\/mastere-specialise-digital-business-strategy-de-gem-a-lhonneur\\\/\"},\"wordCount\":1273,\"commentCount\":1,\"image\":{\"@id\":\"https:\\\/\\\/visionarymarketing.com\\\/fr\\\/2015\\\/12\\\/21\\\/mastere-specialise-digital-business-strategy-de-gem-a-lhonneur\\\/#primaryimage\"},\"thumbnailUrl\":\"https:\\\/\\\/visionarymarketing.com\\\/wp-content\\\/uploads\\\/2019\\\/11\\\/48112460011_0d38a2b2a9_k.jpg\",\"articleSection\":[\"formation et elearning\",\"Transformation\"],\"inLanguage\":\"fr-FR\",\"potentialAction\":[{\"@type\":\"CommentAction\",\"name\":\"Comment\",\"target\":[\"https:\\\/\\\/visionarymarketing.com\\\/fr\\\/2015\\\/12\\\/21\\\/mastere-specialise-digital-business-strategy-de-gem-a-lhonneur\\\/#respond\"]}]},{\"@type\":\"WebPage\",\"@id\":\"https:\\\/\\\/visionarymarketing.com\\\/fr\\\/2015\\\/12\\\/21\\\/mastere-specialise-digital-business-strategy-de-gem-a-lhonneur\\\/\",\"url\":\"https:\\\/\\\/visionarymarketing.com\\\/fr\\\/2015\\\/12\\\/21\\\/mastere-specialise-digital-business-strategy-de-gem-a-lhonneur\\\/\",\"name\":\"Mast\u00e8re sp\u00e9cialis\u00e9 : le Digital Business Strategy de GEM \u00e0 l'honneur\",\"isPartOf\":{\"@id\":\"https:\\\/\\\/visionarymarketing.com\\\/fr\\\/#website\"},\"primaryImageOfPage\":{\"@id\":\"https:\\\/\\\/visionarymarketing.com\\\/fr\\\/2015\\\/12\\\/21\\\/mastere-specialise-digital-business-strategy-de-gem-a-lhonneur\\\/#primaryimage\"},\"image\":{\"@id\":\"https:\\\/\\\/visionarymarketing.com\\\/fr\\\/2015\\\/12\\\/21\\\/mastere-specialise-digital-business-strategy-de-gem-a-lhonneur\\\/#primaryimage\"},\"thumbnailUrl\":\"https:\\\/\\\/visionarymarketing.com\\\/wp-content\\\/uploads\\\/2019\\\/11\\\/48112460011_0d38a2b2a9_k.jpg\",\"datePublished\":\"2015-12-21T08:28:19+00:00\",\"dateModified\":\"2024-08-24T11:43:45+00:00\",\"author\":{\"@id\":\"https:\\\/\\\/visionarymarketing.com\\\/fr\\\/#\\\/schema\\\/person\\\/3754fee1e558f47b8deb46f53c37423e\"},\"description\":\"J'ai d\u00e9couvert le mast\u00e8re sp\u00e9cialis\u00e9 il y a 1 an. Il s'agit d'un format de formation r\u00e9cente (86) valid\u00e9 par la conf\u00e9rence des grandes \u00e9coles (CGE)\",\"breadcrumb\":{\"@id\":\"https:\\\/\\\/visionarymarketing.com\\\/fr\\\/2015\\\/12\\\/21\\\/mastere-specialise-digital-business-strategy-de-gem-a-lhonneur\\\/#breadcrumb\"},\"inLanguage\":\"fr-FR\",\"potentialAction\":[{\"@type\":\"ReadAction\",\"target\":[\"https:\\\/\\\/visionarymarketing.com\\\/fr\\\/2015\\\/12\\\/21\\\/mastere-specialise-digital-business-strategy-de-gem-a-lhonneur\\\/\"]}]},{\"@type\":\"ImageObject\",\"inLanguage\":\"fr-FR\",\"@id\":\"https:\\\/\\\/visionarymarketing.com\\\/fr\\\/2015\\\/12\\\/21\\\/mastere-specialise-digital-business-strategy-de-gem-a-lhonneur\\\/#primaryimage\",\"url\":\"https:\\\/\\\/visionarymarketing.com\\\/wp-content\\\/uploads\\\/2019\\\/11\\\/48112460011_0d38a2b2a9_k.jpg\",\"contentUrl\":\"https:\\\/\\\/visionarymarketing.com\\\/wp-content\\\/uploads\\\/2019\\\/11\\\/48112460011_0d38a2b2a9_k.jpg\",\"width\":644,\"height\":430},{\"@type\":\"BreadcrumbList\",\"@id\":\"https:\\\/\\\/visionarymarketing.com\\\/fr\\\/2015\\\/12\\\/21\\\/mastere-specialise-digital-business-strategy-de-gem-a-lhonneur\\\/#breadcrumb\",\"itemListElement\":[{\"@type\":\"ListItem\",\"position\":1,\"name\":\"Home\",\"item\":\"https:\\\/\\\/visionarymarketing.com\\\/fr\\\/\"},{\"@type\":\"ListItem\",\"position\":2,\"name\":\"Mast\u00e8re sp\u00e9cialis\u00e9 : le Digital Business Strategy de GEM \u00e0 l&#8217;honneur\"}]},{\"@type\":\"WebSite\",\"@id\":\"https:\\\/\\\/visionarymarketing.com\\\/fr\\\/#website\",\"url\":\"https:\\\/\\\/visionarymarketing.com\\\/fr\\\/\",\"name\":\"Marketing and Innovation\",\"description\":\"Site d&#039;infos ind\u00e9pendant, depuis 1996\",\"potentialAction\":[{\"@type\":\"SearchAction\",\"target\":{\"@type\":\"EntryPoint\",\"urlTemplate\":\"https:\\\/\\\/visionarymarketing.com\\\/fr\\\/?s={search_term_string}\"},\"query-input\":{\"@type\":\"PropertyValueSpecification\",\"valueRequired\":true,\"valueName\":\"search_term_string\"}}],\"inLanguage\":\"fr-FR\"},{\"@type\":\"Person\",\"@id\":\"https:\\\/\\\/visionarymarketing.com\\\/fr\\\/#\\\/schema\\\/person\\\/3754fee1e558f47b8deb46f53c37423e\",\"name\":\"Yann Gourvennec\",\"image\":{\"@type\":\"ImageObject\",\"inLanguage\":\"fr-FR\",\"@id\":\"https:\\\/\\\/secure.gravatar.com\\\/avatar\\\/5972001801e8de5692a3e31224e85769f50a55fb8b679749f9c8d1868cceff14?s=96&d=initials&r=g&initials=yg\",\"url\":\"https:\\\/\\\/secure.gravatar.com\\\/avatar\\\/5972001801e8de5692a3e31224e85769f50a55fb8b679749f9c8d1868cceff14?s=96&d=initials&r=g&initials=yg\",\"contentUrl\":\"https:\\\/\\\/secure.gravatar.com\\\/avatar\\\/5972001801e8de5692a3e31224e85769f50a55fb8b679749f9c8d1868cceff14?s=96&d=initials&r=g&initials=yg\",\"caption\":\"Yann Gourvennec\"},\"description\":\"Yann Gourvennec created visionarymarketing.com in 1996. He is a speaker and author of many books. In 2014 he went from intrapreneur to entrepreneur, when he created his digital marketing agency. Yann Gourvennec a cr\u00e9\u00e9 visionarymarketing.com en 1996. Il est conf\u00e9rencier et auteur de plusieurs livres. En 2014, il est pass\u00e9 d'intrapreneur \u00e0 entrepreneur en cr\u00e9ant son agence de marketing num\u00e9rique.\",\"sameAs\":[\"https:\\\/\\\/visionarymarketing.com\",\"http:\\\/\\\/facebook.com\\\/ygourven\",\"http:\\\/\\\/linkedin.com\\\/in\\\/ygourven\",\"https:\\\/\\\/x.com\\\/ygourven\",\"https:\\\/\\\/www.youtube.com\\\/c\\\/visionarymarketingagency\"],\"url\":\"https:\\\/\\\/visionarymarketing.com\\\/fr\\\/author\\\/yann-gourvennec\\\/\"}]}<\/script>\n<!-- \/ Yoast SEO plugin. -->","yoast_head_json":{"title":"Mast\u00e8re sp\u00e9cialis\u00e9 : le Digital Business Strategy de GEM \u00e0 l'honneur","description":"J'ai d\u00e9couvert le mast\u00e8re sp\u00e9cialis\u00e9 il y a 1 an. Il s'agit d'un format de formation r\u00e9cente (86) valid\u00e9 par la conf\u00e9rence des grandes \u00e9coles (CGE)","robots":{"index":"index","follow":"follow","max-snippet":"max-snippet:-1","max-image-preview":"max-image-preview:large","max-video-preview":"max-video-preview:-1"},"canonical":"https:\/\/visionarymarketing.com\/fr\/2015\/12\/21\/mastere-specialise-digital-business-strategy-de-gem-a-lhonneur\/","og_locale":"fr_FR","og_type":"article","og_title":"Mast\u00e8re sp\u00e9cialis\u00e9 : le Digital Business Strategy de GEM \u00e0 l'honneur","og_description":"J'ai d\u00e9couvert le mast\u00e8re sp\u00e9cialis\u00e9 il y a 1 an. Il s'agit d'un format de formation r\u00e9cente (86) valid\u00e9 par la conf\u00e9rence des grandes \u00e9coles (CGE)","og_url":"https:\/\/visionarymarketing.com\/fr\/2015\/12\/21\/mastere-specialise-digital-business-strategy-de-gem-a-lhonneur\/","og_site_name":"Marketing and Innovation","article_publisher":"https:\/\/www.facebook.com\/vismktg","article_author":"http:\/\/facebook.com\/ygourven","article_published_time":"2015-12-21T08:28:19+00:00","article_modified_time":"2024-08-24T11:43:45+00:00","og_image":[{"width":644,"height":430,"url":"https:\/\/visionarymarketing.com\/wp-content\/uploads\/2019\/11\/48112460011_0d38a2b2a9_k.jpg","type":"image\/jpeg"}],"author":"Yann Gourvennec","twitter_card":"summary_large_image","twitter_creator":"@ygourven","twitter_site":"@ygourven","twitter_misc":{"\u00c9crit par":"Yann Gourvennec","Dur\u00e9e de lecture estim\u00e9e":"6 minutes"},"schema":{"@context":"https:\/\/schema.org","@graph":[{"@type":"NewsArticle","@id":"https:\/\/visionarymarketing.com\/fr\/2015\/12\/21\/mastere-specialise-digital-business-strategy-de-gem-a-lhonneur\/#article","isPartOf":{"@id":"https:\/\/visionarymarketing.com\/fr\/2015\/12\/21\/mastere-specialise-digital-business-strategy-de-gem-a-lhonneur\/"},"author":{"name":"Yann Gourvennec","@id":"https:\/\/visionarymarketing.com\/fr\/#\/schema\/person\/3754fee1e558f47b8deb46f53c37423e"},"headline":"Mast\u00e8re sp\u00e9cialis\u00e9 : le Digital Business Strategy de GEM \u00e0 l&rsquo;honneur","datePublished":"2015-12-21T08:28:19+00:00","dateModified":"2024-08-24T11:43:45+00:00","mainEntityOfPage":{"@id":"https:\/\/visionarymarketing.com\/fr\/2015\/12\/21\/mastere-specialise-digital-business-strategy-de-gem-a-lhonneur\/"},"wordCount":1273,"commentCount":1,"image":{"@id":"https:\/\/visionarymarketing.com\/fr\/2015\/12\/21\/mastere-specialise-digital-business-strategy-de-gem-a-lhonneur\/#primaryimage"},"thumbnailUrl":"https:\/\/visionarymarketing.com\/wp-content\/uploads\/2019\/11\/48112460011_0d38a2b2a9_k.jpg","articleSection":["formation et elearning","Transformation"],"inLanguage":"fr-FR","potentialAction":[{"@type":"CommentAction","name":"Comment","target":["https:\/\/visionarymarketing.com\/fr\/2015\/12\/21\/mastere-specialise-digital-business-strategy-de-gem-a-lhonneur\/#respond"]}]},{"@type":"WebPage","@id":"https:\/\/visionarymarketing.com\/fr\/2015\/12\/21\/mastere-specialise-digital-business-strategy-de-gem-a-lhonneur\/","url":"https:\/\/visionarymarketing.com\/fr\/2015\/12\/21\/mastere-specialise-digital-business-strategy-de-gem-a-lhonneur\/","name":"Mast\u00e8re sp\u00e9cialis\u00e9 : le Digital Business Strategy de GEM \u00e0 l'honneur","isPartOf":{"@id":"https:\/\/visionarymarketing.com\/fr\/#website"},"primaryImageOfPage":{"@id":"https:\/\/visionarymarketing.com\/fr\/2015\/12\/21\/mastere-specialise-digital-business-strategy-de-gem-a-lhonneur\/#primaryimage"},"image":{"@id":"https:\/\/visionarymarketing.com\/fr\/2015\/12\/21\/mastere-specialise-digital-business-strategy-de-gem-a-lhonneur\/#primaryimage"},"thumbnailUrl":"https:\/\/visionarymarketing.com\/wp-content\/uploads\/2019\/11\/48112460011_0d38a2b2a9_k.jpg","datePublished":"2015-12-21T08:28:19+00:00","dateModified":"2024-08-24T11:43:45+00:00","author":{"@id":"https:\/\/visionarymarketing.com\/fr\/#\/schema\/person\/3754fee1e558f47b8deb46f53c37423e"},"description":"J'ai d\u00e9couvert le mast\u00e8re sp\u00e9cialis\u00e9 il y a 1 an. Il s'agit d'un format de formation r\u00e9cente (86) valid\u00e9 par la conf\u00e9rence des grandes \u00e9coles (CGE)","breadcrumb":{"@id":"https:\/\/visionarymarketing.com\/fr\/2015\/12\/21\/mastere-specialise-digital-business-strategy-de-gem-a-lhonneur\/#breadcrumb"},"inLanguage":"fr-FR","potentialAction":[{"@type":"ReadAction","target":["https:\/\/visionarymarketing.com\/fr\/2015\/12\/21\/mastere-specialise-digital-business-strategy-de-gem-a-lhonneur\/"]}]},{"@type":"ImageObject","inLanguage":"fr-FR","@id":"https:\/\/visionarymarketing.com\/fr\/2015\/12\/21\/mastere-specialise-digital-business-strategy-de-gem-a-lhonneur\/#primaryimage","url":"https:\/\/visionarymarketing.com\/wp-content\/uploads\/2019\/11\/48112460011_0d38a2b2a9_k.jpg","contentUrl":"https:\/\/visionarymarketing.com\/wp-content\/uploads\/2019\/11\/48112460011_0d38a2b2a9_k.jpg","width":644,"height":430},{"@type":"BreadcrumbList","@id":"https:\/\/visionarymarketing.com\/fr\/2015\/12\/21\/mastere-specialise-digital-business-strategy-de-gem-a-lhonneur\/#breadcrumb","itemListElement":[{"@type":"ListItem","position":1,"name":"Home","item":"https:\/\/visionarymarketing.com\/fr\/"},{"@type":"ListItem","position":2,"name":"Mast\u00e8re sp\u00e9cialis\u00e9 : le Digital Business Strategy de GEM \u00e0 l&#8217;honneur"}]},{"@type":"WebSite","@id":"https:\/\/visionarymarketing.com\/fr\/#website","url":"https:\/\/visionarymarketing.com\/fr\/","name":"Marketing and Innovation","description":"Site d&#039;infos ind\u00e9pendant, depuis 1996","potentialAction":[{"@type":"SearchAction","target":{"@type":"EntryPoint","urlTemplate":"https:\/\/visionarymarketing.com\/fr\/?s={search_term_string}"},"query-input":{"@type":"PropertyValueSpecification","valueRequired":true,"valueName":"search_term_string"}}],"inLanguage":"fr-FR"},{"@type":"Person","@id":"https:\/\/visionarymarketing.com\/fr\/#\/schema\/person\/3754fee1e558f47b8deb46f53c37423e","name":"Yann Gourvennec","image":{"@type":"ImageObject","inLanguage":"fr-FR","@id":"https:\/\/secure.gravatar.com\/avatar\/5972001801e8de5692a3e31224e85769f50a55fb8b679749f9c8d1868cceff14?s=96&d=initials&r=g&initials=yg","url":"https:\/\/secure.gravatar.com\/avatar\/5972001801e8de5692a3e31224e85769f50a55fb8b679749f9c8d1868cceff14?s=96&d=initials&r=g&initials=yg","contentUrl":"https:\/\/secure.gravatar.com\/avatar\/5972001801e8de5692a3e31224e85769f50a55fb8b679749f9c8d1868cceff14?s=96&d=initials&r=g&initials=yg","caption":"Yann Gourvennec"},"description":"Yann Gourvennec created visionarymarketing.com in 1996. He is a speaker and author of many books. In 2014 he went from intrapreneur to entrepreneur, when he created his digital marketing agency. Yann Gourvennec a cr\u00e9\u00e9 visionarymarketing.com en 1996. Il est conf\u00e9rencier et auteur de plusieurs livres. En 2014, il est pass\u00e9 d'intrapreneur \u00e0 entrepreneur en cr\u00e9ant son agence de marketing num\u00e9rique.","sameAs":["https:\/\/visionarymarketing.com","http:\/\/facebook.com\/ygourven","http:\/\/linkedin.com\/in\/ygourven","https:\/\/x.com\/ygourven","https:\/\/www.youtube.com\/c\/visionarymarketingagency"],"url":"https:\/\/visionarymarketing.com\/fr\/author\/yann-gourvennec\/"}]}},"_links":{"self":[{"href":"https:\/\/visionarymarketing.com\/fr\/wp-json\/wp\/v2\/posts\/20051","targetHints":{"allow":["GET"]}}],"collection":[{"href":"https:\/\/visionarymarketing.com\/fr\/wp-json\/wp\/v2\/posts"}],"about":[{"href":"https:\/\/visionarymarketing.com\/fr\/wp-json\/wp\/v2\/types\/post"}],"author":[{"embeddable":true,"href":"https:\/\/visionarymarketing.com\/fr\/wp-json\/wp\/v2\/users\/2"}],"replies":[{"embeddable":true,"href":"https:\/\/visionarymarketing.com\/fr\/wp-json\/wp\/v2\/comments?post=20051"}],"version-history":[{"count":0,"href":"https:\/\/visionarymarketing.com\/fr\/wp-json\/wp\/v2\/posts\/20051\/revisions"}],"wp:featuredmedia":[{"embeddable":true,"href":"https:\/\/visionarymarketing.com\/fr\/wp-json\/wp\/v2\/media\/34063"}],"wp:attachment":[{"href":"https:\/\/visionarymarketing.com\/fr\/wp-json\/wp\/v2\/media?parent=20051"}],"wp:term":[{"taxonomy":"category","embeddable":true,"href":"https:\/\/visionarymarketing.com\/fr\/wp-json\/wp\/v2\/categories?post=20051"},{"taxonomy":"post_tag","embeddable":true,"href":"https:\/\/visionarymarketing.com\/fr\/wp-json\/wp\/v2\/tags?post=20051"}],"curies":[{"name":"wp","href":"https:\/\/api.w.org\/{rel}","templated":true}]}}