{"id":20010,"date":"2024-02-22T08:35:08","date_gmt":"2024-02-22T07:35:08","guid":{"rendered":"http:\/\/visionarymarketing.fr\/blog?p=20010&#038;preview_id=20010"},"modified":"2024-02-23T15:43:51","modified_gmt":"2024-02-23T14:43:51","slug":"proletarisation-par-le-web","status":"publish","type":"post","link":"https:\/\/visionarymarketing.com\/fr\/2024\/02\/22\/proletarisation-par-le-web\/","title":{"rendered":"Bernard Stiegler nous enjoint de sortir de la prol\u00e9tarisation par le Web"},"content":{"rendered":"<p><i>Bernard Stiegler nous avertit d&rsquo;une \u00ab prol\u00e9tarisation par le Web \u00bb et il nous enjoint de nous r\u00e9veiller. Le 1er d\u00e9cembre 2015, j\u2019\u00e9tais au premier rang de la salle de conf\u00e9rence du <\/i><span class=\"removed_link\" style=\"font-style: italic;\" title=\"http:\/\/www.grenoble-em.com\/agenda-gem-digital-day-2015-0\">WTC de Grenoble, \u00e0 deux pas du vaisseau amiral de Grenoble Ecole de Management<\/span><i>, pour assister \u00e0 la d\u00e9monstration du philosophe Bernard Stiegler, avec qui j\u2019ai la chance de travailler dans le cadre de mon ex <\/i><a style=\"font-style: italic;\" href=\"https:\/\/web.archive.org\/web\/20201129070702\/https:\/\/www.grenoble-em.com\/mastere-specialise-strategie-digitale\" target=\"_blank\" rel=\"noopener noreferrer\">Master Sp\u00e9cialis\u00e9 Digital Business Strategy<\/a><i>. Le <a href=\"https:\/\/www.lemonde.fr\/disparitions\/article\/2020\/08\/07\/le-philosophe-bernard-stiegler-est-mort-a-l-age-de-68-ans_6048379_3382.html\" target=\"_blank\" rel=\"noopener\">regrett\u00e9 Bernard Stiegler<\/a> &#8211; dont je vous conseille l\u2019ouvrage \u00ab\u00a0<\/i><a style=\"font-style: italic;\" href=\"https:\/\/www.amazon.fr\/Lemploi-est-mort-vive-travail-ebook\/dp\/B00WJQLSK4\/ref=sr_1_1?adgrpid=1360096820210971&amp;hvadid=85006515538707&amp;hvbmt=be&amp;hvdev=c&amp;hvlocphy=127021&amp;hvnetw=s&amp;hvqmt=e&amp;hvtargid=kwd-85006577018537%3Aloc-66&amp;hydadcr=17937_2276180&amp;keywords=l\u2019emploi+est+mort+vive+le+travail&amp;qid=1701104387&amp;sr=8-1\" target=\"_blank\" rel=\"noopener noreferrer\">l\u2019emploi est mort, vive le travail !<\/a><i>\u201d, r\u00e9sultat d\u2019un entretien avec Ariel Kyrou &#8211; a fait le pont entre n\u00e9o prol\u00e9tarisation des masses et r\u00e9-apprentissage du savoir. Ceci a pu para\u00eetre un grand \u00e9cart \u00e0 certains, mais m\u2019a sembl\u00e9 bigrement pertinent. Revenons sur son discours de ce \u00ab digital day \u00bb et\u00a0sur\u00a0sa d\u00e9monstration, certes assez longue et noire, mais le voyage en vaut la peine. Ce billet est une rediffusion de 2015 qui nous semble urgente dans le contexte actuel <\/i><a style=\"font-style: italic;\" href=\"https:\/\/visionarymarketing.com\/fr\/2024\/02\/ia-marketing\/\">d&rsquo;abandon de la raison<\/a><i> face \u00e0 la\u00a0technologie toute puissante. Bernard Stiegler annon\u00e7ait la fin du savoir en cette fin 2015, que\u00a0dirait-il\u00a0aujourd&rsquo;hui face \u00e0 la d\u00e9mission des humains face \u00e0 la machine ? Un billet qui nous semble toujours aussi important, m\u00eame si la solution pr\u00e9sent\u00e9e en fin de document n&rsquo;est probablement pas la solution ultime \u00e0 cette\u00a0sortie de la prol\u00e9tarisation.\u00a0<\/i><\/p>\n<h2>Bernard Stiegler nous enjoint de sortir de la prol\u00e9tarisation par le Web<\/h2>\n<figure id=\"attachment_79412\" aria-describedby=\"caption-attachment-79412\" style=\"width: 960px\" class=\"wp-caption aligncenter\"><img decoding=\"async\" class=\"wp-image-79412 size-full\" src=\"https:\/\/visionarymarketing.com\/wp-content\/uploads\/2024\/02\/img-0985-e1708699341595.jpeg\" alt=\"Bernard Stiegler sur fond d\u2019anthropoc\u00e8ne nous enjoint de sortir de la prol\u00e9tarisation par le Web. Une pr\u00e9sentation sombre mais utile qui m'a \u00e9t\u00e9 rappel\u00e9e par un post de Marc Cavazza qui mentionnait le regrett\u00e9 philosophe.\" width=\"960\" height=\"598\" srcset=\"https:\/\/visionarymarketing.com\/wp-content\/uploads\/2024\/02\/img-0985-e1708699341595.jpeg 960w, https:\/\/visionarymarketing.com\/wp-content\/uploads\/2024\/02\/img-0985-e1708699341595-482x300.jpeg 482w, https:\/\/visionarymarketing.com\/wp-content\/uploads\/2024\/02\/img-0985-e1708699341595-768x478.jpeg 768w\" sizes=\"(max-width: 960px) 100vw, 960px\" \/><figcaption id=\"caption-attachment-79412\" class=\"wp-caption-text\">Bernard Stiegler sur fond d\u2019anthropoc\u00e8ne nous enjoint de sortir de la prol\u00e9tarisation par le Web. Une pr\u00e9sentation sombre mais utile qui m&rsquo;a \u00e9t\u00e9 rappel\u00e9e par un post de Marc Cavazza qui mentionnait le regrett\u00e9 philosophe.<\/figcaption><\/figure>\n<h2>Un temps de rupture men\u00e9 par les GAFA<\/h2>\n<p>\u00ab Nous vivons un temps de \u00ab\u00a0<a href=\"https:\/\/web.archive.org\/web\/20230201164524\/https:\/\/www.e-marketing.fr\/Definitions-Glossaire\/Disruption-238138.htm\" target=\"_blank\" rel=\"noopener noreferrer\">disruption<\/a>\u00ab\u00a0* qui est men\u00e9 par les <a href=\"https:\/\/fr.wikipedia.org\/wiki\/Gafa\" target=\"_blank\" rel=\"noopener noreferrer\">GAFA <\/a>\u00bb a affirm\u00e9 Bernard Stiegler dans son introduction en nous mettant en garde. \u00ab Doit-on s&rsquo;aligner sur cette mani\u00e8re de pratiquer la rupture ou doit on changer la m\u00e9thode \u00bb. Mais cette \u201cdisruption\u201d, aujourd&rsquo;hui est <a href=\"https:\/\/fr.wikipedia.org\/wiki\/Entropie\" target=\"_blank\" rel=\"noopener noreferrer\">entropique<\/a>, selon le philosophe. \u00ab\u00a0Elle est porteuse de souffrances pour l&rsquo;Europe qui d\u00e9cline, alors que le monde est entr\u00e9 dans\u00a0<a href=\"https:\/\/fr.wikipedia.org\/wiki\/Anthropoc%C3%A8ne\" target=\"_blank\" rel=\"noopener noreferrer\">l\u2019anthropoc\u00e8ne<\/a>, cette \u00ab nouvelle \u00e8re g\u00e9ologique domin\u00e9e par l\u2019humanit\u00e9 \u00bb et qui perturbe la terre. Cette entropie-l\u00e0, alors que nous nous pr\u00e9parons \u00e0 la\u00a0<a href=\"https:\/\/fr.wikipedia.org\/wiki\/Conf\u00e9rence_de_Bakou_de_2024_sur_les_changements_climatiques\" target=\"_blank\" rel=\"noopener noreferrer\">COP29<\/a>, nous la connaissons bien. La premi\u00e8re peut para\u00eetre plus contre-intuitive.<\/p>\n<p><em>*Ce n\u00e9ologisme est d\u00e9sormais si usit\u00e9 que nous le garderons tel quel dans cet article.<\/em><!--more--><\/p>\n<h3>Prol\u00e9tarisation par le Web et entropie<\/h3>\n<p>Le deuxi\u00e8me livre de la <a href=\"https:\/\/fr.wikipedia.org\/wiki\/Thermodynamique\" target=\"_blank\" rel=\"noopener noreferrer\">thermodynamique<\/a> de <a href=\"https:\/\/fr.wikipedia.org\/wiki\/Sadi_Carnot_(physicien)\" target=\"_blank\" rel=\"noopener noreferrer\">Sadi Carnot <\/a>sur la puissance motrice du feu a d\u00e9crit ce ph\u00e9nom\u00e8ne d\u00e9nomm\u00e9 \u201centropie\u201d qui correspond \u00e0 la mati\u00e8re qui se dissipe de mani\u00e8re in\u00e9luctable. \u00ab\u00a0C&rsquo;est la loi de l\u2019univers\u201d nous a expliqu\u00e9 Bernard Stiegler, \u201ccelle d&rsquo;un monde en expansion mais qui court aussi \u00e0 sa disparition\u00a0\u00bb. Or, ces questions d&rsquo;\u00e9conomie qui se posent \u00e0 nous &#8211; et notamment celle de ce que nous appelons <a href=\"https:\/\/visionarymarketing.com\/fr\/2015\/06\/lhomme-a-venir-quand-la-transformation-digitale-rencontre-la-philosophie\/\" target=\"_blank\" rel=\"noopener noreferrer\">transformation digitale<\/a> &#8211; \u00ab\u00a0ont toutes en leur c\u0153ur l\u2019entropie\u201d explique le Philosophe, et l&rsquo;\u00e9conomie de demain va se construire autour de ces enjeux. Car ce qui d\u00e9termine l&rsquo;humanit\u00e9 c&rsquo;est la <em>valeur, <\/em>cette valeur\u00a0qui va permettre de sauver la plan\u00e8te. En 1944, pour compl\u00e9ter le concept de Carnot, a \u00e9t\u00e9 invent\u00e9 le concept de <a href=\"https:\/\/fr.wikipedia.org\/wiki\/N%C3%A9guentropie\" target=\"_blank\" rel=\"noopener noreferrer\">n\u00e9guentropie<\/a> (appel\u00e9e ant\u00e9rieurement entropie n\u00e9gative). \u00ab\u00a0Qu&rsquo;est-ce que l\u2019\u00e9conomie\u201d a demand\u00e9 Bernard Stiegler \u00e0 la salle : \u201cc\u2019est entretenir le vivant\u201d, or l&rsquo;anthropoc\u00e8ne est justement l\u2019inverse, c\u2019est le cas parfait du monde qui se tire une balle dans le pied et qui se d\u00e9truit lui-m\u00eame.<\/p>\n<h3>Le futur est \u00e0 la robotisation : un million et demi d\u2019employ\u00e9s ray\u00e9s d\u2019un trait de plume ?<\/h3>\n<figure style=\"width: 102px\" class=\"wp-caption alignright\"><img decoding=\"async\" class=\"\" style=\"float: right;\" title=\"bernard stiegler.png\" src=\"https:\/\/visionarymarketing.com\/wp-content\/uploads\/2015\/12\/bernard-stiegler.png\" alt=\"Bernard Stiegler\" width=\"102\" height=\"145\" border=\"0\" \/><figcaption class=\"wp-caption-text\">Bernard Stiegler et Ariel Kyrou : l&#8217;emploi est mort, vive le travail !<\/figcaption><\/figure>\n<p>Revenons \u00e0 ces ph\u00e9nom\u00e8nes de ruptures \u00e9conomiques d\u00e9crits par Bernard Stiegler et posons-nous la question de la nature de cette rupture. Ce temps de disruption que nous vivons actuellement est caract\u00e9ris\u00e9 par l\u2019amplification de ce que l\u2019on a d\u00e9j\u00e0 observ\u00e9 dans les usines, selon Bernard Stiegler (les usines sans ouvriers). \u00ab\u00a0Cette histoire a commenc\u00e9 il y a 20 \u00e0 30 ans\u201d explique Bernard Stiegler. Mais l\u2019enjeu aujourd\u2019hui est ailleurs : \u00ab\u00a0maintenant le sujet, <a href=\"https:\/\/web.archive.org\/web\/20210224142325\/http:\/\/www.humanite.fr\/les-ouvriers-chinois-trop-chers-remplaces-par-des-robots-549110\" target=\"_blank\" rel=\"noopener noreferrer\">c&rsquo;est le robot comme celui de Foxconn<\/a> et Google qui vise \u00e0 remplacer 1 million et demi d\u2019employ\u00e9s\u201d nous explique-t-il. <strong>Le futur, ce n&rsquo;est donc plus l&rsquo;automatisation mais la robotisation<\/strong>. Donc l&#8217;emploi va r\u00e9gresser beaucoup d&rsquo;ici \u00e0 30 ans. Holmes un \u00e9conomiste am\u00e9ricain pr\u00e9dit m\u00eame que 70% des emplois vont \u00eatre d\u00e9truits. \u00ab\u00a0Cela veut dire que nous allons \u00eatre de plus en plus confront\u00e9s \u00e0 un probl\u00e8me \u00e9conomique\u201d ajoute Bernard Stiegler. \u00ab\u00a0<strong>L&#8217;emploi, peut-\u00eatre pas tous mais pour beaucoup, va dispara\u00eetre<\/strong>\u201d. Les lecteurs de <a href=\"https:\/\/en.wikipedia.org\/wiki\/Player_Piano_(novel)\" target=\"_blank\" rel=\"noopener noreferrer\">Player Piano (Kurt Vonnegut)<\/a> se souviennent.<\/p>\n<h3>Le mod\u00e8le fordiste s\u2019est cass\u00e9 la figure<\/h3>\n<p>Le <a href=\"https:\/\/fr.wikipedia.org\/wiki\/Fordisme\" target=\"_blank\" rel=\"noopener noreferrer\">mod\u00e8le fordiste<\/a> con\u00e7u au d\u00e9but des ann\u00e9es 1900 \u00ab\u00a0s&rsquo;est cass\u00e9 la figure\u201d poursuit Bernard Stiegler. C\u2019est selon lui Roosevelt et <a href=\"https:\/\/fr.wikipedia.org\/wiki\/John_Maynard_Keynes\" target=\"_blank\" rel=\"noopener noreferrer\">Keynes<\/a> qui ont stabilis\u00e9 le statut de salari\u00e9s. La pr\u00e9carit\u00e9 r\u00e9gnait auparavant. Leur action, \u00e0 l\u2019issue de la <a href=\"https:\/\/fr.wikipedia.org\/wiki\/Grande_D%C3%A9pression\" target=\"_blank\" rel=\"noopener noreferrer\">grande d\u00e9pression de 1929<\/a>, a permis de cr\u00e9er ce statut, de le p\u00e9renniser et de donner une certaine s\u00e9curit\u00e9 aux employ\u00e9s. \u00ab\u00a0Et c&rsquo;est ce qui a permis de vendre les voitures de Ford, de d\u00e9velopper cet <a href=\"https:\/\/fr.wikipedia.org\/wiki\/American_way_of_life\">American Way of Life<\/a> qui a \u00e9t\u00e9 si vertueux\u201d. Mais la r\u00e9cr\u00e9ation est finie depuis 20 \u00e0 30 maintenant, le mode de vie cr\u00e9\u00e9 dans les ann\u00e9es 30 bas\u00e9 sur la croissance est de fa\u00e7on croissante remis en cause, jusque par le <a href=\"https:\/\/fr.wikipedia.org\/wiki\/Halte_%C3%A0_la_croissance_%3F\" target=\"_blank\" rel=\"noopener noreferrer\">MIT qui a publi\u00e9 un rapport \u00ab\u00a0halte \u00e0 la croissance<\/a>\u00a0?\u00a0\u00bb.<\/p>\n<h3>Comment en est-on arriv\u00e9s \u00e0 cette prol\u00e9tarisation ? 3 grandes vagues d&rsquo;automatisation<\/h3>\n<ol>\n<li>Le 19\u00e8me si\u00e8cle tout d\u2019abord avec son innovation d\u00e9brid\u00e9e (tout a \u00e9t\u00e9 invent\u00e9 \u00e0 cette \u00e9poque et les changements ont \u00e9t\u00e9 extr\u00eamement brutaux, comme on peut encore le lire dans <a href=\"https:\/\/fr.wikipedia.org\/wiki\/Les_Temps_difficiles\" target=\"_blank\" rel=\"noopener noreferrer\">Hard Times <\/a>de Charles Dickens ou les livres de Zola). Alors, les gains de productivit\u00e9 sont capt\u00e9s par la bourgeoisie. Le prol\u00e9tariat travaille sans vraiment en profiter, la redistribution ne se fait pas \u00e9quitablement ;<\/li>\n<li>Le 20\u00e8me, avec le Fordisme, instaure la redistribution. Celle-ci permet \u00e0 la classe moyenne de se d\u00e9velopper. A cette \u00e9poque, \u00ab\u00a0lorsque l\u2019on cr\u00e9e des automates on cr\u00e9e aussi de l\u2019emploi\u201d nous explique Bernard Stiegler ;<\/li>\n<li>Les nouvelles vagues d&rsquo;automatisation de l\u2019\u00e9poque contemporaine ont conduit au \u00ab\u00a0travail gratuit\u201d tel qu\u2019exprim\u00e9 dans le fameux d\u00e9bat de la \u201cGIG economy\u201d en vogue aujourd\u2019hui aux Etats-Unis et incarn\u00e9 par des sites comme Fiverr et Amazon Turk. Ces nouvelles vagues ne cr\u00e9ent pas d&#8217;emplois. Ou alors des emplois de n\u00e9o-prol\u00e9taires.<\/li>\n<\/ol>\n<p>Mais <strong>ce mod\u00e8le est cass\u00e9 nous explique Bernard Stiegler<\/strong>. En raisonnant par l\u2019absurde, si tous les \u201ctravailleurs\u201d sont remplac\u00e9s par des robots, les premiers ne pourront plus jamais acheter les produits fabriqu\u00e9s par les derniers.\u00a0<strong>\u00ab\u00a0Nous sommes donc au bord d&rsquo;une \u00e9norme crise de surproduction\u201d <\/strong>pr\u00e9dit le Philosophe.<\/p>\n<h3>Harlem moins heureux que les pires quartiers de Dhaka (Bangladesh)<\/h3>\n<p><strong>Amartya Sen<\/strong>, prix Nobel en \u00e9conomie en\u00a01998, a parl\u00e9 de la notion de \u00ab\u00a0<a href=\"https:\/\/en.wikipedia.org\/wiki\/Capability_approach\" target=\"_blank\" rel=\"noopener noreferrer\">capabilities approach<\/a>\u201d dans sa comparaison entre Harlem et le Bangladesh. Traduisons ce terme de \u201ccapabilities\u201d par \u201ccomp\u00e9tences\u201d si vous le voulez bien. \u00ab\u00a0Les gens au Bangladesh sont plus heureux et vivent mieux qu&rsquo;\u00e0 Harlem (dans les ann\u00e9es 70, avant la r\u00e9novation de Harlem)\u201d nous explique Bernard Stiegler. Les comp\u00e9tences des Bangladeshis leur viennent de leur <strong>savoir<\/strong>. C&rsquo;est cela qui les sauve. \u00c0 Harlem, par contre, <strong>ils ont perdu le savoir et le savoir faire<\/strong>. \u00ab\u00a0Ils sont r\u00e9gis par le marketing et sont soumis \u00e0 la standardisation taylorienne\u201d poursuit Bernard Stiegler. Il y a l\u00e0 quelque chose de fondamental : la civilisation moderne a produit des individus incapables de se d\u00e9brouiller seuls dans l\u2019environnement que pourtant d\u2019autres hommes ont cr\u00e9\u00e9 pour eux. Ces individus sont devenus d\u00e9biles* (au sens \u00e9tymologique) et se sont eux-m\u00eames prol\u00e9taris\u00e9s.<\/p>\n<p><em>* terme utilis\u00e9 par Bernard Stiegler lors de sa pr\u00e9sentation<br \/>\n** merci \u00e0 Emmanuel Blanchot dont la lecture avis\u00e9e a permis de corriger une erreur de compr\u00e9hension, accentu\u00e9e par mon handicap auditif [correction du 15\/12\/15 \u00e0 0-9:11]<br \/>\nNB :\u00a0<a href=\"http:\/\/arsindustrialis.org\/journal-de-campagne\" target=\"_blank\" rel=\"noopener noreferrer\">voir aussi ce texte de Ars Industrialis, l&rsquo;association<\/a> de Bernard Stiegler<\/em><\/p>\n<h3>La fin du savoir et la fin de l\u2019humanit\u00e9 : il faut r\u00e9agir<\/h3>\n<p>La perte de ce savoir, et de ce savoir-faire est \u00e0 la base du mal-\u00eatre nous explique Bernard Stiegler. Et on nous pr\u00e9dit encore pire, si l\u2019on en croit <a href=\"https:\/\/fr.wikipedia.org\/wiki\/Chris_Anderson_(auteur)\" target=\"_blank\" rel=\"noopener noreferrer\">Chris Anderson<\/a> (Wired, Cond\u00e9 Nast), qui nous annonce la fin du savoir faire humain. \u00ab\u00a0Il est temps de r\u00e9agir\u201d a clam\u00e9 le Philosophe. Anderson, a publi\u00e9 un article le 23\/06\/2008 intitul\u00e9 \u201cun d\u00e9luge de donn\u00e9es rend les m\u00e9thodes scientifiques obsol\u00e8tes\u201d. Ce d\u00e9luge de donn\u00e9es est typique de ce que fait \u201cGoogle, qui fonctionne par ce mod\u00e8le\u201d nous dit Stiegler qui d\u00e9cid\u00e9ment n\u2019a pas de mots tendres pour le g\u00e9ant de Mountain View.<\/p>\n<figure style=\"width: 599px\" class=\"wp-caption aligncenter\"><img decoding=\"async\" style=\"display: block; margin-left: auto; margin-right: auto;\" title=\"NewImage.png\" src=\"https:\/\/visionarymarketing.com\/wp-content\/uploads\/2015\/12\/NewImage2.png\" alt=\"Bernard Stiegler Prol\u00e9tarisation par le Web\" width=\"599\" height=\"424\" border=\"0\" \/><figcaption class=\"wp-caption-text\">Selon Bernard Stiegler, il est temps de r\u00e9agir (image\u00a0tir\u00e9e de sa pr\u00e9sentation) &#8211; une bonne illustration de la prol\u00e9tarisation des masses par le Web.<\/figcaption><\/figure>\n<p style=\"text-align: left;\">Avec Google, \u00ab\u00a0plus besoin de linguistes et plus besoin de th\u00e9ories. Les linguistes sont ceux qui font des th\u00e9ories de la langue. Pour Google, rien de tout cela\u00a0\u00bb selon le Philosophe. \u00ab\u00a0Il suffit de faire des maths appliqu\u00e9es et d&rsquo;appliquer des statistiques probabilistes\u201d. M\u00eame si c\u2019est un peu plus compliqu\u00e9 que cela, on comprend o\u00f9 il veut en venir. On met le savoir en \u00e9quation, et plus besoin de savoir, l\u2019\u00e9quation fait le travail pour vous, ou du moins, elle en fait une grande partie (les traducteurs, et j\u2019en suis un repenti, n\u2019auront que m\u00e9pris pour cela tant la grammaire de ces syst\u00e8mes de traduction est approximative. Mais il faut n\u00e9anmoins reconna\u00eetre que ces algorithmes sont tr\u00e8s forts, et sans doute bien en-dessous de ce qui est vraiment possible).<\/p>\n<h3><img decoding=\"async\" class=\"aligncenter\" style=\"display: block; margin-left: auto; margin-right: auto;\" title=\"NewImage.png\" src=\"https:\/\/visionarymarketing.com\/wp-content\/uploads\/2015\/12\/NewImage.png\" alt=\"Bernard Stiegler Prol\u00e9tarisation par le Web\" width=\"599\" height=\"296\" border=\"0\" \/><br \/>\nLa prol\u00e9tarisation c\u2019est ne plus savoir comment les choses marchent<\/h3>\n<p><strong>\u00ab\u00a0Le probl\u00e8me c&rsquo;est que si on ne sait plus comment les choses marchent c&rsquo;est qu\u2019on est entr\u00e9\u00a0dans\u00a0un processus de <a href=\"https:\/\/fr.wiktionary.org\/wiki\/prol%C3%A9tarisation\" target=\"_blank\" rel=\"noopener noreferrer\">prol\u00e9tarisation<\/a>\u201d<\/strong>\u00a0a avanc\u00e9 Bernard Stiegler, dans une phrase lapidaire qui m\u2019a v\u00e9ritablement frapp\u00e9. Lisez la suite, la d\u00e9monstration continue et elle est brillante.<\/p>\n<p>\u00ab\u00a0Les foules sont mim\u00e9tiques et ce processus est dangereux\u201d avertit le Philosophe. \u00ab\u00a0Sur les r\u00e9seaux sociaux, l&rsquo;information circule \u00e0 une vitesse incroyable (il s\u2019est m\u00eame livr\u00e9 \u00e0 un calcul brillant et trop rapide pour que je puisse le noter)\u201d. Sur \u00a0Amazon, le \u00ab\u00a0syst\u00e8me de recommandations va vous proposer <a href=\"https:\/\/fr.wikipedia.org\/wiki\/Jeremy_Rifkin\" target=\"_blank\" rel=\"noopener noreferrer\">Rifkin<\/a> si vous cherchez le bouquin de Bernard Stiegler\u201d a-t-il remarqu\u00e9, non sans fac\u00e9tie. Le syst\u00e8me fait des corr\u00e9lations et propose des produits dont on ne voulait pas mais qu\u2019il vous propose car il conna\u00eet votre profil. \u201c<strong>Ce sont des d\u00e9sirs et des attentes qui sont remplac\u00e9s par des d\u00e9sirs automatis\u00e9s<\/strong>\u201d a-t-il ajout\u00e9. Et il est vrai, qui n\u2019a jamais c\u00e9d\u00e9 \u00e0 ces recommandations ? Certainement que j\u2019en suis, moi qui suis client du libraire am\u00e9ricain depuis 20 ans. Mes d\u00e9sirs sont dict\u00e9s par une machine et avouons-le, en tant que technologues, il est m\u00eame un fait que nous trouvons cela normal. Et pourtant, ce n\u2019est pas sans poser des questions philosophiques fondamentales.<\/p>\n<h3>Alan Greenspan : un Dieu prol\u00e9taire \u00e0 la t\u00eate d\u2019un syst\u00e8me qu\u2019il ne comprenait pas lui-m\u00eame<\/h3>\n<p><a href=\"https:\/\/fr.wikipedia.org\/wiki\/Alan_Greenspan\" target=\"_blank\" rel=\"noopener noreferrer\">Alan Greenspan,<\/a> l\u2019ex patron de la Fed, en a bien parl\u00e9. Le 23\/10\/2008 Greenspan est convoqu\u00e9 pour s&rsquo;expliquer \u00ab\u00a0sur le bazar \u00e9conomique qu&rsquo;il est accus\u00e9 d&rsquo;avoir cr\u00e9\u00e9\u201d nous a expliqu\u00e9 Bernard Stiegler. Il faut \u00e9couter ce discours selon le Philosophe, car il est \u00e9difiant. \u201cIl y dit qu&rsquo;il n&rsquo;est pas le seul responsable. <strong>Et surtout que personne ne comprend le syst\u00e8me<\/strong>. <strong>Greenspan est devenu le prol\u00e9taire le mieux pay\u00e9 du monde<\/strong>\u00ab\u00a0. Les prol\u00e9taires \u00e9taient ces ouvriers, en bas de l\u2019\u00e9chelle sociale, qui faisaient tourner la machine \u00e9conomique mais dont <a href=\"http:\/\/www.scienceshumaines.com\/le-travail-en-miettes_fr_13023.html\" target=\"_blank\" rel=\"noopener noreferrer\">le travail en miettes (Friedmann)<\/a> les emp\u00eachait de comprendre ce qu\u2019ils faisaient. Priv\u00e9s de savoir ils \u00e9taient prisonniers de la machine, incapables de prendre l\u2019initiative, esclaves du syst\u00e8me, jusqu\u2019\u00e0 en devenir des \u201cgueux\u201d pour reprendre l\u2019expression de Marx (<a href=\"https:\/\/en.wikipedia.org\/wiki\/Lumpenproletariat\" target=\"_blank\" rel=\"noopener noreferrer\">Lumpen Proletariat <\/a>en allemand).<\/p>\n<h3>Nous sommes tous devenus des prol\u00e9taires<\/h3>\n<p>Ce que nous apprend Bernard Stiegler, c\u2019est que nous sommes tous devenus des prol\u00e9taires. D\u00e8s que nous cessons de r\u00e9fl\u00e9chir \u00e0 cet environnement qui nous entoure et que nous avons cr\u00e9\u00e9, que nous nous en remettons aux robots et aux algorithmes sans r\u00e9fl\u00e9chir ou par paresse, nous nous prol\u00e9tarisons et ce n\u2019est plus d\u00e9sormais l\u2019apanage des classes sociales d\u00e9favoris\u00e9es. Nous sommes tous concern\u00e9s.<\/p>\n<h3>Mais cela ne peut durer il faut r\u00e9agir<\/h3>\n<p>\u00ab\u00a0Cela ne pourra pas durer et il faut faire des choses nouvelles\u201d a poursuivi Bernard Stiegler. \u00ab\u00a0C&rsquo;est ce que nous essayons d&rsquo;inventer avec les \u00e9l\u00e8ves de Grenoble. Il faut developer un nouveau type de formations professionnelles\u201d et r\u00e9apprendre \u00e0 apprendre pour aiguiser l\u2019oeil critique, le savoir-faire, la connaissance, bref tout ce qui peut nous permettre de sortir de la prol\u00e9tarisation.<\/p>\n<h3>R\u00e9apprendre \u00e0 apprendre, reconqu\u00e9rir le savoir<\/h3>\n<p><strong>\u00ab\u00a0Le savoir est fait pour produire de la n\u00e9guentropie \u00e0 l&rsquo;oppos\u00e9 de ce que la donn\u00e9e est cens\u00e9e produire : de l&rsquo;entropie. Il faut donc sortir de l\u2019entropie\u201d<\/strong>\u00a0nous enjoint le Philosophe. Celui-ci et ses \u00e9quipes a ainsi commenc\u00e9 une exp\u00e9rimentation sur une population de 400.000 habitants et est en discussion en Angleterre et dans d\u2019autres pays. H\u00e9las, le temps lui a manqu\u00e9 pour d\u00e9crire cette exp\u00e9rimentation.<\/p>\n<figure style=\"width: 599px\" class=\"wp-caption aligncenter\"><img decoding=\"async\" style=\"display: block; margin-left: auto; margin-right: auto;\" title=\"NewImage.png\" src=\"https:\/\/visionarymarketing.com\/wp-content\/uploads\/2015\/12\/NewImage4.png\" alt=\"Prol\u00e9tarisation par le Web\" width=\"599\" height=\"504\" border=\"0\" \/><figcaption class=\"wp-caption-text\">Sortir de la prol\u00e9tarisation par le Web<\/figcaption><\/figure>\n<p style=\"text-align: center;\">Le syst\u00e8me d\u2019annotation collaborative de Bernard Stiegler, remarquons avec fac\u00e9tie que les m\u00e9dias sociaux y sont \u00e0 l&rsquo;honneur<\/p>\n<p>Cette plateforme d\u00e9velopp\u00e9e il y a 10 ans s&rsquo;appelle \u00ab\u00a0<a href=\"http:\/\/www.iri.centrepompidou.fr\/outils\/lignes-de-temps\/\" target=\"_blank\" rel=\"noopener noreferrer\">ligne de temps<\/a>\u00a0\u00bb et essaie d\u2019instaurer une nouvelle conception du Web. Il travaille en partenariat avec Orange sur ce sujet. Il s\u2019agit d\u2019un \u00ab\u00a0Web qui permet de faire de l&rsquo;annotation contributive. Sur cette plateforme jusque 25 chercheurs (ci-dessus un cours sur un des livres de la r\u00e9publique de Platon) se relaient pour annoter un texte avec des codes couleurs bien pr\u00e9cis.<\/p>\n<p>Ces codes couleur sont importants. \u00ab\u00a0Le vert c&rsquo;est ce que j&rsquo;ai compris du cours\u201d explique Bernard Stiegler. Chaque couleur a une signification. Rouge c&rsquo;est l&rsquo;expression d&rsquo;une inqui\u00e9tude, par exemple. \u00ab\u00a0<strong>Dans une universit\u00e9, on doit amener les \u00e9tudiants \u00e0 s&rsquo;interroger sur leur savoir eux m\u00eame (savoir constituant vs le savoir constitu\u00e9 qui est pr\u00e9dominant en primaire)\u00a0\u00bb<\/strong>. Il faut aujourd&rsquo;hui inventer un nouvel \u00e2ge de <a href=\"https:\/\/web.archive.org\/web\/20190610170356\/http:\/\/internetactu.blog.lemonde.fr:80\/2013\/01\/11\/notre-cerveau-a-lheure-des-nouvelles-lectures\/\" target=\"_blank\" rel=\"noopener noreferrer\">ce que Marianne Wolf appelle le living Brain<\/a> (le cerveau \u00e9quip\u00e9 pour la lecture) qui n&rsquo;est pas le m\u00eame que celui d&rsquo;aujourd&rsquo;hui. Il faut \u201cmettre\u00a0en connection le digital Brain et le Reading Brain\u201d a conclu Bernard Stiegler.<\/p>\n<h3>Une initiative suffisante pour sortie de la prol\u00e9tarisation par le Web<\/h3>\n<p>Difficile de dire si les annotations contributives seront suffisantes pour d\u00e9-prol\u00e9tariser la plan\u00e8te. J\u2019ai quant \u00e0 moi \u00e9norm\u00e9ment appr\u00e9ci\u00e9 cette brillante d\u00e9monstration, certes noire et inqui\u00e9tante, mais particuli\u00e8rement pertinente de ce que nous vivons. R\u00e9apprenons \u00e0 apprendre.<\/p>\n<p><img decoding=\"async\" style=\"display: block; margin-left: auto; margin-right: auto;\" title=\"NewImage.png\" src=\"https:\/\/visionarymarketing.com\/wp-content\/uploads\/2015\/12\/NewImage5.png\" alt=\"Bernard Stiegler\" width=\"598\" height=\"385\" border=\"0\" \/><\/p>\n<p style=\"text-align: center;\">Les sponsors du digital day de Grenoble Ecole de Management o\u00f9 j&rsquo;ai \u00e9t\u00e9 directeur de programme de 2015 \u00e0 2019 (voici ici le travail de mes \u00e9l\u00e8ves : <a href=\"https:\/\/web.archive.org\/web\/20200510222521\/https:\/\/digital-me-up.com\/\">http:\/\/digital-me-up.com<\/a>).<\/p>\n","protected":false},"excerpt":{"rendered":"<p>Bernard Stiegler nous avertit d&rsquo;une \u00ab prol\u00e9tarisation par le Web \u00bb et il nous enjoint de nous r\u00e9veiller. Le 1er d\u00e9cembre 2015, j\u2019\u00e9tais au premier rang de la salle de conf\u00e9rence du WTC de Grenoble, \u00e0 deux pas du vaisseau amiral de Grenoble Ecole de Management, pour assister \u00e0 la d\u00e9monstration du philosophe Bernard Stiegler, &hellip;<\/p>\n","protected":false},"author":2,"featured_media":79412,"comment_status":"open","ping_status":"open","sticky":false,"template":"","format":"standard","meta":{"footnotes":""},"categories":[1613,4057],"tags":[],"class_list":["post-20010","post","type-post","status-publish","format-standard","has-post-thumbnail","hentry","category-marketing-digital-marketing","category-vente"],"yoast_head":"<!-- This site is optimized with the Yoast SEO plugin v27.5 - https:\/\/yoast.com\/product\/yoast-seo-wordpress\/ -->\n<title>Prol\u00e9tarisation par le Web Bernard Stiegler \u00e9veille nos consciences<\/title>\n<meta name=\"description\" content=\"Nous\u00a0assistons \u00e0 une prol\u00e9tarisation par le Web et Bernard Stiegler nous enjoint de nous r\u00e9veiller. Compte-rendu d&#039;une conf\u00e9rence essentielle\" \/>\n<meta name=\"robots\" content=\"index, follow, max-snippet:-1, max-image-preview:large, max-video-preview:-1\" \/>\n<link rel=\"canonical\" href=\"https:\/\/visionarymarketing.com\/fr\/2024\/02\/22\/proletarisation-par-le-web\/\" \/>\n<meta property=\"og:locale\" content=\"fr_FR\" \/>\n<meta property=\"og:type\" content=\"article\" \/>\n<meta property=\"og:title\" content=\"Prol\u00e9tarisation par le Web Bernard Stiegler \u00e9veille nos consciences\" \/>\n<meta property=\"og:description\" content=\"Nous\u00a0assistons \u00e0 une prol\u00e9tarisation par le Web et Bernard Stiegler nous enjoint de nous r\u00e9veiller. Compte-rendu d&#039;une conf\u00e9rence essentielle\" \/>\n<meta property=\"og:url\" content=\"https:\/\/visionarymarketing.com\/fr\/2024\/02\/22\/proletarisation-par-le-web\/\" \/>\n<meta property=\"og:site_name\" content=\"Marketing and Innovation\" \/>\n<meta property=\"article:publisher\" content=\"https:\/\/www.facebook.com\/vismktg\" \/>\n<meta property=\"article:author\" content=\"http:\/\/facebook.com\/ygourven\" \/>\n<meta property=\"article:published_time\" content=\"2024-02-22T07:35:08+00:00\" \/>\n<meta property=\"article:modified_time\" content=\"2024-02-23T14:43:51+00:00\" \/>\n<meta property=\"og:image\" content=\"https:\/\/visionarymarketing.com\/wp-content\/uploads\/2024\/02\/img-0985-e1708699341595.jpeg\" \/>\n\t<meta property=\"og:image:width\" content=\"960\" \/>\n\t<meta property=\"og:image:height\" content=\"598\" \/>\n\t<meta property=\"og:image:type\" content=\"image\/jpeg\" \/>\n<meta name=\"author\" content=\"Yann Gourvennec\" \/>\n<meta name=\"twitter:card\" content=\"summary_large_image\" \/>\n<meta name=\"twitter:creator\" content=\"@ygourven\" \/>\n<meta name=\"twitter:site\" content=\"@ygourven\" \/>\n<meta name=\"twitter:label1\" content=\"\u00c9crit par\" \/>\n\t<meta name=\"twitter:data1\" content=\"Yann Gourvennec\" \/>\n\t<meta name=\"twitter:label2\" content=\"Dur\u00e9e de lecture estim\u00e9e\" \/>\n\t<meta name=\"twitter:data2\" content=\"13 minutes\" \/>\n<script type=\"application\/ld+json\" class=\"yoast-schema-graph\">{\"@context\":\"https:\\\/\\\/schema.org\",\"@graph\":[{\"@type\":\"NewsArticle\",\"@id\":\"https:\\\/\\\/visionarymarketing.com\\\/fr\\\/2024\\\/02\\\/22\\\/proletarisation-par-le-web\\\/#article\",\"isPartOf\":{\"@id\":\"https:\\\/\\\/visionarymarketing.com\\\/fr\\\/2024\\\/02\\\/22\\\/proletarisation-par-le-web\\\/\"},\"author\":{\"name\":\"Yann Gourvennec\",\"@id\":\"https:\\\/\\\/visionarymarketing.com\\\/fr\\\/#\\\/schema\\\/person\\\/3754fee1e558f47b8deb46f53c37423e\"},\"headline\":\"Bernard Stiegler nous enjoint de sortir de la prol\u00e9tarisation par le Web\",\"datePublished\":\"2024-02-22T07:35:08+00:00\",\"dateModified\":\"2024-02-23T14:43:51+00:00\",\"mainEntityOfPage\":{\"@id\":\"https:\\\/\\\/visionarymarketing.com\\\/fr\\\/2024\\\/02\\\/22\\\/proletarisation-par-le-web\\\/\"},\"wordCount\":2732,\"commentCount\":3,\"image\":{\"@id\":\"https:\\\/\\\/visionarymarketing.com\\\/fr\\\/2024\\\/02\\\/22\\\/proletarisation-par-le-web\\\/#primaryimage\"},\"thumbnailUrl\":\"https:\\\/\\\/visionarymarketing.com\\\/wp-content\\\/uploads\\\/2024\\\/02\\\/img-0985-e1708699341595.jpeg\",\"articleSection\":[\"marketing digital\",\"Vente et marketing\"],\"inLanguage\":\"fr-FR\",\"potentialAction\":[{\"@type\":\"CommentAction\",\"name\":\"Comment\",\"target\":[\"https:\\\/\\\/visionarymarketing.com\\\/fr\\\/2024\\\/02\\\/22\\\/proletarisation-par-le-web\\\/#respond\"]}]},{\"@type\":\"WebPage\",\"@id\":\"https:\\\/\\\/visionarymarketing.com\\\/fr\\\/2024\\\/02\\\/22\\\/proletarisation-par-le-web\\\/\",\"url\":\"https:\\\/\\\/visionarymarketing.com\\\/fr\\\/2024\\\/02\\\/22\\\/proletarisation-par-le-web\\\/\",\"name\":\"Prol\u00e9tarisation par le Web Bernard Stiegler \u00e9veille nos consciences\",\"isPartOf\":{\"@id\":\"https:\\\/\\\/visionarymarketing.com\\\/fr\\\/#website\"},\"primaryImageOfPage\":{\"@id\":\"https:\\\/\\\/visionarymarketing.com\\\/fr\\\/2024\\\/02\\\/22\\\/proletarisation-par-le-web\\\/#primaryimage\"},\"image\":{\"@id\":\"https:\\\/\\\/visionarymarketing.com\\\/fr\\\/2024\\\/02\\\/22\\\/proletarisation-par-le-web\\\/#primaryimage\"},\"thumbnailUrl\":\"https:\\\/\\\/visionarymarketing.com\\\/wp-content\\\/uploads\\\/2024\\\/02\\\/img-0985-e1708699341595.jpeg\",\"datePublished\":\"2024-02-22T07:35:08+00:00\",\"dateModified\":\"2024-02-23T14:43:51+00:00\",\"author\":{\"@id\":\"https:\\\/\\\/visionarymarketing.com\\\/fr\\\/#\\\/schema\\\/person\\\/3754fee1e558f47b8deb46f53c37423e\"},\"description\":\"Nous\u00a0assistons \u00e0 une prol\u00e9tarisation par le Web et Bernard Stiegler nous enjoint de nous r\u00e9veiller. Compte-rendu d'une conf\u00e9rence essentielle\",\"breadcrumb\":{\"@id\":\"https:\\\/\\\/visionarymarketing.com\\\/fr\\\/2024\\\/02\\\/22\\\/proletarisation-par-le-web\\\/#breadcrumb\"},\"inLanguage\":\"fr-FR\",\"potentialAction\":[{\"@type\":\"ReadAction\",\"target\":[\"https:\\\/\\\/visionarymarketing.com\\\/fr\\\/2024\\\/02\\\/22\\\/proletarisation-par-le-web\\\/\"]}]},{\"@type\":\"ImageObject\",\"inLanguage\":\"fr-FR\",\"@id\":\"https:\\\/\\\/visionarymarketing.com\\\/fr\\\/2024\\\/02\\\/22\\\/proletarisation-par-le-web\\\/#primaryimage\",\"url\":\"https:\\\/\\\/visionarymarketing.com\\\/wp-content\\\/uploads\\\/2024\\\/02\\\/img-0985-e1708699341595.jpeg\",\"contentUrl\":\"https:\\\/\\\/visionarymarketing.com\\\/wp-content\\\/uploads\\\/2024\\\/02\\\/img-0985-e1708699341595.jpeg\",\"width\":960,\"height\":598},{\"@type\":\"BreadcrumbList\",\"@id\":\"https:\\\/\\\/visionarymarketing.com\\\/fr\\\/2024\\\/02\\\/22\\\/proletarisation-par-le-web\\\/#breadcrumb\",\"itemListElement\":[{\"@type\":\"ListItem\",\"position\":1,\"name\":\"Home\",\"item\":\"https:\\\/\\\/visionarymarketing.com\\\/fr\\\/\"},{\"@type\":\"ListItem\",\"position\":2,\"name\":\"Bernard Stiegler nous enjoint de sortir de la prol\u00e9tarisation par le Web\"}]},{\"@type\":\"WebSite\",\"@id\":\"https:\\\/\\\/visionarymarketing.com\\\/fr\\\/#website\",\"url\":\"https:\\\/\\\/visionarymarketing.com\\\/fr\\\/\",\"name\":\"Marketing and Innovation\",\"description\":\"Site d&#039;infos ind\u00e9pendant, depuis 1996\",\"potentialAction\":[{\"@type\":\"SearchAction\",\"target\":{\"@type\":\"EntryPoint\",\"urlTemplate\":\"https:\\\/\\\/visionarymarketing.com\\\/fr\\\/?s={search_term_string}\"},\"query-input\":{\"@type\":\"PropertyValueSpecification\",\"valueRequired\":true,\"valueName\":\"search_term_string\"}}],\"inLanguage\":\"fr-FR\"},{\"@type\":\"Person\",\"@id\":\"https:\\\/\\\/visionarymarketing.com\\\/fr\\\/#\\\/schema\\\/person\\\/3754fee1e558f47b8deb46f53c37423e\",\"name\":\"Yann Gourvennec\",\"image\":{\"@type\":\"ImageObject\",\"inLanguage\":\"fr-FR\",\"@id\":\"https:\\\/\\\/secure.gravatar.com\\\/avatar\\\/5972001801e8de5692a3e31224e85769f50a55fb8b679749f9c8d1868cceff14?s=96&d=initials&r=g&initials=yg\",\"url\":\"https:\\\/\\\/secure.gravatar.com\\\/avatar\\\/5972001801e8de5692a3e31224e85769f50a55fb8b679749f9c8d1868cceff14?s=96&d=initials&r=g&initials=yg\",\"contentUrl\":\"https:\\\/\\\/secure.gravatar.com\\\/avatar\\\/5972001801e8de5692a3e31224e85769f50a55fb8b679749f9c8d1868cceff14?s=96&d=initials&r=g&initials=yg\",\"caption\":\"Yann Gourvennec\"},\"description\":\"Yann Gourvennec created visionarymarketing.com in 1996. He is a speaker and author of many books. In 2014 he went from intrapreneur to entrepreneur, when he created his digital marketing agency. Yann Gourvennec a cr\u00e9\u00e9 visionarymarketing.com en 1996. Il est conf\u00e9rencier et auteur de plusieurs livres. En 2014, il est pass\u00e9 d'intrapreneur \u00e0 entrepreneur en cr\u00e9ant son agence de marketing num\u00e9rique.\",\"sameAs\":[\"https:\\\/\\\/visionarymarketing.com\",\"http:\\\/\\\/facebook.com\\\/ygourven\",\"http:\\\/\\\/linkedin.com\\\/in\\\/ygourven\",\"https:\\\/\\\/x.com\\\/ygourven\",\"https:\\\/\\\/www.youtube.com\\\/c\\\/visionarymarketingagency\"],\"url\":\"https:\\\/\\\/visionarymarketing.com\\\/fr\\\/author\\\/yann-gourvennec\\\/\"}]}<\/script>\n<!-- \/ Yoast SEO plugin. -->","yoast_head_json":{"title":"Prol\u00e9tarisation par le Web Bernard Stiegler \u00e9veille nos consciences","description":"Nous\u00a0assistons \u00e0 une prol\u00e9tarisation par le Web et Bernard Stiegler nous enjoint de nous r\u00e9veiller. Compte-rendu d'une conf\u00e9rence essentielle","robots":{"index":"index","follow":"follow","max-snippet":"max-snippet:-1","max-image-preview":"max-image-preview:large","max-video-preview":"max-video-preview:-1"},"canonical":"https:\/\/visionarymarketing.com\/fr\/2024\/02\/22\/proletarisation-par-le-web\/","og_locale":"fr_FR","og_type":"article","og_title":"Prol\u00e9tarisation par le Web Bernard Stiegler \u00e9veille nos consciences","og_description":"Nous\u00a0assistons \u00e0 une prol\u00e9tarisation par le Web et Bernard Stiegler nous enjoint de nous r\u00e9veiller. Compte-rendu d'une conf\u00e9rence essentielle","og_url":"https:\/\/visionarymarketing.com\/fr\/2024\/02\/22\/proletarisation-par-le-web\/","og_site_name":"Marketing and Innovation","article_publisher":"https:\/\/www.facebook.com\/vismktg","article_author":"http:\/\/facebook.com\/ygourven","article_published_time":"2024-02-22T07:35:08+00:00","article_modified_time":"2024-02-23T14:43:51+00:00","og_image":[{"width":960,"height":598,"url":"https:\/\/visionarymarketing.com\/wp-content\/uploads\/2024\/02\/img-0985-e1708699341595.jpeg","type":"image\/jpeg"}],"author":"Yann Gourvennec","twitter_card":"summary_large_image","twitter_creator":"@ygourven","twitter_site":"@ygourven","twitter_misc":{"\u00c9crit par":"Yann Gourvennec","Dur\u00e9e de lecture estim\u00e9e":"13 minutes"},"schema":{"@context":"https:\/\/schema.org","@graph":[{"@type":"NewsArticle","@id":"https:\/\/visionarymarketing.com\/fr\/2024\/02\/22\/proletarisation-par-le-web\/#article","isPartOf":{"@id":"https:\/\/visionarymarketing.com\/fr\/2024\/02\/22\/proletarisation-par-le-web\/"},"author":{"name":"Yann Gourvennec","@id":"https:\/\/visionarymarketing.com\/fr\/#\/schema\/person\/3754fee1e558f47b8deb46f53c37423e"},"headline":"Bernard Stiegler nous enjoint de sortir de la prol\u00e9tarisation par le Web","datePublished":"2024-02-22T07:35:08+00:00","dateModified":"2024-02-23T14:43:51+00:00","mainEntityOfPage":{"@id":"https:\/\/visionarymarketing.com\/fr\/2024\/02\/22\/proletarisation-par-le-web\/"},"wordCount":2732,"commentCount":3,"image":{"@id":"https:\/\/visionarymarketing.com\/fr\/2024\/02\/22\/proletarisation-par-le-web\/#primaryimage"},"thumbnailUrl":"https:\/\/visionarymarketing.com\/wp-content\/uploads\/2024\/02\/img-0985-e1708699341595.jpeg","articleSection":["marketing digital","Vente et marketing"],"inLanguage":"fr-FR","potentialAction":[{"@type":"CommentAction","name":"Comment","target":["https:\/\/visionarymarketing.com\/fr\/2024\/02\/22\/proletarisation-par-le-web\/#respond"]}]},{"@type":"WebPage","@id":"https:\/\/visionarymarketing.com\/fr\/2024\/02\/22\/proletarisation-par-le-web\/","url":"https:\/\/visionarymarketing.com\/fr\/2024\/02\/22\/proletarisation-par-le-web\/","name":"Prol\u00e9tarisation par le Web Bernard Stiegler \u00e9veille nos consciences","isPartOf":{"@id":"https:\/\/visionarymarketing.com\/fr\/#website"},"primaryImageOfPage":{"@id":"https:\/\/visionarymarketing.com\/fr\/2024\/02\/22\/proletarisation-par-le-web\/#primaryimage"},"image":{"@id":"https:\/\/visionarymarketing.com\/fr\/2024\/02\/22\/proletarisation-par-le-web\/#primaryimage"},"thumbnailUrl":"https:\/\/visionarymarketing.com\/wp-content\/uploads\/2024\/02\/img-0985-e1708699341595.jpeg","datePublished":"2024-02-22T07:35:08+00:00","dateModified":"2024-02-23T14:43:51+00:00","author":{"@id":"https:\/\/visionarymarketing.com\/fr\/#\/schema\/person\/3754fee1e558f47b8deb46f53c37423e"},"description":"Nous\u00a0assistons \u00e0 une prol\u00e9tarisation par le Web et Bernard Stiegler nous enjoint de nous r\u00e9veiller. Compte-rendu d'une conf\u00e9rence essentielle","breadcrumb":{"@id":"https:\/\/visionarymarketing.com\/fr\/2024\/02\/22\/proletarisation-par-le-web\/#breadcrumb"},"inLanguage":"fr-FR","potentialAction":[{"@type":"ReadAction","target":["https:\/\/visionarymarketing.com\/fr\/2024\/02\/22\/proletarisation-par-le-web\/"]}]},{"@type":"ImageObject","inLanguage":"fr-FR","@id":"https:\/\/visionarymarketing.com\/fr\/2024\/02\/22\/proletarisation-par-le-web\/#primaryimage","url":"https:\/\/visionarymarketing.com\/wp-content\/uploads\/2024\/02\/img-0985-e1708699341595.jpeg","contentUrl":"https:\/\/visionarymarketing.com\/wp-content\/uploads\/2024\/02\/img-0985-e1708699341595.jpeg","width":960,"height":598},{"@type":"BreadcrumbList","@id":"https:\/\/visionarymarketing.com\/fr\/2024\/02\/22\/proletarisation-par-le-web\/#breadcrumb","itemListElement":[{"@type":"ListItem","position":1,"name":"Home","item":"https:\/\/visionarymarketing.com\/fr\/"},{"@type":"ListItem","position":2,"name":"Bernard Stiegler nous enjoint de sortir de la prol\u00e9tarisation par le Web"}]},{"@type":"WebSite","@id":"https:\/\/visionarymarketing.com\/fr\/#website","url":"https:\/\/visionarymarketing.com\/fr\/","name":"Marketing and Innovation","description":"Site d&#039;infos ind\u00e9pendant, depuis 1996","potentialAction":[{"@type":"SearchAction","target":{"@type":"EntryPoint","urlTemplate":"https:\/\/visionarymarketing.com\/fr\/?s={search_term_string}"},"query-input":{"@type":"PropertyValueSpecification","valueRequired":true,"valueName":"search_term_string"}}],"inLanguage":"fr-FR"},{"@type":"Person","@id":"https:\/\/visionarymarketing.com\/fr\/#\/schema\/person\/3754fee1e558f47b8deb46f53c37423e","name":"Yann Gourvennec","image":{"@type":"ImageObject","inLanguage":"fr-FR","@id":"https:\/\/secure.gravatar.com\/avatar\/5972001801e8de5692a3e31224e85769f50a55fb8b679749f9c8d1868cceff14?s=96&d=initials&r=g&initials=yg","url":"https:\/\/secure.gravatar.com\/avatar\/5972001801e8de5692a3e31224e85769f50a55fb8b679749f9c8d1868cceff14?s=96&d=initials&r=g&initials=yg","contentUrl":"https:\/\/secure.gravatar.com\/avatar\/5972001801e8de5692a3e31224e85769f50a55fb8b679749f9c8d1868cceff14?s=96&d=initials&r=g&initials=yg","caption":"Yann Gourvennec"},"description":"Yann Gourvennec created visionarymarketing.com in 1996. He is a speaker and author of many books. In 2014 he went from intrapreneur to entrepreneur, when he created his digital marketing agency. Yann Gourvennec a cr\u00e9\u00e9 visionarymarketing.com en 1996. Il est conf\u00e9rencier et auteur de plusieurs livres. En 2014, il est pass\u00e9 d'intrapreneur \u00e0 entrepreneur en cr\u00e9ant son agence de marketing num\u00e9rique.","sameAs":["https:\/\/visionarymarketing.com","http:\/\/facebook.com\/ygourven","http:\/\/linkedin.com\/in\/ygourven","https:\/\/x.com\/ygourven","https:\/\/www.youtube.com\/c\/visionarymarketingagency"],"url":"https:\/\/visionarymarketing.com\/fr\/author\/yann-gourvennec\/"}]}},"_links":{"self":[{"href":"https:\/\/visionarymarketing.com\/fr\/wp-json\/wp\/v2\/posts\/20010","targetHints":{"allow":["GET"]}}],"collection":[{"href":"https:\/\/visionarymarketing.com\/fr\/wp-json\/wp\/v2\/posts"}],"about":[{"href":"https:\/\/visionarymarketing.com\/fr\/wp-json\/wp\/v2\/types\/post"}],"author":[{"embeddable":true,"href":"https:\/\/visionarymarketing.com\/fr\/wp-json\/wp\/v2\/users\/2"}],"replies":[{"embeddable":true,"href":"https:\/\/visionarymarketing.com\/fr\/wp-json\/wp\/v2\/comments?post=20010"}],"version-history":[{"count":0,"href":"https:\/\/visionarymarketing.com\/fr\/wp-json\/wp\/v2\/posts\/20010\/revisions"}],"wp:featuredmedia":[{"embeddable":true,"href":"https:\/\/visionarymarketing.com\/fr\/wp-json\/wp\/v2\/media\/79412"}],"wp:attachment":[{"href":"https:\/\/visionarymarketing.com\/fr\/wp-json\/wp\/v2\/media?parent=20010"}],"wp:term":[{"taxonomy":"category","embeddable":true,"href":"https:\/\/visionarymarketing.com\/fr\/wp-json\/wp\/v2\/categories?post=20010"},{"taxonomy":"post_tag","embeddable":true,"href":"https:\/\/visionarymarketing.com\/fr\/wp-json\/wp\/v2\/tags?post=20010"}],"curies":[{"name":"wp","href":"https:\/\/api.w.org\/{rel}","templated":true}]}}