{"id":19962,"date":"2015-12-07T09:37:50","date_gmt":"2015-12-07T08:37:50","guid":{"rendered":"http:\/\/visionarymarketing.fr\/blog\/?p=19962"},"modified":"2020-11-25T06:39:48","modified_gmt":"2020-11-25T05:39:48","slug":"valeurs-dentreprise-livre-thierry-wellhof","status":"publish","type":"post","link":"https:\/\/visionarymarketing.com\/fr\/2015\/12\/07\/valeurs-dentreprise-livre-thierry-wellhof\/","title":{"rendered":"Valeurs d&rsquo;entreprise : pour aller de la parole aux actes"},"content":{"rendered":"<p><em>Nous avons invit\u00e9 Thierry Wellhoff, patron et fondateur de <a href=\"http:\/\/www.wellcom.eu\" target=\"_blank\" rel=\"noopener noreferrer\">Wellcom<\/a>, \u00e0 nous parler des valeurs d&rsquo;entreprise. Tout le monde parle de valeurs et s&rsquo;en r\u00e9f\u00e8re dans les entreprises. Mais de quoi parle-t-on ? Quelles sont les valeurs de l&rsquo;entreprise au plan marketing et celles de l&rsquo;entreprise au sens instutitionnel (ou\u00ab\u00a0Corporate\u00a0\u00bb) ? Quelle est la vision commune ? Thierry nous renseigne sur ces points\u00a0<\/em><em>\u00a0dans\u00a0<a href=\"http:\/\/www.amazon.fr\/valeurs-Donner-sens-Guider-communication\/dp\/2212547978\" target=\"_blank\" rel=\"noopener noreferrer\">\u00a0un livre <\/a>sur sa passion intitul\u00e9 \u00ab\u00a0les valeurs\u00a0\u00bb, et publi\u00e9 aux <a href=\"http:\/\/www.amazon.fr\/valeurs-Donner-sens-Guider-communication\/dp\/2212547978\" target=\"_blank\" rel=\"noopener noreferrer\">\u00e9ditions Eyrolles<\/a>. La premi\u00e8re \u00e9dition de ce livre date de 2009.<\/em><\/p>\n<h2>Valeurs d&rsquo;entreprise : de la parole aux actes<\/h2>\n<figure id=\"attachment_19975\" aria-describedby=\"caption-attachment-19975\" style=\"width: 519px\" class=\"wp-caption aligncenter\"><img decoding=\"async\" class=\"wp-image-19975 size-full\" src=\"https:\/\/visionarymarketing.com\/wp-content\/uploads\/2015\/12\/16978467987_77710ddd87_z-e1606281983130.jpg\" alt=\"Valeurs d'entreprise : de la parole aux actes\" width=\"519\" height=\"340\" \/><figcaption id=\"caption-attachment-19975\" class=\"wp-caption-text\">Il ne suffit pas d&rsquo;afficher ses valeurs d&rsquo;entreprise : il faut faire en sorte que celles-ci structurent r\u00e9ellement sa\u00a0communication.<\/figcaption><\/figure>\n<p><!--more--><\/p>\n<h3><strong>Le terme de valeurs d&rsquo;entreprise a deux sens. Quels sont-ils\u00a0?<\/strong><\/h3>\n<p>Au d\u00e9part, tout le monde parle et se r\u00e9f\u00e8re aux valeurs d&rsquo;entreprise. Or, lorsque l\u2019on parle de ces valeurs d&rsquo;entreprise, il y a deux familles de collaborateurs : ceux qui sont du c\u00f4t\u00e9 du marketing et qui parlent de <a href=\"https:\/\/visionarymarketing.com\/fr\/2020\/10\/brand-value\/\">valeurs de marque<\/a>, et ceux du c\u00f4t\u00e9 des ressources humaines, qui parlent de valeurs de d\u00e9ontologie, <a href=\"https:\/\/fr.wikipedia.org\/wiki\/Valeur_morale\" target=\"_blank\" rel=\"noopener noreferrer\">souvent m\u00eame de valeur morale<\/a>. <span class=\"removed_link\" title=\"http:\/\/www.valeurscorporate.fr\/2011\/06\/valeurs-marketing-valeurs-corporate\/\">Il y a une dichotomie entre l\u2019entreprise marketing, et l\u2019entreprise \u00ab\u00a0corporate\u00a0\u00bb qui veut \u00eatre une institution.<\/span><\/p>\n<p>Beaucoup d\u2019entreprises ne font pas un travail de synth\u00e8se pour essayer de donner une vision d\u2019ensemble \u00e0 ces deux aspects. En fait l\u2019intuition de d\u00e9part c\u2019est de dire que les valeurs ont \u00e0 la fois une dimension marketing et une dimension de conduite \u00e9thique, et que ces deux dimensions devraient \u00eatre r\u00e9unies.<\/p>\n<h3>Les veleurs entreprises instrumentalis\u00e9es pour la \u00a0communication<\/h3>\n<p>En France c\u2019est vers la fin des ann\u00e9es 80-90 que l\u2019on parlait de valeurs. C\u2019est \u00e0 ce moment-l\u00e0 que nous nous sommes rendu compte qu\u2019il y avait un sujet\u00a0: nous qui \u00e9tions plus dans la communication, parlions de valeurs d\u2019authenticit\u00e9 ou de valeurs exotiques pour des produits de voyage par exemple. Mais dans les entreprises, on affichait de plus en plus dans les halls d\u2019accueil et sur les site Internet : \u00ab\u00a0Loyaut\u00e9, honn\u00eatet\u00e9, int\u00e9grit\u00e9 \u00bb. Nous avons d\u00e9cid\u00e9 deux choses\u00a0: la premi\u00e8re \u00e9tait\u00a0de r\u00e9unir un groupe d\u2019experts d\u2019origines tr\u00e8s diff\u00e9rentes, pour essayer de comprendre ce qu\u2019\u00e9tait une valeur. Nous avons conduit des \u00e9tudes qualitatives et quantitatives qui nous ont amen\u00e9s jusqu\u2019\u00e0 \u00e9tudier plus de 4000 entreprises dans 14 pays et de voir les tendances des valeurs.<!--more--><\/p>\n<h3>Les tendances du terrain<\/h3>\n<p>Nous observons que globalement les entreprises ont des groupes de valeurs\u00a0: il y a environ une centaine de mots, que l\u2019on appelle valeurs pilotes qui regroupent un ensemble de valeur.<\/p>\n<p>Celles-ci peuvent \u00eatre group\u00e9es en famille de valeurs. Le travail principal de ce groupe d\u2019experts est de cr\u00e9er huit familles de valeurs dans lesquels on classe dans les valeurs gagnantes l\u2019ambition, des valeurs de conqu\u00eate, et dans les valeurs morales l\u2019int\u00e9grit\u00e9, la loyaut\u00e9, ou des valeurs relationnelles comme le respect.<\/p>\n<p><span class=\"removed_link\" title=\"http:\/\/www.valeurscorporate.fr\/index-des-valeurs\/\">Cet index est publi\u00e9 tous les trois ans environ<\/span>. \u00a0Les tendances \u00e9taient diff\u00e9rentes en fonction des diff\u00e9rents pays et des diff\u00e9rents secteurs d\u2019activit\u00e9s. Nous avons \u00e9galement observ\u00e9 une mont\u00e9e de la valeur responsabilit\u00e9.<\/p>\n<h3>Ces valeurs d&rsquo;entreprise ont-elles une hi\u00e9rarchie ?<\/h3>\n<p>Il y a un classement de valeurs des fran\u00e7ais, et de valeurs internationales. <span class=\"removed_link\" title=\"http:\/\/www.valeurscorporate.fr\/index-des-valeurs\/les-11-premieres-valeurs-internationales\/\">Une des trois valeurs qui reviennent le plus souvent, c\u2019est <strong>l\u2019innovation<\/strong> qui est aujourd\u2019hui la premi\u00e8re valeur au niveau international.<\/span><\/p>\n<p>L\u2019innovation \u00e9tait la premi\u00e8re valeur revendiqu\u00e9e par les entreprises fran\u00e7aises, ce qui n\u2019est pas \u00e9tonnant dans notre\u00a0pays d\u2019ing\u00e9nieur. La qualit\u00e9 est une valeur<span class=\"removed_link\" title=\"http:\/\/www.valeurscorporate.fr\/index-des-valeurs\/les-11-premieres-valeurs-internationales\/\">\u00a0revendiqu\u00e9e \u00e0 l\u2019\u00e9tranger. Enfin, en troisi\u00e8me position, c\u2019est la satisfaction client<\/span>. Cette derni\u00e8re est d&rsquo;ailleurs\u00a0plus un principe d\u2019action qu\u2019une r\u00e9elle valeur.<\/p>\n<h3>Comment pouvons-nous concilier valeurs \u00e9thiques et valeur \u00e9conomique d\u2019une entreprise\u00a0?<\/h3>\n<p><span class=\"removed_link\" title=\"http:\/\/www.valeurscorporate.fr\/index-des-valeurs\/principaux-enseignements\/\">Toutes les valeurs devraient \u00eatre \u00e0 la fois identitaires et \u00e9thiques. <\/span>C\u2019est \u00e0 dire que m\u00eame si l&rsquo;on parle d\u2019ambition, il faut \u00e0 la fois que cela\u00a0soit une valeur identitaire, et \u00e9thique. Reste \u00e0 d\u00e9finir ce qu\u2019est l\u2019ambition. Cela\u00a0am\u00e8ne \u00e0 d\u00e9finir ce qu&rsquo;est une valeur.<\/p>\n<p><strong>Une valeur r\u00e9pond \u00e0 5 principes fondamentaux :<\/strong><\/p>\n<ul>\n<li>Le <strong>premier principe<\/strong>, c\u2019est qu\u2019une valeur doit avoir une d\u00e9finition. C\u2019est \u00e0 dire qu\u2019une valeur seule ne veut pas dire grand-chose. Une entreprise a besoin de d\u00e9finir quelle est sa valeur.<\/li>\n<li><strong>La deuxi\u00e8me notion<\/strong> pour une valeur est qu\u2019il faut d\u00e9finir un dessous et un dessus. Par exemple pour l\u2019ambition, on se demande ce que\u00a0c\u2019est que de n&rsquo;avoir pas assez d\u2019ambition\u00a0ou d\u2019en avoir de trop\u00a0? Il y a donc un champs d\u2019action pour une valeur qu\u2019il est important de d\u00e9finir.<\/li>\n<li>Aussi,\u00a0il est important de <strong>d\u00e9finir qu\u2019une valeur doit s\u2019adresser<\/strong> \u00e0 tout le monde, c\u2019est-\u00e0-dire\u00a0: \u00e0 ses clients, \u00e0 ses collaborateurs, aux collaborateurs entre eux, \u00e0 ses fournisseurs, \u00e0 ses prestataires, et donc doit \u00e9galement structurer le fonctionnement de l\u2019entreprise.<\/li>\n<li><strong>Une valeur doit \u00e9galement\u00a0pouvoir \u00eatre d\u00e9finie \u00e0\u00a0travers son contraire.<\/strong><\/li>\n<li>Enfin, une <strong>valeur doit se traduire en actes<\/strong> et arriver \u00e0 d\u00e9finir des actions concr\u00e8tes qui structurent la valeur.<\/li>\n<\/ul>\n<h3>La limite des actions d&rsquo;entreprises, qui affichent leurs valeurs sans v\u00e9ritable ambition<\/h3>\n<p>Beaucoup d\u2019entreprises \u00e9crivent des valeurs parce que cela\u00a0fait bien de le mettre sur un site internet et parce qu\u2019aujourd\u2019hui, pratiquement toutes les entreprises affichent des valeurs.<\/p>\n<p>Seulement, il y a une diff\u00e9rence tr\u00e8s nette entre les entreprises qui font de l\u2019affichage, et les entreprises qui v\u00e9ritablement les structurent. C\u2019est l\u00e0 que les valeurs peuvent \u00eatre tr\u00e8s importantes dans la structure au-del\u00e0 du fonctionnement de l\u2019entreprise.<\/p>\n<p><iframe title=\"[Fr]\u00a0Les valeurs par Thierry Wellhoff\" width=\"500\" height=\"281\" src=\"https:\/\/www.youtube.com\/embed\/X3XIjj8qI70?feature=oembed\" frameborder=\"0\" allow=\"accelerometer; autoplay; clipboard-write; encrypted-media; gyroscope; picture-in-picture; web-share\" referrerpolicy=\"strict-origin-when-cross-origin\" allowfullscreen><\/iframe><\/p>\n<h3><strong>Quelle est la perception des clients vu de l\u2019ext\u00e9rieur par rapport \u00e0 ces annonces ?\u00a0 <\/strong><\/h3>\n<p>Les valeurs ne sont pas un objet de communication, mais un \u00e9l\u00e9ment structurant la communication. C\u2019est \u00e0 dire qu\u2019il ne faut pas revendiquer les valeurs, elles existent, on peut les mettre, on peut les afficher, mais pas les promouvoir. Ce qu\u2019il faut promouvoir c\u2019est ce que l\u2019on fait au nom de ces valeurs.<\/p>\n<p>En fait, il y a deux choses importantes dans une entreprise\u00a0:<strong> la mission<\/strong>, c\u2019est-\u00e0-dire \u00e0 quoi elle sert, et <strong>la mani\u00e8re dont vous voulez le faire<\/strong>.<\/p>\n<p>Nous sommes dans un monde tr\u00e8s concurrentiel, ce que vous faites ne va pas \u00eatre si diff\u00e9rent de ce que fait un concurrent. <strong>Ce qui va \u00eatre si diff\u00e9rent, c\u2019est la mani\u00e8re dont vous allez le faire, ce sont\u00a0les valeurs qui la structure<\/strong>.<\/p>\n<h3>La France est-elle un bon \u00e9l\u00e8ve en terme d\u2019\u00e9thique\u00a0?<\/h3>\n<p>Dans les 100 valeurs pilotes que nous avons d\u00e9finies, pas plus de 4 sont des valeurs morales et <strong>ne repr\u00e9sentent pas plus de 2% des valeurs retenues par les entreprises<\/strong>. Pour revenir au digital, nous pouvons dire que celui-ci a chang\u00e9 la donne en communication.<\/p>\n<p><span class=\"removed_link\" title=\"http:\/\/www.valeurscorporate.fr\/2011\/04\/on-parle-depuis-un-moment-dadn-de-la-marque-le-code-genetique-ce-n\u2019est-pas-pareil\/\">La difficult\u00e9 qu\u2019ont les entreprises et les marques, c\u2019est qu\u2019on ne peut plus penser la marque en terme d\u2019image, il faut penser la marque aussi en terme d\u2019opinion, et en terme de relation.<\/span><\/p>\n<p>Donc il faut des \u00e9l\u00e9ments pour structurer, ce qui a amen\u00e9 notre agence \u00e0 structurer une nouvelle plateforme de marque que nous avons appel\u00e9 Origami.<\/p>\n<p>Elle a \u00e9t\u00e9 lanc\u00e9e il y a deux ans, et a d\u00e9j\u00e0 \u00e9t\u00e9 prim\u00e9e \u00e0 l\u2019international comme \u00e9tant un nouveau syst\u00e8me de structuration des marques, que ce soit de la marque entreprise ou de la marque produit, et qui s\u2019appuie sur deux fondamentaux que sont la mission et les valeurs.<\/p>\n","protected":false},"excerpt":{"rendered":"<p>Nous avons invit\u00e9 Thierry Wellhoff, patron et fondateur de Wellcom, \u00e0 nous parler des valeurs d&rsquo;entreprise. Tout le monde parle de valeurs et s&rsquo;en r\u00e9f\u00e8re dans les entreprises. Mais de quoi parle-t-on ? Quelles sont les valeurs de l&rsquo;entreprise au plan marketing et celles de l&rsquo;entreprise au sens instutitionnel (ou\u00ab\u00a0Corporate\u00a0\u00bb) ? Quelle est la vision &hellip;<\/p>\n","protected":false},"author":2,"featured_media":19975,"comment_status":"open","ping_status":"open","sticky":false,"template":"","format":"standard","meta":{"footnotes":""},"categories":[2898],"tags":[],"class_list":["post-19962","post","type-post","status-publish","format-standard","has-post-thumbnail","hentry","category-communication-digitale"],"yoast_head":"<!-- This site is optimized with the Yoast SEO plugin v27.5 - https:\/\/yoast.com\/product\/yoast-seo-wordpress\/ -->\n<title>Valeurs d&#039;entreprise : pour aller de la parole aux actes<\/title>\n<meta name=\"description\" content=\"Nous avons invit\u00e9 Thierry Wellhoff, fondateur de Wellcom, \u00e0 nous parler des valeurs d&#039;entreprise. Mais de quoi parle-t-on exactement ?\" \/>\n<meta name=\"robots\" content=\"index, follow, max-snippet:-1, max-image-preview:large, max-video-preview:-1\" \/>\n<link rel=\"canonical\" href=\"https:\/\/visionarymarketing.com\/fr\/2015\/12\/07\/valeurs-dentreprise-livre-thierry-wellhof\/\" \/>\n<meta property=\"og:locale\" content=\"fr_FR\" \/>\n<meta property=\"og:type\" content=\"article\" \/>\n<meta property=\"og:title\" content=\"Valeurs d&#039;entreprise : pour aller de la parole aux actes\" \/>\n<meta property=\"og:description\" content=\"Nous avons invit\u00e9 Thierry Wellhoff, fondateur de Wellcom, \u00e0 nous parler des valeurs d&#039;entreprise. Mais de quoi parle-t-on exactement ?\" \/>\n<meta property=\"og:url\" content=\"https:\/\/visionarymarketing.com\/fr\/2015\/12\/07\/valeurs-dentreprise-livre-thierry-wellhof\/\" \/>\n<meta property=\"og:site_name\" content=\"Marketing and Innovation\" \/>\n<meta property=\"article:publisher\" content=\"https:\/\/www.facebook.com\/vismktg\" \/>\n<meta property=\"article:author\" content=\"http:\/\/facebook.com\/ygourven\" \/>\n<meta property=\"article:published_time\" content=\"2015-12-07T08:37:50+00:00\" \/>\n<meta property=\"article:modified_time\" content=\"2020-11-25T05:39:48+00:00\" \/>\n<meta property=\"og:image\" content=\"https:\/\/visionarymarketing.com\/wp-content\/uploads\/2015\/12\/16978467987_77710ddd87_z-e1606281983130.jpg\" \/>\n\t<meta property=\"og:image:width\" content=\"519\" \/>\n\t<meta property=\"og:image:height\" content=\"340\" \/>\n\t<meta property=\"og:image:type\" content=\"image\/jpeg\" \/>\n<meta name=\"author\" content=\"Yann Gourvennec\" \/>\n<meta name=\"twitter:card\" content=\"summary_large_image\" \/>\n<meta name=\"twitter:creator\" content=\"@ygourven\" \/>\n<meta name=\"twitter:site\" content=\"@ygourven\" \/>\n<meta name=\"twitter:label1\" content=\"\u00c9crit par\" \/>\n\t<meta name=\"twitter:data1\" content=\"Yann Gourvennec\" \/>\n\t<meta name=\"twitter:label2\" content=\"Dur\u00e9e de lecture estim\u00e9e\" \/>\n\t<meta name=\"twitter:data2\" content=\"7 minutes\" \/>\n<script type=\"application\/ld+json\" class=\"yoast-schema-graph\">{\"@context\":\"https:\\\/\\\/schema.org\",\"@graph\":[{\"@type\":\"NewsArticle\",\"@id\":\"https:\\\/\\\/visionarymarketing.com\\\/fr\\\/2015\\\/12\\\/07\\\/valeurs-dentreprise-livre-thierry-wellhof\\\/#article\",\"isPartOf\":{\"@id\":\"https:\\\/\\\/visionarymarketing.com\\\/fr\\\/2015\\\/12\\\/07\\\/valeurs-dentreprise-livre-thierry-wellhof\\\/\"},\"author\":{\"name\":\"Yann Gourvennec\",\"@id\":\"https:\\\/\\\/visionarymarketing.com\\\/fr\\\/#\\\/schema\\\/person\\\/3754fee1e558f47b8deb46f53c37423e\"},\"headline\":\"Valeurs d&rsquo;entreprise : pour aller de la parole aux actes\",\"datePublished\":\"2015-12-07T08:37:50+00:00\",\"dateModified\":\"2020-11-25T05:39:48+00:00\",\"mainEntityOfPage\":{\"@id\":\"https:\\\/\\\/visionarymarketing.com\\\/fr\\\/2015\\\/12\\\/07\\\/valeurs-dentreprise-livre-thierry-wellhof\\\/\"},\"wordCount\":1338,\"commentCount\":0,\"image\":{\"@id\":\"https:\\\/\\\/visionarymarketing.com\\\/fr\\\/2015\\\/12\\\/07\\\/valeurs-dentreprise-livre-thierry-wellhof\\\/#primaryimage\"},\"thumbnailUrl\":\"https:\\\/\\\/visionarymarketing.com\\\/wp-content\\\/uploads\\\/2015\\\/12\\\/16978467987_77710ddd87_z-e1606281983130.jpg\",\"articleSection\":[\"communication digitale\"],\"inLanguage\":\"fr-FR\",\"potentialAction\":[{\"@type\":\"CommentAction\",\"name\":\"Comment\",\"target\":[\"https:\\\/\\\/visionarymarketing.com\\\/fr\\\/2015\\\/12\\\/07\\\/valeurs-dentreprise-livre-thierry-wellhof\\\/#respond\"]}]},{\"@type\":\"WebPage\",\"@id\":\"https:\\\/\\\/visionarymarketing.com\\\/fr\\\/2015\\\/12\\\/07\\\/valeurs-dentreprise-livre-thierry-wellhof\\\/\",\"url\":\"https:\\\/\\\/visionarymarketing.com\\\/fr\\\/2015\\\/12\\\/07\\\/valeurs-dentreprise-livre-thierry-wellhof\\\/\",\"name\":\"Valeurs d'entreprise : pour aller de la parole aux actes\",\"isPartOf\":{\"@id\":\"https:\\\/\\\/visionarymarketing.com\\\/fr\\\/#website\"},\"primaryImageOfPage\":{\"@id\":\"https:\\\/\\\/visionarymarketing.com\\\/fr\\\/2015\\\/12\\\/07\\\/valeurs-dentreprise-livre-thierry-wellhof\\\/#primaryimage\"},\"image\":{\"@id\":\"https:\\\/\\\/visionarymarketing.com\\\/fr\\\/2015\\\/12\\\/07\\\/valeurs-dentreprise-livre-thierry-wellhof\\\/#primaryimage\"},\"thumbnailUrl\":\"https:\\\/\\\/visionarymarketing.com\\\/wp-content\\\/uploads\\\/2015\\\/12\\\/16978467987_77710ddd87_z-e1606281983130.jpg\",\"datePublished\":\"2015-12-07T08:37:50+00:00\",\"dateModified\":\"2020-11-25T05:39:48+00:00\",\"author\":{\"@id\":\"https:\\\/\\\/visionarymarketing.com\\\/fr\\\/#\\\/schema\\\/person\\\/3754fee1e558f47b8deb46f53c37423e\"},\"description\":\"Nous avons invit\u00e9 Thierry Wellhoff, fondateur de Wellcom, \u00e0 nous parler des valeurs d'entreprise. Mais de quoi parle-t-on exactement ?\",\"breadcrumb\":{\"@id\":\"https:\\\/\\\/visionarymarketing.com\\\/fr\\\/2015\\\/12\\\/07\\\/valeurs-dentreprise-livre-thierry-wellhof\\\/#breadcrumb\"},\"inLanguage\":\"fr-FR\",\"potentialAction\":[{\"@type\":\"ReadAction\",\"target\":[\"https:\\\/\\\/visionarymarketing.com\\\/fr\\\/2015\\\/12\\\/07\\\/valeurs-dentreprise-livre-thierry-wellhof\\\/\"]}]},{\"@type\":\"ImageObject\",\"inLanguage\":\"fr-FR\",\"@id\":\"https:\\\/\\\/visionarymarketing.com\\\/fr\\\/2015\\\/12\\\/07\\\/valeurs-dentreprise-livre-thierry-wellhof\\\/#primaryimage\",\"url\":\"https:\\\/\\\/visionarymarketing.com\\\/wp-content\\\/uploads\\\/2015\\\/12\\\/16978467987_77710ddd87_z-e1606281983130.jpg\",\"contentUrl\":\"https:\\\/\\\/visionarymarketing.com\\\/wp-content\\\/uploads\\\/2015\\\/12\\\/16978467987_77710ddd87_z-e1606281983130.jpg\",\"width\":519,\"height\":340,\"caption\":\"De nombreuses entreprises revendiquent des valeurs,\"},{\"@type\":\"BreadcrumbList\",\"@id\":\"https:\\\/\\\/visionarymarketing.com\\\/fr\\\/2015\\\/12\\\/07\\\/valeurs-dentreprise-livre-thierry-wellhof\\\/#breadcrumb\",\"itemListElement\":[{\"@type\":\"ListItem\",\"position\":1,\"name\":\"Home\",\"item\":\"https:\\\/\\\/visionarymarketing.com\\\/fr\\\/\"},{\"@type\":\"ListItem\",\"position\":2,\"name\":\"Valeurs d&rsquo;entreprise : pour aller de la parole aux actes\"}]},{\"@type\":\"WebSite\",\"@id\":\"https:\\\/\\\/visionarymarketing.com\\\/fr\\\/#website\",\"url\":\"https:\\\/\\\/visionarymarketing.com\\\/fr\\\/\",\"name\":\"Marketing and Innovation\",\"description\":\"Site d&#039;infos ind\u00e9pendant, depuis 1996\",\"potentialAction\":[{\"@type\":\"SearchAction\",\"target\":{\"@type\":\"EntryPoint\",\"urlTemplate\":\"https:\\\/\\\/visionarymarketing.com\\\/fr\\\/?s={search_term_string}\"},\"query-input\":{\"@type\":\"PropertyValueSpecification\",\"valueRequired\":true,\"valueName\":\"search_term_string\"}}],\"inLanguage\":\"fr-FR\"},{\"@type\":\"Person\",\"@id\":\"https:\\\/\\\/visionarymarketing.com\\\/fr\\\/#\\\/schema\\\/person\\\/3754fee1e558f47b8deb46f53c37423e\",\"name\":\"Yann Gourvennec\",\"image\":{\"@type\":\"ImageObject\",\"inLanguage\":\"fr-FR\",\"@id\":\"https:\\\/\\\/secure.gravatar.com\\\/avatar\\\/5972001801e8de5692a3e31224e85769f50a55fb8b679749f9c8d1868cceff14?s=96&d=initials&r=g&initials=yg\",\"url\":\"https:\\\/\\\/secure.gravatar.com\\\/avatar\\\/5972001801e8de5692a3e31224e85769f50a55fb8b679749f9c8d1868cceff14?s=96&d=initials&r=g&initials=yg\",\"contentUrl\":\"https:\\\/\\\/secure.gravatar.com\\\/avatar\\\/5972001801e8de5692a3e31224e85769f50a55fb8b679749f9c8d1868cceff14?s=96&d=initials&r=g&initials=yg\",\"caption\":\"Yann Gourvennec\"},\"description\":\"Yann Gourvennec created visionarymarketing.com in 1996. He is a speaker and author of many books. In 2014 he went from intrapreneur to entrepreneur, when he created his digital marketing agency. Yann Gourvennec a cr\u00e9\u00e9 visionarymarketing.com en 1996. Il est conf\u00e9rencier et auteur de plusieurs livres. En 2014, il est pass\u00e9 d'intrapreneur \u00e0 entrepreneur en cr\u00e9ant son agence de marketing num\u00e9rique.\",\"sameAs\":[\"https:\\\/\\\/visionarymarketing.com\",\"http:\\\/\\\/facebook.com\\\/ygourven\",\"http:\\\/\\\/linkedin.com\\\/in\\\/ygourven\",\"https:\\\/\\\/x.com\\\/ygourven\",\"https:\\\/\\\/www.youtube.com\\\/c\\\/visionarymarketingagency\"],\"url\":\"https:\\\/\\\/visionarymarketing.com\\\/fr\\\/author\\\/yann-gourvennec\\\/\"}]}<\/script>\n<!-- \/ Yoast SEO plugin. -->","yoast_head_json":{"title":"Valeurs d'entreprise : pour aller de la parole aux actes","description":"Nous avons invit\u00e9 Thierry Wellhoff, fondateur de Wellcom, \u00e0 nous parler des valeurs d'entreprise. Mais de quoi parle-t-on exactement ?","robots":{"index":"index","follow":"follow","max-snippet":"max-snippet:-1","max-image-preview":"max-image-preview:large","max-video-preview":"max-video-preview:-1"},"canonical":"https:\/\/visionarymarketing.com\/fr\/2015\/12\/07\/valeurs-dentreprise-livre-thierry-wellhof\/","og_locale":"fr_FR","og_type":"article","og_title":"Valeurs d'entreprise : pour aller de la parole aux actes","og_description":"Nous avons invit\u00e9 Thierry Wellhoff, fondateur de Wellcom, \u00e0 nous parler des valeurs d'entreprise. Mais de quoi parle-t-on exactement ?","og_url":"https:\/\/visionarymarketing.com\/fr\/2015\/12\/07\/valeurs-dentreprise-livre-thierry-wellhof\/","og_site_name":"Marketing and Innovation","article_publisher":"https:\/\/www.facebook.com\/vismktg","article_author":"http:\/\/facebook.com\/ygourven","article_published_time":"2015-12-07T08:37:50+00:00","article_modified_time":"2020-11-25T05:39:48+00:00","og_image":[{"width":519,"height":340,"url":"https:\/\/visionarymarketing.com\/wp-content\/uploads\/2015\/12\/16978467987_77710ddd87_z-e1606281983130.jpg","type":"image\/jpeg"}],"author":"Yann Gourvennec","twitter_card":"summary_large_image","twitter_creator":"@ygourven","twitter_site":"@ygourven","twitter_misc":{"\u00c9crit par":"Yann Gourvennec","Dur\u00e9e de lecture estim\u00e9e":"7 minutes"},"schema":{"@context":"https:\/\/schema.org","@graph":[{"@type":"NewsArticle","@id":"https:\/\/visionarymarketing.com\/fr\/2015\/12\/07\/valeurs-dentreprise-livre-thierry-wellhof\/#article","isPartOf":{"@id":"https:\/\/visionarymarketing.com\/fr\/2015\/12\/07\/valeurs-dentreprise-livre-thierry-wellhof\/"},"author":{"name":"Yann Gourvennec","@id":"https:\/\/visionarymarketing.com\/fr\/#\/schema\/person\/3754fee1e558f47b8deb46f53c37423e"},"headline":"Valeurs d&rsquo;entreprise : pour aller de la parole aux actes","datePublished":"2015-12-07T08:37:50+00:00","dateModified":"2020-11-25T05:39:48+00:00","mainEntityOfPage":{"@id":"https:\/\/visionarymarketing.com\/fr\/2015\/12\/07\/valeurs-dentreprise-livre-thierry-wellhof\/"},"wordCount":1338,"commentCount":0,"image":{"@id":"https:\/\/visionarymarketing.com\/fr\/2015\/12\/07\/valeurs-dentreprise-livre-thierry-wellhof\/#primaryimage"},"thumbnailUrl":"https:\/\/visionarymarketing.com\/wp-content\/uploads\/2015\/12\/16978467987_77710ddd87_z-e1606281983130.jpg","articleSection":["communication digitale"],"inLanguage":"fr-FR","potentialAction":[{"@type":"CommentAction","name":"Comment","target":["https:\/\/visionarymarketing.com\/fr\/2015\/12\/07\/valeurs-dentreprise-livre-thierry-wellhof\/#respond"]}]},{"@type":"WebPage","@id":"https:\/\/visionarymarketing.com\/fr\/2015\/12\/07\/valeurs-dentreprise-livre-thierry-wellhof\/","url":"https:\/\/visionarymarketing.com\/fr\/2015\/12\/07\/valeurs-dentreprise-livre-thierry-wellhof\/","name":"Valeurs d'entreprise : pour aller de la parole aux actes","isPartOf":{"@id":"https:\/\/visionarymarketing.com\/fr\/#website"},"primaryImageOfPage":{"@id":"https:\/\/visionarymarketing.com\/fr\/2015\/12\/07\/valeurs-dentreprise-livre-thierry-wellhof\/#primaryimage"},"image":{"@id":"https:\/\/visionarymarketing.com\/fr\/2015\/12\/07\/valeurs-dentreprise-livre-thierry-wellhof\/#primaryimage"},"thumbnailUrl":"https:\/\/visionarymarketing.com\/wp-content\/uploads\/2015\/12\/16978467987_77710ddd87_z-e1606281983130.jpg","datePublished":"2015-12-07T08:37:50+00:00","dateModified":"2020-11-25T05:39:48+00:00","author":{"@id":"https:\/\/visionarymarketing.com\/fr\/#\/schema\/person\/3754fee1e558f47b8deb46f53c37423e"},"description":"Nous avons invit\u00e9 Thierry Wellhoff, fondateur de Wellcom, \u00e0 nous parler des valeurs d'entreprise. Mais de quoi parle-t-on exactement ?","breadcrumb":{"@id":"https:\/\/visionarymarketing.com\/fr\/2015\/12\/07\/valeurs-dentreprise-livre-thierry-wellhof\/#breadcrumb"},"inLanguage":"fr-FR","potentialAction":[{"@type":"ReadAction","target":["https:\/\/visionarymarketing.com\/fr\/2015\/12\/07\/valeurs-dentreprise-livre-thierry-wellhof\/"]}]},{"@type":"ImageObject","inLanguage":"fr-FR","@id":"https:\/\/visionarymarketing.com\/fr\/2015\/12\/07\/valeurs-dentreprise-livre-thierry-wellhof\/#primaryimage","url":"https:\/\/visionarymarketing.com\/wp-content\/uploads\/2015\/12\/16978467987_77710ddd87_z-e1606281983130.jpg","contentUrl":"https:\/\/visionarymarketing.com\/wp-content\/uploads\/2015\/12\/16978467987_77710ddd87_z-e1606281983130.jpg","width":519,"height":340,"caption":"De nombreuses entreprises revendiquent des valeurs,"},{"@type":"BreadcrumbList","@id":"https:\/\/visionarymarketing.com\/fr\/2015\/12\/07\/valeurs-dentreprise-livre-thierry-wellhof\/#breadcrumb","itemListElement":[{"@type":"ListItem","position":1,"name":"Home","item":"https:\/\/visionarymarketing.com\/fr\/"},{"@type":"ListItem","position":2,"name":"Valeurs d&rsquo;entreprise : pour aller de la parole aux actes"}]},{"@type":"WebSite","@id":"https:\/\/visionarymarketing.com\/fr\/#website","url":"https:\/\/visionarymarketing.com\/fr\/","name":"Marketing and Innovation","description":"Site d&#039;infos ind\u00e9pendant, depuis 1996","potentialAction":[{"@type":"SearchAction","target":{"@type":"EntryPoint","urlTemplate":"https:\/\/visionarymarketing.com\/fr\/?s={search_term_string}"},"query-input":{"@type":"PropertyValueSpecification","valueRequired":true,"valueName":"search_term_string"}}],"inLanguage":"fr-FR"},{"@type":"Person","@id":"https:\/\/visionarymarketing.com\/fr\/#\/schema\/person\/3754fee1e558f47b8deb46f53c37423e","name":"Yann Gourvennec","image":{"@type":"ImageObject","inLanguage":"fr-FR","@id":"https:\/\/secure.gravatar.com\/avatar\/5972001801e8de5692a3e31224e85769f50a55fb8b679749f9c8d1868cceff14?s=96&d=initials&r=g&initials=yg","url":"https:\/\/secure.gravatar.com\/avatar\/5972001801e8de5692a3e31224e85769f50a55fb8b679749f9c8d1868cceff14?s=96&d=initials&r=g&initials=yg","contentUrl":"https:\/\/secure.gravatar.com\/avatar\/5972001801e8de5692a3e31224e85769f50a55fb8b679749f9c8d1868cceff14?s=96&d=initials&r=g&initials=yg","caption":"Yann Gourvennec"},"description":"Yann Gourvennec created visionarymarketing.com in 1996. He is a speaker and author of many books. In 2014 he went from intrapreneur to entrepreneur, when he created his digital marketing agency. Yann Gourvennec a cr\u00e9\u00e9 visionarymarketing.com en 1996. Il est conf\u00e9rencier et auteur de plusieurs livres. En 2014, il est pass\u00e9 d'intrapreneur \u00e0 entrepreneur en cr\u00e9ant son agence de marketing num\u00e9rique.","sameAs":["https:\/\/visionarymarketing.com","http:\/\/facebook.com\/ygourven","http:\/\/linkedin.com\/in\/ygourven","https:\/\/x.com\/ygourven","https:\/\/www.youtube.com\/c\/visionarymarketingagency"],"url":"https:\/\/visionarymarketing.com\/fr\/author\/yann-gourvennec\/"}]}},"_links":{"self":[{"href":"https:\/\/visionarymarketing.com\/fr\/wp-json\/wp\/v2\/posts\/19962","targetHints":{"allow":["GET"]}}],"collection":[{"href":"https:\/\/visionarymarketing.com\/fr\/wp-json\/wp\/v2\/posts"}],"about":[{"href":"https:\/\/visionarymarketing.com\/fr\/wp-json\/wp\/v2\/types\/post"}],"author":[{"embeddable":true,"href":"https:\/\/visionarymarketing.com\/fr\/wp-json\/wp\/v2\/users\/2"}],"replies":[{"embeddable":true,"href":"https:\/\/visionarymarketing.com\/fr\/wp-json\/wp\/v2\/comments?post=19962"}],"version-history":[{"count":0,"href":"https:\/\/visionarymarketing.com\/fr\/wp-json\/wp\/v2\/posts\/19962\/revisions"}],"wp:featuredmedia":[{"embeddable":true,"href":"https:\/\/visionarymarketing.com\/fr\/wp-json\/wp\/v2\/media\/19975"}],"wp:attachment":[{"href":"https:\/\/visionarymarketing.com\/fr\/wp-json\/wp\/v2\/media?parent=19962"}],"wp:term":[{"taxonomy":"category","embeddable":true,"href":"https:\/\/visionarymarketing.com\/fr\/wp-json\/wp\/v2\/categories?post=19962"},{"taxonomy":"post_tag","embeddable":true,"href":"https:\/\/visionarymarketing.com\/fr\/wp-json\/wp\/v2\/tags?post=19962"}],"curies":[{"name":"wp","href":"https:\/\/api.w.org\/{rel}","templated":true}]}}