{"id":19826,"date":"2015-11-25T14:00:56","date_gmt":"2015-11-25T13:00:56","guid":{"rendered":"http:\/\/visionarymarketing.fr\/blog\/?p=19826"},"modified":"2022-07-27T13:54:40","modified_gmt":"2022-07-27T11:54:40","slug":"webinathon-3","status":"publish","type":"post","link":"https:\/\/visionarymarketing.com\/fr\/2015\/11\/25\/webinathon-3\/","title":{"rendered":"Webinathon Big Data et Cloud Orange &#8211; 3eme Webinathon &#8211; 15\/12\/2015"},"content":{"rendered":"<h2>3\u00e8me Webinathon Webikeo sur le Big Data et le Cloud computing<\/h2>\n<p><span style=\"color: #666699;\"><em><a href=\"https:\/\/web.archive.org\/web\/20201017002303\/https:\/\/webikeo.fr\/chaine\/webinathon-big-data-cloud-computing\/\" target=\"_blank\" rel=\"noopener\">Le 15 d\u00e9cembre prochain aura lieu notre 3e \u00e9dition<\/a> du <strong>Webinathon<\/strong> <a href=\"https:\/\/web.archive.org\/web\/20201017002303\/https:\/\/webikeo.fr\/chaine\/webinathon-big-data-cloud-computing\/\" target=\"_blank\" rel=\"noopener\">Big Data et Cloud computing<\/a>. Durant tout l&rsquo;apr\u00e8s-midi se succ\u00e8deront quatre webinaires exclusifs organis\u00e9s par <a href=\"http:\/\/hebergementweb.orange-business.com\" target=\"_blank\" rel=\"noopener\">Orange Cloud for Business<\/a> sur des sujets cloud et big data, vu tour \u00e0 tour par des experts de profil technique, et des sp\u00e9cialistes du\u00a0marketing. Ces webinaires abordent les probl\u00e9matiques Cloud et Big Data et leurs solutions sous un angle pratique : apr\u00e8s de courtes introductions pour pr\u00e9senter le sujet, des d\u00e9monstrations de solutions seront effectu\u00e9es. Ensuite, une session libre durant laquelle les inscrits au webinaire pourront poser leurs questions aux experts. N&rsquo;attendez pas et<a href=\"https:\/\/web.archive.org\/web\/20201017002303\/https:\/\/webikeo.fr\/chaine\/webinathon-big-data-cloud-computing\/\" target=\"_blank\" rel=\"noopener\"> inscrivez-vous gratuitement d\u00e8s maintenant au <\/a>Webinathon <a href=\"https:\/\/web.archive.org\/web\/20201017002303\/https:\/\/webikeo.fr\/chaine\/webinathon-big-data-cloud-computing\/\" target=\"_blank\" rel=\"noopener\">n\u00b03 sur Webikeo<\/a> ! Consultez le programme ci dessous pour prendre connaissance des sujets abord\u00e9s (transparence : <a href=\"http:\/\/www.orange-business.com\" target=\"_blank\" rel=\"noopener\">Orange Business Services<\/a> est notre client)<\/em><\/span><\/p>\n<p><a href=\"https:\/\/web.archive.org\/web\/20201017002303\/https:\/\/webikeo.fr\/chaine\/webinathon-big-data-cloud-computing\/\" target=\"_blank\" rel=\"noopener\"><img decoding=\"async\" class=\"aligncenter wp-image-19834 size-large\" src=\"https:\/\/visionarymarketing.com\/wp-content\/uploads\/2015\/11\/bandeau-1024x133.png\" alt=\"Webinathon Orange Business Services\" width=\"740\" height=\"96\" srcset=\"https:\/\/visionarymarketing.com\/wp-content\/uploads\/2015\/11\/bandeau-1024x133.png 1024w, https:\/\/visionarymarketing.com\/wp-content\/uploads\/2015\/11\/bandeau-500x65.png 500w, https:\/\/visionarymarketing.com\/wp-content\/uploads\/2015\/11\/bandeau-768x100.png 768w, https:\/\/visionarymarketing.com\/wp-content\/uploads\/2015\/11\/bandeau.png 1489w\" sizes=\"(max-width: 740px) 100vw, 740px\" \/><\/a><\/p>\n<p><a href=\"https:\/\/web.archive.org\/web\/20201017002303\/https:\/\/webikeo.fr\/chaine\/webinathon-big-data-cloud-computing\/\" target=\"_blank\" rel=\"noopener\"><img decoding=\"async\" class=\"size-full wp-image-19203 aligncenter\" src=\"https:\/\/visionarymarketing.com\/wp-content\/uploads\/2015\/09\/orange-bouton-noir.png\" alt=\"orange-bouton-noir\" width=\"196\" height=\"48\" \/><\/a><\/p>\n<h2>Webinaire #1 &#8211; 13h30 : SDS (Software-Defined Storage) &#8211; quand le logiciel r\u00e9volutionne le stockage<\/h2>\n<p>Sous une avalanche de donn\u00e9es toujours plus massives, vari\u00e9es et \u00e0 traiter en temps r\u00e9el, l\u2019entreprise doit faire face \u00e0 de nouvelles probl\u00e9matiques de stockage.<\/p>\n<p>Accumuler les serveurs et les espaces disques pour \u00e9ponger cette <strong>masse de donn\u00e9es<\/strong> g\u00e9n\u00e8re un <strong>co\u00fbt exponentiel<\/strong> pour l\u2019entreprise.<\/p>\n<p>Le <strong>stockage d\u00e9fini par logiciel<\/strong> (ou Software -Defined Storage ) offre une gestion diff\u00e9renci\u00e9e du stockage entre couche mat\u00e9rielle et couche logicielle. Cette solution permet, entre autres, d\u2019<strong>optimiser l\u2019espace de stockage<\/strong>, d\u2019en simplifier sa gestion et donc d\u2019en r\u00e9duire le co\u00fbt.<\/p>\n<p>Avec :\u00a0<strong>J\u00e9r\u00f4me Bidet<\/strong>,\u00a0Responsable Equipe Cloud Storage (Orange)<\/p>\n<blockquote class=\"quote-light\"><p>\n  Je m&rsquo;inscris \u00e0 ce webinaire<!--more-->\n<\/p><\/blockquote>\n<h2>Webinaire #2 &#8211; 14h30 : Stockage &#8211; pas de donn\u00e9es, pas de business<\/h2>\n<p>Les donn\u00e9es de l&rsquo;entreprise, dans un monde professionnel o\u00f9 le digital est omnipr\u00e9sent (commercial, marketing, finance, fabrication &#8230;), sont devenues le v\u00e9ritable carburant du business. Or, la mise en place et la <strong>maintenance d\u2019une infrastructure de stockage des donn\u00e9es<\/strong> reste une<strong> t\u00e2che lourde<\/strong> pour une entreprise qui doit r\u00e9unir les comp\u00e9tences et les ressources n\u00e9cessaires. D\u2019o\u00f9 l\u2019<strong>int\u00e9r\u00eat d\u2019externaliser<\/strong> et de payer \u00e0 l\u2019usage les services de mise \u00e0 disposition de la donn\u00e9e permettant \u00e0 la fois d&rsquo;am\u00e9liorer son efficacit\u00e9 tout en maximisant s\u00e9curit\u00e9, accessibilit\u00e9 et protection des donn\u00e9es.<\/p>\n<p>Avec :\u00a0<strong>Pr\u00e9cilia Fibleuil<\/strong>,\u00a0Responsable Marketing Op\u00e9rationnel (Orange Cloud for Business) et\u00a0<strong>Alban Viano<\/strong>,\u00a0Major Account Manager (Ctera)<\/p>\n<blockquote class=\"quote-light\"><p>\n  Je m&rsquo;inscris \u00e0 ce webinaire\n<\/p><\/blockquote>\n<h2>Webinaire #3 &#8211; 16h00 : Transformation digitale &#8211; aider les DSI \u00e0 mieux servir les m\u00e9tiers<\/h2>\n<p>Il est possible de <strong>repenser la gestion de services informatiques et m\u00e9tiers<\/strong> pour\u00a0:<\/p>\n<ul>\n<li>transformer la DSI en courtier de services<\/li>\n<li>renouveler l\u2019exp\u00e9rience utilisateur d\u00e9livr\u00e9e aux clients internes.<\/li>\n<\/ul>\n<p>Apr\u00e8s un rappel des principes de l\u2019<strong>IT Service Management<\/strong> (ITSM), seront d\u00e9crits\u00a0: les enjeux des clients, les <strong>nouveaux d\u00e9fis de la gestion des services <\/strong>dans l\u2019entreprise et la mani\u00e8re dont se transforme ce march\u00e9.<\/p>\n<p>Avec :\u00a0<strong>Nicolas Rosqouet<\/strong>,\u00a0Charg\u00e9 d\u2019affaires (Orange Applications for Business),\u00a0<strong>Benjamin Bussenault<\/strong>,\u00a0Directeur du support au d\u00e9veloppement (Orange Business Services)\u00a0et <strong>Thierry Gatti<\/strong>,\u00a0Business D\u00e9veloppeur &#8211; Grands comptes (Orange Business Services)<\/p>\n<blockquote class=\"quote-light\"><p>\n  Je m&rsquo;inscris \u00e0 ce webinaire\n<\/p><\/blockquote>\n<h2>Webinaire #4 &#8211; 17h15 : Zoom sur un m\u00e9tier en plein boom &#8211; ing\u00e9nieur expert en virtualisation des postes de travail<\/h2>\n<p>Technologie encore jeune, la virtualisation des postes de travail s\u2019inscrit dans la r\u00e9volution du Cloud en basculant l\u2019ensemble des composantes du poste de travail dans le DataCenter de l\u2019entreprise. S\u00e9curit\u00e9 des donn\u00e9es, meilleure exp\u00e9rience des collaborateurs, efficacit\u00e9 op\u00e9rationnelle accrue, les avantages sont nombreux et de plus en plus d\u2019entreprises se tournent vers cette technologie.<\/p>\n<p>Les <strong>experts capables d\u2019en ma\u00eetriser toutes les composantes<\/strong> (Citrix, VMware ..) sont <strong>donc recherch\u00e9s<\/strong>. Ceux-ci \u00e9tant encore trop rares pour r\u00e9pondre aux besoins du march\u00e9, Neocles, filiale d\u2019Orange Business Service et acteur majeur du secteur, prend l\u2019initiative et accompagne des ing\u00e9nieurs, confirm\u00e9s ou jeunes dipl\u00f4m\u00e9s, \u00e0 monter en comp\u00e9tence gr\u00e2ce \u00e0 la Virtualization Academy.<\/p>\n<p>Avec :\u00a0<strong>Val\u00e9rie Lafdal<\/strong>,\u00a0Directrice G\u00e9n\u00e9rale\u00a0(Neocles),\u00a0<strong>Thibault Pean de Ponfilly<\/strong>,\u00a0Chef de Projet (Neocles)<\/p>\n<blockquote class=\"quote-light\"><p>\n  Je m&rsquo;inscris \u00e0 ce webinaire\n<\/p><\/blockquote>\n<p><a href=\"https:\/\/web.archive.org\/web\/20201017002303\/https:\/\/webikeo.fr\/chaine\/webinathon-big-data-cloud-computing\/\" target=\"_blank\" rel=\"noopener\"><img decoding=\"async\" class=\"size-full wp-image-19203 aligncenter\" src=\"https:\/\/visionarymarketing.com\/wp-content\/uploads\/2015\/09\/orange-bouton-noir.png\" alt=\"orange-bouton-noir\" width=\"196\" height=\"48\" \/><\/a><\/p>\n","protected":false},"excerpt":{"rendered":"<p>3\u00e8me Webinathon Webikeo sur le Big Data et le Cloud computing Le 15 d\u00e9cembre prochain aura lieu notre 3e \u00e9dition du Webinathon Big Data et Cloud computing. Durant tout l&rsquo;apr\u00e8s-midi se succ\u00e8deront quatre webinaires exclusifs organis\u00e9s par Orange Cloud for Business sur des sujets cloud et big data, vu tour \u00e0 tour par des experts &hellip;<\/p>\n","protected":false},"author":2,"featured_media":34060,"comment_status":"open","ping_status":"open","sticky":false,"template":"","format":"standard","meta":{"footnotes":""},"categories":[1613],"tags":[],"class_list":["post-19826","post","type-post","status-publish","format-standard","has-post-thumbnail","hentry","category-marketing-digital-marketing"],"yoast_head":"<!-- This site is optimized with the Yoast SEO plugin v27.5 - https:\/\/yoast.com\/product\/yoast-seo-wordpress\/ -->\n<title>Webinathon Big Data et Cloud Orange - 3eme Webinathon - 15\/12\/2015<\/title>\n<meta name=\"description\" content=\"Le 15 d\u00e9cembre prochain aura lieu notre 3e \u00e9dition du Webinathon Big Data et Cloud computing avec des experts de profil technique, et des marketeurs\" \/>\n<meta name=\"robots\" content=\"index, follow, max-snippet:-1, max-image-preview:large, max-video-preview:-1\" \/>\n<link rel=\"canonical\" href=\"https:\/\/visionarymarketing.com\/fr\/2015\/11\/25\/webinathon-3\/\" \/>\n<meta property=\"og:locale\" content=\"fr_FR\" \/>\n<meta property=\"og:type\" content=\"article\" \/>\n<meta property=\"og:title\" content=\"Webinathon Big Data et Cloud Orange - 3eme Webinathon - 15\/12\/2015\" \/>\n<meta property=\"og:description\" content=\"Le 15 d\u00e9cembre prochain aura lieu notre 3e \u00e9dition du Webinathon Big Data et Cloud computing avec des experts de profil technique, et des marketeurs\" \/>\n<meta property=\"og:url\" content=\"https:\/\/visionarymarketing.com\/fr\/2015\/11\/25\/webinathon-3\/\" \/>\n<meta property=\"og:site_name\" content=\"Marketing and Innovation\" \/>\n<meta property=\"article:publisher\" content=\"https:\/\/www.facebook.com\/vismktg\" \/>\n<meta property=\"article:author\" content=\"http:\/\/facebook.com\/ygourven\" \/>\n<meta property=\"article:published_time\" content=\"2015-11-25T13:00:56+00:00\" \/>\n<meta property=\"article:modified_time\" content=\"2022-07-27T11:54:40+00:00\" \/>\n<meta property=\"og:image\" content=\"https:\/\/visionarymarketing.com\/wp-content\/uploads\/2019\/11\/48657941523_ebd4ac457e_c.jpg\" \/>\n\t<meta property=\"og:image:width\" content=\"644\" \/>\n\t<meta property=\"og:image:height\" content=\"430\" \/>\n\t<meta property=\"og:image:type\" content=\"image\/jpeg\" \/>\n<meta name=\"author\" content=\"Yann Gourvennec\" \/>\n<meta name=\"twitter:card\" content=\"summary_large_image\" \/>\n<meta name=\"twitter:creator\" content=\"@ygourven\" \/>\n<meta name=\"twitter:site\" content=\"@ygourven\" \/>\n<meta name=\"twitter:label1\" content=\"\u00c9crit par\" \/>\n\t<meta name=\"twitter:data1\" content=\"Yann Gourvennec\" \/>\n\t<meta name=\"twitter:label2\" content=\"Dur\u00e9e de lecture estim\u00e9e\" \/>\n\t<meta name=\"twitter:data2\" content=\"4 minutes\" \/>\n<script type=\"application\/ld+json\" class=\"yoast-schema-graph\">{\"@context\":\"https:\\\/\\\/schema.org\",\"@graph\":[{\"@type\":\"NewsArticle\",\"@id\":\"https:\\\/\\\/visionarymarketing.com\\\/fr\\\/2015\\\/11\\\/25\\\/webinathon-3\\\/#article\",\"isPartOf\":{\"@id\":\"https:\\\/\\\/visionarymarketing.com\\\/fr\\\/2015\\\/11\\\/25\\\/webinathon-3\\\/\"},\"author\":{\"name\":\"Yann Gourvennec\",\"@id\":\"https:\\\/\\\/visionarymarketing.com\\\/fr\\\/#\\\/schema\\\/person\\\/3754fee1e558f47b8deb46f53c37423e\"},\"headline\":\"Webinathon Big Data et Cloud Orange &#8211; 3eme Webinathon &#8211; 15\\\/12\\\/2015\",\"datePublished\":\"2015-11-25T13:00:56+00:00\",\"dateModified\":\"2022-07-27T11:54:40+00:00\",\"mainEntityOfPage\":{\"@id\":\"https:\\\/\\\/visionarymarketing.com\\\/fr\\\/2015\\\/11\\\/25\\\/webinathon-3\\\/\"},\"wordCount\":726,\"commentCount\":0,\"image\":{\"@id\":\"https:\\\/\\\/visionarymarketing.com\\\/fr\\\/2015\\\/11\\\/25\\\/webinathon-3\\\/#primaryimage\"},\"thumbnailUrl\":\"https:\\\/\\\/visionarymarketing.com\\\/wp-content\\\/uploads\\\/2019\\\/11\\\/48657941523_ebd4ac457e_c.jpg\",\"articleSection\":[\"marketing digital\"],\"inLanguage\":\"fr-FR\",\"potentialAction\":[{\"@type\":\"CommentAction\",\"name\":\"Comment\",\"target\":[\"https:\\\/\\\/visionarymarketing.com\\\/fr\\\/2015\\\/11\\\/25\\\/webinathon-3\\\/#respond\"]}]},{\"@type\":\"WebPage\",\"@id\":\"https:\\\/\\\/visionarymarketing.com\\\/fr\\\/2015\\\/11\\\/25\\\/webinathon-3\\\/\",\"url\":\"https:\\\/\\\/visionarymarketing.com\\\/fr\\\/2015\\\/11\\\/25\\\/webinathon-3\\\/\",\"name\":\"Webinathon Big Data et Cloud Orange - 3eme Webinathon - 15\\\/12\\\/2015\",\"isPartOf\":{\"@id\":\"https:\\\/\\\/visionarymarketing.com\\\/fr\\\/#website\"},\"primaryImageOfPage\":{\"@id\":\"https:\\\/\\\/visionarymarketing.com\\\/fr\\\/2015\\\/11\\\/25\\\/webinathon-3\\\/#primaryimage\"},\"image\":{\"@id\":\"https:\\\/\\\/visionarymarketing.com\\\/fr\\\/2015\\\/11\\\/25\\\/webinathon-3\\\/#primaryimage\"},\"thumbnailUrl\":\"https:\\\/\\\/visionarymarketing.com\\\/wp-content\\\/uploads\\\/2019\\\/11\\\/48657941523_ebd4ac457e_c.jpg\",\"datePublished\":\"2015-11-25T13:00:56+00:00\",\"dateModified\":\"2022-07-27T11:54:40+00:00\",\"author\":{\"@id\":\"https:\\\/\\\/visionarymarketing.com\\\/fr\\\/#\\\/schema\\\/person\\\/3754fee1e558f47b8deb46f53c37423e\"},\"description\":\"Le 15 d\u00e9cembre prochain aura lieu notre 3e \u00e9dition du Webinathon Big Data et Cloud computing avec des experts de profil technique, et des marketeurs\",\"breadcrumb\":{\"@id\":\"https:\\\/\\\/visionarymarketing.com\\\/fr\\\/2015\\\/11\\\/25\\\/webinathon-3\\\/#breadcrumb\"},\"inLanguage\":\"fr-FR\",\"potentialAction\":[{\"@type\":\"ReadAction\",\"target\":[\"https:\\\/\\\/visionarymarketing.com\\\/fr\\\/2015\\\/11\\\/25\\\/webinathon-3\\\/\"]}]},{\"@type\":\"ImageObject\",\"inLanguage\":\"fr-FR\",\"@id\":\"https:\\\/\\\/visionarymarketing.com\\\/fr\\\/2015\\\/11\\\/25\\\/webinathon-3\\\/#primaryimage\",\"url\":\"https:\\\/\\\/visionarymarketing.com\\\/wp-content\\\/uploads\\\/2019\\\/11\\\/48657941523_ebd4ac457e_c.jpg\",\"contentUrl\":\"https:\\\/\\\/visionarymarketing.com\\\/wp-content\\\/uploads\\\/2019\\\/11\\\/48657941523_ebd4ac457e_c.jpg\",\"width\":644,\"height\":430},{\"@type\":\"BreadcrumbList\",\"@id\":\"https:\\\/\\\/visionarymarketing.com\\\/fr\\\/2015\\\/11\\\/25\\\/webinathon-3\\\/#breadcrumb\",\"itemListElement\":[{\"@type\":\"ListItem\",\"position\":1,\"name\":\"Home\",\"item\":\"https:\\\/\\\/visionarymarketing.com\\\/fr\\\/\"},{\"@type\":\"ListItem\",\"position\":2,\"name\":\"Webinathon Big Data et Cloud Orange &#8211; 3eme Webinathon &#8211; 15\\\/12\\\/2015\"}]},{\"@type\":\"WebSite\",\"@id\":\"https:\\\/\\\/visionarymarketing.com\\\/fr\\\/#website\",\"url\":\"https:\\\/\\\/visionarymarketing.com\\\/fr\\\/\",\"name\":\"Marketing and Innovation\",\"description\":\"Site d&#039;infos ind\u00e9pendant, depuis 1996\",\"potentialAction\":[{\"@type\":\"SearchAction\",\"target\":{\"@type\":\"EntryPoint\",\"urlTemplate\":\"https:\\\/\\\/visionarymarketing.com\\\/fr\\\/?s={search_term_string}\"},\"query-input\":{\"@type\":\"PropertyValueSpecification\",\"valueRequired\":true,\"valueName\":\"search_term_string\"}}],\"inLanguage\":\"fr-FR\"},{\"@type\":\"Person\",\"@id\":\"https:\\\/\\\/visionarymarketing.com\\\/fr\\\/#\\\/schema\\\/person\\\/3754fee1e558f47b8deb46f53c37423e\",\"name\":\"Yann Gourvennec\",\"image\":{\"@type\":\"ImageObject\",\"inLanguage\":\"fr-FR\",\"@id\":\"https:\\\/\\\/secure.gravatar.com\\\/avatar\\\/5972001801e8de5692a3e31224e85769f50a55fb8b679749f9c8d1868cceff14?s=96&d=initials&r=g&initials=yg\",\"url\":\"https:\\\/\\\/secure.gravatar.com\\\/avatar\\\/5972001801e8de5692a3e31224e85769f50a55fb8b679749f9c8d1868cceff14?s=96&d=initials&r=g&initials=yg\",\"contentUrl\":\"https:\\\/\\\/secure.gravatar.com\\\/avatar\\\/5972001801e8de5692a3e31224e85769f50a55fb8b679749f9c8d1868cceff14?s=96&d=initials&r=g&initials=yg\",\"caption\":\"Yann Gourvennec\"},\"description\":\"Yann Gourvennec created visionarymarketing.com in 1996. He is a speaker and author of many books. In 2014 he went from intrapreneur to entrepreneur, when he created his digital marketing agency. Yann Gourvennec a cr\u00e9\u00e9 visionarymarketing.com en 1996. Il est conf\u00e9rencier et auteur de plusieurs livres. En 2014, il est pass\u00e9 d'intrapreneur \u00e0 entrepreneur en cr\u00e9ant son agence de marketing num\u00e9rique.\",\"sameAs\":[\"https:\\\/\\\/visionarymarketing.com\",\"http:\\\/\\\/facebook.com\\\/ygourven\",\"http:\\\/\\\/linkedin.com\\\/in\\\/ygourven\",\"https:\\\/\\\/x.com\\\/ygourven\",\"https:\\\/\\\/www.youtube.com\\\/c\\\/visionarymarketingagency\"],\"url\":\"https:\\\/\\\/visionarymarketing.com\\\/fr\\\/author\\\/yann-gourvennec\\\/\"}]}<\/script>\n<!-- \/ Yoast SEO plugin. -->","yoast_head_json":{"title":"Webinathon Big Data et Cloud Orange - 3eme Webinathon - 15\/12\/2015","description":"Le 15 d\u00e9cembre prochain aura lieu notre 3e \u00e9dition du Webinathon Big Data et Cloud computing avec des experts de profil technique, et des marketeurs","robots":{"index":"index","follow":"follow","max-snippet":"max-snippet:-1","max-image-preview":"max-image-preview:large","max-video-preview":"max-video-preview:-1"},"canonical":"https:\/\/visionarymarketing.com\/fr\/2015\/11\/25\/webinathon-3\/","og_locale":"fr_FR","og_type":"article","og_title":"Webinathon Big Data et Cloud Orange - 3eme Webinathon - 15\/12\/2015","og_description":"Le 15 d\u00e9cembre prochain aura lieu notre 3e \u00e9dition du Webinathon Big Data et Cloud computing avec des experts de profil technique, et des marketeurs","og_url":"https:\/\/visionarymarketing.com\/fr\/2015\/11\/25\/webinathon-3\/","og_site_name":"Marketing and Innovation","article_publisher":"https:\/\/www.facebook.com\/vismktg","article_author":"http:\/\/facebook.com\/ygourven","article_published_time":"2015-11-25T13:00:56+00:00","article_modified_time":"2022-07-27T11:54:40+00:00","og_image":[{"width":644,"height":430,"url":"https:\/\/visionarymarketing.com\/wp-content\/uploads\/2019\/11\/48657941523_ebd4ac457e_c.jpg","type":"image\/jpeg"}],"author":"Yann Gourvennec","twitter_card":"summary_large_image","twitter_creator":"@ygourven","twitter_site":"@ygourven","twitter_misc":{"\u00c9crit par":"Yann Gourvennec","Dur\u00e9e de lecture estim\u00e9e":"4 minutes"},"schema":{"@context":"https:\/\/schema.org","@graph":[{"@type":"NewsArticle","@id":"https:\/\/visionarymarketing.com\/fr\/2015\/11\/25\/webinathon-3\/#article","isPartOf":{"@id":"https:\/\/visionarymarketing.com\/fr\/2015\/11\/25\/webinathon-3\/"},"author":{"name":"Yann Gourvennec","@id":"https:\/\/visionarymarketing.com\/fr\/#\/schema\/person\/3754fee1e558f47b8deb46f53c37423e"},"headline":"Webinathon Big Data et Cloud Orange &#8211; 3eme Webinathon &#8211; 15\/12\/2015","datePublished":"2015-11-25T13:00:56+00:00","dateModified":"2022-07-27T11:54:40+00:00","mainEntityOfPage":{"@id":"https:\/\/visionarymarketing.com\/fr\/2015\/11\/25\/webinathon-3\/"},"wordCount":726,"commentCount":0,"image":{"@id":"https:\/\/visionarymarketing.com\/fr\/2015\/11\/25\/webinathon-3\/#primaryimage"},"thumbnailUrl":"https:\/\/visionarymarketing.com\/wp-content\/uploads\/2019\/11\/48657941523_ebd4ac457e_c.jpg","articleSection":["marketing digital"],"inLanguage":"fr-FR","potentialAction":[{"@type":"CommentAction","name":"Comment","target":["https:\/\/visionarymarketing.com\/fr\/2015\/11\/25\/webinathon-3\/#respond"]}]},{"@type":"WebPage","@id":"https:\/\/visionarymarketing.com\/fr\/2015\/11\/25\/webinathon-3\/","url":"https:\/\/visionarymarketing.com\/fr\/2015\/11\/25\/webinathon-3\/","name":"Webinathon Big Data et Cloud Orange - 3eme Webinathon - 15\/12\/2015","isPartOf":{"@id":"https:\/\/visionarymarketing.com\/fr\/#website"},"primaryImageOfPage":{"@id":"https:\/\/visionarymarketing.com\/fr\/2015\/11\/25\/webinathon-3\/#primaryimage"},"image":{"@id":"https:\/\/visionarymarketing.com\/fr\/2015\/11\/25\/webinathon-3\/#primaryimage"},"thumbnailUrl":"https:\/\/visionarymarketing.com\/wp-content\/uploads\/2019\/11\/48657941523_ebd4ac457e_c.jpg","datePublished":"2015-11-25T13:00:56+00:00","dateModified":"2022-07-27T11:54:40+00:00","author":{"@id":"https:\/\/visionarymarketing.com\/fr\/#\/schema\/person\/3754fee1e558f47b8deb46f53c37423e"},"description":"Le 15 d\u00e9cembre prochain aura lieu notre 3e \u00e9dition du Webinathon Big Data et Cloud computing avec des experts de profil technique, et des marketeurs","breadcrumb":{"@id":"https:\/\/visionarymarketing.com\/fr\/2015\/11\/25\/webinathon-3\/#breadcrumb"},"inLanguage":"fr-FR","potentialAction":[{"@type":"ReadAction","target":["https:\/\/visionarymarketing.com\/fr\/2015\/11\/25\/webinathon-3\/"]}]},{"@type":"ImageObject","inLanguage":"fr-FR","@id":"https:\/\/visionarymarketing.com\/fr\/2015\/11\/25\/webinathon-3\/#primaryimage","url":"https:\/\/visionarymarketing.com\/wp-content\/uploads\/2019\/11\/48657941523_ebd4ac457e_c.jpg","contentUrl":"https:\/\/visionarymarketing.com\/wp-content\/uploads\/2019\/11\/48657941523_ebd4ac457e_c.jpg","width":644,"height":430},{"@type":"BreadcrumbList","@id":"https:\/\/visionarymarketing.com\/fr\/2015\/11\/25\/webinathon-3\/#breadcrumb","itemListElement":[{"@type":"ListItem","position":1,"name":"Home","item":"https:\/\/visionarymarketing.com\/fr\/"},{"@type":"ListItem","position":2,"name":"Webinathon Big Data et Cloud Orange &#8211; 3eme Webinathon &#8211; 15\/12\/2015"}]},{"@type":"WebSite","@id":"https:\/\/visionarymarketing.com\/fr\/#website","url":"https:\/\/visionarymarketing.com\/fr\/","name":"Marketing and Innovation","description":"Site d&#039;infos ind\u00e9pendant, depuis 1996","potentialAction":[{"@type":"SearchAction","target":{"@type":"EntryPoint","urlTemplate":"https:\/\/visionarymarketing.com\/fr\/?s={search_term_string}"},"query-input":{"@type":"PropertyValueSpecification","valueRequired":true,"valueName":"search_term_string"}}],"inLanguage":"fr-FR"},{"@type":"Person","@id":"https:\/\/visionarymarketing.com\/fr\/#\/schema\/person\/3754fee1e558f47b8deb46f53c37423e","name":"Yann Gourvennec","image":{"@type":"ImageObject","inLanguage":"fr-FR","@id":"https:\/\/secure.gravatar.com\/avatar\/5972001801e8de5692a3e31224e85769f50a55fb8b679749f9c8d1868cceff14?s=96&d=initials&r=g&initials=yg","url":"https:\/\/secure.gravatar.com\/avatar\/5972001801e8de5692a3e31224e85769f50a55fb8b679749f9c8d1868cceff14?s=96&d=initials&r=g&initials=yg","contentUrl":"https:\/\/secure.gravatar.com\/avatar\/5972001801e8de5692a3e31224e85769f50a55fb8b679749f9c8d1868cceff14?s=96&d=initials&r=g&initials=yg","caption":"Yann Gourvennec"},"description":"Yann Gourvennec created visionarymarketing.com in 1996. He is a speaker and author of many books. In 2014 he went from intrapreneur to entrepreneur, when he created his digital marketing agency. Yann Gourvennec a cr\u00e9\u00e9 visionarymarketing.com en 1996. Il est conf\u00e9rencier et auteur de plusieurs livres. En 2014, il est pass\u00e9 d'intrapreneur \u00e0 entrepreneur en cr\u00e9ant son agence de marketing num\u00e9rique.","sameAs":["https:\/\/visionarymarketing.com","http:\/\/facebook.com\/ygourven","http:\/\/linkedin.com\/in\/ygourven","https:\/\/x.com\/ygourven","https:\/\/www.youtube.com\/c\/visionarymarketingagency"],"url":"https:\/\/visionarymarketing.com\/fr\/author\/yann-gourvennec\/"}]}},"_links":{"self":[{"href":"https:\/\/visionarymarketing.com\/fr\/wp-json\/wp\/v2\/posts\/19826","targetHints":{"allow":["GET"]}}],"collection":[{"href":"https:\/\/visionarymarketing.com\/fr\/wp-json\/wp\/v2\/posts"}],"about":[{"href":"https:\/\/visionarymarketing.com\/fr\/wp-json\/wp\/v2\/types\/post"}],"author":[{"embeddable":true,"href":"https:\/\/visionarymarketing.com\/fr\/wp-json\/wp\/v2\/users\/2"}],"replies":[{"embeddable":true,"href":"https:\/\/visionarymarketing.com\/fr\/wp-json\/wp\/v2\/comments?post=19826"}],"version-history":[{"count":0,"href":"https:\/\/visionarymarketing.com\/fr\/wp-json\/wp\/v2\/posts\/19826\/revisions"}],"wp:featuredmedia":[{"embeddable":true,"href":"https:\/\/visionarymarketing.com\/fr\/wp-json\/wp\/v2\/media\/34060"}],"wp:attachment":[{"href":"https:\/\/visionarymarketing.com\/fr\/wp-json\/wp\/v2\/media?parent=19826"}],"wp:term":[{"taxonomy":"category","embeddable":true,"href":"https:\/\/visionarymarketing.com\/fr\/wp-json\/wp\/v2\/categories?post=19826"},{"taxonomy":"post_tag","embeddable":true,"href":"https:\/\/visionarymarketing.com\/fr\/wp-json\/wp\/v2\/tags?post=19826"}],"curies":[{"name":"wp","href":"https:\/\/api.w.org\/{rel}","templated":true}]}}