{"id":19096,"date":"2015-08-24T09:36:20","date_gmt":"2015-08-24T07:36:20","guid":{"rendered":"http:\/\/visionarymarketing.fr\/blog?p=19096&#038;preview_id=19096"},"modified":"2024-02-08T11:05:41","modified_gmt":"2024-02-08T10:05:41","slug":"impact-du-digital-productivite","status":"publish","type":"post","link":"https:\/\/visionarymarketing.com\/fr\/2015\/08\/24\/impact-du-digital-productivite\/","title":{"rendered":"Du faible impact du digital sur la productivit\u00e9"},"content":{"rendered":"<p><em>On a coutume d&rsquo;entendre que nous vivons dans une p\u00e9riode tr\u00e8s innovante, que les changements que nous vivons sont \u00e9normes, nos \u00e9conomies avan\u00e7ant \u00e0 grandes enjamb\u00e9es et de fa\u00e7on tr\u00e8s innovante et que l&rsquo;impact du digital sur l&rsquo;\u00e9conomie a \u00e9t\u00e9 tr\u00e8s fort. Quand on recherche des preuves de ces avanc\u00e9es, technol\u00e2tres et technophiles pr\u00e9senteront toujours la m\u00eame r\u00e9ponse : l&rsquo;Internet et les Smartphones sont partout. Ce qui est d\u00e9j\u00e0 discutable. On ne peut le nier, surtout pas moi, l&rsquo;Internet et les Smartphones ont un impact \u00e9norme sur nos vies et la fa\u00e7on dont nous travaillons. Mais il est bien possible cependant que cette p\u00e9riode que nous vivons soit moins innovante que nous l&rsquo;imaginions.<\/em><\/p>\n<h2>Du faible impact du digital sur la productivit\u00e9<\/h2>\n<figure id=\"attachment_79273\" aria-describedby=\"caption-attachment-79273\" style=\"width: 1000px\" class=\"wp-caption aligncenter\"><img decoding=\"async\" class=\"wp-image-79273 size-full\" src=\"https:\/\/visionarymarketing.com\/wp-content\/uploads\/2016\/06\/25967087820-3e353d6bab-k.jpg\" alt=\"Impact du digital\" width=\"1000\" height=\"667\" srcset=\"https:\/\/visionarymarketing.com\/wp-content\/uploads\/2016\/06\/25967087820-3e353d6bab-k.jpg 1000w, https:\/\/visionarymarketing.com\/wp-content\/uploads\/2016\/06\/25967087820-3e353d6bab-k-450x300.jpg 450w, https:\/\/visionarymarketing.com\/wp-content\/uploads\/2016\/06\/25967087820-3e353d6bab-k-768x512.jpg 768w\" sizes=\"(max-width: 1000px) 100vw, 1000px\" \/><figcaption id=\"caption-attachment-79273\" class=\"wp-caption-text\">Quel est l&rsquo;impact du digital sur l&rsquo;\u00e9conomie ? Greg IP nous r\u00e9pond qu&rsquo;il n&rsquo;est pas si grand que \u00e7a.<\/figcaption><\/figure>\n<p>Le bien nomm\u00e9 Greg IP, auteur d&rsquo;un article r\u00e9cent dans le Wall Street Journal sur ce sujet a une explication pour cela, qui va au-del\u00e0 des simples apparences (<a href=\"http:\/\/www.wsj.com\/articles\/beyond-the-internet-innovation-struggles-1439401576\">\u201cBeyond The Internet, Innovation Struggles to Lift Productivity\u00a0\u00bb publi\u00e9 dans le\u00a0WSJ le 12\u00a0ao\u00fbt 2015)<\/a>.<\/p>\n<p>En lisant son article, cela m&rsquo;a fait penser que s&rsquo;il fallait retenir une chose de son propos, c&rsquo;\u00e9tait non que la transformation digitale des entreprises allait ralentir, mais qu&rsquo;au contraire elle allait s&rsquo;acc\u00e9l\u00e9rer de fa\u00e7on impressionnante. Il va doc falloir s&rsquo;y pr\u00e9parer s\u00e9rieusement.<\/p>\n<figure style=\"width: 600px\" class=\"wp-caption aligncenter\"><img decoding=\"async\" style=\"display: block; margin-left: auto; margin-right: auto;\" title=\"construction-of-the-metroplitain-subway-in-paris-60-728.jpg\" src=\"https:\/\/visionarymarketing.com\/wp-content\/uploads\/2015\/08\/construction-of-the-metroplitain-subway-in-paris-60-728.jpg\" alt=\"Construction of the metroplitain subway in paris 60 728\" width=\"600\" height=\"450\" border=\"0\" \/><figcaption class=\"wp-caption-text\">Il a fallu 4 ans au g\u00e9nial ing\u00e9nieur breton du m\u00e9tro parisien,\u00a0Fulgence Bienven\u00fce, pour r\u00e9aliser la travers\u00e9e de la Seine \u00e0 Saint-Michel. En 1910, il dirigeait les travaux qui menaient au gel de la Seine sur 64\u00a0m au travers de 57 puits de 17\u00a0m chacun, remplis de saumure de chlorure de sodium, \u00e0\u00a0-27\u00a0\u00b0C. Imaginez-vous faire cela en 2015 ? Pour rappel, l&rsquo;extension de la ligne 4 sur 1 station au-del\u00e0 du p\u00e9riph\u00e9rique a pris quasiment la m\u00eame dur\u00e9e et n&rsquo;a abouti qu&rsquo;\u00e0 la cr\u00e9ation d&rsquo;une seule station. Quant au grand Paris, mes petits enfants le verront peut-\u00eatre ?<\/figcaption><\/figure>\n<p>Le n\u0153ud du probl\u00e8me est l\u00e0 : l&rsquo;innovation technologique a-t-elle un impact sur la productivit\u00e9 globale (en dehors de l&rsquo;Internet) ? Apparemment non si l&rsquo;on en croit Greg IP, qui se base sur une \u00e9tude de Michael Mandel (non sourc\u00e9e), \u00e9conomiste du progressive Institute.<\/p>\n<p>Bien des choses, au-del\u00e0 du fameux Smartphone, n&rsquo;ont pas chang\u00e9 tant que cela dans nos vies de tous les jours. Imaginez un film qui se passerait en plein centre de Paris, et qui se focaliserait sur une personne plac\u00e9e au m\u00eame endroit, mettons au Ch\u00e2telet, au cours des si\u00e8cles.<\/p>\n<p>Un peu \u00e0 la mani\u00e8re du d\u00e9but de Notre-Dame de Paris de Victor Hugo. Prenons la p\u00e9riode allant du 16e au XXe si\u00e8cle, on est s\u00fbr que notre film, qui prendrait une image fixe tous les 10 ans, montrerait des changements radicaux de l&rsquo;environnement autour de notre personnage, au moins jusque 1950. Depuis les ann\u00e9es 60, j&rsquo;en suis beaucoup moins s\u00fbr.<\/p>\n<p><!--more-->M\u00eame si les voitures ont chang\u00e9 de forme et de fabrication, et qu&rsquo;elles sont surtout beaucoup plus performantes, peu de choses de fond ont chang\u00e9 autour de nous, m\u00eame pour ce qui est de l&rsquo;habillement. En fait, selon Greg IP il y a 3 hypoth\u00e8ses :<\/p>\n<ol>\n<li><strong>Hypoth\u00e8se pessimiste <\/strong>: celle, avanc\u00e9e par certains, que l&rsquo;innovation digitale est grossi\u00e8rement exag\u00e9r\u00e9e, que l&rsquo;impact de cette innovation technologique et du digital en particulier a \u00e9t\u00e9 nul, ou du moins pas aussi fort que ce que l&rsquo;on pr\u00e9tend ordinairement ;<\/li>\n<li><strong>Hypoth\u00e8se optimiste<\/strong> : qui veut que cette innovation technologique ait un impact, mais que celui-ci ne puisse \u00eatre mesur\u00e9? C&rsquo;est l&rsquo;hypoth\u00e8se des technophiles ;<\/li>\n<li>Et enfin l&rsquo;<strong>hypoth\u00e8se neutre<\/strong> (ni optimiste ni pessimiste) selon laquelle cette innovation technologique aurait un impact, mais pas sur le monde \u00ab r\u00e9el \u00bb. Ces innovations technologiques tourneraient un plan \u00e0 l&rsquo;int\u00e9rieur de l&rsquo;Internet et du digital.<\/li>\n<\/ol>\n<p>Greg IP choisit la solution num\u00e9ro 3 et nous donne quelques explications bas\u00e9es sur le travail de <a href=\"http:\/\/www.progressivepolicy.org\/people\/staff\/michael-mandel\/\">Michael Mandel pour le progressive Institute<\/a>\u00a0:<\/p>\n<ol>\n<li><strong>Les avanc\u00e9<\/strong><strong>es en sciences appliqu\u00e9es<\/strong> (comme celle sur les thermoplastiques et peut-\u00eatre aussi quelques alliages et m\u00e9taux sp\u00e9ciaux) <strong>auraient fortement ralenti selon lui<\/strong>. Tous les nouveaux mat\u00e9riaux invent\u00e9s dans les ann\u00e9es 1950-1960, cette p\u00e9riode dor\u00e9e de la chimie, font d\u00e9sormais partie de notre monde de tous les jours. L&rsquo;innovation serait donc seulement marginale. Les biosciences, c&rsquo;est toujours lui qui parle, ne marchent pas vraiment ou plut\u00f4t sont incapables de produire des innovations de rupture du m\u00eame tonneau que l\u2019invention des antibiotiques par exemple. Voil\u00e0 une vue qui peut para\u00eetre assez n\u00e9gative, mais beaucoup des discussions avec ma femme, qui a une formation scientifique, aboutissent \u00e9galement \u00e0 la m\u00eame conclusion (elle avance aussi cette th\u00e8se de la p\u00e9riode de gloire de la chimie) : il y aurait moins d\u2019avanc\u00e9es dans ces domaines aujourd&rsquo;hui, ou plut\u00f4t sont-elles moins spectaculaires, moins radicales. OK, il y a <a href=\"https:\/\/visionarymarketing.com\/fr\/2014\/03\/uber-interdit-en-belgique-waterloo-vtc\/\">Uber<\/a> (qui d&rsquo;ailleurs englouti des sommes faramineuses), mais cela ne changerait pas la face du monde, du moins pas autant qu&rsquo;on le croit ;<\/li>\n<li><strong>Les gains\u00a0de productivit\u00e9 sont aussi beaucoup moins impressionnants<\/strong>, c&rsquo;est toujours IP\u00a0qui parle, <strong>que par le pass\u00e9\u00a0<\/strong>(\u201cla productivit\u00e9 aurait cr\u00fb de seulement 0.4\u00a0% par an dans les 5 derni\u00e8res ann\u00e9es, une des croissances les plus molles depuis la 2e guerre mondiale\u00a0\u00bb, pr\u00e9cise le journaliste am\u00e9ricain). Les avions par exemple transportent de plus en plus\u00a0de gens, mais ne sont pas finalement tr\u00e8s diff\u00e9rents de ce qu&rsquo;ils \u00e9taient \u00e0 la fin des ann\u00e9es 50. En tous les cas ils ne vont pas plus vite. Avec la disparition du Concorde, on pourrait m\u00eame se rendre compte que les records de vitesse ont baiss\u00e9. Il y a des raisons pour cela. Peut-\u00eatre notamment le fait que notre soci\u00e9t\u00e9 est plus prompte \u00e0 consolider la s\u00e9curit\u00e9 et la s\u00fbret\u00e9 de ses modes de transport, et de toutes les autres innovations en g\u00e9n\u00e9ral, qu&rsquo;\u00e0 favoriser les prouesses technologiques. Les deux\u00a0ne vont pas si bien ensemble. Imaginons les fr\u00e8res Wright aujourd&rsquo;hui : je ne pense pas qu&rsquo;ils auraient pu respecter les r\u00e8gles du comit\u00e9 d&rsquo;hygi\u00e8ne et s\u00e9curit\u00e9 et conduire leurs exp\u00e9riences de casse-cous.<\/li>\n<\/ol>\n<p>Alors que nos forces de travail, du moins dans nos pays occidentaux, \u00e9voluent se focalisent massivement sur le service et l&rsquo;\u00e9conomie du savoir, et s&rsquo;\u00e9loignent de plus en plus de l&rsquo;\u00e9conomie industrielle, je me permettrais n\u00e9anmoins d&rsquo;afficher mon d\u00e9saccord avec cet argument avanc\u00e9 par Greg IP sur les gains de productivit\u00e9.<\/p>\n<p>D&rsquo;accord, tout cela est particuli\u00e8rement difficile \u00e0 mesurer. Ce que je sais expliquer de fa\u00e7on certaine cependant, c&rsquo;est l&rsquo;impact des nouvelles technologies sur le type de travaux que nous, consultants de Visionary marketing par exemple, r\u00e9alisons. La plupart d&rsquo;entre nous sont capables de g\u00e9rer et de \u00ab\u00a0d\u00e9livrer\u00a0\u00bb (ou \u00ab\u00a0fournir\u00a0\u00bb, mais tel est le sabir des consultants) seuls, de 8 \u00e0 10 missions diff\u00e9rentes.<\/p>\n<p>Cela aurait \u00e9t\u00e9 compl\u00e8tement impossible il y a \u00e0 peine 10 ans. Certes \u00e7a ne fait pas avancer les avions plus vite, mais le gain de productivit\u00e9 est quand m\u00eame spectaculaire. Les impacts sur la sant\u00e9 humaine ne sont pas neutres non plus, et \u00eatre capable de g\u00e9rer autant de projets sans perdre la boule n\u00e9cessite une forte pratique sportive, et une hygi\u00e8ne de vie irr\u00e9prochable.<\/p>\n<p><a href=\"http:\/\/www.franceculture.fr\/emission-l-esprit-public-la-stagnation-seculaire-avec-daniel-cohen-2015-07-26\" target=\"_blank\" rel=\"noopener\">Cela a pris des ann\u00e9es, voire des d\u00e9cennies, avant que fabrication automobile soit prise en compte dans les calculs du PIB selon l&rsquo;\u00e9conomiste fran\u00e7ais Daniel Cohen<\/a>. Alors on peut \u00e9galement faire l&rsquo;hypoth\u00e8se qu&rsquo;il nous faudra encore 10 \u00e0 20 ans avant que les technologies digitales soient v\u00e9ritablement prises en compte dans les calculs de gains de productivit\u00e9. J&rsquo;aurai\u00a0l&rsquo;occasion de revenir bient\u00f4t sur ce sujet et sur l<a href=\"https:\/\/www.slideshare.net\/ygourven\/frrapport-mc-kinsey-sur-la-mutation-numrique\" target=\"_blank\" rel=\"noopener\">&lsquo;impact du digital dans l&rsquo;\u00e9conomie avec le rapport McKinsey 2014<\/a>.<\/p>\n<p>Ce que je sais dans tous les cas, c&rsquo;est que l&rsquo;impact actuel de l&rsquo;innovation digitale sur la plupart des secteurs traditionnels est tr\u00e8s faible et que les changements sont encore mineurs.<\/p>\n<p>Oui, je sais, il se peut que beaucoup de professionnels lisant ces lignes soient choqu\u00e9s, car nombre d&rsquo;entre eux sont encore dans une position o\u00f9 ils essaient de se faire \u00e0 l&rsquo;id\u00e9e que l&rsquo;innovation technologique pourrait \u00eatre une alli\u00e9e et non pas une menace. Ils ont d\u00e9j\u00e0 bien assez peur comme cela sans m\u00eame qu&rsquo;on acc\u00e9l\u00e8re le mouvement.<\/p>\n<p>Pourtant, ce que je retire de l&rsquo;article de Greg\u00a0IP, s\u2019il doit y avoir une conclusion, c&rsquo;est que le rythme du changement dans ces organisations va s&rsquo;acc\u00e9l\u00e9rer grandement. Voil\u00e0 comment je vois et interpr\u00e8te l&rsquo;\u00e9tude de Mandel\u00a0: les gains de\u00a0productivit\u00e9\u00a0sont bas, mais la probabilit\u00e9 que la mise en \u0153uvre des technologies digitales s&rsquo;acc\u00e9l\u00e8re en vue de\u00a0changer les organisations des entreprises va probablement s&rsquo;intensifier et non l&rsquo;inverse. La tendance, dans les industries qui m\u00fbrissent, est toujours d&rsquo;aller aux gains de productivit\u00e9 et non l&rsquo;inverse. Soyez donc pr\u00eats pour ce changement.<\/p>\n<p>&nbsp;<\/p>\n","protected":false},"excerpt":{"rendered":"<p>On a coutume d&rsquo;entendre que nous vivons dans une p\u00e9riode tr\u00e8s innovante, que les changements que nous vivons sont \u00e9normes, nos \u00e9conomies avan\u00e7ant \u00e0 grandes enjamb\u00e9es et de fa\u00e7on tr\u00e8s innovante et que l&rsquo;impact du digital sur l&rsquo;\u00e9conomie a \u00e9t\u00e9 tr\u00e8s fort. Quand on recherche des preuves de ces avanc\u00e9es, technol\u00e2tres et technophiles pr\u00e9senteront toujours &hellip;<\/p>\n","protected":false},"author":2,"featured_media":79273,"comment_status":"open","ping_status":"open","sticky":false,"template":"","format":"standard","meta":{"footnotes":""},"categories":[134,2808],"tags":[],"class_list":["post-19096","post","type-post","status-publish","format-standard","has-post-thumbnail","hentry","category-economie","category-transformation-digitale"],"yoast_head":"<!-- This site is optimized with the Yoast SEO plugin v27.5 - https:\/\/yoast.com\/product\/yoast-seo-wordpress\/ -->\n<title>Impact du digital : un poids plus faible qu&#039;il y para\u00eet<\/title>\n<meta name=\"description\" content=\"l&#039;impact du digital sur l&#039;\u00e9conomie et en particulier la productivit\u00e9 n&#039;est pas \u00e9vident \u00e0 mesurer. il semblerait moins important que pr\u00e9vu.\" \/>\n<meta name=\"robots\" content=\"index, follow, max-snippet:-1, max-image-preview:large, max-video-preview:-1\" \/>\n<link rel=\"canonical\" href=\"https:\/\/visionarymarketing.com\/fr\/2015\/08\/24\/impact-du-digital-productivite\/\" \/>\n<meta property=\"og:locale\" content=\"fr_FR\" \/>\n<meta property=\"og:type\" content=\"article\" \/>\n<meta property=\"og:title\" content=\"Impact du digital : un poids plus faible qu&#039;il y para\u00eet\" \/>\n<meta property=\"og:description\" content=\"l&#039;impact du digital sur l&#039;\u00e9conomie et en particulier la productivit\u00e9 n&#039;est pas \u00e9vident \u00e0 mesurer. il semblerait moins important que pr\u00e9vu.\" \/>\n<meta property=\"og:url\" content=\"https:\/\/visionarymarketing.com\/fr\/2015\/08\/24\/impact-du-digital-productivite\/\" \/>\n<meta property=\"og:site_name\" content=\"Marketing and Innovation\" \/>\n<meta property=\"article:publisher\" content=\"https:\/\/www.facebook.com\/vismktg\" \/>\n<meta property=\"article:author\" content=\"http:\/\/facebook.com\/ygourven\" \/>\n<meta property=\"article:published_time\" content=\"2015-08-24T07:36:20+00:00\" \/>\n<meta property=\"article:modified_time\" content=\"2024-02-08T10:05:41+00:00\" \/>\n<meta property=\"og:image\" content=\"https:\/\/visionarymarketing.com\/wp-content\/uploads\/2016\/06\/25967087820-3e353d6bab-k.jpg\" \/>\n\t<meta property=\"og:image:width\" content=\"1000\" \/>\n\t<meta property=\"og:image:height\" content=\"667\" \/>\n\t<meta property=\"og:image:type\" content=\"image\/jpeg\" \/>\n<meta name=\"author\" content=\"Yann Gourvennec\" \/>\n<meta name=\"twitter:card\" content=\"summary_large_image\" \/>\n<meta name=\"twitter:creator\" content=\"@ygourven\" \/>\n<meta name=\"twitter:site\" content=\"@ygourven\" \/>\n<meta name=\"twitter:label1\" content=\"\u00c9crit par\" \/>\n\t<meta name=\"twitter:data1\" content=\"Yann Gourvennec\" \/>\n\t<meta name=\"twitter:label2\" content=\"Dur\u00e9e de lecture estim\u00e9e\" \/>\n\t<meta name=\"twitter:data2\" content=\"7 minutes\" \/>\n<script type=\"application\/ld+json\" class=\"yoast-schema-graph\">{\"@context\":\"https:\\\/\\\/schema.org\",\"@graph\":[{\"@type\":\"NewsArticle\",\"@id\":\"https:\\\/\\\/visionarymarketing.com\\\/fr\\\/2015\\\/08\\\/24\\\/impact-du-digital-productivite\\\/#article\",\"isPartOf\":{\"@id\":\"https:\\\/\\\/visionarymarketing.com\\\/fr\\\/2015\\\/08\\\/24\\\/impact-du-digital-productivite\\\/\"},\"author\":{\"name\":\"Yann Gourvennec\",\"@id\":\"https:\\\/\\\/visionarymarketing.com\\\/fr\\\/#\\\/schema\\\/person\\\/3754fee1e558f47b8deb46f53c37423e\"},\"headline\":\"Du faible impact du digital sur la productivit\u00e9\",\"datePublished\":\"2015-08-24T07:36:20+00:00\",\"dateModified\":\"2024-02-08T10:05:41+00:00\",\"mainEntityOfPage\":{\"@id\":\"https:\\\/\\\/visionarymarketing.com\\\/fr\\\/2015\\\/08\\\/24\\\/impact-du-digital-productivite\\\/\"},\"wordCount\":1627,\"commentCount\":6,\"image\":{\"@id\":\"https:\\\/\\\/visionarymarketing.com\\\/fr\\\/2015\\\/08\\\/24\\\/impact-du-digital-productivite\\\/#primaryimage\"},\"thumbnailUrl\":\"https:\\\/\\\/visionarymarketing.com\\\/wp-content\\\/uploads\\\/2016\\\/06\\\/25967087820-3e353d6bab-k.jpg\",\"articleSection\":[\"\u00e9conomie et num\u00e9rique\",\"Transformation\"],\"inLanguage\":\"fr-FR\",\"potentialAction\":[{\"@type\":\"CommentAction\",\"name\":\"Comment\",\"target\":[\"https:\\\/\\\/visionarymarketing.com\\\/fr\\\/2015\\\/08\\\/24\\\/impact-du-digital-productivite\\\/#respond\"]}]},{\"@type\":\"WebPage\",\"@id\":\"https:\\\/\\\/visionarymarketing.com\\\/fr\\\/2015\\\/08\\\/24\\\/impact-du-digital-productivite\\\/\",\"url\":\"https:\\\/\\\/visionarymarketing.com\\\/fr\\\/2015\\\/08\\\/24\\\/impact-du-digital-productivite\\\/\",\"name\":\"Impact du digital : un poids plus faible qu'il y para\u00eet\",\"isPartOf\":{\"@id\":\"https:\\\/\\\/visionarymarketing.com\\\/fr\\\/#website\"},\"primaryImageOfPage\":{\"@id\":\"https:\\\/\\\/visionarymarketing.com\\\/fr\\\/2015\\\/08\\\/24\\\/impact-du-digital-productivite\\\/#primaryimage\"},\"image\":{\"@id\":\"https:\\\/\\\/visionarymarketing.com\\\/fr\\\/2015\\\/08\\\/24\\\/impact-du-digital-productivite\\\/#primaryimage\"},\"thumbnailUrl\":\"https:\\\/\\\/visionarymarketing.com\\\/wp-content\\\/uploads\\\/2016\\\/06\\\/25967087820-3e353d6bab-k.jpg\",\"datePublished\":\"2015-08-24T07:36:20+00:00\",\"dateModified\":\"2024-02-08T10:05:41+00:00\",\"author\":{\"@id\":\"https:\\\/\\\/visionarymarketing.com\\\/fr\\\/#\\\/schema\\\/person\\\/3754fee1e558f47b8deb46f53c37423e\"},\"description\":\"l'impact du digital sur l'\u00e9conomie et en particulier la productivit\u00e9 n'est pas \u00e9vident \u00e0 mesurer. il semblerait moins important que pr\u00e9vu.\",\"breadcrumb\":{\"@id\":\"https:\\\/\\\/visionarymarketing.com\\\/fr\\\/2015\\\/08\\\/24\\\/impact-du-digital-productivite\\\/#breadcrumb\"},\"inLanguage\":\"fr-FR\",\"potentialAction\":[{\"@type\":\"ReadAction\",\"target\":[\"https:\\\/\\\/visionarymarketing.com\\\/fr\\\/2015\\\/08\\\/24\\\/impact-du-digital-productivite\\\/\"]}]},{\"@type\":\"ImageObject\",\"inLanguage\":\"fr-FR\",\"@id\":\"https:\\\/\\\/visionarymarketing.com\\\/fr\\\/2015\\\/08\\\/24\\\/impact-du-digital-productivite\\\/#primaryimage\",\"url\":\"https:\\\/\\\/visionarymarketing.com\\\/wp-content\\\/uploads\\\/2016\\\/06\\\/25967087820-3e353d6bab-k.jpg\",\"contentUrl\":\"https:\\\/\\\/visionarymarketing.com\\\/wp-content\\\/uploads\\\/2016\\\/06\\\/25967087820-3e353d6bab-k.jpg\",\"width\":1000,\"height\":667,\"caption\":\"Impact of digital\"},{\"@type\":\"BreadcrumbList\",\"@id\":\"https:\\\/\\\/visionarymarketing.com\\\/fr\\\/2015\\\/08\\\/24\\\/impact-du-digital-productivite\\\/#breadcrumb\",\"itemListElement\":[{\"@type\":\"ListItem\",\"position\":1,\"name\":\"Home\",\"item\":\"https:\\\/\\\/visionarymarketing.com\\\/fr\\\/\"},{\"@type\":\"ListItem\",\"position\":2,\"name\":\"Du faible impact du digital sur la productivit\u00e9\"}]},{\"@type\":\"WebSite\",\"@id\":\"https:\\\/\\\/visionarymarketing.com\\\/fr\\\/#website\",\"url\":\"https:\\\/\\\/visionarymarketing.com\\\/fr\\\/\",\"name\":\"Marketing and Innovation\",\"description\":\"Site d&#039;infos ind\u00e9pendant, depuis 1996\",\"potentialAction\":[{\"@type\":\"SearchAction\",\"target\":{\"@type\":\"EntryPoint\",\"urlTemplate\":\"https:\\\/\\\/visionarymarketing.com\\\/fr\\\/?s={search_term_string}\"},\"query-input\":{\"@type\":\"PropertyValueSpecification\",\"valueRequired\":true,\"valueName\":\"search_term_string\"}}],\"inLanguage\":\"fr-FR\"},{\"@type\":\"Person\",\"@id\":\"https:\\\/\\\/visionarymarketing.com\\\/fr\\\/#\\\/schema\\\/person\\\/3754fee1e558f47b8deb46f53c37423e\",\"name\":\"Yann Gourvennec\",\"image\":{\"@type\":\"ImageObject\",\"inLanguage\":\"fr-FR\",\"@id\":\"https:\\\/\\\/secure.gravatar.com\\\/avatar\\\/5972001801e8de5692a3e31224e85769f50a55fb8b679749f9c8d1868cceff14?s=96&d=initials&r=g&initials=yg\",\"url\":\"https:\\\/\\\/secure.gravatar.com\\\/avatar\\\/5972001801e8de5692a3e31224e85769f50a55fb8b679749f9c8d1868cceff14?s=96&d=initials&r=g&initials=yg\",\"contentUrl\":\"https:\\\/\\\/secure.gravatar.com\\\/avatar\\\/5972001801e8de5692a3e31224e85769f50a55fb8b679749f9c8d1868cceff14?s=96&d=initials&r=g&initials=yg\",\"caption\":\"Yann Gourvennec\"},\"description\":\"Yann Gourvennec created visionarymarketing.com in 1996. He is a speaker and author of many books. In 2014 he went from intrapreneur to entrepreneur, when he created his digital marketing agency. Yann Gourvennec a cr\u00e9\u00e9 visionarymarketing.com en 1996. Il est conf\u00e9rencier et auteur de plusieurs livres. En 2014, il est pass\u00e9 d'intrapreneur \u00e0 entrepreneur en cr\u00e9ant son agence de marketing num\u00e9rique.\",\"sameAs\":[\"https:\\\/\\\/visionarymarketing.com\",\"http:\\\/\\\/facebook.com\\\/ygourven\",\"http:\\\/\\\/linkedin.com\\\/in\\\/ygourven\",\"https:\\\/\\\/x.com\\\/ygourven\",\"https:\\\/\\\/www.youtube.com\\\/c\\\/visionarymarketingagency\"],\"url\":\"https:\\\/\\\/visionarymarketing.com\\\/fr\\\/author\\\/yann-gourvennec\\\/\"}]}<\/script>\n<!-- \/ Yoast SEO plugin. -->","yoast_head_json":{"title":"Impact du digital : un poids plus faible qu'il y para\u00eet","description":"l'impact du digital sur l'\u00e9conomie et en particulier la productivit\u00e9 n'est pas \u00e9vident \u00e0 mesurer. il semblerait moins important que pr\u00e9vu.","robots":{"index":"index","follow":"follow","max-snippet":"max-snippet:-1","max-image-preview":"max-image-preview:large","max-video-preview":"max-video-preview:-1"},"canonical":"https:\/\/visionarymarketing.com\/fr\/2015\/08\/24\/impact-du-digital-productivite\/","og_locale":"fr_FR","og_type":"article","og_title":"Impact du digital : un poids plus faible qu'il y para\u00eet","og_description":"l'impact du digital sur l'\u00e9conomie et en particulier la productivit\u00e9 n'est pas \u00e9vident \u00e0 mesurer. il semblerait moins important que pr\u00e9vu.","og_url":"https:\/\/visionarymarketing.com\/fr\/2015\/08\/24\/impact-du-digital-productivite\/","og_site_name":"Marketing and Innovation","article_publisher":"https:\/\/www.facebook.com\/vismktg","article_author":"http:\/\/facebook.com\/ygourven","article_published_time":"2015-08-24T07:36:20+00:00","article_modified_time":"2024-02-08T10:05:41+00:00","og_image":[{"width":1000,"height":667,"url":"https:\/\/visionarymarketing.com\/wp-content\/uploads\/2016\/06\/25967087820-3e353d6bab-k.jpg","type":"image\/jpeg"}],"author":"Yann Gourvennec","twitter_card":"summary_large_image","twitter_creator":"@ygourven","twitter_site":"@ygourven","twitter_misc":{"\u00c9crit par":"Yann Gourvennec","Dur\u00e9e de lecture estim\u00e9e":"7 minutes"},"schema":{"@context":"https:\/\/schema.org","@graph":[{"@type":"NewsArticle","@id":"https:\/\/visionarymarketing.com\/fr\/2015\/08\/24\/impact-du-digital-productivite\/#article","isPartOf":{"@id":"https:\/\/visionarymarketing.com\/fr\/2015\/08\/24\/impact-du-digital-productivite\/"},"author":{"name":"Yann Gourvennec","@id":"https:\/\/visionarymarketing.com\/fr\/#\/schema\/person\/3754fee1e558f47b8deb46f53c37423e"},"headline":"Du faible impact du digital sur la productivit\u00e9","datePublished":"2015-08-24T07:36:20+00:00","dateModified":"2024-02-08T10:05:41+00:00","mainEntityOfPage":{"@id":"https:\/\/visionarymarketing.com\/fr\/2015\/08\/24\/impact-du-digital-productivite\/"},"wordCount":1627,"commentCount":6,"image":{"@id":"https:\/\/visionarymarketing.com\/fr\/2015\/08\/24\/impact-du-digital-productivite\/#primaryimage"},"thumbnailUrl":"https:\/\/visionarymarketing.com\/wp-content\/uploads\/2016\/06\/25967087820-3e353d6bab-k.jpg","articleSection":["\u00e9conomie et num\u00e9rique","Transformation"],"inLanguage":"fr-FR","potentialAction":[{"@type":"CommentAction","name":"Comment","target":["https:\/\/visionarymarketing.com\/fr\/2015\/08\/24\/impact-du-digital-productivite\/#respond"]}]},{"@type":"WebPage","@id":"https:\/\/visionarymarketing.com\/fr\/2015\/08\/24\/impact-du-digital-productivite\/","url":"https:\/\/visionarymarketing.com\/fr\/2015\/08\/24\/impact-du-digital-productivite\/","name":"Impact du digital : un poids plus faible qu'il y para\u00eet","isPartOf":{"@id":"https:\/\/visionarymarketing.com\/fr\/#website"},"primaryImageOfPage":{"@id":"https:\/\/visionarymarketing.com\/fr\/2015\/08\/24\/impact-du-digital-productivite\/#primaryimage"},"image":{"@id":"https:\/\/visionarymarketing.com\/fr\/2015\/08\/24\/impact-du-digital-productivite\/#primaryimage"},"thumbnailUrl":"https:\/\/visionarymarketing.com\/wp-content\/uploads\/2016\/06\/25967087820-3e353d6bab-k.jpg","datePublished":"2015-08-24T07:36:20+00:00","dateModified":"2024-02-08T10:05:41+00:00","author":{"@id":"https:\/\/visionarymarketing.com\/fr\/#\/schema\/person\/3754fee1e558f47b8deb46f53c37423e"},"description":"l'impact du digital sur l'\u00e9conomie et en particulier la productivit\u00e9 n'est pas \u00e9vident \u00e0 mesurer. il semblerait moins important que pr\u00e9vu.","breadcrumb":{"@id":"https:\/\/visionarymarketing.com\/fr\/2015\/08\/24\/impact-du-digital-productivite\/#breadcrumb"},"inLanguage":"fr-FR","potentialAction":[{"@type":"ReadAction","target":["https:\/\/visionarymarketing.com\/fr\/2015\/08\/24\/impact-du-digital-productivite\/"]}]},{"@type":"ImageObject","inLanguage":"fr-FR","@id":"https:\/\/visionarymarketing.com\/fr\/2015\/08\/24\/impact-du-digital-productivite\/#primaryimage","url":"https:\/\/visionarymarketing.com\/wp-content\/uploads\/2016\/06\/25967087820-3e353d6bab-k.jpg","contentUrl":"https:\/\/visionarymarketing.com\/wp-content\/uploads\/2016\/06\/25967087820-3e353d6bab-k.jpg","width":1000,"height":667,"caption":"Impact of digital"},{"@type":"BreadcrumbList","@id":"https:\/\/visionarymarketing.com\/fr\/2015\/08\/24\/impact-du-digital-productivite\/#breadcrumb","itemListElement":[{"@type":"ListItem","position":1,"name":"Home","item":"https:\/\/visionarymarketing.com\/fr\/"},{"@type":"ListItem","position":2,"name":"Du faible impact du digital sur la productivit\u00e9"}]},{"@type":"WebSite","@id":"https:\/\/visionarymarketing.com\/fr\/#website","url":"https:\/\/visionarymarketing.com\/fr\/","name":"Marketing and Innovation","description":"Site d&#039;infos ind\u00e9pendant, depuis 1996","potentialAction":[{"@type":"SearchAction","target":{"@type":"EntryPoint","urlTemplate":"https:\/\/visionarymarketing.com\/fr\/?s={search_term_string}"},"query-input":{"@type":"PropertyValueSpecification","valueRequired":true,"valueName":"search_term_string"}}],"inLanguage":"fr-FR"},{"@type":"Person","@id":"https:\/\/visionarymarketing.com\/fr\/#\/schema\/person\/3754fee1e558f47b8deb46f53c37423e","name":"Yann Gourvennec","image":{"@type":"ImageObject","inLanguage":"fr-FR","@id":"https:\/\/secure.gravatar.com\/avatar\/5972001801e8de5692a3e31224e85769f50a55fb8b679749f9c8d1868cceff14?s=96&d=initials&r=g&initials=yg","url":"https:\/\/secure.gravatar.com\/avatar\/5972001801e8de5692a3e31224e85769f50a55fb8b679749f9c8d1868cceff14?s=96&d=initials&r=g&initials=yg","contentUrl":"https:\/\/secure.gravatar.com\/avatar\/5972001801e8de5692a3e31224e85769f50a55fb8b679749f9c8d1868cceff14?s=96&d=initials&r=g&initials=yg","caption":"Yann Gourvennec"},"description":"Yann Gourvennec created visionarymarketing.com in 1996. He is a speaker and author of many books. In 2014 he went from intrapreneur to entrepreneur, when he created his digital marketing agency. Yann Gourvennec a cr\u00e9\u00e9 visionarymarketing.com en 1996. Il est conf\u00e9rencier et auteur de plusieurs livres. En 2014, il est pass\u00e9 d'intrapreneur \u00e0 entrepreneur en cr\u00e9ant son agence de marketing num\u00e9rique.","sameAs":["https:\/\/visionarymarketing.com","http:\/\/facebook.com\/ygourven","http:\/\/linkedin.com\/in\/ygourven","https:\/\/x.com\/ygourven","https:\/\/www.youtube.com\/c\/visionarymarketingagency"],"url":"https:\/\/visionarymarketing.com\/fr\/author\/yann-gourvennec\/"}]}},"_links":{"self":[{"href":"https:\/\/visionarymarketing.com\/fr\/wp-json\/wp\/v2\/posts\/19096","targetHints":{"allow":["GET"]}}],"collection":[{"href":"https:\/\/visionarymarketing.com\/fr\/wp-json\/wp\/v2\/posts"}],"about":[{"href":"https:\/\/visionarymarketing.com\/fr\/wp-json\/wp\/v2\/types\/post"}],"author":[{"embeddable":true,"href":"https:\/\/visionarymarketing.com\/fr\/wp-json\/wp\/v2\/users\/2"}],"replies":[{"embeddable":true,"href":"https:\/\/visionarymarketing.com\/fr\/wp-json\/wp\/v2\/comments?post=19096"}],"version-history":[{"count":0,"href":"https:\/\/visionarymarketing.com\/fr\/wp-json\/wp\/v2\/posts\/19096\/revisions"}],"wp:featuredmedia":[{"embeddable":true,"href":"https:\/\/visionarymarketing.com\/fr\/wp-json\/wp\/v2\/media\/79273"}],"wp:attachment":[{"href":"https:\/\/visionarymarketing.com\/fr\/wp-json\/wp\/v2\/media?parent=19096"}],"wp:term":[{"taxonomy":"category","embeddable":true,"href":"https:\/\/visionarymarketing.com\/fr\/wp-json\/wp\/v2\/categories?post=19096"},{"taxonomy":"post_tag","embeddable":true,"href":"https:\/\/visionarymarketing.com\/fr\/wp-json\/wp\/v2\/tags?post=19096"}],"curies":[{"name":"wp","href":"https:\/\/api.w.org\/{rel}","templated":true}]}}