{"id":18709,"date":"2015-06-29T08:50:52","date_gmt":"2015-06-29T06:50:52","guid":{"rendered":"http:\/\/visionarymarketing.fr\/blog\/?p=18709"},"modified":"2020-03-11T11:45:30","modified_gmt":"2020-03-11T10:45:30","slug":"medias-sociaux-adules-sous-exploites","status":"publish","type":"post","link":"https:\/\/visionarymarketing.com\/fr\/2015\/06\/29\/medias-sociaux-adules-sous-exploites\/","title":{"rendered":"Les m\u00e9dias sociaux : adul\u00e9s et pourtant sous-exploit\u00e9s #baromediasociaux"},"content":{"rendered":"<h2>Un barom\u00e8tre des m\u00e9dias sociaux franco-am\u00e9ricain<\/h2>\n<p><span style=\"color: #003366;\"><em>D\u00e9j\u00e0 78 inscrits [<strong>MAJ du 01\/07 \u00e0 07:00 168 inscrits \u00e0 cette heure<\/strong>] \u00e0 notre <a href=\"https:\/\/visionarymarketing.com\/fr\/2015\/06\/barometre-reseaux-sociaux\/\" target=\"_blank\" rel=\"noopener noreferrer\">webinaire du 2 juillet sur le barom\u00e8tre des m\u00e9dias sociaux en entreprise<\/a>. Une initiative que nous avons lanc\u00e9e avec notre partenaire canadien Hootsuite (install\u00e9 depuis 2014 en France \u00e9galement) pour le compte de l&rsquo;Adetem, la plus grande association de marketing en France, dont nous sommes \u00e9galement membres et supporters.\u00a0Le r\u00e9sultat de ce barom\u00e8tre est all\u00e9 au del\u00e0 de nos esp\u00e9rances, en d\u00e9voilant des r\u00e9sultats tr\u00e8s fins qui seront d\u00e9voil\u00e9s le 02 juillet dans un livre blanc. Ce livre blanc r\u00e9unira non seulement les r\u00e9sultats des questionnaires avec leurs analyses mais aussi les compte-rendus et verbatims des tables rondes organis\u00e9es avec Hootsuite et Adetem dans les locaux de Visionary marketing le mois dernier. Ces tables rondes nous ont permis d&rsquo;approfondir le sujet et de rentrer plus loin dans l&rsquo;analyse du d\u00e9veloppement de l&rsquo;usage des m\u00e9dias sociaux par les marketeurs.<span class=\"removed_link\" title=\"http:\/\/medias-sociaux.net\"><img decoding=\"async\" class=\"aligncenter wp-image-18608 size-full\" src=\"https:\/\/visionarymarketing.com\/wp-content\/uploads\/2015\/06\/Barometre-Reseaux-sociaux-marketing-peut-mieux-faire-T.jpg\" alt=\"Barometre-Reseaux-sociaux-marketing-peut-mieux-faire-T\" width=\"648\" height=\"324\" srcset=\"https:\/\/visionarymarketing.com\/wp-content\/uploads\/2015\/06\/Barometre-Reseaux-sociaux-marketing-peut-mieux-faire-T.jpg 648w, https:\/\/visionarymarketing.com\/wp-content\/uploads\/2015\/06\/Barometre-Reseaux-sociaux-marketing-peut-mieux-faire-T-500x250.jpg 500w, https:\/\/visionarymarketing.com\/wp-content\/uploads\/2015\/06\/Barometre-Reseaux-sociaux-marketing-peut-mieux-faire-T-300x150.jpg 300w\" sizes=\"(max-width: 648px) 100vw, 648px\" \/><\/span><\/em><\/span><\/p>\n<p>Des r\u00e9sultats tr\u00e8s int\u00e9ressants en somme, qui nous ouvrent beaucoup de perspectives pour l&rsquo;avenir du marketing et des m\u00e9dias sociaux entreprise. Ce livre blanc s&rsquo;ouvre sur un \u00e9ditorial que j&rsquo;ai \u00e9crit pour l&rsquo;occasion. Je vous le livre donc ici en format brut, afin de vous donner un avant go\u00fbt de ce que vous pourrez d\u00e9couvrir en ligne et pendant le webinaire public et gratuit que nous avons pu organiser avec le concours de Webikeo, notre partenaire privil\u00e9gi\u00e9 pour ce type de manifestations.<\/p>\n<p>Enfin et surtout, j&rsquo;insiste sur le caract\u00e8re international de ce barom\u00e8tre, qui nous permet enfin de comparer des choses comparables. Bonne lecture et surtout, \u00e0 jeudi 2 juillet \u00e0 14:00 pour ce webinaire exclusif auquel vous pouvez vous inscrire directement sur <span class=\"removed_link\" title=\"http:\/\/medias-sociaux.net\">http:\/\/medias-sociaux.net<\/span><\/p>\n<p><span class=\"removed_link\" title=\"http:\/\/medias-sociaux.net\"><img decoding=\"async\" class=\"aligncenter wp-image-17796 size-full\" src=\"https:\/\/visionarymarketing.com\/wp-content\/uploads\/2015\/04\/tous-boutons.png\" alt=\"s'inscrire gratuitement\" width=\"450\" height=\"75\" srcset=\"https:\/\/visionarymarketing.com\/wp-content\/uploads\/2015\/04\/tous-boutons.png 450w, https:\/\/visionarymarketing.com\/wp-content\/uploads\/2015\/04\/tous-boutons-300x50.png 300w\" sizes=\"(max-width: 450px) 100vw, 450px\" \/><\/span><!--more--><\/p>\n<h2><strong>Le paradoxe des m<\/strong><strong>\u00e9<\/strong><strong>dias sociaux<\/strong> <strong>Des outils adul<\/strong><strong>\u00e9<\/strong><strong>s de tous pourtant largement sous-exploit<\/strong><strong>\u00e9<\/strong><strong>s<\/strong><\/h2>\n<p>Les m\u00e9dias sociaux sont au c\u0153ur d&rsquo;un paradoxe maintes fois rencontr\u00e9 dans le domaine digital : utilis\u00e9s par tous, ils conservent pourtant cet aspect myst\u00e9rieux d\u00e8s franchi le mur de l&rsquo;entreprise. Tout en \u00e9tant l&rsquo;objet des initiatives marketing les plus audacieuses et innovantes, ils restent encore une \u00e9nigme pour une majorit\u00e9 de patrons et de marketeurs. Enfin, Ils ont r\u00e9ussi \u00e0 se rendre indispensables, au sein d&rsquo;une panoplie marketing interactive de plus en plus riche, et pourtant ils restent largement sous-exploit\u00e9s.<\/p>\n<p>Ce paradoxe est sans doute l&rsquo;enseignement le plus frappant de ce premier barom\u00e8tre Adetem des m\u00e9dias sociaux dans les d\u00e9partements marketing, r\u00e9alis\u00e9 par Hootsuite et Visionary Marketing. Si les m\u00e9dias sociaux sont devenus en effet quasiment banals, plus de 10 ans apr\u00e8s leur invention, leur port\u00e9e strat\u00e9gique reste quant \u00e0 elle largement ignor\u00e9e, leur \u00e9norme potentiel sous-utilis\u00e9.<\/p>\n<h2><strong>Soyons interactifs : supprimons les commentaires !<\/strong><\/h2>\n<p>J&rsquo;en veux pour preuve deux anecdotes r\u00e9centes. D&rsquo;une part cette grande banque qui publie des dessins humoristiques, d&rsquo;ailleurs fort bien faits, sous forme de messages cibl\u00e9s dans LinkedIn, donc payants. Il y a peu, un dessin sur la d\u00e9mat\u00e9rialisation des tickets restaurant \u00e0 ainsi attir\u00e9 mon attention mais aussi des dizaines de \u00ab likes \u00bb et une bonne cinquantaine de commentaires, majoritairement n\u00e9gatifs. Malheureusement, \u00e0 ces commentaires je n&rsquo;ai vu aucune r\u00e9ponse de la marque. Pourtant, la quasi-totalit\u00e9 de ces retours du public sont autant d&rsquo;insights positifs pour peu qu&rsquo;on se donne le mal de contacter les personnes, de les faire r\u00e9agir, de les inviter \u00e0 faire part de leurs retours. Ne serait-ce que pour am\u00e9liorer sa communication, a priori d\u00e9ficiente, \u00e0 d\u00e9faut de parfaire le produit \/ service.<\/p>\n<p>Autre exemple, cette exp\u00e9rience inspir\u00e9e d&rsquo;un d\u00e9placement chez un grand e-commer\u00e7ant, cible r\u00e9guli\u00e8re des moqueries du public pour la m\u00e9diocrit\u00e9 notoire de ses livraisons. J&rsquo;ai eu beau expliquer comment mettre en place une politique syst\u00e9matique de eCRM et d&rsquo;am\u00e9lioration des livraisons, je pr\u00eachais dans le d\u00e9sert, car la solution \u00e9tait toute trouv\u00e9e : la responsable m\u00e9dias sociaux de ce e-commer\u00e7ant pr\u00e9f\u00e8re en effet payer des prestataires afin de supprimer les commentaires de Facebook. C&rsquo;est plus radical et ind\u00e9niablement plus efficace, m\u00eame si \u00e7a n&#8217;emp\u00eache personne s&rsquo;exprimer ailleurs sur les m\u00e9dias sociaux. Qu&rsquo;importe, cela ne touche que des clients, et tant qu\u2019on n\u2019emp\u00eache pas les marketeurs de faire leur pub sur la page Facebook, tout va bien.<\/p>\n<p><span class=\"removed_link\" title=\"http:\/\/medias-sociaux.net\"><img decoding=\"async\" class=\"aligncenter wp-image-17796 size-full\" src=\"https:\/\/visionarymarketing.com\/wp-content\/uploads\/2015\/04\/tous-boutons.png\" alt=\"s'inscrire gratuitement\" width=\"450\" height=\"75\" srcset=\"https:\/\/visionarymarketing.com\/wp-content\/uploads\/2015\/04\/tous-boutons.png 450w, https:\/\/visionarymarketing.com\/wp-content\/uploads\/2015\/04\/tous-boutons-300x50.png 300w\" sizes=\"(max-width: 450px) 100vw, 450px\" \/><\/span><\/p>\n<h2><strong>Transformer le marketing avec les m<\/strong><strong>\u00e9<\/strong><strong>dia sociaux<\/strong><\/h2>\n<p>Ces comportements immatures sont malheureusement symptomatiques. Les marketeurs fran\u00e7ais sont pass\u00e9s \u00e0 c\u00f4t\u00e9 des m\u00e9dias sociaux, ils ont rat\u00e9 l&rsquo;opportunit\u00e9 de s&rsquo;am\u00e9liorer et de transformer leur marketing. Je suis frapp\u00e9 par ce manque de culture de l&rsquo;am\u00e9lioration permanente chez nos confr\u00e8res. Les m\u00e9dias sociaux doivent servir \u00e0 cela et non \u00e0 reproduire des comportements publicitaires, d\u00e9j\u00e0 largement d\u00e9cri\u00e9s, m\u00eame par les professionnels du secteur (\u00e0 commencer par le co-pr\u00e9sident de l&rsquo;Adetem, Fran\u00e7ois Laurent, qui nous a soutenus et accompagn\u00e9s dans notre d\u00e9marche d&rsquo;\u00e9tude).<\/p>\n<p>C&rsquo;est le sentiment net que j&rsquo;ai \u00e0 l&rsquo;issue de ce barom\u00e8tre. Et h\u00e9las je n&rsquo;ai pas vu beaucoup d&rsquo;experts de l&rsquo;Adetem, \u00e0 qui nous pr\u00e9sentions ces premiers r\u00e9sultats en avant premi\u00e8re le 11 juin 2015, me contredire.<\/p>\n<p>Si les Fran\u00e7ais accusent un net retard sur les USA et le Canada en marketing social, c&rsquo;est donc moins en termes de connaissances et d\u2019usage, contrairement \u00e0 ce que l\u2019on entend ici ou l\u00e0, qu&rsquo;en mati\u00e8re de conscience strat\u00e9gique et de culture de l\u2019am\u00e9lioration.<\/p>\n<h2><strong>Les m<\/strong><strong>\u00e9<\/strong><strong>dias sociaux, ce nouvel outil marketing relationnel<\/strong><\/h2>\n<p>Les m\u00e9dias sociaux, quand on y pense, ne sont pas une r\u00e9volution. Il s&rsquo;agit, en caricaturant un peu, juste d&rsquo;une panoplie d&rsquo;outils relationnels. En tant que tels, ils sont un moyen de plus, certes puissant, original et tr\u00e8s nettement idiosyncratique, aux mains des marketeurs qui le d\u00e9sirent, pour ex\u00e9cuter cette fameuse promesse de mettre le client \u00ab au centre du marketing \u00bb (expression \u00e9lue \u00ab\u00a0buzzword\u00a0\u00bb de l&rsquo;ann\u00e9e 2010 par les membres de l&rsquo;Adetem).<\/p>\n<p>C&rsquo;est cela les m\u00e9dias sociaux et rien d&rsquo;autre. un moyen que nos confr\u00e8res \u00e9tats-uniens ont su saisir au premier degr\u00e9 car ils avaient d\u00e9j\u00e0 acquis la culture du service client et de l&rsquo;am\u00e9lioration<\/p>\n<p>permanente que nous peinons \u00e0 int\u00e9grer de ce c\u00f4t\u00e9-ci de l\u2019Atlantique. Gageons que la deuxi\u00e8me version du barom\u00e8tre des m\u00e9dias sociaux en entreprise de l&rsquo;Adetem soulignera que les marketeurs fran\u00e7ais auront saisi ce probl\u00e8me \u00e0 bras-le-corps pour mieux se rapprocher de leurs clients.<\/p>\n<p>Apr\u00e8s tout, plus on ma\u00eetrise un outil, plus on est capable de l&rsquo;oublier pour mieux l\u2019utiliser.<\/p>\n<p><span class=\"removed_link\" title=\"http:\/\/medias-sociaux.net\"><img decoding=\"async\" class=\"aligncenter wp-image-17796 size-full\" src=\"https:\/\/visionarymarketing.com\/wp-content\/uploads\/2015\/04\/tous-boutons.png\" alt=\"s'inscrire gratuitement\" width=\"450\" height=\"75\" srcset=\"https:\/\/visionarymarketing.com\/wp-content\/uploads\/2015\/04\/tous-boutons.png 450w, https:\/\/visionarymarketing.com\/wp-content\/uploads\/2015\/04\/tous-boutons-300x50.png 300w\" sizes=\"(max-width: 450px) 100vw, 450px\" \/><\/span><\/p>\n<p>&nbsp;<\/p>\n<p>&nbsp;<\/p>\n<p>&nbsp;<\/p>\n","protected":false},"excerpt":{"rendered":"<p>Un barom\u00e8tre des m\u00e9dias sociaux franco-am\u00e9ricain D\u00e9j\u00e0 78 inscrits [MAJ du 01\/07 \u00e0 07:00 168 inscrits \u00e0 cette heure] \u00e0 notre webinaire du 2 juillet sur le barom\u00e8tre des m\u00e9dias sociaux en entreprise. Une initiative que nous avons lanc\u00e9e avec notre partenaire canadien Hootsuite (install\u00e9 depuis 2014 en France \u00e9galement) pour le compte de l&rsquo;Adetem, &hellip;<\/p>\n","protected":false},"author":2,"featured_media":34065,"comment_status":"open","ping_status":"open","sticky":false,"template":"","format":"standard","meta":{"footnotes":""},"categories":[2898,25],"tags":[],"class_list":["post-18709","post","type-post","status-publish","format-standard","has-post-thumbnail","hentry","category-communication-digitale","category-medias-sociaux"],"yoast_head":"<!-- This site is optimized with the Yoast SEO plugin v27.4 - https:\/\/yoast.com\/product\/yoast-seo-wordpress\/ -->\n<title>Les m\u00e9dias sociaux : adul\u00e9s et pourtant sous-exploit\u00e9s<\/title>\n<meta name=\"description\" content=\"Un barom\u00e8tre des m\u00e9dias sociaux franco-am\u00e9ricain D\u00e9j\u00e0 78 inscrits \u00e0 notre webinaire du 2 juillet sur le barom\u00e8tre des m\u00e9dias sociaux en entreprise. Une\" \/>\n<meta name=\"robots\" content=\"index, follow, max-snippet:-1, max-image-preview:large, max-video-preview:-1\" \/>\n<link rel=\"canonical\" href=\"https:\/\/visionarymarketing.com\/fr\/2015\/06\/29\/medias-sociaux-adules-sous-exploites\/\" \/>\n<meta property=\"og:locale\" content=\"fr_FR\" \/>\n<meta property=\"og:type\" content=\"article\" \/>\n<meta property=\"og:title\" content=\"Les m\u00e9dias sociaux : adul\u00e9s et pourtant sous-exploit\u00e9s\" \/>\n<meta property=\"og:description\" content=\"Un barom\u00e8tre des m\u00e9dias sociaux franco-am\u00e9ricain D\u00e9j\u00e0 78 inscrits \u00e0 notre webinaire du 2 juillet sur le barom\u00e8tre des m\u00e9dias sociaux en entreprise. Une\" \/>\n<meta property=\"og:url\" content=\"https:\/\/visionarymarketing.com\/fr\/2015\/06\/29\/medias-sociaux-adules-sous-exploites\/\" \/>\n<meta property=\"og:site_name\" content=\"Marketing and Innovation\" \/>\n<meta property=\"article:publisher\" content=\"https:\/\/www.facebook.com\/vismktg\" \/>\n<meta property=\"article:author\" content=\"http:\/\/facebook.com\/ygourven\" \/>\n<meta property=\"article:published_time\" content=\"2015-06-29T06:50:52+00:00\" \/>\n<meta property=\"article:modified_time\" content=\"2020-03-11T10:45:30+00:00\" \/>\n<meta property=\"og:image\" content=\"https:\/\/visionarymarketing.com\/wp-content\/uploads\/2019\/11\/47991153671_3335ccd665_c.jpg\" \/>\n\t<meta property=\"og:image:width\" content=\"644\" \/>\n\t<meta property=\"og:image:height\" content=\"430\" \/>\n\t<meta property=\"og:image:type\" content=\"image\/jpeg\" \/>\n<meta name=\"author\" content=\"Yann Gourvennec\" \/>\n<meta name=\"twitter:card\" content=\"summary_large_image\" \/>\n<meta name=\"twitter:creator\" content=\"@ygourven\" \/>\n<meta name=\"twitter:site\" content=\"@ygourven\" \/>\n<meta name=\"twitter:label1\" content=\"\u00c9crit par\" \/>\n\t<meta name=\"twitter:data1\" content=\"Yann Gourvennec\" \/>\n\t<meta name=\"twitter:label2\" content=\"Dur\u00e9e de lecture estim\u00e9e\" \/>\n\t<meta name=\"twitter:data2\" content=\"6 minutes\" \/>\n<script type=\"application\/ld+json\" class=\"yoast-schema-graph\">{\"@context\":\"https:\\\/\\\/schema.org\",\"@graph\":[{\"@type\":\"NewsArticle\",\"@id\":\"https:\\\/\\\/visionarymarketing.com\\\/fr\\\/2015\\\/06\\\/29\\\/medias-sociaux-adules-sous-exploites\\\/#article\",\"isPartOf\":{\"@id\":\"https:\\\/\\\/visionarymarketing.com\\\/fr\\\/2015\\\/06\\\/29\\\/medias-sociaux-adules-sous-exploites\\\/\"},\"author\":{\"name\":\"Yann Gourvennec\",\"@id\":\"https:\\\/\\\/visionarymarketing.com\\\/fr\\\/#\\\/schema\\\/person\\\/3754fee1e558f47b8deb46f53c37423e\"},\"headline\":\"Les m\u00e9dias sociaux : adul\u00e9s et pourtant sous-exploit\u00e9s #baromediasociaux\",\"datePublished\":\"2015-06-29T06:50:52+00:00\",\"dateModified\":\"2020-03-11T10:45:30+00:00\",\"mainEntityOfPage\":{\"@id\":\"https:\\\/\\\/visionarymarketing.com\\\/fr\\\/2015\\\/06\\\/29\\\/medias-sociaux-adules-sous-exploites\\\/\"},\"wordCount\":1188,\"commentCount\":3,\"image\":{\"@id\":\"https:\\\/\\\/visionarymarketing.com\\\/fr\\\/2015\\\/06\\\/29\\\/medias-sociaux-adules-sous-exploites\\\/#primaryimage\"},\"thumbnailUrl\":\"https:\\\/\\\/visionarymarketing.com\\\/wp-content\\\/uploads\\\/2019\\\/11\\\/47991153671_3335ccd665_c.jpg\",\"articleSection\":[\"communication digitale\",\"m\u00e9dias \\\/ r\u00e9seaux sociaux\"],\"inLanguage\":\"fr-FR\",\"potentialAction\":[{\"@type\":\"CommentAction\",\"name\":\"Comment\",\"target\":[\"https:\\\/\\\/visionarymarketing.com\\\/fr\\\/2015\\\/06\\\/29\\\/medias-sociaux-adules-sous-exploites\\\/#respond\"]}]},{\"@type\":\"WebPage\",\"@id\":\"https:\\\/\\\/visionarymarketing.com\\\/fr\\\/2015\\\/06\\\/29\\\/medias-sociaux-adules-sous-exploites\\\/\",\"url\":\"https:\\\/\\\/visionarymarketing.com\\\/fr\\\/2015\\\/06\\\/29\\\/medias-sociaux-adules-sous-exploites\\\/\",\"name\":\"Les m\u00e9dias sociaux : adul\u00e9s et pourtant sous-exploit\u00e9s\",\"isPartOf\":{\"@id\":\"https:\\\/\\\/visionarymarketing.com\\\/fr\\\/#website\"},\"primaryImageOfPage\":{\"@id\":\"https:\\\/\\\/visionarymarketing.com\\\/fr\\\/2015\\\/06\\\/29\\\/medias-sociaux-adules-sous-exploites\\\/#primaryimage\"},\"image\":{\"@id\":\"https:\\\/\\\/visionarymarketing.com\\\/fr\\\/2015\\\/06\\\/29\\\/medias-sociaux-adules-sous-exploites\\\/#primaryimage\"},\"thumbnailUrl\":\"https:\\\/\\\/visionarymarketing.com\\\/wp-content\\\/uploads\\\/2019\\\/11\\\/47991153671_3335ccd665_c.jpg\",\"datePublished\":\"2015-06-29T06:50:52+00:00\",\"dateModified\":\"2020-03-11T10:45:30+00:00\",\"author\":{\"@id\":\"https:\\\/\\\/visionarymarketing.com\\\/fr\\\/#\\\/schema\\\/person\\\/3754fee1e558f47b8deb46f53c37423e\"},\"description\":\"Un barom\u00e8tre des m\u00e9dias sociaux franco-am\u00e9ricain D\u00e9j\u00e0 78 inscrits \u00e0 notre webinaire du 2 juillet sur le barom\u00e8tre des m\u00e9dias sociaux en entreprise. Une\",\"breadcrumb\":{\"@id\":\"https:\\\/\\\/visionarymarketing.com\\\/fr\\\/2015\\\/06\\\/29\\\/medias-sociaux-adules-sous-exploites\\\/#breadcrumb\"},\"inLanguage\":\"fr-FR\",\"potentialAction\":[{\"@type\":\"ReadAction\",\"target\":[\"https:\\\/\\\/visionarymarketing.com\\\/fr\\\/2015\\\/06\\\/29\\\/medias-sociaux-adules-sous-exploites\\\/\"]}]},{\"@type\":\"ImageObject\",\"inLanguage\":\"fr-FR\",\"@id\":\"https:\\\/\\\/visionarymarketing.com\\\/fr\\\/2015\\\/06\\\/29\\\/medias-sociaux-adules-sous-exploites\\\/#primaryimage\",\"url\":\"https:\\\/\\\/visionarymarketing.com\\\/wp-content\\\/uploads\\\/2019\\\/11\\\/47991153671_3335ccd665_c.jpg\",\"contentUrl\":\"https:\\\/\\\/visionarymarketing.com\\\/wp-content\\\/uploads\\\/2019\\\/11\\\/47991153671_3335ccd665_c.jpg\",\"width\":644,\"height\":430,\"caption\":\"Juin 2019\"},{\"@type\":\"BreadcrumbList\",\"@id\":\"https:\\\/\\\/visionarymarketing.com\\\/fr\\\/2015\\\/06\\\/29\\\/medias-sociaux-adules-sous-exploites\\\/#breadcrumb\",\"itemListElement\":[{\"@type\":\"ListItem\",\"position\":1,\"name\":\"Home\",\"item\":\"https:\\\/\\\/visionarymarketing.com\\\/fr\\\/\"},{\"@type\":\"ListItem\",\"position\":2,\"name\":\"Les m\u00e9dias sociaux : adul\u00e9s et pourtant sous-exploit\u00e9s #baromediasociaux\"}]},{\"@type\":\"WebSite\",\"@id\":\"https:\\\/\\\/visionarymarketing.com\\\/fr\\\/#website\",\"url\":\"https:\\\/\\\/visionarymarketing.com\\\/fr\\\/\",\"name\":\"Marketing and Innovation\",\"description\":\"Site d&#039;infos ind\u00e9pendant, depuis 1996\",\"potentialAction\":[{\"@type\":\"SearchAction\",\"target\":{\"@type\":\"EntryPoint\",\"urlTemplate\":\"https:\\\/\\\/visionarymarketing.com\\\/fr\\\/?s={search_term_string}\"},\"query-input\":{\"@type\":\"PropertyValueSpecification\",\"valueRequired\":true,\"valueName\":\"search_term_string\"}}],\"inLanguage\":\"fr-FR\"},{\"@type\":\"Person\",\"@id\":\"https:\\\/\\\/visionarymarketing.com\\\/fr\\\/#\\\/schema\\\/person\\\/3754fee1e558f47b8deb46f53c37423e\",\"name\":\"Yann Gourvennec\",\"image\":{\"@type\":\"ImageObject\",\"inLanguage\":\"fr-FR\",\"@id\":\"https:\\\/\\\/secure.gravatar.com\\\/avatar\\\/5972001801e8de5692a3e31224e85769f50a55fb8b679749f9c8d1868cceff14?s=96&d=initials&r=g&initials=yg\",\"url\":\"https:\\\/\\\/secure.gravatar.com\\\/avatar\\\/5972001801e8de5692a3e31224e85769f50a55fb8b679749f9c8d1868cceff14?s=96&d=initials&r=g&initials=yg\",\"contentUrl\":\"https:\\\/\\\/secure.gravatar.com\\\/avatar\\\/5972001801e8de5692a3e31224e85769f50a55fb8b679749f9c8d1868cceff14?s=96&d=initials&r=g&initials=yg\",\"caption\":\"Yann Gourvennec\"},\"description\":\"Yann Gourvennec created visionarymarketing.com in 1996. He is a speaker and author of many books. In 2014 he went from intrapreneur to entrepreneur, when he created his digital marketing agency. Yann Gourvennec a cr\u00e9\u00e9 visionarymarketing.com en 1996. Il est conf\u00e9rencier et auteur de plusieurs livres. En 2014, il est pass\u00e9 d'intrapreneur \u00e0 entrepreneur en cr\u00e9ant son agence de marketing num\u00e9rique.\",\"sameAs\":[\"https:\\\/\\\/visionarymarketing.com\",\"http:\\\/\\\/facebook.com\\\/ygourven\",\"http:\\\/\\\/linkedin.com\\\/in\\\/ygourven\",\"https:\\\/\\\/x.com\\\/ygourven\",\"https:\\\/\\\/www.youtube.com\\\/c\\\/visionarymarketingagency\"],\"url\":\"https:\\\/\\\/visionarymarketing.com\\\/fr\\\/author\\\/yann-gourvennec\\\/\"}]}<\/script>\n<!-- \/ Yoast SEO plugin. -->","yoast_head_json":{"title":"Les m\u00e9dias sociaux : adul\u00e9s et pourtant sous-exploit\u00e9s","description":"Un barom\u00e8tre des m\u00e9dias sociaux franco-am\u00e9ricain D\u00e9j\u00e0 78 inscrits \u00e0 notre webinaire du 2 juillet sur le barom\u00e8tre des m\u00e9dias sociaux en entreprise. Une","robots":{"index":"index","follow":"follow","max-snippet":"max-snippet:-1","max-image-preview":"max-image-preview:large","max-video-preview":"max-video-preview:-1"},"canonical":"https:\/\/visionarymarketing.com\/fr\/2015\/06\/29\/medias-sociaux-adules-sous-exploites\/","og_locale":"fr_FR","og_type":"article","og_title":"Les m\u00e9dias sociaux : adul\u00e9s et pourtant sous-exploit\u00e9s","og_description":"Un barom\u00e8tre des m\u00e9dias sociaux franco-am\u00e9ricain D\u00e9j\u00e0 78 inscrits \u00e0 notre webinaire du 2 juillet sur le barom\u00e8tre des m\u00e9dias sociaux en entreprise. Une","og_url":"https:\/\/visionarymarketing.com\/fr\/2015\/06\/29\/medias-sociaux-adules-sous-exploites\/","og_site_name":"Marketing and Innovation","article_publisher":"https:\/\/www.facebook.com\/vismktg","article_author":"http:\/\/facebook.com\/ygourven","article_published_time":"2015-06-29T06:50:52+00:00","article_modified_time":"2020-03-11T10:45:30+00:00","og_image":[{"width":644,"height":430,"url":"https:\/\/visionarymarketing.com\/wp-content\/uploads\/2019\/11\/47991153671_3335ccd665_c.jpg","type":"image\/jpeg"}],"author":"Yann Gourvennec","twitter_card":"summary_large_image","twitter_creator":"@ygourven","twitter_site":"@ygourven","twitter_misc":{"\u00c9crit par":"Yann Gourvennec","Dur\u00e9e de lecture estim\u00e9e":"6 minutes"},"schema":{"@context":"https:\/\/schema.org","@graph":[{"@type":"NewsArticle","@id":"https:\/\/visionarymarketing.com\/fr\/2015\/06\/29\/medias-sociaux-adules-sous-exploites\/#article","isPartOf":{"@id":"https:\/\/visionarymarketing.com\/fr\/2015\/06\/29\/medias-sociaux-adules-sous-exploites\/"},"author":{"name":"Yann Gourvennec","@id":"https:\/\/visionarymarketing.com\/fr\/#\/schema\/person\/3754fee1e558f47b8deb46f53c37423e"},"headline":"Les m\u00e9dias sociaux : adul\u00e9s et pourtant sous-exploit\u00e9s #baromediasociaux","datePublished":"2015-06-29T06:50:52+00:00","dateModified":"2020-03-11T10:45:30+00:00","mainEntityOfPage":{"@id":"https:\/\/visionarymarketing.com\/fr\/2015\/06\/29\/medias-sociaux-adules-sous-exploites\/"},"wordCount":1188,"commentCount":3,"image":{"@id":"https:\/\/visionarymarketing.com\/fr\/2015\/06\/29\/medias-sociaux-adules-sous-exploites\/#primaryimage"},"thumbnailUrl":"https:\/\/visionarymarketing.com\/wp-content\/uploads\/2019\/11\/47991153671_3335ccd665_c.jpg","articleSection":["communication digitale","m\u00e9dias \/ r\u00e9seaux sociaux"],"inLanguage":"fr-FR","potentialAction":[{"@type":"CommentAction","name":"Comment","target":["https:\/\/visionarymarketing.com\/fr\/2015\/06\/29\/medias-sociaux-adules-sous-exploites\/#respond"]}]},{"@type":"WebPage","@id":"https:\/\/visionarymarketing.com\/fr\/2015\/06\/29\/medias-sociaux-adules-sous-exploites\/","url":"https:\/\/visionarymarketing.com\/fr\/2015\/06\/29\/medias-sociaux-adules-sous-exploites\/","name":"Les m\u00e9dias sociaux : adul\u00e9s et pourtant sous-exploit\u00e9s","isPartOf":{"@id":"https:\/\/visionarymarketing.com\/fr\/#website"},"primaryImageOfPage":{"@id":"https:\/\/visionarymarketing.com\/fr\/2015\/06\/29\/medias-sociaux-adules-sous-exploites\/#primaryimage"},"image":{"@id":"https:\/\/visionarymarketing.com\/fr\/2015\/06\/29\/medias-sociaux-adules-sous-exploites\/#primaryimage"},"thumbnailUrl":"https:\/\/visionarymarketing.com\/wp-content\/uploads\/2019\/11\/47991153671_3335ccd665_c.jpg","datePublished":"2015-06-29T06:50:52+00:00","dateModified":"2020-03-11T10:45:30+00:00","author":{"@id":"https:\/\/visionarymarketing.com\/fr\/#\/schema\/person\/3754fee1e558f47b8deb46f53c37423e"},"description":"Un barom\u00e8tre des m\u00e9dias sociaux franco-am\u00e9ricain D\u00e9j\u00e0 78 inscrits \u00e0 notre webinaire du 2 juillet sur le barom\u00e8tre des m\u00e9dias sociaux en entreprise. Une","breadcrumb":{"@id":"https:\/\/visionarymarketing.com\/fr\/2015\/06\/29\/medias-sociaux-adules-sous-exploites\/#breadcrumb"},"inLanguage":"fr-FR","potentialAction":[{"@type":"ReadAction","target":["https:\/\/visionarymarketing.com\/fr\/2015\/06\/29\/medias-sociaux-adules-sous-exploites\/"]}]},{"@type":"ImageObject","inLanguage":"fr-FR","@id":"https:\/\/visionarymarketing.com\/fr\/2015\/06\/29\/medias-sociaux-adules-sous-exploites\/#primaryimage","url":"https:\/\/visionarymarketing.com\/wp-content\/uploads\/2019\/11\/47991153671_3335ccd665_c.jpg","contentUrl":"https:\/\/visionarymarketing.com\/wp-content\/uploads\/2019\/11\/47991153671_3335ccd665_c.jpg","width":644,"height":430,"caption":"Juin 2019"},{"@type":"BreadcrumbList","@id":"https:\/\/visionarymarketing.com\/fr\/2015\/06\/29\/medias-sociaux-adules-sous-exploites\/#breadcrumb","itemListElement":[{"@type":"ListItem","position":1,"name":"Home","item":"https:\/\/visionarymarketing.com\/fr\/"},{"@type":"ListItem","position":2,"name":"Les m\u00e9dias sociaux : adul\u00e9s et pourtant sous-exploit\u00e9s #baromediasociaux"}]},{"@type":"WebSite","@id":"https:\/\/visionarymarketing.com\/fr\/#website","url":"https:\/\/visionarymarketing.com\/fr\/","name":"Marketing and Innovation","description":"Site d&#039;infos ind\u00e9pendant, depuis 1996","potentialAction":[{"@type":"SearchAction","target":{"@type":"EntryPoint","urlTemplate":"https:\/\/visionarymarketing.com\/fr\/?s={search_term_string}"},"query-input":{"@type":"PropertyValueSpecification","valueRequired":true,"valueName":"search_term_string"}}],"inLanguage":"fr-FR"},{"@type":"Person","@id":"https:\/\/visionarymarketing.com\/fr\/#\/schema\/person\/3754fee1e558f47b8deb46f53c37423e","name":"Yann Gourvennec","image":{"@type":"ImageObject","inLanguage":"fr-FR","@id":"https:\/\/secure.gravatar.com\/avatar\/5972001801e8de5692a3e31224e85769f50a55fb8b679749f9c8d1868cceff14?s=96&d=initials&r=g&initials=yg","url":"https:\/\/secure.gravatar.com\/avatar\/5972001801e8de5692a3e31224e85769f50a55fb8b679749f9c8d1868cceff14?s=96&d=initials&r=g&initials=yg","contentUrl":"https:\/\/secure.gravatar.com\/avatar\/5972001801e8de5692a3e31224e85769f50a55fb8b679749f9c8d1868cceff14?s=96&d=initials&r=g&initials=yg","caption":"Yann Gourvennec"},"description":"Yann Gourvennec created visionarymarketing.com in 1996. He is a speaker and author of many books. In 2014 he went from intrapreneur to entrepreneur, when he created his digital marketing agency. Yann Gourvennec a cr\u00e9\u00e9 visionarymarketing.com en 1996. Il est conf\u00e9rencier et auteur de plusieurs livres. En 2014, il est pass\u00e9 d'intrapreneur \u00e0 entrepreneur en cr\u00e9ant son agence de marketing num\u00e9rique.","sameAs":["https:\/\/visionarymarketing.com","http:\/\/facebook.com\/ygourven","http:\/\/linkedin.com\/in\/ygourven","https:\/\/x.com\/ygourven","https:\/\/www.youtube.com\/c\/visionarymarketingagency"],"url":"https:\/\/visionarymarketing.com\/fr\/author\/yann-gourvennec\/"}]}},"_links":{"self":[{"href":"https:\/\/visionarymarketing.com\/fr\/wp-json\/wp\/v2\/posts\/18709","targetHints":{"allow":["GET"]}}],"collection":[{"href":"https:\/\/visionarymarketing.com\/fr\/wp-json\/wp\/v2\/posts"}],"about":[{"href":"https:\/\/visionarymarketing.com\/fr\/wp-json\/wp\/v2\/types\/post"}],"author":[{"embeddable":true,"href":"https:\/\/visionarymarketing.com\/fr\/wp-json\/wp\/v2\/users\/2"}],"replies":[{"embeddable":true,"href":"https:\/\/visionarymarketing.com\/fr\/wp-json\/wp\/v2\/comments?post=18709"}],"version-history":[{"count":0,"href":"https:\/\/visionarymarketing.com\/fr\/wp-json\/wp\/v2\/posts\/18709\/revisions"}],"wp:featuredmedia":[{"embeddable":true,"href":"https:\/\/visionarymarketing.com\/fr\/wp-json\/wp\/v2\/media\/34065"}],"wp:attachment":[{"href":"https:\/\/visionarymarketing.com\/fr\/wp-json\/wp\/v2\/media?parent=18709"}],"wp:term":[{"taxonomy":"category","embeddable":true,"href":"https:\/\/visionarymarketing.com\/fr\/wp-json\/wp\/v2\/categories?post=18709"},{"taxonomy":"post_tag","embeddable":true,"href":"https:\/\/visionarymarketing.com\/fr\/wp-json\/wp\/v2\/tags?post=18709"}],"curies":[{"name":"wp","href":"https:\/\/api.w.org\/{rel}","templated":true}]}}