{"id":1864,"date":"2009-07-22T15:03:36","date_gmt":"2009-07-22T13:03:36","guid":{"rendered":"http:\/\/visionary.wordpress.com\/?p=1864"},"modified":"2024-08-08T22:11:53","modified_gmt":"2024-08-08T20:11:53","slug":"edf-cree-un-blog-pour-ses-clients-entreprise","status":"publish","type":"post","link":"https:\/\/visionarymarketing.com\/fr\/2009\/07\/22\/edf-cree-un-blog-pour-ses-clients-entreprise\/","title":{"rendered":"Media-Aces : EDF cr\u00e9e un blog pour mettre les entreprises sous tension"},"content":{"rendered":"<p style=\"text-align: justify;\">L\u2019Observatoire Energie d\u2019Entreprises est une initiative d&rsquo;EDF qui a pour \u00a0\u00ab\u00a0<span class=\"removed_link\" title=\"http:\/\/www.observatoire-energies-entreprises.fr\/?page_id=2\">ambition d\u2019\u00eatre un d\u00e9tonateur d\u2019id\u00e9es<\/span>afin de comprendre les mouvements du march\u00e9 de l\u2019\u00e9nergie et ainsi questionner les mod\u00e8les et r\u00e9f\u00e9rences actuels.\u00a0\u00bb Le blog fait appel \u00e0 la contribution d&rsquo;un panel d&rsquo;experts du march\u00e9, n&rsquo;appartenant pas \u00e0 <a title=\"EDF\" href=\"http:\/\/www.edf.fr\" target=\"_blank\" rel=\"noopener noreferrer\">EDF<\/a>, parmi lesquels un\u00a0<span class=\"removed_link\" title=\"http:\/\/www.observatoire-energies-entreprises.fr\/?author=13&amp;page=p\">enseignant-chercheur de Dau<\/span><span class=\"removed_link\" title=\"http:\/\/www.observatoire-energies-entreprises.fr\/?author=13&amp;page=p\">phine<\/span>, un avocat, la DG d&rsquo;un cabinet d&rsquo;architectes et d&rsquo;autres professeurs (ils sont 6contributeurs \u00a0\u00e0 aujourd&rsquo;hui).<\/p>\n<figure id=\"attachment_54240\" aria-describedby=\"caption-attachment-54240\" style=\"width: 519px\" class=\"wp-caption aligncenter\"><img decoding=\"async\" class=\"wp-image-54240 size-full\" src=\"https:\/\/visionarymarketing.com\/wp-content\/uploads\/2009\/07\/jumpstory-download20200702-054025-e1593668451323.jpg\" alt=\"EDF\" width=\"519\" height=\"340\" srcset=\"https:\/\/visionarymarketing.com\/wp-content\/uploads\/2009\/07\/jumpstory-download20200702-054025-e1593668451323.jpg 519w, https:\/\/visionarymarketing.com\/wp-content\/uploads\/2009\/07\/jumpstory-download20200702-054025-e1593668451323-458x300.jpg 458w\" sizes=\"(max-width: 519px) 100vw, 519px\" \/><figcaption id=\"caption-attachment-54240\" class=\"wp-caption-text\">Media-Aces : EDF cr\u00e9e un blog pour mettre les entreprises sous tension<\/figcaption><\/figure>\n<p style=\"text-align: justify;\">Si on omet la parenth\u00e8se des cong\u00e9s, le blog est anim\u00e9 (le mois de Juin a \u00e9t\u00e9 riche en informations) avec des sujets divers abord\u00e9s de fa\u00e7on neutre et non conventionnelle pour une grande entreprise comme EDF avec par exemple des\u00a0<span class=\"removed_link\" title=\"http:\/\/www.observatoire-energies-entreprises.fr\/?p=618\">compte-rendus d&rsquo;ateliers sur l&rsquo;impact environnemental<\/span>, des articles nombreux sur les impacts climatiques (<span class=\"removed_link\" title=\"http:\/\/www.observatoire-energies-entreprises.fr\/?p=572\">voir un exemple ici<\/span>) ou les\u00a0<span class=\"removed_link\" title=\"http:\/\/www.observatoire-energies-entreprises.fr\/?p=569\">usages de l&rsquo;\u00e9lectricit\u00e9 dans les entreprises<\/span>.<!--more--><\/p>\n<figure id=\"attachment_1868\" aria-describedby=\"caption-attachment-1868\" style=\"width: 300px\" class=\"wp-caption alignright\"><a href=\"https:\/\/visionarymarketing.com\/wp-content\/uploads\/2009\/07\/logo-media-aces1.jpg\"><img decoding=\"async\" class=\"size-medium wp-image-1868\" title=\"logo-media-aces\" src=\"https:\/\/visionarymarketing.com\/wp-content\/uploads\/2009\/07\/logo-media-aces1.jpg?w=300\" alt=\"logo-media-aces\" width=\"300\" height=\"75\" srcset=\"https:\/\/visionarymarketing.com\/wp-content\/uploads\/2009\/07\/logo-media-aces1.jpg 400w, https:\/\/visionarymarketing.com\/wp-content\/uploads\/2009\/07\/logo-media-aces1-300x75.jpg 300w\" sizes=\"(max-width: 300px) 100vw, 300px\" \/><\/a><figcaption id=\"caption-attachment-1868\" class=\"wp-caption-text\">nouveau logo media aces<\/figcaption><\/figure>\n<p style=\"text-align: justify;\">Pas de blabla, pas de plaquettes, de l&rsquo;information et du contenu, bref de l&rsquo;Internet et du vrai. On ne pouvait que saluer cette initiative en invitant nos coll\u00e8gues d&rsquo;EDF \u00e0 rejoindre Media Aces. Souhaitons leur la bienvenue.<\/p>\n<p style=\"text-align: justify;\">J&rsquo;en profite aussi pour annoncer en avant premi\u00e8re le tout nouveau logo de media aces qui vient juste de sortir des rotatives. Dans une discussion de 1h1\/2 avec les amis Nieuwbourg et <a title=\"Herv\u00e9 Kabla\" href=\"http:\/\/www.hervekabla.com\/wordpress\/\" target=\"_blank\" rel=\"noopener noreferrer\">Kabla<\/a>, nous avons fix\u00e9 au <strong>lundi 14 septembre de 16:00 \u00e0 18:30 \u00e0 la grande Arche de la D\u00e9fense<\/strong>, sous les auspices de Philippe Nieuwbourg et du <span class=\"removed_link\" title=\"http:\/\/blog.museeinformatique.fr\/\">Mus\u00e9e de l&rsquo;Informatique<\/span> (pour ceux qui se demandent pourquoi au <em>mus\u00e9e<\/em>, ajoutons qu&rsquo;il nous a paru amusant de m\u00e9langer le pass\u00e9 de l&rsquo;informatique qui a berc\u00e9 notre prime jeunesse avec le futur que nous \u00e9crivons en ce moment. En outre, Philippe est membre de Media-Aces et le Mus\u00e9e de l&rsquo;informatique &#8211; qui a un blog : <span class=\"removed_link\" title=\"http:\/\/blog.museeinformatique.fr\/\">http:\/\/blog.museeinformatique.fr<\/span> &#8211;\u00a0aussi, CQFD).<\/p>\n<p style=\"text-align: justify;\">Voil\u00e0 qui promet d&rsquo;\u00eatre int\u00e9ressant, notamment au vu des r\u00e9ticences de l&rsquo;entreprise vis \u00e0 vis du 2.0 (<span class=\"removed_link\" title=\"http:\/\/www.lesechos.fr\/management\/actu\/4879463.htm\">voir les ECHOS<\/span>), il nous para\u00eet donc de plus en plus utile qu&rsquo;une association comme Media-Aces se constitue pour stimuler le 2.0 productif en entreprise et vers les clients\/partenaires\/ecosyst\u00e8mes etc. (<a title=\"Xavier Aucompte sur Facebook\" href=\"http:\/\/www.facebook.com\/xavier.aucompte\" target=\"_blank\" rel=\"noopener noreferrer\">merci \u00e0 Xavier Aucompte de Brent pour l&rsquo;article des echos qu&rsquo;il a buzz\u00e9 sur Facebook<\/a>)<\/p>\n","protected":false},"excerpt":{"rendered":"<p>L\u2019Observatoire Energie d\u2019Entreprises est une initiative d&rsquo;EDF qui a pour \u00a0\u00ab\u00a0ambition d\u2019\u00eatre un d\u00e9tonateur d\u2019id\u00e9esafin de comprendre les mouvements du march\u00e9 de l\u2019\u00e9nergie et ainsi questionner les mod\u00e8les et r\u00e9f\u00e9rences actuels.\u00a0\u00bb Le blog fait appel \u00e0 la contribution d&rsquo;un panel d&rsquo;experts du march\u00e9, n&rsquo;appartenant pas \u00e0 EDF, parmi lesquels un\u00a0enseignant-chercheur de Dauphine, un avocat, la &hellip;<\/p>\n","protected":false},"author":2,"featured_media":54240,"comment_status":"open","ping_status":"open","sticky":false,"template":"","format":"standard","meta":{"footnotes":""},"categories":[10],"tags":[],"class_list":["post-1864","post","type-post","status-publish","format-standard","has-post-thumbnail","hentry","category-collaboration-et-teletravail"],"yoast_head":"<!-- This site is optimized with the Yoast SEO plugin v27.4 - https:\/\/yoast.com\/product\/yoast-seo-wordpress\/ -->\n<title>Media-Aces : EDF cr\u00e9e un blog pour mettre les entreprises sous tension<\/title>\n<meta name=\"description\" content=\"L\u2019Observatoire Energie d\u2019Entreprises est une initiative d&#039;EDF qui a pour \u00a0&quot;ambition d\u2019\u00eatre un d\u00e9tonateur d\u2019id\u00e9esafin de comprendre les mouvements du\" \/>\n<meta name=\"robots\" content=\"index, follow, max-snippet:-1, max-image-preview:large, max-video-preview:-1\" \/>\n<link rel=\"canonical\" href=\"https:\/\/visionarymarketing.com\/fr\/2009\/07\/22\/edf-cree-un-blog-pour-ses-clients-entreprise\/\" \/>\n<meta property=\"og:locale\" content=\"fr_FR\" \/>\n<meta property=\"og:type\" content=\"article\" \/>\n<meta property=\"og:title\" content=\"Media-Aces : EDF cr\u00e9e un blog pour mettre les entreprises sous tension\" \/>\n<meta property=\"og:description\" content=\"L\u2019Observatoire Energie d\u2019Entreprises est une initiative d&#039;EDF qui a pour \u00a0&quot;ambition d\u2019\u00eatre un d\u00e9tonateur d\u2019id\u00e9esafin de comprendre les mouvements du\" \/>\n<meta property=\"og:url\" content=\"https:\/\/visionarymarketing.com\/fr\/2009\/07\/22\/edf-cree-un-blog-pour-ses-clients-entreprise\/\" \/>\n<meta property=\"og:site_name\" content=\"Marketing and Innovation\" \/>\n<meta property=\"article:publisher\" content=\"https:\/\/www.facebook.com\/vismktg\" \/>\n<meta property=\"article:author\" content=\"http:\/\/facebook.com\/ygourven\" \/>\n<meta property=\"article:published_time\" content=\"2009-07-22T13:03:36+00:00\" \/>\n<meta property=\"article:modified_time\" content=\"2024-08-08T20:11:53+00:00\" \/>\n<meta property=\"og:image\" content=\"https:\/\/visionarymarketing.com\/wp-content\/uploads\/2009\/07\/jumpstory-download20200702-054025-e1593668451323.jpg\" \/>\n\t<meta property=\"og:image:width\" content=\"519\" \/>\n\t<meta property=\"og:image:height\" content=\"340\" \/>\n\t<meta property=\"og:image:type\" content=\"image\/jpeg\" \/>\n<meta name=\"author\" content=\"Yann Gourvennec\" \/>\n<meta name=\"twitter:card\" content=\"summary_large_image\" \/>\n<meta name=\"twitter:creator\" content=\"@ygourven\" \/>\n<meta name=\"twitter:site\" content=\"@ygourven\" \/>\n<meta name=\"twitter:label1\" content=\"\u00c9crit par\" \/>\n\t<meta name=\"twitter:data1\" content=\"Yann Gourvennec\" \/>\n\t<meta name=\"twitter:label2\" content=\"Dur\u00e9e de lecture estim\u00e9e\" \/>\n\t<meta name=\"twitter:data2\" content=\"2 minutes\" \/>\n<script type=\"application\/ld+json\" class=\"yoast-schema-graph\">{\"@context\":\"https:\\\/\\\/schema.org\",\"@graph\":[{\"@type\":\"NewsArticle\",\"@id\":\"https:\\\/\\\/visionarymarketing.com\\\/fr\\\/2009\\\/07\\\/22\\\/edf-cree-un-blog-pour-ses-clients-entreprise\\\/#article\",\"isPartOf\":{\"@id\":\"https:\\\/\\\/visionarymarketing.com\\\/fr\\\/2009\\\/07\\\/22\\\/edf-cree-un-blog-pour-ses-clients-entreprise\\\/\"},\"author\":{\"name\":\"Yann Gourvennec\",\"@id\":\"https:\\\/\\\/visionarymarketing.com\\\/fr\\\/#\\\/schema\\\/person\\\/3754fee1e558f47b8deb46f53c37423e\"},\"headline\":\"Media-Aces : EDF cr\u00e9e un blog pour mettre les entreprises sous tension\",\"datePublished\":\"2009-07-22T13:03:36+00:00\",\"dateModified\":\"2024-08-08T20:11:53+00:00\",\"mainEntityOfPage\":{\"@id\":\"https:\\\/\\\/visionarymarketing.com\\\/fr\\\/2009\\\/07\\\/22\\\/edf-cree-un-blog-pour-ses-clients-entreprise\\\/\"},\"wordCount\":434,\"commentCount\":0,\"image\":{\"@id\":\"https:\\\/\\\/visionarymarketing.com\\\/fr\\\/2009\\\/07\\\/22\\\/edf-cree-un-blog-pour-ses-clients-entreprise\\\/#primaryimage\"},\"thumbnailUrl\":\"https:\\\/\\\/visionarymarketing.com\\\/wp-content\\\/uploads\\\/2009\\\/07\\\/jumpstory-download20200702-054025-e1593668451323.jpg\",\"articleSection\":[\"collaboration \\\/ t\u00e9l\u00e9travail\"],\"inLanguage\":\"fr-FR\",\"potentialAction\":[{\"@type\":\"CommentAction\",\"name\":\"Comment\",\"target\":[\"https:\\\/\\\/visionarymarketing.com\\\/fr\\\/2009\\\/07\\\/22\\\/edf-cree-un-blog-pour-ses-clients-entreprise\\\/#respond\"]}]},{\"@type\":\"WebPage\",\"@id\":\"https:\\\/\\\/visionarymarketing.com\\\/fr\\\/2009\\\/07\\\/22\\\/edf-cree-un-blog-pour-ses-clients-entreprise\\\/\",\"url\":\"https:\\\/\\\/visionarymarketing.com\\\/fr\\\/2009\\\/07\\\/22\\\/edf-cree-un-blog-pour-ses-clients-entreprise\\\/\",\"name\":\"Media-Aces : EDF cr\u00e9e un blog pour mettre les entreprises sous tension\",\"isPartOf\":{\"@id\":\"https:\\\/\\\/visionarymarketing.com\\\/fr\\\/#website\"},\"primaryImageOfPage\":{\"@id\":\"https:\\\/\\\/visionarymarketing.com\\\/fr\\\/2009\\\/07\\\/22\\\/edf-cree-un-blog-pour-ses-clients-entreprise\\\/#primaryimage\"},\"image\":{\"@id\":\"https:\\\/\\\/visionarymarketing.com\\\/fr\\\/2009\\\/07\\\/22\\\/edf-cree-un-blog-pour-ses-clients-entreprise\\\/#primaryimage\"},\"thumbnailUrl\":\"https:\\\/\\\/visionarymarketing.com\\\/wp-content\\\/uploads\\\/2009\\\/07\\\/jumpstory-download20200702-054025-e1593668451323.jpg\",\"datePublished\":\"2009-07-22T13:03:36+00:00\",\"dateModified\":\"2024-08-08T20:11:53+00:00\",\"author\":{\"@id\":\"https:\\\/\\\/visionarymarketing.com\\\/fr\\\/#\\\/schema\\\/person\\\/3754fee1e558f47b8deb46f53c37423e\"},\"description\":\"L\u2019Observatoire Energie d\u2019Entreprises est une initiative d'EDF qui a pour \u00a0\\\"ambition d\u2019\u00eatre un d\u00e9tonateur d\u2019id\u00e9esafin de comprendre les mouvements du\",\"breadcrumb\":{\"@id\":\"https:\\\/\\\/visionarymarketing.com\\\/fr\\\/2009\\\/07\\\/22\\\/edf-cree-un-blog-pour-ses-clients-entreprise\\\/#breadcrumb\"},\"inLanguage\":\"fr-FR\",\"potentialAction\":[{\"@type\":\"ReadAction\",\"target\":[\"https:\\\/\\\/visionarymarketing.com\\\/fr\\\/2009\\\/07\\\/22\\\/edf-cree-un-blog-pour-ses-clients-entreprise\\\/\"]}]},{\"@type\":\"ImageObject\",\"inLanguage\":\"fr-FR\",\"@id\":\"https:\\\/\\\/visionarymarketing.com\\\/fr\\\/2009\\\/07\\\/22\\\/edf-cree-un-blog-pour-ses-clients-entreprise\\\/#primaryimage\",\"url\":\"https:\\\/\\\/visionarymarketing.com\\\/wp-content\\\/uploads\\\/2009\\\/07\\\/jumpstory-download20200702-054025-e1593668451323.jpg\",\"contentUrl\":\"https:\\\/\\\/visionarymarketing.com\\\/wp-content\\\/uploads\\\/2009\\\/07\\\/jumpstory-download20200702-054025-e1593668451323.jpg\",\"width\":519,\"height\":340},{\"@type\":\"BreadcrumbList\",\"@id\":\"https:\\\/\\\/visionarymarketing.com\\\/fr\\\/2009\\\/07\\\/22\\\/edf-cree-un-blog-pour-ses-clients-entreprise\\\/#breadcrumb\",\"itemListElement\":[{\"@type\":\"ListItem\",\"position\":1,\"name\":\"Home\",\"item\":\"https:\\\/\\\/visionarymarketing.com\\\/fr\\\/\"},{\"@type\":\"ListItem\",\"position\":2,\"name\":\"Media-Aces : EDF cr\u00e9e un blog pour mettre les entreprises sous tension\"}]},{\"@type\":\"WebSite\",\"@id\":\"https:\\\/\\\/visionarymarketing.com\\\/fr\\\/#website\",\"url\":\"https:\\\/\\\/visionarymarketing.com\\\/fr\\\/\",\"name\":\"Marketing and Innovation\",\"description\":\"Site d&#039;infos ind\u00e9pendant, depuis 1996\",\"potentialAction\":[{\"@type\":\"SearchAction\",\"target\":{\"@type\":\"EntryPoint\",\"urlTemplate\":\"https:\\\/\\\/visionarymarketing.com\\\/fr\\\/?s={search_term_string}\"},\"query-input\":{\"@type\":\"PropertyValueSpecification\",\"valueRequired\":true,\"valueName\":\"search_term_string\"}}],\"inLanguage\":\"fr-FR\"},{\"@type\":\"Person\",\"@id\":\"https:\\\/\\\/visionarymarketing.com\\\/fr\\\/#\\\/schema\\\/person\\\/3754fee1e558f47b8deb46f53c37423e\",\"name\":\"Yann Gourvennec\",\"image\":{\"@type\":\"ImageObject\",\"inLanguage\":\"fr-FR\",\"@id\":\"https:\\\/\\\/secure.gravatar.com\\\/avatar\\\/5972001801e8de5692a3e31224e85769f50a55fb8b679749f9c8d1868cceff14?s=96&d=initials&r=g&initials=yg\",\"url\":\"https:\\\/\\\/secure.gravatar.com\\\/avatar\\\/5972001801e8de5692a3e31224e85769f50a55fb8b679749f9c8d1868cceff14?s=96&d=initials&r=g&initials=yg\",\"contentUrl\":\"https:\\\/\\\/secure.gravatar.com\\\/avatar\\\/5972001801e8de5692a3e31224e85769f50a55fb8b679749f9c8d1868cceff14?s=96&d=initials&r=g&initials=yg\",\"caption\":\"Yann Gourvennec\"},\"description\":\"Yann Gourvennec created visionarymarketing.com in 1996. He is a speaker and author of many books. In 2014 he went from intrapreneur to entrepreneur, when he created his digital marketing agency. Yann Gourvennec a cr\u00e9\u00e9 visionarymarketing.com en 1996. Il est conf\u00e9rencier et auteur de plusieurs livres. En 2014, il est pass\u00e9 d'intrapreneur \u00e0 entrepreneur en cr\u00e9ant son agence de marketing num\u00e9rique.\",\"sameAs\":[\"https:\\\/\\\/visionarymarketing.com\",\"http:\\\/\\\/facebook.com\\\/ygourven\",\"http:\\\/\\\/linkedin.com\\\/in\\\/ygourven\",\"https:\\\/\\\/x.com\\\/ygourven\",\"https:\\\/\\\/www.youtube.com\\\/c\\\/visionarymarketingagency\"],\"url\":\"https:\\\/\\\/visionarymarketing.com\\\/fr\\\/author\\\/yann-gourvennec\\\/\"}]}<\/script>\n<!-- \/ Yoast SEO plugin. -->","yoast_head_json":{"title":"Media-Aces : EDF cr\u00e9e un blog pour mettre les entreprises sous tension","description":"L\u2019Observatoire Energie d\u2019Entreprises est une initiative d'EDF qui a pour \u00a0\"ambition d\u2019\u00eatre un d\u00e9tonateur d\u2019id\u00e9esafin de comprendre les mouvements du","robots":{"index":"index","follow":"follow","max-snippet":"max-snippet:-1","max-image-preview":"max-image-preview:large","max-video-preview":"max-video-preview:-1"},"canonical":"https:\/\/visionarymarketing.com\/fr\/2009\/07\/22\/edf-cree-un-blog-pour-ses-clients-entreprise\/","og_locale":"fr_FR","og_type":"article","og_title":"Media-Aces : EDF cr\u00e9e un blog pour mettre les entreprises sous tension","og_description":"L\u2019Observatoire Energie d\u2019Entreprises est une initiative d'EDF qui a pour \u00a0\"ambition d\u2019\u00eatre un d\u00e9tonateur d\u2019id\u00e9esafin de comprendre les mouvements du","og_url":"https:\/\/visionarymarketing.com\/fr\/2009\/07\/22\/edf-cree-un-blog-pour-ses-clients-entreprise\/","og_site_name":"Marketing and Innovation","article_publisher":"https:\/\/www.facebook.com\/vismktg","article_author":"http:\/\/facebook.com\/ygourven","article_published_time":"2009-07-22T13:03:36+00:00","article_modified_time":"2024-08-08T20:11:53+00:00","og_image":[{"width":519,"height":340,"url":"https:\/\/visionarymarketing.com\/wp-content\/uploads\/2009\/07\/jumpstory-download20200702-054025-e1593668451323.jpg","type":"image\/jpeg"}],"author":"Yann Gourvennec","twitter_card":"summary_large_image","twitter_creator":"@ygourven","twitter_site":"@ygourven","twitter_misc":{"\u00c9crit par":"Yann Gourvennec","Dur\u00e9e de lecture estim\u00e9e":"2 minutes"},"schema":{"@context":"https:\/\/schema.org","@graph":[{"@type":"NewsArticle","@id":"https:\/\/visionarymarketing.com\/fr\/2009\/07\/22\/edf-cree-un-blog-pour-ses-clients-entreprise\/#article","isPartOf":{"@id":"https:\/\/visionarymarketing.com\/fr\/2009\/07\/22\/edf-cree-un-blog-pour-ses-clients-entreprise\/"},"author":{"name":"Yann Gourvennec","@id":"https:\/\/visionarymarketing.com\/fr\/#\/schema\/person\/3754fee1e558f47b8deb46f53c37423e"},"headline":"Media-Aces : EDF cr\u00e9e un blog pour mettre les entreprises sous tension","datePublished":"2009-07-22T13:03:36+00:00","dateModified":"2024-08-08T20:11:53+00:00","mainEntityOfPage":{"@id":"https:\/\/visionarymarketing.com\/fr\/2009\/07\/22\/edf-cree-un-blog-pour-ses-clients-entreprise\/"},"wordCount":434,"commentCount":0,"image":{"@id":"https:\/\/visionarymarketing.com\/fr\/2009\/07\/22\/edf-cree-un-blog-pour-ses-clients-entreprise\/#primaryimage"},"thumbnailUrl":"https:\/\/visionarymarketing.com\/wp-content\/uploads\/2009\/07\/jumpstory-download20200702-054025-e1593668451323.jpg","articleSection":["collaboration \/ t\u00e9l\u00e9travail"],"inLanguage":"fr-FR","potentialAction":[{"@type":"CommentAction","name":"Comment","target":["https:\/\/visionarymarketing.com\/fr\/2009\/07\/22\/edf-cree-un-blog-pour-ses-clients-entreprise\/#respond"]}]},{"@type":"WebPage","@id":"https:\/\/visionarymarketing.com\/fr\/2009\/07\/22\/edf-cree-un-blog-pour-ses-clients-entreprise\/","url":"https:\/\/visionarymarketing.com\/fr\/2009\/07\/22\/edf-cree-un-blog-pour-ses-clients-entreprise\/","name":"Media-Aces : EDF cr\u00e9e un blog pour mettre les entreprises sous tension","isPartOf":{"@id":"https:\/\/visionarymarketing.com\/fr\/#website"},"primaryImageOfPage":{"@id":"https:\/\/visionarymarketing.com\/fr\/2009\/07\/22\/edf-cree-un-blog-pour-ses-clients-entreprise\/#primaryimage"},"image":{"@id":"https:\/\/visionarymarketing.com\/fr\/2009\/07\/22\/edf-cree-un-blog-pour-ses-clients-entreprise\/#primaryimage"},"thumbnailUrl":"https:\/\/visionarymarketing.com\/wp-content\/uploads\/2009\/07\/jumpstory-download20200702-054025-e1593668451323.jpg","datePublished":"2009-07-22T13:03:36+00:00","dateModified":"2024-08-08T20:11:53+00:00","author":{"@id":"https:\/\/visionarymarketing.com\/fr\/#\/schema\/person\/3754fee1e558f47b8deb46f53c37423e"},"description":"L\u2019Observatoire Energie d\u2019Entreprises est une initiative d'EDF qui a pour \u00a0\"ambition d\u2019\u00eatre un d\u00e9tonateur d\u2019id\u00e9esafin de comprendre les mouvements du","breadcrumb":{"@id":"https:\/\/visionarymarketing.com\/fr\/2009\/07\/22\/edf-cree-un-blog-pour-ses-clients-entreprise\/#breadcrumb"},"inLanguage":"fr-FR","potentialAction":[{"@type":"ReadAction","target":["https:\/\/visionarymarketing.com\/fr\/2009\/07\/22\/edf-cree-un-blog-pour-ses-clients-entreprise\/"]}]},{"@type":"ImageObject","inLanguage":"fr-FR","@id":"https:\/\/visionarymarketing.com\/fr\/2009\/07\/22\/edf-cree-un-blog-pour-ses-clients-entreprise\/#primaryimage","url":"https:\/\/visionarymarketing.com\/wp-content\/uploads\/2009\/07\/jumpstory-download20200702-054025-e1593668451323.jpg","contentUrl":"https:\/\/visionarymarketing.com\/wp-content\/uploads\/2009\/07\/jumpstory-download20200702-054025-e1593668451323.jpg","width":519,"height":340},{"@type":"BreadcrumbList","@id":"https:\/\/visionarymarketing.com\/fr\/2009\/07\/22\/edf-cree-un-blog-pour-ses-clients-entreprise\/#breadcrumb","itemListElement":[{"@type":"ListItem","position":1,"name":"Home","item":"https:\/\/visionarymarketing.com\/fr\/"},{"@type":"ListItem","position":2,"name":"Media-Aces : EDF cr\u00e9e un blog pour mettre les entreprises sous tension"}]},{"@type":"WebSite","@id":"https:\/\/visionarymarketing.com\/fr\/#website","url":"https:\/\/visionarymarketing.com\/fr\/","name":"Marketing and Innovation","description":"Site d&#039;infos ind\u00e9pendant, depuis 1996","potentialAction":[{"@type":"SearchAction","target":{"@type":"EntryPoint","urlTemplate":"https:\/\/visionarymarketing.com\/fr\/?s={search_term_string}"},"query-input":{"@type":"PropertyValueSpecification","valueRequired":true,"valueName":"search_term_string"}}],"inLanguage":"fr-FR"},{"@type":"Person","@id":"https:\/\/visionarymarketing.com\/fr\/#\/schema\/person\/3754fee1e558f47b8deb46f53c37423e","name":"Yann Gourvennec","image":{"@type":"ImageObject","inLanguage":"fr-FR","@id":"https:\/\/secure.gravatar.com\/avatar\/5972001801e8de5692a3e31224e85769f50a55fb8b679749f9c8d1868cceff14?s=96&d=initials&r=g&initials=yg","url":"https:\/\/secure.gravatar.com\/avatar\/5972001801e8de5692a3e31224e85769f50a55fb8b679749f9c8d1868cceff14?s=96&d=initials&r=g&initials=yg","contentUrl":"https:\/\/secure.gravatar.com\/avatar\/5972001801e8de5692a3e31224e85769f50a55fb8b679749f9c8d1868cceff14?s=96&d=initials&r=g&initials=yg","caption":"Yann Gourvennec"},"description":"Yann Gourvennec created visionarymarketing.com in 1996. He is a speaker and author of many books. In 2014 he went from intrapreneur to entrepreneur, when he created his digital marketing agency. Yann Gourvennec a cr\u00e9\u00e9 visionarymarketing.com en 1996. Il est conf\u00e9rencier et auteur de plusieurs livres. En 2014, il est pass\u00e9 d'intrapreneur \u00e0 entrepreneur en cr\u00e9ant son agence de marketing num\u00e9rique.","sameAs":["https:\/\/visionarymarketing.com","http:\/\/facebook.com\/ygourven","http:\/\/linkedin.com\/in\/ygourven","https:\/\/x.com\/ygourven","https:\/\/www.youtube.com\/c\/visionarymarketingagency"],"url":"https:\/\/visionarymarketing.com\/fr\/author\/yann-gourvennec\/"}]}},"_links":{"self":[{"href":"https:\/\/visionarymarketing.com\/fr\/wp-json\/wp\/v2\/posts\/1864","targetHints":{"allow":["GET"]}}],"collection":[{"href":"https:\/\/visionarymarketing.com\/fr\/wp-json\/wp\/v2\/posts"}],"about":[{"href":"https:\/\/visionarymarketing.com\/fr\/wp-json\/wp\/v2\/types\/post"}],"author":[{"embeddable":true,"href":"https:\/\/visionarymarketing.com\/fr\/wp-json\/wp\/v2\/users\/2"}],"replies":[{"embeddable":true,"href":"https:\/\/visionarymarketing.com\/fr\/wp-json\/wp\/v2\/comments?post=1864"}],"version-history":[{"count":0,"href":"https:\/\/visionarymarketing.com\/fr\/wp-json\/wp\/v2\/posts\/1864\/revisions"}],"wp:featuredmedia":[{"embeddable":true,"href":"https:\/\/visionarymarketing.com\/fr\/wp-json\/wp\/v2\/media\/54240"}],"wp:attachment":[{"href":"https:\/\/visionarymarketing.com\/fr\/wp-json\/wp\/v2\/media?parent=1864"}],"wp:term":[{"taxonomy":"category","embeddable":true,"href":"https:\/\/visionarymarketing.com\/fr\/wp-json\/wp\/v2\/categories?post=1864"},{"taxonomy":"post_tag","embeddable":true,"href":"https:\/\/visionarymarketing.com\/fr\/wp-json\/wp\/v2\/tags?post=1864"}],"curies":[{"name":"wp","href":"https:\/\/api.w.org\/{rel}","templated":true}]}}