{"id":18616,"date":"2015-06-23T09:00:50","date_gmt":"2015-06-23T07:00:50","guid":{"rendered":"http:\/\/visionarymarketing.fr\/blog?p=18616&#038;preview_id=18616"},"modified":"2024-08-21T11:46:08","modified_gmt":"2024-08-21T09:46:08","slug":"innovation-conference","status":"publish","type":"post","link":"https:\/\/visionarymarketing.com\/fr\/2015\/06\/23\/innovation-conference\/","title":{"rendered":"L&rsquo;innovation a ses raisons que la raison ne conna\u00eet pas"},"content":{"rendered":"<h2><strong><a href=\"http:\/\/www.g9plus.org\/manifestation\/565\" target=\"_blank\" rel=\"noopener noreferrer\">Conf\u00e9rence G9+ en partenariat avec Salesforce\u00a0le 25 Juin 2015 \u00e0 18h30 \u00e0 Paris Expo Porte de Versailles<\/a><\/strong><\/h2>\n<p>Une conf\u00e9rence exceptionnelle aura lieu le 25 juin \u00e0 18:30 au parc des expositions de la porte de Versailles.\u00a0Le\u00a0<a href=\"http:\/\/www.g9plus.org\/manifestation\/565\">G9+, think tank du digital<\/a>, y organise, en partenariat avec Salesforce, une conf\u00e9rence sur l\u2019innovation qui vaut le d\u00e9placement \u00e0 plus d\u2019un titre. Le th\u00e8me de la conf\u00e9rence : l\u2019innovation et ses secrets r\u00e9v\u00e9l\u00e9s par ceux qui la vivent au quotidien et qui, du Startup Weekend, \u00e0 Qapa, Clustree, L\u2019Or\u00e9al, Deloitte ou The Family en sont des acteurs quotidiens. Mais au-del\u00e0 du th\u00e8me ce sont les intervenants eux-m\u00eames qui m\u00e9ritent le d\u00e9tour.<\/p>\n<p><img decoding=\"async\" class=\"aligncenter wp-image-17796 size-full\" src=\"https:\/\/visionarymarketing.com\/wp-content\/uploads\/2015\/04\/tous-boutons.png\" alt=\"s'inscrire gratuitement (1\u20ac symbolique) - conf\u00e9rence innovation du G9+\" width=\"450\" height=\"75\" srcset=\"https:\/\/visionarymarketing.com\/wp-content\/uploads\/2015\/04\/tous-boutons.png 450w, https:\/\/visionarymarketing.com\/wp-content\/uploads\/2015\/04\/tous-boutons-300x50.png 300w\" sizes=\"(max-width: 450px) 100vw, 450px\" \/><\/p>\n<blockquote class=\"quote-light\"><p>Mod\u00e9ratrice: <span class=\"removed_link\" title=\"https:\/\/fr.linkedin.com\/in\/alicezagu\">Alice Zagury<\/span>, PDG de <a href=\"http:\/\/www.thefamily.co\/\" target=\"_blank\" rel=\"noopener noreferrer\">The Family<\/a>. Intervenant(e)s : <span class=\"removed_link\" title=\"https:\/\/fr.linkedin.com\/in\/benedictederaphelissoissan\">B\u00e9n\u00e9dicte de Raph\u00e9lis Soissan<\/span>: PDG et fondatrice de <a href=\"https:\/\/web.archive.org\/web\/20181010130234\/https:\/\/www.clustree.com\/fr\/\" target=\"_blank\" rel=\"noopener noreferrer\">Clustree<\/a> <span class=\"removed_link\" title=\"https:\/\/www.linkedin.com\/in\/stephaniedelestre\">St\u00e9phanie Delestre<\/span>: PDG et Co-fondatrice de <a href=\"https:\/\/www.qapa.fr\/\" target=\"_blank\" rel=\"noopener noreferrer\">Qapa.fr<\/a>, <span class=\"removed_link\" title=\"https:\/\/www.linkedin.com\/pub\/laurence-kerjean\/0\/826\/672\">Laurence Kerjean<\/span>, directrice du e-business,\u00a0<a href=\"https:\/\/www.loreal.com\" target=\"_blank\" rel=\"noopener noreferrer\">L&rsquo;Or\u00e9al Paris France<\/a>, <span class=\"removed_link\" title=\"https:\/\/fr.linkedin.com\/in\/glever\/fr\">Yann Glever<\/span>, directeur de l&rsquo;innovation de <a href=\"http:\/\/www2.deloitte.com\/fr\/fr.html\" target=\"_blank\" rel=\"noopener noreferrer\">Deloitte France<\/a>, <span class=\"removed_link\" title=\"https:\/\/www.linkedin.com\/in\/francknouyrigat\">Franck Nouyrigat<\/span>, co-fondateur de <a href=\"http:\/\/startupweekend.org\/\" target=\"_blank\" rel=\"noopener noreferrer\">Startup Weekend<\/a><\/p>\n<p>Une mod\u00e9ratrice de choc : <strong>Alice Zagury<\/strong>, \u00ab wonder-woman de la high-tech fran\u00e7aise\u00bb PDG de <strong>TheFamily<\/strong>, un acc\u00e9l\u00e9rateur de start-up qu&rsquo;elle a cofond\u00e9 avec Oussama Ammar et Nicolas Colin, et qui est actionnaire de 200 start-ups. Anti-langue de bois elle dit d\u2019elle-m\u00eame \u2018\u00abJe ne suis pas un mod\u00e8le de politesse ni de tact. \u00bb<\/p>\n<p><strong>Franck Nouyrigat<\/strong> , cofondateur des \u2018<strong>Startup Weekends<\/strong>\u2019. Fran\u00e7ais install\u00e9 aux Etats-Unis depuis quelques ann\u00e9es il passe rarement \u00e0 Paris. Je l\u2019ai rencontr\u00e9 pour la premi\u00e8re fois il y a deux ans quand il animait une conf\u00e9rence G9+\/ Salesforce sur le th\u00e8me \u00ab Startups, regards crois\u00e9s franco-am\u00e9ricains \u00bb. Depuis je ne rate pas une seule de ses conf\u00e9rences. Enfin je veux dire par l\u00e0 que je vais tous les ans \u00e0 la conf\u00e9rence G9+ \/ Salesforce dans laquelle il intervient. Pourquoi ? Parce que son talent d\u2019orateur, d\u2019animateur et son humour font vibrer la salle et font de cette conf\u00e9rence un grand moment. Passionn\u00e9 d\u2019\u00e9change, il a l\u2019entrepreneuriat et l\u2019innovation dans le sang et ce n\u2019est pas quelqu\u2019un qu\u2019on a souvent l\u2019occasion de croiser, \u00e0 Paris en tout cas.<\/p>\n<p><strong>Laurence Kerjean<\/strong>, responsable du num\u00e9rique de L&rsquo;Or\u00e9al DPP, ou \u00ab Digital disrupter @L&rsquo;Or\u00e9al \u00bb comme elle se pr\u00e9sente sur <a href=\"https:\/\/twitter.com\/laurencekerjean\" target=\"_blank\" rel=\"noopener noreferrer\">son profil Twitter<\/a>. Elle a r\u00e9cemment organis\u00e9 <span class=\"removed_link\" title=\"https:\/\/storify.com\/NetIntelligenz\/hacklorealdpp-1er-hackathon-sur-le-theme-de-la-co\">un Hackaton, L&rsquo;Oreal Hack Day, \u00e0 l\u2019\u00e9cole 42 pour m\u00ealer talents techniques et sens du business<\/span>.<\/p>\n<p><strong><!--more-->B\u00e9n\u00e9dicte de Raph\u00e9lis Soissan<\/strong>, cr\u00e9atrice de <strong>Clustree<\/strong>, qui allie <a href=\"https:\/\/visionarymarketing.com\/fr\/2015\/05\/marketeurs-il-est-temps-de-vous-former-au-big-data\/\" target=\"_blank\" rel=\"noopener noreferrer\">Big data<\/a> et <a href=\"https:\/\/visionarymarketing.com\/fr\/2015\/06\/lhomme-a-venir-quand-la-transformation-digitale-rencontre-la-philosophie\/\" target=\"_blank\" rel=\"noopener noreferrer\">RH<\/a> en aidant les grands groupes \u00e0 rep\u00e9rer leurs potentiels inexploit\u00e9s en interne gr\u00e2ce au matching de profils et \u00e0 l&rsquo;analyse de millions de donn\u00e9es internes et externes (recueillies notamment sur les r\u00e9seaux sociaux). Elle a lev\u00e9 600 000 Euros et obtenu des soutiens prestigieux (<a href=\"https:\/\/www.alven.co\/?lang=fr\" target=\"_blank\" rel=\"noopener noreferrer\">le fonds Alven Capita<\/a>l et les investisseurs<a href=\"https:\/\/fr.wikipedia.org\/wiki\/Xavier_Niel\" target=\"_blank\" rel=\"noopener noreferrer\"> Xavier Niel<\/a>, <a href=\"https:\/\/fr.wikipedia.org\/wiki\/Jean-David_Blanc\" target=\"_blank\" rel=\"noopener noreferrer\">Jean-David Blanc<\/a> et <a href=\"https:\/\/fr.wikipedia.org\/wiki\/Fr%C3%A9d%C3%A9ric_Montagnon\" target=\"_blank\" rel=\"noopener noreferrer\">Fr\u00e9d\u00e9ric Montagnon<\/a>).<\/p>\n<p><strong>St\u00e9phanie Delestre<\/strong>, co-fondatrice et pr\u00e9sidente directrice g\u00e9n\u00e9rale du site de recrutement <strong>QAPA,<\/strong> Le 1er site de recrutement par matching qui met en relation le bon candidat avec le bon recruteur en temps r\u00e9el. Dynamique, passionn\u00e9e et passionnante elle fait partie de ces personnes rares qui ont de l\u2019\u00e9nergie et du peps \u00e0 revendre.<a href=\"http:\/\/www.g9plus.org\/manifestation\/565\" target=\"_blank\" rel=\"noopener noreferrer\"><img decoding=\"async\" class=\"aligncenter wp-image-17796 size-full\" src=\"https:\/\/visionarymarketing.com\/wp-content\/uploads\/2015\/04\/tous-boutons.png\" alt=\"s'inscrire gratuitement (1\u20ac symbolique) - conf\u00e9rence innovation du G9+\" width=\"450\" height=\"75\" srcset=\"https:\/\/visionarymarketing.com\/wp-content\/uploads\/2015\/04\/tous-boutons.png 450w, https:\/\/visionarymarketing.com\/wp-content\/uploads\/2015\/04\/tous-boutons-300x50.png 300w\" sizes=\"(max-width: 450px) 100vw, 450px\" \/><\/a><\/p>\n<p><strong>Yann Glever<\/strong> est Directeur de l\u2019Innovation charg\u00e9 de d\u00e9velopper de nouvelles offres chez <strong>Deloitte<\/strong>. Auteur d\u2019un article inspirant \u00ab L\u2019innovation ne se commande pas, elle se provoque \u00bb. Il rappelle que m\u00eame si \u2018On associe plus volontiers l\u2019innovation aux garages californiens qu\u2019aux tours vitr\u00e9es des si\u00e8ges de multinationales il existe certaines grandes entreprises, comme <a href=\"http:\/\/www.ge.com\/fr\/\" target=\"_blank\" rel=\"noopener noreferrer\">General Electric <\/a>par exemple, qui parviennent \u00e0 concilier dans la dur\u00e9e innovation et grande \u00e9chelle \u00bb Il partagera Jeudi soir les cl\u00e9s qui permettent de s\u2019inspirer de leur approche pour innover plus efficacement.<\/p><\/blockquote>\n<p><em>La conf\u00e9rence est gratuite mais il faut s\u2019inscrire : <a href=\"http:\/\/www.g9plus.org\/manifestation\/565\" target=\"_blank\" rel=\"noopener noreferrer\">Cliquez ici.<\/a><\/em><\/p>\n","protected":false},"excerpt":{"rendered":"<p>Conf\u00e9rence G9+ en partenariat avec Salesforce\u00a0le 25 Juin 2015 \u00e0 18h30 \u00e0 Paris Expo Porte de Versailles Une conf\u00e9rence exceptionnelle aura lieu le 25 juin \u00e0 18:30 au parc des expositions de la porte de Versailles.\u00a0Le\u00a0G9+, think tank du digital, y organise, en partenariat avec Salesforce, une conf\u00e9rence sur l\u2019innovation qui vaut le d\u00e9placement \u00e0 &hellip;<\/p>\n","protected":false},"author":20,"featured_media":34067,"comment_status":"open","ping_status":"open","sticky":false,"template":"","format":"standard","meta":{"footnotes":""},"categories":[1613],"tags":[],"class_list":["post-18616","post","type-post","status-publish","format-standard","has-post-thumbnail","hentry","category-marketing-digital-marketing"],"yoast_head":"<!-- This site is optimized with the Yoast SEO plugin v27.4 - https:\/\/yoast.com\/product\/yoast-seo-wordpress\/ -->\n<title>L&#039;innovation a ses raisons que la raison ne conna\u00eet pas<\/title>\n<meta name=\"description\" content=\"Une conf\u00e9rence G9+ en partenariat avec Salesforce aura lieu ce 25 juin \u00e0 18h30. Elle portera sur l&#039;innovation.\" \/>\n<meta name=\"robots\" content=\"index, follow, max-snippet:-1, max-image-preview:large, max-video-preview:-1\" \/>\n<link rel=\"canonical\" href=\"https:\/\/visionarymarketing.com\/fr\/2015\/06\/23\/innovation-conference\/\" \/>\n<meta property=\"og:locale\" content=\"fr_FR\" \/>\n<meta property=\"og:type\" content=\"article\" \/>\n<meta property=\"og:title\" content=\"L&#039;innovation a ses raisons que la raison ne conna\u00eet pas\" \/>\n<meta property=\"og:description\" content=\"Une conf\u00e9rence G9+ en partenariat avec Salesforce aura lieu ce 25 juin \u00e0 18h30. Elle portera sur l&#039;innovation.\" \/>\n<meta property=\"og:url\" content=\"https:\/\/visionarymarketing.com\/fr\/2015\/06\/23\/innovation-conference\/\" \/>\n<meta property=\"og:site_name\" content=\"Marketing and Innovation\" \/>\n<meta property=\"article:publisher\" content=\"https:\/\/www.facebook.com\/vismktg\" \/>\n<meta property=\"article:published_time\" content=\"2015-06-23T07:00:50+00:00\" \/>\n<meta property=\"article:modified_time\" content=\"2024-08-21T09:46:08+00:00\" \/>\n<meta property=\"og:image\" content=\"https:\/\/visionarymarketing.com\/wp-content\/uploads\/2019\/11\/47977292358_bf3ee00e95_c.jpg\" \/>\n\t<meta property=\"og:image:width\" content=\"644\" \/>\n\t<meta property=\"og:image:height\" content=\"430\" \/>\n\t<meta property=\"og:image:type\" content=\"image\/jpeg\" \/>\n<meta name=\"author\" content=\"Natacha Heurtault\" \/>\n<meta name=\"twitter:card\" content=\"summary_large_image\" \/>\n<meta name=\"twitter:creator\" content=\"@early_hour\" \/>\n<meta name=\"twitter:site\" content=\"@ygourven\" \/>\n<meta name=\"twitter:label1\" content=\"\u00c9crit par\" \/>\n\t<meta name=\"twitter:data1\" content=\"Natacha Heurtault\" \/>\n\t<meta name=\"twitter:label2\" content=\"Dur\u00e9e de lecture estim\u00e9e\" \/>\n\t<meta name=\"twitter:data2\" content=\"3 minutes\" \/>\n<script type=\"application\/ld+json\" class=\"yoast-schema-graph\">{\"@context\":\"https:\\\/\\\/schema.org\",\"@graph\":[{\"@type\":\"NewsArticle\",\"@id\":\"https:\\\/\\\/visionarymarketing.com\\\/fr\\\/2015\\\/06\\\/23\\\/innovation-conference\\\/#article\",\"isPartOf\":{\"@id\":\"https:\\\/\\\/visionarymarketing.com\\\/fr\\\/2015\\\/06\\\/23\\\/innovation-conference\\\/\"},\"author\":{\"name\":\"Natacha Heurtault\",\"@id\":\"https:\\\/\\\/visionarymarketing.com\\\/fr\\\/#\\\/schema\\\/person\\\/3ec6cf77270cf3df68e5f0ffbc1ba699\"},\"headline\":\"L&rsquo;innovation a ses raisons que la raison ne conna\u00eet pas\",\"datePublished\":\"2015-06-23T07:00:50+00:00\",\"dateModified\":\"2024-08-21T09:46:08+00:00\",\"mainEntityOfPage\":{\"@id\":\"https:\\\/\\\/visionarymarketing.com\\\/fr\\\/2015\\\/06\\\/23\\\/innovation-conference\\\/\"},\"wordCount\":678,\"commentCount\":1,\"image\":{\"@id\":\"https:\\\/\\\/visionarymarketing.com\\\/fr\\\/2015\\\/06\\\/23\\\/innovation-conference\\\/#primaryimage\"},\"thumbnailUrl\":\"https:\\\/\\\/visionarymarketing.com\\\/wp-content\\\/uploads\\\/2019\\\/11\\\/47977292358_bf3ee00e95_c.jpg\",\"articleSection\":[\"marketing digital\"],\"inLanguage\":\"fr-FR\",\"potentialAction\":[{\"@type\":\"CommentAction\",\"name\":\"Comment\",\"target\":[\"https:\\\/\\\/visionarymarketing.com\\\/fr\\\/2015\\\/06\\\/23\\\/innovation-conference\\\/#respond\"]}]},{\"@type\":\"WebPage\",\"@id\":\"https:\\\/\\\/visionarymarketing.com\\\/fr\\\/2015\\\/06\\\/23\\\/innovation-conference\\\/\",\"url\":\"https:\\\/\\\/visionarymarketing.com\\\/fr\\\/2015\\\/06\\\/23\\\/innovation-conference\\\/\",\"name\":\"L'innovation a ses raisons que la raison ne conna\u00eet pas\",\"isPartOf\":{\"@id\":\"https:\\\/\\\/visionarymarketing.com\\\/fr\\\/#website\"},\"primaryImageOfPage\":{\"@id\":\"https:\\\/\\\/visionarymarketing.com\\\/fr\\\/2015\\\/06\\\/23\\\/innovation-conference\\\/#primaryimage\"},\"image\":{\"@id\":\"https:\\\/\\\/visionarymarketing.com\\\/fr\\\/2015\\\/06\\\/23\\\/innovation-conference\\\/#primaryimage\"},\"thumbnailUrl\":\"https:\\\/\\\/visionarymarketing.com\\\/wp-content\\\/uploads\\\/2019\\\/11\\\/47977292358_bf3ee00e95_c.jpg\",\"datePublished\":\"2015-06-23T07:00:50+00:00\",\"dateModified\":\"2024-08-21T09:46:08+00:00\",\"author\":{\"@id\":\"https:\\\/\\\/visionarymarketing.com\\\/fr\\\/#\\\/schema\\\/person\\\/3ec6cf77270cf3df68e5f0ffbc1ba699\"},\"description\":\"Une conf\u00e9rence G9+ en partenariat avec Salesforce aura lieu ce 25 juin \u00e0 18h30. Elle portera sur l'innovation.\",\"breadcrumb\":{\"@id\":\"https:\\\/\\\/visionarymarketing.com\\\/fr\\\/2015\\\/06\\\/23\\\/innovation-conference\\\/#breadcrumb\"},\"inLanguage\":\"fr-FR\",\"potentialAction\":[{\"@type\":\"ReadAction\",\"target\":[\"https:\\\/\\\/visionarymarketing.com\\\/fr\\\/2015\\\/06\\\/23\\\/innovation-conference\\\/\"]}]},{\"@type\":\"ImageObject\",\"inLanguage\":\"fr-FR\",\"@id\":\"https:\\\/\\\/visionarymarketing.com\\\/fr\\\/2015\\\/06\\\/23\\\/innovation-conference\\\/#primaryimage\",\"url\":\"https:\\\/\\\/visionarymarketing.com\\\/wp-content\\\/uploads\\\/2019\\\/11\\\/47977292358_bf3ee00e95_c.jpg\",\"contentUrl\":\"https:\\\/\\\/visionarymarketing.com\\\/wp-content\\\/uploads\\\/2019\\\/11\\\/47977292358_bf3ee00e95_c.jpg\",\"width\":644,\"height\":430},{\"@type\":\"BreadcrumbList\",\"@id\":\"https:\\\/\\\/visionarymarketing.com\\\/fr\\\/2015\\\/06\\\/23\\\/innovation-conference\\\/#breadcrumb\",\"itemListElement\":[{\"@type\":\"ListItem\",\"position\":1,\"name\":\"Home\",\"item\":\"https:\\\/\\\/visionarymarketing.com\\\/fr\\\/\"},{\"@type\":\"ListItem\",\"position\":2,\"name\":\"L&#8217;innovation a ses raisons que la raison ne conna\u00eet pas\"}]},{\"@type\":\"WebSite\",\"@id\":\"https:\\\/\\\/visionarymarketing.com\\\/fr\\\/#website\",\"url\":\"https:\\\/\\\/visionarymarketing.com\\\/fr\\\/\",\"name\":\"Marketing and Innovation\",\"description\":\"Site d&#039;infos ind\u00e9pendant, depuis 1996\",\"potentialAction\":[{\"@type\":\"SearchAction\",\"target\":{\"@type\":\"EntryPoint\",\"urlTemplate\":\"https:\\\/\\\/visionarymarketing.com\\\/fr\\\/?s={search_term_string}\"},\"query-input\":{\"@type\":\"PropertyValueSpecification\",\"valueRequired\":true,\"valueName\":\"search_term_string\"}}],\"inLanguage\":\"fr-FR\"},{\"@type\":\"Person\",\"@id\":\"https:\\\/\\\/visionarymarketing.com\\\/fr\\\/#\\\/schema\\\/person\\\/3ec6cf77270cf3df68e5f0ffbc1ba699\",\"name\":\"Natacha Heurtault\",\"image\":{\"@type\":\"ImageObject\",\"inLanguage\":\"fr-FR\",\"@id\":\"https:\\\/\\\/secure.gravatar.com\\\/avatar\\\/f56ebaf925c2580988eeda9ea718a9c05d1f453d75de8a0a86888d2ef65b5cd6?s=96&d=initials&r=g&initials=nh\",\"url\":\"https:\\\/\\\/secure.gravatar.com\\\/avatar\\\/f56ebaf925c2580988eeda9ea718a9c05d1f453d75de8a0a86888d2ef65b5cd6?s=96&d=initials&r=g&initials=nh\",\"contentUrl\":\"https:\\\/\\\/secure.gravatar.com\\\/avatar\\\/f56ebaf925c2580988eeda9ea718a9c05d1f453d75de8a0a86888d2ef65b5cd6?s=96&d=initials&r=g&initials=nh\",\"caption\":\"Natacha Heurtault\"},\"description\":\"Natacha has more than 20 years of experience in communication, press relations and influencer communication. She is a freelance communications manager for high-tech companies and start-ups.\",\"sameAs\":[\"https:\\\/\\\/x.com\\\/early_hour\"],\"url\":\"https:\\\/\\\/visionarymarketing.com\\\/fr\\\/author\\\/natachah\\\/\"}]}<\/script>\n<!-- \/ Yoast SEO plugin. -->","yoast_head_json":{"title":"L'innovation a ses raisons que la raison ne conna\u00eet pas","description":"Une conf\u00e9rence G9+ en partenariat avec Salesforce aura lieu ce 25 juin \u00e0 18h30. Elle portera sur l'innovation.","robots":{"index":"index","follow":"follow","max-snippet":"max-snippet:-1","max-image-preview":"max-image-preview:large","max-video-preview":"max-video-preview:-1"},"canonical":"https:\/\/visionarymarketing.com\/fr\/2015\/06\/23\/innovation-conference\/","og_locale":"fr_FR","og_type":"article","og_title":"L'innovation a ses raisons que la raison ne conna\u00eet pas","og_description":"Une conf\u00e9rence G9+ en partenariat avec Salesforce aura lieu ce 25 juin \u00e0 18h30. Elle portera sur l'innovation.","og_url":"https:\/\/visionarymarketing.com\/fr\/2015\/06\/23\/innovation-conference\/","og_site_name":"Marketing and Innovation","article_publisher":"https:\/\/www.facebook.com\/vismktg","article_published_time":"2015-06-23T07:00:50+00:00","article_modified_time":"2024-08-21T09:46:08+00:00","og_image":[{"width":644,"height":430,"url":"https:\/\/visionarymarketing.com\/wp-content\/uploads\/2019\/11\/47977292358_bf3ee00e95_c.jpg","type":"image\/jpeg"}],"author":"Natacha Heurtault","twitter_card":"summary_large_image","twitter_creator":"@early_hour","twitter_site":"@ygourven","twitter_misc":{"\u00c9crit par":"Natacha Heurtault","Dur\u00e9e de lecture estim\u00e9e":"3 minutes"},"schema":{"@context":"https:\/\/schema.org","@graph":[{"@type":"NewsArticle","@id":"https:\/\/visionarymarketing.com\/fr\/2015\/06\/23\/innovation-conference\/#article","isPartOf":{"@id":"https:\/\/visionarymarketing.com\/fr\/2015\/06\/23\/innovation-conference\/"},"author":{"name":"Natacha Heurtault","@id":"https:\/\/visionarymarketing.com\/fr\/#\/schema\/person\/3ec6cf77270cf3df68e5f0ffbc1ba699"},"headline":"L&rsquo;innovation a ses raisons que la raison ne conna\u00eet pas","datePublished":"2015-06-23T07:00:50+00:00","dateModified":"2024-08-21T09:46:08+00:00","mainEntityOfPage":{"@id":"https:\/\/visionarymarketing.com\/fr\/2015\/06\/23\/innovation-conference\/"},"wordCount":678,"commentCount":1,"image":{"@id":"https:\/\/visionarymarketing.com\/fr\/2015\/06\/23\/innovation-conference\/#primaryimage"},"thumbnailUrl":"https:\/\/visionarymarketing.com\/wp-content\/uploads\/2019\/11\/47977292358_bf3ee00e95_c.jpg","articleSection":["marketing digital"],"inLanguage":"fr-FR","potentialAction":[{"@type":"CommentAction","name":"Comment","target":["https:\/\/visionarymarketing.com\/fr\/2015\/06\/23\/innovation-conference\/#respond"]}]},{"@type":"WebPage","@id":"https:\/\/visionarymarketing.com\/fr\/2015\/06\/23\/innovation-conference\/","url":"https:\/\/visionarymarketing.com\/fr\/2015\/06\/23\/innovation-conference\/","name":"L'innovation a ses raisons que la raison ne conna\u00eet pas","isPartOf":{"@id":"https:\/\/visionarymarketing.com\/fr\/#website"},"primaryImageOfPage":{"@id":"https:\/\/visionarymarketing.com\/fr\/2015\/06\/23\/innovation-conference\/#primaryimage"},"image":{"@id":"https:\/\/visionarymarketing.com\/fr\/2015\/06\/23\/innovation-conference\/#primaryimage"},"thumbnailUrl":"https:\/\/visionarymarketing.com\/wp-content\/uploads\/2019\/11\/47977292358_bf3ee00e95_c.jpg","datePublished":"2015-06-23T07:00:50+00:00","dateModified":"2024-08-21T09:46:08+00:00","author":{"@id":"https:\/\/visionarymarketing.com\/fr\/#\/schema\/person\/3ec6cf77270cf3df68e5f0ffbc1ba699"},"description":"Une conf\u00e9rence G9+ en partenariat avec Salesforce aura lieu ce 25 juin \u00e0 18h30. Elle portera sur l'innovation.","breadcrumb":{"@id":"https:\/\/visionarymarketing.com\/fr\/2015\/06\/23\/innovation-conference\/#breadcrumb"},"inLanguage":"fr-FR","potentialAction":[{"@type":"ReadAction","target":["https:\/\/visionarymarketing.com\/fr\/2015\/06\/23\/innovation-conference\/"]}]},{"@type":"ImageObject","inLanguage":"fr-FR","@id":"https:\/\/visionarymarketing.com\/fr\/2015\/06\/23\/innovation-conference\/#primaryimage","url":"https:\/\/visionarymarketing.com\/wp-content\/uploads\/2019\/11\/47977292358_bf3ee00e95_c.jpg","contentUrl":"https:\/\/visionarymarketing.com\/wp-content\/uploads\/2019\/11\/47977292358_bf3ee00e95_c.jpg","width":644,"height":430},{"@type":"BreadcrumbList","@id":"https:\/\/visionarymarketing.com\/fr\/2015\/06\/23\/innovation-conference\/#breadcrumb","itemListElement":[{"@type":"ListItem","position":1,"name":"Home","item":"https:\/\/visionarymarketing.com\/fr\/"},{"@type":"ListItem","position":2,"name":"L&#8217;innovation a ses raisons que la raison ne conna\u00eet pas"}]},{"@type":"WebSite","@id":"https:\/\/visionarymarketing.com\/fr\/#website","url":"https:\/\/visionarymarketing.com\/fr\/","name":"Marketing and Innovation","description":"Site d&#039;infos ind\u00e9pendant, depuis 1996","potentialAction":[{"@type":"SearchAction","target":{"@type":"EntryPoint","urlTemplate":"https:\/\/visionarymarketing.com\/fr\/?s={search_term_string}"},"query-input":{"@type":"PropertyValueSpecification","valueRequired":true,"valueName":"search_term_string"}}],"inLanguage":"fr-FR"},{"@type":"Person","@id":"https:\/\/visionarymarketing.com\/fr\/#\/schema\/person\/3ec6cf77270cf3df68e5f0ffbc1ba699","name":"Natacha Heurtault","image":{"@type":"ImageObject","inLanguage":"fr-FR","@id":"https:\/\/secure.gravatar.com\/avatar\/f56ebaf925c2580988eeda9ea718a9c05d1f453d75de8a0a86888d2ef65b5cd6?s=96&d=initials&r=g&initials=nh","url":"https:\/\/secure.gravatar.com\/avatar\/f56ebaf925c2580988eeda9ea718a9c05d1f453d75de8a0a86888d2ef65b5cd6?s=96&d=initials&r=g&initials=nh","contentUrl":"https:\/\/secure.gravatar.com\/avatar\/f56ebaf925c2580988eeda9ea718a9c05d1f453d75de8a0a86888d2ef65b5cd6?s=96&d=initials&r=g&initials=nh","caption":"Natacha Heurtault"},"description":"Natacha has more than 20 years of experience in communication, press relations and influencer communication. She is a freelance communications manager for high-tech companies and start-ups.","sameAs":["https:\/\/x.com\/early_hour"],"url":"https:\/\/visionarymarketing.com\/fr\/author\/natachah\/"}]}},"_links":{"self":[{"href":"https:\/\/visionarymarketing.com\/fr\/wp-json\/wp\/v2\/posts\/18616","targetHints":{"allow":["GET"]}}],"collection":[{"href":"https:\/\/visionarymarketing.com\/fr\/wp-json\/wp\/v2\/posts"}],"about":[{"href":"https:\/\/visionarymarketing.com\/fr\/wp-json\/wp\/v2\/types\/post"}],"author":[{"embeddable":true,"href":"https:\/\/visionarymarketing.com\/fr\/wp-json\/wp\/v2\/users\/20"}],"replies":[{"embeddable":true,"href":"https:\/\/visionarymarketing.com\/fr\/wp-json\/wp\/v2\/comments?post=18616"}],"version-history":[{"count":0,"href":"https:\/\/visionarymarketing.com\/fr\/wp-json\/wp\/v2\/posts\/18616\/revisions"}],"wp:featuredmedia":[{"embeddable":true,"href":"https:\/\/visionarymarketing.com\/fr\/wp-json\/wp\/v2\/media\/34067"}],"wp:attachment":[{"href":"https:\/\/visionarymarketing.com\/fr\/wp-json\/wp\/v2\/media?parent=18616"}],"wp:term":[{"taxonomy":"category","embeddable":true,"href":"https:\/\/visionarymarketing.com\/fr\/wp-json\/wp\/v2\/categories?post=18616"},{"taxonomy":"post_tag","embeddable":true,"href":"https:\/\/visionarymarketing.com\/fr\/wp-json\/wp\/v2\/tags?post=18616"}],"curies":[{"name":"wp","href":"https:\/\/api.w.org\/{rel}","templated":true}]}}