{"id":18524,"date":"2015-06-17T08:50:53","date_gmt":"2015-06-17T06:50:53","guid":{"rendered":"http:\/\/visionarymarketing.fr\/blog\/?p=18524"},"modified":"2022-12-20T22:35:14","modified_gmt":"2022-12-20T21:35:14","slug":"barometre-medias-sociaux","status":"publish","type":"post","link":"https:\/\/visionarymarketing.com\/fr\/2015\/06\/17\/barometre-medias-sociaux\/","title":{"rendered":"Barom\u00e8tre m\u00e9dias sociaux en France Webinaire le 02\/07\/15 #baromediasociaux"},"content":{"rendered":"<p><em>Cela fait 10 ans que les <span class=\"removed_link\" title=\"http:\/\/www.medias-sociaux.net\">m\u00e9dias sociaux<\/span> font partie, de pr\u00e8s ou de loin, de notre quotidien. M\u00eame si de nombreuses entreprises ne voient toujours pas l&rsquo;int\u00e9r\u00eat de surfer sur la vague, et que d&rsquo;autres le font encore \u00e0 moiti\u00e9, il est ind\u00e9niable que\u00a0<a href=\"https:\/\/visionarymarketing.com\/fr\/2011\/03\/12-le-film-des-medias-sociaux-expliques-a-mon-boss-usages-tendances\/\" target=\"_blank\" rel=\"noopener noreferrer\">les m\u00e9dias sociaux sont devenus\u00a0un pilier du marketing<\/a>. \u00a0Ils ont chang\u00e9 nos habitudes, dans la sph\u00e8re personnelle comme dans la sph\u00e8re professionnelle.\u00a0<span class=\"removed_link\" title=\"http:\/\/www.medias-sociaux.net\"><\/span>Cependant, <strong>l&rsquo;usage des m\u00e9dias sociaux dans le cadre du marketing en France reste \u00e0 d\u00e9terminer, et notamment \u00e0 comparer avec les pays de r\u00e9f\u00e9rence<\/strong>. C&rsquo;est pour cela que <strong>l&rsquo;\u00e9diteur canadien de la plateforme leader de gestion des m\u00e9dias sociaux <span class=\"removed_link\" title=\"https:\/\/hootsuite.com\/fr-fr\/\">Hootsuite<\/span> s&rsquo;est unie avec <a href=\"https:\/\/web.archive.org\/web\/20170606104142\/http:\/\/www.adetem.org\/xwiki\/bin\/view\/NBAdetemPublic\/\" target=\"_blank\" rel=\"noopener noreferrer\">Adetem<\/a> et <a href=\"https:\/\/visionarymarketing.com\/\" target=\"_blank\" rel=\"noopener noreferrer\">Visionary Marketing <\/a><\/strong>afin de pr\u00e9senter l<strong>e premier barom\u00e8tre m\u00e9dias sociaux sur l&rsquo;usage des <a href=\"https:\/\/visionarymarketing.com\/fr\/2015\/03\/medias-sociaux-de-la-necessite-dinteragir\/\" target=\"_blank\" rel=\"noopener noreferrer\">m\u00e9dias sociaux<\/a>\u00a0par les directions marketing en France<\/strong>. <a href=\"https:\/\/twitter.com\/hashtag\/baromediasociaux\" target=\"_blank\" rel=\"noopener noreferrer\">Les r\u00e9sultats venant de tomber sur nos t\u00e9l\u00e9scripteurs<\/a> (ils ont \u00e9t\u00e9 pr\u00e9sent\u00e9s \u00e0 l&rsquo;Adetem la semaine derni\u00e8re), nous vous convions \u00e0 un <span class=\"removed_link\" title=\"http:\/\/www.medias-sociaux.net\">webinaire organis\u00e9 en partenariat avec Webikeo<\/span>, o\u00f9 nous pr\u00e9senterons avec Hootsuite les r\u00e9sultats de ce barom\u00e8tre, un des seuls \u00e0 proposer une comparaison entre USA\/Canada et France sur la base d&rsquo;un questionnaire commun. Ces r\u00e9sultats seront mis \u00e0 disposition des demandeurs, sous la forme d&rsquo;un livre blanc \u00e9crit par les consultants de Visionary Marketing en partenariat avec Hootsuite et sous le patronage de l&rsquo;Adetem.\u00a0<\/em><\/p>\n<h2><strong>Les r\u00e9sultats du barom\u00e8tre m\u00e9dias sociaux en France sont d\u00e9sormais disponibles et nous vous invitons \u00e0 les d\u00e9couvrir en participant \u00e0 notre Webinar du 2 Juillet :<\/strong><\/h2>\n<figure id=\"attachment_17796\" aria-describedby=\"caption-attachment-17796\" style=\"width: 300px\" class=\"wp-caption aligncenter\"><img decoding=\"async\" class=\"wp-image-17796 size-medium\" src=\"https:\/\/visionarymarketing.com\/wp-content\/uploads\/2015\/04\/tous-boutons-300x50.png\" alt=\"Webinar m\u00e9dias sociaux\" width=\"300\" height=\"50\" srcset=\"https:\/\/visionarymarketing.com\/wp-content\/uploads\/2015\/04\/tous-boutons-300x50.png 300w, https:\/\/visionarymarketing.com\/wp-content\/uploads\/2015\/04\/tous-boutons.png 450w\" sizes=\"(max-width: 300px) 100vw, 300px\" \/><figcaption id=\"caption-attachment-17796\" class=\"wp-caption-text\"><\/span> <strong>Pour suivre notre Webinar le Jeudi 2 JUILLET \u00e0 14h00.<\/strong><\/figcaption><\/figure>\n<p><strong>&#8211;\u00a0<\/strong>Quel est l&rsquo;impact des m\u00e9dias sociaux dans les strat\u00e9gies marketing des entreprises fran\u00e7aises ?<br \/>\n&#8211; Quels r\u00e9seaux sociaux les marketeurs fran\u00e7ais utilisent-ils aujourd\u2019hui, et pourquoi?<br \/>\n&#8211; Quels sont les principaux enjeux auxquels ils sont confront\u00e9s?<br \/>\n&#8211; Quelles sont les bonnes pratiques?<br \/>\n&#8211; Comment la France se compare-t-elle au reste du monde sur les points ci-dessus ?<\/p>\n<h2><strong>Quelques<\/strong><strong> mo<\/strong><strong>ts<\/strong><strong> sur la<\/strong><strong> m\u00e9thod<\/strong><strong>ologie<\/strong><strong> de l\u2019\u00e9tude:<\/strong><\/h2>\n<ul>\n<li>Une \u00e9tude en ligne aupr\u00e8s des adh\u00e9rents de l\u2019Adetem<\/li>\n<li>Deux tables rondes r\u00e9unissants des professionnels du Marketing<\/li>\n<li>Plusieurs interviews t\u00e9l\u00e9phoniques aupr\u00e8s d\u2019experts Marketing<\/li>\n<li>Benchmark d\u00e9taill\u00e9 avec les r\u00e9sultats des \u00e9tudes internationales men\u00e9es par Hootsuite (Etats-Unis, Canada, \u00a0Royaume-Unis).<\/li>\n<\/ul>\n<h2><strong>\u00c0 propos des concepteurs du barom\u00e8tre m\u00e9dias\u00a0sociaux 2015<\/strong><\/h2>\n<blockquote class=\"quote-light\"><p><em><u><strong>Adetem:<\/strong><\/u><\/em><br \/>\n<em> Adetem (l\u2019Association nationale des professionnels du marketing) a \u00e9t\u00e9 cr\u00e9\u00e9e en 1954. L\u2019Adetem est une association fran\u00e7aise \u00e0 but non lucratif, reconnue d\u2019utilit\u00e9 publique, dont la mission principale est d\u2019offrir \u00e0 ses adh\u00e9rents un lieu nourri d\u2019\u00e9changes et de rencontre pour progresser en permanence dans leur m\u00e9tier et b\u00e9n\u00e9ficier d\u2019un r\u00e9seau relationnel unique et qualifi\u00e9 de dirigeants, de marketeurs et d\u2019experts.<\/em><\/p>\n<p><em><u><strong>Hootsuite:<\/strong><\/u><\/em><br \/>\n<em> Avec plus d\u201912 millions d\u2019utilisateurs, Hootsuite est la plateforme de gestion des m\u00e9dias sociaux la plus utilis\u00e9e au monde. La solution Hootsuite Enterprise permet aux entreprises de d\u00e9finir et suivre leur strat\u00e9gie de Social \u00a0Media au niveau global. Gr\u00e2ce \u00e0 notre plateforme s\u00e9curis\u00e9e et \u00e9volutive, diff\u00e9rents services, \u00e9quipes et centres de profits peuvent collaborer, optimiser et g\u00e9n\u00e9rer des retours mesurables de leur strat\u00e9gie des r\u00e9seaux sociaux.<\/em><\/p>\n<p><em><u><strong>Visionary Marketing:<\/strong><\/u><\/em><br \/>\n<em> Visionary marketing est une agence de marketing Web sp\u00e9cialis\u00e9e dans la transformation et la communication digitale. Cr\u00e9\u00e9e en d\u00e9but 2014, elle intervient dans les domaines B2B et B2C et accompagne plus de 20 clients en France et \u00e0 l\u2019international dans les domaines digitaux et strat\u00e9giques.<\/em><\/p><\/blockquote>\n<dl id=\"attachment_17796\" class=\"wp-caption aligncenter\" style=\"width: 310px;\">\n<dt class=\"wp-caption-dt\">\n<figure id=\"attachment_17796\" aria-describedby=\"caption-attachment-17796\" style=\"width: 300px\" class=\"wp-caption aligncenter\"><img decoding=\"async\" class=\"wp-image-17796 size-medium\" src=\"https:\/\/visionarymarketing.com\/wp-content\/uploads\/2015\/04\/tous-boutons-300x50.png\" alt=\"Webinar m\u00e9dias sociaux\" width=\"300\" height=\"50\" srcset=\"https:\/\/visionarymarketing.com\/wp-content\/uploads\/2015\/04\/tous-boutons-300x50.png 300w, https:\/\/visionarymarketing.com\/wp-content\/uploads\/2015\/04\/tous-boutons.png 450w\" sizes=\"(max-width: 300px) 100vw, 300px\" \/><figcaption id=\"caption-attachment-17796\" class=\"wp-caption-text\"><\/span> <strong>Pour suivre notre Webinar le Jeudi 2 JUILLET \u00e0 14h00.<\/strong><\/figcaption><\/figure>\n<\/dt>\n<\/dl>\n","protected":false},"excerpt":{"rendered":"<p>Cela fait 10 ans que les m\u00e9dias sociaux font partie, de pr\u00e8s ou de loin, de notre quotidien. M\u00eame si de nombreuses entreprises ne voient toujours pas l&rsquo;int\u00e9r\u00eat de surfer sur la vague, et que d&rsquo;autres le font encore \u00e0 moiti\u00e9, il est ind\u00e9niable que\u00a0les m\u00e9dias sociaux sont devenus\u00a0un pilier du marketing. \u00a0Ils ont chang\u00e9 &hellip;<\/p>\n","protected":false},"author":2,"featured_media":34070,"comment_status":"open","ping_status":"open","sticky":false,"template":"","format":"standard","meta":{"footnotes":""},"categories":[25],"tags":[],"class_list":["post-18524","post","type-post","status-publish","format-standard","has-post-thumbnail","hentry","category-medias-sociaux"],"yoast_head":"<!-- This site is optimized with the Yoast SEO plugin v27.4 - https:\/\/yoast.com\/product\/yoast-seo-wordpress\/ -->\n<title>barom\u00e8tre m\u00e9dias sociaux en France - Webinaire 02\/07\/15<\/title>\n<meta name=\"description\" content=\"Ce barom\u00e8tre m\u00e9dias sociaux en marketing en France est la premi\u00e8re du genre. Adetem Hootsuite et VIsionary Marketing en sont les cr\u00e9ateurs\" \/>\n<meta name=\"robots\" content=\"index, follow, max-snippet:-1, max-image-preview:large, max-video-preview:-1\" \/>\n<link rel=\"canonical\" href=\"https:\/\/visionarymarketing.com\/fr\/2015\/06\/17\/barometre-medias-sociaux\/\" \/>\n<meta property=\"og:locale\" content=\"fr_FR\" \/>\n<meta property=\"og:type\" content=\"article\" \/>\n<meta property=\"og:title\" content=\"barom\u00e8tre m\u00e9dias sociaux en France - Webinaire 02\/07\/15\" \/>\n<meta property=\"og:description\" content=\"Ce barom\u00e8tre m\u00e9dias sociaux en marketing en France est la premi\u00e8re du genre. Adetem Hootsuite et VIsionary Marketing en sont les cr\u00e9ateurs\" \/>\n<meta property=\"og:url\" content=\"https:\/\/visionarymarketing.com\/fr\/2015\/06\/17\/barometre-medias-sociaux\/\" \/>\n<meta property=\"og:site_name\" content=\"Marketing and Innovation\" \/>\n<meta property=\"article:publisher\" content=\"https:\/\/www.facebook.com\/vismktg\" \/>\n<meta property=\"article:author\" content=\"http:\/\/facebook.com\/ygourven\" \/>\n<meta property=\"article:published_time\" content=\"2015-06-17T06:50:53+00:00\" \/>\n<meta property=\"article:modified_time\" content=\"2022-12-20T21:35:14+00:00\" \/>\n<meta property=\"og:image\" content=\"https:\/\/visionarymarketing.com\/wp-content\/uploads\/2019\/11\/default-image-blog-Visionary-Marketing-e1600435653473.jpg\" \/>\n\t<meta property=\"og:image:width\" content=\"519\" \/>\n\t<meta property=\"og:image:height\" content=\"340\" \/>\n\t<meta property=\"og:image:type\" content=\"image\/jpeg\" \/>\n<meta name=\"author\" content=\"Yann Gourvennec\" \/>\n<meta name=\"twitter:card\" content=\"summary_large_image\" \/>\n<meta name=\"twitter:creator\" content=\"@ygourven\" \/>\n<meta name=\"twitter:site\" content=\"@ygourven\" \/>\n<meta name=\"twitter:label1\" content=\"\u00c9crit par\" \/>\n\t<meta name=\"twitter:data1\" content=\"Yann Gourvennec\" \/>\n\t<meta name=\"twitter:label2\" content=\"Dur\u00e9e de lecture estim\u00e9e\" \/>\n\t<meta name=\"twitter:data2\" content=\"3 minutes\" \/>\n<script type=\"application\/ld+json\" class=\"yoast-schema-graph\">{\"@context\":\"https:\\\/\\\/schema.org\",\"@graph\":[{\"@type\":\"NewsArticle\",\"@id\":\"https:\\\/\\\/visionarymarketing.com\\\/fr\\\/2015\\\/06\\\/17\\\/barometre-medias-sociaux\\\/#article\",\"isPartOf\":{\"@id\":\"https:\\\/\\\/visionarymarketing.com\\\/fr\\\/2015\\\/06\\\/17\\\/barometre-medias-sociaux\\\/\"},\"author\":{\"name\":\"Yann Gourvennec\",\"@id\":\"https:\\\/\\\/visionarymarketing.com\\\/fr\\\/#\\\/schema\\\/person\\\/3754fee1e558f47b8deb46f53c37423e\"},\"headline\":\"Barom\u00e8tre m\u00e9dias sociaux en France Webinaire le 02\\\/07\\\/15 #baromediasociaux\",\"datePublished\":\"2015-06-17T06:50:53+00:00\",\"dateModified\":\"2022-12-20T21:35:14+00:00\",\"mainEntityOfPage\":{\"@id\":\"https:\\\/\\\/visionarymarketing.com\\\/fr\\\/2015\\\/06\\\/17\\\/barometre-medias-sociaux\\\/\"},\"wordCount\":655,\"commentCount\":0,\"image\":{\"@id\":\"https:\\\/\\\/visionarymarketing.com\\\/fr\\\/2015\\\/06\\\/17\\\/barometre-medias-sociaux\\\/#primaryimage\"},\"thumbnailUrl\":\"https:\\\/\\\/visionarymarketing.com\\\/wp-content\\\/uploads\\\/2019\\\/11\\\/default-image-blog-Visionary-Marketing-e1600435653473.jpg\",\"articleSection\":[\"m\u00e9dias \\\/ r\u00e9seaux sociaux\"],\"inLanguage\":\"fr-FR\",\"potentialAction\":[{\"@type\":\"CommentAction\",\"name\":\"Comment\",\"target\":[\"https:\\\/\\\/visionarymarketing.com\\\/fr\\\/2015\\\/06\\\/17\\\/barometre-medias-sociaux\\\/#respond\"]}]},{\"@type\":\"WebPage\",\"@id\":\"https:\\\/\\\/visionarymarketing.com\\\/fr\\\/2015\\\/06\\\/17\\\/barometre-medias-sociaux\\\/\",\"url\":\"https:\\\/\\\/visionarymarketing.com\\\/fr\\\/2015\\\/06\\\/17\\\/barometre-medias-sociaux\\\/\",\"name\":\"barom\u00e8tre m\u00e9dias sociaux en France - Webinaire 02\\\/07\\\/15\",\"isPartOf\":{\"@id\":\"https:\\\/\\\/visionarymarketing.com\\\/fr\\\/#website\"},\"primaryImageOfPage\":{\"@id\":\"https:\\\/\\\/visionarymarketing.com\\\/fr\\\/2015\\\/06\\\/17\\\/barometre-medias-sociaux\\\/#primaryimage\"},\"image\":{\"@id\":\"https:\\\/\\\/visionarymarketing.com\\\/fr\\\/2015\\\/06\\\/17\\\/barometre-medias-sociaux\\\/#primaryimage\"},\"thumbnailUrl\":\"https:\\\/\\\/visionarymarketing.com\\\/wp-content\\\/uploads\\\/2019\\\/11\\\/default-image-blog-Visionary-Marketing-e1600435653473.jpg\",\"datePublished\":\"2015-06-17T06:50:53+00:00\",\"dateModified\":\"2022-12-20T21:35:14+00:00\",\"author\":{\"@id\":\"https:\\\/\\\/visionarymarketing.com\\\/fr\\\/#\\\/schema\\\/person\\\/3754fee1e558f47b8deb46f53c37423e\"},\"description\":\"Ce barom\u00e8tre m\u00e9dias sociaux en marketing en France est la premi\u00e8re du genre. Adetem Hootsuite et VIsionary Marketing en sont les cr\u00e9ateurs\",\"breadcrumb\":{\"@id\":\"https:\\\/\\\/visionarymarketing.com\\\/fr\\\/2015\\\/06\\\/17\\\/barometre-medias-sociaux\\\/#breadcrumb\"},\"inLanguage\":\"fr-FR\",\"potentialAction\":[{\"@type\":\"ReadAction\",\"target\":[\"https:\\\/\\\/visionarymarketing.com\\\/fr\\\/2015\\\/06\\\/17\\\/barometre-medias-sociaux\\\/\"]}]},{\"@type\":\"ImageObject\",\"inLanguage\":\"fr-FR\",\"@id\":\"https:\\\/\\\/visionarymarketing.com\\\/fr\\\/2015\\\/06\\\/17\\\/barometre-medias-sociaux\\\/#primaryimage\",\"url\":\"https:\\\/\\\/visionarymarketing.com\\\/wp-content\\\/uploads\\\/2019\\\/11\\\/default-image-blog-Visionary-Marketing-e1600435653473.jpg\",\"contentUrl\":\"https:\\\/\\\/visionarymarketing.com\\\/wp-content\\\/uploads\\\/2019\\\/11\\\/default-image-blog-Visionary-Marketing-e1600435653473.jpg\",\"width\":519,\"height\":340,\"caption\":\"Heliothrope - visionary marketing \u00a9 2015\"},{\"@type\":\"BreadcrumbList\",\"@id\":\"https:\\\/\\\/visionarymarketing.com\\\/fr\\\/2015\\\/06\\\/17\\\/barometre-medias-sociaux\\\/#breadcrumb\",\"itemListElement\":[{\"@type\":\"ListItem\",\"position\":1,\"name\":\"Home\",\"item\":\"https:\\\/\\\/visionarymarketing.com\\\/fr\\\/\"},{\"@type\":\"ListItem\",\"position\":2,\"name\":\"Barom\u00e8tre m\u00e9dias sociaux en France Webinaire le 02\\\/07\\\/15 #baromediasociaux\"}]},{\"@type\":\"WebSite\",\"@id\":\"https:\\\/\\\/visionarymarketing.com\\\/fr\\\/#website\",\"url\":\"https:\\\/\\\/visionarymarketing.com\\\/fr\\\/\",\"name\":\"Marketing and Innovation\",\"description\":\"Site d&#039;infos ind\u00e9pendant, depuis 1996\",\"potentialAction\":[{\"@type\":\"SearchAction\",\"target\":{\"@type\":\"EntryPoint\",\"urlTemplate\":\"https:\\\/\\\/visionarymarketing.com\\\/fr\\\/?s={search_term_string}\"},\"query-input\":{\"@type\":\"PropertyValueSpecification\",\"valueRequired\":true,\"valueName\":\"search_term_string\"}}],\"inLanguage\":\"fr-FR\"},{\"@type\":\"Person\",\"@id\":\"https:\\\/\\\/visionarymarketing.com\\\/fr\\\/#\\\/schema\\\/person\\\/3754fee1e558f47b8deb46f53c37423e\",\"name\":\"Yann Gourvennec\",\"image\":{\"@type\":\"ImageObject\",\"inLanguage\":\"fr-FR\",\"@id\":\"https:\\\/\\\/secure.gravatar.com\\\/avatar\\\/5972001801e8de5692a3e31224e85769f50a55fb8b679749f9c8d1868cceff14?s=96&d=initials&r=g&initials=yg\",\"url\":\"https:\\\/\\\/secure.gravatar.com\\\/avatar\\\/5972001801e8de5692a3e31224e85769f50a55fb8b679749f9c8d1868cceff14?s=96&d=initials&r=g&initials=yg\",\"contentUrl\":\"https:\\\/\\\/secure.gravatar.com\\\/avatar\\\/5972001801e8de5692a3e31224e85769f50a55fb8b679749f9c8d1868cceff14?s=96&d=initials&r=g&initials=yg\",\"caption\":\"Yann Gourvennec\"},\"description\":\"Yann Gourvennec created visionarymarketing.com in 1996. He is a speaker and author of many books. In 2014 he went from intrapreneur to entrepreneur, when he created his digital marketing agency. Yann Gourvennec a cr\u00e9\u00e9 visionarymarketing.com en 1996. Il est conf\u00e9rencier et auteur de plusieurs livres. En 2014, il est pass\u00e9 d'intrapreneur \u00e0 entrepreneur en cr\u00e9ant son agence de marketing num\u00e9rique.\",\"sameAs\":[\"https:\\\/\\\/visionarymarketing.com\",\"http:\\\/\\\/facebook.com\\\/ygourven\",\"http:\\\/\\\/linkedin.com\\\/in\\\/ygourven\",\"https:\\\/\\\/x.com\\\/ygourven\",\"https:\\\/\\\/www.youtube.com\\\/c\\\/visionarymarketingagency\"],\"url\":\"https:\\\/\\\/visionarymarketing.com\\\/fr\\\/author\\\/yann-gourvennec\\\/\"}]}<\/script>\n<!-- \/ Yoast SEO plugin. -->","yoast_head_json":{"title":"barom\u00e8tre m\u00e9dias sociaux en France - Webinaire 02\/07\/15","description":"Ce barom\u00e8tre m\u00e9dias sociaux en marketing en France est la premi\u00e8re du genre. Adetem Hootsuite et VIsionary Marketing en sont les cr\u00e9ateurs","robots":{"index":"index","follow":"follow","max-snippet":"max-snippet:-1","max-image-preview":"max-image-preview:large","max-video-preview":"max-video-preview:-1"},"canonical":"https:\/\/visionarymarketing.com\/fr\/2015\/06\/17\/barometre-medias-sociaux\/","og_locale":"fr_FR","og_type":"article","og_title":"barom\u00e8tre m\u00e9dias sociaux en France - Webinaire 02\/07\/15","og_description":"Ce barom\u00e8tre m\u00e9dias sociaux en marketing en France est la premi\u00e8re du genre. Adetem Hootsuite et VIsionary Marketing en sont les cr\u00e9ateurs","og_url":"https:\/\/visionarymarketing.com\/fr\/2015\/06\/17\/barometre-medias-sociaux\/","og_site_name":"Marketing and Innovation","article_publisher":"https:\/\/www.facebook.com\/vismktg","article_author":"http:\/\/facebook.com\/ygourven","article_published_time":"2015-06-17T06:50:53+00:00","article_modified_time":"2022-12-20T21:35:14+00:00","og_image":[{"width":519,"height":340,"url":"https:\/\/visionarymarketing.com\/wp-content\/uploads\/2019\/11\/default-image-blog-Visionary-Marketing-e1600435653473.jpg","type":"image\/jpeg"}],"author":"Yann Gourvennec","twitter_card":"summary_large_image","twitter_creator":"@ygourven","twitter_site":"@ygourven","twitter_misc":{"\u00c9crit par":"Yann Gourvennec","Dur\u00e9e de lecture estim\u00e9e":"3 minutes"},"schema":{"@context":"https:\/\/schema.org","@graph":[{"@type":"NewsArticle","@id":"https:\/\/visionarymarketing.com\/fr\/2015\/06\/17\/barometre-medias-sociaux\/#article","isPartOf":{"@id":"https:\/\/visionarymarketing.com\/fr\/2015\/06\/17\/barometre-medias-sociaux\/"},"author":{"name":"Yann Gourvennec","@id":"https:\/\/visionarymarketing.com\/fr\/#\/schema\/person\/3754fee1e558f47b8deb46f53c37423e"},"headline":"Barom\u00e8tre m\u00e9dias sociaux en France Webinaire le 02\/07\/15 #baromediasociaux","datePublished":"2015-06-17T06:50:53+00:00","dateModified":"2022-12-20T21:35:14+00:00","mainEntityOfPage":{"@id":"https:\/\/visionarymarketing.com\/fr\/2015\/06\/17\/barometre-medias-sociaux\/"},"wordCount":655,"commentCount":0,"image":{"@id":"https:\/\/visionarymarketing.com\/fr\/2015\/06\/17\/barometre-medias-sociaux\/#primaryimage"},"thumbnailUrl":"https:\/\/visionarymarketing.com\/wp-content\/uploads\/2019\/11\/default-image-blog-Visionary-Marketing-e1600435653473.jpg","articleSection":["m\u00e9dias \/ r\u00e9seaux sociaux"],"inLanguage":"fr-FR","potentialAction":[{"@type":"CommentAction","name":"Comment","target":["https:\/\/visionarymarketing.com\/fr\/2015\/06\/17\/barometre-medias-sociaux\/#respond"]}]},{"@type":"WebPage","@id":"https:\/\/visionarymarketing.com\/fr\/2015\/06\/17\/barometre-medias-sociaux\/","url":"https:\/\/visionarymarketing.com\/fr\/2015\/06\/17\/barometre-medias-sociaux\/","name":"barom\u00e8tre m\u00e9dias sociaux en France - Webinaire 02\/07\/15","isPartOf":{"@id":"https:\/\/visionarymarketing.com\/fr\/#website"},"primaryImageOfPage":{"@id":"https:\/\/visionarymarketing.com\/fr\/2015\/06\/17\/barometre-medias-sociaux\/#primaryimage"},"image":{"@id":"https:\/\/visionarymarketing.com\/fr\/2015\/06\/17\/barometre-medias-sociaux\/#primaryimage"},"thumbnailUrl":"https:\/\/visionarymarketing.com\/wp-content\/uploads\/2019\/11\/default-image-blog-Visionary-Marketing-e1600435653473.jpg","datePublished":"2015-06-17T06:50:53+00:00","dateModified":"2022-12-20T21:35:14+00:00","author":{"@id":"https:\/\/visionarymarketing.com\/fr\/#\/schema\/person\/3754fee1e558f47b8deb46f53c37423e"},"description":"Ce barom\u00e8tre m\u00e9dias sociaux en marketing en France est la premi\u00e8re du genre. Adetem Hootsuite et VIsionary Marketing en sont les cr\u00e9ateurs","breadcrumb":{"@id":"https:\/\/visionarymarketing.com\/fr\/2015\/06\/17\/barometre-medias-sociaux\/#breadcrumb"},"inLanguage":"fr-FR","potentialAction":[{"@type":"ReadAction","target":["https:\/\/visionarymarketing.com\/fr\/2015\/06\/17\/barometre-medias-sociaux\/"]}]},{"@type":"ImageObject","inLanguage":"fr-FR","@id":"https:\/\/visionarymarketing.com\/fr\/2015\/06\/17\/barometre-medias-sociaux\/#primaryimage","url":"https:\/\/visionarymarketing.com\/wp-content\/uploads\/2019\/11\/default-image-blog-Visionary-Marketing-e1600435653473.jpg","contentUrl":"https:\/\/visionarymarketing.com\/wp-content\/uploads\/2019\/11\/default-image-blog-Visionary-Marketing-e1600435653473.jpg","width":519,"height":340,"caption":"Heliothrope - visionary marketing \u00a9 2015"},{"@type":"BreadcrumbList","@id":"https:\/\/visionarymarketing.com\/fr\/2015\/06\/17\/barometre-medias-sociaux\/#breadcrumb","itemListElement":[{"@type":"ListItem","position":1,"name":"Home","item":"https:\/\/visionarymarketing.com\/fr\/"},{"@type":"ListItem","position":2,"name":"Barom\u00e8tre m\u00e9dias sociaux en France Webinaire le 02\/07\/15 #baromediasociaux"}]},{"@type":"WebSite","@id":"https:\/\/visionarymarketing.com\/fr\/#website","url":"https:\/\/visionarymarketing.com\/fr\/","name":"Marketing and Innovation","description":"Site d&#039;infos ind\u00e9pendant, depuis 1996","potentialAction":[{"@type":"SearchAction","target":{"@type":"EntryPoint","urlTemplate":"https:\/\/visionarymarketing.com\/fr\/?s={search_term_string}"},"query-input":{"@type":"PropertyValueSpecification","valueRequired":true,"valueName":"search_term_string"}}],"inLanguage":"fr-FR"},{"@type":"Person","@id":"https:\/\/visionarymarketing.com\/fr\/#\/schema\/person\/3754fee1e558f47b8deb46f53c37423e","name":"Yann Gourvennec","image":{"@type":"ImageObject","inLanguage":"fr-FR","@id":"https:\/\/secure.gravatar.com\/avatar\/5972001801e8de5692a3e31224e85769f50a55fb8b679749f9c8d1868cceff14?s=96&d=initials&r=g&initials=yg","url":"https:\/\/secure.gravatar.com\/avatar\/5972001801e8de5692a3e31224e85769f50a55fb8b679749f9c8d1868cceff14?s=96&d=initials&r=g&initials=yg","contentUrl":"https:\/\/secure.gravatar.com\/avatar\/5972001801e8de5692a3e31224e85769f50a55fb8b679749f9c8d1868cceff14?s=96&d=initials&r=g&initials=yg","caption":"Yann Gourvennec"},"description":"Yann Gourvennec created visionarymarketing.com in 1996. He is a speaker and author of many books. In 2014 he went from intrapreneur to entrepreneur, when he created his digital marketing agency. Yann Gourvennec a cr\u00e9\u00e9 visionarymarketing.com en 1996. Il est conf\u00e9rencier et auteur de plusieurs livres. En 2014, il est pass\u00e9 d'intrapreneur \u00e0 entrepreneur en cr\u00e9ant son agence de marketing num\u00e9rique.","sameAs":["https:\/\/visionarymarketing.com","http:\/\/facebook.com\/ygourven","http:\/\/linkedin.com\/in\/ygourven","https:\/\/x.com\/ygourven","https:\/\/www.youtube.com\/c\/visionarymarketingagency"],"url":"https:\/\/visionarymarketing.com\/fr\/author\/yann-gourvennec\/"}]}},"_links":{"self":[{"href":"https:\/\/visionarymarketing.com\/fr\/wp-json\/wp\/v2\/posts\/18524","targetHints":{"allow":["GET"]}}],"collection":[{"href":"https:\/\/visionarymarketing.com\/fr\/wp-json\/wp\/v2\/posts"}],"about":[{"href":"https:\/\/visionarymarketing.com\/fr\/wp-json\/wp\/v2\/types\/post"}],"author":[{"embeddable":true,"href":"https:\/\/visionarymarketing.com\/fr\/wp-json\/wp\/v2\/users\/2"}],"replies":[{"embeddable":true,"href":"https:\/\/visionarymarketing.com\/fr\/wp-json\/wp\/v2\/comments?post=18524"}],"version-history":[{"count":0,"href":"https:\/\/visionarymarketing.com\/fr\/wp-json\/wp\/v2\/posts\/18524\/revisions"}],"wp:featuredmedia":[{"embeddable":true,"href":"https:\/\/visionarymarketing.com\/fr\/wp-json\/wp\/v2\/media\/34070"}],"wp:attachment":[{"href":"https:\/\/visionarymarketing.com\/fr\/wp-json\/wp\/v2\/media?parent=18524"}],"wp:term":[{"taxonomy":"category","embeddable":true,"href":"https:\/\/visionarymarketing.com\/fr\/wp-json\/wp\/v2\/categories?post=18524"},{"taxonomy":"post_tag","embeddable":true,"href":"https:\/\/visionarymarketing.com\/fr\/wp-json\/wp\/v2\/tags?post=18524"}],"curies":[{"name":"wp","href":"https:\/\/api.w.org\/{rel}","templated":true}]}}