{"id":1851,"date":"2010-09-08T05:00:46","date_gmt":"2010-09-08T05:00:46","guid":{"rendered":"http:\/\/visionary.wordpress.com\/?p=1851"},"modified":"2022-07-05T08:29:22","modified_gmt":"2022-07-05T06:29:22","slug":"label-b2b","status":"publish","type":"post","link":"https:\/\/visionarymarketing.com\/fr\/2010\/09\/08\/label-b2b\/","title":{"rendered":"Un label pro pour l&rsquo;Internet B2B avec Orange Business Services"},"content":{"rendered":"<p><em>Dans le cadre de mes <span class=\"removed_link\" title=\"http:\/\/blogs.orange-business.com\">activit\u00e9s professionnelles chez Orange Business Services<\/span>, j&rsquo;ai lanc\u00e9 le <strong>label b2b <\/strong>qui permet le regroupement des sites des passionn\u00e9s du b2b et de tous ceux qui offrent des informations, des services et des conseils utiles aux professionnels. <strong>Alors, pourquoi un label sur le b2b ?<\/strong><\/em><\/p>\n<h2>Un label pro pour l&rsquo;Internet B2B avec Orange Business Services<\/h2>\n<figure id=\"attachment_54977\" aria-describedby=\"caption-attachment-54977\" style=\"width: 560px\" class=\"wp-caption aligncenter\"><a href=\"https:\/\/visionarymarketing.com\/wp-content\/uploads\/2011\/07\/orange_timeline_hashtag-1024x536-1.jpg\"><img decoding=\"async\" class=\"wp-image-54977 size-full\" src=\"https:\/\/visionarymarketing.com\/wp-content\/uploads\/2011\/07\/orange_timeline_hashtag-1024x536-1.jpg\" alt=\"Un label pro pour l'Internet B2B avec Orange Business Services\" width=\"560\" height=\"293\" srcset=\"https:\/\/visionarymarketing.com\/wp-content\/uploads\/2011\/07\/orange_timeline_hashtag-1024x536-1.jpg 560w, https:\/\/visionarymarketing.com\/wp-content\/uploads\/2011\/07\/orange_timeline_hashtag-1024x536-1-500x262.jpg 500w\" sizes=\"(max-width: 560px) 100vw, 560px\" \/><\/a><figcaption id=\"caption-attachment-54977\" class=\"wp-caption-text\">Un label pro pour l&rsquo;Internet B2B avec Orange Business Services<\/figcaption><\/figure>\n<p><em>Je<\/em> me souviens avoir particip\u00e9 \u00e0 une r\u00e9union de Marketing \u00e0 <a title=\"Istamboul MCT 2002\" href=\"https:\/\/visionarymarketing.com\/_repository\/wanadoo\/istanbulmct2002\/html\/istanbul1.htm\" target=\"_blank\" rel=\"noopener noreferrer\">Istamboul en 2002<\/a> qui regroupait pr\u00e8s d&rsquo;un millier de participants. J&rsquo;y eu le malheur de poser la question : \u00ab\u00a0qui est impliqu\u00e9 dans\/int\u00e9ress\u00e9 par le marketing b2b ?\u00a0\u00bb la r\u00e9ponse fut terrible. Quleques doigts se sont lev\u00e9s et &#8230; un silence de mort. Cette r\u00e9action vis \u00e0 vis du marketing en b2b est \u00e0 mon avis injustifi\u00e9e.<!--more--><\/p>\n<p>La vulgate qui voudrait que <span class=\"removed_link\" title=\"https:\/\/visionarymarketing.com\/2007\/03\/13\/nespresso-la-marque-qui-donne-l%E2%80%99exemple\/\">Nespresso<\/span> est int\u00e9ressant, mais pas le b2b me para\u00eet inadapt\u00e9e \u00e0 la r\u00e9alit\u00e9. Le marketing en b2b est plus vari\u00e9, plus complexe, demande plus de travail, nous force souvent \u00e0 travailler dans l&rsquo;inconnu et \u00e0 faire des hypoth\u00e8ses, est moins pr\u00e9visible, ne peut recourir \u00e0 des budgets somptuaires et demande donc plus de cr\u00e9ativit\u00e9 &#8230; donc de marketing.<\/p>\n<figure id=\"attachment_55807\" aria-describedby=\"caption-attachment-55807\" style=\"width: 350px\" class=\"wp-caption aligncenter\"><a href=\"https:\/\/visionarymarketing.com\/wp-content\/uploads\/2010\/09\/orange-b2b-partenaires.jpg\"><img decoding=\"async\" class=\"wp-image-55807 size-full\" src=\"https:\/\/visionarymarketing.com\/wp-content\/uploads\/2010\/09\/orange-b2b-partenaires.jpg\" alt=\"Un label pro pour l'Internet B2B avec Orange Business Services\" width=\"350\" height=\"350\" srcset=\"https:\/\/visionarymarketing.com\/wp-content\/uploads\/2010\/09\/orange-b2b-partenaires.jpg 350w, https:\/\/visionarymarketing.com\/wp-content\/uploads\/2010\/09\/orange-b2b-partenaires-300x300.jpg 300w, https:\/\/visionarymarketing.com\/wp-content\/uploads\/2010\/09\/orange-b2b-partenaires-150x150.jpg 150w\" sizes=\"(max-width: 350px) 100vw, 350px\" \/><\/a><figcaption id=\"caption-attachment-55807\" class=\"wp-caption-text\">Un label pro pour l&rsquo;Internet B2B avec Orange Business Services<\/figcaption><\/figure>\n<p><a href=\"https:\/\/visionarymarketing.com\/wp-content\/uploads\/2010\/09\/orange-b2b-recommande-1.jpg\"><img decoding=\"async\" class=\"aligncenter wp-image-55808 size-full\" src=\"https:\/\/visionarymarketing.com\/wp-content\/uploads\/2010\/09\/orange-b2b-recommande-1.jpg\" alt=\"Un label pro pour l'Internet B2B avec Orange Business Services\" width=\"350\" height=\"350\" srcset=\"https:\/\/visionarymarketing.com\/wp-content\/uploads\/2010\/09\/orange-b2b-recommande-1.jpg 350w, https:\/\/visionarymarketing.com\/wp-content\/uploads\/2010\/09\/orange-b2b-recommande-1-300x300.jpg 300w, https:\/\/visionarymarketing.com\/wp-content\/uploads\/2010\/09\/orange-b2b-recommande-1-150x150.jpg 150w\" sizes=\"(max-width: 350px) 100vw, 350px\" \/><\/a><\/p>\n<p>C&rsquo;est cela que j&rsquo;ai voulu promouvoir, et tous les professionnels qui comme nous sont passionn\u00e9s par cette discipline du b2b, pas seulement en marketing, mais aussi dans les autres domaines.\u00a0 Voici ci-apr\u00e8s le texte explicatif de ce label qui d\u00e9sormais regroupe plus de<strong> 150 sites web et blogs <\/strong>de la sph\u00e8re francophone. Si vous d\u00e9sirez vous inscrire, <span class=\"removed_link\" title=\"http:\/\/blogs.orange-business.com\/fr\/obtenir-le-label.html\">ouvrez ce lien qui vous expliquera comment obtenir le label pour votre site<\/span>.<\/p>\n<blockquote class=\"quote-light\"><p><strong><a href=\"https:\/\/visionarymarketing.com\/wp-content\/uploads\/2009\/07\/star.gif\"><img decoding=\"async\" class=\"alignleft size-full wp-image-1857\" title=\"star\" src=\"https:\/\/visionarymarketing.com\/wp-content\/uploads\/2009\/07\/star.gif\" alt=\"star\" width=\"85\" height=\"72\" \/><\/a><\/strong><\/p><\/blockquote>\n<p><strong>pourquoi cr\u00e9er un espace d\u00e9di\u00e9 aux sites web professionnels ?<\/strong><\/p>\n<p>Beaucoup de classement de <a href=\"https:\/\/web.archive.org\/web\/20210730084132\/https:\/\/weborama.fr\/\" target=\"_blank\" rel=\"noopener noreferrer\">sites <\/a>et de <span class=\"removed_link\" title=\"http:\/\/www.wikio.com\/blogs\/top\">blogs existent<\/span>, et notamment le fameux classement de Wikio, qui fait r\u00e9f\u00e9rence, et dont nos blogs font d\u00e9j\u00e0 partie (voir le\u00a0<span class=\"removed_link\" title=\"http:\/\/blogs.orange-business.com\/securite\">blog d&rsquo;experts d\u00e9di\u00e9 \u00e0 la s\u00e9curit\u00e9 des r\u00e9seaux et des syst\u00e8mes d&rsquo;information<\/span> et celui\u00a0<span class=\"removed_link\" title=\"http:\/\/blogs.orange-business.com\/live-france\">d\u00e9di\u00e9 aux impacts des TIC sur les m\u00e9tiers<\/span>). Toutefois, nous avons estim\u00e9 qu&rsquo;il y avait de la place pour un <strong>nouveau classement<\/strong> qui inclue non seulement <strong>les blogs mais aussi les sites<\/strong> web et qui permette de se focaliser <em><strong>uniquement sur les ressources d\u00e9di\u00e9es aux professionnels<\/strong><\/em>, et <strong>pas seulement les sites de high-tech<\/strong>. Ce label, nous l&rsquo;avons voulu <strong>ax\u00e9 sur la qualit\u00e9 et non la quantit\u00e9 des visites ou des contenus, <\/strong>ni autre crit\u00e8re quantitatif de classement.<\/p>\n<p>Ce label volontairement subjectif, est bas\u00e9 sur la qualit\u00e9 des sites s\u00e9lectionn\u00e9s et de la pertinence des contenus qu&rsquo;ils proposent (voir la liste des crit\u00e8res ci-dessous). Notre propos n&rsquo;est pas de donner une <em>bonne note <\/em>\u00e0 quiconque, mais d&rsquo;orienter le professionnel en qu\u00eate d&rsquo;informations pertinentes sur Internet vers les bonnes sources qui lui permettront d&rsquo;am\u00e9liorer ses connaissances, voire de perfectionner sa pratique professionnelle. La vocation du <strong>label Orange b2b <\/strong><em>(b2b pour business to business, c&rsquo;est-\u00e0-dire les entreprises qui vendent aux entreprises)<\/em> est \u00e9galement de poser les bases d&rsquo;une<em> communaut\u00e9 de membres<\/em> partageant leurs exp\u00e9riences et leurs points de vue au sein d&rsquo;un r\u00e9seau professionnel \u00e9tendu.<\/p>\n<p>Maintenant que nous avons expliqu\u00e9 la cr\u00e9ation du <strong>label Orange b2b<\/strong>, d\u00e9taillons le fonctionnement de ce label.<\/p>\n<p><strong>comment obtenir le <em>label Orange b2b<\/em><\/strong><\/p>\n<p style=\"font-size: 1em; font-weight: normal; border: 0 initial initial; padding: 0;\">Les sites dont nous avons rep\u00e9r\u00e9 l&rsquo;int\u00e9r\u00eat pour notre label seront contact\u00e9s directement par un repr\u00e9sentant d&rsquo;Orange Business Services. Cependant, n&rsquo;attendez pas d&rsquo;\u00eatre appel\u00e9 pour faire partie de notre <em>club<\/em>. En effet, si vous animez un site, un blog, un forum ou une communaut\u00e9 professionnelle et que vous d\u00e9sirez obtenir un de nos 2 labels (voir ci-dessous),\u00a0 cliquez ici pour savoir comment <span style=\"color: #ff0000;\"><strong><span class=\"removed_link\" title=\"http:\/\/blogs.orange-business.com\/fr\/obtenir-le-label.html\">obtenir le label pour votre site<\/span><\/strong><\/span>.<\/p>\n<p><img decoding=\"async\" class=\"alignright size-full wp-image-1858\" title=\"notepad\" src=\"https:\/\/visionarymarketing.com\/wp-content\/uploads\/2009\/07\/notepad.gif\" alt=\"notepad\" width=\"77\" height=\"85\" \/><\/p>\n<p style=\"font-size: 1em; font-weight: normal; border: 0 initial initial; padding: 0;\"><em>les crit\u00e8res pour faire partie de notre label sont simples<\/em><\/p>\n<ul>\n<li>le sujet principal du blog\/site doit se situer dans le domaine professionnel ;<\/li>\n<li>le sujet du blog\/site professionnel peut \u00eatre soit un site d\u00e9di\u00e9 \u00e0 la high-tech ou un site d\u00e9di\u00e9 \u00e0 la communaut\u00e9 des professionnels. Tous les sujets pertinents des entreprises et des professionnels sont susceptibles d&rsquo;\u00eatre retenus par notre label (dans des cat\u00e9gories distinctes et qui seront d\u00e9taill\u00e9s dans notre annuaire) ;<\/li>\n<li>le contenu se doit d&rsquo;\u00eatre original et de qualit\u00e9, et exprimer des avis ou fournir des informations\/actualit\u00e9s utiles aux professionnels ;<\/li>\n<li>le crit\u00e8re de choix n&rsquo;est pas bas\u00e9 sur la quantit\u00e9 de visites mais sur la qualit\u00e9 du contenu et sur le fait qu&rsquo;il soit jug\u00e9 par nous comme \u00e9tant utile aux professionnels (voir ci-dessus) ;<\/li>\n<li>les liens r\u00e9ciproques vers Orange Business Services ne sont pas obligatoires (les sites voulant lier ou reprendre des informations en provenance d&rsquo;Orange Business Services sont consid\u00e9r\u00e9s comme des sites partenaires et tombent ainsi dans la cat\u00e9gorie n\u00b02 &#8211; voir ci-dessous).<\/li>\n<\/ul>\n<p><em>par contre, il est utile de noter les cas suivants qui disqualifient certains sites\/blogs<\/em><\/p>\n<ul>\n<li>les copier\/coller de sites de vid\u00e9os &#8211; ou autres &#8211; sans commentaires et n&rsquo;apportant pas de valeur ajout\u00e9e ne seront pas retenus ;<\/li>\n<li>les blogs de marque et de produits n&rsquo;apportant pas de valeur ajout\u00e9e aux professionnels sont rigoureusement exclus de notre s\u00e9lection ;<\/li>\n<li>les <em>flogs<\/em> (faux blogs) ou toute autre tentative de d\u00e9tournement des m\u00e9dias sociaux ne peuvent faire lobjet d&rsquo;un label Orange b2b ;<\/li>\n<li>Orange Business Services se r\u00e9serve \u00e0 tout moment le droit de retirer le label \u00e0 un site ou blog dont la ligne \u00e9ditoriale d\u00e9vierait par rapport aux r\u00e8gles \u00e9dict\u00e9es dans cette page.<\/li>\n<\/ul>\n<p style=\"font-size: 1em; font-weight: normal; border: 0 initial initial; padding: 0;\">Si vous souhaitez nous accompagner dans notre d\u00e9marche nous vous proposerons d&rsquo;y participer de 2 fa\u00e7ons :<\/p>\n<p><strong>1. le label Orange b2b des sites web recommand\u00e9s<\/strong><\/p>\n<p style=\"font-size: 1em; font-weight: normal; border: 0 initial initial; padding: 0;\">Il s&rsquo;agit des sites qu&rsquo;Orange Business Services d\u00e9sire remarquer du fait de la qualit\u00e9 de leur contenu, de leurs sujets, et en raison de leur pertinence vis \u00e0 vis du monde de l&rsquo;entreprise. Il peut s&rsquo;agir d&rsquo;un site d\u00e9di\u00e9 \u00e0 la technologie, mais aussi aux autres disciplines concernant l&rsquo;entreprise (marketing, finance, gestion, management, RH etc.)<\/p>\n<p style=\"font-size: 1em; font-weight: normal; border: 0 initial initial; padding: 0;\">Ces sites et\u00a0blogs de qualit\u00e9 seront contact\u00e9s afin de leurs communiquer notre intention de les\u00a0lab\u00e9liser. Du c\u00f4t\u00e9 des <em>Web acteurs<\/em> concern\u00e9s, l&rsquo;acceptation de ce label se fera par l&rsquo;insertion d&rsquo;une des banni\u00e8res <strong><em>label Orange b2b site web recommand\u00e9<\/em><\/strong> sur au moins 1 de leurs pages (voir un exmple \u00e0 gauche).\u00a0Une fois le logo en place, le site\/blog lab\u00e9lis\u00e9 figurera dans l&rsquo;annuaire des sites b2b recommand\u00e9s par Orange Business Services.<\/p>\n<p><strong>Label Orange b2b site web partenaire :<\/strong><\/p>\n<p style=\"font-size: 1em; font-weight: normal; border: 0 initial initial; padding: 0;\">Les sites recommand\u00e9s par Orange Business Services qui souhaitent davantage s&rsquo;impliquer dans\u00a0cette initiative de partage et d&rsquo;\u00e9change autour du Web pourront opter pour le\u00a0<strong><em>label Orange b2b site web partenaire<\/em><\/strong>. Ils se verront offrir, outre celles du <em>label Orange b2b site web recommand\u00e9<\/em>, les possibilit\u00e9s suivantes :<\/p>\n<ul style=\"font-size: 1em; font-weight: normal; list-style-type: disc; list-style-position: outside; list-style-image: initial; background-repeat: repeat-y; border: 0 initial initial; padding: 0;\">\n<li><strong>Intervenir sur <\/strong><strong><span class=\"removed_link\" title=\"http:\/\/orange-business.tv\">Orange-Business.tv<\/span><\/strong> sous forme d&rsquo;interview et de tribunes libres.\u00a0<strong>Participer en tant qu&rsquo;intervenant <\/strong>lors des \u00e9v\u00e8nements Orange Business Services.\u00a0Inscription dans l&rsquo;<strong>annuaire de sites partenaires <\/strong>avec une\u00a0<strong>page d\u00e9di\u00e9e<\/strong> \u00e0 leur site et accompagn\u00e9e d&rsquo;une\u00a0<strong>description<\/strong>, le\u00a0<strong>logo<\/strong> et\u00a0<strong>flux RSS <\/strong>du site.<\/li>\n<\/ul>\n<div id=\"_mcePaste\" style=\"position: absolute; left: -10000px; top: 167px; width: 1px; height: 1px; overflow: hidden;\">Gib mir endlich mein Froyo!!<\/div>\n","protected":false},"excerpt":{"rendered":"<p>Dans le cadre de mes activit\u00e9s professionnelles chez Orange Business Services, j&rsquo;ai lanc\u00e9 le label b2b qui permet le regroupement des sites des passionn\u00e9s du b2b et de tous ceux qui offrent des informations, des services et des conseils utiles aux professionnels. Alors, pourquoi un label sur le b2b ? Un label pro pour l&rsquo;Internet &hellip;<\/p>\n","protected":false},"author":2,"featured_media":54977,"comment_status":"open","ping_status":"open","sticky":false,"template":"","format":"standard","meta":{"footnotes":""},"categories":[744],"tags":[],"class_list":["post-1851","post","type-post","status-publish","format-standard","has-post-thumbnail","hentry","category-marketing-b2b"],"yoast_head":"<!-- This site is optimized with the Yoast SEO plugin v27.5 - https:\/\/yoast.com\/product\/yoast-seo-wordpress\/ -->\n<title>Un label pro pour l&#039;Internet B2B avec Orange Business Services<\/title>\n<meta name=\"description\" content=\"Dans le cadre de mes activit\u00e9s professionnelles chez Orange Business Services, j&#039;ai lanc\u00e9 le label b2b qui permet le regroupement des sites\" \/>\n<meta name=\"robots\" content=\"index, follow, max-snippet:-1, max-image-preview:large, max-video-preview:-1\" \/>\n<link rel=\"canonical\" href=\"https:\/\/visionarymarketing.com\/fr\/2010\/09\/08\/label-b2b\/\" \/>\n<meta property=\"og:locale\" content=\"fr_FR\" \/>\n<meta property=\"og:type\" content=\"article\" \/>\n<meta property=\"og:title\" content=\"Un label pro pour l&#039;Internet B2B avec Orange Business Services\" \/>\n<meta property=\"og:description\" content=\"Dans le cadre de mes activit\u00e9s professionnelles chez Orange Business Services, j&#039;ai lanc\u00e9 le label b2b qui permet le regroupement des sites\" \/>\n<meta property=\"og:url\" content=\"https:\/\/visionarymarketing.com\/fr\/2010\/09\/08\/label-b2b\/\" \/>\n<meta property=\"og:site_name\" content=\"Marketing and Innovation\" \/>\n<meta property=\"article:publisher\" content=\"https:\/\/www.facebook.com\/vismktg\" \/>\n<meta property=\"article:author\" content=\"http:\/\/facebook.com\/ygourven\" \/>\n<meta property=\"article:published_time\" content=\"2010-09-08T05:00:46+00:00\" \/>\n<meta property=\"article:modified_time\" content=\"2022-07-05T06:29:22+00:00\" \/>\n<meta property=\"og:image\" content=\"https:\/\/visionarymarketing.com\/wp-content\/uploads\/2011\/07\/orange_timeline_hashtag-1024x536-1.jpg\" \/>\n\t<meta property=\"og:image:width\" content=\"560\" \/>\n\t<meta property=\"og:image:height\" content=\"293\" \/>\n\t<meta property=\"og:image:type\" content=\"image\/jpeg\" \/>\n<meta name=\"author\" content=\"Yann Gourvennec\" \/>\n<meta name=\"twitter:card\" content=\"summary_large_image\" \/>\n<meta name=\"twitter:creator\" content=\"@ygourven\" \/>\n<meta name=\"twitter:site\" content=\"@ygourven\" \/>\n<meta name=\"twitter:label1\" content=\"\u00c9crit par\" \/>\n\t<meta name=\"twitter:data1\" content=\"Yann Gourvennec\" \/>\n\t<meta name=\"twitter:label2\" content=\"Dur\u00e9e de lecture estim\u00e9e\" \/>\n\t<meta name=\"twitter:data2\" content=\"6 minutes\" \/>\n<script type=\"application\/ld+json\" class=\"yoast-schema-graph\">{\"@context\":\"https:\\\/\\\/schema.org\",\"@graph\":[{\"@type\":\"NewsArticle\",\"@id\":\"https:\\\/\\\/visionarymarketing.com\\\/fr\\\/2010\\\/09\\\/08\\\/label-b2b\\\/#article\",\"isPartOf\":{\"@id\":\"https:\\\/\\\/visionarymarketing.com\\\/fr\\\/2010\\\/09\\\/08\\\/label-b2b\\\/\"},\"author\":{\"name\":\"Yann Gourvennec\",\"@id\":\"https:\\\/\\\/visionarymarketing.com\\\/fr\\\/#\\\/schema\\\/person\\\/3754fee1e558f47b8deb46f53c37423e\"},\"headline\":\"Un label pro pour l&rsquo;Internet B2B avec Orange Business Services\",\"datePublished\":\"2010-09-08T05:00:46+00:00\",\"dateModified\":\"2022-07-05T06:29:22+00:00\",\"mainEntityOfPage\":{\"@id\":\"https:\\\/\\\/visionarymarketing.com\\\/fr\\\/2010\\\/09\\\/08\\\/label-b2b\\\/\"},\"wordCount\":1302,\"commentCount\":0,\"image\":{\"@id\":\"https:\\\/\\\/visionarymarketing.com\\\/fr\\\/2010\\\/09\\\/08\\\/label-b2b\\\/#primaryimage\"},\"thumbnailUrl\":\"https:\\\/\\\/visionarymarketing.com\\\/wp-content\\\/uploads\\\/2011\\\/07\\\/orange_timeline_hashtag-1024x536-1.jpg\",\"articleSection\":[\"marketing b2b\"],\"inLanguage\":\"fr-FR\",\"potentialAction\":[{\"@type\":\"CommentAction\",\"name\":\"Comment\",\"target\":[\"https:\\\/\\\/visionarymarketing.com\\\/fr\\\/2010\\\/09\\\/08\\\/label-b2b\\\/#respond\"]}]},{\"@type\":\"WebPage\",\"@id\":\"https:\\\/\\\/visionarymarketing.com\\\/fr\\\/2010\\\/09\\\/08\\\/label-b2b\\\/\",\"url\":\"https:\\\/\\\/visionarymarketing.com\\\/fr\\\/2010\\\/09\\\/08\\\/label-b2b\\\/\",\"name\":\"Un label pro pour l'Internet B2B avec Orange Business Services\",\"isPartOf\":{\"@id\":\"https:\\\/\\\/visionarymarketing.com\\\/fr\\\/#website\"},\"primaryImageOfPage\":{\"@id\":\"https:\\\/\\\/visionarymarketing.com\\\/fr\\\/2010\\\/09\\\/08\\\/label-b2b\\\/#primaryimage\"},\"image\":{\"@id\":\"https:\\\/\\\/visionarymarketing.com\\\/fr\\\/2010\\\/09\\\/08\\\/label-b2b\\\/#primaryimage\"},\"thumbnailUrl\":\"https:\\\/\\\/visionarymarketing.com\\\/wp-content\\\/uploads\\\/2011\\\/07\\\/orange_timeline_hashtag-1024x536-1.jpg\",\"datePublished\":\"2010-09-08T05:00:46+00:00\",\"dateModified\":\"2022-07-05T06:29:22+00:00\",\"author\":{\"@id\":\"https:\\\/\\\/visionarymarketing.com\\\/fr\\\/#\\\/schema\\\/person\\\/3754fee1e558f47b8deb46f53c37423e\"},\"description\":\"Dans le cadre de mes activit\u00e9s professionnelles chez Orange Business Services, j'ai lanc\u00e9 le label b2b qui permet le regroupement des sites\",\"breadcrumb\":{\"@id\":\"https:\\\/\\\/visionarymarketing.com\\\/fr\\\/2010\\\/09\\\/08\\\/label-b2b\\\/#breadcrumb\"},\"inLanguage\":\"fr-FR\",\"potentialAction\":[{\"@type\":\"ReadAction\",\"target\":[\"https:\\\/\\\/visionarymarketing.com\\\/fr\\\/2010\\\/09\\\/08\\\/label-b2b\\\/\"]}]},{\"@type\":\"ImageObject\",\"inLanguage\":\"fr-FR\",\"@id\":\"https:\\\/\\\/visionarymarketing.com\\\/fr\\\/2010\\\/09\\\/08\\\/label-b2b\\\/#primaryimage\",\"url\":\"https:\\\/\\\/visionarymarketing.com\\\/wp-content\\\/uploads\\\/2011\\\/07\\\/orange_timeline_hashtag-1024x536-1.jpg\",\"contentUrl\":\"https:\\\/\\\/visionarymarketing.com\\\/wp-content\\\/uploads\\\/2011\\\/07\\\/orange_timeline_hashtag-1024x536-1.jpg\",\"width\":560,\"height\":293,\"caption\":\"Orange Timeline sur le blog iThink.fr pour suivre tout Orange\"},{\"@type\":\"BreadcrumbList\",\"@id\":\"https:\\\/\\\/visionarymarketing.com\\\/fr\\\/2010\\\/09\\\/08\\\/label-b2b\\\/#breadcrumb\",\"itemListElement\":[{\"@type\":\"ListItem\",\"position\":1,\"name\":\"Home\",\"item\":\"https:\\\/\\\/visionarymarketing.com\\\/fr\\\/\"},{\"@type\":\"ListItem\",\"position\":2,\"name\":\"Un label pro pour l&rsquo;Internet B2B avec Orange Business Services\"}]},{\"@type\":\"WebSite\",\"@id\":\"https:\\\/\\\/visionarymarketing.com\\\/fr\\\/#website\",\"url\":\"https:\\\/\\\/visionarymarketing.com\\\/fr\\\/\",\"name\":\"Marketing and Innovation\",\"description\":\"Site d&#039;infos ind\u00e9pendant, depuis 1996\",\"potentialAction\":[{\"@type\":\"SearchAction\",\"target\":{\"@type\":\"EntryPoint\",\"urlTemplate\":\"https:\\\/\\\/visionarymarketing.com\\\/fr\\\/?s={search_term_string}\"},\"query-input\":{\"@type\":\"PropertyValueSpecification\",\"valueRequired\":true,\"valueName\":\"search_term_string\"}}],\"inLanguage\":\"fr-FR\"},{\"@type\":\"Person\",\"@id\":\"https:\\\/\\\/visionarymarketing.com\\\/fr\\\/#\\\/schema\\\/person\\\/3754fee1e558f47b8deb46f53c37423e\",\"name\":\"Yann Gourvennec\",\"image\":{\"@type\":\"ImageObject\",\"inLanguage\":\"fr-FR\",\"@id\":\"https:\\\/\\\/secure.gravatar.com\\\/avatar\\\/5972001801e8de5692a3e31224e85769f50a55fb8b679749f9c8d1868cceff14?s=96&d=initials&r=g&initials=yg\",\"url\":\"https:\\\/\\\/secure.gravatar.com\\\/avatar\\\/5972001801e8de5692a3e31224e85769f50a55fb8b679749f9c8d1868cceff14?s=96&d=initials&r=g&initials=yg\",\"contentUrl\":\"https:\\\/\\\/secure.gravatar.com\\\/avatar\\\/5972001801e8de5692a3e31224e85769f50a55fb8b679749f9c8d1868cceff14?s=96&d=initials&r=g&initials=yg\",\"caption\":\"Yann Gourvennec\"},\"description\":\"Yann Gourvennec created visionarymarketing.com in 1996. He is a speaker and author of many books. In 2014 he went from intrapreneur to entrepreneur, when he created his digital marketing agency. Yann Gourvennec a cr\u00e9\u00e9 visionarymarketing.com en 1996. Il est conf\u00e9rencier et auteur de plusieurs livres. En 2014, il est pass\u00e9 d'intrapreneur \u00e0 entrepreneur en cr\u00e9ant son agence de marketing num\u00e9rique.\",\"sameAs\":[\"https:\\\/\\\/visionarymarketing.com\",\"http:\\\/\\\/facebook.com\\\/ygourven\",\"http:\\\/\\\/linkedin.com\\\/in\\\/ygourven\",\"https:\\\/\\\/x.com\\\/ygourven\",\"https:\\\/\\\/www.youtube.com\\\/c\\\/visionarymarketingagency\"],\"url\":\"https:\\\/\\\/visionarymarketing.com\\\/fr\\\/author\\\/yann-gourvennec\\\/\"}]}<\/script>\n<!-- \/ Yoast SEO plugin. -->","yoast_head_json":{"title":"Un label pro pour l'Internet B2B avec Orange Business Services","description":"Dans le cadre de mes activit\u00e9s professionnelles chez Orange Business Services, j'ai lanc\u00e9 le label b2b qui permet le regroupement des sites","robots":{"index":"index","follow":"follow","max-snippet":"max-snippet:-1","max-image-preview":"max-image-preview:large","max-video-preview":"max-video-preview:-1"},"canonical":"https:\/\/visionarymarketing.com\/fr\/2010\/09\/08\/label-b2b\/","og_locale":"fr_FR","og_type":"article","og_title":"Un label pro pour l'Internet B2B avec Orange Business Services","og_description":"Dans le cadre de mes activit\u00e9s professionnelles chez Orange Business Services, j'ai lanc\u00e9 le label b2b qui permet le regroupement des sites","og_url":"https:\/\/visionarymarketing.com\/fr\/2010\/09\/08\/label-b2b\/","og_site_name":"Marketing and Innovation","article_publisher":"https:\/\/www.facebook.com\/vismktg","article_author":"http:\/\/facebook.com\/ygourven","article_published_time":"2010-09-08T05:00:46+00:00","article_modified_time":"2022-07-05T06:29:22+00:00","og_image":[{"width":560,"height":293,"url":"https:\/\/visionarymarketing.com\/wp-content\/uploads\/2011\/07\/orange_timeline_hashtag-1024x536-1.jpg","type":"image\/jpeg"}],"author":"Yann Gourvennec","twitter_card":"summary_large_image","twitter_creator":"@ygourven","twitter_site":"@ygourven","twitter_misc":{"\u00c9crit par":"Yann Gourvennec","Dur\u00e9e de lecture estim\u00e9e":"6 minutes"},"schema":{"@context":"https:\/\/schema.org","@graph":[{"@type":"NewsArticle","@id":"https:\/\/visionarymarketing.com\/fr\/2010\/09\/08\/label-b2b\/#article","isPartOf":{"@id":"https:\/\/visionarymarketing.com\/fr\/2010\/09\/08\/label-b2b\/"},"author":{"name":"Yann Gourvennec","@id":"https:\/\/visionarymarketing.com\/fr\/#\/schema\/person\/3754fee1e558f47b8deb46f53c37423e"},"headline":"Un label pro pour l&rsquo;Internet B2B avec Orange Business Services","datePublished":"2010-09-08T05:00:46+00:00","dateModified":"2022-07-05T06:29:22+00:00","mainEntityOfPage":{"@id":"https:\/\/visionarymarketing.com\/fr\/2010\/09\/08\/label-b2b\/"},"wordCount":1302,"commentCount":0,"image":{"@id":"https:\/\/visionarymarketing.com\/fr\/2010\/09\/08\/label-b2b\/#primaryimage"},"thumbnailUrl":"https:\/\/visionarymarketing.com\/wp-content\/uploads\/2011\/07\/orange_timeline_hashtag-1024x536-1.jpg","articleSection":["marketing b2b"],"inLanguage":"fr-FR","potentialAction":[{"@type":"CommentAction","name":"Comment","target":["https:\/\/visionarymarketing.com\/fr\/2010\/09\/08\/label-b2b\/#respond"]}]},{"@type":"WebPage","@id":"https:\/\/visionarymarketing.com\/fr\/2010\/09\/08\/label-b2b\/","url":"https:\/\/visionarymarketing.com\/fr\/2010\/09\/08\/label-b2b\/","name":"Un label pro pour l'Internet B2B avec Orange Business Services","isPartOf":{"@id":"https:\/\/visionarymarketing.com\/fr\/#website"},"primaryImageOfPage":{"@id":"https:\/\/visionarymarketing.com\/fr\/2010\/09\/08\/label-b2b\/#primaryimage"},"image":{"@id":"https:\/\/visionarymarketing.com\/fr\/2010\/09\/08\/label-b2b\/#primaryimage"},"thumbnailUrl":"https:\/\/visionarymarketing.com\/wp-content\/uploads\/2011\/07\/orange_timeline_hashtag-1024x536-1.jpg","datePublished":"2010-09-08T05:00:46+00:00","dateModified":"2022-07-05T06:29:22+00:00","author":{"@id":"https:\/\/visionarymarketing.com\/fr\/#\/schema\/person\/3754fee1e558f47b8deb46f53c37423e"},"description":"Dans le cadre de mes activit\u00e9s professionnelles chez Orange Business Services, j'ai lanc\u00e9 le label b2b qui permet le regroupement des sites","breadcrumb":{"@id":"https:\/\/visionarymarketing.com\/fr\/2010\/09\/08\/label-b2b\/#breadcrumb"},"inLanguage":"fr-FR","potentialAction":[{"@type":"ReadAction","target":["https:\/\/visionarymarketing.com\/fr\/2010\/09\/08\/label-b2b\/"]}]},{"@type":"ImageObject","inLanguage":"fr-FR","@id":"https:\/\/visionarymarketing.com\/fr\/2010\/09\/08\/label-b2b\/#primaryimage","url":"https:\/\/visionarymarketing.com\/wp-content\/uploads\/2011\/07\/orange_timeline_hashtag-1024x536-1.jpg","contentUrl":"https:\/\/visionarymarketing.com\/wp-content\/uploads\/2011\/07\/orange_timeline_hashtag-1024x536-1.jpg","width":560,"height":293,"caption":"Orange Timeline sur le blog iThink.fr pour suivre tout Orange"},{"@type":"BreadcrumbList","@id":"https:\/\/visionarymarketing.com\/fr\/2010\/09\/08\/label-b2b\/#breadcrumb","itemListElement":[{"@type":"ListItem","position":1,"name":"Home","item":"https:\/\/visionarymarketing.com\/fr\/"},{"@type":"ListItem","position":2,"name":"Un label pro pour l&rsquo;Internet B2B avec Orange Business Services"}]},{"@type":"WebSite","@id":"https:\/\/visionarymarketing.com\/fr\/#website","url":"https:\/\/visionarymarketing.com\/fr\/","name":"Marketing and Innovation","description":"Site d&#039;infos ind\u00e9pendant, depuis 1996","potentialAction":[{"@type":"SearchAction","target":{"@type":"EntryPoint","urlTemplate":"https:\/\/visionarymarketing.com\/fr\/?s={search_term_string}"},"query-input":{"@type":"PropertyValueSpecification","valueRequired":true,"valueName":"search_term_string"}}],"inLanguage":"fr-FR"},{"@type":"Person","@id":"https:\/\/visionarymarketing.com\/fr\/#\/schema\/person\/3754fee1e558f47b8deb46f53c37423e","name":"Yann Gourvennec","image":{"@type":"ImageObject","inLanguage":"fr-FR","@id":"https:\/\/secure.gravatar.com\/avatar\/5972001801e8de5692a3e31224e85769f50a55fb8b679749f9c8d1868cceff14?s=96&d=initials&r=g&initials=yg","url":"https:\/\/secure.gravatar.com\/avatar\/5972001801e8de5692a3e31224e85769f50a55fb8b679749f9c8d1868cceff14?s=96&d=initials&r=g&initials=yg","contentUrl":"https:\/\/secure.gravatar.com\/avatar\/5972001801e8de5692a3e31224e85769f50a55fb8b679749f9c8d1868cceff14?s=96&d=initials&r=g&initials=yg","caption":"Yann Gourvennec"},"description":"Yann Gourvennec created visionarymarketing.com in 1996. He is a speaker and author of many books. In 2014 he went from intrapreneur to entrepreneur, when he created his digital marketing agency. Yann Gourvennec a cr\u00e9\u00e9 visionarymarketing.com en 1996. Il est conf\u00e9rencier et auteur de plusieurs livres. En 2014, il est pass\u00e9 d'intrapreneur \u00e0 entrepreneur en cr\u00e9ant son agence de marketing num\u00e9rique.","sameAs":["https:\/\/visionarymarketing.com","http:\/\/facebook.com\/ygourven","http:\/\/linkedin.com\/in\/ygourven","https:\/\/x.com\/ygourven","https:\/\/www.youtube.com\/c\/visionarymarketingagency"],"url":"https:\/\/visionarymarketing.com\/fr\/author\/yann-gourvennec\/"}]}},"_links":{"self":[{"href":"https:\/\/visionarymarketing.com\/fr\/wp-json\/wp\/v2\/posts\/1851","targetHints":{"allow":["GET"]}}],"collection":[{"href":"https:\/\/visionarymarketing.com\/fr\/wp-json\/wp\/v2\/posts"}],"about":[{"href":"https:\/\/visionarymarketing.com\/fr\/wp-json\/wp\/v2\/types\/post"}],"author":[{"embeddable":true,"href":"https:\/\/visionarymarketing.com\/fr\/wp-json\/wp\/v2\/users\/2"}],"replies":[{"embeddable":true,"href":"https:\/\/visionarymarketing.com\/fr\/wp-json\/wp\/v2\/comments?post=1851"}],"version-history":[{"count":0,"href":"https:\/\/visionarymarketing.com\/fr\/wp-json\/wp\/v2\/posts\/1851\/revisions"}],"wp:featuredmedia":[{"embeddable":true,"href":"https:\/\/visionarymarketing.com\/fr\/wp-json\/wp\/v2\/media\/54977"}],"wp:attachment":[{"href":"https:\/\/visionarymarketing.com\/fr\/wp-json\/wp\/v2\/media?parent=1851"}],"wp:term":[{"taxonomy":"category","embeddable":true,"href":"https:\/\/visionarymarketing.com\/fr\/wp-json\/wp\/v2\/categories?post=1851"},{"taxonomy":"post_tag","embeddable":true,"href":"https:\/\/visionarymarketing.com\/fr\/wp-json\/wp\/v2\/tags?post=1851"}],"curies":[{"name":"wp","href":"https:\/\/api.w.org\/{rel}","templated":true}]}}