{"id":18176,"date":"2015-05-20T00:00:59","date_gmt":"2015-05-19T22:00:59","guid":{"rendered":"http:\/\/visionarymarketing.fr\/blog\/?p=18176"},"modified":"2020-05-27T15:37:21","modified_gmt":"2020-05-27T13:37:21","slug":"journalistes-rp","status":"publish","type":"post","link":"https:\/\/visionarymarketing.com\/fr\/2015\/05\/20\/journalistes-rp\/","title":{"rendered":"RP et journalistes : deux m\u00e9tiers \u00e0 r\u00e9inventer"},"content":{"rendered":"<p><span style=\"color: #003300;\"><em>\u00ab\u00a0Il y a bien longtemps, dans une galaxie tr\u00e8s, tr\u00e8s lointaine, le vaisseau <a style=\"color: #003300;\" href=\"http:\/\/fr.wikipedia.org\/wiki\/Relations_presse\">Relations Medias<\/a> parcourait l&rsquo;univers, propageant la bonne parole&#8230;\u00a0\u00bb. Non, ceci n&rsquo;est pas le trailer du prochain\u00a0Star Wars : il s&rsquo;agit d&rsquo;une vid\u00e9o qui a fait beaucoup de bruit dans le monde du journalisme et des RP. Le titre n&rsquo;est pas choisi par hasard : Very Press Trip nous raconte la \u00ab\u00a0gueule de bois\u00a0\u00bb du\u00a0journalisme apr\u00e8s l&rsquo;arriv\u00e9e des m\u00e9dias sociaux. Cette vid\u00e9o, r\u00e9alis\u00e9e initialement pour le service des RP de Total a d\u00e9pass\u00e9 son auditoire interne pour se r\u00e9pandre sur Internet. Ce qui n&rsquo;a pas plus \u00e0 tout le monde&#8230;\u00a0<span class=\"removed_link\" title=\"https:\/\/www.linkedin.com\/pub\/joss-de-richoufftz\/3b\/3a\/a72\">Joss de Richouffitz<\/span>\u00a0est dirigeant de <a style=\"color: #003300;\" href=\"http:\/\/www.sobam.fr\/\" target=\"_blank\" rel=\"noopener noreferrer\">So Bam<\/a>, agence de cr\u00e9ation d\u2019audiovisuel et multim\u00e9dia, qui a cr\u00e9\u00e9 cette vid\u00e9o. Il nous apporte son regard sur sa cr\u00e9ation, l&rsquo;origine de celle-ci et son impact, plus ou moins attendu.<\/em><\/span><\/p>\n<h2><span style=\"color: #003300;\">Very Press Trip, la vid\u00e9o de Total sur les RP et les journalistes face aux m\u00e9dias sociaux\u00a0est une r\u00e9f\u00e9rence \u00e0 <a style=\"color: #003300;\" href=\"http:\/\/fr.wikipedia.org\/wiki\/Very_Bad_Trip_(s%C3%A9rie_de_films)\" target=\"_blank\" rel=\"noopener noreferrer\">Very Bad Trip<\/a>, dont le th\u00e8me est \u00ab\u00a0la gueule de bois apr\u00e8s le changement du digital\u00a0\u00bb\u2026<\/span><\/h2>\n<p><center><\/p>\n<p><iframe src=\"https:\/\/www.youtube.com\/embed\/KD0MEkZsn5U\" width=\"640\" height=\"360\" frameborder=\"0\" allowfullscreen=\"allowfullscreen\"><\/iframe><\/p>\n<p><\/center><\/p>\n<h2>Comment est n\u00e9e cette vid\u00e9o\u00a0?<\/h2>\n<p>Nous travaillions avec le service Relation presse de <a href=\"http:\/\/www.total.com\/fr\/\" target=\"_blank\" rel=\"noopener noreferrer\">Total<\/a> depuis quelques mois. Nous faisions des dossiers de presse et des infographies, toujours dans l\u2019optique de bousculer gentiment leurs m\u00e9thodes de travail&#8230;\u00a0Puis un jour, la directrice des relations presse de <a href=\"http:\/\/www.total.com\/fr\/\" target=\"_blank\" rel=\"noopener noreferrer\">Total<\/a>, <em><span class=\"removed_link\" title=\"https:\/\/www.linkedin.com\/pub\/isabelle-desmet\/45\/912\/708\">Isabelle Desmet<\/span><\/em>, m\u2019a confi\u00e9 qu\u2019elle aimerait r\u00e9aliser un court-m\u00e9trage sur les relations presse afin d\u2019\u00e9claircir le but de ce m\u00e9tier, pour l\u2019interne.<\/p>\n<p>Elle a souhait\u00e9 qu\u2019il soit r\u00e9alis\u00e9 sous forme de film, de mani\u00e8re assez ouverte et d\u00e9cal\u00e9e, rempli de cr\u00e9ativit\u00e9, en utilisant le point de vue que nous avions des relations presses, au cours de notre collaboration.<\/p>\n<p>&nbsp;<\/p>\n<p><center><\/p>\n<p><iframe src=\"https:\/\/player.vimeo.com\/video\/82271168?color=ff3366&amp;byline=0&amp;portrait=0\" width=\"640\" height=\"360\" frameborder=\"0\" allowfullscreen=\"allowfullscreen\"><\/iframe><\/p>\n<p><\/center>&nbsp;<\/p>\n<figure id=\"attachment_18178\" aria-describedby=\"caption-attachment-18178\" style=\"width: 768px\" class=\"wp-caption aligncenter\"><a href=\"https:\/\/visionarymarketing.com\/wp-content\/uploads\/2015\/05\/Screenshot-2015-05-19-16.27.47.png\"><img decoding=\"async\" class=\"wp-image-18178 size-large\" src=\"https:\/\/visionarymarketing.com\/wp-content\/uploads\/2015\/05\/Screenshot-2015-05-19-16.27.47-1024x640.png\" alt=\"Journalistes - RP - deux m\u00e9tiers \u00e0 r\u00e9inventer\" width=\"768\" height=\"480\" srcset=\"https:\/\/visionarymarketing.com\/wp-content\/uploads\/2015\/05\/Screenshot-2015-05-19-16.27.47-1024x640.png 1024w, https:\/\/visionarymarketing.com\/wp-content\/uploads\/2015\/05\/Screenshot-2015-05-19-16.27.47-480x300.png 480w, https:\/\/visionarymarketing.com\/wp-content\/uploads\/2015\/05\/Screenshot-2015-05-19-16.27.47-768x480.png 768w, https:\/\/visionarymarketing.com\/wp-content\/uploads\/2015\/05\/Screenshot-2015-05-19-16.27.47-300x188.png 300w, https:\/\/visionarymarketing.com\/wp-content\/uploads\/2015\/05\/Screenshot-2015-05-19-16.27.47.png 1280w\" sizes=\"(max-width: 768px) 100vw, 768px\" \/><\/a><figcaption id=\"caption-attachment-18178\" class=\"wp-caption-text\">Ceci est une capture d&rsquo;\u00e9cran du court-m\u00e9trage \u00ab\u00a0Very Press Trip\u00a0\u00bb.<\/figcaption><\/figure>\n<h2>A qui \u00e9tait destin\u00e9 ce film?<\/h2>\n<p>Il a \u00e9t\u00e9 r\u00e9alis\u00e9 pour l\u2019interne. Comme il est dit \u00e0 la pr\u00e9c\u00e9dente question, Nous nous sommes servis du regard que nous avions sur les relations presse en collaborant avec eux. Notre sens critique a \u00e9t\u00e9 essentiel pour la r\u00e9alisation de ce film.\u00a0Total a voulu montrer\u00a0ce film lors d\u2019un s\u00e9minaire, ce qui nous a laiss\u00e9 1 mois afin de le sc\u00e9nariser et le r\u00e9aliser. Nous avions une grande marge de man\u0153uvre, ce qui nous a permis d\u2019exprimer notre cr\u00e9ativit\u00e9.<\/p>\n<p><!--more--><\/p>\n<h2>Quelle a \u00e9t\u00e9 la r\u00e9ception du film en interne\u00a0?<\/h2>\n<p>Il y a eu d\u2019excellents retours lors du s\u00e9minaire. Il a ensuite \u00e9t\u00e9 diffus\u00e9 en interne o\u00f9 il a \u00e9galement plu.\u00a0Par la suite, <a href=\"http:\/\/www.lepoint.fr\/insolite\/video-total-les-etranges-voeux-du-service-de-presse-27-12-2013-1774795_48.php\" target=\"_blank\" rel=\"noopener noreferrer\">Total a d\u00e9cid\u00e9 de le rendre public<\/a>, notamment lors des v\u0153ux de 2015 [<a href=\"http:\/\/www.lepoint.fr\/insolite\/video-total-les-etranges-voeux-du-service-de-presse-27-12-2013-1774795_48.php\">NDLR les r\u00e9actions de certains journalistes ont \u00e9t\u00e9 mitig\u00e9es<\/a>].\u00a0Ce film nous a \u00e9galement permis de nous mettre en relation avec d\u2019autres RP, de grosses structures.<\/p>\n<h2>Quels ont \u00e9t\u00e9 les changements quotidiens suite \u00e0 ce film\u00a0?<\/h2>\n<p>Dans les grandes entreprises comme Total, le changement prend du temps. Il y a des changements qui ne sont pas dus au film. C\u2019est un m\u00e9canisme qui commence \u00e0 se mettre en route et ce film participe \u00e0 la prise de conscience du probl\u00e8me. <a href=\"https:\/\/vimeo.com\/82271168\">Very Press Trip<\/a> a permis d\u2019accompagner la structure dans son optique de changement.\u00a0Cependant, plusieurs changements ont \u00e9t\u00e9 r\u00e9alis\u00e9s suite au film comme la mise en place d\u2019une campagne de formation au digital ou encore l\u2019installation d\u2019un Intranet simplifi\u00e9.<\/p>\n<h2>Quelles ont \u00e9t\u00e9 les r\u00e9actions des journalistes\u00a0?<\/h2>\n<p>L\u2019accueil des journalistes a \u00e9t\u00e9 positif, malgr\u00e9 les clich\u00e9s utilis\u00e9s car n\u2019oublions pas que ce film reste le regard ext\u00e9rieur de So Bam, qui est volontairement caricatural. Le film a \u00e9t\u00e9 r\u00e9alis\u00e9 autour des RP (qui ont fait preuve d\u2019autod\u00e9rision autour de leur m\u00e9tier) et non des journalistes ; il refl\u00e8te finalement la perception qu\u2019ont les journalistes des relations presse, et vice versa.<\/p>\n<h2>Quel est l\u2019avenir des RP\u00a0? Pourrions-nous r\u00e9aliser le m\u00eame film dans\u00a05 ans\u00a0?<\/h2>\n<p>Ce film est tr\u00e8s parlant pour beaucoup de RP d&rsquo;aujourd\u2019hui. <a href=\"http:\/\/fr.wikipedia.org\/wiki\/Total_%28entreprise%29\">Total<\/a> nous a laiss\u00e9 la libert\u00e9 de le faire, et a accept\u00e9 la critique.\u00a0Je pense qu&rsquo;une nette \u00e9volution des pratiques des RP, dans les 5 ans, est in\u00e9vitable. Il en est de m\u00eame pour les journalistes, dans leur m\u00e9tier, leur mani\u00e8re de faire, leur perception des choses et leur fa\u00e7on de g\u00e9rer les nouveaux m\u00e9dias (<a href=\"https:\/\/twitter.com\/vismktg\" target=\"_blank\" rel=\"noopener noreferrer\">Twitter<\/a>).<\/p>\n<h2>Et notamment, pourrons-nous faire un film sur les journalistes qui recopient Twitter\u00a0?<\/h2>\n<p>Des changements de m\u00e9thodes de travail sont n\u00e9cessaires, car l\u2019\u00e9volution des m\u00e9dias force les journalistes \u00e0 r\u00e9apprendre le m\u00e9tier.\u00a0Ils sont en train d\u2019\u00e9voluer avec des outils dont la gestion, la provenance et la pertinence de l\u2019information, sont essentielles.<\/p>\n<p>&nbsp;<\/p>\n","protected":false},"excerpt":{"rendered":"<p>\u00ab\u00a0Il y a bien longtemps, dans une galaxie tr\u00e8s, tr\u00e8s lointaine, le vaisseau Relations Medias parcourait l&rsquo;univers, propageant la bonne parole&#8230;\u00a0\u00bb. Non, ceci n&rsquo;est pas le trailer du prochain\u00a0Star Wars : il s&rsquo;agit d&rsquo;une vid\u00e9o qui a fait beaucoup de bruit dans le monde du journalisme et des RP. Le titre n&rsquo;est pas choisi par &hellip;<\/p>\n","protected":false},"author":2,"featured_media":34063,"comment_status":"open","ping_status":"open","sticky":false,"template":"","format":"standard","meta":{"footnotes":""},"categories":[2898,4057],"tags":[],"class_list":["post-18176","post","type-post","status-publish","format-standard","has-post-thumbnail","hentry","category-communication-digitale","category-vente"],"yoast_head":"<!-- This site is optimized with the Yoast SEO plugin v27.5 - https:\/\/yoast.com\/product\/yoast-seo-wordpress\/ -->\n<title>RP et journalistes : deux m\u00e9tiers \u00e0 r\u00e9inventer<\/title>\n<meta name=\"description\" content=\"Very Press Trip, est une vid\u00e9o de Total sur les RP et les journalistes face aux m\u00e9dias sociaux. Journalistes, RP : 2 m\u00e9tiers \u00e0 r\u00e9inventer.\" \/>\n<meta name=\"robots\" content=\"index, follow, max-snippet:-1, max-image-preview:large, max-video-preview:-1\" \/>\n<link rel=\"canonical\" href=\"https:\/\/visionarymarketing.com\/fr\/2015\/05\/20\/journalistes-rp\/\" \/>\n<meta property=\"og:locale\" content=\"fr_FR\" \/>\n<meta property=\"og:type\" content=\"article\" \/>\n<meta property=\"og:title\" content=\"RP et journalistes : deux m\u00e9tiers \u00e0 r\u00e9inventer\" \/>\n<meta property=\"og:description\" content=\"Very Press Trip, est une vid\u00e9o de Total sur les RP et les journalistes face aux m\u00e9dias sociaux. Journalistes, RP : 2 m\u00e9tiers \u00e0 r\u00e9inventer.\" \/>\n<meta property=\"og:url\" content=\"https:\/\/visionarymarketing.com\/fr\/2015\/05\/20\/journalistes-rp\/\" \/>\n<meta property=\"og:site_name\" content=\"Marketing and Innovation\" \/>\n<meta property=\"article:publisher\" content=\"https:\/\/www.facebook.com\/vismktg\" \/>\n<meta property=\"article:author\" content=\"http:\/\/facebook.com\/ygourven\" \/>\n<meta property=\"article:published_time\" content=\"2015-05-19T22:00:59+00:00\" \/>\n<meta property=\"article:modified_time\" content=\"2020-05-27T13:37:21+00:00\" \/>\n<meta property=\"og:image\" content=\"https:\/\/visionarymarketing.com\/wp-content\/uploads\/2019\/11\/48112460011_0d38a2b2a9_k.jpg\" \/>\n\t<meta property=\"og:image:width\" content=\"644\" \/>\n\t<meta property=\"og:image:height\" content=\"430\" \/>\n\t<meta property=\"og:image:type\" content=\"image\/jpeg\" \/>\n<meta name=\"author\" content=\"Yann Gourvennec\" \/>\n<meta name=\"twitter:card\" content=\"summary_large_image\" \/>\n<meta name=\"twitter:creator\" content=\"@ygourven\" \/>\n<meta name=\"twitter:site\" content=\"@ygourven\" \/>\n<meta name=\"twitter:label1\" content=\"\u00c9crit par\" \/>\n\t<meta name=\"twitter:data1\" content=\"Yann Gourvennec\" \/>\n\t<meta name=\"twitter:label2\" content=\"Dur\u00e9e de lecture estim\u00e9e\" \/>\n\t<meta name=\"twitter:data2\" content=\"4 minutes\" \/>\n<script type=\"application\/ld+json\" class=\"yoast-schema-graph\">{\"@context\":\"https:\\\/\\\/schema.org\",\"@graph\":[{\"@type\":\"NewsArticle\",\"@id\":\"https:\\\/\\\/visionarymarketing.com\\\/fr\\\/2015\\\/05\\\/20\\\/journalistes-rp\\\/#article\",\"isPartOf\":{\"@id\":\"https:\\\/\\\/visionarymarketing.com\\\/fr\\\/2015\\\/05\\\/20\\\/journalistes-rp\\\/\"},\"author\":{\"name\":\"Yann Gourvennec\",\"@id\":\"https:\\\/\\\/visionarymarketing.com\\\/fr\\\/#\\\/schema\\\/person\\\/3754fee1e558f47b8deb46f53c37423e\"},\"headline\":\"RP et journalistes : deux m\u00e9tiers \u00e0 r\u00e9inventer\",\"datePublished\":\"2015-05-19T22:00:59+00:00\",\"dateModified\":\"2020-05-27T13:37:21+00:00\",\"mainEntityOfPage\":{\"@id\":\"https:\\\/\\\/visionarymarketing.com\\\/fr\\\/2015\\\/05\\\/20\\\/journalistes-rp\\\/\"},\"wordCount\":861,\"commentCount\":3,\"image\":{\"@id\":\"https:\\\/\\\/visionarymarketing.com\\\/fr\\\/2015\\\/05\\\/20\\\/journalistes-rp\\\/#primaryimage\"},\"thumbnailUrl\":\"https:\\\/\\\/visionarymarketing.com\\\/wp-content\\\/uploads\\\/2019\\\/11\\\/48112460011_0d38a2b2a9_k.jpg\",\"articleSection\":[\"communication digitale\",\"Vente et marketing\"],\"inLanguage\":\"fr-FR\",\"potentialAction\":[{\"@type\":\"CommentAction\",\"name\":\"Comment\",\"target\":[\"https:\\\/\\\/visionarymarketing.com\\\/fr\\\/2015\\\/05\\\/20\\\/journalistes-rp\\\/#respond\"]}]},{\"@type\":\"WebPage\",\"@id\":\"https:\\\/\\\/visionarymarketing.com\\\/fr\\\/2015\\\/05\\\/20\\\/journalistes-rp\\\/\",\"url\":\"https:\\\/\\\/visionarymarketing.com\\\/fr\\\/2015\\\/05\\\/20\\\/journalistes-rp\\\/\",\"name\":\"RP et journalistes : deux m\u00e9tiers \u00e0 r\u00e9inventer\",\"isPartOf\":{\"@id\":\"https:\\\/\\\/visionarymarketing.com\\\/fr\\\/#website\"},\"primaryImageOfPage\":{\"@id\":\"https:\\\/\\\/visionarymarketing.com\\\/fr\\\/2015\\\/05\\\/20\\\/journalistes-rp\\\/#primaryimage\"},\"image\":{\"@id\":\"https:\\\/\\\/visionarymarketing.com\\\/fr\\\/2015\\\/05\\\/20\\\/journalistes-rp\\\/#primaryimage\"},\"thumbnailUrl\":\"https:\\\/\\\/visionarymarketing.com\\\/wp-content\\\/uploads\\\/2019\\\/11\\\/48112460011_0d38a2b2a9_k.jpg\",\"datePublished\":\"2015-05-19T22:00:59+00:00\",\"dateModified\":\"2020-05-27T13:37:21+00:00\",\"author\":{\"@id\":\"https:\\\/\\\/visionarymarketing.com\\\/fr\\\/#\\\/schema\\\/person\\\/3754fee1e558f47b8deb46f53c37423e\"},\"description\":\"Very Press Trip, est une vid\u00e9o de Total sur les RP et les journalistes face aux m\u00e9dias sociaux. Journalistes, RP : 2 m\u00e9tiers \u00e0 r\u00e9inventer.\",\"breadcrumb\":{\"@id\":\"https:\\\/\\\/visionarymarketing.com\\\/fr\\\/2015\\\/05\\\/20\\\/journalistes-rp\\\/#breadcrumb\"},\"inLanguage\":\"fr-FR\",\"potentialAction\":[{\"@type\":\"ReadAction\",\"target\":[\"https:\\\/\\\/visionarymarketing.com\\\/fr\\\/2015\\\/05\\\/20\\\/journalistes-rp\\\/\"]}]},{\"@type\":\"ImageObject\",\"inLanguage\":\"fr-FR\",\"@id\":\"https:\\\/\\\/visionarymarketing.com\\\/fr\\\/2015\\\/05\\\/20\\\/journalistes-rp\\\/#primaryimage\",\"url\":\"https:\\\/\\\/visionarymarketing.com\\\/wp-content\\\/uploads\\\/2019\\\/11\\\/48112460011_0d38a2b2a9_k.jpg\",\"contentUrl\":\"https:\\\/\\\/visionarymarketing.com\\\/wp-content\\\/uploads\\\/2019\\\/11\\\/48112460011_0d38a2b2a9_k.jpg\",\"width\":644,\"height\":430},{\"@type\":\"BreadcrumbList\",\"@id\":\"https:\\\/\\\/visionarymarketing.com\\\/fr\\\/2015\\\/05\\\/20\\\/journalistes-rp\\\/#breadcrumb\",\"itemListElement\":[{\"@type\":\"ListItem\",\"position\":1,\"name\":\"Home\",\"item\":\"https:\\\/\\\/visionarymarketing.com\\\/fr\\\/\"},{\"@type\":\"ListItem\",\"position\":2,\"name\":\"RP et journalistes : deux m\u00e9tiers \u00e0 r\u00e9inventer\"}]},{\"@type\":\"WebSite\",\"@id\":\"https:\\\/\\\/visionarymarketing.com\\\/fr\\\/#website\",\"url\":\"https:\\\/\\\/visionarymarketing.com\\\/fr\\\/\",\"name\":\"Marketing and Innovation\",\"description\":\"Site d&#039;infos ind\u00e9pendant, depuis 1996\",\"potentialAction\":[{\"@type\":\"SearchAction\",\"target\":{\"@type\":\"EntryPoint\",\"urlTemplate\":\"https:\\\/\\\/visionarymarketing.com\\\/fr\\\/?s={search_term_string}\"},\"query-input\":{\"@type\":\"PropertyValueSpecification\",\"valueRequired\":true,\"valueName\":\"search_term_string\"}}],\"inLanguage\":\"fr-FR\"},{\"@type\":\"Person\",\"@id\":\"https:\\\/\\\/visionarymarketing.com\\\/fr\\\/#\\\/schema\\\/person\\\/3754fee1e558f47b8deb46f53c37423e\",\"name\":\"Yann Gourvennec\",\"image\":{\"@type\":\"ImageObject\",\"inLanguage\":\"fr-FR\",\"@id\":\"https:\\\/\\\/secure.gravatar.com\\\/avatar\\\/5972001801e8de5692a3e31224e85769f50a55fb8b679749f9c8d1868cceff14?s=96&d=initials&r=g&initials=yg\",\"url\":\"https:\\\/\\\/secure.gravatar.com\\\/avatar\\\/5972001801e8de5692a3e31224e85769f50a55fb8b679749f9c8d1868cceff14?s=96&d=initials&r=g&initials=yg\",\"contentUrl\":\"https:\\\/\\\/secure.gravatar.com\\\/avatar\\\/5972001801e8de5692a3e31224e85769f50a55fb8b679749f9c8d1868cceff14?s=96&d=initials&r=g&initials=yg\",\"caption\":\"Yann Gourvennec\"},\"description\":\"Yann Gourvennec created visionarymarketing.com in 1996. He is a speaker and author of many books. In 2014 he went from intrapreneur to entrepreneur, when he created his digital marketing agency. Yann Gourvennec a cr\u00e9\u00e9 visionarymarketing.com en 1996. Il est conf\u00e9rencier et auteur de plusieurs livres. En 2014, il est pass\u00e9 d'intrapreneur \u00e0 entrepreneur en cr\u00e9ant son agence de marketing num\u00e9rique.\",\"sameAs\":[\"https:\\\/\\\/visionarymarketing.com\",\"http:\\\/\\\/facebook.com\\\/ygourven\",\"http:\\\/\\\/linkedin.com\\\/in\\\/ygourven\",\"https:\\\/\\\/x.com\\\/ygourven\",\"https:\\\/\\\/www.youtube.com\\\/c\\\/visionarymarketingagency\"],\"url\":\"https:\\\/\\\/visionarymarketing.com\\\/fr\\\/author\\\/yann-gourvennec\\\/\"}]}<\/script>\n<!-- \/ Yoast SEO plugin. -->","yoast_head_json":{"title":"RP et journalistes : deux m\u00e9tiers \u00e0 r\u00e9inventer","description":"Very Press Trip, est une vid\u00e9o de Total sur les RP et les journalistes face aux m\u00e9dias sociaux. Journalistes, RP : 2 m\u00e9tiers \u00e0 r\u00e9inventer.","robots":{"index":"index","follow":"follow","max-snippet":"max-snippet:-1","max-image-preview":"max-image-preview:large","max-video-preview":"max-video-preview:-1"},"canonical":"https:\/\/visionarymarketing.com\/fr\/2015\/05\/20\/journalistes-rp\/","og_locale":"fr_FR","og_type":"article","og_title":"RP et journalistes : deux m\u00e9tiers \u00e0 r\u00e9inventer","og_description":"Very Press Trip, est une vid\u00e9o de Total sur les RP et les journalistes face aux m\u00e9dias sociaux. Journalistes, RP : 2 m\u00e9tiers \u00e0 r\u00e9inventer.","og_url":"https:\/\/visionarymarketing.com\/fr\/2015\/05\/20\/journalistes-rp\/","og_site_name":"Marketing and Innovation","article_publisher":"https:\/\/www.facebook.com\/vismktg","article_author":"http:\/\/facebook.com\/ygourven","article_published_time":"2015-05-19T22:00:59+00:00","article_modified_time":"2020-05-27T13:37:21+00:00","og_image":[{"width":644,"height":430,"url":"https:\/\/visionarymarketing.com\/wp-content\/uploads\/2019\/11\/48112460011_0d38a2b2a9_k.jpg","type":"image\/jpeg"}],"author":"Yann Gourvennec","twitter_card":"summary_large_image","twitter_creator":"@ygourven","twitter_site":"@ygourven","twitter_misc":{"\u00c9crit par":"Yann Gourvennec","Dur\u00e9e de lecture estim\u00e9e":"4 minutes"},"schema":{"@context":"https:\/\/schema.org","@graph":[{"@type":"NewsArticle","@id":"https:\/\/visionarymarketing.com\/fr\/2015\/05\/20\/journalistes-rp\/#article","isPartOf":{"@id":"https:\/\/visionarymarketing.com\/fr\/2015\/05\/20\/journalistes-rp\/"},"author":{"name":"Yann Gourvennec","@id":"https:\/\/visionarymarketing.com\/fr\/#\/schema\/person\/3754fee1e558f47b8deb46f53c37423e"},"headline":"RP et journalistes : deux m\u00e9tiers \u00e0 r\u00e9inventer","datePublished":"2015-05-19T22:00:59+00:00","dateModified":"2020-05-27T13:37:21+00:00","mainEntityOfPage":{"@id":"https:\/\/visionarymarketing.com\/fr\/2015\/05\/20\/journalistes-rp\/"},"wordCount":861,"commentCount":3,"image":{"@id":"https:\/\/visionarymarketing.com\/fr\/2015\/05\/20\/journalistes-rp\/#primaryimage"},"thumbnailUrl":"https:\/\/visionarymarketing.com\/wp-content\/uploads\/2019\/11\/48112460011_0d38a2b2a9_k.jpg","articleSection":["communication digitale","Vente et marketing"],"inLanguage":"fr-FR","potentialAction":[{"@type":"CommentAction","name":"Comment","target":["https:\/\/visionarymarketing.com\/fr\/2015\/05\/20\/journalistes-rp\/#respond"]}]},{"@type":"WebPage","@id":"https:\/\/visionarymarketing.com\/fr\/2015\/05\/20\/journalistes-rp\/","url":"https:\/\/visionarymarketing.com\/fr\/2015\/05\/20\/journalistes-rp\/","name":"RP et journalistes : deux m\u00e9tiers \u00e0 r\u00e9inventer","isPartOf":{"@id":"https:\/\/visionarymarketing.com\/fr\/#website"},"primaryImageOfPage":{"@id":"https:\/\/visionarymarketing.com\/fr\/2015\/05\/20\/journalistes-rp\/#primaryimage"},"image":{"@id":"https:\/\/visionarymarketing.com\/fr\/2015\/05\/20\/journalistes-rp\/#primaryimage"},"thumbnailUrl":"https:\/\/visionarymarketing.com\/wp-content\/uploads\/2019\/11\/48112460011_0d38a2b2a9_k.jpg","datePublished":"2015-05-19T22:00:59+00:00","dateModified":"2020-05-27T13:37:21+00:00","author":{"@id":"https:\/\/visionarymarketing.com\/fr\/#\/schema\/person\/3754fee1e558f47b8deb46f53c37423e"},"description":"Very Press Trip, est une vid\u00e9o de Total sur les RP et les journalistes face aux m\u00e9dias sociaux. Journalistes, RP : 2 m\u00e9tiers \u00e0 r\u00e9inventer.","breadcrumb":{"@id":"https:\/\/visionarymarketing.com\/fr\/2015\/05\/20\/journalistes-rp\/#breadcrumb"},"inLanguage":"fr-FR","potentialAction":[{"@type":"ReadAction","target":["https:\/\/visionarymarketing.com\/fr\/2015\/05\/20\/journalistes-rp\/"]}]},{"@type":"ImageObject","inLanguage":"fr-FR","@id":"https:\/\/visionarymarketing.com\/fr\/2015\/05\/20\/journalistes-rp\/#primaryimage","url":"https:\/\/visionarymarketing.com\/wp-content\/uploads\/2019\/11\/48112460011_0d38a2b2a9_k.jpg","contentUrl":"https:\/\/visionarymarketing.com\/wp-content\/uploads\/2019\/11\/48112460011_0d38a2b2a9_k.jpg","width":644,"height":430},{"@type":"BreadcrumbList","@id":"https:\/\/visionarymarketing.com\/fr\/2015\/05\/20\/journalistes-rp\/#breadcrumb","itemListElement":[{"@type":"ListItem","position":1,"name":"Home","item":"https:\/\/visionarymarketing.com\/fr\/"},{"@type":"ListItem","position":2,"name":"RP et journalistes : deux m\u00e9tiers \u00e0 r\u00e9inventer"}]},{"@type":"WebSite","@id":"https:\/\/visionarymarketing.com\/fr\/#website","url":"https:\/\/visionarymarketing.com\/fr\/","name":"Marketing and Innovation","description":"Site d&#039;infos ind\u00e9pendant, depuis 1996","potentialAction":[{"@type":"SearchAction","target":{"@type":"EntryPoint","urlTemplate":"https:\/\/visionarymarketing.com\/fr\/?s={search_term_string}"},"query-input":{"@type":"PropertyValueSpecification","valueRequired":true,"valueName":"search_term_string"}}],"inLanguage":"fr-FR"},{"@type":"Person","@id":"https:\/\/visionarymarketing.com\/fr\/#\/schema\/person\/3754fee1e558f47b8deb46f53c37423e","name":"Yann Gourvennec","image":{"@type":"ImageObject","inLanguage":"fr-FR","@id":"https:\/\/secure.gravatar.com\/avatar\/5972001801e8de5692a3e31224e85769f50a55fb8b679749f9c8d1868cceff14?s=96&d=initials&r=g&initials=yg","url":"https:\/\/secure.gravatar.com\/avatar\/5972001801e8de5692a3e31224e85769f50a55fb8b679749f9c8d1868cceff14?s=96&d=initials&r=g&initials=yg","contentUrl":"https:\/\/secure.gravatar.com\/avatar\/5972001801e8de5692a3e31224e85769f50a55fb8b679749f9c8d1868cceff14?s=96&d=initials&r=g&initials=yg","caption":"Yann Gourvennec"},"description":"Yann Gourvennec created visionarymarketing.com in 1996. He is a speaker and author of many books. In 2014 he went from intrapreneur to entrepreneur, when he created his digital marketing agency. Yann Gourvennec a cr\u00e9\u00e9 visionarymarketing.com en 1996. Il est conf\u00e9rencier et auteur de plusieurs livres. En 2014, il est pass\u00e9 d'intrapreneur \u00e0 entrepreneur en cr\u00e9ant son agence de marketing num\u00e9rique.","sameAs":["https:\/\/visionarymarketing.com","http:\/\/facebook.com\/ygourven","http:\/\/linkedin.com\/in\/ygourven","https:\/\/x.com\/ygourven","https:\/\/www.youtube.com\/c\/visionarymarketingagency"],"url":"https:\/\/visionarymarketing.com\/fr\/author\/yann-gourvennec\/"}]}},"_links":{"self":[{"href":"https:\/\/visionarymarketing.com\/fr\/wp-json\/wp\/v2\/posts\/18176","targetHints":{"allow":["GET"]}}],"collection":[{"href":"https:\/\/visionarymarketing.com\/fr\/wp-json\/wp\/v2\/posts"}],"about":[{"href":"https:\/\/visionarymarketing.com\/fr\/wp-json\/wp\/v2\/types\/post"}],"author":[{"embeddable":true,"href":"https:\/\/visionarymarketing.com\/fr\/wp-json\/wp\/v2\/users\/2"}],"replies":[{"embeddable":true,"href":"https:\/\/visionarymarketing.com\/fr\/wp-json\/wp\/v2\/comments?post=18176"}],"version-history":[{"count":0,"href":"https:\/\/visionarymarketing.com\/fr\/wp-json\/wp\/v2\/posts\/18176\/revisions"}],"wp:featuredmedia":[{"embeddable":true,"href":"https:\/\/visionarymarketing.com\/fr\/wp-json\/wp\/v2\/media\/34063"}],"wp:attachment":[{"href":"https:\/\/visionarymarketing.com\/fr\/wp-json\/wp\/v2\/media?parent=18176"}],"wp:term":[{"taxonomy":"category","embeddable":true,"href":"https:\/\/visionarymarketing.com\/fr\/wp-json\/wp\/v2\/categories?post=18176"},{"taxonomy":"post_tag","embeddable":true,"href":"https:\/\/visionarymarketing.com\/fr\/wp-json\/wp\/v2\/tags?post=18176"}],"curies":[{"name":"wp","href":"https:\/\/api.w.org\/{rel}","templated":true}]}}