{"id":17966,"date":"2015-05-07T12:11:23","date_gmt":"2015-05-07T10:11:23","guid":{"rendered":"http:\/\/visionarymarketing.fr\/blog?p=17966&#038;preview_id=17966"},"modified":"2020-12-12T09:22:08","modified_gmt":"2020-12-12T08:22:08","slug":"teletravail-medias-sociaux","status":"publish","type":"post","link":"https:\/\/visionarymarketing.com\/fr\/2015\/05\/07\/teletravail-medias-sociaux\/","title":{"rendered":"Le t\u00e9l\u00e9travail pl\u00e9biscit\u00e9 sur les m\u00e9dias sociaux et au-del\u00e0"},"content":{"rendered":"<p>Gr\u00e2ce aux m\u00e9dias sociaux, petit \u00e0 petit le t\u00e9l\u00e9travail fait son nid. En dehors des d\u00e9bats id\u00e9ologiques sur la \u00ab\u00a0flexibilit\u00e9 du travail\u00a0\u00bb celui-ci fait son chemin et commence \u00e0 imprimer des id\u00e9es positives dans les esprits : meilleure efficacit\u00e9, meilleur \u00e9quilibre de vie (pro\/perso), r\u00e9duction des temps de transports, impact \u00e9cologique (on parole bien ici de perceptions et non de faits ni de r\u00e9alit\u00e9)&#8230; Les arguments sont nombreux et refl\u00e9t\u00e9s dans cette \u00e9tude r\u00e9alis\u00e9e par inf\u00e9rences et notre partenaire <a href=\"https:\/\/visionarymarketing.com\/fr\/2014\/11\/club-zevillage\/\">Zevillage<\/a>.<\/p>\n<h2>Le t\u00e9l\u00e9travail en voie de d\u00e9diabolisation du moins sur les media sociaux<\/h2>\n<figure id=\"attachment_22369\" aria-describedby=\"caption-attachment-22369\" style=\"width: 519px\" class=\"wp-caption aligncenter\"><img decoding=\"async\" class=\"wp-image-22369 size-full\" src=\"https:\/\/visionarymarketing.com\/wp-content\/uploads\/2016\/11\/teletravail-worklab-zevillage.jpg-e1477986315863.jpeg\" alt=\"Le t\u00e9l\u00e9travail pl\u00e9biscit\u00e9 sur les m\u00e9dias sociaux et au-del\u00e0\" width=\"519\" height=\"340\" \/><figcaption id=\"caption-attachment-22369\" class=\"wp-caption-text\">Le t\u00e9l\u00e9travail pour beaucoup, c&rsquo;est encore se la couler douce \u00e0 la maison. Heureusement, les m\u00e9dias sociaux viennent changer cette perception<\/figcaption><\/figure>\n<p><!--more-->Certes, le terme de t\u00e9l\u00e9travail ne recouvre qu&rsquo;une des nombreuses r\u00e9alit\u00e9s des nouvelles formes de travail : travail pendulaire (entre plusieurs sites fixes), nomades internes aux grands sites industriels, travail en sites partag\u00e9s, espaces de coworking etc. &#8230; Les diff\u00e9rentes formes de travail sont nombreuses et bien plus riches que le simple t\u00e9l\u00e9travail qui couvre stricto sensu\u00a0\u00a0le travail depuis chez soi (ou en alternance depuis la maison).<strong> Mais le terme est \u00e9vocateur et facile \u00e0 retenir. Il sera difficile de s&rsquo;en passer<\/strong>.<\/p>\n<figure id=\"attachment_17974\" aria-describedby=\"caption-attachment-17974\" style=\"width: 650px\" class=\"wp-caption aligncenter\"><a href=\"https:\/\/www.slideshare.net\/ygourven\/fro-va-le-tltravail-lancement-du-club-zevillage\" target=\"_blank\" rel=\"noopener\"><img decoding=\"async\" class=\"wp-image-17974\" src=\"https:\/\/visionarymarketing.com\/wp-content\/uploads\/2015\/05\/07-07-2015_12.07.24-CapturFiles.png\" alt=\"le t\u00e9l\u00e9travail dans tous ses \u00e9tats\" width=\"650\" height=\"366\" srcset=\"https:\/\/visionarymarketing.com\/wp-content\/uploads\/2015\/05\/07-07-2015_12.07.24-CapturFiles.png 1183w, https:\/\/visionarymarketing.com\/wp-content\/uploads\/2015\/05\/07-07-2015_12.07.24-CapturFiles-500x281.png 500w, https:\/\/visionarymarketing.com\/wp-content\/uploads\/2015\/05\/07-07-2015_12.07.24-CapturFiles-1024x576.png 1024w, https:\/\/visionarymarketing.com\/wp-content\/uploads\/2015\/05\/07-07-2015_12.07.24-CapturFiles-768x432.png 768w, https:\/\/visionarymarketing.com\/wp-content\/uploads\/2015\/05\/07-07-2015_12.07.24-CapturFiles-300x169.png 300w\" sizes=\"(max-width: 650px) 100vw, 650px\" \/><\/a><figcaption id=\"caption-attachment-17974\" class=\"wp-caption-text\">Le t\u00e9l\u00e9travail est plus riche que ce que vous croyez<\/figcaption><\/figure>\n<p>Certes dans ce barom\u00e8tre <a href=\"https:\/\/visionarymarketing.com\/fr\/2014\/11\/club-zevillage-2\/\">Zevillage<\/a>, l&rsquo;analyse est tr\u00e8s orient\u00e9e Medias sociaux et influenceurs, donc un peu les \u201cdindes qui votent pour No\u00ebl\u201d du t\u00e9l\u00e9travail. Il faut donc rester prudent : l\u2019inclination de la sph\u00e8re geek \u00e9tant naturellement positive vis \u00e0 vis du t\u00e9l\u00e9travail et du travail en co-working que la plupart des int\u00e9ress\u00e9s pratiquent d\u00e9j\u00e0 assidument. Mais on remarquera aussi la pr\u00e9pond\u00e9rance parmi les \u201cinfluenceurs\u201d de la presse en ligne &#8211; <strong>dont la presse gratuite, qui a un \u00e9cho largement plus grand que les sources sp\u00e9cialis\u00e9es et sont donc \u00e0 m\u00eame de convertir le plus grand nombre<\/strong>.<\/p>\n<p>Une bonne initiative donc que ce <strong>barom\u00e8tre qui va nous permettre de v\u00e9rifier la progression du t\u00e9l\u00e9travail au travers de ces pr\u00e9sences en ligne<\/strong>, et qui pourrait peut-\u00eatre \u00eatre avantageusement compl\u00e9t\u00e9, un jour, par une analyse plus large aupr\u00e8s du public (managers \/ employ\u00e9s \u2026). Ceci aurait le double avantage de mesurer \u00e9galement l\u2019effet de l\u2019influence en ligne (presse et hors presse) sur l\u2019opinion.<\/p>\n<p>https:\/\/visionarymarketing.com\/wp-content\/uploads\/2015\/05\/barometre-teletravail-zevillage-inferences-v4-150507052637-lva1-app6892.pdf<\/p>\n<div style=\"margin-bottom: 5px;\"><strong> <a title=\"[Fr] Barom\u00e8tre du t\u00e9l\u00e9travail de Zevillage\" href=\"\/\/www.slideshare.net\/ygourven\/fr-baromtre-du-tltravail-de-zevillage\" target=\"_blank\" rel=\"noopener\">[Fr] Barom\u00e8tre du t\u00e9l\u00e9travail de Zevillage<\/a> <\/strong> sur l&rsquo;espace slideshare de <strong><a href=\"\/\/www.slideshare.net\/ygourven\" target=\"_blank\" rel=\"noopener\">Visionary Marketing<\/a><\/strong><\/div>\n<p>Le t\u00e9l\u00e9travail sur le barom\u00e8tre de Zevillage et inf\u00e9rences<\/p>\n<p>\u00ab\u00a0La transition num\u00e9rique de l\u2019\u00e9conomie, des territoires et des entreprises transforme, peu \u00e0 peu le travail en laissant \u00e9merger des formes nouvelles comme le t\u00e9l\u00e9travail et lses formes modalit\u00e9s associ\u00e9es de \u00ab smart working \u00bb transforment peu \u00e0 peu nos pratiques. Zevillage et Inf\u00e9rences publient le premier Barom\u00e8tre du t\u00e9l\u00e9travail. Son objet : comprendre les enjeux et les repr\u00e9sentations du t\u00e9l\u00e9travail sur le web social et \u00e9ditorial.<\/p>\n<p>#Faits et chiffres :<\/p>\n<ul>\n<li>les principaux r\u00e9sultats\u00a010 K conversations, 2 mois d\u2019\u00e9coute, 2 millions de mots<\/li>\n<li>Une e-opinion massivement favorable : 70,9% d\u2019avis positifs versus 29,1% d\u2019avis n\u00e9gatifs<\/li>\n<li>Top 5 des valeurs les plus souvent associ\u00e9es au t\u00e9l\u00e9travail : mobilit\u00e9, productivt\u00e9, qualit\u00e9, performance, bien-\u00eatre<\/li>\n<li>8 th\u00e8mes sont identifi\u00e9s dans les conversations :<\/li>\n<\/ul>\n<ul>\n<li>management, entreprise et RH (48,8%),<\/li>\n<li>transport et mobilit\u00e9 (13,8%),<\/li>\n<li>vie priv\u00e9e et personnelle (11,2%),<\/li>\n<li>technologies et infrastructures (9,3%),<\/li>\n<li>gestion du temps et de l\u2019espace (6,9%),<\/li>\n<li>territoire et am\u00e9nagement (5,1%),<\/li>\n<li>environnement et \u00e9cologie (4,9%),<\/li>\n<li>genre et famille (4,6%).<\/li>\n<li>Le t\u00e9l\u00e9travail est donc d\u2019abord un enjeu <strong>d\u2019emploi et de management<\/strong>, ensuite un <strong>enjeu soci\u00e9tal<\/strong> avec la transformation des territoires, des usages, des impacts environnementaux et des r\u00f4les sociaux, li\u00e9e \u00e0 la transition num\u00e9rique.\u00a0Paris et la RP restent les zones g\u00e9ographiques les plus activement cit\u00e9es.<\/li>\n<\/ul>\n<ul>\n<li>Certaines r\u00e9gions sortent du lot (<strong>Bretagne, Midi-Pyr\u00e9n\u00e9es<\/strong>\u2026), d\u2019autres restent \u00e0 la tra\u00eene (<strong>Bourgogne, Auvergne<\/strong>\u2026).\u00a0\u00bb<\/li>\n<\/ul>\n<p><strong>Pour aller plus loin : le rapport star sur les diff\u00e9rentes formes de travail :\u00a0<\/strong><\/p>\n<p>https:\/\/visionarymarketing.com\/wp-content\/uploads\/2015\/05\/rapportstar2003-141119060039-conversion-gate01.pdf<\/p>\n","protected":false},"excerpt":{"rendered":"<p>Gr\u00e2ce aux m\u00e9dias sociaux, petit \u00e0 petit le t\u00e9l\u00e9travail fait son nid. En dehors des d\u00e9bats id\u00e9ologiques sur la \u00ab\u00a0flexibilit\u00e9 du travail\u00a0\u00bb celui-ci fait son chemin et commence \u00e0 imprimer des id\u00e9es positives dans les esprits : meilleure efficacit\u00e9, meilleur \u00e9quilibre de vie (pro\/perso), r\u00e9duction des temps de transports, impact \u00e9cologique (on parole bien ici &hellip;<\/p>\n","protected":false},"author":2,"featured_media":22369,"comment_status":"open","ping_status":"open","sticky":false,"template":"","format":"standard","meta":{"footnotes":""},"categories":[10],"tags":[],"class_list":["post-17966","post","type-post","status-publish","format-standard","has-post-thumbnail","hentry","category-collaboration-et-teletravail"],"yoast_head":"<!-- This site is optimized with the Yoast SEO plugin v27.4 - https:\/\/yoast.com\/product\/yoast-seo-wordpress\/ -->\n<title>Le t\u00e9l\u00e9travail pl\u00e9biscit\u00e9 sur les m\u00e9dias sociaux et au-del\u00e0<\/title>\n<meta name=\"description\" content=\"Gr\u00e2ce aux m\u00e9dias sociaux, le t\u00e9l\u00e9travail fait son nid. Hors des d\u00e9bats id\u00e9ologiques sur la &quot;flexibilit\u00e9 du travail&quot; il fait son chemin\" \/>\n<meta name=\"robots\" content=\"index, follow, max-snippet:-1, max-image-preview:large, max-video-preview:-1\" \/>\n<link rel=\"canonical\" href=\"https:\/\/visionarymarketing.com\/fr\/2015\/05\/07\/teletravail-medias-sociaux\/\" \/>\n<meta property=\"og:locale\" content=\"fr_FR\" \/>\n<meta property=\"og:type\" content=\"article\" \/>\n<meta property=\"og:title\" content=\"Le t\u00e9l\u00e9travail pl\u00e9biscit\u00e9 sur les m\u00e9dias sociaux et au-del\u00e0\" \/>\n<meta property=\"og:description\" content=\"Gr\u00e2ce aux m\u00e9dias sociaux, le t\u00e9l\u00e9travail fait son nid. Hors des d\u00e9bats id\u00e9ologiques sur la &quot;flexibilit\u00e9 du travail&quot; il fait son chemin\" \/>\n<meta property=\"og:url\" content=\"https:\/\/visionarymarketing.com\/fr\/2015\/05\/07\/teletravail-medias-sociaux\/\" \/>\n<meta property=\"og:site_name\" content=\"Marketing and Innovation\" \/>\n<meta property=\"article:publisher\" content=\"https:\/\/www.facebook.com\/vismktg\" \/>\n<meta property=\"article:author\" content=\"http:\/\/facebook.com\/ygourven\" \/>\n<meta property=\"article:published_time\" content=\"2015-05-07T10:11:23+00:00\" \/>\n<meta property=\"article:modified_time\" content=\"2020-12-12T08:22:08+00:00\" \/>\n<meta property=\"og:image\" content=\"https:\/\/visionarymarketing.com\/wp-content\/uploads\/2016\/11\/teletravail-worklab-zevillage.jpg-e1477986315863.jpeg\" \/>\n\t<meta property=\"og:image:width\" content=\"519\" \/>\n\t<meta property=\"og:image:height\" content=\"340\" \/>\n\t<meta property=\"og:image:type\" content=\"image\/jpeg\" \/>\n<meta name=\"author\" content=\"Yann Gourvennec\" \/>\n<meta name=\"twitter:card\" content=\"summary_large_image\" \/>\n<meta name=\"twitter:creator\" content=\"@ygourven\" \/>\n<meta name=\"twitter:site\" content=\"@ygourven\" \/>\n<meta name=\"twitter:label1\" content=\"\u00c9crit par\" \/>\n\t<meta name=\"twitter:data1\" content=\"Yann Gourvennec\" \/>\n\t<meta name=\"twitter:label2\" content=\"Dur\u00e9e de lecture estim\u00e9e\" \/>\n\t<meta name=\"twitter:data2\" content=\"4 minutes\" \/>\n<script type=\"application\/ld+json\" class=\"yoast-schema-graph\">{\"@context\":\"https:\\\/\\\/schema.org\",\"@graph\":[{\"@type\":\"NewsArticle\",\"@id\":\"https:\\\/\\\/visionarymarketing.com\\\/fr\\\/2015\\\/05\\\/07\\\/teletravail-medias-sociaux\\\/#article\",\"isPartOf\":{\"@id\":\"https:\\\/\\\/visionarymarketing.com\\\/fr\\\/2015\\\/05\\\/07\\\/teletravail-medias-sociaux\\\/\"},\"author\":{\"name\":\"Yann Gourvennec\",\"@id\":\"https:\\\/\\\/visionarymarketing.com\\\/fr\\\/#\\\/schema\\\/person\\\/3754fee1e558f47b8deb46f53c37423e\"},\"headline\":\"Le t\u00e9l\u00e9travail pl\u00e9biscit\u00e9 sur les m\u00e9dias sociaux et au-del\u00e0\",\"datePublished\":\"2015-05-07T10:11:23+00:00\",\"dateModified\":\"2020-12-12T08:22:08+00:00\",\"mainEntityOfPage\":{\"@id\":\"https:\\\/\\\/visionarymarketing.com\\\/fr\\\/2015\\\/05\\\/07\\\/teletravail-medias-sociaux\\\/\"},\"wordCount\":742,\"commentCount\":4,\"image\":{\"@id\":\"https:\\\/\\\/visionarymarketing.com\\\/fr\\\/2015\\\/05\\\/07\\\/teletravail-medias-sociaux\\\/#primaryimage\"},\"thumbnailUrl\":\"https:\\\/\\\/visionarymarketing.com\\\/wp-content\\\/uploads\\\/2016\\\/11\\\/teletravail-worklab-zevillage.jpg-e1477986315863.jpeg\",\"articleSection\":[\"collaboration \\\/ t\u00e9l\u00e9travail\"],\"inLanguage\":\"fr-FR\",\"potentialAction\":[{\"@type\":\"CommentAction\",\"name\":\"Comment\",\"target\":[\"https:\\\/\\\/visionarymarketing.com\\\/fr\\\/2015\\\/05\\\/07\\\/teletravail-medias-sociaux\\\/#respond\"]}]},{\"@type\":\"WebPage\",\"@id\":\"https:\\\/\\\/visionarymarketing.com\\\/fr\\\/2015\\\/05\\\/07\\\/teletravail-medias-sociaux\\\/\",\"url\":\"https:\\\/\\\/visionarymarketing.com\\\/fr\\\/2015\\\/05\\\/07\\\/teletravail-medias-sociaux\\\/\",\"name\":\"Le t\u00e9l\u00e9travail pl\u00e9biscit\u00e9 sur les m\u00e9dias sociaux et au-del\u00e0\",\"isPartOf\":{\"@id\":\"https:\\\/\\\/visionarymarketing.com\\\/fr\\\/#website\"},\"primaryImageOfPage\":{\"@id\":\"https:\\\/\\\/visionarymarketing.com\\\/fr\\\/2015\\\/05\\\/07\\\/teletravail-medias-sociaux\\\/#primaryimage\"},\"image\":{\"@id\":\"https:\\\/\\\/visionarymarketing.com\\\/fr\\\/2015\\\/05\\\/07\\\/teletravail-medias-sociaux\\\/#primaryimage\"},\"thumbnailUrl\":\"https:\\\/\\\/visionarymarketing.com\\\/wp-content\\\/uploads\\\/2016\\\/11\\\/teletravail-worklab-zevillage.jpg-e1477986315863.jpeg\",\"datePublished\":\"2015-05-07T10:11:23+00:00\",\"dateModified\":\"2020-12-12T08:22:08+00:00\",\"author\":{\"@id\":\"https:\\\/\\\/visionarymarketing.com\\\/fr\\\/#\\\/schema\\\/person\\\/3754fee1e558f47b8deb46f53c37423e\"},\"description\":\"Gr\u00e2ce aux m\u00e9dias sociaux, le t\u00e9l\u00e9travail fait son nid. Hors des d\u00e9bats id\u00e9ologiques sur la \\\"flexibilit\u00e9 du travail\\\" il fait son chemin\",\"breadcrumb\":{\"@id\":\"https:\\\/\\\/visionarymarketing.com\\\/fr\\\/2015\\\/05\\\/07\\\/teletravail-medias-sociaux\\\/#breadcrumb\"},\"inLanguage\":\"fr-FR\",\"potentialAction\":[{\"@type\":\"ReadAction\",\"target\":[\"https:\\\/\\\/visionarymarketing.com\\\/fr\\\/2015\\\/05\\\/07\\\/teletravail-medias-sociaux\\\/\"]}]},{\"@type\":\"ImageObject\",\"inLanguage\":\"fr-FR\",\"@id\":\"https:\\\/\\\/visionarymarketing.com\\\/fr\\\/2015\\\/05\\\/07\\\/teletravail-medias-sociaux\\\/#primaryimage\",\"url\":\"https:\\\/\\\/visionarymarketing.com\\\/wp-content\\\/uploads\\\/2016\\\/11\\\/teletravail-worklab-zevillage.jpg-e1477986315863.jpeg\",\"contentUrl\":\"https:\\\/\\\/visionarymarketing.com\\\/wp-content\\\/uploads\\\/2016\\\/11\\\/teletravail-worklab-zevillage.jpg-e1477986315863.jpeg\",\"width\":906,\"height\":611,\"caption\":\"le travail flexible\"},{\"@type\":\"BreadcrumbList\",\"@id\":\"https:\\\/\\\/visionarymarketing.com\\\/fr\\\/2015\\\/05\\\/07\\\/teletravail-medias-sociaux\\\/#breadcrumb\",\"itemListElement\":[{\"@type\":\"ListItem\",\"position\":1,\"name\":\"Home\",\"item\":\"https:\\\/\\\/visionarymarketing.com\\\/fr\\\/\"},{\"@type\":\"ListItem\",\"position\":2,\"name\":\"Le t\u00e9l\u00e9travail pl\u00e9biscit\u00e9 sur les m\u00e9dias sociaux et au-del\u00e0\"}]},{\"@type\":\"WebSite\",\"@id\":\"https:\\\/\\\/visionarymarketing.com\\\/fr\\\/#website\",\"url\":\"https:\\\/\\\/visionarymarketing.com\\\/fr\\\/\",\"name\":\"Marketing and Innovation\",\"description\":\"Site d&#039;infos ind\u00e9pendant, depuis 1996\",\"potentialAction\":[{\"@type\":\"SearchAction\",\"target\":{\"@type\":\"EntryPoint\",\"urlTemplate\":\"https:\\\/\\\/visionarymarketing.com\\\/fr\\\/?s={search_term_string}\"},\"query-input\":{\"@type\":\"PropertyValueSpecification\",\"valueRequired\":true,\"valueName\":\"search_term_string\"}}],\"inLanguage\":\"fr-FR\"},{\"@type\":\"Person\",\"@id\":\"https:\\\/\\\/visionarymarketing.com\\\/fr\\\/#\\\/schema\\\/person\\\/3754fee1e558f47b8deb46f53c37423e\",\"name\":\"Yann Gourvennec\",\"image\":{\"@type\":\"ImageObject\",\"inLanguage\":\"fr-FR\",\"@id\":\"https:\\\/\\\/secure.gravatar.com\\\/avatar\\\/5972001801e8de5692a3e31224e85769f50a55fb8b679749f9c8d1868cceff14?s=96&d=initials&r=g&initials=yg\",\"url\":\"https:\\\/\\\/secure.gravatar.com\\\/avatar\\\/5972001801e8de5692a3e31224e85769f50a55fb8b679749f9c8d1868cceff14?s=96&d=initials&r=g&initials=yg\",\"contentUrl\":\"https:\\\/\\\/secure.gravatar.com\\\/avatar\\\/5972001801e8de5692a3e31224e85769f50a55fb8b679749f9c8d1868cceff14?s=96&d=initials&r=g&initials=yg\",\"caption\":\"Yann Gourvennec\"},\"description\":\"Yann Gourvennec created visionarymarketing.com in 1996. He is a speaker and author of many books. In 2014 he went from intrapreneur to entrepreneur, when he created his digital marketing agency. Yann Gourvennec a cr\u00e9\u00e9 visionarymarketing.com en 1996. Il est conf\u00e9rencier et auteur de plusieurs livres. En 2014, il est pass\u00e9 d'intrapreneur \u00e0 entrepreneur en cr\u00e9ant son agence de marketing num\u00e9rique.\",\"sameAs\":[\"https:\\\/\\\/visionarymarketing.com\",\"http:\\\/\\\/facebook.com\\\/ygourven\",\"http:\\\/\\\/linkedin.com\\\/in\\\/ygourven\",\"https:\\\/\\\/x.com\\\/ygourven\",\"https:\\\/\\\/www.youtube.com\\\/c\\\/visionarymarketingagency\"],\"url\":\"https:\\\/\\\/visionarymarketing.com\\\/fr\\\/author\\\/yann-gourvennec\\\/\"}]}<\/script>\n<!-- \/ Yoast SEO plugin. -->","yoast_head_json":{"title":"Le t\u00e9l\u00e9travail pl\u00e9biscit\u00e9 sur les m\u00e9dias sociaux et au-del\u00e0","description":"Gr\u00e2ce aux m\u00e9dias sociaux, le t\u00e9l\u00e9travail fait son nid. Hors des d\u00e9bats id\u00e9ologiques sur la \"flexibilit\u00e9 du travail\" il fait son chemin","robots":{"index":"index","follow":"follow","max-snippet":"max-snippet:-1","max-image-preview":"max-image-preview:large","max-video-preview":"max-video-preview:-1"},"canonical":"https:\/\/visionarymarketing.com\/fr\/2015\/05\/07\/teletravail-medias-sociaux\/","og_locale":"fr_FR","og_type":"article","og_title":"Le t\u00e9l\u00e9travail pl\u00e9biscit\u00e9 sur les m\u00e9dias sociaux et au-del\u00e0","og_description":"Gr\u00e2ce aux m\u00e9dias sociaux, le t\u00e9l\u00e9travail fait son nid. Hors des d\u00e9bats id\u00e9ologiques sur la \"flexibilit\u00e9 du travail\" il fait son chemin","og_url":"https:\/\/visionarymarketing.com\/fr\/2015\/05\/07\/teletravail-medias-sociaux\/","og_site_name":"Marketing and Innovation","article_publisher":"https:\/\/www.facebook.com\/vismktg","article_author":"http:\/\/facebook.com\/ygourven","article_published_time":"2015-05-07T10:11:23+00:00","article_modified_time":"2020-12-12T08:22:08+00:00","og_image":[{"width":519,"height":340,"url":"https:\/\/visionarymarketing.com\/wp-content\/uploads\/2016\/11\/teletravail-worklab-zevillage.jpg-e1477986315863.jpeg","type":"image\/jpeg"}],"author":"Yann Gourvennec","twitter_card":"summary_large_image","twitter_creator":"@ygourven","twitter_site":"@ygourven","twitter_misc":{"\u00c9crit par":"Yann Gourvennec","Dur\u00e9e de lecture estim\u00e9e":"4 minutes"},"schema":{"@context":"https:\/\/schema.org","@graph":[{"@type":"NewsArticle","@id":"https:\/\/visionarymarketing.com\/fr\/2015\/05\/07\/teletravail-medias-sociaux\/#article","isPartOf":{"@id":"https:\/\/visionarymarketing.com\/fr\/2015\/05\/07\/teletravail-medias-sociaux\/"},"author":{"name":"Yann Gourvennec","@id":"https:\/\/visionarymarketing.com\/fr\/#\/schema\/person\/3754fee1e558f47b8deb46f53c37423e"},"headline":"Le t\u00e9l\u00e9travail pl\u00e9biscit\u00e9 sur les m\u00e9dias sociaux et au-del\u00e0","datePublished":"2015-05-07T10:11:23+00:00","dateModified":"2020-12-12T08:22:08+00:00","mainEntityOfPage":{"@id":"https:\/\/visionarymarketing.com\/fr\/2015\/05\/07\/teletravail-medias-sociaux\/"},"wordCount":742,"commentCount":4,"image":{"@id":"https:\/\/visionarymarketing.com\/fr\/2015\/05\/07\/teletravail-medias-sociaux\/#primaryimage"},"thumbnailUrl":"https:\/\/visionarymarketing.com\/wp-content\/uploads\/2016\/11\/teletravail-worklab-zevillage.jpg-e1477986315863.jpeg","articleSection":["collaboration \/ t\u00e9l\u00e9travail"],"inLanguage":"fr-FR","potentialAction":[{"@type":"CommentAction","name":"Comment","target":["https:\/\/visionarymarketing.com\/fr\/2015\/05\/07\/teletravail-medias-sociaux\/#respond"]}]},{"@type":"WebPage","@id":"https:\/\/visionarymarketing.com\/fr\/2015\/05\/07\/teletravail-medias-sociaux\/","url":"https:\/\/visionarymarketing.com\/fr\/2015\/05\/07\/teletravail-medias-sociaux\/","name":"Le t\u00e9l\u00e9travail pl\u00e9biscit\u00e9 sur les m\u00e9dias sociaux et au-del\u00e0","isPartOf":{"@id":"https:\/\/visionarymarketing.com\/fr\/#website"},"primaryImageOfPage":{"@id":"https:\/\/visionarymarketing.com\/fr\/2015\/05\/07\/teletravail-medias-sociaux\/#primaryimage"},"image":{"@id":"https:\/\/visionarymarketing.com\/fr\/2015\/05\/07\/teletravail-medias-sociaux\/#primaryimage"},"thumbnailUrl":"https:\/\/visionarymarketing.com\/wp-content\/uploads\/2016\/11\/teletravail-worklab-zevillage.jpg-e1477986315863.jpeg","datePublished":"2015-05-07T10:11:23+00:00","dateModified":"2020-12-12T08:22:08+00:00","author":{"@id":"https:\/\/visionarymarketing.com\/fr\/#\/schema\/person\/3754fee1e558f47b8deb46f53c37423e"},"description":"Gr\u00e2ce aux m\u00e9dias sociaux, le t\u00e9l\u00e9travail fait son nid. Hors des d\u00e9bats id\u00e9ologiques sur la \"flexibilit\u00e9 du travail\" il fait son chemin","breadcrumb":{"@id":"https:\/\/visionarymarketing.com\/fr\/2015\/05\/07\/teletravail-medias-sociaux\/#breadcrumb"},"inLanguage":"fr-FR","potentialAction":[{"@type":"ReadAction","target":["https:\/\/visionarymarketing.com\/fr\/2015\/05\/07\/teletravail-medias-sociaux\/"]}]},{"@type":"ImageObject","inLanguage":"fr-FR","@id":"https:\/\/visionarymarketing.com\/fr\/2015\/05\/07\/teletravail-medias-sociaux\/#primaryimage","url":"https:\/\/visionarymarketing.com\/wp-content\/uploads\/2016\/11\/teletravail-worklab-zevillage.jpg-e1477986315863.jpeg","contentUrl":"https:\/\/visionarymarketing.com\/wp-content\/uploads\/2016\/11\/teletravail-worklab-zevillage.jpg-e1477986315863.jpeg","width":906,"height":611,"caption":"le travail flexible"},{"@type":"BreadcrumbList","@id":"https:\/\/visionarymarketing.com\/fr\/2015\/05\/07\/teletravail-medias-sociaux\/#breadcrumb","itemListElement":[{"@type":"ListItem","position":1,"name":"Home","item":"https:\/\/visionarymarketing.com\/fr\/"},{"@type":"ListItem","position":2,"name":"Le t\u00e9l\u00e9travail pl\u00e9biscit\u00e9 sur les m\u00e9dias sociaux et au-del\u00e0"}]},{"@type":"WebSite","@id":"https:\/\/visionarymarketing.com\/fr\/#website","url":"https:\/\/visionarymarketing.com\/fr\/","name":"Marketing and Innovation","description":"Site d&#039;infos ind\u00e9pendant, depuis 1996","potentialAction":[{"@type":"SearchAction","target":{"@type":"EntryPoint","urlTemplate":"https:\/\/visionarymarketing.com\/fr\/?s={search_term_string}"},"query-input":{"@type":"PropertyValueSpecification","valueRequired":true,"valueName":"search_term_string"}}],"inLanguage":"fr-FR"},{"@type":"Person","@id":"https:\/\/visionarymarketing.com\/fr\/#\/schema\/person\/3754fee1e558f47b8deb46f53c37423e","name":"Yann Gourvennec","image":{"@type":"ImageObject","inLanguage":"fr-FR","@id":"https:\/\/secure.gravatar.com\/avatar\/5972001801e8de5692a3e31224e85769f50a55fb8b679749f9c8d1868cceff14?s=96&d=initials&r=g&initials=yg","url":"https:\/\/secure.gravatar.com\/avatar\/5972001801e8de5692a3e31224e85769f50a55fb8b679749f9c8d1868cceff14?s=96&d=initials&r=g&initials=yg","contentUrl":"https:\/\/secure.gravatar.com\/avatar\/5972001801e8de5692a3e31224e85769f50a55fb8b679749f9c8d1868cceff14?s=96&d=initials&r=g&initials=yg","caption":"Yann Gourvennec"},"description":"Yann Gourvennec created visionarymarketing.com in 1996. He is a speaker and author of many books. In 2014 he went from intrapreneur to entrepreneur, when he created his digital marketing agency. Yann Gourvennec a cr\u00e9\u00e9 visionarymarketing.com en 1996. Il est conf\u00e9rencier et auteur de plusieurs livres. En 2014, il est pass\u00e9 d'intrapreneur \u00e0 entrepreneur en cr\u00e9ant son agence de marketing num\u00e9rique.","sameAs":["https:\/\/visionarymarketing.com","http:\/\/facebook.com\/ygourven","http:\/\/linkedin.com\/in\/ygourven","https:\/\/x.com\/ygourven","https:\/\/www.youtube.com\/c\/visionarymarketingagency"],"url":"https:\/\/visionarymarketing.com\/fr\/author\/yann-gourvennec\/"}]}},"_links":{"self":[{"href":"https:\/\/visionarymarketing.com\/fr\/wp-json\/wp\/v2\/posts\/17966","targetHints":{"allow":["GET"]}}],"collection":[{"href":"https:\/\/visionarymarketing.com\/fr\/wp-json\/wp\/v2\/posts"}],"about":[{"href":"https:\/\/visionarymarketing.com\/fr\/wp-json\/wp\/v2\/types\/post"}],"author":[{"embeddable":true,"href":"https:\/\/visionarymarketing.com\/fr\/wp-json\/wp\/v2\/users\/2"}],"replies":[{"embeddable":true,"href":"https:\/\/visionarymarketing.com\/fr\/wp-json\/wp\/v2\/comments?post=17966"}],"version-history":[{"count":0,"href":"https:\/\/visionarymarketing.com\/fr\/wp-json\/wp\/v2\/posts\/17966\/revisions"}],"wp:featuredmedia":[{"embeddable":true,"href":"https:\/\/visionarymarketing.com\/fr\/wp-json\/wp\/v2\/media\/22369"}],"wp:attachment":[{"href":"https:\/\/visionarymarketing.com\/fr\/wp-json\/wp\/v2\/media?parent=17966"}],"wp:term":[{"taxonomy":"category","embeddable":true,"href":"https:\/\/visionarymarketing.com\/fr\/wp-json\/wp\/v2\/categories?post=17966"},{"taxonomy":"post_tag","embeddable":true,"href":"https:\/\/visionarymarketing.com\/fr\/wp-json\/wp\/v2\/tags?post=17966"}],"curies":[{"name":"wp","href":"https:\/\/api.w.org\/{rel}","templated":true}]}}