{"id":17812,"date":"2015-04-21T08:45:43","date_gmt":"2015-04-21T06:45:43","guid":{"rendered":"http:\/\/visionarymarketing.fr\/blog?p=17812&#038;preview_id=17812"},"modified":"2020-07-10T14:31:15","modified_gmt":"2020-07-10T12:31:15","slug":"revue-de-tweet","status":"publish","type":"post","link":"https:\/\/visionarymarketing.com\/fr\/2015\/04\/21\/revue-de-tweet\/","title":{"rendered":"Revue de Tweets : FM, cloud computing et R\u00e9alit\u00e9 augment\u00e9e"},"content":{"rendered":"<p><strong>\u00a0On fait bien des revues de Presse &#8230;<\/strong><\/p>\n<p><span style=\"color: #003366;\"><em>Alors j\u2019ai d\u00e9cid\u00e9 de faire une <strong>revue de tweets digitale<\/strong>. Histoire de prouver aux sceptiques que <a style=\"color: #003366;\" href=\"https:\/\/twitter.com\/vismktg\" target=\"_blank\" rel=\"noopener noreferrer\">Twitter<\/a> est aussi et surtout un formidable outil de veille. J\u2019ai donc s\u00e9lectionn\u00e9 quelques tweets int\u00e9ressants et pertinents afin d\u2019agr\u00e9menter cette journ\u00e9e de vacances de printemps, o\u00f9 les tweets des geeks ne sont pas si nombreux que cela d\u2019ailleurs. Ceci nous permettra, sans vouloir d\u00e9noncer les autres, de r\u00e9compenser les veilleurs courageux.\u00a0<\/em><\/span><\/p>\n<p><img decoding=\"async\" class=\"aligncenter size-full wp-image-17819\" src=\"https:\/\/visionarymarketing.com\/wp-content\/uploads\/2015\/04\/revue-de-tweets.gif\" alt=\"revue de tweets de @vismktg\" width=\"750\" height=\"250\" \/><\/p>\n<h2>1. Revue de Tweet : radio num\u00e9rique vs. radio Internet<\/h2>\n<p>Pour ceux qui se demandent encore si le digital c\u2019est important, voici une annonce amusante rep\u00e9r\u00e9e par Jonathan Chan, un de mes fid\u00e8les lecteurs que j\u2019ai ainsi l\u2019occasion de remercier.<\/p>\n<blockquote class=\"twitter-tweet\" lang=\"en\"><p>La Norv\u00e8ge sera le premier pays \u00e0 couper la radio FM, en 2017 <a href=\"http:\/\/t.co\/UdQ9wog5aj\">http:\/\/t.co\/UdQ9wog5aj<\/a> <a href=\"http:\/\/t.co\/o8ArV3d39u\">pic.twitter.com\/o8ArV3d39u<\/a>\u2014 Chan Jonathan (@ChanPerco) <a href=\"https:\/\/twitter.com\/ChanPerco\/status\/590381462169509888\">April 21, 2015<\/a><br \/>\n<script src=\"\/\/platform.twitter.com\/widgets.js\" async=\"\" charset=\"utf-8\"><\/script><a href=\"https:\/\/twitter.com\/ChanPerco\/status\/590381462169509888\">April 21, 2015<\/a>\n<\/p><\/blockquote>\n<p>Ceci m\u2019a permis de me pencher sur une technologie que je ne connaissais pas : le <a href=\"http:\/\/fr.wikipedia.org\/wiki\/Digital_Audio_Broadcasting\">DAB ou Digital Audio Broadcasting<\/a>. Comme d\u2019habitude, il s\u2019agit d\u2019une vieille nouvelle technologie, qui date de \u2026 1995 ! Elle utilise un standard de compression similaire au MP3. Etant donn\u00e9 cela on se demande bien pourquoi passer par cette technologie et ne pas aller directement \u00e0 la radio Internet (qui a rapidement supplant\u00e9 la radio satellite). J\u2019utilise personnellement des radios Internet depuis de tr\u00e8s nombreuses ann\u00e9es et de ce fait je pourrais faire mentir facilement <a href=\"http:\/\/www.lefigaro.fr\/secteur\/high-tech\/2015\/04\/20\/01007-20150420ARTFIG00121-la-norvege-sera-le-premier-pays-a-couper-la-radio-fm-en-2017.php?utm_content=bufferd3ae2&amp;utm_medium=social&amp;utm_source=twitter.com&amp;utm_campaign=buffer\">nos amis du Gorafi (pardon, Figaro)<\/a>, qui pr\u00e9tendent que la France est encore \u00e0 la tra\u00eene, alors que justement <a href=\"http:\/\/fr.wikipedia.org\/wiki\/Liveradio\" target=\"_blank\" rel=\"noopener noreferrer\">c\u2019est probablement un op\u00e9rateur fran\u00e7ais qui a \u00e9t\u00e9 le premier \u00e0 populariser ce syst\u00e8me<\/a> (j\u2019ai fait une d\u00e9mo devant des australiens m\u00e9dus\u00e9s en 2008, ils n\u2019en revenaient pas d\u2019entendre leur radio de Melbourne \u00e0 Paris !). Sur ma cha\u00eene HIFI, j\u2019ai \u00e9galement un syst\u00e8me num\u00e9rique bas\u00e9 sur un serveur Linux, \u00e9quip\u00e9 d\u2019une connexion filaire Ethernet et Wifi, qui me permet d\u2019\u00e9couter mes radios pr\u00e9f\u00e9r\u00e9es en qualit\u00e9 moyenne mais acceptable (c\u2019est-\u00e0-dire finalement meilleure que la FM qui gr\u00e9sille). Il s\u2019agit d\u2019un syst\u00e8me <a href=\"http:\/\/olive.us\" target=\"_blank\" rel=\"noopener noreferrer\">Olive<\/a> (photo \u00e0 droite) con\u00e7u au Royaume Uni et fabriqu\u00e9 en Californie. Ces syst\u00e8mes sont cependant d\u00e9j\u00e0 d\u00e9pass\u00e9s et les nouvelles cha\u00eenes HIFI sont tout b\u00eatement constitu\u00e9es d\u2019un DAC (<a href=\"https:\/\/en.wikipedia.org\/wiki\/Digital-to-analog_converter\" target=\"_blank\" rel=\"noopener noreferrer\">Digital to Analog\u00a0Converter<\/a>) et \u2026 d\u2019un ordinateur ou d\u2019une tablette qui permet de piloter des morceaux jou\u00e9s \u00e0 partir d\u2019un simple disque dur. Bref ! Tout cela pour dire qu\u2019il n\u2019y a plus besoin d\u2019appareils sophistiqu\u00e9s pour \u00e9couter ni la radio ni la musique. C\u2019est cela aussi la r\u00e9volution num\u00e9rique, m\u00eame si le r\u00e9sultat n&rsquo;est <a href=\"https:\/\/web.archive.org\/web\/20200519184948\/http:\/\/www.enjoythemusic.com\/hificritic\/vol5_no3\/listening_to_storage.htm\" target=\"_blank\" rel=\"noopener noreferrer\">pas aussi simple ni aussi clair qu&rsquo;on pourrait le croire<\/a>.<\/p>\n l\u00e9gende :\u00a0(revue de tweets) les pays \u00e9quip\u00e9s de DAB (Wikipedia)\n<p>&nbsp;<\/p>\n<h2>2. Revue de Tweet : la France en retard sur le cloud<\/h2>\n<p>A\u00a0noter qu\u2019ici on va parler de <a href=\"http:\/\/www.culture-informatique.net\/cest-quoi-le-cloud-2\/\">cloud computing d\u2019infrastructure (IaaS)<\/a> enfin c\u2019est ce que je crois comprendre en lisant l\u2019article car cela n\u2019est pas pr\u00e9cis\u00e9, un oubli bizarre mais remarquable. En fait, en France on aime tellement dire qu\u2019on est en retard, on finirait par croire que \u00e7a nous fait plaisir\u2026 Heureusement qu\u2019\u00e0 la TV (pour le peu que je la regarde, on nous gratifie d\u2019explications sur \u201cla plus belle avenue du monde\u201d, la \u201cplus belle ville du monde\u201d etc. finalement nous sommes un peu un peuple bi-polaire. Peu importe, le deuxi\u00e8me tweet qui m\u2019a interpel\u00e9 est <a href=\"http:\/\/www.lesechos.fr\/journal20150421\/lec2_high_tech_et_medias\/02119484242-les-entreprises-francaises-en-retard-sur-le-cloud-1113035.php#xtor=CS1-2\">cet article des Echos<\/a>, relay\u00e9 par Florent Letourneur (de Groupama), qui d\u00e9crit le retard de<a href=\"http:\/\/www.lesechos.fr\/journal20150421\/lec2_high_tech_et_medias\/02119484242-les-entreprises-francaises-en-retard-sur-le-cloud-1113035.php#xtor=CS1-2\"> l\u2019utilisation du cloud computing en France<\/a>.<\/p>\n<blockquote class=\"twitter-tweet\" lang=\"en\"><p>\nLes entreprises fran\u00e7aises en retard sur le <a href=\"https:\/\/twitter.com\/hashtag\/cloud?src=hash\">#cloud<\/a> &#8211; <a href=\"http:\/\/t.co\/yPU2sENDzH\">http:\/\/t.co\/yPU2sENDzH<\/a> via <a href=\"https:\/\/twitter.com\/LesEchos\">@LesEchos<\/a> <a href=\"http:\/\/t.co\/9vCjOoAgaa\">pic.twitter.com\/9vCjOoAgaa<\/a> \u2014 Florent Letourneur (@FloletDrh) <a href=\"https:\/\/twitter.com\/FloletDrh\/status\/590386655439298560\">April 21, 2015<\/a>\n<\/p><\/blockquote>\n<p><script src=\"\/\/platform.twitter.com\/widgets.js\" async=\"\" charset=\"utf-8\"><\/script><\/p>\n<p><a href=\"https:\/\/twitter.com\/FloletDrh\/status\/590386655439298560\">April 21, 2015<\/a><\/p>\n<p>Pour le coup, c\u2019est un sujet que j\u2019ai de <a href=\"http:\/\/www.orange-business.com\/fr\/blogs\/cloud-computing\/infrastructure-as-a-service\/transformation-cloud-des-partenaires-it-seuls-ceux-qui-ont-choisi-le-cloud-sont-sur-leur-nuage\">nombreuses fois abord\u00e9 sur les blogs de mon client Orange Cloud for Business<\/a>. En bref, la France a peur. Non, \u00e7a non plus ce n\u2019est pas nouveau, h\u00e9las ! Localisation des donn\u00e9es (<a href=\"http:\/\/www.lesechos.fr\/journal20150421\/lec2_high_tech_et_medias\/02119484242-les-entreprises-francaises-en-retard-sur-le-cloud-1113035.php#xtor=CS1-2\">un constat \u00e9tonnant et donc faux remarqu\u00e9 \u00e0 juste titre par Sandrine Cassini<\/a>), s\u00e9curisation \u2026 les entreprises fran\u00e7aises sont sur leurs gardes. Car il est bien entendu plus facile de r\u00e9aliser sa s\u00e9curit\u00e9 soi-m\u00eame. Ben voyons ! En fait, comme je l\u2019ai souvent d\u00e9montr\u00e9 sur les blogs, chiffres et t\u00e9moignages \u00e0 l\u2019appui, les craintes li\u00e9es \u00e0 la s\u00e9curit\u00e9 du cloud sont souvent plus li\u00e9es \u00e0 la perte de l\u2019ind\u00e9pendance de l\u2019informaticien qu\u2019\u00e0 de r\u00e9elles menaces s\u00e9curitaires. La probabilit\u00e9 que la PME des <a href=\"https:\/\/www.google.fr\/maps\/place\/Monts+d'Arr%C3%A9e,+29410+Ploun%C3%A9our-M%C3%A9nez\/@48.3192052,-3.6609851,75781m\/data=!3m1!1e3!4m2!3m1!1s0x481141809e6a738b:0x81699b108d9bdb77\">Monts d\u2019Arr\u00e9e (\u00e7a vous obligera \u00e0 aller voir o\u00f9 \u00e7a se trouve<\/a>) soit meilleure en s\u00e9curit\u00e9 qu\u2019OVH, <a href=\"http:\/\/hebergementweb.orange-business.com\">Cloudwatt\/Orange Business<\/a>\u00a0(<a href=\"https:\/\/visionarymarketing.com\/fr\/visionary-marketing\/references-clients-visionary-marketing.html\">transparence : mon client<\/a>), ou Amazon Web Services est plus qu\u2019infime. Elle est nulle. Ceci \u00e9tant, poursuivons notre lecture. Les chiffres de cette \u00e9tude de l\u2019Insee continuent et comparent la France &#8211; j\u2019esp\u00e8re que les chiffres sont vraiment comparables, allez, on va leur faire confiance ! &#8211; aux vingt-huit pays de l&rsquo;Union (moyenne de 19 %) :<\/p>\n<blockquote class=\"quote-light\"><p>\u00ab\u00a0La France affiche donc un fort retard sur la Finlande (51 %), l&rsquo;Italie (40 %) ou le Royaume-Uni (24 %). De fortes diff\u00e9rences sont \u00e0 noter entre les entreprises. Les grandes structures employant plus de 250 salari\u00e9s sont mieux \u00e9quip\u00e9es, plus d&rsquo;un tiers d&rsquo;entre elles ayant acquis des services de cloud l&rsquo;an pass\u00e9, contre 14 % des PME. De mani\u00e8re assez naturelle, les entreprises oeuvrant dans les technologies sont \u00e9galement en avance. 39 % en ach\u00e8tent, alors qu&rsquo;\u00e0 l&rsquo;inverse le secteur de la restauration et de l&rsquo;h\u00e9bergement est tr\u00e8s en retard, o\u00f9 seulement 5 % des entreprises sont \u00e9quip\u00e9es\u00a0\u00bb.<\/p><\/blockquote>\n<h2>3. Revue de Tweet : la r\u00e9alit\u00e9 augment\u00e9e, plus que jamais \u00e0 l\u2019ordre du jour<\/h2>\n<p>Le dernier tweet de cette revue de tweets est celui <a href=\"https:\/\/twitter.com\/EmmanuelleL9\">d\u2019Emmanuelle Leneuf, journaliste et grand reporter<\/a> qui a attir\u00e9 notre attention en nous ramenant sur un sujet qui nous int\u00e9resse particuli\u00e8rement et que nous traitons souvent, notamment dans le cadre du Webtostore : <a href=\"https:\/\/www.usine-digitale.fr\/article\/sante-formation-marketing-les-multiples-debouches-de-la-realite-virtuelle.N324299?utm_content=buffer692df&amp;utm_medium=social&amp;utm_source=twitter.com&amp;utm_campaign=buffer\">la r\u00e9alit\u00e9 augment\u00e9e<\/a>.<\/p>\n<blockquote class=\"twitter-tweet\" lang=\"en\"><p>4&#x20e3;[<a href=\"https:\/\/twitter.com\/hashtag\/R%C3%A9alit%C3%A9Augment%C3%A9e?src=hash\">#R\u00e9alit\u00e9Augment\u00e9e<\/a>] Elle explose de la <a href=\"https:\/\/twitter.com\/hashtag\/sant%C3%A9?src=hash\">#sant\u00e9<\/a> au <a href=\"https:\/\/twitter.com\/hashtag\/marketing?src=hash\">#marketing<\/a> <a href=\"http:\/\/t.co\/bPwBVWpjya\">http:\/\/t.co\/bPwBVWpjya<\/a> <a href=\"https:\/\/twitter.com\/LUsineDigitale\">@LUsineDigitale<\/a> <a href=\"https:\/\/twitter.com\/hashtag\/FlashTweet?src=hash\">#FlashTweet<\/a> <a href=\"http:\/\/t.co\/8UgI2mmfzo\">pic.twitter.com\/8UgI2mmfzo<\/a><\/p>\n<p>\u2014 Emmanuelle Leneuf (@EmmanuelleL9) <a href=\"https:\/\/twitter.com\/EmmanuelleL9\/status\/590392024068685824\">April 21, 2015<\/a><\/p><\/blockquote>\n<p><script src=\"\/\/platform.twitter.com\/widgets.js\" async=\"\" charset=\"utf-8\"><\/script><\/p>\n<p>Celle-ci est partout, <a href=\"https:\/\/www.usine-digitale.fr\/article\/sante-formation-marketing-les-multiples-debouches-de-la-realite-virtuelle.N324299?utm_content=buffer692df&amp;utm_medium=social&amp;utm_source=twitter.com&amp;utm_campaign=buffer\">nous explique l\u2019Usine Digitale<\/a>, de la m\u00e9decine, \u00e0 l\u2019arm\u00e9e en passant par le commerce et la conception assist\u00e9e par ordinateurs. Mais ce n\u2019est pas tout, car pour vous, marketeurs, les choses vont \u00e9galement changer avec la r\u00e9alit\u00e9 augment\u00e9e, nous explique Julien Bergounhoux.<\/p>\n<blockquote class=\"quote-light\"><p>\u00ab\u00a0La r\u00e9alit\u00e9 virtuelle a le potentiel de transformer le marketing. Au lieu de regarder des clips de sports extr\u00eames sponsoris\u00e9s par Redbull, on pourra vivre l&rsquo;exp\u00e9rience directement. M\u00eame l&rsquo;Union des Industries et des M\u00e9tiers de la M\u00e9tallurgie (UIMM) s&rsquo;y est mise, avec une pr\u00e9sentation d\u00e9coiffante des diff\u00e9rentes industries touch\u00e9es par ses m\u00e9tiers (automobile, nautique, a\u00e9ronautique, spatial&#8230;), r\u00e9alis\u00e9e par Backlight Studio, qui \u00e9tait pr\u00e9sent\u00e9e durant Laval Virtual.<br \/>\nAu lieu de regarder des images de v\u00eatements, on pourra les essayer virtuellement. Et pas que les v\u00eatements. Les concessions automobiles n&rsquo;ont pas toujours la place d&rsquo;avoir tous les mod\u00e8les de la marque, mais avec la r\u00e9alit\u00e9 virtuelle elles peuvent en avoir une infinit\u00e9. Le constructeur Audi travaille d\u00e9j\u00e0 sur des concepts de genre pour ses showrooms Audi City.<br \/>\nC\u00f4t\u00e9 neuromarketing, pour remplacer les \u00e9tudes de march\u00e9 d\u00e9j\u00e0 en place utilisant de faux magasins, faux pr\u00e9sentoirs et faux produits, les entreprises vont pouvoir cr\u00e9er un supermarch\u00e9 virtuel configurable \u00e0 volont\u00e9. Elles pourront enregistrer toutes les facettes de l&rsquo;exp\u00e9rience, en suivant le cheminement et le regard du client dans ses moindres d\u00e9tails tout en variant les param\u00e8tres de l&rsquo;exp\u00e9rience au besoin\u00a0\u00bb.<\/p><\/blockquote>\n","protected":false},"excerpt":{"rendered":"<p>\u00a0On fait bien des revues de Presse &#8230; Alors j\u2019ai d\u00e9cid\u00e9 de faire une revue de tweets digitale. Histoire de prouver aux sceptiques que Twitter est aussi et surtout un formidable outil de veille. J\u2019ai donc s\u00e9lectionn\u00e9 quelques tweets int\u00e9ressants et pertinents afin d\u2019agr\u00e9menter cette journ\u00e9e de vacances de printemps, o\u00f9 les tweets des geeks &hellip;<\/p>\n","protected":false},"author":2,"featured_media":34060,"comment_status":"open","ping_status":"open","sticky":false,"template":"","format":"standard","meta":{"footnotes":""},"categories":[1613],"tags":[],"class_list":["post-17812","post","type-post","status-publish","format-standard","has-post-thumbnail","hentry","category-marketing-digital-marketing"],"yoast_head":"<!-- This site is optimized with the Yoast SEO plugin v27.4 - https:\/\/yoast.com\/product\/yoast-seo-wordpress\/ -->\n<title>Revue de Tweets : FM, cloud computing et R\u00e9alit\u00e9 augment\u00e9e<\/title>\n<meta name=\"description\" content=\"La revue de Tweets digitale est une revue de tweets de la blogosphere et des journaux sur le sujet du digital et de l&#039;innovation\" \/>\n<meta name=\"robots\" content=\"index, follow, max-snippet:-1, max-image-preview:large, max-video-preview:-1\" \/>\n<link rel=\"canonical\" href=\"https:\/\/visionarymarketing.com\/fr\/2015\/04\/21\/revue-de-tweet\/\" \/>\n<meta property=\"og:locale\" content=\"fr_FR\" \/>\n<meta property=\"og:type\" content=\"article\" \/>\n<meta property=\"og:title\" content=\"Revue de Tweets : FM, cloud computing et R\u00e9alit\u00e9 augment\u00e9e\" \/>\n<meta property=\"og:description\" content=\"La revue de Tweets digitale est une revue de tweets de la blogosphere et des journaux sur le sujet du digital et de l&#039;innovation\" \/>\n<meta property=\"og:url\" content=\"https:\/\/visionarymarketing.com\/fr\/2015\/04\/21\/revue-de-tweet\/\" \/>\n<meta property=\"og:site_name\" content=\"Marketing and Innovation\" \/>\n<meta property=\"article:publisher\" content=\"https:\/\/www.facebook.com\/vismktg\" \/>\n<meta property=\"article:author\" content=\"http:\/\/facebook.com\/ygourven\" \/>\n<meta property=\"article:published_time\" content=\"2015-04-21T06:45:43+00:00\" \/>\n<meta property=\"article:modified_time\" content=\"2020-07-10T12:31:15+00:00\" \/>\n<meta property=\"og:image\" content=\"https:\/\/visionarymarketing.com\/wp-content\/uploads\/2019\/11\/48657941523_ebd4ac457e_c.jpg\" \/>\n\t<meta property=\"og:image:width\" content=\"644\" \/>\n\t<meta property=\"og:image:height\" content=\"430\" \/>\n\t<meta property=\"og:image:type\" content=\"image\/jpeg\" \/>\n<meta name=\"author\" content=\"Yann Gourvennec\" \/>\n<meta name=\"twitter:card\" content=\"summary_large_image\" \/>\n<meta name=\"twitter:creator\" content=\"@ygourven\" \/>\n<meta name=\"twitter:site\" content=\"@ygourven\" \/>\n<meta name=\"twitter:label1\" content=\"\u00c9crit par\" \/>\n\t<meta name=\"twitter:data1\" content=\"Yann Gourvennec\" \/>\n\t<meta name=\"twitter:label2\" content=\"Dur\u00e9e de lecture estim\u00e9e\" \/>\n\t<meta name=\"twitter:data2\" content=\"7 minutes\" \/>\n<script type=\"application\/ld+json\" class=\"yoast-schema-graph\">{\"@context\":\"https:\\\/\\\/schema.org\",\"@graph\":[{\"@type\":\"NewsArticle\",\"@id\":\"https:\\\/\\\/visionarymarketing.com\\\/fr\\\/2015\\\/04\\\/21\\\/revue-de-tweet\\\/#article\",\"isPartOf\":{\"@id\":\"https:\\\/\\\/visionarymarketing.com\\\/fr\\\/2015\\\/04\\\/21\\\/revue-de-tweet\\\/\"},\"author\":{\"name\":\"Yann Gourvennec\",\"@id\":\"https:\\\/\\\/visionarymarketing.com\\\/fr\\\/#\\\/schema\\\/person\\\/3754fee1e558f47b8deb46f53c37423e\"},\"headline\":\"Revue de Tweets : FM, cloud computing et R\u00e9alit\u00e9 augment\u00e9e\",\"datePublished\":\"2015-04-21T06:45:43+00:00\",\"dateModified\":\"2020-07-10T12:31:15+00:00\",\"mainEntityOfPage\":{\"@id\":\"https:\\\/\\\/visionarymarketing.com\\\/fr\\\/2015\\\/04\\\/21\\\/revue-de-tweet\\\/\"},\"wordCount\":1372,\"commentCount\":0,\"image\":{\"@id\":\"https:\\\/\\\/visionarymarketing.com\\\/fr\\\/2015\\\/04\\\/21\\\/revue-de-tweet\\\/#primaryimage\"},\"thumbnailUrl\":\"https:\\\/\\\/visionarymarketing.com\\\/wp-content\\\/uploads\\\/2019\\\/11\\\/48657941523_ebd4ac457e_c.jpg\",\"articleSection\":[\"marketing digital\"],\"inLanguage\":\"fr-FR\",\"potentialAction\":[{\"@type\":\"CommentAction\",\"name\":\"Comment\",\"target\":[\"https:\\\/\\\/visionarymarketing.com\\\/fr\\\/2015\\\/04\\\/21\\\/revue-de-tweet\\\/#respond\"]}]},{\"@type\":\"WebPage\",\"@id\":\"https:\\\/\\\/visionarymarketing.com\\\/fr\\\/2015\\\/04\\\/21\\\/revue-de-tweet\\\/\",\"url\":\"https:\\\/\\\/visionarymarketing.com\\\/fr\\\/2015\\\/04\\\/21\\\/revue-de-tweet\\\/\",\"name\":\"Revue de Tweets : FM, cloud computing et R\u00e9alit\u00e9 augment\u00e9e\",\"isPartOf\":{\"@id\":\"https:\\\/\\\/visionarymarketing.com\\\/fr\\\/#website\"},\"primaryImageOfPage\":{\"@id\":\"https:\\\/\\\/visionarymarketing.com\\\/fr\\\/2015\\\/04\\\/21\\\/revue-de-tweet\\\/#primaryimage\"},\"image\":{\"@id\":\"https:\\\/\\\/visionarymarketing.com\\\/fr\\\/2015\\\/04\\\/21\\\/revue-de-tweet\\\/#primaryimage\"},\"thumbnailUrl\":\"https:\\\/\\\/visionarymarketing.com\\\/wp-content\\\/uploads\\\/2019\\\/11\\\/48657941523_ebd4ac457e_c.jpg\",\"datePublished\":\"2015-04-21T06:45:43+00:00\",\"dateModified\":\"2020-07-10T12:31:15+00:00\",\"author\":{\"@id\":\"https:\\\/\\\/visionarymarketing.com\\\/fr\\\/#\\\/schema\\\/person\\\/3754fee1e558f47b8deb46f53c37423e\"},\"description\":\"La revue de Tweets digitale est une revue de tweets de la blogosphere et des journaux sur le sujet du digital et de l'innovation\",\"breadcrumb\":{\"@id\":\"https:\\\/\\\/visionarymarketing.com\\\/fr\\\/2015\\\/04\\\/21\\\/revue-de-tweet\\\/#breadcrumb\"},\"inLanguage\":\"fr-FR\",\"potentialAction\":[{\"@type\":\"ReadAction\",\"target\":[\"https:\\\/\\\/visionarymarketing.com\\\/fr\\\/2015\\\/04\\\/21\\\/revue-de-tweet\\\/\"]}]},{\"@type\":\"ImageObject\",\"inLanguage\":\"fr-FR\",\"@id\":\"https:\\\/\\\/visionarymarketing.com\\\/fr\\\/2015\\\/04\\\/21\\\/revue-de-tweet\\\/#primaryimage\",\"url\":\"https:\\\/\\\/visionarymarketing.com\\\/wp-content\\\/uploads\\\/2019\\\/11\\\/48657941523_ebd4ac457e_c.jpg\",\"contentUrl\":\"https:\\\/\\\/visionarymarketing.com\\\/wp-content\\\/uploads\\\/2019\\\/11\\\/48657941523_ebd4ac457e_c.jpg\",\"width\":644,\"height\":430},{\"@type\":\"BreadcrumbList\",\"@id\":\"https:\\\/\\\/visionarymarketing.com\\\/fr\\\/2015\\\/04\\\/21\\\/revue-de-tweet\\\/#breadcrumb\",\"itemListElement\":[{\"@type\":\"ListItem\",\"position\":1,\"name\":\"Home\",\"item\":\"https:\\\/\\\/visionarymarketing.com\\\/fr\\\/\"},{\"@type\":\"ListItem\",\"position\":2,\"name\":\"Revue de Tweets : FM, cloud computing et R\u00e9alit\u00e9 augment\u00e9e\"}]},{\"@type\":\"WebSite\",\"@id\":\"https:\\\/\\\/visionarymarketing.com\\\/fr\\\/#website\",\"url\":\"https:\\\/\\\/visionarymarketing.com\\\/fr\\\/\",\"name\":\"Marketing and Innovation\",\"description\":\"Site d&#039;infos ind\u00e9pendant, depuis 1996\",\"potentialAction\":[{\"@type\":\"SearchAction\",\"target\":{\"@type\":\"EntryPoint\",\"urlTemplate\":\"https:\\\/\\\/visionarymarketing.com\\\/fr\\\/?s={search_term_string}\"},\"query-input\":{\"@type\":\"PropertyValueSpecification\",\"valueRequired\":true,\"valueName\":\"search_term_string\"}}],\"inLanguage\":\"fr-FR\"},{\"@type\":\"Person\",\"@id\":\"https:\\\/\\\/visionarymarketing.com\\\/fr\\\/#\\\/schema\\\/person\\\/3754fee1e558f47b8deb46f53c37423e\",\"name\":\"Yann Gourvennec\",\"image\":{\"@type\":\"ImageObject\",\"inLanguage\":\"fr-FR\",\"@id\":\"https:\\\/\\\/secure.gravatar.com\\\/avatar\\\/5972001801e8de5692a3e31224e85769f50a55fb8b679749f9c8d1868cceff14?s=96&d=initials&r=g&initials=yg\",\"url\":\"https:\\\/\\\/secure.gravatar.com\\\/avatar\\\/5972001801e8de5692a3e31224e85769f50a55fb8b679749f9c8d1868cceff14?s=96&d=initials&r=g&initials=yg\",\"contentUrl\":\"https:\\\/\\\/secure.gravatar.com\\\/avatar\\\/5972001801e8de5692a3e31224e85769f50a55fb8b679749f9c8d1868cceff14?s=96&d=initials&r=g&initials=yg\",\"caption\":\"Yann Gourvennec\"},\"description\":\"Yann Gourvennec created visionarymarketing.com in 1996. He is a speaker and author of many books. In 2014 he went from intrapreneur to entrepreneur, when he created his digital marketing agency. Yann Gourvennec a cr\u00e9\u00e9 visionarymarketing.com en 1996. Il est conf\u00e9rencier et auteur de plusieurs livres. En 2014, il est pass\u00e9 d'intrapreneur \u00e0 entrepreneur en cr\u00e9ant son agence de marketing num\u00e9rique.\",\"sameAs\":[\"https:\\\/\\\/visionarymarketing.com\",\"http:\\\/\\\/facebook.com\\\/ygourven\",\"http:\\\/\\\/linkedin.com\\\/in\\\/ygourven\",\"https:\\\/\\\/x.com\\\/ygourven\",\"https:\\\/\\\/www.youtube.com\\\/c\\\/visionarymarketingagency\"],\"url\":\"https:\\\/\\\/visionarymarketing.com\\\/fr\\\/author\\\/yann-gourvennec\\\/\"}]}<\/script>\n<!-- \/ Yoast SEO plugin. -->","yoast_head_json":{"title":"Revue de Tweets : FM, cloud computing et R\u00e9alit\u00e9 augment\u00e9e","description":"La revue de Tweets digitale est une revue de tweets de la blogosphere et des journaux sur le sujet du digital et de l'innovation","robots":{"index":"index","follow":"follow","max-snippet":"max-snippet:-1","max-image-preview":"max-image-preview:large","max-video-preview":"max-video-preview:-1"},"canonical":"https:\/\/visionarymarketing.com\/fr\/2015\/04\/21\/revue-de-tweet\/","og_locale":"fr_FR","og_type":"article","og_title":"Revue de Tweets : FM, cloud computing et R\u00e9alit\u00e9 augment\u00e9e","og_description":"La revue de Tweets digitale est une revue de tweets de la blogosphere et des journaux sur le sujet du digital et de l'innovation","og_url":"https:\/\/visionarymarketing.com\/fr\/2015\/04\/21\/revue-de-tweet\/","og_site_name":"Marketing and Innovation","article_publisher":"https:\/\/www.facebook.com\/vismktg","article_author":"http:\/\/facebook.com\/ygourven","article_published_time":"2015-04-21T06:45:43+00:00","article_modified_time":"2020-07-10T12:31:15+00:00","og_image":[{"width":644,"height":430,"url":"https:\/\/visionarymarketing.com\/wp-content\/uploads\/2019\/11\/48657941523_ebd4ac457e_c.jpg","type":"image\/jpeg"}],"author":"Yann Gourvennec","twitter_card":"summary_large_image","twitter_creator":"@ygourven","twitter_site":"@ygourven","twitter_misc":{"\u00c9crit par":"Yann Gourvennec","Dur\u00e9e de lecture estim\u00e9e":"7 minutes"},"schema":{"@context":"https:\/\/schema.org","@graph":[{"@type":"NewsArticle","@id":"https:\/\/visionarymarketing.com\/fr\/2015\/04\/21\/revue-de-tweet\/#article","isPartOf":{"@id":"https:\/\/visionarymarketing.com\/fr\/2015\/04\/21\/revue-de-tweet\/"},"author":{"name":"Yann Gourvennec","@id":"https:\/\/visionarymarketing.com\/fr\/#\/schema\/person\/3754fee1e558f47b8deb46f53c37423e"},"headline":"Revue de Tweets : FM, cloud computing et R\u00e9alit\u00e9 augment\u00e9e","datePublished":"2015-04-21T06:45:43+00:00","dateModified":"2020-07-10T12:31:15+00:00","mainEntityOfPage":{"@id":"https:\/\/visionarymarketing.com\/fr\/2015\/04\/21\/revue-de-tweet\/"},"wordCount":1372,"commentCount":0,"image":{"@id":"https:\/\/visionarymarketing.com\/fr\/2015\/04\/21\/revue-de-tweet\/#primaryimage"},"thumbnailUrl":"https:\/\/visionarymarketing.com\/wp-content\/uploads\/2019\/11\/48657941523_ebd4ac457e_c.jpg","articleSection":["marketing digital"],"inLanguage":"fr-FR","potentialAction":[{"@type":"CommentAction","name":"Comment","target":["https:\/\/visionarymarketing.com\/fr\/2015\/04\/21\/revue-de-tweet\/#respond"]}]},{"@type":"WebPage","@id":"https:\/\/visionarymarketing.com\/fr\/2015\/04\/21\/revue-de-tweet\/","url":"https:\/\/visionarymarketing.com\/fr\/2015\/04\/21\/revue-de-tweet\/","name":"Revue de Tweets : FM, cloud computing et R\u00e9alit\u00e9 augment\u00e9e","isPartOf":{"@id":"https:\/\/visionarymarketing.com\/fr\/#website"},"primaryImageOfPage":{"@id":"https:\/\/visionarymarketing.com\/fr\/2015\/04\/21\/revue-de-tweet\/#primaryimage"},"image":{"@id":"https:\/\/visionarymarketing.com\/fr\/2015\/04\/21\/revue-de-tweet\/#primaryimage"},"thumbnailUrl":"https:\/\/visionarymarketing.com\/wp-content\/uploads\/2019\/11\/48657941523_ebd4ac457e_c.jpg","datePublished":"2015-04-21T06:45:43+00:00","dateModified":"2020-07-10T12:31:15+00:00","author":{"@id":"https:\/\/visionarymarketing.com\/fr\/#\/schema\/person\/3754fee1e558f47b8deb46f53c37423e"},"description":"La revue de Tweets digitale est une revue de tweets de la blogosphere et des journaux sur le sujet du digital et de l'innovation","breadcrumb":{"@id":"https:\/\/visionarymarketing.com\/fr\/2015\/04\/21\/revue-de-tweet\/#breadcrumb"},"inLanguage":"fr-FR","potentialAction":[{"@type":"ReadAction","target":["https:\/\/visionarymarketing.com\/fr\/2015\/04\/21\/revue-de-tweet\/"]}]},{"@type":"ImageObject","inLanguage":"fr-FR","@id":"https:\/\/visionarymarketing.com\/fr\/2015\/04\/21\/revue-de-tweet\/#primaryimage","url":"https:\/\/visionarymarketing.com\/wp-content\/uploads\/2019\/11\/48657941523_ebd4ac457e_c.jpg","contentUrl":"https:\/\/visionarymarketing.com\/wp-content\/uploads\/2019\/11\/48657941523_ebd4ac457e_c.jpg","width":644,"height":430},{"@type":"BreadcrumbList","@id":"https:\/\/visionarymarketing.com\/fr\/2015\/04\/21\/revue-de-tweet\/#breadcrumb","itemListElement":[{"@type":"ListItem","position":1,"name":"Home","item":"https:\/\/visionarymarketing.com\/fr\/"},{"@type":"ListItem","position":2,"name":"Revue de Tweets : FM, cloud computing et R\u00e9alit\u00e9 augment\u00e9e"}]},{"@type":"WebSite","@id":"https:\/\/visionarymarketing.com\/fr\/#website","url":"https:\/\/visionarymarketing.com\/fr\/","name":"Marketing and Innovation","description":"Site d&#039;infos ind\u00e9pendant, depuis 1996","potentialAction":[{"@type":"SearchAction","target":{"@type":"EntryPoint","urlTemplate":"https:\/\/visionarymarketing.com\/fr\/?s={search_term_string}"},"query-input":{"@type":"PropertyValueSpecification","valueRequired":true,"valueName":"search_term_string"}}],"inLanguage":"fr-FR"},{"@type":"Person","@id":"https:\/\/visionarymarketing.com\/fr\/#\/schema\/person\/3754fee1e558f47b8deb46f53c37423e","name":"Yann Gourvennec","image":{"@type":"ImageObject","inLanguage":"fr-FR","@id":"https:\/\/secure.gravatar.com\/avatar\/5972001801e8de5692a3e31224e85769f50a55fb8b679749f9c8d1868cceff14?s=96&d=initials&r=g&initials=yg","url":"https:\/\/secure.gravatar.com\/avatar\/5972001801e8de5692a3e31224e85769f50a55fb8b679749f9c8d1868cceff14?s=96&d=initials&r=g&initials=yg","contentUrl":"https:\/\/secure.gravatar.com\/avatar\/5972001801e8de5692a3e31224e85769f50a55fb8b679749f9c8d1868cceff14?s=96&d=initials&r=g&initials=yg","caption":"Yann Gourvennec"},"description":"Yann Gourvennec created visionarymarketing.com in 1996. He is a speaker and author of many books. In 2014 he went from intrapreneur to entrepreneur, when he created his digital marketing agency. Yann Gourvennec a cr\u00e9\u00e9 visionarymarketing.com en 1996. Il est conf\u00e9rencier et auteur de plusieurs livres. En 2014, il est pass\u00e9 d'intrapreneur \u00e0 entrepreneur en cr\u00e9ant son agence de marketing num\u00e9rique.","sameAs":["https:\/\/visionarymarketing.com","http:\/\/facebook.com\/ygourven","http:\/\/linkedin.com\/in\/ygourven","https:\/\/x.com\/ygourven","https:\/\/www.youtube.com\/c\/visionarymarketingagency"],"url":"https:\/\/visionarymarketing.com\/fr\/author\/yann-gourvennec\/"}]}},"_links":{"self":[{"href":"https:\/\/visionarymarketing.com\/fr\/wp-json\/wp\/v2\/posts\/17812","targetHints":{"allow":["GET"]}}],"collection":[{"href":"https:\/\/visionarymarketing.com\/fr\/wp-json\/wp\/v2\/posts"}],"about":[{"href":"https:\/\/visionarymarketing.com\/fr\/wp-json\/wp\/v2\/types\/post"}],"author":[{"embeddable":true,"href":"https:\/\/visionarymarketing.com\/fr\/wp-json\/wp\/v2\/users\/2"}],"replies":[{"embeddable":true,"href":"https:\/\/visionarymarketing.com\/fr\/wp-json\/wp\/v2\/comments?post=17812"}],"version-history":[{"count":0,"href":"https:\/\/visionarymarketing.com\/fr\/wp-json\/wp\/v2\/posts\/17812\/revisions"}],"wp:featuredmedia":[{"embeddable":true,"href":"https:\/\/visionarymarketing.com\/fr\/wp-json\/wp\/v2\/media\/34060"}],"wp:attachment":[{"href":"https:\/\/visionarymarketing.com\/fr\/wp-json\/wp\/v2\/media?parent=17812"}],"wp:term":[{"taxonomy":"category","embeddable":true,"href":"https:\/\/visionarymarketing.com\/fr\/wp-json\/wp\/v2\/categories?post=17812"},{"taxonomy":"post_tag","embeddable":true,"href":"https:\/\/visionarymarketing.com\/fr\/wp-json\/wp\/v2\/tags?post=17812"}],"curies":[{"name":"wp","href":"https:\/\/api.w.org\/{rel}","templated":true}]}}