{"id":178,"date":"2006-12-19T10:46:39","date_gmt":"2006-12-19T09:46:39","guid":{"rendered":"http:\/\/visionary.wordpress.com\/2006\/12\/19\/blogs\/"},"modified":"2024-02-14T18:07:27","modified_gmt":"2024-02-14T17:07:27","slug":"blogs-bulle","status":"publish","type":"post","link":"https:\/\/visionarymarketing.com\/fr\/2006\/12\/19\/blogs-bulle\/","title":{"rendered":"Gartner \u00e9voque que les blogs pourraient d\u00e9j\u00e0 \u00eatre \u00e0 la fin d&rsquo;une bulle ?"},"content":{"rendered":"<p>&nbsp;<\/p>\n<p><em>Gartner sur les blogs: d\u00e9j\u00e0 la fin d&rsquo;une bulle ? Dans un article des Echos publi\u00e9 lundi 18 d\u00e9cembre dans le cahier central, et \u00e9nigmatiquement sign\u00e9 F.S, le c\u00e9l\u00e8bre journal \u00e9conomique fran\u00e7ais se veut alarmiste en citant un rapport du Gartner et titrant : \u00ab\u00a0l&rsquo;\u00e2ge d&rsquo;or des blogs est-il d\u00e9j\u00e0 d\u00e9pass\u00e9 ?\u00a0\u00bb.<\/em><\/p>\n<h2>Gartner sur les blogs: d\u00e9j\u00e0 la fin d&rsquo;une bulle ?<\/h2>\n<figure id=\"attachment_179\" aria-describedby=\"caption-attachment-179\" style=\"width: 519px\" class=\"wp-caption aligncenter\"><a href=\"https:\/\/visionarymarketing.com\/wp-content\/uploads\/2006\/12\/4513930.jpg\"><img decoding=\"async\" class=\"wp-image-179 size-full\" src=\"https:\/\/visionarymarketing.com\/wp-content\/uploads\/2006\/12\/4513930-e1600456097694.jpg\" alt=\"Gartner sur les blogs: d\u00e9j\u00e0 la fin d'une bulle ?\" width=\"519\" height=\"337\" \/><\/a><figcaption id=\"caption-attachment-179\" class=\"wp-caption-text\">Gartner sur les blogs: d\u00e9j\u00e0 la fin d&rsquo;une bulle ?<\/figcaption><\/figure>\n<p>Voil\u00e0 dans le concert de louanges autour de la folie sur le Web 3 (<a title=\"Le Web3 le salon o\u00f9 il fait bon se montrer\" href=\"http:\/\/blogs.lesechos.fr\/article.php?id_article=800\" target=\"_blank\" rel=\"noopener noreferrer\">le salon o\u00f9 il fait bon se montrer: voir cet article dans le blog des \u00e9chos<\/a>) une note bien discordante qui met l&rsquo;accent sur des chiffres qui font mal (voir image ci-dessus). Le Gartner r\u00e9v\u00e8le en effet que les bloggueurs actifs sont peu nombreux (2%), qu&rsquo;ils se fatiguent vite, et que les audiences des sites Web2.0 (myspace en t\u00eate). On ne peut s&#8217;emp\u00eacher de se rappeler les \u00e9crits r\u00e9cents d&rsquo;Emmanuel Parody dans son excellent blog Ecosphere (<a title=\"Web 3 too much\" href=\"http:\/\/ecosphere.wordpress.com\/2006\/12\/12\/web3-perez-sarkozy\/\" target=\"_blank\" rel=\"noopener noreferrer\">le Web 3 too much<\/a>), qui nous r\u00e9v\u00e9lait que les participants au WEB 3 ne croyait pas vraiment \u00e0 la future ind\u00e9pendance du Web 2.0.<\/p>\n<blockquote class=\"quote-light\"><p>Citons Parody: \u00ab\u00a0Quelques instants de malaise devant ce constat simple et effrayant: aucun de ces acteurs du web 2.0 ne croit un instant \u00e0 la capacit\u00e9 des m\u00e9dias dits participatifs de survivre de fa\u00e7on autonome \u2026\u00a0\u00bb<\/p><\/blockquote>\n<p>Tout cela a des relents de fin de bulle. Et de vous renvoyer une fois encore \u00e0 mes r\u00e9flexions sur le sujet suite \u00e0 l&rsquo;annonce de JDNet que 28% des internautes experts de ce journal en ligne sp\u00e9cialis\u00e9 \u00e9taient incapables de reconna\u00eetre un site Web 2.0 (<a title=\"https:\/\/visionarymarketing.com\/2006\/09\/11\/28-des-lecteurs-du-jdn-ne-reconnaissent-pas-un-site-web-20\/\" href=\"https:\/\/visionarymarketing.com\/fr\/2006\/09\/28-des-lecteurs-du-jdn-ne-reconnaissent-pas-un-site-web-20\/\" target=\"_blank\" rel=\"noopener noreferrer\">article ici<\/a>). Et si on reprenait go\u00fbt aux choses simples et qu&rsquo;on \u00e9vitait de faire grossir ind\u00fbment des bulles, en privil\u00e9giant les vraies innovations, et en gardant la t\u00eate froide ? Ah oui, mais l\u00e0 je fais sans doute preuve de trop de prudence.<\/p>\n<p>Pour ceux qui rechercheraient les r\u00e9f\u00e9rences du rapport de Gartner &#8211; non indiqu\u00e9es par les \u00e9chos d&rsquo;ailleurs &#8211; les voici :<\/p>\n<ul>\n<li>Gartner&rsquo;s Top Predictions for IT Organizations and Users, 2007 and Beyond (Dec 1, 2006)<\/li>\n<li>pour les clients et ceux qui d\u00e9sirent le devenir: acc\u00e8s direct ici au rapport Gartner sur les tendances de l&rsquo;informatique en 2007 et au-del\u00e0<\/li>\n<li>extrait :\n<ul>\n<li>\u00ab\u00a0Community Marketing and Blogs\n<ul>\n<li>Blogging as a phenomenon has entered the public consciousness in a big way. However, there are limits to the growth of even a Web 2.0 phenomenon like blogging, as the initial excitement about it has begun to be replaced with a more rational view of how blogging technologies should be used. This leads us to ponder whether there is a peak point in blogging growth, after which the phenomenon will become the norm.<\/li>\n<\/ul>\n<\/li>\n<li>Prediction\n<ul>\n<li>Blogging and community contributors will peak in the first half of 2007.<br \/>\n<em>Analysis by Ed Thompson, Adam Sarner and Esteban Kolsky\u00a0\u00bb<\/em><\/li>\n<\/ul>\n<\/li>\n<\/ul>\n<\/li>\n<\/ul>\n","protected":false},"excerpt":{"rendered":"<p>&nbsp; Gartner sur les blogs: d\u00e9j\u00e0 la fin d&rsquo;une bulle ? Dans un article des Echos publi\u00e9 lundi 18 d\u00e9cembre dans le cahier central, et \u00e9nigmatiquement sign\u00e9 F.S, le c\u00e9l\u00e8bre journal \u00e9conomique fran\u00e7ais se veut alarmiste en citant un rapport du Gartner et titrant : \u00ab\u00a0l&rsquo;\u00e2ge d&rsquo;or des blogs est-il d\u00e9j\u00e0 d\u00e9pass\u00e9 ?\u00a0\u00bb. Gartner sur &hellip;<\/p>\n","protected":false},"author":2,"featured_media":179,"comment_status":"open","ping_status":"open","sticky":false,"template":"","format":"standard","meta":{"footnotes":""},"categories":[1613],"tags":[],"class_list":["post-178","post","type-post","status-publish","format-standard","has-post-thumbnail","hentry","category-marketing-digital-marketing"],"yoast_head":"<!-- This site is optimized with the Yoast SEO plugin v27.5 - https:\/\/yoast.com\/product\/yoast-seo-wordpress\/ -->\n<title>Gartner \u00e9voque que les blogs pourraient d\u00e9j\u00e0 \u00eatre \u00e0 la fin d&#039;une bulle ?<\/title>\n<meta name=\"description\" content=\"&nbsp; Gartner sur les blogs: d\u00e9j\u00e0 la fin d&#039;une bulle ? Dans un article des Echos publi\u00e9 lundi 18 d\u00e9cembre dans le cahier central, et \u00e9nigmatiquement\" \/>\n<meta name=\"robots\" content=\"index, follow, max-snippet:-1, max-image-preview:large, max-video-preview:-1\" \/>\n<link rel=\"canonical\" href=\"https:\/\/visionarymarketing.com\/fr\/2006\/12\/19\/blogs-bulle\/\" \/>\n<meta property=\"og:locale\" content=\"fr_FR\" \/>\n<meta property=\"og:type\" content=\"article\" \/>\n<meta property=\"og:title\" content=\"Gartner \u00e9voque que les blogs pourraient d\u00e9j\u00e0 \u00eatre \u00e0 la fin d&#039;une bulle ?\" \/>\n<meta property=\"og:description\" content=\"&nbsp; Gartner sur les blogs: d\u00e9j\u00e0 la fin d&#039;une bulle ? Dans un article des Echos publi\u00e9 lundi 18 d\u00e9cembre dans le cahier central, et \u00e9nigmatiquement\" \/>\n<meta property=\"og:url\" content=\"https:\/\/visionarymarketing.com\/fr\/2006\/12\/19\/blogs-bulle\/\" \/>\n<meta property=\"og:site_name\" content=\"Marketing and Innovation\" \/>\n<meta property=\"article:publisher\" content=\"https:\/\/www.facebook.com\/vismktg\" \/>\n<meta property=\"article:author\" content=\"http:\/\/facebook.com\/ygourven\" \/>\n<meta property=\"article:published_time\" content=\"2006-12-19T09:46:39+00:00\" \/>\n<meta property=\"article:modified_time\" content=\"2024-02-14T17:07:27+00:00\" \/>\n<meta property=\"og:image\" content=\"https:\/\/visionarymarketing.com\/wp-content\/uploads\/2006\/12\/4513930-e1600456097694.jpg\" \/>\n\t<meta property=\"og:image:width\" content=\"519\" \/>\n\t<meta property=\"og:image:height\" content=\"337\" \/>\n\t<meta property=\"og:image:type\" content=\"image\/jpeg\" \/>\n<meta name=\"author\" content=\"Yann Gourvennec\" \/>\n<meta name=\"twitter:card\" content=\"summary_large_image\" \/>\n<meta name=\"twitter:creator\" content=\"@ygourven\" \/>\n<meta name=\"twitter:site\" content=\"@ygourven\" \/>\n<meta name=\"twitter:label1\" content=\"\u00c9crit par\" \/>\n\t<meta name=\"twitter:data1\" content=\"Yann Gourvennec\" \/>\n\t<meta name=\"twitter:label2\" content=\"Dur\u00e9e de lecture estim\u00e9e\" \/>\n\t<meta name=\"twitter:data2\" content=\"2 minutes\" \/>\n<script type=\"application\/ld+json\" class=\"yoast-schema-graph\">{\"@context\":\"https:\\\/\\\/schema.org\",\"@graph\":[{\"@type\":\"NewsArticle\",\"@id\":\"https:\\\/\\\/visionarymarketing.com\\\/fr\\\/2006\\\/12\\\/19\\\/blogs-bulle\\\/#article\",\"isPartOf\":{\"@id\":\"https:\\\/\\\/visionarymarketing.com\\\/fr\\\/2006\\\/12\\\/19\\\/blogs-bulle\\\/\"},\"author\":{\"name\":\"Yann Gourvennec\",\"@id\":\"https:\\\/\\\/visionarymarketing.com\\\/fr\\\/#\\\/schema\\\/person\\\/3754fee1e558f47b8deb46f53c37423e\"},\"headline\":\"Gartner \u00e9voque que les blogs pourraient d\u00e9j\u00e0 \u00eatre \u00e0 la fin d&rsquo;une bulle ?\",\"datePublished\":\"2006-12-19T09:46:39+00:00\",\"dateModified\":\"2024-02-14T17:07:27+00:00\",\"mainEntityOfPage\":{\"@id\":\"https:\\\/\\\/visionarymarketing.com\\\/fr\\\/2006\\\/12\\\/19\\\/blogs-bulle\\\/\"},\"wordCount\":513,\"commentCount\":0,\"image\":{\"@id\":\"https:\\\/\\\/visionarymarketing.com\\\/fr\\\/2006\\\/12\\\/19\\\/blogs-bulle\\\/#primaryimage\"},\"thumbnailUrl\":\"https:\\\/\\\/visionarymarketing.com\\\/wp-content\\\/uploads\\\/2006\\\/12\\\/4513930-e1600456097694.jpg\",\"articleSection\":[\"marketing digital\"],\"inLanguage\":\"fr-FR\",\"potentialAction\":[{\"@type\":\"CommentAction\",\"name\":\"Comment\",\"target\":[\"https:\\\/\\\/visionarymarketing.com\\\/fr\\\/2006\\\/12\\\/19\\\/blogs-bulle\\\/#respond\"]}]},{\"@type\":\"WebPage\",\"@id\":\"https:\\\/\\\/visionarymarketing.com\\\/fr\\\/2006\\\/12\\\/19\\\/blogs-bulle\\\/\",\"url\":\"https:\\\/\\\/visionarymarketing.com\\\/fr\\\/2006\\\/12\\\/19\\\/blogs-bulle\\\/\",\"name\":\"Gartner \u00e9voque que les blogs pourraient d\u00e9j\u00e0 \u00eatre \u00e0 la fin d'une bulle ?\",\"isPartOf\":{\"@id\":\"https:\\\/\\\/visionarymarketing.com\\\/fr\\\/#website\"},\"primaryImageOfPage\":{\"@id\":\"https:\\\/\\\/visionarymarketing.com\\\/fr\\\/2006\\\/12\\\/19\\\/blogs-bulle\\\/#primaryimage\"},\"image\":{\"@id\":\"https:\\\/\\\/visionarymarketing.com\\\/fr\\\/2006\\\/12\\\/19\\\/blogs-bulle\\\/#primaryimage\"},\"thumbnailUrl\":\"https:\\\/\\\/visionarymarketing.com\\\/wp-content\\\/uploads\\\/2006\\\/12\\\/4513930-e1600456097694.jpg\",\"datePublished\":\"2006-12-19T09:46:39+00:00\",\"dateModified\":\"2024-02-14T17:07:27+00:00\",\"author\":{\"@id\":\"https:\\\/\\\/visionarymarketing.com\\\/fr\\\/#\\\/schema\\\/person\\\/3754fee1e558f47b8deb46f53c37423e\"},\"description\":\"&nbsp; Gartner sur les blogs: d\u00e9j\u00e0 la fin d'une bulle ? Dans un article des Echos publi\u00e9 lundi 18 d\u00e9cembre dans le cahier central, et \u00e9nigmatiquement\",\"breadcrumb\":{\"@id\":\"https:\\\/\\\/visionarymarketing.com\\\/fr\\\/2006\\\/12\\\/19\\\/blogs-bulle\\\/#breadcrumb\"},\"inLanguage\":\"fr-FR\",\"potentialAction\":[{\"@type\":\"ReadAction\",\"target\":[\"https:\\\/\\\/visionarymarketing.com\\\/fr\\\/2006\\\/12\\\/19\\\/blogs-bulle\\\/\"]}]},{\"@type\":\"ImageObject\",\"inLanguage\":\"fr-FR\",\"@id\":\"https:\\\/\\\/visionarymarketing.com\\\/fr\\\/2006\\\/12\\\/19\\\/blogs-bulle\\\/#primaryimage\",\"url\":\"https:\\\/\\\/visionarymarketing.com\\\/wp-content\\\/uploads\\\/2006\\\/12\\\/4513930-e1600456097694.jpg\",\"contentUrl\":\"https:\\\/\\\/visionarymarketing.com\\\/wp-content\\\/uploads\\\/2006\\\/12\\\/4513930-e1600456097694.jpg\",\"width\":519,\"height\":337},{\"@type\":\"BreadcrumbList\",\"@id\":\"https:\\\/\\\/visionarymarketing.com\\\/fr\\\/2006\\\/12\\\/19\\\/blogs-bulle\\\/#breadcrumb\",\"itemListElement\":[{\"@type\":\"ListItem\",\"position\":1,\"name\":\"Home\",\"item\":\"https:\\\/\\\/visionarymarketing.com\\\/fr\\\/\"},{\"@type\":\"ListItem\",\"position\":2,\"name\":\"Gartner \u00e9voque que les blogs pourraient d\u00e9j\u00e0 \u00eatre \u00e0 la fin d&rsquo;une bulle ?\"}]},{\"@type\":\"WebSite\",\"@id\":\"https:\\\/\\\/visionarymarketing.com\\\/fr\\\/#website\",\"url\":\"https:\\\/\\\/visionarymarketing.com\\\/fr\\\/\",\"name\":\"Marketing and Innovation\",\"description\":\"Site d&#039;infos ind\u00e9pendant, depuis 1996\",\"potentialAction\":[{\"@type\":\"SearchAction\",\"target\":{\"@type\":\"EntryPoint\",\"urlTemplate\":\"https:\\\/\\\/visionarymarketing.com\\\/fr\\\/?s={search_term_string}\"},\"query-input\":{\"@type\":\"PropertyValueSpecification\",\"valueRequired\":true,\"valueName\":\"search_term_string\"}}],\"inLanguage\":\"fr-FR\"},{\"@type\":\"Person\",\"@id\":\"https:\\\/\\\/visionarymarketing.com\\\/fr\\\/#\\\/schema\\\/person\\\/3754fee1e558f47b8deb46f53c37423e\",\"name\":\"Yann Gourvennec\",\"image\":{\"@type\":\"ImageObject\",\"inLanguage\":\"fr-FR\",\"@id\":\"https:\\\/\\\/secure.gravatar.com\\\/avatar\\\/5972001801e8de5692a3e31224e85769f50a55fb8b679749f9c8d1868cceff14?s=96&d=initials&r=g&initials=yg\",\"url\":\"https:\\\/\\\/secure.gravatar.com\\\/avatar\\\/5972001801e8de5692a3e31224e85769f50a55fb8b679749f9c8d1868cceff14?s=96&d=initials&r=g&initials=yg\",\"contentUrl\":\"https:\\\/\\\/secure.gravatar.com\\\/avatar\\\/5972001801e8de5692a3e31224e85769f50a55fb8b679749f9c8d1868cceff14?s=96&d=initials&r=g&initials=yg\",\"caption\":\"Yann Gourvennec\"},\"description\":\"Yann Gourvennec created visionarymarketing.com in 1996. He is a speaker and author of many books. In 2014 he went from intrapreneur to entrepreneur, when he created his digital marketing agency. Yann Gourvennec a cr\u00e9\u00e9 visionarymarketing.com en 1996. Il est conf\u00e9rencier et auteur de plusieurs livres. En 2014, il est pass\u00e9 d'intrapreneur \u00e0 entrepreneur en cr\u00e9ant son agence de marketing num\u00e9rique.\",\"sameAs\":[\"https:\\\/\\\/visionarymarketing.com\",\"http:\\\/\\\/facebook.com\\\/ygourven\",\"http:\\\/\\\/linkedin.com\\\/in\\\/ygourven\",\"https:\\\/\\\/x.com\\\/ygourven\",\"https:\\\/\\\/www.youtube.com\\\/c\\\/visionarymarketingagency\"],\"url\":\"https:\\\/\\\/visionarymarketing.com\\\/fr\\\/author\\\/yann-gourvennec\\\/\"}]}<\/script>\n<!-- \/ Yoast SEO plugin. -->","yoast_head_json":{"title":"Gartner \u00e9voque que les blogs pourraient d\u00e9j\u00e0 \u00eatre \u00e0 la fin d'une bulle ?","description":"&nbsp; Gartner sur les blogs: d\u00e9j\u00e0 la fin d'une bulle ? Dans un article des Echos publi\u00e9 lundi 18 d\u00e9cembre dans le cahier central, et \u00e9nigmatiquement","robots":{"index":"index","follow":"follow","max-snippet":"max-snippet:-1","max-image-preview":"max-image-preview:large","max-video-preview":"max-video-preview:-1"},"canonical":"https:\/\/visionarymarketing.com\/fr\/2006\/12\/19\/blogs-bulle\/","og_locale":"fr_FR","og_type":"article","og_title":"Gartner \u00e9voque que les blogs pourraient d\u00e9j\u00e0 \u00eatre \u00e0 la fin d'une bulle ?","og_description":"&nbsp; Gartner sur les blogs: d\u00e9j\u00e0 la fin d'une bulle ? Dans un article des Echos publi\u00e9 lundi 18 d\u00e9cembre dans le cahier central, et \u00e9nigmatiquement","og_url":"https:\/\/visionarymarketing.com\/fr\/2006\/12\/19\/blogs-bulle\/","og_site_name":"Marketing and Innovation","article_publisher":"https:\/\/www.facebook.com\/vismktg","article_author":"http:\/\/facebook.com\/ygourven","article_published_time":"2006-12-19T09:46:39+00:00","article_modified_time":"2024-02-14T17:07:27+00:00","og_image":[{"width":519,"height":337,"url":"https:\/\/visionarymarketing.com\/wp-content\/uploads\/2006\/12\/4513930-e1600456097694.jpg","type":"image\/jpeg"}],"author":"Yann Gourvennec","twitter_card":"summary_large_image","twitter_creator":"@ygourven","twitter_site":"@ygourven","twitter_misc":{"\u00c9crit par":"Yann Gourvennec","Dur\u00e9e de lecture estim\u00e9e":"2 minutes"},"schema":{"@context":"https:\/\/schema.org","@graph":[{"@type":"NewsArticle","@id":"https:\/\/visionarymarketing.com\/fr\/2006\/12\/19\/blogs-bulle\/#article","isPartOf":{"@id":"https:\/\/visionarymarketing.com\/fr\/2006\/12\/19\/blogs-bulle\/"},"author":{"name":"Yann Gourvennec","@id":"https:\/\/visionarymarketing.com\/fr\/#\/schema\/person\/3754fee1e558f47b8deb46f53c37423e"},"headline":"Gartner \u00e9voque que les blogs pourraient d\u00e9j\u00e0 \u00eatre \u00e0 la fin d&rsquo;une bulle ?","datePublished":"2006-12-19T09:46:39+00:00","dateModified":"2024-02-14T17:07:27+00:00","mainEntityOfPage":{"@id":"https:\/\/visionarymarketing.com\/fr\/2006\/12\/19\/blogs-bulle\/"},"wordCount":513,"commentCount":0,"image":{"@id":"https:\/\/visionarymarketing.com\/fr\/2006\/12\/19\/blogs-bulle\/#primaryimage"},"thumbnailUrl":"https:\/\/visionarymarketing.com\/wp-content\/uploads\/2006\/12\/4513930-e1600456097694.jpg","articleSection":["marketing digital"],"inLanguage":"fr-FR","potentialAction":[{"@type":"CommentAction","name":"Comment","target":["https:\/\/visionarymarketing.com\/fr\/2006\/12\/19\/blogs-bulle\/#respond"]}]},{"@type":"WebPage","@id":"https:\/\/visionarymarketing.com\/fr\/2006\/12\/19\/blogs-bulle\/","url":"https:\/\/visionarymarketing.com\/fr\/2006\/12\/19\/blogs-bulle\/","name":"Gartner \u00e9voque que les blogs pourraient d\u00e9j\u00e0 \u00eatre \u00e0 la fin d'une bulle ?","isPartOf":{"@id":"https:\/\/visionarymarketing.com\/fr\/#website"},"primaryImageOfPage":{"@id":"https:\/\/visionarymarketing.com\/fr\/2006\/12\/19\/blogs-bulle\/#primaryimage"},"image":{"@id":"https:\/\/visionarymarketing.com\/fr\/2006\/12\/19\/blogs-bulle\/#primaryimage"},"thumbnailUrl":"https:\/\/visionarymarketing.com\/wp-content\/uploads\/2006\/12\/4513930-e1600456097694.jpg","datePublished":"2006-12-19T09:46:39+00:00","dateModified":"2024-02-14T17:07:27+00:00","author":{"@id":"https:\/\/visionarymarketing.com\/fr\/#\/schema\/person\/3754fee1e558f47b8deb46f53c37423e"},"description":"&nbsp; Gartner sur les blogs: d\u00e9j\u00e0 la fin d'une bulle ? Dans un article des Echos publi\u00e9 lundi 18 d\u00e9cembre dans le cahier central, et \u00e9nigmatiquement","breadcrumb":{"@id":"https:\/\/visionarymarketing.com\/fr\/2006\/12\/19\/blogs-bulle\/#breadcrumb"},"inLanguage":"fr-FR","potentialAction":[{"@type":"ReadAction","target":["https:\/\/visionarymarketing.com\/fr\/2006\/12\/19\/blogs-bulle\/"]}]},{"@type":"ImageObject","inLanguage":"fr-FR","@id":"https:\/\/visionarymarketing.com\/fr\/2006\/12\/19\/blogs-bulle\/#primaryimage","url":"https:\/\/visionarymarketing.com\/wp-content\/uploads\/2006\/12\/4513930-e1600456097694.jpg","contentUrl":"https:\/\/visionarymarketing.com\/wp-content\/uploads\/2006\/12\/4513930-e1600456097694.jpg","width":519,"height":337},{"@type":"BreadcrumbList","@id":"https:\/\/visionarymarketing.com\/fr\/2006\/12\/19\/blogs-bulle\/#breadcrumb","itemListElement":[{"@type":"ListItem","position":1,"name":"Home","item":"https:\/\/visionarymarketing.com\/fr\/"},{"@type":"ListItem","position":2,"name":"Gartner \u00e9voque que les blogs pourraient d\u00e9j\u00e0 \u00eatre \u00e0 la fin d&rsquo;une bulle ?"}]},{"@type":"WebSite","@id":"https:\/\/visionarymarketing.com\/fr\/#website","url":"https:\/\/visionarymarketing.com\/fr\/","name":"Marketing and Innovation","description":"Site d&#039;infos ind\u00e9pendant, depuis 1996","potentialAction":[{"@type":"SearchAction","target":{"@type":"EntryPoint","urlTemplate":"https:\/\/visionarymarketing.com\/fr\/?s={search_term_string}"},"query-input":{"@type":"PropertyValueSpecification","valueRequired":true,"valueName":"search_term_string"}}],"inLanguage":"fr-FR"},{"@type":"Person","@id":"https:\/\/visionarymarketing.com\/fr\/#\/schema\/person\/3754fee1e558f47b8deb46f53c37423e","name":"Yann Gourvennec","image":{"@type":"ImageObject","inLanguage":"fr-FR","@id":"https:\/\/secure.gravatar.com\/avatar\/5972001801e8de5692a3e31224e85769f50a55fb8b679749f9c8d1868cceff14?s=96&d=initials&r=g&initials=yg","url":"https:\/\/secure.gravatar.com\/avatar\/5972001801e8de5692a3e31224e85769f50a55fb8b679749f9c8d1868cceff14?s=96&d=initials&r=g&initials=yg","contentUrl":"https:\/\/secure.gravatar.com\/avatar\/5972001801e8de5692a3e31224e85769f50a55fb8b679749f9c8d1868cceff14?s=96&d=initials&r=g&initials=yg","caption":"Yann Gourvennec"},"description":"Yann Gourvennec created visionarymarketing.com in 1996. He is a speaker and author of many books. In 2014 he went from intrapreneur to entrepreneur, when he created his digital marketing agency. Yann Gourvennec a cr\u00e9\u00e9 visionarymarketing.com en 1996. Il est conf\u00e9rencier et auteur de plusieurs livres. En 2014, il est pass\u00e9 d'intrapreneur \u00e0 entrepreneur en cr\u00e9ant son agence de marketing num\u00e9rique.","sameAs":["https:\/\/visionarymarketing.com","http:\/\/facebook.com\/ygourven","http:\/\/linkedin.com\/in\/ygourven","https:\/\/x.com\/ygourven","https:\/\/www.youtube.com\/c\/visionarymarketingagency"],"url":"https:\/\/visionarymarketing.com\/fr\/author\/yann-gourvennec\/"}]}},"_links":{"self":[{"href":"https:\/\/visionarymarketing.com\/fr\/wp-json\/wp\/v2\/posts\/178","targetHints":{"allow":["GET"]}}],"collection":[{"href":"https:\/\/visionarymarketing.com\/fr\/wp-json\/wp\/v2\/posts"}],"about":[{"href":"https:\/\/visionarymarketing.com\/fr\/wp-json\/wp\/v2\/types\/post"}],"author":[{"embeddable":true,"href":"https:\/\/visionarymarketing.com\/fr\/wp-json\/wp\/v2\/users\/2"}],"replies":[{"embeddable":true,"href":"https:\/\/visionarymarketing.com\/fr\/wp-json\/wp\/v2\/comments?post=178"}],"version-history":[{"count":0,"href":"https:\/\/visionarymarketing.com\/fr\/wp-json\/wp\/v2\/posts\/178\/revisions"}],"wp:featuredmedia":[{"embeddable":true,"href":"https:\/\/visionarymarketing.com\/fr\/wp-json\/wp\/v2\/media\/179"}],"wp:attachment":[{"href":"https:\/\/visionarymarketing.com\/fr\/wp-json\/wp\/v2\/media?parent=178"}],"wp:term":[{"taxonomy":"category","embeddable":true,"href":"https:\/\/visionarymarketing.com\/fr\/wp-json\/wp\/v2\/categories?post=178"},{"taxonomy":"post_tag","embeddable":true,"href":"https:\/\/visionarymarketing.com\/fr\/wp-json\/wp\/v2\/tags?post=178"}],"curies":[{"name":"wp","href":"https:\/\/api.w.org\/{rel}","templated":true}]}}