{"id":17189,"date":"2015-03-17T08:55:47","date_gmt":"2015-03-17T07:55:47","guid":{"rendered":"http:\/\/visionarymarketing.fr\/blog\/?p=17189"},"modified":"2022-07-22T07:20:07","modified_gmt":"2022-07-22T05:20:07","slug":"cdo-transformation-digitale","status":"publish","type":"post","link":"https:\/\/visionarymarketing.com\/fr\/2015\/03\/17\/cdo-transformation-digitale\/","title":{"rendered":"Le CDO et la \u00ab\u00a0lourde t\u00e2che\u00a0\u00bb de la transformation digitale"},"content":{"rendered":"<p><em>Le CDO n&rsquo;en finit pas de faire couler de l&rsquo;encre, nous avons encore parl\u00e9 cette ann\u00e9e avec Arnaud Rayrole lors de la sortie du rapport Lecko intitul\u00e9 \u00ab\u00a0\u00c9quiper et organiser son entreprise pour se transformer\u00a0\u00bb. Ce rapport pr\u00e9sente en effet un \u00e9tat des lieux des perspectives et des probl\u00e9matiques rencontr\u00e9es par les organisations dans leur<a title=\"Transfo digitale\" href=\"https:\/\/agence.visionarymarketing.com\/fr\/offre\/offre-transformation-digitale.html\" target=\"_blank\" rel=\"noopener noreferrer\"> transformation digitale<\/a>.<\/em><\/p>\n<h2>Le CDO et la \u00ab\u00a0lourde t\u00e2che\u00a0\u00bb de la transformation digitale<\/h2>\n<figure id=\"attachment_70681\" aria-describedby=\"caption-attachment-70681\" style=\"width: 519px\" class=\"wp-caption aligncenter\"><img decoding=\"async\" class=\"wp-image-70681 size-full\" src=\"https:\/\/visionarymarketing.com\/wp-content\/uploads\/2022\/07\/heavy-lifting_40821-e1658466318923.jpg\" alt=\"CDO\" width=\"519\" height=\"340\" srcset=\"https:\/\/visionarymarketing.com\/wp-content\/uploads\/2022\/07\/heavy-lifting_40821-e1658466318923.jpg 519w, https:\/\/visionarymarketing.com\/wp-content\/uploads\/2022\/07\/heavy-lifting_40821-e1658466318923-458x300.jpg 458w\" sizes=\"(max-width: 519px) 100vw, 519px\" \/><figcaption id=\"caption-attachment-70681\" class=\"wp-caption-text\">Le CDO a la charge de la transformation digitale et jamais expression n&rsquo;a pris autant de sens<\/figcaption><\/figure>\n<p>Cette transformation digitale se traduit dans l&rsquo;entreprise notamment par l&rsquo;am\u00e9lioration de l&rsquo;interconnexion des personnes.<\/p>\n<p>Cette interconnexion a pour but de fluidifier la circulation d&rsquo;informations dans l&rsquo;entreprise, lui donnant une nouvelle agilit\u00e9, n\u00e9cessaire pour s&rsquo;adapter \u00e0 un environnement qui \u00e9volue sans cesse.<!--more--><\/p>\n<p>Dans ce contexte, la prise d&rsquo;initiative est primordiale, et l&rsquo;entreprise doit trouver le bon r\u00e9seau social d&rsquo;entreprise pour faire \u00e9merger ces initiatives provenant de divers\u00a0acteurs de l&rsquo;entreprise, et non les \u00e9touffer comme cela arrive h\u00e9las trop souvent.<\/p>\n<p>Ainsi, Lecko a compar\u00e9 plusieurs plateformes collaboratives : si les g\u00e9ants am\u00e9ricains tels <a title=\"Microsoft\" href=\"http:\/\/www.microsoft.com\/fr-fr\/default.aspx\">Microsoft<\/a> et <a title=\"IBM\" href=\"http:\/\/www.ibm.com\/fr\/fr\/\">IBM<\/a> sortent du lot, d&rsquo;autres solutions existent et rivalisent, notamment les Fran\u00e7ais <a title=\"Jamespot\" href=\"http:\/\/www.jamespot.com\/\" target=\"_blank\" rel=\"noopener noreferrer\">Jamespot<\/a>.<\/p>\n<p>Toutefois, la transformation num\u00e9rique de l&rsquo;entreprise ne se limite pas \u00e0 l&rsquo;outil : la culture et les pratiques des salari\u00e9s et des managers doivent \u00e9galement \u00e9voluer pour que ce changement puisse se faire au sein de l&rsquo;entreprise.<\/p>\n<p><span title=\"https:\/\/www.linkedin.com\/pub\/arnaud-rayrole\/3\/83\/286\">Arnaud Rayrole<\/span>, directeur g\u00e9n\u00e9ral de <a title=\"Lecko\" href=\"http:\/\/lecko.fr\/\" target=\"_blank\" rel=\"noopener noreferrer\">Lecko<\/a>, a r\u00e9pondu \u00e0 nos interrogations autour de ce rapport et nous a livr\u00e9 quelques d\u00e9tails sur cette transformation digitale, le ressenti des utilisateurs de <a title=\"RSE\" href=\"http:\/\/fr.wikipedia.org\/wiki\/Responsabilit%C3%A9_soci%C3%A9tale_des_entreprises\" target=\"_blank\" rel=\"noopener noreferrer\">RSE<\/a> et l&rsquo;\u00e9volution du march\u00e9.<\/p>\n<h3>En bref : le CDO (\u00e0 ne pas confondre avec le CDO) et sa lourde t\u00e2che<\/h3>\n<p><span style=\"color: #333399;\"><em><a href=\"https:\/\/visionarymarketing.com\/wp-content\/uploads\/2015\/03\/arnaud-rayrole.jpg\"><img decoding=\"async\" class=\"alignleft wp-image-17441 size-full\" src=\"https:\/\/visionarymarketing.com\/wp-content\/uploads\/2015\/03\/arnaud-rayrole.jpg\" alt=\"arnaud rayrole - Quand le CDO pr\u00e9pare la transformation digitale - avec Lecko\" width=\"140\" height=\"140\" srcset=\"https:\/\/visionarymarketing.com\/wp-content\/uploads\/2015\/03\/arnaud-rayrole.jpg 140w, https:\/\/visionarymarketing.com\/wp-content\/uploads\/2015\/03\/arnaud-rayrole-50x50.jpg 50w, https:\/\/visionarymarketing.com\/wp-content\/uploads\/2015\/03\/arnaud-rayrole-125x125.jpg 125w, https:\/\/visionarymarketing.com\/wp-content\/uploads\/2015\/03\/arnaud-rayrole-120x120.jpg 120w\" sizes=\"(max-width: 140px) 100vw, 140px\" \/><\/a><\/em><\/span>Cette \u00e9tude se focalise\u00a0sur le lien entre la consommation num\u00e9rique et les pratiques sociales et collaboratives sur les r\u00e9seaux sociaux d&rsquo;entreprise.<\/p>\n<p>C&rsquo;est l&rsquo;un des \u00e9l\u00e9ments importants que l&rsquo;on a pu observer et mesurer avec des organisations qui nomment des <strong>CDO<\/strong>s (<a title=\"CDO\" href=\"https:\/\/en.wikipedia.org\/wiki\/Chief_digital_officer\" target=\"_blank\" rel=\"noopener noreferrer\">Chief Digital Officer<\/a>, \u00e0 ne pas confondre avec <a title=\"CDO\" href=\"http:\/\/fr.wikipedia.org\/wiki\/Chief_Data_Officer\" target=\"_blank\" rel=\"noopener noreferrer\">Chief Data Officer<\/a>) qui ont pour lourde mission de pr\u00e9parer leur entreprise \u00e0 l&rsquo;\u00e8re num\u00e9rique.<\/p>\n<p>Cette transformation s&rsquo;op\u00e8re autant dans l\u2019innovation num\u00e9rique que dans la culture d&rsquo;entreprise interne. Il faut une nouvelle mani\u00e8re de s&rsquo;organiser et de travailler pour faire face \u00e0 l\u2019\u00e8re du digital : le r\u00e9seau social d&rsquo;entreprise en est le socle.<\/p>\n<p>Il permet d&rsquo;une part de mettre en r\u00e9seau les acteurs de l&rsquo;entreprise, en leur permettant de s&rsquo;organiser diff\u00e9remment pour faire face \u00e0 l&rsquo;\u00e9volution de leur m\u00e9tier et l\u2019\u00e9volution des besoins d&rsquo;entreprises.<\/p>\n<p>Cela leur permet \u00e9galement d&rsquo;apprendre diff\u00e9remment, plus \u201csur le tas\u201d en permettant de partager leur exp\u00e9rience, en mettant en lien des experts sur une th\u00e9matique avec des personnes plus \u201cneuves\u201d sur le sujet.<\/p>\n<p>L&rsquo;ensemble permet \u00e0 l&rsquo;entreprise d\u2019\u00eatre plus aile par rapport \u00e0 ces probl\u00e9matiques de transformation. Nous avons fait le lien entre les activit\u00e9s sur les r\u00e9seaux sociaux d&rsquo;entreprise et ces enjeux strat\u00e9giques de transformation num\u00e9rique.<strong>\u00a0<\/strong><\/p>\n<p><iframe src=\"\/\/www.slideshare.net\/slideshow\/embed_code\/45892014\" width=\"580\" height=\"500\" frameborder=\"0\" marginwidth=\"0\" marginheight=\"0\" scrolling=\"no\"><\/iframe><\/p>\n<h3>O\u00f9 en sommes-nous au niveau du d\u00e9ploiement des postes de CDO ?<\/h3>\n<p><strong>\u00a0<\/strong>Il y a d&rsquo;un c\u00f4t\u00e9 l&rsquo;apparition des CDOs (40\u00a0% des entreprises du<a title=\"CAC 40\" href=\"http:\/\/fr.wikipedia.org\/wiki\/CAC_40\" target=\"_blank\" rel=\"noopener noreferrer\"> CAC 40<\/a> ont un CDO).<\/p>\n<p>Du c\u00f4t\u00e9 des usages collaboratifs, nous \u00e9tions encore il y a 3 ou 4 ans sur des projets d&rsquo;exp\u00e9rimentation avec un p\u00e9rim\u00e8tre local ; aujourd&rsquo;hui, 75\u00a0% des soci\u00e9t\u00e9s du CAC 40 ont un r\u00e9seau social d&rsquo;entreprise, accessible \u00e0 l&rsquo;ensemble des collaborateurs.<\/p>\n<p>Ensuite, nous avons mesur\u00e9 d&rsquo;une part une intensification des usages sur toutes les plateformes, et d\u2019autre part un \u00e9largissement du nombre d&rsquo;acteurs actifs sur ces plateformes.<\/p>\n<h3>En est-on all\u00e9 jusqu&rsquo;\u00e0 ressentir mesurer le ressenti des utilisateurs ou se contente-t-on du d\u00e9claratif manag\u00e9rial ?<\/h3>\n<p>Ce n&rsquo;est pas une enqu\u00eate sur l\u2019expression de la satisfaction des consommateurs. Nous avons mesur\u00e9 une activit\u00e9 r\u00e9elle, des comportements : \u00e0 partirent du moment o\u00f9 l&rsquo;utilisateur se sert d\u2019un outil, c&rsquo;est que cela lui est utile.<\/p>\n<p>Nous avons \u00e9galement enqu\u00eat\u00e9 aupr\u00e8s des \u201cporteurs de changement\u201d, des leaders de pratiques qui sont de mani\u00e8re officieuse ou explicite en train de porter le changement localement dans l&rsquo;entreprise.<strong>\u00a0<\/strong><\/p>\n<h3>Dans les ann\u00e9es pr\u00e9c\u00e9dentes, en termes d&rsquo;usage et de qualit\u00e9 de l&rsquo;usage, il y avait un manque de connexion avec le c\u0153ur de m\u00e9tier. Voit-on une am\u00e9lioration dans ce sens ?<\/h3>\n<p>La <a title=\"Collaboration\" href=\"http:\/\/fr.wikipedia.org\/wiki\/Collaboration\" target=\"_blank\" rel=\"noopener noreferrer\">collaboration<\/a> a la vocation \u00e0 s&rsquo;appliquer dans tous les domaines d\u2019activit\u00e9 de l&rsquo;entreprise.<\/p>\n<p>Lorsque l&rsquo;on est en phase d&rsquo;exp\u00e9rimentation, on peut aussi d\u00e9velopper ses pratiques sur des terrains connexes avec l&rsquo;activit\u00e9 de l&rsquo;entreprise.<\/p>\n<p>Les entreprises ont d&rsquo;ailleurs beaucoup travaill\u00e9 \u00e0 mettre de la transversalit\u00e9, par exemple \u00e0 f\u00e9d\u00e9rer des praticiens sur une th\u00e9matique, mais en touchant finalement un aspect tr\u00e8s secondaire, mais non moins prioritaire que le business quotidien de chacun.<\/p>\n<p>C&rsquo;est en train de changer, il y a de plus en plus de patrons qui mettent en r\u00e9seau leurs \u00e9quipes autour d&rsquo;un processus.<\/p>\n<p>Ce n&rsquo;est pas quelque chose de lin\u00e9aire, mais quelque chose qui avance par exp\u00e9rimentations successives, par it\u00e9rations. Il s\u2019agit d&rsquo;une \u00e9volution tr\u00e8s h\u00e9t\u00e9rog\u00e8ne au sein de l&rsquo;entreprise<strong>.\u00a0<\/strong><\/p>\n<figure id=\"attachment_17439\" aria-describedby=\"caption-attachment-17439\" style=\"width: 866px\" class=\"wp-caption aligncenter\"><img decoding=\"async\" class=\"wp-image-17439 size-full\" src=\"https:\/\/visionarymarketing.com\/wp-content\/uploads\/2015\/03\/\u00e9volution-du-march\u00e9.png\" alt=\"\" width=\"866\" height=\"800\" srcset=\"https:\/\/visionarymarketing.com\/wp-content\/uploads\/2015\/03\/\u00e9volution-du-march\u00e9.png 866w, https:\/\/visionarymarketing.com\/wp-content\/uploads\/2015\/03\/\u00e9volution-du-march\u00e9-300x277.png 300w\" sizes=\"(max-width: 866px) 100vw, 866px\" \/><figcaption id=\"caption-attachment-17439\" class=\"wp-caption-text\">En France, en 2014, le march\u00e9 des solutions de RSE s&rsquo;\u00e9tablit \u00e0 56\u00a0M\u20ac, soit 16\u00a0M\u20ac de plus qu&rsquo;en 2013.<\/figcaption><\/figure>\n<h3>Cette \u00e9volution non lin\u00e9aire se retrouve dans les diff\u00e9rentes solutions, avec des solutions plut\u00f4t m\u00e9tier&#8230;<\/h3>\n<p>On a d&rsquo;un c\u00f4t\u00e9 une matrice que l&rsquo;on appelle la matrice des potentiels r\u00e9seaux sociaux, qui va \u00e9valuer les solutions du march\u00e9 par rapport \u00e0 leur capacit\u00e9 \u00e0 aider \u00e0 l&rsquo;\u00e9mergence de nouvelles formes de collaboration.<\/p>\n<p>C&rsquo;est une matrice importante. Nous avons des matrices qui sont sp\u00e9cialis\u00e9es sur diff\u00e9rents segments parce que la collaboration se d\u00e9cline dans un contexte donn\u00e9.<\/p>\n<p>On a une matrice sur la communication, une sur la productivit\u00e9, une autre sur les processus, une quatri\u00e8me sur le <a title=\"Knowledge Management\" href=\"http:\/\/fr.wikipedia.org\/wiki\/Gestion_des_connaissances\" target=\"_blank\" rel=\"noopener noreferrer\">knowledge management<\/a>, et la cinqui\u00e8me sur les communaut\u00e9s externes avec les environnements clients et partenaires (visibles sur le slideshare, \u00e0 partir de la slide\u00a0#56).<strong>\u00a0<\/strong><\/p>\n<h3>Ces matrices montrent des leaders et des challengers. Quels sont les \u00e9diteurs qui r\u00e9apparaissent r\u00e9guli\u00e8rement dans ces matrices ?<\/h3>\n<p>Il faut arriver \u00e0 trouver chaussure \u00e0 son pied, et en fonction de son contexte on va trouver un int\u00e9r\u00eat diff\u00e9rent pour chacune d&rsquo;entre elles. Il y a tout de m\u00eame des acteurs qui se distinguent sur chacun de ces domaines.<\/p>\n<p>Sur le domaine de la productivit\u00e9, nous avons trois grands acteurs aujourd&rsquo;hui en position de leader : Microsoft avec sa suite <a title=\"Office 365\" href=\"http:\/\/fr.wikipedia.org\/wiki\/Microsoft_Office_365\" target=\"_blank\" rel=\"noopener noreferrer\">Office 365<\/a>, <a title=\"Jive\" href=\"http:\/\/fr.wikipedia.org\/wiki\/Jive\" target=\"_blank\" rel=\"noopener noreferrer\">Jive<\/a> parce qu\u2019il s&rsquo;agit d&rsquo;une plateforme de collaboration tr\u00e8s riche et performante, et IBM pour les m\u00eames raisons.<\/p>\n<p>Il y a ensuite des acteurs plus g\u00e9n\u00e9ralistes qui traitent des sujets diff\u00e9rents. Il y a par exemple Jamespote, un acteur fran\u00e7ais qui se d\u00e9marque gr\u00e2ce \u00e0 sa capacit\u00e9 de cr\u00e9er un objet, par exemple un ticket incident, et de le g\u00e9rer dans un flux social et autour duquel on peut converser.<\/p>\n<p>C&rsquo;est cette capacit\u00e9 qu&rsquo;a l&rsquo;outil \u00e0 s&rsquo;adapter \u00e0 un contexte m\u00e9tier particulier. Concernant les communaut\u00e9s, <a title=\"Talkspirit\" href=\"http:\/\/www.talkspirit.com\/\" target=\"_blank\" rel=\"noopener noreferrer\">Talkspirit<\/a> est aujourd&rsquo;hui une solution en avance par rapport \u00e0 ses concurrents, gr\u00e2ce \u00e0 sa capacit\u00e9 \u00e0 animer un \u00e9cosyst\u00e8me r\u00e9unissant l\u2019entreprise, ses partenaires et ses clients.<strong>\u00a0<\/strong><\/p>\n<h3>Le paysage n&rsquo;est pas r\u00e9ellement en train de se consolider, il y a toujours autant d&rsquo;\u00e9diteurs.<\/h3>\n<p>Exactement. Chaque ann\u00e9e, on nous demande : \u201cle march\u00e9 est-il en train de se consolider ?\u201d.<\/p>\n<p>Et chaque ann\u00e9e, nous donnons une r\u00e9ponse n\u00e9gative : toujours pas, et m\u00eame au contraire, on a de nouveaux acteurs qui arrivent.<\/p>\n<p>Mais il y a une chose qui commence \u00e0 \u00eatre bien marqu\u00e9e, c&rsquo;est la collaboration qui n&rsquo;est plus une chose \u00e0 part, et les fonctions sociales deviennent des commodit\u00e9s que l&rsquo;on retrouve dans toutes les solutions.<\/p>\n<p>La diff\u00e9renciation se fait en allant se positionner sur un domaine de l&rsquo;activit\u00e9 de l&rsquo;entreprise avec une approche sociale.<\/p>\n<p>Mais la collaboration en soi est quelque chose sur laquelle les g\u00e9n\u00e9ralistes ont du mal \u00e0 offrir une valeur ajout\u00e9e, car ce n&rsquo;est plus un sujet sur lequel on peut se diff\u00e9rencier.<\/p>\n<div itemscope itemtype=\"http:\/\/schema.org\/AudioObject\"><meta itemprop=\"name\" content=\"Le CDO et la \u00ab\u00a0lourde t\u00e2che\u00a0\u00bb de la transformation digitale\" \/><meta itemprop=\"uploadDate\" content=\"2015-03-17T08:55:47+01:00\" \/><meta itemprop=\"encodingFormat\" content=\"audio\/mpeg\" \/><meta itemprop=\"duration\" content=\"PT10M26S\" \/><meta itemprop=\"description\" content=\"Le CDO n&#039;en finit pas de faire couler de l&#039;encre, nous avons encore parl\u00e9 cette ann\u00e9e avec Arnaud Rayrole lors de la sortie du rapport Lecko intitul\u00e9 &quot;\u00c9quiper et organiser son entreprise pour se transformer&quot;. Ce rapport pr\u00e9sente en effet un \u00e9tat des ...\" \/><meta itemprop=\"contentUrl\" content=\"https:\/\/media.blubrry.com\/visionarymarketing_les\/visionarymarketing.com\/files\/podcasts\/arnaud-rayrole-lecko-2015.mp3\" \/><meta itemprop=\"contentSize\" content=\"16.7\" \/><div class=\"powerpress_player\" id=\"powerpress_player_9435\"><audio class=\"wp-audio-shortcode\" id=\"audio-17189-1\" preload=\"none\" style=\"width: 100%;\" controls=\"controls\"><source type=\"audio\/mpeg\" src=\"https:\/\/media.blubrry.com\/visionarymarketing_les\/visionarymarketing.com\/files\/podcasts\/arnaud-rayrole-lecko-2015.mp3?_=1\" \/><a href=\"https:\/\/media.blubrry.com\/visionarymarketing_les\/visionarymarketing.com\/files\/podcasts\/arnaud-rayrole-lecko-2015.mp3\">https:\/\/media.blubrry.com\/visionarymarketing_les\/visionarymarketing.com\/files\/podcasts\/arnaud-rayrole-lecko-2015.mp3<\/a><\/audio><\/div><\/div><p class=\"powerpress_links powerpress_links_mp3\" style=\"margin-bottom: 1px !important;\">Podcast: <a href=\"https:\/\/media.blubrry.com\/visionarymarketing_les\/visionarymarketing.com\/files\/podcasts\/arnaud-rayrole-lecko-2015.mp3\" class=\"powerpress_link_pinw\" target=\"_blank\" title=\"Play in new window\" onclick=\"return powerpress_pinw('https:\/\/visionarymarketing.com\/fr\/\/?powerpress_pinw=17189-podcast');\" rel=\"nofollow\">Play in new window<\/a> | <a href=\"https:\/\/media.blubrry.com\/visionarymarketing_les\/visionarymarketing.com\/files\/podcasts\/arnaud-rayrole-lecko-2015.mp3\" class=\"powerpress_link_d\" title=\"Download\" rel=\"nofollow\" download=\"arnaud-rayrole-lecko-2015.mp3\">Download<\/a> (Duration: 10:26 &#8212; 16.7MB)<\/p><p class=\"powerpress_links powerpress_subscribe_links\">Subscribe: <a href=\"https:\/\/itunes.apple.com\/us\/podcast\/visionarymarketing-les-interviews\/id731295319?mt=2&amp;ls=1#episodeGuid=http%3A%2F%2Fvisionarymarketing.fr%2Fblog%2F%3Fp%3D17189\" class=\"powerpress_link_subscribe powerpress_link_subscribe_itunes\" target=\"_blank\" title=\"Subscribe on Apple Podcasts\" rel=\"nofollow\">Apple Podcasts<\/a> | <a href=\"https:\/\/open.spotify.com\/show\/52VnZ1mhVSnDs4tQOx7Vuc\" class=\"powerpress_link_subscribe powerpress_link_subscribe_spotify\" target=\"_blank\" title=\"Subscribe on Spotify\" rel=\"nofollow\">Spotify<\/a> | <a href=\"https:\/\/subscribeonandroid.com\/visionarymarketing.com\/fr\/feed\/podcast\/\" class=\"powerpress_link_subscribe powerpress_link_subscribe_android\" target=\"_blank\" title=\"Subscribe on Android\" rel=\"nofollow\">Android<\/a> | <a href=\"https:\/\/visionarymarketing.com\/fr\/feed\/podcast\/\" class=\"powerpress_link_subscribe powerpress_link_subscribe_rss\" target=\"_blank\" title=\"Subscribe via RSS\" rel=\"nofollow\">RSS<\/a><\/p>","protected":false},"excerpt":{"rendered":"<p>Le CDO n&rsquo;en finit pas de faire couler de l&rsquo;encre, nous avons encore parl\u00e9 cette ann\u00e9e avec Arnaud Rayrole lors de la sortie du rapport Lecko intitul\u00e9 \u00ab\u00a0\u00c9quiper et organiser son entreprise pour se transformer\u00a0\u00bb. Ce rapport pr\u00e9sente en effet un \u00e9tat des lieux des perspectives et des probl\u00e9matiques rencontr\u00e9es par les organisations dans leur &hellip;<\/p>\n","protected":false},"author":2,"featured_media":70681,"comment_status":"open","ping_status":"open","sticky":false,"template":"","format":"standard","meta":{"footnotes":""},"categories":[2808],"tags":[],"class_list":["post-17189","post","type-post","status-publish","format-standard","has-post-thumbnail","hentry","category-transformation-digitale"],"yoast_head":"<!-- This site is optimized with the Yoast SEO plugin v27.4 - https:\/\/yoast.com\/product\/yoast-seo-wordpress\/ -->\n<title>CDO : l&#039;homme ou la femme de la transformation digitale<\/title>\n<meta name=\"description\" content=\"Cette transformation digitale interne passe par l&#039;am\u00e9lioration de l&#039;interconnexion des personnes. Le CDO y jouerait un r\u00f4le important\" \/>\n<meta name=\"robots\" content=\"index, follow, max-snippet:-1, max-image-preview:large, max-video-preview:-1\" \/>\n<link rel=\"canonical\" href=\"https:\/\/visionarymarketing.com\/fr\/2015\/03\/17\/cdo-transformation-digitale\/\" \/>\n<meta property=\"og:locale\" content=\"fr_FR\" \/>\n<meta property=\"og:type\" content=\"article\" \/>\n<meta property=\"og:title\" content=\"CDO : l&#039;homme ou la femme de la transformation digitale\" \/>\n<meta property=\"og:description\" content=\"Cette transformation digitale interne passe par l&#039;am\u00e9lioration de l&#039;interconnexion des personnes. Le CDO y jouerait un r\u00f4le important\" \/>\n<meta property=\"og:url\" content=\"https:\/\/visionarymarketing.com\/fr\/2015\/03\/17\/cdo-transformation-digitale\/\" \/>\n<meta property=\"og:site_name\" content=\"Marketing and Innovation\" \/>\n<meta property=\"article:publisher\" content=\"https:\/\/www.facebook.com\/vismktg\" \/>\n<meta property=\"article:author\" content=\"http:\/\/facebook.com\/ygourven\" \/>\n<meta property=\"article:published_time\" content=\"2015-03-17T07:55:47+00:00\" \/>\n<meta property=\"article:modified_time\" content=\"2022-07-22T05:20:07+00:00\" \/>\n<meta property=\"og:image\" content=\"https:\/\/visionarymarketing.com\/wp-content\/uploads\/2022\/07\/heavy-lifting_40821-e1658466318923.jpg\" \/>\n\t<meta property=\"og:image:width\" content=\"519\" \/>\n\t<meta property=\"og:image:height\" content=\"340\" \/>\n\t<meta property=\"og:image:type\" content=\"image\/jpeg\" \/>\n<meta name=\"author\" content=\"Yann Gourvennec\" \/>\n<meta name=\"twitter:card\" content=\"summary_large_image\" \/>\n<meta name=\"twitter:creator\" content=\"@ygourven\" \/>\n<meta name=\"twitter:site\" content=\"@ygourven\" \/>\n<meta name=\"twitter:label1\" content=\"\u00c9crit par\" \/>\n\t<meta name=\"twitter:data1\" content=\"Yann Gourvennec\" \/>\n\t<meta name=\"twitter:label2\" content=\"Dur\u00e9e de lecture estim\u00e9e\" \/>\n\t<meta name=\"twitter:data2\" content=\"7 minutes\" \/>\n<script type=\"application\/ld+json\" class=\"yoast-schema-graph\">{\"@context\":\"https:\\\/\\\/schema.org\",\"@graph\":[{\"@type\":\"NewsArticle\",\"@id\":\"https:\\\/\\\/visionarymarketing.com\\\/fr\\\/2015\\\/03\\\/17\\\/cdo-transformation-digitale\\\/#article\",\"isPartOf\":{\"@id\":\"https:\\\/\\\/visionarymarketing.com\\\/fr\\\/2015\\\/03\\\/17\\\/cdo-transformation-digitale\\\/\"},\"author\":{\"name\":\"Yann Gourvennec\",\"@id\":\"https:\\\/\\\/visionarymarketing.com\\\/fr\\\/#\\\/schema\\\/person\\\/3754fee1e558f47b8deb46f53c37423e\"},\"headline\":\"Le CDO et la \u00ab\u00a0lourde t\u00e2che\u00a0\u00bb de la transformation digitale\",\"datePublished\":\"2015-03-17T07:55:47+00:00\",\"dateModified\":\"2022-07-22T05:20:07+00:00\",\"mainEntityOfPage\":{\"@id\":\"https:\\\/\\\/visionarymarketing.com\\\/fr\\\/2015\\\/03\\\/17\\\/cdo-transformation-digitale\\\/\"},\"wordCount\":1476,\"commentCount\":2,\"image\":{\"@id\":\"https:\\\/\\\/visionarymarketing.com\\\/fr\\\/2015\\\/03\\\/17\\\/cdo-transformation-digitale\\\/#primaryimage\"},\"thumbnailUrl\":\"https:\\\/\\\/visionarymarketing.com\\\/wp-content\\\/uploads\\\/2022\\\/07\\\/heavy-lifting_40821-e1658466318923.jpg\",\"articleSection\":[\"Transformation\"],\"inLanguage\":\"fr-FR\",\"potentialAction\":[{\"@type\":\"CommentAction\",\"name\":\"Comment\",\"target\":[\"https:\\\/\\\/visionarymarketing.com\\\/fr\\\/2015\\\/03\\\/17\\\/cdo-transformation-digitale\\\/#respond\"]}]},{\"@type\":\"WebPage\",\"@id\":\"https:\\\/\\\/visionarymarketing.com\\\/fr\\\/2015\\\/03\\\/17\\\/cdo-transformation-digitale\\\/\",\"url\":\"https:\\\/\\\/visionarymarketing.com\\\/fr\\\/2015\\\/03\\\/17\\\/cdo-transformation-digitale\\\/\",\"name\":\"CDO : l'homme ou la femme de la transformation digitale\",\"isPartOf\":{\"@id\":\"https:\\\/\\\/visionarymarketing.com\\\/fr\\\/#website\"},\"primaryImageOfPage\":{\"@id\":\"https:\\\/\\\/visionarymarketing.com\\\/fr\\\/2015\\\/03\\\/17\\\/cdo-transformation-digitale\\\/#primaryimage\"},\"image\":{\"@id\":\"https:\\\/\\\/visionarymarketing.com\\\/fr\\\/2015\\\/03\\\/17\\\/cdo-transformation-digitale\\\/#primaryimage\"},\"thumbnailUrl\":\"https:\\\/\\\/visionarymarketing.com\\\/wp-content\\\/uploads\\\/2022\\\/07\\\/heavy-lifting_40821-e1658466318923.jpg\",\"datePublished\":\"2015-03-17T07:55:47+00:00\",\"dateModified\":\"2022-07-22T05:20:07+00:00\",\"author\":{\"@id\":\"https:\\\/\\\/visionarymarketing.com\\\/fr\\\/#\\\/schema\\\/person\\\/3754fee1e558f47b8deb46f53c37423e\"},\"description\":\"Cette transformation digitale interne passe par l'am\u00e9lioration de l'interconnexion des personnes. Le CDO y jouerait un r\u00f4le important\",\"breadcrumb\":{\"@id\":\"https:\\\/\\\/visionarymarketing.com\\\/fr\\\/2015\\\/03\\\/17\\\/cdo-transformation-digitale\\\/#breadcrumb\"},\"inLanguage\":\"fr-FR\",\"potentialAction\":[{\"@type\":\"ReadAction\",\"target\":[\"https:\\\/\\\/visionarymarketing.com\\\/fr\\\/2015\\\/03\\\/17\\\/cdo-transformation-digitale\\\/\"]}]},{\"@type\":\"ImageObject\",\"inLanguage\":\"fr-FR\",\"@id\":\"https:\\\/\\\/visionarymarketing.com\\\/fr\\\/2015\\\/03\\\/17\\\/cdo-transformation-digitale\\\/#primaryimage\",\"url\":\"https:\\\/\\\/visionarymarketing.com\\\/wp-content\\\/uploads\\\/2022\\\/07\\\/heavy-lifting_40821-e1658466318923.jpg\",\"contentUrl\":\"https:\\\/\\\/visionarymarketing.com\\\/wp-content\\\/uploads\\\/2022\\\/07\\\/heavy-lifting_40821-e1658466318923.jpg\",\"width\":519,\"height\":340},{\"@type\":\"BreadcrumbList\",\"@id\":\"https:\\\/\\\/visionarymarketing.com\\\/fr\\\/2015\\\/03\\\/17\\\/cdo-transformation-digitale\\\/#breadcrumb\",\"itemListElement\":[{\"@type\":\"ListItem\",\"position\":1,\"name\":\"Home\",\"item\":\"https:\\\/\\\/visionarymarketing.com\\\/fr\\\/\"},{\"@type\":\"ListItem\",\"position\":2,\"name\":\"Le CDO et la \u00ab\u00a0lourde t\u00e2che\u00a0\u00bb de la transformation digitale\"}]},{\"@type\":\"WebSite\",\"@id\":\"https:\\\/\\\/visionarymarketing.com\\\/fr\\\/#website\",\"url\":\"https:\\\/\\\/visionarymarketing.com\\\/fr\\\/\",\"name\":\"Marketing and Innovation\",\"description\":\"Site d&#039;infos ind\u00e9pendant, depuis 1996\",\"potentialAction\":[{\"@type\":\"SearchAction\",\"target\":{\"@type\":\"EntryPoint\",\"urlTemplate\":\"https:\\\/\\\/visionarymarketing.com\\\/fr\\\/?s={search_term_string}\"},\"query-input\":{\"@type\":\"PropertyValueSpecification\",\"valueRequired\":true,\"valueName\":\"search_term_string\"}}],\"inLanguage\":\"fr-FR\"},{\"@type\":\"Person\",\"@id\":\"https:\\\/\\\/visionarymarketing.com\\\/fr\\\/#\\\/schema\\\/person\\\/3754fee1e558f47b8deb46f53c37423e\",\"name\":\"Yann Gourvennec\",\"image\":{\"@type\":\"ImageObject\",\"inLanguage\":\"fr-FR\",\"@id\":\"https:\\\/\\\/secure.gravatar.com\\\/avatar\\\/5972001801e8de5692a3e31224e85769f50a55fb8b679749f9c8d1868cceff14?s=96&d=initials&r=g&initials=yg\",\"url\":\"https:\\\/\\\/secure.gravatar.com\\\/avatar\\\/5972001801e8de5692a3e31224e85769f50a55fb8b679749f9c8d1868cceff14?s=96&d=initials&r=g&initials=yg\",\"contentUrl\":\"https:\\\/\\\/secure.gravatar.com\\\/avatar\\\/5972001801e8de5692a3e31224e85769f50a55fb8b679749f9c8d1868cceff14?s=96&d=initials&r=g&initials=yg\",\"caption\":\"Yann Gourvennec\"},\"description\":\"Yann Gourvennec created visionarymarketing.com in 1996. He is a speaker and author of many books. In 2014 he went from intrapreneur to entrepreneur, when he created his digital marketing agency. Yann Gourvennec a cr\u00e9\u00e9 visionarymarketing.com en 1996. Il est conf\u00e9rencier et auteur de plusieurs livres. En 2014, il est pass\u00e9 d'intrapreneur \u00e0 entrepreneur en cr\u00e9ant son agence de marketing num\u00e9rique.\",\"sameAs\":[\"https:\\\/\\\/visionarymarketing.com\",\"http:\\\/\\\/facebook.com\\\/ygourven\",\"http:\\\/\\\/linkedin.com\\\/in\\\/ygourven\",\"https:\\\/\\\/x.com\\\/ygourven\",\"https:\\\/\\\/www.youtube.com\\\/c\\\/visionarymarketingagency\"],\"url\":\"https:\\\/\\\/visionarymarketing.com\\\/fr\\\/author\\\/yann-gourvennec\\\/\"}]}<\/script>\n<!-- \/ Yoast SEO plugin. -->","yoast_head_json":{"title":"CDO : l'homme ou la femme de la transformation digitale","description":"Cette transformation digitale interne passe par l'am\u00e9lioration de l'interconnexion des personnes. Le CDO y jouerait un r\u00f4le important","robots":{"index":"index","follow":"follow","max-snippet":"max-snippet:-1","max-image-preview":"max-image-preview:large","max-video-preview":"max-video-preview:-1"},"canonical":"https:\/\/visionarymarketing.com\/fr\/2015\/03\/17\/cdo-transformation-digitale\/","og_locale":"fr_FR","og_type":"article","og_title":"CDO : l'homme ou la femme de la transformation digitale","og_description":"Cette transformation digitale interne passe par l'am\u00e9lioration de l'interconnexion des personnes. Le CDO y jouerait un r\u00f4le important","og_url":"https:\/\/visionarymarketing.com\/fr\/2015\/03\/17\/cdo-transformation-digitale\/","og_site_name":"Marketing and Innovation","article_publisher":"https:\/\/www.facebook.com\/vismktg","article_author":"http:\/\/facebook.com\/ygourven","article_published_time":"2015-03-17T07:55:47+00:00","article_modified_time":"2022-07-22T05:20:07+00:00","og_image":[{"width":519,"height":340,"url":"https:\/\/visionarymarketing.com\/wp-content\/uploads\/2022\/07\/heavy-lifting_40821-e1658466318923.jpg","type":"image\/jpeg"}],"author":"Yann Gourvennec","twitter_card":"summary_large_image","twitter_creator":"@ygourven","twitter_site":"@ygourven","twitter_misc":{"\u00c9crit par":"Yann Gourvennec","Dur\u00e9e de lecture estim\u00e9e":"7 minutes"},"schema":{"@context":"https:\/\/schema.org","@graph":[{"@type":"NewsArticle","@id":"https:\/\/visionarymarketing.com\/fr\/2015\/03\/17\/cdo-transformation-digitale\/#article","isPartOf":{"@id":"https:\/\/visionarymarketing.com\/fr\/2015\/03\/17\/cdo-transformation-digitale\/"},"author":{"name":"Yann Gourvennec","@id":"https:\/\/visionarymarketing.com\/fr\/#\/schema\/person\/3754fee1e558f47b8deb46f53c37423e"},"headline":"Le CDO et la \u00ab\u00a0lourde t\u00e2che\u00a0\u00bb de la transformation digitale","datePublished":"2015-03-17T07:55:47+00:00","dateModified":"2022-07-22T05:20:07+00:00","mainEntityOfPage":{"@id":"https:\/\/visionarymarketing.com\/fr\/2015\/03\/17\/cdo-transformation-digitale\/"},"wordCount":1476,"commentCount":2,"image":{"@id":"https:\/\/visionarymarketing.com\/fr\/2015\/03\/17\/cdo-transformation-digitale\/#primaryimage"},"thumbnailUrl":"https:\/\/visionarymarketing.com\/wp-content\/uploads\/2022\/07\/heavy-lifting_40821-e1658466318923.jpg","articleSection":["Transformation"],"inLanguage":"fr-FR","potentialAction":[{"@type":"CommentAction","name":"Comment","target":["https:\/\/visionarymarketing.com\/fr\/2015\/03\/17\/cdo-transformation-digitale\/#respond"]}]},{"@type":"WebPage","@id":"https:\/\/visionarymarketing.com\/fr\/2015\/03\/17\/cdo-transformation-digitale\/","url":"https:\/\/visionarymarketing.com\/fr\/2015\/03\/17\/cdo-transformation-digitale\/","name":"CDO : l'homme ou la femme de la transformation digitale","isPartOf":{"@id":"https:\/\/visionarymarketing.com\/fr\/#website"},"primaryImageOfPage":{"@id":"https:\/\/visionarymarketing.com\/fr\/2015\/03\/17\/cdo-transformation-digitale\/#primaryimage"},"image":{"@id":"https:\/\/visionarymarketing.com\/fr\/2015\/03\/17\/cdo-transformation-digitale\/#primaryimage"},"thumbnailUrl":"https:\/\/visionarymarketing.com\/wp-content\/uploads\/2022\/07\/heavy-lifting_40821-e1658466318923.jpg","datePublished":"2015-03-17T07:55:47+00:00","dateModified":"2022-07-22T05:20:07+00:00","author":{"@id":"https:\/\/visionarymarketing.com\/fr\/#\/schema\/person\/3754fee1e558f47b8deb46f53c37423e"},"description":"Cette transformation digitale interne passe par l'am\u00e9lioration de l'interconnexion des personnes. Le CDO y jouerait un r\u00f4le important","breadcrumb":{"@id":"https:\/\/visionarymarketing.com\/fr\/2015\/03\/17\/cdo-transformation-digitale\/#breadcrumb"},"inLanguage":"fr-FR","potentialAction":[{"@type":"ReadAction","target":["https:\/\/visionarymarketing.com\/fr\/2015\/03\/17\/cdo-transformation-digitale\/"]}]},{"@type":"ImageObject","inLanguage":"fr-FR","@id":"https:\/\/visionarymarketing.com\/fr\/2015\/03\/17\/cdo-transformation-digitale\/#primaryimage","url":"https:\/\/visionarymarketing.com\/wp-content\/uploads\/2022\/07\/heavy-lifting_40821-e1658466318923.jpg","contentUrl":"https:\/\/visionarymarketing.com\/wp-content\/uploads\/2022\/07\/heavy-lifting_40821-e1658466318923.jpg","width":519,"height":340},{"@type":"BreadcrumbList","@id":"https:\/\/visionarymarketing.com\/fr\/2015\/03\/17\/cdo-transformation-digitale\/#breadcrumb","itemListElement":[{"@type":"ListItem","position":1,"name":"Home","item":"https:\/\/visionarymarketing.com\/fr\/"},{"@type":"ListItem","position":2,"name":"Le CDO et la \u00ab\u00a0lourde t\u00e2che\u00a0\u00bb de la transformation digitale"}]},{"@type":"WebSite","@id":"https:\/\/visionarymarketing.com\/fr\/#website","url":"https:\/\/visionarymarketing.com\/fr\/","name":"Marketing and Innovation","description":"Site d&#039;infos ind\u00e9pendant, depuis 1996","potentialAction":[{"@type":"SearchAction","target":{"@type":"EntryPoint","urlTemplate":"https:\/\/visionarymarketing.com\/fr\/?s={search_term_string}"},"query-input":{"@type":"PropertyValueSpecification","valueRequired":true,"valueName":"search_term_string"}}],"inLanguage":"fr-FR"},{"@type":"Person","@id":"https:\/\/visionarymarketing.com\/fr\/#\/schema\/person\/3754fee1e558f47b8deb46f53c37423e","name":"Yann Gourvennec","image":{"@type":"ImageObject","inLanguage":"fr-FR","@id":"https:\/\/secure.gravatar.com\/avatar\/5972001801e8de5692a3e31224e85769f50a55fb8b679749f9c8d1868cceff14?s=96&d=initials&r=g&initials=yg","url":"https:\/\/secure.gravatar.com\/avatar\/5972001801e8de5692a3e31224e85769f50a55fb8b679749f9c8d1868cceff14?s=96&d=initials&r=g&initials=yg","contentUrl":"https:\/\/secure.gravatar.com\/avatar\/5972001801e8de5692a3e31224e85769f50a55fb8b679749f9c8d1868cceff14?s=96&d=initials&r=g&initials=yg","caption":"Yann Gourvennec"},"description":"Yann Gourvennec created visionarymarketing.com in 1996. He is a speaker and author of many books. In 2014 he went from intrapreneur to entrepreneur, when he created his digital marketing agency. Yann Gourvennec a cr\u00e9\u00e9 visionarymarketing.com en 1996. Il est conf\u00e9rencier et auteur de plusieurs livres. En 2014, il est pass\u00e9 d'intrapreneur \u00e0 entrepreneur en cr\u00e9ant son agence de marketing num\u00e9rique.","sameAs":["https:\/\/visionarymarketing.com","http:\/\/facebook.com\/ygourven","http:\/\/linkedin.com\/in\/ygourven","https:\/\/x.com\/ygourven","https:\/\/www.youtube.com\/c\/visionarymarketingagency"],"url":"https:\/\/visionarymarketing.com\/fr\/author\/yann-gourvennec\/"}]}},"_links":{"self":[{"href":"https:\/\/visionarymarketing.com\/fr\/wp-json\/wp\/v2\/posts\/17189","targetHints":{"allow":["GET"]}}],"collection":[{"href":"https:\/\/visionarymarketing.com\/fr\/wp-json\/wp\/v2\/posts"}],"about":[{"href":"https:\/\/visionarymarketing.com\/fr\/wp-json\/wp\/v2\/types\/post"}],"author":[{"embeddable":true,"href":"https:\/\/visionarymarketing.com\/fr\/wp-json\/wp\/v2\/users\/2"}],"replies":[{"embeddable":true,"href":"https:\/\/visionarymarketing.com\/fr\/wp-json\/wp\/v2\/comments?post=17189"}],"version-history":[{"count":0,"href":"https:\/\/visionarymarketing.com\/fr\/wp-json\/wp\/v2\/posts\/17189\/revisions"}],"wp:featuredmedia":[{"embeddable":true,"href":"https:\/\/visionarymarketing.com\/fr\/wp-json\/wp\/v2\/media\/70681"}],"wp:attachment":[{"href":"https:\/\/visionarymarketing.com\/fr\/wp-json\/wp\/v2\/media?parent=17189"}],"wp:term":[{"taxonomy":"category","embeddable":true,"href":"https:\/\/visionarymarketing.com\/fr\/wp-json\/wp\/v2\/categories?post=17189"},{"taxonomy":"post_tag","embeddable":true,"href":"https:\/\/visionarymarketing.com\/fr\/wp-json\/wp\/v2\/tags?post=17189"}],"curies":[{"name":"wp","href":"https:\/\/api.w.org\/{rel}","templated":true}]}}