{"id":16911,"date":"2015-01-13T08:57:34","date_gmt":"2015-01-13T07:57:34","guid":{"rendered":"http:\/\/visionarymarketing.fr\/blog\/?p=16911"},"modified":"2021-12-13T10:36:14","modified_gmt":"2021-12-13T09:36:14","slug":"transformation-digitale-de-la-presse","status":"publish","type":"post","link":"https:\/\/visionarymarketing.com\/fr\/2015\/01\/13\/transformation-digitale-de-la-presse\/","title":{"rendered":"Transformation digitale de la presse : la guerre du num\u00e9rique n\u2019aura pas lieu"},"content":{"rendered":"<p><i>Voici notre analyse de la transformation digitale de la presse. S\u2019il y a bien un secteur qui a \u00e9t\u00e9 transform\u00e9 depuis l\u2019apparition du digital, c\u2019est bien celui de la presse. Pourtant maintes fois annonc\u00e9e, la disparition du papier n\u2019est sans doute plus \u00e0 l\u2019ordre du jour, comme en t\u00e9moigne l\u2019exemple de l\u2019hebdomadaire am\u00e9ricain <\/i><a style=\"font-style: italic;\" title=\"Newsweek\" href=\"http:\/\/fr.wikipedia.org\/wiki\/Newsweek\" target=\"_blank\" rel=\"noopener noreferrer\">Newsweek<\/a><i>, pass\u00e9 au 100% digital fin 2012, mais <\/i><a style=\"font-style: italic;\" title=\"Newsweek de retour en kiosque\" href=\"http:\/\/www.lemonde.fr\/actualite-medias\/article\/2014\/03\/05\/newsweek-de-retour-en-kiosque-plus-d-un-an-apres-sa-disparition_4378249_3236.html\" target=\"_blank\" rel=\"noopener noreferrer\">de retour en kiosque en mars 2014<\/a><i>. La guerre du papier contre le digital n\u2019aura donc pas lieu. Sans doute faute, pour la presse, d\u2019avoir trouv\u00e9 un mod\u00e8le \u00e9conomique viable de substitution. Bien au contraire, la <\/i><a style=\"font-style: italic;\" title=\"Transformation digitale : mythe et r\u00e9alit\u00e9s au-del\u00e0 du gadget\" href=\"https:\/\/visionarymarketing.com\/fr\/2014\/05\/transformation-digitale-gadget\/\" target=\"_blank\" rel=\"noopener noreferrer\">transformation digitale des entreprises<\/a><i> de presse ouvre de nombreuses opportunit\u00e9s aux \u00e9diteurs\u00a0: r\u00e9duction des co\u00fbts gr\u00e2ce \u00e0 la refonte des process de production de l\u2019info, davantage de proximit\u00e9 avec les lecteurs et une plus forte r\u00e9activit\u00e9 \u00e0 leurs attentes, notamment. Pour faire le point sur ces \u00e9volutions de la presse, nous avons rencontr\u00e9 <\/i><span class=\"removed_link\" style=\"font-style: italic;\" title=\"https:\/\/www.linkedin.com\/pub\/briquet-aurelien\/17\/84a\/26a\">Aur\u00e9lien Briquet<\/span><i>, responsable technique digital de Mondadori France. Son m\u00e9tier\u00a0: r\u00e9pondre, avec son \u00e9quipe de d\u00e9veloppeurs, aux besoins digitaux du groupe.<\/i><\/p>\n<h2>Transformation digitale de la presse : la guerre du num\u00e9rique n\u2019aura pas lieu<\/h2>\n<figure id=\"attachment_9508\" aria-describedby=\"caption-attachment-9508\" style=\"width: 519px\" class=\"wp-caption aligncenter\"><img decoding=\"async\" class=\"wp-image-9508 size-full\" src=\"https:\/\/visionarymarketing.com\/wp-content\/uploads\/2018\/07\/19411289594_a4f1919d35_z-e1597997099325.jpg\" alt=\"Transformation digitale de la presse : la guerre du num\u00e9rique n\u2019aura pas lieu\" width=\"519\" height=\"340\" \/><figcaption id=\"caption-attachment-9508\" class=\"wp-caption-text\">Transformation digitale de la presse : la guerre du num\u00e9rique n\u2019aura pas lieu<\/figcaption><\/figure>\n<p><!--more--><\/p>\n<hr \/>\n<p><img decoding=\"async\" class=\"alignleft\" title=\"icontransparence-small.png\" src=\"https:\/\/visionarymarketing.com\/wp-content\/uploads\/2014\/12\/icontransparence-small1.png\" alt=\"Transparence\" width=\"51\" height=\"80\" border=\"0\" \/>Transparence : ce dossier est \u00e9crit pour le compte de notre client <a title=\"EZ\" href=\"http:\/\/ez.no\/\" target=\"_blank\" rel=\"noopener noreferrer\">eZ Systems<\/a>. Tout dans ce billet a \u00e9t\u00e9 trait\u00e9 exactement de la m\u00eame mani\u00e8re qu&rsquo;\u00e0 l&rsquo;habitude, avec l&rsquo;objectif de fournir un contenu de valeur, de qualit\u00e9 et innovant. Ce dossier est orient\u00e9 sur les innovations marketing Internet bas\u00e9es sur la solution <a title=\"EZ publish\" href=\"http:\/\/fr.wikipedia.org\/wiki\/EZ_Publish\" target=\"_blank\" rel=\"noopener noreferrer\">eZ Publish<\/a>. Notre pass\u00e9 en tant que client de cette solution nous a convaincu de la n\u00e9cessit\u00e9 d\u2019\u00e9laborer ce dossier du fait du caract\u00e8re innovant et qualitatif de cette plateforme, afin de faire d\u00e9couvrir des sites Web bas\u00e9s sur cette solution et de d\u00e9crire le m\u00e9tier des responsables Web qui g\u00e8rent leurs sites d\u2019entreprise au quotidien. Toutes les opinions exprim\u00e9es dans ce billet sont celles de son auteur.<\/p>\n<hr \/>\n<p>Troisi\u00e8me groupe de presse magazine fran\u00e7ais, <span class=\"removed_link\" title=\"http:\/\/www.mondadori.fr\/index.html\">Mondadori France<\/span> \u00e9dite une trentaine de titres dans l\u2019hexagone dont les plus connus sont, entre autres, <a title=\"Transformation digitale Closer\" href=\"http:\/\/www.closermag.fr\" target=\"_blank\" rel=\"noopener noreferrer\">Closer<\/a>, <a title=\"Transformation digitale - Grazia\" href=\"http:\/\/www.grazia.fr\" target=\"_blank\" rel=\"noopener noreferrer\">Grazia<\/a>, <a title=\"transformation digitale - t\u00e9l\u00e9satar\" href=\"http:\/\/www.telestar.fr\" target=\"_blank\" rel=\"noopener noreferrer\">T\u00e9l\u00e9star<\/a>, <a title=\"Transformation digitale - Auto Plus\" href=\"http:\/\/www.autoplus.fr\" target=\"_blank\" rel=\"noopener noreferrer\">Auto Plus<\/a>, <a title=\"Transformation digitale - Science &amp; Vie\" href=\"http:\/\/www.science-et-vie.com\" target=\"_blank\" rel=\"noopener noreferrer\">Science &amp; Vie<\/a>\u2026 Le groupe s\u2019est engag\u00e9 avec succ\u00e8s sur la voie de la transformation digitale.<\/p>\n<p><a href=\"https:\/\/visionarymarketing.com\/wp-content\/uploads\/2015\/01\/Screenshot_099.png\"><img decoding=\"async\" class=\"aligncenter wp-image-16921 size-full\" src=\"https:\/\/visionarymarketing.com\/wp-content\/uploads\/2015\/01\/Screenshot_099.png\" alt=\"Transformation digitale de la presse : la guerre du num\u00e9rique n\u2019aura pas lieu\" width=\"981\" height=\"366\" srcset=\"https:\/\/visionarymarketing.com\/wp-content\/uploads\/2015\/01\/Screenshot_099.png 981w, https:\/\/visionarymarketing.com\/wp-content\/uploads\/2015\/01\/Screenshot_099-500x187.png 500w, https:\/\/visionarymarketing.com\/wp-content\/uploads\/2015\/01\/Screenshot_099-768x287.png 768w, https:\/\/visionarymarketing.com\/wp-content\/uploads\/2015\/01\/Screenshot_099-300x112.png 300w\" sizes=\"(max-width: 981px) 100vw, 981px\" \/><\/a><\/p>\n<h2><strong>Installer une chaine digitale de production de contenus pour tous les supports<\/strong><\/h2>\n<p>Premier signe de la<strong> transformation digitale des r\u00e9dactions du groupe<\/strong>, Mondadori a mis en place un outil commun, permettant \u00e0 chaque journaliste de cr\u00e9er du contenu pour diff\u00e9rentes marques du groupe et diff\u00e9rents canaux de distribution, que ce soit pour le print ou le digital.<\/p>\n<p>\u00ab\u00a0<em>C\u2019est un virage difficile \u00e0 prendre\u00a0: on a de vieilles habitudes dans la presse magazine. Or il s\u2019agit ici de nouveaux usages et cela constitue \u00e9galement une revue des flux de travail notamment au niveau des relectures. Les \u00e9tapes traditionnelles de la chaine du print ont \u00e9t\u00e9 revues et int\u00e9gr\u00e9es directement dans un outil central pour permettre aux r\u00e9dacteurs de diffuser leurs informations sur diff\u00e9rents titres et supports.<\/em>\u00bb, nous explique Aur\u00e9lien Briquet.<\/p>\n<p>Au-del\u00e0 de l\u2019outil, cela pose d\u2019abord la question de l\u2019humain. Aux premiers pas du digital dans la presse, il \u00e9tait courant de voir cohabiter deux r\u00e9dactions, l\u2019une pour le <em>print<\/em>, la seconde pour le digital. Une strat\u00e9gie qui, en termes de ressources humaines, se traduisait par le recrutement de profils diff\u00e9rents, fond\u00e9es sur la maitrise de comp\u00e9tences digitales. Une strat\u00e9gie qui avait le double inconv\u00e9nient d\u2019augmenter les co\u00fbts sans v\u00e9ritables recettes compensatoires, d\u2019une part, et de se traduire souvent par une certaine opposition des deux r\u00e9dactions, d\u2019autre part. Une situation qui a \u00e9volu\u00e9 avec l\u2019engagement de la presse sur la voie de la transformation digitale.<br \/>\n<img decoding=\"async\" class=\"aligncenter wp-image-16916 size-full\" src=\"https:\/\/visionarymarketing.com\/wp-content\/uploads\/2015\/01\/Screenshot_098.png\" alt=\"Transformation digitale de la presse : la guerre du num\u00e9rique n\u2019aura pas lieu\" width=\"676\" height=\"608\" srcset=\"https:\/\/visionarymarketing.com\/wp-content\/uploads\/2015\/01\/Screenshot_098.png 676w, https:\/\/visionarymarketing.com\/wp-content\/uploads\/2015\/01\/Screenshot_098-334x300.png 334w, https:\/\/visionarymarketing.com\/wp-content\/uploads\/2015\/01\/Screenshot_098-300x270.png 300w\" sizes=\"(max-width: 676px) 100vw, 676px\" \/><br \/>\nChez Mondadori, Aur\u00e9lien Briquet nous explique que la mutation s\u2019est op\u00e9r\u00e9e sur un temps assez long. \u00ab\u00a0<em>Diff\u00e9rentes actions ont \u00e9t\u00e9 entreprises. Dans un premier temps les r\u00e9dactions web qui d\u00e9pendaient de la direction digitale ont \u00e9t\u00e9 compl\u00e8tement r\u00e9int\u00e9gr\u00e9es au sein des r\u00e9dactions papier. Ensuite tout un plan d\u2019accompagnement et de formation a \u00e9t\u00e9 r\u00e9alis\u00e9, notamment avec des partenaires comme l\u2019Ecole Sup\u00e9rieure de Journalisme qui vient expliquer \u00e0 des personnes qui sont anciennement \u00ab\u00a0print\u00a0\u00bb la fa\u00e7on d\u2019orienter la r\u00e9daction pour qu\u2019elle puisse \u00eatre \u00e9galement exploit\u00e9e sur le web. Il y a tout un travail d\u2019accompagnement des r\u00e9dacteurs fait au fur et \u00e0 mesure du passage des r\u00e9dactions sur ce nouvel ensemble de technologies.<\/em>\u00a0\u00bb<\/p>\n<h2><strong>Un mod\u00e8le multi-canal de diffusion de l\u2019information<\/strong><\/h2>\n<p>\u00ab\u00a0<em>Nos plateformes de diffusion de contenu sont toutes branch\u00e9es sur notre outil de saisie de contenus, qu\u2019il s\u2019agisse des outils qui permettent la composition de nos publications papier, de nos sites web ou de nos applications mobiles. Les contenus sont alors adapt\u00e9s aux caract\u00e9ristiques propres des diff\u00e9rents canaux de diffusion. Il y a des notions qui existent sur le web qui n\u2019existent pas dans le print, et inversement. Toutefois, tous les contenus sont travaill\u00e9s de fa\u00e7on \u00e0 \u00eatre exploitables sur l\u2019ensemble des canaux.\u00a0<\/em>\u00bb<\/p>\n<p>Pour la gestion de sa pr\u00e9sence digitale, Mondadori a choisi la solution <a title=\"eZ publish solution de content management\" href=\"http:\/\/ez.no\/fr\">eZ Publish<\/a>. L\u2019ensemble des sites est d\u00e9velopp\u00e9 avec ce <a title=\"Content Management System - Syst\u00e8me de Gestion de Contenu\" href=\"http:\/\/fr.wikipedia.org\/wiki\/Syst\u00e8me_de_gestion_de_contenu\" target=\"_blank\" rel=\"noopener noreferrer\">CMS <\/a>et sont d\u00e9clin\u00e9s en responsive design pour une meilleure exp\u00e9rience de navigation sur les terminaux mobiles. \u00ab\u00a0<em>C\u2019est aussi depuis <a href=\"https:\/\/web.archive.org\/web\/20201126092758\/https:\/\/www.ibexa.co\/fr\/produits\/fonctionnalites\/moteur-de-contenu\" target=\"_blank\" rel=\"noopener noreferrer\">EZ Publish<\/a> que nous alimentons nos applications mobiles au travers de flux qui sont envoy\u00e9s vers nos applications mobiles ou nos partenaires avec lesquels nous sommes affili\u00e9s, comme free et Yahoo<\/em>\u00a0\u00bb compl\u00e8te Aur\u00e9lien Briquet. Le choix d\u2019eZ Publish s\u2019est impos\u00e9 facilement\u00a0: \u00ab\u00a0<em>C\u2019est une solution que nous connaissions, que l\u2019on utilisait pour certains sites. C\u2019est un outil reconnu sur le march\u00e9 de la presse, avec une structure, <a href=\"https:\/\/www.ibexa.co\/fr\/services\" target=\"_blank\" rel=\"noopener noreferrer\">eZ Systems qui permet d\u2019avoir le support d\u2019un \u00e9diteur<\/a> par rapport \u00e0 d\u2019autres solutions qui ne sont pas forc\u00e9ment adoss\u00e9es \u00e0 une telle structure.\u00a0<\/em>\u00bb<\/p>\n<p>Mondadori a \u00e9galement mis en place une \u00e9quipe d\u00e9di\u00e9e de deux personnes qui sont en charge des r\u00e9seaux sociaux et de la diffusion des contenus sur les diff\u00e9rents espaces sociaux d\u00e9ploy\u00e9s par le groupe. Les journalistes sont \u00e9galement form\u00e9es \u00e0 cette mise en \u0153uvre sur les m\u00e9dias sociaux.<\/p>\n<h2><strong>Davantage de r\u00e9activit\u00e9 par rapport aux attentes des lecteurs<\/strong><\/h2>\n<p>Parmi les fonctionnalit\u00e9s et options propos\u00e9es par eZ Publish, Mondadori utilise eZ Live Viewer, une solution d\u2019analytique innovante et performante. \u00ab\u00a0<em>Cela nous permet, par exemple de suivre en temps r\u00e9el la consultation des contenus par rapport \u00e0 diff\u00e9rents indicateurs, comme le positionnement, que l\u2019on peut retrouver dans Live Viewer. Cela permet de manager son \u00e9quipe, voir les choses qui fonctionnement et mettre en place les contenus.<\/em>\u00a0<em>Il y a une <strong>interaction en temps r\u00e9el entre le lecteur et la r\u00e9daction<\/strong>. Le digital c\u2019est aussi le fonctionnement en temps r\u00e9el<\/em>. \u00bb, indique Aur\u00e9lien Briquet.<\/p>\n<figure id=\"attachment_16918\" aria-describedby=\"caption-attachment-16918\" style=\"width: 462px\" class=\"wp-caption aligncenter\"><a href=\"https:\/\/visionarymarketing.com\/wp-content\/uploads\/2015\/01\/eZLiveViewer.png\"><img decoding=\"async\" class=\"wp-image-16918 size-full\" title=\"transformation digitale : g\u00e9rer la performance de votre contenu en temps r\u00e9el avec eZ live Viewer \" src=\"https:\/\/visionarymarketing.com\/wp-content\/uploads\/2015\/01\/eZLiveViewer.png\" alt=\"eZ Live Viewer\" width=\"462\" height=\"240\" srcset=\"https:\/\/visionarymarketing.com\/wp-content\/uploads\/2015\/01\/eZLiveViewer.png 462w, https:\/\/visionarymarketing.com\/wp-content\/uploads\/2015\/01\/eZLiveViewer-300x156.png 300w\" sizes=\"(max-width: 462px) 100vw, 462px\" \/><\/a><figcaption id=\"caption-attachment-16918\" class=\"wp-caption-text\">eZ Live Viewer fournit des informations sur la performance de votre contenu en temps r\u00e9el<\/figcaption><\/figure>\n<p>&nbsp;<\/p>\n<p>Pouvoir disposer ainsi des <em>feed back<\/em> de l\u2019audience en temps r\u00e9el est particuli\u00e8rement pr\u00e9cieux pour un \u00e9diteur de presse. C\u2019est un des b\u00e9n\u00e9fices de la transformation digitale. A titre de comparaison, un mensuel papier est boucl\u00e9 un mois avant sa date de parution en kiosque, et il faut attendre deux mois apr\u00e8s sa sortie pour disposer de chiffres quant-\u00e0 sa diffusion. Il y a donc un d\u00e9lai de trois mois pour r\u00e9cup\u00e9rer de l\u2019information pertinente par rapport \u00e0 ce qui a \u00e9t\u00e9 \u00e9crit. Alors qu\u2019avec <em>Live Viewer<\/em>, cette information est disponible en temps r\u00e9el. \u00ab\u00a0<em>Nous avons augment\u00e9 notre audience globale gr\u00e2ce \u00e0 cet outil. Les performances du site Closer sont tr\u00e8s bonnes\u00a0; nous sommes sur une croissance continue. Cela reste notre site le plus fr\u00e9quent\u00e9. C\u2019est vrai que cet outil de pilotage nous aide grandement dans cette \u00e9volution de notre audience.\u00a0<\/em>\u00bb<\/p>\n<h2><strong>La transformation digitale n\u2019a pas encore transform\u00e9 le mod\u00e8le \u00e9conomique<\/strong><\/h2>\n<p>Dans le domaine de la presse, la question du mod\u00e8le \u00e9conomique demeure ouverte. Malgr\u00e9 de nombreuses tentatives, partout dans le monde, aucun mod\u00e8le de substitution n\u2019est parvenu \u00e0 s\u2019imposer. \u00ab\u00a0<em>Nous restons pour l\u2019instant sur un mod\u00e8le tr\u00e8s traditionnel. Nous essayons de rentabiliser nos sites avec la publicit\u00e9 qui y est diffus\u00e9e. Mais c\u2019est un peu difficile avec l\u2019\u00e9mergence des bloqueurs de publicit\u00e9 (plugins type AdBlockPlus) qui sont de plus en plus pr\u00e9sents sur les diff\u00e9rents\u00a0syst\u00e8mes. Nous n\u2019avons pas encore fait le choix du contenu payant ni des solutions premium. Cela n\u2019est pas forc\u00e9ment adapt\u00e9 \u00e0 nos contenus, nos magazines et nos marques. Nous restons sur un sch\u00e9ma traditionnel, avec en plus la consultation payante d\u2019archives.\u00a0Nous compl\u00e9tons cela par du partenariat, de l\u2019affiliation avec des plateformes de services, de la vente de produits, des services\u2026<\/em>\u00bb, souligne Aur\u00e9lien Briquet.<\/p>\n<h2><strong>Quelles \u00e9volutions dans les prochains mois ?<\/strong><\/h2>\n<p>Interrog\u00e9 sur les tendances pour les mois et les ann\u00e9es \u00e0 venir au niveau digital pour la presse, le responsable technique de Mondadori reste prudent\u00a0: \u00ab\u00a0pour Mondadori, ce sera d\u2019asseoir cette politique de digitalisation de nos marques et avoir une v\u00e9ritable pr\u00e9sence renforc\u00e9e de nos marques sur le digital. Nous avons un r\u00e9el d\u00e9ficit par rapport \u00e0 la concurrence qui s\u2019explique par notre historique. Nous allons nous repositionner pour \u00eatre pr\u00e9sent de mani\u00e8re plus pertinente sur le digital. Le but n\u2019est pas d\u2019avoir un site brand\u00e9 avec le logo d\u2019une de nos marques, mais d\u2019avoir un site qui fait de l\u2019audience. Et pour que le site fasse de l\u2019audience, il faut du contenu, c\u2019et le nerf de la guerre. C\u2019est aussi pour cela qu\u2019il y a cette politique de digitalisation.<\/p>\n<p>On essaie tout de m\u00eame de garder un \u0153il sur ce qui se fait et notre capacit\u00e9 \u00e0 mettre en \u0153uvre des choses innovantes. Nous effectuons un minimum de veille et nous suivons les bonnes pratiques et les bons choix technologiques r\u00e9alis\u00e9s. Mais le contenu et sa d\u00e9clinaison au sein des diff\u00e9rents canaux digitaux restent au centre de nos pr\u00e9occupations.\u00a0\u00bb<\/p>\n","protected":false},"excerpt":{"rendered":"<p>Voici notre analyse de la transformation digitale de la presse. S\u2019il y a bien un secteur qui a \u00e9t\u00e9 transform\u00e9 depuis l\u2019apparition du digital, c\u2019est bien celui de la presse. Pourtant maintes fois annonc\u00e9e, la disparition du papier n\u2019est sans doute plus \u00e0 l\u2019ordre du jour, comme en t\u00e9moigne l\u2019exemple de l\u2019hebdomadaire am\u00e9ricain Newsweek, pass\u00e9 &hellip;<\/p>\n","protected":false},"author":28,"featured_media":34065,"comment_status":"open","ping_status":"open","sticky":false,"template":"","format":"standard","meta":{"footnotes":""},"categories":[2808],"tags":[],"class_list":["post-16911","post","type-post","status-publish","format-standard","has-post-thumbnail","hentry","category-transformation-digitale"],"yoast_head":"<!-- This site is optimized with the Yoast SEO plugin v27.5 - https:\/\/yoast.com\/product\/yoast-seo-wordpress\/ -->\n<title>Transformation digitale de la presse la guerre du num\u00e9rique n\u2019aura pas lieu<\/title>\n<meta name=\"description\" content=\"Voici notre analyse de la transformation digitale de la presse. La presse n&#039;a pas trouv\u00e9 de mod\u00e8le \u00e9conomique de substitution viable\" \/>\n<meta name=\"robots\" content=\"index, follow, max-snippet:-1, max-image-preview:large, max-video-preview:-1\" \/>\n<link rel=\"canonical\" href=\"https:\/\/visionarymarketing.com\/fr\/2015\/01\/13\/transformation-digitale-de-la-presse\/\" \/>\n<meta property=\"og:locale\" content=\"fr_FR\" \/>\n<meta property=\"og:type\" content=\"article\" \/>\n<meta property=\"og:title\" content=\"Transformation digitale de la presse : la guerre du papier et du num\u00e9rique n\u2019aura pas lieu\" \/>\n<meta property=\"og:description\" content=\"S\u2019il y a bien un secteur qui s\u2019est vu transform\u00e9 depuis l\u2019apparition du digital, c\u2019est bien celui de la presse. Pourtant maintes fois annonc\u00e9e, la disparition du papier n\u2019est sans doute plus \u00e0 l\u2019ordre du jour. La guerre du papier contre le digital n\u2019aura donc pas lieu.\" \/>\n<meta property=\"og:url\" content=\"https:\/\/visionarymarketing.com\/fr\/2015\/01\/13\/transformation-digitale-de-la-presse\/\" \/>\n<meta property=\"og:site_name\" content=\"Marketing and Innovation\" \/>\n<meta property=\"article:publisher\" content=\"https:\/\/www.facebook.com\/vismktg\" \/>\n<meta property=\"article:author\" content=\"https:\/\/www.facebook.com\/frederic.chevalier\" \/>\n<meta property=\"article:published_time\" content=\"2015-01-13T07:57:34+00:00\" \/>\n<meta property=\"article:modified_time\" content=\"2021-12-13T09:36:14+00:00\" \/>\n<meta property=\"og:image\" content=\"https:\/\/visionarymarketing.com\/wp-content\/uploads\/2019\/11\/47991153671_3335ccd665_c.jpg\" \/>\n\t<meta property=\"og:image:width\" content=\"644\" \/>\n\t<meta property=\"og:image:height\" content=\"430\" \/>\n\t<meta property=\"og:image:type\" content=\"image\/jpeg\" \/>\n<meta name=\"author\" content=\"Fr\u00e9d\u00e9ric-Michel Chevalier\" \/>\n<meta name=\"twitter:card\" content=\"summary_large_image\" \/>\n<meta name=\"twitter:title\" content=\"Transformation digitale de la presse : la guerre du papier et du num\u00e9rique n\u2019aura pas lieu - Par @fmchevalier\" \/>\n<meta name=\"twitter:description\" content=\"S\u2019il y a bien un secteur qui s\u2019est vu transform\u00e9 depuis l\u2019apparition du digital, c\u2019est bien celui de la presse. Pourtant maintes fois annonc\u00e9e, la disparition du papier n\u2019est sans doute plus \u00e0 l\u2019ordre du jour. La guerre du papier contre le digital n\u2019aura donc pas lieu.\" \/>\n<meta name=\"twitter:creator\" content=\"@fmchevalier\" \/>\n<meta name=\"twitter:site\" content=\"@ygourven\" \/>\n<meta name=\"twitter:label1\" content=\"\u00c9crit par\" \/>\n\t<meta name=\"twitter:data1\" content=\"Fr\u00e9d\u00e9ric-Michel Chevalier\" \/>\n\t<meta name=\"twitter:label2\" content=\"Dur\u00e9e de lecture estim\u00e9e\" \/>\n\t<meta name=\"twitter:data2\" content=\"9 minutes\" \/>\n<script type=\"application\/ld+json\" class=\"yoast-schema-graph\">{\"@context\":\"https:\\\/\\\/schema.org\",\"@graph\":[{\"@type\":\"NewsArticle\",\"@id\":\"https:\\\/\\\/visionarymarketing.com\\\/fr\\\/2015\\\/01\\\/13\\\/transformation-digitale-de-la-presse\\\/#article\",\"isPartOf\":{\"@id\":\"https:\\\/\\\/visionarymarketing.com\\\/fr\\\/2015\\\/01\\\/13\\\/transformation-digitale-de-la-presse\\\/\"},\"author\":{\"name\":\"Fr\u00e9d\u00e9ric-Michel Chevalier\",\"@id\":\"https:\\\/\\\/visionarymarketing.com\\\/fr\\\/#\\\/schema\\\/person\\\/702628dbbc5659aa2667105f30c61fcd\"},\"headline\":\"Transformation digitale de la presse : la guerre du num\u00e9rique n\u2019aura pas lieu\",\"datePublished\":\"2015-01-13T07:57:34+00:00\",\"dateModified\":\"2021-12-13T09:36:14+00:00\",\"mainEntityOfPage\":{\"@id\":\"https:\\\/\\\/visionarymarketing.com\\\/fr\\\/2015\\\/01\\\/13\\\/transformation-digitale-de-la-presse\\\/\"},\"wordCount\":1804,\"commentCount\":5,\"image\":{\"@id\":\"https:\\\/\\\/visionarymarketing.com\\\/fr\\\/2015\\\/01\\\/13\\\/transformation-digitale-de-la-presse\\\/#primaryimage\"},\"thumbnailUrl\":\"https:\\\/\\\/visionarymarketing.com\\\/wp-content\\\/uploads\\\/2019\\\/11\\\/47991153671_3335ccd665_c.jpg\",\"articleSection\":[\"Transformation\"],\"inLanguage\":\"fr-FR\",\"potentialAction\":[{\"@type\":\"CommentAction\",\"name\":\"Comment\",\"target\":[\"https:\\\/\\\/visionarymarketing.com\\\/fr\\\/2015\\\/01\\\/13\\\/transformation-digitale-de-la-presse\\\/#respond\"]}]},{\"@type\":\"WebPage\",\"@id\":\"https:\\\/\\\/visionarymarketing.com\\\/fr\\\/2015\\\/01\\\/13\\\/transformation-digitale-de-la-presse\\\/\",\"url\":\"https:\\\/\\\/visionarymarketing.com\\\/fr\\\/2015\\\/01\\\/13\\\/transformation-digitale-de-la-presse\\\/\",\"name\":\"Transformation digitale de la presse la guerre du num\u00e9rique n\u2019aura pas lieu\",\"isPartOf\":{\"@id\":\"https:\\\/\\\/visionarymarketing.com\\\/fr\\\/#website\"},\"primaryImageOfPage\":{\"@id\":\"https:\\\/\\\/visionarymarketing.com\\\/fr\\\/2015\\\/01\\\/13\\\/transformation-digitale-de-la-presse\\\/#primaryimage\"},\"image\":{\"@id\":\"https:\\\/\\\/visionarymarketing.com\\\/fr\\\/2015\\\/01\\\/13\\\/transformation-digitale-de-la-presse\\\/#primaryimage\"},\"thumbnailUrl\":\"https:\\\/\\\/visionarymarketing.com\\\/wp-content\\\/uploads\\\/2019\\\/11\\\/47991153671_3335ccd665_c.jpg\",\"datePublished\":\"2015-01-13T07:57:34+00:00\",\"dateModified\":\"2021-12-13T09:36:14+00:00\",\"author\":{\"@id\":\"https:\\\/\\\/visionarymarketing.com\\\/fr\\\/#\\\/schema\\\/person\\\/702628dbbc5659aa2667105f30c61fcd\"},\"description\":\"Voici notre analyse de la transformation digitale de la presse. La presse n'a pas trouv\u00e9 de mod\u00e8le \u00e9conomique de substitution viable\",\"breadcrumb\":{\"@id\":\"https:\\\/\\\/visionarymarketing.com\\\/fr\\\/2015\\\/01\\\/13\\\/transformation-digitale-de-la-presse\\\/#breadcrumb\"},\"inLanguage\":\"fr-FR\",\"potentialAction\":[{\"@type\":\"ReadAction\",\"target\":[\"https:\\\/\\\/visionarymarketing.com\\\/fr\\\/2015\\\/01\\\/13\\\/transformation-digitale-de-la-presse\\\/\"]}]},{\"@type\":\"ImageObject\",\"inLanguage\":\"fr-FR\",\"@id\":\"https:\\\/\\\/visionarymarketing.com\\\/fr\\\/2015\\\/01\\\/13\\\/transformation-digitale-de-la-presse\\\/#primaryimage\",\"url\":\"https:\\\/\\\/visionarymarketing.com\\\/wp-content\\\/uploads\\\/2019\\\/11\\\/47991153671_3335ccd665_c.jpg\",\"contentUrl\":\"https:\\\/\\\/visionarymarketing.com\\\/wp-content\\\/uploads\\\/2019\\\/11\\\/47991153671_3335ccd665_c.jpg\",\"width\":644,\"height\":430,\"caption\":\"Juin 2019\"},{\"@type\":\"BreadcrumbList\",\"@id\":\"https:\\\/\\\/visionarymarketing.com\\\/fr\\\/2015\\\/01\\\/13\\\/transformation-digitale-de-la-presse\\\/#breadcrumb\",\"itemListElement\":[{\"@type\":\"ListItem\",\"position\":1,\"name\":\"Home\",\"item\":\"https:\\\/\\\/visionarymarketing.com\\\/fr\\\/\"},{\"@type\":\"ListItem\",\"position\":2,\"name\":\"Transformation digitale de la presse : la guerre du num\u00e9rique n\u2019aura pas lieu\"}]},{\"@type\":\"WebSite\",\"@id\":\"https:\\\/\\\/visionarymarketing.com\\\/fr\\\/#website\",\"url\":\"https:\\\/\\\/visionarymarketing.com\\\/fr\\\/\",\"name\":\"Marketing and Innovation\",\"description\":\"Site d&#039;infos ind\u00e9pendant, depuis 1996\",\"potentialAction\":[{\"@type\":\"SearchAction\",\"target\":{\"@type\":\"EntryPoint\",\"urlTemplate\":\"https:\\\/\\\/visionarymarketing.com\\\/fr\\\/?s={search_term_string}\"},\"query-input\":{\"@type\":\"PropertyValueSpecification\",\"valueRequired\":true,\"valueName\":\"search_term_string\"}}],\"inLanguage\":\"fr-FR\"},{\"@type\":\"Person\",\"@id\":\"https:\\\/\\\/visionarymarketing.com\\\/fr\\\/#\\\/schema\\\/person\\\/702628dbbc5659aa2667105f30c61fcd\",\"name\":\"Fr\u00e9d\u00e9ric-Michel Chevalier\",\"image\":{\"@type\":\"ImageObject\",\"inLanguage\":\"fr-FR\",\"@id\":\"https:\\\/\\\/secure.gravatar.com\\\/avatar\\\/4ab1cf3b4d72bccf2ed777a49a5a33b3fad2c125686a0114d5e855ecde30f1c1?s=96&d=initials&r=g&initials=fr\",\"url\":\"https:\\\/\\\/secure.gravatar.com\\\/avatar\\\/4ab1cf3b4d72bccf2ed777a49a5a33b3fad2c125686a0114d5e855ecde30f1c1?s=96&d=initials&r=g&initials=fr\",\"contentUrl\":\"https:\\\/\\\/secure.gravatar.com\\\/avatar\\\/4ab1cf3b4d72bccf2ed777a49a5a33b3fad2c125686a0114d5e855ecde30f1c1?s=96&d=initials&r=g&initials=fr\",\"caption\":\"Fr\u00e9d\u00e9ric-Michel Chevalier\"},\"sameAs\":[\"http:\\\/\\\/visionarymarketing.com\",\"https:\\\/\\\/www.facebook.com\\\/frederic.chevalier\",\"https:\\\/\\\/x.com\\\/fmchevalier\"],\"url\":\"https:\\\/\\\/visionarymarketing.com\\\/fr\\\/author\\\/fchevalier\\\/\"}]}<\/script>\n<!-- \/ Yoast SEO plugin. -->","yoast_head_json":{"title":"Transformation digitale de la presse la guerre du num\u00e9rique n\u2019aura pas lieu","description":"Voici notre analyse de la transformation digitale de la presse. La presse n'a pas trouv\u00e9 de mod\u00e8le \u00e9conomique de substitution viable","robots":{"index":"index","follow":"follow","max-snippet":"max-snippet:-1","max-image-preview":"max-image-preview:large","max-video-preview":"max-video-preview:-1"},"canonical":"https:\/\/visionarymarketing.com\/fr\/2015\/01\/13\/transformation-digitale-de-la-presse\/","og_locale":"fr_FR","og_type":"article","og_title":"Transformation digitale de la presse : la guerre du papier et du num\u00e9rique n\u2019aura pas lieu","og_description":"S\u2019il y a bien un secteur qui s\u2019est vu transform\u00e9 depuis l\u2019apparition du digital, c\u2019est bien celui de la presse. Pourtant maintes fois annonc\u00e9e, la disparition du papier n\u2019est sans doute plus \u00e0 l\u2019ordre du jour. La guerre du papier contre le digital n\u2019aura donc pas lieu.","og_url":"https:\/\/visionarymarketing.com\/fr\/2015\/01\/13\/transformation-digitale-de-la-presse\/","og_site_name":"Marketing and Innovation","article_publisher":"https:\/\/www.facebook.com\/vismktg","article_author":"https:\/\/www.facebook.com\/frederic.chevalier","article_published_time":"2015-01-13T07:57:34+00:00","article_modified_time":"2021-12-13T09:36:14+00:00","og_image":[{"width":644,"height":430,"url":"https:\/\/visionarymarketing.com\/wp-content\/uploads\/2019\/11\/47991153671_3335ccd665_c.jpg","type":"image\/jpeg"}],"author":"Fr\u00e9d\u00e9ric-Michel Chevalier","twitter_card":"summary_large_image","twitter_title":"Transformation digitale de la presse : la guerre du papier et du num\u00e9rique n\u2019aura pas lieu - Par @fmchevalier","twitter_description":"S\u2019il y a bien un secteur qui s\u2019est vu transform\u00e9 depuis l\u2019apparition du digital, c\u2019est bien celui de la presse. Pourtant maintes fois annonc\u00e9e, la disparition du papier n\u2019est sans doute plus \u00e0 l\u2019ordre du jour. La guerre du papier contre le digital n\u2019aura donc pas lieu.","twitter_creator":"@fmchevalier","twitter_site":"@ygourven","twitter_misc":{"\u00c9crit par":"Fr\u00e9d\u00e9ric-Michel Chevalier","Dur\u00e9e de lecture estim\u00e9e":"9 minutes"},"schema":{"@context":"https:\/\/schema.org","@graph":[{"@type":"NewsArticle","@id":"https:\/\/visionarymarketing.com\/fr\/2015\/01\/13\/transformation-digitale-de-la-presse\/#article","isPartOf":{"@id":"https:\/\/visionarymarketing.com\/fr\/2015\/01\/13\/transformation-digitale-de-la-presse\/"},"author":{"name":"Fr\u00e9d\u00e9ric-Michel Chevalier","@id":"https:\/\/visionarymarketing.com\/fr\/#\/schema\/person\/702628dbbc5659aa2667105f30c61fcd"},"headline":"Transformation digitale de la presse : la guerre du num\u00e9rique n\u2019aura pas lieu","datePublished":"2015-01-13T07:57:34+00:00","dateModified":"2021-12-13T09:36:14+00:00","mainEntityOfPage":{"@id":"https:\/\/visionarymarketing.com\/fr\/2015\/01\/13\/transformation-digitale-de-la-presse\/"},"wordCount":1804,"commentCount":5,"image":{"@id":"https:\/\/visionarymarketing.com\/fr\/2015\/01\/13\/transformation-digitale-de-la-presse\/#primaryimage"},"thumbnailUrl":"https:\/\/visionarymarketing.com\/wp-content\/uploads\/2019\/11\/47991153671_3335ccd665_c.jpg","articleSection":["Transformation"],"inLanguage":"fr-FR","potentialAction":[{"@type":"CommentAction","name":"Comment","target":["https:\/\/visionarymarketing.com\/fr\/2015\/01\/13\/transformation-digitale-de-la-presse\/#respond"]}]},{"@type":"WebPage","@id":"https:\/\/visionarymarketing.com\/fr\/2015\/01\/13\/transformation-digitale-de-la-presse\/","url":"https:\/\/visionarymarketing.com\/fr\/2015\/01\/13\/transformation-digitale-de-la-presse\/","name":"Transformation digitale de la presse la guerre du num\u00e9rique n\u2019aura pas lieu","isPartOf":{"@id":"https:\/\/visionarymarketing.com\/fr\/#website"},"primaryImageOfPage":{"@id":"https:\/\/visionarymarketing.com\/fr\/2015\/01\/13\/transformation-digitale-de-la-presse\/#primaryimage"},"image":{"@id":"https:\/\/visionarymarketing.com\/fr\/2015\/01\/13\/transformation-digitale-de-la-presse\/#primaryimage"},"thumbnailUrl":"https:\/\/visionarymarketing.com\/wp-content\/uploads\/2019\/11\/47991153671_3335ccd665_c.jpg","datePublished":"2015-01-13T07:57:34+00:00","dateModified":"2021-12-13T09:36:14+00:00","author":{"@id":"https:\/\/visionarymarketing.com\/fr\/#\/schema\/person\/702628dbbc5659aa2667105f30c61fcd"},"description":"Voici notre analyse de la transformation digitale de la presse. La presse n'a pas trouv\u00e9 de mod\u00e8le \u00e9conomique de substitution viable","breadcrumb":{"@id":"https:\/\/visionarymarketing.com\/fr\/2015\/01\/13\/transformation-digitale-de-la-presse\/#breadcrumb"},"inLanguage":"fr-FR","potentialAction":[{"@type":"ReadAction","target":["https:\/\/visionarymarketing.com\/fr\/2015\/01\/13\/transformation-digitale-de-la-presse\/"]}]},{"@type":"ImageObject","inLanguage":"fr-FR","@id":"https:\/\/visionarymarketing.com\/fr\/2015\/01\/13\/transformation-digitale-de-la-presse\/#primaryimage","url":"https:\/\/visionarymarketing.com\/wp-content\/uploads\/2019\/11\/47991153671_3335ccd665_c.jpg","contentUrl":"https:\/\/visionarymarketing.com\/wp-content\/uploads\/2019\/11\/47991153671_3335ccd665_c.jpg","width":644,"height":430,"caption":"Juin 2019"},{"@type":"BreadcrumbList","@id":"https:\/\/visionarymarketing.com\/fr\/2015\/01\/13\/transformation-digitale-de-la-presse\/#breadcrumb","itemListElement":[{"@type":"ListItem","position":1,"name":"Home","item":"https:\/\/visionarymarketing.com\/fr\/"},{"@type":"ListItem","position":2,"name":"Transformation digitale de la presse : la guerre du num\u00e9rique n\u2019aura pas lieu"}]},{"@type":"WebSite","@id":"https:\/\/visionarymarketing.com\/fr\/#website","url":"https:\/\/visionarymarketing.com\/fr\/","name":"Marketing and Innovation","description":"Site d&#039;infos ind\u00e9pendant, depuis 1996","potentialAction":[{"@type":"SearchAction","target":{"@type":"EntryPoint","urlTemplate":"https:\/\/visionarymarketing.com\/fr\/?s={search_term_string}"},"query-input":{"@type":"PropertyValueSpecification","valueRequired":true,"valueName":"search_term_string"}}],"inLanguage":"fr-FR"},{"@type":"Person","@id":"https:\/\/visionarymarketing.com\/fr\/#\/schema\/person\/702628dbbc5659aa2667105f30c61fcd","name":"Fr\u00e9d\u00e9ric-Michel Chevalier","image":{"@type":"ImageObject","inLanguage":"fr-FR","@id":"https:\/\/secure.gravatar.com\/avatar\/4ab1cf3b4d72bccf2ed777a49a5a33b3fad2c125686a0114d5e855ecde30f1c1?s=96&d=initials&r=g&initials=fr","url":"https:\/\/secure.gravatar.com\/avatar\/4ab1cf3b4d72bccf2ed777a49a5a33b3fad2c125686a0114d5e855ecde30f1c1?s=96&d=initials&r=g&initials=fr","contentUrl":"https:\/\/secure.gravatar.com\/avatar\/4ab1cf3b4d72bccf2ed777a49a5a33b3fad2c125686a0114d5e855ecde30f1c1?s=96&d=initials&r=g&initials=fr","caption":"Fr\u00e9d\u00e9ric-Michel Chevalier"},"sameAs":["http:\/\/visionarymarketing.com","https:\/\/www.facebook.com\/frederic.chevalier","https:\/\/x.com\/fmchevalier"],"url":"https:\/\/visionarymarketing.com\/fr\/author\/fchevalier\/"}]}},"_links":{"self":[{"href":"https:\/\/visionarymarketing.com\/fr\/wp-json\/wp\/v2\/posts\/16911","targetHints":{"allow":["GET"]}}],"collection":[{"href":"https:\/\/visionarymarketing.com\/fr\/wp-json\/wp\/v2\/posts"}],"about":[{"href":"https:\/\/visionarymarketing.com\/fr\/wp-json\/wp\/v2\/types\/post"}],"author":[{"embeddable":true,"href":"https:\/\/visionarymarketing.com\/fr\/wp-json\/wp\/v2\/users\/28"}],"replies":[{"embeddable":true,"href":"https:\/\/visionarymarketing.com\/fr\/wp-json\/wp\/v2\/comments?post=16911"}],"version-history":[{"count":0,"href":"https:\/\/visionarymarketing.com\/fr\/wp-json\/wp\/v2\/posts\/16911\/revisions"}],"wp:featuredmedia":[{"embeddable":true,"href":"https:\/\/visionarymarketing.com\/fr\/wp-json\/wp\/v2\/media\/34065"}],"wp:attachment":[{"href":"https:\/\/visionarymarketing.com\/fr\/wp-json\/wp\/v2\/media?parent=16911"}],"wp:term":[{"taxonomy":"category","embeddable":true,"href":"https:\/\/visionarymarketing.com\/fr\/wp-json\/wp\/v2\/categories?post=16911"},{"taxonomy":"post_tag","embeddable":true,"href":"https:\/\/visionarymarketing.com\/fr\/wp-json\/wp\/v2\/tags?post=16911"}],"curies":[{"name":"wp","href":"https:\/\/api.w.org\/{rel}","templated":true}]}}