{"id":16864,"date":"2015-01-08T00:00:50","date_gmt":"2015-01-07T23:00:50","guid":{"rendered":"http:\/\/visionarymarketing.fr\/blog\/?p=16864"},"modified":"2022-12-20T22:37:28","modified_gmt":"2022-12-20T21:37:28","slug":"jesuischarlie","status":"publish","type":"post","link":"https:\/\/visionarymarketing.com\/fr\/2015\/01\/08\/jesuischarlie\/","title":{"rendered":"Bonne ann\u00e9e et solidarit\u00e9 pour la libert\u00e9 d&rsquo;expression #jesuischarlie"},"content":{"rendered":"<p>Nous avons pr\u00e9par\u00e9 cet article avant les tragiques \u00e9v\u00e9nements d&rsquo;hier (voir #jesuischarlie), donc trop tard pour le r\u00e9\u00e9crire et en changer la teneur r\u00e9solument\u00a0tourn\u00e9e vers d&rsquo;autres pr\u00e9occupations. <a href=\"https:\/\/twitter.com\/hashtag\/jesuischarlie\" target=\"_blank\" rel=\"noopener noreferrer\">Les r\u00e9seaux sociaux ont montr\u00e9 hier leur formidable capacit\u00e9 \u00e0 r\u00e9unir des gens de tous les horizons pour une cause juste<\/a> : celle de la libert\u00e9 d&rsquo;expression et du droit \u00e0 la critique et \u00e0 l&rsquo;opinion.<\/p>\n<h2>Bonne ann\u00e9e et solidarit\u00e9 pour la libert\u00e9 d&rsquo;expression #jesuischarlie<\/h2>\n<p><a href=\"https:\/\/visionarymarketing.com\/wp-content\/uploads\/2015\/01\/cartedevoeux2015-small.jpg\"><img decoding=\"async\" class=\"aligncenter wp-image-16865\" src=\"https:\/\/visionarymarketing.com\/wp-content\/uploads\/2015\/01\/cartedevoeux2015-small.jpg\" alt=\"#jesuischarlie Bonne ann\u00e9e et solidarit\u00e9 pour la libert\u00e9 d'expression \" width=\"671\" height=\"446\" srcset=\"https:\/\/visionarymarketing.com\/wp-content\/uploads\/2015\/01\/cartedevoeux2015-small.jpg 850w, https:\/\/visionarymarketing.com\/wp-content\/uploads\/2015\/01\/cartedevoeux2015-small-451x300.jpg 451w, https:\/\/visionarymarketing.com\/wp-content\/uploads\/2015\/01\/cartedevoeux2015-small-768x510.jpg 768w, https:\/\/visionarymarketing.com\/wp-content\/uploads\/2015\/01\/cartedevoeux2015-small-300x199.jpg 300w, https:\/\/visionarymarketing.com\/wp-content\/uploads\/2015\/01\/cartedevoeux2015-small-120x80.jpg 120w\" sizes=\"(max-width: 671px) 100vw, 671px\" \/><\/a><\/p>\n<p>Il va de soi que nous nous associons \u00e0 ce formidable mouvement de solidarit\u00e9 dont il faut juste regretter qu&rsquo;il ait fallu tant de morts pour qu&rsquo;il se soit constitu\u00e9. En quelques heures hier, toute la Toile vibrait au nom de \u00ab\u00a0<a href=\"https:\/\/twitter.com\/hashtag\/jesuischarlie\" target=\"_blank\" rel=\"noopener noreferrer\">Je suis Charlie<\/a>\u00a0\u00bb dans tous les pays du Monde.<!--more--><\/p>\n<p><a href=\"https:\/\/visionarymarketing.com\/wp-content\/uploads\/2015\/01\/charlie1.jpg\"><img decoding=\"async\" class=\"alignleft wp-image-16908 size-thumbnail\" src=\"https:\/\/visionarymarketing.com\/wp-content\/uploads\/2015\/01\/charlie1-150x150.jpg\" alt=\"#jesuischarlie Bonne ann\u00e9e et solidarit\u00e9 pour la libert\u00e9 d'expression \" width=\"150\" height=\"150\" srcset=\"https:\/\/visionarymarketing.com\/wp-content\/uploads\/2015\/01\/charlie1.jpg 150w, https:\/\/visionarymarketing.com\/wp-content\/uploads\/2015\/01\/charlie1-50x50.jpg 50w, https:\/\/visionarymarketing.com\/wp-content\/uploads\/2015\/01\/charlie1-125x125.jpg 125w\" sizes=\"(max-width: 150px) 100vw, 150px\" \/><\/a>Alors, avec l&rsquo;ensemble de la soci\u00e9t\u00e9 civile regroup\u00e9e autour de ce juste combat de la libert\u00e9 et de la libert\u00e9 d&rsquo;expression, faisons tout pour que celles-ci pr\u00e9valent et se d\u00e9veloppent en cette ann\u00e9e 2015 qui finira, on l&rsquo;esp\u00e8re, mieux qu&rsquo;elle aura commenc\u00e9. #jesuischarlie<\/p>\n<p>Nous voil\u00e0 repartis pour une nouvelle ann\u00e9e ! L&rsquo;ann\u00e9e derni\u00e8re n&rsquo;\u00e9tait pas une ann\u00e9e comme les autres :\u00a0<a title=\"Visionary Marketing\" href=\"https:\/\/agence.visionarymarketing.com\/fr\/\">Visionary Marketing est d\u00e9sormais une entreprise<\/a>, cr\u00e9e en f\u00e9vrier dernier. Notre bilan 1 an plus tard : <a title=\"R\u00e9f\u00e9rences clients\" href=\"https:\/\/visionarymarketing.com\/fr\/visionary-marketing\/references-clients-visionary-marketing.html\">nous avons pass\u00e9 la barre des 20 clients<\/a>, nous avons des exp\u00e9riences dans le B2B et le B2C, dans le domaine des t\u00e9l\u00e9com, de la finance, de l&rsquo;alimentaire&#8230;<\/p>\n<p>Il y a \u00e9galement eu un grand travail effectu\u00e9 avec Business &amp;\u00a0Decision dans le domaine des Big Data, <a title=\"Blog B&amp;D Big Data\" href=\"http:\/\/blog.businessdecision.com\/bigdata\/\">avec un blog qui rencontre un franc succ\u00e8s<\/a>, et \u00a0un livre blanc intitul\u00e9 \u00ab\u00a0<a href=\"https:\/\/visionarymarketing.com\/fr\/2014\/10\/big-data-livre-blanc\/\">Du Big Data au Big Business<\/a>\u00ab\u00a0. Nous tenons \u00e0 remercier toutes les personnes qui nous ont fait confiance en cette premi\u00e8re ann\u00e9e : nous poursuivrons notre travail qui \u00e9volue vers ce que l&rsquo;on appelle \u00ab\u00a0la transformation digitale\u00a0\u00bb que nous pr\u00e9f\u00e9rons appeler \u00ab\u00a0la transformation avec\u00a0le digital\u00a0\u00bb, ce qui implique davantage d&rsquo;accompagnement client.<\/p>\n<p>Parmi les projets de ce d\u00e9but d&rsquo;ann\u00e9e 2015, il est impossible de ne pas citer <a title=\"Adetem\" href=\"http:\/\/www.adetem.org\/\">Adetem<\/a> et <a class=\"zem_slink\" title=\"HootSuite\" href=\"http:\/\/hootsuite.com\" target=\"_blank\" rel=\"homepage noopener noreferrer\">Hootsuite<\/a> et leur\u00a0enqu\u00eate \u00e0 \u00e9chelle mondiale que nous pr\u00e9parons depuis plusieurs mois et que nous avons lanc\u00e9 aujourd&rsquo;hui, mardi 6 janvier 2015. Il s&rsquo;agit du premier barom\u00e8tre social media sur la fonction marketing r\u00e9alis\u00e9 avec l&rsquo;Adetem en <a class=\"zem_slink\" title=\"France\" href=\"http:\/\/maps.google.com\/maps?ll=48.8566666667,2.35083333333&amp;spn=10.0,10.0&amp;q=48.8566666667,2.35083333333 (France)&amp;t=h\" target=\"_blank\" rel=\"geolocation noopener noreferrer\">France<\/a>. Il est en\u00a0ligne d\u00e8s aujourd&rsquo;hui,\u00a0et ouvert \u00e0 tous les professionnels du marketing en poste. Vous pouvez acc\u00e9der \u00e0 ce questionnaire <a title=\"Barom\u00e8tre Adetem des r\u00e9seaux sociaux\" href=\"https:\/\/surveymonkey.com\/s\/adetem\">en cliquant sur ce lien<\/a>.<\/p>\n<p><iframe title=\"[Fr]\u00a0Bonne ann\u00e9e 2015 ! de la part de Visionary Marketing\" width=\"500\" height=\"281\" src=\"https:\/\/www.youtube.com\/embed\/4hVBnC-vxQA?feature=oembed\" frameborder=\"0\" allow=\"accelerometer; autoplay; clipboard-write; encrypted-media; gyroscope; picture-in-picture; web-share\" referrerpolicy=\"strict-origin-when-cross-origin\" allowfullscreen><\/iframe><\/p>\n<p>En 2015, les choses risquent d&rsquo;\u00e9voluer dans le monde des m\u00e9dias sociaux, de la communication digitale et de la transformation digitale. Aux \u00c9tats-Unis, le d\u00e9bat actuel est \u00ab\u00a0Est-ce la fin des m\u00e9dias sociaux\u00a0\u00bb, qui est d&rsquo;ailleurs un faux d\u00e9bat car les m\u00e9dias sociaux ne sont pas morts : ils sont partout, et sont bien au del\u00e0 du taux d&rsquo;engagement (qui n&rsquo;int\u00e9resse plus grand monde)&#8230;<\/p>\n<p>Restez donc \u00e0 l&rsquo;\u00e9coute tout au long de cette ann\u00e9es car les choses \u00e9voluent et le monde digital est en mouvement, avec un impact global, notamment dans le monde du travail.<\/p>\n<p>C&rsquo;est l\u00e0 que l&rsquo;on va voir de l&rsquo;innovation dans les 5 prochaines ann\u00e9es. Deloitte annonce une disparition de 30% des jobs au <a class=\"zem_slink\" title=\"United Kingdom\" href=\"http:\/\/maps.google.com\/maps?ll=51.5,-0.116666666667&amp;spn=10.0,10.0&amp;q=51.5,-0.116666666667 (United%20Kingdom)&amp;t=h\" target=\"_blank\" rel=\"geolocation noopener noreferrer\">Royaume-Uni<\/a> dans les dix prochaines ann\u00e9es et c&rsquo;est quelque chose qui va toucher tous les secteurs. La question de la transformation digitale, bient\u00f4t on ne l&rsquo;entendra plus.<\/p>\n","protected":false},"excerpt":{"rendered":"<p>Nous avons pr\u00e9par\u00e9 cet article avant les tragiques \u00e9v\u00e9nements d&rsquo;hier (voir #jesuischarlie), donc trop tard pour le r\u00e9\u00e9crire et en changer la teneur r\u00e9solument\u00a0tourn\u00e9e vers d&rsquo;autres pr\u00e9occupations. Les r\u00e9seaux sociaux ont montr\u00e9 hier leur formidable capacit\u00e9 \u00e0 r\u00e9unir des gens de tous les horizons pour une cause juste : celle de la libert\u00e9 d&rsquo;expression et &hellip;<\/p>\n","protected":false},"author":2,"featured_media":16908,"comment_status":"open","ping_status":"open","sticky":false,"template":"","format":"standard","meta":{"footnotes":""},"categories":[2898,2894,25,2808],"tags":[],"class_list":["post-16864","post","type-post","status-publish","format-standard","has-post-thumbnail","hentry","category-communication-digitale","category-ia-big-data","category-medias-sociaux","category-transformation-digitale"],"yoast_head":"<!-- This site is optimized with the Yoast SEO plugin v27.5 - https:\/\/yoast.com\/product\/yoast-seo-wordpress\/ -->\n<title>#jesuischarlie Bonne ann\u00e9e et solidarit\u00e9 pour la libert\u00e9 d&#039;expression<\/title>\n<meta name=\"description\" content=\"Bonne ann\u00e9e et solidarit\u00e9 pour la libert\u00e9 d&#039;expression #jesuischarlie - Nous avons pr\u00e9par\u00e9 cet article avant les tragiques \u00e9v\u00e9nements d&#039;hier\" \/>\n<meta name=\"robots\" content=\"index, follow, max-snippet:-1, max-image-preview:large, max-video-preview:-1\" \/>\n<link rel=\"canonical\" href=\"https:\/\/visionarymarketing.com\/fr\/2015\/01\/08\/jesuischarlie\/\" \/>\n<meta property=\"og:locale\" content=\"fr_FR\" \/>\n<meta property=\"og:type\" content=\"article\" \/>\n<meta property=\"og:title\" content=\"#jesuischarlie Bonne ann\u00e9e et solidarit\u00e9 pour la libert\u00e9 d&#039;expression\" \/>\n<meta property=\"og:description\" content=\"Bonne ann\u00e9e et solidarit\u00e9 pour la libert\u00e9 d&#039;expression #jesuischarlie - Nous avons pr\u00e9par\u00e9 cet article avant les tragiques \u00e9v\u00e9nements d&#039;hier\" \/>\n<meta property=\"og:url\" content=\"https:\/\/visionarymarketing.com\/fr\/2015\/01\/08\/jesuischarlie\/\" \/>\n<meta property=\"og:site_name\" content=\"Marketing and Innovation\" \/>\n<meta property=\"article:publisher\" content=\"https:\/\/www.facebook.com\/vismktg\" \/>\n<meta property=\"article:author\" content=\"http:\/\/facebook.com\/ygourven\" \/>\n<meta property=\"article:published_time\" content=\"2015-01-07T23:00:50+00:00\" \/>\n<meta property=\"article:modified_time\" content=\"2022-12-20T21:37:28+00:00\" \/>\n<meta property=\"og:image\" content=\"https:\/\/visionarymarketing.com\/wp-content\/uploads\/2015\/01\/charlie1.jpg\" \/>\n\t<meta property=\"og:image:width\" content=\"150\" \/>\n\t<meta property=\"og:image:height\" content=\"150\" \/>\n\t<meta property=\"og:image:type\" content=\"image\/jpeg\" \/>\n<meta name=\"author\" content=\"Yann Gourvennec\" \/>\n<meta name=\"twitter:card\" content=\"summary_large_image\" \/>\n<meta name=\"twitter:creator\" content=\"@ygourven\" \/>\n<meta name=\"twitter:site\" content=\"@ygourven\" \/>\n<meta name=\"twitter:label1\" content=\"\u00c9crit par\" \/>\n\t<meta name=\"twitter:data1\" content=\"Yann Gourvennec\" \/>\n\t<meta name=\"twitter:label2\" content=\"Dur\u00e9e de lecture estim\u00e9e\" \/>\n\t<meta name=\"twitter:data2\" content=\"3 minutes\" \/>\n<script type=\"application\/ld+json\" class=\"yoast-schema-graph\">{\"@context\":\"https:\\\/\\\/schema.org\",\"@graph\":[{\"@type\":\"NewsArticle\",\"@id\":\"https:\\\/\\\/visionarymarketing.com\\\/fr\\\/2015\\\/01\\\/08\\\/jesuischarlie\\\/#article\",\"isPartOf\":{\"@id\":\"https:\\\/\\\/visionarymarketing.com\\\/fr\\\/2015\\\/01\\\/08\\\/jesuischarlie\\\/\"},\"author\":{\"name\":\"Yann Gourvennec\",\"@id\":\"https:\\\/\\\/visionarymarketing.com\\\/fr\\\/#\\\/schema\\\/person\\\/3754fee1e558f47b8deb46f53c37423e\"},\"headline\":\"Bonne ann\u00e9e et solidarit\u00e9 pour la libert\u00e9 d&rsquo;expression #jesuischarlie\",\"datePublished\":\"2015-01-07T23:00:50+00:00\",\"dateModified\":\"2022-12-20T21:37:28+00:00\",\"mainEntityOfPage\":{\"@id\":\"https:\\\/\\\/visionarymarketing.com\\\/fr\\\/2015\\\/01\\\/08\\\/jesuischarlie\\\/\"},\"wordCount\":615,\"commentCount\":0,\"image\":{\"@id\":\"https:\\\/\\\/visionarymarketing.com\\\/fr\\\/2015\\\/01\\\/08\\\/jesuischarlie\\\/#primaryimage\"},\"thumbnailUrl\":\"https:\\\/\\\/visionarymarketing.com\\\/wp-content\\\/uploads\\\/2015\\\/01\\\/charlie1.jpg\",\"articleSection\":[\"communication digitale\",\"IA et Big Data\",\"m\u00e9dias \\\/ r\u00e9seaux sociaux\",\"Transformation\"],\"inLanguage\":\"fr-FR\",\"potentialAction\":[{\"@type\":\"CommentAction\",\"name\":\"Comment\",\"target\":[\"https:\\\/\\\/visionarymarketing.com\\\/fr\\\/2015\\\/01\\\/08\\\/jesuischarlie\\\/#respond\"]}]},{\"@type\":\"WebPage\",\"@id\":\"https:\\\/\\\/visionarymarketing.com\\\/fr\\\/2015\\\/01\\\/08\\\/jesuischarlie\\\/\",\"url\":\"https:\\\/\\\/visionarymarketing.com\\\/fr\\\/2015\\\/01\\\/08\\\/jesuischarlie\\\/\",\"name\":\"#jesuischarlie Bonne ann\u00e9e et solidarit\u00e9 pour la libert\u00e9 d'expression\",\"isPartOf\":{\"@id\":\"https:\\\/\\\/visionarymarketing.com\\\/fr\\\/#website\"},\"primaryImageOfPage\":{\"@id\":\"https:\\\/\\\/visionarymarketing.com\\\/fr\\\/2015\\\/01\\\/08\\\/jesuischarlie\\\/#primaryimage\"},\"image\":{\"@id\":\"https:\\\/\\\/visionarymarketing.com\\\/fr\\\/2015\\\/01\\\/08\\\/jesuischarlie\\\/#primaryimage\"},\"thumbnailUrl\":\"https:\\\/\\\/visionarymarketing.com\\\/wp-content\\\/uploads\\\/2015\\\/01\\\/charlie1.jpg\",\"datePublished\":\"2015-01-07T23:00:50+00:00\",\"dateModified\":\"2022-12-20T21:37:28+00:00\",\"author\":{\"@id\":\"https:\\\/\\\/visionarymarketing.com\\\/fr\\\/#\\\/schema\\\/person\\\/3754fee1e558f47b8deb46f53c37423e\"},\"description\":\"Bonne ann\u00e9e et solidarit\u00e9 pour la libert\u00e9 d'expression #jesuischarlie - Nous avons pr\u00e9par\u00e9 cet article avant les tragiques \u00e9v\u00e9nements d'hier\",\"breadcrumb\":{\"@id\":\"https:\\\/\\\/visionarymarketing.com\\\/fr\\\/2015\\\/01\\\/08\\\/jesuischarlie\\\/#breadcrumb\"},\"inLanguage\":\"fr-FR\",\"potentialAction\":[{\"@type\":\"ReadAction\",\"target\":[\"https:\\\/\\\/visionarymarketing.com\\\/fr\\\/2015\\\/01\\\/08\\\/jesuischarlie\\\/\"]}]},{\"@type\":\"ImageObject\",\"inLanguage\":\"fr-FR\",\"@id\":\"https:\\\/\\\/visionarymarketing.com\\\/fr\\\/2015\\\/01\\\/08\\\/jesuischarlie\\\/#primaryimage\",\"url\":\"https:\\\/\\\/visionarymarketing.com\\\/wp-content\\\/uploads\\\/2015\\\/01\\\/charlie1.jpg\",\"contentUrl\":\"https:\\\/\\\/visionarymarketing.com\\\/wp-content\\\/uploads\\\/2015\\\/01\\\/charlie1.jpg\",\"width\":150,\"height\":150},{\"@type\":\"BreadcrumbList\",\"@id\":\"https:\\\/\\\/visionarymarketing.com\\\/fr\\\/2015\\\/01\\\/08\\\/jesuischarlie\\\/#breadcrumb\",\"itemListElement\":[{\"@type\":\"ListItem\",\"position\":1,\"name\":\"Home\",\"item\":\"https:\\\/\\\/visionarymarketing.com\\\/fr\\\/\"},{\"@type\":\"ListItem\",\"position\":2,\"name\":\"Bonne ann\u00e9e et solidarit\u00e9 pour la libert\u00e9 d&rsquo;expression #jesuischarlie\"}]},{\"@type\":\"WebSite\",\"@id\":\"https:\\\/\\\/visionarymarketing.com\\\/fr\\\/#website\",\"url\":\"https:\\\/\\\/visionarymarketing.com\\\/fr\\\/\",\"name\":\"Marketing and Innovation\",\"description\":\"Site d&#039;infos ind\u00e9pendant, depuis 1996\",\"potentialAction\":[{\"@type\":\"SearchAction\",\"target\":{\"@type\":\"EntryPoint\",\"urlTemplate\":\"https:\\\/\\\/visionarymarketing.com\\\/fr\\\/?s={search_term_string}\"},\"query-input\":{\"@type\":\"PropertyValueSpecification\",\"valueRequired\":true,\"valueName\":\"search_term_string\"}}],\"inLanguage\":\"fr-FR\"},{\"@type\":\"Person\",\"@id\":\"https:\\\/\\\/visionarymarketing.com\\\/fr\\\/#\\\/schema\\\/person\\\/3754fee1e558f47b8deb46f53c37423e\",\"name\":\"Yann Gourvennec\",\"image\":{\"@type\":\"ImageObject\",\"inLanguage\":\"fr-FR\",\"@id\":\"https:\\\/\\\/secure.gravatar.com\\\/avatar\\\/5972001801e8de5692a3e31224e85769f50a55fb8b679749f9c8d1868cceff14?s=96&d=initials&r=g&initials=yg\",\"url\":\"https:\\\/\\\/secure.gravatar.com\\\/avatar\\\/5972001801e8de5692a3e31224e85769f50a55fb8b679749f9c8d1868cceff14?s=96&d=initials&r=g&initials=yg\",\"contentUrl\":\"https:\\\/\\\/secure.gravatar.com\\\/avatar\\\/5972001801e8de5692a3e31224e85769f50a55fb8b679749f9c8d1868cceff14?s=96&d=initials&r=g&initials=yg\",\"caption\":\"Yann Gourvennec\"},\"description\":\"Yann Gourvennec created visionarymarketing.com in 1996. He is a speaker and author of many books. In 2014 he went from intrapreneur to entrepreneur, when he created his digital marketing agency. Yann Gourvennec a cr\u00e9\u00e9 visionarymarketing.com en 1996. Il est conf\u00e9rencier et auteur de plusieurs livres. En 2014, il est pass\u00e9 d'intrapreneur \u00e0 entrepreneur en cr\u00e9ant son agence de marketing num\u00e9rique.\",\"sameAs\":[\"https:\\\/\\\/visionarymarketing.com\",\"http:\\\/\\\/facebook.com\\\/ygourven\",\"http:\\\/\\\/linkedin.com\\\/in\\\/ygourven\",\"https:\\\/\\\/x.com\\\/ygourven\",\"https:\\\/\\\/www.youtube.com\\\/c\\\/visionarymarketingagency\"],\"url\":\"https:\\\/\\\/visionarymarketing.com\\\/fr\\\/author\\\/yann-gourvennec\\\/\"}]}<\/script>\n<!-- \/ Yoast SEO plugin. -->","yoast_head_json":{"title":"#jesuischarlie Bonne ann\u00e9e et solidarit\u00e9 pour la libert\u00e9 d'expression","description":"Bonne ann\u00e9e et solidarit\u00e9 pour la libert\u00e9 d'expression #jesuischarlie - Nous avons pr\u00e9par\u00e9 cet article avant les tragiques \u00e9v\u00e9nements d'hier","robots":{"index":"index","follow":"follow","max-snippet":"max-snippet:-1","max-image-preview":"max-image-preview:large","max-video-preview":"max-video-preview:-1"},"canonical":"https:\/\/visionarymarketing.com\/fr\/2015\/01\/08\/jesuischarlie\/","og_locale":"fr_FR","og_type":"article","og_title":"#jesuischarlie Bonne ann\u00e9e et solidarit\u00e9 pour la libert\u00e9 d'expression","og_description":"Bonne ann\u00e9e et solidarit\u00e9 pour la libert\u00e9 d'expression #jesuischarlie - Nous avons pr\u00e9par\u00e9 cet article avant les tragiques \u00e9v\u00e9nements d'hier","og_url":"https:\/\/visionarymarketing.com\/fr\/2015\/01\/08\/jesuischarlie\/","og_site_name":"Marketing and Innovation","article_publisher":"https:\/\/www.facebook.com\/vismktg","article_author":"http:\/\/facebook.com\/ygourven","article_published_time":"2015-01-07T23:00:50+00:00","article_modified_time":"2022-12-20T21:37:28+00:00","og_image":[{"width":150,"height":150,"url":"https:\/\/visionarymarketing.com\/wp-content\/uploads\/2015\/01\/charlie1.jpg","type":"image\/jpeg"}],"author":"Yann Gourvennec","twitter_card":"summary_large_image","twitter_creator":"@ygourven","twitter_site":"@ygourven","twitter_misc":{"\u00c9crit par":"Yann Gourvennec","Dur\u00e9e de lecture estim\u00e9e":"3 minutes"},"schema":{"@context":"https:\/\/schema.org","@graph":[{"@type":"NewsArticle","@id":"https:\/\/visionarymarketing.com\/fr\/2015\/01\/08\/jesuischarlie\/#article","isPartOf":{"@id":"https:\/\/visionarymarketing.com\/fr\/2015\/01\/08\/jesuischarlie\/"},"author":{"name":"Yann Gourvennec","@id":"https:\/\/visionarymarketing.com\/fr\/#\/schema\/person\/3754fee1e558f47b8deb46f53c37423e"},"headline":"Bonne ann\u00e9e et solidarit\u00e9 pour la libert\u00e9 d&rsquo;expression #jesuischarlie","datePublished":"2015-01-07T23:00:50+00:00","dateModified":"2022-12-20T21:37:28+00:00","mainEntityOfPage":{"@id":"https:\/\/visionarymarketing.com\/fr\/2015\/01\/08\/jesuischarlie\/"},"wordCount":615,"commentCount":0,"image":{"@id":"https:\/\/visionarymarketing.com\/fr\/2015\/01\/08\/jesuischarlie\/#primaryimage"},"thumbnailUrl":"https:\/\/visionarymarketing.com\/wp-content\/uploads\/2015\/01\/charlie1.jpg","articleSection":["communication digitale","IA et Big Data","m\u00e9dias \/ r\u00e9seaux sociaux","Transformation"],"inLanguage":"fr-FR","potentialAction":[{"@type":"CommentAction","name":"Comment","target":["https:\/\/visionarymarketing.com\/fr\/2015\/01\/08\/jesuischarlie\/#respond"]}]},{"@type":"WebPage","@id":"https:\/\/visionarymarketing.com\/fr\/2015\/01\/08\/jesuischarlie\/","url":"https:\/\/visionarymarketing.com\/fr\/2015\/01\/08\/jesuischarlie\/","name":"#jesuischarlie Bonne ann\u00e9e et solidarit\u00e9 pour la libert\u00e9 d'expression","isPartOf":{"@id":"https:\/\/visionarymarketing.com\/fr\/#website"},"primaryImageOfPage":{"@id":"https:\/\/visionarymarketing.com\/fr\/2015\/01\/08\/jesuischarlie\/#primaryimage"},"image":{"@id":"https:\/\/visionarymarketing.com\/fr\/2015\/01\/08\/jesuischarlie\/#primaryimage"},"thumbnailUrl":"https:\/\/visionarymarketing.com\/wp-content\/uploads\/2015\/01\/charlie1.jpg","datePublished":"2015-01-07T23:00:50+00:00","dateModified":"2022-12-20T21:37:28+00:00","author":{"@id":"https:\/\/visionarymarketing.com\/fr\/#\/schema\/person\/3754fee1e558f47b8deb46f53c37423e"},"description":"Bonne ann\u00e9e et solidarit\u00e9 pour la libert\u00e9 d'expression #jesuischarlie - Nous avons pr\u00e9par\u00e9 cet article avant les tragiques \u00e9v\u00e9nements d'hier","breadcrumb":{"@id":"https:\/\/visionarymarketing.com\/fr\/2015\/01\/08\/jesuischarlie\/#breadcrumb"},"inLanguage":"fr-FR","potentialAction":[{"@type":"ReadAction","target":["https:\/\/visionarymarketing.com\/fr\/2015\/01\/08\/jesuischarlie\/"]}]},{"@type":"ImageObject","inLanguage":"fr-FR","@id":"https:\/\/visionarymarketing.com\/fr\/2015\/01\/08\/jesuischarlie\/#primaryimage","url":"https:\/\/visionarymarketing.com\/wp-content\/uploads\/2015\/01\/charlie1.jpg","contentUrl":"https:\/\/visionarymarketing.com\/wp-content\/uploads\/2015\/01\/charlie1.jpg","width":150,"height":150},{"@type":"BreadcrumbList","@id":"https:\/\/visionarymarketing.com\/fr\/2015\/01\/08\/jesuischarlie\/#breadcrumb","itemListElement":[{"@type":"ListItem","position":1,"name":"Home","item":"https:\/\/visionarymarketing.com\/fr\/"},{"@type":"ListItem","position":2,"name":"Bonne ann\u00e9e et solidarit\u00e9 pour la libert\u00e9 d&rsquo;expression #jesuischarlie"}]},{"@type":"WebSite","@id":"https:\/\/visionarymarketing.com\/fr\/#website","url":"https:\/\/visionarymarketing.com\/fr\/","name":"Marketing and Innovation","description":"Site d&#039;infos ind\u00e9pendant, depuis 1996","potentialAction":[{"@type":"SearchAction","target":{"@type":"EntryPoint","urlTemplate":"https:\/\/visionarymarketing.com\/fr\/?s={search_term_string}"},"query-input":{"@type":"PropertyValueSpecification","valueRequired":true,"valueName":"search_term_string"}}],"inLanguage":"fr-FR"},{"@type":"Person","@id":"https:\/\/visionarymarketing.com\/fr\/#\/schema\/person\/3754fee1e558f47b8deb46f53c37423e","name":"Yann Gourvennec","image":{"@type":"ImageObject","inLanguage":"fr-FR","@id":"https:\/\/secure.gravatar.com\/avatar\/5972001801e8de5692a3e31224e85769f50a55fb8b679749f9c8d1868cceff14?s=96&d=initials&r=g&initials=yg","url":"https:\/\/secure.gravatar.com\/avatar\/5972001801e8de5692a3e31224e85769f50a55fb8b679749f9c8d1868cceff14?s=96&d=initials&r=g&initials=yg","contentUrl":"https:\/\/secure.gravatar.com\/avatar\/5972001801e8de5692a3e31224e85769f50a55fb8b679749f9c8d1868cceff14?s=96&d=initials&r=g&initials=yg","caption":"Yann Gourvennec"},"description":"Yann Gourvennec created visionarymarketing.com in 1996. He is a speaker and author of many books. In 2014 he went from intrapreneur to entrepreneur, when he created his digital marketing agency. Yann Gourvennec a cr\u00e9\u00e9 visionarymarketing.com en 1996. Il est conf\u00e9rencier et auteur de plusieurs livres. En 2014, il est pass\u00e9 d'intrapreneur \u00e0 entrepreneur en cr\u00e9ant son agence de marketing num\u00e9rique.","sameAs":["https:\/\/visionarymarketing.com","http:\/\/facebook.com\/ygourven","http:\/\/linkedin.com\/in\/ygourven","https:\/\/x.com\/ygourven","https:\/\/www.youtube.com\/c\/visionarymarketingagency"],"url":"https:\/\/visionarymarketing.com\/fr\/author\/yann-gourvennec\/"}]}},"_links":{"self":[{"href":"https:\/\/visionarymarketing.com\/fr\/wp-json\/wp\/v2\/posts\/16864","targetHints":{"allow":["GET"]}}],"collection":[{"href":"https:\/\/visionarymarketing.com\/fr\/wp-json\/wp\/v2\/posts"}],"about":[{"href":"https:\/\/visionarymarketing.com\/fr\/wp-json\/wp\/v2\/types\/post"}],"author":[{"embeddable":true,"href":"https:\/\/visionarymarketing.com\/fr\/wp-json\/wp\/v2\/users\/2"}],"replies":[{"embeddable":true,"href":"https:\/\/visionarymarketing.com\/fr\/wp-json\/wp\/v2\/comments?post=16864"}],"version-history":[{"count":0,"href":"https:\/\/visionarymarketing.com\/fr\/wp-json\/wp\/v2\/posts\/16864\/revisions"}],"wp:featuredmedia":[{"embeddable":true,"href":"https:\/\/visionarymarketing.com\/fr\/wp-json\/wp\/v2\/media\/16908"}],"wp:attachment":[{"href":"https:\/\/visionarymarketing.com\/fr\/wp-json\/wp\/v2\/media?parent=16864"}],"wp:term":[{"taxonomy":"category","embeddable":true,"href":"https:\/\/visionarymarketing.com\/fr\/wp-json\/wp\/v2\/categories?post=16864"},{"taxonomy":"post_tag","embeddable":true,"href":"https:\/\/visionarymarketing.com\/fr\/wp-json\/wp\/v2\/tags?post=16864"}],"curies":[{"name":"wp","href":"https:\/\/api.w.org\/{rel}","templated":true}]}}