{"id":16332,"date":"2014-11-17T09:00:15","date_gmt":"2014-11-17T08:00:15","guid":{"rendered":"http:\/\/visionarymarketing.fr\/blog?p=16332&#038;preview_id=16332"},"modified":"2024-04-15T15:36:18","modified_gmt":"2024-04-15T13:36:18","slug":"capitalisme","status":"publish","type":"post","link":"https:\/\/visionarymarketing.com\/fr\/2014\/11\/17\/capitalisme\/","title":{"rendered":"Jeremy RIFKIN : Internet va-t-il tuer le capitalisme ?"},"content":{"rendered":"<p><span style=\"color: #003366;\"><em>Verrons-nous cette fois-ci (2030 semble la date retenue par Rifkin)\u00a0Internet tuer le capitalisme. Une mort 1000 fois annonc\u00e9e, mais un syst\u00e8me jamais remplac\u00e9 car probablement qu&rsquo;il s&rsquo;agit l\u00e0 du pire des syst\u00e8mes, <span class=\"removed_link\" title=\"http:\/\/wais.stanford.edu\/Democracy\/democracy_DemocracyAndChurchill(090503).html\">pour paraphraser Churchill \u00e0 l&rsquo;exclusion de tous les autres<\/span> ? C&rsquo;est ce que nous d\u00e9couvrirons le mardi 25 novembre \u00e0 19:00 dans le cadre de la rencontre annuelle du G9+ qui cette fois-ci a fait encore plus fort que d&rsquo;habitude, en invitant la cr\u00e8me de la cr\u00e8me sur leur plateau. Rifkin sera pr\u00e9sent en direct par vid\u00e9o, et sur place nous aurons droit \u00e0 <a class=\"zem_slink\" title=\"Jacques Attali\" href=\"https:\/\/en.wikipedia.org\/wiki\/Jacques_Attali\" target=\"_blank\" rel=\"noopener wikipedia noreferrer\">Jacques Attali<\/a>,\u00a0qu&rsquo;on ne pr\u00e9sente plus,\u00a0Jean-Marc DANIEL &#8211; Economiste, Professeur associ\u00e9 \u00e0 l&rsquo;<a class=\"zem_slink\" title=\"ESCP Europe\" href=\"http:\/\/maps.google.com\/maps?ll=48.8644,2.38078888889&amp;spn=0.01,0.01&amp;q=48.8644,2.38078888889 (ESCP%20Europe)&amp;t=h\" target=\"_blank\" rel=\"geolocation noopener noreferrer\">ESCP Europe<\/a> et Directeur de r\u00e9daction de la revue Soci\u00e9tal et\u00a0Clara GAYMARD &#8211; CEO <a class=\"zem_slink\" title=\"General Electric\" href=\"http:\/\/www.ge.com\/\" target=\"_blank\" rel=\"homepage noopener noreferrer\">General Electric<\/a> France.\u00a0<\/em><em>Sous ce titre provocateur (c&rsquo;est le G9 plus qui l&rsquo;annonce, cf. ci-dessous), se cache la grande question du moment soulev\u00e9e par <a class=\"zem_slink\" title=\"Jeremy Rifkin\" href=\"https:\/\/en.wikipedia.org\/wiki\/Jeremy_Rifkin\" target=\"_blank\" rel=\"noopener wikipedia noreferrer\">Jeremy\u00a0Rifkin<\/a>.<\/em><\/span><\/p>\n<h2>Internet va-t-il tuer le capitalisme ?<\/h2>\n<figure id=\"attachment_59375\" aria-describedby=\"caption-attachment-59375\" style=\"width: 520px\" class=\"wp-caption aligncenter\"><a href=\"https:\/\/visionarymarketing.com\/wp-content\/uploads\/2012\/09\/jumpstory-download20201110-215547.jpg\"><img decoding=\"async\" class=\"wp-image-59375 size-full\" src=\"https:\/\/visionarymarketing.com\/wp-content\/uploads\/2012\/09\/jumpstory-download20201110-215547.jpg\" alt=\"Internet va-t-il tuer le capitalisme ?\" width=\"520\" height=\"340\" srcset=\"https:\/\/visionarymarketing.com\/wp-content\/uploads\/2012\/09\/jumpstory-download20201110-215547.jpg 520w, https:\/\/visionarymarketing.com\/wp-content\/uploads\/2012\/09\/jumpstory-download20201110-215547-459x300.jpg 459w\" sizes=\"(max-width: 520px) 100vw, 520px\" \/><\/a><figcaption id=\"caption-attachment-59375\" class=\"wp-caption-text\">Internet va-t-il tuer le Capitalisme ? Jeremy RIFKIN semble penser que oui<\/figcaption><\/figure>\n<p>Celui-ci, \u00e9conomiste et conseiller de la chanceli\u00e8re <a title=\"Angela Merkel\" href=\"https:\/\/en.wikipedia.org\/wiki\/Angela_Merkel\" target=\"_blank\" rel=\"noopener wikipedia noreferrer\">Angela Merkel<\/a>\u00a0(qu&rsquo;on a pas vu sp\u00e9cialement lancer pour l&rsquo;instant de m\u00e9thodes originales en termes d&rsquo;\u00e9volution du capitalisme, mais cela va sans doute venir un jour), a publi\u00e9 un\u00a0livre, d\u00e9sormais traduit en fran\u00e7ais, intitul\u00e9 \u00ab\u00a0la soci\u00e9t\u00e9 \u00e0 co\u00fbt marginal z\u00e9ro\u00a0\u00bb.<!--more--><\/p>\n<p>Dans cet ouvrage, Rifkin, qui se d\u00e9crit comme un \u00ab personnage ordinaire, issu de la banlieue ouvri\u00e8re de Chicago \u00bb ne fait, selon ses mots, que \u00ab d\u00e9crire l&rsquo;\u00e9vidence que tout le monde peuvent voir aujourd&rsquo;hui les gens \u00bb car il ne se d\u00e9crit pas comme \u00ab visionnaire \u00bb. Voici donc revenue la mort du capitalisme, qui va r\u00e9concilier Am\u00e9rique et fans de M\u00e9lenchon,\u00a0et le retour \u00e0 l&rsquo;\u00e9conomie du partage. Nous nous croyons revenus au meilleur \u00a0moment de wikinomics et de feu le bon vieux et regrett\u00e9 Web 2.0, o\u00f9 tous les gens \u00e9taient des amis et o\u00f9 tout le monde s&rsquo;aimait.<\/p>\n<p>Depuis, les plates-formes collaboratives se sont mon\u00e9tis\u00e9es, et sont devenus de gigantesques moulins \u00e0 recycler l&rsquo;argent de la publicit\u00e9. Mais Rifkin reste optimiste, et voit dans les nouveaux modes de consommation et de financement (crowdfunding, \u00e9changes d&rsquo;appartements avec <a title=\"Airbnb\" href=\"https:\/\/www.airbnb.com\" target=\"_blank\" rel=\"homepage noopener noreferrer\">AirBnB<\/a>, troc de jouets sur Internet &#8230; si tant est que ces start-ups ne soient pas des entreprises capitalistiques ce qui reste largement \u00e0 d\u00e9montrer) un renouveau d&rsquo;un capitalisme qui ne mourra pas &#8211; selon lui &#8211; mais verra se d\u00e9velopper une nouvelle forme de capitalisme \u00e0 c\u00f4t\u00e9 de lui ; il emploie m\u00eame la m\u00e9taphore du parent et de l&rsquo;enfant, et pense plut\u00f4t que ce nouveau capitalisme sera un enfant du capitalisme. En quelque sorte, c&rsquo;est l&rsquo;Am\u00e9rique au diapason de la dialectique historique et\u00a0je suppose que la formulation \u00ab\u00a0mort du capitalisme\u00a0\u00bb est un vieux fantasme gaulois issu d&rsquo;un caract\u00e8re r\u00e9volutionnaire et frondeur, on ne se r\u00e9inventera pas &#8230;<\/p>\n<p class=\"p1\"><img decoding=\"async\" class=\"aligncenter wp-image-16435\" src=\"https:\/\/visionarymarketing.com\/wp-content\/uploads\/2014\/11\/14-38-2014_07.38.24-CapturFiles.png\" alt=\"14-38-2014_07.38.24-CapturFiles\" width=\"600\" height=\"259\" srcset=\"https:\/\/visionarymarketing.com\/wp-content\/uploads\/2014\/11\/14-38-2014_07.38.24-CapturFiles.png 999w, https:\/\/visionarymarketing.com\/wp-content\/uploads\/2014\/11\/14-38-2014_07.38.24-CapturFiles-500x216.png 500w, https:\/\/visionarymarketing.com\/wp-content\/uploads\/2014\/11\/14-38-2014_07.38.24-CapturFiles-768x331.png 768w, https:\/\/visionarymarketing.com\/wp-content\/uploads\/2014\/11\/14-38-2014_07.38.24-CapturFiles-300x129.png 300w\" sizes=\"(max-width: 600px) 100vw, 600px\" \/><\/p>\n<h3><a href=\"http:\/\/www.g9plus.org\/manifestation\/523\" target=\"_blank\" rel=\"noopener noreferrer\">Rencontre annuelle Institut G9+ : Internet va-t-il tuer le capitalisme ? mardi 25 novembre 19:00 &#8211; maison des arts et m\u00e9tiers avenue d&rsquo;Iena<\/a><\/h3>\n<p><!--more--><\/p>\n<p>Sous un titre volontairement provocateur, l\u2019Institut G9+ souhaite poursuivre son travail d\u2019\u00e9claireur des tendances qui transforment en profondeur notre soci\u00e9t\u00e9. La troisi\u00e8me r\u00e9volution industrielle, celle d\u2019un internet ubiquitaire qui met d\u00e9sormais en \u0153uvre une intelligence collective mondiale mais aussi \u2013 nous l\u2019avons montr\u00e9 lors de notre rencontre annuelle 2013 \u2013 le monde r\u00e9el via l\u2019internet des objets, la robotique et l\u2019intelligence artificielle, est un fait acquis, irr\u00e9versible, rapide et de magnitude globale. Ce qui l\u2019est moins, ce sont les impact sociaux qui vont irr\u00e9m\u00e9diablement bouleverser nos vies, nos institutions, le management et l\u2019organisation des entreprises tels que nous les connaissons, les organisation politiques, syndicales, associatives, communautaires.. En juin, lors de notre grand \u00e9v\u00e9nement \u00ab ils font parler les datas pour acc\u00e9l\u00e9rer l\u2019innovation \u00bb, nous avons analys\u00e9 le mouvement de \u00ab mise en donn\u00e9es de nos vies \u00bb enclench\u00e9 par la connexion du monde r\u00e9el et la capacit\u00e9 de traitement, \u00e0 la demande, via le cloud, de gisements de donn\u00e9es sans pr\u00e9c\u00e9dent, afin d\u2019anticiper, de pr\u00e9dire de la micro seconde, \u00e0 l\u2019heure, \u00e0 la journ\u00e9e, au mois prochain, et de tenter de r\u00e9duire la complexit\u00e9 et le stress d\u2019un monde o\u00f9 les frottements s\u2019amenuisent (ph\u00e9nom\u00e8ne d\u2019\u00e9ph\u00e9m\u00e9risation). Nous publions d\u2019ailleurs ce mois notre Livre Blanc sur le big data pr\u00e9dictif. Cette r\u00e9alit\u00e9, cette intelligence augment\u00e9es alli\u00e9es \u00e0 une capacit\u00e9 in\u00e9dite des hommes \u00e0 s\u2019organiser en r\u00e9seau, quasi instantan\u00e9ment, avec des moyens d\u2019action potentiellement mondiaux, le tout \u00e0 co\u00fbt marginal tr\u00e8s faible, vient challenger de fait les r\u00e9f\u00e9rences de pouvoir existantes.Internet des objets, big data, cr\u00e9ativit\u00e9 et g\u00e9nie humains : notre \u00e9poque fait face \u00e0 des challenges immenses, mais les solutions semblent \u00e0 port\u00e9e de clic. Si la France doit se transformer, si les entreprises doivent anticiper leur d\u00e9sinterm\u00e9diation, si le moment est venu de faire des choix, pour nous, pour nos enfants, nous avons souhait\u00e9 tracer les grandes lignes de force du monde nouveau qui \u00e9cl\u00f4t et prend un essor prodigieux sous nos yeux, avec les penseurs, chefs d\u2019entreprise, \u00e9conomistes, \u00e9crivains d\u2019un panel d\u2019exception.<\/p>\n","protected":false},"excerpt":{"rendered":"<p>Verrons-nous cette fois-ci (2030 semble la date retenue par Rifkin)\u00a0Internet tuer le capitalisme. Une mort 1000 fois annonc\u00e9e, mais un syst\u00e8me jamais remplac\u00e9 car probablement qu&rsquo;il s&rsquo;agit l\u00e0 du pire des syst\u00e8mes, pour paraphraser Churchill \u00e0 l&rsquo;exclusion de tous les autres ? C&rsquo;est ce que nous d\u00e9couvrirons le mardi 25 novembre \u00e0 19:00 dans le &hellip;<\/p>\n","protected":false},"author":2,"featured_media":59375,"comment_status":"open","ping_status":"open","sticky":false,"template":"","format":"standard","meta":{"footnotes":""},"categories":[134],"tags":[],"class_list":["post-16332","post","type-post","status-publish","format-standard","has-post-thumbnail","hentry","category-economie"],"yoast_head":"<!-- This site is optimized with the Yoast SEO plugin v27.4 - https:\/\/yoast.com\/product\/yoast-seo-wordpress\/ -->\n<title>Internet va-t-il tuer le capitalisme ? ( avec @g9plus )<\/title>\n<meta name=\"description\" content=\"Verrons-nous cette fois-ci (2030 semble la date retenue)\u00a0Internet tuer le capitalisme. Mort 1000 fois annonc\u00e9e, mais syst\u00e8me jamais remplac\u00e9\" \/>\n<meta name=\"robots\" content=\"index, follow, max-snippet:-1, max-image-preview:large, max-video-preview:-1\" \/>\n<link rel=\"canonical\" href=\"https:\/\/visionarymarketing.com\/fr\/2014\/11\/17\/capitalisme\/\" \/>\n<meta property=\"og:locale\" content=\"fr_FR\" \/>\n<meta property=\"og:type\" content=\"article\" \/>\n<meta property=\"og:title\" content=\"Internet va-t-il tuer le capitalisme ? ( avec @g9plus )\" \/>\n<meta property=\"og:description\" content=\"Verrons-nous cette fois-ci (2030 semble la date retenue)\u00a0Internet tuer le capitalisme. Mort 1000 fois annonc\u00e9e, mais syst\u00e8me jamais remplac\u00e9\" \/>\n<meta property=\"og:url\" content=\"https:\/\/visionarymarketing.com\/fr\/2014\/11\/17\/capitalisme\/\" \/>\n<meta property=\"og:site_name\" content=\"Marketing and Innovation\" \/>\n<meta property=\"article:publisher\" content=\"https:\/\/www.facebook.com\/vismktg\" \/>\n<meta property=\"article:author\" content=\"http:\/\/facebook.com\/ygourven\" \/>\n<meta property=\"article:published_time\" content=\"2014-11-17T08:00:15+00:00\" \/>\n<meta property=\"article:modified_time\" content=\"2024-04-15T13:36:18+00:00\" \/>\n<meta property=\"og:image\" content=\"https:\/\/visionarymarketing.com\/wp-content\/uploads\/2012\/09\/jumpstory-download20201110-215547.jpg\" \/>\n\t<meta property=\"og:image:width\" content=\"520\" \/>\n\t<meta property=\"og:image:height\" content=\"340\" \/>\n\t<meta property=\"og:image:type\" content=\"image\/jpeg\" \/>\n<meta name=\"author\" content=\"Yann Gourvennec\" \/>\n<meta name=\"twitter:card\" content=\"summary_large_image\" \/>\n<meta name=\"twitter:creator\" content=\"@ygourven\" \/>\n<meta name=\"twitter:site\" content=\"@ygourven\" \/>\n<meta name=\"twitter:label1\" content=\"\u00c9crit par\" \/>\n\t<meta name=\"twitter:data1\" content=\"Yann Gourvennec\" \/>\n\t<meta name=\"twitter:label2\" content=\"Dur\u00e9e de lecture estim\u00e9e\" \/>\n\t<meta name=\"twitter:data2\" content=\"4 minutes\" \/>\n<script type=\"application\/ld+json\" class=\"yoast-schema-graph\">{\"@context\":\"https:\\\/\\\/schema.org\",\"@graph\":[{\"@type\":\"NewsArticle\",\"@id\":\"https:\\\/\\\/visionarymarketing.com\\\/fr\\\/2014\\\/11\\\/17\\\/capitalisme\\\/#article\",\"isPartOf\":{\"@id\":\"https:\\\/\\\/visionarymarketing.com\\\/fr\\\/2014\\\/11\\\/17\\\/capitalisme\\\/\"},\"author\":{\"name\":\"Yann Gourvennec\",\"@id\":\"https:\\\/\\\/visionarymarketing.com\\\/fr\\\/#\\\/schema\\\/person\\\/3754fee1e558f47b8deb46f53c37423e\"},\"headline\":\"Jeremy RIFKIN : Internet va-t-il tuer le capitalisme ?\",\"datePublished\":\"2014-11-17T08:00:15+00:00\",\"dateModified\":\"2024-04-15T13:36:18+00:00\",\"mainEntityOfPage\":{\"@id\":\"https:\\\/\\\/visionarymarketing.com\\\/fr\\\/2014\\\/11\\\/17\\\/capitalisme\\\/\"},\"wordCount\":916,\"commentCount\":3,\"image\":{\"@id\":\"https:\\\/\\\/visionarymarketing.com\\\/fr\\\/2014\\\/11\\\/17\\\/capitalisme\\\/#primaryimage\"},\"thumbnailUrl\":\"https:\\\/\\\/visionarymarketing.com\\\/wp-content\\\/uploads\\\/2012\\\/09\\\/jumpstory-download20201110-215547.jpg\",\"articleSection\":[\"\u00e9conomie et num\u00e9rique\"],\"inLanguage\":\"fr-FR\",\"potentialAction\":[{\"@type\":\"CommentAction\",\"name\":\"Comment\",\"target\":[\"https:\\\/\\\/visionarymarketing.com\\\/fr\\\/2014\\\/11\\\/17\\\/capitalisme\\\/#respond\"]}]},{\"@type\":\"WebPage\",\"@id\":\"https:\\\/\\\/visionarymarketing.com\\\/fr\\\/2014\\\/11\\\/17\\\/capitalisme\\\/\",\"url\":\"https:\\\/\\\/visionarymarketing.com\\\/fr\\\/2014\\\/11\\\/17\\\/capitalisme\\\/\",\"name\":\"Internet va-t-il tuer le capitalisme ? ( avec @g9plus )\",\"isPartOf\":{\"@id\":\"https:\\\/\\\/visionarymarketing.com\\\/fr\\\/#website\"},\"primaryImageOfPage\":{\"@id\":\"https:\\\/\\\/visionarymarketing.com\\\/fr\\\/2014\\\/11\\\/17\\\/capitalisme\\\/#primaryimage\"},\"image\":{\"@id\":\"https:\\\/\\\/visionarymarketing.com\\\/fr\\\/2014\\\/11\\\/17\\\/capitalisme\\\/#primaryimage\"},\"thumbnailUrl\":\"https:\\\/\\\/visionarymarketing.com\\\/wp-content\\\/uploads\\\/2012\\\/09\\\/jumpstory-download20201110-215547.jpg\",\"datePublished\":\"2014-11-17T08:00:15+00:00\",\"dateModified\":\"2024-04-15T13:36:18+00:00\",\"author\":{\"@id\":\"https:\\\/\\\/visionarymarketing.com\\\/fr\\\/#\\\/schema\\\/person\\\/3754fee1e558f47b8deb46f53c37423e\"},\"description\":\"Verrons-nous cette fois-ci (2030 semble la date retenue)\u00a0Internet tuer le capitalisme. Mort 1000 fois annonc\u00e9e, mais syst\u00e8me jamais remplac\u00e9\",\"breadcrumb\":{\"@id\":\"https:\\\/\\\/visionarymarketing.com\\\/fr\\\/2014\\\/11\\\/17\\\/capitalisme\\\/#breadcrumb\"},\"inLanguage\":\"fr-FR\",\"potentialAction\":[{\"@type\":\"ReadAction\",\"target\":[\"https:\\\/\\\/visionarymarketing.com\\\/fr\\\/2014\\\/11\\\/17\\\/capitalisme\\\/\"]}]},{\"@type\":\"ImageObject\",\"inLanguage\":\"fr-FR\",\"@id\":\"https:\\\/\\\/visionarymarketing.com\\\/fr\\\/2014\\\/11\\\/17\\\/capitalisme\\\/#primaryimage\",\"url\":\"https:\\\/\\\/visionarymarketing.com\\\/wp-content\\\/uploads\\\/2012\\\/09\\\/jumpstory-download20201110-215547.jpg\",\"contentUrl\":\"https:\\\/\\\/visionarymarketing.com\\\/wp-content\\\/uploads\\\/2012\\\/09\\\/jumpstory-download20201110-215547.jpg\",\"width\":520,\"height\":340,\"caption\":\"CRM : Inbenta r\u00e9invente la foire aux questions (FAQ)\"},{\"@type\":\"BreadcrumbList\",\"@id\":\"https:\\\/\\\/visionarymarketing.com\\\/fr\\\/2014\\\/11\\\/17\\\/capitalisme\\\/#breadcrumb\",\"itemListElement\":[{\"@type\":\"ListItem\",\"position\":1,\"name\":\"Home\",\"item\":\"https:\\\/\\\/visionarymarketing.com\\\/fr\\\/\"},{\"@type\":\"ListItem\",\"position\":2,\"name\":\"Jeremy RIFKIN : Internet va-t-il tuer le capitalisme ?\"}]},{\"@type\":\"WebSite\",\"@id\":\"https:\\\/\\\/visionarymarketing.com\\\/fr\\\/#website\",\"url\":\"https:\\\/\\\/visionarymarketing.com\\\/fr\\\/\",\"name\":\"Marketing and Innovation\",\"description\":\"Site d&#039;infos ind\u00e9pendant, depuis 1996\",\"potentialAction\":[{\"@type\":\"SearchAction\",\"target\":{\"@type\":\"EntryPoint\",\"urlTemplate\":\"https:\\\/\\\/visionarymarketing.com\\\/fr\\\/?s={search_term_string}\"},\"query-input\":{\"@type\":\"PropertyValueSpecification\",\"valueRequired\":true,\"valueName\":\"search_term_string\"}}],\"inLanguage\":\"fr-FR\"},{\"@type\":\"Person\",\"@id\":\"https:\\\/\\\/visionarymarketing.com\\\/fr\\\/#\\\/schema\\\/person\\\/3754fee1e558f47b8deb46f53c37423e\",\"name\":\"Yann Gourvennec\",\"image\":{\"@type\":\"ImageObject\",\"inLanguage\":\"fr-FR\",\"@id\":\"https:\\\/\\\/secure.gravatar.com\\\/avatar\\\/5972001801e8de5692a3e31224e85769f50a55fb8b679749f9c8d1868cceff14?s=96&d=initials&r=g&initials=yg\",\"url\":\"https:\\\/\\\/secure.gravatar.com\\\/avatar\\\/5972001801e8de5692a3e31224e85769f50a55fb8b679749f9c8d1868cceff14?s=96&d=initials&r=g&initials=yg\",\"contentUrl\":\"https:\\\/\\\/secure.gravatar.com\\\/avatar\\\/5972001801e8de5692a3e31224e85769f50a55fb8b679749f9c8d1868cceff14?s=96&d=initials&r=g&initials=yg\",\"caption\":\"Yann Gourvennec\"},\"description\":\"Yann Gourvennec created visionarymarketing.com in 1996. He is a speaker and author of many books. In 2014 he went from intrapreneur to entrepreneur, when he created his digital marketing agency. Yann Gourvennec a cr\u00e9\u00e9 visionarymarketing.com en 1996. Il est conf\u00e9rencier et auteur de plusieurs livres. En 2014, il est pass\u00e9 d'intrapreneur \u00e0 entrepreneur en cr\u00e9ant son agence de marketing num\u00e9rique.\",\"sameAs\":[\"https:\\\/\\\/visionarymarketing.com\",\"http:\\\/\\\/facebook.com\\\/ygourven\",\"http:\\\/\\\/linkedin.com\\\/in\\\/ygourven\",\"https:\\\/\\\/x.com\\\/ygourven\",\"https:\\\/\\\/www.youtube.com\\\/c\\\/visionarymarketingagency\"],\"url\":\"https:\\\/\\\/visionarymarketing.com\\\/fr\\\/author\\\/yann-gourvennec\\\/\"}]}<\/script>\n<!-- \/ Yoast SEO plugin. -->","yoast_head_json":{"title":"Internet va-t-il tuer le capitalisme ? ( avec @g9plus )","description":"Verrons-nous cette fois-ci (2030 semble la date retenue)\u00a0Internet tuer le capitalisme. Mort 1000 fois annonc\u00e9e, mais syst\u00e8me jamais remplac\u00e9","robots":{"index":"index","follow":"follow","max-snippet":"max-snippet:-1","max-image-preview":"max-image-preview:large","max-video-preview":"max-video-preview:-1"},"canonical":"https:\/\/visionarymarketing.com\/fr\/2014\/11\/17\/capitalisme\/","og_locale":"fr_FR","og_type":"article","og_title":"Internet va-t-il tuer le capitalisme ? ( avec @g9plus )","og_description":"Verrons-nous cette fois-ci (2030 semble la date retenue)\u00a0Internet tuer le capitalisme. Mort 1000 fois annonc\u00e9e, mais syst\u00e8me jamais remplac\u00e9","og_url":"https:\/\/visionarymarketing.com\/fr\/2014\/11\/17\/capitalisme\/","og_site_name":"Marketing and Innovation","article_publisher":"https:\/\/www.facebook.com\/vismktg","article_author":"http:\/\/facebook.com\/ygourven","article_published_time":"2014-11-17T08:00:15+00:00","article_modified_time":"2024-04-15T13:36:18+00:00","og_image":[{"width":520,"height":340,"url":"https:\/\/visionarymarketing.com\/wp-content\/uploads\/2012\/09\/jumpstory-download20201110-215547.jpg","type":"image\/jpeg"}],"author":"Yann Gourvennec","twitter_card":"summary_large_image","twitter_creator":"@ygourven","twitter_site":"@ygourven","twitter_misc":{"\u00c9crit par":"Yann Gourvennec","Dur\u00e9e de lecture estim\u00e9e":"4 minutes"},"schema":{"@context":"https:\/\/schema.org","@graph":[{"@type":"NewsArticle","@id":"https:\/\/visionarymarketing.com\/fr\/2014\/11\/17\/capitalisme\/#article","isPartOf":{"@id":"https:\/\/visionarymarketing.com\/fr\/2014\/11\/17\/capitalisme\/"},"author":{"name":"Yann Gourvennec","@id":"https:\/\/visionarymarketing.com\/fr\/#\/schema\/person\/3754fee1e558f47b8deb46f53c37423e"},"headline":"Jeremy RIFKIN : Internet va-t-il tuer le capitalisme ?","datePublished":"2014-11-17T08:00:15+00:00","dateModified":"2024-04-15T13:36:18+00:00","mainEntityOfPage":{"@id":"https:\/\/visionarymarketing.com\/fr\/2014\/11\/17\/capitalisme\/"},"wordCount":916,"commentCount":3,"image":{"@id":"https:\/\/visionarymarketing.com\/fr\/2014\/11\/17\/capitalisme\/#primaryimage"},"thumbnailUrl":"https:\/\/visionarymarketing.com\/wp-content\/uploads\/2012\/09\/jumpstory-download20201110-215547.jpg","articleSection":["\u00e9conomie et num\u00e9rique"],"inLanguage":"fr-FR","potentialAction":[{"@type":"CommentAction","name":"Comment","target":["https:\/\/visionarymarketing.com\/fr\/2014\/11\/17\/capitalisme\/#respond"]}]},{"@type":"WebPage","@id":"https:\/\/visionarymarketing.com\/fr\/2014\/11\/17\/capitalisme\/","url":"https:\/\/visionarymarketing.com\/fr\/2014\/11\/17\/capitalisme\/","name":"Internet va-t-il tuer le capitalisme ? ( avec @g9plus )","isPartOf":{"@id":"https:\/\/visionarymarketing.com\/fr\/#website"},"primaryImageOfPage":{"@id":"https:\/\/visionarymarketing.com\/fr\/2014\/11\/17\/capitalisme\/#primaryimage"},"image":{"@id":"https:\/\/visionarymarketing.com\/fr\/2014\/11\/17\/capitalisme\/#primaryimage"},"thumbnailUrl":"https:\/\/visionarymarketing.com\/wp-content\/uploads\/2012\/09\/jumpstory-download20201110-215547.jpg","datePublished":"2014-11-17T08:00:15+00:00","dateModified":"2024-04-15T13:36:18+00:00","author":{"@id":"https:\/\/visionarymarketing.com\/fr\/#\/schema\/person\/3754fee1e558f47b8deb46f53c37423e"},"description":"Verrons-nous cette fois-ci (2030 semble la date retenue)\u00a0Internet tuer le capitalisme. Mort 1000 fois annonc\u00e9e, mais syst\u00e8me jamais remplac\u00e9","breadcrumb":{"@id":"https:\/\/visionarymarketing.com\/fr\/2014\/11\/17\/capitalisme\/#breadcrumb"},"inLanguage":"fr-FR","potentialAction":[{"@type":"ReadAction","target":["https:\/\/visionarymarketing.com\/fr\/2014\/11\/17\/capitalisme\/"]}]},{"@type":"ImageObject","inLanguage":"fr-FR","@id":"https:\/\/visionarymarketing.com\/fr\/2014\/11\/17\/capitalisme\/#primaryimage","url":"https:\/\/visionarymarketing.com\/wp-content\/uploads\/2012\/09\/jumpstory-download20201110-215547.jpg","contentUrl":"https:\/\/visionarymarketing.com\/wp-content\/uploads\/2012\/09\/jumpstory-download20201110-215547.jpg","width":520,"height":340,"caption":"CRM : Inbenta r\u00e9invente la foire aux questions (FAQ)"},{"@type":"BreadcrumbList","@id":"https:\/\/visionarymarketing.com\/fr\/2014\/11\/17\/capitalisme\/#breadcrumb","itemListElement":[{"@type":"ListItem","position":1,"name":"Home","item":"https:\/\/visionarymarketing.com\/fr\/"},{"@type":"ListItem","position":2,"name":"Jeremy RIFKIN : Internet va-t-il tuer le capitalisme ?"}]},{"@type":"WebSite","@id":"https:\/\/visionarymarketing.com\/fr\/#website","url":"https:\/\/visionarymarketing.com\/fr\/","name":"Marketing and Innovation","description":"Site d&#039;infos ind\u00e9pendant, depuis 1996","potentialAction":[{"@type":"SearchAction","target":{"@type":"EntryPoint","urlTemplate":"https:\/\/visionarymarketing.com\/fr\/?s={search_term_string}"},"query-input":{"@type":"PropertyValueSpecification","valueRequired":true,"valueName":"search_term_string"}}],"inLanguage":"fr-FR"},{"@type":"Person","@id":"https:\/\/visionarymarketing.com\/fr\/#\/schema\/person\/3754fee1e558f47b8deb46f53c37423e","name":"Yann Gourvennec","image":{"@type":"ImageObject","inLanguage":"fr-FR","@id":"https:\/\/secure.gravatar.com\/avatar\/5972001801e8de5692a3e31224e85769f50a55fb8b679749f9c8d1868cceff14?s=96&d=initials&r=g&initials=yg","url":"https:\/\/secure.gravatar.com\/avatar\/5972001801e8de5692a3e31224e85769f50a55fb8b679749f9c8d1868cceff14?s=96&d=initials&r=g&initials=yg","contentUrl":"https:\/\/secure.gravatar.com\/avatar\/5972001801e8de5692a3e31224e85769f50a55fb8b679749f9c8d1868cceff14?s=96&d=initials&r=g&initials=yg","caption":"Yann Gourvennec"},"description":"Yann Gourvennec created visionarymarketing.com in 1996. He is a speaker and author of many books. In 2014 he went from intrapreneur to entrepreneur, when he created his digital marketing agency. Yann Gourvennec a cr\u00e9\u00e9 visionarymarketing.com en 1996. Il est conf\u00e9rencier et auteur de plusieurs livres. En 2014, il est pass\u00e9 d'intrapreneur \u00e0 entrepreneur en cr\u00e9ant son agence de marketing num\u00e9rique.","sameAs":["https:\/\/visionarymarketing.com","http:\/\/facebook.com\/ygourven","http:\/\/linkedin.com\/in\/ygourven","https:\/\/x.com\/ygourven","https:\/\/www.youtube.com\/c\/visionarymarketingagency"],"url":"https:\/\/visionarymarketing.com\/fr\/author\/yann-gourvennec\/"}]}},"_links":{"self":[{"href":"https:\/\/visionarymarketing.com\/fr\/wp-json\/wp\/v2\/posts\/16332","targetHints":{"allow":["GET"]}}],"collection":[{"href":"https:\/\/visionarymarketing.com\/fr\/wp-json\/wp\/v2\/posts"}],"about":[{"href":"https:\/\/visionarymarketing.com\/fr\/wp-json\/wp\/v2\/types\/post"}],"author":[{"embeddable":true,"href":"https:\/\/visionarymarketing.com\/fr\/wp-json\/wp\/v2\/users\/2"}],"replies":[{"embeddable":true,"href":"https:\/\/visionarymarketing.com\/fr\/wp-json\/wp\/v2\/comments?post=16332"}],"version-history":[{"count":0,"href":"https:\/\/visionarymarketing.com\/fr\/wp-json\/wp\/v2\/posts\/16332\/revisions"}],"wp:featuredmedia":[{"embeddable":true,"href":"https:\/\/visionarymarketing.com\/fr\/wp-json\/wp\/v2\/media\/59375"}],"wp:attachment":[{"href":"https:\/\/visionarymarketing.com\/fr\/wp-json\/wp\/v2\/media?parent=16332"}],"wp:term":[{"taxonomy":"category","embeddable":true,"href":"https:\/\/visionarymarketing.com\/fr\/wp-json\/wp\/v2\/categories?post=16332"},{"taxonomy":"post_tag","embeddable":true,"href":"https:\/\/visionarymarketing.com\/fr\/wp-json\/wp\/v2\/tags?post=16332"}],"curies":[{"name":"wp","href":"https:\/\/api.w.org\/{rel}","templated":true}]}}