{"id":16289,"date":"2014-11-03T09:00:40","date_gmt":"2014-11-03T08:00:40","guid":{"rendered":"http:\/\/visionarymarketing.fr\/blog\/?p=16289"},"modified":"2023-12-24T10:58:23","modified_gmt":"2023-12-24T09:58:23","slug":"conference-intranet-rse-transformation-digitale-100-euros-reductions-lecteurs","status":"publish","type":"post","link":"https:\/\/visionarymarketing.com\/fr\/2014\/11\/03\/conference-intranet-rse-transformation-digitale-100-euros-reductions-lecteurs\/","title":{"rendered":"Conf\u00e9rence Intranet, RSE et transformation digitale : 100 euros de r\u00e9duction !"},"content":{"rendered":"<p><span style=\"color: #003366;\"><em><a href=\"https:\/\/visionarymarketing.com\/wp-content\/uploads\/2013\/02\/network-large.gif\"><img decoding=\"async\" class=\"alignleft wp-image-7668\" src=\"https:\/\/visionarymarketing.com\/wp-content\/uploads\/2013\/02\/network-large-150x150.gif\" alt=\"Intranet\" width=\"100\" height=\"122\" \/><\/a><span class=\"removed_link\" title=\"https:\/\/visionarymarketing.com\/2006\/02\/un-blog-en-anglais-pour-visionarymarketing\/\">Visionary Marketing<\/span> s&rsquo;associe \u00e0 nouveau\u00a0avec CCM Benchmark pour vous convier \u00e0 la\u00a0journ\u00e9e exceptionnelle du 18 novembre, date \u00e0 laquelle se tiendra la conf\u00e9rence \u00ab\u00a0Intranet, RSE et transformation digitale\u00a0\u00bb, \u00e0 la maison <a class=\"zem_slink\" title=\"Champs-\u00c9lys\u00e9es\" href=\"http:\/\/maps.google.com\/maps?ll=48.8697222222,2.3075&amp;spn=0.01,0.01&amp;q=48.8697222222,2.3075 (Champs-%C3%89lys%C3%A9es)&amp;t=h\" target=\"_blank\" rel=\"geolocation noopener noreferrer\">Champs-\u00c9lys\u00e9es<\/a>, 8 rue <a class=\"zem_slink\" title=\"Jean Goujon\" href=\"https:\/\/en.wikipedia.org\/wiki\/Jean_Goujon\" target=\"_blank\" rel=\"noopener wikipedia noreferrer\">Jean Goujon<\/a>, 75008, Paris. Nous y animerons en outre une table ronde intitul\u00e9e \u00ab\u00a0Transformation digitale, vision partag\u00e9e en interne\u00a0\u00bb \u00e0 16:45.<\/em><\/span><\/p>\n<p>Comme \u00e0 notre habitude pour ce genre d&rsquo;\u00e9v\u00e8nement, nous vous offrons un bon de r\u00e9duction de 100 euros : pour cela, il vous suffit d&rsquo;entrer le code promotion : \u00a0\u00a0<strong>transfo2014visionary<\/strong> \u00a0 \u00a0au moment de l&rsquo;inscription pour profiter de la remise. Imprimant leur marque sur l&rsquo;entreprise et ses processus internes, les projets de r\u00e9seaux sociaux d&rsquo;entreprise (RSE) se multiplient. Dans le m\u00eame temps, l&rsquo;intranet historique prend une orientation de plus en plus collaborative et sociale, tandis que l&rsquo;acc\u00e8s en situation de mobilit\u00e9 &#8211; via smartphones et tablettes &#8211; est de plus en plus fr\u00e9quent.<\/p>\n<figure id=\"attachment_16291\" aria-describedby=\"caption-attachment-16291\" style=\"width: 599px\" class=\"wp-caption aligncenter\"><a href=\"https:\/\/web.archive.org\/web\/20200628100046\/http:\/\/www.ccmbenchmark.com:80\/institut\" target=\"_blank\" rel=\"noopener noreferrer\"><img decoding=\"async\" class=\"wp-image-16291\" src=\"https:\/\/visionarymarketing.com\/wp-content\/uploads\/2014\/11\/cropped-920x250.jpg\" alt=\"RSE et Intranet\" width=\"599\" height=\"156\" srcset=\"https:\/\/visionarymarketing.com\/wp-content\/uploads\/2014\/11\/cropped-920x250.jpg 960w, https:\/\/visionarymarketing.com\/wp-content\/uploads\/2014\/11\/cropped-920x250-500x130.jpg 500w, https:\/\/visionarymarketing.com\/wp-content\/uploads\/2014\/11\/cropped-920x250-768x200.jpg 768w, https:\/\/visionarymarketing.com\/wp-content\/uploads\/2014\/11\/cropped-920x250-300x78.jpg 300w\" sizes=\"(max-width: 599px) 100vw, 599px\" \/><\/a><figcaption id=\"caption-attachment-16291\" class=\"wp-caption-text\">Ne pas oublier le code transfo2014visionary pour b\u00e9n\u00e9ficier de la r\u00e9duction<\/figcaption><\/figure>\n<p>Dans ce contexte, Intranet, RSE, espaces collaboratifs et extranets constituent progressivement les briques d&rsquo;un tout plus global que certains nomment \u00ab\u00a0digital workplace\u00a0\u00bb et au sein duquel chaque \u00e9l\u00e9ment a un r\u00f4le aussi pr\u00e9cis que possible \u00e0 jouer.<\/p>\n<p>Collaboratif : \u00e0 quels nouveaux d\u00e9fis les entreprises doivent-elles faire face ? Comment l&rsquo;intranet de communication, les plates-formes collaboratives et le RSE doivent-ils \u00eatre organis\u00e9s les uns par rapport aux autres ? Comment aligner les conversations sur les objectifs business ? Ouvrir son RSE \u00e0 ses clients et partenaires : pourquoi, comment ? Comment le digital oblige-t-il les grandes organisations \u00e0 b\u00e2tir de nouvelles strat\u00e9gies marketing et \u00e0 repenser leur organisation ? Comment leur business model \u00e9volue-t-il ?<\/p>\n<figure id=\"attachment_11537\" aria-describedby=\"caption-attachment-11537\" style=\"width: 185px\" class=\"wp-caption aligncenter\"><a href=\"https:\/\/web.archive.org\/web\/20200628100046\/http:\/\/www.ccmbenchmark.com:80\/institut\"><img decoding=\"async\" class=\"wp-image-11537\" src=\"https:\/\/visionarymarketing.com\/wp-content\/uploads\/2013\/12\/sinscrire.jpg\" alt=\"sinscrire\" width=\"185\" height=\"86\" \/><\/a><figcaption id=\"caption-attachment-11537\" class=\"wp-caption-text\">code transfo2014visionary pour b\u00e9n\u00e9ficier de la remise<\/figcaption><\/figure>\n<p>Pour r\u00e9pondre \u00e0 ces questions, CCM Benchmark r\u00e9unit les responsables de grands intranets et RSE ainsi que des experts de renom lors de cette nouvelle \u00e9dition de la conf\u00e9rence \u00ab Intranet, RSE et transformation digitale \u00bb. Ils partageront au cour de cette conf\u00e9rence leur vision, leurs retours d&rsquo;exp\u00e9rience et leurs meilleures pratiques.<\/p>\n<blockquote class=\"quote-light\">\n<h3>9H00<i> &#8211; <\/i>DYNAMIQUE D&rsquo;\u00c9VOLUTION DES PRATIQUES COLLABORATIVES DANS LES GRANDES ENTREPRISES<\/h3>\n<p>A quel rythme les pratiques collaboratives se diffusent-elles dans les grandes entreprises ? Quels d\u00e9partements m\u00e9tiers sont concern\u00e9s prioritairement ? Quel est l&rsquo;\u00e9tat des lieux de l&rsquo;avancement des organisations en mati\u00e8re de transformation digitale ?<br \/>\nPar Arnaud Rayrole (<b>Lecko<\/b>)<\/p>\n<h3>9H15<i> &#8211; <\/i>INTRANET, RSE ET DIGITAL WORKPLACE<\/h3>\n<p>Comment l&rsquo;intranet de communication, les plates-formes collaboratives et le RSE doivent-ils \u00eatre organis\u00e9s\u00a0? Autour d&rsquo;un portail ? Autour d&rsquo;un r\u00e9seau social interne ? Une plate-forme de type \u00ab digital workplace \u00bb doit-elle au contraire voir le jour ? Avec quelles contraintes ? Pour quels b\u00e9n\u00e9fices ?<br \/>\nAvec :<br \/>\n&#8211; V\u00e9ronique Bonin (<b><a class=\"zem_slink\" title=\"LSE: EN\" href=\"http:\/\/www.google.com\/finance?q=LON:EN\" target=\"_blank\" rel=\"googlefinance noopener noreferrer\">Bouygues<\/a> SA<\/b>)<br \/>\n&#8211; Arnaud Guittard (<b>CCI de R\u00e9gion Alsace<\/b>)<br \/>\n&#8211; Gr\u00e9goire Charpe-Civatte (<b>Rexel<\/b>)<br \/>\nTable ronde anim\u00e9e par Fabrice Deblock, <b>CCM Benchmark<\/b><\/p>\n<h3>10H15<i> &#8211; <\/i>R\u00c9SEAU SOCIAL D&rsquo;ENTREPRISE : TRAVAILLER AUTREMENT<\/h3>\n<p>Quels b\u00e9n\u00e9fices le RSE apporte-t-il en mati\u00e8re de m\u00e9thodes de travail et d&rsquo;efficacit\u00e9 collective ? Fluidifie-t-il r\u00e9ellement les \u00e9changes entre collaborateurs ? Modifie-t-il la gestion des comp\u00e9tences ?<br \/>\nPar Sarah Alezrah, <b><a class=\"zem_slink\" title=\"Bouygues Telecom\" href=\"http:\/\/www.bouyguestelecom.fr\/\" target=\"_blank\" rel=\"homepage noopener noreferrer\">Bouygues Telecom<\/a><\/b><\/p>\n<h3>10H45<i> &#8211; <\/i>PAUSE<\/h3>\n<h3>11H15<i> &#8211; <\/i>MANAGEMENT DE LA COMMUNICATION ET COMMUNICATION MANAG\u00c9RIALE VIA\u00a0LES\u00a0RSE<\/h3>\n<p>En quoi le RSE facilite-t-il l&rsquo;appropriation par les \u00e9quipes de la strat\u00e9gie d&rsquo;entreprise ? Renforce-t-il l&rsquo;engagement des salari\u00e9s ? Contribue-t-il \u00e0 faire comprendre aux collaborateurs en quoi leur contribution individuelle s&rsquo;inscrit dans la strat\u00e9gie collective ?<br \/>\nAvec :<br \/>\n&#8211; Intervenant en cours (<b>EDF<\/b>)<br \/>\n&#8211; Vincent Colas (<b>Humanis<\/b>)<br \/>\n&#8211; Vincent Berthelot (<b>Observatoire des R\u00e9seaux Sociaux d&rsquo;entreprise<\/b>)<br \/>\nTable ronde anim\u00e9e par Michel Germain, <b>Arctus<\/b><\/p>\n<h3>12H15<i> &#8211; <\/i>DE L&rsquo;ORGANISATION \u00ab RESPONSIVE \u00bb AUX FUTURS MODES DE TRAVAIL<\/h3>\n<p>Les entreprises \u00e9voluent dans un monde ultra-connect\u00e9 et cherchent \u00e0 transformer leurs modes de travail. Quelles sont les \u00e9volutions des exp\u00e9riences de travail et comment va-t-on travailler demain ? Comment accompagner cette transformation ? Comment tirer parti de la richesse des interactions au sein de l&rsquo;entreprise ? Comment les outils de travail vont-ils \u00e9voluer ?<br \/>\nPar Alexandre Cipriani (<b>Microsoft<\/b>)<\/p>\n<h3>12H45<i> &#8211; <\/i>D\u00c9JEUNER<\/h3>\n<h3>14H15<i> &#8211; <\/i>MANAGEMENT DE L&rsquo;INNOVATION ET RSE<\/h3>\n<p>Quelles m\u00e9caniques d&rsquo;innovation le RSE permet-il de mettre en oeuvre ? Comment ces dispositifs se mat\u00e9rialisent-ils ? Quels sont les impacts RH, organisationnels, manag\u00e9riaux ? Comment en mesurer les b\u00e9n\u00e9fices ? Comment au final diffuser une culture de l&rsquo;innovation au service de l&rsquo;exp\u00e9rience client ?<br \/>\nAvec :<br \/>\n&#8211; Damien De Bloteau (<b><a class=\"zem_slink\" title=\"Ag2r-La Mondiale\" href=\"https:\/\/web.archive.org\/web\/20220104012946\/http:\/\/www.cyclisme.ag2rlamondiale.fr\/\" target=\"_blank\" rel=\"homepage noopener noreferrer\">AG2R La Mondiale<\/a><\/b>)<br \/>\n&#8211; <i>Autres intervenants en cours de confirmation<\/i><br \/>\nTable ronde anim\u00e9e par Fabrice Deblock, <b>CCM Benchmark<\/b><\/p>\n<h3>14H45<i> &#8211; <\/i>PROFESSIONNALISER LES \u00c9QUIPES DIGITALES<\/h3>\n<p>La transformation digitale est un vrai processus de changement culturel, concr\u00e9tis\u00e9 par des nouveaux usages collaboratifs et sociaux et aboutissant \u00e0 une \u00e9volution des approches m\u00e9tiers, rendant l&rsquo;entreprise plus agile et apte a se r\u00e9inventer. La mise en place d&rsquo;\u00e9quipes en charge de porter le changement \u00e0 l&rsquo;\u00e9chelle de l&rsquo;entreprise se multiplie dans les grandes organisations.<br \/>\nAvec :<br \/>\n&#8211; Laurent Herbillon (<b><a class=\"zem_slink\" title=\"BNP Paribas\" href=\"http:\/\/www.bnpparibas.com\" target=\"_blank\" rel=\"homepage noopener noreferrer\">BNP Paribas<\/a> Personal Finance<\/b>)<br \/>\n&#8211; Emmanuel Bleuse et Fabien Guigonnet (<b>RATP<\/b>)<br \/>\n&#8211; Adrin\u00e9e Fave (<b>Technip<\/b>)<br \/>\nTable ronde anim\u00e9e par Arnaud Rayrole, <b>Lecko<\/b><\/p>\n<h3>15H30<i> &#8211; <\/i>PAUSE<\/h3>\n<h3>16H00<i> &#8211; <\/i>LA R\u00c9VOLUTION DIGITALE AU SEIN D&rsquo;UN GRAND GROUPE<\/h3>\n<p>Comment le digital oblige les grandes organisations \u00e0 b\u00e2tir de nouvelles strat\u00e9gies marketing et \u00e0 repenser leur organisation ? Comment leur business model \u00e9volue-t-il ? Quelles actions de formation et de sensibilisation internes les grands groupes doivent-ils mettre en place ?<br \/>\nAvec :<br \/>\n&#8211; Marc Florette (<b><span class=\"removed_link\" title=\"http:\/\/www.gdfsuez.com\/\">GDF Suez<\/span><\/b>)<br \/>\n&#8211; Patrice Slupowski (<a href=\"http:\/\/orange.fr\" target=\"_blank\" rel=\"noopener noreferrer\"><b>Orange<\/b><\/a>)<br \/>\n&#8211; Anthony Poncier (<b>Publicis Consultants Net Intelligenz<\/b>)<br \/>\nTable ronde anim\u00e9e par Fabrice Deblock, <b>CCM Benchmark<\/b><\/p>\n<h3>16H45<i> &#8211; <\/i>TRANSFORMATION DIGITALE : UNE VISION PARTAG\u00c9E EN INTERNE<\/h3>\n<p>Au-del\u00e0 des outils, le digital est avant tout un \u00e9tat d&rsquo;esprit. Mais comment faire pour le mettre en oeuvre efficacement ? Quand et pourquoi d\u00e9finir une vision commune pour g\u00e9n\u00e9rer une acceptation partag\u00e9e du digital ? Comment impliquer le comit\u00e9 de direction et les actionnaires dans cette voie ?<br \/>\nAvec :<br \/>\n&#8211; David Kujas (<b>Accenture<\/b>)<br \/>\n&#8211; Michael Tartar (<b>Consultant ind\u00e9pendant<\/b>)<br \/>\n&#8211; Yvan Boudillet (<b><a class=\"zem_slink\" title=\"Warner Music Group\" href=\"http:\/\/www.wmg.com\" target=\"_blank\" rel=\"homepage noopener noreferrer\">Warner Music France<\/a><\/b>)<br \/>\nTable ronde anim\u00e9e par Yann Gourvennec, <b>Visionary Marketing<\/b><\/p><\/blockquote>\n","protected":false},"excerpt":{"rendered":"<p>Visionary Marketing s&rsquo;associe \u00e0 nouveau\u00a0avec CCM Benchmark pour vous convier \u00e0 la\u00a0journ\u00e9e exceptionnelle du 18 novembre, date \u00e0 laquelle se tiendra la conf\u00e9rence \u00ab\u00a0Intranet, RSE et transformation digitale\u00a0\u00bb, \u00e0 la maison Champs-\u00c9lys\u00e9es, 8 rue Jean Goujon, 75008, Paris. Nous y animerons en outre une table ronde intitul\u00e9e \u00ab\u00a0Transformation digitale, vision partag\u00e9e en interne\u00a0\u00bb \u00e0 16:45. &hellip;<\/p>\n","protected":false},"author":2,"featured_media":34063,"comment_status":"open","ping_status":"open","sticky":false,"template":"","format":"standard","meta":{"footnotes":""},"categories":[2898,2808],"tags":[],"class_list":["post-16289","post","type-post","status-publish","format-standard","has-post-thumbnail","hentry","category-communication-digitale","category-transformation-digitale"],"yoast_head":"<!-- This site is optimized with the Yoast SEO plugin v27.4 - https:\/\/yoast.com\/product\/yoast-seo-wordpress\/ -->\n<title>Conf\u00e9rence Intranet, RSE et transformation digitale<\/title>\n<meta name=\"description\" content=\"Journ\u00e9e exceptionnelle avec la conf\u00e9rence &quot;Intranet, RSE et transformation digitale&quot;, \u00e0 la maison Champs-\u00c9lys\u00e9es, 8 rue Jean Goujon \u00e0 Paris\" \/>\n<meta name=\"robots\" content=\"index, follow, max-snippet:-1, max-image-preview:large, max-video-preview:-1\" \/>\n<link rel=\"canonical\" href=\"https:\/\/visionarymarketing.com\/fr\/2014\/11\/03\/conference-intranet-rse-transformation-digitale-100-euros-reductions-lecteurs\/\" \/>\n<meta property=\"og:locale\" content=\"fr_FR\" \/>\n<meta property=\"og:type\" content=\"article\" \/>\n<meta property=\"og:title\" content=\"Conf\u00e9rence Intranet, RSE et transformation digitale\" \/>\n<meta property=\"og:description\" content=\"Journ\u00e9e exceptionnelle avec la conf\u00e9rence &quot;Intranet, RSE et transformation digitale&quot;, \u00e0 la maison Champs-\u00c9lys\u00e9es, 8 rue Jean Goujon \u00e0 Paris\" \/>\n<meta property=\"og:url\" content=\"https:\/\/visionarymarketing.com\/fr\/2014\/11\/03\/conference-intranet-rse-transformation-digitale-100-euros-reductions-lecteurs\/\" \/>\n<meta property=\"og:site_name\" content=\"Marketing and Innovation\" \/>\n<meta property=\"article:publisher\" content=\"https:\/\/www.facebook.com\/vismktg\" \/>\n<meta property=\"article:author\" content=\"http:\/\/facebook.com\/ygourven\" \/>\n<meta property=\"article:published_time\" content=\"2014-11-03T08:00:40+00:00\" \/>\n<meta property=\"article:modified_time\" content=\"2023-12-24T09:58:23+00:00\" \/>\n<meta property=\"og:image\" content=\"https:\/\/visionarymarketing.com\/wp-content\/uploads\/2019\/11\/48112460011_0d38a2b2a9_k.jpg\" \/>\n\t<meta property=\"og:image:width\" content=\"644\" \/>\n\t<meta property=\"og:image:height\" content=\"430\" \/>\n\t<meta property=\"og:image:type\" content=\"image\/jpeg\" \/>\n<meta name=\"author\" content=\"Yann Gourvennec\" \/>\n<meta name=\"twitter:card\" content=\"summary_large_image\" \/>\n<meta name=\"twitter:creator\" content=\"@ygourven\" \/>\n<meta name=\"twitter:site\" content=\"@ygourven\" \/>\n<meta name=\"twitter:label1\" content=\"\u00c9crit par\" \/>\n\t<meta name=\"twitter:data1\" content=\"Yann Gourvennec\" \/>\n\t<meta name=\"twitter:label2\" content=\"Dur\u00e9e de lecture estim\u00e9e\" \/>\n\t<meta name=\"twitter:data2\" content=\"5 minutes\" \/>\n<script type=\"application\/ld+json\" class=\"yoast-schema-graph\">{\"@context\":\"https:\\\/\\\/schema.org\",\"@graph\":[{\"@type\":\"NewsArticle\",\"@id\":\"https:\\\/\\\/visionarymarketing.com\\\/fr\\\/2014\\\/11\\\/03\\\/conference-intranet-rse-transformation-digitale-100-euros-reductions-lecteurs\\\/#article\",\"isPartOf\":{\"@id\":\"https:\\\/\\\/visionarymarketing.com\\\/fr\\\/2014\\\/11\\\/03\\\/conference-intranet-rse-transformation-digitale-100-euros-reductions-lecteurs\\\/\"},\"author\":{\"name\":\"Yann Gourvennec\",\"@id\":\"https:\\\/\\\/visionarymarketing.com\\\/fr\\\/#\\\/schema\\\/person\\\/3754fee1e558f47b8deb46f53c37423e\"},\"headline\":\"Conf\u00e9rence Intranet, RSE et transformation digitale : 100 euros de r\u00e9duction !\",\"datePublished\":\"2014-11-03T08:00:40+00:00\",\"dateModified\":\"2023-12-24T09:58:23+00:00\",\"mainEntityOfPage\":{\"@id\":\"https:\\\/\\\/visionarymarketing.com\\\/fr\\\/2014\\\/11\\\/03\\\/conference-intranet-rse-transformation-digitale-100-euros-reductions-lecteurs\\\/\"},\"wordCount\":1052,\"commentCount\":0,\"image\":{\"@id\":\"https:\\\/\\\/visionarymarketing.com\\\/fr\\\/2014\\\/11\\\/03\\\/conference-intranet-rse-transformation-digitale-100-euros-reductions-lecteurs\\\/#primaryimage\"},\"thumbnailUrl\":\"https:\\\/\\\/visionarymarketing.com\\\/wp-content\\\/uploads\\\/2019\\\/11\\\/48112460011_0d38a2b2a9_k.jpg\",\"articleSection\":[\"communication digitale\",\"Transformation\"],\"inLanguage\":\"fr-FR\",\"potentialAction\":[{\"@type\":\"CommentAction\",\"name\":\"Comment\",\"target\":[\"https:\\\/\\\/visionarymarketing.com\\\/fr\\\/2014\\\/11\\\/03\\\/conference-intranet-rse-transformation-digitale-100-euros-reductions-lecteurs\\\/#respond\"]}]},{\"@type\":\"WebPage\",\"@id\":\"https:\\\/\\\/visionarymarketing.com\\\/fr\\\/2014\\\/11\\\/03\\\/conference-intranet-rse-transformation-digitale-100-euros-reductions-lecteurs\\\/\",\"url\":\"https:\\\/\\\/visionarymarketing.com\\\/fr\\\/2014\\\/11\\\/03\\\/conference-intranet-rse-transformation-digitale-100-euros-reductions-lecteurs\\\/\",\"name\":\"Conf\u00e9rence Intranet, RSE et transformation digitale\",\"isPartOf\":{\"@id\":\"https:\\\/\\\/visionarymarketing.com\\\/fr\\\/#website\"},\"primaryImageOfPage\":{\"@id\":\"https:\\\/\\\/visionarymarketing.com\\\/fr\\\/2014\\\/11\\\/03\\\/conference-intranet-rse-transformation-digitale-100-euros-reductions-lecteurs\\\/#primaryimage\"},\"image\":{\"@id\":\"https:\\\/\\\/visionarymarketing.com\\\/fr\\\/2014\\\/11\\\/03\\\/conference-intranet-rse-transformation-digitale-100-euros-reductions-lecteurs\\\/#primaryimage\"},\"thumbnailUrl\":\"https:\\\/\\\/visionarymarketing.com\\\/wp-content\\\/uploads\\\/2019\\\/11\\\/48112460011_0d38a2b2a9_k.jpg\",\"datePublished\":\"2014-11-03T08:00:40+00:00\",\"dateModified\":\"2023-12-24T09:58:23+00:00\",\"author\":{\"@id\":\"https:\\\/\\\/visionarymarketing.com\\\/fr\\\/#\\\/schema\\\/person\\\/3754fee1e558f47b8deb46f53c37423e\"},\"description\":\"Journ\u00e9e exceptionnelle avec la conf\u00e9rence \\\"Intranet, RSE et transformation digitale\\\", \u00e0 la maison Champs-\u00c9lys\u00e9es, 8 rue Jean Goujon \u00e0 Paris\",\"breadcrumb\":{\"@id\":\"https:\\\/\\\/visionarymarketing.com\\\/fr\\\/2014\\\/11\\\/03\\\/conference-intranet-rse-transformation-digitale-100-euros-reductions-lecteurs\\\/#breadcrumb\"},\"inLanguage\":\"fr-FR\",\"potentialAction\":[{\"@type\":\"ReadAction\",\"target\":[\"https:\\\/\\\/visionarymarketing.com\\\/fr\\\/2014\\\/11\\\/03\\\/conference-intranet-rse-transformation-digitale-100-euros-reductions-lecteurs\\\/\"]}]},{\"@type\":\"ImageObject\",\"inLanguage\":\"fr-FR\",\"@id\":\"https:\\\/\\\/visionarymarketing.com\\\/fr\\\/2014\\\/11\\\/03\\\/conference-intranet-rse-transformation-digitale-100-euros-reductions-lecteurs\\\/#primaryimage\",\"url\":\"https:\\\/\\\/visionarymarketing.com\\\/wp-content\\\/uploads\\\/2019\\\/11\\\/48112460011_0d38a2b2a9_k.jpg\",\"contentUrl\":\"https:\\\/\\\/visionarymarketing.com\\\/wp-content\\\/uploads\\\/2019\\\/11\\\/48112460011_0d38a2b2a9_k.jpg\",\"width\":644,\"height\":430},{\"@type\":\"BreadcrumbList\",\"@id\":\"https:\\\/\\\/visionarymarketing.com\\\/fr\\\/2014\\\/11\\\/03\\\/conference-intranet-rse-transformation-digitale-100-euros-reductions-lecteurs\\\/#breadcrumb\",\"itemListElement\":[{\"@type\":\"ListItem\",\"position\":1,\"name\":\"Home\",\"item\":\"https:\\\/\\\/visionarymarketing.com\\\/fr\\\/\"},{\"@type\":\"ListItem\",\"position\":2,\"name\":\"Conf\u00e9rence Intranet, RSE et transformation digitale : 100 euros de r\u00e9duction !\"}]},{\"@type\":\"WebSite\",\"@id\":\"https:\\\/\\\/visionarymarketing.com\\\/fr\\\/#website\",\"url\":\"https:\\\/\\\/visionarymarketing.com\\\/fr\\\/\",\"name\":\"Marketing and Innovation\",\"description\":\"Site d&#039;infos ind\u00e9pendant, depuis 1996\",\"potentialAction\":[{\"@type\":\"SearchAction\",\"target\":{\"@type\":\"EntryPoint\",\"urlTemplate\":\"https:\\\/\\\/visionarymarketing.com\\\/fr\\\/?s={search_term_string}\"},\"query-input\":{\"@type\":\"PropertyValueSpecification\",\"valueRequired\":true,\"valueName\":\"search_term_string\"}}],\"inLanguage\":\"fr-FR\"},{\"@type\":\"Person\",\"@id\":\"https:\\\/\\\/visionarymarketing.com\\\/fr\\\/#\\\/schema\\\/person\\\/3754fee1e558f47b8deb46f53c37423e\",\"name\":\"Yann Gourvennec\",\"image\":{\"@type\":\"ImageObject\",\"inLanguage\":\"fr-FR\",\"@id\":\"https:\\\/\\\/secure.gravatar.com\\\/avatar\\\/5972001801e8de5692a3e31224e85769f50a55fb8b679749f9c8d1868cceff14?s=96&d=initials&r=g&initials=yg\",\"url\":\"https:\\\/\\\/secure.gravatar.com\\\/avatar\\\/5972001801e8de5692a3e31224e85769f50a55fb8b679749f9c8d1868cceff14?s=96&d=initials&r=g&initials=yg\",\"contentUrl\":\"https:\\\/\\\/secure.gravatar.com\\\/avatar\\\/5972001801e8de5692a3e31224e85769f50a55fb8b679749f9c8d1868cceff14?s=96&d=initials&r=g&initials=yg\",\"caption\":\"Yann Gourvennec\"},\"description\":\"Yann Gourvennec created visionarymarketing.com in 1996. He is a speaker and author of many books. In 2014 he went from intrapreneur to entrepreneur, when he created his digital marketing agency. Yann Gourvennec a cr\u00e9\u00e9 visionarymarketing.com en 1996. Il est conf\u00e9rencier et auteur de plusieurs livres. En 2014, il est pass\u00e9 d'intrapreneur \u00e0 entrepreneur en cr\u00e9ant son agence de marketing num\u00e9rique.\",\"sameAs\":[\"https:\\\/\\\/visionarymarketing.com\",\"http:\\\/\\\/facebook.com\\\/ygourven\",\"http:\\\/\\\/linkedin.com\\\/in\\\/ygourven\",\"https:\\\/\\\/x.com\\\/ygourven\",\"https:\\\/\\\/www.youtube.com\\\/c\\\/visionarymarketingagency\"],\"url\":\"https:\\\/\\\/visionarymarketing.com\\\/fr\\\/author\\\/yann-gourvennec\\\/\"}]}<\/script>\n<!-- \/ Yoast SEO plugin. -->","yoast_head_json":{"title":"Conf\u00e9rence Intranet, RSE et transformation digitale","description":"Journ\u00e9e exceptionnelle avec la conf\u00e9rence \"Intranet, RSE et transformation digitale\", \u00e0 la maison Champs-\u00c9lys\u00e9es, 8 rue Jean Goujon \u00e0 Paris","robots":{"index":"index","follow":"follow","max-snippet":"max-snippet:-1","max-image-preview":"max-image-preview:large","max-video-preview":"max-video-preview:-1"},"canonical":"https:\/\/visionarymarketing.com\/fr\/2014\/11\/03\/conference-intranet-rse-transformation-digitale-100-euros-reductions-lecteurs\/","og_locale":"fr_FR","og_type":"article","og_title":"Conf\u00e9rence Intranet, RSE et transformation digitale","og_description":"Journ\u00e9e exceptionnelle avec la conf\u00e9rence \"Intranet, RSE et transformation digitale\", \u00e0 la maison Champs-\u00c9lys\u00e9es, 8 rue Jean Goujon \u00e0 Paris","og_url":"https:\/\/visionarymarketing.com\/fr\/2014\/11\/03\/conference-intranet-rse-transformation-digitale-100-euros-reductions-lecteurs\/","og_site_name":"Marketing and Innovation","article_publisher":"https:\/\/www.facebook.com\/vismktg","article_author":"http:\/\/facebook.com\/ygourven","article_published_time":"2014-11-03T08:00:40+00:00","article_modified_time":"2023-12-24T09:58:23+00:00","og_image":[{"width":644,"height":430,"url":"https:\/\/visionarymarketing.com\/wp-content\/uploads\/2019\/11\/48112460011_0d38a2b2a9_k.jpg","type":"image\/jpeg"}],"author":"Yann Gourvennec","twitter_card":"summary_large_image","twitter_creator":"@ygourven","twitter_site":"@ygourven","twitter_misc":{"\u00c9crit par":"Yann Gourvennec","Dur\u00e9e de lecture estim\u00e9e":"5 minutes"},"schema":{"@context":"https:\/\/schema.org","@graph":[{"@type":"NewsArticle","@id":"https:\/\/visionarymarketing.com\/fr\/2014\/11\/03\/conference-intranet-rse-transformation-digitale-100-euros-reductions-lecteurs\/#article","isPartOf":{"@id":"https:\/\/visionarymarketing.com\/fr\/2014\/11\/03\/conference-intranet-rse-transformation-digitale-100-euros-reductions-lecteurs\/"},"author":{"name":"Yann Gourvennec","@id":"https:\/\/visionarymarketing.com\/fr\/#\/schema\/person\/3754fee1e558f47b8deb46f53c37423e"},"headline":"Conf\u00e9rence Intranet, RSE et transformation digitale : 100 euros de r\u00e9duction !","datePublished":"2014-11-03T08:00:40+00:00","dateModified":"2023-12-24T09:58:23+00:00","mainEntityOfPage":{"@id":"https:\/\/visionarymarketing.com\/fr\/2014\/11\/03\/conference-intranet-rse-transformation-digitale-100-euros-reductions-lecteurs\/"},"wordCount":1052,"commentCount":0,"image":{"@id":"https:\/\/visionarymarketing.com\/fr\/2014\/11\/03\/conference-intranet-rse-transformation-digitale-100-euros-reductions-lecteurs\/#primaryimage"},"thumbnailUrl":"https:\/\/visionarymarketing.com\/wp-content\/uploads\/2019\/11\/48112460011_0d38a2b2a9_k.jpg","articleSection":["communication digitale","Transformation"],"inLanguage":"fr-FR","potentialAction":[{"@type":"CommentAction","name":"Comment","target":["https:\/\/visionarymarketing.com\/fr\/2014\/11\/03\/conference-intranet-rse-transformation-digitale-100-euros-reductions-lecteurs\/#respond"]}]},{"@type":"WebPage","@id":"https:\/\/visionarymarketing.com\/fr\/2014\/11\/03\/conference-intranet-rse-transformation-digitale-100-euros-reductions-lecteurs\/","url":"https:\/\/visionarymarketing.com\/fr\/2014\/11\/03\/conference-intranet-rse-transformation-digitale-100-euros-reductions-lecteurs\/","name":"Conf\u00e9rence Intranet, RSE et transformation digitale","isPartOf":{"@id":"https:\/\/visionarymarketing.com\/fr\/#website"},"primaryImageOfPage":{"@id":"https:\/\/visionarymarketing.com\/fr\/2014\/11\/03\/conference-intranet-rse-transformation-digitale-100-euros-reductions-lecteurs\/#primaryimage"},"image":{"@id":"https:\/\/visionarymarketing.com\/fr\/2014\/11\/03\/conference-intranet-rse-transformation-digitale-100-euros-reductions-lecteurs\/#primaryimage"},"thumbnailUrl":"https:\/\/visionarymarketing.com\/wp-content\/uploads\/2019\/11\/48112460011_0d38a2b2a9_k.jpg","datePublished":"2014-11-03T08:00:40+00:00","dateModified":"2023-12-24T09:58:23+00:00","author":{"@id":"https:\/\/visionarymarketing.com\/fr\/#\/schema\/person\/3754fee1e558f47b8deb46f53c37423e"},"description":"Journ\u00e9e exceptionnelle avec la conf\u00e9rence \"Intranet, RSE et transformation digitale\", \u00e0 la maison Champs-\u00c9lys\u00e9es, 8 rue Jean Goujon \u00e0 Paris","breadcrumb":{"@id":"https:\/\/visionarymarketing.com\/fr\/2014\/11\/03\/conference-intranet-rse-transformation-digitale-100-euros-reductions-lecteurs\/#breadcrumb"},"inLanguage":"fr-FR","potentialAction":[{"@type":"ReadAction","target":["https:\/\/visionarymarketing.com\/fr\/2014\/11\/03\/conference-intranet-rse-transformation-digitale-100-euros-reductions-lecteurs\/"]}]},{"@type":"ImageObject","inLanguage":"fr-FR","@id":"https:\/\/visionarymarketing.com\/fr\/2014\/11\/03\/conference-intranet-rse-transformation-digitale-100-euros-reductions-lecteurs\/#primaryimage","url":"https:\/\/visionarymarketing.com\/wp-content\/uploads\/2019\/11\/48112460011_0d38a2b2a9_k.jpg","contentUrl":"https:\/\/visionarymarketing.com\/wp-content\/uploads\/2019\/11\/48112460011_0d38a2b2a9_k.jpg","width":644,"height":430},{"@type":"BreadcrumbList","@id":"https:\/\/visionarymarketing.com\/fr\/2014\/11\/03\/conference-intranet-rse-transformation-digitale-100-euros-reductions-lecteurs\/#breadcrumb","itemListElement":[{"@type":"ListItem","position":1,"name":"Home","item":"https:\/\/visionarymarketing.com\/fr\/"},{"@type":"ListItem","position":2,"name":"Conf\u00e9rence Intranet, RSE et transformation digitale : 100 euros de r\u00e9duction !"}]},{"@type":"WebSite","@id":"https:\/\/visionarymarketing.com\/fr\/#website","url":"https:\/\/visionarymarketing.com\/fr\/","name":"Marketing and Innovation","description":"Site d&#039;infos ind\u00e9pendant, depuis 1996","potentialAction":[{"@type":"SearchAction","target":{"@type":"EntryPoint","urlTemplate":"https:\/\/visionarymarketing.com\/fr\/?s={search_term_string}"},"query-input":{"@type":"PropertyValueSpecification","valueRequired":true,"valueName":"search_term_string"}}],"inLanguage":"fr-FR"},{"@type":"Person","@id":"https:\/\/visionarymarketing.com\/fr\/#\/schema\/person\/3754fee1e558f47b8deb46f53c37423e","name":"Yann Gourvennec","image":{"@type":"ImageObject","inLanguage":"fr-FR","@id":"https:\/\/secure.gravatar.com\/avatar\/5972001801e8de5692a3e31224e85769f50a55fb8b679749f9c8d1868cceff14?s=96&d=initials&r=g&initials=yg","url":"https:\/\/secure.gravatar.com\/avatar\/5972001801e8de5692a3e31224e85769f50a55fb8b679749f9c8d1868cceff14?s=96&d=initials&r=g&initials=yg","contentUrl":"https:\/\/secure.gravatar.com\/avatar\/5972001801e8de5692a3e31224e85769f50a55fb8b679749f9c8d1868cceff14?s=96&d=initials&r=g&initials=yg","caption":"Yann Gourvennec"},"description":"Yann Gourvennec created visionarymarketing.com in 1996. He is a speaker and author of many books. In 2014 he went from intrapreneur to entrepreneur, when he created his digital marketing agency. Yann Gourvennec a cr\u00e9\u00e9 visionarymarketing.com en 1996. Il est conf\u00e9rencier et auteur de plusieurs livres. En 2014, il est pass\u00e9 d'intrapreneur \u00e0 entrepreneur en cr\u00e9ant son agence de marketing num\u00e9rique.","sameAs":["https:\/\/visionarymarketing.com","http:\/\/facebook.com\/ygourven","http:\/\/linkedin.com\/in\/ygourven","https:\/\/x.com\/ygourven","https:\/\/www.youtube.com\/c\/visionarymarketingagency"],"url":"https:\/\/visionarymarketing.com\/fr\/author\/yann-gourvennec\/"}]}},"_links":{"self":[{"href":"https:\/\/visionarymarketing.com\/fr\/wp-json\/wp\/v2\/posts\/16289","targetHints":{"allow":["GET"]}}],"collection":[{"href":"https:\/\/visionarymarketing.com\/fr\/wp-json\/wp\/v2\/posts"}],"about":[{"href":"https:\/\/visionarymarketing.com\/fr\/wp-json\/wp\/v2\/types\/post"}],"author":[{"embeddable":true,"href":"https:\/\/visionarymarketing.com\/fr\/wp-json\/wp\/v2\/users\/2"}],"replies":[{"embeddable":true,"href":"https:\/\/visionarymarketing.com\/fr\/wp-json\/wp\/v2\/comments?post=16289"}],"version-history":[{"count":0,"href":"https:\/\/visionarymarketing.com\/fr\/wp-json\/wp\/v2\/posts\/16289\/revisions"}],"wp:featuredmedia":[{"embeddable":true,"href":"https:\/\/visionarymarketing.com\/fr\/wp-json\/wp\/v2\/media\/34063"}],"wp:attachment":[{"href":"https:\/\/visionarymarketing.com\/fr\/wp-json\/wp\/v2\/media?parent=16289"}],"wp:term":[{"taxonomy":"category","embeddable":true,"href":"https:\/\/visionarymarketing.com\/fr\/wp-json\/wp\/v2\/categories?post=16289"},{"taxonomy":"post_tag","embeddable":true,"href":"https:\/\/visionarymarketing.com\/fr\/wp-json\/wp\/v2\/tags?post=16289"}],"curies":[{"name":"wp","href":"https:\/\/api.w.org\/{rel}","templated":true}]}}