{"id":16279,"date":"2014-11-05T09:40:33","date_gmt":"2014-11-05T08:40:33","guid":{"rendered":"http:\/\/visionarymarketing.fr\/blog?p=16279&#038;preview_id=16279"},"modified":"2020-03-11T11:28:18","modified_gmt":"2020-03-11T10:28:18","slug":"les-medias-sociaux-devriez-vraiment-en-faire-performance-digitale-expo-611-1645","status":"publish","type":"post","link":"https:\/\/visionarymarketing.com\/fr\/2014\/11\/05\/les-medias-sociaux-devriez-vraiment-en-faire-performance-digitale-expo-611-1645\/","title":{"rendered":"Les m\u00e9dias sociaux comme vous devriez vraiment en faire : Performance Digitale"},"content":{"rendered":"<p><img decoding=\"async\" style=\"float: left;\" title=\"book-new-large.jpg\" src=\"https:\/\/visionarymarketing.com\/wp-content\/uploads\/2014\/11\/book-new-large1.jpg\" alt=\"Book new large\" width=\"100\" height=\"81\" border=\"0\" \/><\/p>\n<p><em><span style=\"color: #531b93;\">Visionary Marketing interviendra le <a href=\"http:\/\/www.performancedigitale-expo.com\">6 novembre apr\u00e8s midi en cl\u00f4ture de la session de Performance Digitale Expo<\/a> d\u00e9di\u00e9e aux m\u00e9dias sociaux et au Web social et nous en profiterons pour revenir une fois encore sur les fondamentaux des <a href=\"https:\/\/visionarymarketing.com\/2017\/03\/barometre-medias-sociaux-2017\/\">m\u00e9dias sociaux<\/a>, ce qu\u2019ils sont, ce qu\u2019ils ne sont pas et pourquoi il faut les aborder avec un \u00e9tat d\u2019esprit adapt\u00e9. En fin de compte, c\u2019est \u00e0 une refonte compl\u00e8te de l\u2019approche des entreprises vis \u00e0 vis de ces \u201cnouveaux\u201d m\u00e9dias que nous vous invitons. Attention, je vous pr\u00e9viens, il va y avoir du boulot !<\/span><\/em><\/p>\n<p><em><span style=\"color: #531b93;\"><img decoding=\"async\" style=\"display: block; margin-left: auto; margin-right: auto;\" title=\"NewImage.png\" src=\"https:\/\/visionarymarketing.com\/wp-content\/uploads\/2014\/11\/NewImage.png\" alt=\"NewImage\" width=\"600\" height=\"74\" border=\"0\" \/><\/span><\/em><\/p>\n<p><img decoding=\"async\" class=\"alignnone\" style=\"display: block; margin-left: auto; margin-right: auto;\" title=\"Screenshot_203.png\" src=\"https:\/\/visionarymarketing.com\/wp-content\/uploads\/2014\/11\/Screenshot_203.png\" alt=\"performance digitale\" width=\"600\" height=\"254\" border=\"0\" \/><\/p>\n<p>Certes, les m\u00e9dias sociaux sont devenus, comme je le d\u00e9crivais dans cette <a title=\"\u00ab\u00a0Du Social media au social mass media\u00a0\u00bb- (avec Hootsuite)\" href=\"https:\/\/visionarymarketing.com\/fr\/2013\/11\/du-social-media-au-social-mass-media-avec-hoostuite\/\">vid\u00e9o r\u00e9alis\u00e9e avec Hootsuite fin 2013, une composante de la publicit\u00e9 en ligne<\/a>, et ceci de facto et de mani\u00e8re in\u00e9luctable. On peut le d\u00e9plorer, les pionniers des m\u00e9dias sociaux ne sont en g\u00e9n\u00e9ral pas impressionn\u00e9s par cette nouvelle approche qui leur met la larme \u00e0 l\u2019\u0153il rien qu\u2019en se rem\u00e9morant la bonne \u00e9poque des bisounours 2.0. Chose amusante d\u2019ailleurs, en France, on entend encore souvent cette expression du \u201c2.0\u201d revenir. Il est vrai que c\u2019\u00e9tait une p\u00e9riode exaltante, o\u00f9 les fondamentaux du Web social et \u00e9galitaire \u00e9taient mis en avant et valoris\u00e9s.<\/p>\n<p>Cette \u00e9poque est r\u00e9volue, nous en sommes revenus aux bons vieux r\u00e9flexes des marques qui paient pour \u00eatre vues, au bon vieux \u201cpaid media\u201d, plus simple et moins exigeant en ing\u00e9nierie humaine, mais plus consommateur de moyens financiers. On n\u2019a rien sans rien\u2026 \u00a0Mais voil\u00e0, non seulement c\u2019est cher mais \u00e7a ne fonctionne pas. En effet, trop souvent, ceux-ci sont abord\u00e9s de la mani\u00e8re suivante, en achetant des fans, et pour ceux qui croient que les faux likes sont uniquement le fait de sites bancals, je vous invite \u00e0 lire cette vid\u00e9o qui m\u2019a \u00e9t\u00e9 transmise par mon ami et ancien coll\u00e8gue Rodolphe Falzerana.<\/p>\n<p><iframe title=\"Facebook Fraud\" width=\"500\" height=\"281\" src=\"https:\/\/www.youtube.com\/embed\/oVfHeWTKjag?feature=oembed\" frameborder=\"0\" allow=\"accelerometer; autoplay; clipboard-write; encrypted-media; gyroscope; picture-in-picture; web-share\" referrerpolicy=\"strict-origin-when-cross-origin\" allowfullscreen><\/iframe><\/p>\n<p style=\"text-align: center;\">Innovation pour cette pr\u00e9sentation, le journaliste qui anime la conf\u00e9rence me posera des questions en direct et je r\u00e9pondrai et je m\u00e9langerai ses questions avec celles du public, glan\u00e9es sur Twitter (il suffira de me mentionner sur @ygourven). Ainsi la pr\u00e9sentation sera plus dynamique et centr\u00e9e sur les pr\u00e9occupations du public et non magistrale et didactique.<\/p>\n<p><!--more--><\/p>\n<p><a href=\"http:\/\/www.performancedigitale-expo.com\"><strong>Performance Digitale Expo, le 6 novembre 2014 \u00e0 l\u2019Espace Grande Arche, Paris la D\u00e9fense<\/strong><\/a><\/p>\n<blockquote class=\"quote-light\"><p>Performance Digitale Expo, r\u00e9solument orient\u00e9 vers les besoins des d\u00e9cideurs marketing, a pour objectif de faire un \u00e9tat des lieux des derni\u00e8res tendances du marketing digital et de ses usages. Sa vocation est de permettre aux d\u00e9cideurs de reprendre le contr\u00f4le de leur activit\u00e9 digitale et de ma\u00eetriser les nouveaux outils, leurs usages et leur rentabilit\u00e9.<\/p>\n<p>Une journ\u00e9e, des Conf\u00e9rences, une Exposition et du networking entre professionnels.<\/p>\n<p>Les grands th\u00e8mes : Performance digitale, Digital Analytics, Multi device, Social TV, Data marketing, Customer intelligence, Mobile marketing, Cr\u00e9ativit\u00e9 digitale, \u00a0Native Advertising, RTB et programmatique.<\/p>\n<p>Nos grands t\u00e9moins : SoJeans, The Economist, La Cit\u00e9 des Sciences, Malakoff M\u00e9d\u00e9ric, Bouygues Immobilier, Sony Mobile, M Publicit\u00e9 groupe le Monde, \u2026 : Venez partager leur exp\u00e9rience.<\/p>\n<p>Ev\u00e9nement d\u00e9di\u00e9 aux professionnels, demandez gratuitement votre badge : www.performancedigitale-expo.com RDV le 6 novembre<\/p><\/blockquote>\n<p>Lien de redirection : <span class=\"removed_link\" title=\"http:\/\/www.performancedigitale-expo.com%20\">www.performancedigitale-expo.com\u00a0<\/span><\/p>\n","protected":false},"excerpt":{"rendered":"<p>Visionary Marketing interviendra le 6 novembre apr\u00e8s midi en cl\u00f4ture de la session de Performance Digitale Expo d\u00e9di\u00e9e aux m\u00e9dias sociaux et au Web social et nous en profiterons pour revenir une fois encore sur les fondamentaux des m\u00e9dias sociaux, ce qu\u2019ils sont, ce qu\u2019ils ne sont pas et pourquoi il faut les aborder avec &hellip;<\/p>\n","protected":false},"author":2,"featured_media":34060,"comment_status":"open","ping_status":"open","sticky":false,"template":"","format":"standard","meta":{"footnotes":""},"categories":[1613],"tags":[],"class_list":["post-16279","post","type-post","status-publish","format-standard","has-post-thumbnail","hentry","category-marketing-digital-marketing"],"yoast_head":"<!-- This site is optimized with the Yoast SEO plugin v27.5 - https:\/\/yoast.com\/product\/yoast-seo-wordpress\/ -->\n<title>Performance Digitale : Visionary Marketing et les m\u00e9dias sociaux<\/title>\n<meta name=\"description\" content=\"Visionary Marketing interviendra le 6 novembre apr\u00e8s midi en cl\u00f4ture de la session de Performance Digitale Expo d\u00e9di\u00e9e aux m\u00e9dias sociaux et au Web social\" \/>\n<meta name=\"robots\" content=\"index, follow, max-snippet:-1, max-image-preview:large, max-video-preview:-1\" \/>\n<link rel=\"canonical\" href=\"https:\/\/visionarymarketing.com\/fr\/2014\/11\/05\/les-medias-sociaux-devriez-vraiment-en-faire-performance-digitale-expo-611-1645\/\" \/>\n<meta property=\"og:locale\" content=\"fr_FR\" \/>\n<meta property=\"og:type\" content=\"article\" \/>\n<meta property=\"og:title\" content=\"Performance Digitale : Visionary Marketing et les m\u00e9dias sociaux\" \/>\n<meta property=\"og:description\" content=\"Visionary Marketing interviendra le 6 novembre apr\u00e8s midi en cl\u00f4ture de la session de Performance Digitale Expo d\u00e9di\u00e9e aux m\u00e9dias sociaux et au Web social\" \/>\n<meta property=\"og:url\" content=\"https:\/\/visionarymarketing.com\/fr\/2014\/11\/05\/les-medias-sociaux-devriez-vraiment-en-faire-performance-digitale-expo-611-1645\/\" \/>\n<meta property=\"og:site_name\" content=\"Marketing and Innovation\" \/>\n<meta property=\"article:publisher\" content=\"https:\/\/www.facebook.com\/vismktg\" \/>\n<meta property=\"article:author\" content=\"http:\/\/facebook.com\/ygourven\" \/>\n<meta property=\"article:published_time\" content=\"2014-11-05T08:40:33+00:00\" \/>\n<meta property=\"article:modified_time\" content=\"2020-03-11T10:28:18+00:00\" \/>\n<meta property=\"og:image\" content=\"https:\/\/visionarymarketing.com\/wp-content\/uploads\/2019\/11\/48657941523_ebd4ac457e_c.jpg\" \/>\n\t<meta property=\"og:image:width\" content=\"644\" \/>\n\t<meta property=\"og:image:height\" content=\"430\" \/>\n\t<meta property=\"og:image:type\" content=\"image\/jpeg\" \/>\n<meta name=\"author\" content=\"Yann Gourvennec\" \/>\n<meta name=\"twitter:card\" content=\"summary_large_image\" \/>\n<meta name=\"twitter:creator\" content=\"@ygourven\" \/>\n<meta name=\"twitter:site\" content=\"@ygourven\" \/>\n<meta name=\"twitter:label1\" content=\"\u00c9crit par\" \/>\n\t<meta name=\"twitter:data1\" content=\"Yann Gourvennec\" \/>\n\t<meta name=\"twitter:label2\" content=\"Dur\u00e9e de lecture estim\u00e9e\" \/>\n\t<meta name=\"twitter:data2\" content=\"3 minutes\" \/>\n<script type=\"application\/ld+json\" class=\"yoast-schema-graph\">{\"@context\":\"https:\\\/\\\/schema.org\",\"@graph\":[{\"@type\":\"NewsArticle\",\"@id\":\"https:\\\/\\\/visionarymarketing.com\\\/fr\\\/2014\\\/11\\\/05\\\/les-medias-sociaux-devriez-vraiment-en-faire-performance-digitale-expo-611-1645\\\/#article\",\"isPartOf\":{\"@id\":\"https:\\\/\\\/visionarymarketing.com\\\/fr\\\/2014\\\/11\\\/05\\\/les-medias-sociaux-devriez-vraiment-en-faire-performance-digitale-expo-611-1645\\\/\"},\"author\":{\"name\":\"Yann Gourvennec\",\"@id\":\"https:\\\/\\\/visionarymarketing.com\\\/fr\\\/#\\\/schema\\\/person\\\/3754fee1e558f47b8deb46f53c37423e\"},\"headline\":\"Les m\u00e9dias sociaux comme vous devriez vraiment en faire : Performance Digitale\",\"datePublished\":\"2014-11-05T08:40:33+00:00\",\"dateModified\":\"2020-03-11T10:28:18+00:00\",\"mainEntityOfPage\":{\"@id\":\"https:\\\/\\\/visionarymarketing.com\\\/fr\\\/2014\\\/11\\\/05\\\/les-medias-sociaux-devriez-vraiment-en-faire-performance-digitale-expo-611-1645\\\/\"},\"wordCount\":584,\"commentCount\":0,\"image\":{\"@id\":\"https:\\\/\\\/visionarymarketing.com\\\/fr\\\/2014\\\/11\\\/05\\\/les-medias-sociaux-devriez-vraiment-en-faire-performance-digitale-expo-611-1645\\\/#primaryimage\"},\"thumbnailUrl\":\"https:\\\/\\\/visionarymarketing.com\\\/wp-content\\\/uploads\\\/2019\\\/11\\\/48657941523_ebd4ac457e_c.jpg\",\"articleSection\":[\"marketing digital\"],\"inLanguage\":\"fr-FR\",\"potentialAction\":[{\"@type\":\"CommentAction\",\"name\":\"Comment\",\"target\":[\"https:\\\/\\\/visionarymarketing.com\\\/fr\\\/2014\\\/11\\\/05\\\/les-medias-sociaux-devriez-vraiment-en-faire-performance-digitale-expo-611-1645\\\/#respond\"]}]},{\"@type\":\"WebPage\",\"@id\":\"https:\\\/\\\/visionarymarketing.com\\\/fr\\\/2014\\\/11\\\/05\\\/les-medias-sociaux-devriez-vraiment-en-faire-performance-digitale-expo-611-1645\\\/\",\"url\":\"https:\\\/\\\/visionarymarketing.com\\\/fr\\\/2014\\\/11\\\/05\\\/les-medias-sociaux-devriez-vraiment-en-faire-performance-digitale-expo-611-1645\\\/\",\"name\":\"Performance Digitale : Visionary Marketing et les m\u00e9dias sociaux\",\"isPartOf\":{\"@id\":\"https:\\\/\\\/visionarymarketing.com\\\/fr\\\/#website\"},\"primaryImageOfPage\":{\"@id\":\"https:\\\/\\\/visionarymarketing.com\\\/fr\\\/2014\\\/11\\\/05\\\/les-medias-sociaux-devriez-vraiment-en-faire-performance-digitale-expo-611-1645\\\/#primaryimage\"},\"image\":{\"@id\":\"https:\\\/\\\/visionarymarketing.com\\\/fr\\\/2014\\\/11\\\/05\\\/les-medias-sociaux-devriez-vraiment-en-faire-performance-digitale-expo-611-1645\\\/#primaryimage\"},\"thumbnailUrl\":\"https:\\\/\\\/visionarymarketing.com\\\/wp-content\\\/uploads\\\/2019\\\/11\\\/48657941523_ebd4ac457e_c.jpg\",\"datePublished\":\"2014-11-05T08:40:33+00:00\",\"dateModified\":\"2020-03-11T10:28:18+00:00\",\"author\":{\"@id\":\"https:\\\/\\\/visionarymarketing.com\\\/fr\\\/#\\\/schema\\\/person\\\/3754fee1e558f47b8deb46f53c37423e\"},\"description\":\"Visionary Marketing interviendra le 6 novembre apr\u00e8s midi en cl\u00f4ture de la session de Performance Digitale Expo d\u00e9di\u00e9e aux m\u00e9dias sociaux et au Web social\",\"breadcrumb\":{\"@id\":\"https:\\\/\\\/visionarymarketing.com\\\/fr\\\/2014\\\/11\\\/05\\\/les-medias-sociaux-devriez-vraiment-en-faire-performance-digitale-expo-611-1645\\\/#breadcrumb\"},\"inLanguage\":\"fr-FR\",\"potentialAction\":[{\"@type\":\"ReadAction\",\"target\":[\"https:\\\/\\\/visionarymarketing.com\\\/fr\\\/2014\\\/11\\\/05\\\/les-medias-sociaux-devriez-vraiment-en-faire-performance-digitale-expo-611-1645\\\/\"]}]},{\"@type\":\"ImageObject\",\"inLanguage\":\"fr-FR\",\"@id\":\"https:\\\/\\\/visionarymarketing.com\\\/fr\\\/2014\\\/11\\\/05\\\/les-medias-sociaux-devriez-vraiment-en-faire-performance-digitale-expo-611-1645\\\/#primaryimage\",\"url\":\"https:\\\/\\\/visionarymarketing.com\\\/wp-content\\\/uploads\\\/2019\\\/11\\\/48657941523_ebd4ac457e_c.jpg\",\"contentUrl\":\"https:\\\/\\\/visionarymarketing.com\\\/wp-content\\\/uploads\\\/2019\\\/11\\\/48657941523_ebd4ac457e_c.jpg\",\"width\":644,\"height\":430},{\"@type\":\"BreadcrumbList\",\"@id\":\"https:\\\/\\\/visionarymarketing.com\\\/fr\\\/2014\\\/11\\\/05\\\/les-medias-sociaux-devriez-vraiment-en-faire-performance-digitale-expo-611-1645\\\/#breadcrumb\",\"itemListElement\":[{\"@type\":\"ListItem\",\"position\":1,\"name\":\"Home\",\"item\":\"https:\\\/\\\/visionarymarketing.com\\\/fr\\\/\"},{\"@type\":\"ListItem\",\"position\":2,\"name\":\"Les m\u00e9dias sociaux comme vous devriez vraiment en faire : Performance Digitale\"}]},{\"@type\":\"WebSite\",\"@id\":\"https:\\\/\\\/visionarymarketing.com\\\/fr\\\/#website\",\"url\":\"https:\\\/\\\/visionarymarketing.com\\\/fr\\\/\",\"name\":\"Marketing and Innovation\",\"description\":\"Site d&#039;infos ind\u00e9pendant, depuis 1996\",\"potentialAction\":[{\"@type\":\"SearchAction\",\"target\":{\"@type\":\"EntryPoint\",\"urlTemplate\":\"https:\\\/\\\/visionarymarketing.com\\\/fr\\\/?s={search_term_string}\"},\"query-input\":{\"@type\":\"PropertyValueSpecification\",\"valueRequired\":true,\"valueName\":\"search_term_string\"}}],\"inLanguage\":\"fr-FR\"},{\"@type\":\"Person\",\"@id\":\"https:\\\/\\\/visionarymarketing.com\\\/fr\\\/#\\\/schema\\\/person\\\/3754fee1e558f47b8deb46f53c37423e\",\"name\":\"Yann Gourvennec\",\"image\":{\"@type\":\"ImageObject\",\"inLanguage\":\"fr-FR\",\"@id\":\"https:\\\/\\\/secure.gravatar.com\\\/avatar\\\/5972001801e8de5692a3e31224e85769f50a55fb8b679749f9c8d1868cceff14?s=96&d=initials&r=g&initials=yg\",\"url\":\"https:\\\/\\\/secure.gravatar.com\\\/avatar\\\/5972001801e8de5692a3e31224e85769f50a55fb8b679749f9c8d1868cceff14?s=96&d=initials&r=g&initials=yg\",\"contentUrl\":\"https:\\\/\\\/secure.gravatar.com\\\/avatar\\\/5972001801e8de5692a3e31224e85769f50a55fb8b679749f9c8d1868cceff14?s=96&d=initials&r=g&initials=yg\",\"caption\":\"Yann Gourvennec\"},\"description\":\"Yann Gourvennec created visionarymarketing.com in 1996. He is a speaker and author of many books. In 2014 he went from intrapreneur to entrepreneur, when he created his digital marketing agency. Yann Gourvennec a cr\u00e9\u00e9 visionarymarketing.com en 1996. Il est conf\u00e9rencier et auteur de plusieurs livres. En 2014, il est pass\u00e9 d'intrapreneur \u00e0 entrepreneur en cr\u00e9ant son agence de marketing num\u00e9rique.\",\"sameAs\":[\"https:\\\/\\\/visionarymarketing.com\",\"http:\\\/\\\/facebook.com\\\/ygourven\",\"http:\\\/\\\/linkedin.com\\\/in\\\/ygourven\",\"https:\\\/\\\/x.com\\\/ygourven\",\"https:\\\/\\\/www.youtube.com\\\/c\\\/visionarymarketingagency\"],\"url\":\"https:\\\/\\\/visionarymarketing.com\\\/fr\\\/author\\\/yann-gourvennec\\\/\"}]}<\/script>\n<!-- \/ Yoast SEO plugin. -->","yoast_head_json":{"title":"Performance Digitale : Visionary Marketing et les m\u00e9dias sociaux","description":"Visionary Marketing interviendra le 6 novembre apr\u00e8s midi en cl\u00f4ture de la session de Performance Digitale Expo d\u00e9di\u00e9e aux m\u00e9dias sociaux et au Web social","robots":{"index":"index","follow":"follow","max-snippet":"max-snippet:-1","max-image-preview":"max-image-preview:large","max-video-preview":"max-video-preview:-1"},"canonical":"https:\/\/visionarymarketing.com\/fr\/2014\/11\/05\/les-medias-sociaux-devriez-vraiment-en-faire-performance-digitale-expo-611-1645\/","og_locale":"fr_FR","og_type":"article","og_title":"Performance Digitale : Visionary Marketing et les m\u00e9dias sociaux","og_description":"Visionary Marketing interviendra le 6 novembre apr\u00e8s midi en cl\u00f4ture de la session de Performance Digitale Expo d\u00e9di\u00e9e aux m\u00e9dias sociaux et au Web social","og_url":"https:\/\/visionarymarketing.com\/fr\/2014\/11\/05\/les-medias-sociaux-devriez-vraiment-en-faire-performance-digitale-expo-611-1645\/","og_site_name":"Marketing and Innovation","article_publisher":"https:\/\/www.facebook.com\/vismktg","article_author":"http:\/\/facebook.com\/ygourven","article_published_time":"2014-11-05T08:40:33+00:00","article_modified_time":"2020-03-11T10:28:18+00:00","og_image":[{"width":644,"height":430,"url":"https:\/\/visionarymarketing.com\/wp-content\/uploads\/2019\/11\/48657941523_ebd4ac457e_c.jpg","type":"image\/jpeg"}],"author":"Yann Gourvennec","twitter_card":"summary_large_image","twitter_creator":"@ygourven","twitter_site":"@ygourven","twitter_misc":{"\u00c9crit par":"Yann Gourvennec","Dur\u00e9e de lecture estim\u00e9e":"3 minutes"},"schema":{"@context":"https:\/\/schema.org","@graph":[{"@type":"NewsArticle","@id":"https:\/\/visionarymarketing.com\/fr\/2014\/11\/05\/les-medias-sociaux-devriez-vraiment-en-faire-performance-digitale-expo-611-1645\/#article","isPartOf":{"@id":"https:\/\/visionarymarketing.com\/fr\/2014\/11\/05\/les-medias-sociaux-devriez-vraiment-en-faire-performance-digitale-expo-611-1645\/"},"author":{"name":"Yann Gourvennec","@id":"https:\/\/visionarymarketing.com\/fr\/#\/schema\/person\/3754fee1e558f47b8deb46f53c37423e"},"headline":"Les m\u00e9dias sociaux comme vous devriez vraiment en faire : Performance Digitale","datePublished":"2014-11-05T08:40:33+00:00","dateModified":"2020-03-11T10:28:18+00:00","mainEntityOfPage":{"@id":"https:\/\/visionarymarketing.com\/fr\/2014\/11\/05\/les-medias-sociaux-devriez-vraiment-en-faire-performance-digitale-expo-611-1645\/"},"wordCount":584,"commentCount":0,"image":{"@id":"https:\/\/visionarymarketing.com\/fr\/2014\/11\/05\/les-medias-sociaux-devriez-vraiment-en-faire-performance-digitale-expo-611-1645\/#primaryimage"},"thumbnailUrl":"https:\/\/visionarymarketing.com\/wp-content\/uploads\/2019\/11\/48657941523_ebd4ac457e_c.jpg","articleSection":["marketing digital"],"inLanguage":"fr-FR","potentialAction":[{"@type":"CommentAction","name":"Comment","target":["https:\/\/visionarymarketing.com\/fr\/2014\/11\/05\/les-medias-sociaux-devriez-vraiment-en-faire-performance-digitale-expo-611-1645\/#respond"]}]},{"@type":"WebPage","@id":"https:\/\/visionarymarketing.com\/fr\/2014\/11\/05\/les-medias-sociaux-devriez-vraiment-en-faire-performance-digitale-expo-611-1645\/","url":"https:\/\/visionarymarketing.com\/fr\/2014\/11\/05\/les-medias-sociaux-devriez-vraiment-en-faire-performance-digitale-expo-611-1645\/","name":"Performance Digitale : Visionary Marketing et les m\u00e9dias sociaux","isPartOf":{"@id":"https:\/\/visionarymarketing.com\/fr\/#website"},"primaryImageOfPage":{"@id":"https:\/\/visionarymarketing.com\/fr\/2014\/11\/05\/les-medias-sociaux-devriez-vraiment-en-faire-performance-digitale-expo-611-1645\/#primaryimage"},"image":{"@id":"https:\/\/visionarymarketing.com\/fr\/2014\/11\/05\/les-medias-sociaux-devriez-vraiment-en-faire-performance-digitale-expo-611-1645\/#primaryimage"},"thumbnailUrl":"https:\/\/visionarymarketing.com\/wp-content\/uploads\/2019\/11\/48657941523_ebd4ac457e_c.jpg","datePublished":"2014-11-05T08:40:33+00:00","dateModified":"2020-03-11T10:28:18+00:00","author":{"@id":"https:\/\/visionarymarketing.com\/fr\/#\/schema\/person\/3754fee1e558f47b8deb46f53c37423e"},"description":"Visionary Marketing interviendra le 6 novembre apr\u00e8s midi en cl\u00f4ture de la session de Performance Digitale Expo d\u00e9di\u00e9e aux m\u00e9dias sociaux et au Web social","breadcrumb":{"@id":"https:\/\/visionarymarketing.com\/fr\/2014\/11\/05\/les-medias-sociaux-devriez-vraiment-en-faire-performance-digitale-expo-611-1645\/#breadcrumb"},"inLanguage":"fr-FR","potentialAction":[{"@type":"ReadAction","target":["https:\/\/visionarymarketing.com\/fr\/2014\/11\/05\/les-medias-sociaux-devriez-vraiment-en-faire-performance-digitale-expo-611-1645\/"]}]},{"@type":"ImageObject","inLanguage":"fr-FR","@id":"https:\/\/visionarymarketing.com\/fr\/2014\/11\/05\/les-medias-sociaux-devriez-vraiment-en-faire-performance-digitale-expo-611-1645\/#primaryimage","url":"https:\/\/visionarymarketing.com\/wp-content\/uploads\/2019\/11\/48657941523_ebd4ac457e_c.jpg","contentUrl":"https:\/\/visionarymarketing.com\/wp-content\/uploads\/2019\/11\/48657941523_ebd4ac457e_c.jpg","width":644,"height":430},{"@type":"BreadcrumbList","@id":"https:\/\/visionarymarketing.com\/fr\/2014\/11\/05\/les-medias-sociaux-devriez-vraiment-en-faire-performance-digitale-expo-611-1645\/#breadcrumb","itemListElement":[{"@type":"ListItem","position":1,"name":"Home","item":"https:\/\/visionarymarketing.com\/fr\/"},{"@type":"ListItem","position":2,"name":"Les m\u00e9dias sociaux comme vous devriez vraiment en faire : Performance Digitale"}]},{"@type":"WebSite","@id":"https:\/\/visionarymarketing.com\/fr\/#website","url":"https:\/\/visionarymarketing.com\/fr\/","name":"Marketing and Innovation","description":"Site d&#039;infos ind\u00e9pendant, depuis 1996","potentialAction":[{"@type":"SearchAction","target":{"@type":"EntryPoint","urlTemplate":"https:\/\/visionarymarketing.com\/fr\/?s={search_term_string}"},"query-input":{"@type":"PropertyValueSpecification","valueRequired":true,"valueName":"search_term_string"}}],"inLanguage":"fr-FR"},{"@type":"Person","@id":"https:\/\/visionarymarketing.com\/fr\/#\/schema\/person\/3754fee1e558f47b8deb46f53c37423e","name":"Yann Gourvennec","image":{"@type":"ImageObject","inLanguage":"fr-FR","@id":"https:\/\/secure.gravatar.com\/avatar\/5972001801e8de5692a3e31224e85769f50a55fb8b679749f9c8d1868cceff14?s=96&d=initials&r=g&initials=yg","url":"https:\/\/secure.gravatar.com\/avatar\/5972001801e8de5692a3e31224e85769f50a55fb8b679749f9c8d1868cceff14?s=96&d=initials&r=g&initials=yg","contentUrl":"https:\/\/secure.gravatar.com\/avatar\/5972001801e8de5692a3e31224e85769f50a55fb8b679749f9c8d1868cceff14?s=96&d=initials&r=g&initials=yg","caption":"Yann Gourvennec"},"description":"Yann Gourvennec created visionarymarketing.com in 1996. He is a speaker and author of many books. In 2014 he went from intrapreneur to entrepreneur, when he created his digital marketing agency. Yann Gourvennec a cr\u00e9\u00e9 visionarymarketing.com en 1996. Il est conf\u00e9rencier et auteur de plusieurs livres. En 2014, il est pass\u00e9 d'intrapreneur \u00e0 entrepreneur en cr\u00e9ant son agence de marketing num\u00e9rique.","sameAs":["https:\/\/visionarymarketing.com","http:\/\/facebook.com\/ygourven","http:\/\/linkedin.com\/in\/ygourven","https:\/\/x.com\/ygourven","https:\/\/www.youtube.com\/c\/visionarymarketingagency"],"url":"https:\/\/visionarymarketing.com\/fr\/author\/yann-gourvennec\/"}]}},"_links":{"self":[{"href":"https:\/\/visionarymarketing.com\/fr\/wp-json\/wp\/v2\/posts\/16279","targetHints":{"allow":["GET"]}}],"collection":[{"href":"https:\/\/visionarymarketing.com\/fr\/wp-json\/wp\/v2\/posts"}],"about":[{"href":"https:\/\/visionarymarketing.com\/fr\/wp-json\/wp\/v2\/types\/post"}],"author":[{"embeddable":true,"href":"https:\/\/visionarymarketing.com\/fr\/wp-json\/wp\/v2\/users\/2"}],"replies":[{"embeddable":true,"href":"https:\/\/visionarymarketing.com\/fr\/wp-json\/wp\/v2\/comments?post=16279"}],"version-history":[{"count":0,"href":"https:\/\/visionarymarketing.com\/fr\/wp-json\/wp\/v2\/posts\/16279\/revisions"}],"wp:featuredmedia":[{"embeddable":true,"href":"https:\/\/visionarymarketing.com\/fr\/wp-json\/wp\/v2\/media\/34060"}],"wp:attachment":[{"href":"https:\/\/visionarymarketing.com\/fr\/wp-json\/wp\/v2\/media?parent=16279"}],"wp:term":[{"taxonomy":"category","embeddable":true,"href":"https:\/\/visionarymarketing.com\/fr\/wp-json\/wp\/v2\/categories?post=16279"},{"taxonomy":"post_tag","embeddable":true,"href":"https:\/\/visionarymarketing.com\/fr\/wp-json\/wp\/v2\/tags?post=16279"}],"curies":[{"name":"wp","href":"https:\/\/api.w.org\/{rel}","templated":true}]}}