{"id":16213,"date":"2014-10-28T09:00:43","date_gmt":"2014-10-28T08:00:43","guid":{"rendered":"http:\/\/visionarymarketing.fr\/blog\/?p=16213"},"modified":"2020-12-15T14:52:31","modified_gmt":"2020-12-15T13:52:31","slug":"agriculture","status":"publish","type":"post","link":"https:\/\/visionarymarketing.com\/fr\/2014\/10\/28\/agriculture\/","title":{"rendered":"Agriculture\u00a0: \u00e9levage et p\u00e2turages, les mamelles de la high-tech"},"content":{"rendered":"<p><em><a href=\"https:\/\/visionarymarketing.com\/wp-content\/uploads\/2014\/01\/computer-large-new_thumb.gif\"><img decoding=\"async\" class=\"alignleft  wp-image-12264\" src=\"https:\/\/visionarymarketing.com\/wp-content\/uploads\/2014\/01\/computer-large-new_thumb-150x150.gif\" alt=\"computer-large-new_thumb.gif\" width=\"84\" height=\"84\" srcset=\"https:\/\/visionarymarketing.com\/wp-content\/uploads\/2014\/01\/computer-large-new_thumb-150x150.gif 150w, https:\/\/visionarymarketing.com\/wp-content\/uploads\/2014\/01\/computer-large-new_thumb-50x50.gif 50w, https:\/\/visionarymarketing.com\/wp-content\/uploads\/2014\/01\/computer-large-new_thumb-125x125.gif 125w\" sizes=\"(max-width: 84px) 100vw, 84px\" \/><\/a><span style=\"color: #003366;\">Notre ami <a href=\"https:\/\/web.archive.org\/web\/20190908175530\/http:\/\/monveauhashtag.franceinfo.fr:80\/herve\/\" target=\"_blank\" rel=\"noopener noreferrer\">Herv\u00e9 Pillaud<\/a>, <a href=\"https:\/\/visionarymarketing.com\/fr\/2013\/02\/les-medias-sociaux-expliques-a-ma-pme\/\" target=\"_blank\" rel=\"noopener noreferrer\">fondateur de Vend\u00e9es RS (RS comme \u00ab\u00a0r\u00e9seaux sociaux\u00a0\u00bb)<\/a> et p\u00e8re du veau hashtag, on ne le pr\u00e9sente plus. De m\u00eame qu&rsquo;on va arr\u00eater de vous expliquer que nos amis agriculteurs font partie des populations les plus connect\u00e9es. Il faudra bien vous mettre \u00e7a dans la t\u00eate un jour ou l\u2019autre. Et en voici une preuve suppl\u00e9mentaire, avec ce concours de start-ups organis\u00e9es par Herv\u00e9 et ses coll\u00e8gues de Vend\u00e9e, \u00e0 la Roche-sur-Yon en novembre. Le rendez-vous A Green start up n&rsquo;est pas une b\u00eate, comme nous le confirme Herv\u00e9, mais plut\u00f4t un concours de type hackathon ou start-up week-end qui durera 3 jours en Vend\u00e9e.<\/span><\/em><\/p>\n<h2>Des projets en lien avec l\u2019agriculture<\/h2>\n<p>On y verra des jeunes, des moins jeunes des \u00e9tudiants, des \u00ab\u00a0bidouilleurs\u00a0\u00bb, en bref des gens qui veulent lancer des projets en lien avec l&rsquo;agriculture. Ils vont pendant ces 3 jours monter des \u00e9quipes interdisciplinaires pour \u2013 en fin de concours \u2013 proposer des projets nouveaux qui pourraient servir l&rsquo;agriculture. Car le domaine est en pleine rupture gr\u00e2ce aux technologies. Et notamment avec les fameuses Google Glass, dont tout le monde se demande encore \u00e0 quoi \u00e7a peut bien servir, alors que les applications dans le domaine du B2B abondent. Et notamment dans l&rsquo;agriculture\u2026<\/p>\n La collecte du lait \u00e0 la ferme de Viltain pr\u00e8s de Paris : 100% techno la premi\u00e8re ferme de France &#8230; et aussi un lieu o\u00f9 les Parisiens aiment aller le weekend pour ramasser des fruits et acheter du lait et des yaourts. Photo <a href=\"http:\/\/antimuseum.com\" target=\"_blank\" rel=\"noopener noreferrer\">antimuseum.com<\/a>\n<h2>Transformer le m\u00e9tier<\/h2>\n<p>Car l\u00e0 est bien le but de l\u2019application de la technologie dans l&rsquo;agriculture, pas seulement de s&rsquo;occuper quand qu&rsquo;on fait tourner le tracteur (qui est de plus en plus t\u00e9l\u00e9guid\u00e9 par satellite), mais surtout, avec cette technologie, de savoir mieux traire les vaches, car cela se fait de fa\u00e7on automatique, reconna\u00eetre les animaux \u00e9galement (leur \u00e2ge, leur origine, quand la vache va v\u00ealer, qui est le p\u00e8re du veau etc.). Il y a aussi des besoins de drones dans l&rsquo;agriculture pour scanner les parcelles (\u00e7a existe d\u00e9j\u00e0).<\/p>\n<p><span class=\"removed_link\" title=\"http:\/\/www.techelevage.fr\/a-green-start-up\/\"><img decoding=\"async\" class=\"aligncenter wp-image-16239 size-full\" src=\"https:\/\/visionarymarketing.com\/wp-content\/uploads\/2014\/10\/logo-e1402567924711.png\" alt=\"agriculture\" width=\"350\" height=\"141\" srcset=\"https:\/\/visionarymarketing.com\/wp-content\/uploads\/2014\/10\/logo-e1402567924711.png 350w, https:\/\/visionarymarketing.com\/wp-content\/uploads\/2014\/10\/logo-e1402567924711-300x120.png 300w\" sizes=\"(max-width: 350px) 100vw, 350px\" \/><\/span><\/p>\n<p>Cette agriculture du futur, Herv\u00e9 la d\u00e9crit \u00e0 la fois comme \u00e9cologique et productive, de mani\u00e8re de r\u00e9concilier les 2 mondes de l&rsquo;agriculture biologique et productiviste. <span class=\"removed_link\" title=\"http:\/\/www.techelevage.fr\/a-green-start-up\/\">Donc pour les start-uppers, les experts de la high-tech et les agriculteurs : rendez-vous 19-20-21 novembre \u00e0 la Roche-sur-Yon en Vend\u00e9e.<\/span><\/p>\n<p><iframe title=\"[Fr]\u00a0A Greeen Startup par Herve\u0301 Pillaud au Hub Forum 2014\" width=\"500\" height=\"281\" src=\"https:\/\/www.youtube.com\/embed\/igoE9Voe4KQ?feature=oembed\" frameborder=\"0\" allow=\"accelerometer; autoplay; clipboard-write; encrypted-media; gyroscope; picture-in-picture; web-share\" referrerpolicy=\"strict-origin-when-cross-origin\" allowfullscreen><\/iframe><\/p>\n<p>APPRENDRE A TRAVERS L\u2019ACTE DE CREATION<\/p>\n<blockquote class=\"quote-light\"><p>I- Le principe d\u2019A.Green\u2019Startup<\/p>\n<p>Startup<\/p>\n<p>A.green\u2019Startup pourrait se r\u00e9sumer \u00e0 :<\/p>\n<p>Probl\u00e8me pos\u00e9 = Solution apport\u00e9e par un projet<br \/>\nLe tout en lien avec les domaines de l\u2019agriculture et de l\u2019innovation<\/p><\/blockquote>\n<p><!--more--><\/p>\n<blockquote class=\"quote-light\"><p>Un lieu et un temps pour :<\/p>\n<p>Rencontrer \u00e9tudiants et professionnels et \u00e9tablir des contacts<br \/>\nVivre une exp\u00e9rience intense et unique de travail, de partage et d\u2019\u00e9change<br \/>\nPlusieurs \u00e9quipes mixtes en comp\u00e9tences vont travailler pendant deux jours, avec les conseils de mentors, sur des projets innovants en lien avec l\u2019agriculture.<\/p><\/blockquote>\n<figure id=\"attachment_16237\" aria-describedby=\"caption-attachment-16237\" style=\"width: 540px\" class=\"wp-caption aligncenter\"><a href=\"https:\/\/web.archive.org\/web\/20190908175530\/http:\/\/monveauhashtag.franceinfo.fr:80\/herve\/\"><img decoding=\"async\" class=\"wp-image-16237 size-large\" src=\"https:\/\/visionarymarketing.com\/wp-content\/uploads\/2014\/10\/Screenshot_195-1024x486.png\" alt=\"agriculture\" width=\"540\" height=\"256\" \/><\/a><figcaption id=\"caption-attachment-16237\" class=\"wp-caption-text\">Herv\u00e9 : p\u00e8re du veau Hashtag<\/figcaption><\/figure>\n<blockquote class=\"quote-light\"><p>Les \u00e9quipes pr\u00e9senteront les r\u00e9sultats de leurs travaux \u00e0 un jury de professionnels qui r\u00e9compensera les pr\u00e9sentations les plus convaincantes.<\/p>\n<p>Il s\u2019agira de d\u00e9montrer le potentiel de la startup dans sa globalit\u00e9 \u00e0 travers :<\/p>\n<p>Le produit innovant (d\u00e9monstration si possible)<br \/>\nLe march\u00e9 vis\u00e9<br \/>\nLe business plan<br \/>\nLe plan de communication<br \/>\nLa technique d\u2019acquisition de la cible (mix-marketing)<br \/>\nA.green\u2019Startup donne l\u2019occasion de :<\/p>\n<p>Faire \u00e9merger ces concepts ou technologies innovantes<br \/>\nPour les rendre visibles \u00e0 d\u2019\u00e9ventuels investisseurs (possibilit\u00e9 de crowdfunding)<br \/>\nEt favoriser l\u2019accompagnement de projets innovants<\/p>\n<p>Les \u00e9quipes<\/p>\n<p>Les participants sont de deux types :<\/p>\n<p>Porteur de projet<br \/>\nCollaborateur au projet<br \/>\nLe porteur de projet peut :<\/p>\n<p>Arriver avec sa propre id\u00e9e qui doit \u00eatre en relation avec le domaine de l\u2019agriculture et en lien avec l\u2019innovation<br \/>\nOu s\u2019emparer d\u2019une des suggestions \u00e9mises sur Tech\u2019Elevage virtuel (il s\u2019agit de t\u00e9moignages de professionnels de l\u2019agriculture r\u00e9v\u00e9lant des besoins auxquels la technologie et l\u2019innovation pourraient peut-\u00eatre r\u00e9pondre)<br \/>\nPour participer \u00e0 A.green\u2019Startup, il suffit :<\/p>\n<p>D\u2019avoir au moins 18 ans<br \/>\nDe s\u2019inscrire en ligne<br \/>\nA partir du 15 juin 2014<br \/>\nLe nombre d\u2019\u00e9quipes d\u00e9pendra du nombre de comp\u00e9tences inscrites.<\/p>\n<p>Chaque \u00e9quipe doit comprendre au minimum :<\/p>\n<p>1 porteur de projet\/coordonnateur<br \/>\n1 comp\u00e9tence en d\u00e9veloppement informatique<br \/>\n1 comp\u00e9tence en ing\u00e9nierie (industrie, agriculture,\u2026)<br \/>\n1 comp\u00e9tence en communication<br \/>\n1 comp\u00e9tence en technique, bricolage, bidouille<br \/>\n1 comp\u00e9tence en gestion, business plan Facultatif selon les inscriptions :<br \/>\n1 comp\u00e9tence en marketing<br \/>\n1 comp\u00e9tence en design<br \/>\n1 comp\u00e9tence en startup<\/p><\/blockquote>\n<p><!--more--><\/p>\n","protected":false},"excerpt":{"rendered":"<p>Notre ami Herv\u00e9 Pillaud, fondateur de Vend\u00e9es RS (RS comme \u00ab\u00a0r\u00e9seaux sociaux\u00a0\u00bb) et p\u00e8re du veau hashtag, on ne le pr\u00e9sente plus. De m\u00eame qu&rsquo;on va arr\u00eater de vous expliquer que nos amis agriculteurs font partie des populations les plus connect\u00e9es. Il faudra bien vous mettre \u00e7a dans la t\u00eate un jour ou l\u2019autre. Et &hellip;<\/p>\n","protected":false},"author":2,"featured_media":34068,"comment_status":"open","ping_status":"open","sticky":false,"template":"","format":"standard","meta":{"footnotes":""},"categories":[134],"tags":[],"class_list":["post-16213","post","type-post","status-publish","format-standard","has-post-thumbnail","hentry","category-economie"],"yoast_head":"<!-- This site is optimized with the Yoast SEO plugin v27.5 - https:\/\/yoast.com\/product\/yoast-seo-wordpress\/ -->\n<title>Agriculture\u00a0: \u00e9levage et p\u00e2turages, les mamelles de la high-tech<\/title>\n<meta name=\"description\" content=\"Notre ami Herv\u00e9 Pillaud, fondateur de Vend\u00e9es RS (RS comme \u00ab\u00a0r\u00e9seaux sociaux\u00a0\u00bb) et p\u00e8re du veau hashtag, on ne le pr\u00e9sente plus. De m\u00eame qu&#039;on va arr\u00eater\" \/>\n<meta name=\"robots\" content=\"index, follow, max-snippet:-1, max-image-preview:large, max-video-preview:-1\" \/>\n<link rel=\"canonical\" href=\"https:\/\/visionarymarketing.com\/fr\/2014\/10\/28\/agriculture\/\" \/>\n<meta property=\"og:locale\" content=\"fr_FR\" \/>\n<meta property=\"og:type\" content=\"article\" \/>\n<meta property=\"og:title\" content=\"Agriculture\u00a0: \u00e9levage et p\u00e2turages, les mamelles de la high-tech\" \/>\n<meta property=\"og:description\" content=\"Notre ami Herv\u00e9 Pillaud, fondateur de Vend\u00e9es RS (RS comme \u00ab\u00a0r\u00e9seaux sociaux\u00a0\u00bb) et p\u00e8re du veau hashtag, on ne le pr\u00e9sente plus. De m\u00eame qu&#039;on va arr\u00eater\" \/>\n<meta property=\"og:url\" content=\"https:\/\/visionarymarketing.com\/fr\/2014\/10\/28\/agriculture\/\" \/>\n<meta property=\"og:site_name\" content=\"Marketing and Innovation\" \/>\n<meta property=\"article:publisher\" content=\"https:\/\/www.facebook.com\/vismktg\" \/>\n<meta property=\"article:author\" content=\"http:\/\/facebook.com\/ygourven\" \/>\n<meta property=\"article:published_time\" content=\"2014-10-28T08:00:43+00:00\" \/>\n<meta property=\"article:modified_time\" content=\"2020-12-15T13:52:31+00:00\" \/>\n<meta property=\"og:image\" content=\"https:\/\/visionarymarketing.com\/wp-content\/uploads\/2019\/11\/47966166841_7e51243587_c.jpg\" \/>\n\t<meta property=\"og:image:width\" content=\"644\" \/>\n\t<meta property=\"og:image:height\" content=\"430\" \/>\n\t<meta property=\"og:image:type\" content=\"image\/jpeg\" \/>\n<meta name=\"author\" content=\"Yann Gourvennec\" \/>\n<meta name=\"twitter:card\" content=\"summary_large_image\" \/>\n<meta name=\"twitter:creator\" content=\"@ygourven\" \/>\n<meta name=\"twitter:site\" content=\"@ygourven\" \/>\n<meta name=\"twitter:label1\" content=\"\u00c9crit par\" \/>\n\t<meta name=\"twitter:data1\" content=\"Yann Gourvennec\" \/>\n\t<meta name=\"twitter:label2\" content=\"Dur\u00e9e de lecture estim\u00e9e\" \/>\n\t<meta name=\"twitter:data2\" content=\"4 minutes\" \/>\n<script type=\"application\/ld+json\" class=\"yoast-schema-graph\">{\"@context\":\"https:\\\/\\\/schema.org\",\"@graph\":[{\"@type\":\"NewsArticle\",\"@id\":\"https:\\\/\\\/visionarymarketing.com\\\/fr\\\/2014\\\/10\\\/28\\\/agriculture\\\/#article\",\"isPartOf\":{\"@id\":\"https:\\\/\\\/visionarymarketing.com\\\/fr\\\/2014\\\/10\\\/28\\\/agriculture\\\/\"},\"author\":{\"name\":\"Yann Gourvennec\",\"@id\":\"https:\\\/\\\/visionarymarketing.com\\\/fr\\\/#\\\/schema\\\/person\\\/3754fee1e558f47b8deb46f53c37423e\"},\"headline\":\"Agriculture\u00a0: \u00e9levage et p\u00e2turages, les mamelles de la high-tech\",\"datePublished\":\"2014-10-28T08:00:43+00:00\",\"dateModified\":\"2020-12-15T13:52:31+00:00\",\"mainEntityOfPage\":{\"@id\":\"https:\\\/\\\/visionarymarketing.com\\\/fr\\\/2014\\\/10\\\/28\\\/agriculture\\\/\"},\"wordCount\":819,\"commentCount\":0,\"image\":{\"@id\":\"https:\\\/\\\/visionarymarketing.com\\\/fr\\\/2014\\\/10\\\/28\\\/agriculture\\\/#primaryimage\"},\"thumbnailUrl\":\"https:\\\/\\\/visionarymarketing.com\\\/wp-content\\\/uploads\\\/2019\\\/11\\\/47966166841_7e51243587_c.jpg\",\"articleSection\":[\"\u00e9conomie et num\u00e9rique\"],\"inLanguage\":\"fr-FR\",\"potentialAction\":[{\"@type\":\"CommentAction\",\"name\":\"Comment\",\"target\":[\"https:\\\/\\\/visionarymarketing.com\\\/fr\\\/2014\\\/10\\\/28\\\/agriculture\\\/#respond\"]}]},{\"@type\":\"WebPage\",\"@id\":\"https:\\\/\\\/visionarymarketing.com\\\/fr\\\/2014\\\/10\\\/28\\\/agriculture\\\/\",\"url\":\"https:\\\/\\\/visionarymarketing.com\\\/fr\\\/2014\\\/10\\\/28\\\/agriculture\\\/\",\"name\":\"Agriculture\u00a0: \u00e9levage et p\u00e2turages, les mamelles de la high-tech\",\"isPartOf\":{\"@id\":\"https:\\\/\\\/visionarymarketing.com\\\/fr\\\/#website\"},\"primaryImageOfPage\":{\"@id\":\"https:\\\/\\\/visionarymarketing.com\\\/fr\\\/2014\\\/10\\\/28\\\/agriculture\\\/#primaryimage\"},\"image\":{\"@id\":\"https:\\\/\\\/visionarymarketing.com\\\/fr\\\/2014\\\/10\\\/28\\\/agriculture\\\/#primaryimage\"},\"thumbnailUrl\":\"https:\\\/\\\/visionarymarketing.com\\\/wp-content\\\/uploads\\\/2019\\\/11\\\/47966166841_7e51243587_c.jpg\",\"datePublished\":\"2014-10-28T08:00:43+00:00\",\"dateModified\":\"2020-12-15T13:52:31+00:00\",\"author\":{\"@id\":\"https:\\\/\\\/visionarymarketing.com\\\/fr\\\/#\\\/schema\\\/person\\\/3754fee1e558f47b8deb46f53c37423e\"},\"description\":\"Notre ami Herv\u00e9 Pillaud, fondateur de Vend\u00e9es RS (RS comme \u00ab\u00a0r\u00e9seaux sociaux\u00a0\u00bb) et p\u00e8re du veau hashtag, on ne le pr\u00e9sente plus. De m\u00eame qu'on va arr\u00eater\",\"breadcrumb\":{\"@id\":\"https:\\\/\\\/visionarymarketing.com\\\/fr\\\/2014\\\/10\\\/28\\\/agriculture\\\/#breadcrumb\"},\"inLanguage\":\"fr-FR\",\"potentialAction\":[{\"@type\":\"ReadAction\",\"target\":[\"https:\\\/\\\/visionarymarketing.com\\\/fr\\\/2014\\\/10\\\/28\\\/agriculture\\\/\"]}]},{\"@type\":\"ImageObject\",\"inLanguage\":\"fr-FR\",\"@id\":\"https:\\\/\\\/visionarymarketing.com\\\/fr\\\/2014\\\/10\\\/28\\\/agriculture\\\/#primaryimage\",\"url\":\"https:\\\/\\\/visionarymarketing.com\\\/wp-content\\\/uploads\\\/2019\\\/11\\\/47966166841_7e51243587_c.jpg\",\"contentUrl\":\"https:\\\/\\\/visionarymarketing.com\\\/wp-content\\\/uploads\\\/2019\\\/11\\\/47966166841_7e51243587_c.jpg\",\"width\":644,\"height\":430},{\"@type\":\"BreadcrumbList\",\"@id\":\"https:\\\/\\\/visionarymarketing.com\\\/fr\\\/2014\\\/10\\\/28\\\/agriculture\\\/#breadcrumb\",\"itemListElement\":[{\"@type\":\"ListItem\",\"position\":1,\"name\":\"Home\",\"item\":\"https:\\\/\\\/visionarymarketing.com\\\/fr\\\/\"},{\"@type\":\"ListItem\",\"position\":2,\"name\":\"Agriculture\u00a0: \u00e9levage et p\u00e2turages, les mamelles de la high-tech\"}]},{\"@type\":\"WebSite\",\"@id\":\"https:\\\/\\\/visionarymarketing.com\\\/fr\\\/#website\",\"url\":\"https:\\\/\\\/visionarymarketing.com\\\/fr\\\/\",\"name\":\"Marketing and Innovation\",\"description\":\"Site d&#039;infos ind\u00e9pendant, depuis 1996\",\"potentialAction\":[{\"@type\":\"SearchAction\",\"target\":{\"@type\":\"EntryPoint\",\"urlTemplate\":\"https:\\\/\\\/visionarymarketing.com\\\/fr\\\/?s={search_term_string}\"},\"query-input\":{\"@type\":\"PropertyValueSpecification\",\"valueRequired\":true,\"valueName\":\"search_term_string\"}}],\"inLanguage\":\"fr-FR\"},{\"@type\":\"Person\",\"@id\":\"https:\\\/\\\/visionarymarketing.com\\\/fr\\\/#\\\/schema\\\/person\\\/3754fee1e558f47b8deb46f53c37423e\",\"name\":\"Yann Gourvennec\",\"image\":{\"@type\":\"ImageObject\",\"inLanguage\":\"fr-FR\",\"@id\":\"https:\\\/\\\/secure.gravatar.com\\\/avatar\\\/5972001801e8de5692a3e31224e85769f50a55fb8b679749f9c8d1868cceff14?s=96&d=initials&r=g&initials=yg\",\"url\":\"https:\\\/\\\/secure.gravatar.com\\\/avatar\\\/5972001801e8de5692a3e31224e85769f50a55fb8b679749f9c8d1868cceff14?s=96&d=initials&r=g&initials=yg\",\"contentUrl\":\"https:\\\/\\\/secure.gravatar.com\\\/avatar\\\/5972001801e8de5692a3e31224e85769f50a55fb8b679749f9c8d1868cceff14?s=96&d=initials&r=g&initials=yg\",\"caption\":\"Yann Gourvennec\"},\"description\":\"Yann Gourvennec created visionarymarketing.com in 1996. He is a speaker and author of many books. In 2014 he went from intrapreneur to entrepreneur, when he created his digital marketing agency. Yann Gourvennec a cr\u00e9\u00e9 visionarymarketing.com en 1996. Il est conf\u00e9rencier et auteur de plusieurs livres. En 2014, il est pass\u00e9 d'intrapreneur \u00e0 entrepreneur en cr\u00e9ant son agence de marketing num\u00e9rique.\",\"sameAs\":[\"https:\\\/\\\/visionarymarketing.com\",\"http:\\\/\\\/facebook.com\\\/ygourven\",\"http:\\\/\\\/linkedin.com\\\/in\\\/ygourven\",\"https:\\\/\\\/x.com\\\/ygourven\",\"https:\\\/\\\/www.youtube.com\\\/c\\\/visionarymarketingagency\"],\"url\":\"https:\\\/\\\/visionarymarketing.com\\\/fr\\\/author\\\/yann-gourvennec\\\/\"}]}<\/script>\n<!-- \/ Yoast SEO plugin. -->","yoast_head_json":{"title":"Agriculture\u00a0: \u00e9levage et p\u00e2turages, les mamelles de la high-tech","description":"Notre ami Herv\u00e9 Pillaud, fondateur de Vend\u00e9es RS (RS comme \u00ab\u00a0r\u00e9seaux sociaux\u00a0\u00bb) et p\u00e8re du veau hashtag, on ne le pr\u00e9sente plus. De m\u00eame qu'on va arr\u00eater","robots":{"index":"index","follow":"follow","max-snippet":"max-snippet:-1","max-image-preview":"max-image-preview:large","max-video-preview":"max-video-preview:-1"},"canonical":"https:\/\/visionarymarketing.com\/fr\/2014\/10\/28\/agriculture\/","og_locale":"fr_FR","og_type":"article","og_title":"Agriculture\u00a0: \u00e9levage et p\u00e2turages, les mamelles de la high-tech","og_description":"Notre ami Herv\u00e9 Pillaud, fondateur de Vend\u00e9es RS (RS comme \u00ab\u00a0r\u00e9seaux sociaux\u00a0\u00bb) et p\u00e8re du veau hashtag, on ne le pr\u00e9sente plus. De m\u00eame qu'on va arr\u00eater","og_url":"https:\/\/visionarymarketing.com\/fr\/2014\/10\/28\/agriculture\/","og_site_name":"Marketing and Innovation","article_publisher":"https:\/\/www.facebook.com\/vismktg","article_author":"http:\/\/facebook.com\/ygourven","article_published_time":"2014-10-28T08:00:43+00:00","article_modified_time":"2020-12-15T13:52:31+00:00","og_image":[{"width":644,"height":430,"url":"https:\/\/visionarymarketing.com\/wp-content\/uploads\/2019\/11\/47966166841_7e51243587_c.jpg","type":"image\/jpeg"}],"author":"Yann Gourvennec","twitter_card":"summary_large_image","twitter_creator":"@ygourven","twitter_site":"@ygourven","twitter_misc":{"\u00c9crit par":"Yann Gourvennec","Dur\u00e9e de lecture estim\u00e9e":"4 minutes"},"schema":{"@context":"https:\/\/schema.org","@graph":[{"@type":"NewsArticle","@id":"https:\/\/visionarymarketing.com\/fr\/2014\/10\/28\/agriculture\/#article","isPartOf":{"@id":"https:\/\/visionarymarketing.com\/fr\/2014\/10\/28\/agriculture\/"},"author":{"name":"Yann Gourvennec","@id":"https:\/\/visionarymarketing.com\/fr\/#\/schema\/person\/3754fee1e558f47b8deb46f53c37423e"},"headline":"Agriculture\u00a0: \u00e9levage et p\u00e2turages, les mamelles de la high-tech","datePublished":"2014-10-28T08:00:43+00:00","dateModified":"2020-12-15T13:52:31+00:00","mainEntityOfPage":{"@id":"https:\/\/visionarymarketing.com\/fr\/2014\/10\/28\/agriculture\/"},"wordCount":819,"commentCount":0,"image":{"@id":"https:\/\/visionarymarketing.com\/fr\/2014\/10\/28\/agriculture\/#primaryimage"},"thumbnailUrl":"https:\/\/visionarymarketing.com\/wp-content\/uploads\/2019\/11\/47966166841_7e51243587_c.jpg","articleSection":["\u00e9conomie et num\u00e9rique"],"inLanguage":"fr-FR","potentialAction":[{"@type":"CommentAction","name":"Comment","target":["https:\/\/visionarymarketing.com\/fr\/2014\/10\/28\/agriculture\/#respond"]}]},{"@type":"WebPage","@id":"https:\/\/visionarymarketing.com\/fr\/2014\/10\/28\/agriculture\/","url":"https:\/\/visionarymarketing.com\/fr\/2014\/10\/28\/agriculture\/","name":"Agriculture\u00a0: \u00e9levage et p\u00e2turages, les mamelles de la high-tech","isPartOf":{"@id":"https:\/\/visionarymarketing.com\/fr\/#website"},"primaryImageOfPage":{"@id":"https:\/\/visionarymarketing.com\/fr\/2014\/10\/28\/agriculture\/#primaryimage"},"image":{"@id":"https:\/\/visionarymarketing.com\/fr\/2014\/10\/28\/agriculture\/#primaryimage"},"thumbnailUrl":"https:\/\/visionarymarketing.com\/wp-content\/uploads\/2019\/11\/47966166841_7e51243587_c.jpg","datePublished":"2014-10-28T08:00:43+00:00","dateModified":"2020-12-15T13:52:31+00:00","author":{"@id":"https:\/\/visionarymarketing.com\/fr\/#\/schema\/person\/3754fee1e558f47b8deb46f53c37423e"},"description":"Notre ami Herv\u00e9 Pillaud, fondateur de Vend\u00e9es RS (RS comme \u00ab\u00a0r\u00e9seaux sociaux\u00a0\u00bb) et p\u00e8re du veau hashtag, on ne le pr\u00e9sente plus. De m\u00eame qu'on va arr\u00eater","breadcrumb":{"@id":"https:\/\/visionarymarketing.com\/fr\/2014\/10\/28\/agriculture\/#breadcrumb"},"inLanguage":"fr-FR","potentialAction":[{"@type":"ReadAction","target":["https:\/\/visionarymarketing.com\/fr\/2014\/10\/28\/agriculture\/"]}]},{"@type":"ImageObject","inLanguage":"fr-FR","@id":"https:\/\/visionarymarketing.com\/fr\/2014\/10\/28\/agriculture\/#primaryimage","url":"https:\/\/visionarymarketing.com\/wp-content\/uploads\/2019\/11\/47966166841_7e51243587_c.jpg","contentUrl":"https:\/\/visionarymarketing.com\/wp-content\/uploads\/2019\/11\/47966166841_7e51243587_c.jpg","width":644,"height":430},{"@type":"BreadcrumbList","@id":"https:\/\/visionarymarketing.com\/fr\/2014\/10\/28\/agriculture\/#breadcrumb","itemListElement":[{"@type":"ListItem","position":1,"name":"Home","item":"https:\/\/visionarymarketing.com\/fr\/"},{"@type":"ListItem","position":2,"name":"Agriculture\u00a0: \u00e9levage et p\u00e2turages, les mamelles de la high-tech"}]},{"@type":"WebSite","@id":"https:\/\/visionarymarketing.com\/fr\/#website","url":"https:\/\/visionarymarketing.com\/fr\/","name":"Marketing and Innovation","description":"Site d&#039;infos ind\u00e9pendant, depuis 1996","potentialAction":[{"@type":"SearchAction","target":{"@type":"EntryPoint","urlTemplate":"https:\/\/visionarymarketing.com\/fr\/?s={search_term_string}"},"query-input":{"@type":"PropertyValueSpecification","valueRequired":true,"valueName":"search_term_string"}}],"inLanguage":"fr-FR"},{"@type":"Person","@id":"https:\/\/visionarymarketing.com\/fr\/#\/schema\/person\/3754fee1e558f47b8deb46f53c37423e","name":"Yann Gourvennec","image":{"@type":"ImageObject","inLanguage":"fr-FR","@id":"https:\/\/secure.gravatar.com\/avatar\/5972001801e8de5692a3e31224e85769f50a55fb8b679749f9c8d1868cceff14?s=96&d=initials&r=g&initials=yg","url":"https:\/\/secure.gravatar.com\/avatar\/5972001801e8de5692a3e31224e85769f50a55fb8b679749f9c8d1868cceff14?s=96&d=initials&r=g&initials=yg","contentUrl":"https:\/\/secure.gravatar.com\/avatar\/5972001801e8de5692a3e31224e85769f50a55fb8b679749f9c8d1868cceff14?s=96&d=initials&r=g&initials=yg","caption":"Yann Gourvennec"},"description":"Yann Gourvennec created visionarymarketing.com in 1996. He is a speaker and author of many books. In 2014 he went from intrapreneur to entrepreneur, when he created his digital marketing agency. Yann Gourvennec a cr\u00e9\u00e9 visionarymarketing.com en 1996. Il est conf\u00e9rencier et auteur de plusieurs livres. En 2014, il est pass\u00e9 d'intrapreneur \u00e0 entrepreneur en cr\u00e9ant son agence de marketing num\u00e9rique.","sameAs":["https:\/\/visionarymarketing.com","http:\/\/facebook.com\/ygourven","http:\/\/linkedin.com\/in\/ygourven","https:\/\/x.com\/ygourven","https:\/\/www.youtube.com\/c\/visionarymarketingagency"],"url":"https:\/\/visionarymarketing.com\/fr\/author\/yann-gourvennec\/"}]}},"_links":{"self":[{"href":"https:\/\/visionarymarketing.com\/fr\/wp-json\/wp\/v2\/posts\/16213","targetHints":{"allow":["GET"]}}],"collection":[{"href":"https:\/\/visionarymarketing.com\/fr\/wp-json\/wp\/v2\/posts"}],"about":[{"href":"https:\/\/visionarymarketing.com\/fr\/wp-json\/wp\/v2\/types\/post"}],"author":[{"embeddable":true,"href":"https:\/\/visionarymarketing.com\/fr\/wp-json\/wp\/v2\/users\/2"}],"replies":[{"embeddable":true,"href":"https:\/\/visionarymarketing.com\/fr\/wp-json\/wp\/v2\/comments?post=16213"}],"version-history":[{"count":0,"href":"https:\/\/visionarymarketing.com\/fr\/wp-json\/wp\/v2\/posts\/16213\/revisions"}],"wp:featuredmedia":[{"embeddable":true,"href":"https:\/\/visionarymarketing.com\/fr\/wp-json\/wp\/v2\/media\/34068"}],"wp:attachment":[{"href":"https:\/\/visionarymarketing.com\/fr\/wp-json\/wp\/v2\/media?parent=16213"}],"wp:term":[{"taxonomy":"category","embeddable":true,"href":"https:\/\/visionarymarketing.com\/fr\/wp-json\/wp\/v2\/categories?post=16213"},{"taxonomy":"post_tag","embeddable":true,"href":"https:\/\/visionarymarketing.com\/fr\/wp-json\/wp\/v2\/tags?post=16213"}],"curies":[{"name":"wp","href":"https:\/\/api.w.org\/{rel}","templated":true}]}}