{"id":15239,"date":"2014-09-05T08:55:44","date_gmt":"2014-09-05T06:55:44","guid":{"rendered":"http:\/\/visionarymarketing.fr\/blog?p=15239&#038;preview_id=15239"},"modified":"2022-07-18T21:57:38","modified_gmt":"2022-07-18T19:57:38","slug":"retargeting","status":"publish","type":"post","link":"https:\/\/visionarymarketing.com\/fr\/2014\/09\/05\/retargeting\/","title":{"rendered":"Retargeting : Ne ratez pas la conf\u00e9rence marketing B2B de l&rsquo;ann\u00e9e !"},"content":{"rendered":"<h1>Retargeting B2B : <a href=\"http:\/\/getplus.fr\" target=\"_blank\" rel=\"noopener noreferrer\">Get+<\/a> et <a href=\"https:\/\/visionarymarketing.com\" target=\"_blank\" rel=\"noopener noreferrer\">Visionary Marketing<\/a> annoncent le lancement d&rsquo;une offre\u00a0innovante dans le marketing B2B<\/h1>\n<p><span style=\"color: #000080;\"><em>Il faudra se d\u00e9p\u00eacher car les places sont limit\u00e9es sur la p\u00e9niche la balle au bond amarr\u00e9e en face du <a class=\"zem_slink\" title=\"Mus\u00e9e du Louvre\" href=\"http:\/\/maps.google.com\/maps?ll=48.860339,2.337599&amp;spn=0.01,0.01&amp;q=48.860339,2.337599 (Mus%C3%A9e%20du%20Louvre)&amp;t=h\" target=\"_blank\" rel=\"geolocation noopener noreferrer\"><span style=\"color: #000080;\">Louvre<\/span><\/a> en plein <a class=\"zem_slink\" title=\"Paris, Banks of the Seine\" href=\"http:\/\/whc.unesco.org\/en\/list\/600\" target=\"_blank\" rel=\"unesco noopener noreferrer\"><span style=\"color: #000080;\">Paris<\/span><\/a>. C&rsquo;est que l&rsquo;\u00e9v\u00e9nement est de taille : Get+ et <a href=\"https:\/\/visionarymarketing.com\" target=\"_blank\" rel=\"noopener noreferrer\">Visionary Marketing<\/a>` y annonceront le lancement officiel de l&rsquo;offre sur laquelle nous travaillons maintenant depuis pr\u00e8s d&rsquo;un an (avec des mises en \u0153uvre concr\u00e8tes sur le terrain, notamment chez les grands op\u00e9rateurs de TELECOM locaux. Cette offre, intitul\u00e9e \u00ab\u00a0retargeting B2B\u00a0\u00bb \u00e0 l&rsquo;instar de ce que <a class=\"zem_slink\" title=\"Criteo\" href=\"http:\/\/www.criteo.com\" target=\"_blank\" rel=\"homepage noopener noreferrer\"><span style=\"color: #000080;\">Criteo<\/span><\/a> a cr\u00e9\u00e9 pour le march\u00e9 grand public est une premi\u00e8re sur le march\u00e9 : son but est de transformer vos visiteurs en suspects, puis en prospects &#8230; Et enfin en clients, \u00e0 terme, si la relation que vous avez cr\u00e9\u00e9e inspire le prospect quant \u00e0 la r\u00e9solution de ses probl\u00e8mes business.<\/em><\/span><\/p>\n<p><center><\/p>\n<p><iframe src=\"\/\/www.youtube.com\/embed\/MYup5BwZn58\" width=\"600\" height=\"338\" frameborder=\"0\" allowfullscreen=\"allowfullscreen\"><\/iframe><\/p>\n<p>Une vid\u00e9o explicative du retargeting B2B pour comprendre le sujet et \u00a0saisir la port\u00e9e de cette \u00a0innovation<\/center>Dans cette conf\u00e9rence \u00e0 laquelle j&rsquo;aurai la chance de pr\u00e9senter aux c\u00f4t\u00e9s de mon ami et confr\u00e8re de longue date Herv\u00e9 Gonay (nous travaillons ensemble depuis 2008 et j&rsquo;ai eu la chance de faire partie de ses premiers clients, justifiant ainsi le nom de <a href=\"http:\/\/bases-marques.inpi.fr\/Typo3_INPI_Marques\/marques_resultats_liste.html\" target=\"_blank\" rel=\"noopener noreferrer\">ma marque dont le d\u00e9p\u00f4t a d&rsquo;ailleurs \u00e9t\u00e9 officialis\u00e9 hier ! Par l&rsquo;INPI<\/a>). Au cours de cette pr\u00e9sentation, nous y verrons surtout le t\u00e9moignage de Jean-Pierre Savi, mon client chez Orange Cloud for Business, qui viendra conter son exp\u00e9rience de l&rsquo;utilisation de cet outil au quotidien chez l&rsquo;op\u00e9rateur de services informatiques d&rsquo;<a class=\"zem_slink\" title=\"Orange Business Services\" href=\"http:\/\/www.orange-business.com\" target=\"_blank\" rel=\"homepage noopener noreferrer\">Orange Business Services<\/a>.<\/p>\n<p><!--more--><\/p>\n<p>Voici le programme, n&rsquo;oubliez pas de vous inscrire rapidement :<\/p>\n<p><span class=\"removed_link\" title=\"http:\/\/ww2.getplus.fr\/InscriptionLancementRetargeting2.html\"><img decoding=\"async\" class=\"aligncenter size-full wp-image-15153\" src=\"https:\/\/visionarymarketing.com\/wp-content\/uploads\/2014\/09\/bouton-inscription-2.jpeg\" alt=\"Je m'inscris\" width=\"192\" height=\"49\" \/><\/span><\/p>\n<p>Pourquoi le retargeting B2B obtient-il des r\u00e9sultats si performants? Par quelle m\u00e9canique permet-il de trouver de nouveaux prospects? Comment peut-on relancer un visiteur anonyme de son site web?<\/p>\n<p>Au cours de cet \u00e9v\u00e8nement de lancement, Orange Cloud for Business vous livrera son exp\u00e9rience du retargeting <a class=\"zem_slink\" title=\"Business-to-business\" href=\"https:\/\/en.wikipedia.org\/wiki\/Business-to-business\" target=\"_blank\" rel=\"wikipedia noopener noreferrer\">business to business<\/a>. Yann Gourvennec, fondateur de l&rsquo;agence Visionary <a class=\"zem_slink\" title=\"Marketing\" href=\"https:\/\/en.wikipedia.org\/wiki\/Marketing\" target=\"_blank\" rel=\"wikipedia noopener noreferrer\">marketing<\/a>, reviendra sur les cl\u00e9s de cette technique qui progresse rapidement en <a class=\"zem_slink\" title=\"France\" href=\"http:\/\/maps.google.com\/maps?ll=48.8566666667,2.35083333333&amp;spn=10.0,10.0&amp;q=48.8566666667,2.35083333333 (France)&amp;t=h\" target=\"_blank\" rel=\"geolocation noopener noreferrer\">France<\/a>. Et vous assisterez \u00e0 une d\u00e9monstration live de la solution Getplus Retargeting, premi\u00e8re solution int\u00e9gr\u00e9e de retargeting B2B.<\/p>\n<p><span class=\"removed_link\" title=\"http:\/\/ww2.getplus.fr\/InscriptionLancementRetargeting2.html\"><img decoding=\"async\" class=\"aligncenter size-full wp-image-15153\" src=\"https:\/\/visionarymarketing.com\/wp-content\/uploads\/2014\/09\/bouton-inscription-2.jpeg\" alt=\"Je m'inscris\" width=\"192\" height=\"49\" \/><\/span><\/p>\n<p style=\"text-align: center;\"><span class=\"removed_link\" title=\"http:\/\/ww2.getplus.fr\/InscriptionLancementRetargeting2.html\"><strong>Pour vous inscrire, cliquez ici<\/strong><\/span><\/p>\n<p>Lieu: p\u00e9niche La Balle au Bond, 3 Quai Malaquais, 75006 Paris.<br \/>\nM\u00e9tro <a class=\"zem_slink\" title=\"Pont Neuf\" href=\"http:\/\/maps.google.com\/maps?ll=48.8574472222,2.34161666667&amp;spn=0.01,0.01&amp;q=48.8574472222,2.34161666667 (Pont%20Neuf)&amp;t=h\" target=\"_blank\" rel=\"geolocation noopener noreferrer\">Pont Neuf<\/a> (ligne 7). Parking Q-Park Rivoli Pont Neuf, 2 Rue Boucher 75001 Paris.<\/p>\n<p>Date: mardi 16 septembre de 9h \u00e0 11h.<\/p>\n<p>Programme:<\/p>\n<ul>\n<li class=\"list\">Introduction sur les enjeux du retargeting par Herv\u00e9 Gonay et Bruno Barandas, Getplus<\/li>\n<li class=\"list\">Intervention de Yann Gourvennec, Visionary Marketing, sur les enjeux du retargeting<\/li>\n<li class=\"list\">Pr\u00e9sentation de Get+ Retargeting, la nouvelle solution online de retargeting B2B<\/li>\n<li class=\"list\">T\u00e9moignage de Jean-Pierre Savi, Directeur Marketing chez <a href=\"http:\/\/hebergementweb.orange-business.com\" target=\"_blank\" rel=\"noopener noreferrer\">Orange Cloud for Business<\/a><\/li>\n<\/ul>\n<h3 class=\"zemanta-related-title\" style=\"margin: 0 0 10px 0; padding: 0; clear: both;\">Related articles<\/h3>\n<ul class=\"zemanta-article-ul zemanta-article-ul-image\" style=\"margin: 0; padding: 0; overflow: hidden;\">\n<li class=\"zemanta-article-ul-li-image zemanta-article-ul-li\" style=\"padding: 0; background: none; list-style: none; display: block; float: left; vertical-align: top; text-align: left; width: 104px; font-size: 12px; margin: 0 5px 10px 0;\"><a style=\"padding: 2px; display: block; text-decoration: none;\" href=\"http:\/\/knittedart.wordpress.com\/2014\/09\/01\/this-week-in-pinterest-cette-semaine-sur-pinterest-89\/\" target=\"_blank\" rel=\"noopener noreferrer\"><\/a><a style=\"display: block; overflow: hidden; text-decoration: none; line-height: 12pt; height: 80px; padding: 5px 2px 0 2px;\" href=\"http:\/\/knittedart.wordpress.com\/2014\/09\/01\/this-week-in-pinterest-cette-semaine-sur-pinterest-89\/\" target=\"_blank\" rel=\"noopener noreferrer\">This week in Pinterest \/ Cette semaine sur Pinterest<\/a><\/li>\n<li class=\"zemanta-article-ul-li-image zemanta-article-ul-li\" style=\"padding: 0; background: none; list-style: none; display: block; float: left; vertical-align: top; text-align: left; width: 104px; font-size: 12px; margin: 0 5px 10px 0;\"><a style=\"padding: 2px; display: block; text-decoration: none;\" href=\"http:\/\/climbtothestars.org\/archives\/2010\/06\/13\/comment-ne-pas-approcher-les-blogueurs\/\" target=\"_blank\" rel=\"noopener noreferrer\"><\/a><a style=\"display: block; overflow: hidden; text-decoration: none; line-height: 12pt; height: 80px; padding: 5px 2px 0 2px;\" href=\"http:\/\/climbtothestars.org\/archives\/2010\/06\/13\/comment-ne-pas-approcher-les-blogueurs\/\" target=\"_blank\" rel=\"noopener noreferrer\">Comment ne pas approcher les blogueurs<\/a><\/li>\n<li class=\"zemanta-article-ul-li-image zemanta-article-ul-li\" style=\"padding: 0; background: none; list-style: none; display: block; float: left; vertical-align: top; text-align: left; width: 104px; font-size: 12px; margin: 0 5px 10px 0;\"><a style=\"padding: 2px; display: block; text-decoration: none;\" href=\"http:\/\/lebarbareerudit.wordpress.com\/2010\/08\/17\/capitalisme-et-societe-reponse-a-un-chum-sur-sa-reflexion-entamee-sur-son-blogue\/\" target=\"_blank\" rel=\"noopener noreferrer\"><\/a><a style=\"display: block; overflow: hidden; text-decoration: none; line-height: 12pt; height: 80px; padding: 5px 2px 0 2px;\" href=\"http:\/\/lebarbareerudit.wordpress.com\/2010\/08\/17\/capitalisme-et-societe-reponse-a-un-chum-sur-sa-reflexion-entamee-sur-son-blogue\/\" target=\"_blank\" rel=\"noopener noreferrer\">Capitalisme et soci\u00e9t\u00e9 : r\u00e9ponse \u00e0 un chum sur sa r\u00e9flexion entam\u00e9e sur son blogue<\/a><\/li>\n<li class=\"zemanta-article-ul-li-image zemanta-article-ul-li\" style=\"padding: 0; background: none; list-style: none; display: block; float: left; vertical-align: top; text-align: left; width: 104px; font-size: 12px; margin: 0 5px 10px 0;\"><a style=\"padding: 2px; display: block; text-decoration: none;\" href=\"http:\/\/ufeseattle.wordpress.com\/2014\/09\/03\/offre-de-cdi-vancouver-bc-field-service-project-manager\/\" target=\"_blank\" rel=\"noopener noreferrer\"><\/a><a style=\"display: block; overflow: hidden; text-decoration: none; line-height: 12pt; height: 80px; padding: 5px 2px 0 2px;\" href=\"http:\/\/ufeseattle.wordpress.com\/2014\/09\/03\/offre-de-cdi-vancouver-bc-field-service-project-manager\/\" target=\"_blank\" rel=\"noopener noreferrer\">Offre de CDI \u00e0 Vancouver, BC &#8211; Field Service Project Manager<\/a><\/li>\n<li class=\"zemanta-article-ul-li-image zemanta-article-ul-li\" style=\"padding: 0; background: none; list-style: none; display: block; float: left; vertical-align: top; text-align: left; width: 104px; font-size: 12px; margin: 0 5px 10px 0;\"><a style=\"padding: 2px; display: block; text-decoration: none;\" href=\"https:\/\/www.slideshare.net\/ASSAITOU_DRAME\/formation-droit-social-pour-les-managers-dquipes-juris-paye\" target=\"_blank\" rel=\"noopener noreferrer\"><\/a><a style=\"display: block; overflow: hidden; text-decoration: none; line-height: 12pt; height: 80px; padding: 5px 2px 0 2px;\" href=\"https:\/\/www.slideshare.net\/ASSAITOU_DRAME\/formation-droit-social-pour-les-managers-dquipes-juris-paye\" target=\"_blank\" rel=\"noopener noreferrer\">Formation droit social pour les managers d&rsquo;\u00e9quipes juris paye<\/a><\/li>\n<\/ul>\n","protected":false},"excerpt":{"rendered":"<p>Retargeting B2B : Get+ et Visionary Marketing annoncent le lancement d&rsquo;une offre\u00a0innovante dans le marketing B2B Il faudra se d\u00e9p\u00eacher car les places sont limit\u00e9es sur la p\u00e9niche la balle au bond amarr\u00e9e en face du Louvre en plein Paris. C&rsquo;est que l&rsquo;\u00e9v\u00e9nement est de taille : Get+ et Visionary Marketing` y annonceront le lancement &hellip;<\/p>\n","protected":false},"author":2,"featured_media":34065,"comment_status":"open","ping_status":"open","sticky":false,"template":"","format":"standard","meta":{"footnotes":""},"categories":[4077],"tags":[],"class_list":["post-15239","post","type-post","status-publish","format-standard","has-post-thumbnail","hentry","category-b2b-marketing"],"yoast_head":"<!-- This site is optimized with the Yoast SEO plugin v27.4 - https:\/\/yoast.com\/product\/yoast-seo-wordpress\/ -->\n<title>Retargeting : Ne ratez pas la conf\u00e9rence marketing B2B de l&#039;ann\u00e9e !<\/title>\n<meta name=\"description\" content=\"Get+ et Visionary Marketing y annonceront le lancement officiel de l&#039;offre &quot;retargeting B2B&quot;, pour visiteurs en suspects, prospects, clients\" \/>\n<meta name=\"robots\" content=\"index, follow, max-snippet:-1, max-image-preview:large, max-video-preview:-1\" \/>\n<link rel=\"canonical\" href=\"https:\/\/visionarymarketing.com\/fr\/2014\/09\/05\/retargeting\/\" \/>\n<meta property=\"og:locale\" content=\"fr_FR\" \/>\n<meta property=\"og:type\" content=\"article\" \/>\n<meta property=\"og:title\" content=\"Retargeting : Ne ratez pas la conf\u00e9rence marketing B2B de l&#039;ann\u00e9e !\" \/>\n<meta property=\"og:description\" content=\"Get+ et Visionary Marketing y annonceront le lancement officiel de l&#039;offre &quot;retargeting B2B&quot;, pour visiteurs en suspects, prospects, clients\" \/>\n<meta property=\"og:url\" content=\"https:\/\/visionarymarketing.com\/fr\/2014\/09\/05\/retargeting\/\" \/>\n<meta property=\"og:site_name\" content=\"Marketing and Innovation\" \/>\n<meta property=\"article:publisher\" content=\"https:\/\/www.facebook.com\/vismktg\" \/>\n<meta property=\"article:author\" content=\"http:\/\/facebook.com\/ygourven\" \/>\n<meta property=\"article:published_time\" content=\"2014-09-05T06:55:44+00:00\" \/>\n<meta property=\"article:modified_time\" content=\"2022-07-18T19:57:38+00:00\" \/>\n<meta property=\"og:image\" content=\"https:\/\/visionarymarketing.com\/wp-content\/uploads\/2019\/11\/47991153671_3335ccd665_c.jpg\" \/>\n\t<meta property=\"og:image:width\" content=\"644\" \/>\n\t<meta property=\"og:image:height\" content=\"430\" \/>\n\t<meta property=\"og:image:type\" content=\"image\/jpeg\" \/>\n<meta name=\"author\" content=\"Yann Gourvennec\" \/>\n<meta name=\"twitter:card\" content=\"summary_large_image\" \/>\n<meta name=\"twitter:creator\" content=\"@ygourven\" \/>\n<meta name=\"twitter:site\" content=\"@ygourven\" \/>\n<meta name=\"twitter:label1\" content=\"\u00c9crit par\" \/>\n\t<meta name=\"twitter:data1\" content=\"Yann Gourvennec\" \/>\n\t<meta name=\"twitter:label2\" content=\"Dur\u00e9e de lecture estim\u00e9e\" \/>\n\t<meta name=\"twitter:data2\" content=\"3 minutes\" \/>\n<script type=\"application\/ld+json\" class=\"yoast-schema-graph\">{\"@context\":\"https:\\\/\\\/schema.org\",\"@graph\":[{\"@type\":\"NewsArticle\",\"@id\":\"https:\\\/\\\/visionarymarketing.com\\\/fr\\\/2014\\\/09\\\/05\\\/retargeting\\\/#article\",\"isPartOf\":{\"@id\":\"https:\\\/\\\/visionarymarketing.com\\\/fr\\\/2014\\\/09\\\/05\\\/retargeting\\\/\"},\"author\":{\"name\":\"Yann Gourvennec\",\"@id\":\"https:\\\/\\\/visionarymarketing.com\\\/fr\\\/#\\\/schema\\\/person\\\/3754fee1e558f47b8deb46f53c37423e\"},\"headline\":\"Retargeting : Ne ratez pas la conf\u00e9rence marketing B2B de l&rsquo;ann\u00e9e !\",\"datePublished\":\"2014-09-05T06:55:44+00:00\",\"dateModified\":\"2022-07-18T19:57:38+00:00\",\"mainEntityOfPage\":{\"@id\":\"https:\\\/\\\/visionarymarketing.com\\\/fr\\\/2014\\\/09\\\/05\\\/retargeting\\\/\"},\"wordCount\":552,\"commentCount\":1,\"image\":{\"@id\":\"https:\\\/\\\/visionarymarketing.com\\\/fr\\\/2014\\\/09\\\/05\\\/retargeting\\\/#primaryimage\"},\"thumbnailUrl\":\"https:\\\/\\\/visionarymarketing.com\\\/wp-content\\\/uploads\\\/2019\\\/11\\\/47991153671_3335ccd665_c.jpg\",\"articleSection\":[\"b2b marketing &amp; sales\"],\"inLanguage\":\"fr-FR\",\"potentialAction\":[{\"@type\":\"CommentAction\",\"name\":\"Comment\",\"target\":[\"https:\\\/\\\/visionarymarketing.com\\\/fr\\\/2014\\\/09\\\/05\\\/retargeting\\\/#respond\"]}]},{\"@type\":\"WebPage\",\"@id\":\"https:\\\/\\\/visionarymarketing.com\\\/fr\\\/2014\\\/09\\\/05\\\/retargeting\\\/\",\"url\":\"https:\\\/\\\/visionarymarketing.com\\\/fr\\\/2014\\\/09\\\/05\\\/retargeting\\\/\",\"name\":\"Retargeting : Ne ratez pas la conf\u00e9rence marketing B2B de l'ann\u00e9e !\",\"isPartOf\":{\"@id\":\"https:\\\/\\\/visionarymarketing.com\\\/fr\\\/#website\"},\"primaryImageOfPage\":{\"@id\":\"https:\\\/\\\/visionarymarketing.com\\\/fr\\\/2014\\\/09\\\/05\\\/retargeting\\\/#primaryimage\"},\"image\":{\"@id\":\"https:\\\/\\\/visionarymarketing.com\\\/fr\\\/2014\\\/09\\\/05\\\/retargeting\\\/#primaryimage\"},\"thumbnailUrl\":\"https:\\\/\\\/visionarymarketing.com\\\/wp-content\\\/uploads\\\/2019\\\/11\\\/47991153671_3335ccd665_c.jpg\",\"datePublished\":\"2014-09-05T06:55:44+00:00\",\"dateModified\":\"2022-07-18T19:57:38+00:00\",\"author\":{\"@id\":\"https:\\\/\\\/visionarymarketing.com\\\/fr\\\/#\\\/schema\\\/person\\\/3754fee1e558f47b8deb46f53c37423e\"},\"description\":\"Get+ et Visionary Marketing y annonceront le lancement officiel de l'offre \\\"retargeting B2B\\\", pour visiteurs en suspects, prospects, clients\",\"breadcrumb\":{\"@id\":\"https:\\\/\\\/visionarymarketing.com\\\/fr\\\/2014\\\/09\\\/05\\\/retargeting\\\/#breadcrumb\"},\"inLanguage\":\"fr-FR\",\"potentialAction\":[{\"@type\":\"ReadAction\",\"target\":[\"https:\\\/\\\/visionarymarketing.com\\\/fr\\\/2014\\\/09\\\/05\\\/retargeting\\\/\"]}]},{\"@type\":\"ImageObject\",\"inLanguage\":\"fr-FR\",\"@id\":\"https:\\\/\\\/visionarymarketing.com\\\/fr\\\/2014\\\/09\\\/05\\\/retargeting\\\/#primaryimage\",\"url\":\"https:\\\/\\\/visionarymarketing.com\\\/wp-content\\\/uploads\\\/2019\\\/11\\\/47991153671_3335ccd665_c.jpg\",\"contentUrl\":\"https:\\\/\\\/visionarymarketing.com\\\/wp-content\\\/uploads\\\/2019\\\/11\\\/47991153671_3335ccd665_c.jpg\",\"width\":644,\"height\":430,\"caption\":\"Juin 2019\"},{\"@type\":\"BreadcrumbList\",\"@id\":\"https:\\\/\\\/visionarymarketing.com\\\/fr\\\/2014\\\/09\\\/05\\\/retargeting\\\/#breadcrumb\",\"itemListElement\":[{\"@type\":\"ListItem\",\"position\":1,\"name\":\"Home\",\"item\":\"https:\\\/\\\/visionarymarketing.com\\\/fr\\\/\"},{\"@type\":\"ListItem\",\"position\":2,\"name\":\"Retargeting : Ne ratez pas la conf\u00e9rence marketing B2B de l&rsquo;ann\u00e9e !\"}]},{\"@type\":\"WebSite\",\"@id\":\"https:\\\/\\\/visionarymarketing.com\\\/fr\\\/#website\",\"url\":\"https:\\\/\\\/visionarymarketing.com\\\/fr\\\/\",\"name\":\"Marketing and Innovation\",\"description\":\"Site d&#039;infos ind\u00e9pendant, depuis 1996\",\"potentialAction\":[{\"@type\":\"SearchAction\",\"target\":{\"@type\":\"EntryPoint\",\"urlTemplate\":\"https:\\\/\\\/visionarymarketing.com\\\/fr\\\/?s={search_term_string}\"},\"query-input\":{\"@type\":\"PropertyValueSpecification\",\"valueRequired\":true,\"valueName\":\"search_term_string\"}}],\"inLanguage\":\"fr-FR\"},{\"@type\":\"Person\",\"@id\":\"https:\\\/\\\/visionarymarketing.com\\\/fr\\\/#\\\/schema\\\/person\\\/3754fee1e558f47b8deb46f53c37423e\",\"name\":\"Yann Gourvennec\",\"image\":{\"@type\":\"ImageObject\",\"inLanguage\":\"fr-FR\",\"@id\":\"https:\\\/\\\/secure.gravatar.com\\\/avatar\\\/5972001801e8de5692a3e31224e85769f50a55fb8b679749f9c8d1868cceff14?s=96&d=initials&r=g&initials=yg\",\"url\":\"https:\\\/\\\/secure.gravatar.com\\\/avatar\\\/5972001801e8de5692a3e31224e85769f50a55fb8b679749f9c8d1868cceff14?s=96&d=initials&r=g&initials=yg\",\"contentUrl\":\"https:\\\/\\\/secure.gravatar.com\\\/avatar\\\/5972001801e8de5692a3e31224e85769f50a55fb8b679749f9c8d1868cceff14?s=96&d=initials&r=g&initials=yg\",\"caption\":\"Yann Gourvennec\"},\"description\":\"Yann Gourvennec created visionarymarketing.com in 1996. He is a speaker and author of many books. In 2014 he went from intrapreneur to entrepreneur, when he created his digital marketing agency. Yann Gourvennec a cr\u00e9\u00e9 visionarymarketing.com en 1996. Il est conf\u00e9rencier et auteur de plusieurs livres. En 2014, il est pass\u00e9 d'intrapreneur \u00e0 entrepreneur en cr\u00e9ant son agence de marketing num\u00e9rique.\",\"sameAs\":[\"https:\\\/\\\/visionarymarketing.com\",\"http:\\\/\\\/facebook.com\\\/ygourven\",\"http:\\\/\\\/linkedin.com\\\/in\\\/ygourven\",\"https:\\\/\\\/x.com\\\/ygourven\",\"https:\\\/\\\/www.youtube.com\\\/c\\\/visionarymarketingagency\"],\"url\":\"https:\\\/\\\/visionarymarketing.com\\\/fr\\\/author\\\/yann-gourvennec\\\/\"}]}<\/script>\n<!-- \/ Yoast SEO plugin. -->","yoast_head_json":{"title":"Retargeting : Ne ratez pas la conf\u00e9rence marketing B2B de l'ann\u00e9e !","description":"Get+ et Visionary Marketing y annonceront le lancement officiel de l'offre \"retargeting B2B\", pour visiteurs en suspects, prospects, clients","robots":{"index":"index","follow":"follow","max-snippet":"max-snippet:-1","max-image-preview":"max-image-preview:large","max-video-preview":"max-video-preview:-1"},"canonical":"https:\/\/visionarymarketing.com\/fr\/2014\/09\/05\/retargeting\/","og_locale":"fr_FR","og_type":"article","og_title":"Retargeting : Ne ratez pas la conf\u00e9rence marketing B2B de l'ann\u00e9e !","og_description":"Get+ et Visionary Marketing y annonceront le lancement officiel de l'offre \"retargeting B2B\", pour visiteurs en suspects, prospects, clients","og_url":"https:\/\/visionarymarketing.com\/fr\/2014\/09\/05\/retargeting\/","og_site_name":"Marketing and Innovation","article_publisher":"https:\/\/www.facebook.com\/vismktg","article_author":"http:\/\/facebook.com\/ygourven","article_published_time":"2014-09-05T06:55:44+00:00","article_modified_time":"2022-07-18T19:57:38+00:00","og_image":[{"width":644,"height":430,"url":"https:\/\/visionarymarketing.com\/wp-content\/uploads\/2019\/11\/47991153671_3335ccd665_c.jpg","type":"image\/jpeg"}],"author":"Yann Gourvennec","twitter_card":"summary_large_image","twitter_creator":"@ygourven","twitter_site":"@ygourven","twitter_misc":{"\u00c9crit par":"Yann Gourvennec","Dur\u00e9e de lecture estim\u00e9e":"3 minutes"},"schema":{"@context":"https:\/\/schema.org","@graph":[{"@type":"NewsArticle","@id":"https:\/\/visionarymarketing.com\/fr\/2014\/09\/05\/retargeting\/#article","isPartOf":{"@id":"https:\/\/visionarymarketing.com\/fr\/2014\/09\/05\/retargeting\/"},"author":{"name":"Yann Gourvennec","@id":"https:\/\/visionarymarketing.com\/fr\/#\/schema\/person\/3754fee1e558f47b8deb46f53c37423e"},"headline":"Retargeting : Ne ratez pas la conf\u00e9rence marketing B2B de l&rsquo;ann\u00e9e !","datePublished":"2014-09-05T06:55:44+00:00","dateModified":"2022-07-18T19:57:38+00:00","mainEntityOfPage":{"@id":"https:\/\/visionarymarketing.com\/fr\/2014\/09\/05\/retargeting\/"},"wordCount":552,"commentCount":1,"image":{"@id":"https:\/\/visionarymarketing.com\/fr\/2014\/09\/05\/retargeting\/#primaryimage"},"thumbnailUrl":"https:\/\/visionarymarketing.com\/wp-content\/uploads\/2019\/11\/47991153671_3335ccd665_c.jpg","articleSection":["b2b marketing &amp; sales"],"inLanguage":"fr-FR","potentialAction":[{"@type":"CommentAction","name":"Comment","target":["https:\/\/visionarymarketing.com\/fr\/2014\/09\/05\/retargeting\/#respond"]}]},{"@type":"WebPage","@id":"https:\/\/visionarymarketing.com\/fr\/2014\/09\/05\/retargeting\/","url":"https:\/\/visionarymarketing.com\/fr\/2014\/09\/05\/retargeting\/","name":"Retargeting : Ne ratez pas la conf\u00e9rence marketing B2B de l'ann\u00e9e !","isPartOf":{"@id":"https:\/\/visionarymarketing.com\/fr\/#website"},"primaryImageOfPage":{"@id":"https:\/\/visionarymarketing.com\/fr\/2014\/09\/05\/retargeting\/#primaryimage"},"image":{"@id":"https:\/\/visionarymarketing.com\/fr\/2014\/09\/05\/retargeting\/#primaryimage"},"thumbnailUrl":"https:\/\/visionarymarketing.com\/wp-content\/uploads\/2019\/11\/47991153671_3335ccd665_c.jpg","datePublished":"2014-09-05T06:55:44+00:00","dateModified":"2022-07-18T19:57:38+00:00","author":{"@id":"https:\/\/visionarymarketing.com\/fr\/#\/schema\/person\/3754fee1e558f47b8deb46f53c37423e"},"description":"Get+ et Visionary Marketing y annonceront le lancement officiel de l'offre \"retargeting B2B\", pour visiteurs en suspects, prospects, clients","breadcrumb":{"@id":"https:\/\/visionarymarketing.com\/fr\/2014\/09\/05\/retargeting\/#breadcrumb"},"inLanguage":"fr-FR","potentialAction":[{"@type":"ReadAction","target":["https:\/\/visionarymarketing.com\/fr\/2014\/09\/05\/retargeting\/"]}]},{"@type":"ImageObject","inLanguage":"fr-FR","@id":"https:\/\/visionarymarketing.com\/fr\/2014\/09\/05\/retargeting\/#primaryimage","url":"https:\/\/visionarymarketing.com\/wp-content\/uploads\/2019\/11\/47991153671_3335ccd665_c.jpg","contentUrl":"https:\/\/visionarymarketing.com\/wp-content\/uploads\/2019\/11\/47991153671_3335ccd665_c.jpg","width":644,"height":430,"caption":"Juin 2019"},{"@type":"BreadcrumbList","@id":"https:\/\/visionarymarketing.com\/fr\/2014\/09\/05\/retargeting\/#breadcrumb","itemListElement":[{"@type":"ListItem","position":1,"name":"Home","item":"https:\/\/visionarymarketing.com\/fr\/"},{"@type":"ListItem","position":2,"name":"Retargeting : Ne ratez pas la conf\u00e9rence marketing B2B de l&rsquo;ann\u00e9e !"}]},{"@type":"WebSite","@id":"https:\/\/visionarymarketing.com\/fr\/#website","url":"https:\/\/visionarymarketing.com\/fr\/","name":"Marketing and Innovation","description":"Site d&#039;infos ind\u00e9pendant, depuis 1996","potentialAction":[{"@type":"SearchAction","target":{"@type":"EntryPoint","urlTemplate":"https:\/\/visionarymarketing.com\/fr\/?s={search_term_string}"},"query-input":{"@type":"PropertyValueSpecification","valueRequired":true,"valueName":"search_term_string"}}],"inLanguage":"fr-FR"},{"@type":"Person","@id":"https:\/\/visionarymarketing.com\/fr\/#\/schema\/person\/3754fee1e558f47b8deb46f53c37423e","name":"Yann Gourvennec","image":{"@type":"ImageObject","inLanguage":"fr-FR","@id":"https:\/\/secure.gravatar.com\/avatar\/5972001801e8de5692a3e31224e85769f50a55fb8b679749f9c8d1868cceff14?s=96&d=initials&r=g&initials=yg","url":"https:\/\/secure.gravatar.com\/avatar\/5972001801e8de5692a3e31224e85769f50a55fb8b679749f9c8d1868cceff14?s=96&d=initials&r=g&initials=yg","contentUrl":"https:\/\/secure.gravatar.com\/avatar\/5972001801e8de5692a3e31224e85769f50a55fb8b679749f9c8d1868cceff14?s=96&d=initials&r=g&initials=yg","caption":"Yann Gourvennec"},"description":"Yann Gourvennec created visionarymarketing.com in 1996. He is a speaker and author of many books. In 2014 he went from intrapreneur to entrepreneur, when he created his digital marketing agency. Yann Gourvennec a cr\u00e9\u00e9 visionarymarketing.com en 1996. Il est conf\u00e9rencier et auteur de plusieurs livres. En 2014, il est pass\u00e9 d'intrapreneur \u00e0 entrepreneur en cr\u00e9ant son agence de marketing num\u00e9rique.","sameAs":["https:\/\/visionarymarketing.com","http:\/\/facebook.com\/ygourven","http:\/\/linkedin.com\/in\/ygourven","https:\/\/x.com\/ygourven","https:\/\/www.youtube.com\/c\/visionarymarketingagency"],"url":"https:\/\/visionarymarketing.com\/fr\/author\/yann-gourvennec\/"}]}},"_links":{"self":[{"href":"https:\/\/visionarymarketing.com\/fr\/wp-json\/wp\/v2\/posts\/15239","targetHints":{"allow":["GET"]}}],"collection":[{"href":"https:\/\/visionarymarketing.com\/fr\/wp-json\/wp\/v2\/posts"}],"about":[{"href":"https:\/\/visionarymarketing.com\/fr\/wp-json\/wp\/v2\/types\/post"}],"author":[{"embeddable":true,"href":"https:\/\/visionarymarketing.com\/fr\/wp-json\/wp\/v2\/users\/2"}],"replies":[{"embeddable":true,"href":"https:\/\/visionarymarketing.com\/fr\/wp-json\/wp\/v2\/comments?post=15239"}],"version-history":[{"count":0,"href":"https:\/\/visionarymarketing.com\/fr\/wp-json\/wp\/v2\/posts\/15239\/revisions"}],"wp:featuredmedia":[{"embeddable":true,"href":"https:\/\/visionarymarketing.com\/fr\/wp-json\/wp\/v2\/media\/34065"}],"wp:attachment":[{"href":"https:\/\/visionarymarketing.com\/fr\/wp-json\/wp\/v2\/media?parent=15239"}],"wp:term":[{"taxonomy":"category","embeddable":true,"href":"https:\/\/visionarymarketing.com\/fr\/wp-json\/wp\/v2\/categories?post=15239"},{"taxonomy":"post_tag","embeddable":true,"href":"https:\/\/visionarymarketing.com\/fr\/wp-json\/wp\/v2\/tags?post=15239"}],"curies":[{"name":"wp","href":"https:\/\/api.w.org\/{rel}","templated":true}]}}