{"id":14863,"date":"2014-07-28T17:39:25","date_gmt":"2014-07-28T15:39:25","guid":{"rendered":"http:\/\/visionarymarketing.fr\/blog\/?p=14863"},"modified":"2024-09-04T17:54:11","modified_gmt":"2024-09-04T15:54:11","slug":"evenement-transformation-digitale","status":"publish","type":"post","link":"https:\/\/visionarymarketing.com\/fr\/2014\/07\/28\/evenement-transformation-digitale\/","title":{"rendered":"\u00e9v\u00e9nement transformation digitale : la guerre entre DSI et directions marketing ?"},"content":{"rendered":"<p><em>Visionary Marketing organise le <span title=\"http:\/\/amiando.com\/aperotransfo\">9 septembre 2014, en partenariat avec PI D\u00e9veloppement et Bol\u00e9ro, une conf\u00e9rence priv\u00e9e exceptionnelle d\u00e9di\u00e9e \u00e0 la transformation num\u00e9rique<\/span> sous l&rsquo;angle des rivalit\u00e9s qui existent &#8211; et perdurent &#8211; entre directions informatiques et marketing. Ces bagarres on les conna\u00eet bien. Nous les vivons depuis <a title=\"The Ice People (Barjavel novel)\" href=\"https:\/\/en.wikipedia.org\/wiki\/The_Ice_People_%28Barjavel_novel%29\" target=\"_blank\" rel=\"wikipedia noopener noreferrer\">la nuit des temps<\/a>, notamment ici \u00e0 <a href=\"https:\/\/visionarymarketing.com\" target=\"_blank\" rel=\"noopener noreferrer\">Visionary Marketing<\/a> o\u00f9 nous avons pass\u00e9 la premi\u00e8re partie de nos carri\u00e8res \u00e0 mettre en \u0153uvre des syst\u00e8mes d&rsquo;information marketing.<\/em><\/p>\n<dl>\n<dt><a href=\"https:\/\/visionarymarketing.com\/wp-content\/uploads\/2014\/07\/transformation-digitale-09-septembre-.jpg\"><img decoding=\"async\" src=\"https:\/\/visionarymarketing.com\/wp-content\/uploads\/2014\/07\/transofrmation-digitale-09-septembre-.png\" alt=\"La transformation digitale\" width=\"902\" height=\"267\" \/><br \/>\n<\/a>\u00c9v\u00e9nement transformation digitale<\/dt>\n<\/dl>\n<p><strong>La guerre entre les DSI et les directions marketing \u00e0 propos de la transformation digitale est-elle justifi\u00e9e ?<\/strong><\/p>\n<p>Mais cette guerre est-elle justifi\u00e9e ? A l&rsquo;\u00e9vidence non ! La transformation digitale ne sera pas en faisant croire \u00e0 des utilisateurs m\u00eame avanc\u00e9s, qu&rsquo;ils sont devenus aptes \u00e0 remplacer leurs directeurs informatiques, ce qu&rsquo;ils sont bien entendu incapables de faire. Il y a un effet de trompe l&rsquo;\u0153il dans ce domaine du digital, c&rsquo;est la croyance que parce que deux clics sur <a title=\"Internet\" href=\"https:\/\/en.wikipedia.org\/wiki\/Internet\" target=\"_blank\" rel=\"wikipedia noopener noreferrer\">Internet<\/a> sont suffisants pour cr\u00e9er un joli blog, la transformation de l&rsquo;entreprise peut se passer d&rsquo;expertise technologique.<\/p>\n<p><!--more--> C&rsquo;est tout le contraire. L&rsquo;informatique, et notamment l&rsquo;informatique li\u00e9e aux domaines digitaux est devenue incroyablement plus complexe au fil des ann\u00e9es, et croyez-moi, je sais de quoi je parle, depuis le temps que je fais des sites <a title=\"World Wide Web\" href=\"http:\/\/maps.google.com\/maps?ll=46.2325,6.045&amp;spn=0.01,0.01&amp;q=46.2325,6.045 (World%20Wide%20Web)&amp;t=h\" target=\"_blank\" rel=\"geolocation noopener noreferrer\">Web<\/a> !<\/p>\n<p>L\u00e0 o\u00f9 un simple Dreamweaver et une ma\u00eetrise &#8211; m\u00eame superficielles &#8211; du code <a title=\"HTML\" href=\"https:\/\/en.wikipedia.org\/wiki\/HTML\" target=\"_blank\" rel=\"wikipedia noopener noreferrer\">HTML<\/a> \u00e9tait suffisante pour construire des pages Web il y a 15 ans encore, il vous faudra aujourd&rsquo;hui ma\u00eetriser le code et les terribles CSS qui complexifient \u00e9norm\u00e9ment le d\u00e9veloppement des sites, de plus en plus technique, et de plus en plus exigeant en termes de code et de graphisme.<\/p>\n<p>Le directeur digital, ce fut mon m\u00e9tier pendant 10 ans, ne peut ignorer cela, et il doit savoir o\u00f9 et comment la comp\u00e9tence peut se trouver et \u00e0 quel prix. La compr\u00e9hension de ce ph\u00e9nom\u00e8ne est cruciale car notre directeur marketing digital sus-nomm\u00e9 ne pourra pas faire l&rsquo;impasse de la professionnalisation de son site Web. Et pourtant, sur le terrain, que ne voit-on pas ?!<\/p>\n<p>Or, je pense que c&rsquo;est justement la n\u00e9cessit\u00e9 dans laquelle sont ces nouveaux profils marketing et digitaux, de plus en plus ouverts aux technologies et qui doivent se former de mieux en mieux \u00e0 ces techniques, qui fait qu&rsquo;ils doivent se rapprocher des informaticiens et non les combattre : en r\u00e9sum\u00e9, apprendre pour comprendre, non pas apprendre pour se d\u00e9fendre !<\/p>\n","protected":false},"excerpt":{"rendered":"<p>Visionary Marketing organise le 9 septembre 2014, en partenariat avec PI D\u00e9veloppement et Bol\u00e9ro, une conf\u00e9rence priv\u00e9e exceptionnelle d\u00e9di\u00e9e \u00e0 la transformation num\u00e9rique sous l&rsquo;angle des rivalit\u00e9s qui existent &#8211; et perdurent &#8211; entre directions informatiques et marketing. Ces bagarres on les conna\u00eet bien. Nous les vivons depuis la nuit des temps, notamment ici \u00e0 &hellip;<\/p>\n","protected":false},"author":2,"featured_media":80949,"comment_status":"open","ping_status":"open","sticky":false,"template":"","format":"standard","meta":{"footnotes":""},"categories":[2808],"tags":[],"class_list":["post-14863","post","type-post","status-publish","format-standard","has-post-thumbnail","hentry","category-transformation-digitale"],"yoast_head":"<!-- This site is optimized with the Yoast SEO plugin v27.4 - https:\/\/yoast.com\/product\/yoast-seo-wordpress\/ -->\n<title>\u00e9v\u00e9nement transformation digitale : guerre entre DSI et marketing ?<\/title>\n<meta name=\"description\" content=\"cet \u00e9v\u00e9nement transformation digitale est d\u00e9di\u00e9 aux responsables et managers en activit\u00e9 qui d\u00e9sirent approfondir ce sujet strat\u00e9gique.\" \/>\n<meta name=\"robots\" content=\"index, follow, max-snippet:-1, max-image-preview:large, max-video-preview:-1\" \/>\n<link rel=\"canonical\" href=\"https:\/\/visionarymarketing.com\/fr\/2014\/07\/28\/evenement-transformation-digitale\/\" \/>\n<meta property=\"og:locale\" content=\"fr_FR\" \/>\n<meta property=\"og:type\" content=\"article\" \/>\n<meta property=\"og:title\" content=\"\u00e9v\u00e9nement transformation digitale : guerre entre DSI et marketing ?\" \/>\n<meta property=\"og:description\" content=\"cet \u00e9v\u00e9nement transformation digitale est d\u00e9di\u00e9 aux responsables et managers en activit\u00e9 qui d\u00e9sirent approfondir ce sujet strat\u00e9gique.\" \/>\n<meta property=\"og:url\" content=\"https:\/\/visionarymarketing.com\/fr\/2014\/07\/28\/evenement-transformation-digitale\/\" \/>\n<meta property=\"og:site_name\" content=\"Marketing and Innovation\" \/>\n<meta property=\"article:publisher\" content=\"https:\/\/www.facebook.com\/vismktg\" \/>\n<meta property=\"article:author\" content=\"http:\/\/facebook.com\/ygourven\" \/>\n<meta property=\"article:published_time\" content=\"2014-07-28T15:39:25+00:00\" \/>\n<meta property=\"article:modified_time\" content=\"2024-09-04T15:54:11+00:00\" \/>\n<meta property=\"og:image\" content=\"https:\/\/visionarymarketing.com\/wp-content\/uploads\/2024\/06\/image-3.jpg\" \/>\n\t<meta property=\"og:image:width\" content=\"1200\" \/>\n\t<meta property=\"og:image:height\" content=\"675\" \/>\n\t<meta property=\"og:image:type\" content=\"image\/jpeg\" \/>\n<meta name=\"author\" content=\"Yann Gourvennec\" \/>\n<meta name=\"twitter:card\" content=\"summary_large_image\" \/>\n<meta name=\"twitter:creator\" content=\"@ygourven\" \/>\n<meta name=\"twitter:site\" content=\"@ygourven\" \/>\n<meta name=\"twitter:label1\" content=\"\u00c9crit par\" \/>\n\t<meta name=\"twitter:data1\" content=\"Yann Gourvennec\" \/>\n\t<meta name=\"twitter:label2\" content=\"Dur\u00e9e de lecture estim\u00e9e\" \/>\n\t<meta name=\"twitter:data2\" content=\"3 minutes\" \/>\n<script type=\"application\/ld+json\" class=\"yoast-schema-graph\">{\"@context\":\"https:\\\/\\\/schema.org\",\"@graph\":[{\"@type\":\"NewsArticle\",\"@id\":\"https:\\\/\\\/visionarymarketing.com\\\/fr\\\/2014\\\/07\\\/28\\\/evenement-transformation-digitale\\\/#article\",\"isPartOf\":{\"@id\":\"https:\\\/\\\/visionarymarketing.com\\\/fr\\\/2014\\\/07\\\/28\\\/evenement-transformation-digitale\\\/\"},\"author\":{\"name\":\"Yann Gourvennec\",\"@id\":\"https:\\\/\\\/visionarymarketing.com\\\/fr\\\/#\\\/schema\\\/person\\\/3754fee1e558f47b8deb46f53c37423e\"},\"headline\":\"\u00e9v\u00e9nement transformation digitale : la guerre entre DSI et directions marketing ?\",\"datePublished\":\"2014-07-28T15:39:25+00:00\",\"dateModified\":\"2024-09-04T15:54:11+00:00\",\"mainEntityOfPage\":{\"@id\":\"https:\\\/\\\/visionarymarketing.com\\\/fr\\\/2014\\\/07\\\/28\\\/evenement-transformation-digitale\\\/\"},\"wordCount\":446,\"commentCount\":3,\"image\":{\"@id\":\"https:\\\/\\\/visionarymarketing.com\\\/fr\\\/2014\\\/07\\\/28\\\/evenement-transformation-digitale\\\/#primaryimage\"},\"thumbnailUrl\":\"https:\\\/\\\/visionarymarketing.com\\\/wp-content\\\/uploads\\\/2024\\\/06\\\/image-3.jpg\",\"articleSection\":[\"Transformation\"],\"inLanguage\":\"fr-FR\",\"potentialAction\":[{\"@type\":\"CommentAction\",\"name\":\"Comment\",\"target\":[\"https:\\\/\\\/visionarymarketing.com\\\/fr\\\/2014\\\/07\\\/28\\\/evenement-transformation-digitale\\\/#respond\"]}]},{\"@type\":\"WebPage\",\"@id\":\"https:\\\/\\\/visionarymarketing.com\\\/fr\\\/2014\\\/07\\\/28\\\/evenement-transformation-digitale\\\/\",\"url\":\"https:\\\/\\\/visionarymarketing.com\\\/fr\\\/2014\\\/07\\\/28\\\/evenement-transformation-digitale\\\/\",\"name\":\"\u00e9v\u00e9nement transformation digitale : guerre entre DSI et marketing ?\",\"isPartOf\":{\"@id\":\"https:\\\/\\\/visionarymarketing.com\\\/fr\\\/#website\"},\"primaryImageOfPage\":{\"@id\":\"https:\\\/\\\/visionarymarketing.com\\\/fr\\\/2014\\\/07\\\/28\\\/evenement-transformation-digitale\\\/#primaryimage\"},\"image\":{\"@id\":\"https:\\\/\\\/visionarymarketing.com\\\/fr\\\/2014\\\/07\\\/28\\\/evenement-transformation-digitale\\\/#primaryimage\"},\"thumbnailUrl\":\"https:\\\/\\\/visionarymarketing.com\\\/wp-content\\\/uploads\\\/2024\\\/06\\\/image-3.jpg\",\"datePublished\":\"2014-07-28T15:39:25+00:00\",\"dateModified\":\"2024-09-04T15:54:11+00:00\",\"author\":{\"@id\":\"https:\\\/\\\/visionarymarketing.com\\\/fr\\\/#\\\/schema\\\/person\\\/3754fee1e558f47b8deb46f53c37423e\"},\"description\":\"cet \u00e9v\u00e9nement transformation digitale est d\u00e9di\u00e9 aux responsables et managers en activit\u00e9 qui d\u00e9sirent approfondir ce sujet strat\u00e9gique.\",\"breadcrumb\":{\"@id\":\"https:\\\/\\\/visionarymarketing.com\\\/fr\\\/2014\\\/07\\\/28\\\/evenement-transformation-digitale\\\/#breadcrumb\"},\"inLanguage\":\"fr-FR\",\"potentialAction\":[{\"@type\":\"ReadAction\",\"target\":[\"https:\\\/\\\/visionarymarketing.com\\\/fr\\\/2014\\\/07\\\/28\\\/evenement-transformation-digitale\\\/\"]}]},{\"@type\":\"ImageObject\",\"inLanguage\":\"fr-FR\",\"@id\":\"https:\\\/\\\/visionarymarketing.com\\\/fr\\\/2014\\\/07\\\/28\\\/evenement-transformation-digitale\\\/#primaryimage\",\"url\":\"https:\\\/\\\/visionarymarketing.com\\\/wp-content\\\/uploads\\\/2024\\\/06\\\/image-3.jpg\",\"contentUrl\":\"https:\\\/\\\/visionarymarketing.com\\\/wp-content\\\/uploads\\\/2024\\\/06\\\/image-3.jpg\",\"width\":1200,\"height\":675,\"caption\":\"d\u00e9fis IA g\u00e9n\u00e9rative\"},{\"@type\":\"BreadcrumbList\",\"@id\":\"https:\\\/\\\/visionarymarketing.com\\\/fr\\\/2014\\\/07\\\/28\\\/evenement-transformation-digitale\\\/#breadcrumb\",\"itemListElement\":[{\"@type\":\"ListItem\",\"position\":1,\"name\":\"Home\",\"item\":\"https:\\\/\\\/visionarymarketing.com\\\/fr\\\/\"},{\"@type\":\"ListItem\",\"position\":2,\"name\":\"\u00e9v\u00e9nement transformation digitale : la guerre entre DSI et directions marketing ?\"}]},{\"@type\":\"WebSite\",\"@id\":\"https:\\\/\\\/visionarymarketing.com\\\/fr\\\/#website\",\"url\":\"https:\\\/\\\/visionarymarketing.com\\\/fr\\\/\",\"name\":\"Marketing and Innovation\",\"description\":\"Site d&#039;infos ind\u00e9pendant, depuis 1996\",\"potentialAction\":[{\"@type\":\"SearchAction\",\"target\":{\"@type\":\"EntryPoint\",\"urlTemplate\":\"https:\\\/\\\/visionarymarketing.com\\\/fr\\\/?s={search_term_string}\"},\"query-input\":{\"@type\":\"PropertyValueSpecification\",\"valueRequired\":true,\"valueName\":\"search_term_string\"}}],\"inLanguage\":\"fr-FR\"},{\"@type\":\"Person\",\"@id\":\"https:\\\/\\\/visionarymarketing.com\\\/fr\\\/#\\\/schema\\\/person\\\/3754fee1e558f47b8deb46f53c37423e\",\"name\":\"Yann Gourvennec\",\"image\":{\"@type\":\"ImageObject\",\"inLanguage\":\"fr-FR\",\"@id\":\"https:\\\/\\\/secure.gravatar.com\\\/avatar\\\/5972001801e8de5692a3e31224e85769f50a55fb8b679749f9c8d1868cceff14?s=96&d=initials&r=g&initials=yg\",\"url\":\"https:\\\/\\\/secure.gravatar.com\\\/avatar\\\/5972001801e8de5692a3e31224e85769f50a55fb8b679749f9c8d1868cceff14?s=96&d=initials&r=g&initials=yg\",\"contentUrl\":\"https:\\\/\\\/secure.gravatar.com\\\/avatar\\\/5972001801e8de5692a3e31224e85769f50a55fb8b679749f9c8d1868cceff14?s=96&d=initials&r=g&initials=yg\",\"caption\":\"Yann Gourvennec\"},\"description\":\"Yann Gourvennec created visionarymarketing.com in 1996. He is a speaker and author of many books. In 2014 he went from intrapreneur to entrepreneur, when he created his digital marketing agency. Yann Gourvennec a cr\u00e9\u00e9 visionarymarketing.com en 1996. Il est conf\u00e9rencier et auteur de plusieurs livres. En 2014, il est pass\u00e9 d'intrapreneur \u00e0 entrepreneur en cr\u00e9ant son agence de marketing num\u00e9rique.\",\"sameAs\":[\"https:\\\/\\\/visionarymarketing.com\",\"http:\\\/\\\/facebook.com\\\/ygourven\",\"http:\\\/\\\/linkedin.com\\\/in\\\/ygourven\",\"https:\\\/\\\/x.com\\\/ygourven\",\"https:\\\/\\\/www.youtube.com\\\/c\\\/visionarymarketingagency\"],\"url\":\"https:\\\/\\\/visionarymarketing.com\\\/fr\\\/author\\\/yann-gourvennec\\\/\"}]}<\/script>\n<!-- \/ Yoast SEO plugin. -->","yoast_head_json":{"title":"\u00e9v\u00e9nement transformation digitale : guerre entre DSI et marketing ?","description":"cet \u00e9v\u00e9nement transformation digitale est d\u00e9di\u00e9 aux responsables et managers en activit\u00e9 qui d\u00e9sirent approfondir ce sujet strat\u00e9gique.","robots":{"index":"index","follow":"follow","max-snippet":"max-snippet:-1","max-image-preview":"max-image-preview:large","max-video-preview":"max-video-preview:-1"},"canonical":"https:\/\/visionarymarketing.com\/fr\/2014\/07\/28\/evenement-transformation-digitale\/","og_locale":"fr_FR","og_type":"article","og_title":"\u00e9v\u00e9nement transformation digitale : guerre entre DSI et marketing ?","og_description":"cet \u00e9v\u00e9nement transformation digitale est d\u00e9di\u00e9 aux responsables et managers en activit\u00e9 qui d\u00e9sirent approfondir ce sujet strat\u00e9gique.","og_url":"https:\/\/visionarymarketing.com\/fr\/2014\/07\/28\/evenement-transformation-digitale\/","og_site_name":"Marketing and Innovation","article_publisher":"https:\/\/www.facebook.com\/vismktg","article_author":"http:\/\/facebook.com\/ygourven","article_published_time":"2014-07-28T15:39:25+00:00","article_modified_time":"2024-09-04T15:54:11+00:00","og_image":[{"width":1200,"height":675,"url":"https:\/\/visionarymarketing.com\/wp-content\/uploads\/2024\/06\/image-3.jpg","type":"image\/jpeg"}],"author":"Yann Gourvennec","twitter_card":"summary_large_image","twitter_creator":"@ygourven","twitter_site":"@ygourven","twitter_misc":{"\u00c9crit par":"Yann Gourvennec","Dur\u00e9e de lecture estim\u00e9e":"3 minutes"},"schema":{"@context":"https:\/\/schema.org","@graph":[{"@type":"NewsArticle","@id":"https:\/\/visionarymarketing.com\/fr\/2014\/07\/28\/evenement-transformation-digitale\/#article","isPartOf":{"@id":"https:\/\/visionarymarketing.com\/fr\/2014\/07\/28\/evenement-transformation-digitale\/"},"author":{"name":"Yann Gourvennec","@id":"https:\/\/visionarymarketing.com\/fr\/#\/schema\/person\/3754fee1e558f47b8deb46f53c37423e"},"headline":"\u00e9v\u00e9nement transformation digitale : la guerre entre DSI et directions marketing ?","datePublished":"2014-07-28T15:39:25+00:00","dateModified":"2024-09-04T15:54:11+00:00","mainEntityOfPage":{"@id":"https:\/\/visionarymarketing.com\/fr\/2014\/07\/28\/evenement-transformation-digitale\/"},"wordCount":446,"commentCount":3,"image":{"@id":"https:\/\/visionarymarketing.com\/fr\/2014\/07\/28\/evenement-transformation-digitale\/#primaryimage"},"thumbnailUrl":"https:\/\/visionarymarketing.com\/wp-content\/uploads\/2024\/06\/image-3.jpg","articleSection":["Transformation"],"inLanguage":"fr-FR","potentialAction":[{"@type":"CommentAction","name":"Comment","target":["https:\/\/visionarymarketing.com\/fr\/2014\/07\/28\/evenement-transformation-digitale\/#respond"]}]},{"@type":"WebPage","@id":"https:\/\/visionarymarketing.com\/fr\/2014\/07\/28\/evenement-transformation-digitale\/","url":"https:\/\/visionarymarketing.com\/fr\/2014\/07\/28\/evenement-transformation-digitale\/","name":"\u00e9v\u00e9nement transformation digitale : guerre entre DSI et marketing ?","isPartOf":{"@id":"https:\/\/visionarymarketing.com\/fr\/#website"},"primaryImageOfPage":{"@id":"https:\/\/visionarymarketing.com\/fr\/2014\/07\/28\/evenement-transformation-digitale\/#primaryimage"},"image":{"@id":"https:\/\/visionarymarketing.com\/fr\/2014\/07\/28\/evenement-transformation-digitale\/#primaryimage"},"thumbnailUrl":"https:\/\/visionarymarketing.com\/wp-content\/uploads\/2024\/06\/image-3.jpg","datePublished":"2014-07-28T15:39:25+00:00","dateModified":"2024-09-04T15:54:11+00:00","author":{"@id":"https:\/\/visionarymarketing.com\/fr\/#\/schema\/person\/3754fee1e558f47b8deb46f53c37423e"},"description":"cet \u00e9v\u00e9nement transformation digitale est d\u00e9di\u00e9 aux responsables et managers en activit\u00e9 qui d\u00e9sirent approfondir ce sujet strat\u00e9gique.","breadcrumb":{"@id":"https:\/\/visionarymarketing.com\/fr\/2014\/07\/28\/evenement-transformation-digitale\/#breadcrumb"},"inLanguage":"fr-FR","potentialAction":[{"@type":"ReadAction","target":["https:\/\/visionarymarketing.com\/fr\/2014\/07\/28\/evenement-transformation-digitale\/"]}]},{"@type":"ImageObject","inLanguage":"fr-FR","@id":"https:\/\/visionarymarketing.com\/fr\/2014\/07\/28\/evenement-transformation-digitale\/#primaryimage","url":"https:\/\/visionarymarketing.com\/wp-content\/uploads\/2024\/06\/image-3.jpg","contentUrl":"https:\/\/visionarymarketing.com\/wp-content\/uploads\/2024\/06\/image-3.jpg","width":1200,"height":675,"caption":"d\u00e9fis IA g\u00e9n\u00e9rative"},{"@type":"BreadcrumbList","@id":"https:\/\/visionarymarketing.com\/fr\/2014\/07\/28\/evenement-transformation-digitale\/#breadcrumb","itemListElement":[{"@type":"ListItem","position":1,"name":"Home","item":"https:\/\/visionarymarketing.com\/fr\/"},{"@type":"ListItem","position":2,"name":"\u00e9v\u00e9nement transformation digitale : la guerre entre DSI et directions marketing ?"}]},{"@type":"WebSite","@id":"https:\/\/visionarymarketing.com\/fr\/#website","url":"https:\/\/visionarymarketing.com\/fr\/","name":"Marketing and Innovation","description":"Site d&#039;infos ind\u00e9pendant, depuis 1996","potentialAction":[{"@type":"SearchAction","target":{"@type":"EntryPoint","urlTemplate":"https:\/\/visionarymarketing.com\/fr\/?s={search_term_string}"},"query-input":{"@type":"PropertyValueSpecification","valueRequired":true,"valueName":"search_term_string"}}],"inLanguage":"fr-FR"},{"@type":"Person","@id":"https:\/\/visionarymarketing.com\/fr\/#\/schema\/person\/3754fee1e558f47b8deb46f53c37423e","name":"Yann Gourvennec","image":{"@type":"ImageObject","inLanguage":"fr-FR","@id":"https:\/\/secure.gravatar.com\/avatar\/5972001801e8de5692a3e31224e85769f50a55fb8b679749f9c8d1868cceff14?s=96&d=initials&r=g&initials=yg","url":"https:\/\/secure.gravatar.com\/avatar\/5972001801e8de5692a3e31224e85769f50a55fb8b679749f9c8d1868cceff14?s=96&d=initials&r=g&initials=yg","contentUrl":"https:\/\/secure.gravatar.com\/avatar\/5972001801e8de5692a3e31224e85769f50a55fb8b679749f9c8d1868cceff14?s=96&d=initials&r=g&initials=yg","caption":"Yann Gourvennec"},"description":"Yann Gourvennec created visionarymarketing.com in 1996. He is a speaker and author of many books. In 2014 he went from intrapreneur to entrepreneur, when he created his digital marketing agency. Yann Gourvennec a cr\u00e9\u00e9 visionarymarketing.com en 1996. Il est conf\u00e9rencier et auteur de plusieurs livres. En 2014, il est pass\u00e9 d'intrapreneur \u00e0 entrepreneur en cr\u00e9ant son agence de marketing num\u00e9rique.","sameAs":["https:\/\/visionarymarketing.com","http:\/\/facebook.com\/ygourven","http:\/\/linkedin.com\/in\/ygourven","https:\/\/x.com\/ygourven","https:\/\/www.youtube.com\/c\/visionarymarketingagency"],"url":"https:\/\/visionarymarketing.com\/fr\/author\/yann-gourvennec\/"}]}},"_links":{"self":[{"href":"https:\/\/visionarymarketing.com\/fr\/wp-json\/wp\/v2\/posts\/14863","targetHints":{"allow":["GET"]}}],"collection":[{"href":"https:\/\/visionarymarketing.com\/fr\/wp-json\/wp\/v2\/posts"}],"about":[{"href":"https:\/\/visionarymarketing.com\/fr\/wp-json\/wp\/v2\/types\/post"}],"author":[{"embeddable":true,"href":"https:\/\/visionarymarketing.com\/fr\/wp-json\/wp\/v2\/users\/2"}],"replies":[{"embeddable":true,"href":"https:\/\/visionarymarketing.com\/fr\/wp-json\/wp\/v2\/comments?post=14863"}],"version-history":[{"count":0,"href":"https:\/\/visionarymarketing.com\/fr\/wp-json\/wp\/v2\/posts\/14863\/revisions"}],"wp:featuredmedia":[{"embeddable":true,"href":"https:\/\/visionarymarketing.com\/fr\/wp-json\/wp\/v2\/media\/80949"}],"wp:attachment":[{"href":"https:\/\/visionarymarketing.com\/fr\/wp-json\/wp\/v2\/media?parent=14863"}],"wp:term":[{"taxonomy":"category","embeddable":true,"href":"https:\/\/visionarymarketing.com\/fr\/wp-json\/wp\/v2\/categories?post=14863"},{"taxonomy":"post_tag","embeddable":true,"href":"https:\/\/visionarymarketing.com\/fr\/wp-json\/wp\/v2\/tags?post=14863"}],"curies":[{"name":"wp","href":"https:\/\/api.w.org\/{rel}","templated":true}]}}