{"id":14683,"date":"2014-07-18T00:00:46","date_gmt":"2014-07-17T22:00:46","guid":{"rendered":"http:\/\/visionarymarketing.fr\/blog\/?p=14683"},"modified":"2023-11-24T15:46:37","modified_gmt":"2023-11-24T14:46:37","slug":"creative-cloud","status":"publish","type":"post","link":"https:\/\/visionarymarketing.com\/fr\/2014\/07\/18\/creative-cloud\/","title":{"rendered":"L&rsquo;\u00e9norme succ\u00e8s d&rsquo;Adobe Creative Cloud"},"content":{"rendered":"<p><em><span title=\"https:\/\/www.linkedin.com\/in\/mchaize\">Michael Chaize<\/span>, senior evangelist d&rsquo;<a title=\"Adobe Systems\" href=\"https:\/\/www.adobe.com\" target=\"_blank\" rel=\"homepage noopener noreferrer\">Adobe<\/a> nous pr\u00e9sente le\u00a0<a title=\"Creative Cloud\" href=\"http:\/\/www.adobe.com\/fr\/creativecloud.html?sdid=JRSIX&amp;skwcid=AL!3085!3!41328969370!e!!g!!creative%20cloud&amp;ef_id=U8fJIgAAARp7mNH6:20140717141111:s\">Creative Cloud d&rsquo;Adobe <\/a>et ses \u00e9volution. Adobe a su se renouveler en apportant des\u00a0innovations importantes\u00a0comme le Ink and Slide (voir la vid\u00e9o), un\u00a0stylo et une\u00a0r\u00e8gle connect\u00e9s au Cloud, permettant de travailler sur plusieurs terminaux\u00a0\u00e0 la fois.<\/em><\/p>\n<h2>L&rsquo;\u00e9norme succ\u00e8s d&rsquo;Adobe Creative Cloud<\/h2>\n<figure id=\"attachment_66622\" aria-describedby=\"caption-attachment-66622\" style=\"width: 520px\" class=\"wp-caption aligncenter\"><img decoding=\"async\" class=\"wp-image-66622 size-full\" src=\"https:\/\/visionarymarketing.com\/wp-content\/uploads\/2022\/02\/etude-tendances-digitales-2022.jpg\" alt=\"Adobe Creative Cloud \" width=\"520\" height=\"340\" srcset=\"https:\/\/visionarymarketing.com\/wp-content\/uploads\/2022\/02\/etude-tendances-digitales-2022.jpg 520w, https:\/\/visionarymarketing.com\/wp-content\/uploads\/2022\/02\/etude-tendances-digitales-2022-459x300.jpg 459w\" sizes=\"(max-width: 520px) 100vw, 520px\" \/><figcaption id=\"caption-attachment-66622\" class=\"wp-caption-text\">Le lancement d&rsquo;Adobe creative cloud est un \u00e9norme succ\u00e8s<\/figcaption><\/figure>\n<p>Toutes ces innovations ont pour but de mettre \u00e0 disposition\u00a0aux clients une suite leur permettant de mieux exploiter leur cr\u00e9ativit\u00e9,\u00a0en passant facilement d&rsquo;un logiciel \u00e0 l&rsquo;autre.<\/p>\n<p>Le Creative Cloud est une offre s\u2019adressant aux cr\u00e9atifs qui peuvent s\u2019abonner et acc\u00e9der \u00e0 toutes les technologies et les applis comme <a title=\"Photoshop\" href=\"http:\/\/www.photoshop.com\/\"><span style=\"color: #003366;\">Photoshop<\/span><\/a>, <a title=\"Illustrator\" href=\"https:\/\/www.adobe.com\/fr\/products\/illustrator.html\"><span style=\"color: #003366;\">Illustrator<\/span><\/a> et <a title=\"In Design\" href=\"https:\/\/www.adobe.com\/fr\/products\/indesign.html?sdid=JRSIX&amp;skwcid=AL!3085!3!41337651610!e!!g!!in%20design&amp;ef_id=U8fJIgAAARp7mNH6:20140717141420:s\"><span style=\"color: #003366;\">In Design<\/span><\/a>, et des services additionnels pour partager ses fichiers entre cr\u00e9atifs (Behance), r\u00e9cup\u00e9rer des polices\u00a0provenant du Cloud, partager des couleurs&#8230;<\/p>\n<p>C\u2019est un ensemble, voire un \u00e9cosyst\u00e8me qui permet aux cr\u00e9atifs d\u2019\u00eatre plus efficaces et leur offre la possibilit\u00e9 de partager leurs cr\u00e9ations.<!--more--><\/p>\n<h3>Le Creative Cloud a t-il re\u00e7u un bon accueil\u00a0?<\/h3>\n<p>Il y a eu certaines personnes r\u00e9ticentes pour diff\u00e9rentes raisons, par exemple le nouveau mod\u00e8le \u00e9conomique\u00a0du cloud : avec cette nouvelle version, au lieu de payer en une fois plusieurs centaines ou milliers d\u2019euros, on paie un abonnement mensuel, environ 50 euros hors taxes par mois, et on a acc\u00e8s \u00e0 toutes les applications, plus le stockage, les services, etc.<\/p>\n<p><iframe title=\"[Fr] Adobe r\u00e9invente le dessin avec Creative Cloud - Ink &amp; Slide - Michael Chaize\" width=\"500\" height=\"281\" src=\"https:\/\/www.youtube.com\/embed\/3jJLMPHZHfE?feature=oembed\" frameborder=\"0\" allow=\"accelerometer; autoplay; clipboard-write; encrypted-media; gyroscope; picture-in-picture; web-share\" referrerpolicy=\"strict-origin-when-cross-origin\" allowfullscreen><\/iframe><\/p>\n<figure id=\"attachment_14684\" aria-describedby=\"caption-attachment-14684\" style=\"width: 150px\" class=\"wp-caption alignright\"><a href=\"https:\/\/visionarymarketing.com\/wp-content\/uploads\/2014\/07\/michael-chaize.jpg\"><img decoding=\"async\" class=\"wp-image-14684 size-thumbnail\" src=\"https:\/\/visionarymarketing.com\/wp-content\/uploads\/2014\/07\/michael-chaize-150x150.jpg\" alt=\"Adobe Creative cloud michael chaize\" width=\"150\" height=\"150\" srcset=\"https:\/\/visionarymarketing.com\/wp-content\/uploads\/2014\/07\/michael-chaize-150x150.jpg 150w, https:\/\/visionarymarketing.com\/wp-content\/uploads\/2014\/07\/michael-chaize-50x50.jpg 50w, https:\/\/visionarymarketing.com\/wp-content\/uploads\/2014\/07\/michael-chaize-125x125.jpg 125w, https:\/\/visionarymarketing.com\/wp-content\/uploads\/2014\/07\/michael-chaize.jpg 300w\" sizes=\"(max-width: 150px) 100vw, 150px\" \/><\/a><figcaption id=\"caption-attachment-14684\" class=\"wp-caption-text\">Michale Chaize<\/figcaption><\/figure>\n<p>C\u2019est un changement fort, donc il a fallu expliquer, d\u2019autant plus que \u00ab\u00a0Cloud\u00a0\u00bb est un mot tr\u00e8s charg\u00e9\u00a0: par exemple certains pensaient que les applications s\u2018ex\u00e9cutaient dans le Cloud et que s\u2019ils \u00e9taient d\u00e9connect\u00e9s, ils ne pouvaient plus y acc\u00e9der.<\/p>\n<p>En r\u00e9alit\u00e9 ces applications sont install\u00e9es en local, et on peut tr\u00e8s bien travailler offline.<\/p>\n<p>Il a donc fallu faire preuve de p\u00e9dagogie, et les cr\u00e9atifs ont d\u00e9sormais\u00a0accept\u00e9 ce changement effectu\u00e9 il y a deux ans, et compris les b\u00e9n\u00e9fices qu\u2019ils peuvent en tirer.<\/p>\n<p>On a pass\u00e9 r\u00e9cemment les 2,3 millions de membres, ce qui prouve qu\u2019il y a beaucoup de clients satisfaits.<\/p>\n<h3>Qui sont ces cr\u00e9atifs\u00a0?<\/h3>\n<p>Il y a beaucoup de professionnels, mais aussi des personnes passionn\u00e9es, des semi-pros qui vont travailler sur la suite Adobe en dehors de leur activit\u00e9 professionnelle.<\/p>\n<p>Certains font de l\u2019impression, d\u2019autres de la photo, de la vid\u00e9o, du montage, du web design\u2026<\/p>\n<h3>Qu\u2019est-ce qui est utilis\u00e9 le plus dans le Creative Cloud\u00a0?<\/h3>\n<p>Le top 5 serait Photoshop, Illustrator, In Design, qui sont les 3 applications historiques et qui ont toujours eu beaucoup de succ\u00e8s, puis <a title=\"Premiere\" href=\"https:\/\/www.adobe.com\/fr\/products\/premiere.html\">Premiere<\/a> qui est pass\u00e9 leader, associ\u00e9 \u00e0 <a title=\"After Effects\" href=\"https:\/\/www.adobe.com\/fr\/products\/aftereffects.html\">After Effects<\/a>.<\/p>\n<p>Il y a ensuite de nouvelles applications qui ont eu un certain succ\u00e8s, comme <a class=\"zem_slink\" title=\"Adobe Muse\" href=\"https:\/\/web.archive.org\/web\/20211117011708\/http:\/\/muse.adobe.com\/\" target=\"_blank\" rel=\"homepage noopener noreferrer\">Adobe Muse<\/a>, qui permet de cr\u00e9er des sites web tr\u00e8s simplement et de les publier.<\/p>\n<p>C\u2019est\u00a0 un \u00e9norme succ\u00e8s\u00a0: il y a 500 000 sites publi\u00e9s l\u2019an dernier avec Muse.<\/p>\n<h3>Parmi\u00a0les\u00a0innovations, il y a aussi Ink And Slide<\/h3>\n<p>Maintenant que l\u2019on a cette structure Creative Cloud, cela permet de connecter toutes les applications entre elles\u00a0: Photoshop est connect\u00e9 \u00e0 Illustrator qui est aussi connect\u00e9 au cloud pour partager les dossiers.<\/p>\n<p>Nous avons donc d\u00e9cid\u00e9 de prolonger l\u2019exp\u00e9rience et nous avons cr\u00e9\u00e9 un stylet (Ink) et une r\u00e8gle (Slide) pour faire du dessin de pr\u00e9cision sur IPad.<\/p>\n<p>Ceux-ci sont connect\u00e9s au compte Creative Cloud\u00a0: je dessine sur mon IPad et le dessin va s\u2019afficher sur mon desktop.<\/p>\n<h3>Cela va r\u00e9volutionner les m\u00e9tiers cr\u00e9atifs artistiques, mais aussi le dessin technique\u2026<\/h3>\n<p>Effectivement, on a mis en place une grille de perspective pour les architectes. On peut utiliser un moteur de mod\u00e9lisation 3D, qui permet d\u2019imprimer des cr\u00e9ations en 3D\u00a0: m\u00eame si le client ne poss\u00e8de pas d\u2019imprimante 3D, la cr\u00e9ation sera envoy\u00e9e \u00e0 <a title=\"Sculpteo\" href=\"https:\/\/www.sculpteo.com\/fr\/?gclid=Cj0KEQjw6J2eBRCpqaW0857k9p4BEiQAWarYbBe5b4zY0kCS3a3WYOF2Zy7-uA30jYiePxTtOjp8imMaAvbk8P8HAQ\">Sculpteo<\/a> qui lui enverra l\u2019objet.<\/p>\n<p>C\u2019est aussi le but de Creative Cloud, permettre au cr\u00e9atif de transformer, de se r\u00e9inventer\u00a0: notre objectif est d\u2019inciter le cr\u00e9atif \u00e0 tenter, innover.<\/p>\n<p>Avant, quand on croisait un cr\u00e9atif, il nous disait \u00ab\u00a0je suis photographe\u00a0\u00bb ou \u00ab\u00a0je suis <a title=\"Typographie\" href=\"http:\/\/fr.wikipedia.org\/wiki\/Typographie\">typographe<\/a>\u00a0\u00bb alors que maintenant, il nous dit \u00ab\u00a0je suis cr\u00e9atif\u00a0\u00bb, car il veut tout essayer, de l\u2019animation, de la vid\u00e9o, de l\u2019objet\u2026<\/p>\n<p>Le Creative Cloud permet de faire tout cela, avec un simple acc\u00e8s par abonnement.<\/p>\n<h3>Qu\u2019est ce que le <a class=\"zem_slink\" title=\"Typekit\" href=\"http:\/\/www.typekit.com\" target=\"_blank\" rel=\"homepage noopener noreferrer\">Typekit<\/a>\u00a0?<\/h3>\n<p>Le <a title=\"Typekit\" href=\"https:\/\/typekit.com\/\">Typekit<\/a> est un service disponible pour les membres du Creative Cloud\u00a0: c\u2019est un acc\u00e8s \u00e0 un catalogue de 1000 polices traditionnelles, que l\u2019on peut utiliser dans les appli, sur son site web etc.<\/p>\n<blockquote class=\"quote-light\"><p>C\u2019est une offre de grande valeur car une police co\u00fbte tr\u00e8s cher\u00a0: 500 000 euros pour 1 000 polices environ<\/p><\/blockquote>\n<h3>Est-ce que tous les clients vont migrer leurs cr\u00e9ations dans le Cloud\u00a0?<\/h3>\n<p>L\u2019int\u00e9r\u00eat du Cloud, c\u2019est d\u2019y mettre les fichiers que l\u2019on veut partager, par exemple \u00e0 l\u2019occasion d\u2019un travail en \u00e9quipe ou pour montrer une cr\u00e9ation \u00e0 un client.<\/p>\n<p>En revanche, ce n\u2019est pas fait pour stocker des vid\u00e9os 4k, les connections internet ne sont pas encore adapt\u00e9es pour ce mode de travail.<\/p>\n<p>On a cr\u00e9\u00e9 un Cloud pour les photographes qui donne acc\u00e8s \u00e0 toutes les mises \u00e0 jour de <a class=\"zem_slink\" title=\"Adobe Photoshop Lightroom\" href=\"https:\/\/www.adobe.com\/products\/photoshoplightroom\/\" target=\"_blank\" rel=\"homepage noopener noreferrer\">Lightroom<\/a> et Photoshop.<\/p>\n<p>On a aussi sorti une technologie qui s\u2019appelle la <a title=\"Smart Preview\" href=\"https:\/\/www.youtube.com\/watch?v=vwO5VF3f3Cw\">Smart Preview\u00a0<\/a>pour voir les photos sur IPad, retoucher, faire un tri etc.,gr\u00e2ce \u00e0 une r\u00e9duction du fichier\u00a0: il repr\u00e9sente seulement 1% du poids original ce qui permet la retouche sur des devices diff\u00e9rents.<\/p>\n","protected":false},"excerpt":{"rendered":"<p>Michael Chaize, senior evangelist d&rsquo;Adobe nous pr\u00e9sente le\u00a0Creative Cloud d&rsquo;Adobe et ses \u00e9volution. Adobe a su se renouveler en apportant des\u00a0innovations importantes\u00a0comme le Ink and Slide (voir la vid\u00e9o), un\u00a0stylo et une\u00a0r\u00e8gle connect\u00e9s au Cloud, permettant de travailler sur plusieurs terminaux\u00a0\u00e0 la fois. L&rsquo;\u00e9norme succ\u00e8s d&rsquo;Adobe Creative Cloud Toutes ces innovations ont pour but de &hellip;<\/p>\n","protected":false},"author":2,"featured_media":66622,"comment_status":"open","ping_status":"open","sticky":false,"template":"","format":"standard","meta":{"footnotes":""},"categories":[6],"tags":[],"class_list":["post-14683","post","type-post","status-publish","format-standard","has-post-thumbnail","hentry","category-marketing-innovation-fr"],"yoast_head":"<!-- This site is optimized with the Yoast SEO plugin v27.5 - https:\/\/yoast.com\/product\/yoast-seo-wordpress\/ -->\n<title>Creative cloud : Adobe r\u00e9invente le dessin dans le nuage<\/title>\n<meta name=\"description\" content=\"Michael Chaize, senior evangelist d&#039;Adobe nous parle du Creative Cloud d&#039;Adobe et de ses \u00e9volution. Adobe a su se renouveler en apportant...\" \/>\n<meta name=\"robots\" content=\"index, follow, max-snippet:-1, max-image-preview:large, max-video-preview:-1\" \/>\n<link rel=\"canonical\" href=\"https:\/\/visionarymarketing.com\/fr\/2014\/07\/18\/creative-cloud\/\" \/>\n<meta property=\"og:locale\" content=\"fr_FR\" \/>\n<meta property=\"og:type\" content=\"article\" \/>\n<meta property=\"og:title\" content=\"Creative cloud : Adobe r\u00e9invente le dessin dans le nuage\" \/>\n<meta property=\"og:description\" content=\"Michael Chaize, senior evangelist d&#039;Adobe nous parle du Creative Cloud d&#039;Adobe et de ses \u00e9volution. Adobe a su se renouveler en apportant...\" \/>\n<meta property=\"og:url\" content=\"https:\/\/visionarymarketing.com\/fr\/2014\/07\/18\/creative-cloud\/\" \/>\n<meta property=\"og:site_name\" content=\"Marketing and Innovation\" \/>\n<meta property=\"article:publisher\" content=\"https:\/\/www.facebook.com\/vismktg\" \/>\n<meta property=\"article:author\" content=\"http:\/\/facebook.com\/ygourven\" \/>\n<meta property=\"article:published_time\" content=\"2014-07-17T22:00:46+00:00\" \/>\n<meta property=\"article:modified_time\" content=\"2023-11-24T14:46:37+00:00\" \/>\n<meta property=\"og:image\" content=\"https:\/\/visionarymarketing.com\/wp-content\/uploads\/2022\/02\/etude-tendances-digitales-2022.jpg\" \/>\n\t<meta property=\"og:image:width\" content=\"520\" \/>\n\t<meta property=\"og:image:height\" content=\"340\" \/>\n\t<meta property=\"og:image:type\" content=\"image\/jpeg\" \/>\n<meta name=\"author\" content=\"Yann Gourvennec\" \/>\n<meta name=\"twitter:card\" content=\"summary_large_image\" \/>\n<meta name=\"twitter:creator\" content=\"@ygourven\" \/>\n<meta name=\"twitter:site\" content=\"@ygourven\" \/>\n<meta name=\"twitter:label1\" content=\"\u00c9crit par\" \/>\n\t<meta name=\"twitter:data1\" content=\"Yann Gourvennec\" \/>\n\t<meta name=\"twitter:label2\" content=\"Dur\u00e9e de lecture estim\u00e9e\" \/>\n\t<meta name=\"twitter:data2\" content=\"5 minutes\" \/>\n<script type=\"application\/ld+json\" class=\"yoast-schema-graph\">{\"@context\":\"https:\\\/\\\/schema.org\",\"@graph\":[{\"@type\":\"NewsArticle\",\"@id\":\"https:\\\/\\\/visionarymarketing.com\\\/fr\\\/2014\\\/07\\\/18\\\/creative-cloud\\\/#article\",\"isPartOf\":{\"@id\":\"https:\\\/\\\/visionarymarketing.com\\\/fr\\\/2014\\\/07\\\/18\\\/creative-cloud\\\/\"},\"author\":{\"name\":\"Yann Gourvennec\",\"@id\":\"https:\\\/\\\/visionarymarketing.com\\\/fr\\\/#\\\/schema\\\/person\\\/3754fee1e558f47b8deb46f53c37423e\"},\"headline\":\"L&rsquo;\u00e9norme succ\u00e8s d&rsquo;Adobe Creative Cloud\",\"datePublished\":\"2014-07-17T22:00:46+00:00\",\"dateModified\":\"2023-11-24T14:46:37+00:00\",\"mainEntityOfPage\":{\"@id\":\"https:\\\/\\\/visionarymarketing.com\\\/fr\\\/2014\\\/07\\\/18\\\/creative-cloud\\\/\"},\"wordCount\":1006,\"commentCount\":1,\"image\":{\"@id\":\"https:\\\/\\\/visionarymarketing.com\\\/fr\\\/2014\\\/07\\\/18\\\/creative-cloud\\\/#primaryimage\"},\"thumbnailUrl\":\"https:\\\/\\\/visionarymarketing.com\\\/wp-content\\\/uploads\\\/2022\\\/02\\\/etude-tendances-digitales-2022.jpg\",\"articleSection\":[\"Marketing &amp; Innovation\"],\"inLanguage\":\"fr-FR\",\"potentialAction\":[{\"@type\":\"CommentAction\",\"name\":\"Comment\",\"target\":[\"https:\\\/\\\/visionarymarketing.com\\\/fr\\\/2014\\\/07\\\/18\\\/creative-cloud\\\/#respond\"]}]},{\"@type\":\"WebPage\",\"@id\":\"https:\\\/\\\/visionarymarketing.com\\\/fr\\\/2014\\\/07\\\/18\\\/creative-cloud\\\/\",\"url\":\"https:\\\/\\\/visionarymarketing.com\\\/fr\\\/2014\\\/07\\\/18\\\/creative-cloud\\\/\",\"name\":\"Creative cloud : Adobe r\u00e9invente le dessin dans le nuage\",\"isPartOf\":{\"@id\":\"https:\\\/\\\/visionarymarketing.com\\\/fr\\\/#website\"},\"primaryImageOfPage\":{\"@id\":\"https:\\\/\\\/visionarymarketing.com\\\/fr\\\/2014\\\/07\\\/18\\\/creative-cloud\\\/#primaryimage\"},\"image\":{\"@id\":\"https:\\\/\\\/visionarymarketing.com\\\/fr\\\/2014\\\/07\\\/18\\\/creative-cloud\\\/#primaryimage\"},\"thumbnailUrl\":\"https:\\\/\\\/visionarymarketing.com\\\/wp-content\\\/uploads\\\/2022\\\/02\\\/etude-tendances-digitales-2022.jpg\",\"datePublished\":\"2014-07-17T22:00:46+00:00\",\"dateModified\":\"2023-11-24T14:46:37+00:00\",\"author\":{\"@id\":\"https:\\\/\\\/visionarymarketing.com\\\/fr\\\/#\\\/schema\\\/person\\\/3754fee1e558f47b8deb46f53c37423e\"},\"description\":\"Michael Chaize, senior evangelist d'Adobe nous parle du Creative Cloud d'Adobe et de ses \u00e9volution. Adobe a su se renouveler en apportant...\",\"breadcrumb\":{\"@id\":\"https:\\\/\\\/visionarymarketing.com\\\/fr\\\/2014\\\/07\\\/18\\\/creative-cloud\\\/#breadcrumb\"},\"inLanguage\":\"fr-FR\",\"potentialAction\":[{\"@type\":\"ReadAction\",\"target\":[\"https:\\\/\\\/visionarymarketing.com\\\/fr\\\/2014\\\/07\\\/18\\\/creative-cloud\\\/\"]}]},{\"@type\":\"ImageObject\",\"inLanguage\":\"fr-FR\",\"@id\":\"https:\\\/\\\/visionarymarketing.com\\\/fr\\\/2014\\\/07\\\/18\\\/creative-cloud\\\/#primaryimage\",\"url\":\"https:\\\/\\\/visionarymarketing.com\\\/wp-content\\\/uploads\\\/2022\\\/02\\\/etude-tendances-digitales-2022.jpg\",\"contentUrl\":\"https:\\\/\\\/visionarymarketing.com\\\/wp-content\\\/uploads\\\/2022\\\/02\\\/etude-tendances-digitales-2022.jpg\",\"width\":520,\"height\":340,\"caption\":\"\u00e9tude Adobe sur les tendances digitales 2022\"},{\"@type\":\"BreadcrumbList\",\"@id\":\"https:\\\/\\\/visionarymarketing.com\\\/fr\\\/2014\\\/07\\\/18\\\/creative-cloud\\\/#breadcrumb\",\"itemListElement\":[{\"@type\":\"ListItem\",\"position\":1,\"name\":\"Home\",\"item\":\"https:\\\/\\\/visionarymarketing.com\\\/fr\\\/\"},{\"@type\":\"ListItem\",\"position\":2,\"name\":\"L&rsquo;\u00e9norme succ\u00e8s d&rsquo;Adobe Creative Cloud\"}]},{\"@type\":\"WebSite\",\"@id\":\"https:\\\/\\\/visionarymarketing.com\\\/fr\\\/#website\",\"url\":\"https:\\\/\\\/visionarymarketing.com\\\/fr\\\/\",\"name\":\"Marketing and Innovation\",\"description\":\"Site d&#039;infos ind\u00e9pendant, depuis 1996\",\"potentialAction\":[{\"@type\":\"SearchAction\",\"target\":{\"@type\":\"EntryPoint\",\"urlTemplate\":\"https:\\\/\\\/visionarymarketing.com\\\/fr\\\/?s={search_term_string}\"},\"query-input\":{\"@type\":\"PropertyValueSpecification\",\"valueRequired\":true,\"valueName\":\"search_term_string\"}}],\"inLanguage\":\"fr-FR\"},{\"@type\":\"Person\",\"@id\":\"https:\\\/\\\/visionarymarketing.com\\\/fr\\\/#\\\/schema\\\/person\\\/3754fee1e558f47b8deb46f53c37423e\",\"name\":\"Yann Gourvennec\",\"image\":{\"@type\":\"ImageObject\",\"inLanguage\":\"fr-FR\",\"@id\":\"https:\\\/\\\/secure.gravatar.com\\\/avatar\\\/5972001801e8de5692a3e31224e85769f50a55fb8b679749f9c8d1868cceff14?s=96&d=initials&r=g&initials=yg\",\"url\":\"https:\\\/\\\/secure.gravatar.com\\\/avatar\\\/5972001801e8de5692a3e31224e85769f50a55fb8b679749f9c8d1868cceff14?s=96&d=initials&r=g&initials=yg\",\"contentUrl\":\"https:\\\/\\\/secure.gravatar.com\\\/avatar\\\/5972001801e8de5692a3e31224e85769f50a55fb8b679749f9c8d1868cceff14?s=96&d=initials&r=g&initials=yg\",\"caption\":\"Yann Gourvennec\"},\"description\":\"Yann Gourvennec created visionarymarketing.com in 1996. He is a speaker and author of many books. In 2014 he went from intrapreneur to entrepreneur, when he created his digital marketing agency. Yann Gourvennec a cr\u00e9\u00e9 visionarymarketing.com en 1996. Il est conf\u00e9rencier et auteur de plusieurs livres. En 2014, il est pass\u00e9 d'intrapreneur \u00e0 entrepreneur en cr\u00e9ant son agence de marketing num\u00e9rique.\",\"sameAs\":[\"https:\\\/\\\/visionarymarketing.com\",\"http:\\\/\\\/facebook.com\\\/ygourven\",\"http:\\\/\\\/linkedin.com\\\/in\\\/ygourven\",\"https:\\\/\\\/x.com\\\/ygourven\",\"https:\\\/\\\/www.youtube.com\\\/c\\\/visionarymarketingagency\"],\"url\":\"https:\\\/\\\/visionarymarketing.com\\\/fr\\\/author\\\/yann-gourvennec\\\/\"}]}<\/script>\n<!-- \/ Yoast SEO plugin. -->","yoast_head_json":{"title":"Creative cloud : Adobe r\u00e9invente le dessin dans le nuage","description":"Michael Chaize, senior evangelist d'Adobe nous parle du Creative Cloud d'Adobe et de ses \u00e9volution. Adobe a su se renouveler en apportant...","robots":{"index":"index","follow":"follow","max-snippet":"max-snippet:-1","max-image-preview":"max-image-preview:large","max-video-preview":"max-video-preview:-1"},"canonical":"https:\/\/visionarymarketing.com\/fr\/2014\/07\/18\/creative-cloud\/","og_locale":"fr_FR","og_type":"article","og_title":"Creative cloud : Adobe r\u00e9invente le dessin dans le nuage","og_description":"Michael Chaize, senior evangelist d'Adobe nous parle du Creative Cloud d'Adobe et de ses \u00e9volution. Adobe a su se renouveler en apportant...","og_url":"https:\/\/visionarymarketing.com\/fr\/2014\/07\/18\/creative-cloud\/","og_site_name":"Marketing and Innovation","article_publisher":"https:\/\/www.facebook.com\/vismktg","article_author":"http:\/\/facebook.com\/ygourven","article_published_time":"2014-07-17T22:00:46+00:00","article_modified_time":"2023-11-24T14:46:37+00:00","og_image":[{"width":520,"height":340,"url":"https:\/\/visionarymarketing.com\/wp-content\/uploads\/2022\/02\/etude-tendances-digitales-2022.jpg","type":"image\/jpeg"}],"author":"Yann Gourvennec","twitter_card":"summary_large_image","twitter_creator":"@ygourven","twitter_site":"@ygourven","twitter_misc":{"\u00c9crit par":"Yann Gourvennec","Dur\u00e9e de lecture estim\u00e9e":"5 minutes"},"schema":{"@context":"https:\/\/schema.org","@graph":[{"@type":"NewsArticle","@id":"https:\/\/visionarymarketing.com\/fr\/2014\/07\/18\/creative-cloud\/#article","isPartOf":{"@id":"https:\/\/visionarymarketing.com\/fr\/2014\/07\/18\/creative-cloud\/"},"author":{"name":"Yann Gourvennec","@id":"https:\/\/visionarymarketing.com\/fr\/#\/schema\/person\/3754fee1e558f47b8deb46f53c37423e"},"headline":"L&rsquo;\u00e9norme succ\u00e8s d&rsquo;Adobe Creative Cloud","datePublished":"2014-07-17T22:00:46+00:00","dateModified":"2023-11-24T14:46:37+00:00","mainEntityOfPage":{"@id":"https:\/\/visionarymarketing.com\/fr\/2014\/07\/18\/creative-cloud\/"},"wordCount":1006,"commentCount":1,"image":{"@id":"https:\/\/visionarymarketing.com\/fr\/2014\/07\/18\/creative-cloud\/#primaryimage"},"thumbnailUrl":"https:\/\/visionarymarketing.com\/wp-content\/uploads\/2022\/02\/etude-tendances-digitales-2022.jpg","articleSection":["Marketing &amp; Innovation"],"inLanguage":"fr-FR","potentialAction":[{"@type":"CommentAction","name":"Comment","target":["https:\/\/visionarymarketing.com\/fr\/2014\/07\/18\/creative-cloud\/#respond"]}]},{"@type":"WebPage","@id":"https:\/\/visionarymarketing.com\/fr\/2014\/07\/18\/creative-cloud\/","url":"https:\/\/visionarymarketing.com\/fr\/2014\/07\/18\/creative-cloud\/","name":"Creative cloud : Adobe r\u00e9invente le dessin dans le nuage","isPartOf":{"@id":"https:\/\/visionarymarketing.com\/fr\/#website"},"primaryImageOfPage":{"@id":"https:\/\/visionarymarketing.com\/fr\/2014\/07\/18\/creative-cloud\/#primaryimage"},"image":{"@id":"https:\/\/visionarymarketing.com\/fr\/2014\/07\/18\/creative-cloud\/#primaryimage"},"thumbnailUrl":"https:\/\/visionarymarketing.com\/wp-content\/uploads\/2022\/02\/etude-tendances-digitales-2022.jpg","datePublished":"2014-07-17T22:00:46+00:00","dateModified":"2023-11-24T14:46:37+00:00","author":{"@id":"https:\/\/visionarymarketing.com\/fr\/#\/schema\/person\/3754fee1e558f47b8deb46f53c37423e"},"description":"Michael Chaize, senior evangelist d'Adobe nous parle du Creative Cloud d'Adobe et de ses \u00e9volution. Adobe a su se renouveler en apportant...","breadcrumb":{"@id":"https:\/\/visionarymarketing.com\/fr\/2014\/07\/18\/creative-cloud\/#breadcrumb"},"inLanguage":"fr-FR","potentialAction":[{"@type":"ReadAction","target":["https:\/\/visionarymarketing.com\/fr\/2014\/07\/18\/creative-cloud\/"]}]},{"@type":"ImageObject","inLanguage":"fr-FR","@id":"https:\/\/visionarymarketing.com\/fr\/2014\/07\/18\/creative-cloud\/#primaryimage","url":"https:\/\/visionarymarketing.com\/wp-content\/uploads\/2022\/02\/etude-tendances-digitales-2022.jpg","contentUrl":"https:\/\/visionarymarketing.com\/wp-content\/uploads\/2022\/02\/etude-tendances-digitales-2022.jpg","width":520,"height":340,"caption":"\u00e9tude Adobe sur les tendances digitales 2022"},{"@type":"BreadcrumbList","@id":"https:\/\/visionarymarketing.com\/fr\/2014\/07\/18\/creative-cloud\/#breadcrumb","itemListElement":[{"@type":"ListItem","position":1,"name":"Home","item":"https:\/\/visionarymarketing.com\/fr\/"},{"@type":"ListItem","position":2,"name":"L&rsquo;\u00e9norme succ\u00e8s d&rsquo;Adobe Creative Cloud"}]},{"@type":"WebSite","@id":"https:\/\/visionarymarketing.com\/fr\/#website","url":"https:\/\/visionarymarketing.com\/fr\/","name":"Marketing and Innovation","description":"Site d&#039;infos ind\u00e9pendant, depuis 1996","potentialAction":[{"@type":"SearchAction","target":{"@type":"EntryPoint","urlTemplate":"https:\/\/visionarymarketing.com\/fr\/?s={search_term_string}"},"query-input":{"@type":"PropertyValueSpecification","valueRequired":true,"valueName":"search_term_string"}}],"inLanguage":"fr-FR"},{"@type":"Person","@id":"https:\/\/visionarymarketing.com\/fr\/#\/schema\/person\/3754fee1e558f47b8deb46f53c37423e","name":"Yann Gourvennec","image":{"@type":"ImageObject","inLanguage":"fr-FR","@id":"https:\/\/secure.gravatar.com\/avatar\/5972001801e8de5692a3e31224e85769f50a55fb8b679749f9c8d1868cceff14?s=96&d=initials&r=g&initials=yg","url":"https:\/\/secure.gravatar.com\/avatar\/5972001801e8de5692a3e31224e85769f50a55fb8b679749f9c8d1868cceff14?s=96&d=initials&r=g&initials=yg","contentUrl":"https:\/\/secure.gravatar.com\/avatar\/5972001801e8de5692a3e31224e85769f50a55fb8b679749f9c8d1868cceff14?s=96&d=initials&r=g&initials=yg","caption":"Yann Gourvennec"},"description":"Yann Gourvennec created visionarymarketing.com in 1996. He is a speaker and author of many books. In 2014 he went from intrapreneur to entrepreneur, when he created his digital marketing agency. Yann Gourvennec a cr\u00e9\u00e9 visionarymarketing.com en 1996. Il est conf\u00e9rencier et auteur de plusieurs livres. En 2014, il est pass\u00e9 d'intrapreneur \u00e0 entrepreneur en cr\u00e9ant son agence de marketing num\u00e9rique.","sameAs":["https:\/\/visionarymarketing.com","http:\/\/facebook.com\/ygourven","http:\/\/linkedin.com\/in\/ygourven","https:\/\/x.com\/ygourven","https:\/\/www.youtube.com\/c\/visionarymarketingagency"],"url":"https:\/\/visionarymarketing.com\/fr\/author\/yann-gourvennec\/"}]}},"_links":{"self":[{"href":"https:\/\/visionarymarketing.com\/fr\/wp-json\/wp\/v2\/posts\/14683","targetHints":{"allow":["GET"]}}],"collection":[{"href":"https:\/\/visionarymarketing.com\/fr\/wp-json\/wp\/v2\/posts"}],"about":[{"href":"https:\/\/visionarymarketing.com\/fr\/wp-json\/wp\/v2\/types\/post"}],"author":[{"embeddable":true,"href":"https:\/\/visionarymarketing.com\/fr\/wp-json\/wp\/v2\/users\/2"}],"replies":[{"embeddable":true,"href":"https:\/\/visionarymarketing.com\/fr\/wp-json\/wp\/v2\/comments?post=14683"}],"version-history":[{"count":0,"href":"https:\/\/visionarymarketing.com\/fr\/wp-json\/wp\/v2\/posts\/14683\/revisions"}],"wp:featuredmedia":[{"embeddable":true,"href":"https:\/\/visionarymarketing.com\/fr\/wp-json\/wp\/v2\/media\/66622"}],"wp:attachment":[{"href":"https:\/\/visionarymarketing.com\/fr\/wp-json\/wp\/v2\/media?parent=14683"}],"wp:term":[{"taxonomy":"category","embeddable":true,"href":"https:\/\/visionarymarketing.com\/fr\/wp-json\/wp\/v2\/categories?post=14683"},{"taxonomy":"post_tag","embeddable":true,"href":"https:\/\/visionarymarketing.com\/fr\/wp-json\/wp\/v2\/tags?post=14683"}],"curies":[{"name":"wp","href":"https:\/\/api.w.org\/{rel}","templated":true}]}}