{"id":14634,"date":"2014-07-11T08:01:48","date_gmt":"2014-07-11T06:01:48","guid":{"rendered":"http:\/\/visionarymarketing.fr\/blog?p=14634&#038;preview_id=14634"},"modified":"2023-12-11T08:22:55","modified_gmt":"2023-12-11T07:22:55","slug":"il-giardino","status":"publish","type":"post","link":"https:\/\/visionarymarketing.com\/fr\/2014\/07\/11\/il-giardino\/","title":{"rendered":"Affaire Il Giardino : pour votre e-r\u00e9putation, pas d&rsquo;amendes, mais faites amende honorable !"},"content":{"rendered":"<p><strong>La s\u00e9lection du jour &#8230;<\/strong><\/p>\n<p><em><span style=\"color: #646b86;\">C&rsquo;est la b\u00eatise \u00e0 plusieurs couches &#8211; et persistante &#8211; dans le pays de <a class=\"zem_slink\" title=\"Ren\u00e9 Descartes\" href=\"https:\/\/en.wikipedia.org\/wiki\/Ren%C3%A9_Descartes\" target=\"_blank\" rel=\"wikipedia noopener noreferrer\">Descartes<\/a>, o\u00f9 on pense encore 25 ans apr\u00e8s l&rsquo;invention du <a class=\"zem_slink\" title=\"World Wide Web\" href=\"http:\/\/maps.google.com\/maps?ll=46.2325,6.045&amp;spn=0.01,0.01&amp;q=46.2325,6.045 (World%20Wide%20Web)&amp;t=h\" target=\"_blank\" rel=\"geolocation noopener noreferrer\">Web<\/a> que la libert\u00e9 d&rsquo;expression est r\u00e9serv\u00e9e au reste du monde. A part la Chine et autres pays totalitaires, quels sont les endroits du monde o\u00f9 on croit encore que faire supprimer les informations g\u00eanantes (nous mettons ici les propos ill\u00e9gaux et diffamatoires en dehors de l&rsquo;analyse, il va sans dire) est une bonne id\u00e9e ? En faisant condamner <a href=\"http:\/\/leschroniquesculturelles.com\/\" target=\"_blank\" rel=\"noopener noreferrer\">la blogueuse de Cultur\u2019elles<\/a>, un <a href=\"http:\/\/www.linternaute.com\/restaurant\/restaurant\/128347\/il-giardino.shtml\" target=\"_blank\" rel=\"noopener noreferrer\">restaurant<\/a>\u00a0(Il Giardino au Cap Ferret) vient de se tirer dans le pied d\u2019une jolie mani\u00e8re. Gr\u00e2ce \u00e0 cette superbe d\u00e9cision de justice, ils ont gagn\u00e9 quelques euros et surtout, ils se sont pay\u00e9 une publicit\u00e9 n\u00e9gative de premi\u00e8re main, relay\u00e9e par les radios publiques (<a class=\"zem_slink\" title=\"France Inter\" href=\"http:\/\/sites.radiofrance.fr\/franceinter\/accueil\/\" target=\"_blank\" rel=\"homepage noopener noreferrer\">France Inter<\/a> 7:00 le 11\/07) et l\u2019influent et incisif <\/span><a href=\"http:\/\/www.maitre-eolas.fr\/\" target=\"_blank\" rel=\"noopener noreferrer\"><span style=\"color: #646b86;\">Ma\u00eetre Eloas<\/span><\/a><span style=\"color: #646b86;\">, qui se r\u00e9pand en commentaires sur tous les m\u00e9dias.<\/span> <\/em><\/p>\n<blockquote class=\"quote-light\"><p><em><a href=\"http:\/\/www.dicocitations.com\/reference_citation\/13437\/Les_Plaideurs_1668_.php\" target=\"_blank\" rel=\"noopener noreferrer\">Ma foi, sur l\u2019avenir bien fou qui se fiera : <\/a><br \/>\n<\/em><em>Tel qui rit vendredi, dimanche pleurera<\/em><\/p><\/blockquote>\n<blockquote class=\"quote-light\"><p><em>Les plaideurs, <a class=\"zem_slink\" title=\"Jean Racine\" href=\"https:\/\/en.wikipedia.org\/wiki\/Jean_Racine\" target=\"_blank\" rel=\"wikipedia noopener noreferrer\">Jean Racine<\/a> (1668)<\/em><\/p><\/blockquote>\n<figure style=\"width: 581px\" class=\"wp-caption aligncenter\"><a href=\"http:\/\/antimuseum.com\"><img decoding=\"async\" style=\"background-image: none; float: none; padding-top: 0px; padding-left: 0px; margin: 10px auto; display: block; padding-right: 0px; border: 0px;\" title=\"9563544069_d3b6e1618d_z\" src=\"https:\/\/visionarymarketing.com\/wp-content\/uploads\/2014\/07\/9563544069_d3b6e1618d_z_thumb.jpg\" alt=\"il giardino - image antimuseum.com\" width=\"581\" height=\"396\" border=\"0\" \/><\/a><figcaption class=\"wp-caption-text\">en mati\u00e8re de e-r\u00e9putation il vaut mieux communiquer positivement que chercher des noises \u00e0 vos d\u00e9tracteurs ; d&rsquo;ailleurs, il n&rsquo;y a pas qu&rsquo;en mati\u00e8re de e-r\u00e9putation &#8230; (photo : antimuseum.com)<\/figcaption><\/figure>\n<p>Dans ce cas, c&rsquo;est une blogueuse qui a \u00e9crit un article intitul\u00e9 \u00ab\u00a0L\u2019endroit \u00e0 \u00e9viter au Cap-Ferret : Il Giardino\u201d o\u00f9 elle d\u00e9crit en termes tout \u00e0 fait corrects et respectueux le d\u00e9sastreux accueil client qu&rsquo;elle a re\u00e7u dans cet \u00e9tablissement ; une exp\u00e9rience h\u00e9las habituelle dans un pays qui se vante d&rsquo;\u00eatre roi dans le tourisme et y cultive les incivilit\u00e9s commerciales.<\/p>\n<p><!--more-->La solution ? traduire la blogueuse en justice bien-s\u00fbr ! Alors que les dossiers s\u2019accumulent dans les tribunaux, quelques juges ont trouv\u00e9 que c\u2019\u00e9tait une bonne id\u00e9e de condamner la blogueuse en question \u00e0 payer une maigre amende et \u00e0 <a href=\"http:\/\/web.archive.org\/web\/20131204090140\/http:\/\/leschroniquesculturelles.com\/2013\/08\/24\/lendroit-a-eviter-au-cap-ferret-il-giardino\/\" target=\"_blank\" rel=\"noopener noreferrer\">\u201cretirer\u201d son contenu<\/a>. Sauf que retirer un contenu n\u2019est pas possible &#8211; un ph\u00e9nom\u00e8ne connu sous le nom de <a href=\"http:\/\/fr.wikipedia.org\/wiki\/Effet_Streisand\" target=\"_blank\" rel=\"noopener noreferrer\">l\u2019effet Streisand<\/a> qui elle aussi a pay\u00e9 pour l\u2019apprendre il y a longtemps (2003).<\/p>\n<p><a href=\"http:\/\/web.archive.org\/web\/20131204090140\/http:\/\/leschroniquesculturelles.com\/2013\/08\/24\/lendroit-a-eviter-au-cap-ferret-il-giardino\/\" target=\"_blank\" rel=\"noopener noreferrer\"><img decoding=\"async\" style=\"background-image: none; float: none; padding-top: 0px; padding-left: 0px; margin: 10px auto; display: block; padding-right: 0px; border: 0px;\" title=\"image\" src=\"https:\/\/visionarymarketing.com\/wp-content\/uploads\/2014\/07\/image.png\" alt=\"image\" width=\"550\" height=\"277\" border=\"0\" \/><\/a><\/p>\n<p>L\u2019effet a \u00e9t\u00e9 fulgurant et garanti :<\/p>\n<ul>\n<li>la blogueuse en question a eu droit \u00e0 une v\u00e9ritable promotion gratuite pour son blog qui risque bien de devenir pour le coup un des blogs les plus recherch\u00e9s du coin (elle va pouvoir quitter l\u2019\u00e9ducation nationale ou arrondir ses fins de mois) ;<\/li>\n<li>le restaurant \u201cIl Giardino\u201d a eu droit \u00e0 une contre publicit\u00e9 1 million de fois plus nocive qu\u2019une mauvaise apparition dans <a class=\"zem_slink\" title=\"Google\" href=\"http:\/\/www.google.com\" target=\"_blank\" rel=\"homepage noopener noreferrer\">Google<\/a> ;<\/li>\n<li>Le contenu, loin d\u2019avoir \u00e9t\u00e9 retir\u00e9 est r\u00e9p\u00e9t\u00e9 absolument partout, \u00e0 commencer par ce blog et c\u2019est bien fait : la libert\u00e9 d\u2019expression (dans la limite de la loi) est inali\u00e9nable et on se demande bien pour quelles raison ces juges &#8211; dont on dit qu\u2019ils n\u2019ont pas assez de temps pour traiter les dossiers importants &#8211; ont pu perdre leur temps \u00e0 essayer de mettre un proc\u00e8s \u00e0 Google.<\/li>\n<\/ul>\n<p>Dans un sens, ce jugement est une bonne nouvelle : il signifie \u00e9galement que nous allons avoir du travail pour les 10 ans qui viennent, \u00e0 toujours expliquer les m\u00eames choses puisqu\u2019il semble si compliqu\u00e9 de comprendre l\u2019\u00e9vidence : Si votre r\u00e9putation devait souffrir d\u2019une mauvaise critique, ne la niez pas, ne la condamnez pas, r\u00e9pondez-y, si cela est possible, apprenez de vos erreurs, reconnaissez les, faites <a class=\"zem_slink\" title=\"Amende honorable\" href=\"https:\/\/en.wikipedia.org\/wiki\/Amende_honorable\" target=\"_blank\" rel=\"wikipedia noopener noreferrer\">amende honorable<\/a> n\u2019infligez pas d\u2019amendes \u00e0 ceux qui mettent en exergue vos faiblesses.<\/p>\n<p>Et pour faire meilleure figure dans Google, au lieu de leur faire de mauvais et inutiles proc\u00e8s, cr\u00e9ez plut\u00f4t un contenu positif qui am\u00e9liore votre propre r\u00e9f\u00e9rencement. Il est tellement plus agr\u00e9able de rester positif \u2026 et c\u2019est tellement plus efficace !<\/p>\n<h1>\u201cL\u2019endroit \u00e0 \u00e9viter au Cap-Ferret : Il Giardino\u201d : Hors Sujet<\/h1>\n<blockquote class=\"quote-light\"><p>Dire \u00e7a, sur internet, cela peut vous mener devant un tribunal, et \u00eatre condamn\u00e9(e )en premi\u00e8re instance le 30 juin dernier \u00e0 1500 euros \u00e0 titre de provision sur dommages et int\u00e9r\u00eats et 1000 euros de frais de proc\u00e9dure.<\/p>\n<p>O\u00f9 s&rsquo;arr\u00eate la critique ? O\u00f9 commence la m\u00e9disance ? Dans l&rsquo;affaire qui a oppos\u00e9 une blogueuse \u00e0 une g\u00e9rante de restaurant, le tribunal de grande instance de <a class=\"zem_slink\" title=\"Bordeaux\" href=\"http:\/\/www.bordeaux.fr\" target=\"_blank\" rel=\"homepage noopener noreferrer\">Bordeaux<\/a> a consid\u00e9r\u00e9 que l&rsquo;article pointant la d\u00e9sorganisation du service, le manque de professionnalisme des \u00e9quipes et l&rsquo;attitude de la patronne relevait davantage du d\u00e9nigrement que de l&rsquo;opinion constructive, m\u00eame s\u00e9v\u00e8re.<\/p>\n<p>_____________________________ Via Num\u00e9rama _____________________________<\/p>\n<p>Heureusement qu&rsquo;une version archiv\u00e9e (aux <a class=\"zem_slink\" title=\"United States\" href=\"http:\/\/maps.google.com\/maps?ll=38.8833333333,-77.0166666667&amp;spn=10.0,10.0&amp;q=38.8833333333,-77.0166666667 (United%20States)&amp;t=h\" target=\"_blank\" rel=\"geolocation noopener noreferrer\">USA<\/a>) existe, pour apprendre que les serveurs d\u00e9sagr\u00e9ables ne sont pas uniquement parisiens, mais qu&rsquo;au cap ferret, c&rsquo;est le type \u00ab\u00a0harpie en gilet fluo\u00a0\u00bb qui houspille le client, contrairement au parisien qui ignore royalement le client.<\/p>\n<p>La patronne, tr\u00e8s au fait d&rsquo;internet porte l&rsquo;affaire en justice, arguant que \u00ab\u00a0cet article montait dans les r\u00e9sultats Google et faisait de plus en plus de tort \u00e0 mon commerce, alors qu&rsquo;on bosse sept jours sur sept depuis quinze ans, je ne pouvais pas l&rsquo;accepter\u00a0\u00bb, a-t-elle indiqu\u00e9, reconnaissant qu&rsquo;un service en plein \u00e9t\u00e9 peut entra\u00eener des erreurs, mais que la critique doit se faire \u00ab\u00a0dans le respect\u00a0\u00bb. Respect qui aurait donc manqu\u00e9 \u00e0 la blogueuse.<\/p>\n<p>Les oublis de commande, les temps de latence longs, la comparaison avec un concurrent (Ta Panta Rei) qui offre des tapas en accompagnement des ap\u00e9ritifs, un lancement de plat \u00e0 contretemps, un manque de coordination entre salle et cuisine, et au final, l&rsquo;absence de geste commercial alors qu&rsquo;un embrouillamini de quelques euros va g\u00e9n\u00e9rer &#8230;<\/p><\/blockquote>\n<p>via<a href=\"http:\/\/www.myburger.fr\/forum\/post111857.html\">\u201cL\u2019endroit \u00e0 \u00e9viter au Cap-Ferret : Il Giardino\u201d : Hors Sujet<\/a>.<\/p>\n<h3 class=\"zemanta-related-title\" style=\"margin: 0 0 10px 0; padding: 0; clear: both;\">Related articles<\/h3>\n<ul class=\"zemanta-article-ul zemanta-article-ul-image\" style=\"margin: 0; padding: 0; overflow: hidden;\">\n<li class=\"zemanta-article-ul-li-image zemanta-article-ul-li\" style=\"padding: 0; background: none; list-style: none; display: block; float: left; vertical-align: top; text-align: left; width: 104px; font-size: 12px; margin: 0 5px 10px 0;\"><a style=\"padding: 2px; display: block; text-decoration: none;\" href=\"https:\/\/web.archive.org\/web\/20160417135229\/http:\/\/www.slideshare.net\/lesechos2\/baromtre-marketing-digitalebg-36592483\" target=\"_blank\" rel=\"noopener noreferrer\"><\/a><a style=\"display: block; overflow: hidden; text-decoration: none; line-height: 12pt; height: 80px; padding: 5px 2px 0 2px;\" href=\"https:\/\/web.archive.org\/web\/20160417135229\/http:\/\/www.slideshare.net\/lesechos2\/baromtre-marketing-digitalebg-36592483\" target=\"_blank\" rel=\"noopener noreferrer\">Barom\u00e8tre marketing digital_ebg<\/a><\/li>\n<li class=\"zemanta-article-ul-li-image zemanta-article-ul-li\" style=\"padding: 0; background: none; list-style: none; display: block; float: left; vertical-align: top; text-align: left; width: 104px; font-size: 12px; margin: 0 5px 10px 0;\"><span class=\"removed_link\" title=\"http:\/\/www.french-news-online.com\/wordpress\/?p=37149\"><\/span><span class=\"removed_link\" title=\"http:\/\/www.french-news-online.com\/wordpress\/?p=37149\">Bloggers Beware! A Too Critical Review Could Bring costly Damages in Bordeaux<\/span><\/li>\n<li class=\"zemanta-article-ul-li-image zemanta-article-ul-li\" style=\"padding: 0; background: none; list-style: none; display: block; float: left; vertical-align: top; text-align: left; width: 104px; font-size: 12px; margin: 0 5px 10px 0;\"><span class=\"removed_link\" title=\"http:\/\/umzenee3.wordpress.com\/2013\/09\/17\/get-ameliorez-votre-pouvoir-dachat-et-faites-vous-plaisir\/\"><\/span><span class=\"removed_link\" title=\"http:\/\/umzenee3.wordpress.com\/2013\/09\/17\/get-ameliorez-votre-pouvoir-dachat-et-faites-vous-plaisir\/\">*GET Ameliorez Votre Pouvoir D&rsquo;achat Et Faites Vous Plaisir<\/span><\/li>\n<li class=\"zemanta-article-ul-li-image zemanta-article-ul-li\" style=\"padding: 0; background: none; list-style: none; display: block; float: left; vertical-align: top; text-align: left; width: 104px; font-size: 12px; margin: 0 5px 10px 0;\"><a style=\"padding: 2px; display: block; text-decoration: none;\" href=\"http:\/\/garefaloskitchen.wordpress.com\/2014\/06\/19\/madeleines-au-miel-2\/\" target=\"_blank\" rel=\"noopener noreferrer\"><\/a><a style=\"display: block; overflow: hidden; text-decoration: none; line-height: 12pt; height: 80px; padding: 5px 2px 0 2px;\" href=\"http:\/\/garefaloskitchen.wordpress.com\/2014\/06\/19\/madeleines-au-miel-2\/\" target=\"_blank\" rel=\"noopener noreferrer\">Madeleines au miel<\/a><\/li>\n<li class=\"zemanta-article-ul-li-image zemanta-article-ul-li\" style=\"padding: 0; background: none; list-style: none; display: block; float: left; vertical-align: top; text-align: left; width: 104px; font-size: 12px; margin: 0 5px 10px 0;\"><a style=\"padding: 2px; display: block; text-decoration: none;\" href=\"https:\/\/www.duperrin.com\/2014\/05\/11\/liens-de-la-semaine-weekly-225\/\" target=\"_blank\" rel=\"noopener noreferrer\"><\/a><a style=\"display: block; overflow: hidden; text-decoration: none; line-height: 12pt; height: 80px; padding: 5px 2px 0 2px;\" href=\"https:\/\/www.duperrin.com\/2014\/05\/11\/liens-de-la-semaine-weekly-225\/\" target=\"_blank\" rel=\"noopener noreferrer\">Bertrand Duperrin: Liens de la semaine (weekly)<\/a><\/li>\n<\/ul>\n","protected":false},"excerpt":{"rendered":"<p>La s\u00e9lection du jour &#8230; C&rsquo;est la b\u00eatise \u00e0 plusieurs couches &#8211; et persistante &#8211; dans le pays de Descartes, o\u00f9 on pense encore 25 ans apr\u00e8s l&rsquo;invention du Web que la libert\u00e9 d&rsquo;expression est r\u00e9serv\u00e9e au reste du monde. A part la Chine et autres pays totalitaires, quels sont les endroits du monde o\u00f9 &hellip;<\/p>\n","protected":false},"author":2,"featured_media":34061,"comment_status":"open","ping_status":"open","sticky":false,"template":"","format":"standard","meta":{"footnotes":""},"categories":[1613],"tags":[],"class_list":["post-14634","post","type-post","status-publish","format-standard","has-post-thumbnail","hentry","category-marketing-digital-marketing"],"yoast_head":"<!-- This site is optimized with the Yoast SEO plugin v27.5 - https:\/\/yoast.com\/product\/yoast-seo-wordpress\/ -->\n<title>Il Giardino : e-r\u00e9putation, n&#039;infligez pas d&#039;amendes<\/title>\n<meta name=\"description\" content=\"La s\u00e9lection du jour ... C&#039;est la b\u00eatise \u00e0 plusieurs couches - et persistante - dans le pays de Descartes, o\u00f9 on pense encore 25 ans apr\u00e8s l&#039;invention du\" \/>\n<meta name=\"robots\" content=\"index, follow, max-snippet:-1, max-image-preview:large, max-video-preview:-1\" \/>\n<link rel=\"canonical\" href=\"https:\/\/visionarymarketing.com\/fr\/2014\/07\/11\/il-giardino\/\" \/>\n<meta property=\"og:locale\" content=\"fr_FR\" \/>\n<meta property=\"og:type\" content=\"article\" \/>\n<meta property=\"og:title\" content=\"Il Giardino : e-r\u00e9putation, n&#039;infligez pas d&#039;amendes\" \/>\n<meta property=\"og:description\" content=\"La s\u00e9lection du jour ... C&#039;est la b\u00eatise \u00e0 plusieurs couches - et persistante - dans le pays de Descartes, o\u00f9 on pense encore 25 ans apr\u00e8s l&#039;invention du\" \/>\n<meta property=\"og:url\" content=\"https:\/\/visionarymarketing.com\/fr\/2014\/07\/11\/il-giardino\/\" \/>\n<meta property=\"og:site_name\" content=\"Marketing and Innovation\" \/>\n<meta property=\"article:publisher\" content=\"https:\/\/www.facebook.com\/vismktg\" \/>\n<meta property=\"article:author\" content=\"http:\/\/facebook.com\/ygourven\" \/>\n<meta property=\"article:published_time\" content=\"2014-07-11T06:01:48+00:00\" \/>\n<meta property=\"article:modified_time\" content=\"2023-12-11T07:22:55+00:00\" \/>\n<meta property=\"og:image\" content=\"https:\/\/visionarymarketing.com\/wp-content\/uploads\/2019\/11\/48112468851_8a0cd1d162_c.jpg\" \/>\n\t<meta property=\"og:image:width\" content=\"644\" \/>\n\t<meta property=\"og:image:height\" content=\"430\" \/>\n\t<meta property=\"og:image:type\" content=\"image\/jpeg\" \/>\n<meta name=\"author\" content=\"Yann Gourvennec\" \/>\n<meta name=\"twitter:card\" content=\"summary_large_image\" \/>\n<meta name=\"twitter:creator\" content=\"@ygourven\" \/>\n<meta name=\"twitter:site\" content=\"@ygourven\" \/>\n<meta name=\"twitter:label1\" content=\"\u00c9crit par\" \/>\n\t<meta name=\"twitter:data1\" content=\"Yann Gourvennec\" \/>\n\t<meta name=\"twitter:label2\" content=\"Dur\u00e9e de lecture estim\u00e9e\" \/>\n\t<meta name=\"twitter:data2\" content=\"5 minutes\" \/>\n<script type=\"application\/ld+json\" class=\"yoast-schema-graph\">{\"@context\":\"https:\\\/\\\/schema.org\",\"@graph\":[{\"@type\":\"NewsArticle\",\"@id\":\"https:\\\/\\\/visionarymarketing.com\\\/fr\\\/2014\\\/07\\\/11\\\/il-giardino\\\/#article\",\"isPartOf\":{\"@id\":\"https:\\\/\\\/visionarymarketing.com\\\/fr\\\/2014\\\/07\\\/11\\\/il-giardino\\\/\"},\"author\":{\"name\":\"Yann Gourvennec\",\"@id\":\"https:\\\/\\\/visionarymarketing.com\\\/fr\\\/#\\\/schema\\\/person\\\/3754fee1e558f47b8deb46f53c37423e\"},\"headline\":\"Affaire Il Giardino : pour votre e-r\u00e9putation, pas d&rsquo;amendes, mais faites amende honorable !\",\"datePublished\":\"2014-07-11T06:01:48+00:00\",\"dateModified\":\"2023-12-11T07:22:55+00:00\",\"mainEntityOfPage\":{\"@id\":\"https:\\\/\\\/visionarymarketing.com\\\/fr\\\/2014\\\/07\\\/11\\\/il-giardino\\\/\"},\"wordCount\":1031,\"commentCount\":5,\"image\":{\"@id\":\"https:\\\/\\\/visionarymarketing.com\\\/fr\\\/2014\\\/07\\\/11\\\/il-giardino\\\/#primaryimage\"},\"thumbnailUrl\":\"https:\\\/\\\/visionarymarketing.com\\\/wp-content\\\/uploads\\\/2019\\\/11\\\/48112468851_8a0cd1d162_c.jpg\",\"articleSection\":[\"marketing digital\"],\"inLanguage\":\"fr-FR\",\"potentialAction\":[{\"@type\":\"CommentAction\",\"name\":\"Comment\",\"target\":[\"https:\\\/\\\/visionarymarketing.com\\\/fr\\\/2014\\\/07\\\/11\\\/il-giardino\\\/#respond\"]}]},{\"@type\":\"WebPage\",\"@id\":\"https:\\\/\\\/visionarymarketing.com\\\/fr\\\/2014\\\/07\\\/11\\\/il-giardino\\\/\",\"url\":\"https:\\\/\\\/visionarymarketing.com\\\/fr\\\/2014\\\/07\\\/11\\\/il-giardino\\\/\",\"name\":\"Il Giardino : e-r\u00e9putation, n'infligez pas d'amendes\",\"isPartOf\":{\"@id\":\"https:\\\/\\\/visionarymarketing.com\\\/fr\\\/#website\"},\"primaryImageOfPage\":{\"@id\":\"https:\\\/\\\/visionarymarketing.com\\\/fr\\\/2014\\\/07\\\/11\\\/il-giardino\\\/#primaryimage\"},\"image\":{\"@id\":\"https:\\\/\\\/visionarymarketing.com\\\/fr\\\/2014\\\/07\\\/11\\\/il-giardino\\\/#primaryimage\"},\"thumbnailUrl\":\"https:\\\/\\\/visionarymarketing.com\\\/wp-content\\\/uploads\\\/2019\\\/11\\\/48112468851_8a0cd1d162_c.jpg\",\"datePublished\":\"2014-07-11T06:01:48+00:00\",\"dateModified\":\"2023-12-11T07:22:55+00:00\",\"author\":{\"@id\":\"https:\\\/\\\/visionarymarketing.com\\\/fr\\\/#\\\/schema\\\/person\\\/3754fee1e558f47b8deb46f53c37423e\"},\"description\":\"La s\u00e9lection du jour ... C'est la b\u00eatise \u00e0 plusieurs couches - et persistante - dans le pays de Descartes, o\u00f9 on pense encore 25 ans apr\u00e8s l'invention du\",\"breadcrumb\":{\"@id\":\"https:\\\/\\\/visionarymarketing.com\\\/fr\\\/2014\\\/07\\\/11\\\/il-giardino\\\/#breadcrumb\"},\"inLanguage\":\"fr-FR\",\"potentialAction\":[{\"@type\":\"ReadAction\",\"target\":[\"https:\\\/\\\/visionarymarketing.com\\\/fr\\\/2014\\\/07\\\/11\\\/il-giardino\\\/\"]}]},{\"@type\":\"ImageObject\",\"inLanguage\":\"fr-FR\",\"@id\":\"https:\\\/\\\/visionarymarketing.com\\\/fr\\\/2014\\\/07\\\/11\\\/il-giardino\\\/#primaryimage\",\"url\":\"https:\\\/\\\/visionarymarketing.com\\\/wp-content\\\/uploads\\\/2019\\\/11\\\/48112468851_8a0cd1d162_c.jpg\",\"contentUrl\":\"https:\\\/\\\/visionarymarketing.com\\\/wp-content\\\/uploads\\\/2019\\\/11\\\/48112468851_8a0cd1d162_c.jpg\",\"width\":644,\"height\":430},{\"@type\":\"BreadcrumbList\",\"@id\":\"https:\\\/\\\/visionarymarketing.com\\\/fr\\\/2014\\\/07\\\/11\\\/il-giardino\\\/#breadcrumb\",\"itemListElement\":[{\"@type\":\"ListItem\",\"position\":1,\"name\":\"Home\",\"item\":\"https:\\\/\\\/visionarymarketing.com\\\/fr\\\/\"},{\"@type\":\"ListItem\",\"position\":2,\"name\":\"Affaire Il Giardino : pour votre e-r\u00e9putation, pas d&rsquo;amendes, mais faites amende honorable !\"}]},{\"@type\":\"WebSite\",\"@id\":\"https:\\\/\\\/visionarymarketing.com\\\/fr\\\/#website\",\"url\":\"https:\\\/\\\/visionarymarketing.com\\\/fr\\\/\",\"name\":\"Marketing and Innovation\",\"description\":\"Site d&#039;infos ind\u00e9pendant, depuis 1996\",\"potentialAction\":[{\"@type\":\"SearchAction\",\"target\":{\"@type\":\"EntryPoint\",\"urlTemplate\":\"https:\\\/\\\/visionarymarketing.com\\\/fr\\\/?s={search_term_string}\"},\"query-input\":{\"@type\":\"PropertyValueSpecification\",\"valueRequired\":true,\"valueName\":\"search_term_string\"}}],\"inLanguage\":\"fr-FR\"},{\"@type\":\"Person\",\"@id\":\"https:\\\/\\\/visionarymarketing.com\\\/fr\\\/#\\\/schema\\\/person\\\/3754fee1e558f47b8deb46f53c37423e\",\"name\":\"Yann Gourvennec\",\"image\":{\"@type\":\"ImageObject\",\"inLanguage\":\"fr-FR\",\"@id\":\"https:\\\/\\\/secure.gravatar.com\\\/avatar\\\/5972001801e8de5692a3e31224e85769f50a55fb8b679749f9c8d1868cceff14?s=96&d=initials&r=g&initials=yg\",\"url\":\"https:\\\/\\\/secure.gravatar.com\\\/avatar\\\/5972001801e8de5692a3e31224e85769f50a55fb8b679749f9c8d1868cceff14?s=96&d=initials&r=g&initials=yg\",\"contentUrl\":\"https:\\\/\\\/secure.gravatar.com\\\/avatar\\\/5972001801e8de5692a3e31224e85769f50a55fb8b679749f9c8d1868cceff14?s=96&d=initials&r=g&initials=yg\",\"caption\":\"Yann Gourvennec\"},\"description\":\"Yann Gourvennec created visionarymarketing.com in 1996. He is a speaker and author of many books. In 2014 he went from intrapreneur to entrepreneur, when he created his digital marketing agency. Yann Gourvennec a cr\u00e9\u00e9 visionarymarketing.com en 1996. Il est conf\u00e9rencier et auteur de plusieurs livres. En 2014, il est pass\u00e9 d'intrapreneur \u00e0 entrepreneur en cr\u00e9ant son agence de marketing num\u00e9rique.\",\"sameAs\":[\"https:\\\/\\\/visionarymarketing.com\",\"http:\\\/\\\/facebook.com\\\/ygourven\",\"http:\\\/\\\/linkedin.com\\\/in\\\/ygourven\",\"https:\\\/\\\/x.com\\\/ygourven\",\"https:\\\/\\\/www.youtube.com\\\/c\\\/visionarymarketingagency\"],\"url\":\"https:\\\/\\\/visionarymarketing.com\\\/fr\\\/author\\\/yann-gourvennec\\\/\"}]}<\/script>\n<!-- \/ Yoast SEO plugin. -->","yoast_head_json":{"title":"Il Giardino : e-r\u00e9putation, n'infligez pas d'amendes","description":"La s\u00e9lection du jour ... C'est la b\u00eatise \u00e0 plusieurs couches - et persistante - dans le pays de Descartes, o\u00f9 on pense encore 25 ans apr\u00e8s l'invention du","robots":{"index":"index","follow":"follow","max-snippet":"max-snippet:-1","max-image-preview":"max-image-preview:large","max-video-preview":"max-video-preview:-1"},"canonical":"https:\/\/visionarymarketing.com\/fr\/2014\/07\/11\/il-giardino\/","og_locale":"fr_FR","og_type":"article","og_title":"Il Giardino : e-r\u00e9putation, n'infligez pas d'amendes","og_description":"La s\u00e9lection du jour ... C'est la b\u00eatise \u00e0 plusieurs couches - et persistante - dans le pays de Descartes, o\u00f9 on pense encore 25 ans apr\u00e8s l'invention du","og_url":"https:\/\/visionarymarketing.com\/fr\/2014\/07\/11\/il-giardino\/","og_site_name":"Marketing and Innovation","article_publisher":"https:\/\/www.facebook.com\/vismktg","article_author":"http:\/\/facebook.com\/ygourven","article_published_time":"2014-07-11T06:01:48+00:00","article_modified_time":"2023-12-11T07:22:55+00:00","og_image":[{"width":644,"height":430,"url":"https:\/\/visionarymarketing.com\/wp-content\/uploads\/2019\/11\/48112468851_8a0cd1d162_c.jpg","type":"image\/jpeg"}],"author":"Yann Gourvennec","twitter_card":"summary_large_image","twitter_creator":"@ygourven","twitter_site":"@ygourven","twitter_misc":{"\u00c9crit par":"Yann Gourvennec","Dur\u00e9e de lecture estim\u00e9e":"5 minutes"},"schema":{"@context":"https:\/\/schema.org","@graph":[{"@type":"NewsArticle","@id":"https:\/\/visionarymarketing.com\/fr\/2014\/07\/11\/il-giardino\/#article","isPartOf":{"@id":"https:\/\/visionarymarketing.com\/fr\/2014\/07\/11\/il-giardino\/"},"author":{"name":"Yann Gourvennec","@id":"https:\/\/visionarymarketing.com\/fr\/#\/schema\/person\/3754fee1e558f47b8deb46f53c37423e"},"headline":"Affaire Il Giardino : pour votre e-r\u00e9putation, pas d&rsquo;amendes, mais faites amende honorable !","datePublished":"2014-07-11T06:01:48+00:00","dateModified":"2023-12-11T07:22:55+00:00","mainEntityOfPage":{"@id":"https:\/\/visionarymarketing.com\/fr\/2014\/07\/11\/il-giardino\/"},"wordCount":1031,"commentCount":5,"image":{"@id":"https:\/\/visionarymarketing.com\/fr\/2014\/07\/11\/il-giardino\/#primaryimage"},"thumbnailUrl":"https:\/\/visionarymarketing.com\/wp-content\/uploads\/2019\/11\/48112468851_8a0cd1d162_c.jpg","articleSection":["marketing digital"],"inLanguage":"fr-FR","potentialAction":[{"@type":"CommentAction","name":"Comment","target":["https:\/\/visionarymarketing.com\/fr\/2014\/07\/11\/il-giardino\/#respond"]}]},{"@type":"WebPage","@id":"https:\/\/visionarymarketing.com\/fr\/2014\/07\/11\/il-giardino\/","url":"https:\/\/visionarymarketing.com\/fr\/2014\/07\/11\/il-giardino\/","name":"Il Giardino : e-r\u00e9putation, n'infligez pas d'amendes","isPartOf":{"@id":"https:\/\/visionarymarketing.com\/fr\/#website"},"primaryImageOfPage":{"@id":"https:\/\/visionarymarketing.com\/fr\/2014\/07\/11\/il-giardino\/#primaryimage"},"image":{"@id":"https:\/\/visionarymarketing.com\/fr\/2014\/07\/11\/il-giardino\/#primaryimage"},"thumbnailUrl":"https:\/\/visionarymarketing.com\/wp-content\/uploads\/2019\/11\/48112468851_8a0cd1d162_c.jpg","datePublished":"2014-07-11T06:01:48+00:00","dateModified":"2023-12-11T07:22:55+00:00","author":{"@id":"https:\/\/visionarymarketing.com\/fr\/#\/schema\/person\/3754fee1e558f47b8deb46f53c37423e"},"description":"La s\u00e9lection du jour ... C'est la b\u00eatise \u00e0 plusieurs couches - et persistante - dans le pays de Descartes, o\u00f9 on pense encore 25 ans apr\u00e8s l'invention du","breadcrumb":{"@id":"https:\/\/visionarymarketing.com\/fr\/2014\/07\/11\/il-giardino\/#breadcrumb"},"inLanguage":"fr-FR","potentialAction":[{"@type":"ReadAction","target":["https:\/\/visionarymarketing.com\/fr\/2014\/07\/11\/il-giardino\/"]}]},{"@type":"ImageObject","inLanguage":"fr-FR","@id":"https:\/\/visionarymarketing.com\/fr\/2014\/07\/11\/il-giardino\/#primaryimage","url":"https:\/\/visionarymarketing.com\/wp-content\/uploads\/2019\/11\/48112468851_8a0cd1d162_c.jpg","contentUrl":"https:\/\/visionarymarketing.com\/wp-content\/uploads\/2019\/11\/48112468851_8a0cd1d162_c.jpg","width":644,"height":430},{"@type":"BreadcrumbList","@id":"https:\/\/visionarymarketing.com\/fr\/2014\/07\/11\/il-giardino\/#breadcrumb","itemListElement":[{"@type":"ListItem","position":1,"name":"Home","item":"https:\/\/visionarymarketing.com\/fr\/"},{"@type":"ListItem","position":2,"name":"Affaire Il Giardino : pour votre e-r\u00e9putation, pas d&rsquo;amendes, mais faites amende honorable !"}]},{"@type":"WebSite","@id":"https:\/\/visionarymarketing.com\/fr\/#website","url":"https:\/\/visionarymarketing.com\/fr\/","name":"Marketing and Innovation","description":"Site d&#039;infos ind\u00e9pendant, depuis 1996","potentialAction":[{"@type":"SearchAction","target":{"@type":"EntryPoint","urlTemplate":"https:\/\/visionarymarketing.com\/fr\/?s={search_term_string}"},"query-input":{"@type":"PropertyValueSpecification","valueRequired":true,"valueName":"search_term_string"}}],"inLanguage":"fr-FR"},{"@type":"Person","@id":"https:\/\/visionarymarketing.com\/fr\/#\/schema\/person\/3754fee1e558f47b8deb46f53c37423e","name":"Yann Gourvennec","image":{"@type":"ImageObject","inLanguage":"fr-FR","@id":"https:\/\/secure.gravatar.com\/avatar\/5972001801e8de5692a3e31224e85769f50a55fb8b679749f9c8d1868cceff14?s=96&d=initials&r=g&initials=yg","url":"https:\/\/secure.gravatar.com\/avatar\/5972001801e8de5692a3e31224e85769f50a55fb8b679749f9c8d1868cceff14?s=96&d=initials&r=g&initials=yg","contentUrl":"https:\/\/secure.gravatar.com\/avatar\/5972001801e8de5692a3e31224e85769f50a55fb8b679749f9c8d1868cceff14?s=96&d=initials&r=g&initials=yg","caption":"Yann Gourvennec"},"description":"Yann Gourvennec created visionarymarketing.com in 1996. He is a speaker and author of many books. In 2014 he went from intrapreneur to entrepreneur, when he created his digital marketing agency. Yann Gourvennec a cr\u00e9\u00e9 visionarymarketing.com en 1996. Il est conf\u00e9rencier et auteur de plusieurs livres. En 2014, il est pass\u00e9 d'intrapreneur \u00e0 entrepreneur en cr\u00e9ant son agence de marketing num\u00e9rique.","sameAs":["https:\/\/visionarymarketing.com","http:\/\/facebook.com\/ygourven","http:\/\/linkedin.com\/in\/ygourven","https:\/\/x.com\/ygourven","https:\/\/www.youtube.com\/c\/visionarymarketingagency"],"url":"https:\/\/visionarymarketing.com\/fr\/author\/yann-gourvennec\/"}]}},"_links":{"self":[{"href":"https:\/\/visionarymarketing.com\/fr\/wp-json\/wp\/v2\/posts\/14634","targetHints":{"allow":["GET"]}}],"collection":[{"href":"https:\/\/visionarymarketing.com\/fr\/wp-json\/wp\/v2\/posts"}],"about":[{"href":"https:\/\/visionarymarketing.com\/fr\/wp-json\/wp\/v2\/types\/post"}],"author":[{"embeddable":true,"href":"https:\/\/visionarymarketing.com\/fr\/wp-json\/wp\/v2\/users\/2"}],"replies":[{"embeddable":true,"href":"https:\/\/visionarymarketing.com\/fr\/wp-json\/wp\/v2\/comments?post=14634"}],"version-history":[{"count":0,"href":"https:\/\/visionarymarketing.com\/fr\/wp-json\/wp\/v2\/posts\/14634\/revisions"}],"wp:featuredmedia":[{"embeddable":true,"href":"https:\/\/visionarymarketing.com\/fr\/wp-json\/wp\/v2\/media\/34061"}],"wp:attachment":[{"href":"https:\/\/visionarymarketing.com\/fr\/wp-json\/wp\/v2\/media?parent=14634"}],"wp:term":[{"taxonomy":"category","embeddable":true,"href":"https:\/\/visionarymarketing.com\/fr\/wp-json\/wp\/v2\/categories?post=14634"},{"taxonomy":"post_tag","embeddable":true,"href":"https:\/\/visionarymarketing.com\/fr\/wp-json\/wp\/v2\/tags?post=14634"}],"curies":[{"name":"wp","href":"https:\/\/api.w.org\/{rel}","templated":true}]}}